{"id":40252,"date":"2022-06-17T16:51:18","date_gmt":"2022-06-17T14:51:18","guid":{"rendered":"https:\/\/charleroi-pourlapalestine.be\/?p=40252"},"modified":"2022-06-17T16:51:19","modified_gmt":"2022-06-17T14:51:19","slug":"les-prisonniers-politiques-de-palestine-action-liberes-de-prison-au-bout-dun-mois","status":"publish","type":"post","link":"https:\/\/charleroi-pourlapalestine.be\/index.php\/2022\/06\/17\/les-prisonniers-politiques-de-palestine-action-liberes-de-prison-au-bout-dun-mois\/","title":{"rendered":"Les prisonniers politiques de Palestine Action lib\u00e9r\u00e9s de prison au bout d\u2019un mois"},"content":{"rendered":"<p><strong>Communiqu\u00e9 de presse, <\/strong>16 juin 2022<\/p>\n<div id=\"attachment_40260\" style=\"width: 447px\" class=\"wp-caption aligncenter\"><img loading=\"lazy\" decoding=\"async\" aria-describedby=\"caption-attachment-40260\" class=\"wp-image-40260 size-full\" src=\"https:\/\/charleroi-pourlapalestine.be\/wp-content\/uploads\/2022\/06\/Liberation-1-e1655473384213.jpg\" alt=\"Stavit Sinai (\u00e0 gauche sur la photo) \u00e0 sa sortie de prison. Photo : Palestine Action\" width=\"437\" height=\"320\" srcset=\"https:\/\/charleroi-pourlapalestine.be\/wp-content\/uploads\/2022\/06\/Liberation-1-e1655473384213.jpg 437w, https:\/\/charleroi-pourlapalestine.be\/wp-content\/uploads\/2022\/06\/Liberation-1-e1655473384213-300x220.jpg 300w\" sizes=\"auto, (max-width: 437px) 100vw, 437px\" \/><p id=\"caption-attachment-40260\" class=\"wp-caption-text\">Stavit Sinai (\u00e0 gauche sur la photo) \u00e0 sa sortie de prison. Photo : Palestine Action<\/p><\/div>\n<p>&nbsp;<\/p>\n<p><strong>Lib\u00e9ration imm\u00e9diate<\/strong><\/p>\n<p>Le 13 juin dernier, au Tribunal de la Couronne \u00e0 <strong>Bristol<\/strong>, neuf activistes de Palestine Action ont plaid\u00e9 <strong>non coupable<\/strong> face aux accusations de d\u00e9g\u00e2ts criminels et de cambriolage. Ces charges viennent \u00e0 la suite d\u2019une action directe entreprise au quartier g\u00e9n\u00e9ral de Bristol de la plus grande soci\u00e9t\u00e9 isra\u00e9lienne d\u2019armement dans le but de comm\u00e9morer la Journ\u00e9e de la Nakba, le 15 mai 2022. Deux activistes, <strong>Ronnie Barkan<\/strong> et <strong>Stavit Sinai<\/strong>, tous deux de nationalit\u00e9 \u00e9trang\u00e8re, ont \u00e9t\u00e9 emprisonn\u00e9s apr\u00e8s l\u2019action et, lors de l\u2019audience du tribunal, hier, ont b\u00e9n\u00e9fici\u00e9 d\u2019une remise en libert\u00e9 sous caution avec, comme conditions, la restitution aux autorit\u00e9s de leurs passeports isra\u00e9liens, le respect d\u2019un couvre-feu \u00e0 22 heures, le port d\u2019un bracelet \u00e9lectronique et l\u2019interdiction de s\u2019associer avec leurs coaccus\u00e9s.<\/p>\n<p>La Nakba de 1948 avait vu les milices sionistes proc\u00e9der au nettoyage ethnique de 800 000 Palestiniens (plus de la moiti\u00e9 de la population autochtone de la Palestine), \u00e0 la destruction de plus de 500 villes et villages palestiniens et au massacre de centaines de personnes. Le projet permanent de d\u00e9porter, opprimer et massacrer les Palestiniens se poursuit \u00e0 ce jour et il est rendu possible par des soci\u00e9t\u00e9s comme <strong>Elbit Systems<\/strong>. Elbit est la plus importante des soci\u00e9t\u00e9s d\u2019armement isra\u00e9liennes et elle d\u00e9veloppe ses armes en les testant sur la population captive de Gaza. Cela lui permet des commercialiser ses produits militaires en leur attribuant le label \u00ab test\u00e9 au combat \u00bb et de signer des contrats tr\u00e8s juteux avec d\u2019autres r\u00e9gimes.<\/p>\n<p>Les neuf activistes avaient p\u00e9n\u00e9tr\u00e9 dans le QG d\u2019Elbit \u00e0 Bristol, s\u2019\u00e9taient barricad\u00e9s \u00e0 l\u2019int\u00e9rieur et avaient d\u00e9truit des \u00e9quipements appartenant \u00e0 la firme d\u2019armement. Dans une r\u00e9pression sans pr\u00e9c\u00e9dent contre Palestine Action, les neuf activistes \u00e9taient rest\u00e9s en prison, malgr\u00e9 le fait que six d\u2019entre eux avaient d\u00e8s le d\u00e9but \u00e9t\u00e9 lib\u00e9r\u00e9s sous caution par un juge de la magistrature, ce qui avait d\u00e9clench\u00e9 un passage imm\u00e9diat en appel de la part du Service des poursuites de la Couronne. Au bout d\u2019une semaine, sept activistes \u00e9taient lib\u00e9r\u00e9s de prison nantis d\u2019un bracelet \u00e9lectronique, soumis \u00e0 un couvre-feu de 19 h \u00e0 7 h, \u00e0 un ordre de montrer \u00e0 la police tous les appareils dont ils se servent pour acc\u00e9der \u00e0 Internet et \u00e0 une interdiction de s\u2019associer l\u2019un \u00e0 l\u2019autre. Hier, ces conditions ont \u00e9t\u00e9 lev\u00e9es. On les a d\u00e9livr\u00e9s de leur bracelet \u00e9lectronique et du couvre-feu, mais pas des ordres concernant Internet.<\/p>\n<div id=\"attachment_40261\" style=\"width: 433px\" class=\"wp-caption aligncenter\"><img loading=\"lazy\" decoding=\"async\" aria-describedby=\"caption-attachment-40261\" class=\"wp-image-40261 size-full\" src=\"https:\/\/charleroi-pourlapalestine.be\/wp-content\/uploads\/2022\/06\/Liberation-2-e1655473655488.jpg\" alt=\"Ronnie Barkan \u00e0 sa sortie de prison. Photo : Palestine Action\" width=\"423\" height=\"320\" srcset=\"https:\/\/charleroi-pourlapalestine.be\/wp-content\/uploads\/2022\/06\/Liberation-2-e1655473655488.jpg 423w, https:\/\/charleroi-pourlapalestine.be\/wp-content\/uploads\/2022\/06\/Liberation-2-e1655473655488-300x227.jpg 300w\" sizes=\"auto, (max-width: 423px) 100vw, 423px\" \/><p id=\"caption-attachment-40261\" class=\"wp-caption-text\">Ronnie Barkan \u00e0 sa sortie de prison. Photo : Palestine Action<\/p><\/div>\n<p>Une porte-parole de <strong>Palestine Action<\/strong> a d\u00e9clar\u00e9 :<\/p>\n<blockquote><p>\u00ab Nous sommes ravis d\u2019accueillir la lib\u00e9ration de nos prisonniers politiques. Toutefois, les tribunaux et l\u2019\u00c9tat ont commis l\u2019erreur de traiter en criminels les activistes de Palestine Action et n\u2019ont pas men\u00e9 d\u2019enqu\u00eate sur les crimes contre l\u2019humanit\u00e9 directement facilit\u00e9s par Elbit Systems. Qu\u2019importe la tactique que l\u2019\u00c9tat utilisera pour tenter d\u2019\u00e9craser notre mouvement, nous ne ferons que gagner en force et n\u2019en serons que plus d\u00e9termin\u00e9s encore \u00e0 fermer Elbit pour de bon (#ShutElbitDown). \u00bb<\/p><\/blockquote>\n<p style=\"text-align: center;\">\u00b0\u00b0\u00b0\u00b0\u00b0<\/p>\n<p>Publi\u00e9 le 16 juin 2022 sur le<a href=\"https:\/\/www.palestineaction.org\/prisoners-released\/\" target=\"_blank\" rel=\"noopener\"> site<\/a> de Palestine Action<br \/>\nTraduction : Jean-Marie Fl\u00e9mal, <a href=\"https:\/\/charleroi-pourlapalestine.be\/\">Charleroi pour la Palestine<\/a><\/p>\n<p style=\"text-align: center;\">&nbsp;<\/p>\n","protected":false},"excerpt":{"rendered":"<p>Alors que les activistes de Palestine Action sont trait\u00e9s en criminels, les tribunaux et l\u2019\u00c9tat britannique n&rsquo;ont pas men\u00e9 d&rsquo;enqu\u00eate sur les crimes de guerre, facilit\u00e9s par Elbit Systems <\/p>\n","protected":false},"author":1,"featured_media":40260,"comment_status":"closed","ping_status":"closed","sticky":false,"template":"","format":"standard","meta":{"ngg_post_thumbnail":0,"footnotes":""},"categories":[793,460,98,40,382,362],"tags":[],"class_list":["post-40252","post","type-post","status-publish","format-standard","has-post-thumbnail","hentry","category-action-directe","category-armements","category-crimes-contre-lhumanite","category-les-crimes-de-guerre","category-grande-bretagne","category-repression-lautorite-palestinienne"],"yoast_head":"<!-- This site is optimized with the Yoast SEO plugin v27.3 - https:\/\/yoast.com\/product\/yoast-seo-wordpress\/ -->\n<title>Les prisonniers politiques de Palestine Action lib\u00e9r\u00e9s de prison au bout d\u2019un mois<\/title>\n<meta name=\"description\" content=\"Alors que les activistes de Palestine Action sont trait\u00e9s en criminels, les tribunaux et l\u2019\u00c9tat britannique n&#039;ont pas men\u00e9 d&#039;enqu\u00eate sur les crimes de guerre, facilit\u00e9s par Elbit Systems\" \/>\n<meta name=\"robots\" content=\"index, follow, max-snippet:-1, max-image-preview:large, max-video-preview:-1\" \/>\n<link rel=\"canonical\" href=\"https:\/\/charleroi-pourlapalestine.be\/index.php\/2022\/06\/17\/les-prisonniers-politiques-de-palestine-action-liberes-de-prison-au-bout-dun-mois\/\" \/>\n<script type=\"application\/ld+json\" class=\"yoast-schema-graph\">{\"@context\":\"https:\\\/\\\/schema.org\",\"@graph\":[{\"@type\":\"Article\",\"@id\":\"https:\\\/\\\/charleroi-pourlapalestine.be\\\/index.php\\\/2022\\\/06\\\/17\\\/les-prisonniers-politiques-de-palestine-action-liberes-de-prison-au-bout-dun-mois\\\/#article\",\"isPartOf\":{\"@id\":\"https:\\\/\\\/charleroi-pourlapalestine.be\\\/index.php\\\/2022\\\/06\\\/17\\\/les-prisonniers-politiques-de-palestine-action-liberes-de-prison-au-bout-dun-mois\\\/\"},\"author\":{\"name\":\"admin1873\",\"@id\":\"https:\\\/\\\/charleroi-pourlapalestine.be\\\/#\\\/schema\\\/person\\\/c19ff515112f1299d8c12671d8fe3faa\"},\"headline\":\"Les prisonniers politiques de Palestine Action lib\u00e9r\u00e9s de prison au bout d\u2019un mois\",\"datePublished\":\"2022-06-17T14:51:18+00:00\",\"dateModified\":\"2022-06-17T14:51:19+00:00\",\"mainEntityOfPage\":{\"@id\":\"https:\\\/\\\/charleroi-pourlapalestine.be\\\/index.php\\\/2022\\\/06\\\/17\\\/les-prisonniers-politiques-de-palestine-action-liberes-de-prison-au-bout-dun-mois\\\/\"},\"wordCount\":621,\"publisher\":{\"@id\":\"https:\\\/\\\/charleroi-pourlapalestine.be\\\/#organization\"},\"image\":{\"@id\":\"https:\\\/\\\/charleroi-pourlapalestine.be\\\/index.php\\\/2022\\\/06\\\/17\\\/les-prisonniers-politiques-de-palestine-action-liberes-de-prison-au-bout-dun-mois\\\/#primaryimage\"},\"thumbnailUrl\":\"https:\\\/\\\/charleroi-pourlapalestine.be\\\/wp-content\\\/uploads\\\/2022\\\/06\\\/Liberation-1-e1655473384213.jpg\",\"articleSection\":[\"Action directe\",\"armements\",\"Crimes contre l'humanit\u00e9\",\"Crimes de guerre\",\"Grande Bretagne\",\"R\u00e9pression\"],\"inLanguage\":\"fr-FR\"},{\"@type\":\"WebPage\",\"@id\":\"https:\\\/\\\/charleroi-pourlapalestine.be\\\/index.php\\\/2022\\\/06\\\/17\\\/les-prisonniers-politiques-de-palestine-action-liberes-de-prison-au-bout-dun-mois\\\/\",\"url\":\"https:\\\/\\\/charleroi-pourlapalestine.be\\\/index.php\\\/2022\\\/06\\\/17\\\/les-prisonniers-politiques-de-palestine-action-liberes-de-prison-au-bout-dun-mois\\\/\",\"name\":\"Les prisonniers politiques de Palestine Action lib\u00e9r\u00e9s de prison au bout d\u2019un mois\",\"isPartOf\":{\"@id\":\"https:\\\/\\\/charleroi-pourlapalestine.be\\\/#website\"},\"primaryImageOfPage\":{\"@id\":\"https:\\\/\\\/charleroi-pourlapalestine.be\\\/index.php\\\/2022\\\/06\\\/17\\\/les-prisonniers-politiques-de-palestine-action-liberes-de-prison-au-bout-dun-mois\\\/#primaryimage\"},\"image\":{\"@id\":\"https:\\\/\\\/charleroi-pourlapalestine.be\\\/index.php\\\/2022\\\/06\\\/17\\\/les-prisonniers-politiques-de-palestine-action-liberes-de-prison-au-bout-dun-mois\\\/#primaryimage\"},\"thumbnailUrl\":\"https:\\\/\\\/charleroi-pourlapalestine.be\\\/wp-content\\\/uploads\\\/2022\\\/06\\\/Liberation-1-e1655473384213.jpg\",\"datePublished\":\"2022-06-17T14:51:18+00:00\",\"dateModified\":\"2022-06-17T14:51:19+00:00\",\"description\":\"Alors que les activistes de Palestine Action sont trait\u00e9s en criminels, les tribunaux et l\u2019\u00c9tat britannique n'ont pas men\u00e9 d'enqu\u00eate sur les crimes de guerre, facilit\u00e9s par Elbit Systems\",\"breadcrumb\":{\"@id\":\"https:\\\/\\\/charleroi-pourlapalestine.be\\\/index.php\\\/2022\\\/06\\\/17\\\/les-prisonniers-politiques-de-palestine-action-liberes-de-prison-au-bout-dun-mois\\\/#breadcrumb\"},\"inLanguage\":\"fr-FR\",\"potentialAction\":[{\"@type\":\"ReadAction\",\"target\":[\"https:\\\/\\\/charleroi-pourlapalestine.be\\\/index.php\\\/2022\\\/06\\\/17\\\/les-prisonniers-politiques-de-palestine-action-liberes-de-prison-au-bout-dun-mois\\\/\"]}]},{\"@type\":\"ImageObject\",\"inLanguage\":\"fr-FR\",\"@id\":\"https:\\\/\\\/charleroi-pourlapalestine.be\\\/index.php\\\/2022\\\/06\\\/17\\\/les-prisonniers-politiques-de-palestine-action-liberes-de-prison-au-bout-dun-mois\\\/#primaryimage\",\"url\":\"https:\\\/\\\/charleroi-pourlapalestine.be\\\/wp-content\\\/uploads\\\/2022\\\/06\\\/Liberation-1-e1655473384213.jpg\",\"contentUrl\":\"https:\\\/\\\/charleroi-pourlapalestine.be\\\/wp-content\\\/uploads\\\/2022\\\/06\\\/Liberation-1-e1655473384213.jpg\",\"width\":437,\"height\":320},{\"@type\":\"BreadcrumbList\",\"@id\":\"https:\\\/\\\/charleroi-pourlapalestine.be\\\/index.php\\\/2022\\\/06\\\/17\\\/les-prisonniers-politiques-de-palestine-action-liberes-de-prison-au-bout-dun-mois\\\/#breadcrumb\",\"itemListElement\":[{\"@type\":\"ListItem\",\"position\":1,\"name\":\"Accueil\",\"item\":\"https:\\\/\\\/charleroi-pourlapalestine.be\\\/\"},{\"@type\":\"ListItem\",\"position\":2,\"name\":\"Les prisonniers politiques de Palestine Action lib\u00e9r\u00e9s de prison au bout d\u2019un mois\"}]},{\"@type\":\"WebSite\",\"@id\":\"https:\\\/\\\/charleroi-pourlapalestine.be\\\/#website\",\"url\":\"https:\\\/\\\/charleroi-pourlapalestine.be\\\/\",\"name\":\"Charleroi Pour la Palestine\",\"description\":\"\",\"publisher\":{\"@id\":\"https:\\\/\\\/charleroi-pourlapalestine.be\\\/#organization\"},\"potentialAction\":[{\"@type\":\"SearchAction\",\"target\":{\"@type\":\"EntryPoint\",\"urlTemplate\":\"https:\\\/\\\/charleroi-pourlapalestine.be\\\/?s={search_term_string}\"},\"query-input\":{\"@type\":\"PropertyValueSpecification\",\"valueRequired\":true,\"valueName\":\"search_term_string\"}}],\"inLanguage\":\"fr-FR\"},{\"@type\":\"Organization\",\"@id\":\"https:\\\/\\\/charleroi-pourlapalestine.be\\\/#organization\",\"name\":\"Plate-forme Charleroi-Palestine\",\"url\":\"https:\\\/\\\/charleroi-pourlapalestine.be\\\/\",\"logo\":{\"@type\":\"ImageObject\",\"inLanguage\":\"fr-FR\",\"@id\":\"https:\\\/\\\/charleroi-pourlapalestine.be\\\/#\\\/schema\\\/logo\\\/image\\\/\",\"url\":\"https:\\\/\\\/charleroi-pourlapalestine.be\\\/wp-content\\\/uploads\\\/2020\\\/01\\\/logo-Copy.jpg\",\"contentUrl\":\"https:\\\/\\\/charleroi-pourlapalestine.be\\\/wp-content\\\/uploads\\\/2020\\\/01\\\/logo-Copy.jpg\",\"width\":180,\"height\":180,\"caption\":\"Plate-forme Charleroi-Palestine\"},\"image\":{\"@id\":\"https:\\\/\\\/charleroi-pourlapalestine.be\\\/#\\\/schema\\\/logo\\\/image\\\/\"},\"sameAs\":[\"https:\\\/\\\/www.facebook.com\\\/PlateformeCharleroiPalestine\\\/\",\"https:\\\/\\\/x.com\\\/LaCharleroi\"]},{\"@type\":\"Person\",\"@id\":\"https:\\\/\\\/charleroi-pourlapalestine.be\\\/#\\\/schema\\\/person\\\/c19ff515112f1299d8c12671d8fe3faa\",\"name\":\"admin1873\",\"url\":\"https:\\\/\\\/charleroi-pourlapalestine.be\\\/index.php\\\/author\\\/admin1873\\\/\"}]}<\/script>\n<!-- \/ Yoast SEO plugin. -->","yoast_head_json":{"title":"Les prisonniers politiques de Palestine Action lib\u00e9r\u00e9s de prison au bout d\u2019un mois","description":"Alors que les activistes de Palestine Action sont trait\u00e9s en criminels, les tribunaux et l\u2019\u00c9tat britannique n'ont pas men\u00e9 d'enqu\u00eate sur les crimes de guerre, facilit\u00e9s par Elbit Systems","robots":{"index":"index","follow":"follow","max-snippet":"max-snippet:-1","max-image-preview":"max-image-preview:large","max-video-preview":"max-video-preview:-1"},"canonical":"https:\/\/charleroi-pourlapalestine.be\/index.php\/2022\/06\/17\/les-prisonniers-politiques-de-palestine-action-liberes-de-prison-au-bout-dun-mois\/","schema":{"@context":"https:\/\/schema.org","@graph":[{"@type":"Article","@id":"https:\/\/charleroi-pourlapalestine.be\/index.php\/2022\/06\/17\/les-prisonniers-politiques-de-palestine-action-liberes-de-prison-au-bout-dun-mois\/#article","isPartOf":{"@id":"https:\/\/charleroi-pourlapalestine.be\/index.php\/2022\/06\/17\/les-prisonniers-politiques-de-palestine-action-liberes-de-prison-au-bout-dun-mois\/"},"author":{"name":"admin1873","@id":"https:\/\/charleroi-pourlapalestine.be\/#\/schema\/person\/c19ff515112f1299d8c12671d8fe3faa"},"headline":"Les prisonniers politiques de Palestine Action lib\u00e9r\u00e9s de prison au bout d\u2019un mois","datePublished":"2022-06-17T14:51:18+00:00","dateModified":"2022-06-17T14:51:19+00:00","mainEntityOfPage":{"@id":"https:\/\/charleroi-pourlapalestine.be\/index.php\/2022\/06\/17\/les-prisonniers-politiques-de-palestine-action-liberes-de-prison-au-bout-dun-mois\/"},"wordCount":621,"publisher":{"@id":"https:\/\/charleroi-pourlapalestine.be\/#organization"},"image":{"@id":"https:\/\/charleroi-pourlapalestine.be\/index.php\/2022\/06\/17\/les-prisonniers-politiques-de-palestine-action-liberes-de-prison-au-bout-dun-mois\/#primaryimage"},"thumbnailUrl":"https:\/\/charleroi-pourlapalestine.be\/wp-content\/uploads\/2022\/06\/Liberation-1-e1655473384213.jpg","articleSection":["Action directe","armements","Crimes contre l'humanit\u00e9","Crimes de guerre","Grande Bretagne","R\u00e9pression"],"inLanguage":"fr-FR"},{"@type":"WebPage","@id":"https:\/\/charleroi-pourlapalestine.be\/index.php\/2022\/06\/17\/les-prisonniers-politiques-de-palestine-action-liberes-de-prison-au-bout-dun-mois\/","url":"https:\/\/charleroi-pourlapalestine.be\/index.php\/2022\/06\/17\/les-prisonniers-politiques-de-palestine-action-liberes-de-prison-au-bout-dun-mois\/","name":"Les prisonniers politiques de Palestine Action lib\u00e9r\u00e9s de prison au bout d\u2019un mois","isPartOf":{"@id":"https:\/\/charleroi-pourlapalestine.be\/#website"},"primaryImageOfPage":{"@id":"https:\/\/charleroi-pourlapalestine.be\/index.php\/2022\/06\/17\/les-prisonniers-politiques-de-palestine-action-liberes-de-prison-au-bout-dun-mois\/#primaryimage"},"image":{"@id":"https:\/\/charleroi-pourlapalestine.be\/index.php\/2022\/06\/17\/les-prisonniers-politiques-de-palestine-action-liberes-de-prison-au-bout-dun-mois\/#primaryimage"},"thumbnailUrl":"https:\/\/charleroi-pourlapalestine.be\/wp-content\/uploads\/2022\/06\/Liberation-1-e1655473384213.jpg","datePublished":"2022-06-17T14:51:18+00:00","dateModified":"2022-06-17T14:51:19+00:00","description":"Alors que les activistes de Palestine Action sont trait\u00e9s en criminels, les tribunaux et l\u2019\u00c9tat britannique n'ont pas men\u00e9 d'enqu\u00eate sur les crimes de guerre, facilit\u00e9s par Elbit Systems","breadcrumb":{"@id":"https:\/\/charleroi-pourlapalestine.be\/index.php\/2022\/06\/17\/les-prisonniers-politiques-de-palestine-action-liberes-de-prison-au-bout-dun-mois\/#breadcrumb"},"inLanguage":"fr-FR","potentialAction":[{"@type":"ReadAction","target":["https:\/\/charleroi-pourlapalestine.be\/index.php\/2022\/06\/17\/les-prisonniers-politiques-de-palestine-action-liberes-de-prison-au-bout-dun-mois\/"]}]},{"@type":"ImageObject","inLanguage":"fr-FR","@id":"https:\/\/charleroi-pourlapalestine.be\/index.php\/2022\/06\/17\/les-prisonniers-politiques-de-palestine-action-liberes-de-prison-au-bout-dun-mois\/#primaryimage","url":"https:\/\/charleroi-pourlapalestine.be\/wp-content\/uploads\/2022\/06\/Liberation-1-e1655473384213.jpg","contentUrl":"https:\/\/charleroi-pourlapalestine.be\/wp-content\/uploads\/2022\/06\/Liberation-1-e1655473384213.jpg","width":437,"height":320},{"@type":"BreadcrumbList","@id":"https:\/\/charleroi-pourlapalestine.be\/index.php\/2022\/06\/17\/les-prisonniers-politiques-de-palestine-action-liberes-de-prison-au-bout-dun-mois\/#breadcrumb","itemListElement":[{"@type":"ListItem","position":1,"name":"Accueil","item":"https:\/\/charleroi-pourlapalestine.be\/"},{"@type":"ListItem","position":2,"name":"Les prisonniers politiques de Palestine Action lib\u00e9r\u00e9s de prison au bout d\u2019un mois"}]},{"@type":"WebSite","@id":"https:\/\/charleroi-pourlapalestine.be\/#website","url":"https:\/\/charleroi-pourlapalestine.be\/","name":"Charleroi Pour la Palestine","description":"","publisher":{"@id":"https:\/\/charleroi-pourlapalestine.be\/#organization"},"potentialAction":[{"@type":"SearchAction","target":{"@type":"EntryPoint","urlTemplate":"https:\/\/charleroi-pourlapalestine.be\/?s={search_term_string}"},"query-input":{"@type":"PropertyValueSpecification","valueRequired":true,"valueName":"search_term_string"}}],"inLanguage":"fr-FR"},{"@type":"Organization","@id":"https:\/\/charleroi-pourlapalestine.be\/#organization","name":"Plate-forme Charleroi-Palestine","url":"https:\/\/charleroi-pourlapalestine.be\/","logo":{"@type":"ImageObject","inLanguage":"fr-FR","@id":"https:\/\/charleroi-pourlapalestine.be\/#\/schema\/logo\/image\/","url":"https:\/\/charleroi-pourlapalestine.be\/wp-content\/uploads\/2020\/01\/logo-Copy.jpg","contentUrl":"https:\/\/charleroi-pourlapalestine.be\/wp-content\/uploads\/2020\/01\/logo-Copy.jpg","width":180,"height":180,"caption":"Plate-forme Charleroi-Palestine"},"image":{"@id":"https:\/\/charleroi-pourlapalestine.be\/#\/schema\/logo\/image\/"},"sameAs":["https:\/\/www.facebook.com\/PlateformeCharleroiPalestine\/","https:\/\/x.com\/LaCharleroi"]},{"@type":"Person","@id":"https:\/\/charleroi-pourlapalestine.be\/#\/schema\/person\/c19ff515112f1299d8c12671d8fe3faa","name":"admin1873","url":"https:\/\/charleroi-pourlapalestine.be\/index.php\/author\/admin1873\/"}]}},"_links":{"self":[{"href":"https:\/\/charleroi-pourlapalestine.be\/index.php\/wp-json\/wp\/v2\/posts\/40252","targetHints":{"allow":["GET"]}}],"collection":[{"href":"https:\/\/charleroi-pourlapalestine.be\/index.php\/wp-json\/wp\/v2\/posts"}],"about":[{"href":"https:\/\/charleroi-pourlapalestine.be\/index.php\/wp-json\/wp\/v2\/types\/post"}],"author":[{"embeddable":true,"href":"https:\/\/charleroi-pourlapalestine.be\/index.php\/wp-json\/wp\/v2\/users\/1"}],"replies":[{"embeddable":true,"href":"https:\/\/charleroi-pourlapalestine.be\/index.php\/wp-json\/wp\/v2\/comments?post=40252"}],"version-history":[{"count":0,"href":"https:\/\/charleroi-pourlapalestine.be\/index.php\/wp-json\/wp\/v2\/posts\/40252\/revisions"}],"wp:featuredmedia":[{"embeddable":true,"href":"https:\/\/charleroi-pourlapalestine.be\/index.php\/wp-json\/wp\/v2\/media\/40260"}],"wp:attachment":[{"href":"https:\/\/charleroi-pourlapalestine.be\/index.php\/wp-json\/wp\/v2\/media?parent=40252"}],"wp:term":[{"taxonomy":"category","embeddable":true,"href":"https:\/\/charleroi-pourlapalestine.be\/index.php\/wp-json\/wp\/v2\/categories?post=40252"},{"taxonomy":"post_tag","embeddable":true,"href":"https:\/\/charleroi-pourlapalestine.be\/index.php\/wp-json\/wp\/v2\/tags?post=40252"}],"curies":[{"name":"wp","href":"https:\/\/api.w.org\/{rel}","templated":true}]}}