{"id":40269,"date":"2022-06-18T09:33:34","date_gmt":"2022-06-18T07:33:34","guid":{"rendered":"https:\/\/charleroi-pourlapalestine.be\/?p=40269"},"modified":"2022-06-18T10:06:30","modified_gmt":"2022-06-18T08:06:30","slug":"la-confederation-norvegienne-des-syndicats-lo-veut-un-boycott-complet-disrael","status":"publish","type":"post","link":"https:\/\/charleroi-pourlapalestine.be\/index.php\/2022\/06\/18\/la-confederation-norvegienne-des-syndicats-lo-veut-un-boycott-complet-disrael\/","title":{"rendered":"La Conf\u00e9d\u00e9ration Norv\u00e9gienne des syndicats (LO) veut un boycott complet d\u2019Isra\u00ebl"},"content":{"rendered":"<p>Lors de son congr\u00e8s national du 3 juin, la <strong>Conf\u00e9d\u00e9ration Norv\u00e9gienne des syndicats (LO, Landsorganisasjonen i Norge)<\/strong> a vot\u00e9 le boycott des produits isra\u00e9liens, ainsi qu\u2019une s\u00e9rie de 14 mesures concr\u00e8tes destin\u00e9es \u00e0 contraindre Isra\u00ebl \u00e0 respecter les droits humains. <strong>LO rassemble 27 syndicats norv\u00e9giens, repr\u00e9sentant environ 1\/5 de la population.<\/strong><\/p>\n<div id=\"attachment_40271\" style=\"width: 623px\" class=\"wp-caption aligncenter\"><img loading=\"lazy\" decoding=\"async\" aria-describedby=\"caption-attachment-40271\" class=\"wp-image-40271 size-full\" src=\"https:\/\/charleroi-pourlapalestine.be\/wp-content\/uploads\/2022\/06\/Des-delegues-participant-au-congres-de-la-Confedaration-e1655487859405.jpg\" alt=\"Photo : Martin Guttormsen Sl\u00f8rdal\" width=\"613\" height=\"320\" srcset=\"https:\/\/charleroi-pourlapalestine.be\/wp-content\/uploads\/2022\/06\/Des-delegues-participant-au-congres-de-la-Confedaration-e1655487859405.jpg 613w, https:\/\/charleroi-pourlapalestine.be\/wp-content\/uploads\/2022\/06\/Des-delegues-participant-au-congres-de-la-Confedaration-e1655487859405-300x157.jpg 300w\" sizes=\"auto, (max-width: 613px) 100vw, 613px\" \/><p id=\"caption-attachment-40271\" class=\"wp-caption-text\">Photo : Martin Guttormsen Sl\u00f8rdal<\/p><\/div>\n<p>Le congr\u00e8s de la Conf\u00e9d\u00e9ration Norv\u00e9gienne des <a href=\"https:\/\/charleroi-pourlapalestine.be\/index.php\/2020\/03\/07\/les-syndicats-soumettent-un-fonds-norvegien-a-des-pressions-a-propos-de-la-liste-noire-de-lonu-sur-les-colonies\/\">syndicats<\/a> a d\u00e9cid\u00e9, \u00e0 une large majorit\u00e9, que LO soutiendrait <strong>un boycott international d\u2019Isra\u00ebl.<\/strong> Cette d\u00e9claration fixe la politique de LO vis-\u00e0-vis d\u2019Isra\u00ebl et des palestiniens pour les trois prochaines ann\u00e9es.<\/p>\n<p><strong>Le pr\u00e9sident de LO : Nous ne souhaitions pas cela<\/strong><\/p>\n<p>La direction de LO ne souhaitait pas un boycott international d\u2019Isra\u00ebl, dit le pr\u00e9sident de LO <strong>Peggy Hessen Foelvik<\/strong> lors d\u2019une conf\u00e9rence de presse au Palais des Congr\u00e8s d\u2019Oslo, mais il affirme en m\u00eame temps : <em>Si la majorit\u00e9 du congr\u00e8s le veut, c\u2019est cela qui sera notre politique.<\/em><\/p>\n<p><strong>Les mesures qu\u2019exige le congr\u00e8s LO pour contraindre Isra\u00ebl \u00e0 respecter les droits de l\u2019homme<\/strong><\/p>\n<p>Interdiction de commercer des armes avec Isra\u00ebl. Cela inclus l\u2019interdiction de vendre des armes, de l\u2019\u00e9quipement militaire ou de l\u2019\u00e9quipement multiusage, de m\u00eame que l\u2019interdiction de fournir les services associ\u00e9s.<\/p>\n<p>La Norv\u00e8ge doit l\u00e9gif\u00e9rer pour interdire le commerce des biens et des services avec des soci\u00e9t\u00e9s qui contribuent aux violations des droits des gens et des populations dans les territoires occup\u00e9s, en conformit\u00e9 avec la r\u00e9solution 2334 du Conseil de S\u00e9curit\u00e9.<\/p>\n<p>LO exige des autorit\u00e9s norv\u00e9giennes qu\u2019elles s\u2019assurent que la r\u00e9solution 2334 soit suivie de mesures cibl\u00e9es et de sanctions en r\u00e9ponse aux violations par Isra\u00ebl du droit international et \u00e0 son indiff\u00e9rence aux r\u00e9solutions de l\u2019ONU.<\/p>\n<p>LO exige que les autorit\u00e9s norv\u00e9giennes ainsi que les acteurs \u00e9conomiques renforcent la mise en \u0153uvre des droits de l\u2019homme dans les zones de conflit.<\/p>\n<p>Le fonds souverain norv\u00e9gien ainsi que les institutions financi\u00e8res doivent se conformer aux principes fondamentaux de l\u2019ONU pour la vie \u00e9conomique et les droits de l\u2019homme, qui exigent une vigilance accrue dans les zones de conflit.<\/p>\n<p>Le fonds souverain norv\u00e9gien ainsi que les institutions financi\u00e8res doivent retirer leurs investissements des compagnies qui contribuent au maintien des colonies et \u00e0 l\u2019\u00e9conomie de l\u2019occupation.<\/p>\n<p>Le fonds souverain norv\u00e9gien ainsi que les institutions financi\u00e8res doivent s\u2019abstenir de commercer avec et d\u2019investir dans les compagnies qui exercent une activit\u00e9 ou y contribuent dans les territoires palestiniens occup\u00e9s.<\/p>\n<p>LO soutient un boycott international d\u2019Isra\u00ebl.<\/p>\n<p>La pression internationale sur Isra\u00ebl doit \u00eatre renforc\u00e9e, en combinant des moyens de pression strat\u00e9giques avec l\u2019exigence d\u2019un dialogue et de pourparlers de paix.<\/p>\n<p>La Norv\u00e8ge doit agir pour que les personnes suspect\u00e9es du crime d\u2019apartheid soient l\u2019objet d\u2019enqu\u00eates et poursuivies.<\/p>\n<p>La Norv\u00e8ge doit agir pour que les personnes victimes d\u2019atteintes aux droits de l\u2019homme et de crimes contre l\u2019humanit\u00e9 soient pleinement indemnis\u00e9es.<\/p>\n<p>LO exige que la Norv\u00e8ge demande aux Nations Unies de mener une enqu\u00eate sur les crimes d\u2019apartheid commis par Isra\u00ebl afin que l\u2019\u00e9tat d\u2019Isra\u00ebl puisse \u00eatre tenu pour responsable.<\/p>\n<p>LO pense que le gouvernement norv\u00e9gien doit jouer un r\u00f4le actif pour qu\u2019Isra\u00ebl soit tenu pour responsable \u00e9conomiquement des destructions massives inflig\u00e9es aux civils, aux infrastructures et aux services publics durant les guerres men\u00e9es contre Gaza.<\/p>\n<p>La Norv\u00e8ge et les compagnies norv\u00e9giennes doivent s\u2019abstenir de collaborer avec Isra\u00ebl pour les projets p\u00e9troliers et gaziers dans les r\u00e9gions de statut non \u00e9clairci ou disput\u00e9<\/p>\n<p style=\"text-align: center;\">\u00b0\u00b0\u00b0\u00b0\u00b0<\/p>\n<p>Traduit d\u2019un article de <strong><a href=\"https:\/\/frifagbevegelse.no\/nyheter\/lo-vil-ha-full-boikott-av-israel-6.158.879866.fbd9ca165a\">FriFagbevegelse<\/a><\/strong> par Ivar Ekeland.<\/p>\n<p>&nbsp;<\/p>\n","protected":false},"excerpt":{"rendered":"<p>Lors de son congr\u00e8s national d la Conf\u00e9d\u00e9ration Norv\u00e9gienne des syndicats  a vot\u00e9 le boycott des produits isra\u00e9liens, ainsi qu\u2019une s\u00e9rie de 14 mesures destin\u00e9es \u00e0 contraindre Isra\u00ebl \u00e0 respecter les droits humains<\/p>\n","protected":false},"author":1,"featured_media":40271,"comment_status":"closed","ping_status":"closed","sticky":false,"template":"","format":"standard","meta":{"ngg_post_thumbnail":0,"footnotes":""},"categories":[90,385,86],"tags":[],"class_list":["post-40269","post","type-post","status-publish","format-standard","has-post-thumbnail","hentry","category-bds","category-norvege-leurope","category-les-syndicats"],"yoast_head":"<!-- This site is optimized with the Yoast SEO plugin v27.3 - https:\/\/yoast.com\/product\/yoast-seo-wordpress\/ -->\n<title>La Conf\u00e9d\u00e9ration Norv\u00e9gienne des syndicats (LO) veut un boycott complet d\u2019Isra\u00ebl<\/title>\n<meta name=\"description\" content=\"Lors de son congr\u00e8s national du 3 juin, la Conf\u00e9d\u00e9ration Norv\u00e9gienne des syndicats a vot\u00e9 le boycott des produits isra\u00e9liens, ainsi qu\u2019une s\u00e9rie de 14 mesures concr\u00e8tes destin\u00e9es \u00e0 contraindre Isra\u00ebl \u00e0 respecter les droits humains\" \/>\n<meta name=\"robots\" content=\"index, follow, max-snippet:-1, max-image-preview:large, max-video-preview:-1\" \/>\n<link rel=\"canonical\" href=\"https:\/\/charleroi-pourlapalestine.be\/index.php\/2022\/06\/18\/la-confederation-norvegienne-des-syndicats-lo-veut-un-boycott-complet-disrael\/\" \/>\n<script type=\"application\/ld+json\" class=\"yoast-schema-graph\">{\"@context\":\"https:\\\/\\\/schema.org\",\"@graph\":[{\"@type\":\"Article\",\"@id\":\"https:\\\/\\\/charleroi-pourlapalestine.be\\\/index.php\\\/2022\\\/06\\\/18\\\/la-confederation-norvegienne-des-syndicats-lo-veut-un-boycott-complet-disrael\\\/#article\",\"isPartOf\":{\"@id\":\"https:\\\/\\\/charleroi-pourlapalestine.be\\\/index.php\\\/2022\\\/06\\\/18\\\/la-confederation-norvegienne-des-syndicats-lo-veut-un-boycott-complet-disrael\\\/\"},\"author\":{\"name\":\"admin1873\",\"@id\":\"https:\\\/\\\/charleroi-pourlapalestine.be\\\/#\\\/schema\\\/person\\\/c19ff515112f1299d8c12671d8fe3faa\"},\"headline\":\"La Conf\u00e9d\u00e9ration Norv\u00e9gienne des syndicats (LO) veut un boycott complet d\u2019Isra\u00ebl\",\"datePublished\":\"2022-06-18T07:33:34+00:00\",\"dateModified\":\"2022-06-18T08:06:30+00:00\",\"mainEntityOfPage\":{\"@id\":\"https:\\\/\\\/charleroi-pourlapalestine.be\\\/index.php\\\/2022\\\/06\\\/18\\\/la-confederation-norvegienne-des-syndicats-lo-veut-un-boycott-complet-disrael\\\/\"},\"wordCount\":691,\"publisher\":{\"@id\":\"https:\\\/\\\/charleroi-pourlapalestine.be\\\/#organization\"},\"image\":{\"@id\":\"https:\\\/\\\/charleroi-pourlapalestine.be\\\/index.php\\\/2022\\\/06\\\/18\\\/la-confederation-norvegienne-des-syndicats-lo-veut-un-boycott-complet-disrael\\\/#primaryimage\"},\"thumbnailUrl\":\"https:\\\/\\\/charleroi-pourlapalestine.be\\\/wp-content\\\/uploads\\\/2022\\\/06\\\/Des-delegues-participant-au-congres-de-la-Confedaration-e1655487859405.jpg\",\"articleSection\":[\"BDS\",\"Norv\u00e8ge\",\"Syndicats\"],\"inLanguage\":\"fr-FR\"},{\"@type\":\"WebPage\",\"@id\":\"https:\\\/\\\/charleroi-pourlapalestine.be\\\/index.php\\\/2022\\\/06\\\/18\\\/la-confederation-norvegienne-des-syndicats-lo-veut-un-boycott-complet-disrael\\\/\",\"url\":\"https:\\\/\\\/charleroi-pourlapalestine.be\\\/index.php\\\/2022\\\/06\\\/18\\\/la-confederation-norvegienne-des-syndicats-lo-veut-un-boycott-complet-disrael\\\/\",\"name\":\"La Conf\u00e9d\u00e9ration Norv\u00e9gienne des syndicats (LO) veut un boycott complet d\u2019Isra\u00ebl\",\"isPartOf\":{\"@id\":\"https:\\\/\\\/charleroi-pourlapalestine.be\\\/#website\"},\"primaryImageOfPage\":{\"@id\":\"https:\\\/\\\/charleroi-pourlapalestine.be\\\/index.php\\\/2022\\\/06\\\/18\\\/la-confederation-norvegienne-des-syndicats-lo-veut-un-boycott-complet-disrael\\\/#primaryimage\"},\"image\":{\"@id\":\"https:\\\/\\\/charleroi-pourlapalestine.be\\\/index.php\\\/2022\\\/06\\\/18\\\/la-confederation-norvegienne-des-syndicats-lo-veut-un-boycott-complet-disrael\\\/#primaryimage\"},\"thumbnailUrl\":\"https:\\\/\\\/charleroi-pourlapalestine.be\\\/wp-content\\\/uploads\\\/2022\\\/06\\\/Des-delegues-participant-au-congres-de-la-Confedaration-e1655487859405.jpg\",\"datePublished\":\"2022-06-18T07:33:34+00:00\",\"dateModified\":\"2022-06-18T08:06:30+00:00\",\"description\":\"Lors de son congr\u00e8s national du 3 juin, la Conf\u00e9d\u00e9ration Norv\u00e9gienne des syndicats a vot\u00e9 le boycott des produits isra\u00e9liens, ainsi qu\u2019une s\u00e9rie de 14 mesures concr\u00e8tes destin\u00e9es \u00e0 contraindre Isra\u00ebl \u00e0 respecter les droits humains\",\"breadcrumb\":{\"@id\":\"https:\\\/\\\/charleroi-pourlapalestine.be\\\/index.php\\\/2022\\\/06\\\/18\\\/la-confederation-norvegienne-des-syndicats-lo-veut-un-boycott-complet-disrael\\\/#breadcrumb\"},\"inLanguage\":\"fr-FR\",\"potentialAction\":[{\"@type\":\"ReadAction\",\"target\":[\"https:\\\/\\\/charleroi-pourlapalestine.be\\\/index.php\\\/2022\\\/06\\\/18\\\/la-confederation-norvegienne-des-syndicats-lo-veut-un-boycott-complet-disrael\\\/\"]}]},{\"@type\":\"ImageObject\",\"inLanguage\":\"fr-FR\",\"@id\":\"https:\\\/\\\/charleroi-pourlapalestine.be\\\/index.php\\\/2022\\\/06\\\/18\\\/la-confederation-norvegienne-des-syndicats-lo-veut-un-boycott-complet-disrael\\\/#primaryimage\",\"url\":\"https:\\\/\\\/charleroi-pourlapalestine.be\\\/wp-content\\\/uploads\\\/2022\\\/06\\\/Des-delegues-participant-au-congres-de-la-Confedaration-e1655487859405.jpg\",\"contentUrl\":\"https:\\\/\\\/charleroi-pourlapalestine.be\\\/wp-content\\\/uploads\\\/2022\\\/06\\\/Des-delegues-participant-au-congres-de-la-Confedaration-e1655487859405.jpg\",\"width\":613,\"height\":320},{\"@type\":\"BreadcrumbList\",\"@id\":\"https:\\\/\\\/charleroi-pourlapalestine.be\\\/index.php\\\/2022\\\/06\\\/18\\\/la-confederation-norvegienne-des-syndicats-lo-veut-un-boycott-complet-disrael\\\/#breadcrumb\",\"itemListElement\":[{\"@type\":\"ListItem\",\"position\":1,\"name\":\"Accueil\",\"item\":\"https:\\\/\\\/charleroi-pourlapalestine.be\\\/\"},{\"@type\":\"ListItem\",\"position\":2,\"name\":\"La Conf\u00e9d\u00e9ration Norv\u00e9gienne des syndicats (LO) veut un boycott complet d\u2019Isra\u00ebl\"}]},{\"@type\":\"WebSite\",\"@id\":\"https:\\\/\\\/charleroi-pourlapalestine.be\\\/#website\",\"url\":\"https:\\\/\\\/charleroi-pourlapalestine.be\\\/\",\"name\":\"Charleroi Pour la Palestine\",\"description\":\"\",\"publisher\":{\"@id\":\"https:\\\/\\\/charleroi-pourlapalestine.be\\\/#organization\"},\"potentialAction\":[{\"@type\":\"SearchAction\",\"target\":{\"@type\":\"EntryPoint\",\"urlTemplate\":\"https:\\\/\\\/charleroi-pourlapalestine.be\\\/?s={search_term_string}\"},\"query-input\":{\"@type\":\"PropertyValueSpecification\",\"valueRequired\":true,\"valueName\":\"search_term_string\"}}],\"inLanguage\":\"fr-FR\"},{\"@type\":\"Organization\",\"@id\":\"https:\\\/\\\/charleroi-pourlapalestine.be\\\/#organization\",\"name\":\"Plate-forme Charleroi-Palestine\",\"url\":\"https:\\\/\\\/charleroi-pourlapalestine.be\\\/\",\"logo\":{\"@type\":\"ImageObject\",\"inLanguage\":\"fr-FR\",\"@id\":\"https:\\\/\\\/charleroi-pourlapalestine.be\\\/#\\\/schema\\\/logo\\\/image\\\/\",\"url\":\"https:\\\/\\\/charleroi-pourlapalestine.be\\\/wp-content\\\/uploads\\\/2020\\\/01\\\/logo-Copy.jpg\",\"contentUrl\":\"https:\\\/\\\/charleroi-pourlapalestine.be\\\/wp-content\\\/uploads\\\/2020\\\/01\\\/logo-Copy.jpg\",\"width\":180,\"height\":180,\"caption\":\"Plate-forme Charleroi-Palestine\"},\"image\":{\"@id\":\"https:\\\/\\\/charleroi-pourlapalestine.be\\\/#\\\/schema\\\/logo\\\/image\\\/\"},\"sameAs\":[\"https:\\\/\\\/www.facebook.com\\\/PlateformeCharleroiPalestine\\\/\",\"https:\\\/\\\/x.com\\\/LaCharleroi\"]},{\"@type\":\"Person\",\"@id\":\"https:\\\/\\\/charleroi-pourlapalestine.be\\\/#\\\/schema\\\/person\\\/c19ff515112f1299d8c12671d8fe3faa\",\"name\":\"admin1873\",\"url\":\"https:\\\/\\\/charleroi-pourlapalestine.be\\\/index.php\\\/author\\\/admin1873\\\/\"}]}<\/script>\n<!-- \/ Yoast SEO plugin. -->","yoast_head_json":{"title":"La Conf\u00e9d\u00e9ration Norv\u00e9gienne des syndicats (LO) veut un boycott complet d\u2019Isra\u00ebl","description":"Lors de son congr\u00e8s national du 3 juin, la Conf\u00e9d\u00e9ration Norv\u00e9gienne des syndicats a vot\u00e9 le boycott des produits isra\u00e9liens, ainsi qu\u2019une s\u00e9rie de 14 mesures concr\u00e8tes destin\u00e9es \u00e0 contraindre Isra\u00ebl \u00e0 respecter les droits humains","robots":{"index":"index","follow":"follow","max-snippet":"max-snippet:-1","max-image-preview":"max-image-preview:large","max-video-preview":"max-video-preview:-1"},"canonical":"https:\/\/charleroi-pourlapalestine.be\/index.php\/2022\/06\/18\/la-confederation-norvegienne-des-syndicats-lo-veut-un-boycott-complet-disrael\/","schema":{"@context":"https:\/\/schema.org","@graph":[{"@type":"Article","@id":"https:\/\/charleroi-pourlapalestine.be\/index.php\/2022\/06\/18\/la-confederation-norvegienne-des-syndicats-lo-veut-un-boycott-complet-disrael\/#article","isPartOf":{"@id":"https:\/\/charleroi-pourlapalestine.be\/index.php\/2022\/06\/18\/la-confederation-norvegienne-des-syndicats-lo-veut-un-boycott-complet-disrael\/"},"author":{"name":"admin1873","@id":"https:\/\/charleroi-pourlapalestine.be\/#\/schema\/person\/c19ff515112f1299d8c12671d8fe3faa"},"headline":"La Conf\u00e9d\u00e9ration Norv\u00e9gienne des syndicats (LO) veut un boycott complet d\u2019Isra\u00ebl","datePublished":"2022-06-18T07:33:34+00:00","dateModified":"2022-06-18T08:06:30+00:00","mainEntityOfPage":{"@id":"https:\/\/charleroi-pourlapalestine.be\/index.php\/2022\/06\/18\/la-confederation-norvegienne-des-syndicats-lo-veut-un-boycott-complet-disrael\/"},"wordCount":691,"publisher":{"@id":"https:\/\/charleroi-pourlapalestine.be\/#organization"},"image":{"@id":"https:\/\/charleroi-pourlapalestine.be\/index.php\/2022\/06\/18\/la-confederation-norvegienne-des-syndicats-lo-veut-un-boycott-complet-disrael\/#primaryimage"},"thumbnailUrl":"https:\/\/charleroi-pourlapalestine.be\/wp-content\/uploads\/2022\/06\/Des-delegues-participant-au-congres-de-la-Confedaration-e1655487859405.jpg","articleSection":["BDS","Norv\u00e8ge","Syndicats"],"inLanguage":"fr-FR"},{"@type":"WebPage","@id":"https:\/\/charleroi-pourlapalestine.be\/index.php\/2022\/06\/18\/la-confederation-norvegienne-des-syndicats-lo-veut-un-boycott-complet-disrael\/","url":"https:\/\/charleroi-pourlapalestine.be\/index.php\/2022\/06\/18\/la-confederation-norvegienne-des-syndicats-lo-veut-un-boycott-complet-disrael\/","name":"La Conf\u00e9d\u00e9ration Norv\u00e9gienne des syndicats (LO) veut un boycott complet d\u2019Isra\u00ebl","isPartOf":{"@id":"https:\/\/charleroi-pourlapalestine.be\/#website"},"primaryImageOfPage":{"@id":"https:\/\/charleroi-pourlapalestine.be\/index.php\/2022\/06\/18\/la-confederation-norvegienne-des-syndicats-lo-veut-un-boycott-complet-disrael\/#primaryimage"},"image":{"@id":"https:\/\/charleroi-pourlapalestine.be\/index.php\/2022\/06\/18\/la-confederation-norvegienne-des-syndicats-lo-veut-un-boycott-complet-disrael\/#primaryimage"},"thumbnailUrl":"https:\/\/charleroi-pourlapalestine.be\/wp-content\/uploads\/2022\/06\/Des-delegues-participant-au-congres-de-la-Confedaration-e1655487859405.jpg","datePublished":"2022-06-18T07:33:34+00:00","dateModified":"2022-06-18T08:06:30+00:00","description":"Lors de son congr\u00e8s national du 3 juin, la Conf\u00e9d\u00e9ration Norv\u00e9gienne des syndicats a vot\u00e9 le boycott des produits isra\u00e9liens, ainsi qu\u2019une s\u00e9rie de 14 mesures concr\u00e8tes destin\u00e9es \u00e0 contraindre Isra\u00ebl \u00e0 respecter les droits humains","breadcrumb":{"@id":"https:\/\/charleroi-pourlapalestine.be\/index.php\/2022\/06\/18\/la-confederation-norvegienne-des-syndicats-lo-veut-un-boycott-complet-disrael\/#breadcrumb"},"inLanguage":"fr-FR","potentialAction":[{"@type":"ReadAction","target":["https:\/\/charleroi-pourlapalestine.be\/index.php\/2022\/06\/18\/la-confederation-norvegienne-des-syndicats-lo-veut-un-boycott-complet-disrael\/"]}]},{"@type":"ImageObject","inLanguage":"fr-FR","@id":"https:\/\/charleroi-pourlapalestine.be\/index.php\/2022\/06\/18\/la-confederation-norvegienne-des-syndicats-lo-veut-un-boycott-complet-disrael\/#primaryimage","url":"https:\/\/charleroi-pourlapalestine.be\/wp-content\/uploads\/2022\/06\/Des-delegues-participant-au-congres-de-la-Confedaration-e1655487859405.jpg","contentUrl":"https:\/\/charleroi-pourlapalestine.be\/wp-content\/uploads\/2022\/06\/Des-delegues-participant-au-congres-de-la-Confedaration-e1655487859405.jpg","width":613,"height":320},{"@type":"BreadcrumbList","@id":"https:\/\/charleroi-pourlapalestine.be\/index.php\/2022\/06\/18\/la-confederation-norvegienne-des-syndicats-lo-veut-un-boycott-complet-disrael\/#breadcrumb","itemListElement":[{"@type":"ListItem","position":1,"name":"Accueil","item":"https:\/\/charleroi-pourlapalestine.be\/"},{"@type":"ListItem","position":2,"name":"La Conf\u00e9d\u00e9ration Norv\u00e9gienne des syndicats (LO) veut un boycott complet d\u2019Isra\u00ebl"}]},{"@type":"WebSite","@id":"https:\/\/charleroi-pourlapalestine.be\/#website","url":"https:\/\/charleroi-pourlapalestine.be\/","name":"Charleroi Pour la Palestine","description":"","publisher":{"@id":"https:\/\/charleroi-pourlapalestine.be\/#organization"},"potentialAction":[{"@type":"SearchAction","target":{"@type":"EntryPoint","urlTemplate":"https:\/\/charleroi-pourlapalestine.be\/?s={search_term_string}"},"query-input":{"@type":"PropertyValueSpecification","valueRequired":true,"valueName":"search_term_string"}}],"inLanguage":"fr-FR"},{"@type":"Organization","@id":"https:\/\/charleroi-pourlapalestine.be\/#organization","name":"Plate-forme Charleroi-Palestine","url":"https:\/\/charleroi-pourlapalestine.be\/","logo":{"@type":"ImageObject","inLanguage":"fr-FR","@id":"https:\/\/charleroi-pourlapalestine.be\/#\/schema\/logo\/image\/","url":"https:\/\/charleroi-pourlapalestine.be\/wp-content\/uploads\/2020\/01\/logo-Copy.jpg","contentUrl":"https:\/\/charleroi-pourlapalestine.be\/wp-content\/uploads\/2020\/01\/logo-Copy.jpg","width":180,"height":180,"caption":"Plate-forme Charleroi-Palestine"},"image":{"@id":"https:\/\/charleroi-pourlapalestine.be\/#\/schema\/logo\/image\/"},"sameAs":["https:\/\/www.facebook.com\/PlateformeCharleroiPalestine\/","https:\/\/x.com\/LaCharleroi"]},{"@type":"Person","@id":"https:\/\/charleroi-pourlapalestine.be\/#\/schema\/person\/c19ff515112f1299d8c12671d8fe3faa","name":"admin1873","url":"https:\/\/charleroi-pourlapalestine.be\/index.php\/author\/admin1873\/"}]}},"_links":{"self":[{"href":"https:\/\/charleroi-pourlapalestine.be\/index.php\/wp-json\/wp\/v2\/posts\/40269","targetHints":{"allow":["GET"]}}],"collection":[{"href":"https:\/\/charleroi-pourlapalestine.be\/index.php\/wp-json\/wp\/v2\/posts"}],"about":[{"href":"https:\/\/charleroi-pourlapalestine.be\/index.php\/wp-json\/wp\/v2\/types\/post"}],"author":[{"embeddable":true,"href":"https:\/\/charleroi-pourlapalestine.be\/index.php\/wp-json\/wp\/v2\/users\/1"}],"replies":[{"embeddable":true,"href":"https:\/\/charleroi-pourlapalestine.be\/index.php\/wp-json\/wp\/v2\/comments?post=40269"}],"version-history":[{"count":0,"href":"https:\/\/charleroi-pourlapalestine.be\/index.php\/wp-json\/wp\/v2\/posts\/40269\/revisions"}],"wp:featuredmedia":[{"embeddable":true,"href":"https:\/\/charleroi-pourlapalestine.be\/index.php\/wp-json\/wp\/v2\/media\/40271"}],"wp:attachment":[{"href":"https:\/\/charleroi-pourlapalestine.be\/index.php\/wp-json\/wp\/v2\/media?parent=40269"}],"wp:term":[{"taxonomy":"category","embeddable":true,"href":"https:\/\/charleroi-pourlapalestine.be\/index.php\/wp-json\/wp\/v2\/categories?post=40269"},{"taxonomy":"post_tag","embeddable":true,"href":"https:\/\/charleroi-pourlapalestine.be\/index.php\/wp-json\/wp\/v2\/tags?post=40269"}],"curies":[{"name":"wp","href":"https:\/\/api.w.org\/{rel}","templated":true}]}}