{"id":41723,"date":"2022-07-24T14:06:26","date_gmt":"2022-07-24T12:06:26","guid":{"rendered":"https:\/\/charleroi-pourlapalestine.be\/?p=41723"},"modified":"2022-10-04T14:59:22","modified_gmt":"2022-10-04T12:59:22","slug":"115-prisonniers-se-mobilisent-en-soutien-aux-grevistes-de-la-faim-khalil-awawdeh-et-raed-rayan","status":"publish","type":"post","link":"https:\/\/charleroi-pourlapalestine.be\/index.php\/2022\/07\/24\/115-prisonniers-se-mobilisent-en-soutien-aux-grevistes-de-la-faim-khalil-awawdeh-et-raed-rayan\/","title":{"rendered":"115 prisonniers se mobilisent en soutien aux gr\u00e9vistes de la faim Khalil Awawdeh et Raed Rayan"},"content":{"rendered":"<p>Les prisonniers palestiniens <strong>Khalil Awawdeh et Raed Rayan<\/strong> poursuivent leurs gr\u00e8ves de la faim de longue dur\u00e9e, alors que la d\u00e9tention administrative d\u2019Awawdeh a \u00e9t\u00e9 renouvel\u00e9e le 20 juillet dernier apr\u00e8s 142 jours de gr\u00e8ve de la faim. Rayan est en gr\u00e8ve de la faim depuis 108 jours. Tous deux r\u00e9clament leur lib\u00e9ration et la fin de leur d\u00e9tention administrative, un emprisonnement isra\u00e9lien sans inculpation ni proc\u00e8s. Aujourd\u2019hui, plus de 115 prisonniers palestiniens se joignent \u00e0 eux dans une lutte collective pour mettre fin \u00e0 leur emprisonnement.<\/p>\n<div id=\"attachment_41733\" style=\"width: 450px\" class=\"wp-caption alignnone\"><img loading=\"lazy\" decoding=\"async\" aria-describedby=\"caption-attachment-41733\" class=\"wp-image-41733 size-full\" src=\"https:\/\/charleroi-pourlapalestine.be\/wp-content\/uploads\/2022\/07\/Manifestation-Gaza-e1658663783719.jpg\" alt=\"Manifestation de soutien aux gr\u00e9vistes de la faim Khalil Awawdeh et Raed Rayan \u00e0 Gaza, avec la participation d'une d\u00e9l\u00e9gation de Samidoun\" width=\"440\" height=\"320\" srcset=\"https:\/\/charleroi-pourlapalestine.be\/wp-content\/uploads\/2022\/07\/Manifestation-Gaza-e1658663783719.jpg 440w, https:\/\/charleroi-pourlapalestine.be\/wp-content\/uploads\/2022\/07\/Manifestation-Gaza-e1658663783719-300x218.jpg 300w\" sizes=\"auto, (max-width: 440px) 100vw, 440px\" \/><p id=\"caption-attachment-41733\" class=\"wp-caption-text\">Manifestation de soutien aux gr\u00e9vistes de la faim Khalil Awawdeh et Raed Rayan \u00e0 Gaza, avec la participation d&rsquo;une d\u00e9l\u00e9gation de Samidoun<\/p><\/div>\n<p>Dans la soir\u00e9e du jeudi 21 juillet, 40 prisonniers du<strong>&nbsp;<em>Mouvement du Jihad islamique palestinien<\/em>&nbsp;<\/strong>dans la prison d\u2019Ofer<a href=\"https:\/\/qudsn.co\/post\/193650\/40-%D8%A3%D8%B3%D9%8A%D8%B1%D8%A7-%D9%85%D9%86-%D8%A7%D9%84%D8%AC%D9%87%D8%A7%D8%AF-%D9%8A%D8%B6%D8%B1%D8%A8%D9%88%D9%86-%D8%B9%D9%86-%D8%A7%D9%84%D8%B7%D8%B9%D8%A7%D9%85-%D8%AA%D8%B6%D8%A7%D9%85%D9%86%D8%A7-%D9%85%D8%B9-%D8%B9%D9%88%D8%A7%D9%88%D8%AF%D8%A9\">&nbsp;ont entam\u00e9 une gr\u00e8ve de la faim illimit\u00e9e en solidarit\u00e9<\/a>&nbsp;avec Awawdeh apr\u00e8s avoir appris que sa d\u00e9tention administrative avait \u00e9t\u00e9 prolong\u00e9e jusqu\u2019au 2 octobre 2022 malgr\u00e9 son \u00e9tat de sant\u00e9 grave.<\/p>\n<p>En outre, l\u2019organisation p\u00e9nitentiaire du&nbsp;<strong><em>Front populaire de lib\u00e9ration de la Palestine<\/em>&nbsp;<\/strong>a annonc\u00e9 que&nbsp;<a href=\"https:\/\/hadfnews.ps\/post\/103248\/75-%D8%A3%D8%B3%D9%8A%D8%B1%D8%A7-%D9%85%D9%86-%D8%A3%D8%B3%D8%B1%D9%89-%D8%A7%D9%84%D8%B4%D8%B9%D8%A8%D9%8A%D8%A9-%D8%B3%D9%8A%D8%B4%D8%B1%D8%B9%D9%88%D9%86-%D8%A7%D9%84%D8%A3%D8%AD%D8%AF-%D9%81%D9%8A-%D8%A7%D9%84%D8%A7%D8%B6%D8%B1%D8%A7%D8%A8-%D8%B9%D9%86-%D8%A7%D9%84%D8%B7%D8%B9%D8%A7%D9%85\">75 prisonniers du FPLP lanceraient une gr\u00e8ve de la faim de solidarit\u00e9<\/a>&nbsp;dimanche, rejoignant ainsi la bataille collective dans toutes les prisons en soutien \u00e0 Raed Rayan et Khalil Awawdeh. Dans la d\u00e9claration annon\u00e7ant la gr\u00e8ve, les prisonniers du FPLP ont \u00e9galement attir\u00e9 l\u2019attention sur les cas d\u2019<strong>Ahed Abu Ghoulmeh<\/strong>, qui a \u00e9t\u00e9 soudainement enlev\u00e9 de sa chambre ces derniers jours pour \u00eatre interrog\u00e9 par les forces d\u2019occupation, et de <strong>Shadi Maali,<\/strong> \u00e9galement en d\u00e9tention administrative, qui a \u00e9t\u00e9 jet\u00e9 en isolement pendant trois mois dans le but de lui soutirer des informations sur son fils, <strong>Jad<\/strong> qui est \u00e2g\u00e9 de 19 ans, ou de forcer Jad \u00e0 se livrer aux forces d\u2019occupation.<\/p>\n<p>\u00c2g\u00e9 de 40 ans, <strong>Khalil Awawdeh<\/strong> est originaire d\u2019Ithna pr\u00e8s d\u2019al-Khalil. Il est le p\u00e8re de quatre filles. Son \u00e9tat de sant\u00e9 s\u2019est gravement d\u00e9t\u00e9rior\u00e9 et il a \u00e9t\u00e9 transf\u00e9r\u00e9 \u00e0 plusieurs reprises entre la clinique de la prison de Ramle, notoirement connue pour sa n\u00e9gligence m\u00e9dicale, et divers h\u00f4pitaux civils pendant sa longue gr\u00e8ve de la faim. Au 111e jour de sa gr\u00e8ve de la faim, il a bri\u00e8vement suspendu sa gr\u00e8ve car il avait \u00e9t\u00e9 inform\u00e9 que les forces d\u2019occupation avaient accept\u00e9 de le lib\u00e9rer. Au lieu de cela, deux jours plus tard, il a \u00e9t\u00e9 inform\u00e9 que son ordre de d\u00e9tention administrative avait \u00e9t\u00e9 r\u00e9impos\u00e9, ce qui l\u2019a incit\u00e9 \u00e0 poursuivre sa gr\u00e8ve. Pendant tout ce temps, il s\u2019est toujours vu refuser tout contact avec sa famille et fr\u00e9quemment avec son avocat.<\/p>\n<p>\u00c0 l\u2019origine, <strong>Awawdeh<\/strong> avait l\u2019intention de poursuivre des \u00e9tudes de m\u00e9decine \u00e0 l\u2019\u00e9tranger, mais il s\u2019est inscrit \u00e0 un cours d\u2019ing\u00e9nierie \u00e0 l\u2019Universit\u00e9 polytechnique de Palestine \u00e0 Al Khalil avant que ses \u00e9tudes ne soient interrompues en 2002. Emprisonn\u00e9 pendant cinq ans par l\u2019occupation isra\u00e9lienne, il a \u00e9t\u00e9 lib\u00e9r\u00e9 en 2007. Plus tard cette ann\u00e9e-l\u00e0, il a de nouveau \u00e9t\u00e9 arr\u00eat\u00e9 et maintenu en d\u00e9tention administrative sans inculpation ni proc\u00e8s pendant pr\u00e8s de trois ans. Depuis, il a \u00e9t\u00e9 d\u00e9tenu \u00e0 plusieurs reprises. Il a entam\u00e9 des \u00e9tudes d\u2019\u00e9conomie \u00e0 l\u2019universit\u00e9 ouverte d\u2019Al Quds, qui ont \u00e9t\u00e9 de nouveau interrompues le 27 d\u00e9cembre 2021, lorsqu\u2019il a \u00e9t\u00e9 jet\u00e9 en d\u00e9tention administrative sans inculpation ni proc\u00e8s une fois de plus.<\/p>\n<p>Il est gravement \u00e9maci\u00e9, doit se d\u00e9placer en fauteuil roulant, vomit de l\u2019eau lorsqu\u2019il en consomme et peut \u00e0 peine parler, avec de fortes douleurs dans tout le corps. Il a n\u00e9anmoins poursuivi le combat, m\u00eame lorsque les fausses affirmations de l\u2019occupation ont entra\u00een\u00e9 une dissipation de l\u2019int\u00e9r\u00eat et de l\u2019attention port\u00e9s \u00e0 son cas.<\/p>\n<p>\u00c2g\u00e9 de 27 ans, <strong>Raed Rayan<\/strong> est originaire de Beit Duqqu, au nord-ouest de J\u00e9rusalem occup\u00e9e. Il est en gr\u00e8ve de la faim depuis 107 jours et en d\u00e9tention administrative depuis le 3 novembre 2021. Il avait \u00e9t\u00e9 lib\u00e9r\u00e9 de sa derni\u00e8re p\u00e9riode de d\u00e9tention sans inculpation ni jugement quelques mois auparavant, en avril 2021. Il a entam\u00e9 sa gr\u00e8ve de la faim apr\u00e8s que sa d\u00e9tention a \u00e9t\u00e9 prolong\u00e9e de quatre mois en avril 2022. Il doit se d\u00e9placer en fauteuil roulant et souffre de graves douleurs \u00e0 la t\u00eate, \u00e0 l\u2019estomac et aux yeux depuis le d\u00e9but de sa gr\u00e8ve de la faim.<\/p>\n<div id=\"attachment_13500\" class=\"wp-caption aligncenter\">\n<div id=\"attachment_13500\" style=\"width: 1229px\" class=\"wp-caption aligncenter\"><img loading=\"lazy\" decoding=\"async\" aria-describedby=\"caption-attachment-13500\" class=\"wp-image-13500 size-full\" src=\"https:\/\/palestinevaincra.com\/site\/wp-content\/uploads\/2022\/07\/284583377_150222480881615_5829761272853830946_n.jpg\" alt=\"Affichage en soutien aux gr\u00e9vistes de la faim dans les rues de Berlin par Samidoun.\" aria-describedby=\"caption-attachment-13500\" width=\"1219\" height=\"1219\"><p id=\"caption-attachment-13500\" class=\"wp-caption-text\">Affichage en soutien aux gr\u00e9vistes de la faim dans les rues de Berlin par Samidoun.<\/p><\/div>\n<p id=\"caption-attachment-13500\" class=\"wp-caption-text\">&nbsp;<\/p>\n<\/div>\n<h3><strong>Qu\u2019est-ce que la d\u00e9tention administrative ?<\/strong><\/h3>\n<p>La d\u00e9tention administrative a \u00e9t\u00e9 utilis\u00e9e pour la premi\u00e8re fois en Palestine par le mandat colonial britannique, puis adopt\u00e9e par le r\u00e9gime sioniste. Elle est d\u00e9sormais utilis\u00e9e de mani\u00e8re routini\u00e8re pour cibler les Palestiniens, en particulier les dirigeants communautaires, les militants et les personnes influentes dans leurs villes, camps et villages.<\/p>\n<p>Il y a actuellement environ 682 Palestiniens emprisonn\u00e9s sans inculpation ni proc\u00e8s en d\u00e9tention administrative, sur les 4 700 prisonniers politiques palestiniens. Ces ordres sont \u00e9mis par l\u2019arm\u00e9e et approuv\u00e9s par les tribunaux militaires sur la base de \u00ab preuves secr\u00e8tes \u00bb, dont les d\u00e9tenus palestiniens et leurs avocats n\u2019ont pas connaissance. D\u00e9livr\u00e9es pour une dur\u00e9e maximale de six mois, ils sont renouvelables ind\u00e9finiment. Les Palestiniens \u2013 y compris les enfants mineurs \u2013 peuvent passer des ann\u00e9es en d\u00e9tention administrative sans inculpation ni proc\u00e8s.<\/p>\n<p>Les Palestiniens plac\u00e9s en d\u00e9tention administrative boycottent les tribunaux militaires de l\u2019occupation depuis le 1er janvier 2022 et pr\u00e9voient actuellement d\u2019\u00e9valuer collectivement les prochaines \u00e9tapes de leur lutte, dans le cadre du mouvement croissant pour la libert\u00e9 d\u2019Awawdeh et de Rayan.<\/p>\n<p>Le r\u00e9seau de solidarit\u00e9 avec les prisonniers palestiniens <em>Samidoun<\/em>, dont est membre la Plate-forme Charleroi-Palestine, appelle tous les partisans de la Palestine d\u2019agir pour soutenir Khalil Awawdeh et Raed Rayan, qui affrontent les forces d\u2019occupation sionistes au p\u00e9ril de leur vie, ainsi que tous les prisonniers palestiniens qui luttent pour la libert\u00e9, pour leur propre vie et pour le peuple palestinien. Les autres prisonniers se tiennent main dans la main avec eux dans cette bataille, affrontant le syst\u00e8me d\u2019oppression isra\u00e9lien en premi\u00e8re ligne, avec leurs corps et leurs vies, pour mettre fin au syst\u00e8me de la d\u00e9tention administrative.<\/p>\n<p>&nbsp;<\/p>\n<h3><strong>Passons \u00e0 l\u2019action !<\/strong><\/h3>\n<ul>\n<li><strong>Rejoignez la campagne sur les m\u00e9dias sociaux !<\/strong><br \/>\nLa campagne sur les m\u00e9dias sociaux #FreeRaed et #FreeKhalil prend de l\u2019ampleur. Utilisez ces hashtags pour poster sur Twitter et Instagram. Publiez dans toutes les langues ! Agissez et rejoignez la mobilisation sur les r\u00e9seaux sociaux pour briser l\u2019isolement impos\u00e9 \u00e0 Raed et Khalil par l\u2019occupation isra\u00e9lienne !<\/li>\n<li><strong>Manifestez dans votre ville ou votre pays !<\/strong><br \/>\nRejoignez les nombreuses protestations qui ont lieu dans le monde entier. Envoyez-nous vos manifestations \u00e0 l\u2019adresse <a href=\"mailto:samidoun@samidoun.net\">samidoun@samidoun.net<\/a>.<\/li>\n<li><strong>Boycottons Isra\u00ebl !<\/strong><br \/>\nLa campagne internationale, arabe et palestinienne de boycott d\u2019Isra\u00ebl peut jouer un r\u00f4le important en ce moment critique. Les groupes locaux de boycott peuvent protester et \u00e9tiqueter les produits et l\u2019\u00e9picerie isra\u00e9liens, alors que de nombreuses soci\u00e9t\u00e9s complices \u2013 dont <em>HP<\/em>, <em>G4S<\/em>, <em>Puma<\/em>, <em>Teva<\/em> et d\u2019autres \u2013 profitent de leur r\u00f4le dans le soutien \u00e0 la colonisation sioniste dans toute la Palestine occup\u00e9e. En participant au boycott d\u2019Isra\u00ebl, vous pouvez directement aider \u00e0 freiner l\u2019\u00e9conomie de cette colonisation de peuplement.<\/li>\n<\/ul>\n<p style=\"text-align: center;\">\u00b0\u00b0\u00b0\u00b0\u00b0<\/p>\n<p>Publi\u00e9 le 23 juillet 2022 sur <a href=\"https:\/\/samidoun.net\/2022\/07\/free-khalil-awawdeh-and-raed-rayan-115-prisoners-joining-collective-strike-to-release-long-term-hunger-strikers\/\">Samidoun<\/a><\/p>\n<p>Traduction :<a href=\"https:\/\/palestinevaincra.com\/2022\/07\/115-prisonniers-se-mobilisent-en-soutien-aux-grevistes-de-la-faim-khalil-awawdeh-et-raed-rayan\/\" target=\"_blank\" rel=\"noopener\"> Collectif Palestine Vaincra<\/a><\/p>\n<p>Lisez \u00e9galement : <a href=\"https:\/\/charleroi-pourlapalestine.be\/index.php\/2022\/07\/18\/les-prisonniers-grevistes-de-la-faim-raed-rayan-et-khalil-awawdeh-sont-dans-un-etat-critique\/\"><strong>Les prisonniers gr\u00e9vistes de la faim Raed Rayan et Khalil Awawdeh sont dans un \u00e9tat critique<\/strong><\/a><\/p>\n<p>&nbsp;<\/p>\n","protected":false},"excerpt":{"rendered":"<p>Le r\u00e9seau de solidarit\u00e9 avec les prisonniers palestiniens Samidoun appelle tous les partisans de la Palestine d\u2019agir pour soutenir Khalil Awawdeh et Raed Rayan<\/p>\n","protected":false},"author":1,"featured_media":41733,"comment_status":"closed","ping_status":"closed","sticky":false,"template":"","format":"standard","meta":{"ngg_post_thumbnail":0,"footnotes":""},"categories":[386,13],"tags":[],"class_list":["post-41723","post","type-post","status-publish","format-standard","has-post-thumbnail","hentry","category-greves-de-la-faim","category-les-prisionners-palestiniens"],"yoast_head":"<!-- This site is optimized with the Yoast SEO plugin v27.3 - https:\/\/yoast.com\/product\/yoast-seo-wordpress\/ -->\n<title>115 prisonniers se mobilisent en soutien aux gr\u00e9vistes de la faim Khalil Awawdeh et Raed Rayan<\/title>\n<meta name=\"description\" content=\"Le r\u00e9seau de solidarit\u00e9 avec les prisonniers palestiniens Samidoun appelle tous les partisans de la Palestine d\u2019agir pour soutenir Khalil Awawdeh et Raed Rayan\" \/>\n<meta name=\"robots\" content=\"index, follow, max-snippet:-1, max-image-preview:large, max-video-preview:-1\" \/>\n<link rel=\"canonical\" href=\"https:\/\/charleroi-pourlapalestine.be\/index.php\/2022\/07\/24\/115-prisonniers-se-mobilisent-en-soutien-aux-grevistes-de-la-faim-khalil-awawdeh-et-raed-rayan\/\" \/>\n<script type=\"application\/ld+json\" class=\"yoast-schema-graph\">{\"@context\":\"https:\\\/\\\/schema.org\",\"@graph\":[{\"@type\":\"Article\",\"@id\":\"https:\\\/\\\/charleroi-pourlapalestine.be\\\/index.php\\\/2022\\\/07\\\/24\\\/115-prisonniers-se-mobilisent-en-soutien-aux-grevistes-de-la-faim-khalil-awawdeh-et-raed-rayan\\\/#article\",\"isPartOf\":{\"@id\":\"https:\\\/\\\/charleroi-pourlapalestine.be\\\/index.php\\\/2022\\\/07\\\/24\\\/115-prisonniers-se-mobilisent-en-soutien-aux-grevistes-de-la-faim-khalil-awawdeh-et-raed-rayan\\\/\"},\"author\":{\"name\":\"admin1873\",\"@id\":\"https:\\\/\\\/charleroi-pourlapalestine.be\\\/#\\\/schema\\\/person\\\/c19ff515112f1299d8c12671d8fe3faa\"},\"headline\":\"115 prisonniers se mobilisent en soutien aux gr\u00e9vistes de la faim Khalil Awawdeh et Raed Rayan\",\"datePublished\":\"2022-07-24T12:06:26+00:00\",\"dateModified\":\"2022-10-04T12:59:22+00:00\",\"mainEntityOfPage\":{\"@id\":\"https:\\\/\\\/charleroi-pourlapalestine.be\\\/index.php\\\/2022\\\/07\\\/24\\\/115-prisonniers-se-mobilisent-en-soutien-aux-grevistes-de-la-faim-khalil-awawdeh-et-raed-rayan\\\/\"},\"wordCount\":1357,\"publisher\":{\"@id\":\"https:\\\/\\\/charleroi-pourlapalestine.be\\\/#organization\"},\"image\":{\"@id\":\"https:\\\/\\\/charleroi-pourlapalestine.be\\\/index.php\\\/2022\\\/07\\\/24\\\/115-prisonniers-se-mobilisent-en-soutien-aux-grevistes-de-la-faim-khalil-awawdeh-et-raed-rayan\\\/#primaryimage\"},\"thumbnailUrl\":\"https:\\\/\\\/charleroi-pourlapalestine.be\\\/wp-content\\\/uploads\\\/2022\\\/07\\\/Manifestation-Gaza-e1658663783719.jpg\",\"articleSection\":[\"Gr\u00e8ves de la faim\",\"Prisonniers\"],\"inLanguage\":\"fr-FR\"},{\"@type\":\"WebPage\",\"@id\":\"https:\\\/\\\/charleroi-pourlapalestine.be\\\/index.php\\\/2022\\\/07\\\/24\\\/115-prisonniers-se-mobilisent-en-soutien-aux-grevistes-de-la-faim-khalil-awawdeh-et-raed-rayan\\\/\",\"url\":\"https:\\\/\\\/charleroi-pourlapalestine.be\\\/index.php\\\/2022\\\/07\\\/24\\\/115-prisonniers-se-mobilisent-en-soutien-aux-grevistes-de-la-faim-khalil-awawdeh-et-raed-rayan\\\/\",\"name\":\"115 prisonniers se mobilisent en soutien aux gr\u00e9vistes de la faim Khalil Awawdeh et Raed Rayan\",\"isPartOf\":{\"@id\":\"https:\\\/\\\/charleroi-pourlapalestine.be\\\/#website\"},\"primaryImageOfPage\":{\"@id\":\"https:\\\/\\\/charleroi-pourlapalestine.be\\\/index.php\\\/2022\\\/07\\\/24\\\/115-prisonniers-se-mobilisent-en-soutien-aux-grevistes-de-la-faim-khalil-awawdeh-et-raed-rayan\\\/#primaryimage\"},\"image\":{\"@id\":\"https:\\\/\\\/charleroi-pourlapalestine.be\\\/index.php\\\/2022\\\/07\\\/24\\\/115-prisonniers-se-mobilisent-en-soutien-aux-grevistes-de-la-faim-khalil-awawdeh-et-raed-rayan\\\/#primaryimage\"},\"thumbnailUrl\":\"https:\\\/\\\/charleroi-pourlapalestine.be\\\/wp-content\\\/uploads\\\/2022\\\/07\\\/Manifestation-Gaza-e1658663783719.jpg\",\"datePublished\":\"2022-07-24T12:06:26+00:00\",\"dateModified\":\"2022-10-04T12:59:22+00:00\",\"description\":\"Le r\u00e9seau de solidarit\u00e9 avec les prisonniers palestiniens Samidoun appelle tous les partisans de la Palestine d\u2019agir pour soutenir Khalil Awawdeh et Raed Rayan\",\"breadcrumb\":{\"@id\":\"https:\\\/\\\/charleroi-pourlapalestine.be\\\/index.php\\\/2022\\\/07\\\/24\\\/115-prisonniers-se-mobilisent-en-soutien-aux-grevistes-de-la-faim-khalil-awawdeh-et-raed-rayan\\\/#breadcrumb\"},\"inLanguage\":\"fr-FR\",\"potentialAction\":[{\"@type\":\"ReadAction\",\"target\":[\"https:\\\/\\\/charleroi-pourlapalestine.be\\\/index.php\\\/2022\\\/07\\\/24\\\/115-prisonniers-se-mobilisent-en-soutien-aux-grevistes-de-la-faim-khalil-awawdeh-et-raed-rayan\\\/\"]}]},{\"@type\":\"ImageObject\",\"inLanguage\":\"fr-FR\",\"@id\":\"https:\\\/\\\/charleroi-pourlapalestine.be\\\/index.php\\\/2022\\\/07\\\/24\\\/115-prisonniers-se-mobilisent-en-soutien-aux-grevistes-de-la-faim-khalil-awawdeh-et-raed-rayan\\\/#primaryimage\",\"url\":\"https:\\\/\\\/charleroi-pourlapalestine.be\\\/wp-content\\\/uploads\\\/2022\\\/07\\\/Manifestation-Gaza-e1658663783719.jpg\",\"contentUrl\":\"https:\\\/\\\/charleroi-pourlapalestine.be\\\/wp-content\\\/uploads\\\/2022\\\/07\\\/Manifestation-Gaza-e1658663783719.jpg\",\"width\":440,\"height\":320},{\"@type\":\"BreadcrumbList\",\"@id\":\"https:\\\/\\\/charleroi-pourlapalestine.be\\\/index.php\\\/2022\\\/07\\\/24\\\/115-prisonniers-se-mobilisent-en-soutien-aux-grevistes-de-la-faim-khalil-awawdeh-et-raed-rayan\\\/#breadcrumb\",\"itemListElement\":[{\"@type\":\"ListItem\",\"position\":1,\"name\":\"Accueil\",\"item\":\"https:\\\/\\\/charleroi-pourlapalestine.be\\\/\"},{\"@type\":\"ListItem\",\"position\":2,\"name\":\"115 prisonniers se mobilisent en soutien aux gr\u00e9vistes de la faim Khalil Awawdeh et Raed Rayan\"}]},{\"@type\":\"WebSite\",\"@id\":\"https:\\\/\\\/charleroi-pourlapalestine.be\\\/#website\",\"url\":\"https:\\\/\\\/charleroi-pourlapalestine.be\\\/\",\"name\":\"Charleroi Pour la Palestine\",\"description\":\"\",\"publisher\":{\"@id\":\"https:\\\/\\\/charleroi-pourlapalestine.be\\\/#organization\"},\"potentialAction\":[{\"@type\":\"SearchAction\",\"target\":{\"@type\":\"EntryPoint\",\"urlTemplate\":\"https:\\\/\\\/charleroi-pourlapalestine.be\\\/?s={search_term_string}\"},\"query-input\":{\"@type\":\"PropertyValueSpecification\",\"valueRequired\":true,\"valueName\":\"search_term_string\"}}],\"inLanguage\":\"fr-FR\"},{\"@type\":\"Organization\",\"@id\":\"https:\\\/\\\/charleroi-pourlapalestine.be\\\/#organization\",\"name\":\"Plate-forme Charleroi-Palestine\",\"url\":\"https:\\\/\\\/charleroi-pourlapalestine.be\\\/\",\"logo\":{\"@type\":\"ImageObject\",\"inLanguage\":\"fr-FR\",\"@id\":\"https:\\\/\\\/charleroi-pourlapalestine.be\\\/#\\\/schema\\\/logo\\\/image\\\/\",\"url\":\"https:\\\/\\\/charleroi-pourlapalestine.be\\\/wp-content\\\/uploads\\\/2020\\\/01\\\/logo-Copy.jpg\",\"contentUrl\":\"https:\\\/\\\/charleroi-pourlapalestine.be\\\/wp-content\\\/uploads\\\/2020\\\/01\\\/logo-Copy.jpg\",\"width\":180,\"height\":180,\"caption\":\"Plate-forme Charleroi-Palestine\"},\"image\":{\"@id\":\"https:\\\/\\\/charleroi-pourlapalestine.be\\\/#\\\/schema\\\/logo\\\/image\\\/\"},\"sameAs\":[\"https:\\\/\\\/www.facebook.com\\\/PlateformeCharleroiPalestine\\\/\",\"https:\\\/\\\/x.com\\\/LaCharleroi\"]},{\"@type\":\"Person\",\"@id\":\"https:\\\/\\\/charleroi-pourlapalestine.be\\\/#\\\/schema\\\/person\\\/c19ff515112f1299d8c12671d8fe3faa\",\"name\":\"admin1873\",\"url\":\"https:\\\/\\\/charleroi-pourlapalestine.be\\\/index.php\\\/author\\\/admin1873\\\/\"}]}<\/script>\n<!-- \/ Yoast SEO plugin. -->","yoast_head_json":{"title":"115 prisonniers se mobilisent en soutien aux gr\u00e9vistes de la faim Khalil Awawdeh et Raed Rayan","description":"Le r\u00e9seau de solidarit\u00e9 avec les prisonniers palestiniens Samidoun appelle tous les partisans de la Palestine d\u2019agir pour soutenir Khalil Awawdeh et Raed Rayan","robots":{"index":"index","follow":"follow","max-snippet":"max-snippet:-1","max-image-preview":"max-image-preview:large","max-video-preview":"max-video-preview:-1"},"canonical":"https:\/\/charleroi-pourlapalestine.be\/index.php\/2022\/07\/24\/115-prisonniers-se-mobilisent-en-soutien-aux-grevistes-de-la-faim-khalil-awawdeh-et-raed-rayan\/","schema":{"@context":"https:\/\/schema.org","@graph":[{"@type":"Article","@id":"https:\/\/charleroi-pourlapalestine.be\/index.php\/2022\/07\/24\/115-prisonniers-se-mobilisent-en-soutien-aux-grevistes-de-la-faim-khalil-awawdeh-et-raed-rayan\/#article","isPartOf":{"@id":"https:\/\/charleroi-pourlapalestine.be\/index.php\/2022\/07\/24\/115-prisonniers-se-mobilisent-en-soutien-aux-grevistes-de-la-faim-khalil-awawdeh-et-raed-rayan\/"},"author":{"name":"admin1873","@id":"https:\/\/charleroi-pourlapalestine.be\/#\/schema\/person\/c19ff515112f1299d8c12671d8fe3faa"},"headline":"115 prisonniers se mobilisent en soutien aux gr\u00e9vistes de la faim Khalil Awawdeh et Raed Rayan","datePublished":"2022-07-24T12:06:26+00:00","dateModified":"2022-10-04T12:59:22+00:00","mainEntityOfPage":{"@id":"https:\/\/charleroi-pourlapalestine.be\/index.php\/2022\/07\/24\/115-prisonniers-se-mobilisent-en-soutien-aux-grevistes-de-la-faim-khalil-awawdeh-et-raed-rayan\/"},"wordCount":1357,"publisher":{"@id":"https:\/\/charleroi-pourlapalestine.be\/#organization"},"image":{"@id":"https:\/\/charleroi-pourlapalestine.be\/index.php\/2022\/07\/24\/115-prisonniers-se-mobilisent-en-soutien-aux-grevistes-de-la-faim-khalil-awawdeh-et-raed-rayan\/#primaryimage"},"thumbnailUrl":"https:\/\/charleroi-pourlapalestine.be\/wp-content\/uploads\/2022\/07\/Manifestation-Gaza-e1658663783719.jpg","articleSection":["Gr\u00e8ves de la faim","Prisonniers"],"inLanguage":"fr-FR"},{"@type":"WebPage","@id":"https:\/\/charleroi-pourlapalestine.be\/index.php\/2022\/07\/24\/115-prisonniers-se-mobilisent-en-soutien-aux-grevistes-de-la-faim-khalil-awawdeh-et-raed-rayan\/","url":"https:\/\/charleroi-pourlapalestine.be\/index.php\/2022\/07\/24\/115-prisonniers-se-mobilisent-en-soutien-aux-grevistes-de-la-faim-khalil-awawdeh-et-raed-rayan\/","name":"115 prisonniers se mobilisent en soutien aux gr\u00e9vistes de la faim Khalil Awawdeh et Raed Rayan","isPartOf":{"@id":"https:\/\/charleroi-pourlapalestine.be\/#website"},"primaryImageOfPage":{"@id":"https:\/\/charleroi-pourlapalestine.be\/index.php\/2022\/07\/24\/115-prisonniers-se-mobilisent-en-soutien-aux-grevistes-de-la-faim-khalil-awawdeh-et-raed-rayan\/#primaryimage"},"image":{"@id":"https:\/\/charleroi-pourlapalestine.be\/index.php\/2022\/07\/24\/115-prisonniers-se-mobilisent-en-soutien-aux-grevistes-de-la-faim-khalil-awawdeh-et-raed-rayan\/#primaryimage"},"thumbnailUrl":"https:\/\/charleroi-pourlapalestine.be\/wp-content\/uploads\/2022\/07\/Manifestation-Gaza-e1658663783719.jpg","datePublished":"2022-07-24T12:06:26+00:00","dateModified":"2022-10-04T12:59:22+00:00","description":"Le r\u00e9seau de solidarit\u00e9 avec les prisonniers palestiniens Samidoun appelle tous les partisans de la Palestine d\u2019agir pour soutenir Khalil Awawdeh et Raed Rayan","breadcrumb":{"@id":"https:\/\/charleroi-pourlapalestine.be\/index.php\/2022\/07\/24\/115-prisonniers-se-mobilisent-en-soutien-aux-grevistes-de-la-faim-khalil-awawdeh-et-raed-rayan\/#breadcrumb"},"inLanguage":"fr-FR","potentialAction":[{"@type":"ReadAction","target":["https:\/\/charleroi-pourlapalestine.be\/index.php\/2022\/07\/24\/115-prisonniers-se-mobilisent-en-soutien-aux-grevistes-de-la-faim-khalil-awawdeh-et-raed-rayan\/"]}]},{"@type":"ImageObject","inLanguage":"fr-FR","@id":"https:\/\/charleroi-pourlapalestine.be\/index.php\/2022\/07\/24\/115-prisonniers-se-mobilisent-en-soutien-aux-grevistes-de-la-faim-khalil-awawdeh-et-raed-rayan\/#primaryimage","url":"https:\/\/charleroi-pourlapalestine.be\/wp-content\/uploads\/2022\/07\/Manifestation-Gaza-e1658663783719.jpg","contentUrl":"https:\/\/charleroi-pourlapalestine.be\/wp-content\/uploads\/2022\/07\/Manifestation-Gaza-e1658663783719.jpg","width":440,"height":320},{"@type":"BreadcrumbList","@id":"https:\/\/charleroi-pourlapalestine.be\/index.php\/2022\/07\/24\/115-prisonniers-se-mobilisent-en-soutien-aux-grevistes-de-la-faim-khalil-awawdeh-et-raed-rayan\/#breadcrumb","itemListElement":[{"@type":"ListItem","position":1,"name":"Accueil","item":"https:\/\/charleroi-pourlapalestine.be\/"},{"@type":"ListItem","position":2,"name":"115 prisonniers se mobilisent en soutien aux gr\u00e9vistes de la faim Khalil Awawdeh et Raed Rayan"}]},{"@type":"WebSite","@id":"https:\/\/charleroi-pourlapalestine.be\/#website","url":"https:\/\/charleroi-pourlapalestine.be\/","name":"Charleroi Pour la Palestine","description":"","publisher":{"@id":"https:\/\/charleroi-pourlapalestine.be\/#organization"},"potentialAction":[{"@type":"SearchAction","target":{"@type":"EntryPoint","urlTemplate":"https:\/\/charleroi-pourlapalestine.be\/?s={search_term_string}"},"query-input":{"@type":"PropertyValueSpecification","valueRequired":true,"valueName":"search_term_string"}}],"inLanguage":"fr-FR"},{"@type":"Organization","@id":"https:\/\/charleroi-pourlapalestine.be\/#organization","name":"Plate-forme Charleroi-Palestine","url":"https:\/\/charleroi-pourlapalestine.be\/","logo":{"@type":"ImageObject","inLanguage":"fr-FR","@id":"https:\/\/charleroi-pourlapalestine.be\/#\/schema\/logo\/image\/","url":"https:\/\/charleroi-pourlapalestine.be\/wp-content\/uploads\/2020\/01\/logo-Copy.jpg","contentUrl":"https:\/\/charleroi-pourlapalestine.be\/wp-content\/uploads\/2020\/01\/logo-Copy.jpg","width":180,"height":180,"caption":"Plate-forme Charleroi-Palestine"},"image":{"@id":"https:\/\/charleroi-pourlapalestine.be\/#\/schema\/logo\/image\/"},"sameAs":["https:\/\/www.facebook.com\/PlateformeCharleroiPalestine\/","https:\/\/x.com\/LaCharleroi"]},{"@type":"Person","@id":"https:\/\/charleroi-pourlapalestine.be\/#\/schema\/person\/c19ff515112f1299d8c12671d8fe3faa","name":"admin1873","url":"https:\/\/charleroi-pourlapalestine.be\/index.php\/author\/admin1873\/"}]}},"_links":{"self":[{"href":"https:\/\/charleroi-pourlapalestine.be\/index.php\/wp-json\/wp\/v2\/posts\/41723","targetHints":{"allow":["GET"]}}],"collection":[{"href":"https:\/\/charleroi-pourlapalestine.be\/index.php\/wp-json\/wp\/v2\/posts"}],"about":[{"href":"https:\/\/charleroi-pourlapalestine.be\/index.php\/wp-json\/wp\/v2\/types\/post"}],"author":[{"embeddable":true,"href":"https:\/\/charleroi-pourlapalestine.be\/index.php\/wp-json\/wp\/v2\/users\/1"}],"replies":[{"embeddable":true,"href":"https:\/\/charleroi-pourlapalestine.be\/index.php\/wp-json\/wp\/v2\/comments?post=41723"}],"version-history":[{"count":0,"href":"https:\/\/charleroi-pourlapalestine.be\/index.php\/wp-json\/wp\/v2\/posts\/41723\/revisions"}],"wp:featuredmedia":[{"embeddable":true,"href":"https:\/\/charleroi-pourlapalestine.be\/index.php\/wp-json\/wp\/v2\/media\/41733"}],"wp:attachment":[{"href":"https:\/\/charleroi-pourlapalestine.be\/index.php\/wp-json\/wp\/v2\/media?parent=41723"}],"wp:term":[{"taxonomy":"category","embeddable":true,"href":"https:\/\/charleroi-pourlapalestine.be\/index.php\/wp-json\/wp\/v2\/categories?post=41723"},{"taxonomy":"post_tag","embeddable":true,"href":"https:\/\/charleroi-pourlapalestine.be\/index.php\/wp-json\/wp\/v2\/tags?post=41723"}],"curies":[{"name":"wp","href":"https:\/\/api.w.org\/{rel}","templated":true}]}}