{"id":41784,"date":"2022-07-26T09:37:07","date_gmt":"2022-07-26T07:37:07","guid":{"rendered":"https:\/\/charleroi-pourlapalestine.be\/?p=41784"},"modified":"2022-07-26T09:40:10","modified_gmt":"2022-07-26T07:40:10","slug":"en-depit-de-la-repression-la-presence-de-lequipe-israelienne-au-tour-de-france-largement-denoncee-en-region-parisienne","status":"publish","type":"post","link":"https:\/\/charleroi-pourlapalestine.be\/index.php\/2022\/07\/26\/en-depit-de-la-repression-la-presence-de-lequipe-israelienne-au-tour-de-france-largement-denoncee-en-region-parisienne\/","title":{"rendered":"En d\u00e9pit de la r\u00e9pression, la pr\u00e9sence de l\u2019\u00e9quipe isra\u00e9lienne au Tour de France largement d\u00e9nonc\u00e9e en r\u00e9gion parisienne"},"content":{"rendered":"<p>Dimanche 24 juillet, avait lieu la derni\u00e8re \u00e9tape du Tour de France 2022. Un<strong> Tour de France<\/strong> marqu\u00e9 une nouvelle fois par la participation d\u2019une \u00e9quipe aux couleurs de l\u2019apartheid, n\u2019ayant pour seul but de blanchir la politique colonialiste, raciste et meurtri\u00e8re de l\u2019\u00c9tat sioniste.<\/p>\n<p><img loading=\"lazy\" decoding=\"async\" class=\"aligncenter wp-image-41786 size-full\" src=\"https:\/\/charleroi-pourlapalestine.be\/wp-content\/uploads\/2022\/07\/signal-2022-07-24-204105_004-e1658773584482.jpg\" alt=\"\" width=\"427\" height=\"320\" srcset=\"https:\/\/charleroi-pourlapalestine.be\/wp-content\/uploads\/2022\/07\/signal-2022-07-24-204105_004-e1658773584482.jpg 427w, https:\/\/charleroi-pourlapalestine.be\/wp-content\/uploads\/2022\/07\/signal-2022-07-24-204105_004-e1658773584482-300x225.jpg 300w\" sizes=\"auto, (max-width: 427px) 100vw, 427px\" \/><\/p>\n<p>Le <strong>Collectif Boycott Apartheid Israel, EuroPalestine, l\u2019AFPS, l\u2019UJFP et Samidoun R\u00e9gion Parisienne<\/strong> \u00e9taient pr\u00e9sents sur le trajet pour manifester le soutien des habitants d\u2019\u00cele-de-France au peuple palestinien et \u00e0 sa r\u00e9sistance.<\/p>\n<p>Sur place, une quinzaine de policiers nous emp\u00eachent d\u2019acc\u00e9der \u00e0 l\u2019emplacement pr\u00e9vu. Nasse, contr\u00f4le d\u2019identit\u00e9, pressions\u2026 pendant plus de 2h nous avons \u00e9t\u00e9 tenus \u00e0 l\u2019\u00e9cart des autres spectateurs.<\/p>\n<blockquote class=\"twitter-tweet\" data-width=\"500\" data-dnt=\"true\">\n<p lang=\"fr\" dir=\"ltr\">\ud83d\udea8 La police nasse \u00e0 Paris des militants pro-palestiniens qui se mobilisent contre la pr\u00e9sence de l&#39;\u00e9quipe isra\u00e9lienne au Tour de France ! Non \u00e0 la criminalisation de la solidarit\u00e9 avec la Palestine, relayez largement ! <a href=\"https:\/\/twitter.com\/hashtag\/TDF2022?src=hash&amp;ref_src=twsrc%5Etfw\">#TDF2022<\/a> <a href=\"https:\/\/twitter.com\/hashtag\/IsraelApartheidTech?src=hash&amp;ref_src=twsrc%5Etfw\">#IsraelApartheidTech<\/a> <a href=\"https:\/\/t.co\/DSIpq0VsHe\">pic.twitter.com\/DSIpq0VsHe<\/a><\/p>\n<p>&mdash; Samidoun Paris Banlieue (@SamidounPB) <a href=\"https:\/\/twitter.com\/SamidounPB\/status\/1551230485501730817?ref_src=twsrc%5Etfw\">July 24, 2022<\/a><\/p><\/blockquote>\n<p><script async src=\"https:\/\/platform.twitter.com\/widgets.js\" charset=\"utf-8\"><\/script><\/p>\n<p>Mais tout cela n\u2019est qu\u2019un aveu de faiblesse de la part des soutiens de la politique de l\u2019occupation isra\u00e9lienne ! Une dizaine de drapeaux palestiniens et des bouquets de ballons suffisent \u00e0 les faire paniquer. Dans le m\u00eame temps, de nombreuses personnes n\u2019h\u00e9sitaient pas \u00e0 nous manifester leur soutien, en venant parler avec nous, en criant des slogans ou en nous saluant.<\/p>\n<p>Le m\u00eame jour, deux autres groupes ont r\u00e9ussi \u00e0 se positionner sur le parcours et \u00e0 brandir haut les couleurs palestiniennes. Le premier \u00e0 Puteaux par l\u2019<strong>AFPS<\/strong> et leurs soutiens, et un deuxi\u00e8me devant<strong> La Sorbonne<\/strong>.<\/p>\n<div id=\"attachment_41792\" style=\"width: 1034px\" class=\"wp-caption alignnone\"><img loading=\"lazy\" decoding=\"async\" aria-describedby=\"caption-attachment-41792\" class=\"wp-image-41792 size-full\" src=\"https:\/\/charleroi-pourlapalestine.be\/wp-content\/uploads\/2022\/07\/Tour-de-France.jpg\" alt=\"Mobilisation de l\u2019AFPS \u00e0 Puteaux.\" width=\"1024\" height=\"466\" srcset=\"https:\/\/charleroi-pourlapalestine.be\/wp-content\/uploads\/2022\/07\/Tour-de-France.jpg 1024w, https:\/\/charleroi-pourlapalestine.be\/wp-content\/uploads\/2022\/07\/Tour-de-France-300x137.jpg 300w, https:\/\/charleroi-pourlapalestine.be\/wp-content\/uploads\/2022\/07\/Tour-de-France-768x350.jpg 768w\" sizes=\"auto, (max-width: 1024px) 100vw, 1024px\" \/><p id=\"caption-attachment-41792\" class=\"wp-caption-text\">Mobilisation de l\u2019AFPS \u00e0 Puteaux.<\/p><\/div>\n<p>La veille, des messages de solidarit\u00e9 avec le peuple palestinien et pour le boycott d\u2019Isra\u00ebl ont \u00e9t\u00e9 vus \u00e0 Nanterre sur la route du Tour. Les inscriptions sont rest\u00e9es visibles plusieurs jours.<\/p>\n<blockquote class=\"twitter-tweet\" data-width=\"500\" data-dnt=\"true\">\n<p lang=\"fr\" dir=\"ltr\">\ud83c\uddf5\ud83c\uddf8 Dans la nuit de samedi \u00e0 dimanche, des messages en soutien \u00e0 la Palestine et pour le <a href=\"https:\/\/twitter.com\/hashtag\/BoycottIsrael?src=hash&amp;ref_src=twsrc%5Etfw\">#BoycottIsrael<\/a> ont \u00e9t\u00e9 vus \u00e0 Nanterre quelques heures avant le d\u00e9part de la derni\u00e8re \u00e9tape du Tour de France. <a href=\"https:\/\/twitter.com\/hashtag\/IsraelApartheidTech?src=hash&amp;ref_src=twsrc%5Etfw\">#IsraelApartheidTech<\/a> <a href=\"https:\/\/twitter.com\/hashtag\/TDF2022?src=hash&amp;ref_src=twsrc%5Etfw\">#TDF2022<\/a> <a href=\"https:\/\/t.co\/NTGYtBUS6z\">pic.twitter.com\/NTGYtBUS6z<\/a><\/p>\n<p>&mdash; Samidoun Paris Banlieue (@SamidounPB) <a href=\"https:\/\/twitter.com\/SamidounPB\/status\/1551518220238077952?ref_src=twsrc%5Etfw\">July 25, 2022<\/a><\/p><\/blockquote>\n<p><script async src=\"https:\/\/platform.twitter.com\/widgets.js\" charset=\"utf-8\"><\/script><\/p>\n<p>Sur toutes les routes du<strong> Tour de France<\/strong>, de nombreuses personnes ont fait flotter le drapeau palestinien, et parfois brandi les portraits de prisonniers palestiniens emprisonn\u00e9s actuellement en Isra\u00ebl ou en France comme <strong>Ahmad Saadat, Salah Hamouri, Georges Abdallah, Raed Rayan et Khalil Awawdeh.<\/strong><\/p>\n<p><img loading=\"lazy\" decoding=\"async\" class=\"alignnone wp-image-41796 size-full\" src=\"https:\/\/charleroi-pourlapalestine.be\/wp-content\/uploads\/2022\/07\/Grevistes-de-la-faim-e1658774897706.jpeg\" alt=\"\" width=\"427\" height=\"320\" srcset=\"https:\/\/charleroi-pourlapalestine.be\/wp-content\/uploads\/2022\/07\/Grevistes-de-la-faim-e1658774897706.jpeg 427w, https:\/\/charleroi-pourlapalestine.be\/wp-content\/uploads\/2022\/07\/Grevistes-de-la-faim-e1658774897706-300x225.jpeg 300w\" sizes=\"auto, (max-width: 427px) 100vw, 427px\" \/><\/p>\n<p>Partout, les soutiens de la Palestine, et de sa r\u00e9sistance, se sont mobilis\u00e9s pour s\u2019opposer au<strong> sportswashing<\/strong> de l\u2019\u00c9tat sioniste. Et nous saluons tou\u00b7te\u00b7s les organisations, collectifs et individu\u00b7e\u00b7s qui ont fait fleurir tous ces actes de solidarit\u00e9 partout en France.<br \/>\n<strong>De la mer au Jourdain : Palestine vivra, Palestine Vaincra !<\/strong><\/p>\n<p style=\"text-align: center;\">\u00b0\u00b0\u00b0\u00b0\u00b0<\/p>\n<p>Publi\u00e9 le 25 juillet 2022 sur<strong> <a href=\"https:\/\/samidoun.net\/fr\/2022\/07\/en-depit-de-la-repression-la-presence-de-lequipe-israelienne-au-tour-de-france-largement-denoncee-en-region-parisienne\/\" target=\"_blank\" rel=\"noopener\">Samidoun<\/a><\/strong><\/p>\n<p>Trouvez ici notre article : <a href=\"https:\/\/charleroi-pourlapalestine.be\/index.php\/2022\/07\/08\/action-reussie-a-cerfontaine-contre-la-presence-israelienne-au-tour-de-france\/\"><strong>Action r\u00e9ussie \u00e0 Cerfontaine contre la pr\u00e9sence isra\u00e9lienne au Tour de France<\/strong><\/a><\/p>\n","protected":false},"excerpt":{"rendered":"<p>Le Collectif Boycott Apartheid Israel, EuroPalestine, l\u2019AFPS, l\u2019UJFP et Samidoun R\u00e9gion Parisienne \u00e9taient pr\u00e9sents sur le trajet pour manifester le soutien des habitants d\u2019\u00cele-de-France au peuple palestinien et \u00e0 sa r\u00e9sistance<\/p>\n","protected":false},"author":1,"featured_media":41786,"comment_status":"closed","ping_status":"closed","sticky":false,"template":"","format":"standard","meta":{"ngg_post_thumbnail":0,"footnotes":""},"categories":[90,70,136],"tags":[],"class_list":["post-41784","post","type-post","status-publish","format-standard","has-post-thumbnail","hentry","category-bds","category-le-boycott-sportif","category-france"],"yoast_head":"<!-- This site is optimized with the Yoast SEO plugin v27.3 - https:\/\/yoast.com\/product\/yoast-seo-wordpress\/ -->\n<title>En d\u00e9pit de la r\u00e9pression, la pr\u00e9sence de l\u2019\u00e9quipe isra\u00e9lienne au Tour de France largement d\u00e9nonc\u00e9e en r\u00e9gion parisienne<\/title>\n<meta name=\"description\" content=\"En d\u00e9pit de la r\u00e9pression, la pr\u00e9sence de l\u2019\u00e9quipe isra\u00e9lienne au Tour de France largement d\u00e9nonc\u00e9e en r\u00e9gion parisienne\" \/>\n<meta name=\"robots\" content=\"index, follow, max-snippet:-1, max-image-preview:large, max-video-preview:-1\" \/>\n<link rel=\"canonical\" href=\"https:\/\/charleroi-pourlapalestine.be\/index.php\/2022\/07\/26\/en-depit-de-la-repression-la-presence-de-lequipe-israelienne-au-tour-de-france-largement-denoncee-en-region-parisienne\/\" \/>\n<script type=\"application\/ld+json\" class=\"yoast-schema-graph\">{\"@context\":\"https:\\\/\\\/schema.org\",\"@graph\":[{\"@type\":\"Article\",\"@id\":\"https:\\\/\\\/charleroi-pourlapalestine.be\\\/index.php\\\/2022\\\/07\\\/26\\\/en-depit-de-la-repression-la-presence-de-lequipe-israelienne-au-tour-de-france-largement-denoncee-en-region-parisienne\\\/#article\",\"isPartOf\":{\"@id\":\"https:\\\/\\\/charleroi-pourlapalestine.be\\\/index.php\\\/2022\\\/07\\\/26\\\/en-depit-de-la-repression-la-presence-de-lequipe-israelienne-au-tour-de-france-largement-denoncee-en-region-parisienne\\\/\"},\"author\":{\"name\":\"admin1873\",\"@id\":\"https:\\\/\\\/charleroi-pourlapalestine.be\\\/#\\\/schema\\\/person\\\/c19ff515112f1299d8c12671d8fe3faa\"},\"headline\":\"En d\u00e9pit de la r\u00e9pression, la pr\u00e9sence de l\u2019\u00e9quipe isra\u00e9lienne au Tour de France largement d\u00e9nonc\u00e9e en r\u00e9gion parisienne\",\"datePublished\":\"2022-07-26T07:37:07+00:00\",\"dateModified\":\"2022-07-26T07:40:10+00:00\",\"mainEntityOfPage\":{\"@id\":\"https:\\\/\\\/charleroi-pourlapalestine.be\\\/index.php\\\/2022\\\/07\\\/26\\\/en-depit-de-la-repression-la-presence-de-lequipe-israelienne-au-tour-de-france-largement-denoncee-en-region-parisienne\\\/\"},\"wordCount\":483,\"publisher\":{\"@id\":\"https:\\\/\\\/charleroi-pourlapalestine.be\\\/#organization\"},\"image\":{\"@id\":\"https:\\\/\\\/charleroi-pourlapalestine.be\\\/index.php\\\/2022\\\/07\\\/26\\\/en-depit-de-la-repression-la-presence-de-lequipe-israelienne-au-tour-de-france-largement-denoncee-en-region-parisienne\\\/#primaryimage\"},\"thumbnailUrl\":\"https:\\\/\\\/charleroi-pourlapalestine.be\\\/wp-content\\\/uploads\\\/2022\\\/07\\\/signal-2022-07-24-204105_004-e1658773584482.jpg\",\"articleSection\":[\"BDS\",\"Boycott sportif\",\"France\"],\"inLanguage\":\"fr-FR\"},{\"@type\":\"WebPage\",\"@id\":\"https:\\\/\\\/charleroi-pourlapalestine.be\\\/index.php\\\/2022\\\/07\\\/26\\\/en-depit-de-la-repression-la-presence-de-lequipe-israelienne-au-tour-de-france-largement-denoncee-en-region-parisienne\\\/\",\"url\":\"https:\\\/\\\/charleroi-pourlapalestine.be\\\/index.php\\\/2022\\\/07\\\/26\\\/en-depit-de-la-repression-la-presence-de-lequipe-israelienne-au-tour-de-france-largement-denoncee-en-region-parisienne\\\/\",\"name\":\"En d\u00e9pit de la r\u00e9pression, la pr\u00e9sence de l\u2019\u00e9quipe isra\u00e9lienne au Tour de France largement d\u00e9nonc\u00e9e en r\u00e9gion parisienne\",\"isPartOf\":{\"@id\":\"https:\\\/\\\/charleroi-pourlapalestine.be\\\/#website\"},\"primaryImageOfPage\":{\"@id\":\"https:\\\/\\\/charleroi-pourlapalestine.be\\\/index.php\\\/2022\\\/07\\\/26\\\/en-depit-de-la-repression-la-presence-de-lequipe-israelienne-au-tour-de-france-largement-denoncee-en-region-parisienne\\\/#primaryimage\"},\"image\":{\"@id\":\"https:\\\/\\\/charleroi-pourlapalestine.be\\\/index.php\\\/2022\\\/07\\\/26\\\/en-depit-de-la-repression-la-presence-de-lequipe-israelienne-au-tour-de-france-largement-denoncee-en-region-parisienne\\\/#primaryimage\"},\"thumbnailUrl\":\"https:\\\/\\\/charleroi-pourlapalestine.be\\\/wp-content\\\/uploads\\\/2022\\\/07\\\/signal-2022-07-24-204105_004-e1658773584482.jpg\",\"datePublished\":\"2022-07-26T07:37:07+00:00\",\"dateModified\":\"2022-07-26T07:40:10+00:00\",\"description\":\"En d\u00e9pit de la r\u00e9pression, la pr\u00e9sence de l\u2019\u00e9quipe isra\u00e9lienne au Tour de France largement d\u00e9nonc\u00e9e en r\u00e9gion parisienne\",\"breadcrumb\":{\"@id\":\"https:\\\/\\\/charleroi-pourlapalestine.be\\\/index.php\\\/2022\\\/07\\\/26\\\/en-depit-de-la-repression-la-presence-de-lequipe-israelienne-au-tour-de-france-largement-denoncee-en-region-parisienne\\\/#breadcrumb\"},\"inLanguage\":\"fr-FR\",\"potentialAction\":[{\"@type\":\"ReadAction\",\"target\":[\"https:\\\/\\\/charleroi-pourlapalestine.be\\\/index.php\\\/2022\\\/07\\\/26\\\/en-depit-de-la-repression-la-presence-de-lequipe-israelienne-au-tour-de-france-largement-denoncee-en-region-parisienne\\\/\"]}]},{\"@type\":\"ImageObject\",\"inLanguage\":\"fr-FR\",\"@id\":\"https:\\\/\\\/charleroi-pourlapalestine.be\\\/index.php\\\/2022\\\/07\\\/26\\\/en-depit-de-la-repression-la-presence-de-lequipe-israelienne-au-tour-de-france-largement-denoncee-en-region-parisienne\\\/#primaryimage\",\"url\":\"https:\\\/\\\/charleroi-pourlapalestine.be\\\/wp-content\\\/uploads\\\/2022\\\/07\\\/signal-2022-07-24-204105_004-e1658773584482.jpg\",\"contentUrl\":\"https:\\\/\\\/charleroi-pourlapalestine.be\\\/wp-content\\\/uploads\\\/2022\\\/07\\\/signal-2022-07-24-204105_004-e1658773584482.jpg\",\"width\":427,\"height\":320},{\"@type\":\"BreadcrumbList\",\"@id\":\"https:\\\/\\\/charleroi-pourlapalestine.be\\\/index.php\\\/2022\\\/07\\\/26\\\/en-depit-de-la-repression-la-presence-de-lequipe-israelienne-au-tour-de-france-largement-denoncee-en-region-parisienne\\\/#breadcrumb\",\"itemListElement\":[{\"@type\":\"ListItem\",\"position\":1,\"name\":\"Accueil\",\"item\":\"https:\\\/\\\/charleroi-pourlapalestine.be\\\/\"},{\"@type\":\"ListItem\",\"position\":2,\"name\":\"En d\u00e9pit de la r\u00e9pression, la pr\u00e9sence de l\u2019\u00e9quipe isra\u00e9lienne au Tour de France largement d\u00e9nonc\u00e9e en r\u00e9gion parisienne\"}]},{\"@type\":\"WebSite\",\"@id\":\"https:\\\/\\\/charleroi-pourlapalestine.be\\\/#website\",\"url\":\"https:\\\/\\\/charleroi-pourlapalestine.be\\\/\",\"name\":\"Charleroi Pour la Palestine\",\"description\":\"\",\"publisher\":{\"@id\":\"https:\\\/\\\/charleroi-pourlapalestine.be\\\/#organization\"},\"potentialAction\":[{\"@type\":\"SearchAction\",\"target\":{\"@type\":\"EntryPoint\",\"urlTemplate\":\"https:\\\/\\\/charleroi-pourlapalestine.be\\\/?s={search_term_string}\"},\"query-input\":{\"@type\":\"PropertyValueSpecification\",\"valueRequired\":true,\"valueName\":\"search_term_string\"}}],\"inLanguage\":\"fr-FR\"},{\"@type\":\"Organization\",\"@id\":\"https:\\\/\\\/charleroi-pourlapalestine.be\\\/#organization\",\"name\":\"Plate-forme Charleroi-Palestine\",\"url\":\"https:\\\/\\\/charleroi-pourlapalestine.be\\\/\",\"logo\":{\"@type\":\"ImageObject\",\"inLanguage\":\"fr-FR\",\"@id\":\"https:\\\/\\\/charleroi-pourlapalestine.be\\\/#\\\/schema\\\/logo\\\/image\\\/\",\"url\":\"https:\\\/\\\/charleroi-pourlapalestine.be\\\/wp-content\\\/uploads\\\/2020\\\/01\\\/logo-Copy.jpg\",\"contentUrl\":\"https:\\\/\\\/charleroi-pourlapalestine.be\\\/wp-content\\\/uploads\\\/2020\\\/01\\\/logo-Copy.jpg\",\"width\":180,\"height\":180,\"caption\":\"Plate-forme Charleroi-Palestine\"},\"image\":{\"@id\":\"https:\\\/\\\/charleroi-pourlapalestine.be\\\/#\\\/schema\\\/logo\\\/image\\\/\"},\"sameAs\":[\"https:\\\/\\\/www.facebook.com\\\/PlateformeCharleroiPalestine\\\/\",\"https:\\\/\\\/x.com\\\/LaCharleroi\"]},{\"@type\":\"Person\",\"@id\":\"https:\\\/\\\/charleroi-pourlapalestine.be\\\/#\\\/schema\\\/person\\\/c19ff515112f1299d8c12671d8fe3faa\",\"name\":\"admin1873\",\"url\":\"https:\\\/\\\/charleroi-pourlapalestine.be\\\/index.php\\\/author\\\/admin1873\\\/\"}]}<\/script>\n<!-- \/ Yoast SEO plugin. -->","yoast_head_json":{"title":"En d\u00e9pit de la r\u00e9pression, la pr\u00e9sence de l\u2019\u00e9quipe isra\u00e9lienne au Tour de France largement d\u00e9nonc\u00e9e en r\u00e9gion parisienne","description":"En d\u00e9pit de la r\u00e9pression, la pr\u00e9sence de l\u2019\u00e9quipe isra\u00e9lienne au Tour de France largement d\u00e9nonc\u00e9e en r\u00e9gion parisienne","robots":{"index":"index","follow":"follow","max-snippet":"max-snippet:-1","max-image-preview":"max-image-preview:large","max-video-preview":"max-video-preview:-1"},"canonical":"https:\/\/charleroi-pourlapalestine.be\/index.php\/2022\/07\/26\/en-depit-de-la-repression-la-presence-de-lequipe-israelienne-au-tour-de-france-largement-denoncee-en-region-parisienne\/","schema":{"@context":"https:\/\/schema.org","@graph":[{"@type":"Article","@id":"https:\/\/charleroi-pourlapalestine.be\/index.php\/2022\/07\/26\/en-depit-de-la-repression-la-presence-de-lequipe-israelienne-au-tour-de-france-largement-denoncee-en-region-parisienne\/#article","isPartOf":{"@id":"https:\/\/charleroi-pourlapalestine.be\/index.php\/2022\/07\/26\/en-depit-de-la-repression-la-presence-de-lequipe-israelienne-au-tour-de-france-largement-denoncee-en-region-parisienne\/"},"author":{"name":"admin1873","@id":"https:\/\/charleroi-pourlapalestine.be\/#\/schema\/person\/c19ff515112f1299d8c12671d8fe3faa"},"headline":"En d\u00e9pit de la r\u00e9pression, la pr\u00e9sence de l\u2019\u00e9quipe isra\u00e9lienne au Tour de France largement d\u00e9nonc\u00e9e en r\u00e9gion parisienne","datePublished":"2022-07-26T07:37:07+00:00","dateModified":"2022-07-26T07:40:10+00:00","mainEntityOfPage":{"@id":"https:\/\/charleroi-pourlapalestine.be\/index.php\/2022\/07\/26\/en-depit-de-la-repression-la-presence-de-lequipe-israelienne-au-tour-de-france-largement-denoncee-en-region-parisienne\/"},"wordCount":483,"publisher":{"@id":"https:\/\/charleroi-pourlapalestine.be\/#organization"},"image":{"@id":"https:\/\/charleroi-pourlapalestine.be\/index.php\/2022\/07\/26\/en-depit-de-la-repression-la-presence-de-lequipe-israelienne-au-tour-de-france-largement-denoncee-en-region-parisienne\/#primaryimage"},"thumbnailUrl":"https:\/\/charleroi-pourlapalestine.be\/wp-content\/uploads\/2022\/07\/signal-2022-07-24-204105_004-e1658773584482.jpg","articleSection":["BDS","Boycott sportif","France"],"inLanguage":"fr-FR"},{"@type":"WebPage","@id":"https:\/\/charleroi-pourlapalestine.be\/index.php\/2022\/07\/26\/en-depit-de-la-repression-la-presence-de-lequipe-israelienne-au-tour-de-france-largement-denoncee-en-region-parisienne\/","url":"https:\/\/charleroi-pourlapalestine.be\/index.php\/2022\/07\/26\/en-depit-de-la-repression-la-presence-de-lequipe-israelienne-au-tour-de-france-largement-denoncee-en-region-parisienne\/","name":"En d\u00e9pit de la r\u00e9pression, la pr\u00e9sence de l\u2019\u00e9quipe isra\u00e9lienne au Tour de France largement d\u00e9nonc\u00e9e en r\u00e9gion parisienne","isPartOf":{"@id":"https:\/\/charleroi-pourlapalestine.be\/#website"},"primaryImageOfPage":{"@id":"https:\/\/charleroi-pourlapalestine.be\/index.php\/2022\/07\/26\/en-depit-de-la-repression-la-presence-de-lequipe-israelienne-au-tour-de-france-largement-denoncee-en-region-parisienne\/#primaryimage"},"image":{"@id":"https:\/\/charleroi-pourlapalestine.be\/index.php\/2022\/07\/26\/en-depit-de-la-repression-la-presence-de-lequipe-israelienne-au-tour-de-france-largement-denoncee-en-region-parisienne\/#primaryimage"},"thumbnailUrl":"https:\/\/charleroi-pourlapalestine.be\/wp-content\/uploads\/2022\/07\/signal-2022-07-24-204105_004-e1658773584482.jpg","datePublished":"2022-07-26T07:37:07+00:00","dateModified":"2022-07-26T07:40:10+00:00","description":"En d\u00e9pit de la r\u00e9pression, la pr\u00e9sence de l\u2019\u00e9quipe isra\u00e9lienne au Tour de France largement d\u00e9nonc\u00e9e en r\u00e9gion parisienne","breadcrumb":{"@id":"https:\/\/charleroi-pourlapalestine.be\/index.php\/2022\/07\/26\/en-depit-de-la-repression-la-presence-de-lequipe-israelienne-au-tour-de-france-largement-denoncee-en-region-parisienne\/#breadcrumb"},"inLanguage":"fr-FR","potentialAction":[{"@type":"ReadAction","target":["https:\/\/charleroi-pourlapalestine.be\/index.php\/2022\/07\/26\/en-depit-de-la-repression-la-presence-de-lequipe-israelienne-au-tour-de-france-largement-denoncee-en-region-parisienne\/"]}]},{"@type":"ImageObject","inLanguage":"fr-FR","@id":"https:\/\/charleroi-pourlapalestine.be\/index.php\/2022\/07\/26\/en-depit-de-la-repression-la-presence-de-lequipe-israelienne-au-tour-de-france-largement-denoncee-en-region-parisienne\/#primaryimage","url":"https:\/\/charleroi-pourlapalestine.be\/wp-content\/uploads\/2022\/07\/signal-2022-07-24-204105_004-e1658773584482.jpg","contentUrl":"https:\/\/charleroi-pourlapalestine.be\/wp-content\/uploads\/2022\/07\/signal-2022-07-24-204105_004-e1658773584482.jpg","width":427,"height":320},{"@type":"BreadcrumbList","@id":"https:\/\/charleroi-pourlapalestine.be\/index.php\/2022\/07\/26\/en-depit-de-la-repression-la-presence-de-lequipe-israelienne-au-tour-de-france-largement-denoncee-en-region-parisienne\/#breadcrumb","itemListElement":[{"@type":"ListItem","position":1,"name":"Accueil","item":"https:\/\/charleroi-pourlapalestine.be\/"},{"@type":"ListItem","position":2,"name":"En d\u00e9pit de la r\u00e9pression, la pr\u00e9sence de l\u2019\u00e9quipe isra\u00e9lienne au Tour de France largement d\u00e9nonc\u00e9e en r\u00e9gion parisienne"}]},{"@type":"WebSite","@id":"https:\/\/charleroi-pourlapalestine.be\/#website","url":"https:\/\/charleroi-pourlapalestine.be\/","name":"Charleroi Pour la Palestine","description":"","publisher":{"@id":"https:\/\/charleroi-pourlapalestine.be\/#organization"},"potentialAction":[{"@type":"SearchAction","target":{"@type":"EntryPoint","urlTemplate":"https:\/\/charleroi-pourlapalestine.be\/?s={search_term_string}"},"query-input":{"@type":"PropertyValueSpecification","valueRequired":true,"valueName":"search_term_string"}}],"inLanguage":"fr-FR"},{"@type":"Organization","@id":"https:\/\/charleroi-pourlapalestine.be\/#organization","name":"Plate-forme Charleroi-Palestine","url":"https:\/\/charleroi-pourlapalestine.be\/","logo":{"@type":"ImageObject","inLanguage":"fr-FR","@id":"https:\/\/charleroi-pourlapalestine.be\/#\/schema\/logo\/image\/","url":"https:\/\/charleroi-pourlapalestine.be\/wp-content\/uploads\/2020\/01\/logo-Copy.jpg","contentUrl":"https:\/\/charleroi-pourlapalestine.be\/wp-content\/uploads\/2020\/01\/logo-Copy.jpg","width":180,"height":180,"caption":"Plate-forme Charleroi-Palestine"},"image":{"@id":"https:\/\/charleroi-pourlapalestine.be\/#\/schema\/logo\/image\/"},"sameAs":["https:\/\/www.facebook.com\/PlateformeCharleroiPalestine\/","https:\/\/x.com\/LaCharleroi"]},{"@type":"Person","@id":"https:\/\/charleroi-pourlapalestine.be\/#\/schema\/person\/c19ff515112f1299d8c12671d8fe3faa","name":"admin1873","url":"https:\/\/charleroi-pourlapalestine.be\/index.php\/author\/admin1873\/"}]}},"_links":{"self":[{"href":"https:\/\/charleroi-pourlapalestine.be\/index.php\/wp-json\/wp\/v2\/posts\/41784","targetHints":{"allow":["GET"]}}],"collection":[{"href":"https:\/\/charleroi-pourlapalestine.be\/index.php\/wp-json\/wp\/v2\/posts"}],"about":[{"href":"https:\/\/charleroi-pourlapalestine.be\/index.php\/wp-json\/wp\/v2\/types\/post"}],"author":[{"embeddable":true,"href":"https:\/\/charleroi-pourlapalestine.be\/index.php\/wp-json\/wp\/v2\/users\/1"}],"replies":[{"embeddable":true,"href":"https:\/\/charleroi-pourlapalestine.be\/index.php\/wp-json\/wp\/v2\/comments?post=41784"}],"version-history":[{"count":0,"href":"https:\/\/charleroi-pourlapalestine.be\/index.php\/wp-json\/wp\/v2\/posts\/41784\/revisions"}],"wp:featuredmedia":[{"embeddable":true,"href":"https:\/\/charleroi-pourlapalestine.be\/index.php\/wp-json\/wp\/v2\/media\/41786"}],"wp:attachment":[{"href":"https:\/\/charleroi-pourlapalestine.be\/index.php\/wp-json\/wp\/v2\/media?parent=41784"}],"wp:term":[{"taxonomy":"category","embeddable":true,"href":"https:\/\/charleroi-pourlapalestine.be\/index.php\/wp-json\/wp\/v2\/categories?post=41784"},{"taxonomy":"post_tag","embeddable":true,"href":"https:\/\/charleroi-pourlapalestine.be\/index.php\/wp-json\/wp\/v2\/tags?post=41784"}],"curies":[{"name":"wp","href":"https:\/\/api.w.org\/{rel}","templated":true}]}}