{"id":41811,"date":"2022-07-26T17:29:24","date_gmt":"2022-07-26T15:29:24","guid":{"rendered":"https:\/\/charleroi-pourlapalestine.be\/?p=41811"},"modified":"2022-07-26T17:30:34","modified_gmt":"2022-07-26T15:30:34","slug":"plusieurs-morts-apres-les-toutes-dernieres-frappes-aeriennes-disrael-contre-damas","status":"publish","type":"post","link":"https:\/\/charleroi-pourlapalestine.be\/index.php\/2022\/07\/26\/plusieurs-morts-apres-les-toutes-dernieres-frappes-aeriennes-disrael-contre-damas\/","title":{"rendered":"Plusieurs morts apr\u00e8s les toutes derni\u00e8res frappes a\u00e9riennes d\u2019Isra\u00ebl contre Damas"},"content":{"rendered":"<p>Depuis 2017, Isra\u00ebl a effectu\u00e9 plus de 400 frappes a\u00e9riennes contre le sol syrien.<\/p>\n<div id=\"attachment_41815\" style=\"width: 579px\" class=\"wp-caption aligncenter\"><img loading=\"lazy\" decoding=\"async\" aria-describedby=\"caption-attachment-41815\" class=\"wp-image-41815 size-full\" src=\"https:\/\/charleroi-pourlapalestine.be\/wp-content\/uploads\/2022\/07\/Syrian-air-defense-e1658848479346.jpg\" alt=\"\" width=\"569\" height=\"320\" srcset=\"https:\/\/charleroi-pourlapalestine.be\/wp-content\/uploads\/2022\/07\/Syrian-air-defense-e1658848479346.jpg 569w, https:\/\/charleroi-pourlapalestine.be\/wp-content\/uploads\/2022\/07\/Syrian-air-defense-e1658848479346-300x169.jpg 300w\" sizes=\"auto, (max-width: 569px) 100vw, 569px\" \/><p id=\"caption-attachment-41815\" class=\"wp-caption-text\">Les syst\u00e8mes syriens de d\u00e9fense antia\u00e9rienne sont confront\u00e9s aux frappes isra\u00e9liennes. (Photo : AP)<\/p><\/div>\n<p>Isra\u00ebl a lanc\u00e9 une nouvelle s\u00e9rie de frappes a\u00e9riennes dans les environs de la capitale syrienne,<strong> Damas<\/strong>, au cours des premi\u00e8res heures du 22 juillet, t<strong>uant quatre soldats de l\u2019Arm\u00e9e arabe syrienne (SAA) et en blessant au moins une dizaine d\u2019autres.<\/strong><\/p>\n<p>L\u2019attaque provenait des<strong> hauteurs du Golan occup\u00e9es par Isra\u00ebl<\/strong> et elle visait sp\u00e9cifiquement des unit\u00e9s syriennes de d\u00e9fense antia\u00e9rienne.<\/p>\n<p>Selon des sources locales, deux v\u00e9hicules antia\u00e9riens, dont un Pantsir et un S-125 Neva\/Pechora, ont \u00e9t\u00e9 d\u00e9truits au cours de l\u2019attaque et leurs occupants ont \u00e9t\u00e9 tu\u00e9s.<\/p>\n<p>La SAA a ajout\u00e9 que ses syst\u00e8mes de d\u00e9fense terre-air \u00e9taient en mesure d\u2019abattre la plupart des missiles isra\u00e9liens.<\/p>\n<blockquote><p>\u00ab Les explosions ont \u00e9t\u00e9 entendues \u00e0 Damas et dans ses environs suite aux frappes a\u00e9riennes isra\u00e9liennes contre des sites militaires \u00bb,<\/p><\/blockquote>\n<p>a rapport\u00e9 vendredi, tr\u00e8s t\u00f4t le matin, l\u2019<strong>Observatoire syrien des droits de l\u2019homme (SOHR<\/strong>), install\u00e9 en Grande-Bretagne.<\/p>\n<p>Le SOHR a encore fait savoir que les cibles de l\u2019attaque comprenaient les <strong>bureaux des renseignements des forces a\u00e9riennes syriennes<\/strong> ainsi que le<strong> bureau d\u2019un officier sup\u00e9rieur de la SAA.<\/strong><\/p>\n<p>Le mois dernier, <em>The Wall Street Journal <\/em>a r\u00e9v\u00e9l\u00e9 que, depuis 2017, Isra\u00ebl avait effectu\u00e9 plus de 400 frappes a\u00e9riennes sur le sol syrien et ce, en violation des lois internationales.<\/p>\n<p>L\u2019une des plus d\u00e9vastatrices de ces frappes a eu lieu le 10 juin, quand des missiles isra\u00e9liens ont vis\u00e9<strong> les pistes et autres infrastructures de l\u2019a\u00e9roport international de Damas,<\/strong> for\u00e7ant celui-ci \u00e0 fermer ses portes pendant plusieurs semaines.<\/p>\n<p><strong>L\u2019a\u00e9roport international de Damas<\/strong> est une ligne de d\u00e9fense cl\u00e9 entre l\u2019<strong>Iran<\/strong> et d<strong>iverses organisations de r\u00e9sistance au Liban et en Palestine<\/strong>, qui re\u00e7oivent de l\u2019aide militaire, financi\u00e8re et d\u2019autres formes de soutien via la Syrie.<\/p>\n<p>Alors que Tel-Aviv commente rarement ses attaques individuelles contre la Syrie, il a reconnu qu\u2019il visait des positions suppos\u00e9es occup\u00e9es par des milices soutenues par l\u2019Iran et combattant sur le site de Damas.<\/p>\n<p>Le mois dernier, dans une lettre adress\u00e9e \u00e0 l\u2019ONU, l<strong>e minist\u00e8re syrien des Affaires \u00e9trang\u00e8res a demand\u00e9 que l\u2019ONU exprime une condamnation<em> \u00ab claire \u00bb<\/em> des fr\u00e9quentes frappes a\u00e9riennes d\u2019Isra\u00ebl sur son territoire.<\/strong><\/p>\n<p>La guerre en Syrie, soutenue par les EU, a tu\u00e9 pr\u00e8s d\u2019un demi-million de personnes depuis 2011 et elle a d\u00e9port\u00e9 \u00e0 peu pr\u00e8s la moiti\u00e9 de la population du pays avant la guerre, cr\u00e9ant de la sorte une grave crise des r\u00e9fugi\u00e9s dans la r\u00e9gion.<\/p>\n<p style=\"text-align: center;\">\u00b0\u00b0\u00b0\u00b0\u00b0<\/p>\n<p>Publi\u00e9 le 22 juillet 2022 sur <a href=\"https:\/\/thecradle.co\/Article\/news\/13346\" target=\"_blank\" rel=\"noopener\">The Craddle<\/a><br \/>\nTraduction : Jean-Marie Fl\u00e9mal, <a href=\"https:\/\/charleroi-pourlapalestine.be\/\">Charleroi pour la Palestine<\/a><\/p>\n<p>&nbsp;<\/p>\n","protected":false},"excerpt":{"rendered":"<p>Depuis 2017, Isra\u00ebl a effectu\u00e9 plus de 400 frappes a\u00e9riennes contre le sol syrien.<\/p>\n","protected":false},"author":1,"featured_media":41815,"comment_status":"closed","ping_status":"closed","sticky":false,"template":"","format":"standard","meta":{"ngg_post_thumbnail":0,"footnotes":""},"categories":[126,194],"tags":[],"class_list":["post-41811","post","type-post","status-publish","format-standard","has-post-thumbnail","hentry","category-israel","category-syrie"],"yoast_head":"<!-- This site is optimized with the Yoast SEO plugin v27.3 - https:\/\/yoast.com\/product\/yoast-seo-wordpress\/ -->\n<title>Plusieurs morts apr\u00e8s les toutes derni\u00e8res frappes a\u00e9riennes d\u2019Isra\u00ebl contre Damas<\/title>\n<meta name=\"description\" content=\"Depuis 2017, Isra\u00ebl a effectu\u00e9 plus de 400 frappes a\u00e9riennes contre le sol syrien.\" \/>\n<meta name=\"robots\" content=\"index, follow, max-snippet:-1, max-image-preview:large, max-video-preview:-1\" \/>\n<link rel=\"canonical\" href=\"https:\/\/charleroi-pourlapalestine.be\/index.php\/2022\/07\/26\/plusieurs-morts-apres-les-toutes-dernieres-frappes-aeriennes-disrael-contre-damas\/\" \/>\n<script type=\"application\/ld+json\" class=\"yoast-schema-graph\">{\"@context\":\"https:\\\/\\\/schema.org\",\"@graph\":[{\"@type\":\"Article\",\"@id\":\"https:\\\/\\\/charleroi-pourlapalestine.be\\\/index.php\\\/2022\\\/07\\\/26\\\/plusieurs-morts-apres-les-toutes-dernieres-frappes-aeriennes-disrael-contre-damas\\\/#article\",\"isPartOf\":{\"@id\":\"https:\\\/\\\/charleroi-pourlapalestine.be\\\/index.php\\\/2022\\\/07\\\/26\\\/plusieurs-morts-apres-les-toutes-dernieres-frappes-aeriennes-disrael-contre-damas\\\/\"},\"author\":{\"name\":\"admin1873\",\"@id\":\"https:\\\/\\\/charleroi-pourlapalestine.be\\\/#\\\/schema\\\/person\\\/c19ff515112f1299d8c12671d8fe3faa\"},\"headline\":\"Plusieurs morts apr\u00e8s les toutes derni\u00e8res frappes a\u00e9riennes d\u2019Isra\u00ebl contre Damas\",\"datePublished\":\"2022-07-26T15:29:24+00:00\",\"dateModified\":\"2022-07-26T15:30:34+00:00\",\"mainEntityOfPage\":{\"@id\":\"https:\\\/\\\/charleroi-pourlapalestine.be\\\/index.php\\\/2022\\\/07\\\/26\\\/plusieurs-morts-apres-les-toutes-dernieres-frappes-aeriennes-disrael-contre-damas\\\/\"},\"wordCount\":523,\"publisher\":{\"@id\":\"https:\\\/\\\/charleroi-pourlapalestine.be\\\/#organization\"},\"image\":{\"@id\":\"https:\\\/\\\/charleroi-pourlapalestine.be\\\/index.php\\\/2022\\\/07\\\/26\\\/plusieurs-morts-apres-les-toutes-dernieres-frappes-aeriennes-disrael-contre-damas\\\/#primaryimage\"},\"thumbnailUrl\":\"https:\\\/\\\/charleroi-pourlapalestine.be\\\/wp-content\\\/uploads\\\/2022\\\/07\\\/Syrian-air-defense-e1658848479346.jpg\",\"articleSection\":[\"Isra\u00ebl\",\"Syrie\"],\"inLanguage\":\"fr-FR\"},{\"@type\":\"WebPage\",\"@id\":\"https:\\\/\\\/charleroi-pourlapalestine.be\\\/index.php\\\/2022\\\/07\\\/26\\\/plusieurs-morts-apres-les-toutes-dernieres-frappes-aeriennes-disrael-contre-damas\\\/\",\"url\":\"https:\\\/\\\/charleroi-pourlapalestine.be\\\/index.php\\\/2022\\\/07\\\/26\\\/plusieurs-morts-apres-les-toutes-dernieres-frappes-aeriennes-disrael-contre-damas\\\/\",\"name\":\"Plusieurs morts apr\u00e8s les toutes derni\u00e8res frappes a\u00e9riennes d\u2019Isra\u00ebl contre Damas\",\"isPartOf\":{\"@id\":\"https:\\\/\\\/charleroi-pourlapalestine.be\\\/#website\"},\"primaryImageOfPage\":{\"@id\":\"https:\\\/\\\/charleroi-pourlapalestine.be\\\/index.php\\\/2022\\\/07\\\/26\\\/plusieurs-morts-apres-les-toutes-dernieres-frappes-aeriennes-disrael-contre-damas\\\/#primaryimage\"},\"image\":{\"@id\":\"https:\\\/\\\/charleroi-pourlapalestine.be\\\/index.php\\\/2022\\\/07\\\/26\\\/plusieurs-morts-apres-les-toutes-dernieres-frappes-aeriennes-disrael-contre-damas\\\/#primaryimage\"},\"thumbnailUrl\":\"https:\\\/\\\/charleroi-pourlapalestine.be\\\/wp-content\\\/uploads\\\/2022\\\/07\\\/Syrian-air-defense-e1658848479346.jpg\",\"datePublished\":\"2022-07-26T15:29:24+00:00\",\"dateModified\":\"2022-07-26T15:30:34+00:00\",\"description\":\"Depuis 2017, Isra\u00ebl a effectu\u00e9 plus de 400 frappes a\u00e9riennes contre le sol syrien.\",\"breadcrumb\":{\"@id\":\"https:\\\/\\\/charleroi-pourlapalestine.be\\\/index.php\\\/2022\\\/07\\\/26\\\/plusieurs-morts-apres-les-toutes-dernieres-frappes-aeriennes-disrael-contre-damas\\\/#breadcrumb\"},\"inLanguage\":\"fr-FR\",\"potentialAction\":[{\"@type\":\"ReadAction\",\"target\":[\"https:\\\/\\\/charleroi-pourlapalestine.be\\\/index.php\\\/2022\\\/07\\\/26\\\/plusieurs-morts-apres-les-toutes-dernieres-frappes-aeriennes-disrael-contre-damas\\\/\"]}]},{\"@type\":\"ImageObject\",\"inLanguage\":\"fr-FR\",\"@id\":\"https:\\\/\\\/charleroi-pourlapalestine.be\\\/index.php\\\/2022\\\/07\\\/26\\\/plusieurs-morts-apres-les-toutes-dernieres-frappes-aeriennes-disrael-contre-damas\\\/#primaryimage\",\"url\":\"https:\\\/\\\/charleroi-pourlapalestine.be\\\/wp-content\\\/uploads\\\/2022\\\/07\\\/Syrian-air-defense-e1658848479346.jpg\",\"contentUrl\":\"https:\\\/\\\/charleroi-pourlapalestine.be\\\/wp-content\\\/uploads\\\/2022\\\/07\\\/Syrian-air-defense-e1658848479346.jpg\",\"width\":569,\"height\":320},{\"@type\":\"BreadcrumbList\",\"@id\":\"https:\\\/\\\/charleroi-pourlapalestine.be\\\/index.php\\\/2022\\\/07\\\/26\\\/plusieurs-morts-apres-les-toutes-dernieres-frappes-aeriennes-disrael-contre-damas\\\/#breadcrumb\",\"itemListElement\":[{\"@type\":\"ListItem\",\"position\":1,\"name\":\"Accueil\",\"item\":\"https:\\\/\\\/charleroi-pourlapalestine.be\\\/\"},{\"@type\":\"ListItem\",\"position\":2,\"name\":\"Plusieurs morts apr\u00e8s les toutes derni\u00e8res frappes a\u00e9riennes d\u2019Isra\u00ebl contre Damas\"}]},{\"@type\":\"WebSite\",\"@id\":\"https:\\\/\\\/charleroi-pourlapalestine.be\\\/#website\",\"url\":\"https:\\\/\\\/charleroi-pourlapalestine.be\\\/\",\"name\":\"Charleroi Pour la Palestine\",\"description\":\"\",\"publisher\":{\"@id\":\"https:\\\/\\\/charleroi-pourlapalestine.be\\\/#organization\"},\"potentialAction\":[{\"@type\":\"SearchAction\",\"target\":{\"@type\":\"EntryPoint\",\"urlTemplate\":\"https:\\\/\\\/charleroi-pourlapalestine.be\\\/?s={search_term_string}\"},\"query-input\":{\"@type\":\"PropertyValueSpecification\",\"valueRequired\":true,\"valueName\":\"search_term_string\"}}],\"inLanguage\":\"fr-FR\"},{\"@type\":\"Organization\",\"@id\":\"https:\\\/\\\/charleroi-pourlapalestine.be\\\/#organization\",\"name\":\"Plate-forme Charleroi-Palestine\",\"url\":\"https:\\\/\\\/charleroi-pourlapalestine.be\\\/\",\"logo\":{\"@type\":\"ImageObject\",\"inLanguage\":\"fr-FR\",\"@id\":\"https:\\\/\\\/charleroi-pourlapalestine.be\\\/#\\\/schema\\\/logo\\\/image\\\/\",\"url\":\"https:\\\/\\\/charleroi-pourlapalestine.be\\\/wp-content\\\/uploads\\\/2020\\\/01\\\/logo-Copy.jpg\",\"contentUrl\":\"https:\\\/\\\/charleroi-pourlapalestine.be\\\/wp-content\\\/uploads\\\/2020\\\/01\\\/logo-Copy.jpg\",\"width\":180,\"height\":180,\"caption\":\"Plate-forme Charleroi-Palestine\"},\"image\":{\"@id\":\"https:\\\/\\\/charleroi-pourlapalestine.be\\\/#\\\/schema\\\/logo\\\/image\\\/\"},\"sameAs\":[\"https:\\\/\\\/www.facebook.com\\\/PlateformeCharleroiPalestine\\\/\",\"https:\\\/\\\/x.com\\\/LaCharleroi\"]},{\"@type\":\"Person\",\"@id\":\"https:\\\/\\\/charleroi-pourlapalestine.be\\\/#\\\/schema\\\/person\\\/c19ff515112f1299d8c12671d8fe3faa\",\"name\":\"admin1873\",\"url\":\"https:\\\/\\\/charleroi-pourlapalestine.be\\\/index.php\\\/author\\\/admin1873\\\/\"}]}<\/script>\n<!-- \/ Yoast SEO plugin. -->","yoast_head_json":{"title":"Plusieurs morts apr\u00e8s les toutes derni\u00e8res frappes a\u00e9riennes d\u2019Isra\u00ebl contre Damas","description":"Depuis 2017, Isra\u00ebl a effectu\u00e9 plus de 400 frappes a\u00e9riennes contre le sol syrien.","robots":{"index":"index","follow":"follow","max-snippet":"max-snippet:-1","max-image-preview":"max-image-preview:large","max-video-preview":"max-video-preview:-1"},"canonical":"https:\/\/charleroi-pourlapalestine.be\/index.php\/2022\/07\/26\/plusieurs-morts-apres-les-toutes-dernieres-frappes-aeriennes-disrael-contre-damas\/","schema":{"@context":"https:\/\/schema.org","@graph":[{"@type":"Article","@id":"https:\/\/charleroi-pourlapalestine.be\/index.php\/2022\/07\/26\/plusieurs-morts-apres-les-toutes-dernieres-frappes-aeriennes-disrael-contre-damas\/#article","isPartOf":{"@id":"https:\/\/charleroi-pourlapalestine.be\/index.php\/2022\/07\/26\/plusieurs-morts-apres-les-toutes-dernieres-frappes-aeriennes-disrael-contre-damas\/"},"author":{"name":"admin1873","@id":"https:\/\/charleroi-pourlapalestine.be\/#\/schema\/person\/c19ff515112f1299d8c12671d8fe3faa"},"headline":"Plusieurs morts apr\u00e8s les toutes derni\u00e8res frappes a\u00e9riennes d\u2019Isra\u00ebl contre Damas","datePublished":"2022-07-26T15:29:24+00:00","dateModified":"2022-07-26T15:30:34+00:00","mainEntityOfPage":{"@id":"https:\/\/charleroi-pourlapalestine.be\/index.php\/2022\/07\/26\/plusieurs-morts-apres-les-toutes-dernieres-frappes-aeriennes-disrael-contre-damas\/"},"wordCount":523,"publisher":{"@id":"https:\/\/charleroi-pourlapalestine.be\/#organization"},"image":{"@id":"https:\/\/charleroi-pourlapalestine.be\/index.php\/2022\/07\/26\/plusieurs-morts-apres-les-toutes-dernieres-frappes-aeriennes-disrael-contre-damas\/#primaryimage"},"thumbnailUrl":"https:\/\/charleroi-pourlapalestine.be\/wp-content\/uploads\/2022\/07\/Syrian-air-defense-e1658848479346.jpg","articleSection":["Isra\u00ebl","Syrie"],"inLanguage":"fr-FR"},{"@type":"WebPage","@id":"https:\/\/charleroi-pourlapalestine.be\/index.php\/2022\/07\/26\/plusieurs-morts-apres-les-toutes-dernieres-frappes-aeriennes-disrael-contre-damas\/","url":"https:\/\/charleroi-pourlapalestine.be\/index.php\/2022\/07\/26\/plusieurs-morts-apres-les-toutes-dernieres-frappes-aeriennes-disrael-contre-damas\/","name":"Plusieurs morts apr\u00e8s les toutes derni\u00e8res frappes a\u00e9riennes d\u2019Isra\u00ebl contre Damas","isPartOf":{"@id":"https:\/\/charleroi-pourlapalestine.be\/#website"},"primaryImageOfPage":{"@id":"https:\/\/charleroi-pourlapalestine.be\/index.php\/2022\/07\/26\/plusieurs-morts-apres-les-toutes-dernieres-frappes-aeriennes-disrael-contre-damas\/#primaryimage"},"image":{"@id":"https:\/\/charleroi-pourlapalestine.be\/index.php\/2022\/07\/26\/plusieurs-morts-apres-les-toutes-dernieres-frappes-aeriennes-disrael-contre-damas\/#primaryimage"},"thumbnailUrl":"https:\/\/charleroi-pourlapalestine.be\/wp-content\/uploads\/2022\/07\/Syrian-air-defense-e1658848479346.jpg","datePublished":"2022-07-26T15:29:24+00:00","dateModified":"2022-07-26T15:30:34+00:00","description":"Depuis 2017, Isra\u00ebl a effectu\u00e9 plus de 400 frappes a\u00e9riennes contre le sol syrien.","breadcrumb":{"@id":"https:\/\/charleroi-pourlapalestine.be\/index.php\/2022\/07\/26\/plusieurs-morts-apres-les-toutes-dernieres-frappes-aeriennes-disrael-contre-damas\/#breadcrumb"},"inLanguage":"fr-FR","potentialAction":[{"@type":"ReadAction","target":["https:\/\/charleroi-pourlapalestine.be\/index.php\/2022\/07\/26\/plusieurs-morts-apres-les-toutes-dernieres-frappes-aeriennes-disrael-contre-damas\/"]}]},{"@type":"ImageObject","inLanguage":"fr-FR","@id":"https:\/\/charleroi-pourlapalestine.be\/index.php\/2022\/07\/26\/plusieurs-morts-apres-les-toutes-dernieres-frappes-aeriennes-disrael-contre-damas\/#primaryimage","url":"https:\/\/charleroi-pourlapalestine.be\/wp-content\/uploads\/2022\/07\/Syrian-air-defense-e1658848479346.jpg","contentUrl":"https:\/\/charleroi-pourlapalestine.be\/wp-content\/uploads\/2022\/07\/Syrian-air-defense-e1658848479346.jpg","width":569,"height":320},{"@type":"BreadcrumbList","@id":"https:\/\/charleroi-pourlapalestine.be\/index.php\/2022\/07\/26\/plusieurs-morts-apres-les-toutes-dernieres-frappes-aeriennes-disrael-contre-damas\/#breadcrumb","itemListElement":[{"@type":"ListItem","position":1,"name":"Accueil","item":"https:\/\/charleroi-pourlapalestine.be\/"},{"@type":"ListItem","position":2,"name":"Plusieurs morts apr\u00e8s les toutes derni\u00e8res frappes a\u00e9riennes d\u2019Isra\u00ebl contre Damas"}]},{"@type":"WebSite","@id":"https:\/\/charleroi-pourlapalestine.be\/#website","url":"https:\/\/charleroi-pourlapalestine.be\/","name":"Charleroi Pour la Palestine","description":"","publisher":{"@id":"https:\/\/charleroi-pourlapalestine.be\/#organization"},"potentialAction":[{"@type":"SearchAction","target":{"@type":"EntryPoint","urlTemplate":"https:\/\/charleroi-pourlapalestine.be\/?s={search_term_string}"},"query-input":{"@type":"PropertyValueSpecification","valueRequired":true,"valueName":"search_term_string"}}],"inLanguage":"fr-FR"},{"@type":"Organization","@id":"https:\/\/charleroi-pourlapalestine.be\/#organization","name":"Plate-forme Charleroi-Palestine","url":"https:\/\/charleroi-pourlapalestine.be\/","logo":{"@type":"ImageObject","inLanguage":"fr-FR","@id":"https:\/\/charleroi-pourlapalestine.be\/#\/schema\/logo\/image\/","url":"https:\/\/charleroi-pourlapalestine.be\/wp-content\/uploads\/2020\/01\/logo-Copy.jpg","contentUrl":"https:\/\/charleroi-pourlapalestine.be\/wp-content\/uploads\/2020\/01\/logo-Copy.jpg","width":180,"height":180,"caption":"Plate-forme Charleroi-Palestine"},"image":{"@id":"https:\/\/charleroi-pourlapalestine.be\/#\/schema\/logo\/image\/"},"sameAs":["https:\/\/www.facebook.com\/PlateformeCharleroiPalestine\/","https:\/\/x.com\/LaCharleroi"]},{"@type":"Person","@id":"https:\/\/charleroi-pourlapalestine.be\/#\/schema\/person\/c19ff515112f1299d8c12671d8fe3faa","name":"admin1873","url":"https:\/\/charleroi-pourlapalestine.be\/index.php\/author\/admin1873\/"}]}},"_links":{"self":[{"href":"https:\/\/charleroi-pourlapalestine.be\/index.php\/wp-json\/wp\/v2\/posts\/41811","targetHints":{"allow":["GET"]}}],"collection":[{"href":"https:\/\/charleroi-pourlapalestine.be\/index.php\/wp-json\/wp\/v2\/posts"}],"about":[{"href":"https:\/\/charleroi-pourlapalestine.be\/index.php\/wp-json\/wp\/v2\/types\/post"}],"author":[{"embeddable":true,"href":"https:\/\/charleroi-pourlapalestine.be\/index.php\/wp-json\/wp\/v2\/users\/1"}],"replies":[{"embeddable":true,"href":"https:\/\/charleroi-pourlapalestine.be\/index.php\/wp-json\/wp\/v2\/comments?post=41811"}],"version-history":[{"count":0,"href":"https:\/\/charleroi-pourlapalestine.be\/index.php\/wp-json\/wp\/v2\/posts\/41811\/revisions"}],"wp:featuredmedia":[{"embeddable":true,"href":"https:\/\/charleroi-pourlapalestine.be\/index.php\/wp-json\/wp\/v2\/media\/41815"}],"wp:attachment":[{"href":"https:\/\/charleroi-pourlapalestine.be\/index.php\/wp-json\/wp\/v2\/media?parent=41811"}],"wp:term":[{"taxonomy":"category","embeddable":true,"href":"https:\/\/charleroi-pourlapalestine.be\/index.php\/wp-json\/wp\/v2\/categories?post=41811"},{"taxonomy":"post_tag","embeddable":true,"href":"https:\/\/charleroi-pourlapalestine.be\/index.php\/wp-json\/wp\/v2\/tags?post=41811"}],"curies":[{"name":"wp","href":"https:\/\/api.w.org\/{rel}","templated":true}]}}