{"id":42125,"date":"2022-08-02T10:21:45","date_gmt":"2022-08-02T08:21:45","guid":{"rendered":"https:\/\/charleroi-pourlapalestine.be\/?p=42125"},"modified":"2022-08-02T10:23:33","modified_gmt":"2022-08-02T08:23:33","slug":"france-resolution-contre-lapartheid-israelien-a-lassemblee-nationale","status":"publish","type":"post","link":"https:\/\/charleroi-pourlapalestine.be\/index.php\/2022\/08\/02\/france-resolution-contre-lapartheid-israelien-a-lassemblee-nationale\/","title":{"rendered":"France : R\u00e9solution contre l&rsquo;apartheid isra\u00e9lien \u00e0 l&rsquo;Assembl\u00e9e nationale"},"content":{"rendered":"<p><em><strong> \u00ab\u00a0En d\u00e9pit d\u2019importantes limites, cette r\u00e9solution aura au moins eu le m\u00e9rite de briser l\u2019omerta au sein du parlement fran\u00e7ais sur la situation en Palestine occup\u00e9e\u00a0\u00bb<\/strong><\/em>, \u00e9crivent nos amis du Collectif Palestine Vaincra.<\/p>\n<p><img loading=\"lazy\" decoding=\"async\" class=\"aligncenter wp-image-42148 size-full\" src=\"https:\/\/charleroi-pourlapalestine.be\/wp-content\/uploads\/2022\/08\/Proposition-de-resolution-e1659427765645.jpg\" alt=\"\" width=\"451\" height=\"320\" srcset=\"https:\/\/charleroi-pourlapalestine.be\/wp-content\/uploads\/2022\/08\/Proposition-de-resolution-e1659427765645.jpg 451w, https:\/\/charleroi-pourlapalestine.be\/wp-content\/uploads\/2022\/08\/Proposition-de-resolution-e1659427765645-300x213.jpg 300w\" sizes=\"auto, (max-width: 451px) 100vw, 451px\" \/><\/p>\n<p>Co-sign\u00e9 par 38 puis 35 d\u00e9put\u00e9s de l\u2019ensemble des composantes de la <strong>NUPES (PCF, PS, LFI et EELV),<\/strong> le d\u00e9put\u00e9 communiste <strong>Jean-Paul Lecoq<\/strong> a <a href=\"https:\/\/www.assemblee-nationale.fr\/dyn\/16\/textes\/l16b0143_proposition-resolution\" target=\"_blank\" rel=\"noopener\">r\u00e9dig\u00e9<\/a> une r\u00e9solution<\/p>\n<blockquote><p>\u00ab&nbsp;condamnant l\u2019institutionnalisation par Isra\u00ebl d\u2019un r\u00e9gime d\u2019apartheid \u00e0 l\u2019encontre du peuple palestinien&nbsp;\u00bb.<\/p><\/blockquote>\n<p>Suite \u00e0 la publication de ce texte, celui-ci a provoqu\u00e9 <strong>un toll\u00e9<\/strong> de la part des partisans de l\u2019apartheid isra\u00e9lien mais aussi<strong> un r\u00e9el enthousiasme<\/strong> pour les d\u00e9fenseurs de la cause palestinienne. Alors m\u00eame que celle-ci ne pourra jamais avoir la majorit\u00e9 parlementaire, qu\u2019en est-il vraiment ?<br \/>\n&nbsp;<\/p>\n<p><strong>La lutte contre l\u2019apartheid isra\u00e9lien<\/strong><\/p>\n<p>L\u2019essentiel du document porte sur la reconnaissance par la France de l\u2019apartheid isra\u00e9lien \u00e0 la suite d\u2019innombrables rapports d\u2019institutions et d\u2019ONG internationales, \u00e0 l\u2019image du <a href=\"https:\/\/charleroi-pourlapalestine.be\/index.php\/2022\/02\/13\/en-quoi-le-rapport-d-amnesty-sur-lapartheid-differe-t-il\/\">rapport d\u2019<strong>Amnesty International<\/strong> de f\u00e9vrier 2022.<\/a><\/p>\n<p>Alors que le document commence par une citation de <strong>Nelson Mandela<\/strong> \u2013 <em>\u00ab\u2009Notre libert\u00e9 est incompl\u00e8te sans celle des Palestiniens\u2009\u00bb<\/em> \u2013 il est important aujourd\u2019hui de tirer un bilan de <strong>la lutte contre l\u2019apartheid en Afrique du Sud<\/strong> afin de ne pas reproduire les m\u00eames erreurs tactiques et\/ou strat\u00e9giques. En effet, l\u2019apartheid sud-africain n\u2019a pas \u00e9t\u00e9 d\u00e9mantel\u00e9 par le jeu diplomatique ni seulement par les campagnes de boycott ou la mobilisation populaire ou la lutte arm\u00e9e mais bien <strong>l\u2019alliance de ces trois outils anticolonialistes<\/strong>. Par ailleurs, l\u2019apartheid a pris fin en 1992 mais n\u2019a pas \u00e9t\u00e9 synonyme d\u2019\u00e9mancipation sociale pour la population Noire du pays. Par exemple, l\u2019\u00e9cart moyen entre le ch\u00f4mage des Noirs et celui des Blancs en Afrique du Sud est de 32,5 points et ce n\u2019est qu\u2019un exemple parmi les in\u00e9galit\u00e9s syst\u00e9miques toujours \u00e0 l\u2019\u0153uvre.<\/p>\n<p>C\u2019est pourquoi <strong>c\u2019est positif que la notion d\u2019apartheid en Palestine occup\u00e9e s\u2019impose dans le champ politique<\/strong> mais cette reconnaissance comporte<strong> d\u2019importantes limites<\/strong> devenant l\u2019arbre qui cache la for\u00eat.<\/p>\n<p>Comme le souligne la chercheuse <a href=\"https:\/\/charleroi-pourlapalestine.be\/index.php\/tag\/lana-tatour\/\"><strong>Lana Tatour<\/strong>,<\/a><\/p>\n<blockquote><p>\u00ab On ne peut comprendre la Palestine en faisant uniquement r\u00e9f\u00e9rence \u00e0 l\u2019apartheid, puisque cela n\u2019offre qu\u2019une compr\u00e9hension limit\u00e9e et partielle de la situation. Isra\u00ebl est un <strong>\u00c9tat colonial de peuplement<\/strong> qui pratique<strong> \u00e0 la fois l\u2019apartheid<\/strong> et <strong>l\u2019occupation permanente<\/strong>. \u00bb<\/p><\/blockquote>\n<p>Elle poursuit en rappelant<\/p>\n<blockquote><p>\u00ab <strong>L\u2019utilisation de l\u2019apartheid comme cadre isol\u00e9<\/strong> est en phase avec les tentatives de plus en plus nombreuses en vue de limiter la compr\u00e9hension de la question de la Palestine \u00e0 des cat\u00e9gories juridiques rigides. Le droit international est important et il devrait \u00eatre exploit\u00e9 \u00e0 notre avantage. Mais <strong>il serait dangereux de laisser le <a href=\"https:\/\/charleroi-pourlapalestine.be\/index.php\/2019\/12\/11\/pourquoi-le-droit-international-ne-peut-sauver-la-palestine\/\">droit international<\/a> guider <a href=\"https:\/\/charleroi-pourlapalestine.be\/index.php\/2017\/08\/30\/le-droit-international-a-ses-limites-il-faut-repenser-notre-definition-de-lapartheid\/\">tout seul<\/a> notre compr\u00e9hension de la r\u00e9alit\u00e9 en Palestine ou de la nature de nos revendications politiques.<\/strong> La question de la Palestine est une question politique, et pas simplement une question juridique. \u00bb<\/p><\/blockquote>\n<p>Ainsi, la fin de l\u2019oppression du peuple palestinien et la lib\u00e9ration de la Palestine ne consiste pas en une <em>\u00ab&nbsp;d\u00e9mocratisation d\u2019Isra\u00ebl&nbsp;\u00bb<\/em> ou seulement \u00e0 une \u00e9galit\u00e9 juridique mais bien au <strong>d\u00e9mant\u00e8lement du projet sioniste de fond en comble<\/strong> et l\u2019instauration d\u2019une <strong>Palestine libre et d\u00e9mocratique de la mer au Jourdain<\/strong> o\u00f9 chacun pourra vivre \u00e0 \u00e9galit\u00e9 des droits et o\u00f9 le peuple palestinien exercera son droit \u00e0 l\u2019autod\u00e9termination et \u00e0 la souverainet\u00e9.<\/p>\n<p><strong>La reconnaissance de l\u2019Etat de Palestine<\/strong><br \/>\n&nbsp;<br \/>\nDiff\u00e9rentes composantes du mouvement de solidarit\u00e9 avec la Palestine, ainsi que plusieurs forces de gauche, revendiquent la reconnaissance de l\u2019\u00c9tat de Palestine par la France comme de multiples instances internationales. A premi\u00e8re vue, cela peut sembler une excellente chose mais c\u2019est typiquement une fausse bonne id\u00e9e. Le document pr\u00e9cise<\/p>\n<blockquote><p>\u00ab que la solution de deux \u00c9tats suppose la reconnaissance de l\u2019\u00c9tat de Palestine aux c\u00f4t\u00e9s de celui d\u2019Isra\u00ebl et invite, par cons\u00e9quent, le Gouvernement fran\u00e7ais \u00e0 reconna\u00eetre l\u2019\u00c9tat de Palestine en vue d\u2019obtenir un r\u00e8glement d\u00e9finitif du conflit \u00bb.<\/p><\/blockquote>\n<p>Il est dommage que la gauche parlementaire fran\u00e7aise n\u2019arrive pas \u00e0 se sortir du paradigme de<strong> la <em>\u00ab solution \u00e0 deux Etats \u00bb<\/em> qui est un \u00e9chec depuis 30 ans<\/strong>. Cette strat\u00e9gie est celle port\u00e9e par la direction de l\u2019<strong>OLP<\/strong> depuis le Programme en dix points de 1974 qui d\u00e9fend une lib\u00e9ration <em>\u00ab par \u00e9tapes \u00bb<\/em> ou <em>\u00ab lib\u00e9ration progressive \u00bb<\/em>. Mais il est clair que le projet <em>\u00ab d\u2019Etat palestinien \u00bb<\/em> est bien pire en cherchant \u00e0 mettre l\u2019\u00e9tiquette <em>\u00ab d\u2019Etat \u00bb<\/em> \u00e0 une entit\u00e9 totalement d\u00e9pendante de l\u2019occupation et du soutien financier des puissances occidentales. Pr\u00e8s de 50 ans apr\u00e8s, le bilan de cette strat\u00e9gie est sans appel : le peuple palestinien vit dans une situation catastrophique et la colonisation n\u2019a jamais autant \u00e9t\u00e9 avanc\u00e9e. Si aujourd\u2019hui la Palestine n\u2019est pas ray\u00e9e de la carte et oubli\u00e9e ce n\u2019est certainement pas gr\u00e2ce au <em>\u00ab processus de paix \u00bb<\/em> mais bien gr\u00e2ce \u00e0 <strong>l\u2019inexorable r\u00e9sistance du peuple palestinien qui met en \u00e9chec la politique de sociocide \u00e0 l\u2019\u0153uvre depuis plus de 70 ans.<\/strong><\/p>\n<p>Par ailleurs, cette proposition de r\u00e9solution politique est profond\u00e9ment injuste d\u2019un point de vue anticolonialiste. Elle <strong>ent\u00e9rine<\/strong> le vol de la majorit\u00e9 des terres palestiniennes, sanctionne la partition de J\u00e9rusalem, <strong>l\u00e9gitime<\/strong> Isra\u00ebl en tant que colonisation de peuplement instaur\u00e9 par le nettoyage ethnique, etc. <strong>Revendiquer la reconnaissance de l\u2019\u00c9tat de Palestine c\u2019est vouloir reconna\u00eetre cette injustice.<\/strong><\/p>\n<p>Pour notre part, nous consid\u00e9rons que les puissances imp\u00e9rialistes, comme la <strong>France<\/strong>, font partie du probl\u00e8me et pas de la solution. La lutte pour une <strong>Palestine libre et d\u00e9mocratique de la mer au Jourdain est d\u2019abord entre les mains du peuple palestinien et de ses capacit\u00e9s \u00e0 r\u00e9sister et \u00e0 s\u2019organiser.<\/strong> Dans cette t\u00e2che, il doit pouvoir compter sur la solidarit\u00e9 internationale des peuples, certainement pas des \u00c9tats et instances internationales qui ont toujours jou\u00e9 un r\u00f4le actif dans leur oppression. C\u2019est le projet port\u00e9 par d\u2019innombrables organisations palestiniennes, en Palestine comme dans la diaspora, \u00e0 l\u2019image de <strong>Masar Badil<\/strong> que nous soutenons et auquel nous participons.<\/p>\n<p><strong>La solidarit\u00e9 avec les prisonniers palestiniens, dont Salah Hamouri<\/strong><br \/>\n&nbsp;<br \/>\nDans la r\u00e9solution, un point sp\u00e9cifique est fait sur<strong> la situation des prisonniers politiques palestiniens.<\/strong> Le document souligne :<\/p>\n<blockquote><p>\u00ab&nbsp;Les arrestations arbitraires et les d\u00e9tentions administratives de Palestiniens (y compris de nombreux enfants) soumis \u00e0 des proc\u00e8s non \u00e9quitables et aux actes de violence \u00e0 l\u2019\u00e9gard des d\u00e9tenus, mais aussi au transfert de d\u00e9tenus palestiniens dans des prisons isra\u00e9liennes constituent des atteintes au droit humanitaire international et aux droits de l\u2019homme. \u00c0 cet \u00e9gard, la d\u00e9tention arbitraire de l\u2019avocat et d\u00e9fenseur des droits de l\u2019homme franco\u2011palestinien, <strong>Salah Hamouri,<\/strong> par les forces d\u2019occupation isra\u00e9liennes illustre parfaitement le fonctionnement du r\u00e9gime d\u2019apartheid isra\u00e9lien.&nbsp;\u00bb<\/p><\/blockquote>\n<p>Cette position de principe est tr\u00e8s positive, en particulier au sujet de <strong>Salah Hamouri<\/strong> dont son maintien en d\u00e9tention est rendu possible par <strong>la complicit\u00e9 du gouvernement fran\u00e7ais<\/strong> qui n\u2019a pas eu un seul mot \u00e0 ce sujet durant la rencontre de Macron avec le nouveau premier ministre isra\u00e9lien Ya\u00efr Lapid.<\/p>\n<p>On peut seulement regretter que le document ne mentionne pas le sort r\u00e9serv\u00e9 \u00e0 <a href=\"https:\/\/charleroi-pourlapalestine.be\/index.php\/tag\/georges-abdallah\/\"><strong>Georges Abdallah<\/strong><\/a> tant il est le symbole de la complicit\u00e9 de la France avec l\u2019occupation isra\u00e9lienne.<\/p>\n<p>Mais nous n\u2019avons pas de doute sur le fait que cette cause va se d\u00e9velopper dans les mois \u00e0 venir, y compris sur les bancs de l\u2019Assembl\u00e9e Nationale, au regard des nombreuses prises de positions en faveur de sa lib\u00e9ration de la part de la majorit\u00e9 des composantes de la <strong>NUPES<\/strong> (comme ici ou ici).<br \/>\n&nbsp;<br \/>\n<strong>La d\u00e9fense du droit au boycott d\u2019Isra\u00ebl et la lutte contre la criminalisation de la solidarit\u00e9 avec la Palestine<\/strong><br \/>\n&nbsp;<br \/>\nUn \u00e9l\u00e9ment positif de cette r\u00e9solution est la d\u00e9fense du droit au boycott des produits isra\u00e9liens. En effet, cet outil de mobilisation profond\u00e9ment antiraciste est la cible d\u2019une campagne qui vise \u00e0 le <strong>criminaliser<\/strong> de la part du gouvernement fran\u00e7ais et des supporters de l\u2019occupation isra\u00e9lienne. Pour autant, le boycott est bel et bien l\u00e9gal en France et cela a m\u00eame \u00e9t\u00e9 r\u00e9affirm\u00e9 par une r\u00e9cente d\u00e9cision de la <a href=\"https:\/\/charleroi-pourlapalestine.be\/index.php\/2020\/09\/17\/bds-le-jugement-historique-de-la-cour-europeenne-des-droits-de-lhomme\/\"><strong>Cour Europ\u00e9enne des Droits de l\u2019Homme<\/strong><\/a> qui a condamn\u00e9 la France en juin 2020 pour entrave \u00e0 la libert\u00e9 d\u2019expression suite \u00e0 sa condamnation de militants qui appelaient au boycott des produits isra\u00e9liens. Pour autant, la r\u00e9solution critique l\u2019ent\u00eatement du gouvernement fran\u00e7ais qui n\u2019a pas abrog\u00e9 ses circulaires qui incitent \u00e0 des poursuites et c\u2019est une bonne chose ! Les<strong> circulaires Alliot-Marie et Dupond-Moretti<\/strong> doivent \u00eatre abrog\u00e9es sans d\u00e9lai.<\/p>\n<p>A la suite, le document souligne que<\/p>\n<blockquote><p>\u00ab&nbsp;le Gouvernement a de nouveau port\u00e9 atteinte \u00e0 la libert\u00e9 d\u2019expression en pronon\u00e7ant, le 9&nbsp;mars 2022, sur le fondement de l\u2019article L.&nbsp;212\u20111 du code de la s\u00e9curit\u00e9 int\u00e9rieure (CSI), la dissolution du <strong>Comit\u00e9 Action Palestine<\/strong> et du <strong>Collectif Palestine Vaincra<\/strong>&nbsp;\u00bb<\/p><\/blockquote>\n<p>tout en soulignant que <strong>le Conseil d\u2019\u00c9tat a suspendu cette d\u00e9cision<\/strong> le 29 avril dernier. C\u2019est extr\u00eamement important que ces dissolutions soient d\u00e9nonc\u00e9es par un large champ politique en rappelant ce qu\u2019elles sont : des atteintes \u00e0 la libert\u00e9 d\u2019expression.<br \/>\n&nbsp;<\/p>\n<p><strong>Face aux calomnies, faisons front<\/strong><br \/>\n&nbsp;<br \/>\n<strong>En d\u00e9pit des d\u00e9saccords, nous devons faire bloc contre les attaques des partisans du colonialisme et de l\u2019apartheid isra\u00e9liens contre ce projet de r\u00e9solution.<\/strong><\/p>\n<p>C\u2019est d\u00e9j\u00e0 significatif qu\u2019une partie de la gauche parlementaire brise l\u2019omerta sur la question palestinienne, y compris dans les plus hautes sph\u00e8res de l\u2019Etat fran\u00e7ais. D\u00e9j\u00e0 durant les \u00e9lections l\u00e9gislatives, la plupart des candidats de la <strong>NUPES de Haute-Garonne<\/strong> avaient pris des positions courageuses suite \u00e0 notre interpellation au sujet du boycott d\u2019Isra\u00ebl et de la solidarit\u00e9 avec la Palestine.<\/p>\n<p>Parmi les d\u00e9tracteurs du document, on retrouve sans surprise <strong>J\u00e9r\u00f4me Guedj du Parti Socialiste.<\/strong> De mani\u00e8re parfaitement malhonn\u00eate, il d\u00e9nonce ce texte qui <em>\u00ab transpire la d\u00e9testation d\u2019Isra\u00ebl \u00bb<\/em> et refuse de parler <em>\u00ab d\u2019apartheid \u00bb<\/em> et de \u00ab<em> boycott \u00bb<\/em>. Pourquoi ? Parce qu\u2019il d\u00e9fend<em> \u00ab le droit \u00e0 l\u2019existence et \u00e0 la s\u00e9curit\u00e9 d\u2019Isra\u00ebl \u00bb<\/em>, en d\u2019autres termes le droit d\u2019opprimer le peuple palestinien tranquillement et sans cons\u00e9quences.<\/p>\n<p><img loading=\"lazy\" decoding=\"async\" class=\"aligncenter wp-image-42147 size-full\" src=\"https:\/\/charleroi-pourlapalestine.be\/wp-content\/uploads\/2022\/08\/Nupes-e1659427408240.jpeg\" alt=\"\" width=\"480\" height=\"320\" srcset=\"https:\/\/charleroi-pourlapalestine.be\/wp-content\/uploads\/2022\/08\/Nupes-e1659427408240.jpeg 480w, https:\/\/charleroi-pourlapalestine.be\/wp-content\/uploads\/2022\/08\/Nupes-e1659427408240-300x200.jpeg 300w\" sizes=\"auto, (max-width: 480px) 100vw, 480px\" \/><\/p>\n<p>Apr\u00e8s, le gros de la pol\u00e9mique vient des traditionnels chiens de garde de l\u2019occupation isra\u00e9lienne : du <strong>CRIF<\/strong> en passant par le <strong>Printemps R\u00e9publicain<\/strong> et <strong>l\u2019extr\u00eame droite pro-isra\u00e9lienne.<\/strong> Une telle attaque a lieu car ils se rendent bien compte qu\u2019ils perdent progressivement du terrain. Ils ont beau faire voter des textes amalgamant l\u2019antisionisme \u00e0 de l\u2019antis\u00e9mitisme, comme la <strong>r\u00e9solution Maillard<\/strong>, la solidarit\u00e9 avec le peuple palestinien progresse. Elle progresse en France mais aussi dans le monde entier, \u00e0 l\u2019image des campagnes de boycott dans les universit\u00e9s nord-am\u00e9ricaines ou la r\u00e9cente Intifada de l\u2019Unit\u00e9 en mai 2021.&nbsp;<\/p>\n<p>En d\u00e9pit d\u2019importantes limites, cette r\u00e9solution aura au moins eu le m\u00e9rite de briser l\u2019omerta au sein du parlement fran\u00e7ais sur la situation en Palestine occup\u00e9e. Mais n\u2019ayons aucune illusion sur ce type d\u2019initiatives, aucun changement significatif pour le peuple palestinien ne viendra des parlements des puissances occidentales ou de l\u2019Assembl\u00e9e G\u00e9n\u00e9rale de l\u2019ONU. Pour notre part, nous appelons \u00e0 d\u00e9velopper un large mouvement de solidarit\u00e9 internationale qui mette au centre de son engagement le soutien \u00e0 la r\u00e9sistance palestinienne et \u00e0 son droit l\u00e9gitime \u00e0 une Palestine libre et d\u00e9mocratique de la mer au Jourdain.<\/p>\n<p style=\"text-align: center;\">\u00b0\u00b0\u00b0\u00b0\u00b0<\/p>\n<p>Publi\u00e9 le 25 juillet 2022 sur <a href=\"https:\/\/palestinevaincra.com\/2022\/07\/resolution-contre-lapartheid-israelien-a-lassemblee-nationale-des-avancees-mais-aussi-des-limites\/\" target=\"_blank\" rel=\"noopener\"><strong>Collectif Palestine Vaincra<\/strong><\/a><\/p>\n","protected":false},"excerpt":{"rendered":"<p>En d\u00e9pit d\u2019importantes limites, cette r\u00e9solution aura au moins eu le m\u00e9rite de briser l\u2019omerta au sein du parlement fran\u00e7ais sur la situation en Palestine occup\u00e9e.\u00a0<\/p>\n","protected":false},"author":1,"featured_media":42148,"comment_status":"closed","ping_status":"closed","sticky":false,"template":"","format":"standard","meta":{"ngg_post_thumbnail":0,"footnotes":""},"categories":[44,90,817,454,682,136,140,87,47,192,157,103],"tags":[216,479],"class_list":["post-42125","post","type-post","status-publish","format-standard","has-post-thumbnail","hentry","category-lappartheid","category-bds","category-colonialisme-de-peuplement","category-criminalisation","category-droit-international-2","category-france","category-letat-colonial","category-liberte-dexpression","category-loccupation-militaire","category-palestine","category-processus-de-paix-bidon","category-un-seul-etat-democratique","tag-georges-abdallah","tag-salah-hamouri"],"yoast_head":"<!-- This site is optimized with the Yoast SEO plugin v27.3 - https:\/\/yoast.com\/product\/yoast-seo-wordpress\/ -->\n<title>France : R\u00e9solution contre l&#039;apartheid isra\u00e9lien \u00e0 l&#039;Assembl\u00e9e nationale<\/title>\n<meta name=\"description\" content=\"En d\u00e9pit d\u2019importantes limites, cette r\u00e9solution aura le m\u00e9rite de briser l\u2019omerta au sein du parlement fran\u00e7ais sur la situation en Palestine occup\u00e9e\u00a0\" \/>\n<meta name=\"robots\" content=\"index, follow, max-snippet:-1, max-image-preview:large, max-video-preview:-1\" \/>\n<link rel=\"canonical\" href=\"https:\/\/charleroi-pourlapalestine.be\/index.php\/2022\/08\/02\/france-resolution-contre-lapartheid-israelien-a-lassemblee-nationale\/\" \/>\n<script type=\"application\/ld+json\" class=\"yoast-schema-graph\">{\"@context\":\"https:\\\/\\\/schema.org\",\"@graph\":[{\"@type\":\"Article\",\"@id\":\"https:\\\/\\\/charleroi-pourlapalestine.be\\\/index.php\\\/2022\\\/08\\\/02\\\/france-resolution-contre-lapartheid-israelien-a-lassemblee-nationale\\\/#article\",\"isPartOf\":{\"@id\":\"https:\\\/\\\/charleroi-pourlapalestine.be\\\/index.php\\\/2022\\\/08\\\/02\\\/france-resolution-contre-lapartheid-israelien-a-lassemblee-nationale\\\/\"},\"author\":{\"name\":\"admin1873\",\"@id\":\"https:\\\/\\\/charleroi-pourlapalestine.be\\\/#\\\/schema\\\/person\\\/c19ff515112f1299d8c12671d8fe3faa\"},\"headline\":\"France : R\u00e9solution contre l&rsquo;apartheid isra\u00e9lien \u00e0 l&rsquo;Assembl\u00e9e nationale\",\"datePublished\":\"2022-08-02T08:21:45+00:00\",\"dateModified\":\"2022-08-02T08:23:33+00:00\",\"mainEntityOfPage\":{\"@id\":\"https:\\\/\\\/charleroi-pourlapalestine.be\\\/index.php\\\/2022\\\/08\\\/02\\\/france-resolution-contre-lapartheid-israelien-a-lassemblee-nationale\\\/\"},\"wordCount\":2064,\"publisher\":{\"@id\":\"https:\\\/\\\/charleroi-pourlapalestine.be\\\/#organization\"},\"image\":{\"@id\":\"https:\\\/\\\/charleroi-pourlapalestine.be\\\/index.php\\\/2022\\\/08\\\/02\\\/france-resolution-contre-lapartheid-israelien-a-lassemblee-nationale\\\/#primaryimage\"},\"thumbnailUrl\":\"https:\\\/\\\/charleroi-pourlapalestine.be\\\/wp-content\\\/uploads\\\/2022\\\/08\\\/Proposition-de-resolution-e1659427765645.jpg\",\"keywords\":[\"Georges Abdallah\",\"Salah Hamouri\"],\"articleSection\":[\"Apartheid\",\"BDS\",\"colonialisme de peuplement\",\"criminalisation\",\"droit international\",\"France\",\"L'Etat colonial\",\"Libert\u00e9 d'expression\",\"Occupation\",\"Palestine\",\"Processus de paix (bidon)\",\"Un Etat\"],\"inLanguage\":\"fr-FR\"},{\"@type\":\"WebPage\",\"@id\":\"https:\\\/\\\/charleroi-pourlapalestine.be\\\/index.php\\\/2022\\\/08\\\/02\\\/france-resolution-contre-lapartheid-israelien-a-lassemblee-nationale\\\/\",\"url\":\"https:\\\/\\\/charleroi-pourlapalestine.be\\\/index.php\\\/2022\\\/08\\\/02\\\/france-resolution-contre-lapartheid-israelien-a-lassemblee-nationale\\\/\",\"name\":\"France : R\u00e9solution contre l'apartheid isra\u00e9lien \u00e0 l'Assembl\u00e9e nationale\",\"isPartOf\":{\"@id\":\"https:\\\/\\\/charleroi-pourlapalestine.be\\\/#website\"},\"primaryImageOfPage\":{\"@id\":\"https:\\\/\\\/charleroi-pourlapalestine.be\\\/index.php\\\/2022\\\/08\\\/02\\\/france-resolution-contre-lapartheid-israelien-a-lassemblee-nationale\\\/#primaryimage\"},\"image\":{\"@id\":\"https:\\\/\\\/charleroi-pourlapalestine.be\\\/index.php\\\/2022\\\/08\\\/02\\\/france-resolution-contre-lapartheid-israelien-a-lassemblee-nationale\\\/#primaryimage\"},\"thumbnailUrl\":\"https:\\\/\\\/charleroi-pourlapalestine.be\\\/wp-content\\\/uploads\\\/2022\\\/08\\\/Proposition-de-resolution-e1659427765645.jpg\",\"datePublished\":\"2022-08-02T08:21:45+00:00\",\"dateModified\":\"2022-08-02T08:23:33+00:00\",\"description\":\"En d\u00e9pit d\u2019importantes limites, cette r\u00e9solution aura le m\u00e9rite de briser l\u2019omerta au sein du parlement fran\u00e7ais sur la situation en Palestine occup\u00e9e\u00a0\",\"breadcrumb\":{\"@id\":\"https:\\\/\\\/charleroi-pourlapalestine.be\\\/index.php\\\/2022\\\/08\\\/02\\\/france-resolution-contre-lapartheid-israelien-a-lassemblee-nationale\\\/#breadcrumb\"},\"inLanguage\":\"fr-FR\",\"potentialAction\":[{\"@type\":\"ReadAction\",\"target\":[\"https:\\\/\\\/charleroi-pourlapalestine.be\\\/index.php\\\/2022\\\/08\\\/02\\\/france-resolution-contre-lapartheid-israelien-a-lassemblee-nationale\\\/\"]}]},{\"@type\":\"ImageObject\",\"inLanguage\":\"fr-FR\",\"@id\":\"https:\\\/\\\/charleroi-pourlapalestine.be\\\/index.php\\\/2022\\\/08\\\/02\\\/france-resolution-contre-lapartheid-israelien-a-lassemblee-nationale\\\/#primaryimage\",\"url\":\"https:\\\/\\\/charleroi-pourlapalestine.be\\\/wp-content\\\/uploads\\\/2022\\\/08\\\/Proposition-de-resolution-e1659427765645.jpg\",\"contentUrl\":\"https:\\\/\\\/charleroi-pourlapalestine.be\\\/wp-content\\\/uploads\\\/2022\\\/08\\\/Proposition-de-resolution-e1659427765645.jpg\",\"width\":451,\"height\":320},{\"@type\":\"BreadcrumbList\",\"@id\":\"https:\\\/\\\/charleroi-pourlapalestine.be\\\/index.php\\\/2022\\\/08\\\/02\\\/france-resolution-contre-lapartheid-israelien-a-lassemblee-nationale\\\/#breadcrumb\",\"itemListElement\":[{\"@type\":\"ListItem\",\"position\":1,\"name\":\"Accueil\",\"item\":\"https:\\\/\\\/charleroi-pourlapalestine.be\\\/\"},{\"@type\":\"ListItem\",\"position\":2,\"name\":\"France : R\u00e9solution contre l&#8217;apartheid isra\u00e9lien \u00e0 l&#8217;Assembl\u00e9e nationale\"}]},{\"@type\":\"WebSite\",\"@id\":\"https:\\\/\\\/charleroi-pourlapalestine.be\\\/#website\",\"url\":\"https:\\\/\\\/charleroi-pourlapalestine.be\\\/\",\"name\":\"Charleroi Pour la Palestine\",\"description\":\"\",\"publisher\":{\"@id\":\"https:\\\/\\\/charleroi-pourlapalestine.be\\\/#organization\"},\"potentialAction\":[{\"@type\":\"SearchAction\",\"target\":{\"@type\":\"EntryPoint\",\"urlTemplate\":\"https:\\\/\\\/charleroi-pourlapalestine.be\\\/?s={search_term_string}\"},\"query-input\":{\"@type\":\"PropertyValueSpecification\",\"valueRequired\":true,\"valueName\":\"search_term_string\"}}],\"inLanguage\":\"fr-FR\"},{\"@type\":\"Organization\",\"@id\":\"https:\\\/\\\/charleroi-pourlapalestine.be\\\/#organization\",\"name\":\"Plate-forme Charleroi-Palestine\",\"url\":\"https:\\\/\\\/charleroi-pourlapalestine.be\\\/\",\"logo\":{\"@type\":\"ImageObject\",\"inLanguage\":\"fr-FR\",\"@id\":\"https:\\\/\\\/charleroi-pourlapalestine.be\\\/#\\\/schema\\\/logo\\\/image\\\/\",\"url\":\"https:\\\/\\\/charleroi-pourlapalestine.be\\\/wp-content\\\/uploads\\\/2020\\\/01\\\/logo-Copy.jpg\",\"contentUrl\":\"https:\\\/\\\/charleroi-pourlapalestine.be\\\/wp-content\\\/uploads\\\/2020\\\/01\\\/logo-Copy.jpg\",\"width\":180,\"height\":180,\"caption\":\"Plate-forme Charleroi-Palestine\"},\"image\":{\"@id\":\"https:\\\/\\\/charleroi-pourlapalestine.be\\\/#\\\/schema\\\/logo\\\/image\\\/\"},\"sameAs\":[\"https:\\\/\\\/www.facebook.com\\\/PlateformeCharleroiPalestine\\\/\",\"https:\\\/\\\/x.com\\\/LaCharleroi\"]},{\"@type\":\"Person\",\"@id\":\"https:\\\/\\\/charleroi-pourlapalestine.be\\\/#\\\/schema\\\/person\\\/c19ff515112f1299d8c12671d8fe3faa\",\"name\":\"admin1873\",\"url\":\"https:\\\/\\\/charleroi-pourlapalestine.be\\\/index.php\\\/author\\\/admin1873\\\/\"}]}<\/script>\n<!-- \/ Yoast SEO plugin. -->","yoast_head_json":{"title":"France : R\u00e9solution contre l'apartheid isra\u00e9lien \u00e0 l'Assembl\u00e9e nationale","description":"En d\u00e9pit d\u2019importantes limites, cette r\u00e9solution aura le m\u00e9rite de briser l\u2019omerta au sein du parlement fran\u00e7ais sur la situation en Palestine occup\u00e9e\u00a0","robots":{"index":"index","follow":"follow","max-snippet":"max-snippet:-1","max-image-preview":"max-image-preview:large","max-video-preview":"max-video-preview:-1"},"canonical":"https:\/\/charleroi-pourlapalestine.be\/index.php\/2022\/08\/02\/france-resolution-contre-lapartheid-israelien-a-lassemblee-nationale\/","schema":{"@context":"https:\/\/schema.org","@graph":[{"@type":"Article","@id":"https:\/\/charleroi-pourlapalestine.be\/index.php\/2022\/08\/02\/france-resolution-contre-lapartheid-israelien-a-lassemblee-nationale\/#article","isPartOf":{"@id":"https:\/\/charleroi-pourlapalestine.be\/index.php\/2022\/08\/02\/france-resolution-contre-lapartheid-israelien-a-lassemblee-nationale\/"},"author":{"name":"admin1873","@id":"https:\/\/charleroi-pourlapalestine.be\/#\/schema\/person\/c19ff515112f1299d8c12671d8fe3faa"},"headline":"France : R\u00e9solution contre l&rsquo;apartheid isra\u00e9lien \u00e0 l&rsquo;Assembl\u00e9e nationale","datePublished":"2022-08-02T08:21:45+00:00","dateModified":"2022-08-02T08:23:33+00:00","mainEntityOfPage":{"@id":"https:\/\/charleroi-pourlapalestine.be\/index.php\/2022\/08\/02\/france-resolution-contre-lapartheid-israelien-a-lassemblee-nationale\/"},"wordCount":2064,"publisher":{"@id":"https:\/\/charleroi-pourlapalestine.be\/#organization"},"image":{"@id":"https:\/\/charleroi-pourlapalestine.be\/index.php\/2022\/08\/02\/france-resolution-contre-lapartheid-israelien-a-lassemblee-nationale\/#primaryimage"},"thumbnailUrl":"https:\/\/charleroi-pourlapalestine.be\/wp-content\/uploads\/2022\/08\/Proposition-de-resolution-e1659427765645.jpg","keywords":["Georges Abdallah","Salah Hamouri"],"articleSection":["Apartheid","BDS","colonialisme de peuplement","criminalisation","droit international","France","L'Etat colonial","Libert\u00e9 d'expression","Occupation","Palestine","Processus de paix (bidon)","Un Etat"],"inLanguage":"fr-FR"},{"@type":"WebPage","@id":"https:\/\/charleroi-pourlapalestine.be\/index.php\/2022\/08\/02\/france-resolution-contre-lapartheid-israelien-a-lassemblee-nationale\/","url":"https:\/\/charleroi-pourlapalestine.be\/index.php\/2022\/08\/02\/france-resolution-contre-lapartheid-israelien-a-lassemblee-nationale\/","name":"France : R\u00e9solution contre l'apartheid isra\u00e9lien \u00e0 l'Assembl\u00e9e nationale","isPartOf":{"@id":"https:\/\/charleroi-pourlapalestine.be\/#website"},"primaryImageOfPage":{"@id":"https:\/\/charleroi-pourlapalestine.be\/index.php\/2022\/08\/02\/france-resolution-contre-lapartheid-israelien-a-lassemblee-nationale\/#primaryimage"},"image":{"@id":"https:\/\/charleroi-pourlapalestine.be\/index.php\/2022\/08\/02\/france-resolution-contre-lapartheid-israelien-a-lassemblee-nationale\/#primaryimage"},"thumbnailUrl":"https:\/\/charleroi-pourlapalestine.be\/wp-content\/uploads\/2022\/08\/Proposition-de-resolution-e1659427765645.jpg","datePublished":"2022-08-02T08:21:45+00:00","dateModified":"2022-08-02T08:23:33+00:00","description":"En d\u00e9pit d\u2019importantes limites, cette r\u00e9solution aura le m\u00e9rite de briser l\u2019omerta au sein du parlement fran\u00e7ais sur la situation en Palestine occup\u00e9e\u00a0","breadcrumb":{"@id":"https:\/\/charleroi-pourlapalestine.be\/index.php\/2022\/08\/02\/france-resolution-contre-lapartheid-israelien-a-lassemblee-nationale\/#breadcrumb"},"inLanguage":"fr-FR","potentialAction":[{"@type":"ReadAction","target":["https:\/\/charleroi-pourlapalestine.be\/index.php\/2022\/08\/02\/france-resolution-contre-lapartheid-israelien-a-lassemblee-nationale\/"]}]},{"@type":"ImageObject","inLanguage":"fr-FR","@id":"https:\/\/charleroi-pourlapalestine.be\/index.php\/2022\/08\/02\/france-resolution-contre-lapartheid-israelien-a-lassemblee-nationale\/#primaryimage","url":"https:\/\/charleroi-pourlapalestine.be\/wp-content\/uploads\/2022\/08\/Proposition-de-resolution-e1659427765645.jpg","contentUrl":"https:\/\/charleroi-pourlapalestine.be\/wp-content\/uploads\/2022\/08\/Proposition-de-resolution-e1659427765645.jpg","width":451,"height":320},{"@type":"BreadcrumbList","@id":"https:\/\/charleroi-pourlapalestine.be\/index.php\/2022\/08\/02\/france-resolution-contre-lapartheid-israelien-a-lassemblee-nationale\/#breadcrumb","itemListElement":[{"@type":"ListItem","position":1,"name":"Accueil","item":"https:\/\/charleroi-pourlapalestine.be\/"},{"@type":"ListItem","position":2,"name":"France : R\u00e9solution contre l&#8217;apartheid isra\u00e9lien \u00e0 l&#8217;Assembl\u00e9e nationale"}]},{"@type":"WebSite","@id":"https:\/\/charleroi-pourlapalestine.be\/#website","url":"https:\/\/charleroi-pourlapalestine.be\/","name":"Charleroi Pour la Palestine","description":"","publisher":{"@id":"https:\/\/charleroi-pourlapalestine.be\/#organization"},"potentialAction":[{"@type":"SearchAction","target":{"@type":"EntryPoint","urlTemplate":"https:\/\/charleroi-pourlapalestine.be\/?s={search_term_string}"},"query-input":{"@type":"PropertyValueSpecification","valueRequired":true,"valueName":"search_term_string"}}],"inLanguage":"fr-FR"},{"@type":"Organization","@id":"https:\/\/charleroi-pourlapalestine.be\/#organization","name":"Plate-forme Charleroi-Palestine","url":"https:\/\/charleroi-pourlapalestine.be\/","logo":{"@type":"ImageObject","inLanguage":"fr-FR","@id":"https:\/\/charleroi-pourlapalestine.be\/#\/schema\/logo\/image\/","url":"https:\/\/charleroi-pourlapalestine.be\/wp-content\/uploads\/2020\/01\/logo-Copy.jpg","contentUrl":"https:\/\/charleroi-pourlapalestine.be\/wp-content\/uploads\/2020\/01\/logo-Copy.jpg","width":180,"height":180,"caption":"Plate-forme Charleroi-Palestine"},"image":{"@id":"https:\/\/charleroi-pourlapalestine.be\/#\/schema\/logo\/image\/"},"sameAs":["https:\/\/www.facebook.com\/PlateformeCharleroiPalestine\/","https:\/\/x.com\/LaCharleroi"]},{"@type":"Person","@id":"https:\/\/charleroi-pourlapalestine.be\/#\/schema\/person\/c19ff515112f1299d8c12671d8fe3faa","name":"admin1873","url":"https:\/\/charleroi-pourlapalestine.be\/index.php\/author\/admin1873\/"}]}},"_links":{"self":[{"href":"https:\/\/charleroi-pourlapalestine.be\/index.php\/wp-json\/wp\/v2\/posts\/42125","targetHints":{"allow":["GET"]}}],"collection":[{"href":"https:\/\/charleroi-pourlapalestine.be\/index.php\/wp-json\/wp\/v2\/posts"}],"about":[{"href":"https:\/\/charleroi-pourlapalestine.be\/index.php\/wp-json\/wp\/v2\/types\/post"}],"author":[{"embeddable":true,"href":"https:\/\/charleroi-pourlapalestine.be\/index.php\/wp-json\/wp\/v2\/users\/1"}],"replies":[{"embeddable":true,"href":"https:\/\/charleroi-pourlapalestine.be\/index.php\/wp-json\/wp\/v2\/comments?post=42125"}],"version-history":[{"count":0,"href":"https:\/\/charleroi-pourlapalestine.be\/index.php\/wp-json\/wp\/v2\/posts\/42125\/revisions"}],"wp:featuredmedia":[{"embeddable":true,"href":"https:\/\/charleroi-pourlapalestine.be\/index.php\/wp-json\/wp\/v2\/media\/42148"}],"wp:attachment":[{"href":"https:\/\/charleroi-pourlapalestine.be\/index.php\/wp-json\/wp\/v2\/media?parent=42125"}],"wp:term":[{"taxonomy":"category","embeddable":true,"href":"https:\/\/charleroi-pourlapalestine.be\/index.php\/wp-json\/wp\/v2\/categories?post=42125"},{"taxonomy":"post_tag","embeddable":true,"href":"https:\/\/charleroi-pourlapalestine.be\/index.php\/wp-json\/wp\/v2\/tags?post=42125"}],"curies":[{"name":"wp","href":"https:\/\/api.w.org\/{rel}","templated":true}]}}