{"id":42219,"date":"2022-08-06T10:12:24","date_gmt":"2022-08-06T08:12:24","guid":{"rendered":"https:\/\/charleroi-pourlapalestine.be\/?p=42219"},"modified":"2022-10-04T14:58:40","modified_gmt":"2022-10-04T12:58:40","slug":"attaque-contre-gaza-soutenons-la-palestine-le-peuple-palestinien-et-sa-resistance","status":"publish","type":"post","link":"https:\/\/charleroi-pourlapalestine.be\/index.php\/2022\/08\/06\/attaque-contre-gaza-soutenons-la-palestine-le-peuple-palestinien-et-sa-resistance\/","title":{"rendered":"Attaque contre Gaza : Soutenons la Palestine, le peuple palestinien et sa r\u00e9sistance !"},"content":{"rendered":"<p><strong>Cette attaque contre Gaza s\u2019accompagne sp\u00e9cifiquement d\u2019une s\u00e9rie de raids d\u2019arrestations et d\u2019assassinats visant des Palestiniens dans toute la Palestine occup\u00e9e<\/strong>, et plus pr\u00e9cis\u00e9ment de l\u2019arrestation d\u2019un autre dirigeant du mouvement du Jihad islamique palestinien, <strong>Bassam al-Saadi<\/strong> \u00e0 J\u00e9nine<\/p>\n<p><img loading=\"lazy\" decoding=\"async\" class=\"aligncenter wp-image-42225 size-full\" src=\"https:\/\/charleroi-pourlapalestine.be\/wp-content\/uploads\/2022\/08\/bombgza2-e1659773355728.jpg\" alt=\"\" width=\"373\" height=\"320\" srcset=\"https:\/\/charleroi-pourlapalestine.be\/wp-content\/uploads\/2022\/08\/bombgza2-e1659773355728.jpg 373w, https:\/\/charleroi-pourlapalestine.be\/wp-content\/uploads\/2022\/08\/bombgza2-e1659773355728-300x257.jpg 300w\" sizes=\"auto, (max-width: 373px) 100vw, 373px\" \/><\/p>\n<p>Les forces d\u2019occupation isra\u00e9liennes ont de nouveau lanc\u00e9 une agression militaire contre le peuple palestinien dans la bande de Gaza. Cette agression a d\u00e9j\u00e0 co\u00fbt\u00e9 la vie \u00e0<strong> 9 martyrs de la cause palestinienne \u2013 dont une fillette de 5 ans<\/strong> et haut responsable du mouvement de r\u00e9sistance du J<strong>ihad islamique<\/strong> palestinien,<strong> Tayseer al-Jabari<\/strong> \u2013 et en a bless\u00e9 55. Le r\u00e9seau de solidarit\u00e9 avec les prisonniers palestiniens <strong>Samidoun<\/strong> appelle tous partisans de la cause palestinienne \u00e0 agir pour d\u00e9fendre la Palestine, le peuple palestinien et sa R\u00e9sistance contre l\u2019assaut sioniste.<\/p>\n<p><strong>Cette attaque contre Gaza s\u2019accompagne sp\u00e9cifiquement d\u2019une s\u00e9rie de raids d\u2019arrestations et d\u2019assassinats visant des Palestiniens dans toute la Palestine occup\u00e9e<\/strong>, et plus pr\u00e9cis\u00e9ment de l\u2019arrestation d\u2019un autre dirigeant du mouvement du Jihad islamique palestinien, <strong>Bassam al-Saadi<\/strong> \u00e0 J\u00e9nine, au cours de laquelle les forces d\u2019occupation ont tu\u00e9 <strong>Dirar al-Kafrini<\/strong>, \u00e2g\u00e9 de 17 ans. Al-Saadi a \u00e9t\u00e9 battu pendant l\u2019attaque et emmen\u00e9 \u00e0 l\u2019h\u00f4pital avant que les forces d\u2019occupation ne publient des photos de son visage bless\u00e9.<\/p>\n<p>Au cours des derniers jours, les politiciens, analystes et m\u00e9dias sionistes isra\u00e9liens ont multipli\u00e9 les sp\u00e9culations, d\u2019autant plus que les colonies autour de Gaza sont soumises \u00e0 un couvre-feu, selon lesquelles la r\u00e9ponse de la r\u00e9sistance palestinienne pourrait saper la capacit\u00e9 de l\u2019occupation \u00e0 arr\u00eater et attaquer librement les dirigeants palestiniens sans r\u00e9percussions. Dans le contexte des \u00e9lections isra\u00e9liennes \u00e0 venir et du chaos politique interne parmi les forces sionistes, un assaut contre Gaza donne l\u2019actuel premier ministre Yair Lapid et le ministre de la guerre Benny Gantz l\u2019occasion de \u00ab faire campagne \u00bb pour des votes par l\u2019agression contre le peuple palestinien.<\/p>\n<p>L\u2019occupation isra\u00e9lienne appelle cette agression une attaque contre le mouvement du Jihad islamique palestinien, mais en r\u00e9alit\u00e9, c\u2019est une attaque <strong>contre l\u2019ensemble du peuple palestinien<\/strong> \u2013 \u00e0 Gaza, dans toute la Palestine occup\u00e9e, du fleuve \u00e0 la mer \u2013 et sa r\u00e9sistance globale sous toutes ses formes . Bien s\u00fbr, les Palestiniens de Gaza sont \u00e0 plus de 70% des r\u00e9fugi\u00e9s, priv\u00e9s de leur droit de rentrer chez eux depuis 75 ans. Le peuple palestinien et sa r\u00e9sistance sont unis pour faire face \u00e0 cet assaut et lutter pour la lib\u00e9ration.<\/p>\n<p>Le r\u00e9seau de solidarit\u00e9 avec les prisonniers palestiniens <strong>Samidoun<\/strong> exhorte tous les amis et partisans de la Palestine \u00e0 s\u2019unir pour soutenir Gaza assi\u00e9g\u00e9e, le peuple palestinien et sa r\u00e9sistance dans toute la Palestine occup\u00e9e, en exil et dans la diaspora. Comme l\u2019exhortait la d\u00e9claration de <strong>Masar Badil :<\/strong><\/p>\n<blockquote><p>\u00ab Nous appelons tous \u00e0 commencer imm\u00e9diatement \u00e0 organiser des \u00e9v\u00e9nements de masse, politiques et m\u00e9diatiques dans tous les endroits de la diaspora et dans le monde afin de d\u00e9fendre notre peuple palestinien in\u00e9branlable contre l\u2019agression sioniste et le durcissement continu du si\u00e8ge de la bande de Gaza \u00bb.<\/p><\/blockquote>\n<p>Il est clair que <strong>les \u00c9tats-Unis, le Canada, les pays de l\u2019Union europ\u00e9enne, la Grande-Bretagne et d\u2019autres puissances imp\u00e9rialistes<\/strong> sont enti\u00e8rement responsables des crimes de l\u2019occupation, leur fournissant les armes qui ont \u00e9t\u00e9 utilis\u00e9es pour commettre ces meurtres et ont permis la poursuite de la Nakba ciblant le peuple palestinien depuis 75 ans, lui apportant un soutien militaire, politique, \u00e9conomique et diplomatique. Plut\u00f4t que de reconna\u00eetre la l\u00e9gitimit\u00e9 de la r\u00e9sistance palestinienne, ces puissances imp\u00e9rialistes ciblent les organisations de r\u00e9sistance avec des<em> \u00ab d\u00e9signations terroristes \u00bb<\/em> et la r\u00e9pression. Cela rend plus urgent pour nos mouvements de d\u00e9clarer collectivement : La r\u00e9sistance n\u2019est pas du terrorisme ! Alors que nous descendons dans la rue et que nous nous mobilisons pour soutenir le peuple palestinien et sa r\u00e9sistance, nous exhortons tous \u00e0 prendre les mesures suivantes :<\/p>\n<blockquote><p>1. Organisez des actions, des manifestations et des interventions cr\u00e9atives \u2013 Prenons la rue pour d\u00e9fendre le peuple palestinien et sa r\u00e9sistance ! Comme cela a \u00e9t\u00e9 clairement indiqu\u00e9 lors de l\u2019Unit\u00e9 Intifada\/Seif al-Qods en mai 2021, il existe un vaste soutien au peuple palestinien partout dans le monde, y compris au sein des puissances imp\u00e9rialistes. Il est de notre responsabilit\u00e9 d\u2019agir et de rendre impossible la poursuite de leur soutien aux crimes contre le peuple palestinien.<\/p>\n<p>2. Construire le boycott d\u2019Isra\u00ebl \u2013 C\u2019est un moment critique pour intensifier la campagne visant \u00e0 isoler le r\u00e9gime isra\u00e9lien \u00e0 tous les niveaux, y compris par le biais de campagnes de boycott qui ciblent l\u2019exploitation \u00e9conomique par l\u2019occupation de la terre, du peuple et des ressources palestiniens ainsi que ces soci\u00e9t\u00e9s internationales , comme HP et G4S, qui profitent de la colonisation en cours de la Palestine.<\/p>\n<p>3. Soutenir la pers\u00e9v\u00e9rance du peuple palestinien \u2013 Cette agression est une extension du si\u00e8ge de Gaza qui a \u00e9t\u00e9 impos\u00e9 \u00e0 la Bande de Gaza r\u00e9sistante et<\/p>\n<p>in\u00e9branlable depuis plus de 15 ans. En ce moment, il est important de fournir un soutien \u00e9conomique et pratique au niveau populaire pour soutenir la fermet\u00e9 du peuple palestinien face \u00e0 ces crimes. Pour contribuer \u00e0 la campagne de Samidoun en faveur des soins de sant\u00e9 pour les enfants \u00e0 Gaza, faites un don sur https:\/\/samidoun.net\/gaza<\/p><\/blockquote>\n<p style=\"text-align: center;\">\u00b0\u00b0\u00b0\u00b0\u00b0<br \/>\nPubli\u00e9 le 5 ao\u00fbt 2022 sur <a href=\"https:\/\/samidoun.net\/fr\/2022\/08\/attaque-contre-gaza-soutenons-la-palestine-le-peuple-palestinien-et-sa-resistance\/\" target=\"_blank\" rel=\"noopener\">Samidoun<\/a><\/p>\n<p style=\"text-align: center;\">\u00b0\u00b0\u00b0\u00b0\u00b0<\/p>\n<p>La <a href=\"https:\/\/charleroi-pourlapalestine.be\/index.php\/category\/plate-forme-charleroi-palestine\/\"><strong>Plate-forme Charleroi-Palestine<\/strong><\/a> organise un rassemblement symbolique sur le march\u00e9 de Charleroi demain, dimanche <b>7 ao\u00fbt. <\/b>Rendez-vous devant la <strong>Maison<\/strong><b> des 8 heures<\/b>, sur la Place Charles II (ville haute)<b> \u00e0 11 h.<br \/>\n<\/b><\/p>\n<p><img loading=\"lazy\" decoding=\"async\" class=\"aligncenter wp-image-42296 size-full\" src=\"https:\/\/charleroi-pourlapalestine.be\/wp-content\/uploads\/2022\/08\/Affiche-rass-Gaza-e1659800302724.jpg\" alt=\"\" width=\"407\" height=\"320\" srcset=\"https:\/\/charleroi-pourlapalestine.be\/wp-content\/uploads\/2022\/08\/Affiche-rass-Gaza-e1659800302724.jpg 407w, https:\/\/charleroi-pourlapalestine.be\/wp-content\/uploads\/2022\/08\/Affiche-rass-Gaza-e1659800302724-300x236.jpg 300w\" sizes=\"auto, (max-width: 407px) 100vw, 407px\" \/><\/p>\n<p>&nbsp;<\/p>\n","protected":false},"excerpt":{"rendered":"<p>L&rsquo;agression a d\u00e9j\u00e0 co\u00fbt\u00e9 la vie \u00e0 9 martyrs de la cause palestinienne \u2013 dont une fillette de 5 ans et un haut responsable du mouvement de r\u00e9sistance du Jihad islamique.<\/p>\n","protected":false},"author":1,"featured_media":42266,"comment_status":"closed","ping_status":"closed","sticky":false,"template":"","format":"standard","meta":{"ngg_post_thumbnail":0,"footnotes":""},"categories":[46,6,140,192],"tags":[],"class_list":["post-42219","post","type-post","status-publish","format-standard","has-post-thumbnail","hentry","category-les-agressions-militaires","category-gaza","category-letat-colonial","category-palestine"],"yoast_head":"<!-- This site is optimized with the Yoast SEO plugin v27.3 - https:\/\/yoast.com\/product\/yoast-seo-wordpress\/ -->\n<title>Attaque contre Gaza : Soutenons la Palestine, le peuple palestinien et sa r\u00e9sistance ! - Charleroi Pour la Palestine<\/title>\n<meta name=\"description\" content=\"Cette attaque contre Gaza s\u2019accompagne sp\u00e9cifiquement d\u2019une s\u00e9rie de raids d\u2019arrestations et d\u2019assassinats visant des Palestiniens dans toute la Palestine occup\u00e9e\" \/>\n<meta name=\"robots\" content=\"index, follow, max-snippet:-1, max-image-preview:large, max-video-preview:-1\" \/>\n<link rel=\"canonical\" href=\"https:\/\/charleroi-pourlapalestine.be\/index.php\/2022\/08\/06\/attaque-contre-gaza-soutenons-la-palestine-le-peuple-palestinien-et-sa-resistance\/\" \/>\n<script type=\"application\/ld+json\" class=\"yoast-schema-graph\">{\"@context\":\"https:\\\/\\\/schema.org\",\"@graph\":[{\"@type\":\"Article\",\"@id\":\"https:\\\/\\\/charleroi-pourlapalestine.be\\\/index.php\\\/2022\\\/08\\\/06\\\/attaque-contre-gaza-soutenons-la-palestine-le-peuple-palestinien-et-sa-resistance\\\/#article\",\"isPartOf\":{\"@id\":\"https:\\\/\\\/charleroi-pourlapalestine.be\\\/index.php\\\/2022\\\/08\\\/06\\\/attaque-contre-gaza-soutenons-la-palestine-le-peuple-palestinien-et-sa-resistance\\\/\"},\"author\":{\"name\":\"admin1873\",\"@id\":\"https:\\\/\\\/charleroi-pourlapalestine.be\\\/#\\\/schema\\\/person\\\/c19ff515112f1299d8c12671d8fe3faa\"},\"headline\":\"Attaque contre Gaza : Soutenons la Palestine, le peuple palestinien et sa r\u00e9sistance !\",\"datePublished\":\"2022-08-06T08:12:24+00:00\",\"dateModified\":\"2022-10-04T12:58:40+00:00\",\"mainEntityOfPage\":{\"@id\":\"https:\\\/\\\/charleroi-pourlapalestine.be\\\/index.php\\\/2022\\\/08\\\/06\\\/attaque-contre-gaza-soutenons-la-palestine-le-peuple-palestinien-et-sa-resistance\\\/\"},\"wordCount\":983,\"publisher\":{\"@id\":\"https:\\\/\\\/charleroi-pourlapalestine.be\\\/#organization\"},\"image\":{\"@id\":\"https:\\\/\\\/charleroi-pourlapalestine.be\\\/index.php\\\/2022\\\/08\\\/06\\\/attaque-contre-gaza-soutenons-la-palestine-le-peuple-palestinien-et-sa-resistance\\\/#primaryimage\"},\"thumbnailUrl\":\"https:\\\/\\\/charleroi-pourlapalestine.be\\\/wp-content\\\/uploads\\\/2022\\\/08\\\/bombgza1-e1659795422332.jpg\",\"articleSection\":[\"Agressions militaires\",\"Gaza\",\"L'Etat colonial\",\"Palestine\"],\"inLanguage\":\"fr-FR\"},{\"@type\":\"WebPage\",\"@id\":\"https:\\\/\\\/charleroi-pourlapalestine.be\\\/index.php\\\/2022\\\/08\\\/06\\\/attaque-contre-gaza-soutenons-la-palestine-le-peuple-palestinien-et-sa-resistance\\\/\",\"url\":\"https:\\\/\\\/charleroi-pourlapalestine.be\\\/index.php\\\/2022\\\/08\\\/06\\\/attaque-contre-gaza-soutenons-la-palestine-le-peuple-palestinien-et-sa-resistance\\\/\",\"name\":\"Attaque contre Gaza : Soutenons la Palestine, le peuple palestinien et sa r\u00e9sistance ! - Charleroi Pour la Palestine\",\"isPartOf\":{\"@id\":\"https:\\\/\\\/charleroi-pourlapalestine.be\\\/#website\"},\"primaryImageOfPage\":{\"@id\":\"https:\\\/\\\/charleroi-pourlapalestine.be\\\/index.php\\\/2022\\\/08\\\/06\\\/attaque-contre-gaza-soutenons-la-palestine-le-peuple-palestinien-et-sa-resistance\\\/#primaryimage\"},\"image\":{\"@id\":\"https:\\\/\\\/charleroi-pourlapalestine.be\\\/index.php\\\/2022\\\/08\\\/06\\\/attaque-contre-gaza-soutenons-la-palestine-le-peuple-palestinien-et-sa-resistance\\\/#primaryimage\"},\"thumbnailUrl\":\"https:\\\/\\\/charleroi-pourlapalestine.be\\\/wp-content\\\/uploads\\\/2022\\\/08\\\/bombgza1-e1659795422332.jpg\",\"datePublished\":\"2022-08-06T08:12:24+00:00\",\"dateModified\":\"2022-10-04T12:58:40+00:00\",\"description\":\"Cette attaque contre Gaza s\u2019accompagne sp\u00e9cifiquement d\u2019une s\u00e9rie de raids d\u2019arrestations et d\u2019assassinats visant des Palestiniens dans toute la Palestine occup\u00e9e\",\"breadcrumb\":{\"@id\":\"https:\\\/\\\/charleroi-pourlapalestine.be\\\/index.php\\\/2022\\\/08\\\/06\\\/attaque-contre-gaza-soutenons-la-palestine-le-peuple-palestinien-et-sa-resistance\\\/#breadcrumb\"},\"inLanguage\":\"fr-FR\",\"potentialAction\":[{\"@type\":\"ReadAction\",\"target\":[\"https:\\\/\\\/charleroi-pourlapalestine.be\\\/index.php\\\/2022\\\/08\\\/06\\\/attaque-contre-gaza-soutenons-la-palestine-le-peuple-palestinien-et-sa-resistance\\\/\"]}]},{\"@type\":\"ImageObject\",\"inLanguage\":\"fr-FR\",\"@id\":\"https:\\\/\\\/charleroi-pourlapalestine.be\\\/index.php\\\/2022\\\/08\\\/06\\\/attaque-contre-gaza-soutenons-la-palestine-le-peuple-palestinien-et-sa-resistance\\\/#primaryimage\",\"url\":\"https:\\\/\\\/charleroi-pourlapalestine.be\\\/wp-content\\\/uploads\\\/2022\\\/08\\\/bombgza1-e1659795422332.jpg\",\"contentUrl\":\"https:\\\/\\\/charleroi-pourlapalestine.be\\\/wp-content\\\/uploads\\\/2022\\\/08\\\/bombgza1-e1659795422332.jpg\",\"width\":426,\"height\":320},{\"@type\":\"BreadcrumbList\",\"@id\":\"https:\\\/\\\/charleroi-pourlapalestine.be\\\/index.php\\\/2022\\\/08\\\/06\\\/attaque-contre-gaza-soutenons-la-palestine-le-peuple-palestinien-et-sa-resistance\\\/#breadcrumb\",\"itemListElement\":[{\"@type\":\"ListItem\",\"position\":1,\"name\":\"Accueil\",\"item\":\"https:\\\/\\\/charleroi-pourlapalestine.be\\\/\"},{\"@type\":\"ListItem\",\"position\":2,\"name\":\"Attaque contre Gaza : Soutenons la Palestine, le peuple palestinien et sa r\u00e9sistance !\"}]},{\"@type\":\"WebSite\",\"@id\":\"https:\\\/\\\/charleroi-pourlapalestine.be\\\/#website\",\"url\":\"https:\\\/\\\/charleroi-pourlapalestine.be\\\/\",\"name\":\"Charleroi Pour la Palestine\",\"description\":\"\",\"publisher\":{\"@id\":\"https:\\\/\\\/charleroi-pourlapalestine.be\\\/#organization\"},\"potentialAction\":[{\"@type\":\"SearchAction\",\"target\":{\"@type\":\"EntryPoint\",\"urlTemplate\":\"https:\\\/\\\/charleroi-pourlapalestine.be\\\/?s={search_term_string}\"},\"query-input\":{\"@type\":\"PropertyValueSpecification\",\"valueRequired\":true,\"valueName\":\"search_term_string\"}}],\"inLanguage\":\"fr-FR\"},{\"@type\":\"Organization\",\"@id\":\"https:\\\/\\\/charleroi-pourlapalestine.be\\\/#organization\",\"name\":\"Plate-forme Charleroi-Palestine\",\"url\":\"https:\\\/\\\/charleroi-pourlapalestine.be\\\/\",\"logo\":{\"@type\":\"ImageObject\",\"inLanguage\":\"fr-FR\",\"@id\":\"https:\\\/\\\/charleroi-pourlapalestine.be\\\/#\\\/schema\\\/logo\\\/image\\\/\",\"url\":\"https:\\\/\\\/charleroi-pourlapalestine.be\\\/wp-content\\\/uploads\\\/2020\\\/01\\\/logo-Copy.jpg\",\"contentUrl\":\"https:\\\/\\\/charleroi-pourlapalestine.be\\\/wp-content\\\/uploads\\\/2020\\\/01\\\/logo-Copy.jpg\",\"width\":180,\"height\":180,\"caption\":\"Plate-forme Charleroi-Palestine\"},\"image\":{\"@id\":\"https:\\\/\\\/charleroi-pourlapalestine.be\\\/#\\\/schema\\\/logo\\\/image\\\/\"},\"sameAs\":[\"https:\\\/\\\/www.facebook.com\\\/PlateformeCharleroiPalestine\\\/\",\"https:\\\/\\\/x.com\\\/LaCharleroi\"]},{\"@type\":\"Person\",\"@id\":\"https:\\\/\\\/charleroi-pourlapalestine.be\\\/#\\\/schema\\\/person\\\/c19ff515112f1299d8c12671d8fe3faa\",\"name\":\"admin1873\",\"url\":\"https:\\\/\\\/charleroi-pourlapalestine.be\\\/index.php\\\/author\\\/admin1873\\\/\"}]}<\/script>\n<!-- \/ Yoast SEO plugin. -->","yoast_head_json":{"title":"Attaque contre Gaza : Soutenons la Palestine, le peuple palestinien et sa r\u00e9sistance ! - Charleroi Pour la Palestine","description":"Cette attaque contre Gaza s\u2019accompagne sp\u00e9cifiquement d\u2019une s\u00e9rie de raids d\u2019arrestations et d\u2019assassinats visant des Palestiniens dans toute la Palestine occup\u00e9e","robots":{"index":"index","follow":"follow","max-snippet":"max-snippet:-1","max-image-preview":"max-image-preview:large","max-video-preview":"max-video-preview:-1"},"canonical":"https:\/\/charleroi-pourlapalestine.be\/index.php\/2022\/08\/06\/attaque-contre-gaza-soutenons-la-palestine-le-peuple-palestinien-et-sa-resistance\/","schema":{"@context":"https:\/\/schema.org","@graph":[{"@type":"Article","@id":"https:\/\/charleroi-pourlapalestine.be\/index.php\/2022\/08\/06\/attaque-contre-gaza-soutenons-la-palestine-le-peuple-palestinien-et-sa-resistance\/#article","isPartOf":{"@id":"https:\/\/charleroi-pourlapalestine.be\/index.php\/2022\/08\/06\/attaque-contre-gaza-soutenons-la-palestine-le-peuple-palestinien-et-sa-resistance\/"},"author":{"name":"admin1873","@id":"https:\/\/charleroi-pourlapalestine.be\/#\/schema\/person\/c19ff515112f1299d8c12671d8fe3faa"},"headline":"Attaque contre Gaza : Soutenons la Palestine, le peuple palestinien et sa r\u00e9sistance !","datePublished":"2022-08-06T08:12:24+00:00","dateModified":"2022-10-04T12:58:40+00:00","mainEntityOfPage":{"@id":"https:\/\/charleroi-pourlapalestine.be\/index.php\/2022\/08\/06\/attaque-contre-gaza-soutenons-la-palestine-le-peuple-palestinien-et-sa-resistance\/"},"wordCount":983,"publisher":{"@id":"https:\/\/charleroi-pourlapalestine.be\/#organization"},"image":{"@id":"https:\/\/charleroi-pourlapalestine.be\/index.php\/2022\/08\/06\/attaque-contre-gaza-soutenons-la-palestine-le-peuple-palestinien-et-sa-resistance\/#primaryimage"},"thumbnailUrl":"https:\/\/charleroi-pourlapalestine.be\/wp-content\/uploads\/2022\/08\/bombgza1-e1659795422332.jpg","articleSection":["Agressions militaires","Gaza","L'Etat colonial","Palestine"],"inLanguage":"fr-FR"},{"@type":"WebPage","@id":"https:\/\/charleroi-pourlapalestine.be\/index.php\/2022\/08\/06\/attaque-contre-gaza-soutenons-la-palestine-le-peuple-palestinien-et-sa-resistance\/","url":"https:\/\/charleroi-pourlapalestine.be\/index.php\/2022\/08\/06\/attaque-contre-gaza-soutenons-la-palestine-le-peuple-palestinien-et-sa-resistance\/","name":"Attaque contre Gaza : Soutenons la Palestine, le peuple palestinien et sa r\u00e9sistance ! - Charleroi Pour la Palestine","isPartOf":{"@id":"https:\/\/charleroi-pourlapalestine.be\/#website"},"primaryImageOfPage":{"@id":"https:\/\/charleroi-pourlapalestine.be\/index.php\/2022\/08\/06\/attaque-contre-gaza-soutenons-la-palestine-le-peuple-palestinien-et-sa-resistance\/#primaryimage"},"image":{"@id":"https:\/\/charleroi-pourlapalestine.be\/index.php\/2022\/08\/06\/attaque-contre-gaza-soutenons-la-palestine-le-peuple-palestinien-et-sa-resistance\/#primaryimage"},"thumbnailUrl":"https:\/\/charleroi-pourlapalestine.be\/wp-content\/uploads\/2022\/08\/bombgza1-e1659795422332.jpg","datePublished":"2022-08-06T08:12:24+00:00","dateModified":"2022-10-04T12:58:40+00:00","description":"Cette attaque contre Gaza s\u2019accompagne sp\u00e9cifiquement d\u2019une s\u00e9rie de raids d\u2019arrestations et d\u2019assassinats visant des Palestiniens dans toute la Palestine occup\u00e9e","breadcrumb":{"@id":"https:\/\/charleroi-pourlapalestine.be\/index.php\/2022\/08\/06\/attaque-contre-gaza-soutenons-la-palestine-le-peuple-palestinien-et-sa-resistance\/#breadcrumb"},"inLanguage":"fr-FR","potentialAction":[{"@type":"ReadAction","target":["https:\/\/charleroi-pourlapalestine.be\/index.php\/2022\/08\/06\/attaque-contre-gaza-soutenons-la-palestine-le-peuple-palestinien-et-sa-resistance\/"]}]},{"@type":"ImageObject","inLanguage":"fr-FR","@id":"https:\/\/charleroi-pourlapalestine.be\/index.php\/2022\/08\/06\/attaque-contre-gaza-soutenons-la-palestine-le-peuple-palestinien-et-sa-resistance\/#primaryimage","url":"https:\/\/charleroi-pourlapalestine.be\/wp-content\/uploads\/2022\/08\/bombgza1-e1659795422332.jpg","contentUrl":"https:\/\/charleroi-pourlapalestine.be\/wp-content\/uploads\/2022\/08\/bombgza1-e1659795422332.jpg","width":426,"height":320},{"@type":"BreadcrumbList","@id":"https:\/\/charleroi-pourlapalestine.be\/index.php\/2022\/08\/06\/attaque-contre-gaza-soutenons-la-palestine-le-peuple-palestinien-et-sa-resistance\/#breadcrumb","itemListElement":[{"@type":"ListItem","position":1,"name":"Accueil","item":"https:\/\/charleroi-pourlapalestine.be\/"},{"@type":"ListItem","position":2,"name":"Attaque contre Gaza : Soutenons la Palestine, le peuple palestinien et sa r\u00e9sistance !"}]},{"@type":"WebSite","@id":"https:\/\/charleroi-pourlapalestine.be\/#website","url":"https:\/\/charleroi-pourlapalestine.be\/","name":"Charleroi Pour la Palestine","description":"","publisher":{"@id":"https:\/\/charleroi-pourlapalestine.be\/#organization"},"potentialAction":[{"@type":"SearchAction","target":{"@type":"EntryPoint","urlTemplate":"https:\/\/charleroi-pourlapalestine.be\/?s={search_term_string}"},"query-input":{"@type":"PropertyValueSpecification","valueRequired":true,"valueName":"search_term_string"}}],"inLanguage":"fr-FR"},{"@type":"Organization","@id":"https:\/\/charleroi-pourlapalestine.be\/#organization","name":"Plate-forme Charleroi-Palestine","url":"https:\/\/charleroi-pourlapalestine.be\/","logo":{"@type":"ImageObject","inLanguage":"fr-FR","@id":"https:\/\/charleroi-pourlapalestine.be\/#\/schema\/logo\/image\/","url":"https:\/\/charleroi-pourlapalestine.be\/wp-content\/uploads\/2020\/01\/logo-Copy.jpg","contentUrl":"https:\/\/charleroi-pourlapalestine.be\/wp-content\/uploads\/2020\/01\/logo-Copy.jpg","width":180,"height":180,"caption":"Plate-forme Charleroi-Palestine"},"image":{"@id":"https:\/\/charleroi-pourlapalestine.be\/#\/schema\/logo\/image\/"},"sameAs":["https:\/\/www.facebook.com\/PlateformeCharleroiPalestine\/","https:\/\/x.com\/LaCharleroi"]},{"@type":"Person","@id":"https:\/\/charleroi-pourlapalestine.be\/#\/schema\/person\/c19ff515112f1299d8c12671d8fe3faa","name":"admin1873","url":"https:\/\/charleroi-pourlapalestine.be\/index.php\/author\/admin1873\/"}]}},"_links":{"self":[{"href":"https:\/\/charleroi-pourlapalestine.be\/index.php\/wp-json\/wp\/v2\/posts\/42219","targetHints":{"allow":["GET"]}}],"collection":[{"href":"https:\/\/charleroi-pourlapalestine.be\/index.php\/wp-json\/wp\/v2\/posts"}],"about":[{"href":"https:\/\/charleroi-pourlapalestine.be\/index.php\/wp-json\/wp\/v2\/types\/post"}],"author":[{"embeddable":true,"href":"https:\/\/charleroi-pourlapalestine.be\/index.php\/wp-json\/wp\/v2\/users\/1"}],"replies":[{"embeddable":true,"href":"https:\/\/charleroi-pourlapalestine.be\/index.php\/wp-json\/wp\/v2\/comments?post=42219"}],"version-history":[{"count":0,"href":"https:\/\/charleroi-pourlapalestine.be\/index.php\/wp-json\/wp\/v2\/posts\/42219\/revisions"}],"wp:featuredmedia":[{"embeddable":true,"href":"https:\/\/charleroi-pourlapalestine.be\/index.php\/wp-json\/wp\/v2\/media\/42266"}],"wp:attachment":[{"href":"https:\/\/charleroi-pourlapalestine.be\/index.php\/wp-json\/wp\/v2\/media?parent=42219"}],"wp:term":[{"taxonomy":"category","embeddable":true,"href":"https:\/\/charleroi-pourlapalestine.be\/index.php\/wp-json\/wp\/v2\/categories?post=42219"},{"taxonomy":"post_tag","embeddable":true,"href":"https:\/\/charleroi-pourlapalestine.be\/index.php\/wp-json\/wp\/v2\/tags?post=42219"}],"curies":[{"name":"wp","href":"https:\/\/api.w.org\/{rel}","templated":true}]}}