{"id":42243,"date":"2022-08-03T15:43:00","date_gmt":"2022-08-03T13:43:00","guid":{"rendered":"https:\/\/charleroi-pourlapalestine.be\/?p=42243"},"modified":"2022-10-04T14:58:57","modified_gmt":"2022-10-04T12:58:57","slug":"appel-a-laction-pour-la-liberation-de-khalil-awawdeh-prisonnier-palestinien-en-greve-de-la-faim","status":"publish","type":"post","link":"https:\/\/charleroi-pourlapalestine.be\/index.php\/2022\/08\/03\/appel-a-laction-pour-la-liberation-de-khalil-awawdeh-prisonnier-palestinien-en-greve-de-la-faim\/","title":{"rendered":"Appel \u00e0 l\u2019action pour la lib\u00e9ration de Khalil Awawdeh, prisonnier palestinien en gr\u00e8ve de la faim"},"content":{"rendered":"\n<p><strong>Khalil Awawdeh<\/strong> poursuit sa gr\u00e8ve de la faim pour le 154e jour alors que son \u00e9tat de sant\u00e9 continue de se d\u00e9t\u00e9riorer. \u00c2g\u00e9 de 40 ans et originaire d\u2019Idna pr\u00e8s d\u2019al-Khalil, Awawdeh fait une gr\u00e8ve de la faim pour mettre fin \u00e0 sa d\u00e9tention sans inculpation ni proc\u00e8s dans le cadre de la <em>\u00ab&nbsp;d\u00e9tention administrative&nbsp;\u00bb<\/em> isra\u00e9lienne.<\/p>\n\n\n<div class=\"wp-block-image wp-image-42176 size-full\">\n<figure class=\"aligncenter\"><img loading=\"lazy\" decoding=\"async\" width=\"495\" height=\"320\" src=\"https:\/\/charleroi-pourlapalestine.be\/wp-content\/uploads\/2022\/08\/In-solidarity-with-Khalil-Awawdeh-e1659602002361.png\" alt=\"Des Palestiniens \u00e0 Gaza participent \u00e0 un rassemblement de solidarit\u00e9 avec le prisonnier palestinien en gr\u00e8ve de la faim Khalil Awawdeh. (Photo: Mahmoud Ajjour, The Palestine Chronicle)\" class=\"wp-image-42176\" srcset=\"https:\/\/charleroi-pourlapalestine.be\/wp-content\/uploads\/2022\/08\/In-solidarity-with-Khalil-Awawdeh-e1659602002361.png 495w, https:\/\/charleroi-pourlapalestine.be\/wp-content\/uploads\/2022\/08\/In-solidarity-with-Khalil-Awawdeh-e1659602002361-300x194.png 300w\" sizes=\"auto, (max-width: 495px) 100vw, 495px\" \/><figcaption>Des Palestiniens \u00e0 Gaza participent \u00e0 un rassemblement de solidarit\u00e9 avec le prisonnier palestinien en gr\u00e8ve de la faim Khalil Awawdeh. (Photo: Mahmoud Ajjour, The Palestine Chronicle)<\/figcaption><\/figure>\n<\/div>\n\n\n<p>Il a bri\u00e8vement interrompu sa gr\u00e8ve au 111e jour, lorsqu\u2019on lui a annonc\u00e9 qu\u2019un accord avait \u00e9t\u00e9 conclu pour assurer sa lib\u00e9ration. <strong>Mais au lieu de le lib\u00e9rer, les forces d\u2019occupation ont prolong\u00e9 sa d\u00e9tention<\/strong>, et il a repris sa gr\u00e8ve de la faim. Tout au long de la gr\u00e8ve, il a \u00e9t\u00e9 compl\u00e8tement priv\u00e9 de visites familiales et r\u00e9guli\u00e8rement priv\u00e9 de visites juridiques. Il est transf\u00e9r\u00e9 \u00e0 plusieurs reprises entre la tristement c\u00e9l\u00e8bre clinique de la prison de Ramleh et les h\u00f4pitaux civils isra\u00e9liens.<\/p>\n\n\n\n<p>Les membres de sa famille et ses partisans ont soulign\u00e9 qu\u2019il s\u2019agissait d\u2019un m\u00e9canisme de pression suppl\u00e9mentaire visant \u00e0 le priver de soins de sant\u00e9 et de soutien familial alors m\u00eame que sa sant\u00e9 se d\u00e9t\u00e9riore. Awawdeh est mari\u00e9 et p\u00e8re de quatre filles. Dans une interview accord\u00e9e \u00e0 Wattan TV, le p\u00e8re d\u2019Awawdeh a d\u00e9clar\u00e9 que Khalil est incapable d\u2019ouvrir les yeux et a des difficult\u00e9s \u00e0 entendre, et qu\u2019il a perdu 45 kilos depuis le lancement de sa gr\u00e8ve. Sa vie est en danger et les transferts fr\u00e9quents ne font qu\u2019accro\u00eetre la pression sur son corps.<\/p>\n\n\n\n<p><strong>Khalil Awawdeh a mis son corps et sa vie en danger pour sa libert\u00e9 et pour r\u00e9sister \u00e0 la politique de d\u00e9tention administrative.<\/strong> \u00c0 l\u2019heure actuelle, environ 650 Palestiniens sont emprisonn\u00e9s sans inculpation ni proc\u00e8s en vertu de ces ordres renouvelables ind\u00e9finiment, sur un total d\u2019environ 4 650 prisonniers politiques palestiniens. Le mouvement des prisonniers palestiniens a fait de<strong> la fin de la d\u00e9tention administrative<\/strong> un objectif principal pour la lib\u00e9ration de tous les prisonniers palestiniens.<\/p>\n\n\n\n<p>Les militants de <strong>Ha\u00effa occup\u00e9e<\/strong> organisent une<a href=\"https:\/\/www.facebook.com\/events\/5704972306213571\/\" target=\"_blank\" rel=\"noopener\"> tente de solidarit\u00e9<\/a> et soutiennent tous les prisonniers palestiniens, en particulier Awawdeh. Ils ont \u00e9galement lanc\u00e9 un appel \u00e0 des actions internationales du 4 au 6 ao\u00fbt pour la lib\u00e9ration d\u2019Awawdeh :<\/p>\n\n\n\n<h3 class=\"wp-block-heading\">Appel mondial \u00e0 l\u2019action.<\/h3>\n\n\n\n<p>Nous appelons toutes les communaut\u00e9s palestiniennes et les militants de la solidarit\u00e9 du monde entier \u00e0 se joindre \u00e0 la campagne pour lib\u00e9rer le prisonnier palestinien Khalil Awawdeh et tous les prisonniers. Khalil Awawdeh est en gr\u00e8ve de la faim depuis 152 jours, pour protester contre son emprisonnement sans proc\u00e8s, appel\u00e9 d\u00e9tention administrative.<\/p>\n\n\n\n<p>Nous lan\u00e7ons donc un appel mondial pour les actions suivantes.<\/p>\n\n\n\n<blockquote class=\"wp-block-quote is-layout-flow wp-block-quote-is-layout-flow\"><p>1. Montez une tente de solidarit\u00e9 dans votre ville pour montrer votre soutien \u00e0 Khalil Awawdeh et \u00e0 tous les prisonniers palestiniens.<br>2. Travaillez \u00e0 obtenir une couverture par les m\u00e9dias que vous pouvez atteindre.<br>3. Couvrez l\u2019\u00e9v\u00e9nement sur les r\u00e9seaux sociaux.<br>4. Organisez une manifestation ou un \u00e9v\u00e9nement en solidarit\u00e9 avec les prisonniers palestiniens.<br>5. Organisez un \u00e9v\u00e9nement pour faire des arts de rue qui mettent en lumi\u00e8re les prisonniers en gr\u00e8ve de la faim.<br><strong><br><\/strong>Date : Jeudi 4 ao\u00fbt.<br>Lieu : Dans toute la Palestine historique et dans le monde entier.<\/p><p>Pour tout soutien \u00e0 d\u2019\u00e9ventuels \u00e9v\u00e9nements sous les tentes, n\u2019h\u00e9sitez pas \u00e0 nous contacter.<br>Nous sommes les voix des prisonniers qui ont besoin de tout le soutien possible afin de les lib\u00e9rer de l\u2019oppression de l\u2019occupation isra\u00e9lienne.<\/p><\/blockquote>\n\n\n\n<p>Le r\u00e9seau de solidarit\u00e9 avec les prisonniers palestiniens<strong> Samidoun<\/strong>, dont est membre le Collectif Palestine Vaincra (*), demande \u00e0 tous les partisans de la Palestine d\u2019agir pour soutenir Khalil Awawdeh et lui sauver la vie. Awawdeh affronte les forces d\u2019occupation sionistes avec son corps et met sa vie en jeu. Nous demandons instamment d\u2019agir pour lib\u00e9rer Awawdeh et tous les prisonniers palestiniens qui luttent pour la libert\u00e9, pour eux-m\u00eames et pour la Palestine et son peuple, de la mer au Jourdain.&nbsp;<\/p>\n\n\n<div class=\"wp-block-image\">\n<figure class=\"aligncenter\"><img loading=\"lazy\" decoding=\"async\" width=\"416\" height=\"421\" src=\"https:\/\/charleroi-pourlapalestine.be\/wp-content\/uploads\/2022\/08\/Affiche-Liberez-Khalil-Awawdeh.jpg\" alt=\"Affiche Samidoun : Lib\u00e9rez Khalil Awawdeh\" class=\"wp-image-42183\" srcset=\"https:\/\/charleroi-pourlapalestine.be\/wp-content\/uploads\/2022\/08\/Affiche-Liberez-Khalil-Awawdeh.jpg 416w, https:\/\/charleroi-pourlapalestine.be\/wp-content\/uploads\/2022\/08\/Affiche-Liberez-Khalil-Awawdeh-296x300.jpg 296w, https:\/\/charleroi-pourlapalestine.be\/wp-content\/uploads\/2022\/08\/Affiche-Liberez-Khalil-Awawdeh-80x80.jpg 80w\" sizes=\"auto, (max-width: 416px) 100vw, 416px\" \/><\/figure>\n<\/div>\n\n\n<p>\u00b0\u00b0\u00b0\u00b0\u00b0<\/p>\n\n\n\n<p>Publi\u00e9 le 3 ao\u00fbt 2022 sur<a href=\"https:\/\/samidoun.net\/fr\/2022\/08\/appel-a-laction-pour-la-liberation-de-khalil-awawdeh-prisonnier-palestinien-en-greve-de-la-faim\/\" target=\"_blank\" rel=\"noopener\"> Samidoun<\/a><br>(*) Ainsi que la <a href=\"https:\/\/charleroi-pourlapalestine.be\/index.php\/category\/plate-forme-charleroi-palestine\/\">Plate-forme Charleroi-Palestine<\/a> (ndlr)<\/p>\n\n\n\n<p class=\"has-text-align-center\">\u00b0\u00b0\u00b0\u00b0\u00b0<\/p>\n\n\n\n<p>Lisez \u00e9galement sur le site de Samidoun :<\/p>\n\n\n\n<p><a href=\"https:\/\/samidoun.net\/fr\/2022\/07\/solidarite-avec-ahed-abu-ghoulmeh-un-prisonnier-palestinien-de-premier-plan-transfere-pour-interrogatoire\/\" target=\"_blank\" rel=\"noopener\">Solidarit\u00e9 avec Ahed Abu Ghoulmeh : un prisonnier palestinien de premier plan transf\u00e9r\u00e9 pour interrogatoire<\/a><\/p>\n\n\n\n<p><a href=\"https:\/\/samidoun.net\/fr\/2022\/07\/le-prisonnier-palestinien-raed-rayan-suspend-sa-greve-de-la-faim-apres-113-jours-de-lutte-avec-un-accord-pour-sa-liberation\/\" target=\"_blank\" rel=\"noopener\">Le prisonnier palestinien Raed Rayan suspend sa gr\u00e8ve de la faim apr\u00e8s 113 jours de lutte avec un accord pour sa lib\u00e9ration<\/a><\/p>\n\n\n\n<p><a href=\"https:\/\/samidoun.net\/fr\/2022\/07\/liberez-shadi-maali-refugie-palestinien-emprisonne-a-lisolement-sans-inculpation-ni-jugement\/\" target=\"_blank\" rel=\"noopener\">Lib\u00e9rez Shadi Ma\u2019ali : r\u00e9fugi\u00e9 palestinien emprisonn\u00e9 \u00e0 l\u2019isolement sans inculpation ni jugement<\/a><\/p>\n","protected":false},"excerpt":{"rendered":"<p>Les militants de Ha\u00effa occup\u00e9e organisent une tente de solidarit\u00e9 et soutiennent tous les prisonniers palestiniens, en particulier Awawdeh. Ils ont \u00e9galement lanc\u00e9 un appel \u00e0 des actions internationales<\/p>\n","protected":false},"author":1,"featured_media":42176,"comment_status":"closed","ping_status":"closed","sticky":false,"template":"","format":"standard","meta":{"ngg_post_thumbnail":0,"footnotes":""},"categories":[386,13],"tags":[],"class_list":["post-42243","post","type-post","status-publish","format-standard","has-post-thumbnail","hentry","category-greves-de-la-faim","category-les-prisionners-palestiniens"],"yoast_head":"<!-- This site is optimized with the Yoast SEO plugin v27.3 - https:\/\/yoast.com\/product\/yoast-seo-wordpress\/ -->\n<title>Appel \u00e0 l\u2019action pour la lib\u00e9ration de Khalil Awawdeh, prisonnier palestinien en gr\u00e8ve de la faim<\/title>\n<meta name=\"description\" content=\"Les militants de Ha\u00effa occup\u00e9e ont \u00e9galement lanc\u00e9 un appel \u00e0 des actions internationales en soutien \u00e0 Awawdeh\" \/>\n<meta name=\"robots\" content=\"index, follow, max-snippet:-1, max-image-preview:large, max-video-preview:-1\" \/>\n<link rel=\"canonical\" href=\"https:\/\/charleroi-pourlapalestine.be\/index.php\/2022\/08\/03\/appel-a-laction-pour-la-liberation-de-khalil-awawdeh-prisonnier-palestinien-en-greve-de-la-faim\/\" \/>\n<script type=\"application\/ld+json\" class=\"yoast-schema-graph\">{\"@context\":\"https:\\\/\\\/schema.org\",\"@graph\":[{\"@type\":\"Article\",\"@id\":\"https:\\\/\\\/charleroi-pourlapalestine.be\\\/index.php\\\/2022\\\/08\\\/03\\\/appel-a-laction-pour-la-liberation-de-khalil-awawdeh-prisonnier-palestinien-en-greve-de-la-faim\\\/#article\",\"isPartOf\":{\"@id\":\"https:\\\/\\\/charleroi-pourlapalestine.be\\\/index.php\\\/2022\\\/08\\\/03\\\/appel-a-laction-pour-la-liberation-de-khalil-awawdeh-prisonnier-palestinien-en-greve-de-la-faim\\\/\"},\"author\":{\"name\":\"admin1873\",\"@id\":\"https:\\\/\\\/charleroi-pourlapalestine.be\\\/#\\\/schema\\\/person\\\/c19ff515112f1299d8c12671d8fe3faa\"},\"headline\":\"Appel \u00e0 l\u2019action pour la lib\u00e9ration de Khalil Awawdeh, prisonnier palestinien en gr\u00e8ve de la faim\",\"datePublished\":\"2022-08-03T13:43:00+00:00\",\"dateModified\":\"2022-10-04T12:58:57+00:00\",\"mainEntityOfPage\":{\"@id\":\"https:\\\/\\\/charleroi-pourlapalestine.be\\\/index.php\\\/2022\\\/08\\\/03\\\/appel-a-laction-pour-la-liberation-de-khalil-awawdeh-prisonnier-palestinien-en-greve-de-la-faim\\\/\"},\"wordCount\":810,\"publisher\":{\"@id\":\"https:\\\/\\\/charleroi-pourlapalestine.be\\\/#organization\"},\"image\":{\"@id\":\"https:\\\/\\\/charleroi-pourlapalestine.be\\\/index.php\\\/2022\\\/08\\\/03\\\/appel-a-laction-pour-la-liberation-de-khalil-awawdeh-prisonnier-palestinien-en-greve-de-la-faim\\\/#primaryimage\"},\"thumbnailUrl\":\"https:\\\/\\\/charleroi-pourlapalestine.be\\\/wp-content\\\/uploads\\\/2022\\\/08\\\/In-solidarity-with-Khalil-Awawdeh-e1659602002361.png\",\"articleSection\":[\"Gr\u00e8ves de la faim\",\"Prisonniers\"],\"inLanguage\":\"fr-FR\"},{\"@type\":\"WebPage\",\"@id\":\"https:\\\/\\\/charleroi-pourlapalestine.be\\\/index.php\\\/2022\\\/08\\\/03\\\/appel-a-laction-pour-la-liberation-de-khalil-awawdeh-prisonnier-palestinien-en-greve-de-la-faim\\\/\",\"url\":\"https:\\\/\\\/charleroi-pourlapalestine.be\\\/index.php\\\/2022\\\/08\\\/03\\\/appel-a-laction-pour-la-liberation-de-khalil-awawdeh-prisonnier-palestinien-en-greve-de-la-faim\\\/\",\"name\":\"Appel \u00e0 l\u2019action pour la lib\u00e9ration de Khalil Awawdeh, prisonnier palestinien en gr\u00e8ve de la faim\",\"isPartOf\":{\"@id\":\"https:\\\/\\\/charleroi-pourlapalestine.be\\\/#website\"},\"primaryImageOfPage\":{\"@id\":\"https:\\\/\\\/charleroi-pourlapalestine.be\\\/index.php\\\/2022\\\/08\\\/03\\\/appel-a-laction-pour-la-liberation-de-khalil-awawdeh-prisonnier-palestinien-en-greve-de-la-faim\\\/#primaryimage\"},\"image\":{\"@id\":\"https:\\\/\\\/charleroi-pourlapalestine.be\\\/index.php\\\/2022\\\/08\\\/03\\\/appel-a-laction-pour-la-liberation-de-khalil-awawdeh-prisonnier-palestinien-en-greve-de-la-faim\\\/#primaryimage\"},\"thumbnailUrl\":\"https:\\\/\\\/charleroi-pourlapalestine.be\\\/wp-content\\\/uploads\\\/2022\\\/08\\\/In-solidarity-with-Khalil-Awawdeh-e1659602002361.png\",\"datePublished\":\"2022-08-03T13:43:00+00:00\",\"dateModified\":\"2022-10-04T12:58:57+00:00\",\"description\":\"Les militants de Ha\u00effa occup\u00e9e ont \u00e9galement lanc\u00e9 un appel \u00e0 des actions internationales en soutien \u00e0 Awawdeh\",\"breadcrumb\":{\"@id\":\"https:\\\/\\\/charleroi-pourlapalestine.be\\\/index.php\\\/2022\\\/08\\\/03\\\/appel-a-laction-pour-la-liberation-de-khalil-awawdeh-prisonnier-palestinien-en-greve-de-la-faim\\\/#breadcrumb\"},\"inLanguage\":\"fr-FR\",\"potentialAction\":[{\"@type\":\"ReadAction\",\"target\":[\"https:\\\/\\\/charleroi-pourlapalestine.be\\\/index.php\\\/2022\\\/08\\\/03\\\/appel-a-laction-pour-la-liberation-de-khalil-awawdeh-prisonnier-palestinien-en-greve-de-la-faim\\\/\"]}]},{\"@type\":\"ImageObject\",\"inLanguage\":\"fr-FR\",\"@id\":\"https:\\\/\\\/charleroi-pourlapalestine.be\\\/index.php\\\/2022\\\/08\\\/03\\\/appel-a-laction-pour-la-liberation-de-khalil-awawdeh-prisonnier-palestinien-en-greve-de-la-faim\\\/#primaryimage\",\"url\":\"https:\\\/\\\/charleroi-pourlapalestine.be\\\/wp-content\\\/uploads\\\/2022\\\/08\\\/In-solidarity-with-Khalil-Awawdeh-e1659602002361.png\",\"contentUrl\":\"https:\\\/\\\/charleroi-pourlapalestine.be\\\/wp-content\\\/uploads\\\/2022\\\/08\\\/In-solidarity-with-Khalil-Awawdeh-e1659602002361.png\",\"width\":495,\"height\":320},{\"@type\":\"BreadcrumbList\",\"@id\":\"https:\\\/\\\/charleroi-pourlapalestine.be\\\/index.php\\\/2022\\\/08\\\/03\\\/appel-a-laction-pour-la-liberation-de-khalil-awawdeh-prisonnier-palestinien-en-greve-de-la-faim\\\/#breadcrumb\",\"itemListElement\":[{\"@type\":\"ListItem\",\"position\":1,\"name\":\"Accueil\",\"item\":\"https:\\\/\\\/charleroi-pourlapalestine.be\\\/\"},{\"@type\":\"ListItem\",\"position\":2,\"name\":\"Appel \u00e0 l\u2019action pour la lib\u00e9ration de Khalil Awawdeh, prisonnier palestinien en gr\u00e8ve de la faim\"}]},{\"@type\":\"WebSite\",\"@id\":\"https:\\\/\\\/charleroi-pourlapalestine.be\\\/#website\",\"url\":\"https:\\\/\\\/charleroi-pourlapalestine.be\\\/\",\"name\":\"Charleroi Pour la Palestine\",\"description\":\"\",\"publisher\":{\"@id\":\"https:\\\/\\\/charleroi-pourlapalestine.be\\\/#organization\"},\"potentialAction\":[{\"@type\":\"SearchAction\",\"target\":{\"@type\":\"EntryPoint\",\"urlTemplate\":\"https:\\\/\\\/charleroi-pourlapalestine.be\\\/?s={search_term_string}\"},\"query-input\":{\"@type\":\"PropertyValueSpecification\",\"valueRequired\":true,\"valueName\":\"search_term_string\"}}],\"inLanguage\":\"fr-FR\"},{\"@type\":\"Organization\",\"@id\":\"https:\\\/\\\/charleroi-pourlapalestine.be\\\/#organization\",\"name\":\"Plate-forme Charleroi-Palestine\",\"url\":\"https:\\\/\\\/charleroi-pourlapalestine.be\\\/\",\"logo\":{\"@type\":\"ImageObject\",\"inLanguage\":\"fr-FR\",\"@id\":\"https:\\\/\\\/charleroi-pourlapalestine.be\\\/#\\\/schema\\\/logo\\\/image\\\/\",\"url\":\"https:\\\/\\\/charleroi-pourlapalestine.be\\\/wp-content\\\/uploads\\\/2020\\\/01\\\/logo-Copy.jpg\",\"contentUrl\":\"https:\\\/\\\/charleroi-pourlapalestine.be\\\/wp-content\\\/uploads\\\/2020\\\/01\\\/logo-Copy.jpg\",\"width\":180,\"height\":180,\"caption\":\"Plate-forme Charleroi-Palestine\"},\"image\":{\"@id\":\"https:\\\/\\\/charleroi-pourlapalestine.be\\\/#\\\/schema\\\/logo\\\/image\\\/\"},\"sameAs\":[\"https:\\\/\\\/www.facebook.com\\\/PlateformeCharleroiPalestine\\\/\",\"https:\\\/\\\/x.com\\\/LaCharleroi\"]},{\"@type\":\"Person\",\"@id\":\"https:\\\/\\\/charleroi-pourlapalestine.be\\\/#\\\/schema\\\/person\\\/c19ff515112f1299d8c12671d8fe3faa\",\"name\":\"admin1873\",\"url\":\"https:\\\/\\\/charleroi-pourlapalestine.be\\\/index.php\\\/author\\\/admin1873\\\/\"}]}<\/script>\n<!-- \/ Yoast SEO plugin. -->","yoast_head_json":{"title":"Appel \u00e0 l\u2019action pour la lib\u00e9ration de Khalil Awawdeh, prisonnier palestinien en gr\u00e8ve de la faim","description":"Les militants de Ha\u00effa occup\u00e9e ont \u00e9galement lanc\u00e9 un appel \u00e0 des actions internationales en soutien \u00e0 Awawdeh","robots":{"index":"index","follow":"follow","max-snippet":"max-snippet:-1","max-image-preview":"max-image-preview:large","max-video-preview":"max-video-preview:-1"},"canonical":"https:\/\/charleroi-pourlapalestine.be\/index.php\/2022\/08\/03\/appel-a-laction-pour-la-liberation-de-khalil-awawdeh-prisonnier-palestinien-en-greve-de-la-faim\/","schema":{"@context":"https:\/\/schema.org","@graph":[{"@type":"Article","@id":"https:\/\/charleroi-pourlapalestine.be\/index.php\/2022\/08\/03\/appel-a-laction-pour-la-liberation-de-khalil-awawdeh-prisonnier-palestinien-en-greve-de-la-faim\/#article","isPartOf":{"@id":"https:\/\/charleroi-pourlapalestine.be\/index.php\/2022\/08\/03\/appel-a-laction-pour-la-liberation-de-khalil-awawdeh-prisonnier-palestinien-en-greve-de-la-faim\/"},"author":{"name":"admin1873","@id":"https:\/\/charleroi-pourlapalestine.be\/#\/schema\/person\/c19ff515112f1299d8c12671d8fe3faa"},"headline":"Appel \u00e0 l\u2019action pour la lib\u00e9ration de Khalil Awawdeh, prisonnier palestinien en gr\u00e8ve de la faim","datePublished":"2022-08-03T13:43:00+00:00","dateModified":"2022-10-04T12:58:57+00:00","mainEntityOfPage":{"@id":"https:\/\/charleroi-pourlapalestine.be\/index.php\/2022\/08\/03\/appel-a-laction-pour-la-liberation-de-khalil-awawdeh-prisonnier-palestinien-en-greve-de-la-faim\/"},"wordCount":810,"publisher":{"@id":"https:\/\/charleroi-pourlapalestine.be\/#organization"},"image":{"@id":"https:\/\/charleroi-pourlapalestine.be\/index.php\/2022\/08\/03\/appel-a-laction-pour-la-liberation-de-khalil-awawdeh-prisonnier-palestinien-en-greve-de-la-faim\/#primaryimage"},"thumbnailUrl":"https:\/\/charleroi-pourlapalestine.be\/wp-content\/uploads\/2022\/08\/In-solidarity-with-Khalil-Awawdeh-e1659602002361.png","articleSection":["Gr\u00e8ves de la faim","Prisonniers"],"inLanguage":"fr-FR"},{"@type":"WebPage","@id":"https:\/\/charleroi-pourlapalestine.be\/index.php\/2022\/08\/03\/appel-a-laction-pour-la-liberation-de-khalil-awawdeh-prisonnier-palestinien-en-greve-de-la-faim\/","url":"https:\/\/charleroi-pourlapalestine.be\/index.php\/2022\/08\/03\/appel-a-laction-pour-la-liberation-de-khalil-awawdeh-prisonnier-palestinien-en-greve-de-la-faim\/","name":"Appel \u00e0 l\u2019action pour la lib\u00e9ration de Khalil Awawdeh, prisonnier palestinien en gr\u00e8ve de la faim","isPartOf":{"@id":"https:\/\/charleroi-pourlapalestine.be\/#website"},"primaryImageOfPage":{"@id":"https:\/\/charleroi-pourlapalestine.be\/index.php\/2022\/08\/03\/appel-a-laction-pour-la-liberation-de-khalil-awawdeh-prisonnier-palestinien-en-greve-de-la-faim\/#primaryimage"},"image":{"@id":"https:\/\/charleroi-pourlapalestine.be\/index.php\/2022\/08\/03\/appel-a-laction-pour-la-liberation-de-khalil-awawdeh-prisonnier-palestinien-en-greve-de-la-faim\/#primaryimage"},"thumbnailUrl":"https:\/\/charleroi-pourlapalestine.be\/wp-content\/uploads\/2022\/08\/In-solidarity-with-Khalil-Awawdeh-e1659602002361.png","datePublished":"2022-08-03T13:43:00+00:00","dateModified":"2022-10-04T12:58:57+00:00","description":"Les militants de Ha\u00effa occup\u00e9e ont \u00e9galement lanc\u00e9 un appel \u00e0 des actions internationales en soutien \u00e0 Awawdeh","breadcrumb":{"@id":"https:\/\/charleroi-pourlapalestine.be\/index.php\/2022\/08\/03\/appel-a-laction-pour-la-liberation-de-khalil-awawdeh-prisonnier-palestinien-en-greve-de-la-faim\/#breadcrumb"},"inLanguage":"fr-FR","potentialAction":[{"@type":"ReadAction","target":["https:\/\/charleroi-pourlapalestine.be\/index.php\/2022\/08\/03\/appel-a-laction-pour-la-liberation-de-khalil-awawdeh-prisonnier-palestinien-en-greve-de-la-faim\/"]}]},{"@type":"ImageObject","inLanguage":"fr-FR","@id":"https:\/\/charleroi-pourlapalestine.be\/index.php\/2022\/08\/03\/appel-a-laction-pour-la-liberation-de-khalil-awawdeh-prisonnier-palestinien-en-greve-de-la-faim\/#primaryimage","url":"https:\/\/charleroi-pourlapalestine.be\/wp-content\/uploads\/2022\/08\/In-solidarity-with-Khalil-Awawdeh-e1659602002361.png","contentUrl":"https:\/\/charleroi-pourlapalestine.be\/wp-content\/uploads\/2022\/08\/In-solidarity-with-Khalil-Awawdeh-e1659602002361.png","width":495,"height":320},{"@type":"BreadcrumbList","@id":"https:\/\/charleroi-pourlapalestine.be\/index.php\/2022\/08\/03\/appel-a-laction-pour-la-liberation-de-khalil-awawdeh-prisonnier-palestinien-en-greve-de-la-faim\/#breadcrumb","itemListElement":[{"@type":"ListItem","position":1,"name":"Accueil","item":"https:\/\/charleroi-pourlapalestine.be\/"},{"@type":"ListItem","position":2,"name":"Appel \u00e0 l\u2019action pour la lib\u00e9ration de Khalil Awawdeh, prisonnier palestinien en gr\u00e8ve de la faim"}]},{"@type":"WebSite","@id":"https:\/\/charleroi-pourlapalestine.be\/#website","url":"https:\/\/charleroi-pourlapalestine.be\/","name":"Charleroi Pour la Palestine","description":"","publisher":{"@id":"https:\/\/charleroi-pourlapalestine.be\/#organization"},"potentialAction":[{"@type":"SearchAction","target":{"@type":"EntryPoint","urlTemplate":"https:\/\/charleroi-pourlapalestine.be\/?s={search_term_string}"},"query-input":{"@type":"PropertyValueSpecification","valueRequired":true,"valueName":"search_term_string"}}],"inLanguage":"fr-FR"},{"@type":"Organization","@id":"https:\/\/charleroi-pourlapalestine.be\/#organization","name":"Plate-forme Charleroi-Palestine","url":"https:\/\/charleroi-pourlapalestine.be\/","logo":{"@type":"ImageObject","inLanguage":"fr-FR","@id":"https:\/\/charleroi-pourlapalestine.be\/#\/schema\/logo\/image\/","url":"https:\/\/charleroi-pourlapalestine.be\/wp-content\/uploads\/2020\/01\/logo-Copy.jpg","contentUrl":"https:\/\/charleroi-pourlapalestine.be\/wp-content\/uploads\/2020\/01\/logo-Copy.jpg","width":180,"height":180,"caption":"Plate-forme Charleroi-Palestine"},"image":{"@id":"https:\/\/charleroi-pourlapalestine.be\/#\/schema\/logo\/image\/"},"sameAs":["https:\/\/www.facebook.com\/PlateformeCharleroiPalestine\/","https:\/\/x.com\/LaCharleroi"]},{"@type":"Person","@id":"https:\/\/charleroi-pourlapalestine.be\/#\/schema\/person\/c19ff515112f1299d8c12671d8fe3faa","name":"admin1873","url":"https:\/\/charleroi-pourlapalestine.be\/index.php\/author\/admin1873\/"}]}},"_links":{"self":[{"href":"https:\/\/charleroi-pourlapalestine.be\/index.php\/wp-json\/wp\/v2\/posts\/42243","targetHints":{"allow":["GET"]}}],"collection":[{"href":"https:\/\/charleroi-pourlapalestine.be\/index.php\/wp-json\/wp\/v2\/posts"}],"about":[{"href":"https:\/\/charleroi-pourlapalestine.be\/index.php\/wp-json\/wp\/v2\/types\/post"}],"author":[{"embeddable":true,"href":"https:\/\/charleroi-pourlapalestine.be\/index.php\/wp-json\/wp\/v2\/users\/1"}],"replies":[{"embeddable":true,"href":"https:\/\/charleroi-pourlapalestine.be\/index.php\/wp-json\/wp\/v2\/comments?post=42243"}],"version-history":[{"count":0,"href":"https:\/\/charleroi-pourlapalestine.be\/index.php\/wp-json\/wp\/v2\/posts\/42243\/revisions"}],"wp:featuredmedia":[{"embeddable":true,"href":"https:\/\/charleroi-pourlapalestine.be\/index.php\/wp-json\/wp\/v2\/media\/42176"}],"wp:attachment":[{"href":"https:\/\/charleroi-pourlapalestine.be\/index.php\/wp-json\/wp\/v2\/media?parent=42243"}],"wp:term":[{"taxonomy":"category","embeddable":true,"href":"https:\/\/charleroi-pourlapalestine.be\/index.php\/wp-json\/wp\/v2\/categories?post=42243"},{"taxonomy":"post_tag","embeddable":true,"href":"https:\/\/charleroi-pourlapalestine.be\/index.php\/wp-json\/wp\/v2\/tags?post=42243"}],"curies":[{"name":"wp","href":"https:\/\/api.w.org\/{rel}","templated":true}]}}