{"id":42439,"date":"2022-08-08T09:45:12","date_gmt":"2022-08-08T07:45:12","guid":{"rendered":"https:\/\/charleroi-pourlapalestine.be\/?p=42439"},"modified":"2022-10-04T14:58:23","modified_gmt":"2022-10-04T12:58:23","slug":"cessez-le-feu-a-gaza-les-prisonniers-palestiniens-au-coeur-de-la-bataille-et-de-la-resistance","status":"publish","type":"post","link":"https:\/\/charleroi-pourlapalestine.be\/index.php\/2022\/08\/08\/cessez-le-feu-a-gaza-les-prisonniers-palestiniens-au-coeur-de-la-bataille-et-de-la-resistance\/","title":{"rendered":"Cessez-le-feu \u00e0 Gaza : Les prisonniers palestiniens au c\u0153ur de la bataille et de la R\u00e9sistance"},"content":{"rendered":"<p>Dimanche 7 ao\u00fbt, le leader de la r\u00e9sistance palestinienne et secr\u00e9taire g\u00e9n\u00e9ral du <strong>Mouvement du Jihad islamique<\/strong> palestinien <strong>Ziad Nakhaleh<\/strong> a annonc\u00e9 un cessez-le-feu dans l\u2019agression isra\u00e9lienne contre Gaza et la r\u00e9ponse de la r\u00e9sistance palestinienne.&nbsp;Cette d\u00e9claration a clairement indiqu\u00e9 que <strong>les prisonniers palestiniens sont au c\u0153ur de la bataille de la r\u00e9sistance palestinienne<\/strong> et que <strong>l\u2019unit\u00e9 du peuple palestinien dans toutes les zones g\u00e9ographiques ne pourra jamais \u00eatre sap\u00e9e ou perturb\u00e9e par 75 ans de colonisation.<\/strong><\/p>\n<div id=\"attachment_42455\" style=\"width: 487px\" class=\"wp-caption aligncenter\"><img loading=\"lazy\" decoding=\"async\" aria-describedby=\"caption-attachment-42455\" class=\"wp-image-42455 size-full\" src=\"https:\/\/charleroi-pourlapalestine.be\/wp-content\/uploads\/2022\/08\/Ziyad-Al-Nakhalah-e1659944002387.jpg\" alt=\"Le secr\u00e9taire g\u00e9n\u00e9ral du mouvement du Jihad Islamique, Ziyad Al-Nakhalah - Photo : via al-Mayadeen\" width=\"477\" height=\"320\" srcset=\"https:\/\/charleroi-pourlapalestine.be\/wp-content\/uploads\/2022\/08\/Ziyad-Al-Nakhalah-e1659944002387.jpg 477w, https:\/\/charleroi-pourlapalestine.be\/wp-content\/uploads\/2022\/08\/Ziyad-Al-Nakhalah-e1659944002387-300x201.jpg 300w\" sizes=\"auto, (max-width: 477px) 100vw, 477px\" \/><p id=\"caption-attachment-42455\" class=\"wp-caption-text\">Le secr\u00e9taire g\u00e9n\u00e9ral du mouvement du Jihad Islamique, Ziyad Al-Nakhalah &#8211; Photo : via al-Mayadeen<\/p><\/div>\n<p>En particulier, <strong>Nakhaleh a soulign\u00e9 que la r\u00e9sistance avait impos\u00e9 ses conditions<\/strong>, sp\u00e9cifiquement pour la protection des prisonniers palestiniens, \u00e0 savoir :<\/p>\n<ul>\n<li><strong>La lib\u00e9ration demain de <a href=\"https:\/\/charleroi-pourlapalestine.be\/index.php\/2022\/08\/03\/appel-a-laction-pour-la-liberation-de-khalil-awawdeh-prisonnier-palestinien-en-greve-de-la-faim\/\">Khalil Awawdeh<\/a>, en gr\u00e8ve de la faim depuis plus de 150 jours, vers un h\u00f4pital.<\/strong><\/li>\n<\/ul>\n<ul>\n<li><strong>La lib\u00e9ration de Sheikh Bassam al-Saadi<\/strong>,<strong> un \u00e9minent dirigeant national palestinien du mouvement du Jihad islamique, avec une<\/strong> <strong>garantie \u00e9gyptienne.<\/strong><\/li>\n<\/ul>\n<ul>\n<li><strong>Aucune condition impos\u00e9e \u00e0 la r\u00e9sistance<\/strong><\/li>\n<\/ul>\n<p>&nbsp;<\/p>\n<p>Nakhaleh a soulign\u00e9 que&nbsp;<strong>si l\u2019occupation viole ces conditions, la r\u00e9sistance n\u2019h\u00e9sitera pas \u00e0 reprendre la bataille par tous les moyens pour lib\u00e9rer ces combattants palestiniens emprisonn\u00e9s.&nbsp;<\/strong>La r\u00e9sistance palestinienne, en prenant les armes, en descendant dans la rue, en se soulevant de diff\u00e9rentes mani\u00e8res, d\u00e9fend et prot\u00e8ge la vie palestinienne des massacres des avions de guerre de l\u2019occupation et des raids violents des arrestations massives et des incarc\u00e9rations politiques.<\/p>\n<p>Le r\u00e9seau de solidarit\u00e9 avec les prisonniers palestiniens <strong>Samidoun<\/strong> salue la fermet\u00e9 du peuple palestinien et le courage et le d\u00e9vouement de la r\u00e9sistance palestinienne dans le niveau profond de sacrifice et de lutte entrepris pour faire face \u00e0 la politique d\u2019arrestations et d\u2019assassinats dans toute la Palestine occup\u00e9e.&nbsp;Nous insistons sur le fait que ce n\u2019est pas le moment de mettre fin \u00e0 notre mobilisation populaire et \u00e0 notre pression, mais plut\u00f4t de la continuer et de l\u2019intensifier. Nous devons faire comprendre au r\u00e9gime d\u2019occupation isra\u00e9lien que la r\u00e9sistance n\u2019est pas seule et que les peuples du monde exigent la mise en \u0153uvre de ces r\u00e9alisations de la r\u00e9sistance, la lib\u00e9ration de ces prisonniers palestiniens.<\/p>\n<p>On ne peut pas faire confiance au r\u00e9gime d\u2019occupation isra\u00e9lien et \u00e0 l\u2019\u00c9tat \u00e9gyptien \u2013 qui est complice du <strong>blocus de Gaza depuis plus de 15 ans<\/strong> et qui normalise avec l\u2019occupant \u2013 et toute notre vigilance doit continuer \u00e0 assurer la lib\u00e9ration d\u2019<strong>Awawdeh<\/strong> et d\u2019<strong>al-Saadi<\/strong>, les acquis de la r\u00e9sistance palestinienne obtenus par une lutte d\u00e9sint\u00e9ress\u00e9e et un profond sacrifice.<\/p>\n<p>Les massacres commis par les forces colonialistes \u2013 qui s\u2019inscrivent dans le cadre de<strong> 75 ann\u00e9es de Nakba en cours<\/strong> qui continuent de se heurter au mur imp\u00e9n\u00e9trable de la r\u00e9sistance du peuple palestinien et de sa volont\u00e9 de lutter, de survivre et de remporter la victoire \u2013 ont co\u00fbt\u00e9 la vie \u00e0 <strong>44 martyrs, dont 15 enfants et deux dirigeants \u00e9minents et profond\u00e9ment respect\u00e9s du Mouvement du Jihad islamique palestinien,<\/strong> <strong>Tayseer al-Jabari et Khaled Mansour<\/strong>. Le nombre de bless\u00e9s a atteint 360, tandis que des sites civils dans toute la bande de Gaza assi\u00e9g\u00e9e ont \u00e9t\u00e9 d\u00e9truits par les bombes et les avions de guerre de l\u2019occupant financ\u00e9s par les \u00c9tats-Unis.<\/p>\n<p><strong><a href=\"https:\/\/charleroi-pourlapalestine.be\/index.php\/2022\/08\/07\/les-eu-et-l-europe-donnent-le-feu-vert-au-present-massacre-de-gaza-par-israel\/\">Ces crimes ont \u00e9t\u00e9 soutenus partout par les \u00c9tats-Unis, le Canada, les pays de l\u2019Union europ\u00e9enne, la Grande-Bretagne et d\u2019autres puissances imp\u00e9rialistes<\/a>,<\/strong> qui affirmait le<em> \u00ab droit \u00e0 se d\u00e9fendre \u00bb<\/em> inexistant du colonisateur contre un peuple colonis\u00e9 qui r\u00e9siste \u00e0 l\u2019incarc\u00e9ration massive, aux assassinats cibl\u00e9s et aux massacres aveugles. <strong>Les r\u00e9gimes r\u00e9actionnaires arabes et normalisateurs<\/strong> ont poursuivi leur collaboration avec l\u2019occupant, alors m\u00eame que les peuples arabes de toute la r\u00e9gion ont clairement indiqu\u00e9 que la Palestine \u00e9tait et restait la boussole permettant \u00e0 tous les peuples de la r\u00e9gion de parvenir \u00e0 la justice et \u00e0 la lib\u00e9ration. <strong>L\u2019Autorit\u00e9 palestinienne<\/strong> a continu\u00e9 \u00e0 s\u2019engager dans la <em>\u00ab&nbsp;coordination s\u00e9curitaire&nbsp;\u00bb e<\/em>t \u00e0 emprisonner des d\u00e9tenus politiques pour leur r\u00f4le dans la r\u00e9sistance \u00e0 l\u2019occupation, alors m\u00eame qu\u2019elle faisait des d\u00e9clarations \u00e0 la presse critiquant les crimes isra\u00e9liens.<\/p>\n<p>Dans le m\u00eame temps, <strong>la r\u00e9sistance libanaise et toutes les forces de r\u00e9sistance et de lib\u00e9ration de la r\u00e9gion et du monde<\/strong> ont clairement exprim\u00e9 leur position aux c\u00f4t\u00e9s du peuple palestinien et de sa lutte pour la justice et la lib\u00e9ration, ainsi que leur rejet total des crimes sionistes commis contre la bande de Gaza.<\/p>\n<p>Une fois de plus, comme lors de l<strong>a bataille de Seif al-Quds\/Intifada de l\u2019unit\u00e9<\/strong>, la r\u00e9sistance palestinienne a montr\u00e9 clairement que le peuple palestinien, partout en Palestine occup\u00e9e, de la mer au Jourdain, et en exil et en diaspora, est <strong>un seul peuple, avec une seule r\u00e9sistance<\/strong>, confront\u00e9 \u00e0 un camp ennemi commun, et que la r\u00e9sistance palestinienne \u00e0 Gaza \u00e9tait pr\u00eate \u00e0 se battre par tous les moyens, m\u00eame en payant un prix important, pour d\u00e9fendre les prisonniers palestiniens qui luttent chaque jour derri\u00e8re les barreaux sionistes pour la lib\u00e9ration.<\/p>\n<p>Les peuples du monde entier, y compris les communaut\u00e9s palestiniennes et arabes et les forces d\u00e9mocratiques et r\u00e9volutionnaires du monde entier, sont descendus dans la rue d\u00e8s le premier moment de cette bataille.<\/p>\n<p><strong>Le r\u00e9seau de solidarit\u00e9 avec les prisonniers palestiniens Samidoun<\/strong> souligne la n\u00e9cessit\u00e9 de s\u2019appuyer sur les r\u00e9alisations et les sacrifices du peuple palestinien et sur sa r\u00e9sistance in\u00e9branlable, affirmant que les prisonniers palestiniens sont au c\u0153ur de la lutte de lib\u00e9ration. Nous ne devons pas rel\u00e2cher nos efforts, mais plut\u00f4t intensifier notre organisation et notre action pour lib\u00e9rer <strong>Khalil Awawdeh, Bassam al-Saadi, et l\u2019ensemble des 4700 leaders de la r\u00e9sistance palestinienne et combattants de la libert\u00e9<\/strong> enferm\u00e9s derri\u00e8re les barreaux sionistes, qui continuent d\u2019indiquer la voie \u00e0 suivre pour la lib\u00e9ration de la Palestine de la mer au Jourdain.<\/p>\n<p><img loading=\"lazy\" decoding=\"async\" class=\"aligncenter wp-image-42453 size-medium\" src=\"https:\/\/charleroi-pourlapalestine.be\/wp-content\/uploads\/2022\/08\/Resistance-means-freedom-e1659943445909-300x300.png\" alt=\"Affiche : Resistance means freedom\" width=\"300\" height=\"300\" srcset=\"https:\/\/charleroi-pourlapalestine.be\/wp-content\/uploads\/2022\/08\/Resistance-means-freedom-e1659943445909-300x300.png 300w, https:\/\/charleroi-pourlapalestine.be\/wp-content\/uploads\/2022\/08\/Resistance-means-freedom-e1659943445909-150x150.png 150w, https:\/\/charleroi-pourlapalestine.be\/wp-content\/uploads\/2022\/08\/Resistance-means-freedom-e1659943445909-80x80.png 80w, https:\/\/charleroi-pourlapalestine.be\/wp-content\/uploads\/2022\/08\/Resistance-means-freedom-e1659943445909-320x320.png 320w, https:\/\/charleroi-pourlapalestine.be\/wp-content\/uploads\/2022\/08\/Resistance-means-freedom-e1659943445909.png 580w\" sizes=\"auto, (max-width: 300px) 100vw, 300px\" \/><\/p>\n<h3>\nContinuons \u00e0 agir !<br \/>\n&nbsp;<\/h3>\n<p>1. <strong>Organisez des actions, des manifestations et des interventions cr\u00e9atives<\/strong>&nbsp;\u2013 Prenons la rue pour d\u00e9fendre le peuple palestinien et sa r\u00e9sistance ! Comme cela a \u00e9t\u00e9 clairement indiqu\u00e9 lors de l\u2019Unit\u00e9 Intifada\/Seif al-Qods en mai 2021, il existe un vaste soutien au peuple palestinien partout dans le monde, y compris au sein des puissances imp\u00e9rialistes. Il est de notre responsabilit\u00e9 d\u2019agir et de rendre impossible la poursuite de leur soutien aux crimes contre le peuple palestinien.<\/p>\n<p>2.<strong> Construire le boycott d\u2019Isra\u00ebl<\/strong>&nbsp;\u2013 C\u2019est un moment critique pour intensifier la campagne visant \u00e0 isoler le r\u00e9gime isra\u00e9lien \u00e0 tous les niveaux, y compris par le biais de campagnes de boycott qui ciblent l\u2019exploitation \u00e9conomique par l\u2019occupation de la terre, du peuple et des ressources palestiniens ainsi que ces soci\u00e9t\u00e9s internationales, comme HP et G4S, qui profitent de la colonisation en cours de la Palestine.<\/p>\n<p>3. <strong>Soutenir la pers\u00e9v\u00e9rance du peuple palestinien<\/strong>&nbsp;\u2013 Cette agression est une extension du si\u00e8ge de Gaza qui a \u00e9t\u00e9 impos\u00e9 \u00e0 la Bande de Gaza r\u00e9sistante et in\u00e9branlable depuis plus de 15 ans. En ce moment, il est important de fournir un soutien \u00e9conomique et pratique au niveau populaire pour soutenir la fermet\u00e9 du peuple palestinien face \u00e0 ces crimes. <strong>Pour contribuer \u00e0 la campagne de Samidoun en faveur des soins de sant\u00e9 pour les enfants \u00e0 Gaza,<\/strong> <strong>faites un don sur<\/strong><a href=\"https:\/\/samidoun.net\/gaza\" target=\"_blank\" rel=\"noopener\"><strong>&nbsp;https:\/\/samidoun.net\/gaza<\/strong><\/a><\/p>\n<p style=\"text-align: center;\">\u00b0\u00b0\u00b0\u00b0\u00b0<\/p>\n<p>Publi\u00e9 le 7 ao\u00fbt 2022 sur <strong><a href=\"\/\/samidoun.net\/fr\/2022\/08\/cessez-le-feu-a-gaza-les-prisonniers-palestiniens-au-coeur-de-la-bataille-et-de-la-resistance\/\" target=\"_blank\" rel=\"noopener\">Samidoun<\/a><\/strong><\/p>\n<p style=\"text-align: center;\">\u00b0\u00b0\u00b0\u00b0\u00b0<\/p>\n<p>Lisez \u00e9galement :<a href=\"https:\/\/www.chroniquepalestine.com\/ziyad-al-nakhalah-au-moindre-ecart-de-loccupant-la-treve-sera-rompue\/\" target=\"_blank\" rel=\"noopener\"><strong> Ziyad Al-Nakhalah : <em>\u00ab Au moindre \u00e9cart de l\u2019occupant, la tr\u00eave sera rompue \u00bb<\/em><\/strong><\/a><\/p>\n","protected":false},"excerpt":{"rendered":"<p>L\u2019unit\u00e9 du peuple palestinien dans toutes les zones g\u00e9ographiques ne pourra jamais \u00eatre sap\u00e9e ou perturb\u00e9e par 75 ans de colonisation.<\/p>\n","protected":false},"author":1,"featured_media":42455,"comment_status":"closed","ping_status":"closed","sticky":false,"template":"","format":"standard","meta":{"ngg_post_thumbnail":0,"footnotes":""},"categories":[356,6,192,13,25],"tags":[],"class_list":["post-42439","post","type-post","status-publish","format-standard","has-post-thumbnail","hentry","category-djihad-islamique","category-gaza","category-palestine","category-les-prisionners-palestiniens","category-la-resistance-palestinienne"],"yoast_head":"<!-- This site is optimized with the Yoast SEO plugin v27.3 - https:\/\/yoast.com\/product\/yoast-seo-wordpress\/ -->\n<title>Cessez-le-feu \u00e0 Gaza : Les prisonniers palestiniens au c\u0153ur de la bataille et de la R\u00e9sistance<\/title>\n<meta name=\"description\" content=\"Ziad Nakhaleh a annonc\u00e9 un cessez-le-feu dans l\u2019agression isra\u00e9lienne contre Gaza et la r\u00e9ponse de la r\u00e9sistance palestinienne.\" \/>\n<meta name=\"robots\" content=\"index, follow, max-snippet:-1, max-image-preview:large, max-video-preview:-1\" \/>\n<link rel=\"canonical\" href=\"https:\/\/charleroi-pourlapalestine.be\/index.php\/2022\/08\/08\/cessez-le-feu-a-gaza-les-prisonniers-palestiniens-au-coeur-de-la-bataille-et-de-la-resistance\/\" \/>\n<script type=\"application\/ld+json\" class=\"yoast-schema-graph\">{\"@context\":\"https:\\\/\\\/schema.org\",\"@graph\":[{\"@type\":\"Article\",\"@id\":\"https:\\\/\\\/charleroi-pourlapalestine.be\\\/index.php\\\/2022\\\/08\\\/08\\\/cessez-le-feu-a-gaza-les-prisonniers-palestiniens-au-coeur-de-la-bataille-et-de-la-resistance\\\/#article\",\"isPartOf\":{\"@id\":\"https:\\\/\\\/charleroi-pourlapalestine.be\\\/index.php\\\/2022\\\/08\\\/08\\\/cessez-le-feu-a-gaza-les-prisonniers-palestiniens-au-coeur-de-la-bataille-et-de-la-resistance\\\/\"},\"author\":{\"name\":\"admin1873\",\"@id\":\"https:\\\/\\\/charleroi-pourlapalestine.be\\\/#\\\/schema\\\/person\\\/c19ff515112f1299d8c12671d8fe3faa\"},\"headline\":\"Cessez-le-feu \u00e0 Gaza : Les prisonniers palestiniens au c\u0153ur de la bataille et de la R\u00e9sistance\",\"datePublished\":\"2022-08-08T07:45:12+00:00\",\"dateModified\":\"2022-10-04T12:58:23+00:00\",\"mainEntityOfPage\":{\"@id\":\"https:\\\/\\\/charleroi-pourlapalestine.be\\\/index.php\\\/2022\\\/08\\\/08\\\/cessez-le-feu-a-gaza-les-prisonniers-palestiniens-au-coeur-de-la-bataille-et-de-la-resistance\\\/\"},\"wordCount\":1342,\"publisher\":{\"@id\":\"https:\\\/\\\/charleroi-pourlapalestine.be\\\/#organization\"},\"image\":{\"@id\":\"https:\\\/\\\/charleroi-pourlapalestine.be\\\/index.php\\\/2022\\\/08\\\/08\\\/cessez-le-feu-a-gaza-les-prisonniers-palestiniens-au-coeur-de-la-bataille-et-de-la-resistance\\\/#primaryimage\"},\"thumbnailUrl\":\"https:\\\/\\\/charleroi-pourlapalestine.be\\\/wp-content\\\/uploads\\\/2022\\\/08\\\/Ziyad-Al-Nakhalah-e1659944002387.jpg\",\"articleSection\":[\"Djihad islamique\",\"Gaza\",\"Palestine\",\"Prisonniers\",\"R\u00e9sistance\"],\"inLanguage\":\"fr-FR\"},{\"@type\":\"WebPage\",\"@id\":\"https:\\\/\\\/charleroi-pourlapalestine.be\\\/index.php\\\/2022\\\/08\\\/08\\\/cessez-le-feu-a-gaza-les-prisonniers-palestiniens-au-coeur-de-la-bataille-et-de-la-resistance\\\/\",\"url\":\"https:\\\/\\\/charleroi-pourlapalestine.be\\\/index.php\\\/2022\\\/08\\\/08\\\/cessez-le-feu-a-gaza-les-prisonniers-palestiniens-au-coeur-de-la-bataille-et-de-la-resistance\\\/\",\"name\":\"Cessez-le-feu \u00e0 Gaza : Les prisonniers palestiniens au c\u0153ur de la bataille et de la R\u00e9sistance\",\"isPartOf\":{\"@id\":\"https:\\\/\\\/charleroi-pourlapalestine.be\\\/#website\"},\"primaryImageOfPage\":{\"@id\":\"https:\\\/\\\/charleroi-pourlapalestine.be\\\/index.php\\\/2022\\\/08\\\/08\\\/cessez-le-feu-a-gaza-les-prisonniers-palestiniens-au-coeur-de-la-bataille-et-de-la-resistance\\\/#primaryimage\"},\"image\":{\"@id\":\"https:\\\/\\\/charleroi-pourlapalestine.be\\\/index.php\\\/2022\\\/08\\\/08\\\/cessez-le-feu-a-gaza-les-prisonniers-palestiniens-au-coeur-de-la-bataille-et-de-la-resistance\\\/#primaryimage\"},\"thumbnailUrl\":\"https:\\\/\\\/charleroi-pourlapalestine.be\\\/wp-content\\\/uploads\\\/2022\\\/08\\\/Ziyad-Al-Nakhalah-e1659944002387.jpg\",\"datePublished\":\"2022-08-08T07:45:12+00:00\",\"dateModified\":\"2022-10-04T12:58:23+00:00\",\"description\":\"Ziad Nakhaleh a annonc\u00e9 un cessez-le-feu dans l\u2019agression isra\u00e9lienne contre Gaza et la r\u00e9ponse de la r\u00e9sistance palestinienne.\",\"breadcrumb\":{\"@id\":\"https:\\\/\\\/charleroi-pourlapalestine.be\\\/index.php\\\/2022\\\/08\\\/08\\\/cessez-le-feu-a-gaza-les-prisonniers-palestiniens-au-coeur-de-la-bataille-et-de-la-resistance\\\/#breadcrumb\"},\"inLanguage\":\"fr-FR\",\"potentialAction\":[{\"@type\":\"ReadAction\",\"target\":[\"https:\\\/\\\/charleroi-pourlapalestine.be\\\/index.php\\\/2022\\\/08\\\/08\\\/cessez-le-feu-a-gaza-les-prisonniers-palestiniens-au-coeur-de-la-bataille-et-de-la-resistance\\\/\"]}]},{\"@type\":\"ImageObject\",\"inLanguage\":\"fr-FR\",\"@id\":\"https:\\\/\\\/charleroi-pourlapalestine.be\\\/index.php\\\/2022\\\/08\\\/08\\\/cessez-le-feu-a-gaza-les-prisonniers-palestiniens-au-coeur-de-la-bataille-et-de-la-resistance\\\/#primaryimage\",\"url\":\"https:\\\/\\\/charleroi-pourlapalestine.be\\\/wp-content\\\/uploads\\\/2022\\\/08\\\/Ziyad-Al-Nakhalah-e1659944002387.jpg\",\"contentUrl\":\"https:\\\/\\\/charleroi-pourlapalestine.be\\\/wp-content\\\/uploads\\\/2022\\\/08\\\/Ziyad-Al-Nakhalah-e1659944002387.jpg\",\"width\":477,\"height\":320},{\"@type\":\"BreadcrumbList\",\"@id\":\"https:\\\/\\\/charleroi-pourlapalestine.be\\\/index.php\\\/2022\\\/08\\\/08\\\/cessez-le-feu-a-gaza-les-prisonniers-palestiniens-au-coeur-de-la-bataille-et-de-la-resistance\\\/#breadcrumb\",\"itemListElement\":[{\"@type\":\"ListItem\",\"position\":1,\"name\":\"Accueil\",\"item\":\"https:\\\/\\\/charleroi-pourlapalestine.be\\\/\"},{\"@type\":\"ListItem\",\"position\":2,\"name\":\"Cessez-le-feu \u00e0 Gaza : Les prisonniers palestiniens au c\u0153ur de la bataille et de la R\u00e9sistance\"}]},{\"@type\":\"WebSite\",\"@id\":\"https:\\\/\\\/charleroi-pourlapalestine.be\\\/#website\",\"url\":\"https:\\\/\\\/charleroi-pourlapalestine.be\\\/\",\"name\":\"Charleroi Pour la Palestine\",\"description\":\"\",\"publisher\":{\"@id\":\"https:\\\/\\\/charleroi-pourlapalestine.be\\\/#organization\"},\"potentialAction\":[{\"@type\":\"SearchAction\",\"target\":{\"@type\":\"EntryPoint\",\"urlTemplate\":\"https:\\\/\\\/charleroi-pourlapalestine.be\\\/?s={search_term_string}\"},\"query-input\":{\"@type\":\"PropertyValueSpecification\",\"valueRequired\":true,\"valueName\":\"search_term_string\"}}],\"inLanguage\":\"fr-FR\"},{\"@type\":\"Organization\",\"@id\":\"https:\\\/\\\/charleroi-pourlapalestine.be\\\/#organization\",\"name\":\"Plate-forme Charleroi-Palestine\",\"url\":\"https:\\\/\\\/charleroi-pourlapalestine.be\\\/\",\"logo\":{\"@type\":\"ImageObject\",\"inLanguage\":\"fr-FR\",\"@id\":\"https:\\\/\\\/charleroi-pourlapalestine.be\\\/#\\\/schema\\\/logo\\\/image\\\/\",\"url\":\"https:\\\/\\\/charleroi-pourlapalestine.be\\\/wp-content\\\/uploads\\\/2020\\\/01\\\/logo-Copy.jpg\",\"contentUrl\":\"https:\\\/\\\/charleroi-pourlapalestine.be\\\/wp-content\\\/uploads\\\/2020\\\/01\\\/logo-Copy.jpg\",\"width\":180,\"height\":180,\"caption\":\"Plate-forme Charleroi-Palestine\"},\"image\":{\"@id\":\"https:\\\/\\\/charleroi-pourlapalestine.be\\\/#\\\/schema\\\/logo\\\/image\\\/\"},\"sameAs\":[\"https:\\\/\\\/www.facebook.com\\\/PlateformeCharleroiPalestine\\\/\",\"https:\\\/\\\/x.com\\\/LaCharleroi\"]},{\"@type\":\"Person\",\"@id\":\"https:\\\/\\\/charleroi-pourlapalestine.be\\\/#\\\/schema\\\/person\\\/c19ff515112f1299d8c12671d8fe3faa\",\"name\":\"admin1873\",\"url\":\"https:\\\/\\\/charleroi-pourlapalestine.be\\\/index.php\\\/author\\\/admin1873\\\/\"}]}<\/script>\n<!-- \/ Yoast SEO plugin. -->","yoast_head_json":{"title":"Cessez-le-feu \u00e0 Gaza : Les prisonniers palestiniens au c\u0153ur de la bataille et de la R\u00e9sistance","description":"Ziad Nakhaleh a annonc\u00e9 un cessez-le-feu dans l\u2019agression isra\u00e9lienne contre Gaza et la r\u00e9ponse de la r\u00e9sistance palestinienne.","robots":{"index":"index","follow":"follow","max-snippet":"max-snippet:-1","max-image-preview":"max-image-preview:large","max-video-preview":"max-video-preview:-1"},"canonical":"https:\/\/charleroi-pourlapalestine.be\/index.php\/2022\/08\/08\/cessez-le-feu-a-gaza-les-prisonniers-palestiniens-au-coeur-de-la-bataille-et-de-la-resistance\/","schema":{"@context":"https:\/\/schema.org","@graph":[{"@type":"Article","@id":"https:\/\/charleroi-pourlapalestine.be\/index.php\/2022\/08\/08\/cessez-le-feu-a-gaza-les-prisonniers-palestiniens-au-coeur-de-la-bataille-et-de-la-resistance\/#article","isPartOf":{"@id":"https:\/\/charleroi-pourlapalestine.be\/index.php\/2022\/08\/08\/cessez-le-feu-a-gaza-les-prisonniers-palestiniens-au-coeur-de-la-bataille-et-de-la-resistance\/"},"author":{"name":"admin1873","@id":"https:\/\/charleroi-pourlapalestine.be\/#\/schema\/person\/c19ff515112f1299d8c12671d8fe3faa"},"headline":"Cessez-le-feu \u00e0 Gaza : Les prisonniers palestiniens au c\u0153ur de la bataille et de la R\u00e9sistance","datePublished":"2022-08-08T07:45:12+00:00","dateModified":"2022-10-04T12:58:23+00:00","mainEntityOfPage":{"@id":"https:\/\/charleroi-pourlapalestine.be\/index.php\/2022\/08\/08\/cessez-le-feu-a-gaza-les-prisonniers-palestiniens-au-coeur-de-la-bataille-et-de-la-resistance\/"},"wordCount":1342,"publisher":{"@id":"https:\/\/charleroi-pourlapalestine.be\/#organization"},"image":{"@id":"https:\/\/charleroi-pourlapalestine.be\/index.php\/2022\/08\/08\/cessez-le-feu-a-gaza-les-prisonniers-palestiniens-au-coeur-de-la-bataille-et-de-la-resistance\/#primaryimage"},"thumbnailUrl":"https:\/\/charleroi-pourlapalestine.be\/wp-content\/uploads\/2022\/08\/Ziyad-Al-Nakhalah-e1659944002387.jpg","articleSection":["Djihad islamique","Gaza","Palestine","Prisonniers","R\u00e9sistance"],"inLanguage":"fr-FR"},{"@type":"WebPage","@id":"https:\/\/charleroi-pourlapalestine.be\/index.php\/2022\/08\/08\/cessez-le-feu-a-gaza-les-prisonniers-palestiniens-au-coeur-de-la-bataille-et-de-la-resistance\/","url":"https:\/\/charleroi-pourlapalestine.be\/index.php\/2022\/08\/08\/cessez-le-feu-a-gaza-les-prisonniers-palestiniens-au-coeur-de-la-bataille-et-de-la-resistance\/","name":"Cessez-le-feu \u00e0 Gaza : Les prisonniers palestiniens au c\u0153ur de la bataille et de la R\u00e9sistance","isPartOf":{"@id":"https:\/\/charleroi-pourlapalestine.be\/#website"},"primaryImageOfPage":{"@id":"https:\/\/charleroi-pourlapalestine.be\/index.php\/2022\/08\/08\/cessez-le-feu-a-gaza-les-prisonniers-palestiniens-au-coeur-de-la-bataille-et-de-la-resistance\/#primaryimage"},"image":{"@id":"https:\/\/charleroi-pourlapalestine.be\/index.php\/2022\/08\/08\/cessez-le-feu-a-gaza-les-prisonniers-palestiniens-au-coeur-de-la-bataille-et-de-la-resistance\/#primaryimage"},"thumbnailUrl":"https:\/\/charleroi-pourlapalestine.be\/wp-content\/uploads\/2022\/08\/Ziyad-Al-Nakhalah-e1659944002387.jpg","datePublished":"2022-08-08T07:45:12+00:00","dateModified":"2022-10-04T12:58:23+00:00","description":"Ziad Nakhaleh a annonc\u00e9 un cessez-le-feu dans l\u2019agression isra\u00e9lienne contre Gaza et la r\u00e9ponse de la r\u00e9sistance palestinienne.","breadcrumb":{"@id":"https:\/\/charleroi-pourlapalestine.be\/index.php\/2022\/08\/08\/cessez-le-feu-a-gaza-les-prisonniers-palestiniens-au-coeur-de-la-bataille-et-de-la-resistance\/#breadcrumb"},"inLanguage":"fr-FR","potentialAction":[{"@type":"ReadAction","target":["https:\/\/charleroi-pourlapalestine.be\/index.php\/2022\/08\/08\/cessez-le-feu-a-gaza-les-prisonniers-palestiniens-au-coeur-de-la-bataille-et-de-la-resistance\/"]}]},{"@type":"ImageObject","inLanguage":"fr-FR","@id":"https:\/\/charleroi-pourlapalestine.be\/index.php\/2022\/08\/08\/cessez-le-feu-a-gaza-les-prisonniers-palestiniens-au-coeur-de-la-bataille-et-de-la-resistance\/#primaryimage","url":"https:\/\/charleroi-pourlapalestine.be\/wp-content\/uploads\/2022\/08\/Ziyad-Al-Nakhalah-e1659944002387.jpg","contentUrl":"https:\/\/charleroi-pourlapalestine.be\/wp-content\/uploads\/2022\/08\/Ziyad-Al-Nakhalah-e1659944002387.jpg","width":477,"height":320},{"@type":"BreadcrumbList","@id":"https:\/\/charleroi-pourlapalestine.be\/index.php\/2022\/08\/08\/cessez-le-feu-a-gaza-les-prisonniers-palestiniens-au-coeur-de-la-bataille-et-de-la-resistance\/#breadcrumb","itemListElement":[{"@type":"ListItem","position":1,"name":"Accueil","item":"https:\/\/charleroi-pourlapalestine.be\/"},{"@type":"ListItem","position":2,"name":"Cessez-le-feu \u00e0 Gaza : Les prisonniers palestiniens au c\u0153ur de la bataille et de la R\u00e9sistance"}]},{"@type":"WebSite","@id":"https:\/\/charleroi-pourlapalestine.be\/#website","url":"https:\/\/charleroi-pourlapalestine.be\/","name":"Charleroi Pour la Palestine","description":"","publisher":{"@id":"https:\/\/charleroi-pourlapalestine.be\/#organization"},"potentialAction":[{"@type":"SearchAction","target":{"@type":"EntryPoint","urlTemplate":"https:\/\/charleroi-pourlapalestine.be\/?s={search_term_string}"},"query-input":{"@type":"PropertyValueSpecification","valueRequired":true,"valueName":"search_term_string"}}],"inLanguage":"fr-FR"},{"@type":"Organization","@id":"https:\/\/charleroi-pourlapalestine.be\/#organization","name":"Plate-forme Charleroi-Palestine","url":"https:\/\/charleroi-pourlapalestine.be\/","logo":{"@type":"ImageObject","inLanguage":"fr-FR","@id":"https:\/\/charleroi-pourlapalestine.be\/#\/schema\/logo\/image\/","url":"https:\/\/charleroi-pourlapalestine.be\/wp-content\/uploads\/2020\/01\/logo-Copy.jpg","contentUrl":"https:\/\/charleroi-pourlapalestine.be\/wp-content\/uploads\/2020\/01\/logo-Copy.jpg","width":180,"height":180,"caption":"Plate-forme Charleroi-Palestine"},"image":{"@id":"https:\/\/charleroi-pourlapalestine.be\/#\/schema\/logo\/image\/"},"sameAs":["https:\/\/www.facebook.com\/PlateformeCharleroiPalestine\/","https:\/\/x.com\/LaCharleroi"]},{"@type":"Person","@id":"https:\/\/charleroi-pourlapalestine.be\/#\/schema\/person\/c19ff515112f1299d8c12671d8fe3faa","name":"admin1873","url":"https:\/\/charleroi-pourlapalestine.be\/index.php\/author\/admin1873\/"}]}},"_links":{"self":[{"href":"https:\/\/charleroi-pourlapalestine.be\/index.php\/wp-json\/wp\/v2\/posts\/42439","targetHints":{"allow":["GET"]}}],"collection":[{"href":"https:\/\/charleroi-pourlapalestine.be\/index.php\/wp-json\/wp\/v2\/posts"}],"about":[{"href":"https:\/\/charleroi-pourlapalestine.be\/index.php\/wp-json\/wp\/v2\/types\/post"}],"author":[{"embeddable":true,"href":"https:\/\/charleroi-pourlapalestine.be\/index.php\/wp-json\/wp\/v2\/users\/1"}],"replies":[{"embeddable":true,"href":"https:\/\/charleroi-pourlapalestine.be\/index.php\/wp-json\/wp\/v2\/comments?post=42439"}],"version-history":[{"count":0,"href":"https:\/\/charleroi-pourlapalestine.be\/index.php\/wp-json\/wp\/v2\/posts\/42439\/revisions"}],"wp:featuredmedia":[{"embeddable":true,"href":"https:\/\/charleroi-pourlapalestine.be\/index.php\/wp-json\/wp\/v2\/media\/42455"}],"wp:attachment":[{"href":"https:\/\/charleroi-pourlapalestine.be\/index.php\/wp-json\/wp\/v2\/media?parent=42439"}],"wp:term":[{"taxonomy":"category","embeddable":true,"href":"https:\/\/charleroi-pourlapalestine.be\/index.php\/wp-json\/wp\/v2\/categories?post=42439"},{"taxonomy":"post_tag","embeddable":true,"href":"https:\/\/charleroi-pourlapalestine.be\/index.php\/wp-json\/wp\/v2\/tags?post=42439"}],"curies":[{"name":"wp","href":"https:\/\/api.w.org\/{rel}","templated":true}]}}