{"id":42882,"date":"2022-08-18T17:13:44","date_gmt":"2022-08-18T15:13:44","guid":{"rendered":"https:\/\/charleroi-pourlapalestine.be\/?p=42882"},"modified":"2022-08-18T17:18:40","modified_gmt":"2022-08-18T15:18:40","slug":"brigades-des-martyrs-dal-aqsa-comment-une-milice-ressuscitee-defie-les-dirigeants-israeliens-et-palestiniens","status":"publish","type":"post","link":"https:\/\/charleroi-pourlapalestine.be\/index.php\/2022\/08\/18\/brigades-des-martyrs-dal-aqsa-comment-une-milice-ressuscitee-defie-les-dirigeants-israeliens-et-palestiniens\/","title":{"rendered":"Brigades des Martyrs d\u2019Al-Aqsa : Comment une milice ressuscit\u00e9e d\u00e9fie Isra\u00ebl et l&rsquo;AP"},"content":{"rendered":"<p><strong>\u00c0 J\u00e9nine et \u00e0 Naplouse, les membres des Brigades des Martyrs d\u2019Al-Aqsa s\u2019unissent \u00e0 d\u2019autres factions afin de d\u00e9fier Isra\u00ebl et l\u2019Autorit\u00e9 palestinienne, au moment o\u00f9 de plus en plus de jeunes combattants des camps de r\u00e9fugi\u00e9s prennent le relais de la r\u00e9sistance arm\u00e9e. <\/strong><\/p>\n<div id=\"attachment_42888\" style=\"width: 490px\" class=\"wp-caption aligncenter\"><img loading=\"lazy\" decoding=\"async\" aria-describedby=\"caption-attachment-42888\" class=\"wp-image-42888 size-full\" src=\"https:\/\/charleroi-pourlapalestine.be\/wp-content\/uploads\/2022\/08\/Naplouse-e1660830747771.jpg\" alt=\"\" width=\"480\" height=\"320\" srcset=\"https:\/\/charleroi-pourlapalestine.be\/wp-content\/uploads\/2022\/08\/Naplouse-e1660830747771.jpg 480w, https:\/\/charleroi-pourlapalestine.be\/wp-content\/uploads\/2022\/08\/Naplouse-e1660830747771-300x200.jpg 300w\" sizes=\"auto, (max-width: 480px) 100vw, 480px\" \/><p id=\"caption-attachment-42888\" class=\"wp-caption-text\">Sc\u00e8ne de fun\u00e9railles \u00e0 Naplouse (Cisjordanie), le 9 ao\u00fbt 2022. Des Palestiniens arm\u00e9s brandissent leurs armes alors qu\u2019une foule en deuil porte les corps des Palestiniens tu\u00e9s pendant la nuit au cours d\u2019un raid des forces s\u00e9curitaires. (Photo : Nasser Ishtayeh \/ Flash90)<\/p><\/div>\n<p>&nbsp;<\/p>\n<p><strong>Fatima AbdulKarim<\/strong> et <strong>Dalia Hatuka, <\/strong>11 ao\u00fbt 2022<\/p>\n<p>La semaine derni\u00e8re, pendant trois jours, Isra\u00ebl a bombard\u00e9<strong> Gaza<\/strong> en une conflagration soudaine avec le groupe militant du <strong>Djihad islamique palestinien (DIP<\/strong>), tuant ainsi 44 Palestiniens, dont 15 enfants. Comme la violence se d\u00e9cha\u00eenait dans l\u2019enclave costale en \u00e9tat de si\u00e8ge, la chaleur se faisait \u00e9galement ressentir dans la ville de<strong> J\u00e9nine<\/strong>, dans le nord de la Cisjordanie \u2013 o\u00f9 l\u2019arm\u00e9e isra\u00e9lienne m\u00e8ne des op\u00e9rations r\u00e9guli\u00e8res depuis des mois \u2013 et gagnait rapidement la ville toute proche de<strong> Naplouse.<\/strong><\/p>\n<p>Le lendemain de l\u2019annonce de la tr\u00eave, les forces isra\u00e9liennes tuaient trois combattants palestiniens des <strong>Brigades des Martyrs d\u2019Al-Aqsa<\/strong> \u2013 populairement consid\u00e9r\u00e9es comme l\u2019aile militaire du<strong> Fatah,<\/strong> le parti politique qui contr\u00f4le l\u2019<strong>Autorit\u00e9 palestinienne (AP)<\/strong>. Parmi ces tu\u00e9s figurent <strong>Ibrahim al-Nabulsi,<\/strong> 19 ans, l\u2019homme le plus recherch\u00e9 par Isra\u00ebl dans la ville et l\u2019un des nouveaux symboles de la r\u00e9sistance arm\u00e9e palestinienne.<\/p>\n<p>Des vid\u00e9os montrant une fusillade \u00e0 <strong>Naplouse<\/strong>, ainsi qu\u2019une interview sur une cha\u00eene de t\u00e9l\u00e9vision locale de t\u00e9moins oculaires qui sugg\u00e9raient que les forces s\u00e9curitaires de l\u2019<strong>AP<\/strong> \u00e9taient impliqu\u00e9es, ont largement circul\u00e9 en ligne au cours des heures qui ont suivi la mort d\u2019<strong>al-Nabulsi<\/strong> mardi, \u00e9clairant ainsi la possibilit\u00e9 que l\u2019assassinat commis par les Isra\u00e9liens ait effectivement \u00e9t\u00e9 commis avec la b\u00e9n\u00e9diction de l\u2019AP. <em>+972<\/em> n\u2019a pas \u00e9t\u00e9 en mesure de v\u00e9rifier si les vid\u00e9os concernaient al-Nabulsi ou un autre combattant, et le porte-parole du minist\u00e8re de l\u2019Int\u00e9rieur de l\u2019AP n\u2019\u00e9tait pas disponible pour r\u00e9pondre \u00e0 des questions.<\/p>\n<p>Selon le commentateur politique <strong>Jihad Harb<\/strong>, des failles croissantes dans les rangs du <strong>Fatah,<\/strong> qui est dirig\u00e9 par le pr\u00e9sident <strong>Mahmoud Abbas,<\/strong> consolident les points de vue qui, au sein du parti, s\u2019opposent aux partisans d\u2019Abbas et \u00e0 ce qu\u2019ils per\u00e7oivent comme de futiles n\u00e9gociations de paix, particuli\u00e8rement quand Isra\u00ebl met le paquet contre la r\u00e9sistance palestinienne, tant arm\u00e9e que non arm\u00e9e.<\/p>\n<p>\u00c0 <strong>Naplouse<\/strong> et \u00e0 <strong>J\u00e9nine<\/strong>, les membres des <strong>Brigades Al-Aqsa<\/strong> \u2013 d\u00e9sign\u00e9es comme <em>\u00ab organisation terroriste \u00bb<\/em> par Isra\u00ebl et plusieurs autres pays, et qui ont \u00e9t\u00e9 officiellement d\u00e9mantel\u00e9es en 2007 dans le cadre du processus de paix et du projet de mise en place d\u2019un \u00c9tat par l\u2019AP \u2013 ont r\u00e9arm\u00e9 malgr\u00e9 les tentatives d\u2019Isra\u00ebl et de l\u2019AP en vue de supprimer l\u2019organisation. Aujourd\u2019hui, virtuellement ind\u00e9pendantes du Fatah<strong>,<\/strong> les <strong>Brigades<\/strong> coop\u00e8rent avec d\u2019autres milices arm\u00e9es dans les camps de r\u00e9fugi\u00e9s afin de pr\u00e9senter un front uni face \u00e0 l\u2019intensification des incursions isra\u00e9liennes.<\/p>\n<blockquote><p>\u00ab Ces jeunes gens arm\u00e9s ont g\u00e9n\u00e9ralement moins de 25 ans et ils voient une r\u00e9alit\u00e9 diff\u00e9rente de celle que per\u00e7oit la direction \u00bb<\/p><\/blockquote>\n<p>d\u00e9clare <strong>Harb,<\/strong> qui est n\u00e9 et a grandi au camp de r\u00e9fugi\u00e9s de <strong>Balata<\/strong>, dans les faubourgs de Naplouse, un endroit qui passe pour \u00eatre le berceau des <strong>Brigades Al-Aqsa<\/strong> entre la fin de l\u2019ann\u00e9e 2000 et le d\u00e9but de l\u2019ann\u00e9e 2001. Dans le camp, explique-t-il, les existences tout enti\u00e8res de ces gens jeunes ont \u00e9t\u00e9 marqu\u00e9es par des confrontations violentes aux forces isra\u00e9liennes ainsi qu\u2019\u00e0 de conditions socio\u00e9conomiques des plus s\u00e9v\u00e8res.<\/p>\n<blockquote><p>\u00ab Au contraire des hommes arm\u00e9s du Hamas et du Djihad islamique, les membres des Brigades Al-Aqsa ne sont pas li\u00e9s au parti \u2013 ni par le biais de l\u2019aide financi\u00e8re ni par celui de la mobilisation politique \u00bb,<\/p><\/blockquote>\n<p>ajoute-t-il.<\/p>\n<blockquote><p>\u00ab En outre, dans le camp, les familles appartenant \u00e0 divers partis sont d\u00e9sormais apparent\u00e9es par les mariages, si bien qu\u2019il n\u2019est pas facile de les s\u00e9parer les unes des autres ou d\u2019emp\u00eacher certaines d\u2019\u00eatre les r\u00e9cipiendaires de sources disponibles, comme les armes \u00e0 feu. \u00bb<\/p><\/blockquote>\n<h3><strong><br \/>\n\u00ab L\u2019erreur la plus grossi\u00e8re est d\u2019avoir eu foi en l\u2019amnistie \u00bb <\/strong><\/h3>\n<p>Les Isra\u00e9liens ont longtemps consid\u00e9r\u00e9 <strong>J\u00e9nine<\/strong> comme un foyer d\u2019activit\u00e9 militante ou <em>\u00ab terroriste \u00bb.<\/em> Le camp de r\u00e9fugi\u00e9s de la ville, d\u2019une superficie d\u2019un demi-kilom\u00e8tre carr\u00e9, h\u00e9berge environ 14 000 Palestiniens et des douzaines de combattants appartenant aux mouvements du <strong>Djihad islamique<\/strong> et du <strong>Fatah<\/strong>. \u00c9tabli apr\u00e8s la fuite forc\u00e9e et l\u2019expulsion de plus de 750 000 Palestiniens au cours de la <strong>Nakba,<\/strong> les murs du camp sont constell\u00e9s de portraits de <em>\u00ab martyrs \u00bb<\/em> et de prisonniers politiques, d\u00e9cor\u00e9 des embl\u00e8mes de diverses factions politiques palestiniennes ainsi que d\u2019une \u00e9norme cl\u00e9 symbolisant le droit au retour des Palestiniens.<\/p>\n<p>En avril 2002, le camp fut le site de l\u2019une des plus violentes batailles de la <strong>Seconde Intifada.<\/strong> Sous le nom de code <em>\u00ab op\u00e9ration Bouclier d\u00e9fensif \u00bb<\/em>, les forces isra\u00e9liennes envahirent le site et tu\u00e8rent au moins 52 Palestiniens, dont des femmes et des enfants, rapporta une enqu\u00eate de <strong>Human Rights Watch<\/strong> ; 23 soldats isra\u00e9liens furent \u00e9galement tu\u00e9s durant les confrontations. La bataille, salu\u00e9e \u00e0 la fois comme tragique et h\u00e9ro\u00efque, \u00e9leva le statut de <strong>J\u00e9nine<\/strong> \u2013 tant la ville que le camp \u2013 au sein de la soci\u00e9t\u00e9 palestinienne, en en faisant un symbole de la r\u00e9sistance nationale. Bien que d\u2019importantes zones du camp eussent \u00e9t\u00e9 nivel\u00e9es au cours de l\u2019invasion de 2002, il reste la partie la plus dynamique de la ville sur le plan social et culturel.<\/p>\n<p>En juillet 2007, le gouvernement isra\u00e9lien et l\u2019AP scell\u00e8rent le premier de plusieurs arrangements avec les <strong>Brigades des Martyrs d\u2019Al-Aqsa,<\/strong> accordant l\u2019amnistie \u00e0 quelque 200 combattants \u00e0 condition qu\u2019ils rendent leurs armes \u00e0 l\u2019<strong>AP,<\/strong> qu\u2019ils renoncent \u00e0 de futures attaques contre Isra\u00ebl et qu\u2019ils soient absorb\u00e9s dans les forces s\u00e9curitaires palestiniennes. L\u2019accord fut pr\u00e9sent\u00e9 comme faisant partie de la campagne en vue de consolider les armes aux mains de l\u2019AP et de mettre un terme au ph\u00e9nom\u00e8ne croissant de la violence arm\u00e9e et du chaos dans les villes de Cisjordanie. Le nombre de combattants qui re\u00e7urent l\u2019amnistie augmenta au cours des mois et des ann\u00e9es qui suivirent, et donna lieu \u00e0 d\u2019autres accords.<\/p>\n<div id=\"attachment_42894\" style=\"width: 490px\" class=\"wp-caption aligncenter\"><img loading=\"lazy\" decoding=\"async\" aria-describedby=\"caption-attachment-42894\" class=\"wp-image-42894 size-full\" src=\"https:\/\/charleroi-pourlapalestine.be\/wp-content\/uploads\/2022\/08\/Armee-israelienne-e1660831479814.jpg\" alt=\"\" width=\"480\" height=\"320\"><p id=\"caption-attachment-42894\" class=\"wp-caption-text\">12 mai 2020. Des soldats isra\u00e9liens arr\u00eatent des Palestiniens dans le village de Yabad, pr\u00e8s de J\u00e9nine, en Cisjordanie, au cours d\u2019une op\u00e9ration de recherche apr\u00e8s la mort d\u2019un soldat isra\u00e9lien. (Nasser Ishtayeh \/ Flash90)<\/p><\/div>\n<p>Mais, en d\u00e9pit du d\u00e9mant\u00e8lement officiel, l\u2019organisation a \u00e9t\u00e9 progressivement ressuscit\u00e9e dans l\u2019approbation de la direction du Fatah, avec des hommes plus jeunes qui se sont ralli\u00e9s aux combattants pour prendre les armes en r\u00e9ponse aux incessantes activit\u00e9s militaires isra\u00e9liennes, y compris dans les villes palestiniennes d\u00e9sign\u00e9es sous contr\u00f4le civil et s\u00e9curitaire de l\u2019AP (<strong><em>\u00ab Zone A \u00bb)<\/em><\/strong>. En juillet 2004, les <strong>Brigades<\/strong> revendiqu\u00e8rent la responsabilit\u00e9 d\u2019avoir ouvert le feu sur des soldats isra\u00e9liens au check-point de<strong> Qalandia<\/strong>, le passage entre <strong>Ramallah<\/strong> et <strong>J\u00e9rusalem<\/strong>. Pour l\u2019instant, il s\u2019av\u00e8re qu\u2019il n\u2019y a pas de commandement central bien d\u00e9fini parmi les diverses cellules des Brigades, pas plus que sa prise de d\u00e9cision ne soit rep\u00e9rable du c\u00f4t\u00e9 du<strong> Fatah<\/strong>.<\/p>\n<p>En juillet, <em>+972<\/em> s\u2019est rendu au camp de r\u00e9fugi\u00e9s de<strong> J\u00e9nine<\/strong> afin d\u2019y rencontrer<strong><em> \u00ab Abu al-Abed \u00bb<\/em><\/strong> (le nom qu\u2019il nous a donn\u00e9), un membre de longue date des <strong>Brigades<\/strong> qui a c\u00e9d\u00e9 ses armes \u00e0 Isra\u00ebl au moment du premier accord d\u2019amnistie. Toutefois, quelques ann\u00e9es plus tard, il a \u00e9t\u00e9 bless\u00e9 par balle par des soldats isra\u00e9liens alors qu\u2019il se rendait \u00e0 son travail \u2013 une blessure qui allait se traduire par son retour aux Brigades.<\/p>\n<p>Grand et mince, \u00e2g\u00e9 d\u2019un peu plus de 30 ans, <strong>Abu al-Abed<\/strong> est sorti d\u2019une voiture occup\u00e9e par trois autres hommes jeunes, tous v\u00eatus de noir ; contrairement \u00e0 l\u2019habitude des hommes arm\u00e9s ici, leurs visages n\u2019\u00e9taient pas masqu\u00e9s. La voiture est repartie et al-Abed s\u2019est approch\u00e9 de nous, avant de s\u2019excuser et de dire qu\u2019il ne r\u00e9pondrait pas aux questions \u2013 il voulait uniquement faire une d\u00e9claration.<\/p>\n<blockquote><p>\u00ab Notre erreur la plus grossi\u00e8re est d\u2019avoir fait confiance, d\u2019avoir eu foi en l\u2019amnistie, parce qu\u2019Isra\u00ebl ne nous consid\u00e8re m\u00eame pas comme des \u00eatres humains ! J\u2019ai b\u00e9n\u00e9fici\u00e9 de leur pr\u00e9tendue amnistie et, moins de deux ans plus tard, je me faisais descendre alors que je me rendais \u00e0 mon travail \u00bb,<\/p><\/blockquote>\n<p>a-t-il dit avant d\u2019ajouter avec une \u00e9vidente tristesse r\u00e9v\u00e9l\u00e9e par une lueur dans ses petits yeux sombres :<\/p>\n<blockquote><p>\u00ab C\u2019est alors que je me suis souvenu de mes amis et camarades devenus des martyrs \u2013 et \u00e0 quelle fin ? \u00bb<\/p><\/blockquote>\n<p>Ces derniers mois, en r\u00e9ponse \u00e0 plusieurs attentats commis \u00e0 l\u2019int\u00e9rieur d\u2019Isra\u00ebl par des Palestiniens arm\u00e9s au d\u00e9but de cette ann\u00e9e \u2013 dont l\u2019un commis par un r\u00e9sident de <strong>J\u00e9nine<\/strong> \u2013 Isra\u00ebl a impos\u00e9 diverses mesures de <strong>punition collective<\/strong> \u00e0 la ville, dont des sanctions \u00e9conomiques, la r\u00e9vocation de permis de voyager pour les travailleurs, la fermeture des routes reliant J\u00e9nine et d\u2019autres parties de la Cisjordanie occup\u00e9e et l\u2019augmentation du nombre de raids, d\u2019arrestations et de meurtres cibl\u00e9s en ville et en dehors.<\/p>\n<p>Toutefois, ces punitions ont donn\u00e9 naissance \u00e0 de nouvelles formes de coop\u00e9ration entre les diverses organisations arm\u00e9es palestiniennes \u00e0 <strong>J\u00e9nine<\/strong> contre ce qu\u2019elles per\u00e7oivent comme \u00e9tant leur ennemi commun.<\/p>\n<div id=\"attachment_42896\" style=\"width: 490px\" class=\"wp-caption aligncenter\"><img loading=\"lazy\" decoding=\"async\" aria-describedby=\"caption-attachment-42896\" class=\"wp-image-42896 size-full\" src=\"https:\/\/charleroi-pourlapalestine.be\/wp-content\/uploads\/2022\/08\/Palestiniens-armes-e1660831816273.jpg\" alt=\"\" width=\"480\" height=\"320\" srcset=\"https:\/\/charleroi-pourlapalestine.be\/wp-content\/uploads\/2022\/08\/Palestiniens-armes-e1660831816273.jpg 480w, https:\/\/charleroi-pourlapalestine.be\/wp-content\/uploads\/2022\/08\/Palestiniens-armes-e1660831816273-300x200.jpg 300w\" sizes=\"auto, (max-width: 480px) 100vw, 480px\" \/><p id=\"caption-attachment-42896\" class=\"wp-caption-text\">J\u00e9nine, 1er mars 2022. Des militants palestiniens arm\u00e9s du Djihad islamique participent aux fun\u00e9railles de deux hommes abattus et tu\u00e9s par les forces s\u00e9curitaires isra\u00e9liennes. (Photo : Nasser Ishtayeh \/ Flash90)<\/p><\/div>\n<blockquote><p>\n\u00ab Il est temps que l\u2019Autorit\u00e9 palestinienne et l\u2019occupation reconnaissent qu\u2019il n\u2019y a pas moyen d\u2019emp\u00eacher les jeunes d\u2019ici de se manifester \u00e0 tout propos \u00bb,<\/p><\/blockquote>\n<p>a d\u00e9clar\u00e9<strong> Abu al-Abed.<\/strong><\/p>\n<blockquote><p>\u00ab C\u2019est pourquoi, ici, dans le camp, nous travaillons tous ensemble : le <strong>Hamas,<\/strong> le<strong> Djihad islamique,<\/strong> la <strong>Brigade Abu Ali Mustafa<\/strong> [l\u2019aile arm\u00e9e du <strong>Front populaire pour la lib\u00e9ration de la Palestine<\/strong>], et tous ceux qui veulent d\u00e9fendre le camp.\u00a0\u00bb<\/p><\/blockquote>\n<p>D\u2019apr\u00e8s lui, le parti du Fatah et l\u2019AP ne sont pas sur la m\u00eame longueur d\u2019onde. Depuis que <strong>Mahmoud Abbas<\/strong> a \u00e9t\u00e9 \u00e9lu pr\u00e9sident en 2005, l\u2019AP a surtout assur\u00e9 la<strong> coordination s\u00e9curitaire avec Isra\u00ebl<\/strong>, quelque chose qui a laiss\u00e9 un go\u00fbt amer dans les bouches de nombreux Palestiniens. Ces derni\u00e8res ann\u00e9es, le Fatah qui, habituellement, tombe en ligne avec la politique de l\u2019AP, s\u2019est de plus en plus divis\u00e9 entre ceux qui soutiennent et ceux qui critiquent la ligne adopt\u00e9e par Abbas \u2013 et dont un des tout premiers \u00e9l\u00e9ments n\u2019est autre que son exigence de la r\u00e9sistance non arm\u00e9e.<\/p>\n<p><strong>Al-Abed<\/strong> semblait certain qu\u2019il y avait toujours une faction soutenant encore la lutte arm\u00e9e, tout particuli\u00e8rement les <em>shabab <\/em>(hommes jeunes), devenus majeurs au moment des raids, arrestations et autres actions violentes des Isra\u00e9liens, et qui ont \u00e9galement \u00e9t\u00e9 \u00e9lev\u00e9s par des membres plus \u00e2g\u00e9s du Fatah. Il faisait allusion aux jeunes comme <strong>Hazem Raad,<\/strong> un jeune homme de 28 ans, du camp de <strong>J\u00e9nine,<\/strong> surnomm\u00e9 <em>\u00ab Cyber \u00bb<\/em> par ses proches et connaissances, et qui, le 7 avril, <a href=\"https:\/\/charleroi-pourlapalestine.be\/index.php\/2022\/04\/13\/raad-est-retourne-a-jaffa-et-il-est-mort\/\">avait ouvert le feu sur des Isra\u00e9liens dans un bar bond\u00e9 du centre de Tel-Aviv.<\/a> <strong>Raad<\/strong> avait tu\u00e9 trois personnes et en avait bless\u00e9 dix autres, avant d\u2019\u00eatre abattu et tu\u00e9 \u00e0 son tour par les forces s\u00e9curitaires isra\u00e9liennes suite \u00e0 une tr\u00e8s vaste chasse \u00e0 l\u2019homme.<\/p>\n<p>La maison familiale de <strong>Hazem<\/strong> a fait l\u2019objet d\u2019un raid et a \u00e9t\u00e9 d\u00e9truite peu apr\u00e8s ; son p\u00e8re a v\u00e9cu dans la clandestinit\u00e9 suite \u00e0 plusieurs tentatives en vue de l\u2019arr\u00eater.<\/p>\n<blockquote><p>\u00ab Toute la famille de Hazem, dont un plus jeune fr\u00e8re qui n\u2019a pas plus de 10 ans, a d\u00fb vivre dans ses voitures, ou chez des proches. Si le monde ne comprend pas o\u00f9 cela nous m\u00e8ne, nous allons le lui faire comprendre \u00bb,<\/p><\/blockquote>\n<p>a d\u00e9clar\u00e9 <strong>Abu al-Abed<\/strong>.<\/p>\n<p>La voiture avec les jeunes hommes en noir est revenue pour reprendre <strong>Abu al-Abed<\/strong>. Leurs armes \u00e9taient visibles \u00e0 l\u2019int\u00e9rieur du v\u00e9hicule. Quand je leur ai demand\u00e9 pourquoi ils ne dissimulaient plus leurs identit\u00e9s, ils m\u2019ont r\u00e9pondu presque \u00e0 l\u2019unisson :<\/p>\n<blockquote><p>\u00ab Peur de quoi ? Laissez-les venir pour qu\u2019ils nous prennent ! \u00bb<\/p><\/blockquote>\n<p>Les hommes ont ri bruyamment et ont disparu dans les petites all\u00e9es du camp.<\/p>\n<h3><strong>Intensification des raids<\/strong><\/h3>\n<p>La mont\u00e9e simultan\u00e9e des tensions sur les diverses <em>\u00ab ar\u00e8nes \u00bb<\/em> de la <strong>Palestine historique<\/strong> n\u2019a rien de neuf. Une dynamique similaire, bien que plus nerveuse, s\u2019est produite en<strong> mai 2021,<\/strong> quand les autorit\u00e9s isra\u00e9liennes ont intensifi\u00e9 leurs mesures r\u00e9pressives \u00e0<strong> J\u00e9rusalem<\/strong> en tentant d\u2019expulser des familles palestiniennes du quartier de <strong>Sheikh Jarrah<\/strong> (J\u00e9rusalem-Est), tout en agressant les fid\u00e8les \u00e0 la mosqu\u00e9e <strong>Al-Aqsa<\/strong> et \u00e0 la<strong> porte de Damas<\/strong>. Une guerre contre <strong>Gaza<\/strong> n\u2019a pas tard\u00e9 \u00e0 suivre apr\u00e8s que le Hamas \u00e9tait intervenu au nom de J\u00e9rusalem, tirant des milliers de roquettes sur des villes isra\u00e9liennes, alors que l\u2019arm\u00e9e isra\u00e9lienne bombardait l\u2019enclave pendant 11 jours.<\/p>\n<div id=\"attachment_42900\" style=\"width: 490px\" class=\"wp-caption aligncenter\"><img loading=\"lazy\" decoding=\"async\" aria-describedby=\"caption-attachment-42900\" class=\"wp-image-42900 size-full\" src=\"https:\/\/charleroi-pourlapalestine.be\/wp-content\/uploads\/2022\/08\/Enfants-palestiniens-e1660833380113.jpeg\" alt=\"\" width=\"480\" height=\"320\" srcset=\"https:\/\/charleroi-pourlapalestine.be\/wp-content\/uploads\/2022\/08\/Enfants-palestiniens-e1660833380113.jpeg 480w, https:\/\/charleroi-pourlapalestine.be\/wp-content\/uploads\/2022\/08\/Enfants-palestiniens-e1660833380113-300x200.jpeg 300w\" sizes=\"auto, (max-width: 480px) 100vw, 480px\" \/><p id=\"caption-attachment-42900\" class=\"wp-caption-text\">Palestinians walk on empty streets during a full-blown strike in Jenin, West Bank, in solidarity with Palestinian prisoners in Israeli prisons, September 11, 2021. Photo by Nasser Ishtayeh\/Flash90<\/p><\/div>\n<p>&nbsp;<\/p>\n<p>\u00c0 peine quelques mois plus tard, en septembre 2021, six prisonniers palestiniens en provenance de la r\u00e9gion de J\u00e9nine s\u2019\u00e9vadaient de la prison \u00e0 s\u00e9curit\u00e9 maximale de<strong> Gilboa,<\/strong> dans le nord d\u2019Isra\u00ebl. Pendant les quelques jours entre leur \u00e9vasion et leur capture, des combattants et des r\u00e9sidents du camp ont tir\u00e9 des balles et trois cocktails Molotov sur le check-point de <strong>Jalamah,<\/strong> pendant que des <strong>Palestiniens des deux c\u00f4t\u00e9s de la Ligne verte<\/strong> t\u00e9moignaient leur solidarit\u00e9 avec les \u00e9vad\u00e9s via des d\u00e9monstrations et des messages sur les m\u00e9dias sociaux.<\/p>\n<p>Ces derniers mois, l\u2019arm\u00e9e isra\u00e9lienne et l\u2019AP ont intensifi\u00e9 leurs agressions dans le m\u00eame temps que les activistes du camp de r\u00e9fugi\u00e9s de J\u00e9nine devenaient de plus en plus hardis. En d\u00e9cembre 2021, l\u2019<strong>AP<\/strong> <strong>arr\u00eatait plusieurs hommes dans le camp,<\/strong> pr\u00e9tendant qu\u2019il s\u2019agissait d\u2019une op\u00e9ration en vue d\u2019\u00e9liminer des criminels ; des r\u00e9sidents dirent qu\u2019elle visait \u00e0 \u00e9craser la r\u00e9sistance. Le 21 mai, l\u2019une des victimes de la campagne en cours \u00e9tait un adolescent palestinien de 17 ans, <strong>Amjad al-Fayed<\/strong>, qui se faisait tuer par des militaires isra\u00e9liens.<\/p>\n<p>Isra\u00ebl a \u00e9galement intensifi\u00e9 ses raids contre le camp depuis que la journaliste palestinienne, v\u00e9t\u00e9rane d\u2019<em>Al Jazeera<\/em>, <strong>Shireen Abu Akleh<\/strong>, a \u00e9t\u00e9 tu\u00e9e par un de ses soldats le 11 mai. <strong>Abu Akleh couvrait une incursion isra\u00e9lienne quand elle a \u00e9t\u00e9 abattue<\/strong> ; bien que les autorit\u00e9s isra\u00e9liennes aient refus\u00e9 d\u2019ouvrir une enqu\u00eate criminelle et aient tent\u00e9 de masquer la cause de sa mort, de multiples enqu\u00eates effectu\u00e9es par divers m\u00e9dias \u2013 dont le <em>New York Times<\/em>, <em>CNN<\/em> et <em>Associated Press<\/em> \u2013 ont conclu qu\u2019un sniper isra\u00e9lien \u00e9tait presque \u00e0 coup s\u00fbr le tueur.<\/p>\n<p>Deux jours plus tard, les forces isra\u00e9liennes envahissaient le camp de r\u00e9fugi\u00e9s et la ville voisine de <strong>Burqin<\/strong>, blessant plus d\u2019une douzaine de Palestiniens et en arr\u00eatant plusieurs autres. Au cours de ce raid, l\u2019arm\u00e9e encercla la maison d\u2019un jeune Palestinien recherch\u00e9, <strong>Mahmoud al-Dabai<\/strong>, ce qui d\u00e9boucha sur des confrontations de plusieurs heures qui se termin\u00e8rent par l\u2019arrestation de Dabai et la mort d\u2019un soldat isra\u00e9lien.<\/p>\n<p>Au cours des combats de cette journ\u00e9e, les forces isra\u00e9liennes abattirent \u00e9galement <strong>Daoud Zubeidi,<\/strong> un dirigeant des <strong>Brigades des Martyrs d\u2019Al-Aqsa<\/strong> dans la r\u00e9gion de J\u00e9nine et fr\u00e8re de <strong>Zakaria Zubeidi<\/strong>, le plus connu des \u00e9vad\u00e9s de la prison de<strong> Gilboa,<\/strong> en septembre dernier. Daoud fut transf\u00e9r\u00e9 \u00e0 l\u2019h\u00f4pital Rambam de <strong>Ha\u00effa<\/strong> o\u00f9 il mourut de ses blessures le 15 mai.<\/p>\n<div id=\"attachment_42904\" style=\"width: 490px\" class=\"wp-caption aligncenter\"><img loading=\"lazy\" decoding=\"async\" aria-describedby=\"caption-attachment-42904\" class=\"wp-image-42904 size-full\" src=\"https:\/\/charleroi-pourlapalestine.be\/wp-content\/uploads\/2022\/08\/Zakameh-e1660834037631.jpg\" alt=\"\" width=\"480\" height=\"320\" srcset=\"https:\/\/charleroi-pourlapalestine.be\/wp-content\/uploads\/2022\/08\/Zakameh-e1660834037631.jpg 480w, https:\/\/charleroi-pourlapalestine.be\/wp-content\/uploads\/2022\/08\/Zakameh-e1660834037631-300x200.jpg 300w\" sizes=\"auto, (max-width: 480px) 100vw, 480px\" \/><p id=\"caption-attachment-42904\" class=\"wp-caption-text\">1 avril 2022. J\u00e9nine, en Cisjordanie. Des Palestiniens portant la d\u00e9pouille mortelle de Muhammad Zakarneh, 17 ans, mort des blessures subies la veille au cours d\u2019un raid de l\u2019arm\u00e9e isra\u00e9lienne. (Nasser Ishtayeh \/ Flash90)<\/p><\/div>\n<p>&nbsp;<\/p>\n<p>La cha\u00eene isra\u00e9lienne Channel 12 a cit\u00e9 des sources s\u00e9curitaires pour dire que, vu l\u2019\u00e2pre r\u00e9sistance des combattants palestiniens lors de l\u2019op\u00e9ration du 13 mai, l\u2019arm\u00e9e envisage d\u2019utiliser des <strong>h\u00e9licopt\u00e8res de combat<\/strong> \u2013 qui avaient \u00e9t\u00e9 fr\u00e9quemment utilis\u00e9s durant la<strong> Seconde Intifada \u2013<\/strong> pour ses raids en Cisjordanie. Certains commentateurs ont pr\u00e9sum\u00e9 qu\u2019Isra\u00ebl consid\u00e9rait de mener une op\u00e9ration militaire de grande envergure \u00e0 <strong>J\u00e9nine<\/strong>, mais que la chose ne s\u2019est jamais mat\u00e9rialis\u00e9e en raison de ses inqui\u00e9tudes \u00e0 propos du risque de pertes \u00e9normes, de conflagrations sur d\u2019autres fronts et de l\u2019effondrement possible de la fragile coalition isra\u00e9lienne au pouvoir (qui s\u2019est finalement dissoute en juin pour d\u2019autres raisons).<\/p>\n<p>Bien qu\u2019il soit pr\u00e9vu d\u2019\u00e9lire un nouveau gouvernement isra\u00e9lien un peu plus tard cette ann\u00e9e, il est clair que l\u2019establishment politique et militaire continuera \u00e0 garder <strong>J\u00e9nine<\/strong> dans son collimateur au cours des mois \u00e0 venir. L\u2019AP elle aussi est susceptible de continuer d\u2019essayer \u2013 sans peut-\u00eatre y parvenir \u2013 d\u2019amener la ville et le camp sous son contr\u00f4le. Avec l\u2019\u00e9troite coordination entre les deux autorit\u00e9s et la perception de l\u2019AP comme l\u2019ex\u00e9cutant local de l\u2019occupation, les organisations arm\u00e9es continueront de persuader bien des Palestiniens que <strong>les batailles autour des camps de r\u00e9fugi\u00e9s constituent un combat pour la survie m\u00eame de la r\u00e9sistance.<\/strong> Comme le disait Abu Al-Abed, au contraire de l\u2019AP :<\/p>\n<blockquote><p>\u00ab Ici, nous prenons nos propres d\u00e9cisions nous-m\u00eames. \u00bb<\/p><\/blockquote>\n<p style=\"text-align: center;\">\u00b0\u00b0\u00b0\u00b0\u00b0<\/p>\n<p><em><strong>Dalia Hatuqa<\/strong> est une journaliste ind\u00e9pendante sp\u00e9cialis\u00e9e dans les questions isra\u00e9lo-palestiniennes. Twitter:<\/em> .<\/p>\n<p style=\"text-align: center;\">\u00b0\u00b0\u00b0\u00b0\u00b0<\/p>\n<p>Publi\u00e9 le 11 ao\u00fbt 2022 sur <strong><a href=\"https:\/\/www.972mag.com\/aqsa-martyrs-brigades-jenin-nablus\/\" target=\"_blank\" rel=\"noopener\">+972 Magazine&nbsp;<\/a><br \/>\n<\/strong>Traduction : Jean-Marie Fl\u00e9mal,<strong><a href=\"https:\/\/charleroi-pourlapalestine.be\/\"> Charleroi pour la Palestine<\/a><\/strong><\/p>\n<p>&nbsp;<\/p>\n","protected":false},"excerpt":{"rendered":"<p>Les organisations arm\u00e9es continueront de persuader bien des Palestiniens que les batailles autour des camps de r\u00e9fugi\u00e9s constituent un combat pour la survie m\u00eame de la r\u00e9sistance<\/p>\n","protected":false},"author":1,"featured_media":42888,"comment_status":"closed","ping_status":"closed","sticky":false,"template":"","format":"standard","meta":{"ngg_post_thumbnail":0,"footnotes":""},"categories":[24,826,317,7,487,356,196,106,6,197,8,140,4,391,192,18,13,777,25],"tags":[809],"class_list":["post-42882","post","type-post","status-publish","format-standard","has-post-thumbnail","hentry","category-lautorite-palestinienne","category-brigade-abu-ali-mustafa","category-brigade-des-martyrs-dal-aqsa","category-cisjordanie","category-cooperation-securitaire","category-djihad-islamique","category-fatah","category-fplp","category-gaza","category-hamas","category-jerusalem","category-letat-colonial","category-les-palestiniens-de-48","category-lutte-armee","category-palestine","category-la-palestine-historique","category-les-prisionners-palestiniens","category-punitions-collectives","category-la-resistance-palestinienne","tag-shireen-abu-akleh"],"yoast_head":"<!-- This site is optimized with the Yoast SEO plugin v27.3 - https:\/\/yoast.com\/product\/yoast-seo-wordpress\/ -->\n<title>Brigades des Martyrs d\u2019Al-Aqsa : comment une milice ressuscit\u00e9e d\u00e9fie Isra\u00ebl et l&#039;AP<\/title>\n<meta name=\"description\" content=\"\u00c0 J\u00e9nine et \u00e0 Naplouse, les membres des Brigades des Martyrs d\u2019Al-Aqsa s\u2019unissent \u00e0 d\u2019autres factions afin de d\u00e9fier Isra\u00ebl et l\u2019AP\" \/>\n<meta name=\"robots\" content=\"index, follow, max-snippet:-1, max-image-preview:large, max-video-preview:-1\" \/>\n<link rel=\"canonical\" href=\"https:\/\/charleroi-pourlapalestine.be\/index.php\/2022\/08\/18\/brigades-des-martyrs-dal-aqsa-comment-une-milice-ressuscitee-defie-les-dirigeants-israeliens-et-palestiniens\/\" \/>\n<script type=\"application\/ld+json\" class=\"yoast-schema-graph\">{\"@context\":\"https:\\\/\\\/schema.org\",\"@graph\":[{\"@type\":\"Article\",\"@id\":\"https:\\\/\\\/charleroi-pourlapalestine.be\\\/index.php\\\/2022\\\/08\\\/18\\\/brigades-des-martyrs-dal-aqsa-comment-une-milice-ressuscitee-defie-les-dirigeants-israeliens-et-palestiniens\\\/#article\",\"isPartOf\":{\"@id\":\"https:\\\/\\\/charleroi-pourlapalestine.be\\\/index.php\\\/2022\\\/08\\\/18\\\/brigades-des-martyrs-dal-aqsa-comment-une-milice-ressuscitee-defie-les-dirigeants-israeliens-et-palestiniens\\\/\"},\"author\":{\"name\":\"admin1873\",\"@id\":\"https:\\\/\\\/charleroi-pourlapalestine.be\\\/#\\\/schema\\\/person\\\/c19ff515112f1299d8c12671d8fe3faa\"},\"headline\":\"Brigades des Martyrs d\u2019Al-Aqsa : Comment une milice ressuscit\u00e9e d\u00e9fie Isra\u00ebl et l&rsquo;AP\",\"datePublished\":\"2022-08-18T15:13:44+00:00\",\"dateModified\":\"2022-08-18T15:18:40+00:00\",\"mainEntityOfPage\":{\"@id\":\"https:\\\/\\\/charleroi-pourlapalestine.be\\\/index.php\\\/2022\\\/08\\\/18\\\/brigades-des-martyrs-dal-aqsa-comment-une-milice-ressuscitee-defie-les-dirigeants-israeliens-et-palestiniens\\\/\"},\"wordCount\":3261,\"publisher\":{\"@id\":\"https:\\\/\\\/charleroi-pourlapalestine.be\\\/#organization\"},\"image\":{\"@id\":\"https:\\\/\\\/charleroi-pourlapalestine.be\\\/index.php\\\/2022\\\/08\\\/18\\\/brigades-des-martyrs-dal-aqsa-comment-une-milice-ressuscitee-defie-les-dirigeants-israeliens-et-palestiniens\\\/#primaryimage\"},\"thumbnailUrl\":\"https:\\\/\\\/charleroi-pourlapalestine.be\\\/wp-content\\\/uploads\\\/2022\\\/08\\\/Naplouse-e1660830747771.jpg\",\"keywords\":[\"Shireen Abu Akleh\"],\"articleSection\":[\"Autorit\u00e9 palestinienne\",\"Brigade Abu Ali Mustafa\",\"Brigade des Martyrs d'Al-Aqsa\",\"Cisjordanie\",\"Coop\u00e9ration s\u00e9curitaire\",\"Djihad islamique\",\"Fatah\",\"FPLP\",\"Gaza\",\"Hamas\",\"J\u00e9rusalem\",\"L'Etat colonial\",\"Les Palestiniens de 48\",\"Lutte arm\u00e9e\",\"Palestine\",\"Palestine historique\",\"Prisonniers\",\"Punitions collectives\",\"R\u00e9sistance\"],\"inLanguage\":\"fr-FR\"},{\"@type\":\"WebPage\",\"@id\":\"https:\\\/\\\/charleroi-pourlapalestine.be\\\/index.php\\\/2022\\\/08\\\/18\\\/brigades-des-martyrs-dal-aqsa-comment-une-milice-ressuscitee-defie-les-dirigeants-israeliens-et-palestiniens\\\/\",\"url\":\"https:\\\/\\\/charleroi-pourlapalestine.be\\\/index.php\\\/2022\\\/08\\\/18\\\/brigades-des-martyrs-dal-aqsa-comment-une-milice-ressuscitee-defie-les-dirigeants-israeliens-et-palestiniens\\\/\",\"name\":\"Brigades des Martyrs d\u2019Al-Aqsa : comment une milice ressuscit\u00e9e d\u00e9fie Isra\u00ebl et l'AP\",\"isPartOf\":{\"@id\":\"https:\\\/\\\/charleroi-pourlapalestine.be\\\/#website\"},\"primaryImageOfPage\":{\"@id\":\"https:\\\/\\\/charleroi-pourlapalestine.be\\\/index.php\\\/2022\\\/08\\\/18\\\/brigades-des-martyrs-dal-aqsa-comment-une-milice-ressuscitee-defie-les-dirigeants-israeliens-et-palestiniens\\\/#primaryimage\"},\"image\":{\"@id\":\"https:\\\/\\\/charleroi-pourlapalestine.be\\\/index.php\\\/2022\\\/08\\\/18\\\/brigades-des-martyrs-dal-aqsa-comment-une-milice-ressuscitee-defie-les-dirigeants-israeliens-et-palestiniens\\\/#primaryimage\"},\"thumbnailUrl\":\"https:\\\/\\\/charleroi-pourlapalestine.be\\\/wp-content\\\/uploads\\\/2022\\\/08\\\/Naplouse-e1660830747771.jpg\",\"datePublished\":\"2022-08-18T15:13:44+00:00\",\"dateModified\":\"2022-08-18T15:18:40+00:00\",\"description\":\"\u00c0 J\u00e9nine et \u00e0 Naplouse, les membres des Brigades des Martyrs d\u2019Al-Aqsa s\u2019unissent \u00e0 d\u2019autres factions afin de d\u00e9fier Isra\u00ebl et l\u2019AP\",\"breadcrumb\":{\"@id\":\"https:\\\/\\\/charleroi-pourlapalestine.be\\\/index.php\\\/2022\\\/08\\\/18\\\/brigades-des-martyrs-dal-aqsa-comment-une-milice-ressuscitee-defie-les-dirigeants-israeliens-et-palestiniens\\\/#breadcrumb\"},\"inLanguage\":\"fr-FR\",\"potentialAction\":[{\"@type\":\"ReadAction\",\"target\":[\"https:\\\/\\\/charleroi-pourlapalestine.be\\\/index.php\\\/2022\\\/08\\\/18\\\/brigades-des-martyrs-dal-aqsa-comment-une-milice-ressuscitee-defie-les-dirigeants-israeliens-et-palestiniens\\\/\"]}]},{\"@type\":\"ImageObject\",\"inLanguage\":\"fr-FR\",\"@id\":\"https:\\\/\\\/charleroi-pourlapalestine.be\\\/index.php\\\/2022\\\/08\\\/18\\\/brigades-des-martyrs-dal-aqsa-comment-une-milice-ressuscitee-defie-les-dirigeants-israeliens-et-palestiniens\\\/#primaryimage\",\"url\":\"https:\\\/\\\/charleroi-pourlapalestine.be\\\/wp-content\\\/uploads\\\/2022\\\/08\\\/Naplouse-e1660830747771.jpg\",\"contentUrl\":\"https:\\\/\\\/charleroi-pourlapalestine.be\\\/wp-content\\\/uploads\\\/2022\\\/08\\\/Naplouse-e1660830747771.jpg\",\"width\":480,\"height\":320},{\"@type\":\"BreadcrumbList\",\"@id\":\"https:\\\/\\\/charleroi-pourlapalestine.be\\\/index.php\\\/2022\\\/08\\\/18\\\/brigades-des-martyrs-dal-aqsa-comment-une-milice-ressuscitee-defie-les-dirigeants-israeliens-et-palestiniens\\\/#breadcrumb\",\"itemListElement\":[{\"@type\":\"ListItem\",\"position\":1,\"name\":\"Accueil\",\"item\":\"https:\\\/\\\/charleroi-pourlapalestine.be\\\/\"},{\"@type\":\"ListItem\",\"position\":2,\"name\":\"Brigades des Martyrs d\u2019Al-Aqsa : Comment une milice ressuscit\u00e9e d\u00e9fie Isra\u00ebl et l&#8217;AP\"}]},{\"@type\":\"WebSite\",\"@id\":\"https:\\\/\\\/charleroi-pourlapalestine.be\\\/#website\",\"url\":\"https:\\\/\\\/charleroi-pourlapalestine.be\\\/\",\"name\":\"Charleroi Pour la Palestine\",\"description\":\"\",\"publisher\":{\"@id\":\"https:\\\/\\\/charleroi-pourlapalestine.be\\\/#organization\"},\"potentialAction\":[{\"@type\":\"SearchAction\",\"target\":{\"@type\":\"EntryPoint\",\"urlTemplate\":\"https:\\\/\\\/charleroi-pourlapalestine.be\\\/?s={search_term_string}\"},\"query-input\":{\"@type\":\"PropertyValueSpecification\",\"valueRequired\":true,\"valueName\":\"search_term_string\"}}],\"inLanguage\":\"fr-FR\"},{\"@type\":\"Organization\",\"@id\":\"https:\\\/\\\/charleroi-pourlapalestine.be\\\/#organization\",\"name\":\"Plate-forme Charleroi-Palestine\",\"url\":\"https:\\\/\\\/charleroi-pourlapalestine.be\\\/\",\"logo\":{\"@type\":\"ImageObject\",\"inLanguage\":\"fr-FR\",\"@id\":\"https:\\\/\\\/charleroi-pourlapalestine.be\\\/#\\\/schema\\\/logo\\\/image\\\/\",\"url\":\"https:\\\/\\\/charleroi-pourlapalestine.be\\\/wp-content\\\/uploads\\\/2020\\\/01\\\/logo-Copy.jpg\",\"contentUrl\":\"https:\\\/\\\/charleroi-pourlapalestine.be\\\/wp-content\\\/uploads\\\/2020\\\/01\\\/logo-Copy.jpg\",\"width\":180,\"height\":180,\"caption\":\"Plate-forme Charleroi-Palestine\"},\"image\":{\"@id\":\"https:\\\/\\\/charleroi-pourlapalestine.be\\\/#\\\/schema\\\/logo\\\/image\\\/\"},\"sameAs\":[\"https:\\\/\\\/www.facebook.com\\\/PlateformeCharleroiPalestine\\\/\",\"https:\\\/\\\/x.com\\\/LaCharleroi\"]},{\"@type\":\"Person\",\"@id\":\"https:\\\/\\\/charleroi-pourlapalestine.be\\\/#\\\/schema\\\/person\\\/c19ff515112f1299d8c12671d8fe3faa\",\"name\":\"admin1873\",\"url\":\"https:\\\/\\\/charleroi-pourlapalestine.be\\\/index.php\\\/author\\\/admin1873\\\/\"}]}<\/script>\n<!-- \/ Yoast SEO plugin. -->","yoast_head_json":{"title":"Brigades des Martyrs d\u2019Al-Aqsa : comment une milice ressuscit\u00e9e d\u00e9fie Isra\u00ebl et l'AP","description":"\u00c0 J\u00e9nine et \u00e0 Naplouse, les membres des Brigades des Martyrs d\u2019Al-Aqsa s\u2019unissent \u00e0 d\u2019autres factions afin de d\u00e9fier Isra\u00ebl et l\u2019AP","robots":{"index":"index","follow":"follow","max-snippet":"max-snippet:-1","max-image-preview":"max-image-preview:large","max-video-preview":"max-video-preview:-1"},"canonical":"https:\/\/charleroi-pourlapalestine.be\/index.php\/2022\/08\/18\/brigades-des-martyrs-dal-aqsa-comment-une-milice-ressuscitee-defie-les-dirigeants-israeliens-et-palestiniens\/","schema":{"@context":"https:\/\/schema.org","@graph":[{"@type":"Article","@id":"https:\/\/charleroi-pourlapalestine.be\/index.php\/2022\/08\/18\/brigades-des-martyrs-dal-aqsa-comment-une-milice-ressuscitee-defie-les-dirigeants-israeliens-et-palestiniens\/#article","isPartOf":{"@id":"https:\/\/charleroi-pourlapalestine.be\/index.php\/2022\/08\/18\/brigades-des-martyrs-dal-aqsa-comment-une-milice-ressuscitee-defie-les-dirigeants-israeliens-et-palestiniens\/"},"author":{"name":"admin1873","@id":"https:\/\/charleroi-pourlapalestine.be\/#\/schema\/person\/c19ff515112f1299d8c12671d8fe3faa"},"headline":"Brigades des Martyrs d\u2019Al-Aqsa : Comment une milice ressuscit\u00e9e d\u00e9fie Isra\u00ebl et l&rsquo;AP","datePublished":"2022-08-18T15:13:44+00:00","dateModified":"2022-08-18T15:18:40+00:00","mainEntityOfPage":{"@id":"https:\/\/charleroi-pourlapalestine.be\/index.php\/2022\/08\/18\/brigades-des-martyrs-dal-aqsa-comment-une-milice-ressuscitee-defie-les-dirigeants-israeliens-et-palestiniens\/"},"wordCount":3261,"publisher":{"@id":"https:\/\/charleroi-pourlapalestine.be\/#organization"},"image":{"@id":"https:\/\/charleroi-pourlapalestine.be\/index.php\/2022\/08\/18\/brigades-des-martyrs-dal-aqsa-comment-une-milice-ressuscitee-defie-les-dirigeants-israeliens-et-palestiniens\/#primaryimage"},"thumbnailUrl":"https:\/\/charleroi-pourlapalestine.be\/wp-content\/uploads\/2022\/08\/Naplouse-e1660830747771.jpg","keywords":["Shireen Abu Akleh"],"articleSection":["Autorit\u00e9 palestinienne","Brigade Abu Ali Mustafa","Brigade des Martyrs d'Al-Aqsa","Cisjordanie","Coop\u00e9ration s\u00e9curitaire","Djihad islamique","Fatah","FPLP","Gaza","Hamas","J\u00e9rusalem","L'Etat colonial","Les Palestiniens de 48","Lutte arm\u00e9e","Palestine","Palestine historique","Prisonniers","Punitions collectives","R\u00e9sistance"],"inLanguage":"fr-FR"},{"@type":"WebPage","@id":"https:\/\/charleroi-pourlapalestine.be\/index.php\/2022\/08\/18\/brigades-des-martyrs-dal-aqsa-comment-une-milice-ressuscitee-defie-les-dirigeants-israeliens-et-palestiniens\/","url":"https:\/\/charleroi-pourlapalestine.be\/index.php\/2022\/08\/18\/brigades-des-martyrs-dal-aqsa-comment-une-milice-ressuscitee-defie-les-dirigeants-israeliens-et-palestiniens\/","name":"Brigades des Martyrs d\u2019Al-Aqsa : comment une milice ressuscit\u00e9e d\u00e9fie Isra\u00ebl et l'AP","isPartOf":{"@id":"https:\/\/charleroi-pourlapalestine.be\/#website"},"primaryImageOfPage":{"@id":"https:\/\/charleroi-pourlapalestine.be\/index.php\/2022\/08\/18\/brigades-des-martyrs-dal-aqsa-comment-une-milice-ressuscitee-defie-les-dirigeants-israeliens-et-palestiniens\/#primaryimage"},"image":{"@id":"https:\/\/charleroi-pourlapalestine.be\/index.php\/2022\/08\/18\/brigades-des-martyrs-dal-aqsa-comment-une-milice-ressuscitee-defie-les-dirigeants-israeliens-et-palestiniens\/#primaryimage"},"thumbnailUrl":"https:\/\/charleroi-pourlapalestine.be\/wp-content\/uploads\/2022\/08\/Naplouse-e1660830747771.jpg","datePublished":"2022-08-18T15:13:44+00:00","dateModified":"2022-08-18T15:18:40+00:00","description":"\u00c0 J\u00e9nine et \u00e0 Naplouse, les membres des Brigades des Martyrs d\u2019Al-Aqsa s\u2019unissent \u00e0 d\u2019autres factions afin de d\u00e9fier Isra\u00ebl et l\u2019AP","breadcrumb":{"@id":"https:\/\/charleroi-pourlapalestine.be\/index.php\/2022\/08\/18\/brigades-des-martyrs-dal-aqsa-comment-une-milice-ressuscitee-defie-les-dirigeants-israeliens-et-palestiniens\/#breadcrumb"},"inLanguage":"fr-FR","potentialAction":[{"@type":"ReadAction","target":["https:\/\/charleroi-pourlapalestine.be\/index.php\/2022\/08\/18\/brigades-des-martyrs-dal-aqsa-comment-une-milice-ressuscitee-defie-les-dirigeants-israeliens-et-palestiniens\/"]}]},{"@type":"ImageObject","inLanguage":"fr-FR","@id":"https:\/\/charleroi-pourlapalestine.be\/index.php\/2022\/08\/18\/brigades-des-martyrs-dal-aqsa-comment-une-milice-ressuscitee-defie-les-dirigeants-israeliens-et-palestiniens\/#primaryimage","url":"https:\/\/charleroi-pourlapalestine.be\/wp-content\/uploads\/2022\/08\/Naplouse-e1660830747771.jpg","contentUrl":"https:\/\/charleroi-pourlapalestine.be\/wp-content\/uploads\/2022\/08\/Naplouse-e1660830747771.jpg","width":480,"height":320},{"@type":"BreadcrumbList","@id":"https:\/\/charleroi-pourlapalestine.be\/index.php\/2022\/08\/18\/brigades-des-martyrs-dal-aqsa-comment-une-milice-ressuscitee-defie-les-dirigeants-israeliens-et-palestiniens\/#breadcrumb","itemListElement":[{"@type":"ListItem","position":1,"name":"Accueil","item":"https:\/\/charleroi-pourlapalestine.be\/"},{"@type":"ListItem","position":2,"name":"Brigades des Martyrs d\u2019Al-Aqsa : Comment une milice ressuscit\u00e9e d\u00e9fie Isra\u00ebl et l&#8217;AP"}]},{"@type":"WebSite","@id":"https:\/\/charleroi-pourlapalestine.be\/#website","url":"https:\/\/charleroi-pourlapalestine.be\/","name":"Charleroi Pour la Palestine","description":"","publisher":{"@id":"https:\/\/charleroi-pourlapalestine.be\/#organization"},"potentialAction":[{"@type":"SearchAction","target":{"@type":"EntryPoint","urlTemplate":"https:\/\/charleroi-pourlapalestine.be\/?s={search_term_string}"},"query-input":{"@type":"PropertyValueSpecification","valueRequired":true,"valueName":"search_term_string"}}],"inLanguage":"fr-FR"},{"@type":"Organization","@id":"https:\/\/charleroi-pourlapalestine.be\/#organization","name":"Plate-forme Charleroi-Palestine","url":"https:\/\/charleroi-pourlapalestine.be\/","logo":{"@type":"ImageObject","inLanguage":"fr-FR","@id":"https:\/\/charleroi-pourlapalestine.be\/#\/schema\/logo\/image\/","url":"https:\/\/charleroi-pourlapalestine.be\/wp-content\/uploads\/2020\/01\/logo-Copy.jpg","contentUrl":"https:\/\/charleroi-pourlapalestine.be\/wp-content\/uploads\/2020\/01\/logo-Copy.jpg","width":180,"height":180,"caption":"Plate-forme Charleroi-Palestine"},"image":{"@id":"https:\/\/charleroi-pourlapalestine.be\/#\/schema\/logo\/image\/"},"sameAs":["https:\/\/www.facebook.com\/PlateformeCharleroiPalestine\/","https:\/\/x.com\/LaCharleroi"]},{"@type":"Person","@id":"https:\/\/charleroi-pourlapalestine.be\/#\/schema\/person\/c19ff515112f1299d8c12671d8fe3faa","name":"admin1873","url":"https:\/\/charleroi-pourlapalestine.be\/index.php\/author\/admin1873\/"}]}},"_links":{"self":[{"href":"https:\/\/charleroi-pourlapalestine.be\/index.php\/wp-json\/wp\/v2\/posts\/42882","targetHints":{"allow":["GET"]}}],"collection":[{"href":"https:\/\/charleroi-pourlapalestine.be\/index.php\/wp-json\/wp\/v2\/posts"}],"about":[{"href":"https:\/\/charleroi-pourlapalestine.be\/index.php\/wp-json\/wp\/v2\/types\/post"}],"author":[{"embeddable":true,"href":"https:\/\/charleroi-pourlapalestine.be\/index.php\/wp-json\/wp\/v2\/users\/1"}],"replies":[{"embeddable":true,"href":"https:\/\/charleroi-pourlapalestine.be\/index.php\/wp-json\/wp\/v2\/comments?post=42882"}],"version-history":[{"count":0,"href":"https:\/\/charleroi-pourlapalestine.be\/index.php\/wp-json\/wp\/v2\/posts\/42882\/revisions"}],"wp:featuredmedia":[{"embeddable":true,"href":"https:\/\/charleroi-pourlapalestine.be\/index.php\/wp-json\/wp\/v2\/media\/42888"}],"wp:attachment":[{"href":"https:\/\/charleroi-pourlapalestine.be\/index.php\/wp-json\/wp\/v2\/media?parent=42882"}],"wp:term":[{"taxonomy":"category","embeddable":true,"href":"https:\/\/charleroi-pourlapalestine.be\/index.php\/wp-json\/wp\/v2\/categories?post=42882"},{"taxonomy":"post_tag","embeddable":true,"href":"https:\/\/charleroi-pourlapalestine.be\/index.php\/wp-json\/wp\/v2\/tags?post=42882"}],"curies":[{"name":"wp","href":"https:\/\/api.w.org\/{rel}","templated":true}]}}