{"id":43520,"date":"2022-09-03T10:06:16","date_gmt":"2022-09-03T08:06:16","guid":{"rendered":"https:\/\/charleroi-pourlapalestine.be\/?p=43520"},"modified":"2022-09-03T10:06:18","modified_gmt":"2022-09-03T08:06:18","slug":"une-greve-de-palestiniens-travaillant-en-israel-revele-le-manque-total-de-confiance-en-lap","status":"publish","type":"post","link":"https:\/\/charleroi-pourlapalestine.be\/index.php\/2022\/09\/03\/une-greve-de-palestiniens-travaillant-en-israel-revele-le-manque-total-de-confiance-en-lap\/","title":{"rendered":"Une gr\u00e8ve de Palestiniens travaillant en Isra\u00ebl r\u00e9v\u00e8le le manque total de confiance en l\u2019AP"},"content":{"rendered":"<p><strong>Les travailleurs craignent que les nouveaux r\u00e9gimes salariaux ne mettent \u00e0 mal \u00e0 leur portefeuille, ne profitent \u00e0 une AP indigne de confiance et n\u2019accroissent encore la domination isra\u00e9lienne. <\/strong><\/p>\n<div id=\"attachment_43521\" style=\"width: 488px\" class=\"wp-caption aligncenter\"><img loading=\"lazy\" decoding=\"async\" aria-describedby=\"caption-attachment-43521\" class=\"wp-image-43521 size-full\" src=\"https:\/\/charleroi-pourlapalestine.be\/wp-content\/uploads\/2022\/09\/Greve-des-travailleurs-palestiniens-de-Tulkarem-e1662133018329.jpg\" alt=\"\" width=\"478\" height=\"320\" srcset=\"https:\/\/charleroi-pourlapalestine.be\/wp-content\/uploads\/2022\/09\/Greve-des-travailleurs-palestiniens-de-Tulkarem-e1662133018329.jpg 478w, https:\/\/charleroi-pourlapalestine.be\/wp-content\/uploads\/2022\/09\/Greve-des-travailleurs-palestiniens-de-Tulkarem-e1662133018329-300x201.jpg 300w\" sizes=\"auto, (max-width: 478px) 100vw, 478px\" \/><p id=\"caption-attachment-43521\" class=\"wp-caption-text\">21 ao\u00fbt 2022. Les travailleurs palestiniens de Tulkarem font gr\u00e8ve contre un nouveau r\u00e9gime salarial selon lequel leur salaire leur sera vers\u00e9 sur un compte bancaire plut\u00f4t qu\u2019en cash. (Photo : Reuters)<\/p><\/div>\n<p>&nbsp;<\/p>\n<p><a href=\"https:\/\/charleroi-pourlapalestine.be\/index.php\/tag\/lubna-masarwa\/\"><strong>Lubna Masarwa<\/strong> <\/a>et <strong>Huthifa Fayyad<\/strong>, 31 ao\u00fbt 2022<\/p>\n<p><strong>Asem Zayed<\/strong> quitte sa maison de J\u00e9nine, en Cisjordanie occup\u00e9e, tous les jours \u00e0 3 h 30 du matin. Il lui faut pr\u00e8s de quatre heures pour atteindre son lieu de travail en Isra\u00ebl, puisqu\u2019il est oblig\u00e9 de franchir les check-points militaires surpeupl\u00e9s de son c\u00f4t\u00e9 du mur de s\u00e9paration, et faire la course pour aller plus vite que le trafic de l\u2019autre c\u00f4t\u00e9.<\/p>\n<p>Apr\u00e8s une longue journ\u00e9e de travail comme technicien en \u00e9lectricit\u00e9, il rentre chez lui vers 19 heures, avec en moyenne 180 shekels isra\u00e9liens (ILS) cash en poche, soit environ 55 euros.<\/p>\n<p>D\u00e9sormais, ce p\u00e8re de cinq enfants est passablement embarrass\u00e9 \u00e0 propos d\u2019un nouveau m\u00e9canisme de paiement des salaires par lequel lui et des dizaines de milliers de travailleurs palestiniens en Isra\u00ebl verront leurs salaires pay\u00e9s sur des comptes bancaires plut\u00f4t qu\u2019en cash. Ils craignent que la nouvelle mesure n\u2019aboutisse \u00e0 de nouveaux frais et taxes, d\u00e9vorant ainsi plus d\u2019argent encore de leurs revenus d\u00e9j\u00e0 tr\u00e8s bas.<\/p>\n<blockquote><p>\u00ab Ma frustration est dirig\u00e9e \u00e0 la fois contre Isra\u00ebl et contre l\u2019Autorit\u00e9 palestinienne \u00bb,<\/p><\/blockquote>\n<p>a expliqu\u00e9 Zayed, 42 ans, \u00e0 <em>Middle East Eye<\/em>. <em>\u00ab Ne touchez pas \u00e0 notre revenu. \u00bb<\/em><\/p>\n<p>Zayed est l\u2019un des milliers de travailleurs palestiniens \u00e0 avoir protest\u00e9 contre la nouvelle mesure qui a \u00e9t\u00e9 partiellement appliqu\u00e9e, plus t\u00f4t ce mois d\u2019ao\u00fbt, et qui est cens\u00e9e entrer enti\u00e8rement en vigueur l\u2019an prochain.<\/p>\n<p>Leur gr\u00e8ve, qui a d\u00e9but\u00e9 le 21 ao\u00fbt, a \u00e9t\u00e9 d\u00e9crite par les m\u00e9dias locaux comme<strong> l\u2019une des plus grosses actions de gr\u00e8ve jamais entreprises par les travailleurs palestiniens.<\/strong> Soup\u00e7onnant que des intentions non r\u00e9v\u00e9l\u00e9es se cachent derri\u00e8re le mouvement, les travailleurs ont souhait\u00e9 de poursuivre leur gr\u00e8ve chaque dimanche et de protester aux check-points jusqu\u2019\u00e0 ce que la d\u00e9cision soit annul\u00e9e.<\/p>\n<h3><strong><br \/>\nPas confiance<\/strong><\/h3>\n<p>Le nouveau r\u00e9gime a \u00e9t\u00e9 appliqu\u00e9 par les autorit\u00e9s isra\u00e9liennes mais rapidement adopt\u00e9 par les responsables de l\u2019<strong>Autorit\u00e9 palestinienne (AP).<\/strong><\/p>\n<p><strong>Nasri Abu Jaish<\/strong>, le ministre du Travail de l\u2019AP, a promu ce r\u00e9gime comme un moyen d\u2019am\u00e9liorer la protection des droits des travailleurs, particuli\u00e8rement contre les marchands de permis. Pr\u00e8s de la moiti\u00e9 des travailleurs de Cisjordanie paient aux alentours de 2 500 shekels (environ 750 euros) par mois \u00e0 ces <em>\u00ab marchands \u00bb,<\/em> qui leur assurent leurs licences de travail. Le nouvelle approche va \u00e9liminer le besoin d\u2019interm\u00e9diaires et signifiera donc plus d\u2019argent dans les poches des travailleurs, s\u2019il faut en croire l\u2019AP.<\/p>\n<p>Le Premier ministre palestinien <strong>Mohammad Shtayyeh<\/strong> a lui aussi jur\u00e9 qu\u2019aucune taxe additionnelle ne serait lev\u00e9e sur les travailleurs et que 1 ou 2 euros seulement de frais de transfert seraient compt\u00e9s par les banques sur chaque d\u00e9p\u00f4t de salaire. Mais, malgr\u00e9 cette assurance, bien des travailleurs disent qu\u2019ils n\u2019ont aucune confiance en l\u2019AP ni dans les banques palestiniennes.<\/p>\n<p><strong>L\u00e9gende photo :<\/strong> <em>Des travailleurs p<\/em><em>alestiniens font gr\u00e8ve \u00e0 un check-point isra\u00e9lien \u00e0 Tulkarem, en Cisjordanie occup\u00e9e, le 21 ao\u00fbt 2022. <\/em>(Photo : Reuters)<\/p>\n<blockquote><p>\u00ab Nous n\u2019avons pas confiance en l\u2019AP, sinon nous n\u2019aurions pas lanc\u00e9 notre gr\u00e8ve \u00bb,<\/p><\/blockquote>\n<p>a expliqu\u00e9 <strong>Adi Athamnah<\/strong> \u00e0 <em>MEE<\/em>.<\/p>\n<p>Cet homme de <strong>Naplouse,<\/strong> la trentaine, travaille en Isra\u00ebl depuis trois ans dans la construction. Il ajoute qu\u2019il n\u2019y a pas de garantie que des taxes ne seront pas impos\u00e9es dans le futur. Athamnah dit qu\u2019il n\u2019a pas confiance dans les banques et il craint que des frais d\u2019op\u00e9rations et des taxes ne soient pr\u00e9lev\u00e9s s\u2019il ouvre un compte.<\/p>\n<p>Il existe \u00e9galement des craintes qu\u2019une portion des salaires d\u00e9pos\u00e9s ne soit plac\u00e9e dans des fonds de bien-\u00eatre social, comme les pensions, dans lesquels il ne souhaite pas s\u2019inscrire, puisqu\u2019il se fait d\u00e9j\u00e0 \u00e0 peine assez d\u2019argent dans l\u2019\u00e9tat actuel des choses.<\/p>\n<blockquote><p>\u00ab Nous ne gagnons pas des millions de dollars, nous parvenons \u00e0 peine \u00e0 joindre les deux bouts \u00bb,<\/p><\/blockquote>\n<p>a d\u00e9clar\u00e9 Athamnah.<\/p>\n<p>Un autre probl\u00e8me, pour certains, c\u2019est qu\u2019ils travaillent sur des sites diff\u00e9rents chaque jour et qu\u2019ils sont pay\u00e9s pour chaque travail s\u00e9par\u00e9ment. Les ouvriers disent qu\u2019ils craignent d\u2019\u00eatre laiss\u00e9s en dehors du nouveau syst\u00e8me et de perdre finalement leurs emplois du fait qu\u2019ils n\u2019ont pas d\u2019employeurs officiels.<\/p>\n<blockquote><p>\u00ab Ils disent qu\u2019ils veulent nous sauver des marchands de permis, mais pr\u00e8s de la moiti\u00e9 des travailleurs ne passent pas par ces gens-l\u00e0, de toute fa\u00e7on \u00bb,<\/p><\/blockquote>\n<p>dit Zayed.<\/p>\n<blockquote><p>\u00ab \u00c7a ne marchera pas pour nous. \u00bb<\/p><\/blockquote>\n<h3><strong><br \/>\nUne mesure isra\u00e9lienne, l\u2019enthousiasme de l\u2019AP<\/strong><\/h3>\n<p>Apr\u00e8s cette r\u00e9action de rejet, <strong>Abu Jaish<\/strong> a distanci\u00e9 l\u2019AP de la nouvelle mesure, en disant que c\u2019\u00e9tait Isra\u00ebl qui l\u2019appliquait et que l\u2019AP n\u2019avait pas le choix, dans cette affaire. Toutefois, le ton est rest\u00e9 enthousiaste \u00e0 propos de la mesure. Abu Jaish a dit qu\u2019elle avait \u00e9t\u00e9 appliqu\u00e9e \u00e0 7 000 travailleurs le 14 ao\u00fbt, et qu\u2019il \u00e9tait pr\u00e9vu que d\u2019autres suivent.<\/p>\n<p>Selon <strong>Abboud Hamail,<\/strong> un chercheur en \u00e9conomie de l\u2019<strong>Universit\u00e9 de Birzeit,<\/strong> le soutien de Ramallah \u00e0 la mesure est logique, puisqu\u2019il est susceptible d\u2019injecter des millions de dollars dans sa fragile \u00e9conomie.<\/p>\n<p>Quotidiennement, <strong>173 400 travailleurs quittent la Cisjordanie pour aller en Isra\u00ebl<\/strong>, outre les <strong>31 000 qui travaillent dans des colonies isra\u00e9liennes,<\/strong> estime le Bureau central palestinien de la statistique (BCPS). Alors que leur revenu revient dans l\u2019\u00e9conomie palestinienne en \u00e9tant d\u00e9pens\u00e9 en Cisjordanie, ces travailleurs sont toujours consid\u00e9r\u00e9s comme une main-d\u2019\u0153uvre d\u2019en dehors du march\u00e9 officiel. Quand on les incorporera dans l\u2019\u00e9conomie officielle, les banques auront un coup de pouce instantan\u00e9 dans leur capacit\u00e9 \u00e0 c\u00e9der des pr\u00eats, ce qui aboutira \u00e0 davantage de profits, a expliqu\u00e9 Hamail.<\/p>\n<blockquote><p>\u00ab Cette somme d\u2019argent dans les banques officielles va instamment cr\u00e9er une liquidit\u00e9 du march\u00e9 pour l\u2019AP. Cela apportera aux banques priv\u00e9es la capacit\u00e9 de pr\u00eater davantage au secteur public \u00bb,<\/p><\/blockquote>\n<p>a-t-il dit \u00e0 <em>MEE<\/em>.<\/p>\n<blockquote><p>\u00ab Pour les Isra\u00e9liens, ce n\u2019est pas aussi avantageux que ce ne l\u2019est pour l\u2019AP. Le b\u00e9n\u00e9fice pour Isra\u00ebl consiste \u00e0 aider l\u2019AP. \u00bb<\/p><\/blockquote>\n<p>Cela a \u00e9t\u00e9 repris en \u00e9cho par un haut fonctionnaire du minist\u00e8re isra\u00e9lien de la<strong> D\u00e9fense<\/strong> qui a dit que la mesure \u00ab allait renforcer l\u2019\u00e9conomie palestinienne \u00bb et qu\u2019elle aurait des effets positifs comme \u00ab r\u00e9duire l\u2019argent noir \u00bb, a-t-on pu lire dans le quotidien <em>Haaretz<\/em>.<\/p>\n<p>En th\u00e9orie, r\u00e9duire une <em>activit\u00e9<\/em> hors march\u00e9 peut \u00eatre bonne mesure pour l\u2019\u00e9conomie, a d\u00e9clar\u00e9 Hamail. Mais, au c\u0153ur du probl\u00e8me, il y a un manque de confiance dans les institutions de l\u2019AP.<\/p>\n<blockquote><p>\u00ab La question ici n\u2019est pas de savoir si cette mesure est bonne ou pas, mais si nous faisons confiance en l\u2019AP \u00bb,<\/p><\/blockquote>\n<p>a-t-il dit.<\/p>\n<blockquote><p>\u00ab Il existe une crainte de voir cet argent exploit\u00e9 par les autorit\u00e9s et de ce que le cashflow soit finalement une fa\u00e7on d\u2019aider l\u2019AP, un corps gouvernant auquel la rue retire de plus en plus sa l\u00e9gitimit\u00e9 politique. \u00bb<\/p><\/blockquote>\n<h3><strong><br \/>\nUn syst\u00e8me de contr\u00f4le <\/strong><\/h3>\n<p>Le nouveau syst\u00e8me de d\u00e9p\u00f4t bancaire a d\u2019abord \u00e9t\u00e9 lanc\u00e9 en d\u00e9cembre 2016 par le gouvernement isra\u00e9lien dans le cadre d\u2019une nouvelle strat\u00e9gie pour les travailleurs palestiniens en Isra\u00ebl. Il vise \u00e0 <strong>accro\u00eetre l\u2019emploi des r\u00e9sidents de Cisjordanie en Isra\u00ebl<\/strong>, \u00e0 am\u00e9liorer le r\u00e9gime de d\u00e9livrance des permis et \u00e0 <em>\u00ab assurer des conditions de travail d\u00e9centes \u00bb<\/em> pour les travailleurs.<\/p>\n<p>Les effets de la nouvelle strat\u00e9gie ont \u00e9t\u00e9 ressentis dans la hausse du nombre de Palestiniens autoris\u00e9s \u00e0 travailler en Isra\u00ebl. Selon l\u2019<strong>Institut palestinien de recherche en politique \u00e9conomique (le MAS),<\/strong> les cinq derni\u00e8res ann\u00e9es ont assist\u00e9 \u00e0 la croissance la plus importante et rapide du nombre de permis de travail accord\u00e9s, et ce, \u00e0 un taux jamais vu au cours des deux d\u00e9cennies pr\u00e9c\u00e9dentes.<\/p>\n<p>Le revenu des travailleurs s\u2019\u00e9l\u00e8ve d\u00e9sormais \u00e0 16 pour 100 du revenu national brut de la Palestine, un fameux bond en avant, compar\u00e9 aux 6 pour 100 de 2011, s\u2019il faut en croire les donn\u00e9es du PCBS.<\/p>\n<p>En juillet, le <strong>MAS<\/strong> a publi\u00e9 une \u00e9tude qui disait que ces mesures faisaient partie de<em> \u00ab tentatives ouvertes en vue d\u2019imposer des propositions de paix \u00e9conomique \u00bb.<\/em><\/p>\n<p><strong>La croissance du nombre de travailleurs est cens\u00e9e conf\u00e9rer \u00e0 Isra\u00ebl plus d\u2019influence et de contr\u00f4le sur l\u2019\u00e9conomie palestinienne<\/strong>, a expliqu\u00e9 l\u2019\u00e9tude.<\/p>\n<p>On peut contr\u00f4ler la chose via la disparit\u00e9 du nombre de permis de travail accord\u00e9s aux Palestiniens de Cisjordanie, compar\u00e9s au nombre de permis accord\u00e9s aux travailleurs de Gaza, \u00e0 qui le gouvernement isra\u00e9lien n\u2019a que tout r\u00e9cemment accord\u00e9 20 000 permis.<\/p>\n<blockquote><p>\u00ab Le facteur cl\u00e9 et d\u00e9cisif dans la d\u00e9termination du volume de la main-d\u2019\u0153uvre en Isra\u00ebl r\u00e9side dans la politique coloniale isra\u00e9lienne de domination et d\u2019exploitation, et non dans les forces libres du march\u00e9 \u00bb,<\/p><\/blockquote>\n<p>a pr\u00e9tendu l\u2019\u00e9tude du MAS.<\/p>\n<p>L\u2019approche isra\u00e9lienne ne fait qu\u2019<\/p>\n<blockquote><p>\u00ab offrir la perspective d\u2019un surcro\u00eet de peuplement et de contr\u00f4le sur les ressources de la totalit\u00e9 du peuple palestinien dans une annexion \u00e9conomique susceptible de pr\u00e9c\u00e9der l\u2019annexion juridique et politique \u00bb,<\/p><\/blockquote>\n<p>explique le MAS dans sa conclusion.<\/p>\n<p>Les implications \u00e0 grande \u00e9chelle n\u2019\u00e9chappent pas aux travailleurs.<\/p>\n<blockquote><p>\u00ab Je crains qu\u2019apr\u00e8s qu\u2019ils auront appliqu\u00e9 cela, ils ne se mettent alors \u00e0 nous contr\u00f4ler totalement \u00e0 leur guise \u00bb,<\/p><\/blockquote>\n<p>d\u00e9clare Zayed, tout en comptant la somme qu\u2019il doit mettre de c\u00f4t\u00e9 pour ses deux filles qui \u00e9tudient \u00e0 l\u2019universit\u00e9, une autre encore dans l\u2019enseignement secondaire, et ses deux enfants plus jeunes.<\/p>\n<blockquote><p>\u00ab Ma crainte, c\u2019est que je ne perde ma famille, \u00e0 cause de tout cela. \u00bb<\/p><\/blockquote>\n<p style=\"text-align: center;\">\u00b0\u00b0\u00b0\u00b0\u00b0\u00b0<\/p>\n<p>Publi\u00e9 le 31 ao\u00fbt 2022 sur<a href=\"https:\/\/www.middleeasteye.net\/news\/palestine-israel-workers-strike-exposes-lack-trust-pa\" target=\"_blank\" rel=\"noopener\"> Middle East Eye<\/a><br \/>\nTraduction : Jean-Marie Fl\u00e9mal, <a href=\"https:\/\/charleroi-pourlapalestine.be\/\">Charleroi pour la Palestine<\/a><\/p>\n","protected":false},"excerpt":{"rendered":"<p>Les travailleurs craignent que les nouveaux r\u00e9gimes salariaux ne mettent \u00e0 mal \u00e0 leur portefeuille, ne profitent \u00e0 une AP indigne de confiance et n\u2019accroissent encore la domination isra\u00e9lienne.<\/p>\n","protected":false},"author":1,"featured_media":43521,"comment_status":"closed","ping_status":"closed","sticky":false,"template":"","format":"standard","meta":{"ngg_post_thumbnail":0,"footnotes":""},"categories":[24,140,192,201],"tags":[],"class_list":["post-43520","post","type-post","status-publish","format-standard","has-post-thumbnail","hentry","category-lautorite-palestinienne","category-letat-colonial","category-palestine","category-travailleurs"],"yoast_head":"<!-- This site is optimized with the Yoast SEO plugin v27.3 - https:\/\/yoast.com\/product\/yoast-seo-wordpress\/ -->\n<title>Une gr\u00e8ve de Palestiniens travaillant en Isra\u00ebl r\u00e9v\u00e8le le manque total de confiance en l\u2019AP<\/title>\n<meta name=\"description\" content=\"Les travailleurs craignent que les nouveaux r\u00e9gimes salariaux ne profitent \u00e0 une AP indigne de confiance et n\u2019accroissent encore la domination isra\u00e9lienne.\" \/>\n<meta name=\"robots\" content=\"index, follow, max-snippet:-1, max-image-preview:large, max-video-preview:-1\" \/>\n<link rel=\"canonical\" href=\"https:\/\/charleroi-pourlapalestine.be\/index.php\/2022\/09\/03\/une-greve-de-palestiniens-travaillant-en-israel-revele-le-manque-total-de-confiance-en-lap\/\" \/>\n<script type=\"application\/ld+json\" class=\"yoast-schema-graph\">{\"@context\":\"https:\\\/\\\/schema.org\",\"@graph\":[{\"@type\":\"Article\",\"@id\":\"https:\\\/\\\/charleroi-pourlapalestine.be\\\/index.php\\\/2022\\\/09\\\/03\\\/une-greve-de-palestiniens-travaillant-en-israel-revele-le-manque-total-de-confiance-en-lap\\\/#article\",\"isPartOf\":{\"@id\":\"https:\\\/\\\/charleroi-pourlapalestine.be\\\/index.php\\\/2022\\\/09\\\/03\\\/une-greve-de-palestiniens-travaillant-en-israel-revele-le-manque-total-de-confiance-en-lap\\\/\"},\"author\":{\"name\":\"admin1873\",\"@id\":\"https:\\\/\\\/charleroi-pourlapalestine.be\\\/#\\\/schema\\\/person\\\/c19ff515112f1299d8c12671d8fe3faa\"},\"headline\":\"Une gr\u00e8ve de Palestiniens travaillant en Isra\u00ebl r\u00e9v\u00e8le le manque total de confiance en l\u2019AP\",\"datePublished\":\"2022-09-03T08:06:16+00:00\",\"dateModified\":\"2022-09-03T08:06:18+00:00\",\"mainEntityOfPage\":{\"@id\":\"https:\\\/\\\/charleroi-pourlapalestine.be\\\/index.php\\\/2022\\\/09\\\/03\\\/une-greve-de-palestiniens-travaillant-en-israel-revele-le-manque-total-de-confiance-en-lap\\\/\"},\"wordCount\":1799,\"publisher\":{\"@id\":\"https:\\\/\\\/charleroi-pourlapalestine.be\\\/#organization\"},\"image\":{\"@id\":\"https:\\\/\\\/charleroi-pourlapalestine.be\\\/index.php\\\/2022\\\/09\\\/03\\\/une-greve-de-palestiniens-travaillant-en-israel-revele-le-manque-total-de-confiance-en-lap\\\/#primaryimage\"},\"thumbnailUrl\":\"https:\\\/\\\/charleroi-pourlapalestine.be\\\/wp-content\\\/uploads\\\/2022\\\/09\\\/Greve-des-travailleurs-palestiniens-de-Tulkarem-e1662133018329.jpg\",\"articleSection\":[\"Autorit\u00e9 palestinienne\",\"L'Etat colonial\",\"Palestine\",\"Travailleurs\"],\"inLanguage\":\"fr-FR\"},{\"@type\":\"WebPage\",\"@id\":\"https:\\\/\\\/charleroi-pourlapalestine.be\\\/index.php\\\/2022\\\/09\\\/03\\\/une-greve-de-palestiniens-travaillant-en-israel-revele-le-manque-total-de-confiance-en-lap\\\/\",\"url\":\"https:\\\/\\\/charleroi-pourlapalestine.be\\\/index.php\\\/2022\\\/09\\\/03\\\/une-greve-de-palestiniens-travaillant-en-israel-revele-le-manque-total-de-confiance-en-lap\\\/\",\"name\":\"Une gr\u00e8ve de Palestiniens travaillant en Isra\u00ebl r\u00e9v\u00e8le le manque total de confiance en l\u2019AP\",\"isPartOf\":{\"@id\":\"https:\\\/\\\/charleroi-pourlapalestine.be\\\/#website\"},\"primaryImageOfPage\":{\"@id\":\"https:\\\/\\\/charleroi-pourlapalestine.be\\\/index.php\\\/2022\\\/09\\\/03\\\/une-greve-de-palestiniens-travaillant-en-israel-revele-le-manque-total-de-confiance-en-lap\\\/#primaryimage\"},\"image\":{\"@id\":\"https:\\\/\\\/charleroi-pourlapalestine.be\\\/index.php\\\/2022\\\/09\\\/03\\\/une-greve-de-palestiniens-travaillant-en-israel-revele-le-manque-total-de-confiance-en-lap\\\/#primaryimage\"},\"thumbnailUrl\":\"https:\\\/\\\/charleroi-pourlapalestine.be\\\/wp-content\\\/uploads\\\/2022\\\/09\\\/Greve-des-travailleurs-palestiniens-de-Tulkarem-e1662133018329.jpg\",\"datePublished\":\"2022-09-03T08:06:16+00:00\",\"dateModified\":\"2022-09-03T08:06:18+00:00\",\"description\":\"Les travailleurs craignent que les nouveaux r\u00e9gimes salariaux ne profitent \u00e0 une AP indigne de confiance et n\u2019accroissent encore la domination isra\u00e9lienne.\",\"breadcrumb\":{\"@id\":\"https:\\\/\\\/charleroi-pourlapalestine.be\\\/index.php\\\/2022\\\/09\\\/03\\\/une-greve-de-palestiniens-travaillant-en-israel-revele-le-manque-total-de-confiance-en-lap\\\/#breadcrumb\"},\"inLanguage\":\"fr-FR\",\"potentialAction\":[{\"@type\":\"ReadAction\",\"target\":[\"https:\\\/\\\/charleroi-pourlapalestine.be\\\/index.php\\\/2022\\\/09\\\/03\\\/une-greve-de-palestiniens-travaillant-en-israel-revele-le-manque-total-de-confiance-en-lap\\\/\"]}]},{\"@type\":\"ImageObject\",\"inLanguage\":\"fr-FR\",\"@id\":\"https:\\\/\\\/charleroi-pourlapalestine.be\\\/index.php\\\/2022\\\/09\\\/03\\\/une-greve-de-palestiniens-travaillant-en-israel-revele-le-manque-total-de-confiance-en-lap\\\/#primaryimage\",\"url\":\"https:\\\/\\\/charleroi-pourlapalestine.be\\\/wp-content\\\/uploads\\\/2022\\\/09\\\/Greve-des-travailleurs-palestiniens-de-Tulkarem-e1662133018329.jpg\",\"contentUrl\":\"https:\\\/\\\/charleroi-pourlapalestine.be\\\/wp-content\\\/uploads\\\/2022\\\/09\\\/Greve-des-travailleurs-palestiniens-de-Tulkarem-e1662133018329.jpg\",\"width\":478,\"height\":320},{\"@type\":\"BreadcrumbList\",\"@id\":\"https:\\\/\\\/charleroi-pourlapalestine.be\\\/index.php\\\/2022\\\/09\\\/03\\\/une-greve-de-palestiniens-travaillant-en-israel-revele-le-manque-total-de-confiance-en-lap\\\/#breadcrumb\",\"itemListElement\":[{\"@type\":\"ListItem\",\"position\":1,\"name\":\"Accueil\",\"item\":\"https:\\\/\\\/charleroi-pourlapalestine.be\\\/\"},{\"@type\":\"ListItem\",\"position\":2,\"name\":\"Une gr\u00e8ve de Palestiniens travaillant en Isra\u00ebl r\u00e9v\u00e8le le manque total de confiance en l\u2019AP\"}]},{\"@type\":\"WebSite\",\"@id\":\"https:\\\/\\\/charleroi-pourlapalestine.be\\\/#website\",\"url\":\"https:\\\/\\\/charleroi-pourlapalestine.be\\\/\",\"name\":\"Charleroi Pour la Palestine\",\"description\":\"\",\"publisher\":{\"@id\":\"https:\\\/\\\/charleroi-pourlapalestine.be\\\/#organization\"},\"potentialAction\":[{\"@type\":\"SearchAction\",\"target\":{\"@type\":\"EntryPoint\",\"urlTemplate\":\"https:\\\/\\\/charleroi-pourlapalestine.be\\\/?s={search_term_string}\"},\"query-input\":{\"@type\":\"PropertyValueSpecification\",\"valueRequired\":true,\"valueName\":\"search_term_string\"}}],\"inLanguage\":\"fr-FR\"},{\"@type\":\"Organization\",\"@id\":\"https:\\\/\\\/charleroi-pourlapalestine.be\\\/#organization\",\"name\":\"Plate-forme Charleroi-Palestine\",\"url\":\"https:\\\/\\\/charleroi-pourlapalestine.be\\\/\",\"logo\":{\"@type\":\"ImageObject\",\"inLanguage\":\"fr-FR\",\"@id\":\"https:\\\/\\\/charleroi-pourlapalestine.be\\\/#\\\/schema\\\/logo\\\/image\\\/\",\"url\":\"https:\\\/\\\/charleroi-pourlapalestine.be\\\/wp-content\\\/uploads\\\/2020\\\/01\\\/logo-Copy.jpg\",\"contentUrl\":\"https:\\\/\\\/charleroi-pourlapalestine.be\\\/wp-content\\\/uploads\\\/2020\\\/01\\\/logo-Copy.jpg\",\"width\":180,\"height\":180,\"caption\":\"Plate-forme Charleroi-Palestine\"},\"image\":{\"@id\":\"https:\\\/\\\/charleroi-pourlapalestine.be\\\/#\\\/schema\\\/logo\\\/image\\\/\"},\"sameAs\":[\"https:\\\/\\\/www.facebook.com\\\/PlateformeCharleroiPalestine\\\/\",\"https:\\\/\\\/x.com\\\/LaCharleroi\"]},{\"@type\":\"Person\",\"@id\":\"https:\\\/\\\/charleroi-pourlapalestine.be\\\/#\\\/schema\\\/person\\\/c19ff515112f1299d8c12671d8fe3faa\",\"name\":\"admin1873\",\"url\":\"https:\\\/\\\/charleroi-pourlapalestine.be\\\/index.php\\\/author\\\/admin1873\\\/\"}]}<\/script>\n<!-- \/ Yoast SEO plugin. -->","yoast_head_json":{"title":"Une gr\u00e8ve de Palestiniens travaillant en Isra\u00ebl r\u00e9v\u00e8le le manque total de confiance en l\u2019AP","description":"Les travailleurs craignent que les nouveaux r\u00e9gimes salariaux ne profitent \u00e0 une AP indigne de confiance et n\u2019accroissent encore la domination isra\u00e9lienne.","robots":{"index":"index","follow":"follow","max-snippet":"max-snippet:-1","max-image-preview":"max-image-preview:large","max-video-preview":"max-video-preview:-1"},"canonical":"https:\/\/charleroi-pourlapalestine.be\/index.php\/2022\/09\/03\/une-greve-de-palestiniens-travaillant-en-israel-revele-le-manque-total-de-confiance-en-lap\/","schema":{"@context":"https:\/\/schema.org","@graph":[{"@type":"Article","@id":"https:\/\/charleroi-pourlapalestine.be\/index.php\/2022\/09\/03\/une-greve-de-palestiniens-travaillant-en-israel-revele-le-manque-total-de-confiance-en-lap\/#article","isPartOf":{"@id":"https:\/\/charleroi-pourlapalestine.be\/index.php\/2022\/09\/03\/une-greve-de-palestiniens-travaillant-en-israel-revele-le-manque-total-de-confiance-en-lap\/"},"author":{"name":"admin1873","@id":"https:\/\/charleroi-pourlapalestine.be\/#\/schema\/person\/c19ff515112f1299d8c12671d8fe3faa"},"headline":"Une gr\u00e8ve de Palestiniens travaillant en Isra\u00ebl r\u00e9v\u00e8le le manque total de confiance en l\u2019AP","datePublished":"2022-09-03T08:06:16+00:00","dateModified":"2022-09-03T08:06:18+00:00","mainEntityOfPage":{"@id":"https:\/\/charleroi-pourlapalestine.be\/index.php\/2022\/09\/03\/une-greve-de-palestiniens-travaillant-en-israel-revele-le-manque-total-de-confiance-en-lap\/"},"wordCount":1799,"publisher":{"@id":"https:\/\/charleroi-pourlapalestine.be\/#organization"},"image":{"@id":"https:\/\/charleroi-pourlapalestine.be\/index.php\/2022\/09\/03\/une-greve-de-palestiniens-travaillant-en-israel-revele-le-manque-total-de-confiance-en-lap\/#primaryimage"},"thumbnailUrl":"https:\/\/charleroi-pourlapalestine.be\/wp-content\/uploads\/2022\/09\/Greve-des-travailleurs-palestiniens-de-Tulkarem-e1662133018329.jpg","articleSection":["Autorit\u00e9 palestinienne","L'Etat colonial","Palestine","Travailleurs"],"inLanguage":"fr-FR"},{"@type":"WebPage","@id":"https:\/\/charleroi-pourlapalestine.be\/index.php\/2022\/09\/03\/une-greve-de-palestiniens-travaillant-en-israel-revele-le-manque-total-de-confiance-en-lap\/","url":"https:\/\/charleroi-pourlapalestine.be\/index.php\/2022\/09\/03\/une-greve-de-palestiniens-travaillant-en-israel-revele-le-manque-total-de-confiance-en-lap\/","name":"Une gr\u00e8ve de Palestiniens travaillant en Isra\u00ebl r\u00e9v\u00e8le le manque total de confiance en l\u2019AP","isPartOf":{"@id":"https:\/\/charleroi-pourlapalestine.be\/#website"},"primaryImageOfPage":{"@id":"https:\/\/charleroi-pourlapalestine.be\/index.php\/2022\/09\/03\/une-greve-de-palestiniens-travaillant-en-israel-revele-le-manque-total-de-confiance-en-lap\/#primaryimage"},"image":{"@id":"https:\/\/charleroi-pourlapalestine.be\/index.php\/2022\/09\/03\/une-greve-de-palestiniens-travaillant-en-israel-revele-le-manque-total-de-confiance-en-lap\/#primaryimage"},"thumbnailUrl":"https:\/\/charleroi-pourlapalestine.be\/wp-content\/uploads\/2022\/09\/Greve-des-travailleurs-palestiniens-de-Tulkarem-e1662133018329.jpg","datePublished":"2022-09-03T08:06:16+00:00","dateModified":"2022-09-03T08:06:18+00:00","description":"Les travailleurs craignent que les nouveaux r\u00e9gimes salariaux ne profitent \u00e0 une AP indigne de confiance et n\u2019accroissent encore la domination isra\u00e9lienne.","breadcrumb":{"@id":"https:\/\/charleroi-pourlapalestine.be\/index.php\/2022\/09\/03\/une-greve-de-palestiniens-travaillant-en-israel-revele-le-manque-total-de-confiance-en-lap\/#breadcrumb"},"inLanguage":"fr-FR","potentialAction":[{"@type":"ReadAction","target":["https:\/\/charleroi-pourlapalestine.be\/index.php\/2022\/09\/03\/une-greve-de-palestiniens-travaillant-en-israel-revele-le-manque-total-de-confiance-en-lap\/"]}]},{"@type":"ImageObject","inLanguage":"fr-FR","@id":"https:\/\/charleroi-pourlapalestine.be\/index.php\/2022\/09\/03\/une-greve-de-palestiniens-travaillant-en-israel-revele-le-manque-total-de-confiance-en-lap\/#primaryimage","url":"https:\/\/charleroi-pourlapalestine.be\/wp-content\/uploads\/2022\/09\/Greve-des-travailleurs-palestiniens-de-Tulkarem-e1662133018329.jpg","contentUrl":"https:\/\/charleroi-pourlapalestine.be\/wp-content\/uploads\/2022\/09\/Greve-des-travailleurs-palestiniens-de-Tulkarem-e1662133018329.jpg","width":478,"height":320},{"@type":"BreadcrumbList","@id":"https:\/\/charleroi-pourlapalestine.be\/index.php\/2022\/09\/03\/une-greve-de-palestiniens-travaillant-en-israel-revele-le-manque-total-de-confiance-en-lap\/#breadcrumb","itemListElement":[{"@type":"ListItem","position":1,"name":"Accueil","item":"https:\/\/charleroi-pourlapalestine.be\/"},{"@type":"ListItem","position":2,"name":"Une gr\u00e8ve de Palestiniens travaillant en Isra\u00ebl r\u00e9v\u00e8le le manque total de confiance en l\u2019AP"}]},{"@type":"WebSite","@id":"https:\/\/charleroi-pourlapalestine.be\/#website","url":"https:\/\/charleroi-pourlapalestine.be\/","name":"Charleroi Pour la Palestine","description":"","publisher":{"@id":"https:\/\/charleroi-pourlapalestine.be\/#organization"},"potentialAction":[{"@type":"SearchAction","target":{"@type":"EntryPoint","urlTemplate":"https:\/\/charleroi-pourlapalestine.be\/?s={search_term_string}"},"query-input":{"@type":"PropertyValueSpecification","valueRequired":true,"valueName":"search_term_string"}}],"inLanguage":"fr-FR"},{"@type":"Organization","@id":"https:\/\/charleroi-pourlapalestine.be\/#organization","name":"Plate-forme Charleroi-Palestine","url":"https:\/\/charleroi-pourlapalestine.be\/","logo":{"@type":"ImageObject","inLanguage":"fr-FR","@id":"https:\/\/charleroi-pourlapalestine.be\/#\/schema\/logo\/image\/","url":"https:\/\/charleroi-pourlapalestine.be\/wp-content\/uploads\/2020\/01\/logo-Copy.jpg","contentUrl":"https:\/\/charleroi-pourlapalestine.be\/wp-content\/uploads\/2020\/01\/logo-Copy.jpg","width":180,"height":180,"caption":"Plate-forme Charleroi-Palestine"},"image":{"@id":"https:\/\/charleroi-pourlapalestine.be\/#\/schema\/logo\/image\/"},"sameAs":["https:\/\/www.facebook.com\/PlateformeCharleroiPalestine\/","https:\/\/x.com\/LaCharleroi"]},{"@type":"Person","@id":"https:\/\/charleroi-pourlapalestine.be\/#\/schema\/person\/c19ff515112f1299d8c12671d8fe3faa","name":"admin1873","url":"https:\/\/charleroi-pourlapalestine.be\/index.php\/author\/admin1873\/"}]}},"_links":{"self":[{"href":"https:\/\/charleroi-pourlapalestine.be\/index.php\/wp-json\/wp\/v2\/posts\/43520","targetHints":{"allow":["GET"]}}],"collection":[{"href":"https:\/\/charleroi-pourlapalestine.be\/index.php\/wp-json\/wp\/v2\/posts"}],"about":[{"href":"https:\/\/charleroi-pourlapalestine.be\/index.php\/wp-json\/wp\/v2\/types\/post"}],"author":[{"embeddable":true,"href":"https:\/\/charleroi-pourlapalestine.be\/index.php\/wp-json\/wp\/v2\/users\/1"}],"replies":[{"embeddable":true,"href":"https:\/\/charleroi-pourlapalestine.be\/index.php\/wp-json\/wp\/v2\/comments?post=43520"}],"version-history":[{"count":0,"href":"https:\/\/charleroi-pourlapalestine.be\/index.php\/wp-json\/wp\/v2\/posts\/43520\/revisions"}],"wp:featuredmedia":[{"embeddable":true,"href":"https:\/\/charleroi-pourlapalestine.be\/index.php\/wp-json\/wp\/v2\/media\/43521"}],"wp:attachment":[{"href":"https:\/\/charleroi-pourlapalestine.be\/index.php\/wp-json\/wp\/v2\/media?parent=43520"}],"wp:term":[{"taxonomy":"category","embeddable":true,"href":"https:\/\/charleroi-pourlapalestine.be\/index.php\/wp-json\/wp\/v2\/categories?post=43520"},{"taxonomy":"post_tag","embeddable":true,"href":"https:\/\/charleroi-pourlapalestine.be\/index.php\/wp-json\/wp\/v2\/tags?post=43520"}],"curies":[{"name":"wp","href":"https:\/\/api.w.org\/{rel}","templated":true}]}}