{"id":43579,"date":"2022-09-04T11:44:57","date_gmt":"2022-09-04T09:44:57","guid":{"rendered":"https:\/\/charleroi-pourlapalestine.be\/?p=43579"},"modified":"2022-09-04T11:53:27","modified_gmt":"2022-09-04T09:53:27","slug":"un-important-diplomate-de-lue-reconnait-le-recours-a-deux-poids-et-deux-mesures-quand-il-est-question-de-la-palestine","status":"publish","type":"post","link":"https:\/\/charleroi-pourlapalestine.be\/index.php\/2022\/09\/04\/un-important-diplomate-de-lue-reconnait-le-recours-a-deux-poids-et-deux-mesures-quand-il-est-question-de-la-palestine\/","title":{"rendered":"Un important diplomate de l\u2019UE reconna\u00eet le recours \u00e0 deux poids et deux mesures quand il est question de la Palestine"},"content":{"rendered":"<p>Les deux poids et deux mesure<strong>s<\/strong> sautent aux yeux, m\u00eame de ceux qui travaillent \u00e0 l\u2019int\u00e9rieur des couloirs de Bruxelles.<\/p>\n<div id=\"attachment_43581\" style=\"width: 423px\" class=\"wp-caption aligncenter\"><img loading=\"lazy\" decoding=\"async\" aria-describedby=\"caption-attachment-43581\" class=\"wp-image-43581 size-full\" src=\"https:\/\/charleroi-pourlapalestine.be\/wp-content\/uploads\/2022\/09\/EU-diplomats-in-Tel-Aviv-e1662216240405.jpeg\" alt=\"Deux poids deux mesures : Le 24 ao\u00fbt, les diplomates de l\u2019UE \u00e0 Tel-Aviv se rassemblaient pour soutenir les Ukrainiens \u00ab dans leur combat pour la libert\u00e9 et la d\u00e9mocratie \u00bb, ce qu\u2019ils n\u2019ont jamais fait pour les Palestiniens vivant sous la dictature militaire brutale d\u2019Isra\u00ebl. (Photo : via Twitter)\" width=\"413\" height=\"320\" srcset=\"https:\/\/charleroi-pourlapalestine.be\/wp-content\/uploads\/2022\/09\/EU-diplomats-in-Tel-Aviv-e1662216240405.jpeg 413w, https:\/\/charleroi-pourlapalestine.be\/wp-content\/uploads\/2022\/09\/EU-diplomats-in-Tel-Aviv-e1662216240405-300x232.jpeg 300w\" sizes=\"auto, (max-width: 413px) 100vw, 413px\" \/><p id=\"caption-attachment-43581\" class=\"wp-caption-text\"><strong>Le 24 ao\u00fbt, les diplomates de l\u2019UE \u00e0 Tel-Aviv se rassemblaient pour soutenir les Ukrainiens \u00ab dans leur combat pour la libert\u00e9 et la d\u00e9mocratie \u00bb, ce qu\u2019ils n\u2019ont jamais fait pour les Palestiniens vivant sous la dictature militaire brutale d\u2019Isra\u00ebl.<\/strong> (Photo : via Twitter)<\/p><\/div>\n<p>&nbsp;<\/p>\n<p><a href=\"https:\/\/charleroi-pourlapalestine.be\/index.php\/tag\/ali-abunimah\/\"><strong>Ali Abunimah<\/strong><\/a>, 2 septembre 2022<\/p>\n<p>Personne ne devrait \u00eatre surpris de l\u2019adoration vou\u00e9e par l\u2019<strong>Union europ\u00e9enne<\/strong> \u00e0 Isra\u00ebl.<\/p>\n<p>Mais, au cas o\u00f9 d\u2019aucuns auraient des doutes, l\u2019envoy\u00e9 r\u00e9gional du bloc r\u00e9gional dans la gestion du <em>\u00ab processus de paix<\/em> \u00bb, <strong>Sven Koopmans<\/strong>, a d\u00e9cid\u00e9 de le faire savoir clairement dans une tribune publi\u00e9e vendredi dans <em>Haaretz<\/em>.<\/p>\n<p>Chaque phrase ou presque d\u00e9gouline de fiert\u00e9 et de d\u00e9f\u00e9rence \u00e0 l\u2019\u00e9gard du r\u00e9gime d\u2019apartheid \u2013 mais, naturellement, <strong>Koopmans<\/strong> n\u2019utilise jamais ce mot en <em>\u00ab a \u00bb.<\/em><\/p>\n<blockquote><p>\u00ab En tant que voisins, amis historiques et principaux partenaires commerciaux d\u2019Isra\u00ebl jouissant d\u2019une excellente coop\u00e9ration en technologie, en \u00e9ducation et bien plus encore, nous sommes prudents \u00bb,<\/p><\/blockquote>\n<p>explique Koopmans.<\/p>\n<blockquote><p>\u00ab Les Europ\u00e9ens comprennent les pr\u00e9occupations s\u00e9curitaires d\u2019Isra\u00ebl. L\u2019Union europ\u00e9enne soutient fermement le droit d\u2019Isra\u00ebl \u00e0 combattre le terrorisme, dans tout le respect de ses obligations internationales concernant les droits humains. \u00bb<\/p><\/blockquote>\n<p>Voil\u00e0 bien <strong>une licence autorisant Isra\u00ebl \u00e0 tuer librement des Palestiniens<\/strong> \u2013 puisque l\u2019UE n\u2019a jamais impos\u00e9 \u00e0 Isra\u00ebl ses obligations envers le moindre droit humain international. En m\u00eame temps, Koopmans <strong>ne reconna\u00eet jamais aux Palestiniens le droit de r\u00e9sister \u00e0 l\u2019occupation et \u00e0 la colonisation.<\/strong><\/p>\n<blockquote><p>\u00ab Nous avons un agenda positif : Nous ne cherchons pas \u00e0 critiquer ; nous voulons aider \u00bb,<\/p><\/blockquote>\n<p>ajoute-t-il, comme s\u2019il s\u2019adressait \u00e0 un adolescent cabochard et non \u00e0 des criminels de guerre aux c\u0153urs froids qui dirigent un r\u00e9gime colonial de peuplement des plus brutaux.<\/p>\n<p>Il y a toutefois une indication tr\u00e8s l\u00e9g\u00e8re que quelque chose trouble l\u2019histoire d\u2019amour entre l\u2019Europe et Tel-Aviv :<\/p>\n<blockquote><p>\u00ab Pourtant, le conflit isra\u00e9lo-arabe et l\u2019occupation de la terre palestinienne limitent toujours notre potentiel \u00bb,<\/p><\/blockquote>\n<p>admet Koopmans.<\/p>\n<blockquote><p>\u00ab L\u2019UE entend contribuer \u00e0 d\u00e9gager ce fardeau. Et c\u2019est ainsi qu\u2019il nous faut faire face \u00e0 certaines questions concr\u00e8tes. \u00bb<\/p><\/blockquote>\n<p>Le <em>\u00ab fardeau \u00bb<\/em> qu\u2019il souhaite d\u00e9gager ne p\u00e8se pas tant sur les \u00e9paules des Palestiniens que sur celles d\u2019Isra\u00ebl et de l\u2019UE.<\/p>\n<h3><strong>Une <em>\u00ab situation \u00bb<\/em> myst\u00e9rieuse<\/strong><\/h3>\n<p>Ce qui suit est une version de l\u2019habituelle<strong> absurdit\u00e9 sioniste lib\u00e9rale<\/strong> pr\u00e9tendant que<strong> la <em>\u00ab paix \u00bb<\/em> et la fin de l\u2019occupation<\/strong> sont en tout premier lieu excellentes pour Isra\u00ebl et son \u00e2me pr\u00e9cieuse, et que, de m\u00eame, elles pourraient \u00eatre tout aussi bonnes pour les Palestiniens.<\/p>\n<p>Koopmans reconna\u00eet que les Palestiniens souffrent, mais il les assimile \u00e0 leurs oppresseurs et<strong> nulle part il ne tient Isra\u00ebl responsable des souffrances qui leur sont inflig\u00e9es.<\/strong><\/p>\n<blockquote><p>\u00ab Nous voyons des tensions dans toute la Terre sainte, des attentats terroristes dans les villes isra\u00e9liennes, le d\u00e9sespoir et la mort \u00e0 Gaza, des tueries en Cisjordanie, la violence des colons et un monde occidental de plus en plus critique \u00e0 l\u2019\u00e9gard <strong>d\u2019une situation<\/strong> qui maintient des millions de Palestiniens, avec de moins en moins de terre, sous une occupation apparemment sans fin \u00bb,<\/p><\/blockquote>\n<p>dit-il.<\/p>\n<p>Apparemment, ce n\u2019est pas Isra\u00ebl qui maintient des millions de Palestiniens sous occupation et sans droits, mais l\u2019une ou l\u2019autre \u00ab<em> situation<\/em> \u00bb mystique.<\/p>\n<p><strong>Koopmans<\/strong> contourne en fait la fa\u00e7on dont la plupart du monde \u2013 le <em>\u00ab monde occidental \u00bb<\/em> constituant les derniers venus \u2013 comprend qu\u2019Isra\u00ebl est un <strong>r\u00e9gime colonial de peuplement qui perp\u00e8tre le crime contre l\u2019humanit\u00e9 qu\u2019est l\u2019apartheid.<\/strong><\/p>\n<p>Ainsi donc, <strong>quelle est la solution avec laquelle Koopmans d\u00e9barque ?<\/strong> Est-ce r\u00e9clamer l\u2019application des innombrables r\u00e9solutions de l\u2019<strong>ONU<\/strong> sans laquelle Isra\u00ebl se cantonne dans un violent m\u00e9pris des lois internationales ? Est-ce imposer des amendes \u00e0 Isra\u00ebl parce qu\u2019il refuse de s\u2019ex\u00e9cuter ?<\/p>\n<p>Est-ce la d\u00e9fense et le maintien des droits de tous les Palestiniens, particuli\u00e8rement<strong> les r\u00e9fugi\u00e9s<\/strong> \u00e0 qui Isra\u00ebl interdit le retour chez eux uniquement parce qu\u2019ils ne sont pas juifs ? En fait, <strong>Koopmans ne mentionne pas du tout les lois internationales.<\/strong><\/p>\n<p>Au lieu de cela, il insiste en disant que<\/p>\n<blockquote><p>\u00ab ceux qui sont de bonne volont\u00e9 ont besoin de collaborer afin d\u2019envisager une paix compl\u00e8te comprenant les Isra\u00e9liens, les Palestiniens et, en fait, la r\u00e9gion tout enti\u00e8re \u00bb.<\/p><\/blockquote>\n<p>Ce avec quoi il se pr\u00e9sente n\u2019est autre que le jargon d\u2019un consultant en management ou, peut-\u00eatre, d\u2019un gourou de l\u2019auto-assistance :<\/p>\n<blockquote><p>\u00ab En effet, inversons la conception de la solution. Plut\u00f4t que de dessiner une autre carte routi\u00e8re, commen\u00e7ons ensemble par pr\u00e9parer la destination \u2013 m\u00eame quand ses parties essentielles ne peuvent \u00eatre identifi\u00e9es que par des Isra\u00e9liens et des Palestiniens, et sans doute uniquement lorsqu\u2019eux-m\u00eames y seront presque arriv\u00e9s. \u00bb<\/p><\/blockquote>\n<p>Pardon ?<\/p>\n<p>Ce qui transpara\u00eet l\u00e0-dedans, c\u2019est ceci :<strong> Quand il s\u2019agit d\u2019Isra\u00ebl, les lois internationales ne comptent pas.<\/strong> Nous pouvons les jeter toutes par la fen\u00eatre et traiter le bourreau et la victime en \u00e9gaux et m\u00eame en actionnaires \u00e9gaux. <strong>L\u2019agneau doit <em>\u00ab n\u00e9gocier \u00bb<\/em> avec le loup et le mulot avec le faucon.<\/strong><\/p>\n<p>Naturellement, ce <em>n\u2019<\/em>est <em>pas<\/em> l\u2019approche qu\u2019a choisie<strong> l\u2019UE envers l\u2019invasion russe de l\u2019Ukraine<\/strong> \u2013 que les responsables de Bruxelles d\u00e9noncent \u00e0 chaque occasion. En m\u00eame temps que <strong>ses ma\u00eetres \u00e0 Washington, l\u2019UE a impos\u00e9 des sanctions sans pr\u00e9c\u00e9dent<\/strong> visant \u2013 sans succ\u00e8s jusqu\u2019\u00e0 pr\u00e9sent \u2013 \u00e0 \u00e9craser l\u2019\u00e9conomie russe. Et ils acheminent des combattants et des milliards de dollars en armes afin d\u2019aider les Ukrainiens \u00e0 riposter.<\/p>\n<h3><strong><br \/>\nLe lavage de mains<\/strong><\/h3>\n<p>Les <strong>deux poids et deux mesures<\/strong> sautent aux yeux, m\u00eame de ceux qui travaillent \u00e0 l\u2019int\u00e9rieur des couloirs de Bruxelles.<\/p>\n<p>Le mois dernier, <strong>Josep Borrell<\/strong>, le <strong>chef de la politique \u00e9trang\u00e8re de l\u2019UE<\/strong> \u2013 et donc <strong>le patron de Koopmans<\/strong> \u2013 a admis ce qui suit dans une interview donn\u00e9e \u00e0 <em>El Pa\u00eds<\/em>.<\/p>\n<blockquote><p>\u00ab Au contraire de l\u2019Ukraine, l\u2019UE a \u00e9t\u00e9 bien moins affirmative avec le conflit de Gaza \u00bb,<\/p><\/blockquote>\n<p>a fait dire le journal espagnol au chef de la diplomatie europ\u00e9enne.<\/p>\n<blockquote><p>\u00ab R\u00e9soudre la situation des gens pi\u00e9g\u00e9s dans cette prison \u00e0 ciel ouvert qu\u2019est Gaza n\u2019est pas du ressort de l\u2019UE. C\u2019est une situation scandaleuse, une honte, mais il n\u2019est pas de notre ressort de la r\u00e9soudre \u00bb,<\/p><\/blockquote>\n<p>a r\u00e9pondu<strong> Borrell,<\/strong> reconnaissant l\u2019horreur \u00e0 laquelle les amis isra\u00e9liens de l\u2019UE soumettent les Palestiniens et, dans le m\u00eame temps, <strong>absolvant<\/strong> l\u2019Europe de toute responsabilit\u00e9 dans cette situation.<\/p>\n<p>Comme s\u2019il n\u2019\u00e9tait qu\u2019un simple badaud, Borrell se tord les mains en disant que<\/p>\n<blockquote><p>\u00ab la communaut\u00e9 internationale devrait trouver une solution pour la foule en surnombre priv\u00e9e d\u2019\u00e9lectricit\u00e9 et presque d\u00e9munie d\u2019eau potable \u00bb.<\/p>\n<p>\u00ab On nous critique souvent de nous servir de deux poids et deux mesures \u00bb,<\/p><\/blockquote>\n<p>ajoute Borrell.<\/p>\n<blockquote><p>\u00ab Mais la politique internationale consiste largement en l\u2019administration de deux poids et deux mesures. Nous n\u2019affrontons pas tous les probl\u00e8mes avec les m\u00eames crit\u00e8res. \u00bb<\/p><\/blockquote>\n<p>Pour faire pire encore, voici la chute de la plaisanterie d\u2019un diplomate :<\/p>\n<blockquote><p>\u00ab Il n\u2019y a pas de solution au conflit du Moyen-Orient sans un engagement tr\u00e8s solide de la part des \u00c9tats-Unis. \u00bb<\/p><\/blockquote>\n<p><strong>Borrell admet que l\u2019UE ne peut que suivre les ordres de Washington<\/strong> et qu\u2019elle n\u2019a pas \u2013 ou ne veut pas faire valoir \u2013 la moindre libert\u00e9 d\u2019action. Si c\u2019\u00e9tait le cas, pourquoi quelqu\u2019un devrait-il la prendre ou accepter l\u2019invitation de Koopmans afin de parler s\u00e9rieusement de la \u00ab<em> paix \u00bb<\/em> ?<\/p>\n<p>https:\/\/twitter.com\/EUSR_Koopmans\/status\/1565424992032116736?ref_src=twsrc%5Etfw%7Ctwcamp%5Etweetembed%7Ctwterm%5E1565424992032116736%7Ctwgr%5E2200b4ef9ea9a0755d3ded257060ce95abd8a937%7Ctwcon%5Es1_&#038;ref_url=https%3A%2F%2Felectronicintifada.net%2Fblogs%2Fali-abunimah%2Ftop-eu-diplomat-admits-double-standards-palestine<\/p>\n<p>Quant \u00e0 Koopmans, dans un tweet promouvant son article dans <em>Haaretz<\/em>, il affirme que<\/p>\n<blockquote><p>\u00ab l\u2019UE est une proche amie d\u2019Isra\u00ebl, ainsi que des Palestiniens \u00bb.<\/p><\/blockquote>\n<p>La premi\u00e8re moiti\u00e9 de cette phrase est sans aucun doute vraie. Mais <strong>Koopmans et ses complices \u00e0 Bruxelles ne sont pas les amis du peuple palestinien.<\/strong><\/p>\n<p>Des<em> \u00ab amis \u00bb<\/em> n\u2019arment pas, n\u2019aident pas ni n\u2019encouragent un r\u00e9gime d\u2019occupation, de colonialisme de peuplement et d\u2019apartheid pour vous assassiner et voler votre terre.<\/p>\n<p>Le mot exact qui d\u00e9finit de telles personnes, c\u2019est <em>\u00ab ennemis \u00bb<\/em>.<\/p>\n<p style=\"text-align: center;\">\u00b0\u00b0\u00b0\u00b0\u00b0<\/p>\n<p><a href=\"https:\/\/charleroi-pourlapalestine.be\/index.php\/tag\/ali-abunimah\/\"><strong><img loading=\"lazy\" decoding=\"async\" class=\"alignleft wp-image-2800 size-thumbnail\" src=\"https:\/\/charleroi-pourlapalestine.be\/wp-content\/uploads\/2020\/01\/Ali-Abunimah-Copy-150x150.jpg\" sizes=\"auto, (max-width: 150px) 100vw, 150px\" srcset=\"https:\/\/charleroi-pourlapalestine.be\/wp-content\/uploads\/2020\/01\/Ali-Abunimah-Copy-150x150.jpg 150w, https:\/\/charleroi-pourlapalestine.be\/wp-content\/uploads\/2020\/01\/Ali-Abunimah-Copy-160x160.jpg 160w\" alt=\"\" width=\"150\" height=\"150\">Ali Abunimah,<\/strong> <\/a>cofondateur et directeur ex\u00e9cutif de <a href=\"https:\/\/electronicintifada.net\/blogs\/ali-abunimah\/israel-arrests-bds-coordinator-night-raid\" target=\"_blank\" rel=\"noopener noreferrer\"><em>The Electronic Intifada<\/em><\/a>, est l\u2019auteur de <em>The Battle for Justice in Palestine<\/em>, paru chez Haymarket Books.<\/p>\n<div class=\"pf-content\">\n<p>Il a aussi \u00e9crit : <em>One Country : A Bold Proposal to end the Israeli-Palestinian Impasse<\/em><\/p>\n<p>&nbsp;&nbsp;&nbsp;&nbsp;&nbsp;&nbsp;&nbsp;&nbsp;&nbsp;&nbsp;&nbsp;&nbsp;&nbsp;&nbsp;&nbsp;&nbsp;&nbsp;&nbsp;&nbsp;&nbsp;&nbsp;&nbsp;&nbsp;&nbsp;&nbsp;&nbsp;&nbsp;&nbsp;&nbsp;&nbsp;&nbsp;&nbsp;&nbsp;&nbsp;&nbsp;&nbsp;&nbsp;&nbsp;&nbsp; \u00b0\u00b0\u00b0\u00b0\u00b0<\/p>\n<p>Publi\u00e9 le 2 septembre 2022 sur <a href=\"https:\/\/electronicintifada.net\/blogs\/ali-abunimah\/top-eu-diplomat-admits-double-standards-palestine\" target=\"_blank\" rel=\"noopener\">The Electronic Intifada<\/a><strong><br \/>\n<\/strong>Traduction : Jean-Marie Fl\u00e9mal,<a href=\"https:\/\/charleroi-pourlapalestine.be\/\"> Charleroi<\/a><a href=\"https:\/\/charleroi-pourlapalestine.be\/\"> p<\/a><a href=\"https:\/\/charleroi-pourlapalestine.be\/\">our<\/a><a href=\"https:\/\/charleroi-pourlapalestine.be\/\"> la Palestine<\/a><\/p>\n<\/div>\n","protected":false},"excerpt":{"rendered":"<p>Josep Borrell, le chef de la politique \u00e9trang\u00e8re de l\u2019UE : \u00ab Nous n\u2019affrontons pas tous les probl\u00e8mes avec les m\u00eames crit\u00e8res. \u00bb<\/p>\n","protected":false},"author":1,"featured_media":43581,"comment_status":"closed","ping_status":"closed","sticky":false,"template":"","format":"standard","meta":{"ngg_post_thumbnail":0,"footnotes":""},"categories":[817,52,140,459,185],"tags":[],"class_list":["post-43579","post","type-post","status-publish","format-standard","has-post-thumbnail","hentry","category-colonialisme-de-peuplement","category-la-cour-penale-internationale","category-letat-colonial","category-ukraine","category-union-europeenne"],"yoast_head":"<!-- This site is optimized with the Yoast SEO plugin v27.3 - https:\/\/yoast.com\/product\/yoast-seo-wordpress\/ -->\n<title>Un important diplomate de l\u2019UE reconna\u00eet le recours \u00e0 deux poids et deux mesures quand il est question de la Palestine<\/title>\n<meta name=\"description\" content=\"Les deux poids et deux mesures sautent aux yeux, m\u00eame de ceux qui travaillent \u00e0 l\u2019int\u00e9rieur des couloirs de Bruxelles.\" \/>\n<meta name=\"robots\" content=\"index, follow, max-snippet:-1, max-image-preview:large, max-video-preview:-1\" \/>\n<link rel=\"canonical\" href=\"https:\/\/charleroi-pourlapalestine.be\/index.php\/2022\/09\/04\/un-important-diplomate-de-lue-reconnait-le-recours-a-deux-poids-et-deux-mesures-quand-il-est-question-de-la-palestine\/\" \/>\n<script type=\"application\/ld+json\" class=\"yoast-schema-graph\">{\"@context\":\"https:\\\/\\\/schema.org\",\"@graph\":[{\"@type\":\"Article\",\"@id\":\"https:\\\/\\\/charleroi-pourlapalestine.be\\\/index.php\\\/2022\\\/09\\\/04\\\/un-important-diplomate-de-lue-reconnait-le-recours-a-deux-poids-et-deux-mesures-quand-il-est-question-de-la-palestine\\\/#article\",\"isPartOf\":{\"@id\":\"https:\\\/\\\/charleroi-pourlapalestine.be\\\/index.php\\\/2022\\\/09\\\/04\\\/un-important-diplomate-de-lue-reconnait-le-recours-a-deux-poids-et-deux-mesures-quand-il-est-question-de-la-palestine\\\/\"},\"author\":{\"name\":\"admin1873\",\"@id\":\"https:\\\/\\\/charleroi-pourlapalestine.be\\\/#\\\/schema\\\/person\\\/c19ff515112f1299d8c12671d8fe3faa\"},\"headline\":\"Un important diplomate de l\u2019UE reconna\u00eet le recours \u00e0 deux poids et deux mesures quand il est question de la Palestine\",\"datePublished\":\"2022-09-04T09:44:57+00:00\",\"dateModified\":\"2022-09-04T09:53:27+00:00\",\"mainEntityOfPage\":{\"@id\":\"https:\\\/\\\/charleroi-pourlapalestine.be\\\/index.php\\\/2022\\\/09\\\/04\\\/un-important-diplomate-de-lue-reconnait-le-recours-a-deux-poids-et-deux-mesures-quand-il-est-question-de-la-palestine\\\/\"},\"wordCount\":1589,\"publisher\":{\"@id\":\"https:\\\/\\\/charleroi-pourlapalestine.be\\\/#organization\"},\"image\":{\"@id\":\"https:\\\/\\\/charleroi-pourlapalestine.be\\\/index.php\\\/2022\\\/09\\\/04\\\/un-important-diplomate-de-lue-reconnait-le-recours-a-deux-poids-et-deux-mesures-quand-il-est-question-de-la-palestine\\\/#primaryimage\"},\"thumbnailUrl\":\"https:\\\/\\\/charleroi-pourlapalestine.be\\\/wp-content\\\/uploads\\\/2022\\\/09\\\/EU-diplomats-in-Tel-Aviv-e1662216240405.jpeg\",\"articleSection\":[\"colonialisme de peuplement\",\"Etats-Unis\",\"L'Etat colonial\",\"Ukraine\",\"Union europ\u00e9enne\"],\"inLanguage\":\"fr-FR\"},{\"@type\":\"WebPage\",\"@id\":\"https:\\\/\\\/charleroi-pourlapalestine.be\\\/index.php\\\/2022\\\/09\\\/04\\\/un-important-diplomate-de-lue-reconnait-le-recours-a-deux-poids-et-deux-mesures-quand-il-est-question-de-la-palestine\\\/\",\"url\":\"https:\\\/\\\/charleroi-pourlapalestine.be\\\/index.php\\\/2022\\\/09\\\/04\\\/un-important-diplomate-de-lue-reconnait-le-recours-a-deux-poids-et-deux-mesures-quand-il-est-question-de-la-palestine\\\/\",\"name\":\"Un important diplomate de l\u2019UE reconna\u00eet le recours \u00e0 deux poids et deux mesures quand il est question de la Palestine\",\"isPartOf\":{\"@id\":\"https:\\\/\\\/charleroi-pourlapalestine.be\\\/#website\"},\"primaryImageOfPage\":{\"@id\":\"https:\\\/\\\/charleroi-pourlapalestine.be\\\/index.php\\\/2022\\\/09\\\/04\\\/un-important-diplomate-de-lue-reconnait-le-recours-a-deux-poids-et-deux-mesures-quand-il-est-question-de-la-palestine\\\/#primaryimage\"},\"image\":{\"@id\":\"https:\\\/\\\/charleroi-pourlapalestine.be\\\/index.php\\\/2022\\\/09\\\/04\\\/un-important-diplomate-de-lue-reconnait-le-recours-a-deux-poids-et-deux-mesures-quand-il-est-question-de-la-palestine\\\/#primaryimage\"},\"thumbnailUrl\":\"https:\\\/\\\/charleroi-pourlapalestine.be\\\/wp-content\\\/uploads\\\/2022\\\/09\\\/EU-diplomats-in-Tel-Aviv-e1662216240405.jpeg\",\"datePublished\":\"2022-09-04T09:44:57+00:00\",\"dateModified\":\"2022-09-04T09:53:27+00:00\",\"description\":\"Les deux poids et deux mesures sautent aux yeux, m\u00eame de ceux qui travaillent \u00e0 l\u2019int\u00e9rieur des couloirs de Bruxelles.\",\"breadcrumb\":{\"@id\":\"https:\\\/\\\/charleroi-pourlapalestine.be\\\/index.php\\\/2022\\\/09\\\/04\\\/un-important-diplomate-de-lue-reconnait-le-recours-a-deux-poids-et-deux-mesures-quand-il-est-question-de-la-palestine\\\/#breadcrumb\"},\"inLanguage\":\"fr-FR\",\"potentialAction\":[{\"@type\":\"ReadAction\",\"target\":[\"https:\\\/\\\/charleroi-pourlapalestine.be\\\/index.php\\\/2022\\\/09\\\/04\\\/un-important-diplomate-de-lue-reconnait-le-recours-a-deux-poids-et-deux-mesures-quand-il-est-question-de-la-palestine\\\/\"]}]},{\"@type\":\"ImageObject\",\"inLanguage\":\"fr-FR\",\"@id\":\"https:\\\/\\\/charleroi-pourlapalestine.be\\\/index.php\\\/2022\\\/09\\\/04\\\/un-important-diplomate-de-lue-reconnait-le-recours-a-deux-poids-et-deux-mesures-quand-il-est-question-de-la-palestine\\\/#primaryimage\",\"url\":\"https:\\\/\\\/charleroi-pourlapalestine.be\\\/wp-content\\\/uploads\\\/2022\\\/09\\\/EU-diplomats-in-Tel-Aviv-e1662216240405.jpeg\",\"contentUrl\":\"https:\\\/\\\/charleroi-pourlapalestine.be\\\/wp-content\\\/uploads\\\/2022\\\/09\\\/EU-diplomats-in-Tel-Aviv-e1662216240405.jpeg\",\"width\":413,\"height\":320},{\"@type\":\"BreadcrumbList\",\"@id\":\"https:\\\/\\\/charleroi-pourlapalestine.be\\\/index.php\\\/2022\\\/09\\\/04\\\/un-important-diplomate-de-lue-reconnait-le-recours-a-deux-poids-et-deux-mesures-quand-il-est-question-de-la-palestine\\\/#breadcrumb\",\"itemListElement\":[{\"@type\":\"ListItem\",\"position\":1,\"name\":\"Accueil\",\"item\":\"https:\\\/\\\/charleroi-pourlapalestine.be\\\/\"},{\"@type\":\"ListItem\",\"position\":2,\"name\":\"Un important diplomate de l\u2019UE reconna\u00eet le recours \u00e0 deux poids et deux mesures quand il est question de la Palestine\"}]},{\"@type\":\"WebSite\",\"@id\":\"https:\\\/\\\/charleroi-pourlapalestine.be\\\/#website\",\"url\":\"https:\\\/\\\/charleroi-pourlapalestine.be\\\/\",\"name\":\"Charleroi Pour la Palestine\",\"description\":\"\",\"publisher\":{\"@id\":\"https:\\\/\\\/charleroi-pourlapalestine.be\\\/#organization\"},\"potentialAction\":[{\"@type\":\"SearchAction\",\"target\":{\"@type\":\"EntryPoint\",\"urlTemplate\":\"https:\\\/\\\/charleroi-pourlapalestine.be\\\/?s={search_term_string}\"},\"query-input\":{\"@type\":\"PropertyValueSpecification\",\"valueRequired\":true,\"valueName\":\"search_term_string\"}}],\"inLanguage\":\"fr-FR\"},{\"@type\":\"Organization\",\"@id\":\"https:\\\/\\\/charleroi-pourlapalestine.be\\\/#organization\",\"name\":\"Plate-forme Charleroi-Palestine\",\"url\":\"https:\\\/\\\/charleroi-pourlapalestine.be\\\/\",\"logo\":{\"@type\":\"ImageObject\",\"inLanguage\":\"fr-FR\",\"@id\":\"https:\\\/\\\/charleroi-pourlapalestine.be\\\/#\\\/schema\\\/logo\\\/image\\\/\",\"url\":\"https:\\\/\\\/charleroi-pourlapalestine.be\\\/wp-content\\\/uploads\\\/2020\\\/01\\\/logo-Copy.jpg\",\"contentUrl\":\"https:\\\/\\\/charleroi-pourlapalestine.be\\\/wp-content\\\/uploads\\\/2020\\\/01\\\/logo-Copy.jpg\",\"width\":180,\"height\":180,\"caption\":\"Plate-forme Charleroi-Palestine\"},\"image\":{\"@id\":\"https:\\\/\\\/charleroi-pourlapalestine.be\\\/#\\\/schema\\\/logo\\\/image\\\/\"},\"sameAs\":[\"https:\\\/\\\/www.facebook.com\\\/PlateformeCharleroiPalestine\\\/\",\"https:\\\/\\\/x.com\\\/LaCharleroi\"]},{\"@type\":\"Person\",\"@id\":\"https:\\\/\\\/charleroi-pourlapalestine.be\\\/#\\\/schema\\\/person\\\/c19ff515112f1299d8c12671d8fe3faa\",\"name\":\"admin1873\",\"url\":\"https:\\\/\\\/charleroi-pourlapalestine.be\\\/index.php\\\/author\\\/admin1873\\\/\"}]}<\/script>\n<!-- \/ Yoast SEO plugin. -->","yoast_head_json":{"title":"Un important diplomate de l\u2019UE reconna\u00eet le recours \u00e0 deux poids et deux mesures quand il est question de la Palestine","description":"Les deux poids et deux mesures sautent aux yeux, m\u00eame de ceux qui travaillent \u00e0 l\u2019int\u00e9rieur des couloirs de Bruxelles.","robots":{"index":"index","follow":"follow","max-snippet":"max-snippet:-1","max-image-preview":"max-image-preview:large","max-video-preview":"max-video-preview:-1"},"canonical":"https:\/\/charleroi-pourlapalestine.be\/index.php\/2022\/09\/04\/un-important-diplomate-de-lue-reconnait-le-recours-a-deux-poids-et-deux-mesures-quand-il-est-question-de-la-palestine\/","schema":{"@context":"https:\/\/schema.org","@graph":[{"@type":"Article","@id":"https:\/\/charleroi-pourlapalestine.be\/index.php\/2022\/09\/04\/un-important-diplomate-de-lue-reconnait-le-recours-a-deux-poids-et-deux-mesures-quand-il-est-question-de-la-palestine\/#article","isPartOf":{"@id":"https:\/\/charleroi-pourlapalestine.be\/index.php\/2022\/09\/04\/un-important-diplomate-de-lue-reconnait-le-recours-a-deux-poids-et-deux-mesures-quand-il-est-question-de-la-palestine\/"},"author":{"name":"admin1873","@id":"https:\/\/charleroi-pourlapalestine.be\/#\/schema\/person\/c19ff515112f1299d8c12671d8fe3faa"},"headline":"Un important diplomate de l\u2019UE reconna\u00eet le recours \u00e0 deux poids et deux mesures quand il est question de la Palestine","datePublished":"2022-09-04T09:44:57+00:00","dateModified":"2022-09-04T09:53:27+00:00","mainEntityOfPage":{"@id":"https:\/\/charleroi-pourlapalestine.be\/index.php\/2022\/09\/04\/un-important-diplomate-de-lue-reconnait-le-recours-a-deux-poids-et-deux-mesures-quand-il-est-question-de-la-palestine\/"},"wordCount":1589,"publisher":{"@id":"https:\/\/charleroi-pourlapalestine.be\/#organization"},"image":{"@id":"https:\/\/charleroi-pourlapalestine.be\/index.php\/2022\/09\/04\/un-important-diplomate-de-lue-reconnait-le-recours-a-deux-poids-et-deux-mesures-quand-il-est-question-de-la-palestine\/#primaryimage"},"thumbnailUrl":"https:\/\/charleroi-pourlapalestine.be\/wp-content\/uploads\/2022\/09\/EU-diplomats-in-Tel-Aviv-e1662216240405.jpeg","articleSection":["colonialisme de peuplement","Etats-Unis","L'Etat colonial","Ukraine","Union europ\u00e9enne"],"inLanguage":"fr-FR"},{"@type":"WebPage","@id":"https:\/\/charleroi-pourlapalestine.be\/index.php\/2022\/09\/04\/un-important-diplomate-de-lue-reconnait-le-recours-a-deux-poids-et-deux-mesures-quand-il-est-question-de-la-palestine\/","url":"https:\/\/charleroi-pourlapalestine.be\/index.php\/2022\/09\/04\/un-important-diplomate-de-lue-reconnait-le-recours-a-deux-poids-et-deux-mesures-quand-il-est-question-de-la-palestine\/","name":"Un important diplomate de l\u2019UE reconna\u00eet le recours \u00e0 deux poids et deux mesures quand il est question de la Palestine","isPartOf":{"@id":"https:\/\/charleroi-pourlapalestine.be\/#website"},"primaryImageOfPage":{"@id":"https:\/\/charleroi-pourlapalestine.be\/index.php\/2022\/09\/04\/un-important-diplomate-de-lue-reconnait-le-recours-a-deux-poids-et-deux-mesures-quand-il-est-question-de-la-palestine\/#primaryimage"},"image":{"@id":"https:\/\/charleroi-pourlapalestine.be\/index.php\/2022\/09\/04\/un-important-diplomate-de-lue-reconnait-le-recours-a-deux-poids-et-deux-mesures-quand-il-est-question-de-la-palestine\/#primaryimage"},"thumbnailUrl":"https:\/\/charleroi-pourlapalestine.be\/wp-content\/uploads\/2022\/09\/EU-diplomats-in-Tel-Aviv-e1662216240405.jpeg","datePublished":"2022-09-04T09:44:57+00:00","dateModified":"2022-09-04T09:53:27+00:00","description":"Les deux poids et deux mesures sautent aux yeux, m\u00eame de ceux qui travaillent \u00e0 l\u2019int\u00e9rieur des couloirs de Bruxelles.","breadcrumb":{"@id":"https:\/\/charleroi-pourlapalestine.be\/index.php\/2022\/09\/04\/un-important-diplomate-de-lue-reconnait-le-recours-a-deux-poids-et-deux-mesures-quand-il-est-question-de-la-palestine\/#breadcrumb"},"inLanguage":"fr-FR","potentialAction":[{"@type":"ReadAction","target":["https:\/\/charleroi-pourlapalestine.be\/index.php\/2022\/09\/04\/un-important-diplomate-de-lue-reconnait-le-recours-a-deux-poids-et-deux-mesures-quand-il-est-question-de-la-palestine\/"]}]},{"@type":"ImageObject","inLanguage":"fr-FR","@id":"https:\/\/charleroi-pourlapalestine.be\/index.php\/2022\/09\/04\/un-important-diplomate-de-lue-reconnait-le-recours-a-deux-poids-et-deux-mesures-quand-il-est-question-de-la-palestine\/#primaryimage","url":"https:\/\/charleroi-pourlapalestine.be\/wp-content\/uploads\/2022\/09\/EU-diplomats-in-Tel-Aviv-e1662216240405.jpeg","contentUrl":"https:\/\/charleroi-pourlapalestine.be\/wp-content\/uploads\/2022\/09\/EU-diplomats-in-Tel-Aviv-e1662216240405.jpeg","width":413,"height":320},{"@type":"BreadcrumbList","@id":"https:\/\/charleroi-pourlapalestine.be\/index.php\/2022\/09\/04\/un-important-diplomate-de-lue-reconnait-le-recours-a-deux-poids-et-deux-mesures-quand-il-est-question-de-la-palestine\/#breadcrumb","itemListElement":[{"@type":"ListItem","position":1,"name":"Accueil","item":"https:\/\/charleroi-pourlapalestine.be\/"},{"@type":"ListItem","position":2,"name":"Un important diplomate de l\u2019UE reconna\u00eet le recours \u00e0 deux poids et deux mesures quand il est question de la Palestine"}]},{"@type":"WebSite","@id":"https:\/\/charleroi-pourlapalestine.be\/#website","url":"https:\/\/charleroi-pourlapalestine.be\/","name":"Charleroi Pour la Palestine","description":"","publisher":{"@id":"https:\/\/charleroi-pourlapalestine.be\/#organization"},"potentialAction":[{"@type":"SearchAction","target":{"@type":"EntryPoint","urlTemplate":"https:\/\/charleroi-pourlapalestine.be\/?s={search_term_string}"},"query-input":{"@type":"PropertyValueSpecification","valueRequired":true,"valueName":"search_term_string"}}],"inLanguage":"fr-FR"},{"@type":"Organization","@id":"https:\/\/charleroi-pourlapalestine.be\/#organization","name":"Plate-forme Charleroi-Palestine","url":"https:\/\/charleroi-pourlapalestine.be\/","logo":{"@type":"ImageObject","inLanguage":"fr-FR","@id":"https:\/\/charleroi-pourlapalestine.be\/#\/schema\/logo\/image\/","url":"https:\/\/charleroi-pourlapalestine.be\/wp-content\/uploads\/2020\/01\/logo-Copy.jpg","contentUrl":"https:\/\/charleroi-pourlapalestine.be\/wp-content\/uploads\/2020\/01\/logo-Copy.jpg","width":180,"height":180,"caption":"Plate-forme Charleroi-Palestine"},"image":{"@id":"https:\/\/charleroi-pourlapalestine.be\/#\/schema\/logo\/image\/"},"sameAs":["https:\/\/www.facebook.com\/PlateformeCharleroiPalestine\/","https:\/\/x.com\/LaCharleroi"]},{"@type":"Person","@id":"https:\/\/charleroi-pourlapalestine.be\/#\/schema\/person\/c19ff515112f1299d8c12671d8fe3faa","name":"admin1873","url":"https:\/\/charleroi-pourlapalestine.be\/index.php\/author\/admin1873\/"}]}},"_links":{"self":[{"href":"https:\/\/charleroi-pourlapalestine.be\/index.php\/wp-json\/wp\/v2\/posts\/43579","targetHints":{"allow":["GET"]}}],"collection":[{"href":"https:\/\/charleroi-pourlapalestine.be\/index.php\/wp-json\/wp\/v2\/posts"}],"about":[{"href":"https:\/\/charleroi-pourlapalestine.be\/index.php\/wp-json\/wp\/v2\/types\/post"}],"author":[{"embeddable":true,"href":"https:\/\/charleroi-pourlapalestine.be\/index.php\/wp-json\/wp\/v2\/users\/1"}],"replies":[{"embeddable":true,"href":"https:\/\/charleroi-pourlapalestine.be\/index.php\/wp-json\/wp\/v2\/comments?post=43579"}],"version-history":[{"count":0,"href":"https:\/\/charleroi-pourlapalestine.be\/index.php\/wp-json\/wp\/v2\/posts\/43579\/revisions"}],"wp:featuredmedia":[{"embeddable":true,"href":"https:\/\/charleroi-pourlapalestine.be\/index.php\/wp-json\/wp\/v2\/media\/43581"}],"wp:attachment":[{"href":"https:\/\/charleroi-pourlapalestine.be\/index.php\/wp-json\/wp\/v2\/media?parent=43579"}],"wp:term":[{"taxonomy":"category","embeddable":true,"href":"https:\/\/charleroi-pourlapalestine.be\/index.php\/wp-json\/wp\/v2\/categories?post=43579"},{"taxonomy":"post_tag","embeddable":true,"href":"https:\/\/charleroi-pourlapalestine.be\/index.php\/wp-json\/wp\/v2\/tags?post=43579"}],"curies":[{"name":"wp","href":"https:\/\/api.w.org\/{rel}","templated":true}]}}