{"id":43612,"date":"2022-09-12T15:53:01","date_gmt":"2022-09-12T13:53:01","guid":{"rendered":"https:\/\/charleroi-pourlapalestine.be\/?p=43612"},"modified":"2022-09-12T15:53:05","modified_gmt":"2022-09-12T13:53:05","slug":"le-cyclisme-nouveau-terrain-des-efforts-de-normalisation-disrael","status":"publish","type":"post","link":"https:\/\/charleroi-pourlapalestine.be\/index.php\/2022\/09\/12\/le-cyclisme-nouveau-terrain-des-efforts-de-normalisation-disrael\/","title":{"rendered":"Le cyclisme, nouveau terrain des efforts de normalisation d\u2019Isra\u00ebl ?"},"content":{"rendered":"<p><strong>Israel-Premier Tech est la repr\u00e9sentante d\u2019Isra\u00ebl dans le cyclisme professionnel et doit \u00eatre trait\u00e9e comme telle.<\/strong><\/p>\n<div id=\"attachment_43614\" style=\"width: 579px\" class=\"wp-caption aligncenter\"><img loading=\"lazy\" decoding=\"async\" aria-describedby=\"caption-attachment-43614\" class=\"wp-image-43614 size-full\" src=\"https:\/\/charleroi-pourlapalestine.be\/wp-content\/uploads\/2022\/09\/Tour-de-France-e1662304288876.jpg\" alt=\"\" width=\"569\" height=\"320\" srcset=\"https:\/\/charleroi-pourlapalestine.be\/wp-content\/uploads\/2022\/09\/Tour-de-France-e1662304288876.jpg 569w, https:\/\/charleroi-pourlapalestine.be\/wp-content\/uploads\/2022\/09\/Tour-de-France-e1662304288876-300x169.jpg 300w\" sizes=\"auto, (max-width: 569px) 100vw, 569px\" \/><p id=\"caption-attachment-43614\" class=\"wp-caption-text\">Le coureur d\u2019Isra\u00ebl-Premier Tech Chris Froome participe au Tour de France, le 14 juillet 2022 (AFP)<\/p><\/div>\n<p><strong>Jonathan Adler<\/strong>, 1er septembre 2022<\/p>\n<p>Alors que le pr\u00e9sident am\u00e9ricain Joe Biden visitait Isra\u00ebl et l\u2019Arabie saoudite en juillet pour faire avancer la normalisation entre les deux pays, un autre \u00e9v\u00e9nement faisait simultan\u00e9ment la promotion de l\u2019\u00c9tat d\u2019Isra\u00ebl sur la sc\u00e8ne mondiale.<\/p>\n<p>Le<strong> Tour de France&nbsp;2022<\/strong> qui s\u2019est tenu en juillet pourrait bien avoir \u00e9t\u00e9 l\u2019\u00e9dition la plus suivie depuis plus de dix ans, avec 41,5&nbsp;millions de t\u00e9l\u00e9spectateurs comptabilis\u00e9s uniquement pour la t\u00e9l\u00e9vision publique fran\u00e7aise.<\/p>\n<p>Tout au long des 21&nbsp;\u00e9tapes de la course, les huit membres de l\u2019\u00e9quipe <strong>Israel-Premier Tech<\/strong> ont r\u00e9alis\u00e9 des performances inattendues en portant des maillots qui affichaient fi\u00e8rement le nom et les couleurs nationales de l\u2019\u00c9tat d\u2019apartheid.<\/p>\n<p>Le cycliste australien <strong>Simon Clarke<\/strong> a remport\u00e9 la premi\u00e8re victoire de la formation lors de la cinqui\u00e8me \u00e9tape, celle des pav\u00e9s du Nord, tandis que le coureur canadien <strong>Hugo Houle<\/strong> a re\u00e7u&nbsp;une pluie d\u2019\u00e9loges apr\u00e8s avoir remport\u00e9 la seizi\u00e8me \u00e9tape \u00e0 Foix. <strong>Chris Froome<\/strong>, le quadruple vainqueur du Tour de France qui a rejoint Israel-Premier Tech en&nbsp;2021 apr\u00e8s s\u2019\u00eatre remis d\u2019une grave blessure subie en&nbsp;2019, a pour sa part d\u00e9croch\u00e9 la troisi\u00e8me place sur la mont\u00e9e de l\u2019Alpe d\u2019Huez.&nbsp;<\/p>\n<p>L\u2019\u00e9quipe Israel-Premier Tech a \u00e9t\u00e9 form\u00e9e en&nbsp;2014, lorsque l\u2019homme d\u2019affaires isra\u00e9lien<strong> Ron Baron<\/strong> et l\u2019ancien cycliste professionnel <strong>Ran Margaliot<\/strong> ont lanc\u00e9 l\u2019<strong>Israel Cycling Academy<\/strong>.<br \/>\n<strong>Sylvan Adams<\/strong>, milliardaire d\u2019origine canadienne et cycliste amateur, est rapidement devenu copropri\u00e9taire de l\u2019\u00e9quipe, que l\u2019entreprise canadienne de fabrication industrielle Premier Tech a rejointe en tant que sponsor principal d\u00e9but&nbsp;2022.<\/p>\n<h3>Un approche agressive<\/h3>\n<p>Les dirigeants de la formation cycliste ambitionnent de <strong>recruter des coureurs de renom<\/strong> (*) et d\u2019<strong>acc\u00e9der aux \u00e9v\u00e9nements cyclistes les plus prestigieux.<\/strong> Les r\u00e9sultats d\u2019Israel-Premier Tech au dernier Tour de France montrent que ces efforts commencent \u00e0 porter leurs fruits et que l\u2019\u00e9quipe devrait rester visible dans les hautes sph\u00e8res du cyclisme professionnel dans les ann\u00e9es \u00e0 venir.&nbsp;<\/p>\n<p>Mais qu\u2019est-ce que cela signifie pour la d\u00e9fense de la cause palestinienne dans un contexte de normalisation croissante avec Isra\u00ebl&nbsp;?&nbsp;&nbsp;<\/p>\n<p>Malgr\u00e9 son nom, <strong>Israel-Premier Tech<\/strong> ne repr\u00e9sente pas l\u2019\u00c9tat isra\u00e9lien \u00e0 titre officiel. <strong>Sylvan Adams<\/strong> (**) mart\u00e8le que cette \u00e9quipe n\u2019est <em>\u00ab pas un projet d\u2019\u00c9tat \u00bb<\/em>, soulignant que sport et politique <em>\u00ab ne doivent jamais se m\u00e9langer \u00bb.<\/em> N\u00e9anmoins, l\u2019homme d\u2019affaires se pr\u00e9sente \u00e9galement comme l\u2019<strong><em>\u00ab ambassadeur autoproclam\u00e9 de l\u2019\u00c9tat d\u2019Isra\u00ebl \u00bb<\/em><\/strong> et adopte une approche agressive pour combattre le mouvement Boycott, d\u00e9sinvestissement et sanctions (BDS) par le biais d\u2019une <em>\u00ab diplomatie douce \u00bb.<\/em><\/p>\n<p>En plus d\u2019Israel-Premier Tech, Sylvan Adams a \u00e9t\u00e9 le principal moteur de l\u2019organisation du grand d\u00e9part du <strong>Tour d\u2019Italie 2018 en Isra\u00ebl<\/strong>, un \u00e9v\u00e9nement qu\u2019il a d\u00e9crit comme <em>\u00ab&nbsp;l\u2019antidote \u00e0 BDS&nbsp;\u00bb.<\/em><\/p>\n<p>Et <strong>son travail de normalisation d\u2019Isra\u00ebl par le sport s\u2019\u00e9tend au-del\u00e0 du monde du cyclisme<\/strong>&nbsp;: apr\u00e8s avoir contribu\u00e9 \u00e0 faire venir Lionel Messi et l\u2019\u00e9quipe d\u2019Argentine de <strong>football<\/strong> en Isra\u00ebl en&nbsp;2019 pour un match contre l\u2019Uruguay, ainsi qu\u2019\u00e0 l\u2019organisation \u00e0 Tel Aviv des deux derni\u00e8res \u00e9ditions du Troph\u00e9e des champions, match opposant le champion en titre de Ligue&nbsp;1 au vainqueur de la Coupe de France, il soutient l\u2019organisation du championnat du Moyen-Orient d\u2019Ironman, pr\u00e9vu en fin d\u2019ann\u00e9e \u00e0 Tib\u00e9riade.&nbsp;<\/p>\n<p>Les membres de l\u2019\u00e9quipe Israel-Premier Tech tentent de se distancier des actes du gouvernement isra\u00e9lien, affirmant qu\u2019ils souhaitent simplement<em> \u00ab faire du v\u00e9lo \u00bb.<\/em><\/p>\n<p>Le fait que la plupart des coureurs de l\u2019\u00e9quipe ne soient pas de nationalit\u00e9 isra\u00e9lienne les aide \u00e0 cet \u00e9gard. Sur les 31&nbsp;coureurs engag\u00e9s dans le <strong>World Tour,<\/strong> seuls quatre sont isra\u00e9liens et un seul figurait dans la liste de huit cyclistes inscrite par l\u2019\u00e9quipe au Tour de France&nbsp;2022.<\/p>\n<p>N\u00e9anmoins, le modus operandi de la formation cycliste semble fondamentalement impliquer l<strong>a promotion des objectifs de soft power isra\u00e9liens<\/strong>, m\u00eame par inadvertance.&nbsp;Selon <strong>Sylvan Adams<\/strong>, les coureurs comprennent qu\u2019ils sont des <em>\u00ab&nbsp;ambassadeurs du pays d\u2019origine de leur \u00e9quipe&nbsp;\u00bb.<\/em> Certains se sont rendus en <strong>Isra\u00ebl<\/strong> pour participer \u00e0 des s\u00e9ances photo et toucher des millions de personnes, et ont m\u00eame roul\u00e9 en <strong>Cisjordanie<\/strong> et sur <strong>le plateau du Golan occup\u00e9s.<\/strong><\/p>\n<p>Par ailleurs, en d\u00e9pit de l\u2019image qu\u2019elle entend projeter, <strong>Israel-Premier Tech<\/strong> semble souvent \u00eatre trait\u00e9e comme un organisme isra\u00e9lien officiel.<\/p>\n<h3>Un ph\u00e9nom\u00e8ne nouveau et inqui\u00e9tant<\/h3>\n<p>Au d\u00e9but du dernier Tour de France, la formation a b\u00e9n\u00e9fici\u00e9 du <strong>dispositif de s\u00e9curit\u00e9<\/strong>&nbsp;pr\u00e9vu pour les d\u00e9l\u00e9gations isra\u00e9liennes, tandis que<strong> les m\u00e9dias isra\u00e9liens ont pr\u00e9sent\u00e9 ses victoires comme une <a href=\"https:\/\/www.i24news.tv\/en\/news\/israel\/sport\/1657130112-israeli-cycling-team-rider-wins-stage-of-tour-de-france\" target=\"_blank\" rel=\"noopener\"><em>\u00ab&nbsp;premi\u00e8re pour l\u2019\u00c9tat juif&nbsp;\u00bb<\/em><\/a><\/strong>. Ses exploits lui ont \u00e9galement valu les f\u00e9licitations du <strong>ministre isra\u00e9lien du Tourisme.&nbsp;<\/strong><\/p>\n<p><strong>Israel-Premier Tech<\/strong> fait ainsi partie du train de la normalisation en tant qu\u2019ambassadeur non officiel du r\u00e9gime isra\u00e9lien. Alors que le mouvement BDS pr\u00e9voit des dispositions pour contrer ce type de normalisation culturelle, il est important de souligner que <strong>cette repr\u00e9sentation officieuse d\u2019Isra\u00ebl dans le monde du sport professionnel est un ph\u00e9nom\u00e8ne nouveau et inqui\u00e9tant.<\/strong><\/p>\n<p>Cela ne signifie pas que les d\u00e9fenseurs des droits des Palestiniens doivent abandonner le monde du cyclisme. Ils doivent en revanche <strong>contrer les efforts d\u00e9ploy\u00e9s par Israel-Premier Tech pour se distancier du gouvernement isra\u00e9lien.<\/strong><\/p>\n<p>Lorsque l\u2019on pense au <em>\u00ab&nbsp;sportswashing&nbsp;\u00bb<\/em>, on imagine g\u00e9n\u00e9ralement des \u00e9v\u00e9nements sportifs prestigieux organis\u00e9s en Isra\u00ebl \u2013&nbsp;les premi\u00e8res \u00e9tapes du <strong>Giro&nbsp;2018<\/strong> ou les deux derni\u00e8res \u00e9ditions du <strong>Troph\u00e9e des champions,<\/strong> par exemple&nbsp;\u2013 ou la <strong>participation d\u2019\u00e9quipes isra\u00e9liennes officielles<\/strong> \u00e0 des comp\u00e9titions internationales.<\/p>\n<p>Israel-Premier Tech ne coche aucune de ces cases.<\/p>\n<p>Au lieu de cela, <strong>l\u2019\u00e9quipe s\u2019appuie sur la notori\u00e9t\u00e9 et le capital culturel de ses membres<\/strong> pour toucher les millions de fans de cyclisme que Sylvan Adams appelle la <em>\u00ab<a href=\"https:\/\/www.jewishnews.co.uk\/the-cycling-team-that-drives-crowds-to-chant-israels-name\/\" target=\"_blank\" rel=\"noopener\">&nbsp;majorit\u00e9 silencieuse&nbsp;<\/a>\u00bb<\/em>&nbsp;: ceux qui n\u2019ont pas d\u2019opinion politique tranch\u00e9e sur Isra\u00ebl et pour qui Israel-Premier Tech donne une<strong> image nouvelle et passionnante de l\u2019\u00c9tat d\u2019apartheid<\/strong>.<\/p>\n<p>Ceci n\u2019est pas surprenant, \u00e9tant donn\u00e9 que de nombreux fans de cyclisme <strong>ne sont pas au courant<\/strong> ou ne voient tout simplement pas la n\u00e9cessit\u00e9 de protester contre les autres \u00e9quipes cyclistes qui sont sponsoris\u00e9es par des r\u00e9gimes autoritaires ou des soci\u00e9t\u00e9s p\u00e9trochimiques.<\/p>\n<p>\u00c0 l\u2019heure o\u00f9 les stars du football, les basketteurs et d\u2019autres athl\u00e8tes <a href=\"https:\/\/www.middleeasteye.net\/fr\/actu-et-enquetes\/guerre-gaza-israel-stars-cinema-musique-top-model-reseaux-sociaux-solidarite\" target=\"_blank\" rel=\"noopener\">prennent la d\u00e9fense des Palestiniens,<\/a> le cyclisme professionnel repr\u00e9sente une voie plus prometteuse pour le sportswashing isra\u00e9lien.<\/p>\n<p><strong><a href=\"https:\/\/samidoun.net\/2022\/06\/international-statement-israel-out-of-the-tour-de-france\/\" target=\"_blank\" rel=\"noopener\">Comme le font valoir des organisations palestiniennes et alli\u00e9es,<\/a> (***) Israel-Premier Tech est la repr\u00e9sentante d\u2019Isra\u00ebl dans le cyclisme professionnel et doit \u00eatre trait\u00e9e comme telle.<\/strong><\/p>\n<p>Les d\u00e9fenseurs de la cause palestinienne doivent suivre l\u2019exemple des sections fran\u00e7aises du mouvement BDS en protestant contre la pr\u00e9sence de l\u2019\u00e9quipe lors de tous les \u00e9v\u00e9nements publics et en d\u00e9non\u00e7ant la situation de deux poids, deux mesures qui emp\u00eache certains gouvernements autoritaires de sponsoriser des \u00e9quipes et laisse le feu vert \u00e0 d\u2019autres.<\/p>\n<p>Le mouvement BDS doit \u00e9galement <strong>pousser les athl\u00e8tes les plus c\u00e9l\u00e8bres de l\u2019\u00e9quipe<\/strong>, en particulier<strong> Chris Froome<\/strong> \u2013&nbsp;que Sylvan Adams a engag\u00e9 dans le but d\u00e9clar\u00e9 d\u2019aider \u00e0 transformer l\u2019image internationale d\u2019Isra\u00ebl&nbsp;\u2013, \u00e0 r\u00e9pondre de <strong>leur r\u00f4le d\u2019ambassadeurs d\u2019Isra\u00ebl<\/strong>, mais aussi <strong>protester contre l\u2019implication de Premier Tech dans le projet en tant que principal m\u00e9c\u00e8ne.&nbsp;<\/strong><\/p>\n<p>Alors que les entreprises de sportswashing de l\u2019Arabie saoudite, du Qatar et d\u2019autres pays arabes continuent de faire la une des journaux, les d\u00e9fenseurs du mouvement BDS doivent mettre en lumi\u00e8re la participation d\u2019Israel-Premier Tech \u00e0 cette tendance troublante, qui s\u2019aligne sur les objectifs plus larges de normalisation entre Isra\u00ebl et le monde arabe.<\/p>\n<p>Enfin, les Palestiniens et leurs alli\u00e9s ne doivent pas perdre de vue l\u2019homme derri\u00e8re l\u2019\u00e9quipe cycliste.<strong> Sylvan Adams<\/strong> coordonne actuellement avec le <strong>ministre saoudien des Sports<\/strong> une candidature d\u2019Isra\u00ebl \u00e0 l\u2019organisation conjointe de<strong> la Coupe du monde&nbsp;2030 avec l\u2019Arabie saoudite, l\u2019\u00c9gypte et les \u00c9mirats arabes unis.<\/strong><\/p>\n<p>Malgr\u00e9 son influence d\u00e9j\u00e0 importante dans la diplomatie isra\u00e9lienne, Sylvan Adams souligne qu\u2019il ne fait <em>\u00ab&nbsp;que commencer&nbsp;\u00bb<\/em>&nbsp;: les partisans des droits des Palestiniens et les fans de sport du monde entier sont ainsi vivement appel\u00e9s \u00e0<strong> exiger des institutions sportives qu\u2019elles cessent de se rendre complices de la d\u00e9possession continue que subit le peuple palestinien.<\/strong><\/p>\n<p style=\"text-align: center;\">\u00b0\u00b0\u00b0\u00b0\u00b0<\/p>\n<p><strong>Jonathan Adler<\/strong> est \u00e9tudiant en master d\u2019\u00e9tudes du Proche-Orient au centre Kevorkian de l\u2019universit\u00e9 de New York. Il a \u00e9t\u00e9 stagiaire de r\u00e9daction pour <em>Al-Shabaka: The Palestinian Policy Network<\/em> au cours de l\u2019\u00e9t\u00e9&nbsp;2022. Ses textes sont publi\u00e9s dans divers m\u00e9dias et revues, notamment +972&nbsp;Magazine, Jadaliyya, The North Carolina Historical Reviewet Jewish Historical Studies.<\/p>\n<p style=\"text-align: center;\">\u00b0\u00b0\u00b0\u00b0\u00b0<\/p>\n<p>Publi\u00e9 le 27 ao\u00fbt sur <a href=\"https:\/\/www.middleeasteye.net\/fr\/opinionfr\/israel-tour-de-france-normalisation-sport-cyclisme-sportwashing-sylvan-adams\" target=\"_blank\" rel=\"noopener\">Middle East Eye, <\/a>sous le titre <em>\u00ab\u00a0Le Tour de France, nouveau terrain des efforts de normalisation d\u2019Isra\u00ebl ?\u00a0\u00bb<\/em><br \/>\nTraduction :<a href=\"https:\/\/www.vectranslation.com\/\" target=\"_blank\" rel=\"noopener\"> VECTranslation.<\/a><\/p>\n<p style=\"text-align: center;\">\u00b0\u00b0\u00b0\u00b0\u00b0<\/p>\n<p>(*) <strong>Rik Verbrugghe<\/strong>, ancien coureur cycliste belge et manager sportif d&rsquo;<strong>Israel Premier Tech<\/strong> <a href=\"https:\/\/www.rtbf.be\/article\/egmont-cycling-race-dylan-teuns-debute-avec-israel-premier-tech-pret-a-y-aller-a-fond-11052714?fbclid=IwAR3V1o1-_2bG1IgvwLDW45qCdEViQMZiLw4Nu1fIvwqYicC2Hwbsa0-s99Q\" target=\"_blank\" rel=\"noopener\">vient de recruter<\/a> au mois d&rsquo;ao\u00fbt <strong>Dylan Teuns<\/strong>, un Belge \u00e9galement, vainqueur de la Fl\u00e8che wallonne en 2022<\/p>\n<p>(**) Des membres de <strong>PAJU &#8211; Palestinian and Jewish Unity<\/strong> ont interpell\u00e9<strong> Sylvan Adams<\/strong> (en bleu sur la photo) lors de la participation de l&rsquo;\u00e9quipe Isra\u00ebl Premier Tech au <strong>Grand Prix Cycliste de Montr\u00e9al<\/strong>.<\/p>\n<div id=\"attachment_44019\" style=\"width: 490px\" class=\"wp-caption aligncenter\"><img loading=\"lazy\" decoding=\"async\" aria-describedby=\"caption-attachment-44019\" class=\"wp-image-44019 size-full\" src=\"https:\/\/charleroi-pourlapalestine.be\/wp-content\/uploads\/2022\/09\/Sylvan-Adams-e1662981727930.jpg\" alt=\"Photo publi\u00e9 par @TomMartin1948 sur Twitter\" width=\"480\" height=\"320\" srcset=\"https:\/\/charleroi-pourlapalestine.be\/wp-content\/uploads\/2022\/09\/Sylvan-Adams-e1662981727930.jpg 480w, https:\/\/charleroi-pourlapalestine.be\/wp-content\/uploads\/2022\/09\/Sylvan-Adams-e1662981727930-300x200.jpg 300w\" sizes=\"auto, (max-width: 480px) 100vw, 480px\" \/><p id=\"caption-attachment-44019\" class=\"wp-caption-text\">Photo publi\u00e9 par @TomMartin1948 sur Twitter<\/p><\/div>\n<p>Le partisan de l&rsquo;apartheid isra\u00e9lien est parti en courant&#8230;<\/p>\n<blockquote class=\"twitter-tweet\" data-width=\"500\" data-dnt=\"true\">\n<p lang=\"fr\" dir=\"ltr\">Le moment magique o\u00f9 le fondateur de l&#39;\u00e9quipe Sylvan Adams part en courant ne sachant pas quoi r\u00e9pondre aux interpellations de militant\u00b7e\u00b7s de PAJU. Pour un &quot;ambassadeur auto-proclam\u00e9&quot; de l&#39;apartheid isra\u00e9lien, il manque un peu de courage&#8230; <a href=\"https:\/\/twitter.com\/hashtag\/GPCQM?src=hash&amp;ref_src=twsrc%5Etfw\">#GPCQM<\/a> <a href=\"https:\/\/twitter.com\/hashtag\/IsraelApartheidTech?src=hash&amp;ref_src=twsrc%5Etfw\">#IsraelApartheidTech<\/a> <a href=\"https:\/\/t.co\/wiLWCIyWLY\">pic.twitter.com\/wiLWCIyWLY<\/a><\/p>\n<p>&mdash; Tom Martin \ud80c\udc86 \ud83c\uddf5\ud83c\uddf8 (@TomMartin1948) <a href=\"https:\/\/twitter.com\/TomMartin1948\/status\/1569240718174048256?ref_src=twsrc%5Etfw\">September 12, 2022<\/a><\/p><\/blockquote>\n<p><script async src=\"https:\/\/platform.twitter.com\/widgets.js\" charset=\"utf-8\"><\/script><\/p>\n<p>(***) <a href=\"https:\/\/charleroi-pourlapalestine.be\/index.php\/2022\/06\/27\/declaration-internationale-israel-hors-du-tour-de-france\/\"><strong>D\u00e9claration internationale : Isra\u00ebl hors du Tour de France<\/strong><\/a><\/p>\n<p style=\"text-align: center;\">\u00b0\u00b0\u00b0\u00b0\u00b0<\/p>\n<h3 style=\"text-align: center;\">Actions contre la pr\u00e9sence de Premier Tech Israel dans les courses cyclistes<br \/>\nen Belgique<\/h3>\n<p>&nbsp;<\/p>\n<p><span class=\"d2edcug0 hpfvmrgz qv66sw1b c1et5uql lr9zc1uh a8c37x1j fe6kdd0r mau55g9w c8b282yb keod5gw0 nxhoafnm aigsh9s9 d3f4x2em iv3no6db jq4qci2q a3bd9o3v b1v8xokw oo9gr5id hzawbc8m\" dir=\"auto\"><strong>La Plate-forme Charleroi-Palestine a r\u00e9ussi une belle action le 7 juillet 2022 au passage des coureurs cyclistes \u00e0 Cerfontaine, lors de la 6e \u00e9tape du Tour de France.<\/strong> <\/span><\/p>\n<p>Vous trouverez la vid\u00e9o de l\u2019action sur notre page FB <a href=\"https:\/\/charleroi-pourlapalestine.be\/index.php\/tag\/georges-abdallah\/\"><strong>Pour la Palestine<\/strong> <\/a>et dans ce tweet du Collectif Palestine Vaincra :<\/p>\n<p>https:\/\/twitter.com\/Collectif_PV\/status\/1545054242498416640?ref_src=twsrc%5Etfw%7Ctwcamp%5Etweetembed%7Ctwterm%5E1545054242498416640%7Ctwgr%5E15cabb00bc626771cde8b11859feb3c7c1547b64%7Ctwcon%5Es1_&#038;ref_url=https%3A%2F%2Fcharleroi-pourlapalestine.be%2Findex.php%2F2022%2F07%2F08%2Faction-reussie-a-cerfontaine-contre-la-presence-israelienne-au-tour-de-france%2F<\/p>\n<p><strong>L\u2019\u00e9quipe de propagande isra\u00e9lienne est \u00e9galement pr\u00e9sente dans d\u2019autres courses cyclistes.<\/strong><br \/>\n&nbsp;<br \/>\nDes membres de la <strong>Plate-Charleroi-Palestine<\/strong> \u00e9taient \u00e0 nouveau l\u00e0, le 27 juillet 2022, pour la cinqui\u00e8me \u00e9tape du<strong> Tour&nbsp; de Wallonie<\/strong> \u00e0 Courcelles, afin de protester contre la pr\u00e9sence d\u2019<em>\u201cIsrael Premier Tech\u201d.<\/em><br \/>\n&nbsp;<br \/>\nEt diff\u00e9rentes sections de la coordination <strong>PJPO,<\/strong> pour une<strong> Paix Juste au Proche Orient<\/strong>, \u00e9taient \u00e9galement pr\u00e9sentes aujourd\u2019hui au <strong>Roeulx, Ecaussinnes, Ittre et C\u00e9roux-Mousty<\/strong>.<br \/>\n&nbsp;<br \/>\nCi-dessous, une vid\u00e9o de leur action :<br \/>\n&nbsp;<br \/>\nhttps:\/\/youtu.be\/QJq-lK6Et44?t=24<\/p>\n<p>&nbsp;<\/p>\n","protected":false},"excerpt":{"rendered":"<p>Israel-Premier Tech est la repr\u00e9sentante d\u2019Isra\u00ebl dans le cyclisme professionnel et doit \u00eatre trait\u00e9e comme telle<\/p>\n","protected":false},"author":1,"featured_media":44019,"comment_status":"closed","ping_status":"closed","sticky":false,"template":"","format":"standard","meta":{"ngg_post_thumbnail":0,"footnotes":""},"categories":[90,70,650],"tags":[],"class_list":["post-43612","post","type-post","status-publish","format-standard","has-post-thumbnail","hentry","category-bds","category-le-boycott-sportif","category-sport"],"yoast_head":"<!-- This site is optimized with the Yoast SEO plugin v27.3 - https:\/\/yoast.com\/product\/yoast-seo-wordpress\/ -->\n<title>Le cyclisme, nouveau terrain des efforts de normalisation d\u2019Isra\u00ebl ?<\/title>\n<meta name=\"description\" content=\"Israel-Premier Tech est la repr\u00e9sentante d\u2019Isra\u00ebl dans le cyclisme professionnel et doit \u00eatre trait\u00e9e comme telle\" \/>\n<meta name=\"robots\" content=\"index, follow, max-snippet:-1, max-image-preview:large, max-video-preview:-1\" \/>\n<link rel=\"canonical\" href=\"https:\/\/charleroi-pourlapalestine.be\/index.php\/2022\/09\/12\/le-cyclisme-nouveau-terrain-des-efforts-de-normalisation-disrael\/\" \/>\n<script type=\"application\/ld+json\" class=\"yoast-schema-graph\">{\"@context\":\"https:\\\/\\\/schema.org\",\"@graph\":[{\"@type\":\"Article\",\"@id\":\"https:\\\/\\\/charleroi-pourlapalestine.be\\\/index.php\\\/2022\\\/09\\\/12\\\/le-cyclisme-nouveau-terrain-des-efforts-de-normalisation-disrael\\\/#article\",\"isPartOf\":{\"@id\":\"https:\\\/\\\/charleroi-pourlapalestine.be\\\/index.php\\\/2022\\\/09\\\/12\\\/le-cyclisme-nouveau-terrain-des-efforts-de-normalisation-disrael\\\/\"},\"author\":{\"name\":\"admin1873\",\"@id\":\"https:\\\/\\\/charleroi-pourlapalestine.be\\\/#\\\/schema\\\/person\\\/c19ff515112f1299d8c12671d8fe3faa\"},\"headline\":\"Le cyclisme, nouveau terrain des efforts de normalisation d\u2019Isra\u00ebl ?\",\"datePublished\":\"2022-09-12T13:53:01+00:00\",\"dateModified\":\"2022-09-12T13:53:05+00:00\",\"mainEntityOfPage\":{\"@id\":\"https:\\\/\\\/charleroi-pourlapalestine.be\\\/index.php\\\/2022\\\/09\\\/12\\\/le-cyclisme-nouveau-terrain-des-efforts-de-normalisation-disrael\\\/\"},\"wordCount\":1985,\"publisher\":{\"@id\":\"https:\\\/\\\/charleroi-pourlapalestine.be\\\/#organization\"},\"image\":{\"@id\":\"https:\\\/\\\/charleroi-pourlapalestine.be\\\/index.php\\\/2022\\\/09\\\/12\\\/le-cyclisme-nouveau-terrain-des-efforts-de-normalisation-disrael\\\/#primaryimage\"},\"thumbnailUrl\":\"https:\\\/\\\/charleroi-pourlapalestine.be\\\/wp-content\\\/uploads\\\/2022\\\/09\\\/Sylvan-Adams-e1662981727930.jpg\",\"articleSection\":[\"BDS\",\"Boycott sportif\",\"Sport\"],\"inLanguage\":\"fr-FR\"},{\"@type\":\"WebPage\",\"@id\":\"https:\\\/\\\/charleroi-pourlapalestine.be\\\/index.php\\\/2022\\\/09\\\/12\\\/le-cyclisme-nouveau-terrain-des-efforts-de-normalisation-disrael\\\/\",\"url\":\"https:\\\/\\\/charleroi-pourlapalestine.be\\\/index.php\\\/2022\\\/09\\\/12\\\/le-cyclisme-nouveau-terrain-des-efforts-de-normalisation-disrael\\\/\",\"name\":\"Le cyclisme, nouveau terrain des efforts de normalisation d\u2019Isra\u00ebl ?\",\"isPartOf\":{\"@id\":\"https:\\\/\\\/charleroi-pourlapalestine.be\\\/#website\"},\"primaryImageOfPage\":{\"@id\":\"https:\\\/\\\/charleroi-pourlapalestine.be\\\/index.php\\\/2022\\\/09\\\/12\\\/le-cyclisme-nouveau-terrain-des-efforts-de-normalisation-disrael\\\/#primaryimage\"},\"image\":{\"@id\":\"https:\\\/\\\/charleroi-pourlapalestine.be\\\/index.php\\\/2022\\\/09\\\/12\\\/le-cyclisme-nouveau-terrain-des-efforts-de-normalisation-disrael\\\/#primaryimage\"},\"thumbnailUrl\":\"https:\\\/\\\/charleroi-pourlapalestine.be\\\/wp-content\\\/uploads\\\/2022\\\/09\\\/Sylvan-Adams-e1662981727930.jpg\",\"datePublished\":\"2022-09-12T13:53:01+00:00\",\"dateModified\":\"2022-09-12T13:53:05+00:00\",\"description\":\"Israel-Premier Tech est la repr\u00e9sentante d\u2019Isra\u00ebl dans le cyclisme professionnel et doit \u00eatre trait\u00e9e comme telle\",\"breadcrumb\":{\"@id\":\"https:\\\/\\\/charleroi-pourlapalestine.be\\\/index.php\\\/2022\\\/09\\\/12\\\/le-cyclisme-nouveau-terrain-des-efforts-de-normalisation-disrael\\\/#breadcrumb\"},\"inLanguage\":\"fr-FR\",\"potentialAction\":[{\"@type\":\"ReadAction\",\"target\":[\"https:\\\/\\\/charleroi-pourlapalestine.be\\\/index.php\\\/2022\\\/09\\\/12\\\/le-cyclisme-nouveau-terrain-des-efforts-de-normalisation-disrael\\\/\"]}]},{\"@type\":\"ImageObject\",\"inLanguage\":\"fr-FR\",\"@id\":\"https:\\\/\\\/charleroi-pourlapalestine.be\\\/index.php\\\/2022\\\/09\\\/12\\\/le-cyclisme-nouveau-terrain-des-efforts-de-normalisation-disrael\\\/#primaryimage\",\"url\":\"https:\\\/\\\/charleroi-pourlapalestine.be\\\/wp-content\\\/uploads\\\/2022\\\/09\\\/Sylvan-Adams-e1662981727930.jpg\",\"contentUrl\":\"https:\\\/\\\/charleroi-pourlapalestine.be\\\/wp-content\\\/uploads\\\/2022\\\/09\\\/Sylvan-Adams-e1662981727930.jpg\",\"width\":480,\"height\":320},{\"@type\":\"BreadcrumbList\",\"@id\":\"https:\\\/\\\/charleroi-pourlapalestine.be\\\/index.php\\\/2022\\\/09\\\/12\\\/le-cyclisme-nouveau-terrain-des-efforts-de-normalisation-disrael\\\/#breadcrumb\",\"itemListElement\":[{\"@type\":\"ListItem\",\"position\":1,\"name\":\"Accueil\",\"item\":\"https:\\\/\\\/charleroi-pourlapalestine.be\\\/\"},{\"@type\":\"ListItem\",\"position\":2,\"name\":\"Le cyclisme, nouveau terrain des efforts de normalisation d\u2019Isra\u00ebl ?\"}]},{\"@type\":\"WebSite\",\"@id\":\"https:\\\/\\\/charleroi-pourlapalestine.be\\\/#website\",\"url\":\"https:\\\/\\\/charleroi-pourlapalestine.be\\\/\",\"name\":\"Charleroi Pour la Palestine\",\"description\":\"\",\"publisher\":{\"@id\":\"https:\\\/\\\/charleroi-pourlapalestine.be\\\/#organization\"},\"potentialAction\":[{\"@type\":\"SearchAction\",\"target\":{\"@type\":\"EntryPoint\",\"urlTemplate\":\"https:\\\/\\\/charleroi-pourlapalestine.be\\\/?s={search_term_string}\"},\"query-input\":{\"@type\":\"PropertyValueSpecification\",\"valueRequired\":true,\"valueName\":\"search_term_string\"}}],\"inLanguage\":\"fr-FR\"},{\"@type\":\"Organization\",\"@id\":\"https:\\\/\\\/charleroi-pourlapalestine.be\\\/#organization\",\"name\":\"Plate-forme Charleroi-Palestine\",\"url\":\"https:\\\/\\\/charleroi-pourlapalestine.be\\\/\",\"logo\":{\"@type\":\"ImageObject\",\"inLanguage\":\"fr-FR\",\"@id\":\"https:\\\/\\\/charleroi-pourlapalestine.be\\\/#\\\/schema\\\/logo\\\/image\\\/\",\"url\":\"https:\\\/\\\/charleroi-pourlapalestine.be\\\/wp-content\\\/uploads\\\/2020\\\/01\\\/logo-Copy.jpg\",\"contentUrl\":\"https:\\\/\\\/charleroi-pourlapalestine.be\\\/wp-content\\\/uploads\\\/2020\\\/01\\\/logo-Copy.jpg\",\"width\":180,\"height\":180,\"caption\":\"Plate-forme Charleroi-Palestine\"},\"image\":{\"@id\":\"https:\\\/\\\/charleroi-pourlapalestine.be\\\/#\\\/schema\\\/logo\\\/image\\\/\"},\"sameAs\":[\"https:\\\/\\\/www.facebook.com\\\/PlateformeCharleroiPalestine\\\/\",\"https:\\\/\\\/x.com\\\/LaCharleroi\"]},{\"@type\":\"Person\",\"@id\":\"https:\\\/\\\/charleroi-pourlapalestine.be\\\/#\\\/schema\\\/person\\\/c19ff515112f1299d8c12671d8fe3faa\",\"name\":\"admin1873\",\"url\":\"https:\\\/\\\/charleroi-pourlapalestine.be\\\/index.php\\\/author\\\/admin1873\\\/\"}]}<\/script>\n<!-- \/ Yoast SEO plugin. -->","yoast_head_json":{"title":"Le cyclisme, nouveau terrain des efforts de normalisation d\u2019Isra\u00ebl ?","description":"Israel-Premier Tech est la repr\u00e9sentante d\u2019Isra\u00ebl dans le cyclisme professionnel et doit \u00eatre trait\u00e9e comme telle","robots":{"index":"index","follow":"follow","max-snippet":"max-snippet:-1","max-image-preview":"max-image-preview:large","max-video-preview":"max-video-preview:-1"},"canonical":"https:\/\/charleroi-pourlapalestine.be\/index.php\/2022\/09\/12\/le-cyclisme-nouveau-terrain-des-efforts-de-normalisation-disrael\/","schema":{"@context":"https:\/\/schema.org","@graph":[{"@type":"Article","@id":"https:\/\/charleroi-pourlapalestine.be\/index.php\/2022\/09\/12\/le-cyclisme-nouveau-terrain-des-efforts-de-normalisation-disrael\/#article","isPartOf":{"@id":"https:\/\/charleroi-pourlapalestine.be\/index.php\/2022\/09\/12\/le-cyclisme-nouveau-terrain-des-efforts-de-normalisation-disrael\/"},"author":{"name":"admin1873","@id":"https:\/\/charleroi-pourlapalestine.be\/#\/schema\/person\/c19ff515112f1299d8c12671d8fe3faa"},"headline":"Le cyclisme, nouveau terrain des efforts de normalisation d\u2019Isra\u00ebl ?","datePublished":"2022-09-12T13:53:01+00:00","dateModified":"2022-09-12T13:53:05+00:00","mainEntityOfPage":{"@id":"https:\/\/charleroi-pourlapalestine.be\/index.php\/2022\/09\/12\/le-cyclisme-nouveau-terrain-des-efforts-de-normalisation-disrael\/"},"wordCount":1985,"publisher":{"@id":"https:\/\/charleroi-pourlapalestine.be\/#organization"},"image":{"@id":"https:\/\/charleroi-pourlapalestine.be\/index.php\/2022\/09\/12\/le-cyclisme-nouveau-terrain-des-efforts-de-normalisation-disrael\/#primaryimage"},"thumbnailUrl":"https:\/\/charleroi-pourlapalestine.be\/wp-content\/uploads\/2022\/09\/Sylvan-Adams-e1662981727930.jpg","articleSection":["BDS","Boycott sportif","Sport"],"inLanguage":"fr-FR"},{"@type":"WebPage","@id":"https:\/\/charleroi-pourlapalestine.be\/index.php\/2022\/09\/12\/le-cyclisme-nouveau-terrain-des-efforts-de-normalisation-disrael\/","url":"https:\/\/charleroi-pourlapalestine.be\/index.php\/2022\/09\/12\/le-cyclisme-nouveau-terrain-des-efforts-de-normalisation-disrael\/","name":"Le cyclisme, nouveau terrain des efforts de normalisation d\u2019Isra\u00ebl ?","isPartOf":{"@id":"https:\/\/charleroi-pourlapalestine.be\/#website"},"primaryImageOfPage":{"@id":"https:\/\/charleroi-pourlapalestine.be\/index.php\/2022\/09\/12\/le-cyclisme-nouveau-terrain-des-efforts-de-normalisation-disrael\/#primaryimage"},"image":{"@id":"https:\/\/charleroi-pourlapalestine.be\/index.php\/2022\/09\/12\/le-cyclisme-nouveau-terrain-des-efforts-de-normalisation-disrael\/#primaryimage"},"thumbnailUrl":"https:\/\/charleroi-pourlapalestine.be\/wp-content\/uploads\/2022\/09\/Sylvan-Adams-e1662981727930.jpg","datePublished":"2022-09-12T13:53:01+00:00","dateModified":"2022-09-12T13:53:05+00:00","description":"Israel-Premier Tech est la repr\u00e9sentante d\u2019Isra\u00ebl dans le cyclisme professionnel et doit \u00eatre trait\u00e9e comme telle","breadcrumb":{"@id":"https:\/\/charleroi-pourlapalestine.be\/index.php\/2022\/09\/12\/le-cyclisme-nouveau-terrain-des-efforts-de-normalisation-disrael\/#breadcrumb"},"inLanguage":"fr-FR","potentialAction":[{"@type":"ReadAction","target":["https:\/\/charleroi-pourlapalestine.be\/index.php\/2022\/09\/12\/le-cyclisme-nouveau-terrain-des-efforts-de-normalisation-disrael\/"]}]},{"@type":"ImageObject","inLanguage":"fr-FR","@id":"https:\/\/charleroi-pourlapalestine.be\/index.php\/2022\/09\/12\/le-cyclisme-nouveau-terrain-des-efforts-de-normalisation-disrael\/#primaryimage","url":"https:\/\/charleroi-pourlapalestine.be\/wp-content\/uploads\/2022\/09\/Sylvan-Adams-e1662981727930.jpg","contentUrl":"https:\/\/charleroi-pourlapalestine.be\/wp-content\/uploads\/2022\/09\/Sylvan-Adams-e1662981727930.jpg","width":480,"height":320},{"@type":"BreadcrumbList","@id":"https:\/\/charleroi-pourlapalestine.be\/index.php\/2022\/09\/12\/le-cyclisme-nouveau-terrain-des-efforts-de-normalisation-disrael\/#breadcrumb","itemListElement":[{"@type":"ListItem","position":1,"name":"Accueil","item":"https:\/\/charleroi-pourlapalestine.be\/"},{"@type":"ListItem","position":2,"name":"Le cyclisme, nouveau terrain des efforts de normalisation d\u2019Isra\u00ebl ?"}]},{"@type":"WebSite","@id":"https:\/\/charleroi-pourlapalestine.be\/#website","url":"https:\/\/charleroi-pourlapalestine.be\/","name":"Charleroi Pour la Palestine","description":"","publisher":{"@id":"https:\/\/charleroi-pourlapalestine.be\/#organization"},"potentialAction":[{"@type":"SearchAction","target":{"@type":"EntryPoint","urlTemplate":"https:\/\/charleroi-pourlapalestine.be\/?s={search_term_string}"},"query-input":{"@type":"PropertyValueSpecification","valueRequired":true,"valueName":"search_term_string"}}],"inLanguage":"fr-FR"},{"@type":"Organization","@id":"https:\/\/charleroi-pourlapalestine.be\/#organization","name":"Plate-forme Charleroi-Palestine","url":"https:\/\/charleroi-pourlapalestine.be\/","logo":{"@type":"ImageObject","inLanguage":"fr-FR","@id":"https:\/\/charleroi-pourlapalestine.be\/#\/schema\/logo\/image\/","url":"https:\/\/charleroi-pourlapalestine.be\/wp-content\/uploads\/2020\/01\/logo-Copy.jpg","contentUrl":"https:\/\/charleroi-pourlapalestine.be\/wp-content\/uploads\/2020\/01\/logo-Copy.jpg","width":180,"height":180,"caption":"Plate-forme Charleroi-Palestine"},"image":{"@id":"https:\/\/charleroi-pourlapalestine.be\/#\/schema\/logo\/image\/"},"sameAs":["https:\/\/www.facebook.com\/PlateformeCharleroiPalestine\/","https:\/\/x.com\/LaCharleroi"]},{"@type":"Person","@id":"https:\/\/charleroi-pourlapalestine.be\/#\/schema\/person\/c19ff515112f1299d8c12671d8fe3faa","name":"admin1873","url":"https:\/\/charleroi-pourlapalestine.be\/index.php\/author\/admin1873\/"}]}},"_links":{"self":[{"href":"https:\/\/charleroi-pourlapalestine.be\/index.php\/wp-json\/wp\/v2\/posts\/43612","targetHints":{"allow":["GET"]}}],"collection":[{"href":"https:\/\/charleroi-pourlapalestine.be\/index.php\/wp-json\/wp\/v2\/posts"}],"about":[{"href":"https:\/\/charleroi-pourlapalestine.be\/index.php\/wp-json\/wp\/v2\/types\/post"}],"author":[{"embeddable":true,"href":"https:\/\/charleroi-pourlapalestine.be\/index.php\/wp-json\/wp\/v2\/users\/1"}],"replies":[{"embeddable":true,"href":"https:\/\/charleroi-pourlapalestine.be\/index.php\/wp-json\/wp\/v2\/comments?post=43612"}],"version-history":[{"count":0,"href":"https:\/\/charleroi-pourlapalestine.be\/index.php\/wp-json\/wp\/v2\/posts\/43612\/revisions"}],"wp:featuredmedia":[{"embeddable":true,"href":"https:\/\/charleroi-pourlapalestine.be\/index.php\/wp-json\/wp\/v2\/media\/44019"}],"wp:attachment":[{"href":"https:\/\/charleroi-pourlapalestine.be\/index.php\/wp-json\/wp\/v2\/media?parent=43612"}],"wp:term":[{"taxonomy":"category","embeddable":true,"href":"https:\/\/charleroi-pourlapalestine.be\/index.php\/wp-json\/wp\/v2\/categories?post=43612"},{"taxonomy":"post_tag","embeddable":true,"href":"https:\/\/charleroi-pourlapalestine.be\/index.php\/wp-json\/wp\/v2\/tags?post=43612"}],"curies":[{"name":"wp","href":"https:\/\/api.w.org\/{rel}","templated":true}]}}