{"id":44140,"date":"2022-09-15T16:01:54","date_gmt":"2022-09-15T14:01:54","guid":{"rendered":"https:\/\/charleroi-pourlapalestine.be\/?p=44140"},"modified":"2022-09-17T05:21:44","modified_gmt":"2022-09-17T03:21:44","slug":"yvonne-sterk-et-la-revolution-palestinienne-video","status":"publish","type":"post","link":"https:\/\/charleroi-pourlapalestine.be\/index.php\/2022\/09\/15\/yvonne-sterk-et-la-revolution-palestinienne-video\/","title":{"rendered":"La po\u00e9tesse belge Yvonne Sterk et la r\u00e9volution palestinienne (vid\u00e9o)"},"content":{"rendered":"<p><span class=\"style-scope yt-formatted-string\" dir=\"auto\"><em><strong>\u00ab\u00a0<\/strong>Yvonne Sterk<strong>,<\/strong> 85 ans, dans sa prime jeunesse r\u00e9sistante lors de la Seconde Guerre mondiale, plus tard po\u00e9tesse, journaliste et photographe au Moyen-Orient. Une femme \u00e9tonnante, mais le plus \u00e9tonnant est encore \u00e0 venir. Sterk a \u00e9t\u00e9 la premi\u00e8re femme f\u00e9dayine de l&rsquo;Europe. Elle a combattu aux c\u00f4t\u00e9s des Palestiniens contre l&rsquo;occupant isra\u00e9lien.\u00a0\u00bb<\/em> <\/span><\/p>\n<p>C&rsquo;est ainsi qu&rsquo;un journaliste d&rsquo;une t\u00e9l\u00e9vision hollandaise introduit un reportage sur la f\u00e9dayine et po\u00e9tesse belge, Yvonne Sterk.<\/p>\n<p>Vous trouverez le reportage ci-dessous. <span class=\"style-scope yt-formatted-string\" dir=\"auto\">Le commentaire du journaliste a \u00e9t\u00e9 traduit par <strong>Jean-Marie Fl\u00e9mal<\/strong>. La vid\u00e9o et le sous-titrage ont \u00e9t\u00e9 r\u00e9alis\u00e9 par <strong>Ahmed Frassini.<br \/>\n<\/strong><br \/>\n<\/span><\/p>\n<div class=\"video-container\"><iframe loading=\"lazy\" title=\"Yvonne Sterk\/ Film en n\u00e9erlandais sous-titr\u00e9 en fran\u00e7ais\" width=\"500\" height=\"375\" src=\"https:\/\/www.youtube.com\/embed\/tnjz00LKyho?start=8&#038;feature=oembed&#038;wmode=opaque\" frameborder=\"0\" allow=\"accelerometer; autoplay; clipboard-write; encrypted-media; gyroscope; picture-in-picture; web-share\" referrerpolicy=\"strict-origin-when-cross-origin\" allowfullscreen><\/iframe><\/div>\n<p>&nbsp;<\/p>\n<p>Yvonne a \u00e9t\u00e9 actrice et t\u00e9moin de la r\u00e9volution palestinienne des ann\u00e9es 1970, l&rsquo;\u00e9poque o\u00f9 la lutte arm\u00e9e contre l&rsquo;\u00c9tat colonial rendait la dignit\u00e9 et la confiance au peuple palestinien.<\/p>\n<p>L&rsquo;\u00e9poque o\u00f9 l&rsquo;<strong>OLP<\/strong>, l&rsquo; <strong>Organisation pour la Lib\u00e9ration de la Palestine<\/strong>,&nbsp; repr\u00e9sentait l&rsquo;ensemble des Palestiniens : ceux de Cisjordanie et de Gaza, mais aussi les r\u00e9fugi\u00e9s en Jordanie, au Liban, dans le Golfe et les Palestiniens de 1948 et de la diaspora.<\/p>\n<p>L&rsquo;\u00e9poque o\u00f9 la r\u00e9volution palestinienne \u00e9tait indissociable des mouvements anticoloniaux et r\u00e9volutionnaires du monde entier, des mouvements de lib\u00e9ration du Sud, des mouvements pour les droits civiques et contre la guerre du Vietnam aux \u00c9tats-Unis, de la lutte anti-apartheid en Afrique du Sud.<\/p>\n<p>L&rsquo;\u00e9poque o\u00f9 la culture r\u00e9volutionnaire jouait un r\u00f4le important dans la mobilisation&nbsp;: <strong><a href=\"https:\/\/charleroi-pourlapalestine.be\/index.php\/tag\/ghassan-kanafani\/\">Ghassan Kanafani<\/a>,<\/strong> qu&rsquo;Yvonne a bien connu, \u00e9tait en m\u00eame temps porte-parole de la branche arm\u00e9e du <strong>Front Populaire pour la Lib\u00e9ration de la Palestine<\/strong>, le<strong> FPLP<\/strong>, journaliste, conteur et po\u00e8te.<\/p>\n<p><span class=\"style-scope yt-formatted-string\" dir=\"auto\"><strong>Yvonne Sterk<\/strong> est d\u00e9c\u00e9d\u00e9e il y a 10 ans. A l&rsquo;occasion de son d\u00e9c\u00e8s, l&rsquo;\u00e9crivain <a href=\"https:\/\/charleroi-pourlapalestine.be\/index.php\/tag\/lucas-catherine\/\"><strong>Lucas Catherine<\/strong><\/a> avait publi\u00e9 l&rsquo;article : <a href=\"https:\/\/charleroi-pourlapalestine.be\/index.php\/2012\/07\/31\/rafiqa-yvonne\/\"><strong>Rafiqa Yvon\u2019: camarade Yvonne.<\/strong><\/a><\/span><\/p>\n<p>Trouvez<a href=\"https:\/\/litterature-etc.com\/yvonne-sterk-1920-2012-par-milady-renoir\/\" target=\"_blank\" rel=\"noopener\"><strong> ICI<\/strong> un podcast <\/a>sur Yvonne Sterk, r\u00e9alis\u00e9 par Milady Renoir.<\/p>\n<p>Trouvez<a href=\"https:\/\/charleroi-pourlapalestine.be\/index.php\/tag\/yvonne-sterk\/\"><strong> ICI &nbsp;<\/strong><\/a>des po\u00e8mes d&rsquo;Yvonne, ainsi que d&rsquo;autres articles, publi\u00e9s sur ce site.<\/p>\n","protected":false},"excerpt":{"rendered":"<p>Un reportage, r\u00e9alis\u00e9 pour une t\u00e9l\u00e9vision hollandaise, sur Yvonne Sterk, r\u00e9sistante lors de la Seconde Guerre mondiale, plus tard po\u00e9tesse, journaliste et photographe au Moyen-Orient.<\/p>\n","protected":false},"author":1,"featured_media":44154,"comment_status":"closed","ping_status":"closed","sticky":false,"template":"","format":"standard","meta":{"ngg_post_thumbnail":0,"footnotes":""},"categories":[64,21,391,22,26],"tags":[218,233],"class_list":["post-44140","post","type-post","status-publish","format-standard","has-post-thumbnail","hentry","category-la-belgique","category-la-revolution-palestinienne","category-lutte-armee","category-lolp","category-la-poesie","tag-ghassan-kanafani","tag-yvonne-sterk"],"yoast_head":"<!-- This site is optimized with the Yoast SEO plugin v27.3 - https:\/\/yoast.com\/product\/yoast-seo-wordpress\/ -->\n<title>La po\u00e9tesse belge Yvonne Sterk et la r\u00e9volution palestinienne (vid\u00e9o)<\/title>\n<meta name=\"description\" content=\"Un reportage sur Yvonne Sterk, r\u00e9alis\u00e9 par une t\u00e9l\u00e9vision hollandaise, lorsqu&#039;elle avait 85 ans.\" \/>\n<meta name=\"robots\" content=\"index, follow, max-snippet:-1, max-image-preview:large, max-video-preview:-1\" \/>\n<link rel=\"canonical\" href=\"https:\/\/charleroi-pourlapalestine.be\/index.php\/2022\/09\/15\/yvonne-sterk-et-la-revolution-palestinienne-video\/\" \/>\n<script type=\"application\/ld+json\" class=\"yoast-schema-graph\">{\"@context\":\"https:\\\/\\\/schema.org\",\"@graph\":[{\"@type\":\"Article\",\"@id\":\"https:\\\/\\\/charleroi-pourlapalestine.be\\\/index.php\\\/2022\\\/09\\\/15\\\/yvonne-sterk-et-la-revolution-palestinienne-video\\\/#article\",\"isPartOf\":{\"@id\":\"https:\\\/\\\/charleroi-pourlapalestine.be\\\/index.php\\\/2022\\\/09\\\/15\\\/yvonne-sterk-et-la-revolution-palestinienne-video\\\/\"},\"author\":{\"name\":\"admin1873\",\"@id\":\"https:\\\/\\\/charleroi-pourlapalestine.be\\\/#\\\/schema\\\/person\\\/c19ff515112f1299d8c12671d8fe3faa\"},\"headline\":\"La po\u00e9tesse belge Yvonne Sterk et la r\u00e9volution palestinienne (vid\u00e9o)\",\"datePublished\":\"2022-09-15T14:01:54+00:00\",\"dateModified\":\"2022-09-17T03:21:44+00:00\",\"mainEntityOfPage\":{\"@id\":\"https:\\\/\\\/charleroi-pourlapalestine.be\\\/index.php\\\/2022\\\/09\\\/15\\\/yvonne-sterk-et-la-revolution-palestinienne-video\\\/\"},\"wordCount\":376,\"publisher\":{\"@id\":\"https:\\\/\\\/charleroi-pourlapalestine.be\\\/#organization\"},\"image\":{\"@id\":\"https:\\\/\\\/charleroi-pourlapalestine.be\\\/index.php\\\/2022\\\/09\\\/15\\\/yvonne-sterk-et-la-revolution-palestinienne-video\\\/#primaryimage\"},\"thumbnailUrl\":\"https:\\\/\\\/charleroi-pourlapalestine.be\\\/wp-content\\\/uploads\\\/2022\\\/09\\\/Yvonne-Sterk-et-la-revolution-palestinienne.jpg\",\"keywords\":[\"Ghassan Kanafani\",\"Yvonne Sterk\"],\"articleSection\":[\"Belgique\",\"La r\u00e9volution palestinienne\",\"Lutte arm\u00e9e\",\"OLP\",\"Po\u00e9sie\"],\"inLanguage\":\"fr-FR\"},{\"@type\":\"WebPage\",\"@id\":\"https:\\\/\\\/charleroi-pourlapalestine.be\\\/index.php\\\/2022\\\/09\\\/15\\\/yvonne-sterk-et-la-revolution-palestinienne-video\\\/\",\"url\":\"https:\\\/\\\/charleroi-pourlapalestine.be\\\/index.php\\\/2022\\\/09\\\/15\\\/yvonne-sterk-et-la-revolution-palestinienne-video\\\/\",\"name\":\"La po\u00e9tesse belge Yvonne Sterk et la r\u00e9volution palestinienne (vid\u00e9o)\",\"isPartOf\":{\"@id\":\"https:\\\/\\\/charleroi-pourlapalestine.be\\\/#website\"},\"primaryImageOfPage\":{\"@id\":\"https:\\\/\\\/charleroi-pourlapalestine.be\\\/index.php\\\/2022\\\/09\\\/15\\\/yvonne-sterk-et-la-revolution-palestinienne-video\\\/#primaryimage\"},\"image\":{\"@id\":\"https:\\\/\\\/charleroi-pourlapalestine.be\\\/index.php\\\/2022\\\/09\\\/15\\\/yvonne-sterk-et-la-revolution-palestinienne-video\\\/#primaryimage\"},\"thumbnailUrl\":\"https:\\\/\\\/charleroi-pourlapalestine.be\\\/wp-content\\\/uploads\\\/2022\\\/09\\\/Yvonne-Sterk-et-la-revolution-palestinienne.jpg\",\"datePublished\":\"2022-09-15T14:01:54+00:00\",\"dateModified\":\"2022-09-17T03:21:44+00:00\",\"description\":\"Un reportage sur Yvonne Sterk, r\u00e9alis\u00e9 par une t\u00e9l\u00e9vision hollandaise, lorsqu'elle avait 85 ans.\",\"breadcrumb\":{\"@id\":\"https:\\\/\\\/charleroi-pourlapalestine.be\\\/index.php\\\/2022\\\/09\\\/15\\\/yvonne-sterk-et-la-revolution-palestinienne-video\\\/#breadcrumb\"},\"inLanguage\":\"fr-FR\",\"potentialAction\":[{\"@type\":\"ReadAction\",\"target\":[\"https:\\\/\\\/charleroi-pourlapalestine.be\\\/index.php\\\/2022\\\/09\\\/15\\\/yvonne-sterk-et-la-revolution-palestinienne-video\\\/\"]}]},{\"@type\":\"ImageObject\",\"inLanguage\":\"fr-FR\",\"@id\":\"https:\\\/\\\/charleroi-pourlapalestine.be\\\/index.php\\\/2022\\\/09\\\/15\\\/yvonne-sterk-et-la-revolution-palestinienne-video\\\/#primaryimage\",\"url\":\"https:\\\/\\\/charleroi-pourlapalestine.be\\\/wp-content\\\/uploads\\\/2022\\\/09\\\/Yvonne-Sterk-et-la-revolution-palestinienne.jpg\",\"contentUrl\":\"https:\\\/\\\/charleroi-pourlapalestine.be\\\/wp-content\\\/uploads\\\/2022\\\/09\\\/Yvonne-Sterk-et-la-revolution-palestinienne.jpg\",\"width\":524,\"height\":392},{\"@type\":\"BreadcrumbList\",\"@id\":\"https:\\\/\\\/charleroi-pourlapalestine.be\\\/index.php\\\/2022\\\/09\\\/15\\\/yvonne-sterk-et-la-revolution-palestinienne-video\\\/#breadcrumb\",\"itemListElement\":[{\"@type\":\"ListItem\",\"position\":1,\"name\":\"Accueil\",\"item\":\"https:\\\/\\\/charleroi-pourlapalestine.be\\\/\"},{\"@type\":\"ListItem\",\"position\":2,\"name\":\"La po\u00e9tesse belge Yvonne Sterk et la r\u00e9volution palestinienne (vid\u00e9o)\"}]},{\"@type\":\"WebSite\",\"@id\":\"https:\\\/\\\/charleroi-pourlapalestine.be\\\/#website\",\"url\":\"https:\\\/\\\/charleroi-pourlapalestine.be\\\/\",\"name\":\"Charleroi Pour la Palestine\",\"description\":\"\",\"publisher\":{\"@id\":\"https:\\\/\\\/charleroi-pourlapalestine.be\\\/#organization\"},\"potentialAction\":[{\"@type\":\"SearchAction\",\"target\":{\"@type\":\"EntryPoint\",\"urlTemplate\":\"https:\\\/\\\/charleroi-pourlapalestine.be\\\/?s={search_term_string}\"},\"query-input\":{\"@type\":\"PropertyValueSpecification\",\"valueRequired\":true,\"valueName\":\"search_term_string\"}}],\"inLanguage\":\"fr-FR\"},{\"@type\":\"Organization\",\"@id\":\"https:\\\/\\\/charleroi-pourlapalestine.be\\\/#organization\",\"name\":\"Plate-forme Charleroi-Palestine\",\"url\":\"https:\\\/\\\/charleroi-pourlapalestine.be\\\/\",\"logo\":{\"@type\":\"ImageObject\",\"inLanguage\":\"fr-FR\",\"@id\":\"https:\\\/\\\/charleroi-pourlapalestine.be\\\/#\\\/schema\\\/logo\\\/image\\\/\",\"url\":\"https:\\\/\\\/charleroi-pourlapalestine.be\\\/wp-content\\\/uploads\\\/2020\\\/01\\\/logo-Copy.jpg\",\"contentUrl\":\"https:\\\/\\\/charleroi-pourlapalestine.be\\\/wp-content\\\/uploads\\\/2020\\\/01\\\/logo-Copy.jpg\",\"width\":180,\"height\":180,\"caption\":\"Plate-forme Charleroi-Palestine\"},\"image\":{\"@id\":\"https:\\\/\\\/charleroi-pourlapalestine.be\\\/#\\\/schema\\\/logo\\\/image\\\/\"},\"sameAs\":[\"https:\\\/\\\/www.facebook.com\\\/PlateformeCharleroiPalestine\\\/\",\"https:\\\/\\\/x.com\\\/LaCharleroi\"]},{\"@type\":\"Person\",\"@id\":\"https:\\\/\\\/charleroi-pourlapalestine.be\\\/#\\\/schema\\\/person\\\/c19ff515112f1299d8c12671d8fe3faa\",\"name\":\"admin1873\",\"url\":\"https:\\\/\\\/charleroi-pourlapalestine.be\\\/index.php\\\/author\\\/admin1873\\\/\"}]}<\/script>\n<!-- \/ Yoast SEO plugin. -->","yoast_head_json":{"title":"La po\u00e9tesse belge Yvonne Sterk et la r\u00e9volution palestinienne (vid\u00e9o)","description":"Un reportage sur Yvonne Sterk, r\u00e9alis\u00e9 par une t\u00e9l\u00e9vision hollandaise, lorsqu'elle avait 85 ans.","robots":{"index":"index","follow":"follow","max-snippet":"max-snippet:-1","max-image-preview":"max-image-preview:large","max-video-preview":"max-video-preview:-1"},"canonical":"https:\/\/charleroi-pourlapalestine.be\/index.php\/2022\/09\/15\/yvonne-sterk-et-la-revolution-palestinienne-video\/","schema":{"@context":"https:\/\/schema.org","@graph":[{"@type":"Article","@id":"https:\/\/charleroi-pourlapalestine.be\/index.php\/2022\/09\/15\/yvonne-sterk-et-la-revolution-palestinienne-video\/#article","isPartOf":{"@id":"https:\/\/charleroi-pourlapalestine.be\/index.php\/2022\/09\/15\/yvonne-sterk-et-la-revolution-palestinienne-video\/"},"author":{"name":"admin1873","@id":"https:\/\/charleroi-pourlapalestine.be\/#\/schema\/person\/c19ff515112f1299d8c12671d8fe3faa"},"headline":"La po\u00e9tesse belge Yvonne Sterk et la r\u00e9volution palestinienne (vid\u00e9o)","datePublished":"2022-09-15T14:01:54+00:00","dateModified":"2022-09-17T03:21:44+00:00","mainEntityOfPage":{"@id":"https:\/\/charleroi-pourlapalestine.be\/index.php\/2022\/09\/15\/yvonne-sterk-et-la-revolution-palestinienne-video\/"},"wordCount":376,"publisher":{"@id":"https:\/\/charleroi-pourlapalestine.be\/#organization"},"image":{"@id":"https:\/\/charleroi-pourlapalestine.be\/index.php\/2022\/09\/15\/yvonne-sterk-et-la-revolution-palestinienne-video\/#primaryimage"},"thumbnailUrl":"https:\/\/charleroi-pourlapalestine.be\/wp-content\/uploads\/2022\/09\/Yvonne-Sterk-et-la-revolution-palestinienne.jpg","keywords":["Ghassan Kanafani","Yvonne Sterk"],"articleSection":["Belgique","La r\u00e9volution palestinienne","Lutte arm\u00e9e","OLP","Po\u00e9sie"],"inLanguage":"fr-FR"},{"@type":"WebPage","@id":"https:\/\/charleroi-pourlapalestine.be\/index.php\/2022\/09\/15\/yvonne-sterk-et-la-revolution-palestinienne-video\/","url":"https:\/\/charleroi-pourlapalestine.be\/index.php\/2022\/09\/15\/yvonne-sterk-et-la-revolution-palestinienne-video\/","name":"La po\u00e9tesse belge Yvonne Sterk et la r\u00e9volution palestinienne (vid\u00e9o)","isPartOf":{"@id":"https:\/\/charleroi-pourlapalestine.be\/#website"},"primaryImageOfPage":{"@id":"https:\/\/charleroi-pourlapalestine.be\/index.php\/2022\/09\/15\/yvonne-sterk-et-la-revolution-palestinienne-video\/#primaryimage"},"image":{"@id":"https:\/\/charleroi-pourlapalestine.be\/index.php\/2022\/09\/15\/yvonne-sterk-et-la-revolution-palestinienne-video\/#primaryimage"},"thumbnailUrl":"https:\/\/charleroi-pourlapalestine.be\/wp-content\/uploads\/2022\/09\/Yvonne-Sterk-et-la-revolution-palestinienne.jpg","datePublished":"2022-09-15T14:01:54+00:00","dateModified":"2022-09-17T03:21:44+00:00","description":"Un reportage sur Yvonne Sterk, r\u00e9alis\u00e9 par une t\u00e9l\u00e9vision hollandaise, lorsqu'elle avait 85 ans.","breadcrumb":{"@id":"https:\/\/charleroi-pourlapalestine.be\/index.php\/2022\/09\/15\/yvonne-sterk-et-la-revolution-palestinienne-video\/#breadcrumb"},"inLanguage":"fr-FR","potentialAction":[{"@type":"ReadAction","target":["https:\/\/charleroi-pourlapalestine.be\/index.php\/2022\/09\/15\/yvonne-sterk-et-la-revolution-palestinienne-video\/"]}]},{"@type":"ImageObject","inLanguage":"fr-FR","@id":"https:\/\/charleroi-pourlapalestine.be\/index.php\/2022\/09\/15\/yvonne-sterk-et-la-revolution-palestinienne-video\/#primaryimage","url":"https:\/\/charleroi-pourlapalestine.be\/wp-content\/uploads\/2022\/09\/Yvonne-Sterk-et-la-revolution-palestinienne.jpg","contentUrl":"https:\/\/charleroi-pourlapalestine.be\/wp-content\/uploads\/2022\/09\/Yvonne-Sterk-et-la-revolution-palestinienne.jpg","width":524,"height":392},{"@type":"BreadcrumbList","@id":"https:\/\/charleroi-pourlapalestine.be\/index.php\/2022\/09\/15\/yvonne-sterk-et-la-revolution-palestinienne-video\/#breadcrumb","itemListElement":[{"@type":"ListItem","position":1,"name":"Accueil","item":"https:\/\/charleroi-pourlapalestine.be\/"},{"@type":"ListItem","position":2,"name":"La po\u00e9tesse belge Yvonne Sterk et la r\u00e9volution palestinienne (vid\u00e9o)"}]},{"@type":"WebSite","@id":"https:\/\/charleroi-pourlapalestine.be\/#website","url":"https:\/\/charleroi-pourlapalestine.be\/","name":"Charleroi Pour la Palestine","description":"","publisher":{"@id":"https:\/\/charleroi-pourlapalestine.be\/#organization"},"potentialAction":[{"@type":"SearchAction","target":{"@type":"EntryPoint","urlTemplate":"https:\/\/charleroi-pourlapalestine.be\/?s={search_term_string}"},"query-input":{"@type":"PropertyValueSpecification","valueRequired":true,"valueName":"search_term_string"}}],"inLanguage":"fr-FR"},{"@type":"Organization","@id":"https:\/\/charleroi-pourlapalestine.be\/#organization","name":"Plate-forme Charleroi-Palestine","url":"https:\/\/charleroi-pourlapalestine.be\/","logo":{"@type":"ImageObject","inLanguage":"fr-FR","@id":"https:\/\/charleroi-pourlapalestine.be\/#\/schema\/logo\/image\/","url":"https:\/\/charleroi-pourlapalestine.be\/wp-content\/uploads\/2020\/01\/logo-Copy.jpg","contentUrl":"https:\/\/charleroi-pourlapalestine.be\/wp-content\/uploads\/2020\/01\/logo-Copy.jpg","width":180,"height":180,"caption":"Plate-forme Charleroi-Palestine"},"image":{"@id":"https:\/\/charleroi-pourlapalestine.be\/#\/schema\/logo\/image\/"},"sameAs":["https:\/\/www.facebook.com\/PlateformeCharleroiPalestine\/","https:\/\/x.com\/LaCharleroi"]},{"@type":"Person","@id":"https:\/\/charleroi-pourlapalestine.be\/#\/schema\/person\/c19ff515112f1299d8c12671d8fe3faa","name":"admin1873","url":"https:\/\/charleroi-pourlapalestine.be\/index.php\/author\/admin1873\/"}]}},"_links":{"self":[{"href":"https:\/\/charleroi-pourlapalestine.be\/index.php\/wp-json\/wp\/v2\/posts\/44140","targetHints":{"allow":["GET"]}}],"collection":[{"href":"https:\/\/charleroi-pourlapalestine.be\/index.php\/wp-json\/wp\/v2\/posts"}],"about":[{"href":"https:\/\/charleroi-pourlapalestine.be\/index.php\/wp-json\/wp\/v2\/types\/post"}],"author":[{"embeddable":true,"href":"https:\/\/charleroi-pourlapalestine.be\/index.php\/wp-json\/wp\/v2\/users\/1"}],"replies":[{"embeddable":true,"href":"https:\/\/charleroi-pourlapalestine.be\/index.php\/wp-json\/wp\/v2\/comments?post=44140"}],"version-history":[{"count":0,"href":"https:\/\/charleroi-pourlapalestine.be\/index.php\/wp-json\/wp\/v2\/posts\/44140\/revisions"}],"wp:featuredmedia":[{"embeddable":true,"href":"https:\/\/charleroi-pourlapalestine.be\/index.php\/wp-json\/wp\/v2\/media\/44154"}],"wp:attachment":[{"href":"https:\/\/charleroi-pourlapalestine.be\/index.php\/wp-json\/wp\/v2\/media?parent=44140"}],"wp:term":[{"taxonomy":"category","embeddable":true,"href":"https:\/\/charleroi-pourlapalestine.be\/index.php\/wp-json\/wp\/v2\/categories?post=44140"},{"taxonomy":"post_tag","embeddable":true,"href":"https:\/\/charleroi-pourlapalestine.be\/index.php\/wp-json\/wp\/v2\/tags?post=44140"}],"curies":[{"name":"wp","href":"https:\/\/api.w.org\/{rel}","templated":true}]}}