{"id":44388,"date":"2022-09-25T15:37:02","date_gmt":"2022-09-25T13:37:02","guid":{"rendered":"https:\/\/charleroi-pourlapalestine.be\/?p=44388"},"modified":"2022-09-25T15:37:08","modified_gmt":"2022-09-25T13:37:08","slug":"israel-avait-lintention-de-tuer-enquete","status":"publish","type":"post","link":"https:\/\/charleroi-pourlapalestine.be\/index.php\/2022\/09\/25\/israel-avait-lintention-de-tuer-enquete\/","title":{"rendered":"Isra\u00ebl <em>\u00ab avait l\u2019intention de tuer \u00bb<\/em> \u2014 enqu\u00eate"},"content":{"rendered":"<p>Un tireur d\u2019\u00e9lite de l\u2019arm\u00e9e isra\u00e9lienne a abattu mortellement la correspondante d\u2019<em>Al Jazeera<\/em>, <strong><a href=\"https:\/\/charleroi-pourlapalestine.be\/index.php\/tag\/shireen-abu-akleh\/\">Shireen Abu Akleh<\/a>,<\/strong> et a bless\u00e9 son coll\u00e8gue alors que tous deux \u00e9taient clairement identifiables en tant que journalistes, a r\u00e9v\u00e9l\u00e9 une nouvelle enqu\u00eate.<\/p>\n<p><strong><img loading=\"lazy\" decoding=\"async\" class=\"aligncenter wp-image-44392 size-full\" src=\"https:\/\/charleroi-pourlapalestine.be\/wp-content\/uploads\/2022\/09\/Enquete-sur-lassassinat-de-Shereen-Abu-Akleh-e1664038821196.jpg\" alt=\"\" width=\"559\" height=\"320\" srcset=\"https:\/\/charleroi-pourlapalestine.be\/wp-content\/uploads\/2022\/09\/Enquete-sur-lassassinat-de-Shereen-Abu-Akleh-e1664038821196.jpg 559w, https:\/\/charleroi-pourlapalestine.be\/wp-content\/uploads\/2022\/09\/Enquete-sur-lassassinat-de-Shereen-Abu-Akleh-e1664038821196-300x172.jpg 300w\" sizes=\"auto, (max-width: 559px) 100vw, 559px\" \/><\/strong><\/p>\n<p><a href=\"https:\/\/charleroi-pourlapalestine.be\/index.php\/tag\/maureen-clare-murphy\/\" target=\"_blank\" rel=\"noopener\"><strong>Maureen Clare Murphy<\/strong><\/a>, 21 septembre 2022<\/p>\n<p>Les conclusions de l\u2019enqu\u00eate, laquelle comprend <strong>des prises de vue in\u00e9dites pr\u00e9c\u00e9demment<\/strong> d\u2019<em>Al Jazeera<\/em>, ont \u00e9t\u00e9 publi\u00e9es mardi par le groupe de recherche install\u00e9 en Grande-Bretagne, <strong>Forensic Architecture<\/strong>, et par l\u2019organisation palestinienne de d\u00e9fense des droits humains<strong> Al-Haq<\/strong> (qui fait r\u00e9guli\u00e8rement appel aux services de Forensic Architecture \u2013 NdT).<\/p>\n<p>Le m\u00eame jour, la famille de Shireen Abu Akleh a introduit une plainte concernant le d\u00e9c\u00e8s de cette derni\u00e8re aupr\u00e8s de la <strong>Cour p\u00e9nale internationale.<\/strong><\/p>\n<p>Les conclusions d\u00e9cisives de <strong>Forensic Architecture<\/strong> et d\u2019<strong>Al-Haq<\/strong> contredisent les all\u00e9gations d\u2019Isra\u00ebl, r\u00e9p\u00e9t\u00e9es par l\u2019administration<strong> Biden<\/strong> \u00e0 Washington, selon lesquelles<strong> Shireeen Abu Akleh<\/strong> n\u2019a pas \u00e9t\u00e9 tu\u00e9e intentionnellement. La semaine derni\u00e8re, le porte-parole du d\u00e9partement d\u2019\u00c9tat am\u00e9ricain, <strong>Ned Price,<\/strong> a expliqu\u00e9 aux journalistes que la mort de Shireen Abu Akleh \u00e9tait <em>\u00ab le r\u00e9sultat tragique d\u2019un \u00e9change de coups de feu dans le contexte d\u2019un raid isra\u00e9lien en Cisjordanie \u00bb.<\/em><\/p>\n<blockquote><p><strong>\u00ab Shireen et ses coll\u00e8gues ont \u00e9t\u00e9 explicitement cibl\u00e9s, bien qu\u2019ils eussent \u00e9t\u00e9 identifiables en tant que membres de la presse \u00bb<\/strong>,<\/p><\/blockquote>\n<p>estime l\u2019enqu\u00eate.<\/p>\n<p><strong>Shireen Abu Akleh,<\/strong> 51 ans, faisait partie d\u2019un groupe de journalistes qui, t\u00f4t le matin du 11 mai, couvraient un raid isra\u00e9lien \u00e0 <strong>J\u00e9nine,<\/strong> dans le nord de la Cisjordanie.<\/p>\n<p>Une analyse spatiale entreprise dans le cadre de l\u2019enqu\u00eate montre que les journalistes, qui portaient des casques et des vestes les identifiant comme membres de la presse, \u00e9taient on ne peut plus identifiables en tant que tels depuis la position avantageuse d\u2019un convoi de v\u00e9hicules blind\u00e9s isra\u00e9liens \u00e0 quelque 200 m\u00e8tres de l\u00e0.<\/p>\n<p>Comme le groupe approchait lentement de la position isra\u00e9lienne, et sans avertissement pr\u00e9alable,<\/p>\n<blockquote><p>\u00ab la premi\u00e8re salve de six balles a \u00e9t\u00e9 tir\u00e9e sur les journalistes par un trou de sniper am\u00e9nag\u00e9 dans le v\u00e9hicule militaire de t\u00eate \u00bb,<\/p><\/blockquote>\n<p>selon Al-Haq.<\/p>\n<blockquote><p>\u00ab Le journaliste <strong>Ali Samoudi,<\/strong> qui marchait en t\u00eate, s\u2019est retourn\u00e9 et a cri\u00e9 <em>\u00ab On tire des balles \u00bb<\/em> et il s\u2019est mis \u00e0 faire demi-tour en courant jusqu\u2019au moment o\u00f9 il a \u00e9t\u00e9 touch\u00e9 \u00e0 l\u2019\u00e9paule gauche par une de ces balles \u00bb,<\/p><\/blockquote>\n<p>a ajout\u00e9 l\u2019organisation de d\u00e9fense des droits.<\/p>\n<p>Quelques instants plus tard, une deuxi\u00e8me salve de sept coups de feu a pris les journalistes pour cibles, frappant Shireen Abu Akleh \u00e0 la t\u00eate au moment o\u00f9 elle tentait de se mettre \u00e0 couvert en s\u2019appuyant contre un mur.<\/p>\n<p>Une troisi\u00e8me salve est venue de la position isra\u00e9lienne deux minutes plus tard, quand un civil appel\u00e9 <strong>Sharif Azab<\/strong> a tent\u00e9 de venir en aide \u00e0 Shireen Abu Akleh.<\/p>\n<blockquote class=\"twitter-tweet\" data-width=\"500\" data-dnt=\"true\">\n<p lang=\"en\" dir=\"ltr\">No other shots in any of the footage analysed came from the vicinity of the journalists. The only shots fired in the 3 minutes preceding the shooting of Shireen came from the IOF\u2019s position, confirming there was no exchange of fire. 7\/9 <a href=\"https:\/\/t.co\/HfzP983oGE\">pic.twitter.com\/HfzP983oGE<\/a><\/p>\n<p>&mdash; Forensic Architecture (@ForensicArchi) <a href=\"https:\/\/twitter.com\/ForensicArchi\/status\/1572366438102601728?ref_src=twsrc%5Etfw\">September 20, 2022<\/a><\/p><\/blockquote>\n<p><script async src=\"https:\/\/platform.twitter.com\/widgets.js\" charset=\"utf-8\"><\/script><\/p>\n<p>&nbsp;<\/p>\n<h3><em><strong>\u00ab Dans l\u2019intention de tuer \u00bb<\/strong><\/em><\/h3>\n<p><strong>Forensic Architecture<\/strong> et <strong>Al-Haq<\/strong><\/p>\n<blockquote><p>\u00ab ont entrepris une \u00e9tude extensive par drone afin de reconstruire un scan photogramm\u00e9trique pr\u00e9cis, en 3D, de la sc\u00e8ne \u00bb.<\/p><\/blockquote>\n<p>Ils ont \u00e9galement situ\u00e9 toutes les cam\u00e9ras qui ont r\u00e9alis\u00e9 des prises de vue de la fusillade \u00e0 l\u2019int\u00e9rieur du mod\u00e8le et<\/p>\n<blockquote><p>\u00ab situ\u00e9 les positions pr\u00e9cises des journalistes lors des moments importants tout au long de l\u2019incident \u00bb.<\/p><\/blockquote>\n<p>Les enqu\u00eateurs ont \u00e9galement<\/p>\n<blockquote><p>\u00ab identifi\u00e9 et reconstitu\u00e9 la position pr\u00e9cise des forces isra\u00e9liennes \u00bb et \u00ab identifi\u00e9 le v\u00e9hicule blind\u00e9 depuis lequel Shireen a \u00e9t\u00e9 abattue \u00bb<\/p><\/blockquote>\n<p>par un tireur d\u2019\u00e9lite utilisant un instrument optique mont\u00e9 sur un fusil d\u2019assaut.<\/p>\n<p>Les enqu\u00eateurs<\/p>\n<blockquote><p>\u00ab ont simul\u00e9 la fa\u00e7on dont Shireen et les autres journalistes devaient appara\u00eetre depuis la position du tireur \u00e0 190 m\u00e8tres de l\u00e0 \u00bb.<\/p><\/blockquote>\n<p>Le mod\u00e8le montre que<\/p>\n<blockquote><p>\u00ab les vestes de presse des <strong><em>\u00ab journalistes devaient \u00eatre clairement visibles \u00bb.<\/em><\/strong><\/p>\n<p>\u00ab Les journalistes \u00e9taient clairement identifiables en tant que tels \u00bb,<\/p><\/blockquote>\n<p>ont estim\u00e9 les enqu\u00eateurs. <strong>Shireen Abu Akleh<\/strong> a \u00e9t\u00e9 abattue<\/p>\n<blockquote><p>\u00ab avec sa tenue de presse compl\u00e8tement visible \u00bb<\/p><\/blockquote>\n<p>de la part du tireur d\u2019\u00e9lite.<\/p>\n<blockquote><p>\u00ab La proximit\u00e9 des tirs \u00bb,<\/p><\/blockquote>\n<p>y compris quatre balles qui ont touch\u00e9 un arbre prot\u00e9geant quelques-uns des coll\u00e8gues de Shireen Abu Akleh,<\/p>\n<blockquote><p>\u00ab confirme qu\u2019un tireur professionnel a cibl\u00e9 les journalistes explicitement et \u00e0 diverses reprises \u00bb.<\/p><\/blockquote>\n<p>Tous les tirs <strong><em>\u00ab visaient au-dessus des \u00e9paules et \u00e9taient pr\u00e9vus pour tuer \u00bb<\/em><\/strong>, selon l\u2019enqu\u00eate.<\/p>\n<p>Une prise de vue analys\u00e9e par les enqu\u00eateurs montre qu\u2019il n\u2019y avait personne d\u2019autre entre les journalistes et le convoi de v\u00e9hicules blind\u00e9s isra\u00e9liens et qu\u2019il n\u2019y avait pas de personnes arm\u00e9es \u00e0 proximit\u00e9 de <strong>Shireen Abu Akleh<\/strong> et de ses coll\u00e8gues.<\/p>\n<p>Une analyse sonore confirme que le seul coup de feu tir\u00e9 dans les trois minutes avant celui de la balle destin\u00e9e \u00e0 Shireen Abu Akleh est venu <strong>de la position isra\u00e9lienne.<\/strong><\/p>\n<blockquote><p>\u00ab Dans aucune des prises de vue analys\u00e9es, il n\u2019y a eu d\u2019autres tirs venus du voisinage des journalistes \u00bb,<\/p><\/blockquote>\n<p>ont d\u00e9couvert les enqu\u00eateurs.<\/p>\n<p><em>\u00ab Le lent mouvement des journalistes \u00bb<\/em> vers la position isra\u00e9lienne avant que celle-ci n\u2019ouvre le feu<\/p>\n<blockquote><p>\u00ab <strong>soutient l\u2019affirmation selon laquelle il n\u2019y avait pas d\u2019autres combattants ni de tirs crois\u00e9s au moment m\u00eame de l\u2019incident<\/strong> \u00bb.<\/p><\/blockquote>\n<p>L\u2019enqu\u00eate est <strong>la plus approfondie<\/strong>, m\u00eame apr\u00e8s que diverses autres enqu\u00eates ind\u00e9pendantes ont d\u00e9couvert elles aussi que Shireen Abu Akleh avait \u00e9t\u00e9 plus que probablement tu\u00e9e par un soldat isra\u00e9lien, et apr\u00e8s que <strong>CNN<\/strong> avait m\u00eame indiqu\u00e9 qu\u2019elle avait \u00e9t\u00e9 d\u00e9lib\u00e9r\u00e9ment vis\u00e9e.<\/p>\n<p><strong>Al-Haq<\/strong> d\u00e9clare que la mort de Shireen Abu Akleh \u00e9quivaut \u00e0 une <strong>ex\u00e9cution extrajudiciaire d\u00e9lib\u00e9r\u00e9e<\/strong>,<\/p>\n<blockquote><p>\u00ab une infraction grave \u00e0 l\u2019encontre de la Quatri\u00e8me Convention de Gen\u00e8ve et un crime de guerre sous le Statut de Rome de la Cour p\u00e9nale internationale, donnant naissance \u00e0 une responsabilit\u00e9 criminelle individuelle \u00bb.<\/p><\/blockquote>\n<p><strong>Isra\u00ebl<\/strong> a d\u00e9termin\u00e9 au-del\u00e0 de la conclusion de son auto-enqu\u00eate de l\u2019arm\u00e9e qu\u2019aucun soldat ne serait confront\u00e9 \u00e0 des charges p\u00e9nales pour la mort de Shireen Abu Akleh.<\/p>\n<p><strong>La famille de Shireen Abu Akleh<\/strong>, qui \u00e9tait citoyenne am\u00e9ricaine, a insist\u00e9 aupr\u00e8s de Washington pour que soit ouverte une enqu\u00eate sur l\u2019assassinat de la journaliste.<\/p>\n<p>L\u2019administration <strong>Biden<\/strong> <strong>insiste pour qu\u2019on s\u2019en remette aux m\u00e9canismes d\u2019auto-enqu\u00eate de l\u2019arm\u00e9e isra\u00e9lienne<\/strong>, discr\u00e9dit\u00e9s depuis longtemps par les avocats des droits humains comme \u00e9tant des op\u00e9rations de blanchiment visant \u00e0 d\u00e9tourner l\u2019attention internationale plut\u00f4t qu\u2019\u00e0 garantir la justice pour les victimes palestiniennes.<\/p>\n<p>La semaine derni\u00e8re, Ned Price, le porte-parole du d\u00e9partement d\u2019\u00c9tat, a dit :<\/p>\n<blockquote><p>\u00ab Nous avons toujours \u00e9t\u00e9 tr\u00e8s clairs en disant que nous ne cherchions pas la responsabilisation personnelle, dans le cas Abu Akleh. \u00bb<\/p><\/blockquote>\n<p>Les <strong>EU<\/strong> ont invit\u00e9 instamment Isra\u00ebl \u00e0 revoir ses r\u00e8gles d\u2019engagement, et cela ne leur a servi qu\u2019\u00e0 se faire rabrouer par Tel-Aviv, avec le Premier ministre <strong>Yair Lapid<\/strong> qui a insist\u00e9 en disant :<\/p>\n<blockquote><p>\u00ab Personne ne nous dictera des r\u00e9glementations d\u2019ouverture de tir alors que nous nous battons pour nos existences. \u00bb<\/p><\/blockquote>\n<h3><strong><br \/>\nL\u2019UE laisse tomber l\u2019appel en faveur d\u2019une enqu\u00eate ind\u00e9pendante<\/strong><\/h3>\n<p>\u00c0 l\u2019instar des EU,<strong> l\u2019Union europ\u00e9enne, apparemment, se satisfait de l\u2019auto-enqu\u00eate superficielle d\u2019Isra\u00ebl sur la mort de Shireen Abu Akleh.<\/strong><\/p>\n<blockquote><p>\u00ab Lors d\u2019une r\u00e9union avec Lapid pr\u00e9vue le mois prochain, <strong>les pays de l\u2019UE pr\u00e9voient de laisser tomber les appels en faveur d\u2019une enqu\u00eate <em>\u2018ind\u00e9pendante\u2019<\/em> <\/strong>autour du meurtre choquant \u00bb<\/p><\/blockquote>\n<p>de la journaliste, a rapport\u00e9 <em>EUobserver<\/em> lundi.<\/p>\n<blockquote class=\"twitter-tweet\" data-width=\"500\" data-dnt=\"true\">\n<p lang=\"en\" dir=\"ltr\">Some EU states have blocked the EU from calling for \u201cindependent\u201d investigation into the killing of Shireen Abu Akleh at the upcoming EU-Israel Association Council.<\/p>\n<p>This is betrayal of all EU rhetoric about protection of journalists worldwide and support for accountability. <a href=\"https:\/\/t.co\/DzGQASNeyZ\">https:\/\/t.co\/DzGQASNeyZ<\/a><\/p>\n<p>&mdash; Martin Kone\u010dn\u00fd (@MartinKonecny) <a href=\"https:\/\/twitter.com\/MartinKonecny\/status\/1572191539912413185?ref_src=twsrc%5Etfw\">September 20, 2022<\/a><\/p><\/blockquote>\n<p><script async src=\"https:\/\/platform.twitter.com\/widgets.js\" charset=\"utf-8\"><\/script><\/p>\n<p>Le service des <strong>Affaires \u00e9trang\u00e8res de l\u2019UE<\/strong> avait propos\u00e9 de dire, dans une d\u00e9claration accompagnant la <strong>r\u00e9union du Conseil associatif EU-Isra\u00ebl<\/strong> de haut niveau que l\u2019institution<\/p>\n<blockquote><p>\u00ab r\u00e9it\u00e8re son appel en faveur d\u2019une enqu\u00eate compl\u00e8te et ind\u00e9pendante qui clarifiera toutes les circonstances de la mort de Shireen Abu Akleh et qui tra\u00eenera devant la justice les responsables de son assassinat \u00bb.<\/p><\/blockquote>\n<p><strong>Au lieu de cela, le service pr\u00e9voit d\u00e9sormais d\u2019en d\u00e9livrer une version \u00e9dulcor\u00e9e dans laquelle<\/strong><\/p>\n<blockquote><p>\u00ab l\u2019UE r\u00e9it\u00e9rera son appel en faveur d\u2019une enqu\u00eate compl\u00e8te (\u2026) apr\u00e8s quoi les personnes responsables seront amen\u00e9es devant la justice \u00bb.<\/p><\/blockquote>\n<blockquote class=\"twitter-tweet\" data-width=\"500\" data-dnt=\"true\">\n<p lang=\"en\" dir=\"ltr\">Today my family is at the International Criminal Court to submit a formal complaint, calling on the international community to investigate Israel&#39;s killing of my aunt Shireen Abu Akleh, and deliver accountability and justice where others have failed. Our family statement below \ud83d\udc47 <a href=\"https:\/\/t.co\/uMWRCLR49d\">pic.twitter.com\/uMWRCLR49d<\/a><\/p>\n<p>&mdash; Lina Abu Akleh (@LinaAbuAkleh) <a href=\"https:\/\/twitter.com\/LinaAbuAkleh\/status\/1572151269321498625?ref_src=twsrc%5Etfw\">September 20, 2022<\/a><\/p><\/blockquote>\n<p><script async src=\"https:\/\/platform.twitter.com\/widgets.js\" charset=\"utf-8\"><\/script><\/p>\n<blockquote class=\"twitter-tweet\" data-width=\"500\" data-dnt=\"true\">\n<p lang=\"en\" dir=\"ltr\">This investigation by FA and <a href=\"https:\/\/twitter.com\/alhaq_org?ref_src=twsrc%5Etfw\">@alhaq_org<\/a> is the first to employ a precise digital reconstruction of the incident. Our findings will be an addendum to a complaint to the <a href=\"https:\/\/twitter.com\/IntlCrimCourt?ref_src=twsrc%5Etfw\">@IntlCrimCourt<\/a> submitted by Shireen&#39;s family and colleagues this morning (20 September) at the Hague. 9\/9 <a href=\"https:\/\/t.co\/tSr0Hxtoqk\">pic.twitter.com\/tSr0Hxtoqk<\/a><\/p>\n<p>&mdash; Forensic Architecture (@ForensicArchi) <a href=\"https:\/\/twitter.com\/ForensicArchi\/status\/1572366623238938626?ref_src=twsrc%5Etfw\">September 20, 2022<\/a><\/p><\/blockquote>\n<p><script async src=\"https:\/\/platform.twitter.com\/widgets.js\" charset=\"utf-8\"><\/script><\/p>\n<p>Mardi, la <strong>F\u00e9d\u00e9ration internationale des journalistes<\/strong>, le <strong>Centre international de justice pour les Palestiniens<\/strong> et le <strong>Syndicat des journalistes palestiniens<\/strong> ont transmis une nouvelle plainte \u00e0 la <strong>Cour p\u00e9nale internationale<\/strong> au nom de la<strong> famille Abu Akleh et de son producteur, Ali Samoudi<\/strong>, qui avait \u00e9t\u00e9 bless\u00e9 sans gravit\u00e9.<\/p>\n<p>Les <strong>congressistes de Washington<\/strong> continuent d\u2019insister aupr\u00e8s de l\u2019administration<strong> Biden<\/strong> pour qu\u2019elle lance une <strong>enqu\u00eate ind\u00e9pendante<\/strong>, alors que les plus en vue des s\u00e9nateurs d\u00e9mocrates ont propos\u00e9 un amendement comprenant des<\/p>\n<blockquote><p>\u00ab mots sans pr\u00e9c\u00e9dent demandant aux EU de voir \u2018si la section 620M de la Loi [d\u2019assistance \u00e0 l\u2019\u00e9tranger] s\u2019applique au cas Abu Akleh dans les 180 jours \u00bb,<\/p><\/blockquote>\n<p>a rapport\u00e9 le quotidien de Tel-Aviv, <em>Haaretz<\/em>.<\/p>\n<p>L\u2019amendement fait r\u00e9f\u00e9rence \u00e0 la<strong> Loi Leahy de 1997<\/strong> qui <strong>interdit aux EU de fournir de l\u2019aide militaire aux unit\u00e9s des arm\u00e9es \u00e9trang\u00e8res quand il existe des informations cr\u00e9dibles selon lesquelles ces unit\u00e9s ont viol\u00e9 impun\u00e9ment les droits humains.<\/strong><\/p>\n<p>Cependant, fait remarquer <em>Haaretz<\/em> notes, on ne voit pas clairement<\/p>\n<blockquote><p>\u00ab comment la Loi Leahy op\u00e9rerait dans la pratique, \u00e9tant donn\u00e9 la fa\u00e7on dont le financement militaire \u00e0 l\u2019\u00e9tranger vers Isra\u00ebl est juridiquement stipul\u00e9 \u00bb<\/p><\/blockquote>\n<p>par le Congr\u00e8s am\u00e9ricaine \u00e0 un niveau de <strong>3,8 milliards de USD par an<\/strong>.<\/p>\n<p>Le s\u00e9nateur <strong>Chris Murphy<\/strong>, qui a cosponsoris\u00e9 l\u2019amendement, a expliqu\u00e9 \u00e0 Mehdi Hassan, personnalit\u00e9 des infos de MSNBC, qu\u2019alors qu\u2019il ne soutient pas actuellement le conditionnement de l\u2019aide am\u00e9ricaine \u00e0 Isra\u00ebl, <em>\u00ab nous tous examinons tr\u00e8s soigneusement le comportement du gouvernement isra\u00e9lien \u00bb.<\/p>\n<p><\/em><\/p>\n<p><strong>Isra\u00ebl tue impun\u00e9ment<\/strong><\/p>\n<p>Le cas Abu Akleh est une exception dans l\u2019impunit\u00e9 quasi totale avec laquelle Isra\u00ebl tue des Palestiniens.<\/p>\n<p><strong>Jusqu\u2019\u00e0 pr\u00e9sent, cette ann\u00e9e, quelque 90 Palestiniens ont \u00e9t\u00e9 tu\u00e9s en Cisjordanie par les soldats et colons isra\u00e9liens. C\u2019est l\u2019ann\u00e9e la plus mortelle dans le territoire depuis 2015, lorsque 100 Palestiniens environ avaient \u00e9t\u00e9 mortellement bless\u00e9s.<\/strong><\/p>\n<p>Environ un tiers des d\u00e9c\u00e8s de cette ann\u00e9e provenaient de la r\u00e9gion de<strong> J\u00e9nine,<\/strong> qui a \u00e9t\u00e9 soumise \u00e0 des raids quotidiens comme celui au cours duquel Shireen Abu Akleh a \u00e9t\u00e9 abattue apr\u00e8s une vague d\u2019attaques en Isra\u00ebl qui avaient commenc\u00e9 fin mars.<\/p>\n<p>Des dizaines d\u2019autres Palestiniens avaient \u00e9t\u00e9 tu\u00e9s au cours des bombardements isra\u00e9liens de <strong>Gaza,<\/strong> non provoqu\u00e9s et qui avaient dur\u00e9 pr\u00e8s de trois jours, le mois dernier.<\/p>\n<p>Ces derni\u00e8res ann\u00e9es,<strong> seuls une poign\u00e9e de soldats isra\u00e9liens<\/strong> ont \u00e9t\u00e9 confront\u00e9s \u00e0 des charges criminelles concernant la mort d\u2019un Palestinien.<\/p>\n<p>Dans l\u2019un de ces rares exemples, un agent de la police des fronti\u00e8res, <strong>Ben Dery,<\/strong> a \u00e9t\u00e9 condamn\u00e9 \u00e0 neuf mois de prison en 2018, quatre ans apr\u00e8s avoir abattu et tu\u00e9 <strong>Nadim Siam Nuwara,<\/strong> 17 ans.<\/p>\n<p><strong>Dery<\/strong> avait \u00e9t\u00e9 initialement accus\u00e9 d\u2019homicide mais finalement condamn\u00e9 pour un moindre crime, <em>\u00ab n\u00e9gligence et l\u00e9sions corporelles s\u00e9v\u00e8res \u00bb<\/em>, apr\u00e8s avoir accept\u00e9 une n\u00e9gociation de peine.<\/p>\n<p>Comme dans le cas de <strong>Shireen Abu Akleh,<\/strong> <strong>Forensic Architecture<\/strong> avait \u00e9t\u00e9 engag\u00e9e par <strong>Defense for Children International \u2013 Palestine<\/strong> afin de mener une analyse spatiale sur vid\u00e9o afin de d\u00e9terminer le soldat qui avait abattu et tu\u00e9 l\u2019adolescent.<\/p>\n<p>Et, \u00e0 la fin de l\u2019an dernier, comme <strong>Al-Haq,<\/strong> partenaire de <strong>Forensic Architecture<\/strong> dans l\u2019enqu\u00eate sur l\u2019assassinat de Shireen Abu Akleh,<strong> Defense for Children International \u2013 Palestine<\/strong> a \u00e9t\u00e9 d\u00e9sign\u00e9e comme<em> \u00ab organisation terroriste \u00bb<\/em> par le gouvernement isra\u00e9lien, en m\u00eame temps que quatre autres organisations non gouvernementales palestiniennes de premier plan.<\/p>\n<p>En ao\u00fbt, les forces isra\u00e9liennes ont envahi et ferm\u00e9 ensuite les bureaux de ces organisations dans la r\u00e9gion de <strong>Ramallah<\/strong>, le si\u00e8ge de l\u2019Autorit\u00e9 palestinienne en Cisjordanie.<\/p>\n<p>La semaine derni\u00e8re, <strong>Forensic Architecture<\/strong> et <strong>Al-Haq<\/strong> ont publi\u00e9 une analyse de <strong>CCTV<\/strong> et d\u2019autres prises de vue disponibles montrant le raid dans les <strong>bureaux d\u2019Al-Haq<\/strong>, lequel comprenait une intrusion forc\u00e9e dans l\u2019<strong>\u00c9glise \u00e9piscopale,<\/strong> un \u00e9tage plus bas.<\/p>\n<p>La prise de vue montre que, durant le raid, qui a dur\u00e9 plus d\u2019une heure, les soldats ont fouill\u00e9 dans les dossiers, se sont introduits dans les IT et le local du serveur, ainsi que dans le bureau de <strong>Shawan Jabarin,<\/strong> le directeur g\u00e9n\u00e9ral d\u2019<strong>Al-Haq<\/strong> et dans d\u2019autres bureaux d\u00e9partementaux.<\/p>\n<p>Les prises de vue montrent \u00e9galement les soldats en train de fraterniser, de prendre des photos troph\u00e9es et de poser pour des selfies.<\/p>\n<blockquote><p>\u00ab Avec la connaissance de l\u2019existence des cam\u00e9ras CCTV, ces actions livrent un message d\u2019humiliation et de domination des lieux \u00bb,<\/p><\/blockquote>\n<p>d\u00e9clarent <strong>Forensic Architecture<\/strong> et<strong> Al-Haq.<\/strong><\/p>\n<p>Les soldats ont coup\u00e9 le courant dans le b\u00e2timent quelque 40 minutes apr\u00e8s le d\u00e9but du raid, ils ont <strong>\u00e9teint les cam\u00e9ras CCTV int\u00e9rieures<\/strong>, avant de souder une plaque m\u00e9tallique sur la porte et d\u00e9poser une ordonnance de fermeture.<\/p>\n<p><strong>Jabarin<\/strong> a expliqu\u00e9 aux m\u00e9dias qu\u2019il soup\u00e7onnait que les soldats avaient install\u00e9 des<strong> logiciels espions dans les ordinateurs d\u2019Al-Haq<\/strong>. L\u2019an dernier, un logiciel de surveillance <strong>Pegasus<\/strong> avait \u00e9t\u00e9 d\u00e9couvert dans les <strong>appareils personnels des membres de l\u2019\u00e9quipe d\u2019Al-Haq.<\/strong><\/p>\n<p>Les membres d\u2019Al-Haq ont \u00e9t\u00e9 soumis \u00e0 des campagnes de <strong>harc\u00e8lement<\/strong> comprenant des menaces de mort \u00e0 propos de leur travail de responsabilisation devant la <strong>Cour p\u00e9nale internationale.<\/strong><\/p>\n<p><strong>Al-Haq<\/strong> et <strong>Defense for Children International \u2013 Palestine,<\/strong> ainsi qu\u2019<strong>Addameer,<\/strong> une autre organisation proscrite par Isra\u00ebl l\u2019an dernier, ont fourni des preuves \u00e0 l\u2019enqu\u00eate de la <strong>Cour p\u00e9nale de La Haye<\/strong> en Palestine, qui avait \u00e9t\u00e9 lanc\u00e9e en mars de l\u2019an dernier.<\/p>\n<blockquote class=\"twitter-tweet\" data-width=\"500\" data-dnt=\"true\">\n<p lang=\"en\" dir=\"ltr\">With new investigative techniques and technologies it is getting harder and harder for Israel to hide its abuses against Palestinians. This is a significant reason why it has sought to outlaw, delegitimise and criminalise those organisations like <a href=\"https:\/\/twitter.com\/alhaq_org?ref_src=twsrc%5Etfw\">@alhaq_org<\/a> who deploy them. <a href=\"https:\/\/t.co\/bnoNh6GaqD\">https:\/\/t.co\/bnoNh6GaqD<\/a><\/p>\n<p>&mdash; Rohan Talbot (@rohantalbot) <a href=\"https:\/\/twitter.com\/rohantalbot\/status\/1572246299558256640?ref_src=twsrc%5Etfw\">September 20, 2022<\/a><\/p><\/blockquote>\n<p><script async src=\"https:\/\/platform.twitter.com\/widgets.js\" charset=\"utf-8\"><\/script><\/p>\n<p><strong>Les EU s\u2019opposent \u00e0 l\u2019enqu\u00eate de la CPI en Palestine.<\/strong><\/p>\n<p>Le porte-parole du d\u00e9partement d\u2019\u00c9tat, Ned Price, a d\u00e9clar\u00e9 que<strong> l\u2019administration Biden ne croyait pas que l\u2019ICC \u00e9tait un <em>\u00ab organisme ad\u00e9quat \u00bb<\/em> pour une enqu\u00eate sur l\u2019assassinat de Shireen Abu Akleh.<\/strong> <strong>Mais, dans le m\u00eame briefing, il a toutefois expliqu\u00e9 que la Maison-Blanche accueillait favorablement l\u2019enqu\u00eate de la cour de La Haye sur les crimes de guerre en Ukraine.<\/strong><\/p>\n<p>Lors de sa visite en Isra\u00ebl et en Cisjordanie en juillet, <strong>Biden<\/strong> a <strong>promis que Washington allait collaborer avec Tel-Aviv pour<\/strong><\/p>\n<blockquote><p><strong>\u00ab combattre tous les efforts en vue de boycotter ou d\u00e9l\u00e9gitimer Isra\u00ebl, de nier son droit \u00e0 l\u2019autod\u00e9fense ou de le tenir de fa\u00e7on malhonn\u00eate \u00e0 l\u2019\u00e9cart de tout forum, y compris aux Nations unies ou \u00e0 la Cour p\u00e9nale internationale \u00bb.<\/strong><\/p><\/blockquote>\n<p><strong>Vid\u00e9o : Shireen Abu Akleh \u2013 Ex\u00e9cution extrajudiciaire d\u2019une journaliste<\/strong> (en anglais)<\/p>\n<p>https:\/\/youtu.be\/BXjVDKILC3s?t=11<\/p>\n<p style=\"text-align: center;\">\u00b0\u00b0\u00b0\u00b0\u00b0<\/p>\n<p>Publi\u00e9 le 21 septembre 2022 sur<a href=\"https:\/\/electronicintifada.net\/blogs\/maureen-clare-murphy\/israel-intended-kill-shireen-abu-akleh-probe\" target=\"_blank\" rel=\"noopener\"> The Electronic Intifadah<\/a><br \/>\nTraduction : Jean-Marie Fl\u00e9mal, <a href=\"https:\/\/charleroi-pourlapalestine.be\/\">Charleroi pour la Palestine<\/a><\/p>\n","protected":false},"excerpt":{"rendered":"<p>Mais, \u00e0 l\u2019instar des EU, l\u2019Union europ\u00e9enne, apparemment, se satisfait de l\u2019auto-enqu\u00eate superficielle d\u2019Isra\u00ebl sur la mort de Shireen Abu Akleh.<\/p>\n","protected":false},"author":1,"featured_media":44392,"comment_status":"closed","ping_status":"closed","sticky":false,"template":"","format":"standard","meta":{"ngg_post_thumbnail":0,"footnotes":""},"categories":[209,40,52,810,125,140,459,185],"tags":[809],"class_list":["post-44388","post","type-post","status-publish","format-standard","has-post-thumbnail","hentry","category-cpi","category-les-crimes-de-guerre","category-la-cour-penale-internationale","category-execution-extrajudiciaire","category-impunite","category-letat-colonial","category-ukraine","category-union-europeenne","tag-shireen-abu-akleh"],"yoast_head":"<!-- This site is optimized with the Yoast SEO plugin v27.3 - https:\/\/yoast.com\/product\/yoast-seo-wordpress\/ -->\n<title>Isra\u00ebl \u00ab avait l\u2019intention de tuer \u00bb \u2014 enqu\u00eate<\/title>\n<meta name=\"description\" content=\"Mais, \u00e0 l\u2019instar des EU, l\u2019Union europ\u00e9enne, apparemment, se satisfait de l\u2019auto-enqu\u00eate superficielle d\u2019Isra\u00ebl sur la mort de Shireen Abu Akleh.\" \/>\n<meta name=\"robots\" content=\"index, follow, max-snippet:-1, max-image-preview:large, max-video-preview:-1\" \/>\n<link rel=\"canonical\" href=\"https:\/\/charleroi-pourlapalestine.be\/index.php\/2022\/09\/25\/israel-avait-lintention-de-tuer-enquete\/\" \/>\n<script type=\"application\/ld+json\" class=\"yoast-schema-graph\">{\"@context\":\"https:\\\/\\\/schema.org\",\"@graph\":[{\"@type\":\"Article\",\"@id\":\"https:\\\/\\\/charleroi-pourlapalestine.be\\\/index.php\\\/2022\\\/09\\\/25\\\/israel-avait-lintention-de-tuer-enquete\\\/#article\",\"isPartOf\":{\"@id\":\"https:\\\/\\\/charleroi-pourlapalestine.be\\\/index.php\\\/2022\\\/09\\\/25\\\/israel-avait-lintention-de-tuer-enquete\\\/\"},\"author\":{\"name\":\"admin1873\",\"@id\":\"https:\\\/\\\/charleroi-pourlapalestine.be\\\/#\\\/schema\\\/person\\\/c19ff515112f1299d8c12671d8fe3faa\"},\"headline\":\"Isra\u00ebl \u00ab avait l\u2019intention de tuer \u00bb \u2014 enqu\u00eate\",\"datePublished\":\"2022-09-25T13:37:02+00:00\",\"dateModified\":\"2022-09-25T13:37:08+00:00\",\"mainEntityOfPage\":{\"@id\":\"https:\\\/\\\/charleroi-pourlapalestine.be\\\/index.php\\\/2022\\\/09\\\/25\\\/israel-avait-lintention-de-tuer-enquete\\\/\"},\"wordCount\":2768,\"publisher\":{\"@id\":\"https:\\\/\\\/charleroi-pourlapalestine.be\\\/#organization\"},\"image\":{\"@id\":\"https:\\\/\\\/charleroi-pourlapalestine.be\\\/index.php\\\/2022\\\/09\\\/25\\\/israel-avait-lintention-de-tuer-enquete\\\/#primaryimage\"},\"thumbnailUrl\":\"https:\\\/\\\/charleroi-pourlapalestine.be\\\/wp-content\\\/uploads\\\/2022\\\/09\\\/Enquete-sur-lassassinat-de-Shereen-Abu-Akleh-e1664038821196.jpg\",\"keywords\":[\"Shireen Abu Akleh\"],\"articleSection\":[\"CPI\",\"Crimes de guerre\",\"Etats-Unis\",\"ex\u00e9cution extrajudiciaire\",\"Impunit\u00e9\",\"L'Etat colonial\",\"Ukraine\",\"Union europ\u00e9enne\"],\"inLanguage\":\"fr-FR\"},{\"@type\":\"WebPage\",\"@id\":\"https:\\\/\\\/charleroi-pourlapalestine.be\\\/index.php\\\/2022\\\/09\\\/25\\\/israel-avait-lintention-de-tuer-enquete\\\/\",\"url\":\"https:\\\/\\\/charleroi-pourlapalestine.be\\\/index.php\\\/2022\\\/09\\\/25\\\/israel-avait-lintention-de-tuer-enquete\\\/\",\"name\":\"Isra\u00ebl \u00ab avait l\u2019intention de tuer \u00bb \u2014 enqu\u00eate\",\"isPartOf\":{\"@id\":\"https:\\\/\\\/charleroi-pourlapalestine.be\\\/#website\"},\"primaryImageOfPage\":{\"@id\":\"https:\\\/\\\/charleroi-pourlapalestine.be\\\/index.php\\\/2022\\\/09\\\/25\\\/israel-avait-lintention-de-tuer-enquete\\\/#primaryimage\"},\"image\":{\"@id\":\"https:\\\/\\\/charleroi-pourlapalestine.be\\\/index.php\\\/2022\\\/09\\\/25\\\/israel-avait-lintention-de-tuer-enquete\\\/#primaryimage\"},\"thumbnailUrl\":\"https:\\\/\\\/charleroi-pourlapalestine.be\\\/wp-content\\\/uploads\\\/2022\\\/09\\\/Enquete-sur-lassassinat-de-Shereen-Abu-Akleh-e1664038821196.jpg\",\"datePublished\":\"2022-09-25T13:37:02+00:00\",\"dateModified\":\"2022-09-25T13:37:08+00:00\",\"description\":\"Mais, \u00e0 l\u2019instar des EU, l\u2019Union europ\u00e9enne, apparemment, se satisfait de l\u2019auto-enqu\u00eate superficielle d\u2019Isra\u00ebl sur la mort de Shireen Abu Akleh.\",\"breadcrumb\":{\"@id\":\"https:\\\/\\\/charleroi-pourlapalestine.be\\\/index.php\\\/2022\\\/09\\\/25\\\/israel-avait-lintention-de-tuer-enquete\\\/#breadcrumb\"},\"inLanguage\":\"fr-FR\",\"potentialAction\":[{\"@type\":\"ReadAction\",\"target\":[\"https:\\\/\\\/charleroi-pourlapalestine.be\\\/index.php\\\/2022\\\/09\\\/25\\\/israel-avait-lintention-de-tuer-enquete\\\/\"]}]},{\"@type\":\"ImageObject\",\"inLanguage\":\"fr-FR\",\"@id\":\"https:\\\/\\\/charleroi-pourlapalestine.be\\\/index.php\\\/2022\\\/09\\\/25\\\/israel-avait-lintention-de-tuer-enquete\\\/#primaryimage\",\"url\":\"https:\\\/\\\/charleroi-pourlapalestine.be\\\/wp-content\\\/uploads\\\/2022\\\/09\\\/Enquete-sur-lassassinat-de-Shereen-Abu-Akleh-e1664038821196.jpg\",\"contentUrl\":\"https:\\\/\\\/charleroi-pourlapalestine.be\\\/wp-content\\\/uploads\\\/2022\\\/09\\\/Enquete-sur-lassassinat-de-Shereen-Abu-Akleh-e1664038821196.jpg\",\"width\":559,\"height\":320},{\"@type\":\"BreadcrumbList\",\"@id\":\"https:\\\/\\\/charleroi-pourlapalestine.be\\\/index.php\\\/2022\\\/09\\\/25\\\/israel-avait-lintention-de-tuer-enquete\\\/#breadcrumb\",\"itemListElement\":[{\"@type\":\"ListItem\",\"position\":1,\"name\":\"Accueil\",\"item\":\"https:\\\/\\\/charleroi-pourlapalestine.be\\\/\"},{\"@type\":\"ListItem\",\"position\":2,\"name\":\"Isra\u00ebl \u00ab avait l\u2019intention de tuer \u00bb \u2014 enqu\u00eate\"}]},{\"@type\":\"WebSite\",\"@id\":\"https:\\\/\\\/charleroi-pourlapalestine.be\\\/#website\",\"url\":\"https:\\\/\\\/charleroi-pourlapalestine.be\\\/\",\"name\":\"Charleroi Pour la Palestine\",\"description\":\"\",\"publisher\":{\"@id\":\"https:\\\/\\\/charleroi-pourlapalestine.be\\\/#organization\"},\"potentialAction\":[{\"@type\":\"SearchAction\",\"target\":{\"@type\":\"EntryPoint\",\"urlTemplate\":\"https:\\\/\\\/charleroi-pourlapalestine.be\\\/?s={search_term_string}\"},\"query-input\":{\"@type\":\"PropertyValueSpecification\",\"valueRequired\":true,\"valueName\":\"search_term_string\"}}],\"inLanguage\":\"fr-FR\"},{\"@type\":\"Organization\",\"@id\":\"https:\\\/\\\/charleroi-pourlapalestine.be\\\/#organization\",\"name\":\"Plate-forme Charleroi-Palestine\",\"url\":\"https:\\\/\\\/charleroi-pourlapalestine.be\\\/\",\"logo\":{\"@type\":\"ImageObject\",\"inLanguage\":\"fr-FR\",\"@id\":\"https:\\\/\\\/charleroi-pourlapalestine.be\\\/#\\\/schema\\\/logo\\\/image\\\/\",\"url\":\"https:\\\/\\\/charleroi-pourlapalestine.be\\\/wp-content\\\/uploads\\\/2020\\\/01\\\/logo-Copy.jpg\",\"contentUrl\":\"https:\\\/\\\/charleroi-pourlapalestine.be\\\/wp-content\\\/uploads\\\/2020\\\/01\\\/logo-Copy.jpg\",\"width\":180,\"height\":180,\"caption\":\"Plate-forme Charleroi-Palestine\"},\"image\":{\"@id\":\"https:\\\/\\\/charleroi-pourlapalestine.be\\\/#\\\/schema\\\/logo\\\/image\\\/\"},\"sameAs\":[\"https:\\\/\\\/www.facebook.com\\\/PlateformeCharleroiPalestine\\\/\",\"https:\\\/\\\/x.com\\\/LaCharleroi\"]},{\"@type\":\"Person\",\"@id\":\"https:\\\/\\\/charleroi-pourlapalestine.be\\\/#\\\/schema\\\/person\\\/c19ff515112f1299d8c12671d8fe3faa\",\"name\":\"admin1873\",\"url\":\"https:\\\/\\\/charleroi-pourlapalestine.be\\\/index.php\\\/author\\\/admin1873\\\/\"}]}<\/script>\n<!-- \/ Yoast SEO plugin. -->","yoast_head_json":{"title":"Isra\u00ebl \u00ab avait l\u2019intention de tuer \u00bb \u2014 enqu\u00eate","description":"Mais, \u00e0 l\u2019instar des EU, l\u2019Union europ\u00e9enne, apparemment, se satisfait de l\u2019auto-enqu\u00eate superficielle d\u2019Isra\u00ebl sur la mort de Shireen Abu Akleh.","robots":{"index":"index","follow":"follow","max-snippet":"max-snippet:-1","max-image-preview":"max-image-preview:large","max-video-preview":"max-video-preview:-1"},"canonical":"https:\/\/charleroi-pourlapalestine.be\/index.php\/2022\/09\/25\/israel-avait-lintention-de-tuer-enquete\/","schema":{"@context":"https:\/\/schema.org","@graph":[{"@type":"Article","@id":"https:\/\/charleroi-pourlapalestine.be\/index.php\/2022\/09\/25\/israel-avait-lintention-de-tuer-enquete\/#article","isPartOf":{"@id":"https:\/\/charleroi-pourlapalestine.be\/index.php\/2022\/09\/25\/israel-avait-lintention-de-tuer-enquete\/"},"author":{"name":"admin1873","@id":"https:\/\/charleroi-pourlapalestine.be\/#\/schema\/person\/c19ff515112f1299d8c12671d8fe3faa"},"headline":"Isra\u00ebl \u00ab avait l\u2019intention de tuer \u00bb \u2014 enqu\u00eate","datePublished":"2022-09-25T13:37:02+00:00","dateModified":"2022-09-25T13:37:08+00:00","mainEntityOfPage":{"@id":"https:\/\/charleroi-pourlapalestine.be\/index.php\/2022\/09\/25\/israel-avait-lintention-de-tuer-enquete\/"},"wordCount":2768,"publisher":{"@id":"https:\/\/charleroi-pourlapalestine.be\/#organization"},"image":{"@id":"https:\/\/charleroi-pourlapalestine.be\/index.php\/2022\/09\/25\/israel-avait-lintention-de-tuer-enquete\/#primaryimage"},"thumbnailUrl":"https:\/\/charleroi-pourlapalestine.be\/wp-content\/uploads\/2022\/09\/Enquete-sur-lassassinat-de-Shereen-Abu-Akleh-e1664038821196.jpg","keywords":["Shireen Abu Akleh"],"articleSection":["CPI","Crimes de guerre","Etats-Unis","ex\u00e9cution extrajudiciaire","Impunit\u00e9","L'Etat colonial","Ukraine","Union europ\u00e9enne"],"inLanguage":"fr-FR"},{"@type":"WebPage","@id":"https:\/\/charleroi-pourlapalestine.be\/index.php\/2022\/09\/25\/israel-avait-lintention-de-tuer-enquete\/","url":"https:\/\/charleroi-pourlapalestine.be\/index.php\/2022\/09\/25\/israel-avait-lintention-de-tuer-enquete\/","name":"Isra\u00ebl \u00ab avait l\u2019intention de tuer \u00bb \u2014 enqu\u00eate","isPartOf":{"@id":"https:\/\/charleroi-pourlapalestine.be\/#website"},"primaryImageOfPage":{"@id":"https:\/\/charleroi-pourlapalestine.be\/index.php\/2022\/09\/25\/israel-avait-lintention-de-tuer-enquete\/#primaryimage"},"image":{"@id":"https:\/\/charleroi-pourlapalestine.be\/index.php\/2022\/09\/25\/israel-avait-lintention-de-tuer-enquete\/#primaryimage"},"thumbnailUrl":"https:\/\/charleroi-pourlapalestine.be\/wp-content\/uploads\/2022\/09\/Enquete-sur-lassassinat-de-Shereen-Abu-Akleh-e1664038821196.jpg","datePublished":"2022-09-25T13:37:02+00:00","dateModified":"2022-09-25T13:37:08+00:00","description":"Mais, \u00e0 l\u2019instar des EU, l\u2019Union europ\u00e9enne, apparemment, se satisfait de l\u2019auto-enqu\u00eate superficielle d\u2019Isra\u00ebl sur la mort de Shireen Abu Akleh.","breadcrumb":{"@id":"https:\/\/charleroi-pourlapalestine.be\/index.php\/2022\/09\/25\/israel-avait-lintention-de-tuer-enquete\/#breadcrumb"},"inLanguage":"fr-FR","potentialAction":[{"@type":"ReadAction","target":["https:\/\/charleroi-pourlapalestine.be\/index.php\/2022\/09\/25\/israel-avait-lintention-de-tuer-enquete\/"]}]},{"@type":"ImageObject","inLanguage":"fr-FR","@id":"https:\/\/charleroi-pourlapalestine.be\/index.php\/2022\/09\/25\/israel-avait-lintention-de-tuer-enquete\/#primaryimage","url":"https:\/\/charleroi-pourlapalestine.be\/wp-content\/uploads\/2022\/09\/Enquete-sur-lassassinat-de-Shereen-Abu-Akleh-e1664038821196.jpg","contentUrl":"https:\/\/charleroi-pourlapalestine.be\/wp-content\/uploads\/2022\/09\/Enquete-sur-lassassinat-de-Shereen-Abu-Akleh-e1664038821196.jpg","width":559,"height":320},{"@type":"BreadcrumbList","@id":"https:\/\/charleroi-pourlapalestine.be\/index.php\/2022\/09\/25\/israel-avait-lintention-de-tuer-enquete\/#breadcrumb","itemListElement":[{"@type":"ListItem","position":1,"name":"Accueil","item":"https:\/\/charleroi-pourlapalestine.be\/"},{"@type":"ListItem","position":2,"name":"Isra\u00ebl \u00ab avait l\u2019intention de tuer \u00bb \u2014 enqu\u00eate"}]},{"@type":"WebSite","@id":"https:\/\/charleroi-pourlapalestine.be\/#website","url":"https:\/\/charleroi-pourlapalestine.be\/","name":"Charleroi Pour la Palestine","description":"","publisher":{"@id":"https:\/\/charleroi-pourlapalestine.be\/#organization"},"potentialAction":[{"@type":"SearchAction","target":{"@type":"EntryPoint","urlTemplate":"https:\/\/charleroi-pourlapalestine.be\/?s={search_term_string}"},"query-input":{"@type":"PropertyValueSpecification","valueRequired":true,"valueName":"search_term_string"}}],"inLanguage":"fr-FR"},{"@type":"Organization","@id":"https:\/\/charleroi-pourlapalestine.be\/#organization","name":"Plate-forme Charleroi-Palestine","url":"https:\/\/charleroi-pourlapalestine.be\/","logo":{"@type":"ImageObject","inLanguage":"fr-FR","@id":"https:\/\/charleroi-pourlapalestine.be\/#\/schema\/logo\/image\/","url":"https:\/\/charleroi-pourlapalestine.be\/wp-content\/uploads\/2020\/01\/logo-Copy.jpg","contentUrl":"https:\/\/charleroi-pourlapalestine.be\/wp-content\/uploads\/2020\/01\/logo-Copy.jpg","width":180,"height":180,"caption":"Plate-forme Charleroi-Palestine"},"image":{"@id":"https:\/\/charleroi-pourlapalestine.be\/#\/schema\/logo\/image\/"},"sameAs":["https:\/\/www.facebook.com\/PlateformeCharleroiPalestine\/","https:\/\/x.com\/LaCharleroi"]},{"@type":"Person","@id":"https:\/\/charleroi-pourlapalestine.be\/#\/schema\/person\/c19ff515112f1299d8c12671d8fe3faa","name":"admin1873","url":"https:\/\/charleroi-pourlapalestine.be\/index.php\/author\/admin1873\/"}]}},"_links":{"self":[{"href":"https:\/\/charleroi-pourlapalestine.be\/index.php\/wp-json\/wp\/v2\/posts\/44388","targetHints":{"allow":["GET"]}}],"collection":[{"href":"https:\/\/charleroi-pourlapalestine.be\/index.php\/wp-json\/wp\/v2\/posts"}],"about":[{"href":"https:\/\/charleroi-pourlapalestine.be\/index.php\/wp-json\/wp\/v2\/types\/post"}],"author":[{"embeddable":true,"href":"https:\/\/charleroi-pourlapalestine.be\/index.php\/wp-json\/wp\/v2\/users\/1"}],"replies":[{"embeddable":true,"href":"https:\/\/charleroi-pourlapalestine.be\/index.php\/wp-json\/wp\/v2\/comments?post=44388"}],"version-history":[{"count":0,"href":"https:\/\/charleroi-pourlapalestine.be\/index.php\/wp-json\/wp\/v2\/posts\/44388\/revisions"}],"wp:featuredmedia":[{"embeddable":true,"href":"https:\/\/charleroi-pourlapalestine.be\/index.php\/wp-json\/wp\/v2\/media\/44392"}],"wp:attachment":[{"href":"https:\/\/charleroi-pourlapalestine.be\/index.php\/wp-json\/wp\/v2\/media?parent=44388"}],"wp:term":[{"taxonomy":"category","embeddable":true,"href":"https:\/\/charleroi-pourlapalestine.be\/index.php\/wp-json\/wp\/v2\/categories?post=44388"},{"taxonomy":"post_tag","embeddable":true,"href":"https:\/\/charleroi-pourlapalestine.be\/index.php\/wp-json\/wp\/v2\/tags?post=44388"}],"curies":[{"name":"wp","href":"https:\/\/api.w.org\/{rel}","templated":true}]}}