{"id":44519,"date":"2022-09-29T11:05:41","date_gmt":"2022-09-29T09:05:41","guid":{"rendered":"https:\/\/charleroi-pourlapalestine.be\/?p=44519"},"modified":"2022-09-29T11:06:36","modified_gmt":"2022-09-29T09:06:36","slug":"israel-a-t-il-tire-profit-de-la-guerre-en-europe","status":"publish","type":"post","link":"https:\/\/charleroi-pourlapalestine.be\/index.php\/2022\/09\/29\/israel-a-t-il-tire-profit-de-la-guerre-en-europe\/","title":{"rendered":"Isra\u00ebl a-t-il tir\u00e9 profit de la guerre en Europe ?"},"content":{"rendered":"<p>L\u2019une des nombreuses cons\u00e9quences horribles de la guerre en Europe, c\u2019est qu\u2019elle a cr\u00e9\u00e9 de nouvelles opportunit\u00e9s pour les trafiquants d\u2019armes.<\/p>\n<div id=\"attachment_44520\" style=\"width: 579px\" class=\"wp-caption aligncenter\"><img loading=\"lazy\" decoding=\"async\" aria-describedby=\"caption-attachment-44520\" class=\"wp-image-44520 size-full\" src=\"https:\/\/charleroi-pourlapalestine.be\/wp-content\/uploads\/2022\/09\/Rafael-e1664441120668.jpg\" alt=\"La firme isra\u00e9lienne Rafael esp\u00e8re d\u00e9crocher d\u2019importants contrats en Europe. (Photo : via Facebook)\" width=\"569\" height=\"320\" srcset=\"https:\/\/charleroi-pourlapalestine.be\/wp-content\/uploads\/2022\/09\/Rafael-e1664441120668.jpg 569w, https:\/\/charleroi-pourlapalestine.be\/wp-content\/uploads\/2022\/09\/Rafael-e1664441120668-300x169.jpg 300w\" sizes=\"auto, (max-width: 569px) 100vw, 569px\" \/><p id=\"caption-attachment-44520\" class=\"wp-caption-text\">La firme isra\u00e9lienne Rafael esp\u00e8re d\u00e9crocher d\u2019importants contrats en Europe. (Photo : via Facebook)<\/p><\/div>\n<p><strong>David Cronin<\/strong>, 27 septembre 2022<\/p>\n<p>Les marchands d\u2019armes isra\u00e9liens ont-ils \u00e9t\u00e9 entra\u00een\u00e9s \u00e0 \u00eatre en m\u00eame temps effront\u00e9s et \u00e9vasifs ?<\/p>\n<p>Dans une d\u00e9claration r\u00e9cente, la firme <strong>Rafael,<\/strong> install\u00e9e \u00e0 <strong>Ha\u00effa<\/strong>, s\u2019est vant\u00e9e que <strong>son syst\u00e8me de missile Spyder avait prouv\u00e9 <em>\u00ab son efficacit\u00e9 au combat, y compris en Europe \u00bb.<\/em><\/strong><\/p>\n<p>Comme je n\u2019avais aucune id\u00e9e de ce \u00e0 quoi <em>\u00ab combat \u00bb<\/em> faisait allusion, j\u2019ai contact\u00e9 Daniel Tsemach, un repr\u00e9sentant de la firme.<\/p>\n<p>En guise de r\u00e9ponse, il m\u2019a transmis par courriel quelques liens internet au sujet de l\u2019arm\u00e9e de la G\u00e9orgie.<\/p>\n<p>Aucun de ces liens ne d\u00e9clarait explicitement que les missiles Spyder avaient prouv\u00e9 leur efficacit\u00e9 au combat sur le sol europ\u00e9en. Et c\u2019est ainsi que j\u2019ai adress\u00e9 \u00e0 Tsemach un nouveau courriel lui demandant qu\u2019il me donne une <em>\u00ab r\u00e9ponse claire \u00bb<\/em> \u00e0 ma question.<\/p>\n<blockquote><p>\u00ab Vous pouvez ais\u00e9ment obtenir votre r\u00e9ponse via des sources ouvertes \u00bb,<\/p><\/blockquote>\n<p>m\u2019a-t-il r\u00e9pondu.<\/p>\n<blockquote><p>\u00ab C\u2019est tout ce que j\u2019ai \u00e0 vous proposer. Nous ne parlons pas au nom de nos clients. \u00bb<\/p><\/blockquote>\n<p>Un peu de recherche allait contribuer \u00e0 clarifier le probl\u00e8me, du moins en partie.<\/p>\n<p>En 2008, un certain nombre de missiles Spyder \u2013 \u00e0 l\u2019\u00e9poque, de d\u00e9veloppement r\u00e9cent \u2013 ont \u00e9t\u00e9 livr\u00e9s \u00e0 la G\u00e9orgie, para\u00eet-il.<\/p>\n<p>Une firme isra\u00e9lienne a-t-elle cette fois admis \u2013 du moins avec un clin d\u2019\u0153il entendu \u2013 que la G\u00e9orgie a utilis\u00e9 ses armes dans sa guerre contre la Russie la m\u00eame ann\u00e9e ?<\/p>\n<p>Il est malais\u00e9 de voir quelle autre conclusion on pourrait tirer de la fanfaronnade de Rafael.<\/p>\n<p>Aujourd\u2019hui, bien s\u00fbr, la Russie est en guerre avec l\u2019Ukraine. L\u2019une des nombreuses cons\u00e9quences horribles de la guerre, c\u2019est qu\u2019elle a cr\u00e9\u00e9 de nouvelles opportunit\u00e9s pour les trafiquants d\u2019armes.<\/p>\n<p>Plut\u00f4t que d\u2019adopter l\u2019option sens\u00e9e \u2013 mettre sur pied des pourparlers de cessez-le-feu et chercher \u00e0 r\u00e9duire les tensions \u2013 l\u2019<strong>Union europ\u00e9enne<\/strong> <strong>a accru le flux d\u2019armes vers l\u2019Ukraine,<\/strong> prolongeant ainsi la guerre sans n\u00e9cessit\u00e9.<\/p>\n<h3><strong>Un consensus dangereux<\/strong><\/h3>\n<p>Un consensus dangereux s\u2019est d\u00e9velopp\u00e9 parmi l\u2019\u00e9lite politique eu Europe : Les budgets militaires devaient passer \u00e0 la hausse.<\/p>\n<p>De fa\u00e7on pr\u00e9visible, Isra\u00ebl entend entrer dans l\u2019action autant que possible.<\/p>\n<p><strong>Avant l\u2019invasion russe de l\u2019Ukraine, l\u2019Europe constituait d\u00e9j\u00e0 la principale destination des exportations d\u2019armes d\u2019Isra\u00ebl. De nombreuses opportunit\u00e9s nouvelles ont vu le jour depuis.<\/strong><\/p>\n<p>R\u00e9cemment, la <strong>Su\u00e8de<\/strong> et la <strong>Finlande<\/strong> \u2013 nominalement neutres jusqu\u2019au moment o\u00f9 elles ont demand\u00e9 leur affiliation \u00e0 l\u2019<strong>OTAN<\/strong> un peu plus t\u00f4t cette ann\u00e9e \u2013 ont toutes deux achet\u00e9 ou envisag\u00e9 d\u2019acheter des armes \u00e0 Isra\u00ebl.<\/p>\n<p>L\u2019<strong>Allemagne<\/strong> a consacr\u00e9 pr\u00e8s de 100 milliards de USD pour remettre son arm\u00e9e en \u00e9tat. Les armes isra\u00e9liennes sont susceptibles de figurer en t\u00eate sur les listes de shopping dress\u00e9es \u00e0 Berlin.<\/p>\n<p>En 2021, la firme susmentionn\u00e9e, <strong>Rafael<\/strong>, a sign\u00e9 un contrat de 627 millions de USD afin d\u2019installer le syst\u00e8me Spyder en <strong>r\u00e9publique tch\u00e8que.<\/strong><\/p>\n<p>La firme esp\u00e8re d\u00e9sormais dynamiser ses affaires ailleurs en Europe. Cela explique pourquoi elle recourt \u00e0 des euph\u00e9mismes comme<em> \u00ab test\u00e9 au combat \u00bb<\/em> afin de commercialiser ses armes.<\/p>\n<h3><strong>L\u2019irrespect envers la vie priv\u00e9e<\/strong><\/h3>\n<p><strong>RT<\/strong>, un fabricant isra\u00e9lien de technologie de surveillance, a \u00e9t\u00e9 plus insolent encore dans la promotion de ses activit\u00e9s.<\/p>\n<p>On peut le voir dans un article publi\u00e9 r\u00e9cemment par le magazine d\u2019affaires <em>IsraelDefense<\/em>.<\/p>\n<p>Celui-ci rapporte comment<strong> Isra\u00ebl utilise des <em>\u00ab ballons d\u2019observation \u00bb<\/em> de RT au-dessus de Gaza<\/strong>.<\/p>\n<p>Les donn\u00e9es rassembl\u00e9es par ces engins gonflables se d\u00e9pla\u00e7ant \u00e0 haute altitude sont relay\u00e9es vers une chambre d\u2019op\u00e9ration, o\u00f9 des images de la<em> \u00ab vie quotidienne dans la bande de Gaza \u00bb<\/em> apparaissent sur des \u00e9crans.<\/p>\n<p><em>\u00ab Deux femmes travaillent dans le champ \u00bb<\/em>, dit l\u2019article, d\u00e9crivant les images per\u00e7ues.<\/p>\n<blockquote><p>\u00ab Un poids lourd est gar\u00e9 pr\u00e8s de la cl\u00f4ture du p\u00e9rim\u00e8tre [la fronti\u00e8re entre Gaza et Isra\u00ebl], une jeep roule lentement sur une route en mauvais \u00e9tat. Un peu plus loin, c\u2019est un village avec des maisons et du linge pendu \u00e0 l\u2019ext\u00e9rieur. \u00bb<\/p><\/blockquote>\n<p>M\u00eame selon les normes isra\u00e9liennes, le culot affich\u00e9 dans ces quelques lignes est extraordinaire.<\/p>\n<p>Voici une reconnaissance manifeste de ce qu\u2019une vie priv\u00e9e a \u00e9t\u00e9 totalement refus\u00e9e aux gens de Gaza. Chaque aspect de leurs existences est d\u00e9sormais contr\u00f4l\u00e9 par l\u2019arm\u00e9e isra\u00e9lienne.<\/p>\n<p>Il est difficile d\u2019imaginer qu\u2019Isra\u00ebl et ses amis puissent \u00eatre aussi d\u00e9sinvoltes \u00e0 propos de l\u2019espionnage de masse s\u2019il \u00e9tait dirig\u00e9 sur des Occidentaux. <strong>Ils sont g\u00e9n\u00e9ralement rest\u00e9s silencieux, par exemple, \u00e0 propos de la controverse autour de Pegasus<\/strong> et des r\u00e9v\u00e9lations selon lesquelles les t\u00e9l\u00e9phones d\u2019activistes et de journalistes de divers pays avaient \u00e9t\u00e9 infect\u00e9s par des logiciels espions de conception isra\u00e9lienne.<\/p>\n<p>Le Parlement europ\u00e9en a r\u00e9clam\u00e9 une enqu\u00eate, sur ce scandale. Alors qu\u2019il est d\u2019une importance vitale que la pleine v\u00e9rit\u00e9 soit \u00e9tablie sur Pegasus, il est virtuellement impensable que les institutions de Bruxelles se chargeraient d\u2019une telle enqu\u00eate si les Palestiniens \u00e9taient les seules victimes.<\/p>\n<p>C\u2019est un secret de polichinelle que de dire qu\u2019Isra\u00ebl teste ses nouvelles armes sur les Palestiniens.<\/p>\n<p>Isra\u00ebl a gagn\u00e9 une tranche tr\u00e8s lucrative du march\u00e9 mondial des drones. Israel Aerospace Industries et <strong>Elbit Systems<\/strong> ont d\u00e9crit leurs drones comme <em>\u00ab ayant fait leurs preuves au combat \u00bb<\/em> ou <em>\u00ab test\u00e9s sur les champs de bataille \u00bb<\/em>, m\u00eame si l\u2019\u00c9tat n\u2019a pas admis d\u2019avoir utilis\u00e9 des drones arm\u00e9s au cours d\u2019op\u00e9rations militaires.<\/p>\n<p>Ce n\u2019est qu\u2019en juin de cette ann\u00e9e que la censure isra\u00e9lienne a lev\u00e9 une tr\u00e8s vieille consigne de silence. Via cette ordonnance, les m\u00e9dias du pays \u00e9taient emp\u00each\u00e9s de parler de la fa\u00e7on dont les Palestiniens \u00e9taient tu\u00e9s ou mutil\u00e9s \u00e0 l\u2019aide de drones arm\u00e9s.<\/p>\n<p>Avec cette transparence plus grande, l\u2019<strong>Union europ\u00e9enne<\/strong> semblera encore un peu plus ridicule quand elle se posera en d\u00e9fenseuse des droits humains alors qu\u2019en m\u00eame temps, elle encourage le commerce avec Isra\u00ebl, et particuli\u00e8rement dans le domaine de son industrie de l\u2019armement.<\/p>\n<p>Apr\u00e8s avoir \u00e9t\u00e9 remis\u00e9 dans la naphtaline pendant une d\u00e9cennie, le <strong>Conseil associatif EU-Isra\u00ebl<\/strong> <strong>se r\u00e9unira \u00e0 nouveau le 6 octobre.<\/strong><\/p>\n<p>Revivre ce conseil n\u2019importe quand constituerait une horreur. Il est inexcusable de le faire quelques mois \u00e0 peine apr\u00e8s qu\u2019Isra\u00ebl a tu\u00e9 la journaliste <strong>Shireen Abu Akleh<\/strong> et a lanc\u00e9 une autre offensive majeure contre <strong>Gaza<\/strong>, ainsi qu\u2019au beau milieu d\u2019autres horreurs en cours, comme les tueries r\u00e9guli\u00e8res d\u2019enfants palestiniens \u00e0 <strong>J\u00e9nine<\/strong> et les menaces d\u2019expulsion \u00e0 <strong>Masafer Yatta.<\/strong><\/p>\n<p>La r\u00e9union du Conseil associatif produira presque \u00e0 coup s\u00fbr pas mal de verbiage \u00e0 propos de la qu\u00eate de paix et de justice.<\/p>\n<p><strong>En achetant des armes \u00e0 Isra\u00ebl, les pays de l\u2019UE prouvent \u00e0 quel point ils se soucient peu de ces buts.<\/strong><\/p>\n<p>\u00b0\u00b0\u00b0\u00b0\u00b0<\/p>\n<p><strong><a href=\"https:\/\/charleroi-pourlapalestine.be\/index.php\/tag\/david-cronin\/\">David Cronin<\/a><a href=\"https:\/\/charleroi-pourlapalestine.be\/index.php\/tag\/david-cronin\/\"><img loading=\"lazy\" decoding=\"async\" class=\"alignright wp-image-20420 size-full\" src=\"https:\/\/charleroi-pourlapalestine.be\/wp-content\/uploads\/2020\/12\/david-cronin.jpg\" alt=\"\" width=\"112\" height=\"112\"><\/a><\/strong>&nbsp;est l\u2019auteur de plusieurs ouvrages, dont&nbsp;<a href=\"https:\/\/assolaguillotine.wordpress.com\/catalogue\/europe-israel-de-david-cronin\/\" target=\"_blank\" rel=\"noopener noreferrer\"><em><strong><span id=\"productTitle\" class=\"a-size-large\">Europe Isra\u00ebl : Une alliance contre-nature <\/span><\/strong><\/em><\/a><span id=\"productTitle\" class=\"a-size-large\">(Ed. La Guillotine \u2013 2013) et&nbsp;<\/span>&nbsp;<strong><em>Europe\u2019s Alliance With Israel: Aiding the Occupation<\/em>&nbsp;<\/strong>(Pluto Press, 2011 \u2013&nbsp;<strong><em>L\u2019Alliance de l\u2019Europe avec Isra\u00ebl contribue \u00e0 l\u2019occupation<\/em>)<\/strong>. Il a particip\u00e9 \u00e0 la r\u00e9daction du rapport \u201c<strong><a href=\"http:\/\/powerbase.info\/images\/0\/06\/PII_IsraelLobbyEUreport2016_Cronin_Mursak_Miller.pdf\" target=\"_blank\" rel=\"noopener noreferrer\">The israeli lobby and the European Union<\/a><\/strong>\u201d.&nbsp;<br \/>\nSon dernier livre est :&nbsp;<strong><span id=\"productTitle\" class=\"a-size-large\"><em>Balfour\u2019s Shadow: A Century of British Support for Zionism and Israel<\/em>&nbsp;<\/span><\/strong><span id=\"productTitle\" class=\"a-size-large\">(Pluto Press \u2013 Londres 2017).<\/span><\/p>\n<p>Il a \u00e9crit de nombreux articles pour de nombreuses publications, dont&nbsp;<strong>The Guardian, The Wall Street Journal Europe, European Voice, the Inter Press Service, The Irish Times and The Sunday Tribune.<\/strong> En tant qu\u2019activiste politique, il a tent\u00e9 d\u2019appliquer un \u00e9tat d\u2019 \u201carrestation citoyenne\u201d \u00e0 <strong>Tony Blair<\/strong>&nbsp;et Avigdor&nbsp;<strong>Lieberman&nbsp;<\/strong>pour crimes contre l\u2019humanit\u00e9.&nbsp;<\/p>\n<p style=\"text-align: center;\">\u00b0\u00b0\u00b0\u00b0\u00b0<\/p>\n<p>Publi\u00e9 le 27 septembre 2022 sur <a href=\"https:\/\/electronicintifada.net\/blogs\/david-cronin\/has-israel-benefited-war-europe\" target=\"_blank\" rel=\"noopener\">The Electronic Intifada&nbsp;&nbsp;<\/a><\/p>\n<p>Traduction : Jean-Marie Fl\u00e9mal, <a href=\"https:\/\/charleroi-pourlapalestine.be\/\">Charleroi pour la Palestine<\/a><\/p>\n","protected":false},"excerpt":{"rendered":"<p>L\u2019une des nombreuses cons\u00e9quences horribles de la guerre en Europe, c\u2019est qu\u2019elle a cr\u00e9\u00e9 de nouvelles opportunit\u00e9s pour les trafiquants d\u2019armes.<\/p>\n","protected":false},"author":1,"featured_media":44520,"comment_status":"closed","ping_status":"closed","sticky":false,"template":"","format":"standard","meta":{"ngg_post_thumbnail":0,"footnotes":""},"categories":[329,460,795,126,804,148,783,832,459,185],"tags":[],"class_list":["post-44519","post","type-post","status-publish","format-standard","has-post-thumbnail","hentry","category-allemagne","category-armements","category-finlande","category-israel","category-otan","category-russie","category-suede","category-tchequie","category-ukraine","category-union-europeenne"],"yoast_head":"<!-- This site is optimized with the Yoast SEO plugin v27.3 - https:\/\/yoast.com\/product\/yoast-seo-wordpress\/ -->\n<title>Isra\u00ebl a-t-il tir\u00e9 profit de la guerre en Europe ?<\/title>\n<meta name=\"description\" content=\"L\u2019une des nombreuses cons\u00e9quences horribles de la guerre en Europe, c\u2019est qu\u2019elle a cr\u00e9\u00e9 de nouvelles opportunit\u00e9s pour les trafiquants d\u2019armes.\" \/>\n<meta name=\"robots\" content=\"index, follow, max-snippet:-1, max-image-preview:large, max-video-preview:-1\" \/>\n<link rel=\"canonical\" href=\"https:\/\/charleroi-pourlapalestine.be\/index.php\/2022\/09\/29\/israel-a-t-il-tire-profit-de-la-guerre-en-europe\/\" \/>\n<script type=\"application\/ld+json\" class=\"yoast-schema-graph\">{\"@context\":\"https:\\\/\\\/schema.org\",\"@graph\":[{\"@type\":\"Article\",\"@id\":\"https:\\\/\\\/charleroi-pourlapalestine.be\\\/index.php\\\/2022\\\/09\\\/29\\\/israel-a-t-il-tire-profit-de-la-guerre-en-europe\\\/#article\",\"isPartOf\":{\"@id\":\"https:\\\/\\\/charleroi-pourlapalestine.be\\\/index.php\\\/2022\\\/09\\\/29\\\/israel-a-t-il-tire-profit-de-la-guerre-en-europe\\\/\"},\"author\":{\"name\":\"admin1873\",\"@id\":\"https:\\\/\\\/charleroi-pourlapalestine.be\\\/#\\\/schema\\\/person\\\/c19ff515112f1299d8c12671d8fe3faa\"},\"headline\":\"Isra\u00ebl a-t-il tir\u00e9 profit de la guerre en Europe ?\",\"datePublished\":\"2022-09-29T09:05:41+00:00\",\"dateModified\":\"2022-09-29T09:06:36+00:00\",\"mainEntityOfPage\":{\"@id\":\"https:\\\/\\\/charleroi-pourlapalestine.be\\\/index.php\\\/2022\\\/09\\\/29\\\/israel-a-t-il-tire-profit-de-la-guerre-en-europe\\\/\"},\"wordCount\":1449,\"publisher\":{\"@id\":\"https:\\\/\\\/charleroi-pourlapalestine.be\\\/#organization\"},\"image\":{\"@id\":\"https:\\\/\\\/charleroi-pourlapalestine.be\\\/index.php\\\/2022\\\/09\\\/29\\\/israel-a-t-il-tire-profit-de-la-guerre-en-europe\\\/#primaryimage\"},\"thumbnailUrl\":\"https:\\\/\\\/charleroi-pourlapalestine.be\\\/wp-content\\\/uploads\\\/2022\\\/09\\\/Rafael-e1664441120668.jpg\",\"articleSection\":[\"Allemagne\",\"armements\",\"Finlande\",\"Isra\u00ebl\",\"OTAN\",\"Russie\",\"Su\u00e8de\",\"Tch\u00e8quie\",\"Ukraine\",\"Union europ\u00e9enne\"],\"inLanguage\":\"fr-FR\"},{\"@type\":\"WebPage\",\"@id\":\"https:\\\/\\\/charleroi-pourlapalestine.be\\\/index.php\\\/2022\\\/09\\\/29\\\/israel-a-t-il-tire-profit-de-la-guerre-en-europe\\\/\",\"url\":\"https:\\\/\\\/charleroi-pourlapalestine.be\\\/index.php\\\/2022\\\/09\\\/29\\\/israel-a-t-il-tire-profit-de-la-guerre-en-europe\\\/\",\"name\":\"Isra\u00ebl a-t-il tir\u00e9 profit de la guerre en Europe ?\",\"isPartOf\":{\"@id\":\"https:\\\/\\\/charleroi-pourlapalestine.be\\\/#website\"},\"primaryImageOfPage\":{\"@id\":\"https:\\\/\\\/charleroi-pourlapalestine.be\\\/index.php\\\/2022\\\/09\\\/29\\\/israel-a-t-il-tire-profit-de-la-guerre-en-europe\\\/#primaryimage\"},\"image\":{\"@id\":\"https:\\\/\\\/charleroi-pourlapalestine.be\\\/index.php\\\/2022\\\/09\\\/29\\\/israel-a-t-il-tire-profit-de-la-guerre-en-europe\\\/#primaryimage\"},\"thumbnailUrl\":\"https:\\\/\\\/charleroi-pourlapalestine.be\\\/wp-content\\\/uploads\\\/2022\\\/09\\\/Rafael-e1664441120668.jpg\",\"datePublished\":\"2022-09-29T09:05:41+00:00\",\"dateModified\":\"2022-09-29T09:06:36+00:00\",\"description\":\"L\u2019une des nombreuses cons\u00e9quences horribles de la guerre en Europe, c\u2019est qu\u2019elle a cr\u00e9\u00e9 de nouvelles opportunit\u00e9s pour les trafiquants d\u2019armes.\",\"breadcrumb\":{\"@id\":\"https:\\\/\\\/charleroi-pourlapalestine.be\\\/index.php\\\/2022\\\/09\\\/29\\\/israel-a-t-il-tire-profit-de-la-guerre-en-europe\\\/#breadcrumb\"},\"inLanguage\":\"fr-FR\",\"potentialAction\":[{\"@type\":\"ReadAction\",\"target\":[\"https:\\\/\\\/charleroi-pourlapalestine.be\\\/index.php\\\/2022\\\/09\\\/29\\\/israel-a-t-il-tire-profit-de-la-guerre-en-europe\\\/\"]}]},{\"@type\":\"ImageObject\",\"inLanguage\":\"fr-FR\",\"@id\":\"https:\\\/\\\/charleroi-pourlapalestine.be\\\/index.php\\\/2022\\\/09\\\/29\\\/israel-a-t-il-tire-profit-de-la-guerre-en-europe\\\/#primaryimage\",\"url\":\"https:\\\/\\\/charleroi-pourlapalestine.be\\\/wp-content\\\/uploads\\\/2022\\\/09\\\/Rafael-e1664441120668.jpg\",\"contentUrl\":\"https:\\\/\\\/charleroi-pourlapalestine.be\\\/wp-content\\\/uploads\\\/2022\\\/09\\\/Rafael-e1664441120668.jpg\",\"width\":569,\"height\":320},{\"@type\":\"BreadcrumbList\",\"@id\":\"https:\\\/\\\/charleroi-pourlapalestine.be\\\/index.php\\\/2022\\\/09\\\/29\\\/israel-a-t-il-tire-profit-de-la-guerre-en-europe\\\/#breadcrumb\",\"itemListElement\":[{\"@type\":\"ListItem\",\"position\":1,\"name\":\"Accueil\",\"item\":\"https:\\\/\\\/charleroi-pourlapalestine.be\\\/\"},{\"@type\":\"ListItem\",\"position\":2,\"name\":\"Isra\u00ebl a-t-il tir\u00e9 profit de la guerre en Europe ?\"}]},{\"@type\":\"WebSite\",\"@id\":\"https:\\\/\\\/charleroi-pourlapalestine.be\\\/#website\",\"url\":\"https:\\\/\\\/charleroi-pourlapalestine.be\\\/\",\"name\":\"Charleroi Pour la Palestine\",\"description\":\"\",\"publisher\":{\"@id\":\"https:\\\/\\\/charleroi-pourlapalestine.be\\\/#organization\"},\"potentialAction\":[{\"@type\":\"SearchAction\",\"target\":{\"@type\":\"EntryPoint\",\"urlTemplate\":\"https:\\\/\\\/charleroi-pourlapalestine.be\\\/?s={search_term_string}\"},\"query-input\":{\"@type\":\"PropertyValueSpecification\",\"valueRequired\":true,\"valueName\":\"search_term_string\"}}],\"inLanguage\":\"fr-FR\"},{\"@type\":\"Organization\",\"@id\":\"https:\\\/\\\/charleroi-pourlapalestine.be\\\/#organization\",\"name\":\"Plate-forme Charleroi-Palestine\",\"url\":\"https:\\\/\\\/charleroi-pourlapalestine.be\\\/\",\"logo\":{\"@type\":\"ImageObject\",\"inLanguage\":\"fr-FR\",\"@id\":\"https:\\\/\\\/charleroi-pourlapalestine.be\\\/#\\\/schema\\\/logo\\\/image\\\/\",\"url\":\"https:\\\/\\\/charleroi-pourlapalestine.be\\\/wp-content\\\/uploads\\\/2020\\\/01\\\/logo-Copy.jpg\",\"contentUrl\":\"https:\\\/\\\/charleroi-pourlapalestine.be\\\/wp-content\\\/uploads\\\/2020\\\/01\\\/logo-Copy.jpg\",\"width\":180,\"height\":180,\"caption\":\"Plate-forme Charleroi-Palestine\"},\"image\":{\"@id\":\"https:\\\/\\\/charleroi-pourlapalestine.be\\\/#\\\/schema\\\/logo\\\/image\\\/\"},\"sameAs\":[\"https:\\\/\\\/www.facebook.com\\\/PlateformeCharleroiPalestine\\\/\",\"https:\\\/\\\/x.com\\\/LaCharleroi\"]},{\"@type\":\"Person\",\"@id\":\"https:\\\/\\\/charleroi-pourlapalestine.be\\\/#\\\/schema\\\/person\\\/c19ff515112f1299d8c12671d8fe3faa\",\"name\":\"admin1873\",\"url\":\"https:\\\/\\\/charleroi-pourlapalestine.be\\\/index.php\\\/author\\\/admin1873\\\/\"}]}<\/script>\n<!-- \/ Yoast SEO plugin. -->","yoast_head_json":{"title":"Isra\u00ebl a-t-il tir\u00e9 profit de la guerre en Europe ?","description":"L\u2019une des nombreuses cons\u00e9quences horribles de la guerre en Europe, c\u2019est qu\u2019elle a cr\u00e9\u00e9 de nouvelles opportunit\u00e9s pour les trafiquants d\u2019armes.","robots":{"index":"index","follow":"follow","max-snippet":"max-snippet:-1","max-image-preview":"max-image-preview:large","max-video-preview":"max-video-preview:-1"},"canonical":"https:\/\/charleroi-pourlapalestine.be\/index.php\/2022\/09\/29\/israel-a-t-il-tire-profit-de-la-guerre-en-europe\/","schema":{"@context":"https:\/\/schema.org","@graph":[{"@type":"Article","@id":"https:\/\/charleroi-pourlapalestine.be\/index.php\/2022\/09\/29\/israel-a-t-il-tire-profit-de-la-guerre-en-europe\/#article","isPartOf":{"@id":"https:\/\/charleroi-pourlapalestine.be\/index.php\/2022\/09\/29\/israel-a-t-il-tire-profit-de-la-guerre-en-europe\/"},"author":{"name":"admin1873","@id":"https:\/\/charleroi-pourlapalestine.be\/#\/schema\/person\/c19ff515112f1299d8c12671d8fe3faa"},"headline":"Isra\u00ebl a-t-il tir\u00e9 profit de la guerre en Europe ?","datePublished":"2022-09-29T09:05:41+00:00","dateModified":"2022-09-29T09:06:36+00:00","mainEntityOfPage":{"@id":"https:\/\/charleroi-pourlapalestine.be\/index.php\/2022\/09\/29\/israel-a-t-il-tire-profit-de-la-guerre-en-europe\/"},"wordCount":1449,"publisher":{"@id":"https:\/\/charleroi-pourlapalestine.be\/#organization"},"image":{"@id":"https:\/\/charleroi-pourlapalestine.be\/index.php\/2022\/09\/29\/israel-a-t-il-tire-profit-de-la-guerre-en-europe\/#primaryimage"},"thumbnailUrl":"https:\/\/charleroi-pourlapalestine.be\/wp-content\/uploads\/2022\/09\/Rafael-e1664441120668.jpg","articleSection":["Allemagne","armements","Finlande","Isra\u00ebl","OTAN","Russie","Su\u00e8de","Tch\u00e8quie","Ukraine","Union europ\u00e9enne"],"inLanguage":"fr-FR"},{"@type":"WebPage","@id":"https:\/\/charleroi-pourlapalestine.be\/index.php\/2022\/09\/29\/israel-a-t-il-tire-profit-de-la-guerre-en-europe\/","url":"https:\/\/charleroi-pourlapalestine.be\/index.php\/2022\/09\/29\/israel-a-t-il-tire-profit-de-la-guerre-en-europe\/","name":"Isra\u00ebl a-t-il tir\u00e9 profit de la guerre en Europe ?","isPartOf":{"@id":"https:\/\/charleroi-pourlapalestine.be\/#website"},"primaryImageOfPage":{"@id":"https:\/\/charleroi-pourlapalestine.be\/index.php\/2022\/09\/29\/israel-a-t-il-tire-profit-de-la-guerre-en-europe\/#primaryimage"},"image":{"@id":"https:\/\/charleroi-pourlapalestine.be\/index.php\/2022\/09\/29\/israel-a-t-il-tire-profit-de-la-guerre-en-europe\/#primaryimage"},"thumbnailUrl":"https:\/\/charleroi-pourlapalestine.be\/wp-content\/uploads\/2022\/09\/Rafael-e1664441120668.jpg","datePublished":"2022-09-29T09:05:41+00:00","dateModified":"2022-09-29T09:06:36+00:00","description":"L\u2019une des nombreuses cons\u00e9quences horribles de la guerre en Europe, c\u2019est qu\u2019elle a cr\u00e9\u00e9 de nouvelles opportunit\u00e9s pour les trafiquants d\u2019armes.","breadcrumb":{"@id":"https:\/\/charleroi-pourlapalestine.be\/index.php\/2022\/09\/29\/israel-a-t-il-tire-profit-de-la-guerre-en-europe\/#breadcrumb"},"inLanguage":"fr-FR","potentialAction":[{"@type":"ReadAction","target":["https:\/\/charleroi-pourlapalestine.be\/index.php\/2022\/09\/29\/israel-a-t-il-tire-profit-de-la-guerre-en-europe\/"]}]},{"@type":"ImageObject","inLanguage":"fr-FR","@id":"https:\/\/charleroi-pourlapalestine.be\/index.php\/2022\/09\/29\/israel-a-t-il-tire-profit-de-la-guerre-en-europe\/#primaryimage","url":"https:\/\/charleroi-pourlapalestine.be\/wp-content\/uploads\/2022\/09\/Rafael-e1664441120668.jpg","contentUrl":"https:\/\/charleroi-pourlapalestine.be\/wp-content\/uploads\/2022\/09\/Rafael-e1664441120668.jpg","width":569,"height":320},{"@type":"BreadcrumbList","@id":"https:\/\/charleroi-pourlapalestine.be\/index.php\/2022\/09\/29\/israel-a-t-il-tire-profit-de-la-guerre-en-europe\/#breadcrumb","itemListElement":[{"@type":"ListItem","position":1,"name":"Accueil","item":"https:\/\/charleroi-pourlapalestine.be\/"},{"@type":"ListItem","position":2,"name":"Isra\u00ebl a-t-il tir\u00e9 profit de la guerre en Europe ?"}]},{"@type":"WebSite","@id":"https:\/\/charleroi-pourlapalestine.be\/#website","url":"https:\/\/charleroi-pourlapalestine.be\/","name":"Charleroi Pour la Palestine","description":"","publisher":{"@id":"https:\/\/charleroi-pourlapalestine.be\/#organization"},"potentialAction":[{"@type":"SearchAction","target":{"@type":"EntryPoint","urlTemplate":"https:\/\/charleroi-pourlapalestine.be\/?s={search_term_string}"},"query-input":{"@type":"PropertyValueSpecification","valueRequired":true,"valueName":"search_term_string"}}],"inLanguage":"fr-FR"},{"@type":"Organization","@id":"https:\/\/charleroi-pourlapalestine.be\/#organization","name":"Plate-forme Charleroi-Palestine","url":"https:\/\/charleroi-pourlapalestine.be\/","logo":{"@type":"ImageObject","inLanguage":"fr-FR","@id":"https:\/\/charleroi-pourlapalestine.be\/#\/schema\/logo\/image\/","url":"https:\/\/charleroi-pourlapalestine.be\/wp-content\/uploads\/2020\/01\/logo-Copy.jpg","contentUrl":"https:\/\/charleroi-pourlapalestine.be\/wp-content\/uploads\/2020\/01\/logo-Copy.jpg","width":180,"height":180,"caption":"Plate-forme Charleroi-Palestine"},"image":{"@id":"https:\/\/charleroi-pourlapalestine.be\/#\/schema\/logo\/image\/"},"sameAs":["https:\/\/www.facebook.com\/PlateformeCharleroiPalestine\/","https:\/\/x.com\/LaCharleroi"]},{"@type":"Person","@id":"https:\/\/charleroi-pourlapalestine.be\/#\/schema\/person\/c19ff515112f1299d8c12671d8fe3faa","name":"admin1873","url":"https:\/\/charleroi-pourlapalestine.be\/index.php\/author\/admin1873\/"}]}},"_links":{"self":[{"href":"https:\/\/charleroi-pourlapalestine.be\/index.php\/wp-json\/wp\/v2\/posts\/44519","targetHints":{"allow":["GET"]}}],"collection":[{"href":"https:\/\/charleroi-pourlapalestine.be\/index.php\/wp-json\/wp\/v2\/posts"}],"about":[{"href":"https:\/\/charleroi-pourlapalestine.be\/index.php\/wp-json\/wp\/v2\/types\/post"}],"author":[{"embeddable":true,"href":"https:\/\/charleroi-pourlapalestine.be\/index.php\/wp-json\/wp\/v2\/users\/1"}],"replies":[{"embeddable":true,"href":"https:\/\/charleroi-pourlapalestine.be\/index.php\/wp-json\/wp\/v2\/comments?post=44519"}],"version-history":[{"count":0,"href":"https:\/\/charleroi-pourlapalestine.be\/index.php\/wp-json\/wp\/v2\/posts\/44519\/revisions"}],"wp:featuredmedia":[{"embeddable":true,"href":"https:\/\/charleroi-pourlapalestine.be\/index.php\/wp-json\/wp\/v2\/media\/44520"}],"wp:attachment":[{"href":"https:\/\/charleroi-pourlapalestine.be\/index.php\/wp-json\/wp\/v2\/media?parent=44519"}],"wp:term":[{"taxonomy":"category","embeddable":true,"href":"https:\/\/charleroi-pourlapalestine.be\/index.php\/wp-json\/wp\/v2\/categories?post=44519"},{"taxonomy":"post_tag","embeddable":true,"href":"https:\/\/charleroi-pourlapalestine.be\/index.php\/wp-json\/wp\/v2\/tags?post=44519"}],"curies":[{"name":"wp","href":"https:\/\/api.w.org\/{rel}","templated":true}]}}