{"id":44761,"date":"2022-10-03T15:55:41","date_gmt":"2022-10-03T13:55:41","guid":{"rendered":"https:\/\/charleroi-pourlapalestine.be\/?p=44761"},"modified":"2022-10-04T15:11:46","modified_gmt":"2022-10-04T13:11:46","slug":"une-fuite-de-document-prouve-que-lue-a-mis-les-droits-palestiniens-sur-la-touche","status":"publish","type":"post","link":"https:\/\/charleroi-pourlapalestine.be\/index.php\/2022\/10\/03\/une-fuite-de-document-prouve-que-lue-a-mis-les-droits-palestiniens-sur-la-touche\/","title":{"rendered":"Une fuite de document prouve que l\u2019UE a mis les droits palestiniens sur la touche"},"content":{"rendered":"<p>Un document r\u00e9dig\u00e9 par des fonctionnaires de Bruxelles <a href=\"https:\/\/www.consilium.europa.eu\/en\/meetings\/international-ministerial-meetings\/2022\/10\/03\/\" target=\"_blank\" rel=\"noopener\">pr\u00e9alablement<\/a> \u00e0 une r\u00e9union du <strong>Conseil associatif avec Isra\u00ebl<\/strong> le 3 octobre, prouve que l\u2019oppression des Palestiniens et le vol de leur patrie se voient accorder bien moins d\u2019importance que des sujets consid\u00e9r\u00e9s comme plus strat\u00e9giques.<\/p>\n<div id=\"attachment_44899\" style=\"width: 436px\" class=\"wp-caption aligncenter\"><img loading=\"lazy\" decoding=\"async\" aria-describedby=\"caption-attachment-44899\" class=\"wp-image-44899 size-full\" src=\"https:\/\/charleroi-pourlapalestine.be\/wp-content\/uploads\/2022\/10\/No-association-with-occupation-e1664888820417.jpg\" alt=\"Action le 3 octobre contre le sommet UE-Isra\u00ebl (Photo via ABP sur Twitter)\" width=\"426\" height=\"320\" srcset=\"https:\/\/charleroi-pourlapalestine.be\/wp-content\/uploads\/2022\/10\/No-association-with-occupation-e1664888820417.jpg 426w, https:\/\/charleroi-pourlapalestine.be\/wp-content\/uploads\/2022\/10\/No-association-with-occupation-e1664888820417-300x225.jpg 300w\" sizes=\"auto, (max-width: 426px) 100vw, 426px\" \/><p id=\"caption-attachment-44899\" class=\"wp-caption-text\">Action le 3 octobre contre le sommet UE-Isra\u00ebl<\/p><\/div>\n<p>&nbsp;<\/p>\n<p><a href=\"https:\/\/charleroi-pourlapalestine.be\/index.php\/tag\/david-cronin\/\"><strong>David Cronin<\/strong>,<\/a> 30 septembre 2022<\/p>\n<p>Quelques mythes ont \u00e9t\u00e9 r\u00e9pandus \u00e0 propos de la coop\u00e9ration d\u2019<strong>Isra\u00ebl<\/strong> avec l\u2019<strong>Union europ\u00e9enne.<\/strong><\/p>\n<p>L\u2019un d\u2019eux, r\u00e9p\u00e9t\u00e9 par des journalistes cr\u00e9dules dans <em>Politico<\/em> ces derniers jours, dit que les relations sont <em>\u00ab souvent fragiles \u00bb.<\/em><\/p>\n<p>Un autre affirme que les liens ne sont pas aussi forts qu\u2019ils pourraient l\u2019\u00eatre du fait que les lib\u00e9raux au c\u0153ur sensible de la bureaucratie bruxelloise se plaignent de l\u2019expansion des colonies en Cisjordanie.<\/p>\n<p><strong>Un <a href=\"https:\/\/media.euobserver.com\/88601579195e56e8f953c8f554a5bad1.pdf?fbclid=IwAR2KJqRRBpDlZTWGXFw0CoTyEBJ7TKKSZu7MOtKPb4L6GIBJXWLivJoSaJA\" target=\"_blank\" rel=\"noopener\">document de l\u2019UE<\/a> qui a fait l\u2019objet d\u2019une fuite d\u00e9molit ces mythes<\/strong> \u2013 sans doute par m\u00e9garde.<\/p>\n<p>Le document a \u00e9t\u00e9 r\u00e9dig\u00e9 par des fonctionnaires de Bruxelles <a href=\"https:\/\/www.consilium.europa.eu\/en\/meetings\/international-ministerial-meetings\/2022\/10\/03\/\" target=\"_blank\" rel=\"noopener\">pr\u00e9alablement<\/a> \u00e0 une r\u00e9union du <strong>Conseil associatif avec Isra\u00ebl<\/strong> le 3 octobre. Il prouve que l\u2019oppression des Palestiniens et le vol de leur patrie se voient accorder bien moins d\u2019importance que des sujets consid\u00e9r\u00e9s comme plus strat\u00e9giques.<\/p>\n<p>Un fait particuli\u00e8rement \u00e9loquent \u2013 mentionn\u00e9 dans le document \u2013 est que <strong>l\u2019UE c\u00e9l\u00e8bre <em>\u00ab le succ\u00e8s des dialogues sur le contreterrorisme entam\u00e9s avec Isra\u00ebl en 2015 \u00bb.<\/em><\/strong><\/p>\n<p>Alors que ces<em> \u00ab dialogues<\/em> \u00bb avaient toujours cours en avril de cette ann\u00e9e, un groupe de travail <em>\u00ab non officiel \u00bb<\/em> autour des droits humains ne s\u2019est plus r\u00e9uni depuis 2016.<\/p>\n<p>Il est d\u00e8s lors ais\u00e9 de d\u00e9duire de ces \u00e9l\u00e9ments la v\u00e9ritable nature des relations de l\u2019UE avec Isra\u00ebl.<\/p>\n<h3><strong>Fragiles ?<\/strong><\/h3>\n<p><strong>Loin d\u2019\u00eatre fragiles, les relations se sont largement d\u00e9velopp\u00e9es de la fa\u00e7on souhait\u00e9e par Isra\u00ebl.<\/strong> Des inqui\u00e9tudes \u00e0 l\u2019eau de rose \u00e0 propos des droits humains ont \u00e9t\u00e9 laiss\u00e9es de c\u00f4t\u00e9 de sorte que les grandes personnes puissent passer \u00e0 des affaires plus s\u00e9rieuses.<\/p>\n<p>Presque imm\u00e9diatement apr\u00e8s que des avions d\u00e9tourn\u00e9s s\u2019\u00e9taient \u00e9cras\u00e9s contre les tours jumelles de New York le <strong>11 septembre 2001,<\/strong> d\u2019importants hommes politiques isra\u00e9liens avaient commenc\u00e9 \u00e0 se positionner comme des acteurs indispensables dans la <em>\u00ab guerre mondiale contre le terrorisme \u00bb.<\/em><\/p>\n<p><strong>Isra\u00ebl a cat\u00e9goris\u00e9 toute r\u00e9sistance des Palestiniens \u00e0 sa soumission comme du terrorisme<\/strong> et, confront\u00e9e \u00e0 la formule r\u00e9barbative du <em>\u00ab c\u2019est \u00e0 prendre ou \u00e0 laisser \u00bb<\/em><strong>, l\u2019UE a accept\u00e9 le discours isra\u00e9lien.<\/strong><\/p>\n<p>Le document, pr\u00e9par\u00e9 pour la r\u00e9union du <strong>Conseil associatif \u00e0 Bruxelles<\/strong> dit que l\u2019UE<\/p>\n<blockquote><p>\u00ab est impatiente de faire progresser le dialogue sur le contreterrorisme en d\u00e9veloppant des actions pratiques \u00bb.<\/p><\/blockquote>\n<p>La liste des <em>\u00ab actions pratiques \u00bb<\/em> qui suit comprend une suggestion disant que les deux parties pourraient collaborer plus \u00e9troitement sur des <strong>projets de drones.<\/strong> Il n\u2019est pas fait mention de ce qu\u2019Isra\u00ebl a exp\u00e9riment\u00e9 avec des drones en les utilisant pour tuer de grands nombres de personnes \u00e0 <strong>Gaza<\/strong> et qu\u2019il a ensuite d\u00e9tourn\u00e9 le fait que ces armes ont <em>\u00ab \u00e9t\u00e9 test\u00e9es au combat \u00bb<\/em> pour en faire un incitatif unique \u00e0 la vente.<\/p>\n<p>Le document pr\u00e9tend que l\u2019UE est<\/p>\n<blockquote><p>\u00ab gravement inqui\u00e8te de ce que l\u2019occupation du territoire palestinien, qui a commenc\u00e9 en 1967, s\u2019est poursuivie jusqu\u2019\u00e0 ce jour \u00bb.<\/p><\/blockquote>\n<p>Il est impossible de prendre cette affirmation au s\u00e9rieux. <strong>Le document <em>\u00ab s\u2019oppose fortement \u00bb<\/em> au boycott d\u2019Isra\u00ebl,<\/strong> rejetant ainsi un appel des Palestiniens vivant sous une occupation qui inqui\u00e8te<em> \u00ab si gravement \u00bb<\/em> les institutions et les gouvernements de l\u2019UE.<\/p>\n<h3><strong>La critique creuse<\/strong><\/h3>\n<p>La <strong>R\u00e9publique tch\u00e8que<\/strong>, qui occupe pour l\u2019instant la pr\u00e9sidence tournante de l\u2019UE, a fortement soutenu<strong> la reprise du Conseil associatif avec Isra\u00ebl.<\/strong><\/p>\n<p>Jan Lipavsk\u00fd, le ministre tch\u00e8que des <strong>Affaires \u00e9trang\u00e8res<\/strong>, a d\u00e9clar\u00e9 au cours de l\u2019\u00e9t\u00e9 que le forum avait repris vie apr\u00e8s un hiatus de 10 ans<em> \u00ab en raison de probl\u00e8mes (en anglais, \u00ab issues \u00bb) avec Isra\u00ebl \u00bb<\/em>.<\/p>\n<blockquote class=\"twitter-tweet\" data-width=\"500\" data-dnt=\"true\">\n<p lang=\"en\" dir=\"ltr\">Well said, \ud83c\udde8\ud83c\uddff MFA <a href=\"https:\/\/twitter.com\/JanLipavsky?ref_src=twsrc%5Etfw\">@JanLipavsky<\/a>! It&#39;s high time for Europe to deepen its vital cooperation with Israel.<\/p>\n<p>Reconvening the long overdue \ud83c\uddea\ud83c\uddfa-\ud83c\uddee\ud83c\uddf1 Association Council ought to be a priority for the EU.<\/p>\n<p>We second the call made today by TFI President MEP <a href=\"https:\/\/twitter.com\/AnnaAsimakopoul?ref_src=twsrc%5Etfw\">@AnnaAsimakopoul<\/a>. <a href=\"https:\/\/t.co\/D8lp6WiAgp\">pic.twitter.com\/D8lp6WiAgp<\/a><\/p>\n<p>&mdash; Transatlantic Inst. (@AJCTAI) <a href=\"https:\/\/twitter.com\/AJCTAI\/status\/1547253927447502849?ref_src=twsrc%5Etfw\">July 13, 2022<\/a><\/p><\/blockquote>\n<p><script async src=\"https:\/\/platform.twitter.com\/widgets.js\" charset=\"utf-8\"><\/script><\/p>\n<p>&nbsp;<\/p>\n<p>Il est r\u00e9v\u00e9latif qu\u2019il ait choisi un terme inoffensif comme <em>\u00ab probl\u00e8mes \u00bb<\/em>, cr\u00e9ant ainsi l\u2019impression que les questions en jeu sont relativement banales.<\/p>\n<p>En fait, les <em>\u00ab probl\u00e8mes \u00bb<\/em> concernent<strong> la construction et l\u2019expansion des colonies<\/strong> \u2013 des crimes de guerre, sous la Quatri\u00e8me Convention de Gen\u00e8ve.<\/p>\n<p><strong>Le document de l\u2019UE soutient les accords d\u2019Abraham<\/strong> \u2013 une s\u00e9rie d\u2019arrangements de normalisation entre Isra\u00ebl et les pays arabes. Ces accords sont implicitement d\u00e9sign\u00e9s pour s\u2019assurer que les crimes de guerre d\u2019Isra\u00ebl et l\u2019opposition infatigable des Palestiniens n\u2019emp\u00eacheront pas les fabricants d\u2019armes isra\u00e9liens de d\u00e9crocher des <strong>contrats au Moyen-Orient et ailleurs.<\/strong><\/p>\n<p>Le document de l\u2019UE soutient subtilement <strong>d\u2019autres initiatives visant \u00e0 d\u00e9tourner l\u2019attention de la situation dramatique des Palestiniens.<\/strong><\/p>\n<p>Par exemple, il d\u00e9crit Isra\u00ebl comme un <em>\u00ab partenaire majeur \u00bb<\/em> sur le plan des <strong>droits LGBT.<\/strong><\/p>\n<p>En disant cela,<strong> l\u2019UE a encourag\u00e9 le blanchiment de l\u2019apartheid isra\u00e9lien.<\/strong> Il convient de faire remarquer n\u00e9anmoins qu\u2019au contraire des organisations les plus honorables en faveur des droits humains, <strong>les institutions de Bruxelles n\u2019ont jamais d\u00e9nonc\u00e9 Isra\u00ebl pour avoir d\u00e9velopp\u00e9 un syst\u00e8me d\u2019apartheid.<\/strong><\/p>\n<p>Il y a d\u2019autres probl\u00e8mes majeurs avec le document de l\u2019UE.<\/p>\n<p><strong>Une r\u00e9f\u00e9rence aux hauteurs du Golan, de la Syrie,<\/strong> <strong>ne stipule pas qu\u2019elles se trouvent sous l\u2019occupation militaire isra\u00e9lienne.<\/strong><\/p>\n<p>Une critique de l<strong>\u2019arrestation administrative<\/strong> \u2013 l\u2019emprisonnement sans accusation, ni proc\u00e8s \u2013 sonne creux.<\/p>\n<p>Le minist\u00e8re isra\u00e9lien de la <strong>S\u00e9curit\u00e9 publique<\/strong>, qui est responsable des prisons o\u00f9 sont enferm\u00e9s les Palestiniens, est un<strong> b\u00e9n\u00e9ficiaire important des subsides de la recherche scientifique de l\u2019UE<\/strong> \u2013 et c\u2019est quelque chose que le document n\u00e9glige \u00e9galement de faire remarquer.<\/p>\n<p>Et le document n\u2019exige pas non plus une enqu\u00eate ind\u00e9pendante sur l\u2019assassinat par Isra\u00ebl de la journaliste <strong>Shireen Abu Akleh.<\/strong> En lieu et place, il pr\u00f4ne simplement une<em> \u00ab enqu\u00eate compl\u00e8te \u00bb.<\/em><\/p>\n<p>Un malaise plus large est enregistr\u00e9 \u00e9galement autour du<\/p>\n<blockquote><p>\u00ab niveau de plus en plus \u00e9lev\u00e9 des victimes civiles suite \u00e0 des actions men\u00e9es entre autres par les forces s\u00e9curitaires isra\u00e9liennes \u00bb.<\/p><\/blockquote>\n<p>Un tel langage sugg\u00e8re que<strong> l\u2019UE n\u2019a aucune objection contre la violence d\u2019\u00c9tat en soi<\/strong>. Elle veut uniquement qu\u2019\u00e0 l\u2019occasion, les troupes isra\u00e9liennes retire le doigt pos\u00e9 sur la g\u00e2chette de leurs armes.<\/p>\n<p><strong>Yair Lapid<\/strong>, le Premier ministre isra\u00e9lien, s\u2019est fait tapoter l\u2019\u00e9paule par <strong>l\u2019\u00e9lite de l\u2019UE<\/strong> pour avoir affirm\u00e9 r\u00e9cemment son soutien \u00e0 une solution \u00e0 <strong>deux \u00c9tats.<\/strong><\/p>\n<p>Le m\u00eame Lapid a autoris\u00e9 une <strong>agression \u00e0 grande \u00e9chelle contre Gaza en ao\u00fbt dernier.<\/strong><\/p>\n<p>Il a propos\u00e9 son<em> \u00ab plein soutien \u00bb<\/em> aux soldats qui se livrent \u00e0 de nombreux actes d\u2019une insigne brutalit\u00e9 en <strong>Cisjordanie<\/strong>, et particuli\u00e8rement \u00e0 <strong>J\u00e9nine.<\/strong><\/p>\n<p><strong>La pr\u00e9sence de Lapid est attendue au Conseil associatif<\/strong>, bien que certains m\u00e9dias rapportent qu\u2019il pourrait ne pas s\u2019y rendre.<\/p>\n<p>En d\u00e9pit \u2013 ou peut-\u00eatre \u00e0 cause \u2013 des obsc\u00e9nit\u00e9s qu\u2019il a approuv\u00e9es, Lapid peut s\u2019attendre \u00e0 un accueil des plus chauds s\u2019il vient \u00e0 Bruxelles la semaine prochaine.<\/p>\n<p style=\"text-align: center;\">\u00b0\u00b0\u00b0\u00b0\u00b0<\/p>\n<p><strong><a href=\"https:\/\/charleroi-pourlapalestine.be\/index.php\/tag\/david-cronin\/\">David Cronin<\/a><a href=\"https:\/\/charleroi-pourlapalestine.be\/index.php\/tag\/david-cronin\/\"><img loading=\"lazy\" decoding=\"async\" class=\"alignright wp-image-20420 size-full\" src=\"https:\/\/charleroi-pourlapalestine.be\/wp-content\/uploads\/2020\/12\/david-cronin.jpg\" alt=\"\" width=\"112\" height=\"112\"><\/a><\/strong>&nbsp;est l\u2019auteur de plusieurs ouvrages, dont&nbsp;<a href=\"https:\/\/assolaguillotine.wordpress.com\/catalogue\/europe-israel-de-david-cronin\/\" target=\"_blank\" rel=\"noopener noreferrer\"><em><strong><span id=\"productTitle\" class=\"a-size-large\">Europe Isra\u00ebl : Une alliance contre-nature <\/span><\/strong><\/em><\/a><span id=\"productTitle\" class=\"a-size-large\">(Ed. La Guillotine \u2013 2013) et&nbsp;<\/span>&nbsp;<strong><em>Europe\u2019s Alliance With Israel: Aiding the Occupation<\/em>&nbsp;<\/strong>(Pluto Press, 2011 \u2013&nbsp;<strong><em>L\u2019Alliance de l\u2019Europe avec Isra\u00ebl contribue \u00e0 l\u2019occupation<\/em>)<\/strong>. Il a particip\u00e9 \u00e0 la r\u00e9daction du rapport \u201c<strong><a href=\"http:\/\/powerbase.info\/images\/0\/06\/PII_IsraelLobbyEUreport2016_Cronin_Mursak_Miller.pdf\" target=\"_blank\" rel=\"noopener noreferrer\">The israeli lobby and the European Union<\/a><\/strong>\u201d.&nbsp;<br \/>\nSon dernier livre est :&nbsp;<strong><span id=\"productTitle\" class=\"a-size-large\"><em>Balfour\u2019s Shadow: A Century of British Support for Zionism and Israel<\/em>&nbsp;<\/span><\/strong><span id=\"productTitle\" class=\"a-size-large\">(Pluto Press \u2013 Londres 2017).<\/span><\/p>\n<p>Il a \u00e9crit de nombreux articles pour de nombreuses publications, dont&nbsp;<strong>The Guardian, The Wall Street Journal Europe, European Voice, the Inter Press Service, The Irish Times and The Sunday Tribune.<\/strong> En tant qu\u2019activiste politique, il a tent\u00e9 d\u2019appliquer un \u00e9tat d\u2019 \u201carrestation citoyenne\u201d \u00e0 <strong>Tony Blair<\/strong>&nbsp;et Avigdor&nbsp;<strong>Lieberman&nbsp;<\/strong>pour crimes contre l\u2019humanit\u00e9.&nbsp;<\/p>\n<p style=\"text-align: center;\">\u00b0\u00b0\u00b0\u00b0\u00b0<\/p>\n<p>Publi\u00e9 le 30 septembre 2022 sur <a href=\"https:\/\/electronicintifada.net\/blogs\/david-cronin\/leaked-paper-proves-eu-has-sidelined-palestinian-rights\" target=\"_blank\" rel=\"noopener\">The Electronic Intifada&nbsp;&nbsp;<\/a><br \/>\nTraduction : Jean-Marie Fl\u00e9mal, <a href=\"https:\/\/charleroi-pourlapalestine.be\/\">Charleroi pour la Palestine<\/a><\/p>\n<p style=\"text-align: center;\">\u00b0\u00b0\u00b0\u00b0\u00b0<\/p>\n<p>Lisez \u00e9galement : <a href=\"https:\/\/samidoun.net\/fr\/2022\/10\/mettons-fin-a-laccord-dassociation-ue-israel\/\" target=\"_blank\" rel=\"noopener\"><strong>Mettons fin \u00e0 l\u2019accord d\u2019association UE-Isra\u00ebl !<\/strong><\/a><\/p>\n","protected":false},"excerpt":{"rendered":"<p>Le document prouve que l\u2019oppression des Palestiniens et le vol de leur patrie se voient accorder bien moins d\u2019importance que des sujets consid\u00e9r\u00e9s comme plus strat\u00e9giques.<\/p>\n","protected":false},"author":1,"featured_media":44899,"comment_status":"closed","ping_status":"closed","sticky":false,"template":"","format":"standard","meta":{"ngg_post_thumbnail":0,"footnotes":""},"categories":[140,185],"tags":[],"class_list":["post-44761","post","type-post","status-publish","format-standard","has-post-thumbnail","hentry","category-letat-colonial","category-union-europeenne"],"yoast_head":"<!-- This site is optimized with the Yoast SEO plugin v27.3 - https:\/\/yoast.com\/product\/yoast-seo-wordpress\/ -->\n<title>Une fuite de document prouve que l\u2019UE a mis les droits palestiniens sur la touche<\/title>\n<meta name=\"description\" content=\"Le document dit que l\u2019UE \u00ab est impatiente de faire progresser le dialogue sur le contreterrorisme en d\u00e9veloppant des actions pratiques \u00bb.\" \/>\n<meta name=\"robots\" content=\"index, follow, max-snippet:-1, max-image-preview:large, max-video-preview:-1\" \/>\n<link rel=\"canonical\" href=\"https:\/\/charleroi-pourlapalestine.be\/index.php\/2022\/10\/03\/une-fuite-de-document-prouve-que-lue-a-mis-les-droits-palestiniens-sur-la-touche\/\" \/>\n<script type=\"application\/ld+json\" class=\"yoast-schema-graph\">{\"@context\":\"https:\\\/\\\/schema.org\",\"@graph\":[{\"@type\":\"Article\",\"@id\":\"https:\\\/\\\/charleroi-pourlapalestine.be\\\/index.php\\\/2022\\\/10\\\/03\\\/une-fuite-de-document-prouve-que-lue-a-mis-les-droits-palestiniens-sur-la-touche\\\/#article\",\"isPartOf\":{\"@id\":\"https:\\\/\\\/charleroi-pourlapalestine.be\\\/index.php\\\/2022\\\/10\\\/03\\\/une-fuite-de-document-prouve-que-lue-a-mis-les-droits-palestiniens-sur-la-touche\\\/\"},\"author\":{\"name\":\"admin1873\",\"@id\":\"https:\\\/\\\/charleroi-pourlapalestine.be\\\/#\\\/schema\\\/person\\\/c19ff515112f1299d8c12671d8fe3faa\"},\"headline\":\"Une fuite de document prouve que l\u2019UE a mis les droits palestiniens sur la touche\",\"datePublished\":\"2022-10-03T13:55:41+00:00\",\"dateModified\":\"2022-10-04T13:11:46+00:00\",\"mainEntityOfPage\":{\"@id\":\"https:\\\/\\\/charleroi-pourlapalestine.be\\\/index.php\\\/2022\\\/10\\\/03\\\/une-fuite-de-document-prouve-que-lue-a-mis-les-droits-palestiniens-sur-la-touche\\\/\"},\"wordCount\":1480,\"publisher\":{\"@id\":\"https:\\\/\\\/charleroi-pourlapalestine.be\\\/#organization\"},\"image\":{\"@id\":\"https:\\\/\\\/charleroi-pourlapalestine.be\\\/index.php\\\/2022\\\/10\\\/03\\\/une-fuite-de-document-prouve-que-lue-a-mis-les-droits-palestiniens-sur-la-touche\\\/#primaryimage\"},\"thumbnailUrl\":\"https:\\\/\\\/charleroi-pourlapalestine.be\\\/wp-content\\\/uploads\\\/2022\\\/10\\\/No-association-with-occupation-e1664888820417.jpg\",\"articleSection\":[\"L'Etat colonial\",\"Union europ\u00e9enne\"],\"inLanguage\":\"fr-FR\"},{\"@type\":\"WebPage\",\"@id\":\"https:\\\/\\\/charleroi-pourlapalestine.be\\\/index.php\\\/2022\\\/10\\\/03\\\/une-fuite-de-document-prouve-que-lue-a-mis-les-droits-palestiniens-sur-la-touche\\\/\",\"url\":\"https:\\\/\\\/charleroi-pourlapalestine.be\\\/index.php\\\/2022\\\/10\\\/03\\\/une-fuite-de-document-prouve-que-lue-a-mis-les-droits-palestiniens-sur-la-touche\\\/\",\"name\":\"Une fuite de document prouve que l\u2019UE a mis les droits palestiniens sur la touche\",\"isPartOf\":{\"@id\":\"https:\\\/\\\/charleroi-pourlapalestine.be\\\/#website\"},\"primaryImageOfPage\":{\"@id\":\"https:\\\/\\\/charleroi-pourlapalestine.be\\\/index.php\\\/2022\\\/10\\\/03\\\/une-fuite-de-document-prouve-que-lue-a-mis-les-droits-palestiniens-sur-la-touche\\\/#primaryimage\"},\"image\":{\"@id\":\"https:\\\/\\\/charleroi-pourlapalestine.be\\\/index.php\\\/2022\\\/10\\\/03\\\/une-fuite-de-document-prouve-que-lue-a-mis-les-droits-palestiniens-sur-la-touche\\\/#primaryimage\"},\"thumbnailUrl\":\"https:\\\/\\\/charleroi-pourlapalestine.be\\\/wp-content\\\/uploads\\\/2022\\\/10\\\/No-association-with-occupation-e1664888820417.jpg\",\"datePublished\":\"2022-10-03T13:55:41+00:00\",\"dateModified\":\"2022-10-04T13:11:46+00:00\",\"description\":\"Le document dit que l\u2019UE \u00ab est impatiente de faire progresser le dialogue sur le contreterrorisme en d\u00e9veloppant des actions pratiques \u00bb.\",\"breadcrumb\":{\"@id\":\"https:\\\/\\\/charleroi-pourlapalestine.be\\\/index.php\\\/2022\\\/10\\\/03\\\/une-fuite-de-document-prouve-que-lue-a-mis-les-droits-palestiniens-sur-la-touche\\\/#breadcrumb\"},\"inLanguage\":\"fr-FR\",\"potentialAction\":[{\"@type\":\"ReadAction\",\"target\":[\"https:\\\/\\\/charleroi-pourlapalestine.be\\\/index.php\\\/2022\\\/10\\\/03\\\/une-fuite-de-document-prouve-que-lue-a-mis-les-droits-palestiniens-sur-la-touche\\\/\"]}]},{\"@type\":\"ImageObject\",\"inLanguage\":\"fr-FR\",\"@id\":\"https:\\\/\\\/charleroi-pourlapalestine.be\\\/index.php\\\/2022\\\/10\\\/03\\\/une-fuite-de-document-prouve-que-lue-a-mis-les-droits-palestiniens-sur-la-touche\\\/#primaryimage\",\"url\":\"https:\\\/\\\/charleroi-pourlapalestine.be\\\/wp-content\\\/uploads\\\/2022\\\/10\\\/No-association-with-occupation-e1664888820417.jpg\",\"contentUrl\":\"https:\\\/\\\/charleroi-pourlapalestine.be\\\/wp-content\\\/uploads\\\/2022\\\/10\\\/No-association-with-occupation-e1664888820417.jpg\",\"width\":426,\"height\":320},{\"@type\":\"BreadcrumbList\",\"@id\":\"https:\\\/\\\/charleroi-pourlapalestine.be\\\/index.php\\\/2022\\\/10\\\/03\\\/une-fuite-de-document-prouve-que-lue-a-mis-les-droits-palestiniens-sur-la-touche\\\/#breadcrumb\",\"itemListElement\":[{\"@type\":\"ListItem\",\"position\":1,\"name\":\"Accueil\",\"item\":\"https:\\\/\\\/charleroi-pourlapalestine.be\\\/\"},{\"@type\":\"ListItem\",\"position\":2,\"name\":\"Une fuite de document prouve que l\u2019UE a mis les droits palestiniens sur la touche\"}]},{\"@type\":\"WebSite\",\"@id\":\"https:\\\/\\\/charleroi-pourlapalestine.be\\\/#website\",\"url\":\"https:\\\/\\\/charleroi-pourlapalestine.be\\\/\",\"name\":\"Charleroi Pour la Palestine\",\"description\":\"\",\"publisher\":{\"@id\":\"https:\\\/\\\/charleroi-pourlapalestine.be\\\/#organization\"},\"potentialAction\":[{\"@type\":\"SearchAction\",\"target\":{\"@type\":\"EntryPoint\",\"urlTemplate\":\"https:\\\/\\\/charleroi-pourlapalestine.be\\\/?s={search_term_string}\"},\"query-input\":{\"@type\":\"PropertyValueSpecification\",\"valueRequired\":true,\"valueName\":\"search_term_string\"}}],\"inLanguage\":\"fr-FR\"},{\"@type\":\"Organization\",\"@id\":\"https:\\\/\\\/charleroi-pourlapalestine.be\\\/#organization\",\"name\":\"Plate-forme Charleroi-Palestine\",\"url\":\"https:\\\/\\\/charleroi-pourlapalestine.be\\\/\",\"logo\":{\"@type\":\"ImageObject\",\"inLanguage\":\"fr-FR\",\"@id\":\"https:\\\/\\\/charleroi-pourlapalestine.be\\\/#\\\/schema\\\/logo\\\/image\\\/\",\"url\":\"https:\\\/\\\/charleroi-pourlapalestine.be\\\/wp-content\\\/uploads\\\/2020\\\/01\\\/logo-Copy.jpg\",\"contentUrl\":\"https:\\\/\\\/charleroi-pourlapalestine.be\\\/wp-content\\\/uploads\\\/2020\\\/01\\\/logo-Copy.jpg\",\"width\":180,\"height\":180,\"caption\":\"Plate-forme Charleroi-Palestine\"},\"image\":{\"@id\":\"https:\\\/\\\/charleroi-pourlapalestine.be\\\/#\\\/schema\\\/logo\\\/image\\\/\"},\"sameAs\":[\"https:\\\/\\\/www.facebook.com\\\/PlateformeCharleroiPalestine\\\/\",\"https:\\\/\\\/x.com\\\/LaCharleroi\"]},{\"@type\":\"Person\",\"@id\":\"https:\\\/\\\/charleroi-pourlapalestine.be\\\/#\\\/schema\\\/person\\\/c19ff515112f1299d8c12671d8fe3faa\",\"name\":\"admin1873\",\"url\":\"https:\\\/\\\/charleroi-pourlapalestine.be\\\/index.php\\\/author\\\/admin1873\\\/\"}]}<\/script>\n<!-- \/ Yoast SEO plugin. -->","yoast_head_json":{"title":"Une fuite de document prouve que l\u2019UE a mis les droits palestiniens sur la touche","description":"Le document dit que l\u2019UE \u00ab est impatiente de faire progresser le dialogue sur le contreterrorisme en d\u00e9veloppant des actions pratiques \u00bb.","robots":{"index":"index","follow":"follow","max-snippet":"max-snippet:-1","max-image-preview":"max-image-preview:large","max-video-preview":"max-video-preview:-1"},"canonical":"https:\/\/charleroi-pourlapalestine.be\/index.php\/2022\/10\/03\/une-fuite-de-document-prouve-que-lue-a-mis-les-droits-palestiniens-sur-la-touche\/","schema":{"@context":"https:\/\/schema.org","@graph":[{"@type":"Article","@id":"https:\/\/charleroi-pourlapalestine.be\/index.php\/2022\/10\/03\/une-fuite-de-document-prouve-que-lue-a-mis-les-droits-palestiniens-sur-la-touche\/#article","isPartOf":{"@id":"https:\/\/charleroi-pourlapalestine.be\/index.php\/2022\/10\/03\/une-fuite-de-document-prouve-que-lue-a-mis-les-droits-palestiniens-sur-la-touche\/"},"author":{"name":"admin1873","@id":"https:\/\/charleroi-pourlapalestine.be\/#\/schema\/person\/c19ff515112f1299d8c12671d8fe3faa"},"headline":"Une fuite de document prouve que l\u2019UE a mis les droits palestiniens sur la touche","datePublished":"2022-10-03T13:55:41+00:00","dateModified":"2022-10-04T13:11:46+00:00","mainEntityOfPage":{"@id":"https:\/\/charleroi-pourlapalestine.be\/index.php\/2022\/10\/03\/une-fuite-de-document-prouve-que-lue-a-mis-les-droits-palestiniens-sur-la-touche\/"},"wordCount":1480,"publisher":{"@id":"https:\/\/charleroi-pourlapalestine.be\/#organization"},"image":{"@id":"https:\/\/charleroi-pourlapalestine.be\/index.php\/2022\/10\/03\/une-fuite-de-document-prouve-que-lue-a-mis-les-droits-palestiniens-sur-la-touche\/#primaryimage"},"thumbnailUrl":"https:\/\/charleroi-pourlapalestine.be\/wp-content\/uploads\/2022\/10\/No-association-with-occupation-e1664888820417.jpg","articleSection":["L'Etat colonial","Union europ\u00e9enne"],"inLanguage":"fr-FR"},{"@type":"WebPage","@id":"https:\/\/charleroi-pourlapalestine.be\/index.php\/2022\/10\/03\/une-fuite-de-document-prouve-que-lue-a-mis-les-droits-palestiniens-sur-la-touche\/","url":"https:\/\/charleroi-pourlapalestine.be\/index.php\/2022\/10\/03\/une-fuite-de-document-prouve-que-lue-a-mis-les-droits-palestiniens-sur-la-touche\/","name":"Une fuite de document prouve que l\u2019UE a mis les droits palestiniens sur la touche","isPartOf":{"@id":"https:\/\/charleroi-pourlapalestine.be\/#website"},"primaryImageOfPage":{"@id":"https:\/\/charleroi-pourlapalestine.be\/index.php\/2022\/10\/03\/une-fuite-de-document-prouve-que-lue-a-mis-les-droits-palestiniens-sur-la-touche\/#primaryimage"},"image":{"@id":"https:\/\/charleroi-pourlapalestine.be\/index.php\/2022\/10\/03\/une-fuite-de-document-prouve-que-lue-a-mis-les-droits-palestiniens-sur-la-touche\/#primaryimage"},"thumbnailUrl":"https:\/\/charleroi-pourlapalestine.be\/wp-content\/uploads\/2022\/10\/No-association-with-occupation-e1664888820417.jpg","datePublished":"2022-10-03T13:55:41+00:00","dateModified":"2022-10-04T13:11:46+00:00","description":"Le document dit que l\u2019UE \u00ab est impatiente de faire progresser le dialogue sur le contreterrorisme en d\u00e9veloppant des actions pratiques \u00bb.","breadcrumb":{"@id":"https:\/\/charleroi-pourlapalestine.be\/index.php\/2022\/10\/03\/une-fuite-de-document-prouve-que-lue-a-mis-les-droits-palestiniens-sur-la-touche\/#breadcrumb"},"inLanguage":"fr-FR","potentialAction":[{"@type":"ReadAction","target":["https:\/\/charleroi-pourlapalestine.be\/index.php\/2022\/10\/03\/une-fuite-de-document-prouve-que-lue-a-mis-les-droits-palestiniens-sur-la-touche\/"]}]},{"@type":"ImageObject","inLanguage":"fr-FR","@id":"https:\/\/charleroi-pourlapalestine.be\/index.php\/2022\/10\/03\/une-fuite-de-document-prouve-que-lue-a-mis-les-droits-palestiniens-sur-la-touche\/#primaryimage","url":"https:\/\/charleroi-pourlapalestine.be\/wp-content\/uploads\/2022\/10\/No-association-with-occupation-e1664888820417.jpg","contentUrl":"https:\/\/charleroi-pourlapalestine.be\/wp-content\/uploads\/2022\/10\/No-association-with-occupation-e1664888820417.jpg","width":426,"height":320},{"@type":"BreadcrumbList","@id":"https:\/\/charleroi-pourlapalestine.be\/index.php\/2022\/10\/03\/une-fuite-de-document-prouve-que-lue-a-mis-les-droits-palestiniens-sur-la-touche\/#breadcrumb","itemListElement":[{"@type":"ListItem","position":1,"name":"Accueil","item":"https:\/\/charleroi-pourlapalestine.be\/"},{"@type":"ListItem","position":2,"name":"Une fuite de document prouve que l\u2019UE a mis les droits palestiniens sur la touche"}]},{"@type":"WebSite","@id":"https:\/\/charleroi-pourlapalestine.be\/#website","url":"https:\/\/charleroi-pourlapalestine.be\/","name":"Charleroi Pour la Palestine","description":"","publisher":{"@id":"https:\/\/charleroi-pourlapalestine.be\/#organization"},"potentialAction":[{"@type":"SearchAction","target":{"@type":"EntryPoint","urlTemplate":"https:\/\/charleroi-pourlapalestine.be\/?s={search_term_string}"},"query-input":{"@type":"PropertyValueSpecification","valueRequired":true,"valueName":"search_term_string"}}],"inLanguage":"fr-FR"},{"@type":"Organization","@id":"https:\/\/charleroi-pourlapalestine.be\/#organization","name":"Plate-forme Charleroi-Palestine","url":"https:\/\/charleroi-pourlapalestine.be\/","logo":{"@type":"ImageObject","inLanguage":"fr-FR","@id":"https:\/\/charleroi-pourlapalestine.be\/#\/schema\/logo\/image\/","url":"https:\/\/charleroi-pourlapalestine.be\/wp-content\/uploads\/2020\/01\/logo-Copy.jpg","contentUrl":"https:\/\/charleroi-pourlapalestine.be\/wp-content\/uploads\/2020\/01\/logo-Copy.jpg","width":180,"height":180,"caption":"Plate-forme Charleroi-Palestine"},"image":{"@id":"https:\/\/charleroi-pourlapalestine.be\/#\/schema\/logo\/image\/"},"sameAs":["https:\/\/www.facebook.com\/PlateformeCharleroiPalestine\/","https:\/\/x.com\/LaCharleroi"]},{"@type":"Person","@id":"https:\/\/charleroi-pourlapalestine.be\/#\/schema\/person\/c19ff515112f1299d8c12671d8fe3faa","name":"admin1873","url":"https:\/\/charleroi-pourlapalestine.be\/index.php\/author\/admin1873\/"}]}},"_links":{"self":[{"href":"https:\/\/charleroi-pourlapalestine.be\/index.php\/wp-json\/wp\/v2\/posts\/44761","targetHints":{"allow":["GET"]}}],"collection":[{"href":"https:\/\/charleroi-pourlapalestine.be\/index.php\/wp-json\/wp\/v2\/posts"}],"about":[{"href":"https:\/\/charleroi-pourlapalestine.be\/index.php\/wp-json\/wp\/v2\/types\/post"}],"author":[{"embeddable":true,"href":"https:\/\/charleroi-pourlapalestine.be\/index.php\/wp-json\/wp\/v2\/users\/1"}],"replies":[{"embeddable":true,"href":"https:\/\/charleroi-pourlapalestine.be\/index.php\/wp-json\/wp\/v2\/comments?post=44761"}],"version-history":[{"count":0,"href":"https:\/\/charleroi-pourlapalestine.be\/index.php\/wp-json\/wp\/v2\/posts\/44761\/revisions"}],"wp:featuredmedia":[{"embeddable":true,"href":"https:\/\/charleroi-pourlapalestine.be\/index.php\/wp-json\/wp\/v2\/media\/44899"}],"wp:attachment":[{"href":"https:\/\/charleroi-pourlapalestine.be\/index.php\/wp-json\/wp\/v2\/media?parent=44761"}],"wp:term":[{"taxonomy":"category","embeddable":true,"href":"https:\/\/charleroi-pourlapalestine.be\/index.php\/wp-json\/wp\/v2\/categories?post=44761"},{"taxonomy":"post_tag","embeddable":true,"href":"https:\/\/charleroi-pourlapalestine.be\/index.php\/wp-json\/wp\/v2\/tags?post=44761"}],"curies":[{"name":"wp","href":"https:\/\/api.w.org\/{rel}","templated":true}]}}