{"id":45329,"date":"2022-10-14T11:59:57","date_gmt":"2022-10-14T09:59:57","guid":{"rendered":"https:\/\/charleroi-pourlapalestine.be\/?p=45329"},"modified":"2022-11-19T15:38:45","modified_gmt":"2022-11-19T14:38:45","slug":"un-ado-tue-pres-de-hebron-lors-des-protestations-palestiniennes-contre-les-blocages","status":"publish","type":"post","link":"https:\/\/charleroi-pourlapalestine.be\/index.php\/2022\/10\/14\/un-ado-tue-pres-de-hebron-lors-des-protestations-palestiniennes-contre-les-blocages\/","title":{"rendered":"Un ado tu\u00e9 pr\u00e8s de H\u00e9bron lors des protestations palestiniennes contre les blocages"},"content":{"rendered":"<p>Mercredi, les forces isra\u00e9liennes ont tu\u00e9 un adolescent palestinien au moment o\u00f9 l\u2019arm\u00e9e imposait le blocage de Naplouse, l\u2019une des villes les plus peupl\u00e9es de la Cisjordanie occup\u00e9e.<\/p>\n<div id=\"attachment_45330\" style=\"width: 481px\" class=\"wp-caption aligncenter\"><img loading=\"lazy\" decoding=\"async\" aria-describedby=\"caption-attachment-45330\" class=\"wp-image-45330 size-full\" src=\"https:\/\/charleroi-pourlapalestine.be\/wp-content\/uploads\/2022\/10\/Les-forces-israeliennes-arretent-un-Palestinien-lors-dune-manifestation-contre-le-blocage-du-camp-de-refugies-de-Shuafat-e1665738362417.jpg\" alt=\"Le 12 octobre, \u00e0 H\u00e9bron, en Cisjordanie, les forces isra\u00e9liennes arr\u00eatent un Palestinien lors d\u2019une manifestation contre le blocage du camp de r\u00e9fugi\u00e9s de Shuafat. (Photo : Mamoun Wazwaz \/ APA images)\" width=\"471\" height=\"320\" srcset=\"https:\/\/charleroi-pourlapalestine.be\/wp-content\/uploads\/2022\/10\/Les-forces-israeliennes-arretent-un-Palestinien-lors-dune-manifestation-contre-le-blocage-du-camp-de-refugies-de-Shuafat-e1665738362417.jpg 471w, https:\/\/charleroi-pourlapalestine.be\/wp-content\/uploads\/2022\/10\/Les-forces-israeliennes-arretent-un-Palestinien-lors-dune-manifestation-contre-le-blocage-du-camp-de-refugies-de-Shuafat-e1665738362417-300x204.jpg 300w\" sizes=\"auto, (max-width: 471px) 100vw, 471px\" \/><p id=\"caption-attachment-45330\" class=\"wp-caption-text\">Le 12 octobre, \u00e0 H\u00e9bron, en Cisjordanie, les forces isra\u00e9liennes arr\u00eatent un Palestinien lors d\u2019une manifestation contre le blocage du camp de r\u00e9fugi\u00e9s de Shuafat. (Photo : Mamoun Wazwaz \/ APA images)<\/p><\/div>\n<p><a href=\"https:\/\/charleroi-pourlapalestine.be\/index.php\/tag\/maureen-clare-murphy\/\"><strong>Maureen Clare Murphy<\/strong><\/a>, 12 octobre 2022<\/p>\n<p>On rapporte qu\u2019au check-point de <strong>Qalandiya,<\/strong> entre les villes cisjordaniennes de Ramallah et de J\u00e9rusalem, les Palestiniens ont tir\u00e9 sur la police isra\u00e9lienne des fronti\u00e8res. Aucun bless\u00e9 n\u2019a \u00e9t\u00e9 signal\u00e9.<\/p>\n<p>Dans l\u2019intervalle, \u00e0 <strong>J\u00e9rusalem<\/strong>, <strong>les Palestiniens ont organis\u00e9 une gr\u00e8ve g\u00e9n\u00e9rale pour protester contre le si\u00e8ge isra\u00e9lien en cours du camp de r\u00e9fugi\u00e9s de Shuafat, dans l\u2019ext\u00e9rieur du secteur oriental de la ville.<\/strong><\/p>\n<blockquote class=\"twitter-tweet\" data-width=\"500\" data-dnt=\"true\">\n<p lang=\"en\" dir=\"ltr\">General strike all over East Jerusalem in solidarity with the Suafat refugee camp, that is under closure since Saturday <a href=\"https:\/\/t.co\/EGGrUtGGEx\">pic.twitter.com\/EGGrUtGGEx<\/a><\/p>\n<p>&mdash; Oren Ziv (@OrenZiv_) <a href=\"https:\/\/twitter.com\/OrenZiv_\/status\/1580131530675847169?ref_src=twsrc%5Etfw\">October 12, 2022<\/a><\/p><\/blockquote>\n<p><script async src=\"https:\/\/platform.twitter.com\/widgets.js\" charset=\"utf-8\"><\/script><\/p>\n<p>&nbsp;<\/p>\n<p>Quelque <strong>130 000 Palestiniens de Shuafat et des communaut\u00e9s avoisinantes<\/strong>, d\u00e9j\u00e0 entour\u00e9s de toutes parts par la barri\u00e8re de b\u00e9ton d\u2019Isra\u00ebl, ont \u00e9t\u00e9 affect\u00e9s par ce que les organisations pour les droits humains d\u00e9crivent comme des<strong> mesures de ch\u00e2timent collectif.<\/strong><\/p>\n<p><strong>Le camp de Shuafat a fait l\u2019objet d\u2019un blocage et a \u00e9t\u00e9 transform\u00e9 en un champ de bataille<\/strong> d\u00e8s que les autorit\u00e9s de l\u2019occupation ont recherch\u00e9 le tireur suspect qui, disent-elles, a tu\u00e9 un soldat samedi dernier, \u00e0 un check-point tout proche.<\/p>\n<p><strong>Le blocage inhabituel et des plus perturbants de Naplouse<\/strong> s\u2019est produit apr\u00e8s que, jeudi, un soldat a \u00e9t\u00e9 abattu mortellement alors qu\u2019il surveillait une marche de colons organis\u00e9e dans la zone.<\/p>\n<p>La responsabilit\u00e9 de cette action a \u00e9t\u00e9 revendiqu\u00e9e par la <strong><em>\u00ab Fosse aux Lions \u00bb<\/em><\/strong>, une organisation de combattants palestiniens install\u00e9e \u00e0 <strong>Naplouse<\/strong>. On dit que les autorit\u00e9s isra\u00e9liennes croient que le tireur qui a tu\u00e9 un soldat mardi s\u2019est r\u00e9fugi\u00e9 dans la ville, qui compte 170 000 habitants.<\/p>\n<p>&nbsp;<\/p>\n<h3>Un enfant tu\u00e9 pr\u00e8s de H\u00e9bron<\/h3>\n<p>Mercredi, en diverses localit\u00e9s de la Cisjordanie, des confrontations ont eu lieu entre les Palestiniens et l\u2019arm\u00e9e isra\u00e9lienne et les colons.<\/p>\n<p>Le m\u00eame jour<strong>, Usama Mahmoud Adawi, 17 ans<\/strong>, a \u00e9t\u00e9 gri\u00e8vement bless\u00e9 durant des confrontations avec des soldats isra\u00e9liens \u00e0 l\u2019entr\u00e9e du <strong>camp de r\u00e9fugi\u00e9s d\u2019Arroub<\/strong>, pr\u00e8s de <strong>H\u00e9bron<\/strong>, et il est d\u00e9c\u00e9d\u00e9 un peu plus tard suite \u00e0 ses blessures, a rapport\u00e9 l\u2019agence nationale d\u2019information de la Palestine, WAFA, qui citait le minist\u00e8re de la Sant\u00e9.<\/p>\n<p>L\u2019arm\u00e9e isra\u00e9lienne a pr\u00e9tendu que, sur une autoroute, Adawi avait lanc\u00e9 des pierres sur des voitures portant des plaques isra\u00e9liennes.<\/p>\n<blockquote class=\"twitter-tweet\" data-width=\"500\" data-dnt=\"true\">\n<p lang=\"en\" dir=\"ltr\">Last year Israeli forces shot and killed 15 Palestinian children in the occupied West Bank. Today, they killed the 28th this year alone. RIP Osama. <a href=\"https:\/\/t.co\/VFNUbSUsS0\">https:\/\/t.co\/VFNUbSUsS0<\/a><\/p>\n<p>&mdash; Miranda Cleland (@MirandaCleland) <a href=\"https:\/\/twitter.com\/MirandaCleland\/status\/1580273160263708672?ref_src=twsrc%5Etfw\">October 12, 2022<\/a><\/p><\/blockquote>\n<p><script async src=\"https:\/\/platform.twitter.com\/widgets.js\" charset=\"utf-8\"><\/script><\/p>\n<p>Depuis le d\u00e9but de l\u2019ann\u00e9e, les forces isra\u00e9liennes et les colons ont tu\u00e9 28 enfants palestiniens en <strong>Cisjordanie<\/strong> \u2013 soit pr\u00e8s du double, par rapport \u00e0 l\u2019an dernier.<\/p>\n<p>Jusqu\u2019\u00e0 pr\u00e9sent, cette ann\u00e9e, une centaine de Palestiniens ont \u00e9t\u00e9 tu\u00e9s par l\u2019arm\u00e9e et les colons isra\u00e9liens en Cisjordanie, J\u00e9rusalem-Est y compris, au cours d\u2019une <em>\u00ab augmentation consid\u00e9rable des raids militaires \u00bb<\/em>, pour reprendre les termes utilis\u00e9s par la BBC.<\/p>\n<p>Plus de 50 Palestiniens ont \u00e9t\u00e9 tu\u00e9s durant l\u2019offensive isra\u00e9lienne contre<strong> Gaza<\/strong> en ao\u00fbt, dont une douzaine qui sont morts dans des circonstances ambigu\u00ebs ou suite \u00e0 un tir de roquette palestinien depuis l\u2019enclave.<\/p>\n<p>Deux douzaines de personnes en Isra\u00ebl et d\u2019Isra\u00e9liens en Cisjordanie, dont plusieurs soldats et policiers, ont \u00e9t\u00e9 tu\u00e9es lors d\u2019attentats commis par des Palestiniens dans la m\u00eame p\u00e9riode.<\/p>\n<p>Mercredi, des Palestiniens ont \u00e9t\u00e9 bless\u00e9s, les uns gri\u00e8vement, les autres sans gravit\u00e9, durant des confrontations avec l\u2019arm\u00e9e isra\u00e9lienne \u00e0 <strong>al-Bireh,<\/strong> pr\u00e8s de Ramallah, selon WAFA.<\/p>\n<p>Les forces isra\u00e9liennes ont ferm\u00e9 des quartiers entiers de H\u00e9bron, la plus grande ville de Cisjordanie, afin de faciliter l\u2019entr\u00e9e de juifs d\u00e9sireux de visiter un site arch\u00e9ologique.<\/p>\n<p>WAFA a rapport\u00e9 que les soldats isra\u00e9liens ont occup\u00e9 les toits des immeubles, qu\u2019ils ont impos\u00e9 la fermeture des magasins et boutiques et qu\u2019ils ont tir\u00e9 des grenades assourdissantes et lacrymog\u00e8nes afin de vider la zone. Les journalistes ont \u00e9t\u00e9 emp\u00each\u00e9s de rapporter sur les \u00e9v\u00e9nements, a ajout\u00e9 l\u2019agence d\u2019information.<\/p>\n<blockquote><p>\u00ab La ville de H\u00e9bron assiste \u00e0 une escalade majeure des attaques et incursions des colons dans les sites arch\u00e9ologiques et religieux, accompagn\u00e9es de mesures punitives contre les citoyens [palestiniens] et de fermetures impos\u00e9es par les forces d\u2019occupation isra\u00e9liennes \u00bb,<\/p><\/blockquote>\n<p>a d\u00e9clar\u00e9 WAFA.<\/p>\n<p>Plus t\u00f4t, ce mois, des photos et des vid\u00e9os ont montr\u00e9 une foule importante de juifs accomplissant des rituels dans les cours de la mosqu\u00e9e Ibrahim al-Ibrahim, dans la Vieille Ville de H\u00e9bron et tenant un concert \u00e0 l\u2019int\u00e9rieur du lieu saint.<\/p>\n<blockquote class=\"twitter-tweet\" data-width=\"500\" data-dnt=\"true\">\n<p lang=\"ar\" dir=\"rtl\">\u063a\u0636\u0628 \u0641\u0644\u0633\u0637\u064a\u0646\u064a \u0648\u0625\u062f\u0627\u0646\u0629 \u0648\u0627\u0633\u0639\u0629 \u0628\u0639\u062f \u0625\u0642\u0627\u0645\u0629 \u0645\u0633\u062a\u0648\u0637\u0646\u064a\u0646 \u062d\u0641\u0644\u0627 \u0631\u0627\u0642\u0635\u0627 \u062f\u0627\u062e\u0644 \u0627\u0644\u0645\u0633\u062c\u062f \u0627\u0644\u0625\u0628\u0631\u0627\u0647\u064a\u0645\u064a \u0641\u064a <a href=\"https:\/\/twitter.com\/hashtag\/%D8%A7%D9%84%D8%AE%D9%84%D9%8A%D9%84?src=hash&amp;ref_src=twsrc%5Etfw\">#\u0627\u0644\u062e\u0644\u064a\u0644<\/a>\u060c \u0648\u0633\u0637 \u062f\u0639\u0648\u0627\u062a \u0644\u0644\u0646\u0641\u064a\u0631 \u0644\u0627\u0646\u062a\u0647\u0627\u0643 \u062d\u0631\u0645\u0629 \u0627\u0644\u0645\u0642\u062f\u0633\u0627\u062a \u0627\u0644\u0625\u0633\u0644\u0627\u0645\u064a\u0629 <a href=\"https:\/\/t.co\/FjeEgOvwqg\">pic.twitter.com\/FjeEgOvwqg<\/a><\/p>\n<p>&mdash; \u0642\u0646\u0627\u0629 \u0627\u0644\u062c\u0632\u064a\u0631\u0629 (@AJArabic) <a href=\"https:\/\/twitter.com\/AJArabic\/status\/1577305037964877824?ref_src=twsrc%5Etfw\">October 4, 2022<\/a><\/p><\/blockquote>\n<p><script async src=\"https:\/\/platform.twitter.com\/widgets.js\" charset=\"utf-8\"><\/script><\/p>\n<blockquote class=\"twitter-tweet\" data-width=\"500\" data-dnt=\"true\">\n<p lang=\"ar\" dir=\"rtl\">\u0639\u0642\u0628 \u0625\u063a\u0644\u0627\u0642\u0647 \u0641\u064a \u0648\u062c\u0647 \u0627\u0644\u0645\u0635\u0644\u064a\u0646.. \u0645\u0633\u062a\u0648\u0637\u0646\u0648\u0646 \u064a\u0642\u062a\u062d\u0645\u0648\u0646 \u0633\u0627\u062d\u0627\u062a \u0627\u0644\u0645\u0633\u062c\u062f \u0627\u0644\u0625\u0628\u0631\u0627\u0647\u064a\u0645\u064a \u0641\u064a <a href=\"https:\/\/twitter.com\/hashtag\/%D8%A7%D9%84%D8%AE%D9%84%D9%8A%D9%84?src=hash&amp;ref_src=twsrc%5Etfw\">#\u0627\u0644\u062e\u0644\u064a\u0644<\/a> \u0648\u064a\u0624\u062f\u0648\u0646 \u0637\u0642\u0648\u0633\u0627\u064b \u062a\u0644\u0645\u0648\u062f\u064a\u0629 \u0648\u0622\u062e\u0631\u0648\u0646 \u064a\u0642\u064a\u0645\u0648\u0646 \u062d\u0641\u0644\u0627 \u0631\u0627\u0642\u0635\u0627 \u062f\u0627\u062e\u0644 \u0627\u0644\u0645\u0633\u062c\u062f <a href=\"https:\/\/t.co\/hfwaPKZ9kv\">pic.twitter.com\/hfwaPKZ9kv<\/a><\/p>\n<p>&mdash; \u0642\u0646\u0627\u0629 \u0627\u0644\u062c\u0632\u064a\u0631\u0629 (@AJArabic) <a href=\"https:\/\/twitter.com\/AJArabic\/status\/1576889809552830464?ref_src=twsrc%5Etfw\">October 3, 2022<\/a><\/p><\/blockquote>\n<p><script async src=\"https:\/\/platform.twitter.com\/widgets.js\" charset=\"utf-8\"><\/script><\/p>\n<p>&nbsp;<\/p>\n<p>Des m\u00e9dias palestiniens et en langue arabe ont rapport\u00e9 cette semaine que des colons isra\u00e9liens avaient br\u00fbl\u00e9 un exemplaire du Coran et qu\u2019ils l\u2019avaient jet\u00e9 aux ordures :<\/p>\n<blockquote class=\"twitter-tweet\" data-width=\"500\" data-dnt=\"true\">\n<p lang=\"ar\" dir=\"rtl\">\u0628\u0639\u062f \u0627\u0644\u0631\u0642\u0635 \u0628\u0640 <a href=\"https:\/\/twitter.com\/hashtag\/%D8%A7%D9%84%D9%85%D8%B3%D8%AC%D8%AF_%D8%A7%D9%84%D8%A5%D8%A8%D8%B1%D8%A7%D9%87%D9%8A%D9%85%D9%8A?src=hash&amp;ref_src=twsrc%5Etfw\">#\u0627\u0644\u0645\u0633\u062c\u062f_\u0627\u0644\u0625\u0628\u0631\u0627\u0647\u064a\u0645\u064a<\/a>.. \u0625\u0633\u0631\u0627\u0626\u064a\u0644\u064a\u0648\u0646 \u064a\u062d\u0631\u0642\u0648\u0646 \u0646\u0633\u062e\u0627\u064b \u0645\u0646 <a href=\"https:\/\/twitter.com\/hashtag\/%D8%A7%D9%84%D9%82%D8%B1%D8%A2%D9%86_%D8%A7%D9%84%D9%83%D8%B1%D9%8A%D9%85?src=hash&amp;ref_src=twsrc%5Etfw\">#\u0627\u0644\u0642\u0631\u0622\u0646_\u0627\u0644\u0643\u0631\u064a\u0645<\/a> \u0648\u064a\u0631\u0645\u0648\u0646\u0647\u0627 \u0641\u064a \u0627\u0644\u0642\u0645\u0627\u0645\u0629<a href=\"https:\/\/twitter.com\/hashtag\/%D8%A3%D9%88%D8%B1%D9%8A%D9%86%D8%AA_%D8%A8%D9%84%D8%B3?src=hash&amp;ref_src=twsrc%5Etfw\">#\u0623\u0648\u0631\u064a\u0646\u062a_\u0628\u0644\u0633<\/a> <a href=\"https:\/\/twitter.com\/hashtag\/%D9%81%D9%84%D8%B3%D8%B7%D9%8A%D9%86?src=hash&amp;ref_src=twsrc%5Etfw\">#\u0641\u0644\u0633\u0637\u064a\u0646<\/a> <a href=\"https:\/\/t.co\/2ycsG0NARQ\">pic.twitter.com\/2ycsG0NARQ<\/a><\/p>\n<p>&mdash; Orient \u0623\u0648\u0631\u064a\u0646\u062a (@OrientNews) <a href=\"https:\/\/twitter.com\/OrientNews\/status\/1580220159519870978?ref_src=twsrc%5Etfw\">October 12, 2022<\/a><\/p><\/blockquote>\n<p><script async src=\"https:\/\/platform.twitter.com\/widgets.js\" charset=\"utf-8\"><\/script><\/p>\n<p>&nbsp;<\/p>\n<p>Apr\u00e8s qu\u2019un colon juif n\u00e9 aux \u00c9tats-Unis avait massacr\u00e9 29 fid\u00e8les dans la <strong>mosqu\u00e9e Ibrahim al-Ibrahim<\/strong> \u00e0 <strong>H\u00e9bron<\/strong> en 1994, les forces isra\u00e9liennes avaient op\u00e9r\u00e9 la partition du lieu saint et avaient ferm\u00e9 la vieille ville adjacente, anciennement tr\u00e8s anim\u00e9e.<\/p>\n<p>Les Palestiniens craignent que, sans une r\u00e9sistance d\u00e9termin\u00e9e, Isra\u00ebl va sauter sur n\u2019importe quelle occasion pour imposer des mesures similaires \u00e0 la <strong>mosqu\u00e9e al-Aqsa \u00e0 J\u00e9rusalem<\/strong>, o\u00f9 les tentions montrent en raison des visites provocatrices des Isra\u00e9liens lors des f\u00eates religieuses juives.<\/p>\n<h3>\nLes provocations \u00e0 al-Aqsa<\/h3>\n<p>Alors que les autorit\u00e9s isra\u00e9liennes ont limit\u00e9 l\u2019acc\u00e8s des Palestiniens \u00e0 al-Aqsa, des centaines de colons juifs, dont le d\u00e9put\u00e9 isra\u00e9lien d\u2019extr\u00eame droite<strong> Itamar Ben Gvir,<\/strong> ont \u00e9t\u00e9 autoris\u00e9s \u00e0 visiter le site o\u00f9 se trouve le lieu saint.<\/p>\n<blockquote class=\"twitter-tweet\" data-width=\"500\" data-dnt=\"true\">\n<p lang=\"en\" dir=\"ltr\">Today: Israeli occupation forces prevented thousands of Palestinians (under 50 years old) from entering Al-Aqsa all day (so far), while allowing hundreds of Jewish settlers, including kahanist MK Itamar Ben Gvir, freedom of entry into the Muslim holy site.<\/p>\n<p>&mdash; Jalal \ud80c\udc86 (@JalalAK_jojo) <a href=\"https:\/\/twitter.com\/JalalAK_jojo\/status\/1580151629843529728?ref_src=twsrc%5Etfw\">October 12, 2022<\/a><\/p><\/blockquote>\n<p><script async src=\"https:\/\/platform.twitter.com\/widgets.js\" charset=\"utf-8\"><\/script><\/p>\n<blockquote class=\"twitter-tweet\" data-width=\"500\" data-dnt=\"true\">\n<p lang=\"en\" dir=\"ltr\">This morning, Jewish men pray at one of the gates of <a href=\"https:\/\/twitter.com\/hashtag\/alaqsa?src=hash&amp;ref_src=twsrc%5Etfw\">#alaqsa<\/a> during the holiday of Sukkot <a href=\"https:\/\/twitter.com\/hashtag\/Jerusalem?src=hash&amp;ref_src=twsrc%5Etfw\">#Jerusalem<\/a> <a href=\"https:\/\/t.co\/oyrPVbWHdw\">pic.twitter.com\/oyrPVbWHdw<\/a><\/p>\n<p>&mdash; Oren Ziv (@OrenZiv_) <a href=\"https:\/\/twitter.com\/OrenZiv_\/status\/1580118811445186561?ref_src=twsrc%5Etfw\">October 12, 2022<\/a><\/p><\/blockquote>\n<p><script async src=\"https:\/\/platform.twitter.com\/widgets.js\" charset=\"utf-8\"><\/script><\/p>\n<blockquote class=\"twitter-tweet\" data-width=\"500\" data-dnt=\"true\">\n<p lang=\"en\" dir=\"ltr\">A Palestinian assaulted at the front steps of their own home, near one of Al-Aqsa gates, Bab Al-Ghawanma, as settlers&#39; provocative acts went uninterrupted. Watch as he yells &quot;I live here, its my home&quot; <a href=\"https:\/\/t.co\/qV4tu9Wcfz\">pic.twitter.com\/qV4tu9Wcfz<\/a><\/p>\n<p>&mdash; Jalal \ud80c\udc86 (@JalalAK_jojo) <a href=\"https:\/\/twitter.com\/JalalAK_jojo\/status\/1580153607466659840?ref_src=twsrc%5Etfw\">October 12, 2022<\/a><\/p><\/blockquote>\n<p><script async src=\"https:\/\/platform.twitter.com\/widgets.js\" charset=\"utf-8\"><\/script><\/p>\n<p>&nbsp;<\/p>\n<p>La veille, des messages sur les m\u00e9dias sociaux ont montr\u00e9 Ben Shapiro et Jordan Peterson, tous deux des personnalit\u00e9s des m\u00e9dias de droite en Am\u00e9rique du Nord, en train de visiter le site de la mosqu\u00e9e :<\/p>\n<blockquote class=\"twitter-tweet\" data-width=\"500\" data-dnt=\"true\">\n<p lang=\"en\" dir=\"ltr\">Jordan Peterson was spotted entering Al-Aqsa, alongside Ben Shapiro.<\/p>\n<p> <a href=\"https:\/\/t.co\/tyvEyY41fZ\">pic.twitter.com\/tyvEyY41fZ<\/a><\/p>\n<p>&mdash; Lowkey (@Lowkey0nline) <a href=\"https:\/\/twitter.com\/Lowkey0nline\/status\/1579913774966112257?ref_src=twsrc%5Etfw\">October 11, 2022<\/a><\/p><\/blockquote>\n<p><script async src=\"https:\/\/platform.twitter.com\/widgets.js\" charset=\"utf-8\"><\/script><\/p>\n<p>Les deux hommes venaient de donner des entretiens \u00e0 Tel-Aviv et \u00e0 J\u00e9rusalem.<\/p>\n<p>Isra\u00ebl a occup\u00e9 le secteur oriental de <strong>J\u00e9rusalem<\/strong> en 1967 et a annex\u00e9 le territoire en violation des lois internationales.<\/p>\n<p><strong>Shuafat<\/strong>, en \u00e9tat de si\u00e8ge depuis samedi soir, est le seul camp de r\u00e9fugi\u00e9s de J\u00e9rusalem et l\u2019une des zones les plus dens\u00e9ment peupl\u00e9es de la ville.<\/p>\n<p>Les restrictions de mouvement impos\u00e9es par Isra\u00ebl et ses op\u00e9rations militaires dans le camp ont s\u00e9v\u00e8rement affect\u00e9 l\u2019acc\u00e8s aux services \u00e9l\u00e9mentaires, rapportait Al Jazeera mercredi.<\/p>\n<blockquote><p>\u00ab Les entr\u00e9es vers le camp de r\u00e9fugi\u00e9s ont \u00e9t\u00e9 ferm\u00e9es la plupart, alors que les raids ont affect\u00e9 les \u00e9coles et les soins de sant\u00e9 \u00bb,<\/p><\/blockquote>\n<p>a d\u00e9clar\u00e9 France 24 mercredi.<\/p>\n<p>Selon l\u2019agence d\u2019information Reuters,<\/p>\n<blockquote><p>\u00ab de longues files de voitures se sont form\u00e9es aux check-points menant vers l\u2019ext\u00e9rieur pendant que des groupes de jeunes balan\u00e7aient des pierres contre la police et mettaient le feu \u00e0 des conteneurs de d\u00e9chets, envoyant des panaches de fum\u00e9e noire tr\u00e8s haut dans le ciel \u00bb.<\/p><\/blockquote>\n<p>Une vid\u00e9o montre des soldats isra\u00e9liens qui, mercredi, tirent sur des protestataires palestiniens au rond-point de<strong> Shuafat<\/strong> :<\/p>\n<blockquote class=\"twitter-tweet\" data-width=\"500\" data-dnt=\"true\">\n<p lang=\"ar\" dir=\"rtl\">\u0642\u0648\u0627\u062a \u0627\u0644\u0627\u062d\u062a\u0644\u0627\u0644 \u062a\u0642\u0645\u0639 \u0627\u0644\u0648\u0642\u0641\u0629 \u0627\u0644\u0627\u062d\u062a\u062c\u0627\u062c\u064a\u0629 \u0639\u0644\u0649 \u062d\u0627\u062c\u0632 \u0645\u062e\u064a\u0645 \u0634\u0639\u0641\u0627\u0637 \u0628\u0627\u0644\u0642\u062f\u0633 <a href=\"https:\/\/t.co\/Bn6rWUqfqg\">pic.twitter.com\/Bn6rWUqfqg<\/a><\/p>\n<p>&mdash; \u0627\u0644\u0642\u0633\u0637\u0644 \u0627\u0644\u0625\u062e\u0628\u0627\u0631\u064a (@AlQastalps) <a href=\"https:\/\/twitter.com\/AlQastalps\/status\/1580162912777555968?ref_src=twsrc%5Etfw\">October 12, 2022<\/a><\/p><\/blockquote>\n<p><script async src=\"https:\/\/platform.twitter.com\/widgets.js\" charset=\"utf-8\"><\/script><\/p>\n<p>&nbsp;<\/p>\n<p>Al Jazeera a ajout\u00e9 que les forces isra\u00e9liennes avaient abattu un Palestinien d\u2019une balle dans l\u2019estomac et que d\u2019autres avaient \u00e9t\u00e9 bless\u00e9s apr\u00e8s avoir inhal\u00e9 des gaz lacrymog\u00e8nes ou avoir \u00e9t\u00e9 touch\u00e9s par des balles enrob\u00e9es de caoutchouc.<\/p>\n<blockquote><p>\u00ab Les forces isra\u00e9liennes ont \u00e9galement projet\u00e9 d\u2019\u00e9normes quantit\u00e9s de skunk \u2013 un liquide particuli\u00e8rement naus\u00e9abond, \u00e0 la puanteur persistante \u2013 sur les r\u00e9sidents et les maisons des ruelles \u00e9troites du camp \u00bb,<\/p><\/blockquote>\n<p>a ajout\u00e9 la cha\u00eene de diffusion.<\/p>\n<blockquote class=\"twitter-tweet\" data-width=\"500\" data-dnt=\"true\">\n<p lang=\"en\" dir=\"ltr\">Palestinias in other parts of Jerusalem protest and confront Zionist apartheid forces on response to the siege and general <a href=\"https:\/\/twitter.com\/IL_police?ref_src=twsrc%5Etfw\">@IL_police<\/a> brutality. According to reports, the scale of confrontations is beyond anything seen in the city in a long time<a href=\"https:\/\/t.co\/8Fsqy6EO1L\">https:\/\/t.co\/8Fsqy6EO1L<\/a><\/p>\n<p>&mdash; Asaf Ronel (@AsafRonel) <a href=\"https:\/\/twitter.com\/AsafRonel\/status\/1580302932792119296?ref_src=twsrc%5Etfw\">October 12, 2022<\/a><\/p><\/blockquote>\n<p><script async src=\"https:\/\/platform.twitter.com\/widgets.js\" charset=\"utf-8\"><\/script><\/p>\n<p>&nbsp;<\/p>\n<h3>\u00ab Un ch\u00e2timent collectif \u00bb<\/h3>\n<p>L\u2019<strong>UNRWA<\/strong>, l\u2019agence des Nations unies pour les r\u00e9fugi\u00e9s palestiniens, a d\u00e9clar\u00e9 qu\u2019elle avait ferm\u00e9 ses \u00e9coles et son dispensaire de soins de premi\u00e8re ligne dans le camp et que des tonnes d\u2019immondices non collect\u00e9es s\u2019empilaient dans les rues.<\/p>\n<blockquote><p>\u00ab Si les gens sont capables d\u2019entrer, par contre, sortir est extr\u00eamement difficile. Nous sommes en contact avec les autorit\u00e9s isra\u00e9liennes et nous leur disons que c\u2019est inacceptable \u00bb,<\/p><\/blockquote>\n<p>a expliqu\u00e9 \u00e0 Al Jazeera Kazem Abu Khalaf, un porte-parole de l\u2019UNRWA.<\/p>\n<blockquote><p>\u00ab Ils imposent <strong>un blocage \u00e0 plus de 100 000 personnes<\/strong>. Beaucoup d\u00e9crivent la chose comme une punition collective \u00bb,<\/p><\/blockquote>\n<p>a ajout\u00e9 Abu Khalaf.<\/p>\n<p><strong>Mahmoud Abu al-Antouz<\/strong>, le chef du comit\u00e9 populaire du camp a d\u00e9clar\u00e9 \u00e0 Al Jazeera que 3<strong> 000 r\u00e9sidents atteints de maladies chroniques ont \u00e9t\u00e9 emp\u00each\u00e9s de recevoir leurs soins<\/strong>, entre autres, des chimioth\u00e9rapies, ou des dialyses r\u00e9nales.<\/p>\n<blockquote><p>\u00ab La livraison de nourriture n\u2019est pas autoris\u00e9e non plus. Les \u00e9quipes m\u00e9dicales ne peuvent entrer \u00bb,<\/p><\/blockquote>\n<p>a d\u00e9clar\u00e9 Abu al-Antouz. Pendant ce temps, quelque 5 000 enfants sont rest\u00e9s \u00e0 la maison au lieu d\u2019aller \u00e0 l\u2019\u00e9cole, ces quelques derniers jours.<\/p>\n<p>Dans l\u2019intervalle, Isra\u00ebl a effectu\u00e9 des raids \u00e0<strong> Issawiya<\/strong>, une autre zone de<strong> J\u00e9rusalem-Est,<\/strong> tirant des coups de feu et aspergeant de la skunk sur les maisons des familles palestiniennes :<\/p>\n<blockquote class=\"twitter-tweet\" data-width=\"500\" data-dnt=\"true\">\n<p lang=\"ar\" dir=\"rtl\">\u062a\u063a\u0637\u064a\u0629 \u0635\u062d\u0641\u064a\u0629 : &quot;\u0645\u0646 \u0627\u0642\u062a\u062d\u0627\u0645 \u0642\u0648\u0627\u062a \u0627\u0644\u0627\u062d\u062a\u0644\u0627\u0644 \u0628\u0644\u062f\u0629 \u0627\u0644\u0639\u064a\u0633\u0627\u0648\u064a\u0629 \u0648\u0645\u0647\u0627\u062c\u0645\u0629 \u0645\u0646\u0627\u0632\u0644 \u0627\u0644\u0623\u0647\u0627\u0644\u064a \u0628\u0627\u0644\u0645\u064a\u0627\u0647 \u0627\u0644\u0639\u0627\u062f\u0645\u0629 \u0627\u0644\u064a\u0648\u0645&quot; <a href=\"https:\/\/t.co\/apubna6mQa\">pic.twitter.com\/apubna6mQa<\/a><\/p>\n<p>&mdash; \u0627\u0644\u0642\u0633\u0637\u0644 \u0627\u0644\u0625\u062e\u0628\u0627\u0631\u064a (@AlQastalps) <a href=\"https:\/\/twitter.com\/AlQastalps\/status\/1580203675766906885?ref_src=twsrc%5Etfw\">October 12, 2022<\/a><\/p><\/blockquote>\n<p><script async src=\"https:\/\/platform.twitter.com\/widgets.js\" charset=\"utf-8\"><\/script><\/p>\n<blockquote class=\"twitter-tweet\" data-width=\"500\" data-dnt=\"true\">\n<p lang=\"ar\" dir=\"rtl\">\u062a\u063a\u0637\u064a\u0629 \u0635\u062d\u0641\u064a\u0629 : &quot;\u062c\u0627\u0646\u0628 \u0645\u0646 \u0627\u0644\u0645\u0648\u0627\u062c\u0647\u0627\u062a \u0627\u0644\u062a\u064a \u0627\u0646\u062f\u0644\u0639\u062a \u0628\u0628\u0644\u062f\u0629 \u0627\u0644\u0639\u064a\u0633\u0627\u0648\u064a\u0629 \u0628\u0627\u0644\u0642\u062f\u0633 \u0639\u0635\u0631 \u0627\u0644\u064a\u0648\u0645 \u062d\u064a\u062b \u0623\u0637\u0644\u0642\u062a \u0642\u0648\u0627\u062a \u0627\u0644\u0627\u062d\u062a\u0644\u0627\u0644 \u0642\u0646\u0627\u0628\u0644 \u0627\u0644\u063a\u0627\u0632 \u062a\u062c\u0627\u0647 \u0645\u0646\u0627\u0632\u0644 \u0627\u0644\u0623\u0647\u0627\u0644\u064a&quot; <a href=\"https:\/\/t.co\/PJnuWF8aZ4\">pic.twitter.com\/PJnuWF8aZ4<\/a><\/p>\n<p>&mdash; \u0627\u0644\u0642\u0633\u0637\u0644 \u0627\u0644\u0625\u062e\u0628\u0627\u0631\u064a (@AlQastalps) <a href=\"https:\/\/twitter.com\/AlQastalps\/status\/1580203013175939073?ref_src=twsrc%5Etfw\">October 12, 2022<\/a><\/p><\/blockquote>\n<p><script async src=\"https:\/\/platform.twitter.com\/widgets.js\" charset=\"utf-8\"><\/script><\/p>\n<p>De m\u00eame, ce mercredi, l\u2019acc\u00e8s aux services essentiels et aux commerces courants a \u00e9t\u00e9 grandement perturb\u00e9 \u00e0 Naplouse, une ville du nord de la Cisjordanie, au moment o\u00f9 Isra\u00ebl a impos\u00e9 plus de restrictions de mouvement encore \u00e0 la zone.<\/p>\n<blockquote class=\"twitter-tweet\" data-width=\"500\" data-dnt=\"true\">\n<p lang=\"en\" dir=\"ltr\">A long queue of Palestinian vehicles is seen right now at the western entrance to Nablus in the occupied West Bank, as Israeli occupation authorities continue to shut down all the entrances to the city since last night. <a href=\"https:\/\/t.co\/lOttOqTKf6\">pic.twitter.com\/lOttOqTKf6<\/a><\/p>\n<p>&mdash; Quds News Network (@QudsNen) <a href=\"https:\/\/twitter.com\/QudsNen\/status\/1580140682215395329?ref_src=twsrc%5Etfw\">October 12, 2022<\/a><\/p><\/blockquote>\n<p><script async src=\"https:\/\/platform.twitter.com\/widgets.js\" charset=\"utf-8\"><\/script><\/p>\n<p>Ailleurs en Cisjordanie, des colons ont attaqu\u00e9 une maison \u00e0<strong> Sinjil, au nord de Ramallah<\/strong> et, pendant ce temps, les soldats regardaient et laissaient faire, a dit un t\u00e9moin.<\/p>\n<blockquote class=\"twitter-tweet\" data-width=\"500\" data-dnt=\"true\">\n<p lang=\"iw\" dir=\"rtl\">\u05e2\u05d0\u05d9\u05d3, \u05e9\u05d1\u05e1\u05e8\u05d8\u05d5\u05df, \u05d7\u05d8\u05e3 \u05d0\u05d1\u05e0\u05d9\u05dd \u05dc\u05ea\u05d5\u05da \u05d7\u05d3\u05e8 \u05d4\u05e9\u05d9\u05e0\u05d4 \u05d0\u05de\u05e9 \u05d1\u05dc\u05d9\u05dc\u05d4. \u05de\u05ea\u05e0\u05d7\u05dc\u05d9\u05dd \u05e2\u05dd \u05de\u05e1\u05d9\u05db\u05d5\u05ea \u05e4\u05e0\u05d9\u05dd \u05e8\u05d2\u05de\u05d5 4 \u05d1\u05ea\u05d9 \u05de\u05e9\u05e4\u05d7\u05d5\u05ea \u05d1\u05d9\u05d9\u05e9\u05d5\u05d1 \u05e9\u05dc\u05d5, \u05e1\u05e0\u05d2&#39;\u05dc. \u05d4\u05dd \u05ea\u05d5\u05e2\u05d3\u05d5 \u05d1\u05de\u05e6\u05dc\u05de\u05d5\u05ea \u05e9\u05e2\u05dc \u05d1\u05d9\u05ea\u05d5. \u05d3\u05d9\u05d1\u05e8\u05ea\u05d9 \u05e2\u05dd \u05e2\u05d0\u05d9\u05d3, \u05d5\u05d0\u05e0\u05d9 \u05e9\u05dd \u05db\u05d0\u05df \u05ea\u05de\u05dc\u05d5\u05dc \u05e9\u05dc \u05d3\u05d1\u05e8\u05d9\u05d5 \u05d4\u05d7\u05e9\u05d5\u05d1\u05d9\u05dd.  &gt;&gt; <a href=\"https:\/\/t.co\/CSrfRTKtdN\">pic.twitter.com\/CSrfRTKtdN<\/a><\/p>\n<p>&mdash; Yuval Abraham \u05d9\u05d5\u05d1\u05dc \u05d0\u05d1\u05e8\u05d4\u05dd (@yuval_abraham) <a href=\"https:\/\/twitter.com\/yuval_abraham\/status\/1580137078188220416?ref_src=twsrc%5Etfw\">October 12, 2022<\/a><\/p><\/blockquote>\n<p><script async src=\"https:\/\/platform.twitter.com\/widgets.js\" charset=\"utf-8\"><\/script><\/p>\n<p>&nbsp;<\/p>\n<p>Des vid\u00e9os et des rapports de t\u00e9moins oculaires ont indiqu\u00e9 que, mardi soir et mercredi, des colons avaient attaqu\u00e9 des Palestiniens et leurs propri\u00e9t\u00e9s en de multiples endroits de la Cisjordanie :<\/p>\n<blockquote class=\"twitter-tweet\" data-width=\"500\" data-dnt=\"true\">\n<p lang=\"en\" dir=\"ltr\">A trip from Ramallah that should have taken 1 hour took almost 3 due to road closures and checkpoints. Our taxi (with my kids inside) was attacked by settlers who threw stones at us\u2014saw another taxi with its windshield shattered, fortunately the passengers were okay. 1\/2<\/p>\n<p>&mdash; Yara Asi, PhD (@Yara_M_Asi) <a href=\"https:\/\/twitter.com\/Yara_M_Asi\/status\/1579950064708878337?ref_src=twsrc%5Etfw\">October 11, 2022<\/a><\/p><\/blockquote>\n<p><script async src=\"https:\/\/platform.twitter.com\/widgets.js\" charset=\"utf-8\"><\/script><\/p>\n<blockquote class=\"twitter-tweet\" data-width=\"500\" data-dnt=\"true\">\n<p lang=\"en\" dir=\"ltr\">settlers smash cars and puncture tires of Palestinian vehicles overnight in Al-Tur, Mount of Olives, Jerusalem. <a href=\"https:\/\/t.co\/9XHsrIYkNy\">https:\/\/t.co\/9XHsrIYkNy<\/a><\/p>\n<p>&mdash; Jalal \ud80c\udc86 (@JalalAK_jojo) <a href=\"https:\/\/twitter.com\/JalalAK_jojo\/status\/1580094842926813184?ref_src=twsrc%5Etfw\">October 12, 2022<\/a><\/p><\/blockquote>\n<p><script async src=\"https:\/\/platform.twitter.com\/widgets.js\" charset=\"utf-8\"><\/script><\/p>\n<blockquote class=\"twitter-tweet\" data-width=\"500\" data-dnt=\"true\">\n<p lang=\"en\" dir=\"ltr\">Israeli settlers on a rampage in the northern Jordan Valley&#8230; and bypass roads north of Ramallah, south of Nablus and west of it. Dozens of Palestinian cars were pelted with rocks and at least one Palestinian was wounded. <a href=\"https:\/\/t.co\/Yy3G5x1jAx\">pic.twitter.com\/Yy3G5x1jAx<\/a><\/p>\n<p>&mdash; Rania Zabaneh (@RZabaneh) <a href=\"https:\/\/twitter.com\/RZabaneh\/status\/1579912521355780096?ref_src=twsrc%5Etfw\">October 11, 2022<\/a><\/p><\/blockquote>\n<p><script async src=\"https:\/\/platform.twitter.com\/widgets.js\" charset=\"utf-8\"><\/script><\/p>\n<p style=\"text-align: center;\">*****<\/p>\n<p>Publi\u00e9 le 12 octobre 2022 sur <a href=\"https:\/\/electronicintifada.net\/blogs\/maureen-clare-murphy\/teen-killed-near-hebron-palestinians-protest-closures\" target=\"_blank\" rel=\"noopener\"><strong>The Electronic Intifada<\/strong><\/a><br \/>\nTraduction : Jean-Marie Fl\u00e9mal, <a href=\"https:\/\/charleroi-pourlapalestine.be\/\">Charleroi pour la Palestine<\/a><\/p>\n","protected":false},"excerpt":{"rendered":"<p>La Palestine br\u00fble : blocage du camp de Shuafat et de Naplouse, violences des colons et de l&rsquo;arm\u00e9e isra\u00e9lienne&#8230; mais la r\u00e9sistance s&rsquo;organise : gr\u00e8ve g\u00e9n\u00e9rale, protestations, r\u00e9sistance arm\u00e9e<\/p>\n","protected":false},"author":1,"featured_media":45330,"comment_status":"closed","ping_status":"closed","sticky":false,"template":"","format":"standard","meta":{"ngg_post_thumbnail":0,"footnotes":""},"categories":[390,836,7,8,140,391,192,777,25,838],"tags":[],"class_list":["post-45329","post","type-post","status-publish","format-standard","has-post-thumbnail","hentry","category-armee-israelienne","category-camps-de-refugies","category-cisjordanie","category-jerusalem","category-letat-colonial","category-lutte-armee","category-palestine","category-punitions-collectives","category-la-resistance-palestinienne","category-violence-des-colons"],"yoast_head":"<!-- This site is optimized with the Yoast SEO plugin v27.3 - https:\/\/yoast.com\/product\/yoast-seo-wordpress\/ -->\n<title>H\u00e9bron : un ado tu\u00e9 lors des protestations contre les blocages<\/title>\n<meta name=\"description\" content=\"Usama Mahmoud Adawi, 17 ans, a \u00e9t\u00e9 gri\u00e8vement bless\u00e9 durant des confrontations avec des soldats isra\u00e9liens \u00e0 l\u2019entr\u00e9e du camp de r\u00e9fugi\u00e9s d\u2019Arroub, pr\u00e8s de H\u00e9bron, et il est d\u00e9c\u00e9d\u00e9 un peu plus tard suite \u00e0 ses blessures\" \/>\n<meta name=\"robots\" content=\"index, follow, max-snippet:-1, max-image-preview:large, max-video-preview:-1\" \/>\n<link rel=\"canonical\" href=\"https:\/\/charleroi-pourlapalestine.be\/index.php\/2022\/10\/14\/un-ado-tue-pres-de-hebron-lors-des-protestations-palestiniennes-contre-les-blocages\/\" \/>\n<script type=\"application\/ld+json\" class=\"yoast-schema-graph\">{\"@context\":\"https:\\\/\\\/schema.org\",\"@graph\":[{\"@type\":\"Article\",\"@id\":\"https:\\\/\\\/charleroi-pourlapalestine.be\\\/index.php\\\/2022\\\/10\\\/14\\\/un-ado-tue-pres-de-hebron-lors-des-protestations-palestiniennes-contre-les-blocages\\\/#article\",\"isPartOf\":{\"@id\":\"https:\\\/\\\/charleroi-pourlapalestine.be\\\/index.php\\\/2022\\\/10\\\/14\\\/un-ado-tue-pres-de-hebron-lors-des-protestations-palestiniennes-contre-les-blocages\\\/\"},\"author\":{\"name\":\"admin1873\",\"@id\":\"https:\\\/\\\/charleroi-pourlapalestine.be\\\/#\\\/schema\\\/person\\\/c19ff515112f1299d8c12671d8fe3faa\"},\"headline\":\"Un ado tu\u00e9 pr\u00e8s de H\u00e9bron lors des protestations palestiniennes contre les blocages\",\"datePublished\":\"2022-10-14T09:59:57+00:00\",\"dateModified\":\"2022-11-19T14:38:45+00:00\",\"mainEntityOfPage\":{\"@id\":\"https:\\\/\\\/charleroi-pourlapalestine.be\\\/index.php\\\/2022\\\/10\\\/14\\\/un-ado-tue-pres-de-hebron-lors-des-protestations-palestiniennes-contre-les-blocages\\\/\"},\"wordCount\":2415,\"publisher\":{\"@id\":\"https:\\\/\\\/charleroi-pourlapalestine.be\\\/#organization\"},\"image\":{\"@id\":\"https:\\\/\\\/charleroi-pourlapalestine.be\\\/index.php\\\/2022\\\/10\\\/14\\\/un-ado-tue-pres-de-hebron-lors-des-protestations-palestiniennes-contre-les-blocages\\\/#primaryimage\"},\"thumbnailUrl\":\"https:\\\/\\\/charleroi-pourlapalestine.be\\\/wp-content\\\/uploads\\\/2022\\\/10\\\/Les-forces-israeliennes-arretent-un-Palestinien-lors-dune-manifestation-contre-le-blocage-du-camp-de-refugies-de-Shuafat-e1665738362417.jpg\",\"articleSection\":[\"arm\u00e9e isra\u00e9lienne\",\"Camps de r\u00e9fugi\u00e9s\",\"Cisjordanie\",\"J\u00e9rusalem\",\"L'Etat colonial\",\"Lutte arm\u00e9e\",\"Palestine\",\"Punitions collectives\",\"R\u00e9sistance\",\"violence des colons\"],\"inLanguage\":\"fr-FR\"},{\"@type\":\"WebPage\",\"@id\":\"https:\\\/\\\/charleroi-pourlapalestine.be\\\/index.php\\\/2022\\\/10\\\/14\\\/un-ado-tue-pres-de-hebron-lors-des-protestations-palestiniennes-contre-les-blocages\\\/\",\"url\":\"https:\\\/\\\/charleroi-pourlapalestine.be\\\/index.php\\\/2022\\\/10\\\/14\\\/un-ado-tue-pres-de-hebron-lors-des-protestations-palestiniennes-contre-les-blocages\\\/\",\"name\":\"H\u00e9bron : un ado tu\u00e9 lors des protestations contre les blocages\",\"isPartOf\":{\"@id\":\"https:\\\/\\\/charleroi-pourlapalestine.be\\\/#website\"},\"primaryImageOfPage\":{\"@id\":\"https:\\\/\\\/charleroi-pourlapalestine.be\\\/index.php\\\/2022\\\/10\\\/14\\\/un-ado-tue-pres-de-hebron-lors-des-protestations-palestiniennes-contre-les-blocages\\\/#primaryimage\"},\"image\":{\"@id\":\"https:\\\/\\\/charleroi-pourlapalestine.be\\\/index.php\\\/2022\\\/10\\\/14\\\/un-ado-tue-pres-de-hebron-lors-des-protestations-palestiniennes-contre-les-blocages\\\/#primaryimage\"},\"thumbnailUrl\":\"https:\\\/\\\/charleroi-pourlapalestine.be\\\/wp-content\\\/uploads\\\/2022\\\/10\\\/Les-forces-israeliennes-arretent-un-Palestinien-lors-dune-manifestation-contre-le-blocage-du-camp-de-refugies-de-Shuafat-e1665738362417.jpg\",\"datePublished\":\"2022-10-14T09:59:57+00:00\",\"dateModified\":\"2022-11-19T14:38:45+00:00\",\"description\":\"Usama Mahmoud Adawi, 17 ans, a \u00e9t\u00e9 gri\u00e8vement bless\u00e9 durant des confrontations avec des soldats isra\u00e9liens \u00e0 l\u2019entr\u00e9e du camp de r\u00e9fugi\u00e9s d\u2019Arroub, pr\u00e8s de H\u00e9bron, et il est d\u00e9c\u00e9d\u00e9 un peu plus tard suite \u00e0 ses blessures\",\"breadcrumb\":{\"@id\":\"https:\\\/\\\/charleroi-pourlapalestine.be\\\/index.php\\\/2022\\\/10\\\/14\\\/un-ado-tue-pres-de-hebron-lors-des-protestations-palestiniennes-contre-les-blocages\\\/#breadcrumb\"},\"inLanguage\":\"fr-FR\",\"potentialAction\":[{\"@type\":\"ReadAction\",\"target\":[\"https:\\\/\\\/charleroi-pourlapalestine.be\\\/index.php\\\/2022\\\/10\\\/14\\\/un-ado-tue-pres-de-hebron-lors-des-protestations-palestiniennes-contre-les-blocages\\\/\"]}]},{\"@type\":\"ImageObject\",\"inLanguage\":\"fr-FR\",\"@id\":\"https:\\\/\\\/charleroi-pourlapalestine.be\\\/index.php\\\/2022\\\/10\\\/14\\\/un-ado-tue-pres-de-hebron-lors-des-protestations-palestiniennes-contre-les-blocages\\\/#primaryimage\",\"url\":\"https:\\\/\\\/charleroi-pourlapalestine.be\\\/wp-content\\\/uploads\\\/2022\\\/10\\\/Les-forces-israeliennes-arretent-un-Palestinien-lors-dune-manifestation-contre-le-blocage-du-camp-de-refugies-de-Shuafat-e1665738362417.jpg\",\"contentUrl\":\"https:\\\/\\\/charleroi-pourlapalestine.be\\\/wp-content\\\/uploads\\\/2022\\\/10\\\/Les-forces-israeliennes-arretent-un-Palestinien-lors-dune-manifestation-contre-le-blocage-du-camp-de-refugies-de-Shuafat-e1665738362417.jpg\",\"width\":471,\"height\":320},{\"@type\":\"BreadcrumbList\",\"@id\":\"https:\\\/\\\/charleroi-pourlapalestine.be\\\/index.php\\\/2022\\\/10\\\/14\\\/un-ado-tue-pres-de-hebron-lors-des-protestations-palestiniennes-contre-les-blocages\\\/#breadcrumb\",\"itemListElement\":[{\"@type\":\"ListItem\",\"position\":1,\"name\":\"Accueil\",\"item\":\"https:\\\/\\\/charleroi-pourlapalestine.be\\\/\"},{\"@type\":\"ListItem\",\"position\":2,\"name\":\"Un ado tu\u00e9 pr\u00e8s de H\u00e9bron lors des protestations palestiniennes contre les blocages\"}]},{\"@type\":\"WebSite\",\"@id\":\"https:\\\/\\\/charleroi-pourlapalestine.be\\\/#website\",\"url\":\"https:\\\/\\\/charleroi-pourlapalestine.be\\\/\",\"name\":\"Charleroi Pour la Palestine\",\"description\":\"\",\"publisher\":{\"@id\":\"https:\\\/\\\/charleroi-pourlapalestine.be\\\/#organization\"},\"potentialAction\":[{\"@type\":\"SearchAction\",\"target\":{\"@type\":\"EntryPoint\",\"urlTemplate\":\"https:\\\/\\\/charleroi-pourlapalestine.be\\\/?s={search_term_string}\"},\"query-input\":{\"@type\":\"PropertyValueSpecification\",\"valueRequired\":true,\"valueName\":\"search_term_string\"}}],\"inLanguage\":\"fr-FR\"},{\"@type\":\"Organization\",\"@id\":\"https:\\\/\\\/charleroi-pourlapalestine.be\\\/#organization\",\"name\":\"Plate-forme Charleroi-Palestine\",\"url\":\"https:\\\/\\\/charleroi-pourlapalestine.be\\\/\",\"logo\":{\"@type\":\"ImageObject\",\"inLanguage\":\"fr-FR\",\"@id\":\"https:\\\/\\\/charleroi-pourlapalestine.be\\\/#\\\/schema\\\/logo\\\/image\\\/\",\"url\":\"https:\\\/\\\/charleroi-pourlapalestine.be\\\/wp-content\\\/uploads\\\/2020\\\/01\\\/logo-Copy.jpg\",\"contentUrl\":\"https:\\\/\\\/charleroi-pourlapalestine.be\\\/wp-content\\\/uploads\\\/2020\\\/01\\\/logo-Copy.jpg\",\"width\":180,\"height\":180,\"caption\":\"Plate-forme Charleroi-Palestine\"},\"image\":{\"@id\":\"https:\\\/\\\/charleroi-pourlapalestine.be\\\/#\\\/schema\\\/logo\\\/image\\\/\"},\"sameAs\":[\"https:\\\/\\\/www.facebook.com\\\/PlateformeCharleroiPalestine\\\/\",\"https:\\\/\\\/x.com\\\/LaCharleroi\"]},{\"@type\":\"Person\",\"@id\":\"https:\\\/\\\/charleroi-pourlapalestine.be\\\/#\\\/schema\\\/person\\\/c19ff515112f1299d8c12671d8fe3faa\",\"name\":\"admin1873\",\"url\":\"https:\\\/\\\/charleroi-pourlapalestine.be\\\/index.php\\\/author\\\/admin1873\\\/\"}]}<\/script>\n<!-- \/ Yoast SEO plugin. -->","yoast_head_json":{"title":"H\u00e9bron : un ado tu\u00e9 lors des protestations contre les blocages","description":"Usama Mahmoud Adawi, 17 ans, a \u00e9t\u00e9 gri\u00e8vement bless\u00e9 durant des confrontations avec des soldats isra\u00e9liens \u00e0 l\u2019entr\u00e9e du camp de r\u00e9fugi\u00e9s d\u2019Arroub, pr\u00e8s de H\u00e9bron, et il est d\u00e9c\u00e9d\u00e9 un peu plus tard suite \u00e0 ses blessures","robots":{"index":"index","follow":"follow","max-snippet":"max-snippet:-1","max-image-preview":"max-image-preview:large","max-video-preview":"max-video-preview:-1"},"canonical":"https:\/\/charleroi-pourlapalestine.be\/index.php\/2022\/10\/14\/un-ado-tue-pres-de-hebron-lors-des-protestations-palestiniennes-contre-les-blocages\/","schema":{"@context":"https:\/\/schema.org","@graph":[{"@type":"Article","@id":"https:\/\/charleroi-pourlapalestine.be\/index.php\/2022\/10\/14\/un-ado-tue-pres-de-hebron-lors-des-protestations-palestiniennes-contre-les-blocages\/#article","isPartOf":{"@id":"https:\/\/charleroi-pourlapalestine.be\/index.php\/2022\/10\/14\/un-ado-tue-pres-de-hebron-lors-des-protestations-palestiniennes-contre-les-blocages\/"},"author":{"name":"admin1873","@id":"https:\/\/charleroi-pourlapalestine.be\/#\/schema\/person\/c19ff515112f1299d8c12671d8fe3faa"},"headline":"Un ado tu\u00e9 pr\u00e8s de H\u00e9bron lors des protestations palestiniennes contre les blocages","datePublished":"2022-10-14T09:59:57+00:00","dateModified":"2022-11-19T14:38:45+00:00","mainEntityOfPage":{"@id":"https:\/\/charleroi-pourlapalestine.be\/index.php\/2022\/10\/14\/un-ado-tue-pres-de-hebron-lors-des-protestations-palestiniennes-contre-les-blocages\/"},"wordCount":2415,"publisher":{"@id":"https:\/\/charleroi-pourlapalestine.be\/#organization"},"image":{"@id":"https:\/\/charleroi-pourlapalestine.be\/index.php\/2022\/10\/14\/un-ado-tue-pres-de-hebron-lors-des-protestations-palestiniennes-contre-les-blocages\/#primaryimage"},"thumbnailUrl":"https:\/\/charleroi-pourlapalestine.be\/wp-content\/uploads\/2022\/10\/Les-forces-israeliennes-arretent-un-Palestinien-lors-dune-manifestation-contre-le-blocage-du-camp-de-refugies-de-Shuafat-e1665738362417.jpg","articleSection":["arm\u00e9e isra\u00e9lienne","Camps de r\u00e9fugi\u00e9s","Cisjordanie","J\u00e9rusalem","L'Etat colonial","Lutte arm\u00e9e","Palestine","Punitions collectives","R\u00e9sistance","violence des colons"],"inLanguage":"fr-FR"},{"@type":"WebPage","@id":"https:\/\/charleroi-pourlapalestine.be\/index.php\/2022\/10\/14\/un-ado-tue-pres-de-hebron-lors-des-protestations-palestiniennes-contre-les-blocages\/","url":"https:\/\/charleroi-pourlapalestine.be\/index.php\/2022\/10\/14\/un-ado-tue-pres-de-hebron-lors-des-protestations-palestiniennes-contre-les-blocages\/","name":"H\u00e9bron : un ado tu\u00e9 lors des protestations contre les blocages","isPartOf":{"@id":"https:\/\/charleroi-pourlapalestine.be\/#website"},"primaryImageOfPage":{"@id":"https:\/\/charleroi-pourlapalestine.be\/index.php\/2022\/10\/14\/un-ado-tue-pres-de-hebron-lors-des-protestations-palestiniennes-contre-les-blocages\/#primaryimage"},"image":{"@id":"https:\/\/charleroi-pourlapalestine.be\/index.php\/2022\/10\/14\/un-ado-tue-pres-de-hebron-lors-des-protestations-palestiniennes-contre-les-blocages\/#primaryimage"},"thumbnailUrl":"https:\/\/charleroi-pourlapalestine.be\/wp-content\/uploads\/2022\/10\/Les-forces-israeliennes-arretent-un-Palestinien-lors-dune-manifestation-contre-le-blocage-du-camp-de-refugies-de-Shuafat-e1665738362417.jpg","datePublished":"2022-10-14T09:59:57+00:00","dateModified":"2022-11-19T14:38:45+00:00","description":"Usama Mahmoud Adawi, 17 ans, a \u00e9t\u00e9 gri\u00e8vement bless\u00e9 durant des confrontations avec des soldats isra\u00e9liens \u00e0 l\u2019entr\u00e9e du camp de r\u00e9fugi\u00e9s d\u2019Arroub, pr\u00e8s de H\u00e9bron, et il est d\u00e9c\u00e9d\u00e9 un peu plus tard suite \u00e0 ses blessures","breadcrumb":{"@id":"https:\/\/charleroi-pourlapalestine.be\/index.php\/2022\/10\/14\/un-ado-tue-pres-de-hebron-lors-des-protestations-palestiniennes-contre-les-blocages\/#breadcrumb"},"inLanguage":"fr-FR","potentialAction":[{"@type":"ReadAction","target":["https:\/\/charleroi-pourlapalestine.be\/index.php\/2022\/10\/14\/un-ado-tue-pres-de-hebron-lors-des-protestations-palestiniennes-contre-les-blocages\/"]}]},{"@type":"ImageObject","inLanguage":"fr-FR","@id":"https:\/\/charleroi-pourlapalestine.be\/index.php\/2022\/10\/14\/un-ado-tue-pres-de-hebron-lors-des-protestations-palestiniennes-contre-les-blocages\/#primaryimage","url":"https:\/\/charleroi-pourlapalestine.be\/wp-content\/uploads\/2022\/10\/Les-forces-israeliennes-arretent-un-Palestinien-lors-dune-manifestation-contre-le-blocage-du-camp-de-refugies-de-Shuafat-e1665738362417.jpg","contentUrl":"https:\/\/charleroi-pourlapalestine.be\/wp-content\/uploads\/2022\/10\/Les-forces-israeliennes-arretent-un-Palestinien-lors-dune-manifestation-contre-le-blocage-du-camp-de-refugies-de-Shuafat-e1665738362417.jpg","width":471,"height":320},{"@type":"BreadcrumbList","@id":"https:\/\/charleroi-pourlapalestine.be\/index.php\/2022\/10\/14\/un-ado-tue-pres-de-hebron-lors-des-protestations-palestiniennes-contre-les-blocages\/#breadcrumb","itemListElement":[{"@type":"ListItem","position":1,"name":"Accueil","item":"https:\/\/charleroi-pourlapalestine.be\/"},{"@type":"ListItem","position":2,"name":"Un ado tu\u00e9 pr\u00e8s de H\u00e9bron lors des protestations palestiniennes contre les blocages"}]},{"@type":"WebSite","@id":"https:\/\/charleroi-pourlapalestine.be\/#website","url":"https:\/\/charleroi-pourlapalestine.be\/","name":"Charleroi Pour la Palestine","description":"","publisher":{"@id":"https:\/\/charleroi-pourlapalestine.be\/#organization"},"potentialAction":[{"@type":"SearchAction","target":{"@type":"EntryPoint","urlTemplate":"https:\/\/charleroi-pourlapalestine.be\/?s={search_term_string}"},"query-input":{"@type":"PropertyValueSpecification","valueRequired":true,"valueName":"search_term_string"}}],"inLanguage":"fr-FR"},{"@type":"Organization","@id":"https:\/\/charleroi-pourlapalestine.be\/#organization","name":"Plate-forme Charleroi-Palestine","url":"https:\/\/charleroi-pourlapalestine.be\/","logo":{"@type":"ImageObject","inLanguage":"fr-FR","@id":"https:\/\/charleroi-pourlapalestine.be\/#\/schema\/logo\/image\/","url":"https:\/\/charleroi-pourlapalestine.be\/wp-content\/uploads\/2020\/01\/logo-Copy.jpg","contentUrl":"https:\/\/charleroi-pourlapalestine.be\/wp-content\/uploads\/2020\/01\/logo-Copy.jpg","width":180,"height":180,"caption":"Plate-forme Charleroi-Palestine"},"image":{"@id":"https:\/\/charleroi-pourlapalestine.be\/#\/schema\/logo\/image\/"},"sameAs":["https:\/\/www.facebook.com\/PlateformeCharleroiPalestine\/","https:\/\/x.com\/LaCharleroi"]},{"@type":"Person","@id":"https:\/\/charleroi-pourlapalestine.be\/#\/schema\/person\/c19ff515112f1299d8c12671d8fe3faa","name":"admin1873","url":"https:\/\/charleroi-pourlapalestine.be\/index.php\/author\/admin1873\/"}]}},"_links":{"self":[{"href":"https:\/\/charleroi-pourlapalestine.be\/index.php\/wp-json\/wp\/v2\/posts\/45329","targetHints":{"allow":["GET"]}}],"collection":[{"href":"https:\/\/charleroi-pourlapalestine.be\/index.php\/wp-json\/wp\/v2\/posts"}],"about":[{"href":"https:\/\/charleroi-pourlapalestine.be\/index.php\/wp-json\/wp\/v2\/types\/post"}],"author":[{"embeddable":true,"href":"https:\/\/charleroi-pourlapalestine.be\/index.php\/wp-json\/wp\/v2\/users\/1"}],"replies":[{"embeddable":true,"href":"https:\/\/charleroi-pourlapalestine.be\/index.php\/wp-json\/wp\/v2\/comments?post=45329"}],"version-history":[{"count":0,"href":"https:\/\/charleroi-pourlapalestine.be\/index.php\/wp-json\/wp\/v2\/posts\/45329\/revisions"}],"wp:featuredmedia":[{"embeddable":true,"href":"https:\/\/charleroi-pourlapalestine.be\/index.php\/wp-json\/wp\/v2\/media\/45330"}],"wp:attachment":[{"href":"https:\/\/charleroi-pourlapalestine.be\/index.php\/wp-json\/wp\/v2\/media?parent=45329"}],"wp:term":[{"taxonomy":"category","embeddable":true,"href":"https:\/\/charleroi-pourlapalestine.be\/index.php\/wp-json\/wp\/v2\/categories?post=45329"},{"taxonomy":"post_tag","embeddable":true,"href":"https:\/\/charleroi-pourlapalestine.be\/index.php\/wp-json\/wp\/v2\/tags?post=45329"}],"curies":[{"name":"wp","href":"https:\/\/api.w.org\/{rel}","templated":true}]}}