{"id":45368,"date":"2022-10-15T15:41:09","date_gmt":"2022-10-15T13:41:09","guid":{"rendered":"https:\/\/charleroi-pourlapalestine.be\/?p=45368"},"modified":"2024-05-05T15:17:43","modified_gmt":"2024-05-05T13:17:43","slug":"marche-internationale-pour-le-retour-et-la-liberation-de-la-palestine-le-29-octobre-a-bruxelles","status":"publish","type":"post","link":"https:\/\/charleroi-pourlapalestine.be\/index.php\/2022\/10\/15\/marche-internationale-pour-le-retour-et-la-liberation-de-la-palestine-le-29-octobre-a-bruxelles\/","title":{"rendered":"Marche internationale pour le Retour et la Lib\u00e9ration de la Palestine le 29 octobre \u00e0 Bruxelles"},"content":{"rendered":"<p>Le mouvement palestinien, arabe et international&nbsp;<strong>Masar Badil&nbsp;<\/strong>organise&nbsp;une <a href=\"https:\/\/charleroi-pourlapalestine.be\/index.php\/2022\/09\/03\/samedi-29-octobre-2022-marche-du-retour-et-de-la-liberation-a-bruxelles\/\"><strong>Marche pour le retour et la lib\u00e9ration de la Palestine<\/strong><\/a> le<strong> samedi 29 octobre \u00e0 Bruxelles.<\/strong><\/p>\n<p>Partant de la<strong> place Lumumba<\/strong> (porte de Namur) \u00e0 14 h, cette Marche se terminera devant le Parlement europ\u00e9en afin de d\u00e9noncer la complicit\u00e9 des pays de l\u2019Union europ\u00e9enne.<\/p>\n<p>Trouvez ci-dessous l&rsquo;appel de <strong>Mohammed Khatib<\/strong>, <strong>coordinateur europ\u00e9en de Samidoun et membre de Masar Badil :<\/strong><\/p>\n<p>&nbsp;<\/p>\n<p>https:\/\/youtu.be\/eNJDpMrZsZY?t=19<\/p>\n<p>&nbsp;<\/p>\n<p>De nombreuses organisations (*), parmi lesquelles la Plate-forme Charleroi-Palestine, soutiennent cette initiative et appellent \u00e0 y participer en portant ses revendications:<\/p>\n<blockquote><p>Pour une Palestine libre et d\u00e9mocratique du Jourdain \u00e0 la mer<br \/>\nL\u00e9gitimit\u00e9 et soutien \u00e0 la r\u00e9sistance palestinienne sous toutes ses formes<br \/>\nD\u00e9fense du droit au retour de tous les r\u00e9fugi\u00e9s palestiniens sur leur terre<br \/>\nLibert\u00e9 pour tous les prisonniers palestiniens, dont le communiste libanais Georges Abdallah emprisonn\u00e9 en France depuis 1984<br \/>\nD\u00e9noncer la complicit\u00e9 des puissances occidentales, des r\u00e9gimes r\u00e9actionnaires arabes et de l\u2019Autorit\u00e9 palestinienne<br \/>\nBoycott d\u2019Isra\u00ebl et lutte pour son isolement au niveau international<\/p><\/blockquote>\n<h3>Notre Plate-forme organise un d\u00e9part collectif en train et m\u00e9tro \u00e0 partir de Charleroi et de Marchienne-au-Pont<\/h3>\n<p>RV le samedi 29 octobre \u00e0 <strong>11 h 45 dans la gare de Charleroi<\/strong> (pour prendre le train de 12 h 05)<br \/>\nou \u00e0 <strong>11 h 50 dans la gare de Marchienne-au-Pont<\/strong> (pour prendre le m\u00eame train \u00e0 12 h 10)<\/p>\n<h3>Une semaine pour la lib\u00e9ration de la Palestine<\/h3>\n<p>A l&rsquo;initiative de Classe contre classe et de Secours Rouge, plusieurs \u00e9v\u00e9nements pr\u00e9c\u00e9deront la Marche du 29 octobre \u00e0 Bruxelles.<\/p>\n<blockquote><p><strong>Lundi 24 h, 19 h, <\/strong>\u00e0 la librairie Novembre, rue du Fort, 38 \u00e0 1060 Bruxelles : Pr\u00e9sentation par Luk Vervaet des recueils Sumud : <a href=\"https:\/\/charleroi-pourlapalestine.be\/index.php\/2021\/12\/28\/sumud-un-livre-sur-la-resistance-des-prisonniers-palestinienssumud\/\">SUMUD. Une philosophie palestinienne de la r\u00e9sistance dans les prisons coloniales&nbsp; <\/a>et <a href=\"https:\/\/charleroi-pourlapalestine.be\/index.php\/2022\/04\/07\/sortie-du-livre-sumud-paroles-de-resistance-des-prisonnieres-palestiniennes\/\">SUMUD- Paroles de r\u00e9sistance des prisonni\u00e8res palestiniennes<\/a>.<br \/>\nPr\u00e9sentation par Ahmed Frassini, ancien prisonnier palestinien, d&rsquo;une campagne pour r\u00e9cup\u00e9rer les corps des prisonniers palestiniens qu\u2019Israel refuse de rendre.<\/p>\n<p><strong>Mardi 25 octobre, 19 h,<\/strong> \u00e0 la librairie M\u00e9t\u00e9ores, rue Blaes, 207, 1000 Bruxelles : Pr\u00e9sentation de l\u2019\u00e9dition des \u0153uvres de Mohamed Boudia<strong>, <\/strong>combattant pour l\u2019ind\u00e9pendance de l\u2019Alg\u00e9rie, dramaturge, assassin\u00e9 par les services secrets isra\u00e9liens \u00e0 Paris en 1975.<\/p>\n<p><strong>Mercredi 26 octobre, 19 h,&nbsp;<\/strong>au Sacco-Vanzetti, chauss\u00e9e de Forest, 54, 1060 Bruxelles : Soir\u00e9e \u00ab<em>&nbsp;Retour de Palestine&nbsp;\u00bb<\/em> organis\u00e9 par le collectif La Grue. T\u00e9moignage de deux jeunes militant\u00b7e\u00b7s.<br \/>\n.<br \/>\n<strong>Jeudi 27 octobre, 19 h,&nbsp;<\/strong>\u00c0 la salle Aurore, rue du Midi, 162, 1000 Bruxelles. : Symposium de solidarit\u00e9 avec les prisonnier\u00b7e\u00b7s palestinien\u00b7ne\u00b7s organis\u00e9 par Samidoun, r\u00e9seau international de soutien aux prisonnier\u00b7e\u00b7s de Palestine.<\/p>\n<p><strong>Vendredi 28 octobre, 19 h,<\/strong> au DK, rue de Danemark 70 b, 1060 Bruxelles : <em>\u00ab Palestine, internationalisme et anti-imp\u00e9ralisme \u00bb<\/em> Conf\u00e9rence-d\u00e9bat du Secours Rouge International sur l\u2019histoire des liens entre les mouvements r\u00e9volutionnaires de Palestine, d\u2019Europe, du Moyen-Orient (Iran, Kurdistan) et du monde arabe (Maghreb\u2026).<\/p><\/blockquote>\n<h3>Le site de la Marche<\/h3>\n<p>Toutes ces initiatives, ainsi que des infos pratiques sont pr\u00e9sents sur le nouveau site <a href=\"https:\/\/returnandliberation.org\/\" target=\"_blank\" rel=\"noopener\"><strong>March for Return and Liberation,<\/strong><\/a> lanc\u00e9 par<strong> Masar Badil.<\/strong><\/p>\n<p>Le site mentionne \u00e9galement un <strong>Forum sur le droit au retour des r\u00e9fugi\u00e9s palestiniens<\/strong> qui sera organis\u00e9 au <strong>Parlement europ\u00e9en.<\/strong> L&rsquo;inscription est obligatoire.&nbsp;<\/p>\n<h4 style=\"text-align: center;\">Pour vous inscrire, envoyez un courriel \u00e0<strong> info@returnandliberation.org<\/strong><\/h4>\n<p>Vous trouverez \u00e9galement une s\u00e9rie de <strong>messages vid\u00e9o et d&rsquo;invitations sp\u00e9ciales de personnalit\u00e9s palestiniennes, de porte-parole de la r\u00e9sistance et de la politique, ainsi que de mouvements arabes et internationaux<\/strong>, appelant \u00e0 une large participation le 29 octobre afin de restaurer la voix des masses palestiniennes en exil et en diaspora, et d&rsquo;\u0153uvrer \u00e0 l&rsquo;expansion et au d\u00e9veloppement d&rsquo;un boycott du projet sioniste en Palestine occup\u00e9e, en s&rsquo;opposant aux projets de normalisation et \u00e0 la soi-disant <em>\u00ab\u00a0Autorit\u00e9 palestinienne\u00a0\u00bb<\/em> en Cisjordanie occup\u00e9e.<\/p>\n<p>Le site met \u00e9galement en \u00e9vidence diverses demandes, activit\u00e9s et contingents du rassemblement, en particulier la demande de briser le si\u00e8ge de Gaza (\u00e0 cet effet, <strong>CAPJPO-EuroPalestine<\/strong> organisera plusieurs bus depuis la France pour assister au rassemblement), ainsi que pour la libert\u00e9 de tous les prisonniers palestiniens et la lib\u00e9ration de<strong> Georges Abdallah.<br \/>\n<\/strong><\/p>\n<p>(*) <strong>Les organisations sont invit\u00e9es \u00e0 se joindre aux signataires actuels<\/strong> &#8211; notamment :<\/p>\n<p><strong>Samidoun Palestinian Prisoner Solidarity Network<\/strong> (Int), Collectif Palestine Vaincra (F) , CAPJPO-EuroPalestine (F), Secours Rouge International, Classe Contre Classe (B), Plate-forme Charleroi-Palestine (B), Raj&rsquo;een Dabkeh Group (B), Alkarama Palestinian Women&rsquo;s Mobilization (Esp), Al-Yudur Palestinian Youth (Esp), Canada Palestine, Arlac (B), De-Colonizer (Int), LHAI (Ligue Ha\u00eftienne Anti-Imp\u00e9rialiste) (B), Black Panthers (B), Mouvement Citoyen pour la Paix (B),&nbsp; LEF-FGE (Links Ecologisch Forum \u2013 Forum Gauche Ecologie) (B), Eritrea Tours for Friendship (B), Collectif 69 Palestine (F), Droits Devant !! (F), AFPS Albertville (F), AFPS du Puy de D\u00f4me (F), le Parti Ouvrier Ind\u00e9pendant (F), l\u2019UFCM (Association Fran\u00e7aise des Consommateurs musulmans) (F) , Couserans Palestine (F), AFA (F), Communaut\u00e9 Palestinienne du Nord Pas de Calais (F), AFPS du Nord Pas-de Calais (F), AFPS 13 (F), IJAN Espagne (R\u00e9seau International des Juifs Antisionistes), Comit\u00e9 Boykot Danemark, Opposizione Studentesca d\u2019Alternativa (It), Rete dei Comunisti (It), Cambiare Rotta (It), Palestina Nel Cuore, Comit\u00e9 BDS-ULB (B), Comit\u00e9 Verviers Palestine (B), La Coordination Namuroise Belgo-Palestinienne (CNB-P), Football Against Apartheid (GB), Acta (F), Within Our Lifetime (EU),&nbsp; Palestinian Refugees Movement (B), Revolutionaire Eenheid (PB), Al Awda &#8211; The Palestinian Right to Return Coalition (Int),&nbsp; Cambiare Rotta (It), ILPS Canada,&nbsp; BDS Vancouver (Ca), Canadian BDS Coalition, Canada Palestine Association, &#8230;..<\/p>\n<h3 style=\"text-align: center;\"><a href=\"https:\/\/returnandliberation.org\/endorse\/\" target=\"_blank\" rel=\"noopener\"><strong>Cliquez ici pour soutenir le soutien de votre association<\/strong><\/a><\/h3>\n<p>&nbsp;<\/p>\n<p>&nbsp;<\/p>\n<div class=\"video-container\"><iframe loading=\"lazy\" title=\"Marche pour le retour et la lib\u00e9ration de la Palestine\" width=\"500\" height=\"281\" src=\"https:\/\/www.youtube.com\/embed\/qtMQW10eCzM?start=19&#038;feature=oembed&#038;wmode=opaque\" frameborder=\"0\" allow=\"accelerometer; autoplay; clipboard-write; encrypted-media; gyroscope; picture-in-picture; web-share\" referrerpolicy=\"strict-origin-when-cross-origin\" allowfullscreen><\/iframe><\/div>\n","protected":false},"excerpt":{"rendered":"<p>Un nouveau site pour l&rsquo;\u00e9v\u00e9nement, infos pratiques pour la Marche et la semaine pour la Palestine qui la pr\u00e9c\u00e8de, vid\u00e9os, soutiens de personnalit\u00e9s et d&rsquo;associations &#8230;<\/p>\n","protected":false},"author":1,"featured_media":45411,"comment_status":"closed","ping_status":"closed","sticky":false,"template":"","format":"standard","meta":{"ngg_post_thumbnail":0,"footnotes":""},"categories":[99,480,192,9,25],"tags":[851],"class_list":["post-45368","post","type-post","status-publish","format-standard","has-post-thumbnail","hentry","category-droit-au-retour","category-liberation","category-palestine","category-les-refugies-pamestiniens","category-la-resistance-palestinienne","tag-mohammed-khatib"],"yoast_head":"<!-- This site is optimized with the Yoast SEO plugin v27.3 - https:\/\/yoast.com\/product\/yoast-seo-wordpress\/ -->\n<title>Marche internationale pour le Retour et la Lib\u00e9ration de la Palestine<\/title>\n<meta name=\"description\" content=\"Pr\u00e9sentation du nouveau site pour l&#039;\u00e9v\u00e9nement, infos pratiques pour la Marche et la semaine pour la Palestine qui la pr\u00e9c\u00e8de, vid\u00e9os, soutiens...\" \/>\n<meta name=\"robots\" content=\"index, follow, max-snippet:-1, max-image-preview:large, max-video-preview:-1\" \/>\n<link rel=\"canonical\" href=\"https:\/\/charleroi-pourlapalestine.be\/index.php\/2022\/10\/15\/marche-internationale-pour-le-retour-et-la-liberation-de-la-palestine-le-29-octobre-a-bruxelles\/\" \/>\n<script type=\"application\/ld+json\" class=\"yoast-schema-graph\">{\"@context\":\"https:\\\/\\\/schema.org\",\"@graph\":[{\"@type\":\"Article\",\"@id\":\"https:\\\/\\\/charleroi-pourlapalestine.be\\\/index.php\\\/2022\\\/10\\\/15\\\/marche-internationale-pour-le-retour-et-la-liberation-de-la-palestine-le-29-octobre-a-bruxelles\\\/#article\",\"isPartOf\":{\"@id\":\"https:\\\/\\\/charleroi-pourlapalestine.be\\\/index.php\\\/2022\\\/10\\\/15\\\/marche-internationale-pour-le-retour-et-la-liberation-de-la-palestine-le-29-octobre-a-bruxelles\\\/\"},\"author\":{\"name\":\"admin1873\",\"@id\":\"https:\\\/\\\/charleroi-pourlapalestine.be\\\/#\\\/schema\\\/person\\\/c19ff515112f1299d8c12671d8fe3faa\"},\"headline\":\"Marche internationale pour le Retour et la Lib\u00e9ration de la Palestine le 29 octobre \u00e0 Bruxelles\",\"datePublished\":\"2022-10-15T13:41:09+00:00\",\"dateModified\":\"2024-05-05T13:17:43+00:00\",\"mainEntityOfPage\":{\"@id\":\"https:\\\/\\\/charleroi-pourlapalestine.be\\\/index.php\\\/2022\\\/10\\\/15\\\/marche-internationale-pour-le-retour-et-la-liberation-de-la-palestine-le-29-octobre-a-bruxelles\\\/\"},\"wordCount\":947,\"publisher\":{\"@id\":\"https:\\\/\\\/charleroi-pourlapalestine.be\\\/#organization\"},\"image\":{\"@id\":\"https:\\\/\\\/charleroi-pourlapalestine.be\\\/index.php\\\/2022\\\/10\\\/15\\\/marche-internationale-pour-le-retour-et-la-liberation-de-la-palestine-le-29-octobre-a-bruxelles\\\/#primaryimage\"},\"thumbnailUrl\":\"https:\\\/\\\/charleroi-pourlapalestine.be\\\/wp-content\\\/uploads\\\/2022\\\/10\\\/Marche-internationale.jpeg\",\"keywords\":[\"Mohammed Khatib\"],\"articleSection\":[\"Droit au retour\",\"Lib\u00e9ration\",\"Palestine\",\"R\u00e9fugi\u00e9s\",\"R\u00e9sistance\"],\"inLanguage\":\"fr-FR\"},{\"@type\":\"WebPage\",\"@id\":\"https:\\\/\\\/charleroi-pourlapalestine.be\\\/index.php\\\/2022\\\/10\\\/15\\\/marche-internationale-pour-le-retour-et-la-liberation-de-la-palestine-le-29-octobre-a-bruxelles\\\/\",\"url\":\"https:\\\/\\\/charleroi-pourlapalestine.be\\\/index.php\\\/2022\\\/10\\\/15\\\/marche-internationale-pour-le-retour-et-la-liberation-de-la-palestine-le-29-octobre-a-bruxelles\\\/\",\"name\":\"Marche internationale pour le Retour et la Lib\u00e9ration de la Palestine\",\"isPartOf\":{\"@id\":\"https:\\\/\\\/charleroi-pourlapalestine.be\\\/#website\"},\"primaryImageOfPage\":{\"@id\":\"https:\\\/\\\/charleroi-pourlapalestine.be\\\/index.php\\\/2022\\\/10\\\/15\\\/marche-internationale-pour-le-retour-et-la-liberation-de-la-palestine-le-29-octobre-a-bruxelles\\\/#primaryimage\"},\"image\":{\"@id\":\"https:\\\/\\\/charleroi-pourlapalestine.be\\\/index.php\\\/2022\\\/10\\\/15\\\/marche-internationale-pour-le-retour-et-la-liberation-de-la-palestine-le-29-octobre-a-bruxelles\\\/#primaryimage\"},\"thumbnailUrl\":\"https:\\\/\\\/charleroi-pourlapalestine.be\\\/wp-content\\\/uploads\\\/2022\\\/10\\\/Marche-internationale.jpeg\",\"datePublished\":\"2022-10-15T13:41:09+00:00\",\"dateModified\":\"2024-05-05T13:17:43+00:00\",\"description\":\"Pr\u00e9sentation du nouveau site pour l'\u00e9v\u00e9nement, infos pratiques pour la Marche et la semaine pour la Palestine qui la pr\u00e9c\u00e8de, vid\u00e9os, soutiens...\",\"breadcrumb\":{\"@id\":\"https:\\\/\\\/charleroi-pourlapalestine.be\\\/index.php\\\/2022\\\/10\\\/15\\\/marche-internationale-pour-le-retour-et-la-liberation-de-la-palestine-le-29-octobre-a-bruxelles\\\/#breadcrumb\"},\"inLanguage\":\"fr-FR\",\"potentialAction\":[{\"@type\":\"ReadAction\",\"target\":[\"https:\\\/\\\/charleroi-pourlapalestine.be\\\/index.php\\\/2022\\\/10\\\/15\\\/marche-internationale-pour-le-retour-et-la-liberation-de-la-palestine-le-29-octobre-a-bruxelles\\\/\"]}]},{\"@type\":\"ImageObject\",\"inLanguage\":\"fr-FR\",\"@id\":\"https:\\\/\\\/charleroi-pourlapalestine.be\\\/index.php\\\/2022\\\/10\\\/15\\\/marche-internationale-pour-le-retour-et-la-liberation-de-la-palestine-le-29-octobre-a-bruxelles\\\/#primaryimage\",\"url\":\"https:\\\/\\\/charleroi-pourlapalestine.be\\\/wp-content\\\/uploads\\\/2022\\\/10\\\/Marche-internationale.jpeg\",\"contentUrl\":\"https:\\\/\\\/charleroi-pourlapalestine.be\\\/wp-content\\\/uploads\\\/2022\\\/10\\\/Marche-internationale.jpeg\",\"width\":1024,\"height\":576},{\"@type\":\"BreadcrumbList\",\"@id\":\"https:\\\/\\\/charleroi-pourlapalestine.be\\\/index.php\\\/2022\\\/10\\\/15\\\/marche-internationale-pour-le-retour-et-la-liberation-de-la-palestine-le-29-octobre-a-bruxelles\\\/#breadcrumb\",\"itemListElement\":[{\"@type\":\"ListItem\",\"position\":1,\"name\":\"Accueil\",\"item\":\"https:\\\/\\\/charleroi-pourlapalestine.be\\\/\"},{\"@type\":\"ListItem\",\"position\":2,\"name\":\"Marche internationale pour le Retour et la Lib\u00e9ration de la Palestine le 29 octobre \u00e0 Bruxelles\"}]},{\"@type\":\"WebSite\",\"@id\":\"https:\\\/\\\/charleroi-pourlapalestine.be\\\/#website\",\"url\":\"https:\\\/\\\/charleroi-pourlapalestine.be\\\/\",\"name\":\"Charleroi Pour la Palestine\",\"description\":\"\",\"publisher\":{\"@id\":\"https:\\\/\\\/charleroi-pourlapalestine.be\\\/#organization\"},\"potentialAction\":[{\"@type\":\"SearchAction\",\"target\":{\"@type\":\"EntryPoint\",\"urlTemplate\":\"https:\\\/\\\/charleroi-pourlapalestine.be\\\/?s={search_term_string}\"},\"query-input\":{\"@type\":\"PropertyValueSpecification\",\"valueRequired\":true,\"valueName\":\"search_term_string\"}}],\"inLanguage\":\"fr-FR\"},{\"@type\":\"Organization\",\"@id\":\"https:\\\/\\\/charleroi-pourlapalestine.be\\\/#organization\",\"name\":\"Plate-forme Charleroi-Palestine\",\"url\":\"https:\\\/\\\/charleroi-pourlapalestine.be\\\/\",\"logo\":{\"@type\":\"ImageObject\",\"inLanguage\":\"fr-FR\",\"@id\":\"https:\\\/\\\/charleroi-pourlapalestine.be\\\/#\\\/schema\\\/logo\\\/image\\\/\",\"url\":\"https:\\\/\\\/charleroi-pourlapalestine.be\\\/wp-content\\\/uploads\\\/2020\\\/01\\\/logo-Copy.jpg\",\"contentUrl\":\"https:\\\/\\\/charleroi-pourlapalestine.be\\\/wp-content\\\/uploads\\\/2020\\\/01\\\/logo-Copy.jpg\",\"width\":180,\"height\":180,\"caption\":\"Plate-forme Charleroi-Palestine\"},\"image\":{\"@id\":\"https:\\\/\\\/charleroi-pourlapalestine.be\\\/#\\\/schema\\\/logo\\\/image\\\/\"},\"sameAs\":[\"https:\\\/\\\/www.facebook.com\\\/PlateformeCharleroiPalestine\\\/\",\"https:\\\/\\\/x.com\\\/LaCharleroi\"]},{\"@type\":\"Person\",\"@id\":\"https:\\\/\\\/charleroi-pourlapalestine.be\\\/#\\\/schema\\\/person\\\/c19ff515112f1299d8c12671d8fe3faa\",\"name\":\"admin1873\",\"url\":\"https:\\\/\\\/charleroi-pourlapalestine.be\\\/index.php\\\/author\\\/admin1873\\\/\"}]}<\/script>\n<!-- \/ Yoast SEO plugin. -->","yoast_head_json":{"title":"Marche internationale pour le Retour et la Lib\u00e9ration de la Palestine","description":"Pr\u00e9sentation du nouveau site pour l'\u00e9v\u00e9nement, infos pratiques pour la Marche et la semaine pour la Palestine qui la pr\u00e9c\u00e8de, vid\u00e9os, soutiens...","robots":{"index":"index","follow":"follow","max-snippet":"max-snippet:-1","max-image-preview":"max-image-preview:large","max-video-preview":"max-video-preview:-1"},"canonical":"https:\/\/charleroi-pourlapalestine.be\/index.php\/2022\/10\/15\/marche-internationale-pour-le-retour-et-la-liberation-de-la-palestine-le-29-octobre-a-bruxelles\/","schema":{"@context":"https:\/\/schema.org","@graph":[{"@type":"Article","@id":"https:\/\/charleroi-pourlapalestine.be\/index.php\/2022\/10\/15\/marche-internationale-pour-le-retour-et-la-liberation-de-la-palestine-le-29-octobre-a-bruxelles\/#article","isPartOf":{"@id":"https:\/\/charleroi-pourlapalestine.be\/index.php\/2022\/10\/15\/marche-internationale-pour-le-retour-et-la-liberation-de-la-palestine-le-29-octobre-a-bruxelles\/"},"author":{"name":"admin1873","@id":"https:\/\/charleroi-pourlapalestine.be\/#\/schema\/person\/c19ff515112f1299d8c12671d8fe3faa"},"headline":"Marche internationale pour le Retour et la Lib\u00e9ration de la Palestine le 29 octobre \u00e0 Bruxelles","datePublished":"2022-10-15T13:41:09+00:00","dateModified":"2024-05-05T13:17:43+00:00","mainEntityOfPage":{"@id":"https:\/\/charleroi-pourlapalestine.be\/index.php\/2022\/10\/15\/marche-internationale-pour-le-retour-et-la-liberation-de-la-palestine-le-29-octobre-a-bruxelles\/"},"wordCount":947,"publisher":{"@id":"https:\/\/charleroi-pourlapalestine.be\/#organization"},"image":{"@id":"https:\/\/charleroi-pourlapalestine.be\/index.php\/2022\/10\/15\/marche-internationale-pour-le-retour-et-la-liberation-de-la-palestine-le-29-octobre-a-bruxelles\/#primaryimage"},"thumbnailUrl":"https:\/\/charleroi-pourlapalestine.be\/wp-content\/uploads\/2022\/10\/Marche-internationale.jpeg","keywords":["Mohammed Khatib"],"articleSection":["Droit au retour","Lib\u00e9ration","Palestine","R\u00e9fugi\u00e9s","R\u00e9sistance"],"inLanguage":"fr-FR"},{"@type":"WebPage","@id":"https:\/\/charleroi-pourlapalestine.be\/index.php\/2022\/10\/15\/marche-internationale-pour-le-retour-et-la-liberation-de-la-palestine-le-29-octobre-a-bruxelles\/","url":"https:\/\/charleroi-pourlapalestine.be\/index.php\/2022\/10\/15\/marche-internationale-pour-le-retour-et-la-liberation-de-la-palestine-le-29-octobre-a-bruxelles\/","name":"Marche internationale pour le Retour et la Lib\u00e9ration de la Palestine","isPartOf":{"@id":"https:\/\/charleroi-pourlapalestine.be\/#website"},"primaryImageOfPage":{"@id":"https:\/\/charleroi-pourlapalestine.be\/index.php\/2022\/10\/15\/marche-internationale-pour-le-retour-et-la-liberation-de-la-palestine-le-29-octobre-a-bruxelles\/#primaryimage"},"image":{"@id":"https:\/\/charleroi-pourlapalestine.be\/index.php\/2022\/10\/15\/marche-internationale-pour-le-retour-et-la-liberation-de-la-palestine-le-29-octobre-a-bruxelles\/#primaryimage"},"thumbnailUrl":"https:\/\/charleroi-pourlapalestine.be\/wp-content\/uploads\/2022\/10\/Marche-internationale.jpeg","datePublished":"2022-10-15T13:41:09+00:00","dateModified":"2024-05-05T13:17:43+00:00","description":"Pr\u00e9sentation du nouveau site pour l'\u00e9v\u00e9nement, infos pratiques pour la Marche et la semaine pour la Palestine qui la pr\u00e9c\u00e8de, vid\u00e9os, soutiens...","breadcrumb":{"@id":"https:\/\/charleroi-pourlapalestine.be\/index.php\/2022\/10\/15\/marche-internationale-pour-le-retour-et-la-liberation-de-la-palestine-le-29-octobre-a-bruxelles\/#breadcrumb"},"inLanguage":"fr-FR","potentialAction":[{"@type":"ReadAction","target":["https:\/\/charleroi-pourlapalestine.be\/index.php\/2022\/10\/15\/marche-internationale-pour-le-retour-et-la-liberation-de-la-palestine-le-29-octobre-a-bruxelles\/"]}]},{"@type":"ImageObject","inLanguage":"fr-FR","@id":"https:\/\/charleroi-pourlapalestine.be\/index.php\/2022\/10\/15\/marche-internationale-pour-le-retour-et-la-liberation-de-la-palestine-le-29-octobre-a-bruxelles\/#primaryimage","url":"https:\/\/charleroi-pourlapalestine.be\/wp-content\/uploads\/2022\/10\/Marche-internationale.jpeg","contentUrl":"https:\/\/charleroi-pourlapalestine.be\/wp-content\/uploads\/2022\/10\/Marche-internationale.jpeg","width":1024,"height":576},{"@type":"BreadcrumbList","@id":"https:\/\/charleroi-pourlapalestine.be\/index.php\/2022\/10\/15\/marche-internationale-pour-le-retour-et-la-liberation-de-la-palestine-le-29-octobre-a-bruxelles\/#breadcrumb","itemListElement":[{"@type":"ListItem","position":1,"name":"Accueil","item":"https:\/\/charleroi-pourlapalestine.be\/"},{"@type":"ListItem","position":2,"name":"Marche internationale pour le Retour et la Lib\u00e9ration de la Palestine le 29 octobre \u00e0 Bruxelles"}]},{"@type":"WebSite","@id":"https:\/\/charleroi-pourlapalestine.be\/#website","url":"https:\/\/charleroi-pourlapalestine.be\/","name":"Charleroi Pour la Palestine","description":"","publisher":{"@id":"https:\/\/charleroi-pourlapalestine.be\/#organization"},"potentialAction":[{"@type":"SearchAction","target":{"@type":"EntryPoint","urlTemplate":"https:\/\/charleroi-pourlapalestine.be\/?s={search_term_string}"},"query-input":{"@type":"PropertyValueSpecification","valueRequired":true,"valueName":"search_term_string"}}],"inLanguage":"fr-FR"},{"@type":"Organization","@id":"https:\/\/charleroi-pourlapalestine.be\/#organization","name":"Plate-forme Charleroi-Palestine","url":"https:\/\/charleroi-pourlapalestine.be\/","logo":{"@type":"ImageObject","inLanguage":"fr-FR","@id":"https:\/\/charleroi-pourlapalestine.be\/#\/schema\/logo\/image\/","url":"https:\/\/charleroi-pourlapalestine.be\/wp-content\/uploads\/2020\/01\/logo-Copy.jpg","contentUrl":"https:\/\/charleroi-pourlapalestine.be\/wp-content\/uploads\/2020\/01\/logo-Copy.jpg","width":180,"height":180,"caption":"Plate-forme Charleroi-Palestine"},"image":{"@id":"https:\/\/charleroi-pourlapalestine.be\/#\/schema\/logo\/image\/"},"sameAs":["https:\/\/www.facebook.com\/PlateformeCharleroiPalestine\/","https:\/\/x.com\/LaCharleroi"]},{"@type":"Person","@id":"https:\/\/charleroi-pourlapalestine.be\/#\/schema\/person\/c19ff515112f1299d8c12671d8fe3faa","name":"admin1873","url":"https:\/\/charleroi-pourlapalestine.be\/index.php\/author\/admin1873\/"}]}},"_links":{"self":[{"href":"https:\/\/charleroi-pourlapalestine.be\/index.php\/wp-json\/wp\/v2\/posts\/45368","targetHints":{"allow":["GET"]}}],"collection":[{"href":"https:\/\/charleroi-pourlapalestine.be\/index.php\/wp-json\/wp\/v2\/posts"}],"about":[{"href":"https:\/\/charleroi-pourlapalestine.be\/index.php\/wp-json\/wp\/v2\/types\/post"}],"author":[{"embeddable":true,"href":"https:\/\/charleroi-pourlapalestine.be\/index.php\/wp-json\/wp\/v2\/users\/1"}],"replies":[{"embeddable":true,"href":"https:\/\/charleroi-pourlapalestine.be\/index.php\/wp-json\/wp\/v2\/comments?post=45368"}],"version-history":[{"count":0,"href":"https:\/\/charleroi-pourlapalestine.be\/index.php\/wp-json\/wp\/v2\/posts\/45368\/revisions"}],"wp:featuredmedia":[{"embeddable":true,"href":"https:\/\/charleroi-pourlapalestine.be\/index.php\/wp-json\/wp\/v2\/media\/45411"}],"wp:attachment":[{"href":"https:\/\/charleroi-pourlapalestine.be\/index.php\/wp-json\/wp\/v2\/media?parent=45368"}],"wp:term":[{"taxonomy":"category","embeddable":true,"href":"https:\/\/charleroi-pourlapalestine.be\/index.php\/wp-json\/wp\/v2\/categories?post=45368"},{"taxonomy":"post_tag","embeddable":true,"href":"https:\/\/charleroi-pourlapalestine.be\/index.php\/wp-json\/wp\/v2\/tags?post=45368"}],"curies":[{"name":"wp","href":"https:\/\/api.w.org\/{rel}","templated":true}]}}