{"id":46789,"date":"2022-11-05T15:21:28","date_gmt":"2022-11-05T14:21:28","guid":{"rendered":"https:\/\/charleroi-pourlapalestine.be\/?p=46789"},"modified":"2022-11-10T11:21:43","modified_gmt":"2022-11-10T10:21:43","slug":"mohammed-khatib-a-la-marche-pour-le-retour-et-la-liberation-de-la-palestine-video","status":"publish","type":"post","link":"https:\/\/charleroi-pourlapalestine.be\/index.php\/2022\/11\/05\/mohammed-khatib-a-la-marche-pour-le-retour-et-la-liberation-de-la-palestine-video\/","title":{"rendered":"Mohammed Khatib \u00e0 la Marche pour le Retour et la Lib\u00e9ration de la Palestine (vid\u00e9o)"},"content":{"rendered":"<p>Samedi 29 octobre \u00e0 Bruxelles, intervention de Mohammed Khatib, coordinateur europ\u00e9en de Samidoun et membre du comit\u00e9 central de Masar Badil, lors de la<strong> Marche pour le Retour et la Lib\u00e9ration de la Palestine.<\/strong><br \/>\n&nbsp;<\/p>\n<div class=\"video-container\"><iframe loading=\"lazy\" title=\"Mohammed Khatib intervient \u00e0 la Marche pour le Retour et la Lib\u00e9ration de la Palestine\" width=\"500\" height=\"281\" src=\"https:\/\/www.youtube.com\/embed\/3ATdz2nS4oA?start=32&#038;feature=oembed&#038;wmode=opaque\" frameborder=\"0\" allow=\"accelerometer; autoplay; clipboard-write; encrypted-media; gyroscope; picture-in-picture; web-share\" referrerpolicy=\"strict-origin-when-cross-origin\" allowfullscreen><\/iframe><\/div>\n<p>&nbsp;<br \/>\n<strong>Texte int\u00e9gral du discours de Mohammed Khatib :<\/strong><\/p>\n<blockquote><p>Nous nous tenons ici devant cette institution coloniale qui a commis g\u00e9nocide apr\u00e8s g\u00e9nocide non seulement contre les Palestiniens, mais aussi contre tous les peuples du Sud global.<\/p>\n<p>Nous sommes donc solidaires en tant que Palestiniens avec vous tous qui \u00eates pr\u00e9sents, et aussi avec tous les peuples du monde qui sont opprim\u00e9s et qui ont pay\u00e9 le lourd tribut de cette lourde machine coloniale qui repose sur notre sang et nos souffrances.<\/p>\n<p>Nous sommes ici en tant que Palestiniens repr\u00e9sentant aujourd\u2019hui la <strong>Voie r\u00e9volutionnaire alternative palestinienne<\/strong>. Nous ne sommes pas une alternative \u00e0 la r\u00e9sistance.<\/p>\n<p>Nous vous appelons \u00e0 rejoindre <strong>Samidoun,<\/strong> \u00e0 rejoindre <strong>Alkarama<\/strong>, \u00e0 rejoindre toute organisation locale ayant une politique claire sur la Palestine.<\/p>\n<p>Nous n\u2019accepterons plus, en tant que Palestiniens, cette rh\u00e9torique de <em>\u00ab solution \u00e0 deux \u00c9tats \u00bb<\/em>, comme moyen de soutenir la Palestine. Une seule Palestine libre de la mer au Jourdain !<\/p>\n<p><strong>Si vous voulez soutenir les Palestiniens, vous devez \u00e9couter les r\u00e9fugi\u00e9s palestiniens.&nbsp;Il faut \u00e9couter la r\u00e9sistance palestinienne.&nbsp;Et vous devez suivre leur chemin.&nbsp;C\u2019est la Palestine pour nous.<\/strong><\/p>\n<p><strong>Notre Palestine libre, o\u00f9 chacun, chaque \u00eatre humain vit sur un pied d\u2019\u00e9galit\u00e9 dans la dignit\u00e9.<\/strong>&nbsp;C\u2019est ainsi que nous luttons et c\u2019est pour cela que nous luttons.<\/p>\n<p>Nous devons donc d\u00e9clarer d\u2019ici, en tant que Palestiniens, de la premi\u00e8re, la deuxi\u00e8me et la troisi\u00e8me g\u00e9n\u00e9ration de la diaspora. La moiti\u00e9 d\u2019entre nous sommes aujourd\u2019hui \u00e9galement des citoyens europ\u00e9ens.<\/p>\n<p>Nous ne renoncerons pas \u00e0 exercer notre droit d\u2019\u00eatre une partie, une partie essentielle, de la lutte de notre peuple. Nous ne sommes pas solidaires des Palestiniens. Nous sommes tous ici les Palestiniens, les Arabes et les internationaux et les Juifs.<\/p>\n<p><strong>\u00catre Palestinien n\u2019est pas une question de sang. \u00catre palestinien, c\u2019est croire en une identit\u00e9 de lib\u00e9ration.<\/strong><\/p>\n<p>Nous ne sommes pas des fascistes. Nous ne sommes pas des extr\u00e9mistes, nous croyons en la dignit\u00e9 humaine. Donc \u00eatre un Palestinien, c\u2019est une question de croire dans les droits du peuple palestinien \u00e0 \u00eatre lib\u00e9r\u00e9. Et ce n\u2019est pas seulement parce que le peuple palestinien est sp\u00e9cial.<\/p>\n<p><strong>Vaincre Isra\u00ebl, c\u2019est vaincre les \u00c9tats-Unis.&nbsp;Vaincre Isra\u00ebl, c\u2019est vaincre le Canada, ces colonies qui existent sur le dos des peuples autochtones et des Noirs.<\/strong><\/p>\n<p><strong>Vaincre Isra\u00ebl, c\u2019est vaincre cette institution coloniale, c\u2019est se venger de tous les Africains, Alg\u00e9riens, Marocains, Sahraouis, de deuxi\u00e8me et troisi\u00e8me g\u00e9n\u00e9rations qui sont \u00e0 Bruxelles.<\/strong> Nous avons construit cette ville et nous sommes toujours confront\u00e9s au fascisme et au racisme.<\/p>\n<p>Nous dirons donc non \u00e0 cela non seulement en Palestine, mais ici en Europe, l\u00e0-bas aux \u00c9tats-Unis et dans tous les pays arabes.<\/p>\n<p><strong>Ensemble, comme l\u2019a dit le camarade Georges Abdallah, nous devons nous rassembler et nous ne gagnerons qu\u2019ensemble.<\/strong><\/p>\n<p>Nous avons un camarade.&nbsp;Il s\u2019appelle <strong><a href=\"_wp_link_placeholder\" data-wplink-edit=\"true\">Samah Idriss<\/a>.&nbsp;<\/strong>Il est l\u2019un des co-fondateurs de la <strong>Voie Alternative Palestinienne<\/strong> et il est d\u00e9c\u00e9d\u00e9 \u00e0 Beyrouth.&nbsp;Nous le comm\u00e9morons ici.&nbsp;Nous n\u2019oublions pas nos camarades et nos martyrs, nous n\u2019oublions pas nos dirigeants qui ont donn\u00e9 de l\u2019argent, du sang et des efforts pour construire le mouvement.<\/p>\n<p>Le camarade Samah Idriss avait l\u2019habitude de dire en arabe : <strong><em>\u201cSi nous abandonnons la Palestine, nous nous abandonnons nous-m\u00eames.\u201d<\/em> <\/strong>Nous n\u2019abandonnerons pas la Palestine !<\/p><\/blockquote>\n<p style=\"text-align: center;\">*****<\/p>\n<p>Publi\u00e9 le 4 novembre 2022 sur <a href=\"https:\/\/samidoun.net\/fr\/2022\/11\/video-mohammed-khatib-intervient-a-la-marche-pour-le-retour-et-la-liberation-de-la-palestine\/\" target=\"_blank\" rel=\"noopener\"><strong>Samidoun<\/strong><\/a><\/p>\n<p style=\"text-align: center;\">*****<\/p>\n<p><strong>Lisez plus sur la Marche<\/strong> <strong>du Retour et de la Lib\u00e9ration ici :<\/strong><\/p>\n<p><a href=\"https:\/\/samidoun.net\/fr\/2022\/10\/succes-de-la-marche-pour-le-retour-et-la-liberation-de-la-palestine-a-bruxelles\/\" target=\"_blank\" rel=\"noopener\"><strong>Succ\u00e8s de la Marche pour le Retour et la Lib\u00e9ration de la Palestine \u00e0 Bruxelles !<\/strong><\/a><\/p>\n<p><a href=\"https:\/\/samidoun.net\/2022\/10\/in-photos-the-march-for-return-and-liberation-in-the-streets-of-brussels\/\" target=\"_blank\" rel=\"noopener\"><strong>En photos, la Marche pour le Retour et la Lib\u00e9ration dans les rues de Bruxelles<\/strong><\/a><\/p>\n<p><a href=\"https:\/\/samidoun.net\/fr\/2022\/10\/message-de-bachir-ben-barka-a-loccasion-de-la-marche-pour-le-retour-et-la-liberation\/\" target=\"_blank\" rel=\"noopener\"><strong>Message de Bachir Ben Barka \u00e0 l\u2019occasion de la Marche pour le Retour et la Lib\u00e9ration<\/strong><\/a><\/p>\n<p><a href=\"https:\/\/palestinevaincra.com\/2022\/11\/khaled-barakat-masar-badil-et-lincubateur-populaire-international-de-la-resistance\/\" target=\"_blank\" rel=\"noopener\"><strong>Khaled Barakat : Masar Badil et l\u2019incubateur populaire international de la r\u00e9sistance<\/strong><\/a><\/p>\n<p><a href=\"https:\/\/charleroi-pourlapalestine.be\/index.php\/2022\/10\/31\/la-plate-forme-charleroi-palestine-etait-presente-a-la-marche-de-masar-badil\/\"><strong>La Plate-forme Charleroi-Palestine \u00e9tait pr\u00e9sente \u00e0 la Marche de Masar Badil<\/strong><\/a><\/p>\n<p>&nbsp;<\/p>\n","protected":false},"excerpt":{"rendered":"<p>Mohamed Khatib : \u00ab\u00a0Si vous voulez soutenir les Palestiniens, vous devez \u00e9couter les r\u00e9fugi\u00e9s palestiniens.\u00a0Il faut \u00e9couter la r\u00e9sistance palestinienne. Et vous devez suivre leur chemin.\u00a0\u00bb<\/p>\n","protected":false},"author":1,"featured_media":46794,"comment_status":"closed","ping_status":"closed","sticky":false,"template":"","format":"standard","meta":{"ngg_post_thumbnail":0,"footnotes":""},"categories":[99,530,480,192,25],"tags":[216,843,851,223],"class_list":["post-46789","post","type-post","status-publish","format-standard","has-post-thumbnail","hentry","category-droit-au-retour","category-internationalisme","category-liberation","category-palestine","category-la-resistance-palestinienne","tag-georges-abdallah","tag-masar-badil","tag-mohammed-khatib","tag-samah-idriss"],"yoast_head":"<!-- This site is optimized with the Yoast SEO plugin v27.3 - https:\/\/yoast.com\/product\/yoast-seo-wordpress\/ -->\n<title>Mohammed Khatib \u00e0 la Marche pour le Retour et la Lib\u00e9ration<\/title>\n<meta name=\"description\" content=\"Mohammed Khatib : Si vous voulez soutenir les Palestiniens, vous devez \u00e9couter les r\u00e9fugi\u00e9s palestiniens, \u00e9couter la r\u00e9sistance palestinienne.\u00a0\" \/>\n<meta name=\"robots\" content=\"index, follow, max-snippet:-1, max-image-preview:large, max-video-preview:-1\" \/>\n<link rel=\"canonical\" href=\"https:\/\/charleroi-pourlapalestine.be\/index.php\/2022\/11\/05\/mohammed-khatib-a-la-marche-pour-le-retour-et-la-liberation-de-la-palestine-video\/\" \/>\n<script type=\"application\/ld+json\" class=\"yoast-schema-graph\">{\"@context\":\"https:\\\/\\\/schema.org\",\"@graph\":[{\"@type\":\"Article\",\"@id\":\"https:\\\/\\\/charleroi-pourlapalestine.be\\\/index.php\\\/2022\\\/11\\\/05\\\/mohammed-khatib-a-la-marche-pour-le-retour-et-la-liberation-de-la-palestine-video\\\/#article\",\"isPartOf\":{\"@id\":\"https:\\\/\\\/charleroi-pourlapalestine.be\\\/index.php\\\/2022\\\/11\\\/05\\\/mohammed-khatib-a-la-marche-pour-le-retour-et-la-liberation-de-la-palestine-video\\\/\"},\"author\":{\"name\":\"admin1873\",\"@id\":\"https:\\\/\\\/charleroi-pourlapalestine.be\\\/#\\\/schema\\\/person\\\/c19ff515112f1299d8c12671d8fe3faa\"},\"headline\":\"Mohammed Khatib \u00e0 la Marche pour le Retour et la Lib\u00e9ration de la Palestine (vid\u00e9o)\",\"datePublished\":\"2022-11-05T14:21:28+00:00\",\"dateModified\":\"2022-11-10T10:21:43+00:00\",\"mainEntityOfPage\":{\"@id\":\"https:\\\/\\\/charleroi-pourlapalestine.be\\\/index.php\\\/2022\\\/11\\\/05\\\/mohammed-khatib-a-la-marche-pour-le-retour-et-la-liberation-de-la-palestine-video\\\/\"},\"wordCount\":756,\"publisher\":{\"@id\":\"https:\\\/\\\/charleroi-pourlapalestine.be\\\/#organization\"},\"image\":{\"@id\":\"https:\\\/\\\/charleroi-pourlapalestine.be\\\/index.php\\\/2022\\\/11\\\/05\\\/mohammed-khatib-a-la-marche-pour-le-retour-et-la-liberation-de-la-palestine-video\\\/#primaryimage\"},\"thumbnailUrl\":\"https:\\\/\\\/charleroi-pourlapalestine.be\\\/wp-content\\\/uploads\\\/2022\\\/11\\\/Video-Mohammed-Khatib-.jpg\",\"keywords\":[\"Georges Abdallah\",\"Masar Badil\",\"Mohammed Khatib\",\"Samah Idriss\"],\"articleSection\":[\"Droit au retour\",\"Internationalisme\",\"Lib\u00e9ration\",\"Palestine\",\"R\u00e9sistance\"],\"inLanguage\":\"fr-FR\"},{\"@type\":\"WebPage\",\"@id\":\"https:\\\/\\\/charleroi-pourlapalestine.be\\\/index.php\\\/2022\\\/11\\\/05\\\/mohammed-khatib-a-la-marche-pour-le-retour-et-la-liberation-de-la-palestine-video\\\/\",\"url\":\"https:\\\/\\\/charleroi-pourlapalestine.be\\\/index.php\\\/2022\\\/11\\\/05\\\/mohammed-khatib-a-la-marche-pour-le-retour-et-la-liberation-de-la-palestine-video\\\/\",\"name\":\"Mohammed Khatib \u00e0 la Marche pour le Retour et la Lib\u00e9ration\",\"isPartOf\":{\"@id\":\"https:\\\/\\\/charleroi-pourlapalestine.be\\\/#website\"},\"primaryImageOfPage\":{\"@id\":\"https:\\\/\\\/charleroi-pourlapalestine.be\\\/index.php\\\/2022\\\/11\\\/05\\\/mohammed-khatib-a-la-marche-pour-le-retour-et-la-liberation-de-la-palestine-video\\\/#primaryimage\"},\"image\":{\"@id\":\"https:\\\/\\\/charleroi-pourlapalestine.be\\\/index.php\\\/2022\\\/11\\\/05\\\/mohammed-khatib-a-la-marche-pour-le-retour-et-la-liberation-de-la-palestine-video\\\/#primaryimage\"},\"thumbnailUrl\":\"https:\\\/\\\/charleroi-pourlapalestine.be\\\/wp-content\\\/uploads\\\/2022\\\/11\\\/Video-Mohammed-Khatib-.jpg\",\"datePublished\":\"2022-11-05T14:21:28+00:00\",\"dateModified\":\"2022-11-10T10:21:43+00:00\",\"description\":\"Mohammed Khatib : Si vous voulez soutenir les Palestiniens, vous devez \u00e9couter les r\u00e9fugi\u00e9s palestiniens, \u00e9couter la r\u00e9sistance palestinienne.\u00a0\",\"breadcrumb\":{\"@id\":\"https:\\\/\\\/charleroi-pourlapalestine.be\\\/index.php\\\/2022\\\/11\\\/05\\\/mohammed-khatib-a-la-marche-pour-le-retour-et-la-liberation-de-la-palestine-video\\\/#breadcrumb\"},\"inLanguage\":\"fr-FR\",\"potentialAction\":[{\"@type\":\"ReadAction\",\"target\":[\"https:\\\/\\\/charleroi-pourlapalestine.be\\\/index.php\\\/2022\\\/11\\\/05\\\/mohammed-khatib-a-la-marche-pour-le-retour-et-la-liberation-de-la-palestine-video\\\/\"]}]},{\"@type\":\"ImageObject\",\"inLanguage\":\"fr-FR\",\"@id\":\"https:\\\/\\\/charleroi-pourlapalestine.be\\\/index.php\\\/2022\\\/11\\\/05\\\/mohammed-khatib-a-la-marche-pour-le-retour-et-la-liberation-de-la-palestine-video\\\/#primaryimage\",\"url\":\"https:\\\/\\\/charleroi-pourlapalestine.be\\\/wp-content\\\/uploads\\\/2022\\\/11\\\/Video-Mohammed-Khatib-.jpg\",\"contentUrl\":\"https:\\\/\\\/charleroi-pourlapalestine.be\\\/wp-content\\\/uploads\\\/2022\\\/11\\\/Video-Mohammed-Khatib-.jpg\",\"width\":740,\"height\":522},{\"@type\":\"BreadcrumbList\",\"@id\":\"https:\\\/\\\/charleroi-pourlapalestine.be\\\/index.php\\\/2022\\\/11\\\/05\\\/mohammed-khatib-a-la-marche-pour-le-retour-et-la-liberation-de-la-palestine-video\\\/#breadcrumb\",\"itemListElement\":[{\"@type\":\"ListItem\",\"position\":1,\"name\":\"Accueil\",\"item\":\"https:\\\/\\\/charleroi-pourlapalestine.be\\\/\"},{\"@type\":\"ListItem\",\"position\":2,\"name\":\"Mohammed Khatib \u00e0 la Marche pour le Retour et la Lib\u00e9ration de la Palestine (vid\u00e9o)\"}]},{\"@type\":\"WebSite\",\"@id\":\"https:\\\/\\\/charleroi-pourlapalestine.be\\\/#website\",\"url\":\"https:\\\/\\\/charleroi-pourlapalestine.be\\\/\",\"name\":\"Charleroi Pour la Palestine\",\"description\":\"\",\"publisher\":{\"@id\":\"https:\\\/\\\/charleroi-pourlapalestine.be\\\/#organization\"},\"potentialAction\":[{\"@type\":\"SearchAction\",\"target\":{\"@type\":\"EntryPoint\",\"urlTemplate\":\"https:\\\/\\\/charleroi-pourlapalestine.be\\\/?s={search_term_string}\"},\"query-input\":{\"@type\":\"PropertyValueSpecification\",\"valueRequired\":true,\"valueName\":\"search_term_string\"}}],\"inLanguage\":\"fr-FR\"},{\"@type\":\"Organization\",\"@id\":\"https:\\\/\\\/charleroi-pourlapalestine.be\\\/#organization\",\"name\":\"Plate-forme Charleroi-Palestine\",\"url\":\"https:\\\/\\\/charleroi-pourlapalestine.be\\\/\",\"logo\":{\"@type\":\"ImageObject\",\"inLanguage\":\"fr-FR\",\"@id\":\"https:\\\/\\\/charleroi-pourlapalestine.be\\\/#\\\/schema\\\/logo\\\/image\\\/\",\"url\":\"https:\\\/\\\/charleroi-pourlapalestine.be\\\/wp-content\\\/uploads\\\/2020\\\/01\\\/logo-Copy.jpg\",\"contentUrl\":\"https:\\\/\\\/charleroi-pourlapalestine.be\\\/wp-content\\\/uploads\\\/2020\\\/01\\\/logo-Copy.jpg\",\"width\":180,\"height\":180,\"caption\":\"Plate-forme Charleroi-Palestine\"},\"image\":{\"@id\":\"https:\\\/\\\/charleroi-pourlapalestine.be\\\/#\\\/schema\\\/logo\\\/image\\\/\"},\"sameAs\":[\"https:\\\/\\\/www.facebook.com\\\/PlateformeCharleroiPalestine\\\/\",\"https:\\\/\\\/x.com\\\/LaCharleroi\"]},{\"@type\":\"Person\",\"@id\":\"https:\\\/\\\/charleroi-pourlapalestine.be\\\/#\\\/schema\\\/person\\\/c19ff515112f1299d8c12671d8fe3faa\",\"name\":\"admin1873\",\"url\":\"https:\\\/\\\/charleroi-pourlapalestine.be\\\/index.php\\\/author\\\/admin1873\\\/\"}]}<\/script>\n<!-- \/ Yoast SEO plugin. -->","yoast_head_json":{"title":"Mohammed Khatib \u00e0 la Marche pour le Retour et la Lib\u00e9ration","description":"Mohammed Khatib : Si vous voulez soutenir les Palestiniens, vous devez \u00e9couter les r\u00e9fugi\u00e9s palestiniens, \u00e9couter la r\u00e9sistance palestinienne.\u00a0","robots":{"index":"index","follow":"follow","max-snippet":"max-snippet:-1","max-image-preview":"max-image-preview:large","max-video-preview":"max-video-preview:-1"},"canonical":"https:\/\/charleroi-pourlapalestine.be\/index.php\/2022\/11\/05\/mohammed-khatib-a-la-marche-pour-le-retour-et-la-liberation-de-la-palestine-video\/","schema":{"@context":"https:\/\/schema.org","@graph":[{"@type":"Article","@id":"https:\/\/charleroi-pourlapalestine.be\/index.php\/2022\/11\/05\/mohammed-khatib-a-la-marche-pour-le-retour-et-la-liberation-de-la-palestine-video\/#article","isPartOf":{"@id":"https:\/\/charleroi-pourlapalestine.be\/index.php\/2022\/11\/05\/mohammed-khatib-a-la-marche-pour-le-retour-et-la-liberation-de-la-palestine-video\/"},"author":{"name":"admin1873","@id":"https:\/\/charleroi-pourlapalestine.be\/#\/schema\/person\/c19ff515112f1299d8c12671d8fe3faa"},"headline":"Mohammed Khatib \u00e0 la Marche pour le Retour et la Lib\u00e9ration de la Palestine (vid\u00e9o)","datePublished":"2022-11-05T14:21:28+00:00","dateModified":"2022-11-10T10:21:43+00:00","mainEntityOfPage":{"@id":"https:\/\/charleroi-pourlapalestine.be\/index.php\/2022\/11\/05\/mohammed-khatib-a-la-marche-pour-le-retour-et-la-liberation-de-la-palestine-video\/"},"wordCount":756,"publisher":{"@id":"https:\/\/charleroi-pourlapalestine.be\/#organization"},"image":{"@id":"https:\/\/charleroi-pourlapalestine.be\/index.php\/2022\/11\/05\/mohammed-khatib-a-la-marche-pour-le-retour-et-la-liberation-de-la-palestine-video\/#primaryimage"},"thumbnailUrl":"https:\/\/charleroi-pourlapalestine.be\/wp-content\/uploads\/2022\/11\/Video-Mohammed-Khatib-.jpg","keywords":["Georges Abdallah","Masar Badil","Mohammed Khatib","Samah Idriss"],"articleSection":["Droit au retour","Internationalisme","Lib\u00e9ration","Palestine","R\u00e9sistance"],"inLanguage":"fr-FR"},{"@type":"WebPage","@id":"https:\/\/charleroi-pourlapalestine.be\/index.php\/2022\/11\/05\/mohammed-khatib-a-la-marche-pour-le-retour-et-la-liberation-de-la-palestine-video\/","url":"https:\/\/charleroi-pourlapalestine.be\/index.php\/2022\/11\/05\/mohammed-khatib-a-la-marche-pour-le-retour-et-la-liberation-de-la-palestine-video\/","name":"Mohammed Khatib \u00e0 la Marche pour le Retour et la Lib\u00e9ration","isPartOf":{"@id":"https:\/\/charleroi-pourlapalestine.be\/#website"},"primaryImageOfPage":{"@id":"https:\/\/charleroi-pourlapalestine.be\/index.php\/2022\/11\/05\/mohammed-khatib-a-la-marche-pour-le-retour-et-la-liberation-de-la-palestine-video\/#primaryimage"},"image":{"@id":"https:\/\/charleroi-pourlapalestine.be\/index.php\/2022\/11\/05\/mohammed-khatib-a-la-marche-pour-le-retour-et-la-liberation-de-la-palestine-video\/#primaryimage"},"thumbnailUrl":"https:\/\/charleroi-pourlapalestine.be\/wp-content\/uploads\/2022\/11\/Video-Mohammed-Khatib-.jpg","datePublished":"2022-11-05T14:21:28+00:00","dateModified":"2022-11-10T10:21:43+00:00","description":"Mohammed Khatib : Si vous voulez soutenir les Palestiniens, vous devez \u00e9couter les r\u00e9fugi\u00e9s palestiniens, \u00e9couter la r\u00e9sistance palestinienne.\u00a0","breadcrumb":{"@id":"https:\/\/charleroi-pourlapalestine.be\/index.php\/2022\/11\/05\/mohammed-khatib-a-la-marche-pour-le-retour-et-la-liberation-de-la-palestine-video\/#breadcrumb"},"inLanguage":"fr-FR","potentialAction":[{"@type":"ReadAction","target":["https:\/\/charleroi-pourlapalestine.be\/index.php\/2022\/11\/05\/mohammed-khatib-a-la-marche-pour-le-retour-et-la-liberation-de-la-palestine-video\/"]}]},{"@type":"ImageObject","inLanguage":"fr-FR","@id":"https:\/\/charleroi-pourlapalestine.be\/index.php\/2022\/11\/05\/mohammed-khatib-a-la-marche-pour-le-retour-et-la-liberation-de-la-palestine-video\/#primaryimage","url":"https:\/\/charleroi-pourlapalestine.be\/wp-content\/uploads\/2022\/11\/Video-Mohammed-Khatib-.jpg","contentUrl":"https:\/\/charleroi-pourlapalestine.be\/wp-content\/uploads\/2022\/11\/Video-Mohammed-Khatib-.jpg","width":740,"height":522},{"@type":"BreadcrumbList","@id":"https:\/\/charleroi-pourlapalestine.be\/index.php\/2022\/11\/05\/mohammed-khatib-a-la-marche-pour-le-retour-et-la-liberation-de-la-palestine-video\/#breadcrumb","itemListElement":[{"@type":"ListItem","position":1,"name":"Accueil","item":"https:\/\/charleroi-pourlapalestine.be\/"},{"@type":"ListItem","position":2,"name":"Mohammed Khatib \u00e0 la Marche pour le Retour et la Lib\u00e9ration de la Palestine (vid\u00e9o)"}]},{"@type":"WebSite","@id":"https:\/\/charleroi-pourlapalestine.be\/#website","url":"https:\/\/charleroi-pourlapalestine.be\/","name":"Charleroi Pour la Palestine","description":"","publisher":{"@id":"https:\/\/charleroi-pourlapalestine.be\/#organization"},"potentialAction":[{"@type":"SearchAction","target":{"@type":"EntryPoint","urlTemplate":"https:\/\/charleroi-pourlapalestine.be\/?s={search_term_string}"},"query-input":{"@type":"PropertyValueSpecification","valueRequired":true,"valueName":"search_term_string"}}],"inLanguage":"fr-FR"},{"@type":"Organization","@id":"https:\/\/charleroi-pourlapalestine.be\/#organization","name":"Plate-forme Charleroi-Palestine","url":"https:\/\/charleroi-pourlapalestine.be\/","logo":{"@type":"ImageObject","inLanguage":"fr-FR","@id":"https:\/\/charleroi-pourlapalestine.be\/#\/schema\/logo\/image\/","url":"https:\/\/charleroi-pourlapalestine.be\/wp-content\/uploads\/2020\/01\/logo-Copy.jpg","contentUrl":"https:\/\/charleroi-pourlapalestine.be\/wp-content\/uploads\/2020\/01\/logo-Copy.jpg","width":180,"height":180,"caption":"Plate-forme Charleroi-Palestine"},"image":{"@id":"https:\/\/charleroi-pourlapalestine.be\/#\/schema\/logo\/image\/"},"sameAs":["https:\/\/www.facebook.com\/PlateformeCharleroiPalestine\/","https:\/\/x.com\/LaCharleroi"]},{"@type":"Person","@id":"https:\/\/charleroi-pourlapalestine.be\/#\/schema\/person\/c19ff515112f1299d8c12671d8fe3faa","name":"admin1873","url":"https:\/\/charleroi-pourlapalestine.be\/index.php\/author\/admin1873\/"}]}},"_links":{"self":[{"href":"https:\/\/charleroi-pourlapalestine.be\/index.php\/wp-json\/wp\/v2\/posts\/46789","targetHints":{"allow":["GET"]}}],"collection":[{"href":"https:\/\/charleroi-pourlapalestine.be\/index.php\/wp-json\/wp\/v2\/posts"}],"about":[{"href":"https:\/\/charleroi-pourlapalestine.be\/index.php\/wp-json\/wp\/v2\/types\/post"}],"author":[{"embeddable":true,"href":"https:\/\/charleroi-pourlapalestine.be\/index.php\/wp-json\/wp\/v2\/users\/1"}],"replies":[{"embeddable":true,"href":"https:\/\/charleroi-pourlapalestine.be\/index.php\/wp-json\/wp\/v2\/comments?post=46789"}],"version-history":[{"count":0,"href":"https:\/\/charleroi-pourlapalestine.be\/index.php\/wp-json\/wp\/v2\/posts\/46789\/revisions"}],"wp:featuredmedia":[{"embeddable":true,"href":"https:\/\/charleroi-pourlapalestine.be\/index.php\/wp-json\/wp\/v2\/media\/46794"}],"wp:attachment":[{"href":"https:\/\/charleroi-pourlapalestine.be\/index.php\/wp-json\/wp\/v2\/media?parent=46789"}],"wp:term":[{"taxonomy":"category","embeddable":true,"href":"https:\/\/charleroi-pourlapalestine.be\/index.php\/wp-json\/wp\/v2\/categories?post=46789"},{"taxonomy":"post_tag","embeddable":true,"href":"https:\/\/charleroi-pourlapalestine.be\/index.php\/wp-json\/wp\/v2\/tags?post=46789"}],"curies":[{"name":"wp","href":"https:\/\/api.w.org\/{rel}","templated":true}]}}