{"id":46899,"date":"2022-11-07T11:07:36","date_gmt":"2022-11-07T10:07:36","guid":{"rendered":"https:\/\/charleroi-pourlapalestine.be\/?p=46899"},"modified":"2022-11-07T15:33:59","modified_gmt":"2022-11-07T14:33:59","slug":"pourquoi-amnesty-ne-reconnait-elle-par-le-droit-a-la-resistance-des-palestiniens","status":"publish","type":"post","link":"https:\/\/charleroi-pourlapalestine.be\/index.php\/2022\/11\/07\/pourquoi-amnesty-ne-reconnait-elle-par-le-droit-a-la-resistance-des-palestiniens\/","title":{"rendered":"Pourquoi Amnesty ne reconna\u00eet-elle par le droit \u00e0 la r\u00e9sistance des Palestiniens ?"},"content":{"rendered":"<p>Une analyse de colonialisme de peuplement est tr\u00e8s importante si l\u2019on veut \u00e9viter l\u2019\u00e9cueil consistant \u00e0 traiter toute la violence dans le contexte de la Palestine en tant qu\u2019\u00e9quivalente sur le plan moral. Sans cela, des organisations comme Amnesty et HRW ont une tendance \u00e0 n\u2019analyser que les aspects techniques de la violence tout en n\u00e9gligeant de tenir compte des objectifs dissemblables des acteurs arm\u00e9s.<\/p>\n<p>&nbsp;<\/p>\n<div id=\"attachment_46901\" style=\"width: 810px\" class=\"wp-caption aligncenter\"><img loading=\"lazy\" decoding=\"async\" aria-describedby=\"caption-attachment-46901\" class=\"wp-image-46901 size-full\" src=\"https:\/\/charleroi-pourlapalestine.be\/wp-content\/uploads\/2022\/11\/Article-Amnesty-et-la-resistance-palestinienne.jpg\" alt=\"Sans une analyse de colonialisme de peuplement, des organisations comme Amnesty et HRW ont une tendance \u00e0 n\u2019analyser que les aspects techniques de la violence (Photo : Mohammed Zaanoun \/ ActiveStills)\" width=\"800\" height=\"533\" srcset=\"https:\/\/charleroi-pourlapalestine.be\/wp-content\/uploads\/2022\/11\/Article-Amnesty-et-la-resistance-palestinienne.jpg 800w, https:\/\/charleroi-pourlapalestine.be\/wp-content\/uploads\/2022\/11\/Article-Amnesty-et-la-resistance-palestinienne-300x200.jpg 300w, https:\/\/charleroi-pourlapalestine.be\/wp-content\/uploads\/2022\/11\/Article-Amnesty-et-la-resistance-palestinienne-768x512.jpg 768w\" sizes=\"auto, (max-width: 800px) 100vw, 800px\" \/><p id=\"caption-attachment-46901\" class=\"wp-caption-text\">Le 6 ao\u00fbt dernier, le site d\u2019une frappe a\u00e9rienne isra\u00e9lienne dans le quartier de Sheikh Ajleen, \u00e0 Gaza. (Photo : Mohammed Zaanoun \/ ActiveStills)<\/p><\/div>\n<p><strong><br \/>\n<a href=\"https:\/\/charleroi-pourlapalestine.be\/index.php\/tag\/maureen-clare-murphy\/\">Maureen Clare Murphy<\/a><\/strong>, 5 novembre 2022<\/p>\n<p>En ao\u00fbt dernier, les forces isra\u00e9liennes et les groupes arm\u00e9s palestiniens ont probablement commis des crimes de guerre, au cours de l\u2019offensive pr\u00e9emptive de Tel-Aviv ciblant le Djihad islamique \u00e0 Gaza, <strong>pr\u00e9tend<\/strong> <strong>un nouveau rapport d\u2019Amnesty International.<\/strong><\/p>\n<p>\u00c0 l\u2019instar de l\u2019analyse de <strong>Human Rights Watch (HRW)<\/strong>, celle d\u2019Amnesty sugg\u00e8re <strong>une parit\u00e9 morale<\/strong> entre la violence utilis\u00e9e par Isra\u00ebl pour soumettre les Palestiniens, d\u2019une part, et la violence utilis\u00e9e par les Palestiniens afin de r\u00e9sister \u00e0 une domination \u00e9trang\u00e8re, d\u2019autre part.<\/p>\n<p><strong>Il s\u2019agit d\u2019une position ind\u00e9fendable issue d\u2019un cadre qui ne s\u2019appuie pas sur une analyse du colonialisme de peuplement.<\/strong><\/p>\n<p>Citant des chiffres de l\u2019ONU, l\u2019organisation de d\u00e9fense des droits humains, qui a son si\u00e8ge \u00e0 Londres, dit que 49 Palestiniens ont \u00e9t\u00e9 tu\u00e9s au cours de l\u2019offensive. En s\u2019appuyant sur ses recherches, Amnesty a d\u00e9termin\u00e9 que <em>\u00ab 33 Palestiniens, dont 17 civils, ont \u00e9t\u00e9 tu\u00e9s par les forces isra\u00e9liennes \u00bb.<\/em><\/p>\n<p>Des 16 d\u00e9c\u00e8s restants, 14 \u00e9taient des civils et,<\/p>\n<blockquote><p>\u00ab dans un cas, une attaque qui a tu\u00e9 sept de ces civils (\u2026) est susceptible d\u2019avoir \u00e9t\u00e9 caus\u00e9e par une roquette lanc\u00e9e mal \u00e0 propos par une organisation arm\u00e9e palestinienne \u00bb,<\/p><\/blockquote>\n<p>pr\u00e9tend Amnesty.<\/p>\n<p>Amnesty a d\u00e9clar\u00e9 qu\u2019il fallait<\/p>\n<blockquote><p>\u00ab enqu\u00eater sur deux attaques isra\u00e9liennes en tant que possibles crimes de guerres parce qu\u2019il s\u2019av\u00e8re qu\u2019elles avaient d\u00e9lib\u00e9r\u00e9ment cibl\u00e9 des civils ou des objets civils ou qu\u2019il s\u2019agissait d\u2019attaques indiscrimin\u00e9es \u00bb.<\/p><\/blockquote>\n<p>Parmi ces attaques figure une frappe d\u2019artillerie, le 5 ao\u00fbt, sur une maison de Khan Younis et qui a tu\u00e9 Duniana al-Amour, une artiste de 22 ans.<\/p>\n<p>Dans cette frappe contre la maison, Isra\u00ebl a utilis\u00e9 un projectile de char <em>\u00ab hautement efficace \u00bb,<\/em> alors que la cible militaire qui aurait pu \u00eatre jug\u00e9e la plus proche \u00e9tait en fait tr\u00e8s largement hors de port\u00e9e.<\/p>\n<blockquote><p>\u00ab Amnesty International croit que la maison familiale des al-Amour \u00e9tait bel et bien la cible voulue de l\u2019attaque \u00bb,<\/p><\/blockquote>\n<p>d\u00e9clare l\u2019organisation dans son rapport.<\/p>\n<p>L\u2019autre attaque sur laquelle Amnesty a dit qu\u2019il fallait enqu\u00eater en tant que crime de guerre possible est la frappe par missile, le 7 ao\u00fbt, du cimeti\u00e8re d\u2019al-Falluja \u00e0 Jabaliya, au cours de laquelle cinq enfants ont \u00e9t\u00e9 tu\u00e9s et un sixi\u00e8me gri\u00e8vement bless\u00e9.<\/p>\n<p>Comme dans le cas de la frappe qui a tu\u00e9 Duniana al-Amour, il n\u2019y avait pas de cible militaire connue dans les parages. Des sources militaires isra\u00e9liennes rest\u00e9es anonymes ont d\u00e9clar\u00e9 aux m\u00e9dias qu\u2019une preuve interne indiquait que les organisations palestiniennes ne tiraient pas de roquettes au moment de l\u2019attaque.<\/p>\n<p>&nbsp;<\/p>\n<h3><strong>Le b\u00e9n\u00e9fice du doute<\/strong><\/h3>\n<p>Il s\u2019av\u00e8re en r\u00e9alit\u00e9 qu\u2019Amnesty accorde \u00e0 Isra\u00ebl le b\u00e9n\u00e9fice du doute dans certaines de ses autres attaques meurtri\u00e8res, du fait que l\u2019organisation de d\u00e9fense des droits<\/p>\n<blockquote><p>\u00ab n\u2019a pas \u00e9t\u00e9 en mesure d\u2019\u00e9valuer exactement la distance entre les civils tu\u00e9s ou bless\u00e9s et les combattants ou autres objectifs militaires qui auraient pu constituer des cibles pour les forces isra\u00e9liennes \u00bb.<\/p><\/blockquote>\n<p>Ceci a emp\u00each\u00e9 Amnesty<\/p>\n<blockquote><p>\u00ab de d\u00e9terminer si les attaques avaient viol\u00e9 les principes de proportionnalit\u00e9 et de distinction dont il est question dans les lois humanitaires internationales \u00bb.<\/p><\/blockquote>\n<p>L\u2019organisation de d\u00e9fense des droits dit que les frappes a\u00e9riennes s\u00e9par\u00e9es d\u2019Isra\u00ebl qui ont tu\u00e9 deux enfants \u2013 l\u2019un \u00e0 Shujaiyeh, l\u2019\u2019autre \u00e0 Khan Younis \u2013<em> \u00ab requi\u00e8rent des enqu\u00eates plus fouill\u00e9es \u00bb.<\/em><\/p>\n<p>Au contraire, Amnesty affirme sans \u00e9quivoque que le tir de roquettes non guid\u00e9es par les organisations arm\u00e9es palestiniennes sur les zones peupl\u00e9es de civils viole les lois humanitaires internationales en raison de la nature indiscrimin\u00e9e des armes.<\/p>\n<p>L\u2019apparente <strong>d\u00e9f\u00e9rence d\u2019Amnesty \u00e0 l\u2019\u00e9gard d\u2019Isra\u00ebl<\/strong> concernant ses frappes meurtri\u00e8res dans les quartiers palestiniens surpeupl\u00e9s d\u2019une part, tout en consid\u00e9rant le lancement de roquettes non guid\u00e9es \u00e0 partir de zones civiles comme un crime de guerre inh\u00e9rent d\u2019autre part, est un beau reflet de<strong> la partialit\u00e9<\/strong> en faveur de l\u2019\u00c9tat que l\u2019on rencontre de la part de cette autre organisation de d\u00e9fense des droits humains, <strong>HRW.<\/strong><\/p>\n<p>Dans ses rapports sur l\u2019offensive isra\u00e9lienne bien plus longue et meurtri\u00e8re contre Gaza en mai 2021, HRW a nuanc\u00e9 son langage \u00e0 propos des<em> \u00ab apparents \u00bb<\/em> crimes de guerre isra\u00e9liens. Et, comme le fait Amnesty dans son nouveau rapport, HRW a d\u00e9clar\u00e9 que le tir de roquettes non guid\u00e9es \u00e0 partir de (et vers des) zones civiles constituait de fa\u00e7on inh\u00e9rente un crime de guerre.<\/p>\n<p>Comme je l\u2019ai dit \u00e0 l\u2019\u00e9poque, la d\u00e9termination de l\u2019adh\u00e9sion d\u2019une partie (dans le sens d\u2019un conflit opposant deux parties, NdT) aux lois de la guerre <strong>ne devrait pas d\u00e9pendre de la question de savoir si elle peut acc\u00e9der \u00e0 des armes hautement sophistiqu\u00e9es<\/strong> manufactur\u00e9es aux EU par des soci\u00e9t\u00e9s qui tirent profit de la guerre.<\/p>\n<p>Une telle doctrine juridique serait exag\u00e9r\u00e9ment et irr\u00e9m\u00e9diablement partiale <strong>en faveur d\u2019\u00c9tats nantis d\u2019arm\u00e9es puissantes<\/strong> et <strong>contre des populations apatrides ou colonis\u00e9es cherchant \u00e0 se lib\u00e9rer d\u2019une autorit\u00e9 oppressive et ill\u00e9gitime, comme c\u2019est le cas des organisations arm\u00e9es palestiniennes \u00e0 Gaza.<\/strong><\/p>\n<h3><strong><br \/>\nLe colonialisme de peuplement<\/strong><\/h3>\n<p>Cette analyse, qui d\u00e9fie le bon sens, ne constitue pas la seule fa\u00e7on dont p\u00e8che le cadre d\u2019Amnesty, malgr\u00e9 la valeur de ses investigations sur le terrain \u00e0 Gaza et ses appels en faveur de la responsabilisation.<\/p>\n<p>Amnesty d\u00e9clare que le blocus contre Gaza, impos\u00e9 depuis 2007,<\/p>\n<blockquote><p>\u00ab est un outil cl\u00e9 gr\u00e2ce auquel Isra\u00ebl applique son syst\u00e8me d\u2019apartheid afin de s\u00e9parer, dominer, opprimer et fragmenter les Palestiniens au b\u00e9n\u00e9fice de la population juive d\u2019Isra\u00ebl \u00bb.<\/p><\/blockquote>\n<p>Par contre, dans son premier rapport en tant que<strong> rapporteuse sp\u00e9ciale de l\u2019ONU sur la situation des droits humains en Cisjordanie et \u00e0 Gaza,<\/strong> <strong>Francesca Albanes<\/strong>e fait savoir clairement que le si\u00e8ge contre Gaza fait partie du <strong><em>\u00ab dessin colonial de peuplement \u00bb<\/em> d\u2019Isra\u00ebl.<\/strong><\/p>\n<blockquote><p>\u00ab L\u2019endiguement de la population coloniale dans des r\u00e9serves lourdement contr\u00f4l\u00e9es est au c\u0153ur du dessein colonial de peuplement afin de garantir la supr\u00e9matie d\u00e9mographique et d\u2019emp\u00eacher l\u2019autod\u00e9termination palestinienne \u00bb,<\/p><\/blockquote>\n<p>dit Madame Albanese.<\/p>\n<p>En fin de compte, explique la rapporteuse sp\u00e9ciale, l\u2019intention d\u2019Isra\u00ebl est \u00ab de coloniser le territoire palestinien occup\u00e9 \u00bb, un but qui requiert la <strong><em>\u00ab d\u00e9-palestinisation \u00bb<\/em><\/strong> du territoire soumis \u00e0 son contr\u00f4le.<\/p>\n<p>En attendant, Madame Albanese d\u00e9clare que la fragmentation par Isra\u00ebl de la souverainet\u00e9 territoriale palestinienne et son<\/p>\n<blockquote><p>\u00ab contr\u00f4le pesant de la population palestinienne, incarn\u00e9s par Gaza actuellement assi\u00e9g\u00e9e, sont devenus en quelque sorte une marque de fabrique de la politique isra\u00e9lienne de domination \u00bb.<\/p><\/blockquote>\n<p>Les divers r\u00e9gimes administratifs et militaires d\u2019Isra\u00ebl ont \u00e9t\u00e9 le <em>\u00ab premier vecteur de cette fragmentation \u00bb<\/em>, ajoute-t-elle.<\/p>\n<p>Cette fragmentation, \u00e0 son tour, <em>\u00ab a facilit\u00e9 la construction et la \u2018protection\u2019 des colonies exclusivement juives en territoire occup\u00e9 \u00bb.<\/em><\/p>\n<p>Le <em>\u00ab syst\u00e8me complexe de contr\u00f4le \u00bb<\/em> d\u2019Isra\u00ebl, qui op\u00e8re au b\u00e9n\u00e9fice exclusif de ses colonies de peuplement,<em> \u00ab an\u00e9antit la possibilit\u00e9 pour les Palestiniens de poursuivre librement leur d\u00e9veloppement \u00e9conomique \u00bb<\/em>, d\u00e9clare Madame Albanese.<\/p>\n<blockquote><p>\u00ab Tout \u00e9talage d\u2019identit\u00e9 collective et de souverainet\u00e9 proclam\u00e9e ou revendiqu\u00e9e \u00bb de la part des Palestiniens en \u00e9tat de soumission \u00ab repr\u00e9sente une menace pour le r\u00e9gime m\u00eame \u00bb,<\/p><\/blockquote>\n<p>d\u2019apr\u00e8s la rapporteuse sp\u00e9ciale.<\/p>\n<p>Les attaques isra\u00e9liennes contre la culture et la collectivit\u00e9 palestiniennes<\/p>\n<blockquote><p>\u00ab d\u00e9montrent bien l\u2019intention de l\u2019occupant de d\u00e9pouiller en permanence le pays de son identit\u00e9 autochtone \u00bb,<\/p><\/blockquote>\n<p>ajoute-t-elle.<\/p>\n<p>En d\u2019autres termes, le syst\u00e8me d\u2019apartheid est un moyen d\u2019atteindre l\u2019objectif qu\u2019est la colonisation de la terre palestinienne.<\/p>\n<p><strong>Incapable de bien asseoir son analyse dans cette r\u00e9alit\u00e9 de colonialisme de peuplement,<\/strong> Amnesty International et les organisations qui adoptent un point de vue similaire finissent par se retrouver dans des positions tr\u00e8s curieuses.<\/p>\n<p>&nbsp;<\/p>\n<h3><strong>Une occupation ill\u00e9gale<\/strong><\/h3>\n<p>Par exemple, dans son rapport qui a fait date sur<strong> l\u2019apartheid isra\u00e9lien<\/strong> et qui a \u00e9t\u00e9 publi\u00e9 au d\u00e9but de cette ann\u00e9e,<strong> Amnesty n\u2019adopte aucune position quant \u00e0 la l\u00e9galit\u00e9 de l\u2019occupation de la Cisjordanie et de Gaza depuis 1967.<\/strong><\/p>\n<p>En lieu et place, l\u2019organisation se concentre sur les obligations d\u2019Isra\u00ebl, <em>\u00ab en tant que puissance occupante, conform\u00e9ment aux lois internationales \u00bb.<\/em><\/p>\n<p>Au contraire, dans son premier rapport adress\u00e9 au secr\u00e9taire g\u00e9n\u00e9ral de l\u2019ONU, <strong>une nouvelle commission permanente d\u2019enqu\u00eate<\/strong> examinant le syst\u00e8me d\u2019oppression isra\u00e9lien dans son ensemble affirmait que l\u2019occupation \u00e9tait ill\u00e9gale <em>\u00ab en raison de son impermanence et de la politique d\u2019annexion de facto du gouvernement isra\u00e9lien \u00bb.<\/em><\/p>\n<p><strong>Une analyse de colonialisme de peuplement est tr\u00e8s importante si l\u2019on veut \u00e9viter l\u2019\u00e9cueil consistant \u00e0 traiter toute la violence dans le contexte de la Palestine en tant qu\u2019\u00e9quivalente sur le plan moral.<\/strong> Sans cela, des organisations comme Amnesty et HRW ont une tendance \u00e0 n\u2019analyser que les aspects techniques de la violence tout en<strong> n\u00e9gligeant de tenir compte des objectifs dissemblables des acteurs arm\u00e9s.<\/strong><\/p>\n<p>Il s\u2019av\u00e8re que Madame Albanese sugg\u00e8re ce que d\u2019autres ont dit avant elle \u2013 que, <strong>dans le contexte de son occupation prolong\u00e9e et de sa domination coloniale de peuplement, l\u2019<em>\u00ab autod\u00e9fense \u00bb<\/em> isra\u00e9lienne contre les Palestiniens occup\u00e9s et soumis est logiquement impossible.<\/strong><\/p>\n<blockquote class=\"twitter-tweet\" data-width=\"500\" data-dnt=\"true\">\n<p lang=\"en\" dir=\"ltr\">The Israeli occupation has been wilfully &amp; carefully engineered to prevent the realization of the right of self-determination. It constitutes an act of aggression,  and cannot be used to invoke (Israel&#39;s) self-defense. Here the Press Release of my report. <a href=\"https:\/\/t.co\/m1BTleU2cI\">https:\/\/t.co\/m1BTleU2cI<\/a><\/p>\n<p>&mdash; Francesca Albanese, UN Special Rapporteur oPt (@FranceskAlbs) <a href=\"https:\/\/twitter.com\/FranceskAlbs\/status\/1585722880717123584?ref_src=twsrc%5Etfw\">October 27, 2022<\/a><\/p><\/blockquote>\n<p><script async src=\"https:\/\/platform.twitter.com\/widgets.js\" charset=\"utf-8\"><\/script><\/p>\n<p>&nbsp;<\/p>\n<p>Elle fait remarquer que<\/p>\n<blockquote><p>\u00ab dans le cadre de la loi sur l\u2019autod\u00e9termination externe, l\u2019existence m\u00eame d\u2019une occupation [prolong\u00e9e] entra\u00eene un recours ill\u00e9gal \u00e0 la force et que, partant, elle peut donc \u00eatre per\u00e7ue comme un acte d\u2019agression \u00bb.<\/p><\/blockquote>\n<p>Par cons\u00e9quent, l\u2019agression isra\u00e9lienne ne peut \u00eatre rejet\u00e9e par les all\u00e9gations fr\u00e9quemment invoqu\u00e9es de Tel-Aviv d\u2019<em>\u00ab autod\u00e9fense \u2018pr\u00e9emptive\u2019 \u00bb,<\/em> comme le dit Madame Albanese.<\/p>\n<p>Comparez ceci avec le langage utilis\u00e9 par les gens de<strong> HRW, Amnesty et leurs homologues<\/strong>, qui veulent simplement que la violence d\u2019Isra\u00ebl soit plus <em>\u00ab discrimin\u00e9e \u00bb<\/em> et <em>\u00ab proportionn\u00e9e \u00bb<\/em> &#8211; quoi que ces deux mots puissent signifier dans le contexte d\u2019une disparit\u00e9 extr\u00eame dans la puissance militaire.<\/p>\n<p>En ce qui concerne une solution politique, Madame Albanese d\u00e9clare que<\/p>\n<blockquote><p><strong>\u00ab tout sc\u00e9nario qui ne reconna\u00eet pas les asym\u00e9tries de pouvoir entre le Palestinien soumis et l\u2019occupant (\u2026) et qui ne s\u2019en prend pas une fois pour toutes au colonialisme isra\u00e9lien de peuplement, viole le droit des Palestiniens \u00e0 l\u2019autod\u00e9termination, entre autres, dans toute une s\u00e9rie de dispositions tout aussi importantes des lois internationales \u00bb.<\/strong><\/p><\/blockquote>\n<p>Alors que les commentaires de Madame Albanese concernaient un arrangement politique n\u00e9goci\u00e9, le m\u00eame principe devrait s\u2019appliquer \u00e0 <strong>toute analyse juridique de la violence utilis\u00e9e par Isra\u00ebl pour faire avancer ses desseins de soumission des Palestiniens en vue de consolider son contr\u00f4le sur le territoire palestinien.<\/strong><\/p>\n<h3><strong><br \/>\nPas d\u2019\u00e9quivalence moral<\/strong><\/h3>\n<p>En impliquant une \u00e9quivalence morale entre <strong>la violence du pouvoir colonisateur<\/strong>, d\u2019une part, <strong>et celle de la population autochtone,<\/strong> d\u2019autre part, les organisations de d\u00e9fense des droits humains obscurcissent cette relation essentielle et les motivations tr\u00e8s diff\u00e9rentes qui sous-tendent leur violence respective.<\/p>\n<p>Sans reconna\u00eetre la relation de pouvoir entre Isra\u00ebl et les Palestiniens et le r\u00e9gime colonial de peuplement qui mod\u00e8le la politique isra\u00e9lienne, les organisations de d\u00e9fense des droits humains sugg\u00e8rent une parit\u00e9 morale entre l\u2019usage de la force par les deux parties l\u00e0 o\u00f9, en fait, il n\u2019y en a pas.<\/p>\n<p>Madame Albanese dit que<\/p>\n<blockquote><p><strong>\u00ab le droit \u00e0 l\u2019autod\u00e9termination est le droit de vivre et de se d\u00e9velopper en tant que peuple au sein d\u2019une communaut\u00e9 politique librement choisie comme \u00e9tant la sienne propre (\u2026) Cela implique le droit de r\u00e9sister \u00e0 la domination, la soumission et l\u2019exploitation venues de l\u2019\u00e9tranger et qui pourraient emp\u00eacher l\u2019accomplissement de ce droit \u00bb.<\/strong><\/p><\/blockquote>\n<p>Madame Albanese ajoute que<\/p>\n<p><strong>\u00ab les luttes de lib\u00e9ration et de d\u00e9colonisation \u00e0 travers l\u2019histoire ont montr\u00e9 comment le droit \u00e0 l\u2019existence en tant que peuple et le droit de r\u00e9sister \u00e0 une domination et gouvernance \u00e9trang\u00e8re sont interconnect\u00e9s \u00bb.<\/strong><\/p>\n<p>C\u2019est dans ce contexte qu\u2019il convient de comprendre les tirs de roquettes depuis Gaza, qui subit un si\u00e8ge m\u00e9di\u00e9val depuis 2007. Les Palestiniens de Gaza, encercl\u00e9s comme ils le sont, avec leurs dirigeants boycott\u00e9s par Isra\u00ebl et ses puissants alli\u00e9s, <strong>n\u2019ont que tr\u00e8s peu d\u2019autres moyens pour tenter d\u2019influencer la politique isra\u00e9lienne.<\/strong><\/p>\n<p><strong>Le si\u00e8ge de Gaza est une menace existentielle contre laquelle les Palestiniens ont le droit de r\u00e9sister, comme ils ont le droit aussi de r\u00e9sister \u00e0 toutes les tentatives isra\u00e9liennes de les repousser et d\u2019effacer leur pr\u00e9sence de leur propre terre.<\/strong><\/p>\n<p>Cela ne veut pas dire que les vies palestiniennes perdues \u00e0 cause de ces roquettes mal tir\u00e9es valent moins que celles ravies par les missiles \u00e0 grande pr\u00e9cision et autres obus sophistiqu\u00e9s de l\u2019arm\u00e9e isra\u00e9lienne. Et cela ne vaut pas dire non plus que les organisations arm\u00e9es palestiniennes n\u2019ont pas d\u2019obligations de l\u2019un ou l\u2019autre genre.<\/p>\n<p><strong>Mais cela veut dire que les Palestiniens ont le droit de r\u00e9sister, et par tous les moyens disponibles, \u00e0 l\u2019oblit\u00e9ration par une puissance colonisatrice \u00e9trang\u00e8re.<\/strong><\/p>\n<blockquote class=\"twitter-tweet\" data-width=\"500\" data-dnt=\"true\">\n<p lang=\"en\" dir=\"ltr\">\ud83d\udea8Very serious escalation in the West Bank, <a href=\"https:\/\/twitter.com\/hashtag\/Palestine?src=hash&amp;ref_src=twsrc%5Etfw\">#Palestine<\/a>. Haven&#39;t seen anything like this intensity since 2014. In last fortnight Israel killed 17 Palestinians in West Bank, the situation is grave. Palestine closes in protest.<\/p>\n<p>Recalling right to resist &quot;by all available means&quot;<\/p>\n<p>&mdash; Dr Susan Power (@Susanrosepower) <a href=\"https:\/\/twitter.com\/Susanrosepower\/status\/1582996907378774017?ref_src=twsrc%5Etfw\">October 20, 2022<\/a><\/p><\/blockquote>\n<p><script async src=\"https:\/\/platform.twitter.com\/widgets.js\" charset=\"utf-8\"><\/script><\/p>\n<p>&nbsp;<\/p>\n<p>Comme l\u2019a dit <strong>Nelson Mandela<\/strong> dans son autobiographie,<\/p>\n<blockquote><p>\u00ab un combattant de la libert\u00e9 apprend de fa\u00e7on brutale que c\u2019est l\u2019oppresseur qui d\u00e9finit la nature de la lutte \u00bb.<\/p><\/blockquote>\n<p><strong>La lutte arm\u00e9e est imp\u00e9rative dans une situation d\u2019impunit\u00e9 totale telle celle que procurent \u00e0 Isra\u00ebl ses puissants alli\u00e9s de l\u2019Atlantique Nord.<\/strong><\/p>\n<p>Malgr\u00e9 des diff\u00e9rences dans leurs analyses, c\u2019est sur la fin de cette impunit\u00e9 que les observateurs de la situation des droits humains en Palestine \u2013 dont Amnesty, la rapporteuse sp\u00e9ciale de l\u2019ONU et de la commission d\u2019enqu\u00eate, et HRW \u2013 se retrouvent en terrain commun.<\/p>\n<p>Amnesty International invite la Cour p\u00e9nale internationale (CPI) \u00e0<\/p>\n<blockquote><p>\u00ab enqu\u00eater sur les attaques ill\u00e9gales \u2013 en tant que crimes de guerre \u2013 effectu\u00e9es durant l\u2019offensive isra\u00e9lienne d\u2019ao\u00fbt contre la bande de Gaza \u00bb.<\/p><\/blockquote>\n<p>Francesca Albanese, la rapporteuse sp\u00e9ciale de l\u2019ONU, invite la CPI et les m\u00e9canismes universels de jurisprudence \u00e0 r\u00e9clamer des comptes \u00e0 ce propos.<\/p>\n<p>Et <strong>la commission d\u2019enqu\u00eate de l\u2019ONU<\/strong> recommande que le procureur principal de la CPI <em>\u00ab donne la priorit\u00e9 \u00e0 l\u2019enqu\u00eate \u00bb<\/em> en Cisjordanie et dans la bande de Gaza.<\/p>\n<p>La commission ajoute qu\u2019en sus de<\/p>\n<blockquote><p><em>\u00ab l\u2019identification des perp\u00e9trateurs directs et de ceux qui exercent des responsabilit\u00e9s de commandement \u00bb<\/em>, la cour devrait<em> \u00ab enqu\u00eater sur les personnes qui aident, facilitent ou soutiennent de quelque autre fa\u00e7on la perp\u00e9tration de crimes dans le cadre du Statut de Rome, y compris en fournissant les moyens de leur perp\u00e9tration \u00bb.<\/em><\/p><\/blockquote>\n<p><strong>Et si toutes les possibilit\u00e9s de justice internationale s\u2019av\u00e8rent ferm\u00e9es aux Palestiniens, peut-\u00eatre Amnesty International et Human Rights Watch pourraient-elles envisager de faire campagne pour que soient fournies des armes de pr\u00e9cision aux organisations arm\u00e9es de Gaza.<\/strong><\/p>\n<p style=\"text-align: center;\">*****&nbsp;&nbsp;&nbsp;&nbsp;&nbsp;&nbsp;&nbsp;&nbsp;&nbsp;&nbsp;&nbsp;&nbsp;<\/p>\n<p><a href=\"https:\/\/charleroi-pourlapalestine.be\/index.php\/tag\/maureen-clare-murphy\/\"><strong><img loading=\"lazy\" decoding=\"async\" class=\"alignleft wp-image-45540 size-full\" src=\"https:\/\/charleroi-pourlapalestine.be\/wp-content\/uploads\/2022\/10\/Maureen-Clare-Murphy-e1665914569514.jpg\" sizes=\"auto, (max-width: 150px) 100vw, 150px\" srcset=\"https:\/\/charleroi-pourlapalestine.be\/wp-content\/uploads\/2022\/10\/Maureen-Clare-Murphy-e1665914569514.jpg 150w, https:\/\/charleroi-pourlapalestine.be\/wp-content\/uploads\/2022\/10\/Maureen-Clare-Murphy-e1665914569514-80x80.jpg 80w\" alt=\"\" width=\"150\" height=\"150\">Maureen Clare Murphy<\/strong><\/a> est r\u00e9dactrice en chef de <em>The Electronic Intifada.<\/em><\/p>\n<div class=\"pf-content\">\n<p style=\"text-align: center;\">*****<\/p>\n<p>Publi\u00e9 le 5 novembre 2022 sur<a href=\"https:\/\/electronicintifada.net\/content\/why-doesnt-amnesty-recognize-palestinians-right-resist\/36576\" target=\"_blank\" rel=\"noopener\"> The Electronic Intifada<\/a><strong><br \/>\n<\/strong>Traduction : Jean-Marie Fl\u00e9mal,<a href=\"https:\/\/charleroi-pourlapalestine.be\/\"> Charleroi<\/a><a href=\"https:\/\/charleroi-pourlapalestine.be\/\"> p<\/a><a href=\"https:\/\/charleroi-pourlapalestine.be\/\">our<\/a><a href=\"https:\/\/charleroi-pourlapalestine.be\/\"> la Palestine<\/a><\/p>\n<\/div>\n<p>&nbsp;<\/p>\n<p>&nbsp;<\/p>\n<p>&nbsp;<\/p>\n","protected":false},"excerpt":{"rendered":"<p>Tout sc\u00e9nario qui ne reconna\u00eet pas les asym\u00e9tries de pouvoir entre le Palestinien soumis et l\u2019occupant et qui ne s\u2019en prend pas au colonialisme isra\u00e9lien de peuplement, viole le droit des Palestiniens \u00e0 l\u2019autod\u00e9termination<\/p>\n","protected":false},"author":1,"featured_media":46901,"comment_status":"closed","ping_status":"closed","sticky":false,"template":"","format":"standard","meta":{"ngg_post_thumbnail":0,"footnotes":""},"categories":[46,817,140,25],"tags":[],"class_list":["post-46899","post","type-post","status-publish","format-standard","has-post-thumbnail","hentry","category-les-agressions-militaires","category-colonialisme-de-peuplement","category-letat-colonial","category-la-resistance-palestinienne"],"yoast_head":"<!-- This site is optimized with the Yoast SEO plugin v27.3 - https:\/\/yoast.com\/product\/yoast-seo-wordpress\/ -->\n<title>Pourquoi Amnesty ne reconna\u00eet-elle par le droit \u00e0 la r\u00e9sistance des Palestiniens ?<\/title>\n<meta name=\"description\" content=\"Des organisations comme Amnesty et HRW ont une tendance \u00e0 n\u2019analyser que les aspects techniques de la violence\" \/>\n<meta name=\"robots\" content=\"index, follow, max-snippet:-1, max-image-preview:large, max-video-preview:-1\" \/>\n<link rel=\"canonical\" href=\"https:\/\/charleroi-pourlapalestine.be\/index.php\/2022\/11\/07\/pourquoi-amnesty-ne-reconnait-elle-par-le-droit-a-la-resistance-des-palestiniens\/\" \/>\n<script type=\"application\/ld+json\" class=\"yoast-schema-graph\">{\"@context\":\"https:\\\/\\\/schema.org\",\"@graph\":[{\"@type\":\"Article\",\"@id\":\"https:\\\/\\\/charleroi-pourlapalestine.be\\\/index.php\\\/2022\\\/11\\\/07\\\/pourquoi-amnesty-ne-reconnait-elle-par-le-droit-a-la-resistance-des-palestiniens\\\/#article\",\"isPartOf\":{\"@id\":\"https:\\\/\\\/charleroi-pourlapalestine.be\\\/index.php\\\/2022\\\/11\\\/07\\\/pourquoi-amnesty-ne-reconnait-elle-par-le-droit-a-la-resistance-des-palestiniens\\\/\"},\"author\":{\"name\":\"admin1873\",\"@id\":\"https:\\\/\\\/charleroi-pourlapalestine.be\\\/#\\\/schema\\\/person\\\/c19ff515112f1299d8c12671d8fe3faa\"},\"headline\":\"Pourquoi Amnesty ne reconna\u00eet-elle par le droit \u00e0 la r\u00e9sistance des Palestiniens ?\",\"datePublished\":\"2022-11-07T10:07:36+00:00\",\"dateModified\":\"2022-11-07T14:33:59+00:00\",\"mainEntityOfPage\":{\"@id\":\"https:\\\/\\\/charleroi-pourlapalestine.be\\\/index.php\\\/2022\\\/11\\\/07\\\/pourquoi-amnesty-ne-reconnait-elle-par-le-droit-a-la-resistance-des-palestiniens\\\/\"},\"wordCount\":2868,\"publisher\":{\"@id\":\"https:\\\/\\\/charleroi-pourlapalestine.be\\\/#organization\"},\"image\":{\"@id\":\"https:\\\/\\\/charleroi-pourlapalestine.be\\\/index.php\\\/2022\\\/11\\\/07\\\/pourquoi-amnesty-ne-reconnait-elle-par-le-droit-a-la-resistance-des-palestiniens\\\/#primaryimage\"},\"thumbnailUrl\":\"https:\\\/\\\/charleroi-pourlapalestine.be\\\/wp-content\\\/uploads\\\/2022\\\/11\\\/Article-Amnesty-et-la-resistance-palestinienne.jpg\",\"articleSection\":[\"Agressions militaires\",\"colonialisme de peuplement\",\"L'Etat colonial\",\"R\u00e9sistance\"],\"inLanguage\":\"fr-FR\"},{\"@type\":\"WebPage\",\"@id\":\"https:\\\/\\\/charleroi-pourlapalestine.be\\\/index.php\\\/2022\\\/11\\\/07\\\/pourquoi-amnesty-ne-reconnait-elle-par-le-droit-a-la-resistance-des-palestiniens\\\/\",\"url\":\"https:\\\/\\\/charleroi-pourlapalestine.be\\\/index.php\\\/2022\\\/11\\\/07\\\/pourquoi-amnesty-ne-reconnait-elle-par-le-droit-a-la-resistance-des-palestiniens\\\/\",\"name\":\"Pourquoi Amnesty ne reconna\u00eet-elle par le droit \u00e0 la r\u00e9sistance des Palestiniens ?\",\"isPartOf\":{\"@id\":\"https:\\\/\\\/charleroi-pourlapalestine.be\\\/#website\"},\"primaryImageOfPage\":{\"@id\":\"https:\\\/\\\/charleroi-pourlapalestine.be\\\/index.php\\\/2022\\\/11\\\/07\\\/pourquoi-amnesty-ne-reconnait-elle-par-le-droit-a-la-resistance-des-palestiniens\\\/#primaryimage\"},\"image\":{\"@id\":\"https:\\\/\\\/charleroi-pourlapalestine.be\\\/index.php\\\/2022\\\/11\\\/07\\\/pourquoi-amnesty-ne-reconnait-elle-par-le-droit-a-la-resistance-des-palestiniens\\\/#primaryimage\"},\"thumbnailUrl\":\"https:\\\/\\\/charleroi-pourlapalestine.be\\\/wp-content\\\/uploads\\\/2022\\\/11\\\/Article-Amnesty-et-la-resistance-palestinienne.jpg\",\"datePublished\":\"2022-11-07T10:07:36+00:00\",\"dateModified\":\"2022-11-07T14:33:59+00:00\",\"description\":\"Des organisations comme Amnesty et HRW ont une tendance \u00e0 n\u2019analyser que les aspects techniques de la violence\",\"breadcrumb\":{\"@id\":\"https:\\\/\\\/charleroi-pourlapalestine.be\\\/index.php\\\/2022\\\/11\\\/07\\\/pourquoi-amnesty-ne-reconnait-elle-par-le-droit-a-la-resistance-des-palestiniens\\\/#breadcrumb\"},\"inLanguage\":\"fr-FR\",\"potentialAction\":[{\"@type\":\"ReadAction\",\"target\":[\"https:\\\/\\\/charleroi-pourlapalestine.be\\\/index.php\\\/2022\\\/11\\\/07\\\/pourquoi-amnesty-ne-reconnait-elle-par-le-droit-a-la-resistance-des-palestiniens\\\/\"]}]},{\"@type\":\"ImageObject\",\"inLanguage\":\"fr-FR\",\"@id\":\"https:\\\/\\\/charleroi-pourlapalestine.be\\\/index.php\\\/2022\\\/11\\\/07\\\/pourquoi-amnesty-ne-reconnait-elle-par-le-droit-a-la-resistance-des-palestiniens\\\/#primaryimage\",\"url\":\"https:\\\/\\\/charleroi-pourlapalestine.be\\\/wp-content\\\/uploads\\\/2022\\\/11\\\/Article-Amnesty-et-la-resistance-palestinienne.jpg\",\"contentUrl\":\"https:\\\/\\\/charleroi-pourlapalestine.be\\\/wp-content\\\/uploads\\\/2022\\\/11\\\/Article-Amnesty-et-la-resistance-palestinienne.jpg\",\"width\":800,\"height\":533},{\"@type\":\"BreadcrumbList\",\"@id\":\"https:\\\/\\\/charleroi-pourlapalestine.be\\\/index.php\\\/2022\\\/11\\\/07\\\/pourquoi-amnesty-ne-reconnait-elle-par-le-droit-a-la-resistance-des-palestiniens\\\/#breadcrumb\",\"itemListElement\":[{\"@type\":\"ListItem\",\"position\":1,\"name\":\"Accueil\",\"item\":\"https:\\\/\\\/charleroi-pourlapalestine.be\\\/\"},{\"@type\":\"ListItem\",\"position\":2,\"name\":\"Pourquoi Amnesty ne reconna\u00eet-elle par le droit \u00e0 la r\u00e9sistance des Palestiniens ?\"}]},{\"@type\":\"WebSite\",\"@id\":\"https:\\\/\\\/charleroi-pourlapalestine.be\\\/#website\",\"url\":\"https:\\\/\\\/charleroi-pourlapalestine.be\\\/\",\"name\":\"Charleroi Pour la Palestine\",\"description\":\"\",\"publisher\":{\"@id\":\"https:\\\/\\\/charleroi-pourlapalestine.be\\\/#organization\"},\"potentialAction\":[{\"@type\":\"SearchAction\",\"target\":{\"@type\":\"EntryPoint\",\"urlTemplate\":\"https:\\\/\\\/charleroi-pourlapalestine.be\\\/?s={search_term_string}\"},\"query-input\":{\"@type\":\"PropertyValueSpecification\",\"valueRequired\":true,\"valueName\":\"search_term_string\"}}],\"inLanguage\":\"fr-FR\"},{\"@type\":\"Organization\",\"@id\":\"https:\\\/\\\/charleroi-pourlapalestine.be\\\/#organization\",\"name\":\"Plate-forme Charleroi-Palestine\",\"url\":\"https:\\\/\\\/charleroi-pourlapalestine.be\\\/\",\"logo\":{\"@type\":\"ImageObject\",\"inLanguage\":\"fr-FR\",\"@id\":\"https:\\\/\\\/charleroi-pourlapalestine.be\\\/#\\\/schema\\\/logo\\\/image\\\/\",\"url\":\"https:\\\/\\\/charleroi-pourlapalestine.be\\\/wp-content\\\/uploads\\\/2020\\\/01\\\/logo-Copy.jpg\",\"contentUrl\":\"https:\\\/\\\/charleroi-pourlapalestine.be\\\/wp-content\\\/uploads\\\/2020\\\/01\\\/logo-Copy.jpg\",\"width\":180,\"height\":180,\"caption\":\"Plate-forme Charleroi-Palestine\"},\"image\":{\"@id\":\"https:\\\/\\\/charleroi-pourlapalestine.be\\\/#\\\/schema\\\/logo\\\/image\\\/\"},\"sameAs\":[\"https:\\\/\\\/www.facebook.com\\\/PlateformeCharleroiPalestine\\\/\",\"https:\\\/\\\/x.com\\\/LaCharleroi\"]},{\"@type\":\"Person\",\"@id\":\"https:\\\/\\\/charleroi-pourlapalestine.be\\\/#\\\/schema\\\/person\\\/c19ff515112f1299d8c12671d8fe3faa\",\"name\":\"admin1873\",\"url\":\"https:\\\/\\\/charleroi-pourlapalestine.be\\\/index.php\\\/author\\\/admin1873\\\/\"}]}<\/script>\n<!-- \/ Yoast SEO plugin. -->","yoast_head_json":{"title":"Pourquoi Amnesty ne reconna\u00eet-elle par le droit \u00e0 la r\u00e9sistance des Palestiniens ?","description":"Des organisations comme Amnesty et HRW ont une tendance \u00e0 n\u2019analyser que les aspects techniques de la violence","robots":{"index":"index","follow":"follow","max-snippet":"max-snippet:-1","max-image-preview":"max-image-preview:large","max-video-preview":"max-video-preview:-1"},"canonical":"https:\/\/charleroi-pourlapalestine.be\/index.php\/2022\/11\/07\/pourquoi-amnesty-ne-reconnait-elle-par-le-droit-a-la-resistance-des-palestiniens\/","schema":{"@context":"https:\/\/schema.org","@graph":[{"@type":"Article","@id":"https:\/\/charleroi-pourlapalestine.be\/index.php\/2022\/11\/07\/pourquoi-amnesty-ne-reconnait-elle-par-le-droit-a-la-resistance-des-palestiniens\/#article","isPartOf":{"@id":"https:\/\/charleroi-pourlapalestine.be\/index.php\/2022\/11\/07\/pourquoi-amnesty-ne-reconnait-elle-par-le-droit-a-la-resistance-des-palestiniens\/"},"author":{"name":"admin1873","@id":"https:\/\/charleroi-pourlapalestine.be\/#\/schema\/person\/c19ff515112f1299d8c12671d8fe3faa"},"headline":"Pourquoi Amnesty ne reconna\u00eet-elle par le droit \u00e0 la r\u00e9sistance des Palestiniens ?","datePublished":"2022-11-07T10:07:36+00:00","dateModified":"2022-11-07T14:33:59+00:00","mainEntityOfPage":{"@id":"https:\/\/charleroi-pourlapalestine.be\/index.php\/2022\/11\/07\/pourquoi-amnesty-ne-reconnait-elle-par-le-droit-a-la-resistance-des-palestiniens\/"},"wordCount":2868,"publisher":{"@id":"https:\/\/charleroi-pourlapalestine.be\/#organization"},"image":{"@id":"https:\/\/charleroi-pourlapalestine.be\/index.php\/2022\/11\/07\/pourquoi-amnesty-ne-reconnait-elle-par-le-droit-a-la-resistance-des-palestiniens\/#primaryimage"},"thumbnailUrl":"https:\/\/charleroi-pourlapalestine.be\/wp-content\/uploads\/2022\/11\/Article-Amnesty-et-la-resistance-palestinienne.jpg","articleSection":["Agressions militaires","colonialisme de peuplement","L'Etat colonial","R\u00e9sistance"],"inLanguage":"fr-FR"},{"@type":"WebPage","@id":"https:\/\/charleroi-pourlapalestine.be\/index.php\/2022\/11\/07\/pourquoi-amnesty-ne-reconnait-elle-par-le-droit-a-la-resistance-des-palestiniens\/","url":"https:\/\/charleroi-pourlapalestine.be\/index.php\/2022\/11\/07\/pourquoi-amnesty-ne-reconnait-elle-par-le-droit-a-la-resistance-des-palestiniens\/","name":"Pourquoi Amnesty ne reconna\u00eet-elle par le droit \u00e0 la r\u00e9sistance des Palestiniens ?","isPartOf":{"@id":"https:\/\/charleroi-pourlapalestine.be\/#website"},"primaryImageOfPage":{"@id":"https:\/\/charleroi-pourlapalestine.be\/index.php\/2022\/11\/07\/pourquoi-amnesty-ne-reconnait-elle-par-le-droit-a-la-resistance-des-palestiniens\/#primaryimage"},"image":{"@id":"https:\/\/charleroi-pourlapalestine.be\/index.php\/2022\/11\/07\/pourquoi-amnesty-ne-reconnait-elle-par-le-droit-a-la-resistance-des-palestiniens\/#primaryimage"},"thumbnailUrl":"https:\/\/charleroi-pourlapalestine.be\/wp-content\/uploads\/2022\/11\/Article-Amnesty-et-la-resistance-palestinienne.jpg","datePublished":"2022-11-07T10:07:36+00:00","dateModified":"2022-11-07T14:33:59+00:00","description":"Des organisations comme Amnesty et HRW ont une tendance \u00e0 n\u2019analyser que les aspects techniques de la violence","breadcrumb":{"@id":"https:\/\/charleroi-pourlapalestine.be\/index.php\/2022\/11\/07\/pourquoi-amnesty-ne-reconnait-elle-par-le-droit-a-la-resistance-des-palestiniens\/#breadcrumb"},"inLanguage":"fr-FR","potentialAction":[{"@type":"ReadAction","target":["https:\/\/charleroi-pourlapalestine.be\/index.php\/2022\/11\/07\/pourquoi-amnesty-ne-reconnait-elle-par-le-droit-a-la-resistance-des-palestiniens\/"]}]},{"@type":"ImageObject","inLanguage":"fr-FR","@id":"https:\/\/charleroi-pourlapalestine.be\/index.php\/2022\/11\/07\/pourquoi-amnesty-ne-reconnait-elle-par-le-droit-a-la-resistance-des-palestiniens\/#primaryimage","url":"https:\/\/charleroi-pourlapalestine.be\/wp-content\/uploads\/2022\/11\/Article-Amnesty-et-la-resistance-palestinienne.jpg","contentUrl":"https:\/\/charleroi-pourlapalestine.be\/wp-content\/uploads\/2022\/11\/Article-Amnesty-et-la-resistance-palestinienne.jpg","width":800,"height":533},{"@type":"BreadcrumbList","@id":"https:\/\/charleroi-pourlapalestine.be\/index.php\/2022\/11\/07\/pourquoi-amnesty-ne-reconnait-elle-par-le-droit-a-la-resistance-des-palestiniens\/#breadcrumb","itemListElement":[{"@type":"ListItem","position":1,"name":"Accueil","item":"https:\/\/charleroi-pourlapalestine.be\/"},{"@type":"ListItem","position":2,"name":"Pourquoi Amnesty ne reconna\u00eet-elle par le droit \u00e0 la r\u00e9sistance des Palestiniens ?"}]},{"@type":"WebSite","@id":"https:\/\/charleroi-pourlapalestine.be\/#website","url":"https:\/\/charleroi-pourlapalestine.be\/","name":"Charleroi Pour la Palestine","description":"","publisher":{"@id":"https:\/\/charleroi-pourlapalestine.be\/#organization"},"potentialAction":[{"@type":"SearchAction","target":{"@type":"EntryPoint","urlTemplate":"https:\/\/charleroi-pourlapalestine.be\/?s={search_term_string}"},"query-input":{"@type":"PropertyValueSpecification","valueRequired":true,"valueName":"search_term_string"}}],"inLanguage":"fr-FR"},{"@type":"Organization","@id":"https:\/\/charleroi-pourlapalestine.be\/#organization","name":"Plate-forme Charleroi-Palestine","url":"https:\/\/charleroi-pourlapalestine.be\/","logo":{"@type":"ImageObject","inLanguage":"fr-FR","@id":"https:\/\/charleroi-pourlapalestine.be\/#\/schema\/logo\/image\/","url":"https:\/\/charleroi-pourlapalestine.be\/wp-content\/uploads\/2020\/01\/logo-Copy.jpg","contentUrl":"https:\/\/charleroi-pourlapalestine.be\/wp-content\/uploads\/2020\/01\/logo-Copy.jpg","width":180,"height":180,"caption":"Plate-forme Charleroi-Palestine"},"image":{"@id":"https:\/\/charleroi-pourlapalestine.be\/#\/schema\/logo\/image\/"},"sameAs":["https:\/\/www.facebook.com\/PlateformeCharleroiPalestine\/","https:\/\/x.com\/LaCharleroi"]},{"@type":"Person","@id":"https:\/\/charleroi-pourlapalestine.be\/#\/schema\/person\/c19ff515112f1299d8c12671d8fe3faa","name":"admin1873","url":"https:\/\/charleroi-pourlapalestine.be\/index.php\/author\/admin1873\/"}]}},"_links":{"self":[{"href":"https:\/\/charleroi-pourlapalestine.be\/index.php\/wp-json\/wp\/v2\/posts\/46899","targetHints":{"allow":["GET"]}}],"collection":[{"href":"https:\/\/charleroi-pourlapalestine.be\/index.php\/wp-json\/wp\/v2\/posts"}],"about":[{"href":"https:\/\/charleroi-pourlapalestine.be\/index.php\/wp-json\/wp\/v2\/types\/post"}],"author":[{"embeddable":true,"href":"https:\/\/charleroi-pourlapalestine.be\/index.php\/wp-json\/wp\/v2\/users\/1"}],"replies":[{"embeddable":true,"href":"https:\/\/charleroi-pourlapalestine.be\/index.php\/wp-json\/wp\/v2\/comments?post=46899"}],"version-history":[{"count":0,"href":"https:\/\/charleroi-pourlapalestine.be\/index.php\/wp-json\/wp\/v2\/posts\/46899\/revisions"}],"wp:featuredmedia":[{"embeddable":true,"href":"https:\/\/charleroi-pourlapalestine.be\/index.php\/wp-json\/wp\/v2\/media\/46901"}],"wp:attachment":[{"href":"https:\/\/charleroi-pourlapalestine.be\/index.php\/wp-json\/wp\/v2\/media?parent=46899"}],"wp:term":[{"taxonomy":"category","embeddable":true,"href":"https:\/\/charleroi-pourlapalestine.be\/index.php\/wp-json\/wp\/v2\/categories?post=46899"},{"taxonomy":"post_tag","embeddable":true,"href":"https:\/\/charleroi-pourlapalestine.be\/index.php\/wp-json\/wp\/v2\/tags?post=46899"}],"curies":[{"name":"wp","href":"https:\/\/api.w.org\/{rel}","templated":true}]}}