{"id":47437,"date":"2022-11-16T11:12:06","date_gmt":"2022-11-16T10:12:06","guid":{"rendered":"https:\/\/charleroi-pourlapalestine.be\/?p=47437"},"modified":"2022-11-16T13:51:46","modified_gmt":"2022-11-16T12:51:46","slug":"la-lutte-palestinienne-pour-la-liberte-est-aussi-une-lutte-de-classe","status":"publish","type":"post","link":"https:\/\/charleroi-pourlapalestine.be\/index.php\/2022\/11\/16\/la-lutte-palestinienne-pour-la-liberte-est-aussi-une-lutte-de-classe\/","title":{"rendered":"La lutte palestinienne pour la libert\u00e9 est aussi une lutte de classes"},"content":{"rendered":"<p>Il n\u2019est pas surprenant que les diff\u00e9rents soul\u00e8vements palestiniens au fil des ans aient \u00e9t\u00e9 aliment\u00e9s par des Palestiniens de la classe ouvri\u00e8re. Cette r\u00e9alit\u00e9 nous oblige \u00e0 repenser notre compr\u00e9hension de la lutte palestinienne. Il ne s\u2019agit pas d\u2019un simple <em>\u00ab conflit \u00bb<\/em> sur les politiques, les fronti\u00e8res g\u00e9ographiques ou les narratifs, mais d\u2019un conflit qui repose sur plusieurs strates de lutte de classes \u00e0 l\u2019int\u00e9rieur et \u00e0 l\u2019ext\u00e9rieur de la Palestine.<\/p>\n<div id=\"attachment_47452\" style=\"width: 750px\" class=\"wp-caption alignnone\"><img loading=\"lazy\" decoding=\"async\" aria-describedby=\"caption-attachment-47452\" class=\"wp-image-47452 size-full\" src=\"https:\/\/charleroi-pourlapalestine.be\/wp-content\/uploads\/2022\/11\/Lutte-de-classes-1.jpg\" alt=\"Lutte de classe : Des Palestiniens de 48, citoyens isra\u00e9liens, participent \u00e0 une grande manifestation lors d'une gr\u00e8ve g\u00e9n\u00e9rale dans la ville de Sakhnin, dans le nord du pays, le 13 octobre 2015. Les Palestiniens ont appel\u00e9 \u00e0 un jour de rage suite aux restrictions d'acc\u00e8s \u00e0 la mosqu\u00e9e Al-Aqsa. (Activestills.org)\" width=\"740\" height=\"493\" srcset=\"https:\/\/charleroi-pourlapalestine.be\/wp-content\/uploads\/2022\/11\/Lutte-de-classes-1.jpg 740w, https:\/\/charleroi-pourlapalestine.be\/wp-content\/uploads\/2022\/11\/Lutte-de-classes-1-300x200.jpg 300w\" sizes=\"auto, (max-width: 740px) 100vw, 740px\" \/><p id=\"caption-attachment-47452\" class=\"wp-caption-text\">Des Palestiniens de 48 participent \u00e0 une grande manifestation lors d&rsquo;une gr\u00e8ve g\u00e9n\u00e9rale dans la ville de Sakhnin, dans le nord du pays, le 13 octobre 2015. Les Palestiniens ont appel\u00e9 \u00e0 un jour de rage suite aux restrictions d&rsquo;acc\u00e8s \u00e0 la mosqu\u00e9e Al-Aqsa. (Activestills.org)<\/p><\/div>\n<p>&nbsp;<\/p>\n<p>Lundi 31 octobre, les Palestiniens de la ville d\u2019<strong>Al-Eizariya,<\/strong> \u00e0 l\u2019est de J\u00e9rusalem-Est occup\u00e9e, ont entam\u00e9 une gr\u00e8ve g\u00e9n\u00e9rale. Elle venait sanctionner l\u2019assassinat de <strong>Barakat Moussa Odeh<\/strong>, \u00e2g\u00e9 de 49 ans, par les forces isra\u00e9liennes d\u2019occupation \u00e0 J\u00e9richo qui avait eu lieu la veille, et dont la communaut\u00e9 portait le deuil.<\/p>\n<p>Il ne s\u2019agit pas d\u2019un cas isol\u00e9. Ces derni\u00e8res semaines, des gr\u00e8ves g\u00e9n\u00e9rales ont \u00e9t\u00e9 d\u00e9clench\u00e9es dans tous les territoires palestiniens occup\u00e9s pour protester contre l\u2019attaque des villes de <strong>Naplouse, J\u00e9rusalem, J\u00e9nine et H\u00e9bron<\/strong> par les forces d\u2019occupation isra\u00e9liennes.<\/p>\n<p>Elles ont \u00e9galement \u00e9t\u00e9 organis\u00e9es pour marquer le deuil de combattants palestiniens tu\u00e9s lors d\u2019exp\u00e9ditions arm\u00e9es contre des soldats isra\u00e9liens qui prot\u00e8gent les colons juifs ill\u00e9gaux.<\/p>\n<p>Historiquement, les gr\u00e8ves g\u00e9n\u00e9rales \u00e9taient d\u00e9clar\u00e9es par<strong> les Palestiniens de la classe ouvri\u00e8re<\/strong>. Cette forme de protestation repr\u00e9sentait l\u2019\u00e9pine dorsale de la r\u00e9sistance populaire de base en Palestine, qui a commenc\u00e9 des ann\u00e9es avant la cr\u00e9ation d\u2019Isra\u00ebl sur les ruines de la patrie historique palestinienne.<\/p>\n<p>Le retour de la tactique de la gr\u00e8ve g\u00e9n\u00e9rale sugg\u00e8re que la nouvelle r\u00e9volte en Cisjordanie est le r\u00e9sultat direct de la r\u00e9sistance de la classe ouvri\u00e8re. En effet, beaucoup de jeunes combattants palestiniens viennent des camps de r\u00e9fugi\u00e9s ou des quartiers ouvriers.<\/p>\n<p>Leur r\u00e9volte d\u00e9coule de la prise de conscience croissante que les tactiques politiques des \u00e9lites n\u2019ont abouti \u00e0 rien de concret et que les Palestiniens ne peuvent pas compter sur Mahmoud Abbas, qui ne poursuit que son int\u00e9r\u00eat personnel, pour leur lib\u00e9ration.<\/p>\n<p>La r\u00e9volte qui est en train de na\u00eetre ressemble beaucoup \u00e0 l<strong>a r\u00e9volte palestinienne anticoloniale de 1936-1939<\/strong>, ainsi qu\u2019\u00e0 la <strong>premi\u00e8re Intifada<\/strong>, le soul\u00e8vement populaire de 1987. Les Palestiniens de la classe ouvri\u00e8re \u00e9taient \u00e0 l\u2019origine de ces deux \u00e9v\u00e9nements historiques.<\/p>\n<p>Alors que les classes ais\u00e9es ont souvent n\u00e9goci\u00e9, par int\u00e9r\u00eat, des espaces politiques qui leur ont permis d\u2019exister aux c\u00f4t\u00e9s des diff\u00e9rents pouvoirs en place, les Palestiniens de la classe ouvri\u00e8re, qui souffrent le plus du colonialisme et de l\u2019occupation militaire, ont r\u00e9sist\u00e9 collectivement.<\/p>\n<p>L\u2019\u00e9crivain et historien palestinien <a href=\"https:\/\/charleroi-pourlapalestine.be\/index.php\/tag\/ghassan-kanafani\/\"><strong>Ghassan Kanafani<\/strong> <\/a>\u2013 assassin\u00e9 par le Mossad, les services secrets isra\u00e9liens, en juillet 1972 \u2013 a analys\u00e9 les \u00e9v\u00e9nements qui ont conduit \u00e0 la r\u00e9volte palestinienne des ann\u00e9es 1930 dans son essai intitul\u00e9<a href=\"https:\/\/murmures.noblogs.org\/files\/2010\/08\/thawra-36-1939-fi-filastin.pdf\"><strong><em> \u00ab La r\u00e9volte de 1936-1939 en Palestine \u00bb<\/em><\/strong><\/a>, publi\u00e9 peu avant sa mort pr\u00e9matur\u00e9e.<\/p>\n<p>Selon<strong> Kanafani<\/strong>, trois ennemis constituent une <em>\u00ab menace principale \u00bb<\/em> pour le mouvement national palestinien :<\/p>\n<blockquote><p>\u00ab La direction locale, r\u00e9actionnaire; les r\u00e9gimes arabes qui entourent la Palestine et l\u2019ennemi imp\u00e9rialiste-sioniste. \u00bb<\/p>\n<p>\u00ab Le passage d\u2019une soci\u00e9t\u00e9 semi-f\u00e9odale \u00e0 une soci\u00e9t\u00e9 capitaliste s\u2019est accompagn\u00e9 d\u2019une concentration accrue du pouvoir \u00e9conomique entre les mains de la machine sioniste et donc de la soci\u00e9t\u00e9 juive en Palestine. \u00c0 la fin des ann\u00e9es 1930, le prol\u00e9tariat arabe (palestinien) est tomb\u00e9 victime du colonialisme britannique et du capital juif (sioniste), le premier en portant la responsabilit\u00e9 principale \u00bb,<\/p><\/blockquote>\n<p>poursuit Kanafani.<\/p>\n<p>Comme on pouvait s\u2019y attendre, les travailleurs palestiniens sont, une fois encore, en premi\u00e8re ligne de la lutte pour la lib\u00e9ration. Ils semblent parfaitement conscients du fait que le colonialisme de peuplement isra\u00e9lien n\u2019est pas seulement un oppresseur, mais aussi un ennemi de classe.<\/p>\n<p>Le colonialisme de peuplement est souvent d\u00e9fini comme une forme de colonialisme qui vise \u00e0 exploiter les ressources de la terre colonis\u00e9e en l\u2019occupant physiquement, c\u2019est \u00e0 dire en \u00e9liminant <em>simultan\u00e9ment<\/em> et m\u00e9thodiquement la population indig\u00e8ne.<\/p>\n<p>Les travaux de l\u2019historien <strong>Patrick Wolfe<\/strong> ont \u00e9t\u00e9 particuli\u00e8rement \u00e9clairants \u00e0 cet \u00e9gard. Il a soutenu dans son ouvrage fondamental, <em>\u00ab Settler Colonialism and the Elimination of the Native \u00bb,<\/em> que : <em>\u00ab L\u2019\u00e9limination est au c\u0153ur du colonialisme de peuplement. \u00bb<\/em><\/p>\n<p>Cependant, selon Wolfe :<\/p>\n<blockquote><p>\u00ab La logique de l\u2019\u00e9limination ne se limite pas \u00e0 la liquidation sommaire des autochtones, bien qu\u2019elle l\u2019inclue. \u00bb<\/p><\/blockquote>\n<p>La long\u00e9vit\u00e9 des soci\u00e9t\u00e9s coloniales repose sur des facteurs cl\u00e9s qui permettent \u00e0 ces soci\u00e9t\u00e9s de se maintenir sur de longues p\u00e9riodes. L\u2019un de ces facteurs est le contr\u00f4le total des ressources naturelles, qui passe aussi par l\u2019exploitation syst\u00e9matique de la population autochtone en tant que main-d\u2019\u0153uvre bon march\u00e9.<\/p>\n<p><strong>Sai Englert<\/strong> affirme dans \u00ab Settlers, Workers, and the Logic of Accumulation by Dispossession \u00bb que :<\/p>\n<blockquote><p>\u00ab Dans les soci\u00e9t\u00e9s coloniales de peuplement, la lutte de classe interne entre les colons se joue non seulement sur la r\u00e9partition de la richesse que ces colons produisent eux-m\u00eames mais aussi sur la r\u00e9partition du butin accumul\u00e9 par la d\u00e9possession de la population indig\u00e8ne. \u00bb<\/p><\/blockquote>\n<p>La logique d\u2019Englert s\u2019applique au mod\u00e8le sioniste de colonisation de la Palestine, entam\u00e9 bien avant la cr\u00e9ation de l\u2019\u00c9tat d\u2019Isra\u00ebl sur le sol palestinien en 1948. Englert souligne le double objectif du sionisme en s\u2019appuyant sur les travaux de <strong>Gershon Shafir,<\/strong> qui d\u00e9crit le sionisme primitif comme :<\/p>\n<blockquote><p>\u00ab Un mouvement de colonisation qui devait simultan\u00e9ment fournir une terre \u00e0 ses colons et des colons \u00e0 sa terre \u00bb.<\/p><\/blockquote>\n<p>Cependant, comme l\u2019installation des migrants juifs \u2013 pour la plupart venus d\u2019Europe \u2013 en Palestine \u00e9tait un processus long et lent, le sionisme de peuplement a d\u00fb proc\u00e9der par \u00e9tapes.<\/p>\n<p>Dans un premier temps, de la fin du XIXe si\u00e8cle aux ann\u00e9es 1930, le colonialisme sioniste s\u2019est concentr\u00e9 sur l\u2019exploitation de la main-d\u2019\u0153uvre arabe palestinienne indig\u00e8ne, puis sur l\u2019exclusion de cette m\u00eame main-d\u2019\u0153uvre en tant qu\u2019\u00e9tape pr\u00e9paratoire au nettoyage ethnique du peuple palestinien.<\/p>\n<p>Expliquant le mod\u00e8le sioniste \u00e0 ce stade historique, l\u2019historien isra\u00e9lien<strong> Ilan Papp\u00e9<\/strong> \u00e9crit :<\/p>\n<blockquote><p>\u00ab Les premiers sionistes \u00e9taient pleinement conscients que ce processus, celui de l\u2019exploitation de la main-d\u2019\u0153uvre palestinienne n\u2019\u00e9tait qu\u2019une simple \u00e9tape \u2013 une \u2018exploitation temporaire\u2019 \u2013 dans le d\u00e9veloppement de ce que les dirigeants sionistes, David Ben-Gourion et Yitzhak Ben-Zvi, appelaient \u2018avoda ivrit\u2019, \u2018travail h\u00e9bra\u00efque\u2019. \u00bb<\/p>\n<p>\u00ab Mon espoir est qu\u2019en temps voulu, nous (\u2018les travailleurs h\u00e9bra\u00efques\u2019) prendrons une place d\u00e9cisive dans l\u2019\u00e9conomie de la Palestine et dans sa vie collective et sociale \u00bb,<\/p><\/blockquote>\n<p>expliquait Ben-Zvi.<\/p>\n<blockquote><p>\u00ab Il \u00e9tait inutile de pr\u00e9ciser qui devait occuper le r\u00f4le marginal dans l\u2019\u00e9conomie : les Palestiniens qui formaient la grande majorit\u00e9 de la population \u00e0 l\u2019\u00e9poque \u00bb,<\/p><\/blockquote>\n<p>\u00e9crit Papp\u00e9.<\/p>\n<blockquote><p>\u00ab Yaakov Rabinowitz (l\u2019un des fondateurs du parti orthodoxe Agudat Isra\u00ebl), ne voyait aucune contradiction entre le fait de diriger un mouvement \u00e0 pr\u00e9tention socialiste, comme Hapoel Hazair, et de plaider pour un march\u00e9 du travail d\u2019essence coloniale et s\u00e9gr\u00e9gationniste : \u2018L\u2019establishment sioniste devrait d\u00e9fendre les travailleurs juifs contre les Arabes, comme le gouvernement fran\u00e7ais prot\u00e8ge les colonialistes fran\u00e7ais en Alg\u00e9rie contre les indig\u00e8nes\u2019. \u00bb<\/p><\/blockquote>\n<p>L\u2019h\u00e9ritage de ces premiers sionistes continue de d\u00e9finir la relation entre les travailleurs palestiniens et Isra\u00ebl jusqu\u2019\u00e0 aujourd\u2019hui \u2013 une relation bas\u00e9e sur la s\u00e9gr\u00e9gation raciale et l\u2019exploitation.<\/p>\n<p>Le colonialisme de peuplement d\u2019Isra\u00ebl n\u2019a pas chang\u00e9 de nature depuis sa cr\u00e9ation au d\u00e9but du 20e si\u00e8cle. Il n\u2019a jamais cess\u00e9 de s\u2019adonner au nettoyage ethnique de la Palestine et d\u2019usurper les ressources palestiniennes, dont la main-d\u2019\u0153uvre palestinienne.<\/p>\n<p>Toutes les tentatives pour contourner cette exploitation sans merci ont largement \u00e9chou\u00e9 parce que les travailleurs palestiniens sont aussi exploit\u00e9s partout ailleurs dans la r\u00e9gion, que ce soit dans l\u2019espace \u00e9conomique limit\u00e9 et semi-autonome g\u00e9r\u00e9 par l\u2019Autorit\u00e9 palestinienne ou dans les autres pays arabes.<\/p>\n<p>Malgr\u00e9 tout cela, les travailleurs palestiniens continuent de r\u00e9sister \u00e0 leur exploitation de nombreuses mani\u00e8res, notamment en se syndiquant, en faisant gr\u00e8ve, en protestant et en s\u2019opposant \u00e0 l\u2019occupation isra\u00e9lienne.<\/p>\n<p>Il n\u2019est pas surprenant que les diff\u00e9rents soul\u00e8vements palestiniens au fil des ans aient \u00e9t\u00e9 aliment\u00e9s par des Palestiniens de la classe ouvri\u00e8re.<\/p>\n<p>Cette r\u00e9alit\u00e9 nous oblige \u00e0 repenser notre compr\u00e9hension de la lutte palestinienne. Il ne s\u2019agit pas d\u2019un simple <em>\u00ab conflit \u00bb<\/em> sur les politiques, les fronti\u00e8res g\u00e9ographiques ou les narratifs, mais d\u2019un conflit qui repose sur plusieurs strates de lutte de classes \u00e0 l\u2019int\u00e9rieur et \u00e0 l\u2019ext\u00e9rieur de la Palestine.<\/p>\n<p>Ces luttes, comme l\u2019histoire le montre, sont au c\u0153ur m\u00eame de la r\u00e9sistance palestinienne et s\u2019expriment par la gr\u00e8ve et la r\u00e9bellion palestiniennes, depuis les ann\u00e9es 1936-1939 jusqu\u2019\u00e0 aujourd\u2019hui.<\/p>\n<p style=\"text-align: center;\">*****<\/p>\n<p style=\"text-align: left;\"><strong><img loading=\"lazy\" decoding=\"async\" class=\"alignleft wp-image-47458 size-full\" src=\"https:\/\/charleroi-pourlapalestine.be\/wp-content\/uploads\/2022\/11\/Romana-Rubeo.jpg\" alt=\"Romana Rubeo\" width=\"130\" height=\"120\">Romana Rubeo<\/strong> est traductrice freelance et vit en Italie. Elle est titulaire d\u2019une ma\u00eetrise en langues et litt\u00e9ratures \u00e9trang\u00e8res et sp\u00e9cialis\u00e9e en traduction audiovisuelle et journalistique. Passionn\u00e9e de lecture, elle s\u2019int\u00e9resse \u00e0 la musique, \u00e0 la politique et \u00e0 la g\u00e9opolitique.<br \/>\nSuivez ses comptes <a href=\"https:\/\/www.facebook.com\/romana.rubeo\" target=\"_blank\" rel=\"noopener\">Facebook<\/a> et<a href=\"https:\/\/twitter.com\/romanarubeo\" target=\"_blank\" rel=\"noopener\"> Twitter.<\/a><\/p>\n<p><strong><img loading=\"lazy\" decoding=\"async\" class=\"alignleft wp-image-5657 size-thumbnail\" src=\"https:\/\/charleroi-pourlapalestine.be\/wp-content\/uploads\/2020\/02\/Ramzy-Baroud-150x150.jpg\" alt=\"\" width=\"150\" height=\"150\">Ramzy Baroud<\/strong> est journaliste, auteur et r\u00e9dacteur en chef de Palestine Chronicle. Son dernier livre est <em>\u00abThese Chains Will Be Broken: Palestinian Stories of Struggle and Defiance in Israeli Prisons\u00bb<\/em> (Pluto Press). Baroud a un doctorat en \u00e9tudes de la Palestine de l&rsquo;Universit\u00e9 d&rsquo;Exeter et est chercheur associ\u00e9 au Center for Islam and Global Affairs (CIGA)<br \/>\nVisitez son site web: <a href=\"http:\/\/www.ramzybaroud.net\/\" target=\"_blank\" rel=\"noopener\">www.ramzybaroud.net<\/a> et son compte <a href=\"https:\/\/twitter.com\/RamzyBaroud\" target=\"_blank\" rel=\"noopener\">Twitter.<\/a><\/p>\n<p style=\"text-align: center;\">*****<\/p>\n<p>Publi\u00e9 le 5 novembre 2022 sur<a href=\"https:\/\/www.middleeastmonitor.com\/20221105-the-principal-threat-time-to-talk-about-the-palestinian-class-struggle\/\" target=\"_blank\" rel=\"noopener\"> <strong>The Middle East Monitor<\/strong><\/a><br \/>\nTraduction : <strong><a href=\"https:\/\/www.chroniquepalestine.com\/la-lutte-palestinienne-pour-la-liberte-est-aussi-une-lutte-de-classes\/\" target=\"_blank\" rel=\"noopener\">Chronique de Palestine<\/a><\/strong>, Dominique Muselet<\/p>\n<p>&nbsp;<\/p>\n<p>&nbsp;<\/p>\n<p>&nbsp;<\/p>\n<p>&nbsp;<\/p>\n","protected":false},"excerpt":{"rendered":"<p>La lutte de classes est au c\u0153ur m\u00eame de la r\u00e9sistance palestinienne et elle s\u2019exprime par la gr\u00e8ve et la r\u00e9bellion palestinienne depuis les ann\u00e9es 1936-1939 jusqu\u2019\u00e0 aujourd\u2019hui.<\/p>\n","protected":false},"author":1,"featured_media":47452,"comment_status":"closed","ping_status":"closed","sticky":false,"template":"","format":"standard","meta":{"ngg_post_thumbnail":0,"footnotes":""},"categories":[817,852,192,25],"tags":[218],"class_list":["post-47437","post","type-post","status-publish","format-standard","has-post-thumbnail","hentry","category-colonialisme-de-peuplement","category-greves-generales","category-palestine","category-la-resistance-palestinienne","tag-ghassan-kanafani"],"yoast_head":"<!-- This site is optimized with the Yoast SEO plugin v27.3 - https:\/\/yoast.com\/product\/yoast-seo-wordpress\/ -->\n<title>La lutte palestinienne pour la libert\u00e9 est aussi une lutte de classes<\/title>\n<meta name=\"description\" content=\"La lutte de classe est au c\u0153ur m\u00eame de la r\u00e9sistance palestinienne et elle s\u2019exprime par la gr\u00e8ve et la r\u00e9bellion palestinienne\" \/>\n<meta name=\"robots\" content=\"index, follow, max-snippet:-1, max-image-preview:large, max-video-preview:-1\" \/>\n<link rel=\"canonical\" href=\"https:\/\/charleroi-pourlapalestine.be\/index.php\/2022\/11\/16\/la-lutte-palestinienne-pour-la-liberte-est-aussi-une-lutte-de-classe\/\" \/>\n<script type=\"application\/ld+json\" class=\"yoast-schema-graph\">{\"@context\":\"https:\\\/\\\/schema.org\",\"@graph\":[{\"@type\":\"Article\",\"@id\":\"https:\\\/\\\/charleroi-pourlapalestine.be\\\/index.php\\\/2022\\\/11\\\/16\\\/la-lutte-palestinienne-pour-la-liberte-est-aussi-une-lutte-de-classe\\\/#article\",\"isPartOf\":{\"@id\":\"https:\\\/\\\/charleroi-pourlapalestine.be\\\/index.php\\\/2022\\\/11\\\/16\\\/la-lutte-palestinienne-pour-la-liberte-est-aussi-une-lutte-de-classe\\\/\"},\"author\":{\"name\":\"admin1873\",\"@id\":\"https:\\\/\\\/charleroi-pourlapalestine.be\\\/#\\\/schema\\\/person\\\/c19ff515112f1299d8c12671d8fe3faa\"},\"headline\":\"La lutte palestinienne pour la libert\u00e9 est aussi une lutte de classes\",\"datePublished\":\"2022-11-16T10:12:06+00:00\",\"dateModified\":\"2022-11-16T12:51:46+00:00\",\"mainEntityOfPage\":{\"@id\":\"https:\\\/\\\/charleroi-pourlapalestine.be\\\/index.php\\\/2022\\\/11\\\/16\\\/la-lutte-palestinienne-pour-la-liberte-est-aussi-une-lutte-de-classe\\\/\"},\"wordCount\":1774,\"publisher\":{\"@id\":\"https:\\\/\\\/charleroi-pourlapalestine.be\\\/#organization\"},\"image\":{\"@id\":\"https:\\\/\\\/charleroi-pourlapalestine.be\\\/index.php\\\/2022\\\/11\\\/16\\\/la-lutte-palestinienne-pour-la-liberte-est-aussi-une-lutte-de-classe\\\/#primaryimage\"},\"thumbnailUrl\":\"https:\\\/\\\/charleroi-pourlapalestine.be\\\/wp-content\\\/uploads\\\/2022\\\/11\\\/Lutte-de-classes-1.jpg\",\"keywords\":[\"Ghassan Kanafani\"],\"articleSection\":[\"colonialisme de peuplement\",\"Gr\u00e8ves g\u00e9n\u00e9rales\",\"Palestine\",\"R\u00e9sistance\"],\"inLanguage\":\"fr-FR\"},{\"@type\":\"WebPage\",\"@id\":\"https:\\\/\\\/charleroi-pourlapalestine.be\\\/index.php\\\/2022\\\/11\\\/16\\\/la-lutte-palestinienne-pour-la-liberte-est-aussi-une-lutte-de-classe\\\/\",\"url\":\"https:\\\/\\\/charleroi-pourlapalestine.be\\\/index.php\\\/2022\\\/11\\\/16\\\/la-lutte-palestinienne-pour-la-liberte-est-aussi-une-lutte-de-classe\\\/\",\"name\":\"La lutte palestinienne pour la libert\u00e9 est aussi une lutte de classes\",\"isPartOf\":{\"@id\":\"https:\\\/\\\/charleroi-pourlapalestine.be\\\/#website\"},\"primaryImageOfPage\":{\"@id\":\"https:\\\/\\\/charleroi-pourlapalestine.be\\\/index.php\\\/2022\\\/11\\\/16\\\/la-lutte-palestinienne-pour-la-liberte-est-aussi-une-lutte-de-classe\\\/#primaryimage\"},\"image\":{\"@id\":\"https:\\\/\\\/charleroi-pourlapalestine.be\\\/index.php\\\/2022\\\/11\\\/16\\\/la-lutte-palestinienne-pour-la-liberte-est-aussi-une-lutte-de-classe\\\/#primaryimage\"},\"thumbnailUrl\":\"https:\\\/\\\/charleroi-pourlapalestine.be\\\/wp-content\\\/uploads\\\/2022\\\/11\\\/Lutte-de-classes-1.jpg\",\"datePublished\":\"2022-11-16T10:12:06+00:00\",\"dateModified\":\"2022-11-16T12:51:46+00:00\",\"description\":\"La lutte de classe est au c\u0153ur m\u00eame de la r\u00e9sistance palestinienne et elle s\u2019exprime par la gr\u00e8ve et la r\u00e9bellion palestinienne\",\"breadcrumb\":{\"@id\":\"https:\\\/\\\/charleroi-pourlapalestine.be\\\/index.php\\\/2022\\\/11\\\/16\\\/la-lutte-palestinienne-pour-la-liberte-est-aussi-une-lutte-de-classe\\\/#breadcrumb\"},\"inLanguage\":\"fr-FR\",\"potentialAction\":[{\"@type\":\"ReadAction\",\"target\":[\"https:\\\/\\\/charleroi-pourlapalestine.be\\\/index.php\\\/2022\\\/11\\\/16\\\/la-lutte-palestinienne-pour-la-liberte-est-aussi-une-lutte-de-classe\\\/\"]}]},{\"@type\":\"ImageObject\",\"inLanguage\":\"fr-FR\",\"@id\":\"https:\\\/\\\/charleroi-pourlapalestine.be\\\/index.php\\\/2022\\\/11\\\/16\\\/la-lutte-palestinienne-pour-la-liberte-est-aussi-une-lutte-de-classe\\\/#primaryimage\",\"url\":\"https:\\\/\\\/charleroi-pourlapalestine.be\\\/wp-content\\\/uploads\\\/2022\\\/11\\\/Lutte-de-classes-1.jpg\",\"contentUrl\":\"https:\\\/\\\/charleroi-pourlapalestine.be\\\/wp-content\\\/uploads\\\/2022\\\/11\\\/Lutte-de-classes-1.jpg\",\"width\":740,\"height\":493,\"caption\":\"Palestinians with Israeli citizenship, some holding Palestinian flags, take part in a large protest during a general strike in solidarity with Palestinians in Jerusalem, West Bank and Gaza, in the northern town of Sakhnin, on October 13, 2015. Palestinians call for a Day of Rage following restrictions on Al Aqsa and recent violent attacks of both Israelis and Palestinians.\"},{\"@type\":\"BreadcrumbList\",\"@id\":\"https:\\\/\\\/charleroi-pourlapalestine.be\\\/index.php\\\/2022\\\/11\\\/16\\\/la-lutte-palestinienne-pour-la-liberte-est-aussi-une-lutte-de-classe\\\/#breadcrumb\",\"itemListElement\":[{\"@type\":\"ListItem\",\"position\":1,\"name\":\"Accueil\",\"item\":\"https:\\\/\\\/charleroi-pourlapalestine.be\\\/\"},{\"@type\":\"ListItem\",\"position\":2,\"name\":\"La lutte palestinienne pour la libert\u00e9 est aussi une lutte de classes\"}]},{\"@type\":\"WebSite\",\"@id\":\"https:\\\/\\\/charleroi-pourlapalestine.be\\\/#website\",\"url\":\"https:\\\/\\\/charleroi-pourlapalestine.be\\\/\",\"name\":\"Charleroi Pour la Palestine\",\"description\":\"\",\"publisher\":{\"@id\":\"https:\\\/\\\/charleroi-pourlapalestine.be\\\/#organization\"},\"potentialAction\":[{\"@type\":\"SearchAction\",\"target\":{\"@type\":\"EntryPoint\",\"urlTemplate\":\"https:\\\/\\\/charleroi-pourlapalestine.be\\\/?s={search_term_string}\"},\"query-input\":{\"@type\":\"PropertyValueSpecification\",\"valueRequired\":true,\"valueName\":\"search_term_string\"}}],\"inLanguage\":\"fr-FR\"},{\"@type\":\"Organization\",\"@id\":\"https:\\\/\\\/charleroi-pourlapalestine.be\\\/#organization\",\"name\":\"Plate-forme Charleroi-Palestine\",\"url\":\"https:\\\/\\\/charleroi-pourlapalestine.be\\\/\",\"logo\":{\"@type\":\"ImageObject\",\"inLanguage\":\"fr-FR\",\"@id\":\"https:\\\/\\\/charleroi-pourlapalestine.be\\\/#\\\/schema\\\/logo\\\/image\\\/\",\"url\":\"https:\\\/\\\/charleroi-pourlapalestine.be\\\/wp-content\\\/uploads\\\/2020\\\/01\\\/logo-Copy.jpg\",\"contentUrl\":\"https:\\\/\\\/charleroi-pourlapalestine.be\\\/wp-content\\\/uploads\\\/2020\\\/01\\\/logo-Copy.jpg\",\"width\":180,\"height\":180,\"caption\":\"Plate-forme Charleroi-Palestine\"},\"image\":{\"@id\":\"https:\\\/\\\/charleroi-pourlapalestine.be\\\/#\\\/schema\\\/logo\\\/image\\\/\"},\"sameAs\":[\"https:\\\/\\\/www.facebook.com\\\/PlateformeCharleroiPalestine\\\/\",\"https:\\\/\\\/x.com\\\/LaCharleroi\"]},{\"@type\":\"Person\",\"@id\":\"https:\\\/\\\/charleroi-pourlapalestine.be\\\/#\\\/schema\\\/person\\\/c19ff515112f1299d8c12671d8fe3faa\",\"name\":\"admin1873\",\"url\":\"https:\\\/\\\/charleroi-pourlapalestine.be\\\/index.php\\\/author\\\/admin1873\\\/\"}]}<\/script>\n<!-- \/ Yoast SEO plugin. -->","yoast_head_json":{"title":"La lutte palestinienne pour la libert\u00e9 est aussi une lutte de classes","description":"La lutte de classe est au c\u0153ur m\u00eame de la r\u00e9sistance palestinienne et elle s\u2019exprime par la gr\u00e8ve et la r\u00e9bellion palestinienne","robots":{"index":"index","follow":"follow","max-snippet":"max-snippet:-1","max-image-preview":"max-image-preview:large","max-video-preview":"max-video-preview:-1"},"canonical":"https:\/\/charleroi-pourlapalestine.be\/index.php\/2022\/11\/16\/la-lutte-palestinienne-pour-la-liberte-est-aussi-une-lutte-de-classe\/","schema":{"@context":"https:\/\/schema.org","@graph":[{"@type":"Article","@id":"https:\/\/charleroi-pourlapalestine.be\/index.php\/2022\/11\/16\/la-lutte-palestinienne-pour-la-liberte-est-aussi-une-lutte-de-classe\/#article","isPartOf":{"@id":"https:\/\/charleroi-pourlapalestine.be\/index.php\/2022\/11\/16\/la-lutte-palestinienne-pour-la-liberte-est-aussi-une-lutte-de-classe\/"},"author":{"name":"admin1873","@id":"https:\/\/charleroi-pourlapalestine.be\/#\/schema\/person\/c19ff515112f1299d8c12671d8fe3faa"},"headline":"La lutte palestinienne pour la libert\u00e9 est aussi une lutte de classes","datePublished":"2022-11-16T10:12:06+00:00","dateModified":"2022-11-16T12:51:46+00:00","mainEntityOfPage":{"@id":"https:\/\/charleroi-pourlapalestine.be\/index.php\/2022\/11\/16\/la-lutte-palestinienne-pour-la-liberte-est-aussi-une-lutte-de-classe\/"},"wordCount":1774,"publisher":{"@id":"https:\/\/charleroi-pourlapalestine.be\/#organization"},"image":{"@id":"https:\/\/charleroi-pourlapalestine.be\/index.php\/2022\/11\/16\/la-lutte-palestinienne-pour-la-liberte-est-aussi-une-lutte-de-classe\/#primaryimage"},"thumbnailUrl":"https:\/\/charleroi-pourlapalestine.be\/wp-content\/uploads\/2022\/11\/Lutte-de-classes-1.jpg","keywords":["Ghassan Kanafani"],"articleSection":["colonialisme de peuplement","Gr\u00e8ves g\u00e9n\u00e9rales","Palestine","R\u00e9sistance"],"inLanguage":"fr-FR"},{"@type":"WebPage","@id":"https:\/\/charleroi-pourlapalestine.be\/index.php\/2022\/11\/16\/la-lutte-palestinienne-pour-la-liberte-est-aussi-une-lutte-de-classe\/","url":"https:\/\/charleroi-pourlapalestine.be\/index.php\/2022\/11\/16\/la-lutte-palestinienne-pour-la-liberte-est-aussi-une-lutte-de-classe\/","name":"La lutte palestinienne pour la libert\u00e9 est aussi une lutte de classes","isPartOf":{"@id":"https:\/\/charleroi-pourlapalestine.be\/#website"},"primaryImageOfPage":{"@id":"https:\/\/charleroi-pourlapalestine.be\/index.php\/2022\/11\/16\/la-lutte-palestinienne-pour-la-liberte-est-aussi-une-lutte-de-classe\/#primaryimage"},"image":{"@id":"https:\/\/charleroi-pourlapalestine.be\/index.php\/2022\/11\/16\/la-lutte-palestinienne-pour-la-liberte-est-aussi-une-lutte-de-classe\/#primaryimage"},"thumbnailUrl":"https:\/\/charleroi-pourlapalestine.be\/wp-content\/uploads\/2022\/11\/Lutte-de-classes-1.jpg","datePublished":"2022-11-16T10:12:06+00:00","dateModified":"2022-11-16T12:51:46+00:00","description":"La lutte de classe est au c\u0153ur m\u00eame de la r\u00e9sistance palestinienne et elle s\u2019exprime par la gr\u00e8ve et la r\u00e9bellion palestinienne","breadcrumb":{"@id":"https:\/\/charleroi-pourlapalestine.be\/index.php\/2022\/11\/16\/la-lutte-palestinienne-pour-la-liberte-est-aussi-une-lutte-de-classe\/#breadcrumb"},"inLanguage":"fr-FR","potentialAction":[{"@type":"ReadAction","target":["https:\/\/charleroi-pourlapalestine.be\/index.php\/2022\/11\/16\/la-lutte-palestinienne-pour-la-liberte-est-aussi-une-lutte-de-classe\/"]}]},{"@type":"ImageObject","inLanguage":"fr-FR","@id":"https:\/\/charleroi-pourlapalestine.be\/index.php\/2022\/11\/16\/la-lutte-palestinienne-pour-la-liberte-est-aussi-une-lutte-de-classe\/#primaryimage","url":"https:\/\/charleroi-pourlapalestine.be\/wp-content\/uploads\/2022\/11\/Lutte-de-classes-1.jpg","contentUrl":"https:\/\/charleroi-pourlapalestine.be\/wp-content\/uploads\/2022\/11\/Lutte-de-classes-1.jpg","width":740,"height":493,"caption":"Palestinians with Israeli citizenship, some holding Palestinian flags, take part in a large protest during a general strike in solidarity with Palestinians in Jerusalem, West Bank and Gaza, in the northern town of Sakhnin, on October 13, 2015. Palestinians call for a Day of Rage following restrictions on Al Aqsa and recent violent attacks of both Israelis and Palestinians."},{"@type":"BreadcrumbList","@id":"https:\/\/charleroi-pourlapalestine.be\/index.php\/2022\/11\/16\/la-lutte-palestinienne-pour-la-liberte-est-aussi-une-lutte-de-classe\/#breadcrumb","itemListElement":[{"@type":"ListItem","position":1,"name":"Accueil","item":"https:\/\/charleroi-pourlapalestine.be\/"},{"@type":"ListItem","position":2,"name":"La lutte palestinienne pour la libert\u00e9 est aussi une lutte de classes"}]},{"@type":"WebSite","@id":"https:\/\/charleroi-pourlapalestine.be\/#website","url":"https:\/\/charleroi-pourlapalestine.be\/","name":"Charleroi Pour la Palestine","description":"","publisher":{"@id":"https:\/\/charleroi-pourlapalestine.be\/#organization"},"potentialAction":[{"@type":"SearchAction","target":{"@type":"EntryPoint","urlTemplate":"https:\/\/charleroi-pourlapalestine.be\/?s={search_term_string}"},"query-input":{"@type":"PropertyValueSpecification","valueRequired":true,"valueName":"search_term_string"}}],"inLanguage":"fr-FR"},{"@type":"Organization","@id":"https:\/\/charleroi-pourlapalestine.be\/#organization","name":"Plate-forme Charleroi-Palestine","url":"https:\/\/charleroi-pourlapalestine.be\/","logo":{"@type":"ImageObject","inLanguage":"fr-FR","@id":"https:\/\/charleroi-pourlapalestine.be\/#\/schema\/logo\/image\/","url":"https:\/\/charleroi-pourlapalestine.be\/wp-content\/uploads\/2020\/01\/logo-Copy.jpg","contentUrl":"https:\/\/charleroi-pourlapalestine.be\/wp-content\/uploads\/2020\/01\/logo-Copy.jpg","width":180,"height":180,"caption":"Plate-forme Charleroi-Palestine"},"image":{"@id":"https:\/\/charleroi-pourlapalestine.be\/#\/schema\/logo\/image\/"},"sameAs":["https:\/\/www.facebook.com\/PlateformeCharleroiPalestine\/","https:\/\/x.com\/LaCharleroi"]},{"@type":"Person","@id":"https:\/\/charleroi-pourlapalestine.be\/#\/schema\/person\/c19ff515112f1299d8c12671d8fe3faa","name":"admin1873","url":"https:\/\/charleroi-pourlapalestine.be\/index.php\/author\/admin1873\/"}]}},"_links":{"self":[{"href":"https:\/\/charleroi-pourlapalestine.be\/index.php\/wp-json\/wp\/v2\/posts\/47437","targetHints":{"allow":["GET"]}}],"collection":[{"href":"https:\/\/charleroi-pourlapalestine.be\/index.php\/wp-json\/wp\/v2\/posts"}],"about":[{"href":"https:\/\/charleroi-pourlapalestine.be\/index.php\/wp-json\/wp\/v2\/types\/post"}],"author":[{"embeddable":true,"href":"https:\/\/charleroi-pourlapalestine.be\/index.php\/wp-json\/wp\/v2\/users\/1"}],"replies":[{"embeddable":true,"href":"https:\/\/charleroi-pourlapalestine.be\/index.php\/wp-json\/wp\/v2\/comments?post=47437"}],"version-history":[{"count":0,"href":"https:\/\/charleroi-pourlapalestine.be\/index.php\/wp-json\/wp\/v2\/posts\/47437\/revisions"}],"wp:featuredmedia":[{"embeddable":true,"href":"https:\/\/charleroi-pourlapalestine.be\/index.php\/wp-json\/wp\/v2\/media\/47452"}],"wp:attachment":[{"href":"https:\/\/charleroi-pourlapalestine.be\/index.php\/wp-json\/wp\/v2\/media?parent=47437"}],"wp:term":[{"taxonomy":"category","embeddable":true,"href":"https:\/\/charleroi-pourlapalestine.be\/index.php\/wp-json\/wp\/v2\/categories?post=47437"},{"taxonomy":"post_tag","embeddable":true,"href":"https:\/\/charleroi-pourlapalestine.be\/index.php\/wp-json\/wp\/v2\/tags?post=47437"}],"curies":[{"name":"wp","href":"https:\/\/api.w.org\/{rel}","templated":true}]}}