{"id":47545,"date":"2022-11-19T12:33:48","date_gmt":"2022-11-19T11:33:48","guid":{"rendered":"https:\/\/charleroi-pourlapalestine.be\/?p=47545"},"modified":"2022-11-19T12:33:56","modified_gmt":"2022-11-19T11:33:56","slug":"lenquete-du-fbi-sur-lassassinat-de-shireen-abu-akleh-une-tentative-de-dissimulation","status":"publish","type":"post","link":"https:\/\/charleroi-pourlapalestine.be\/index.php\/2022\/11\/19\/lenquete-du-fbi-sur-lassassinat-de-shireen-abu-akleh-une-tentative-de-dissimulation\/","title":{"rendered":"L\u2019enqu\u00eate du FBI sur l\u2019assassinat de Shireen Abu Akleh : une tentative de dissimulation ?"},"content":{"rendered":"<p>On rapporte que le d\u00e9partement de la Justice \u00e0 Washington a inform\u00e9 son homologue isra\u00e9lien que le FBI enqu\u00eate sur la mort de Shireen Abu Akleh, six mois apr\u00e8s sa mort au moment o\u00f9 elle couvrait un raid militaire isra\u00e9lien dans le nord de la Cisjordanie occup\u00e9e.<\/p>\n<div id=\"attachment_47550\" style=\"width: 810px\" class=\"wp-caption aligncenter\"><img loading=\"lazy\" decoding=\"async\" aria-describedby=\"caption-attachment-47550\" class=\"wp-image-47550 size-full\" src=\"https:\/\/charleroi-pourlapalestine.be\/wp-content\/uploads\/2022\/11\/Les-responsables-israeliens-ont-dit-quils-avaient-ete-informes-que-le-FBI-avait-ouvert-une-enquete-sur-lassassinat-de-Shireen-Abu-Akleh-en-mai-dernier.jpg\" alt=\"Les responsables isra\u00e9liens ont dit qu\u2019ils avaient \u00e9t\u00e9 inform\u00e9s que le FBI avait ouvert une enqu\u00eate sur l\u2019assassinat de Shireen Abu Akleh en mai dernier. (Photo : Rahaf Aziz \/ APA images)\" width=\"800\" height=\"529\" srcset=\"https:\/\/charleroi-pourlapalestine.be\/wp-content\/uploads\/2022\/11\/Les-responsables-israeliens-ont-dit-quils-avaient-ete-informes-que-le-FBI-avait-ouvert-une-enquete-sur-lassassinat-de-Shireen-Abu-Akleh-en-mai-dernier.jpg 800w, https:\/\/charleroi-pourlapalestine.be\/wp-content\/uploads\/2022\/11\/Les-responsables-israeliens-ont-dit-quils-avaient-ete-informes-que-le-FBI-avait-ouvert-une-enquete-sur-lassassinat-de-Shireen-Abu-Akleh-en-mai-dernier-300x198.jpg 300w, https:\/\/charleroi-pourlapalestine.be\/wp-content\/uploads\/2022\/11\/Les-responsables-israeliens-ont-dit-quils-avaient-ete-informes-que-le-FBI-avait-ouvert-une-enquete-sur-lassassinat-de-Shireen-Abu-Akleh-en-mai-dernier-768x508.jpg 768w\" sizes=\"auto, (max-width: 800px) 100vw, 800px\" \/><p id=\"caption-attachment-47550\" class=\"wp-caption-text\">Les responsables isra\u00e9liens ont dit qu\u2019ils avaient \u00e9t\u00e9 inform\u00e9s que le FBI avait ouvert une enqu\u00eate sur l\u2019assassinat de Shireen Abu Akleh en mai dernier. (Photo : Rahaf Aziz \/ APA images)<\/p><\/div>\n<p>&nbsp;<\/p>\n<p><strong><a href=\"https:\/\/charleroi-pourlapalestine.be\/index.php\/tag\/maureen-clare-murphy\/\">Maureen Clare Murphy,<\/a><\/strong> 16 novembre 2022<\/p>\n<p><a href=\"https:\/\/charleroi-pourlapalestine.be\/index.php\/tag\/shireen-abu-akleh\/\"><strong>Shireen Abu Akleh,<\/strong><\/a> de citoyennet\u00e9 am\u00e9ricaine, avait \u00e9t\u00e9 touch\u00e9e \u00e0 la t\u00eate, alors qu\u2019elle portait un casque et un gilet de protection l\u2019identifiant comme faisant partie de la presse.<\/p>\n<p>Les dirigeants isra\u00e9liens disent que le gouvernement va refuser de coop\u00e9rer avec l\u2019enqu\u00eate am\u00e9ricaine. L\u2019arm\u00e9e isra\u00e9lienne a elle-m\u00eame men\u00e9 une enqu\u00eate, concluant que l\u2019un de ses soldats est probablement responsable de ce qu\u2019elle a d\u00e9crit comme l\u2019homicide accidentel de la journaliste.<\/p>\n<p>L\u2019Autorit\u00e9 palestinienne, ainsi que des enqu\u00eates ind\u00e9pendantes men\u00e9es par des organes de presse, des organisations des droits humains et les Nations unies, ont estim\u00e9 que Shireen Abu Akleh avait \u00e9t\u00e9 tu\u00e9e par la balle sciemment ajust\u00e9e d\u2019un tireur d\u2019\u00e9lite isra\u00e9lien, une balle dont <em>Al Jazeera<\/em>, l\u2019employeur de Shireen Abu Akleh, pr\u00e9tend qu\u2019elle a \u00e9t\u00e9 manufactur\u00e9e aux EU.<\/p>\n<p>Le statut de Shireen Abu Akleh qui, en tant que <strong>citoyenne am\u00e9ricaine<\/strong> et <strong>\u00e9minente correspondante d\u2019<em>Al Jazeera<\/em><\/strong> avait \u00e9t\u00e9 tu\u00e9e dans l\u2019exercice de sa profession, a engendr\u00e9 des pressions inhabituelles sur l\u2019administration Biden afin qu\u2019elle lance une enqu\u00eate f\u00e9d\u00e9rale.<\/p>\n<h3><strong>L\u2019imputation de responsabilit\u00e9<\/strong><\/h3>\n<p><strong>La famille de la journaliste<\/strong> a insist\u00e9 inlassablement en faveur de la responsabilisation en rendant visite \u00e0 des d\u00e9put\u00e9s \u00e0 Washington, et ce, apr\u00e8s avoir \u00e9t\u00e9 snob\u00e9e par le pr\u00e9sident <strong>Joe Biden<\/strong> au cours de son voyage en Isra\u00ebl et en Cisjordanie en juillet dernier.<\/p>\n<p>Mardi, <strong>Lina Abu Akleh<\/strong>, la ni\u00e8ce de Shireen, a tweet\u00e9 une d\u00e9claration de sa famille accueillant favorablement les informations \u00e0 propos d\u2019une enqu\u00eate am\u00e9ricaine.<\/p>\n<blockquote><p>\u00ab Notre famille r\u00e9clame d\u00e8s le d\u00e9but une enqu\u00eate am\u00e9ricaine et c\u2019est ce que les \u00c9tats-Unis devraient faire quand un citoyen am\u00e9ricain est tu\u00e9 \u00e0 l\u2019\u00e9tranger, et tout particuli\u00e8rement quand il est tu\u00e9, comme Shireen, par un militaire \u00e9tranger.\u00a0\u00bb<\/p><\/blockquote>\n<blockquote class=\"twitter-tweet\" data-width=\"500\" data-dnt=\"true\">\n<p lang=\"en\" dir=\"ltr\">Our family\u2019s statement on the US opening an Investigation into Shireen\u2019s killing. <a href=\"https:\/\/t.co\/scGFchvWV5\">pic.twitter.com\/scGFchvWV5<\/a><\/p>\n<p>&mdash; Lina Abu Akleh (@LinaAbuAkleh) <a href=\"https:\/\/twitter.com\/LinaAbuAkleh\/status\/1592388625215680512?ref_src=twsrc%5Etfw\">November 15, 2022<\/a><\/p><\/blockquote>\n<p><script async src=\"https:\/\/platform.twitter.com\/widgets.js\" charset=\"utf-8\"><\/script><\/p>\n<blockquote class=\"twitter-tweet\" data-width=\"500\" data-dnt=\"true\">\n<p lang=\"en\" dir=\"ltr\">This is an overdue but necessary and important step in the pursuit of justice and accountability in the shooting death of American citizen and journalist, Shireen Abu Akleh. <a href=\"https:\/\/t.co\/2XMKeRVbRu\">https:\/\/t.co\/2XMKeRVbRu<\/a><\/p>\n<p>&mdash; Senator Chris Van Hollen (@ChrisVanHollen) <a href=\"https:\/\/twitter.com\/ChrisVanHollen\/status\/1592255089829371906?ref_src=twsrc%5Etfw\">November 14, 2022<\/a><\/p><\/blockquote>\n<p><script async src=\"https:\/\/platform.twitter.com\/widgets.js\" charset=\"utf-8\"><\/script><\/p>\n<p><strong>&nbsp;<\/strong><\/p>\n<p>Jusqu\u2019\u00e0 pr\u00e9sent, l\u2019administration am\u00e9ricaine a trait\u00e9 <strong>l\u2019homicide de Shireen Abou Akleh \u2013 comme celui d\u2019environ 200 autres Palestiniens abattus en Cisjordanie et \u00e0 Gaza cette seule ann\u00e9e<\/strong> \u2013 \u00e0 peine plus qu\u2019\u00e0 la fa\u00e7on d\u2019un probl\u00e8me de RP, tout en faisant allusion \u00e0 plusieurs reprises aux m\u00e9canismes d\u2019auto-enqu\u00eate discr\u00e9dit\u00e9s depuis longtemps.<\/p>\n<p>Le d\u00e9partement d\u2019\u00c9tat a annonc\u00e9 le 4 juillet, un jour f\u00e9ri\u00e9 important aux EU, que son enqu\u00eate avait conclu que c\u2019\u00e9tait probablement une balle isra\u00e9lienne qui avait tu\u00e9 Shireen Abu Akleh, mais il ajoutait, sans explication, qu\u2019il n\u2019y avait <em>\u00ab aucune raison de croire \u00bb<\/em> que la journaliste avait \u00e9t\u00e9 cibl\u00e9e d\u00e9lib\u00e9r\u00e9ment<\/p>\n<p>Les US ont insist\u00e9 aupr\u00e8s d\u2019Isra\u00ebl pour qu\u2019il revoie ses r\u00e8gles d\u2019engagement, mais ont subi une rebuffade de Tel-Aviv quand le Premier ministre sortant, <strong>Yair Lapid,<\/strong> a d\u00e9clar\u00e9 p\u00e9remptoirement que<\/p>\n<blockquote><p>\u00ab personne n\u2019allait nous dicter des r\u00e9glementations en mati\u00e8re d\u2019engagement quand nous nous battons pour nos vies \u00bb.<\/p><\/blockquote>\n<p>Lapid a similairement rejet\u00e9 une enqu\u00eate am\u00e9ricaine en d\u00e9clarant, pendant son discours lors de l\u2019inauguration du prochain Parlement d\u2019Isra\u00ebl, mardi, que<\/p>\n<blockquote><p>\u00ab les soldats des FDI [Forces de d\u00e9fense isra\u00e9lienne] ne seront pas interrog\u00e9s par le FBI ni par aucune autre institution ou pays \u00e9tranger, m\u00eame si c\u2019est en toute amiti\u00e9 \u00bb.<\/p>\n<p>\u00ab Nous n\u2019abandonnerons pas les soldats des FDI \u00e0 des enqu\u00eates \u00e9trang\u00e8res et nos protestations muscl\u00e9es ont \u00e9t\u00e9 adress\u00e9es aux Am\u00e9ricains aux niveaux ad\u00e9quats \u00bb,<\/p><\/blockquote>\n<p>a ajout\u00e9 Lapid.<\/p>\n<blockquote class=\"twitter-tweet\" data-width=\"500\" data-dnt=\"true\">\n<p lang=\"en\" dir=\"ltr\">The FBI opening an investigation is the first step towards real accountability for Shireen&#39;s assassination and it is long overdue. Unsurprisingly, the Israeli government is already refusing to cooperate.<\/p>\n<p>&mdash; Congresswoman Rashida Tlaib (@RepRashida) <a href=\"https:\/\/twitter.com\/RepRashida\/status\/1592280389602758662?ref_src=twsrc%5Etfw\">November 14, 2022<\/a><\/p><\/blockquote>\n<p><script async src=\"https:\/\/platform.twitter.com\/widgets.js\" charset=\"utf-8\"><\/script><\/p>\n<p>&nbsp;<\/p>\n<p>Les hauts responsables isra\u00e9liens ont indiqu\u00e9 qu\u2019ils \u00e9taient assur\u00e9s que l\u2019enqu\u00eate du FBI \u00e9tait un geste symbolique mais, comme l\u2019a dit Ben Samuels, un correspondant \u00e0 Washington du quotidien <em>Haaretz<\/em> de Tel-Aviv :<\/p>\n<blockquote><p>\u00ab La d\u00e9cision m\u00eame est une \u00e9tape importante dans une campagne vraiment sans pr\u00e9c\u00e9dent \u00e9manant de membres d\u00e9mocrates du Congr\u00e8s qui poussent une administration d\u00e9mocrate \u00e0 adopter une position ferme contre Isra\u00ebl. \u00bb<\/p><\/blockquote>\n<p>Samuels d\u2019ajouter que, quel que soit le r\u00e9sultat,<\/p>\n<blockquote><p>\u00ab la d\u00e9marche est \u00e0 la fois un exemple frappant et un signe avant-coureur de choses \u00e0 venir concernant l\u2019\u00e9volution des relations du Parti d\u00e9mocrate avec Isra\u00ebl \u2013 particuli\u00e8rement quand on voit le Premier ministre attendu Benjamin Netanyahou se mettre \u00e0 constituer une coalition de la droite extr\u00eame sans pr\u00e9c\u00e9dent \u00bb.<\/p><\/blockquote>\n<h3><strong><br \/>\n<em>\u00ab V\u00e9ritablement sans pr\u00e9c\u00e9dent \u00bb<\/em><\/strong><\/h3>\n<p>Lundi, plus d\u2019une douzaine de d\u00e9put\u00e9s d\u00e9mocrates dirig\u00e9s par Andr\u00e9 Carson, de l\u2019Indiana, ont introduit la <strong><em>\u00ab Loi Justice pour Shireen \u00bb<\/em><\/strong> afin de r\u00e9clamer une enqu\u00eate am\u00e9ricaine sur le meurtre de Shireen Abu Akleh.<\/p>\n<p>Plus t\u00f4t, plus de la moiti\u00e9 des d\u00e9mocrates du S\u00e9nat, dirig\u00e9s par Chris Van Hollen du Maryland, avaient sign\u00e9 une lettre demandant une enqu\u00eate du FBI.<\/p>\n<blockquote class=\"twitter-tweet\" data-width=\"500\" data-dnt=\"true\">\n<p lang=\"en\" dir=\"ltr\">If these reports are correct, this is a step in the right direction towards justice and accountability. I\u2019m proud to have introduced the <a href=\"https:\/\/twitter.com\/hashtag\/JusticeForShireen?src=hash&amp;ref_src=twsrc%5Etfw\">#JusticeForShireen<\/a> Act, requiring a US investigation to provide answers into the killing of American citizen, Shireen Abu Akleh. <a href=\"https:\/\/t.co\/5SkBLvmvSS\">https:\/\/t.co\/5SkBLvmvSS<\/a><\/p>\n<p>&mdash; Andr\u00e9 Carson (@RepAndreCarson) <a href=\"https:\/\/twitter.com\/RepAndreCarson\/status\/1592313757300318208?ref_src=twsrc%5Etfw\">November 15, 2022<\/a><\/p><\/blockquote>\n<p><script async src=\"https:\/\/platform.twitter.com\/widgets.js\" charset=\"utf-8\"><\/script><\/p>\n<p>Josh Ruebner, qui enseigne \u00e0 l\u2019Universit\u00e9 de Georgetown et qui \u00e9tudie les relations am\u00e9ricano-isra\u00e9liennes, a d\u00e9clar\u00e9 \u00e0 <em>The Electronic Intifada<\/em> que l\u2019enqu\u00eate du FBI <em>\u00ab est v\u00e9ritablement sans pr\u00e9c\u00e9dent \u00bb.<\/em><\/p>\n<p>Ruebner d\u2019ajouter :<\/p>\n<blockquote><p>\u00ab C\u2019est la premi\u00e8re fois que les EU enqu\u00eatent sur le meurtre par Isra\u00ebl d\u2019une citoyenne am\u00e9ricaine et il est \u00e0 esp\u00e9rer qu\u2019il s\u2019agit d\u2019un tournant vers une situation dans laquelle Isra\u00ebl sera tenu responsable de ses atrocit\u00e9s contre les Palestiniens et de ses violations des lois am\u00e9ricaines. \u00bb<\/p><\/blockquote>\n<p>Il a en outre fait remarquer que, s\u2019il \u00e9tait adopt\u00e9, le projet de loi de Carson<\/p>\n<blockquote><p>\u00ab allait fournir au Congr\u00e8s les informations d\u00e9taill\u00e9es afin de tenir Isra\u00ebl responsable des violations des lois am\u00e9ricaines, ce qui r\u00e9sulterait potentiellement en une interruption des livraisons d\u2019armes \u00bb.<\/p><\/blockquote>\n<p>Les EU fournissent \u00e0 Isra\u00ebl une base de<strong> 3,8 milliards de USD en assistance militaire annuelle<\/strong>, comme le stipule la loi, apparemment en contradiction avec une autre l\u00e9gislation qui interdit ce genre d\u2019aide \u00e0 des arm\u00e9es \u00e9trang\u00e8res qui violent les droits.<\/p>\n<p>La Loi Leahy, de 1997, interdit aux EU de fournir de l\u2019assistance militaire \u00e0 des unit\u00e9s d\u2019arm\u00e9es \u00e9trang\u00e8res quand on dispose d\u2019informations cr\u00e9dibles disant que ces unit\u00e9s ont viol\u00e9 les droits humains en toute impunit\u00e9.<\/p>\n<blockquote class=\"twitter-tweet\" data-width=\"500\" data-dnt=\"true\">\n<p lang=\"en\" dir=\"ltr\">Welcome step by US to probe <a href=\"https:\/\/twitter.com\/hashtag\/ShireenAbuAqla?src=hash&amp;ref_src=twsrc%5Etfw\">#ShireenAbuAqla<\/a>\u2019s killing. Vital US examines use of force standards\/context that gives rise to regular killings of Palestinians &amp; identify perpetrators in chain of command, so they can be held to account. Probes should be norm when US arms fuel abuses. <a href=\"https:\/\/t.co\/h4j9WMLacB\">pic.twitter.com\/h4j9WMLacB<\/a><\/p>\n<p>&mdash; Omar Shakir (@OmarSShakir) <a href=\"https:\/\/twitter.com\/OmarSShakir\/status\/1592534889643249664?ref_src=twsrc%5Etfw\">November 15, 2022<\/a><\/p><\/blockquote>\n<p><script async src=\"https:\/\/platform.twitter.com\/widgets.js\" charset=\"utf-8\"><\/script><\/p>\n<blockquote class=\"twitter-tweet\" data-width=\"500\" data-dnt=\"true\">\n<p lang=\"en\" dir=\"ltr\">It&#39;s been six months since the Israeli military shot and killed Palestinian American journalist Shireen Abu Akleh. This is a welcome development, but let&#39;s be clear: an investigation is the minimum. The demand is accountability. <a href=\"https:\/\/twitter.com\/hashtag\/JusticeForShireen?src=hash&amp;ref_src=twsrc%5Etfw\">#JusticeForShireen<\/a><a href=\"https:\/\/t.co\/lO4Xsl7VOs\">https:\/\/t.co\/lO4Xsl7VOs<\/a><\/p>\n<p>&mdash; Jewish Voice for Peace Action (@JvpAction) <a href=\"https:\/\/twitter.com\/JvpAction\/status\/1592261672198373376?ref_src=twsrc%5Etfw\">November 14, 2022<\/a><\/p><\/blockquote>\n<p><script async src=\"https:\/\/platform.twitter.com\/widgets.js\" charset=\"utf-8\"><\/script><\/p>\n<blockquote class=\"twitter-tweet\" data-width=\"500\" data-dnt=\"true\">\n<p lang=\"en\" dir=\"ltr\">This is huge, huge news. It doesn&#39;t mean that the Israeli sniper who killed Shireen will necessarily end up in a federal prison, but it signals a very significant shift in approach from Washington. <a href=\"https:\/\/t.co\/yk4mRlzutE\">https:\/\/t.co\/yk4mRlzutE<\/a><\/p>\n<p>&mdash; Mike S. Omer-Man (@MikeOmerMan) <a href=\"https:\/\/twitter.com\/MikeOmerMan\/status\/1592258289542533120?ref_src=twsrc%5Etfw\">November 14, 2022<\/a><\/p><\/blockquote>\n<p><script async src=\"https:\/\/platform.twitter.com\/widgets.js\" charset=\"utf-8\"><\/script><\/p>\n<p>Le <strong>Comit\u00e9 de protection des journalistes<\/strong> a accueilli les rapports d\u2019une enqu\u00eate du FBI comme une<\/p>\n<blockquote><p>\u00ab premi\u00e8re \u00e9tape tardive mais importante vers l\u2019obtention potentielle de la justice dans cette affaire \u00bb.<\/p><\/blockquote>\n<p>&nbsp;<\/p>\n<h3><em><strong>\u00ab Une incapacit\u00e9 de garantir la justice \u00bb<\/strong><\/em><\/h3>\n<p>Le Comit\u00e9 national BDS palestinien, l\u2019institution pilote du mouvement de boycott, d\u00e9sinvestissement et sanctions, a d\u00e9clar\u00e9 que l\u2019enqu\u00eate du FBI <em>\u00ab ne devait pas se terminer comme une nouvelle tentative de dissimulation \u00bb.<\/em><\/p>\n<p>Le BNC a fait remarquer que<\/p>\n<blockquote><p>\u00ab l\u2019incapacit\u00e9 du FBI de garantir la justice dans de pr\u00e9c\u00e9dentes affaires de meurtre d\u2019Am\u00e9ricains arabes impliquant Isra\u00ebl n\u2019\u00e9tait pas de bon augure pour son enqu\u00eate actuelle \u00bb,<\/p><\/blockquote>\n<p>une r\u00e9f\u00e9rence apparente \u00e0 l\u2019assassinat en 1985 du dirigeant des droits civiques <strong>Alex Odeh<\/strong> \u00e0 Santa Ana, en Californie.<\/p>\n<p>L\u2019un des principaux suspects du FBI dans ce crime est <strong>Baruch Ben Yosef,<\/strong> un disciple du rabbin <strong>Meir Kahane,<\/strong> dont les enseignements ont inspir\u00e9, en 1994, le massacre de la mosqu\u00e9e Ibrahimi qui avait laiss\u00e9 sans vie 29 Palestiniens, hommes et gar\u00e7ons, sur le site sacr\u00e9 de H\u00e9bron.<\/p>\n<p>Non seulement Ben Yosef vit aujourd\u2019hui en libert\u00e9 en Isra\u00ebl, mais <strong>Itamar Ben-Gvir<\/strong>, un supr\u00e9maciste juif et disciple de Kahane, est actuellement faiseur de roi dans le nouveau gouvernement de coalition d\u2019ultra-droite dirig\u00e9 par Benjamin Netanyahou.<\/p>\n<blockquote class=\"twitter-tweet\" data-width=\"500\" data-dnt=\"true\">\n<p lang=\"en\" dir=\"ltr\">If confirmed this would certainly be an unprecedented development. Very unclear if Israeli authorities would fully cooperate with the FBI. Another question is to what extent it will be a thorough and genuine investigation not an attempt to block ICC jurisdiction and examination. <a href=\"https:\/\/t.co\/6GdkRyIXIN\">https:\/\/t.co\/6GdkRyIXIN<\/a><\/p>\n<p>&mdash; Jamil Dakwar (@jdakwar) <a href=\"https:\/\/twitter.com\/jdakwar\/status\/1592252919390375937?ref_src=twsrc%5Etfw\">November 14, 2022<\/a><\/p><\/blockquote>\n<p><script async src=\"https:\/\/platform.twitter.com\/widgets.js\" charset=\"utf-8\"><\/script><\/p>\n<p>&nbsp;<\/p>\n<p>Pendant ce temps, <strong>l\u2019administration Biden s\u2019oppose \u00e0 une enqu\u00eate sur l\u2019assassinat de Shireen Abu Akleh par la Cour p\u00e9nale internationale (CPI).<\/strong> Le porte-parole du d\u00e9partement d\u2019\u00c9tat, Ned Price, a d\u00e9clar\u00e9 que ce n\u2019\u00e9tait pas \u00ab<em> une d\u00e9marche appropri\u00e9e \u00bb<\/em>. Pourtant, au cours du m\u00eame briefing de presse, Price a dit que la Maison-Blanche avait accueilli favorablement l\u2019enqu\u00eate de La Haye sur les crimes de guerre en <strong>Ukraine.<\/strong><\/p>\n<p>La semaine derni\u00e8re, les EU ont vot\u00e9 <strong>contre une r\u00e9solution de l\u2019ONU<\/strong> r\u00e9clamant un avis consultatif non contraignant de la part de la Cour p\u00e9nale internationale \u00e0 propos de <strong>l\u2019occupation et la colonisation prolong\u00e9es par Isra\u00ebl de la Cisjordanie et de la bande de Gaza.<\/strong><\/p>\n<p>La mesure, introduite par le comit\u00e9 de d\u00e9colonisation de l\u2019institution mondiale, a \u00e9t\u00e9 approuv\u00e9e par une large majorit\u00e9 : 98 pays ont vot\u00e9 pour, 52 se sont abstenus et 17 ont vot\u00e9 contre. La r\u00e9solution ira \u00e0 l\u2019<strong>Assembl\u00e9e g\u00e9n\u00e9rale<\/strong> pour un vote final.<\/p>\n<p>&nbsp;<\/p>\n<p style=\"text-align: center;\">*****&nbsp;&nbsp;&nbsp;&nbsp;&nbsp;&nbsp;&nbsp;&nbsp;&nbsp;&nbsp;&nbsp;&nbsp;&nbsp;&nbsp;<\/p>\n<p><a href=\"https:\/\/charleroi-pourlapalestine.be\/index.php\/tag\/maureen-clare-murphy\/\"><strong><img loading=\"lazy\" decoding=\"async\" class=\"alignleft wp-image-45540 size-full\" src=\"https:\/\/charleroi-pourlapalestine.be\/wp-content\/uploads\/2022\/10\/Maureen-Clare-Murphy-e1665914569514.jpg\" sizes=\"auto, (max-width: 150px) 100vw, 150px\" srcset=\"https:\/\/charleroi-pourlapalestine.be\/wp-content\/uploads\/2022\/10\/Maureen-Clare-Murphy-e1665914569514.jpg 150w, https:\/\/charleroi-pourlapalestine.be\/wp-content\/uploads\/2022\/10\/Maureen-Clare-Murphy-e1665914569514-80x80.jpg 80w\" alt=\"\" width=\"150\" height=\"150\">Maureen Clare Murphy<\/strong><\/a> est r\u00e9dactrice en chef de <em>The Electronic Intifada.<\/em><\/p>\n<div class=\"pf-content\">\n<h3 class=\"iw fittexted_for_content_h3\">&nbsp;<\/h3>\n<p>&nbsp;<\/p>\n<p>&nbsp;<\/p>\n<p style=\"text-align: center;\">*****<\/p>\n<p>Publi\u00e9 le 16 novembre 2022 sur <a href=\"https:\/\/electronicintifada.net\/blogs\/maureen-clare-murphy\/will-fbi-probe-abu-akleh-killing-be-cover\" target=\"_blank\" rel=\"noopener\">The Electronic Intifada<\/a><strong><br \/>\n<\/strong>Traduction : Jean-Marie Fl\u00e9mal,<a href=\"https:\/\/charleroi-pourlapalestine.be\/\"> Charleroi<\/a><a href=\"https:\/\/charleroi-pourlapalestine.be\/\"> p<\/a><a href=\"https:\/\/charleroi-pourlapalestine.be\/\">our<\/a><a href=\"https:\/\/charleroi-pourlapalestine.be\/\"> la Palestine<\/a><\/p>\n<\/div>\n<p>&nbsp;<\/p>\n","protected":false},"excerpt":{"rendered":"<p>Pendant ce temps, l\u2019administration Biden s\u2019oppose \u00e0 une enqu\u00eate sur l\u2019assassinat de Shireen Abu Akleh par la Cour p\u00e9nale internationale (CPI).<\/p>\n","protected":false},"author":1,"featured_media":47550,"comment_status":"closed","ping_status":"closed","sticky":false,"template":"","format":"standard","meta":{"ngg_post_thumbnail":0,"footnotes":""},"categories":[209,40,52,50],"tags":[809],"class_list":["post-47545","post","type-post","status-publish","format-standard","has-post-thumbnail","hentry","category-cpi","category-les-crimes-de-guerre","category-la-cour-penale-internationale","category-les-nations-unies","tag-shireen-abu-akleh"],"yoast_head":"<!-- This site is optimized with the Yoast SEO plugin v27.3 - https:\/\/yoast.com\/product\/yoast-seo-wordpress\/ -->\n<title>L\u2019enqu\u00eate du FBI sur l\u2019assassinat de Shireen Abu Akleh : une tentative de dissimulation ?<\/title>\n<meta name=\"description\" content=\"Le d\u00e9partement de la Justice \u00e0 Washington a inform\u00e9 son homologue isra\u00e9lien que le FBI enqu\u00eate sur la mort de Shireen Abu Akleh\" \/>\n<meta name=\"robots\" content=\"index, follow, max-snippet:-1, max-image-preview:large, max-video-preview:-1\" \/>\n<link rel=\"canonical\" href=\"https:\/\/charleroi-pourlapalestine.be\/index.php\/2022\/11\/19\/lenquete-du-fbi-sur-lassassinat-de-shireen-abu-akleh-une-tentative-de-dissimulation\/\" \/>\n<script type=\"application\/ld+json\" class=\"yoast-schema-graph\">{\"@context\":\"https:\\\/\\\/schema.org\",\"@graph\":[{\"@type\":\"Article\",\"@id\":\"https:\\\/\\\/charleroi-pourlapalestine.be\\\/index.php\\\/2022\\\/11\\\/19\\\/lenquete-du-fbi-sur-lassassinat-de-shireen-abu-akleh-une-tentative-de-dissimulation\\\/#article\",\"isPartOf\":{\"@id\":\"https:\\\/\\\/charleroi-pourlapalestine.be\\\/index.php\\\/2022\\\/11\\\/19\\\/lenquete-du-fbi-sur-lassassinat-de-shireen-abu-akleh-une-tentative-de-dissimulation\\\/\"},\"author\":{\"name\":\"admin1873\",\"@id\":\"https:\\\/\\\/charleroi-pourlapalestine.be\\\/#\\\/schema\\\/person\\\/c19ff515112f1299d8c12671d8fe3faa\"},\"headline\":\"L\u2019enqu\u00eate du FBI sur l\u2019assassinat de Shireen Abu Akleh : une tentative de dissimulation ?\",\"datePublished\":\"2022-11-19T11:33:48+00:00\",\"dateModified\":\"2022-11-19T11:33:56+00:00\",\"mainEntityOfPage\":{\"@id\":\"https:\\\/\\\/charleroi-pourlapalestine.be\\\/index.php\\\/2022\\\/11\\\/19\\\/lenquete-du-fbi-sur-lassassinat-de-shireen-abu-akleh-une-tentative-de-dissimulation\\\/\"},\"wordCount\":1924,\"publisher\":{\"@id\":\"https:\\\/\\\/charleroi-pourlapalestine.be\\\/#organization\"},\"image\":{\"@id\":\"https:\\\/\\\/charleroi-pourlapalestine.be\\\/index.php\\\/2022\\\/11\\\/19\\\/lenquete-du-fbi-sur-lassassinat-de-shireen-abu-akleh-une-tentative-de-dissimulation\\\/#primaryimage\"},\"thumbnailUrl\":\"https:\\\/\\\/charleroi-pourlapalestine.be\\\/wp-content\\\/uploads\\\/2022\\\/11\\\/Les-responsables-israeliens-ont-dit-quils-avaient-ete-informes-que-le-FBI-avait-ouvert-une-enquete-sur-lassassinat-de-Shireen-Abu-Akleh-en-mai-dernier.jpg\",\"keywords\":[\"Shireen Abu Akleh\"],\"articleSection\":[\"CPI\",\"Crimes de guerre\",\"Etats-Unis\",\"Nations Unies\"],\"inLanguage\":\"fr-FR\"},{\"@type\":\"WebPage\",\"@id\":\"https:\\\/\\\/charleroi-pourlapalestine.be\\\/index.php\\\/2022\\\/11\\\/19\\\/lenquete-du-fbi-sur-lassassinat-de-shireen-abu-akleh-une-tentative-de-dissimulation\\\/\",\"url\":\"https:\\\/\\\/charleroi-pourlapalestine.be\\\/index.php\\\/2022\\\/11\\\/19\\\/lenquete-du-fbi-sur-lassassinat-de-shireen-abu-akleh-une-tentative-de-dissimulation\\\/\",\"name\":\"L\u2019enqu\u00eate du FBI sur l\u2019assassinat de Shireen Abu Akleh : une tentative de dissimulation ?\",\"isPartOf\":{\"@id\":\"https:\\\/\\\/charleroi-pourlapalestine.be\\\/#website\"},\"primaryImageOfPage\":{\"@id\":\"https:\\\/\\\/charleroi-pourlapalestine.be\\\/index.php\\\/2022\\\/11\\\/19\\\/lenquete-du-fbi-sur-lassassinat-de-shireen-abu-akleh-une-tentative-de-dissimulation\\\/#primaryimage\"},\"image\":{\"@id\":\"https:\\\/\\\/charleroi-pourlapalestine.be\\\/index.php\\\/2022\\\/11\\\/19\\\/lenquete-du-fbi-sur-lassassinat-de-shireen-abu-akleh-une-tentative-de-dissimulation\\\/#primaryimage\"},\"thumbnailUrl\":\"https:\\\/\\\/charleroi-pourlapalestine.be\\\/wp-content\\\/uploads\\\/2022\\\/11\\\/Les-responsables-israeliens-ont-dit-quils-avaient-ete-informes-que-le-FBI-avait-ouvert-une-enquete-sur-lassassinat-de-Shireen-Abu-Akleh-en-mai-dernier.jpg\",\"datePublished\":\"2022-11-19T11:33:48+00:00\",\"dateModified\":\"2022-11-19T11:33:56+00:00\",\"description\":\"Le d\u00e9partement de la Justice \u00e0 Washington a inform\u00e9 son homologue isra\u00e9lien que le FBI enqu\u00eate sur la mort de Shireen Abu Akleh\",\"breadcrumb\":{\"@id\":\"https:\\\/\\\/charleroi-pourlapalestine.be\\\/index.php\\\/2022\\\/11\\\/19\\\/lenquete-du-fbi-sur-lassassinat-de-shireen-abu-akleh-une-tentative-de-dissimulation\\\/#breadcrumb\"},\"inLanguage\":\"fr-FR\",\"potentialAction\":[{\"@type\":\"ReadAction\",\"target\":[\"https:\\\/\\\/charleroi-pourlapalestine.be\\\/index.php\\\/2022\\\/11\\\/19\\\/lenquete-du-fbi-sur-lassassinat-de-shireen-abu-akleh-une-tentative-de-dissimulation\\\/\"]}]},{\"@type\":\"ImageObject\",\"inLanguage\":\"fr-FR\",\"@id\":\"https:\\\/\\\/charleroi-pourlapalestine.be\\\/index.php\\\/2022\\\/11\\\/19\\\/lenquete-du-fbi-sur-lassassinat-de-shireen-abu-akleh-une-tentative-de-dissimulation\\\/#primaryimage\",\"url\":\"https:\\\/\\\/charleroi-pourlapalestine.be\\\/wp-content\\\/uploads\\\/2022\\\/11\\\/Les-responsables-israeliens-ont-dit-quils-avaient-ete-informes-que-le-FBI-avait-ouvert-une-enquete-sur-lassassinat-de-Shireen-Abu-Akleh-en-mai-dernier.jpg\",\"contentUrl\":\"https:\\\/\\\/charleroi-pourlapalestine.be\\\/wp-content\\\/uploads\\\/2022\\\/11\\\/Les-responsables-israeliens-ont-dit-quils-avaient-ete-informes-que-le-FBI-avait-ouvert-une-enquete-sur-lassassinat-de-Shireen-Abu-Akleh-en-mai-dernier.jpg\",\"width\":800,\"height\":529,\"caption\":\"Palestinians from Aged Care Association take part in a protest following the death of veteran Al Jazeera journalist Shireen Abu Aqleh, who was, according to the network, shot dead by Israeli troops as she covered a raid on the West Bank's Jenin refugee camp, in Gaza city on May 14, 2022. Abu Akleh, who was shot dead on May 11, 2022 while covering a raid in the West Bank, was among Arab media's most prominent figures and widely hailed for her bravery and professionalism. Photo by Rahaf Aziz\"},{\"@type\":\"BreadcrumbList\",\"@id\":\"https:\\\/\\\/charleroi-pourlapalestine.be\\\/index.php\\\/2022\\\/11\\\/19\\\/lenquete-du-fbi-sur-lassassinat-de-shireen-abu-akleh-une-tentative-de-dissimulation\\\/#breadcrumb\",\"itemListElement\":[{\"@type\":\"ListItem\",\"position\":1,\"name\":\"Accueil\",\"item\":\"https:\\\/\\\/charleroi-pourlapalestine.be\\\/\"},{\"@type\":\"ListItem\",\"position\":2,\"name\":\"L\u2019enqu\u00eate du FBI sur l\u2019assassinat de Shireen Abu Akleh : une tentative de dissimulation ?\"}]},{\"@type\":\"WebSite\",\"@id\":\"https:\\\/\\\/charleroi-pourlapalestine.be\\\/#website\",\"url\":\"https:\\\/\\\/charleroi-pourlapalestine.be\\\/\",\"name\":\"Charleroi Pour la Palestine\",\"description\":\"\",\"publisher\":{\"@id\":\"https:\\\/\\\/charleroi-pourlapalestine.be\\\/#organization\"},\"potentialAction\":[{\"@type\":\"SearchAction\",\"target\":{\"@type\":\"EntryPoint\",\"urlTemplate\":\"https:\\\/\\\/charleroi-pourlapalestine.be\\\/?s={search_term_string}\"},\"query-input\":{\"@type\":\"PropertyValueSpecification\",\"valueRequired\":true,\"valueName\":\"search_term_string\"}}],\"inLanguage\":\"fr-FR\"},{\"@type\":\"Organization\",\"@id\":\"https:\\\/\\\/charleroi-pourlapalestine.be\\\/#organization\",\"name\":\"Plate-forme Charleroi-Palestine\",\"url\":\"https:\\\/\\\/charleroi-pourlapalestine.be\\\/\",\"logo\":{\"@type\":\"ImageObject\",\"inLanguage\":\"fr-FR\",\"@id\":\"https:\\\/\\\/charleroi-pourlapalestine.be\\\/#\\\/schema\\\/logo\\\/image\\\/\",\"url\":\"https:\\\/\\\/charleroi-pourlapalestine.be\\\/wp-content\\\/uploads\\\/2020\\\/01\\\/logo-Copy.jpg\",\"contentUrl\":\"https:\\\/\\\/charleroi-pourlapalestine.be\\\/wp-content\\\/uploads\\\/2020\\\/01\\\/logo-Copy.jpg\",\"width\":180,\"height\":180,\"caption\":\"Plate-forme Charleroi-Palestine\"},\"image\":{\"@id\":\"https:\\\/\\\/charleroi-pourlapalestine.be\\\/#\\\/schema\\\/logo\\\/image\\\/\"},\"sameAs\":[\"https:\\\/\\\/www.facebook.com\\\/PlateformeCharleroiPalestine\\\/\",\"https:\\\/\\\/x.com\\\/LaCharleroi\"]},{\"@type\":\"Person\",\"@id\":\"https:\\\/\\\/charleroi-pourlapalestine.be\\\/#\\\/schema\\\/person\\\/c19ff515112f1299d8c12671d8fe3faa\",\"name\":\"admin1873\",\"url\":\"https:\\\/\\\/charleroi-pourlapalestine.be\\\/index.php\\\/author\\\/admin1873\\\/\"}]}<\/script>\n<!-- \/ Yoast SEO plugin. -->","yoast_head_json":{"title":"L\u2019enqu\u00eate du FBI sur l\u2019assassinat de Shireen Abu Akleh : une tentative de dissimulation ?","description":"Le d\u00e9partement de la Justice \u00e0 Washington a inform\u00e9 son homologue isra\u00e9lien que le FBI enqu\u00eate sur la mort de Shireen Abu Akleh","robots":{"index":"index","follow":"follow","max-snippet":"max-snippet:-1","max-image-preview":"max-image-preview:large","max-video-preview":"max-video-preview:-1"},"canonical":"https:\/\/charleroi-pourlapalestine.be\/index.php\/2022\/11\/19\/lenquete-du-fbi-sur-lassassinat-de-shireen-abu-akleh-une-tentative-de-dissimulation\/","schema":{"@context":"https:\/\/schema.org","@graph":[{"@type":"Article","@id":"https:\/\/charleroi-pourlapalestine.be\/index.php\/2022\/11\/19\/lenquete-du-fbi-sur-lassassinat-de-shireen-abu-akleh-une-tentative-de-dissimulation\/#article","isPartOf":{"@id":"https:\/\/charleroi-pourlapalestine.be\/index.php\/2022\/11\/19\/lenquete-du-fbi-sur-lassassinat-de-shireen-abu-akleh-une-tentative-de-dissimulation\/"},"author":{"name":"admin1873","@id":"https:\/\/charleroi-pourlapalestine.be\/#\/schema\/person\/c19ff515112f1299d8c12671d8fe3faa"},"headline":"L\u2019enqu\u00eate du FBI sur l\u2019assassinat de Shireen Abu Akleh : une tentative de dissimulation ?","datePublished":"2022-11-19T11:33:48+00:00","dateModified":"2022-11-19T11:33:56+00:00","mainEntityOfPage":{"@id":"https:\/\/charleroi-pourlapalestine.be\/index.php\/2022\/11\/19\/lenquete-du-fbi-sur-lassassinat-de-shireen-abu-akleh-une-tentative-de-dissimulation\/"},"wordCount":1924,"publisher":{"@id":"https:\/\/charleroi-pourlapalestine.be\/#organization"},"image":{"@id":"https:\/\/charleroi-pourlapalestine.be\/index.php\/2022\/11\/19\/lenquete-du-fbi-sur-lassassinat-de-shireen-abu-akleh-une-tentative-de-dissimulation\/#primaryimage"},"thumbnailUrl":"https:\/\/charleroi-pourlapalestine.be\/wp-content\/uploads\/2022\/11\/Les-responsables-israeliens-ont-dit-quils-avaient-ete-informes-que-le-FBI-avait-ouvert-une-enquete-sur-lassassinat-de-Shireen-Abu-Akleh-en-mai-dernier.jpg","keywords":["Shireen Abu Akleh"],"articleSection":["CPI","Crimes de guerre","Etats-Unis","Nations Unies"],"inLanguage":"fr-FR"},{"@type":"WebPage","@id":"https:\/\/charleroi-pourlapalestine.be\/index.php\/2022\/11\/19\/lenquete-du-fbi-sur-lassassinat-de-shireen-abu-akleh-une-tentative-de-dissimulation\/","url":"https:\/\/charleroi-pourlapalestine.be\/index.php\/2022\/11\/19\/lenquete-du-fbi-sur-lassassinat-de-shireen-abu-akleh-une-tentative-de-dissimulation\/","name":"L\u2019enqu\u00eate du FBI sur l\u2019assassinat de Shireen Abu Akleh : une tentative de dissimulation ?","isPartOf":{"@id":"https:\/\/charleroi-pourlapalestine.be\/#website"},"primaryImageOfPage":{"@id":"https:\/\/charleroi-pourlapalestine.be\/index.php\/2022\/11\/19\/lenquete-du-fbi-sur-lassassinat-de-shireen-abu-akleh-une-tentative-de-dissimulation\/#primaryimage"},"image":{"@id":"https:\/\/charleroi-pourlapalestine.be\/index.php\/2022\/11\/19\/lenquete-du-fbi-sur-lassassinat-de-shireen-abu-akleh-une-tentative-de-dissimulation\/#primaryimage"},"thumbnailUrl":"https:\/\/charleroi-pourlapalestine.be\/wp-content\/uploads\/2022\/11\/Les-responsables-israeliens-ont-dit-quils-avaient-ete-informes-que-le-FBI-avait-ouvert-une-enquete-sur-lassassinat-de-Shireen-Abu-Akleh-en-mai-dernier.jpg","datePublished":"2022-11-19T11:33:48+00:00","dateModified":"2022-11-19T11:33:56+00:00","description":"Le d\u00e9partement de la Justice \u00e0 Washington a inform\u00e9 son homologue isra\u00e9lien que le FBI enqu\u00eate sur la mort de Shireen Abu Akleh","breadcrumb":{"@id":"https:\/\/charleroi-pourlapalestine.be\/index.php\/2022\/11\/19\/lenquete-du-fbi-sur-lassassinat-de-shireen-abu-akleh-une-tentative-de-dissimulation\/#breadcrumb"},"inLanguage":"fr-FR","potentialAction":[{"@type":"ReadAction","target":["https:\/\/charleroi-pourlapalestine.be\/index.php\/2022\/11\/19\/lenquete-du-fbi-sur-lassassinat-de-shireen-abu-akleh-une-tentative-de-dissimulation\/"]}]},{"@type":"ImageObject","inLanguage":"fr-FR","@id":"https:\/\/charleroi-pourlapalestine.be\/index.php\/2022\/11\/19\/lenquete-du-fbi-sur-lassassinat-de-shireen-abu-akleh-une-tentative-de-dissimulation\/#primaryimage","url":"https:\/\/charleroi-pourlapalestine.be\/wp-content\/uploads\/2022\/11\/Les-responsables-israeliens-ont-dit-quils-avaient-ete-informes-que-le-FBI-avait-ouvert-une-enquete-sur-lassassinat-de-Shireen-Abu-Akleh-en-mai-dernier.jpg","contentUrl":"https:\/\/charleroi-pourlapalestine.be\/wp-content\/uploads\/2022\/11\/Les-responsables-israeliens-ont-dit-quils-avaient-ete-informes-que-le-FBI-avait-ouvert-une-enquete-sur-lassassinat-de-Shireen-Abu-Akleh-en-mai-dernier.jpg","width":800,"height":529,"caption":"Palestinians from Aged Care Association take part in a protest following the death of veteran Al Jazeera journalist Shireen Abu Aqleh, who was, according to the network, shot dead by Israeli troops as she covered a raid on the West Bank's Jenin refugee camp, in Gaza city on May 14, 2022. Abu Akleh, who was shot dead on May 11, 2022 while covering a raid in the West Bank, was among Arab media's most prominent figures and widely hailed for her bravery and professionalism. Photo by Rahaf Aziz"},{"@type":"BreadcrumbList","@id":"https:\/\/charleroi-pourlapalestine.be\/index.php\/2022\/11\/19\/lenquete-du-fbi-sur-lassassinat-de-shireen-abu-akleh-une-tentative-de-dissimulation\/#breadcrumb","itemListElement":[{"@type":"ListItem","position":1,"name":"Accueil","item":"https:\/\/charleroi-pourlapalestine.be\/"},{"@type":"ListItem","position":2,"name":"L\u2019enqu\u00eate du FBI sur l\u2019assassinat de Shireen Abu Akleh : une tentative de dissimulation ?"}]},{"@type":"WebSite","@id":"https:\/\/charleroi-pourlapalestine.be\/#website","url":"https:\/\/charleroi-pourlapalestine.be\/","name":"Charleroi Pour la Palestine","description":"","publisher":{"@id":"https:\/\/charleroi-pourlapalestine.be\/#organization"},"potentialAction":[{"@type":"SearchAction","target":{"@type":"EntryPoint","urlTemplate":"https:\/\/charleroi-pourlapalestine.be\/?s={search_term_string}"},"query-input":{"@type":"PropertyValueSpecification","valueRequired":true,"valueName":"search_term_string"}}],"inLanguage":"fr-FR"},{"@type":"Organization","@id":"https:\/\/charleroi-pourlapalestine.be\/#organization","name":"Plate-forme Charleroi-Palestine","url":"https:\/\/charleroi-pourlapalestine.be\/","logo":{"@type":"ImageObject","inLanguage":"fr-FR","@id":"https:\/\/charleroi-pourlapalestine.be\/#\/schema\/logo\/image\/","url":"https:\/\/charleroi-pourlapalestine.be\/wp-content\/uploads\/2020\/01\/logo-Copy.jpg","contentUrl":"https:\/\/charleroi-pourlapalestine.be\/wp-content\/uploads\/2020\/01\/logo-Copy.jpg","width":180,"height":180,"caption":"Plate-forme Charleroi-Palestine"},"image":{"@id":"https:\/\/charleroi-pourlapalestine.be\/#\/schema\/logo\/image\/"},"sameAs":["https:\/\/www.facebook.com\/PlateformeCharleroiPalestine\/","https:\/\/x.com\/LaCharleroi"]},{"@type":"Person","@id":"https:\/\/charleroi-pourlapalestine.be\/#\/schema\/person\/c19ff515112f1299d8c12671d8fe3faa","name":"admin1873","url":"https:\/\/charleroi-pourlapalestine.be\/index.php\/author\/admin1873\/"}]}},"_links":{"self":[{"href":"https:\/\/charleroi-pourlapalestine.be\/index.php\/wp-json\/wp\/v2\/posts\/47545","targetHints":{"allow":["GET"]}}],"collection":[{"href":"https:\/\/charleroi-pourlapalestine.be\/index.php\/wp-json\/wp\/v2\/posts"}],"about":[{"href":"https:\/\/charleroi-pourlapalestine.be\/index.php\/wp-json\/wp\/v2\/types\/post"}],"author":[{"embeddable":true,"href":"https:\/\/charleroi-pourlapalestine.be\/index.php\/wp-json\/wp\/v2\/users\/1"}],"replies":[{"embeddable":true,"href":"https:\/\/charleroi-pourlapalestine.be\/index.php\/wp-json\/wp\/v2\/comments?post=47545"}],"version-history":[{"count":0,"href":"https:\/\/charleroi-pourlapalestine.be\/index.php\/wp-json\/wp\/v2\/posts\/47545\/revisions"}],"wp:featuredmedia":[{"embeddable":true,"href":"https:\/\/charleroi-pourlapalestine.be\/index.php\/wp-json\/wp\/v2\/media\/47550"}],"wp:attachment":[{"href":"https:\/\/charleroi-pourlapalestine.be\/index.php\/wp-json\/wp\/v2\/media?parent=47545"}],"wp:term":[{"taxonomy":"category","embeddable":true,"href":"https:\/\/charleroi-pourlapalestine.be\/index.php\/wp-json\/wp\/v2\/categories?post=47545"},{"taxonomy":"post_tag","embeddable":true,"href":"https:\/\/charleroi-pourlapalestine.be\/index.php\/wp-json\/wp\/v2\/tags?post=47545"}],"curies":[{"name":"wp","href":"https:\/\/api.w.org\/{rel}","templated":true}]}}