{"id":47832,"date":"2022-11-28T10:04:34","date_gmt":"2022-11-28T09:04:34","guid":{"rendered":"https:\/\/charleroi-pourlapalestine.be\/?p=47832"},"modified":"2022-11-28T10:18:37","modified_gmt":"2022-11-28T09:18:37","slug":"autodetermination-juive-ou-suprematie-juive","status":"publish","type":"post","link":"https:\/\/charleroi-pourlapalestine.be\/index.php\/2022\/11\/28\/autodetermination-juive-ou-suprematie-juive\/","title":{"rendered":"<em>\u00ab Autod\u00e9termination \u00bb<\/em> juive ou supr\u00e9matie juive ?"},"content":{"rendered":"<p>Le fait qu\u2019Isra\u00ebl invoque de plus en plus fr\u00e9quemment le droit \u00e0 <em>\u00ab l\u2019autod\u00e9termination des juifs \u00bb<\/em> comme ayant toujours \u00e9t\u00e9 un fondement du mouvement sioniste est r\u00e9fut\u00e9 par l\u2019Histoire.<\/p>\n<div id=\"attachment_47844\" style=\"width: 610px\" class=\"wp-caption aligncenter\"><img loading=\"lazy\" decoding=\"async\" aria-describedby=\"caption-attachment-47844\" class=\"wp-image-47844 size-full\" src=\"https:\/\/charleroi-pourlapalestine.be\/wp-content\/uploads\/2022\/11\/Des-enfants-palestiniens-sur-le-toit-dune-maison-a-Jerusalem-Est.jpg\" alt=\"Des enfants palestiniens sur le toit d'un immeuble \u00e0 J\u00e9rusalem-Est. (Photo Anne Paq, Activestills). Ces derni\u00e8res d\u00e9cennies, le gouvernement isra\u00e9lien a \u00e9t\u00e9 obs\u00e9d\u00e9 par le nombre en baisse des Juifs isra\u00e9liens et ceux en hausse des Palestiniens. C\u2019est \u00e0 la lumi\u00e8re de ces r\u00e9alit\u00e9s que les propagandistes sionistes et isra\u00e9liens se sont mis \u00e0 parler de plus en plus d\u2019\u00ab autod\u00e9termination juive \u00bb.\" width=\"600\" height=\"400\" srcset=\"https:\/\/charleroi-pourlapalestine.be\/wp-content\/uploads\/2022\/11\/Des-enfants-palestiniens-sur-le-toit-dune-maison-a-Jerusalem-Est.jpg 600w, https:\/\/charleroi-pourlapalestine.be\/wp-content\/uploads\/2022\/11\/Des-enfants-palestiniens-sur-le-toit-dune-maison-a-Jerusalem-Est-300x200.jpg 300w\" sizes=\"auto, (max-width: 600px) 100vw, 600px\" \/><p id=\"caption-attachment-47844\" class=\"wp-caption-text\"><strong>Des enfants palestiniens sur le toit d&rsquo;un immeuble \u00e0 J\u00e9rusalem-Est. (Photo Anne Paq, Activestills). Ces derni\u00e8res d\u00e9cennies, le gouvernement isra\u00e9lien a \u00e9t\u00e9 obs\u00e9d\u00e9 par le nombre en baisse des Juifs isra\u00e9liens et ceux en hausse des Palestiniens. C\u2019est \u00e0 la lumi\u00e8re de ces r\u00e9alit\u00e9s que les propagandistes sionistes et isra\u00e9liens se sont mis \u00e0 parler de plus en plus d\u2019<em>\u00ab autod\u00e9termination juive \u00bb.<\/em><\/strong><\/p><\/div>\n<p>&nbsp;<\/p>\n<p><a href=\"https:\/\/charleroi-pourlapalestine.be\/index.php\/tag\/joseph-massad\/\"><strong>Joseph Massad<\/strong><\/a>, 22 novembre 2022<\/p>\n<p>Le mois dernier, la <a href=\"https:\/\/charleroi-pourlapalestine.be\/index.php\/2022\/08\/12\/demantelez-l-adl-le-palmares-de-la-ligue-anti-diffamation-dans-la-contre-insurrection-raciste-et-lespionnage\/\"><strong>Ligue anti-diffamation (ADL<\/strong><\/a>), l\u2019une des organisations pro-isra\u00e9liennes les plus tonitruantes des \u00c9tats-Unis, sortait un <a href=\"https:\/\/www.adl.org\/resources\/tools-and-strategies\/what-antisemitism-anti-zionism-anti-israel-bias\" target=\"_blank\" rel=\"noopener\">rapport<\/a> r\u00e9p\u00e9tant la d\u00e9finition relativement r\u00e9cente du sionisme en tant que<strong><em> \u00ab mouvement pour l\u2019autod\u00e9termination et le statut d\u2019\u00c9tat du peuple juif dans sa patrie ancestrale, la terre d\u2019Isra\u00ebl \u00bb.<\/em><\/strong><\/p>\n<p>Pr\u00e9tendant que<strong><em> \u00ab l\u2019antisionisme rejette Isra\u00ebl en tant que membre l\u00e9gitime de la communaut\u00e9 des nations et r\u00e9fute le droit des juifs \u00e0 l\u2019autod\u00e9termination et \u00e0 l\u2019\u00e9tablissement d\u2019un \u00c9tat sur la terre d\u2019Isra\u00ebl \u00bb<\/em><\/strong>, l\u2019ADL conclut que <strong><em>\u00ab l\u2019antisionisme est antis\u00e9mite dans l\u2019intention ou dans les faits \u00bb.<\/em><\/strong><\/p>\n<p>Sans vouloir en d\u00e9mordre, la directrice de l\u2019<strong>Institut sur les Droits humains et l\u2019Holocauste<\/strong>, la professeure <strong>Anne Bayefsky,<\/strong> est m\u00eame all\u00e9e plus loin encore la semaine derni\u00e8re dans sa condamnation du r\u00e9cent rapport publi\u00e9 par la Commission d\u2019enqu\u00eate internationale ind\u00e9pendante de l\u2019ONU sur les Territoires palestiniens occup\u00e9s et Isra\u00ebl.<\/p>\n<p>Assimilant les Nations unies \u00e0 l\u2019Inquisition, Mme Bayefsky a insist\u00e9 en disant que <strong><em>\u00ab les inquisiteurs (\u2026) ont d\u00e9cid\u00e9 que l\u2019assassinat de six millions de juifs qui n\u2019avaient pas l\u2019autod\u00e9termination et la protection d\u2019un \u00c9tat juif \u00e9tait sans rapport \u00bb<\/em><\/strong> avec l\u2019enqu\u00eate de l\u2019ONU sur les violations isra\u00e9liennes des droits humains palestiniens.<\/p>\n<p>Il semble que le fait de n\u2019avoir pas accord\u00e9 plus t\u00f4t <em>\u00ab l\u2019autod\u00e9termination juive \u00bb<\/em> aux colons juifs en Palestine avait \u00e9t\u00e9 la toute premi\u00e8re cause de l\u2019Holocauste.<\/p>\n<p>En effet, comme semble le sugg\u00e9rer la logique de Mme Bayefsky, l\u2019Holocauste peut expliquer, sinon justifier, les actuelles violations par Isra\u00ebl des droits humains palestiniens. C\u2019est probablement la raison pour laquelle elle reproche \u00e0 la Commission de l\u2019ONU d\u2019ignorer la chose dans son rapport.<\/p>\n<p>Mme Bayefsky conclut que <strong><em>\u00ab cette \u2018enqu\u00eate\u2019 de l\u2019ONU \u2026 [ainsi que] ses cr\u00e9ateurs, facilitateurs et d\u00e9tenteurs de mandats sont enclins \u00e0 la diabolisation et \u00e0 la d\u00e9l\u00e9gitimation d\u2019Isra\u00ebl et de<\/em><\/strong> <em>l\u2019autod\u00e9termination<\/em><strong><em> du peuple juif \u2013 [autrement dit, pr\u00e9sentent] le visage de l\u2019antis\u00e9mitisme moderne \u00bb.<\/em><\/strong><\/p>\n<p>Il n\u2019y a gu\u00e8re l\u00e0 de nouvelles lignes d\u2019argumentation, mais elles acqui\u00e8rent une importance sp\u00e9ciale dans le sillage de la Loi fondamentale isra\u00e9lienne de 2018, la fameuse<strong> loi de l\u2019\u00c9tat-nation<\/strong>, qui stipule que <strong><em>\u00ab la terre d\u2019Isra\u00ebl est la patrie historique du peuple juif, l\u00e0 o\u00f9 l\u2019\u00c9tat d\u2019Isra\u00ebl a \u00e9t\u00e9 \u00e9tabli \u00bb<\/em><\/strong>, et que <strong><em>\u00ab l\u2019\u00c9tat d\u2019Isra\u00ebl est le foyer national du peuple juif, l\u00e0 o\u00f9 il remplit son droit naturel, culturel, religieux et historique \u00e0 l\u2019autod\u00e9termination \u00bb<\/em><\/strong> et, finalement, que <em><strong>\u00ab le droit d\u2019exercer l\u2019autod\u00e9termination nationale dans l\u2019\u00c9tat d\u2019Isra\u00ebl est unique au peuple juif \u00bb.<\/strong><\/em><\/p>\n<p>Mais il n\u2019y a pas qu\u2019Isra\u00ebl, ou ses organisations isra\u00e9liennes et am\u00e9ricaines de lobbying qui avancent le terme d\u2019<em>\u00ab autod\u00e9termination \u00bb<\/em> ; d\u2019autres le font aussi, tel l\u2019intellectuel am\u00e9ricain <strong>Michael Walzer<\/strong>, qui pr\u00e9tend assez bizarrement, pour ne pas dire de fa\u00e7on anachronique, que le r\u00e9sultat de l\u2019\u00e9tablissement sioniste d\u2019une colonie de peuplement juive signifie que, <strong><em>\u00ab aujourd\u2019hui, l\u2019autod\u00e9termination juive, impossible pendant pr\u00e8s de deux mille ans, est un fait de tous les jours \u00bb.<\/em><\/strong><\/p>\n<p>L\u2019Alliance internationale pour la m\u00e9moire de l\u2019Holocauste (AIMH ou <strong>IHRA<\/strong>), dont le si\u00e8ge est en Europe et dont la d\u00e9finition de l\u2019antis\u00e9mitisme a \u00e9t\u00e9 adopt\u00e9e par les EU et l\u2019Union europ\u00e9enne, insiste \u00e9galement en disant que \u00ab<em><strong> refuser au peuple juif son droit \u00e0 l\u2019autod\u00e9termination, p. ex. en pr\u00e9tendant que l\u2019existence d\u2019un \u00c9tat d\u2019Isra\u00ebl est une entreprise raciste \u00bb<\/strong><\/em>, est une forme d\u2019antis\u00e9mitisme.<\/p>\n<p><strong><br \/>\nPas de trace historique<\/strong><\/p>\n<p>Le fait qu\u2019Isra\u00ebl invoque de plus en plus fr\u00e9quemment le droit \u00e0 \u00ab<em><strong> l\u2019autod\u00e9termination des juifs \u00bb<\/strong><\/em> comme ayant toujours \u00e9t\u00e9 un fondement du mouvement sioniste et du colonialisme de peuplement juif en Palestine, et une base pour refuser l\u2019autod\u00e9termination aux Palestiniens, est toutefois r\u00e9fut\u00e9 par l\u2019Histoire, qui ne fournit aucune preuve de son recours dans le pass\u00e9.<\/p>\n<p>Comment, dans ce cas, le concept de <em><strong>\u00ab l\u2019autod\u00e9termination juive \u00bb<\/strong><\/em> en tant que principal argument d\u00e9ploy\u00e9 ces derni\u00e8res ann\u00e9es par Isra\u00ebl, ses lois et ses alli\u00e9s am\u00e9ricains et autres sp\u00e9cialistes acad\u00e9miques du marketing, s\u2019est-il d\u00e9velopp\u00e9 et en est-il venu \u00e0 supplanter le droit des Palestiniens autochtones \u00e0 l\u2019autod\u00e9termination ?<\/p>\n<p>Depuis le d\u00e9but de leur guerre contre le peuple palestinien, les id\u00e9ologues sionistes n\u2019ont pas plaid\u00e9 pour l\u2019autod\u00e9termination juive mais plut\u00f4t <strong>cherch\u00e9 \u00e0 d\u00e9l\u00e9gitimer le droit des Palestiniens autochtones \u00e0 la leur.<\/strong> Dans la tradition de toutes les puissances coloniales qui niaient que les colonis\u00e9s fussent une nation, <strong>les sionistes se sont mis \u00e0 nier le statut de nation des Palestiniens<\/strong>.<\/p>\n<p>Lors de la Conf\u00e9rence de la Paix, \u00e0 Paris, \u00e0 la fin de la Premi\u00e8re Guerre mondiale,<strong> l\u2019Organisation sioniste (OS)<\/strong>, n\u2019avait pas invoqu\u00e9 le moindre droit <em>\u00ab juif \u00bb<\/em> \u00e0 l\u2019autod\u00e9termination, m\u00eame si celle-ci avait fait fureur durant toute la conf\u00e9rence, avec des peuples colonis\u00e9s du monde entier qui affirmaient ce droit \u00e0 se lib\u00e9rer eux-m\u00eames du joug colonial.<\/p>\n<p>Au lieu de cela, l\u2019OS avait pr\u00e9tendu que la Palestine \u00e9tait <strong><em>\u00ab le foyer historique des juifs (\u2026) et, \u00e0 travers les \u00e9poques, ils n\u2019ont jamais cess\u00e9 de ch\u00e9rir le d\u00e9sir et l\u2019espoir d\u2019un retour \u00bb.<\/em><\/strong><\/p>\n<p>Les pr\u00e9somptions sur lesquelles l\u2019OS avait b\u00e2ti son argumentation comprenaient <strong>les all\u00e9gations antis\u00e9mites imaginaires<\/strong> de ce que, tout au long de l\u2019histoire, les juifs ont form\u00e9 une seule race et partag\u00e9 un seul sang, ce qui en faisait un seul peuple et une seule nationalit\u00e9, et qu\u2019ils n\u2019\u00e9taient pas des Europ\u00e9ens, mais des \u00e9trangers descendant des anciens H\u00e9breux palestiniens.<\/p>\n<p>Au contraire des sionistes, <strong>les Palestiniens ont toujours invoqu\u00e9 leur droit \u00e0 la terre comme base de leur revendication anticoloniale contre le sionisme.<\/strong> Ce fut le cas depuis le d\u00e9but de la menace sioniste, particuli\u00e8rement apr\u00e8s la <strong>D\u00e9claration Balfour<\/strong>, quand les Palestiniens invoqu\u00e8rent leur droit \u00e0 l\u2019autod\u00e9termination dans leurs appels \u00e0 la Conf\u00e9rence de Paris.<\/p>\n<p>Il importe au plus haut point de faire remarquer que, contrairement \u00e0 l\u2019emploi le plus r\u00e9cent et sans cesse accru par les sionistes de la notion d\u2019autod\u00e9termination juive, <strong>ni le premier Congr\u00e8s sioniste de 1897, ni la D\u00e9claration Balfour de 1917, ni le Mandat palestinien de 1922 n\u2019utilisaient le langage des <em>\u00ab droits<\/em> \u00bb, et surtout pas du droit \u00e0 l\u2019autod\u00e9termination.<\/strong><\/p>\n<p>Le Programme sioniste de Biltmore, en 1942, parlait du droit des juifs \u00e0 <strong><em>\u00ab l\u2019immigration et installation en Palestine \u00bb,<\/em><\/strong> mais pas \u00e0 l\u2019autod\u00e9termination. La d\u00e9claration sioniste de 1948 de l\u2019\u00e9tablissement de l\u2019\u00c9tat d\u2019Isra\u00ebl, \u00e0 l\u2019instar du Programme de Biltmore, d\u00e9fendait le droit juif \u00e0 la Palestine, mais ne mentionnait en aucun cas une quelconque autod\u00e9termination juive.<\/p>\n<h3><strong><br \/>\nLe rejet des droits palestiniens<\/strong><\/h3>\n<p>Contrairement \u00e0 son absence remarqu\u00e9e dans les documents sionistes et prosionistes,<strong> le droit \u00e0 l\u2019autod\u00e9termination a \u00e9t\u00e9 une revendication cl\u00e9 des Palestiniens et de leurs partisans internationaux<\/strong> \u2013 un fait connu et cit\u00e9 par les sionistes. En 1924, <strong>David Ben-Gourion<\/strong> y a fait explicitement r\u00e9f\u00e9rence :<\/p>\n<blockquote><p>\u00ab La communaut\u00e9 arabe dans le pays a le droit \u00e0 l\u2019autod\u00e9termination, ou autogouvernance (\u2026) L\u2019autonomie nationale que nous revendiquons pour nous-m\u00eames, nous la r\u00e9clamons aussi pour les Arabes. Mais nous n\u2019admettons pas leur droit de gouverner sur le pays au point que le pays ne soit pas b\u00e2ti par eux et qu\u2019il attende toujours les gens qui le travailleront. Ils n\u2019ont aucun droit ou pr\u00e9tention \u00e0 interdire ou contr\u00f4ler la construction du pays, la restauration de ses ruines, la productivisation de ses ressources, l\u2019expansion de sa zone cultiv\u00e9e, le d\u00e9veloppement de sa culture, la croissance de sa communaut\u00e9 agricole. \u00bb<\/p><\/blockquote>\n<p>En mars 1930, <strong>Chaim Weizmann<\/strong>, le chef de l\u2019Organisation sioniste, a exprim\u00e9 son opposition \u00e0 l\u2019autod\u00e9termination palestinienne, en affirmant que les<\/p>\n<blockquote><p>\u00ab droits que le peuple juif s\u2019\u00e9tait adjug\u00e9s en Palestine [par le Mandat britannique] ne d\u00e9pendaient pas du consentement, et ne pouvaient \u00eatre soumis \u00e0 la volont\u00e9, de la majorit\u00e9 de ses habitants pr\u00e9sents \u00bb.<\/p><\/blockquote>\n<p>Weizmann \u00e9tait clair en affirmant que lorsque les Britanniques promettaient aux sionistes un foyer national en Palestine, <em>\u00ab l\u2019accord des Arabes palestiniens n\u2019\u00e9tait pas requis \u00bb<\/em>. La raison pour laquelle le consentement palestinien n\u2019avait aucune importance, ajoutait-il, \u00e9tait \u00e0 porter au compte de la nature <em>\u00ab unique \u00bb<\/em> de la <em>\u00ab connexion \u00bb<\/em> juive \u00e0 la Palestine.<\/p>\n<p>Il a pr\u00e9tendu ensuite que les Palestiniens eux-m\u00eames ne pouvaient <strong><em>\u00ab \u00eatre consid\u00e9r\u00e9s comme poss\u00e9dant le pays dans le sens o\u00f9 les habitants de l\u2019Irak ou de l\u2019\u00c9gypte poss\u00e8dent leurs pays respectifs \u00bb<\/em><\/strong>. Leur accorder l\u2019autod\u00e9termination ou l\u2019autogouvernance ou une <strong><em>\u00ab Assembl\u00e9e l\u00e9gislative \u00bb (\u2026) reviendrait \u00e0 assigner le pays \u00e0 ses habitants actuels \u00bb<\/em><\/strong>, et \u00e0 annuler <em>\u00ab de fa\u00e7on sournoise \u00bb<\/em>, l\u2019engagement de la D\u00e9claration Balfour envers un foyer national juif en Palestine.<\/p>\n<p><strong>Apr\u00e8s l\u2019\u00e9tablissement d\u2019Isra\u00ebl comme colonie de peuplement \u00e0 une \u00e9poque d\u2019anticolonialisme, les apologistes sionistes se sont mis de plus en plus \u00e0 pr\u00e9tendre que le sionisme \u00e9tait en fait le \u00ab mouvement national de lib\u00e9ration \u00bb du peuple juif<\/strong> \u2013 une nouvelle ligne de propagande popularis\u00e9e par le sioniste tunisien antipalestinien Albert Memmi au milieu des ann\u00e9es 1960.<\/p>\n<p><strong>L\u00e9gende photo :<\/strong> <em>Les forces s\u00e9curitaires isra\u00e9liennes contr\u00f4lent les colons juifs en route pour aller visiter la tombe d\u2019Othniel ben Kenaz dans la zone contr\u00f4l\u00e9e par les autorit\u00e9s palestiniennes \u00e0 H\u00e9bron, le 19 novembre 2022. <\/em>(Photo : AFP)<\/p>\n<p>Plus r\u00e9cemment, ils se sont mis \u00e0 invoquer le droit de <strong><em>\u00ab l\u2019autod\u00e9termination juive \u00bb<\/em><\/strong> pour affirmer leurs pr\u00e9tentions coloniales \u00e0 la terre des Palestiniens.<\/p>\n<p>C\u2019est important puisque la d\u00e9claration de l\u2019ADL insiste pour dire que ce n\u2019est pas le droit de l\u2019autod\u00e9termination juive, que les antisionistes d\u00e9nient, mais plut\u00f4t son exercice sur la terre des Palestiniens, que l\u2019ADL appelle <strong><em>\u00ab la terre d\u2019Isra\u00ebl \u00bb<\/em><\/strong>, et pas m\u00eame<em> \u00ab l\u2019\u00c9tat d\u2019Isra\u00ebl \u00bb.<\/em><\/p>\n<p>C\u2019est \u00e9galement important pour l\u2019all\u00e9gation de Walzer affirmant que les juifs, en tant qu\u2019h\u00e9ritiers des anciens H\u00e9breux, se sont vu refuser l\u2019autod\u00e9termination juive durant pas moins de 2000 ans.<\/p>\n<p>Dans les ann\u00e9es 1970, quand l\u2019OLP a renouvel\u00e9 l\u2019appel au peuple palestinien \u00e0 concr\u00e9tiser son droit \u00e0 l\u2019autod\u00e9termination, que les Palestiniens r\u00e9clamaient depuis 1919, Isra\u00ebl s\u2019y \u00e9tait oppos\u00e9 en faisant valoir une pr\u00e9tendue <em>\u00ab autod\u00e9termination isra\u00e9lienne [lisez : juive] \u00bb<\/em>.<\/p>\n<p>La chose allait \u00eatre exprim\u00e9e en septembre 1972 par le ministre isra\u00e9lien des Affaires \u00e9trang\u00e8res, le Sud-Africain Abba Eban (n\u00e9 Aubrey Solomon), qui d\u00e9clarait que<\/p>\n<blockquote><p>\u00ab l\u2019autod\u00e9termination isra\u00e9lienne devrait prendre la priorit\u00e9 morale et historique sur l\u2019autod\u00e9termination palestinienne, bien qu\u2019elle ne la domine pas enti\u00e8rement \u00bb.<\/p><\/blockquote>\n<p>La reconnaissance d\u2019Eban revient aux affirmations et d\u00e9clarations de Ben-Gourion et Weizmann depuis les ann\u00e9es 1920, qui avait conf\u00e9r\u00e9 au droit juif de conqu\u00eate de la Palestine la sup\u00e9riorit\u00e9 sur le droit palestinien \u00e0 l\u2019autod\u00e9termination.<\/p>\n<h3><strong><br \/>\nL\u2019alt\u00e9ration de la d\u00e9mographie<\/strong><\/h3>\n<p>Ces derni\u00e8res d\u00e9cennies, le gouvernement isra\u00e9lien a \u00e9t\u00e9 obs\u00e9d\u00e9 par <strong>le nombre en baisse des Juifs isra\u00e9liens et ceux en hausse des Palestiniens.<\/strong> Sa strat\u00e9gie d\u2019alt\u00e9ration de ces caract\u00e9ristiques d\u00e9mographiques s\u2019est av\u00e9r\u00e9e un \u00e9chec total. <strong>C\u2019est \u00e0 la lumi\u00e8re de ces r\u00e9alit\u00e9s que les propagandistes sionistes et isra\u00e9liens se sont mis \u00e0 parler de plus en plus d\u2019<em>\u00ab autod\u00e9termination juive \u00bb.<\/em><\/strong><\/p>\n<p>Si, pour les dirigeants sionistes, le droit juif de conqu\u00eate et de colonisation de la Palestine a pris la priorit\u00e9 sur l\u2019autod\u00e9termination palestinienne entre les ann\u00e9es 1920 et 1970, ce qui explique pourquoi les sionistes ne permettraient jamais aux Palestiniens de l\u2019exercer, aujourd\u2019hui, les Palestiniens, comme l\u2019a d\u00e9clar\u00e9 la Knesset en 2018, n\u2019ont pas du tout ce droit.<\/p>\n<p>Rien de ce qui est stipul\u00e9 dans la Loi fondamentale de 2018, toutefois, n\u2019est nouveau id\u00e9ologiquement ou dans les termes de quelqu\u2019une des politiques poursuivies par Isra\u00ebl et le mouvement sioniste depuis les ann\u00e9es 1920. La r\u00e9f\u00e9rence de la loi \u00e0 la <strong><em>\u00ab terre d\u2019Isra\u00ebl \u00bb<\/em><\/strong> plut\u00f4t qu\u2019\u00e0 l\u2019\u00c9tat d\u2019Isra\u00ebl comme<em> \u00ab patrie du peuple juif \u00bb<\/em>, \u00e0 laquelle la r\u00e9cente r\u00e9affirmation de l\u2019ADL est identique, anticipe et signale <strong>le contr\u00f4le \u00e9ternel de la minorit\u00e9 coloniale juive isra\u00e9lienne sur l\u2019ensemble de la Palestine historique.<\/strong><\/p>\n<p>L\u2019ADL, c\u2019est-\u00e0-dire les sp\u00e9cialistes acad\u00e9miques am\u00e9ricains du marketing d\u2019Isra\u00ebl, et les responsables isra\u00e9liens parlent du <strong>pr\u00e9tendu droit juif \u00e0 l\u2019autod\u00e9termination comme sup\u00e9rieur au l\u2019autod\u00e9termination palestinienne<\/strong> afin de<strong> sauvegarder le projet colonial sioniste et la supr\u00e9matie juive en Isra\u00ebl.<\/strong><\/p>\n<p>L\u2019hypocrisie, toutefois, se situe chez les<strong> lib\u00e9raux juifs et chr\u00e9tiens am\u00e9ricains et europ\u00e9ens<\/strong>, quels que soient leurs homologues juifs isra\u00e9liens, qui feignent d\u2019\u00eatre choqu\u00e9s \u00e0 propos de la loi sur l\u2019\u00c9tat- nation et des derni\u00e8res \u00e9lections de la semaine, qui ont ramen\u00e9 Benjamin Netanyahou et ses alli\u00e9s religieux sionistes au pouvoir et que les lib\u00e9raux occidentaux consid\u00e8rent, quoi qu\u2019il en soit, comme davantage supr\u00e9macistes juifs que Ben-Gourion, Weizmann, Eban ou tout autre dirigeant d\u2019Isra\u00ebl.<\/p>\n<p>La semaine derni\u00e8re, <strong>Dahlia Scheindlin<\/strong>, une politologue am\u00e9ricaine, a publi\u00e9 dans <em>The New York Times<\/em> un article mettant en exergue les \u00e9checs de la <em>\u00ab d\u00e9mocratie \u00bb<\/em> isra\u00e9lienne. Elle est davantage ennuy\u00e9e \u00e0 propos de l\u2019illib\u00e9ralisme r\u00e9cent d\u2019Isra\u00ebl qui, d\u2019apr\u00e8s elle, a d\u00e9but\u00e9 en 2009 quand Benjamin Netanyahou est venu au pouvoir :<\/p>\n<blockquote><p>\u00ab L\u2019apex (le sommet, NdT) de cette fr\u00e9n\u00e9sie l\u00e9gislative illib\u00e9rale a \u00e9t\u00e9 la \u2018loi sur l\u2019\u00c9tat-nation\u2019 de 2018, une nouvelle Loi fondamentale qui \u00e9levait les juifs \u00e0 un statut sup\u00e9rieur \u00e0 celui de tous les autres citoyens. \u00bb<\/p><\/blockquote>\n<p>Mais les juifs avaient d\u00e9j\u00e0 un statut sup\u00e9rieur, consacr\u00e9 par l\u2019auto-d\u00e9claration d\u2019Isra\u00ebl en tant qu\u2019<strong><em>\u00ab \u00c9tat juif \u00bb<\/em><\/strong> en 1948, et d\u00e9butant juridiquement par la <strong>Loi du Retour<\/strong> (1950), la<strong> Loi sur les Propri\u00e9t\u00e9s des Absents<\/strong> (1950), la<strong> Loi sur les Propri\u00e9t\u00e9s de l\u2019\u00c9tat<\/strong> (1951), la<strong> Loi sur la Citoyennet\u00e9<\/strong> (1952), la <strong>Loi sur l\u2019Administration de la Terre d\u2019Isra\u00ebl<\/strong> (1960), la <strong>Loi sur la Planification et la Construction (<\/strong>1965), entre autres, sans parler de l\u2019appel \u00e0 la priorit\u00e9 des droits coloniaux sur les droits autochtones palestiniens telles qu\u2019elle fut exprim\u00e9e par Ben- Gourion, Weizmann et Eban.<\/p>\n<p>L\u2019invocation de<em> \u00ab l\u2019autod\u00e9termination juive \u00bb<\/em> sur la terre des Palestiniens depuis les ann\u00e9es 1970 a \u00e9t\u00e9 le principal camouflage utilis\u00e9 pour embellir le r\u00e9gime en place de la supr\u00e9matie juive en Isra\u00ebl. Toutefois, ni la Loi de l\u2019\u00c9tat-nation ni le nouveau gouvernement supr\u00e9maciste juif d\u2019Isra\u00ebl ne signalent un changement, majeur ou mineur, dans le statut actuel des Juifs ou des Palestiniens en Isra\u00ebl et dans les territoires qu\u2019il occupe.<\/p>\n<p>Le seul changement r\u00e9side dans le caract\u00e8re explicite de l\u2019engagement isra\u00e9lien en cours envers la supr\u00e9matie juive. La panique que cela a cr\u00e9\u00e9e chez les lib\u00e9raux isra\u00e9liens et chez les lib\u00e9raux am\u00e9ricains et europ\u00e9ens pro-isra\u00e9liens tient \u00e0 leur compr\u00e9hension de ce qu\u2019aucune touche de r\u00e9p\u00e9tition de la notion d\u2019<em>\u00ab autod\u00e9termination juive \u00bb<\/em> et d\u2019appel \u00e0 cette notion ne pourra plus d\u00e9tricoter cet engagement explicite envers la supr\u00e9matie juive.<\/p>\n<p style=\"text-align: center;\">*****<\/p>\n<p><img loading=\"lazy\" decoding=\"async\" class=\"alignleft wp-image-31734 size-thumbnail\" src=\"https:\/\/charleroi-pourlapalestine.be\/wp-content\/uploads\/2021\/11\/Joseph-Massad-150x150.jpg\" sizes=\"auto, (max-width: 150px) 100vw, 150px\" srcset=\"https:\/\/charleroi-pourlapalestine.be\/wp-content\/uploads\/2021\/11\/Joseph-Massad-150x150.jpg 150w, https:\/\/charleroi-pourlapalestine.be\/wp-content\/uploads\/2021\/11\/Joseph-Massad-80x80.jpg 80w\" alt=\"\" width=\"150\" height=\"150\"><strong>Joseph Massad<\/strong> est professeur de politique arabe moderne et d\u2019histoire intellectuelle \u00e0 l\u2019universit\u00e9 Columbia de New York. Il est l\u2019auteur de nombreux livres et articles universitaires et journalistiques. Parmi ses livres figurent <strong>Colonial Effects : The Making of National Identity in Jordan, Desiring Arabs, The Persistence of the Palestinian Question : Essais sur le sionisme et les Palestiniens,<\/strong> et plus r\u00e9cemment<strong> Islam in Liberalism<\/strong>. Citons, comme traduction en fran\u00e7ais, le livre<strong> La Persistance de la question palestinienne<\/strong>, La Fabrique, 2009.<\/p>\n<p style=\"text-align: center;\">*****<\/p>\n<p>Publi\u00e9 le 22 novembre 2022 sur <a href=\"https:\/\/www.middleeasteye.net\/opinion\/jewish-self-determination-or-jewish-supremacy\" target=\"_blank\" rel=\"noopener\">Middle East Eye<\/a><br \/>\nTraduction : Jean-Marie Fl\u00e9mal,<a href=\"https:\/\/charleroi-pourlapalestine.be\/\"> Charleroi pour la Palestine<\/a><\/p>\n<p>&nbsp;<\/p>\n<p>&nbsp;<\/p>\n<p>&nbsp;<\/p>\n","protected":false},"excerpt":{"rendered":"<p>Obs\u00e9d\u00e9 par le nombre en baisse des Juifs isra\u00e9liens et ceux en hausse des Palestiniens, les propagandistes sionistes et isra\u00e9liens adaptent leur discours.<\/p>\n","protected":false},"author":1,"featured_media":47844,"comment_status":"closed","ping_status":"closed","sticky":false,"template":"","format":"standard","meta":{"ngg_post_thumbnail":0,"footnotes":""},"categories":[520,140,38],"tags":[174],"class_list":["post-47832","post","type-post","status-publish","format-standard","has-post-thumbnail","hentry","category-demographie","category-letat-colonial","category-le-sionisme","tag-joseph-massad"],"yoast_head":"<!-- This site is optimized with the Yoast SEO plugin v27.3 - https:\/\/yoast.com\/product\/yoast-seo-wordpress\/ -->\n<title>\u00ab Autod\u00e9termination \u00bb juive ou supr\u00e9matie juive ? - Charleroi Pour la Palestine<\/title>\n<meta name=\"description\" content=\"Ces derni\u00e8res d\u00e9cennies, le gouvernement isra\u00e9lien a \u00e9t\u00e9 obs\u00e9d\u00e9 par le nombre en baisse des Juifs isra\u00e9liens et ceux en hausse des Palestiniens. C\u2019est \u00e0 la lumi\u00e8re de ces r\u00e9alit\u00e9s que les propagandistes sionistes et isra\u00e9liens se sont mis \u00e0 parler de plus en plus d\u2019\u00ab autod\u00e9termination juive \u00bb.\" \/>\n<meta name=\"robots\" content=\"index, follow, max-snippet:-1, max-image-preview:large, max-video-preview:-1\" \/>\n<link rel=\"canonical\" href=\"https:\/\/charleroi-pourlapalestine.be\/index.php\/2022\/11\/28\/autodetermination-juive-ou-suprematie-juive\/\" \/>\n<script type=\"application\/ld+json\" class=\"yoast-schema-graph\">{\"@context\":\"https:\\\/\\\/schema.org\",\"@graph\":[{\"@type\":\"Article\",\"@id\":\"https:\\\/\\\/charleroi-pourlapalestine.be\\\/index.php\\\/2022\\\/11\\\/28\\\/autodetermination-juive-ou-suprematie-juive\\\/#article\",\"isPartOf\":{\"@id\":\"https:\\\/\\\/charleroi-pourlapalestine.be\\\/index.php\\\/2022\\\/11\\\/28\\\/autodetermination-juive-ou-suprematie-juive\\\/\"},\"author\":{\"name\":\"admin1873\",\"@id\":\"https:\\\/\\\/charleroi-pourlapalestine.be\\\/#\\\/schema\\\/person\\\/c19ff515112f1299d8c12671d8fe3faa\"},\"headline\":\"\u00ab Autod\u00e9termination \u00bb juive ou supr\u00e9matie juive ?\",\"datePublished\":\"2022-11-28T09:04:34+00:00\",\"dateModified\":\"2022-11-28T09:18:37+00:00\",\"mainEntityOfPage\":{\"@id\":\"https:\\\/\\\/charleroi-pourlapalestine.be\\\/index.php\\\/2022\\\/11\\\/28\\\/autodetermination-juive-ou-suprematie-juive\\\/\"},\"wordCount\":2889,\"publisher\":{\"@id\":\"https:\\\/\\\/charleroi-pourlapalestine.be\\\/#organization\"},\"image\":{\"@id\":\"https:\\\/\\\/charleroi-pourlapalestine.be\\\/index.php\\\/2022\\\/11\\\/28\\\/autodetermination-juive-ou-suprematie-juive\\\/#primaryimage\"},\"thumbnailUrl\":\"https:\\\/\\\/charleroi-pourlapalestine.be\\\/wp-content\\\/uploads\\\/2022\\\/11\\\/Des-enfants-palestiniens-sur-le-toit-dune-maison-a-Jerusalem-Est.jpg\",\"keywords\":[\"Joseph Massad\"],\"articleSection\":[\"D\u00e9mographie\",\"L'Etat colonial\",\"Sionisme\"],\"inLanguage\":\"fr-FR\"},{\"@type\":\"WebPage\",\"@id\":\"https:\\\/\\\/charleroi-pourlapalestine.be\\\/index.php\\\/2022\\\/11\\\/28\\\/autodetermination-juive-ou-suprematie-juive\\\/\",\"url\":\"https:\\\/\\\/charleroi-pourlapalestine.be\\\/index.php\\\/2022\\\/11\\\/28\\\/autodetermination-juive-ou-suprematie-juive\\\/\",\"name\":\"\u00ab Autod\u00e9termination \u00bb juive ou supr\u00e9matie juive ? - Charleroi Pour la Palestine\",\"isPartOf\":{\"@id\":\"https:\\\/\\\/charleroi-pourlapalestine.be\\\/#website\"},\"primaryImageOfPage\":{\"@id\":\"https:\\\/\\\/charleroi-pourlapalestine.be\\\/index.php\\\/2022\\\/11\\\/28\\\/autodetermination-juive-ou-suprematie-juive\\\/#primaryimage\"},\"image\":{\"@id\":\"https:\\\/\\\/charleroi-pourlapalestine.be\\\/index.php\\\/2022\\\/11\\\/28\\\/autodetermination-juive-ou-suprematie-juive\\\/#primaryimage\"},\"thumbnailUrl\":\"https:\\\/\\\/charleroi-pourlapalestine.be\\\/wp-content\\\/uploads\\\/2022\\\/11\\\/Des-enfants-palestiniens-sur-le-toit-dune-maison-a-Jerusalem-Est.jpg\",\"datePublished\":\"2022-11-28T09:04:34+00:00\",\"dateModified\":\"2022-11-28T09:18:37+00:00\",\"description\":\"Ces derni\u00e8res d\u00e9cennies, le gouvernement isra\u00e9lien a \u00e9t\u00e9 obs\u00e9d\u00e9 par le nombre en baisse des Juifs isra\u00e9liens et ceux en hausse des Palestiniens. C\u2019est \u00e0 la lumi\u00e8re de ces r\u00e9alit\u00e9s que les propagandistes sionistes et isra\u00e9liens se sont mis \u00e0 parler de plus en plus d\u2019\u00ab autod\u00e9termination juive \u00bb.\",\"breadcrumb\":{\"@id\":\"https:\\\/\\\/charleroi-pourlapalestine.be\\\/index.php\\\/2022\\\/11\\\/28\\\/autodetermination-juive-ou-suprematie-juive\\\/#breadcrumb\"},\"inLanguage\":\"fr-FR\",\"potentialAction\":[{\"@type\":\"ReadAction\",\"target\":[\"https:\\\/\\\/charleroi-pourlapalestine.be\\\/index.php\\\/2022\\\/11\\\/28\\\/autodetermination-juive-ou-suprematie-juive\\\/\"]}]},{\"@type\":\"ImageObject\",\"inLanguage\":\"fr-FR\",\"@id\":\"https:\\\/\\\/charleroi-pourlapalestine.be\\\/index.php\\\/2022\\\/11\\\/28\\\/autodetermination-juive-ou-suprematie-juive\\\/#primaryimage\",\"url\":\"https:\\\/\\\/charleroi-pourlapalestine.be\\\/wp-content\\\/uploads\\\/2022\\\/11\\\/Des-enfants-palestiniens-sur-le-toit-dune-maison-a-Jerusalem-Est.jpg\",\"contentUrl\":\"https:\\\/\\\/charleroi-pourlapalestine.be\\\/wp-content\\\/uploads\\\/2022\\\/11\\\/Des-enfants-palestiniens-sur-le-toit-dune-maison-a-Jerusalem-Est.jpg\",\"width\":600,\"height\":400},{\"@type\":\"BreadcrumbList\",\"@id\":\"https:\\\/\\\/charleroi-pourlapalestine.be\\\/index.php\\\/2022\\\/11\\\/28\\\/autodetermination-juive-ou-suprematie-juive\\\/#breadcrumb\",\"itemListElement\":[{\"@type\":\"ListItem\",\"position\":1,\"name\":\"Accueil\",\"item\":\"https:\\\/\\\/charleroi-pourlapalestine.be\\\/\"},{\"@type\":\"ListItem\",\"position\":2,\"name\":\"\u00ab Autod\u00e9termination \u00bb juive ou supr\u00e9matie juive ?\"}]},{\"@type\":\"WebSite\",\"@id\":\"https:\\\/\\\/charleroi-pourlapalestine.be\\\/#website\",\"url\":\"https:\\\/\\\/charleroi-pourlapalestine.be\\\/\",\"name\":\"Charleroi Pour la Palestine\",\"description\":\"\",\"publisher\":{\"@id\":\"https:\\\/\\\/charleroi-pourlapalestine.be\\\/#organization\"},\"potentialAction\":[{\"@type\":\"SearchAction\",\"target\":{\"@type\":\"EntryPoint\",\"urlTemplate\":\"https:\\\/\\\/charleroi-pourlapalestine.be\\\/?s={search_term_string}\"},\"query-input\":{\"@type\":\"PropertyValueSpecification\",\"valueRequired\":true,\"valueName\":\"search_term_string\"}}],\"inLanguage\":\"fr-FR\"},{\"@type\":\"Organization\",\"@id\":\"https:\\\/\\\/charleroi-pourlapalestine.be\\\/#organization\",\"name\":\"Plate-forme Charleroi-Palestine\",\"url\":\"https:\\\/\\\/charleroi-pourlapalestine.be\\\/\",\"logo\":{\"@type\":\"ImageObject\",\"inLanguage\":\"fr-FR\",\"@id\":\"https:\\\/\\\/charleroi-pourlapalestine.be\\\/#\\\/schema\\\/logo\\\/image\\\/\",\"url\":\"https:\\\/\\\/charleroi-pourlapalestine.be\\\/wp-content\\\/uploads\\\/2020\\\/01\\\/logo-Copy.jpg\",\"contentUrl\":\"https:\\\/\\\/charleroi-pourlapalestine.be\\\/wp-content\\\/uploads\\\/2020\\\/01\\\/logo-Copy.jpg\",\"width\":180,\"height\":180,\"caption\":\"Plate-forme Charleroi-Palestine\"},\"image\":{\"@id\":\"https:\\\/\\\/charleroi-pourlapalestine.be\\\/#\\\/schema\\\/logo\\\/image\\\/\"},\"sameAs\":[\"https:\\\/\\\/www.facebook.com\\\/PlateformeCharleroiPalestine\\\/\",\"https:\\\/\\\/x.com\\\/LaCharleroi\"]},{\"@type\":\"Person\",\"@id\":\"https:\\\/\\\/charleroi-pourlapalestine.be\\\/#\\\/schema\\\/person\\\/c19ff515112f1299d8c12671d8fe3faa\",\"name\":\"admin1873\",\"url\":\"https:\\\/\\\/charleroi-pourlapalestine.be\\\/index.php\\\/author\\\/admin1873\\\/\"}]}<\/script>\n<!-- \/ Yoast SEO plugin. -->","yoast_head_json":{"title":"\u00ab Autod\u00e9termination \u00bb juive ou supr\u00e9matie juive ? - Charleroi Pour la Palestine","description":"Ces derni\u00e8res d\u00e9cennies, le gouvernement isra\u00e9lien a \u00e9t\u00e9 obs\u00e9d\u00e9 par le nombre en baisse des Juifs isra\u00e9liens et ceux en hausse des Palestiniens. C\u2019est \u00e0 la lumi\u00e8re de ces r\u00e9alit\u00e9s que les propagandistes sionistes et isra\u00e9liens se sont mis \u00e0 parler de plus en plus d\u2019\u00ab autod\u00e9termination juive \u00bb.","robots":{"index":"index","follow":"follow","max-snippet":"max-snippet:-1","max-image-preview":"max-image-preview:large","max-video-preview":"max-video-preview:-1"},"canonical":"https:\/\/charleroi-pourlapalestine.be\/index.php\/2022\/11\/28\/autodetermination-juive-ou-suprematie-juive\/","schema":{"@context":"https:\/\/schema.org","@graph":[{"@type":"Article","@id":"https:\/\/charleroi-pourlapalestine.be\/index.php\/2022\/11\/28\/autodetermination-juive-ou-suprematie-juive\/#article","isPartOf":{"@id":"https:\/\/charleroi-pourlapalestine.be\/index.php\/2022\/11\/28\/autodetermination-juive-ou-suprematie-juive\/"},"author":{"name":"admin1873","@id":"https:\/\/charleroi-pourlapalestine.be\/#\/schema\/person\/c19ff515112f1299d8c12671d8fe3faa"},"headline":"\u00ab Autod\u00e9termination \u00bb juive ou supr\u00e9matie juive ?","datePublished":"2022-11-28T09:04:34+00:00","dateModified":"2022-11-28T09:18:37+00:00","mainEntityOfPage":{"@id":"https:\/\/charleroi-pourlapalestine.be\/index.php\/2022\/11\/28\/autodetermination-juive-ou-suprematie-juive\/"},"wordCount":2889,"publisher":{"@id":"https:\/\/charleroi-pourlapalestine.be\/#organization"},"image":{"@id":"https:\/\/charleroi-pourlapalestine.be\/index.php\/2022\/11\/28\/autodetermination-juive-ou-suprematie-juive\/#primaryimage"},"thumbnailUrl":"https:\/\/charleroi-pourlapalestine.be\/wp-content\/uploads\/2022\/11\/Des-enfants-palestiniens-sur-le-toit-dune-maison-a-Jerusalem-Est.jpg","keywords":["Joseph Massad"],"articleSection":["D\u00e9mographie","L'Etat colonial","Sionisme"],"inLanguage":"fr-FR"},{"@type":"WebPage","@id":"https:\/\/charleroi-pourlapalestine.be\/index.php\/2022\/11\/28\/autodetermination-juive-ou-suprematie-juive\/","url":"https:\/\/charleroi-pourlapalestine.be\/index.php\/2022\/11\/28\/autodetermination-juive-ou-suprematie-juive\/","name":"\u00ab Autod\u00e9termination \u00bb juive ou supr\u00e9matie juive ? - Charleroi Pour la Palestine","isPartOf":{"@id":"https:\/\/charleroi-pourlapalestine.be\/#website"},"primaryImageOfPage":{"@id":"https:\/\/charleroi-pourlapalestine.be\/index.php\/2022\/11\/28\/autodetermination-juive-ou-suprematie-juive\/#primaryimage"},"image":{"@id":"https:\/\/charleroi-pourlapalestine.be\/index.php\/2022\/11\/28\/autodetermination-juive-ou-suprematie-juive\/#primaryimage"},"thumbnailUrl":"https:\/\/charleroi-pourlapalestine.be\/wp-content\/uploads\/2022\/11\/Des-enfants-palestiniens-sur-le-toit-dune-maison-a-Jerusalem-Est.jpg","datePublished":"2022-11-28T09:04:34+00:00","dateModified":"2022-11-28T09:18:37+00:00","description":"Ces derni\u00e8res d\u00e9cennies, le gouvernement isra\u00e9lien a \u00e9t\u00e9 obs\u00e9d\u00e9 par le nombre en baisse des Juifs isra\u00e9liens et ceux en hausse des Palestiniens. C\u2019est \u00e0 la lumi\u00e8re de ces r\u00e9alit\u00e9s que les propagandistes sionistes et isra\u00e9liens se sont mis \u00e0 parler de plus en plus d\u2019\u00ab autod\u00e9termination juive \u00bb.","breadcrumb":{"@id":"https:\/\/charleroi-pourlapalestine.be\/index.php\/2022\/11\/28\/autodetermination-juive-ou-suprematie-juive\/#breadcrumb"},"inLanguage":"fr-FR","potentialAction":[{"@type":"ReadAction","target":["https:\/\/charleroi-pourlapalestine.be\/index.php\/2022\/11\/28\/autodetermination-juive-ou-suprematie-juive\/"]}]},{"@type":"ImageObject","inLanguage":"fr-FR","@id":"https:\/\/charleroi-pourlapalestine.be\/index.php\/2022\/11\/28\/autodetermination-juive-ou-suprematie-juive\/#primaryimage","url":"https:\/\/charleroi-pourlapalestine.be\/wp-content\/uploads\/2022\/11\/Des-enfants-palestiniens-sur-le-toit-dune-maison-a-Jerusalem-Est.jpg","contentUrl":"https:\/\/charleroi-pourlapalestine.be\/wp-content\/uploads\/2022\/11\/Des-enfants-palestiniens-sur-le-toit-dune-maison-a-Jerusalem-Est.jpg","width":600,"height":400},{"@type":"BreadcrumbList","@id":"https:\/\/charleroi-pourlapalestine.be\/index.php\/2022\/11\/28\/autodetermination-juive-ou-suprematie-juive\/#breadcrumb","itemListElement":[{"@type":"ListItem","position":1,"name":"Accueil","item":"https:\/\/charleroi-pourlapalestine.be\/"},{"@type":"ListItem","position":2,"name":"\u00ab Autod\u00e9termination \u00bb juive ou supr\u00e9matie juive ?"}]},{"@type":"WebSite","@id":"https:\/\/charleroi-pourlapalestine.be\/#website","url":"https:\/\/charleroi-pourlapalestine.be\/","name":"Charleroi Pour la Palestine","description":"","publisher":{"@id":"https:\/\/charleroi-pourlapalestine.be\/#organization"},"potentialAction":[{"@type":"SearchAction","target":{"@type":"EntryPoint","urlTemplate":"https:\/\/charleroi-pourlapalestine.be\/?s={search_term_string}"},"query-input":{"@type":"PropertyValueSpecification","valueRequired":true,"valueName":"search_term_string"}}],"inLanguage":"fr-FR"},{"@type":"Organization","@id":"https:\/\/charleroi-pourlapalestine.be\/#organization","name":"Plate-forme Charleroi-Palestine","url":"https:\/\/charleroi-pourlapalestine.be\/","logo":{"@type":"ImageObject","inLanguage":"fr-FR","@id":"https:\/\/charleroi-pourlapalestine.be\/#\/schema\/logo\/image\/","url":"https:\/\/charleroi-pourlapalestine.be\/wp-content\/uploads\/2020\/01\/logo-Copy.jpg","contentUrl":"https:\/\/charleroi-pourlapalestine.be\/wp-content\/uploads\/2020\/01\/logo-Copy.jpg","width":180,"height":180,"caption":"Plate-forme Charleroi-Palestine"},"image":{"@id":"https:\/\/charleroi-pourlapalestine.be\/#\/schema\/logo\/image\/"},"sameAs":["https:\/\/www.facebook.com\/PlateformeCharleroiPalestine\/","https:\/\/x.com\/LaCharleroi"]},{"@type":"Person","@id":"https:\/\/charleroi-pourlapalestine.be\/#\/schema\/person\/c19ff515112f1299d8c12671d8fe3faa","name":"admin1873","url":"https:\/\/charleroi-pourlapalestine.be\/index.php\/author\/admin1873\/"}]}},"_links":{"self":[{"href":"https:\/\/charleroi-pourlapalestine.be\/index.php\/wp-json\/wp\/v2\/posts\/47832","targetHints":{"allow":["GET"]}}],"collection":[{"href":"https:\/\/charleroi-pourlapalestine.be\/index.php\/wp-json\/wp\/v2\/posts"}],"about":[{"href":"https:\/\/charleroi-pourlapalestine.be\/index.php\/wp-json\/wp\/v2\/types\/post"}],"author":[{"embeddable":true,"href":"https:\/\/charleroi-pourlapalestine.be\/index.php\/wp-json\/wp\/v2\/users\/1"}],"replies":[{"embeddable":true,"href":"https:\/\/charleroi-pourlapalestine.be\/index.php\/wp-json\/wp\/v2\/comments?post=47832"}],"version-history":[{"count":0,"href":"https:\/\/charleroi-pourlapalestine.be\/index.php\/wp-json\/wp\/v2\/posts\/47832\/revisions"}],"wp:featuredmedia":[{"embeddable":true,"href":"https:\/\/charleroi-pourlapalestine.be\/index.php\/wp-json\/wp\/v2\/media\/47844"}],"wp:attachment":[{"href":"https:\/\/charleroi-pourlapalestine.be\/index.php\/wp-json\/wp\/v2\/media?parent=47832"}],"wp:term":[{"taxonomy":"category","embeddable":true,"href":"https:\/\/charleroi-pourlapalestine.be\/index.php\/wp-json\/wp\/v2\/categories?post=47832"},{"taxonomy":"post_tag","embeddable":true,"href":"https:\/\/charleroi-pourlapalestine.be\/index.php\/wp-json\/wp\/v2\/tags?post=47832"}],"curies":[{"name":"wp","href":"https:\/\/api.w.org\/{rel}","templated":true}]}}