{"id":482,"date":"2019-11-24T10:18:00","date_gmt":"2019-11-24T09:18:00","guid":{"rendered":"https:\/\/charleroi-pourlapalestine.be\/?p=482"},"modified":"2020-02-20T08:58:28","modified_gmt":"2020-02-20T07:58:28","slug":"leila-khaled-poursuivre-la-resistance","status":"publish","type":"post","link":"https:\/\/charleroi-pourlapalestine.be\/index.php\/2019\/11\/24\/leila-khaled-poursuivre-la-resistance\/","title":{"rendered":"Non \u00e0 la reddition, oui \u00e0 la r\u00e9sistance \/ Leila Khaled"},"content":{"rendered":"\n<h4 class=\"wp-block-heading\">Leila Khaled : la r\u00e9alisation des  objectifs du peuple palestinien passe par la poursuite de la r\u00e9sistance  et non par la reddition<\/h4>\n\n\n\n<p>Nov 25, 2019 | <a href=\"https:\/\/palestinevaincra.com\/category\/actualites\/palestine\/\">Palestine<\/a><\/p>\n\n\n\n<figure class=\"wp-block-image\"><img decoding=\"async\" src=\"https:\/\/palestinevaincra.com\/site\/wp-content\/uploads\/2019\/11\/59d146add0fc1.jpg\" alt=\"Leila Khaled : La r\u00e9alisation des objectifs du peuple palestinien passe par la poursuite de la R\u00e9sistance et non par la reddition\"\/><figcaption>Leila Khaled<\/figcaption><\/figure>\n\n\n\n<p><em>\u00ab&nbsp;Les  dirigeants palestiniens ne veulent pas annuler les accords sign\u00e9s avec  Isra\u00ebl parce qu\u2019ils ont pari\u00e9 et sont toujours en n\u00e9gociations pour  mettre fin \u00e0 l\u2019occupation isra\u00e9lienne malgr\u00e9 l\u2019\u00e9chec de cette voie&nbsp;\u00bb<\/em>, a d\u00e9clar\u00e9 <strong>Leila Khaled<\/strong>, membre du bureau politique du <strong>Front Populaire pour la Lib\u00e9ration de la Palestine (FPLP<\/strong>).<\/p>\n\n\n\n<p>Dans un communiqu\u00e9 de presse, les dirigeants palestiniens ont appel\u00e9 \u00e0 <em>\u00ab&nbsp;retirer la reconnaissance d\u2019Isra\u00ebl et \u00e0 mettre fin aux accords d\u2019Oslo et \u00e0 ses annexes \u00e9conomiques et de s\u00e9curit\u00e9&nbsp;\u00bb<\/em>, soulignant la n\u00e9cessit\u00e9 de <em>\u00ab&nbsp;mettre\n en \u0153uvre les d\u00e9cisions du Conseil central prises au cours des sessions \nsuccessives, qui mettent l\u2019accent sur l\u2019arr\u00eat de la coordination de la \ns\u00e9curit\u00e9 avec l\u2019occupation, le retrait de la reconnaissance d\u2019Isra\u00ebl et \nle rejet de l\u2019accord du si\u00e8cle&nbsp;\u00bb<\/em>.<\/p>\n\n\n\n<p><strong>Leila Khaled <\/strong>a soulign\u00e9 que <em>\u00ab&nbsp;Oslo a consacr\u00e9 la reconnaissance \u00e0 Isra\u00ebl et dissimule en retour les droits du peuple palestinien&nbsp;\u00bb<\/em>, ajoutant que ces accords <em>\u00ab&nbsp;avaient  fait faire de grands progr\u00e8s pour l\u2019occupation isra\u00e9lienne aux d\u00e9pens  du peuple palestinien et de ses droits nationaux&nbsp;\u00bb<\/em>.<\/p>\n\n\n\n<p><em>\u00ab&nbsp;Oslo a largement ouvert la porte \u00e0 l\u2019entit\u00e9 sioniste pour \nqu\u2019elle approfondisse son projet d\u2019annexion dans les territoires \npalestiniens, par le biais de la colonisation et de la juda\u00efsation, et \nbloque la voie vers toute possibilit\u00e9 de cr\u00e9ation d\u2019un \u00c9tat \npalestinien&nbsp;\u00bb<\/em>.<\/p>\n\n\n\n<p>Elle a poursuivi sa d\u00e9claration en affirmant que <em>\u00ab&nbsp;l\u2019alternative \npour atteindre les objectifs nationaux palestiniens et mettre fin \u00e0 \nl\u2019occupation isra\u00e9lienne n\u00e9cessite tout d\u2019abord de mettre fin \u00e0 la \ndivision palestinienne conform\u00e9ment aux accords sign\u00e9s et de parvenir \u00e0 \nla r\u00e9conciliation et \u00e0 l\u2019unit\u00e9 nationale&nbsp;\u00bb.<\/em><\/p>\n\n\n\n<p>Elle a \u00e9galement ajout\u00e9 que la solution consiste \u00e0 <em>\u00ab&nbsp;reconstruire \nl\u2019OLP et \u00e0 cr\u00e9er un v\u00e9ritable partenariat dans la gestion des conflits \navec l\u2019occupation, sur la base d\u2019un programme de lib\u00e9ration nationale \nrespectant nos droits nationaux et historiques en Palestine&nbsp;\u00bb<\/em>.<\/p>\n\n\n\n<p>Elle a estim\u00e9 que <em>\u00ab&nbsp;la r\u00e9alisation des objectifs du peuple  palestinien en mati\u00e8re de retour, de libert\u00e9 et d\u2019ind\u00e9pendance passe par  la poursuite de la R\u00e9sistance et non par la politique de reddition et  de coordination avec l\u2019occupation et le respect des accords sign\u00e9s avec  elle&nbsp;\u00bb<\/em>.<\/p>\n\n\n\n<p>Source : <a href=\"http:\/\/Leila Khaled : La r\u00e9alisation des objectifs du peuple palestinien passe par la poursuite de la R\u00e9sistance et non par la reddition  Nov 25, 2019 | Palestine Leila Khaled : La r\u00e9alisation des objectifs du peuple palestinien passe par la poursuite de la R\u00e9sistance et non par la reddition Partager :  \u00ab Les dirigeants palestiniens ne veulent pas annuler les accords sign\u00e9s avec Isra\u00ebl parce qu\u2019ils ont pari\u00e9 et sont toujours en n\u00e9gociations pour mettre fin \u00e0 l\u2019occupation isra\u00e9lienne malgr\u00e9 l\u2019\u00e9chec de cette voie \u00bb, a d\u00e9clar\u00e9 Leila Khaled, membre du bureau politique du Front Populaire pour la Lib\u00e9ration de la Palestine (FPLP).  Dans un communiqu\u00e9 de presse, les dirigeants palestiniens ont appel\u00e9 \u00e0 \u00ab retirer la reconnaissance d\u2019Isra\u00ebl et \u00e0 mettre fin aux accords d\u2019Oslo et \u00e0 ses annexes \u00e9conomiques et de s\u00e9curit\u00e9 \u00bb, soulignant la n\u00e9cessit\u00e9 de \u00ab mettre en \u0153uvre les d\u00e9cisions du Conseil central prises au cours des sessions successives, qui mettent l\u2019accent sur l\u2019arr\u00eat de la coordination de la s\u00e9curit\u00e9 avec l\u2019occupation, le retrait de la reconnaissance d\u2019Isra\u00ebl et le rejet de l\u2019accord du si\u00e8cle \u00bb.  Leila Khaled a soulign\u00e9 que \u00ab Oslo a consacr\u00e9 la reconnaissance \u00e0 Isra\u00ebl et dissimule en retour les droits du peuple palestinien \u00bb, ajoutant que ces accords \u00ab avaient fait faire de grands progr\u00e8s pour l\u2019occupation isra\u00e9lienne aux d\u00e9pens du peuple palestinien et de ses droits nationaux \u00bb.  \u00ab Oslo a largement ouvert la porte \u00e0 l\u2019entit\u00e9 sioniste pour qu\u2019elle approfondisse son projet d\u2019annexion dans les territoires palestiniens, par le biais de la colonisation et de la juda\u00efsation, et bloque la voie vers toute possibilit\u00e9 de cr\u00e9ation d\u2019un \u00c9tat palestinien \u00bb.  Elle a poursuivi sa d\u00e9claration en affirmant que \u00ab l\u2019alternative pour atteindre les objectifs nationaux palestiniens et mettre fin \u00e0 l\u2019occupation isra\u00e9lienne n\u00e9cessite tout d\u2019abord de mettre fin \u00e0 la division palestinienne conform\u00e9ment aux accords sign\u00e9s et de parvenir \u00e0 la r\u00e9conciliation et \u00e0 l\u2019unit\u00e9 nationale \u00bb.  Elle a \u00e9galement ajout\u00e9 que la solution consiste \u00e0 \u00ab reconstruire l\u2019OLP et \u00e0 cr\u00e9er un v\u00e9ritable partenariat dans la gestion des conflits avec l\u2019occupation, sur la base d\u2019un programme de lib\u00e9ration nationale respectant nos droits nationaux et historiques en Palestine \u00bb.  Elle a estim\u00e9 que \u00ab la r\u00e9alisation des objectifs du peuple palestinien en mati\u00e8re de retour, de libert\u00e9 et d\u2019ind\u00e9pendance passe par la poursuite de la R\u00e9sistance et non par la politique de reddition et de coordination avec l\u2019occupation et le respect des accords sign\u00e9s avec elle \u00bb.\">Collectif Palestine Vaincra<\/a>, 25\/11\/2019<\/p>\n","protected":false},"excerpt":{"rendered":"<p>Leila Khaled : la r\u00e9alisation des  objectifs du peuple palestinien passe par la poursuite de la r\u00e9sistance  et non par la reddition<\/p>\n","protected":false},"author":1,"featured_media":484,"comment_status":"closed","ping_status":"open","sticky":false,"template":"","format":"standard","meta":{"ngg_post_thumbnail":0,"footnotes":""},"categories":[22,23,25],"tags":[259],"class_list":["post-482","post","type-post","status-publish","format-standard","has-post-thumbnail","hentry","category-lolp","category-oslo","category-la-resistance-palestinienne","tag-leila-khaled"],"yoast_head":"<!-- This site is optimized with the Yoast SEO plugin v27.3 - https:\/\/yoast.com\/product\/yoast-seo-wordpress\/ -->\n<title>Non \u00e0 la reddition, oui \u00e0 la r\u00e9sistance \/ Leila Khaled<\/title>\n<meta name=\"description\" content=\"Leila Khaled : la r\u00e9alisation des objectifs du peuple palestinien passe par la poursuite de la r\u00e9sistance et non par la reddition\" \/>\n<meta name=\"robots\" content=\"index, follow, max-snippet:-1, max-image-preview:large, max-video-preview:-1\" \/>\n<link rel=\"canonical\" href=\"https:\/\/charleroi-pourlapalestine.be\/index.php\/2019\/11\/24\/leila-khaled-poursuivre-la-resistance\/\" \/>\n<script type=\"application\/ld+json\" class=\"yoast-schema-graph\">{\"@context\":\"https:\\\/\\\/schema.org\",\"@graph\":[{\"@type\":\"Article\",\"@id\":\"https:\\\/\\\/charleroi-pourlapalestine.be\\\/index.php\\\/2019\\\/11\\\/24\\\/leila-khaled-poursuivre-la-resistance\\\/#article\",\"isPartOf\":{\"@id\":\"https:\\\/\\\/charleroi-pourlapalestine.be\\\/index.php\\\/2019\\\/11\\\/24\\\/leila-khaled-poursuivre-la-resistance\\\/\"},\"author\":{\"name\":\"admin1873\",\"@id\":\"https:\\\/\\\/charleroi-pourlapalestine.be\\\/#\\\/schema\\\/person\\\/c19ff515112f1299d8c12671d8fe3faa\"},\"headline\":\"Non \u00e0 la reddition, oui \u00e0 la r\u00e9sistance \\\/ Leila Khaled\",\"datePublished\":\"2019-11-24T09:18:00+00:00\",\"dateModified\":\"2020-02-20T07:58:28+00:00\",\"mainEntityOfPage\":{\"@id\":\"https:\\\/\\\/charleroi-pourlapalestine.be\\\/index.php\\\/2019\\\/11\\\/24\\\/leila-khaled-poursuivre-la-resistance\\\/\"},\"wordCount\":444,\"publisher\":{\"@id\":\"https:\\\/\\\/charleroi-pourlapalestine.be\\\/#organization\"},\"image\":{\"@id\":\"https:\\\/\\\/charleroi-pourlapalestine.be\\\/index.php\\\/2019\\\/11\\\/24\\\/leila-khaled-poursuivre-la-resistance\\\/#primaryimage\"},\"thumbnailUrl\":\"https:\\\/\\\/charleroi-pourlapalestine.be\\\/wp-content\\\/uploads\\\/2019\\\/11\\\/leila-Copy.jpg\",\"keywords\":[\"Leila Khaled\"],\"articleSection\":[\"OLP\",\"Oslo\",\"R\u00e9sistance\"],\"inLanguage\":\"fr-FR\"},{\"@type\":\"WebPage\",\"@id\":\"https:\\\/\\\/charleroi-pourlapalestine.be\\\/index.php\\\/2019\\\/11\\\/24\\\/leila-khaled-poursuivre-la-resistance\\\/\",\"url\":\"https:\\\/\\\/charleroi-pourlapalestine.be\\\/index.php\\\/2019\\\/11\\\/24\\\/leila-khaled-poursuivre-la-resistance\\\/\",\"name\":\"Non \u00e0 la reddition, oui \u00e0 la r\u00e9sistance \\\/ Leila Khaled\",\"isPartOf\":{\"@id\":\"https:\\\/\\\/charleroi-pourlapalestine.be\\\/#website\"},\"primaryImageOfPage\":{\"@id\":\"https:\\\/\\\/charleroi-pourlapalestine.be\\\/index.php\\\/2019\\\/11\\\/24\\\/leila-khaled-poursuivre-la-resistance\\\/#primaryimage\"},\"image\":{\"@id\":\"https:\\\/\\\/charleroi-pourlapalestine.be\\\/index.php\\\/2019\\\/11\\\/24\\\/leila-khaled-poursuivre-la-resistance\\\/#primaryimage\"},\"thumbnailUrl\":\"https:\\\/\\\/charleroi-pourlapalestine.be\\\/wp-content\\\/uploads\\\/2019\\\/11\\\/leila-Copy.jpg\",\"datePublished\":\"2019-11-24T09:18:00+00:00\",\"dateModified\":\"2020-02-20T07:58:28+00:00\",\"description\":\"Leila Khaled : la r\u00e9alisation des objectifs du peuple palestinien passe par la poursuite de la r\u00e9sistance et non par la reddition\",\"breadcrumb\":{\"@id\":\"https:\\\/\\\/charleroi-pourlapalestine.be\\\/index.php\\\/2019\\\/11\\\/24\\\/leila-khaled-poursuivre-la-resistance\\\/#breadcrumb\"},\"inLanguage\":\"fr-FR\",\"potentialAction\":[{\"@type\":\"ReadAction\",\"target\":[\"https:\\\/\\\/charleroi-pourlapalestine.be\\\/index.php\\\/2019\\\/11\\\/24\\\/leila-khaled-poursuivre-la-resistance\\\/\"]}]},{\"@type\":\"ImageObject\",\"inLanguage\":\"fr-FR\",\"@id\":\"https:\\\/\\\/charleroi-pourlapalestine.be\\\/index.php\\\/2019\\\/11\\\/24\\\/leila-khaled-poursuivre-la-resistance\\\/#primaryimage\",\"url\":\"https:\\\/\\\/charleroi-pourlapalestine.be\\\/wp-content\\\/uploads\\\/2019\\\/11\\\/leila-Copy.jpg\",\"contentUrl\":\"https:\\\/\\\/charleroi-pourlapalestine.be\\\/wp-content\\\/uploads\\\/2019\\\/11\\\/leila-Copy.jpg\",\"width\":520,\"height\":268},{\"@type\":\"BreadcrumbList\",\"@id\":\"https:\\\/\\\/charleroi-pourlapalestine.be\\\/index.php\\\/2019\\\/11\\\/24\\\/leila-khaled-poursuivre-la-resistance\\\/#breadcrumb\",\"itemListElement\":[{\"@type\":\"ListItem\",\"position\":1,\"name\":\"Accueil\",\"item\":\"https:\\\/\\\/charleroi-pourlapalestine.be\\\/\"},{\"@type\":\"ListItem\",\"position\":2,\"name\":\"Non \u00e0 la reddition, oui \u00e0 la r\u00e9sistance \\\/ Leila Khaled\"}]},{\"@type\":\"WebSite\",\"@id\":\"https:\\\/\\\/charleroi-pourlapalestine.be\\\/#website\",\"url\":\"https:\\\/\\\/charleroi-pourlapalestine.be\\\/\",\"name\":\"Charleroi Pour la Palestine\",\"description\":\"\",\"publisher\":{\"@id\":\"https:\\\/\\\/charleroi-pourlapalestine.be\\\/#organization\"},\"potentialAction\":[{\"@type\":\"SearchAction\",\"target\":{\"@type\":\"EntryPoint\",\"urlTemplate\":\"https:\\\/\\\/charleroi-pourlapalestine.be\\\/?s={search_term_string}\"},\"query-input\":{\"@type\":\"PropertyValueSpecification\",\"valueRequired\":true,\"valueName\":\"search_term_string\"}}],\"inLanguage\":\"fr-FR\"},{\"@type\":\"Organization\",\"@id\":\"https:\\\/\\\/charleroi-pourlapalestine.be\\\/#organization\",\"name\":\"Plate-forme Charleroi-Palestine\",\"url\":\"https:\\\/\\\/charleroi-pourlapalestine.be\\\/\",\"logo\":{\"@type\":\"ImageObject\",\"inLanguage\":\"fr-FR\",\"@id\":\"https:\\\/\\\/charleroi-pourlapalestine.be\\\/#\\\/schema\\\/logo\\\/image\\\/\",\"url\":\"https:\\\/\\\/charleroi-pourlapalestine.be\\\/wp-content\\\/uploads\\\/2020\\\/01\\\/logo-Copy.jpg\",\"contentUrl\":\"https:\\\/\\\/charleroi-pourlapalestine.be\\\/wp-content\\\/uploads\\\/2020\\\/01\\\/logo-Copy.jpg\",\"width\":180,\"height\":180,\"caption\":\"Plate-forme Charleroi-Palestine\"},\"image\":{\"@id\":\"https:\\\/\\\/charleroi-pourlapalestine.be\\\/#\\\/schema\\\/logo\\\/image\\\/\"},\"sameAs\":[\"https:\\\/\\\/www.facebook.com\\\/PlateformeCharleroiPalestine\\\/\",\"https:\\\/\\\/x.com\\\/LaCharleroi\"]},{\"@type\":\"Person\",\"@id\":\"https:\\\/\\\/charleroi-pourlapalestine.be\\\/#\\\/schema\\\/person\\\/c19ff515112f1299d8c12671d8fe3faa\",\"name\":\"admin1873\",\"url\":\"https:\\\/\\\/charleroi-pourlapalestine.be\\\/index.php\\\/author\\\/admin1873\\\/\"}]}<\/script>\n<!-- \/ Yoast SEO plugin. -->","yoast_head_json":{"title":"Non \u00e0 la reddition, oui \u00e0 la r\u00e9sistance \/ Leila Khaled","description":"Leila Khaled : la r\u00e9alisation des objectifs du peuple palestinien passe par la poursuite de la r\u00e9sistance et non par la reddition","robots":{"index":"index","follow":"follow","max-snippet":"max-snippet:-1","max-image-preview":"max-image-preview:large","max-video-preview":"max-video-preview:-1"},"canonical":"https:\/\/charleroi-pourlapalestine.be\/index.php\/2019\/11\/24\/leila-khaled-poursuivre-la-resistance\/","schema":{"@context":"https:\/\/schema.org","@graph":[{"@type":"Article","@id":"https:\/\/charleroi-pourlapalestine.be\/index.php\/2019\/11\/24\/leila-khaled-poursuivre-la-resistance\/#article","isPartOf":{"@id":"https:\/\/charleroi-pourlapalestine.be\/index.php\/2019\/11\/24\/leila-khaled-poursuivre-la-resistance\/"},"author":{"name":"admin1873","@id":"https:\/\/charleroi-pourlapalestine.be\/#\/schema\/person\/c19ff515112f1299d8c12671d8fe3faa"},"headline":"Non \u00e0 la reddition, oui \u00e0 la r\u00e9sistance \/ Leila Khaled","datePublished":"2019-11-24T09:18:00+00:00","dateModified":"2020-02-20T07:58:28+00:00","mainEntityOfPage":{"@id":"https:\/\/charleroi-pourlapalestine.be\/index.php\/2019\/11\/24\/leila-khaled-poursuivre-la-resistance\/"},"wordCount":444,"publisher":{"@id":"https:\/\/charleroi-pourlapalestine.be\/#organization"},"image":{"@id":"https:\/\/charleroi-pourlapalestine.be\/index.php\/2019\/11\/24\/leila-khaled-poursuivre-la-resistance\/#primaryimage"},"thumbnailUrl":"https:\/\/charleroi-pourlapalestine.be\/wp-content\/uploads\/2019\/11\/leila-Copy.jpg","keywords":["Leila Khaled"],"articleSection":["OLP","Oslo","R\u00e9sistance"],"inLanguage":"fr-FR"},{"@type":"WebPage","@id":"https:\/\/charleroi-pourlapalestine.be\/index.php\/2019\/11\/24\/leila-khaled-poursuivre-la-resistance\/","url":"https:\/\/charleroi-pourlapalestine.be\/index.php\/2019\/11\/24\/leila-khaled-poursuivre-la-resistance\/","name":"Non \u00e0 la reddition, oui \u00e0 la r\u00e9sistance \/ Leila Khaled","isPartOf":{"@id":"https:\/\/charleroi-pourlapalestine.be\/#website"},"primaryImageOfPage":{"@id":"https:\/\/charleroi-pourlapalestine.be\/index.php\/2019\/11\/24\/leila-khaled-poursuivre-la-resistance\/#primaryimage"},"image":{"@id":"https:\/\/charleroi-pourlapalestine.be\/index.php\/2019\/11\/24\/leila-khaled-poursuivre-la-resistance\/#primaryimage"},"thumbnailUrl":"https:\/\/charleroi-pourlapalestine.be\/wp-content\/uploads\/2019\/11\/leila-Copy.jpg","datePublished":"2019-11-24T09:18:00+00:00","dateModified":"2020-02-20T07:58:28+00:00","description":"Leila Khaled : la r\u00e9alisation des objectifs du peuple palestinien passe par la poursuite de la r\u00e9sistance et non par la reddition","breadcrumb":{"@id":"https:\/\/charleroi-pourlapalestine.be\/index.php\/2019\/11\/24\/leila-khaled-poursuivre-la-resistance\/#breadcrumb"},"inLanguage":"fr-FR","potentialAction":[{"@type":"ReadAction","target":["https:\/\/charleroi-pourlapalestine.be\/index.php\/2019\/11\/24\/leila-khaled-poursuivre-la-resistance\/"]}]},{"@type":"ImageObject","inLanguage":"fr-FR","@id":"https:\/\/charleroi-pourlapalestine.be\/index.php\/2019\/11\/24\/leila-khaled-poursuivre-la-resistance\/#primaryimage","url":"https:\/\/charleroi-pourlapalestine.be\/wp-content\/uploads\/2019\/11\/leila-Copy.jpg","contentUrl":"https:\/\/charleroi-pourlapalestine.be\/wp-content\/uploads\/2019\/11\/leila-Copy.jpg","width":520,"height":268},{"@type":"BreadcrumbList","@id":"https:\/\/charleroi-pourlapalestine.be\/index.php\/2019\/11\/24\/leila-khaled-poursuivre-la-resistance\/#breadcrumb","itemListElement":[{"@type":"ListItem","position":1,"name":"Accueil","item":"https:\/\/charleroi-pourlapalestine.be\/"},{"@type":"ListItem","position":2,"name":"Non \u00e0 la reddition, oui \u00e0 la r\u00e9sistance \/ Leila Khaled"}]},{"@type":"WebSite","@id":"https:\/\/charleroi-pourlapalestine.be\/#website","url":"https:\/\/charleroi-pourlapalestine.be\/","name":"Charleroi Pour la Palestine","description":"","publisher":{"@id":"https:\/\/charleroi-pourlapalestine.be\/#organization"},"potentialAction":[{"@type":"SearchAction","target":{"@type":"EntryPoint","urlTemplate":"https:\/\/charleroi-pourlapalestine.be\/?s={search_term_string}"},"query-input":{"@type":"PropertyValueSpecification","valueRequired":true,"valueName":"search_term_string"}}],"inLanguage":"fr-FR"},{"@type":"Organization","@id":"https:\/\/charleroi-pourlapalestine.be\/#organization","name":"Plate-forme Charleroi-Palestine","url":"https:\/\/charleroi-pourlapalestine.be\/","logo":{"@type":"ImageObject","inLanguage":"fr-FR","@id":"https:\/\/charleroi-pourlapalestine.be\/#\/schema\/logo\/image\/","url":"https:\/\/charleroi-pourlapalestine.be\/wp-content\/uploads\/2020\/01\/logo-Copy.jpg","contentUrl":"https:\/\/charleroi-pourlapalestine.be\/wp-content\/uploads\/2020\/01\/logo-Copy.jpg","width":180,"height":180,"caption":"Plate-forme Charleroi-Palestine"},"image":{"@id":"https:\/\/charleroi-pourlapalestine.be\/#\/schema\/logo\/image\/"},"sameAs":["https:\/\/www.facebook.com\/PlateformeCharleroiPalestine\/","https:\/\/x.com\/LaCharleroi"]},{"@type":"Person","@id":"https:\/\/charleroi-pourlapalestine.be\/#\/schema\/person\/c19ff515112f1299d8c12671d8fe3faa","name":"admin1873","url":"https:\/\/charleroi-pourlapalestine.be\/index.php\/author\/admin1873\/"}]}},"_links":{"self":[{"href":"https:\/\/charleroi-pourlapalestine.be\/index.php\/wp-json\/wp\/v2\/posts\/482","targetHints":{"allow":["GET"]}}],"collection":[{"href":"https:\/\/charleroi-pourlapalestine.be\/index.php\/wp-json\/wp\/v2\/posts"}],"about":[{"href":"https:\/\/charleroi-pourlapalestine.be\/index.php\/wp-json\/wp\/v2\/types\/post"}],"author":[{"embeddable":true,"href":"https:\/\/charleroi-pourlapalestine.be\/index.php\/wp-json\/wp\/v2\/users\/1"}],"replies":[{"embeddable":true,"href":"https:\/\/charleroi-pourlapalestine.be\/index.php\/wp-json\/wp\/v2\/comments?post=482"}],"version-history":[{"count":0,"href":"https:\/\/charleroi-pourlapalestine.be\/index.php\/wp-json\/wp\/v2\/posts\/482\/revisions"}],"wp:featuredmedia":[{"embeddable":true,"href":"https:\/\/charleroi-pourlapalestine.be\/index.php\/wp-json\/wp\/v2\/media\/484"}],"wp:attachment":[{"href":"https:\/\/charleroi-pourlapalestine.be\/index.php\/wp-json\/wp\/v2\/media?parent=482"}],"wp:term":[{"taxonomy":"category","embeddable":true,"href":"https:\/\/charleroi-pourlapalestine.be\/index.php\/wp-json\/wp\/v2\/categories?post=482"},{"taxonomy":"post_tag","embeddable":true,"href":"https:\/\/charleroi-pourlapalestine.be\/index.php\/wp-json\/wp\/v2\/tags?post=482"}],"curies":[{"name":"wp","href":"https:\/\/api.w.org\/{rel}","templated":true}]}}