{"id":5022,"date":"2020-02-15T20:16:39","date_gmt":"2020-02-15T19:16:39","guid":{"rendered":"https:\/\/charleroi-pourlapalestine.be\/?p=5022"},"modified":"2020-02-15T20:27:14","modified_gmt":"2020-02-15T19:27:14","slug":"linterdiction-par-israel-de-lexportation-de-produits-agricoles-paralyse-les-fermiers-palestiniens","status":"publish","type":"post","link":"https:\/\/charleroi-pourlapalestine.be\/index.php\/2020\/02\/15\/linterdiction-par-israel-de-lexportation-de-produits-agricoles-paralyse-les-fermiers-palestiniens\/","title":{"rendered":"L&rsquo;interdiction de l&rsquo;exportation de produits agricoles paralyse les fermiers palestiniens"},"content":{"rendered":"<div id=\"attachment_5026\" style=\"width: 530px\" class=\"wp-caption alignnone\"><img loading=\"lazy\" decoding=\"async\" aria-describedby=\"caption-attachment-5026\" class=\"wp-image-5026 size-full\" src=\"https:\/\/charleroi-pourlapalestine.be\/wp-content\/uploads\/2020\/02\/Palestijnse-boeren-Copy.png\" alt=\"\" width=\"520\" height=\"258\"><p id=\"caption-attachment-5026\" class=\"wp-caption-text\">TrickyH, Wikimedia Commons \/ CC-BY-SA-3.0<\/p><\/div>\n<p><strong>Oxfam craint de graves cons\u00e9quences pour l&rsquo;interdiction par Isra\u00ebl de l&rsquo;exportation de produits frais en provenance des territoires palestiniens occup\u00e9s.<\/strong><\/p>\n<p>Une telle interdiction provoque une exclusion compl\u00e8te des produits agricoles frais des Palestiniens sur le march\u00e9 international et va donc en droite ligne \u00e0 l&rsquo;encontre du protocole de Paris et des prescriptions de l&rsquo;Organisation mondiale du commerce.<\/p>\n<p>Le secteur agricole est le premier employeur palestinien.<\/p>\n<p>L&rsquo;effet paralysant sur le secteur, par le biais de mesures injustes et ill\u00e9gales, plongera plus de Palestiniens encore dans la pauvret\u00e9.<\/p>\n<p>L&rsquo;agriculture est donc d&rsquo;une importance vitale pour les communaut\u00e9s touch\u00e9es par l&rsquo;occupation isra\u00e9lienne et dans lesquelles une famille sur trois n&rsquo;a pas assez \u00e0 manger.<\/p>\n<p>Le secteur donne non seulement aux familles palestiniennes la possibilit\u00e9 de survivre, mais aussi de pouvoir rester sur leurs propres terres, et ce, dans un contexte de menace d&rsquo;annexion.<\/p>\n<h3>Les fermiers palestiniens paient le prix fort<\/h3>\n<p>Oxfam Belgique insiste sur le fait que ce seront les fermiers palestiniens et leurs familles qui paieront le prix fort de cette d\u00e9cision du minist\u00e8re isra\u00e9lien de la D\u00e9fense&nbsp;:<\/p>\n<blockquote>\n<p>\u00ab&nbsp;Les sanctions annonc\u00e9es arrivent au point culminant de la saison des exportations agricoles et donc au beau milieu d&rsquo;une p\u00e9riode critique&nbsp;\u00bb,<\/p>\n<\/blockquote>\n<p>explique <strong>Marion Meyvis, d&rsquo;Oxfam-Fair Trade<\/strong> (Commerce \u00e9quitable).<\/p>\n<blockquote>\n<p>\u00ab&nbsp;Nos partenaires palestiniens craignent que les importantes r\u00e9serves de dattes ne pourrissent parce qu&rsquo;elles courent le risque de ne pas arriver \u00e0 destination \u00e0 temps pour le Ramadan.&nbsp;\u00bb<\/p>\n<\/blockquote>\n<p>Ces derni\u00e8res ann\u00e9es, suite aux restrictions permanentes impos\u00e9es par les autorit\u00e9s isra\u00e9liennes et \u00e0 la baisse de la production agricole, les fermiers avaient d\u00e9j\u00e0 toutes les peines du monde \u00e0 conserver leur travail.<\/p>\n<p>En 2018, le secteur ne repr\u00e9sentait plus que 6,6 pour 100 de l&#8217;emploi total en territoire palestinien occup\u00e9, contre 14 pour 100 en 2008.<\/p>\n<p>La d\u00e9cision r\u00e9cente provoquera un impact des plus destructeurs sur le secteur.<\/p>\n<p>Oxfam insiste en outre sur le fait que les cons\u00e9quences se feront \u00e9galement sentir en Belgique.<\/p>\n<p>Ainsi, les Magasins du Monde d&rsquo;Oxfam ne pourront bient\u00f4t plus proposer de dattes et d&rsquo;huile d&rsquo;olive en provenance de Palestine.<\/p>\n<p>L&rsquo;interdiction qui frappe l&rsquo;exportation peut provoquer de lourds d\u00e9g\u00e2ts pour la r\u00e9putation de toutes les entreprises belges qui importent depuis la Palestine et qui sont donc d\u00e9pendantes de la livraison de ces produits.<\/p>\n<p>En moyenne, les entreprises belges importent pour quelque 128&nbsp;000 euros par an de produits agricoles palestiniens.<\/p>\n<h3>Appel \u00e0 une action mondiale<\/h3>\n<p>Oxfam appelle \u00e0 une action internationale afin de mettre fin imm\u00e9diatement \u00e0 cette interdiction avant que les Palestiniens n&rsquo;en paient le prix.<\/p>\n<p><strong>Oxfam-Belgique insiste aupr\u00e8s de la Belgique qui, durant tout le mois de f\u00e9vrier, occupe la pr\u00e9sidence du Conseil de s\u00e9curit\u00e9 des Nations unies, afin qu&rsquo;elle exerce des pressions sur le gouvernement isra\u00e9lien pour qu&rsquo;il annule sa d\u00e9cision.<\/strong><\/p>\n<blockquote>\n<p>\u00ab&nbsp;Cette mesure est un exemple marquant de la fa\u00e7on dont Isra\u00ebl contr\u00f4le l&rsquo;\u00e9conomie palestinienne&nbsp;\u00bb,<\/p>\n<\/blockquote>\n<p>explique <strong>Catherine De Bock,<\/strong> coop\u00e9rante en politique humanitaire pour Oxfam-Solidarit\u00e9.<\/p>\n<blockquote>\n<p>\u00ab&nbsp;Alors que la situation en territoire palestinien occup\u00e9 et en Isra\u00ebl est discut\u00e9e en ce moment sur l&rsquo;agenda mondial, avec des discussions au Parlement europ\u00e9en et au Conseil ext\u00e9rieur, ainsi qu&rsquo;au sein du Conseil de s\u00e9curit\u00e9 des Nations unies, pour les communaut\u00e9s palestiniennes, la r\u00e9alit\u00e9 r\u00e9gresse \u00e0 un rythme acc\u00e9l\u00e9r\u00e9.&nbsp;\u00bb<\/p>\n<\/blockquote>\n<hr>\n<p>Publi\u00e9 le 14 f\u00e9vrier 2020 sur <a href=\"https:\/\/www.dewereldmorgen.be\/artikel\/2020\/02\/14\/israelisch-verbod-op-de-export-van-landbouwproducten-verlammen-palestijnse-boeren\/\" target=\"_blank\" rel=\"noopener noreferrer\">De Wereld Morgen<\/a><\/p>\n<p><em>Marion Meyvis est product manager \u00e0 Oxfam-Fair Trade.<br><\/em><em>Catherine De Bock est coop\u00e9rante humanitaire \u00e0 Oxfam-Solidarit\u00e9.<br><\/em><em>Oxfam-Wereldwinkels, Oxfam-Magasins du Monde et Oxfam-Solidarit\u00e9 constituent ensemble Oxfam-Belgique, qui est membre de la conf\u00e9d\u00e9ration internationale .Oxfam<\/em>&nbsp;<\/p>\n\n\n<p>Lisez aussi : <a href=\"https:\/\/charleroi-pourlapalestine.be\/index.php\/2020\/02\/11\/israel-asphyxie-leconomie-palestinienne\/\">Isra\u00ebl asphyxie l&rsquo;\u00e9conomie palestinienne<\/a><\/p>\n","protected":false},"excerpt":{"rendered":"<p>Oxfam Belgique insiste sur le fait que ce seront les fermiers palestiniens qui paieront le prix fort de cette d\u00e9cision du minist\u00e8re isra\u00e9lien de la D\u00e9fense<\/p>\n","protected":false},"author":1,"featured_media":0,"comment_status":"closed","ping_status":"closed","sticky":false,"template":"","format":"standard","meta":{"ngg_post_thumbnail":0,"footnotes":""},"categories":[118,64,192],"tags":[],"class_list":["post-5022","post","type-post","status-publish","format-standard","hentry","category-agriculture","category-la-belgique","category-palestine"],"yoast_head":"<!-- This site is optimized with the Yoast SEO plugin v27.3 - https:\/\/yoast.com\/product\/yoast-seo-wordpress\/ -->\n<title>L&#039;interdiction de l&#039;exportation de produits agricoles paralyse les fermiers palestiniens<\/title>\n<meta name=\"description\" content=\"Oxfam Belgique insiste sur le fait que ce seront les fermiers palestiniens qui paieront le prix fort de cette d\u00e9cision du minist\u00e8re isra\u00e9lien de la D\u00e9fense\u00a0\" \/>\n<meta name=\"robots\" content=\"index, follow, max-snippet:-1, max-image-preview:large, max-video-preview:-1\" \/>\n<link rel=\"canonical\" href=\"https:\/\/charleroi-pourlapalestine.be\/index.php\/2020\/02\/15\/linterdiction-par-israel-de-lexportation-de-produits-agricoles-paralyse-les-fermiers-palestiniens\/\" \/>\n<script type=\"application\/ld+json\" class=\"yoast-schema-graph\">{\"@context\":\"https:\\\/\\\/schema.org\",\"@graph\":[{\"@type\":\"Article\",\"@id\":\"https:\\\/\\\/charleroi-pourlapalestine.be\\\/index.php\\\/2020\\\/02\\\/15\\\/linterdiction-par-israel-de-lexportation-de-produits-agricoles-paralyse-les-fermiers-palestiniens\\\/#article\",\"isPartOf\":{\"@id\":\"https:\\\/\\\/charleroi-pourlapalestine.be\\\/index.php\\\/2020\\\/02\\\/15\\\/linterdiction-par-israel-de-lexportation-de-produits-agricoles-paralyse-les-fermiers-palestiniens\\\/\"},\"author\":{\"name\":\"admin1873\",\"@id\":\"https:\\\/\\\/charleroi-pourlapalestine.be\\\/#\\\/schema\\\/person\\\/c19ff515112f1299d8c12671d8fe3faa\"},\"headline\":\"L&rsquo;interdiction de l&rsquo;exportation de produits agricoles paralyse les fermiers palestiniens\",\"datePublished\":\"2020-02-15T19:16:39+00:00\",\"dateModified\":\"2020-02-15T19:27:14+00:00\",\"mainEntityOfPage\":{\"@id\":\"https:\\\/\\\/charleroi-pourlapalestine.be\\\/index.php\\\/2020\\\/02\\\/15\\\/linterdiction-par-israel-de-lexportation-de-produits-agricoles-paralyse-les-fermiers-palestiniens\\\/\"},\"wordCount\":667,\"publisher\":{\"@id\":\"https:\\\/\\\/charleroi-pourlapalestine.be\\\/#organization\"},\"image\":{\"@id\":\"https:\\\/\\\/charleroi-pourlapalestine.be\\\/index.php\\\/2020\\\/02\\\/15\\\/linterdiction-par-israel-de-lexportation-de-produits-agricoles-paralyse-les-fermiers-palestiniens\\\/#primaryimage\"},\"thumbnailUrl\":\"https:\\\/\\\/charleroi-pourlapalestine.be\\\/wp-content\\\/uploads\\\/2020\\\/02\\\/Palestijnse-boeren-Copy.png\",\"articleSection\":[\"Agriculture\",\"Belgique\",\"Palestine\"],\"inLanguage\":\"fr-FR\"},{\"@type\":\"WebPage\",\"@id\":\"https:\\\/\\\/charleroi-pourlapalestine.be\\\/index.php\\\/2020\\\/02\\\/15\\\/linterdiction-par-israel-de-lexportation-de-produits-agricoles-paralyse-les-fermiers-palestiniens\\\/\",\"url\":\"https:\\\/\\\/charleroi-pourlapalestine.be\\\/index.php\\\/2020\\\/02\\\/15\\\/linterdiction-par-israel-de-lexportation-de-produits-agricoles-paralyse-les-fermiers-palestiniens\\\/\",\"name\":\"L'interdiction de l'exportation de produits agricoles paralyse les fermiers palestiniens\",\"isPartOf\":{\"@id\":\"https:\\\/\\\/charleroi-pourlapalestine.be\\\/#website\"},\"primaryImageOfPage\":{\"@id\":\"https:\\\/\\\/charleroi-pourlapalestine.be\\\/index.php\\\/2020\\\/02\\\/15\\\/linterdiction-par-israel-de-lexportation-de-produits-agricoles-paralyse-les-fermiers-palestiniens\\\/#primaryimage\"},\"image\":{\"@id\":\"https:\\\/\\\/charleroi-pourlapalestine.be\\\/index.php\\\/2020\\\/02\\\/15\\\/linterdiction-par-israel-de-lexportation-de-produits-agricoles-paralyse-les-fermiers-palestiniens\\\/#primaryimage\"},\"thumbnailUrl\":\"https:\\\/\\\/charleroi-pourlapalestine.be\\\/wp-content\\\/uploads\\\/2020\\\/02\\\/Palestijnse-boeren-Copy.png\",\"datePublished\":\"2020-02-15T19:16:39+00:00\",\"dateModified\":\"2020-02-15T19:27:14+00:00\",\"description\":\"Oxfam Belgique insiste sur le fait que ce seront les fermiers palestiniens qui paieront le prix fort de cette d\u00e9cision du minist\u00e8re isra\u00e9lien de la D\u00e9fense\u00a0\",\"breadcrumb\":{\"@id\":\"https:\\\/\\\/charleroi-pourlapalestine.be\\\/index.php\\\/2020\\\/02\\\/15\\\/linterdiction-par-israel-de-lexportation-de-produits-agricoles-paralyse-les-fermiers-palestiniens\\\/#breadcrumb\"},\"inLanguage\":\"fr-FR\",\"potentialAction\":[{\"@type\":\"ReadAction\",\"target\":[\"https:\\\/\\\/charleroi-pourlapalestine.be\\\/index.php\\\/2020\\\/02\\\/15\\\/linterdiction-par-israel-de-lexportation-de-produits-agricoles-paralyse-les-fermiers-palestiniens\\\/\"]}]},{\"@type\":\"ImageObject\",\"inLanguage\":\"fr-FR\",\"@id\":\"https:\\\/\\\/charleroi-pourlapalestine.be\\\/index.php\\\/2020\\\/02\\\/15\\\/linterdiction-par-israel-de-lexportation-de-produits-agricoles-paralyse-les-fermiers-palestiniens\\\/#primaryimage\",\"url\":\"\",\"contentUrl\":\"\"},{\"@type\":\"BreadcrumbList\",\"@id\":\"https:\\\/\\\/charleroi-pourlapalestine.be\\\/index.php\\\/2020\\\/02\\\/15\\\/linterdiction-par-israel-de-lexportation-de-produits-agricoles-paralyse-les-fermiers-palestiniens\\\/#breadcrumb\",\"itemListElement\":[{\"@type\":\"ListItem\",\"position\":1,\"name\":\"Accueil\",\"item\":\"https:\\\/\\\/charleroi-pourlapalestine.be\\\/\"},{\"@type\":\"ListItem\",\"position\":2,\"name\":\"L&#8217;interdiction de l&#8217;exportation de produits agricoles paralyse les fermiers palestiniens\"}]},{\"@type\":\"WebSite\",\"@id\":\"https:\\\/\\\/charleroi-pourlapalestine.be\\\/#website\",\"url\":\"https:\\\/\\\/charleroi-pourlapalestine.be\\\/\",\"name\":\"Charleroi Pour la Palestine\",\"description\":\"\",\"publisher\":{\"@id\":\"https:\\\/\\\/charleroi-pourlapalestine.be\\\/#organization\"},\"potentialAction\":[{\"@type\":\"SearchAction\",\"target\":{\"@type\":\"EntryPoint\",\"urlTemplate\":\"https:\\\/\\\/charleroi-pourlapalestine.be\\\/?s={search_term_string}\"},\"query-input\":{\"@type\":\"PropertyValueSpecification\",\"valueRequired\":true,\"valueName\":\"search_term_string\"}}],\"inLanguage\":\"fr-FR\"},{\"@type\":\"Organization\",\"@id\":\"https:\\\/\\\/charleroi-pourlapalestine.be\\\/#organization\",\"name\":\"Plate-forme Charleroi-Palestine\",\"url\":\"https:\\\/\\\/charleroi-pourlapalestine.be\\\/\",\"logo\":{\"@type\":\"ImageObject\",\"inLanguage\":\"fr-FR\",\"@id\":\"https:\\\/\\\/charleroi-pourlapalestine.be\\\/#\\\/schema\\\/logo\\\/image\\\/\",\"url\":\"https:\\\/\\\/charleroi-pourlapalestine.be\\\/wp-content\\\/uploads\\\/2020\\\/01\\\/logo-Copy.jpg\",\"contentUrl\":\"https:\\\/\\\/charleroi-pourlapalestine.be\\\/wp-content\\\/uploads\\\/2020\\\/01\\\/logo-Copy.jpg\",\"width\":180,\"height\":180,\"caption\":\"Plate-forme Charleroi-Palestine\"},\"image\":{\"@id\":\"https:\\\/\\\/charleroi-pourlapalestine.be\\\/#\\\/schema\\\/logo\\\/image\\\/\"},\"sameAs\":[\"https:\\\/\\\/www.facebook.com\\\/PlateformeCharleroiPalestine\\\/\",\"https:\\\/\\\/x.com\\\/LaCharleroi\"]},{\"@type\":\"Person\",\"@id\":\"https:\\\/\\\/charleroi-pourlapalestine.be\\\/#\\\/schema\\\/person\\\/c19ff515112f1299d8c12671d8fe3faa\",\"name\":\"admin1873\",\"url\":\"https:\\\/\\\/charleroi-pourlapalestine.be\\\/index.php\\\/author\\\/admin1873\\\/\"}]}<\/script>\n<!-- \/ Yoast SEO plugin. -->","yoast_head_json":{"title":"L'interdiction de l'exportation de produits agricoles paralyse les fermiers palestiniens","description":"Oxfam Belgique insiste sur le fait que ce seront les fermiers palestiniens qui paieront le prix fort de cette d\u00e9cision du minist\u00e8re isra\u00e9lien de la D\u00e9fense\u00a0","robots":{"index":"index","follow":"follow","max-snippet":"max-snippet:-1","max-image-preview":"max-image-preview:large","max-video-preview":"max-video-preview:-1"},"canonical":"https:\/\/charleroi-pourlapalestine.be\/index.php\/2020\/02\/15\/linterdiction-par-israel-de-lexportation-de-produits-agricoles-paralyse-les-fermiers-palestiniens\/","schema":{"@context":"https:\/\/schema.org","@graph":[{"@type":"Article","@id":"https:\/\/charleroi-pourlapalestine.be\/index.php\/2020\/02\/15\/linterdiction-par-israel-de-lexportation-de-produits-agricoles-paralyse-les-fermiers-palestiniens\/#article","isPartOf":{"@id":"https:\/\/charleroi-pourlapalestine.be\/index.php\/2020\/02\/15\/linterdiction-par-israel-de-lexportation-de-produits-agricoles-paralyse-les-fermiers-palestiniens\/"},"author":{"name":"admin1873","@id":"https:\/\/charleroi-pourlapalestine.be\/#\/schema\/person\/c19ff515112f1299d8c12671d8fe3faa"},"headline":"L&rsquo;interdiction de l&rsquo;exportation de produits agricoles paralyse les fermiers palestiniens","datePublished":"2020-02-15T19:16:39+00:00","dateModified":"2020-02-15T19:27:14+00:00","mainEntityOfPage":{"@id":"https:\/\/charleroi-pourlapalestine.be\/index.php\/2020\/02\/15\/linterdiction-par-israel-de-lexportation-de-produits-agricoles-paralyse-les-fermiers-palestiniens\/"},"wordCount":667,"publisher":{"@id":"https:\/\/charleroi-pourlapalestine.be\/#organization"},"image":{"@id":"https:\/\/charleroi-pourlapalestine.be\/index.php\/2020\/02\/15\/linterdiction-par-israel-de-lexportation-de-produits-agricoles-paralyse-les-fermiers-palestiniens\/#primaryimage"},"thumbnailUrl":"https:\/\/charleroi-pourlapalestine.be\/wp-content\/uploads\/2020\/02\/Palestijnse-boeren-Copy.png","articleSection":["Agriculture","Belgique","Palestine"],"inLanguage":"fr-FR"},{"@type":"WebPage","@id":"https:\/\/charleroi-pourlapalestine.be\/index.php\/2020\/02\/15\/linterdiction-par-israel-de-lexportation-de-produits-agricoles-paralyse-les-fermiers-palestiniens\/","url":"https:\/\/charleroi-pourlapalestine.be\/index.php\/2020\/02\/15\/linterdiction-par-israel-de-lexportation-de-produits-agricoles-paralyse-les-fermiers-palestiniens\/","name":"L'interdiction de l'exportation de produits agricoles paralyse les fermiers palestiniens","isPartOf":{"@id":"https:\/\/charleroi-pourlapalestine.be\/#website"},"primaryImageOfPage":{"@id":"https:\/\/charleroi-pourlapalestine.be\/index.php\/2020\/02\/15\/linterdiction-par-israel-de-lexportation-de-produits-agricoles-paralyse-les-fermiers-palestiniens\/#primaryimage"},"image":{"@id":"https:\/\/charleroi-pourlapalestine.be\/index.php\/2020\/02\/15\/linterdiction-par-israel-de-lexportation-de-produits-agricoles-paralyse-les-fermiers-palestiniens\/#primaryimage"},"thumbnailUrl":"https:\/\/charleroi-pourlapalestine.be\/wp-content\/uploads\/2020\/02\/Palestijnse-boeren-Copy.png","datePublished":"2020-02-15T19:16:39+00:00","dateModified":"2020-02-15T19:27:14+00:00","description":"Oxfam Belgique insiste sur le fait que ce seront les fermiers palestiniens qui paieront le prix fort de cette d\u00e9cision du minist\u00e8re isra\u00e9lien de la D\u00e9fense\u00a0","breadcrumb":{"@id":"https:\/\/charleroi-pourlapalestine.be\/index.php\/2020\/02\/15\/linterdiction-par-israel-de-lexportation-de-produits-agricoles-paralyse-les-fermiers-palestiniens\/#breadcrumb"},"inLanguage":"fr-FR","potentialAction":[{"@type":"ReadAction","target":["https:\/\/charleroi-pourlapalestine.be\/index.php\/2020\/02\/15\/linterdiction-par-israel-de-lexportation-de-produits-agricoles-paralyse-les-fermiers-palestiniens\/"]}]},{"@type":"ImageObject","inLanguage":"fr-FR","@id":"https:\/\/charleroi-pourlapalestine.be\/index.php\/2020\/02\/15\/linterdiction-par-israel-de-lexportation-de-produits-agricoles-paralyse-les-fermiers-palestiniens\/#primaryimage","url":"","contentUrl":""},{"@type":"BreadcrumbList","@id":"https:\/\/charleroi-pourlapalestine.be\/index.php\/2020\/02\/15\/linterdiction-par-israel-de-lexportation-de-produits-agricoles-paralyse-les-fermiers-palestiniens\/#breadcrumb","itemListElement":[{"@type":"ListItem","position":1,"name":"Accueil","item":"https:\/\/charleroi-pourlapalestine.be\/"},{"@type":"ListItem","position":2,"name":"L&#8217;interdiction de l&#8217;exportation de produits agricoles paralyse les fermiers palestiniens"}]},{"@type":"WebSite","@id":"https:\/\/charleroi-pourlapalestine.be\/#website","url":"https:\/\/charleroi-pourlapalestine.be\/","name":"Charleroi Pour la Palestine","description":"","publisher":{"@id":"https:\/\/charleroi-pourlapalestine.be\/#organization"},"potentialAction":[{"@type":"SearchAction","target":{"@type":"EntryPoint","urlTemplate":"https:\/\/charleroi-pourlapalestine.be\/?s={search_term_string}"},"query-input":{"@type":"PropertyValueSpecification","valueRequired":true,"valueName":"search_term_string"}}],"inLanguage":"fr-FR"},{"@type":"Organization","@id":"https:\/\/charleroi-pourlapalestine.be\/#organization","name":"Plate-forme Charleroi-Palestine","url":"https:\/\/charleroi-pourlapalestine.be\/","logo":{"@type":"ImageObject","inLanguage":"fr-FR","@id":"https:\/\/charleroi-pourlapalestine.be\/#\/schema\/logo\/image\/","url":"https:\/\/charleroi-pourlapalestine.be\/wp-content\/uploads\/2020\/01\/logo-Copy.jpg","contentUrl":"https:\/\/charleroi-pourlapalestine.be\/wp-content\/uploads\/2020\/01\/logo-Copy.jpg","width":180,"height":180,"caption":"Plate-forme Charleroi-Palestine"},"image":{"@id":"https:\/\/charleroi-pourlapalestine.be\/#\/schema\/logo\/image\/"},"sameAs":["https:\/\/www.facebook.com\/PlateformeCharleroiPalestine\/","https:\/\/x.com\/LaCharleroi"]},{"@type":"Person","@id":"https:\/\/charleroi-pourlapalestine.be\/#\/schema\/person\/c19ff515112f1299d8c12671d8fe3faa","name":"admin1873","url":"https:\/\/charleroi-pourlapalestine.be\/index.php\/author\/admin1873\/"}]}},"_links":{"self":[{"href":"https:\/\/charleroi-pourlapalestine.be\/index.php\/wp-json\/wp\/v2\/posts\/5022","targetHints":{"allow":["GET"]}}],"collection":[{"href":"https:\/\/charleroi-pourlapalestine.be\/index.php\/wp-json\/wp\/v2\/posts"}],"about":[{"href":"https:\/\/charleroi-pourlapalestine.be\/index.php\/wp-json\/wp\/v2\/types\/post"}],"author":[{"embeddable":true,"href":"https:\/\/charleroi-pourlapalestine.be\/index.php\/wp-json\/wp\/v2\/users\/1"}],"replies":[{"embeddable":true,"href":"https:\/\/charleroi-pourlapalestine.be\/index.php\/wp-json\/wp\/v2\/comments?post=5022"}],"version-history":[{"count":0,"href":"https:\/\/charleroi-pourlapalestine.be\/index.php\/wp-json\/wp\/v2\/posts\/5022\/revisions"}],"wp:attachment":[{"href":"https:\/\/charleroi-pourlapalestine.be\/index.php\/wp-json\/wp\/v2\/media?parent=5022"}],"wp:term":[{"taxonomy":"category","embeddable":true,"href":"https:\/\/charleroi-pourlapalestine.be\/index.php\/wp-json\/wp\/v2\/categories?post=5022"},{"taxonomy":"post_tag","embeddable":true,"href":"https:\/\/charleroi-pourlapalestine.be\/index.php\/wp-json\/wp\/v2\/tags?post=5022"}],"curies":[{"name":"wp","href":"https:\/\/api.w.org\/{rel}","templated":true}]}}