{"id":50280,"date":"2023-01-11T19:41:02","date_gmt":"2023-01-11T18:41:02","guid":{"rendered":"https:\/\/charleroi-pourlapalestine.be\/?p=50280"},"modified":"2023-01-11T20:10:17","modified_gmt":"2023-01-11T19:10:17","slug":"comment-carrefour-tire-profit-des-crimes-de-guerre-israeliens","status":"publish","type":"post","link":"https:\/\/charleroi-pourlapalestine.be\/index.php\/2023\/01\/11\/comment-carrefour-tire-profit-des-crimes-de-guerre-israeliens\/","title":{"rendered":"Comment Carrefour tire profit des crimes de guerre isra\u00e9liens"},"content":{"rendered":"<p>Le distributeur alimentaire mondial <strong>Carrefour<\/strong> tente de se distancier d\u2019une nouvelle aventure commerciale de grande envergure en Isra\u00ebl, du fait qu\u2019il est de plus en plus confront\u00e9 \u00e0 des critiques l\u2019accusant de tirer profit des colonies ill\u00e9gales b\u00e2ties en terre palestinienne occup\u00e9e.<\/p>\n<p>Mais <strong>les d\u00e9clarations malhonn\u00eates, \u00e9vasives et incoh\u00e9rentes<\/strong> adress\u00e9es \u00e0 <em>The Electronic Intifada<\/em> par le g\u00e9ant mondial, dont le si\u00e8ge est en France, n&rsquo;att\u00e9nuent en rien <strong>la complicit\u00e9 de Carrefour<\/strong> dans les violations par Isra\u00ebl des lois internationales et des droits palestiniens.<\/p>\n<p>&nbsp;<\/p>\n<div id=\"attachment_50285\" style=\"width: 660px\" class=\"wp-caption aligncenter\"><img loading=\"lazy\" decoding=\"async\" aria-describedby=\"caption-attachment-50285\" class=\"wp-image-50285 size-full\" src=\"https:\/\/charleroi-pourlapalestine.be\/wp-content\/uploads\/2023\/01\/Carrefour-e1673445729267.jpg\" alt=\"Les syndicats et les organisations des droits de l\u2019homme insistent aupr\u00e8s du distributeur alimentaire mondial Carrefour, dont le si\u00e8ge est en France, de mettre un terme \u00e0 sa complicit\u00e9 dans les crimes de guerre isra\u00e9liens. (Photo : Sipa via AP Images)\" width=\"650\" height=\"433\" srcset=\"https:\/\/charleroi-pourlapalestine.be\/wp-content\/uploads\/2023\/01\/Carrefour-e1673445729267.jpg 650w, https:\/\/charleroi-pourlapalestine.be\/wp-content\/uploads\/2023\/01\/Carrefour-e1673445729267-300x200.jpg 300w\" sizes=\"auto, (max-width: 650px) 100vw, 650px\" \/><p id=\"caption-attachment-50285\" class=\"wp-caption-text\"><strong>Les syndicats et les organisations des droits de l\u2019homme insistent aupr\u00e8s du distributeur alimentaire mondial Carrefour, dont le si\u00e8ge est en France, de mettre un terme \u00e0 sa complicit\u00e9 dans les crimes de guerre isra\u00e9liens.<\/strong> (Photo : Sipa via AP Images)<\/p><\/div>\n<p>&nbsp;<\/p>\n<p><a href=\"https:\/\/charleroi-pourlapalestine.be\/index.php\/tag\/ali-abunimah\/\"><strong>Ali Abunimah<\/strong><\/a>, 10 janvier 2023<\/p>\n<p><em>The Electronic Intifada<\/em> a adress\u00e9 \u00e0 Carrefour une s\u00e9rie de questions, suite aux appels lanc\u00e9s par les syndicats ouvriers et les d\u00e9fenseurs des droits humains en France et en Palestine afin que la soci\u00e9t\u00e9 cesse de tirer profit des crimes isra\u00e9liens \u00e0 l\u2019encontre du peuple palestinien.<\/p>\n<p><a href=\"https:\/\/charleroi-pourlapalestine.be\/index.php\/2022\/03\/15\/carrefour-unit-ses-forces-a-celles-des-profiteurs-des-colonies-israeliennes\/\"><strong>L\u2019an dernier<\/strong><\/a>, Carrefour annon\u00e7ait son entr\u00e9e sur le march\u00e9 isra\u00e9lien par le biais de relations avec la cha\u00eene locale de supermarch\u00e9s Yenot Bitan et d\u2019autres firmes isra\u00e9liennes op\u00e9rant extensivement dans les colonies isra\u00e9liennes en Cisjordanie occup\u00e9e.<\/p>\n<blockquote><p><strong>\u00ab Ce partenariat verra les drapeaux de Carrefour plant\u00e9s en Isra\u00ebl avant la fin de l\u2019ann\u00e9e 2022 et permettra \u00e0 tous les sites Yenot Bitan \u2013 plus de 150 \u00e0 ce jour \u2013 d\u2019avoir acc\u00e8s aux produits de marque Carrefour avant l\u2019\u00e9t\u00e9 \u00bb<\/strong>,<\/p><\/blockquote>\n<p>a d\u00e9clar\u00e9 Carrefour en mars.<\/p>\n<blockquote><p>\u00ab Nous sommes confiants de ce que l\u2019arriv\u00e9e de Carrefour en Isra\u00ebl va contribuer \u00e0 am\u00e9liorer l\u2019exp\u00e9rience du shopping local de m\u00eame que le pouvoir d\u2019achat du client via des offres meilleures \u00e0 des prix plus abordables \u00bb,<\/p><\/blockquote>\n<p>avait d\u00e9clar\u00e9 \u00e0 l\u2019\u00e9poque Patrick Lasfargues, directeur ex\u00e9cutif des Partenariats internationaux de Carrefour.<\/p>\n<blockquote><p>\u00ab Cette d\u00e9cision rend Carrefour complice des crimes de guerre commis par le r\u00e9gime isra\u00e9lien d\u2019occupation, de colonialisme de peuplement et d\u2019apartheid \u00e0 l\u2019encontre du peuple palestinien tout entier \u00bb,<\/p><\/blockquote>\n<p>estime le Comit\u00e9 national palestinien de boycott, d\u00e9sinvestissement et sanctions (BNC).<\/p>\n<p>Le BNC invite instamment les consommateurs \u00e0 boycotter Carrefour.<\/p>\n<blockquote><p>\u00ab Carrefour s\u2019appuie sur son image et sa r\u00e9putation pour attirer des clients \u00bb,<\/p><\/blockquote>\n<p>d\u00e9clare le BNC.<\/p>\n<blockquote><p>\u00ab Une campagne citoyenne efficace d\u00e9non\u00e7ant la complicit\u00e9 de Carrefour dans les crimes de guerre isra\u00e9liens \u00e0 l\u2019encontre des Palestiniens autochtones peut mettre la pression sur la soci\u00e9t\u00e9 afin qu\u2019elle mette un terme \u00e0 cette complicit\u00e9. \u00bb<\/p><\/blockquote>\n<p>Au moins deux autres firmes fran\u00e7aises importantes, <strong>Veolia et Orange<\/strong>, ont mis un terme \u00e0 leur complicit\u00e9 dans les crimes isra\u00e9liens \u00e0 la suite de telles campagnes qui, parfois, se sont \u00e9tal\u00e9es sur quelques ann\u00e9es.<\/p>\n<h3><strong><br \/>\nTirer profit des crimes de guerre<\/strong><\/h3>\n<p>Carrefour poss\u00e8de ou g\u00e8re via des contrats de franchise pr\u00e8s de <strong>14 000 magasins dans 40 pays<\/strong>, dont l\u2019\u00c9gypte, la Jordanie, le Liban, le Maroc, la Tunisie, l\u2019Alg\u00e9rie, le Qatar, les \u00c9mirats arabes unis (EAU) et l\u2019Arabie saoudite.<\/p>\n<p><strong><a href=\"https:\/\/charleroi-pourlapalestine.be\/index.php\/2022\/11\/17\/carrefour-complice-et-acteur-de-la-colonisation-israelienne\/\">Un rapport r\u00e9cent<\/a> publi\u00e9 par une coalition d\u2019organisations, dont la f\u00e9d\u00e9ration syndicale fran\u00e7aise CGT, forte de 700 000 affili\u00e9s, et l\u2019organisation palestinienne des droits humains Al-Haq<\/strong>, expliquait comment, via l\u2019expansion de l\u2019accord en Isra\u00ebl, Carrefour va tirer profit directement de la colonisation ill\u00e9gale du territoire palestinien occup\u00e9.<\/p>\n<p>Le partenaire isra\u00e9lien de Carrefour, <strong>Yenot Bitan<\/strong>, g\u00e8re actuellement des magasins dans au moins <strong>trois colonies isra\u00e9liennes<\/strong> construites en Cisjordanie sur des terres palestiniennes occup\u00e9es : <strong>Ariel, Alfei Menashe et Maaleh Adumim.<\/strong><\/p>\n<p>&nbsp;<\/p>\n<div id=\"attachment_50309\" style=\"width: 430px\" class=\"wp-caption aligncenter\"><img loading=\"lazy\" decoding=\"async\" aria-describedby=\"caption-attachment-50309\" class=\"wp-image-50309 size-full\" src=\"https:\/\/charleroi-pourlapalestine.be\/wp-content\/uploads\/2023\/01\/La-chaine-de-magasins-Yenot-Bitan-qui-profite-des-colonies-poste-regulierement-des-publicites-pour-les-produits-Carrefour-sur-sa-page-Facebook-et-sur-son-site-dachat-en-ligne-e1673462259684.jpg\" alt=\" La cha\u00eene de magasins Yenot Bitan, qui profite des colonies, poste r\u00e9guli\u00e8rement des publicit\u00e9s pour les produits Carrefour sur sa page Facebook et sur son site d\u2019achat en ligne. (Photo : Yenot Bitan)\" width=\"420\" height=\"420\"><p id=\"caption-attachment-50309\" class=\"wp-caption-text\"><strong> La cha\u00eene de magasins Yenot Bitan, qui profite des colonies, poste r\u00e9guli\u00e8rement des publicit\u00e9s pour les produits Carrefour sur sa page Facebook et sur son site d\u2019achat en ligne.<\/strong> (Photo : Yenot Bitan)<\/p><\/div>\n<p>&nbsp;<\/p>\n<p><strong>Yenot Bitan<\/strong> est connu pour<strong> se procurer des produits<\/strong> d\u2019au moins une colonie de Cisjordanie. Mais sans aucun doute ne s\u2019agit-il que de la partie visible de l\u2019iceberg.<\/p>\n<p>Une recherche rapide sur le site d\u2019achat en ligne de Yenot Bitan montre que <strong>la cha\u00eene vend des confiseries fabriqu\u00e9es par Achva<\/strong>, une soci\u00e9t\u00e9 qui tente de dissimuler que son principal site de fabrication se trouve dans une colonie install\u00e9e en Cisjordanie.<\/p>\n<p>Des douzaines de produits fabriqu\u00e9s par <strong>Tnuva<\/strong>, une soci\u00e9t\u00e9 isra\u00e9lienne qui se procure des produits laitiers et de la volaille dans <strong>des colonies<\/strong> de Cisjordanie, sont \u00e9galement disponibles chez Yenot Bitan.<\/p>\n<p>Yenot Bitan vend aussi <strong>du vin fabriqu\u00e9 dans une colonie isra\u00e9lienne<\/strong> des hauteurs du Golan occup\u00e9es, qui font partie de la Syrie.<\/p>\n<p>Aussi le partenariat de Carrefour avec Yenot Bitan est-il in\u00e9vitablement <strong>un partenariat avec l\u2019entreprise coloniale de peuplement ill\u00e9gale d\u2019Isra\u00ebl.<\/strong><\/p>\n<p>Mais la complicit\u00e9 de Carrefour dans les crimes d\u2019Isra\u00ebl ira de plus en plus loin du fait que le propri\u00e9taire de Yenot Bitan,<strong> Electra Consumer Products \u2013<\/strong> de m\u00eame que d\u2019autres marques et filiales d\u2019<strong>Electra<\/strong> appartenant toutes \u00e0 la soci\u00e9t\u00e9 de holding isra\u00e9lienne<strong> ELCO<\/strong> \u2013 est <strong>lourdement impliqu\u00e9 dans le vol avec violence et la colonisation par Isra\u00ebl de la terre palestinienne.<\/strong><\/p>\n<p>Cette implication qui remonte \u00e0 des ann\u00e9es inclut la construction de colonies et d\u2019infrastructures de peuplement ainsi que la fourniture de services aux colonies.<\/p>\n<p>Les soci\u00e9t\u00e9s de marques appartenant \u00e0 Electra ont elles aussi <strong>construit des bases et fourni des \u00e9quipements destin\u00e9s \u00e0 l\u2019arm\u00e9e isra\u00e9lienne.<\/strong><\/p>\n<h3><strong><br \/>\nLes r\u00e9ponses de Carrefour<\/strong><\/h3>\n<p>&nbsp;<\/p>\n<p>&nbsp;<\/p>\n<blockquote><p>\u00ab Le Groupe Carrefour a toujours opt\u00e9 pour une position de stricte neutralit\u00e9 sur le plan des opinions politiques ou religieuses \u00bb,<\/p><\/blockquote>\n<p>a fait savoir la soci\u00e9t\u00e9 cette semaine \u00e0 <em>The Electronic Intifada<\/em>.<\/p>\n<p>Mais ce qui pose probl\u00e8me ici, ce ne sont pas des <em>\u00ab opinions \u00bb,<\/em> mais <strong>des actions<\/strong> qui violent les lois internationales et les droits humains.<\/p>\n<p>Carrefour a ajout\u00e9 qu\u2019il<\/p>\n<blockquote><p>\u00ab n\u2019op\u00e8re pas directement en Isra\u00ebl et que, sur le plan du capital, il n\u2019avait pas d\u2019int\u00e9r\u00eat dans Yenot Bitan \u00bb.<\/p><\/blockquote>\n<p>Cependant, <strong>Carrefour op\u00e8re manifestement en Isra\u00ebl<\/strong>, comme l\u2019a proclam\u00e9 fi\u00e8rement son propre directeur ex\u00e9cutif, <strong>Patrick Lasfargues<\/strong>, en mars.<\/p>\n<p>En tentant de se dissimuler derri\u00e8re le fait anodin qu\u2019il op\u00e8re <strong>par l\u2019entremise d\u2019un partenaire de franchise local,<\/strong> Carrefour veut tirer le meilleur de deux mondes : extraire du profit en faisant des affaires en Isra\u00ebl et dans ses colonies ill\u00e9gales, tout en n\u2019assumant aucune responsabilit\u00e9 \u00e9thique ou juridique.<\/p>\n<blockquote><p>\u00ab \u00c0 ce jour, notre partenaire isra\u00e9lien Yenot Bitan a r\u00e9nov\u00e9 10 magasins pour les recadrer sous l\u2019enseigne Super, et ils ne sont pas situ\u00e9s dans les territoires palestiniens \u00bb,<\/p><\/blockquote>\n<p>a ajout\u00e9 la compagnie.<\/p>\n<p>Mais Carrefour ne s\u2019est pas engag\u00e9 \u00e0 ce qu\u2019aucun des 150 magasins pr\u00e9vus ne soit situ\u00e9 dans les colonies de Cisjordanie.<\/p>\n<p>La soci\u00e9t\u00e9 a \u00e9galement affirm\u00e9 que<\/p>\n<blockquote><p>\u00ab les produits Carrefour import\u00e9s \u00e0 ce jour, tels chocolat, c\u00e9r\u00e9ales ou caf\u00e9, sont vendus dans la majorit\u00e9 des magasins Yenot Bitan \u00bb.<\/p><\/blockquote>\n<p>Mais il n\u2019a \u00e9t\u00e9 ni confirm\u00e9 ni d\u00e9menti que ceci inclut les magasins Yenot Bitan dans les colonies.<\/p>\n<blockquote><p>\u00ab \u00c0 ce jour, notre partenaire isra\u00e9lien Yenot Bitan a r\u00e9nov\u00e9 10 magasins pour les recadrer sous l\u2019enseigne Super, et ils ne sont pas situ\u00e9s dans les territoires palestiniens \u00bb,<\/p><\/blockquote>\n<p>a ajout\u00e9 la compagnie.<\/p>\n<p>Mais Carrefour ne s\u2019est pas engag\u00e9 \u00e0 ce qu\u2019aucun des 150 magasins pr\u00e9vus ne soit situ\u00e9 dans les colonies de Cisjordanie.<\/p>\n<p>La soci\u00e9t\u00e9 a \u00e9galement affirm\u00e9 que<\/p>\n<blockquote><p>\u00ables produits Carrefour import\u00e9s \u00e0 ce jour, tels chocolat, c\u00e9r\u00e9ales ou caf\u00e9, sont vendus dans la majorit\u00e9 des magasins Yenot Bitan \u00bb.<\/p><\/blockquote>\n<p>Mais il n\u2019a \u00e9t\u00e9 ni confirm\u00e9 ni d\u00e9menti que ceci inclut les magasins Yenot Bitan dans les colonies.<\/p>\n<p>&nbsp;<\/p>\n<h3><strong>Des <em>\u00ab principes \u00e9thiques \u00bb<\/em><\/strong><\/h3>\n<p>Sur son site internet, Carrefour pr\u00e9tend qu\u2019il g\u00e8re ses affaires selon des <em>\u00ab principes \u00e9thiques \u00bb.<\/em><\/p>\n<p>Il affirme que son <em>\u00ab cadre de r\u00e9f\u00e9rence \u00bb<\/em> inclut la D\u00e9claration universelle des droits de l\u2019homme, les huit conventions fondamentales de l\u2019Organisation internationale du travail (OIT), les principes directeurs de l\u2019OCDE, le Pacte mondial de l\u2019ONU et d\u2019autres encore.<\/p>\n<p>Pourtant, <strong>ce sont ces principes m\u00eames que Carrefour viole.<\/strong><\/p>\n<p>Par exemple, les principes directeurs de l\u2019OCDE concernant les affaires et les droits humains couvrent explicitement<\/p>\n<blockquote><p><strong>\u00ab tous les types de relations d\u2018affaires \u00bb<\/strong>, dont <strong>\u00ab les fournisseurs, les franchis\u00e9s, les b\u00e9n\u00e9ficiaires de licence et les joint-ventures \u00bb.<\/strong><\/p><\/blockquote>\n<p>De m\u00eame, les principes directeurs de l\u2019<strong>ONU<\/strong> concernant les affaires et les droits humains obligent les soci\u00e9t\u00e9s de<\/p>\n<blockquote><p>\u00ab chercher d\u2019emp\u00eacher ou de mitiger les impacts n\u00e9fastes pour les droits humains qui sont directement li\u00e9s \u00e0 leurs op\u00e9rations, produits ou services par leurs relations d\u2019affaires, m\u00eame si elles n\u2019ont pas contribu\u00e9 \u00e0 ces impacts \u00bb.<\/p><\/blockquote>\n<p>En d\u2019autres termes, les principes que Carrefour pr\u00e9tend respecter ne pr\u00e9voient pas de place pour que la soci\u00e9t\u00e9 puisse se soustraire \u00e0 ses obligations du simple fait <strong>qu\u2019elle op\u00e8re en Isra\u00ebl et en Cisjordanie occup\u00e9e par le biais d\u2019un arrangement de licence et de franchise.<\/strong><\/p>\n<p>Il existe un consensus international croissant pour dire que faire des affaires quelles qu\u2019elles soient dans les colonies isra\u00e9liennes contribue in\u00e9vitablement aux violations massives par Isra\u00ebl des droits humains palestiniens.<\/p>\n<blockquote><p>\u00ab Faire des affaires avec des colonies ill\u00e9gales, c\u2019est contribuer \u00e0 ce que soient commis des crimes de guerre \u00bb,<\/p><\/blockquote>\n<p>comme l\u2019a dit Bruno Stagno, de Human Rights Watch.<\/p>\n<p>La crainte d\u2019un tel changement dans les perceptions explique pourquoi Isra\u00ebl et son lobby se sont battus avec autant d\u2019acharnement pour emp\u00eacher \u2013 sans y parvenir \u2013 le fabricant de cr\u00e8me glac\u00e9e <strong>Ben &amp; Jerry\u2019s<\/strong> de mettre un terme \u00e0 ses affaires en Isra\u00ebl l\u2019an dernier.<\/p>\n<p>&nbsp;<\/p>\n<h3><strong>La complicit\u00e9 de l\u2019administration de Macron <\/strong><\/h3>\n<p>Cette fois, les organisations syndicales et celles des droits humains qui ont r\u00e9dig\u00e9<strong> le rapport sur Carrefour<\/strong> invitent la soci\u00e9t\u00e9 \u00e0<\/p>\n<blockquote><p>\u00ab mettre un terme \u00e0 toutes activit\u00e9s li\u00e9es \u00e0 la colonisation isra\u00e9lienne, ce qui signifie faire cesser le plus rapidement possible son partenariat avec Electra Consumer Products et sa filiale Yenot Bitan \u00bb.<\/p><\/blockquote>\n<p>Elles pressent \u00e9galement le gouvernement fran\u00e7ais \u00e0<\/p>\n<blockquote><p>\u00ab agir de sorte que Carrefour et d\u2019autres soci\u00e9t\u00e9s fran\u00e7aises respectent pleinement leurs obligations et mettent un terme \u00e0 toute relation d\u2019affaires qui pourrait avoir quelque connexion avec la colonisation isra\u00e9lienne \u00bb.<\/p><\/blockquote>\n<p>Sur papier, le <strong>minist\u00e8re fran\u00e7ais des Affaires \u00e9trang\u00e8res<\/strong> met en garde les soci\u00e9t\u00e9s en ces termes :<\/p>\n<blockquote><p>\u00ab Les transactions financi\u00e8res, investissements, achats, approvisionnements et autres activit\u00e9s \u00e9conomiques dans les colonies ou profitant aux colonies, entra\u00eenent des risques juridiques et \u00e9conomiques li\u00e9s au fait que, selon les lois internationales, les colonies isra\u00e9liennes ont \u00e9t\u00e9 \u00e9tablies dans des territoires occup\u00e9s et ne sont pas reconnues comme faisant partie du territoire d\u2019Isra\u00ebl. \u00bb<\/p><\/blockquote>\n<p><strong>Mais la r\u00e9alit\u00e9 est diff\u00e9rente<\/strong>. Il est difficile de voir comment le gouvernement fran\u00e7ais pourrait agir en op\u00e9rant quelque contr\u00f4le que ce soit sur Carrefour quand l\u2019administration du pr\u00e9sident Emmanuel Macron encourage ouvertement le partenariat de la soci\u00e9t\u00e9 avec des profiteurs des colonies.<\/p>\n<p><strong>En novembre, l\u2019ambassade de France \u00e0 Tel-Aviv a c\u00e9l\u00e9br\u00e9 l\u2019arriv\u00e9e des premi\u00e8res marchandises de marque Carrefour dans les rayons de magasins isra\u00e9liens :<\/strong><\/p>\n<blockquote class=\"twitter-tweet\" data-width=\"500\" data-dnt=\"true\">\n<p lang=\"fr\" dir=\"ltr\">Le PDG de Carrefour Isra\u00ebl d\u00e9voile les premi\u00e8res cons\u00e9quences de l&#39;arriv\u00e9e du distributeur fran\u00e7ais dans les enseignes isra\u00e9liennes : \u00ab\u00a0Tout le march\u00e9 nous suit\u00a0\u00bb. <a href=\"https:\/\/t.co\/CtnevTPIP8\">pic.twitter.com\/CtnevTPIP8<\/a><\/p>\n<p>&mdash; La France en Isra\u00ebl (@franceenisrael) <a href=\"https:\/\/twitter.com\/franceenisrael\/status\/1595045458308734976?ref_src=twsrc%5Etfw\">November 22, 2022<\/a><\/p><\/blockquote>\n<p><script async src=\"https:\/\/platform.twitter.com\/widgets.js\" charset=\"utf-8\"><\/script><\/p>\n<p>&nbsp;<\/p>\n<p>Un mois plus tard, l\u2019ambassadeur de France accueillait \u00e0 Tel-Aviv <strong>Patrick Lasfargues,<\/strong> directeur ex\u00e9cutif des Partenariats internationaux de <strong>Carrefour,<\/strong> et saluait les plans d\u2019expansion de la soci\u00e9t\u00e9 en Isra\u00ebl, sans du tout \u00e9mettre la moindre r\u00e9serve.<\/p>\n<blockquote class=\"twitter-tweet\" data-width=\"500\" data-dnt=\"true\">\n<p lang=\"fr\" dir=\"ltr\">\u00c9change avec Patrick Lasfargues, directeur ex. du @GroupeCarrefour pour les partenariats \ud83c\udf0d. <a href=\"https:\/\/twitter.com\/hashtag\/Carrefour?src=hash&amp;ref_src=twsrc%5Etfw\">#Carrefour<\/a> implante son enseigne en \ud83c\uddee\ud83c\uddf1 sur 150 magasins <a href=\"https:\/\/twitter.com\/hashtag\/YenotBittan?src=hash&amp;ref_src=twsrc%5Etfw\">#YenotBittan<\/a> depuis mars 2022. Son ambition : r\u00e9f\u00e9rencer 1000 produits alimentaires et 1000 non alimentaires d\u00e8s que possible ! <a href=\"https:\/\/t.co\/UekBZ854hM\">pic.twitter.com\/UekBZ854hM<\/a><\/p>\n<p>&mdash; La France en Isra\u00ebl (@franceenisrael) <a href=\"https:\/\/twitter.com\/franceenisrael\/status\/1583079959866019840?ref_src=twsrc%5Etfw\">October 20, 2022<\/a><\/p><\/blockquote>\n<p><script async src=\"https:\/\/platform.twitter.com\/widgets.js\" charset=\"utf-8\"><\/script><\/p>\n<p>&nbsp;<\/p>\n<p>En juillet, l\u2019arriv\u00e9e imminente de<strong> Carrefour en Isra\u00ebl<\/strong> \u00e9tait accueillie par <strong>Yair Lapid<\/strong>, alors Premier ministre d\u2019Isra\u00ebl.<\/p>\n<blockquote><p><em><strong>\u00ab Nous nous attendons \u00e0 ce que d\u2019autres soci\u00e9t\u00e9s importantes suivent \u00bb<\/strong><\/em>,<\/p><\/blockquote>\n<p>a d\u00e9clar\u00e9 Lapid.<\/p>\n<p>L\u2019une d\u2019elles, dit-on, est la cha\u00eene danoise de magasins d\u2019\u00e9picerie,<strong> Spar.<\/strong><\/p>\n<p>Selon des rapports de m\u00e9dias isra\u00e9liens, Spar en est \u00e0 un stade avanc\u00e9 de n\u00e9gociations<strong> afin d\u2019entrer sur le march\u00e9 isra\u00e9lien<\/strong> dans un partenariat avec<strong> Shufersal<\/strong>, <strong>une cha\u00eene de supermarch\u00e9s qui op\u00e8re elle aussi extensivement dans les colonies isra\u00e9liennes en Cisjordanie.<\/strong><\/p>\n<p>&nbsp;<\/p>\n<h3><em><strong>\u00ab Vigilance \u00bb<\/strong><\/em><\/h3>\n<p>Quant \u00e0 Carrefour, le groupe pr\u00e9tend que son engagement dans ses responsabilit\u00e9s sociales en tant que soci\u00e9t\u00e9 comprend un <em>\u00ab plan de vigilance \u00bb<\/em> en vue d\u2019\u00e9valuer constamment les risques \u00e9thiques relatifs \u00e0 ses modalit\u00e9s de travail dans le monde entier.<\/p>\n<p>Mais, manifestement, ce syst\u00e8me de<em> \u00ab vigilance \u00bb<\/em> &#8211; en admettant qu\u2019on veuille qu\u2019il soit davantage qu\u2019un vulgaire gadget de relations publiques \u2013 a \u00e9chou\u00e9 catastrophiquement, dans le cas de la d\u00e9cision de Carrefour de <strong>se ranger ouvertement du c\u00f4t\u00e9 de l\u2019occupation militaire et de la pers\u00e9cution des Palestiniens ainsi que du vol de leurs terres par Isra\u00ebl et d\u2019en tirer profit ensuite.<\/strong><\/p>\n<p>Une autre explication possible du comportement de Carrefour, c\u2019est que ses dirigeants sont pleinement conscients de la fa\u00e7on dont leur complicit\u00e9 dans les crimes de guerre isra\u00e9liens va nuire aux Palestiniens, mais qu\u2019ils s\u2019en moquent tout simplement. Comme c\u2019est le cas pour toutes les firmes capitalistes, la premi\u00e8re obligation de Carrefour est de <strong>rapporter des b\u00e9n\u00e9fices<\/strong> \u00e0 ses actionnaires.<\/p>\n<p>Rien de tout cela n\u2019est une excuse, toutefois, et c\u2019est un d\u00e9veloppement positif que de voir une <strong>large coalition d\u2019organisations de travailleurs et de d\u00e9fenseurs des droits humains en France et en Palestine<\/strong> insister pour que Carrefour mette un terme \u00e0 sa complicit\u00e9 dans les crimes isra\u00e9liens.<\/p>\n<p><strong>La tentative de Carrefour en vue d\u2019\u00e9chapper<\/strong> <strong>\u00e0 ses responsabilit\u00e9s<\/strong> ne sera certainement pas le dernier mot de toute cette affaire.<\/p>\n<p>&nbsp;<\/p>\n<p style=\"text-align: center;\">*****<\/p>\n<p><a href=\"https:\/\/charleroi-pourlapalestine.be\/index.php\/tag\/ali-abunimah\/\"><strong><img loading=\"lazy\" decoding=\"async\" class=\"alignleft wp-image-2800 size-thumbnail\" src=\"https:\/\/charleroi-pourlapalestine.be\/wp-content\/uploads\/2020\/01\/Ali-Abunimah-Copy-150x150.jpg\" sizes=\"auto, (max-width: 150px) 100vw, 150px\" srcset=\"https:\/\/charleroi-pourlapalestine.be\/wp-content\/uploads\/2020\/01\/Ali-Abunimah-Copy-150x150.jpg 150w, https:\/\/charleroi-pourlapalestine.be\/wp-content\/uploads\/2020\/01\/Ali-Abunimah-Copy-160x160.jpg 160w\" alt=\"\" width=\"150\" height=\"150\">Ali Abunimah,<\/strong> <\/a>cofondateur et directeur ex\u00e9cutif de <a href=\"https:\/\/electronicintifada.net\/blogs\/ali-abunimah\/israel-arrests-bds-coordinator-night-raid\" target=\"_blank\" rel=\"noopener noreferrer\"><em>The Electronic Intifada<\/em><\/a>, est l\u2019auteur de <em>The Battle for Justice in Palestine<\/em>, paru chez Haymarket Books.<\/p>\n<div class=\"pf-content\">\n<p>Il a aussi \u00e9crit : <em>One Country : A Bold Proposal to end the Israeli-Palestinian Impasse<\/em><\/p>\n<p style=\"text-align: center;\">&nbsp;&nbsp;&nbsp;&nbsp;&nbsp;&nbsp;&nbsp;&nbsp;&nbsp;&nbsp;&nbsp;&nbsp;&nbsp;&nbsp;&nbsp;&nbsp;&nbsp;&nbsp;&nbsp;&nbsp;&nbsp;&nbsp;&nbsp;&nbsp;&nbsp;&nbsp;&nbsp;&nbsp;&nbsp;*****<\/p>\n<p>Publi\u00e9 le 10 janvier 2023 sur <a href=\"https:\/\/electronicintifada.net\/content\/how-carrefour-profits-israels-war-crimes\/36961\" target=\"_blank\" rel=\"noopener\"><strong>The Electronic Intifada<\/strong><\/a><br \/>\nTraduction : Jean-Marie Fl\u00e9mal, <strong><a href=\"http:\/\/www.pourlapalestine.be\/\">Charleroi pour la Palestine<\/a><\/strong><\/p>\n<\/div>\n<p style=\"text-align: center;\">******<\/p>\n<p>La Plate-forme Charleroi-Palestine a r\u00e9alis\u00e9 un autocollant<strong><em> \u00ab\u00a0Carrefour, entreprise coloniale\u00a0\u00bb<\/em><\/strong> et un flyer \u00e0 distribuer autour de vous.<\/p>\n<p><img loading=\"lazy\" decoding=\"async\" class=\"aligncenter wp-image-47795 size-full\" src=\"https:\/\/charleroi-pourlapalestine.be\/wp-content\/uploads\/2022\/11\/Carrefour-entreprise-coloniale-.jpg\" alt=\"\" width=\"444\" height=\"428\" srcset=\"https:\/\/charleroi-pourlapalestine.be\/wp-content\/uploads\/2022\/11\/Carrefour-entreprise-coloniale-.jpg 444w, https:\/\/charleroi-pourlapalestine.be\/wp-content\/uploads\/2022\/11\/Carrefour-entreprise-coloniale--300x289.jpg 300w\" sizes=\"auto, (max-width: 444px) 100vw, 444px\" \/><\/p>\n<p style=\"text-align: center;\">Vous pouvez commander flyers et autocollants en \u00e9crivant \u00e0 :<\/p>\n<p style=\"text-align: center;\"><strong>charleroi.palestine@gmail.com<\/strong><\/p>\n<p style=\"text-align: center;\">Faites-nous \u00e9galement savoir si vous avez envie de participer \u00e0 une action.<\/p>\n<div class=\"yj6qo ajU\">\n<div id=\":o6\" class=\"ajR\" tabindex=\"0\" role=\"button\" data-tooltip=\"Afficher le contenu abr\u00e9g\u00e9\" aria-label=\"Afficher le contenu abr\u00e9g\u00e9\" aria-expanded=\"false\"><img decoding=\"async\" class=\"ajT\" src=\"https:\/\/ssl.gstatic.com\/ui\/v1\/icons\/mail\/images\/cleardot.gif\"><\/div>\n<\/div>\n<p style=\"text-align: center;\">.<\/p>\n","protected":false},"excerpt":{"rendered":"<p>Les d\u00e9clarations malhonn\u00eates, \u00e9vasives et incoh\u00e9rentes du g\u00e9ant mondial, n&rsquo;att\u00e9nuent en rien la complicit\u00e9 de Carrefour dans les violations par Isra\u00ebl des lois internationales et des droits palestiniens.<\/p>\n","protected":false},"author":1,"featured_media":50285,"comment_status":"closed","ping_status":"closed","sticky":false,"template":"","format":"standard","meta":{"ngg_post_thumbnail":0,"footnotes":""},"categories":[390,799,7,41,347,140],"tags":[],"class_list":["post-50280","post","type-post","status-publish","format-standard","has-post-thumbnail","hentry","category-armee-israelienne","category-boycott-des-consommateurs","category-cisjordanie","category-les-colonies","category-entreprises-qui-collaborent-avec-loccupation","category-letat-colonial"],"yoast_head":"<!-- This site is optimized with the Yoast SEO plugin v27.3 - https:\/\/yoast.com\/product\/yoast-seo-wordpress\/ -->\n<title>Comment Carrefour tire profit des crimes de guerre isra\u00e9liens<\/title>\n<meta name=\"description\" content=\"La tentative de Carrefour en vue d\u2019\u00e9chapper \u00e0 ses responsabilit\u00e9s ne sera certainement pas le dernier mot de toute cette affaire\" \/>\n<meta name=\"robots\" content=\"index, follow, max-snippet:-1, max-image-preview:large, max-video-preview:-1\" \/>\n<link rel=\"canonical\" href=\"https:\/\/charleroi-pourlapalestine.be\/index.php\/2023\/01\/11\/comment-carrefour-tire-profit-des-crimes-de-guerre-israeliens\/\" \/>\n<script type=\"application\/ld+json\" class=\"yoast-schema-graph\">{\"@context\":\"https:\\\/\\\/schema.org\",\"@graph\":[{\"@type\":\"Article\",\"@id\":\"https:\\\/\\\/charleroi-pourlapalestine.be\\\/index.php\\\/2023\\\/01\\\/11\\\/comment-carrefour-tire-profit-des-crimes-de-guerre-israeliens\\\/#article\",\"isPartOf\":{\"@id\":\"https:\\\/\\\/charleroi-pourlapalestine.be\\\/index.php\\\/2023\\\/01\\\/11\\\/comment-carrefour-tire-profit-des-crimes-de-guerre-israeliens\\\/\"},\"author\":{\"name\":\"admin1873\",\"@id\":\"https:\\\/\\\/charleroi-pourlapalestine.be\\\/#\\\/schema\\\/person\\\/c19ff515112f1299d8c12671d8fe3faa\"},\"headline\":\"Comment Carrefour tire profit des crimes de guerre isra\u00e9liens\",\"datePublished\":\"2023-01-11T18:41:02+00:00\",\"dateModified\":\"2023-01-11T19:10:17+00:00\",\"mainEntityOfPage\":{\"@id\":\"https:\\\/\\\/charleroi-pourlapalestine.be\\\/index.php\\\/2023\\\/01\\\/11\\\/comment-carrefour-tire-profit-des-crimes-de-guerre-israeliens\\\/\"},\"wordCount\":2565,\"publisher\":{\"@id\":\"https:\\\/\\\/charleroi-pourlapalestine.be\\\/#organization\"},\"image\":{\"@id\":\"https:\\\/\\\/charleroi-pourlapalestine.be\\\/index.php\\\/2023\\\/01\\\/11\\\/comment-carrefour-tire-profit-des-crimes-de-guerre-israeliens\\\/#primaryimage\"},\"thumbnailUrl\":\"https:\\\/\\\/charleroi-pourlapalestine.be\\\/wp-content\\\/uploads\\\/2023\\\/01\\\/Carrefour-e1673445729267.jpg\",\"articleSection\":[\"arm\u00e9e isra\u00e9lienne\",\"Boycott des consommateurs\",\"Cisjordanie\",\"Colonies\",\"Entreprises qui collaborent avec l'occupation\",\"L'Etat colonial\"],\"inLanguage\":\"fr-FR\"},{\"@type\":\"WebPage\",\"@id\":\"https:\\\/\\\/charleroi-pourlapalestine.be\\\/index.php\\\/2023\\\/01\\\/11\\\/comment-carrefour-tire-profit-des-crimes-de-guerre-israeliens\\\/\",\"url\":\"https:\\\/\\\/charleroi-pourlapalestine.be\\\/index.php\\\/2023\\\/01\\\/11\\\/comment-carrefour-tire-profit-des-crimes-de-guerre-israeliens\\\/\",\"name\":\"Comment Carrefour tire profit des crimes de guerre isra\u00e9liens\",\"isPartOf\":{\"@id\":\"https:\\\/\\\/charleroi-pourlapalestine.be\\\/#website\"},\"primaryImageOfPage\":{\"@id\":\"https:\\\/\\\/charleroi-pourlapalestine.be\\\/index.php\\\/2023\\\/01\\\/11\\\/comment-carrefour-tire-profit-des-crimes-de-guerre-israeliens\\\/#primaryimage\"},\"image\":{\"@id\":\"https:\\\/\\\/charleroi-pourlapalestine.be\\\/index.php\\\/2023\\\/01\\\/11\\\/comment-carrefour-tire-profit-des-crimes-de-guerre-israeliens\\\/#primaryimage\"},\"thumbnailUrl\":\"https:\\\/\\\/charleroi-pourlapalestine.be\\\/wp-content\\\/uploads\\\/2023\\\/01\\\/Carrefour-e1673445729267.jpg\",\"datePublished\":\"2023-01-11T18:41:02+00:00\",\"dateModified\":\"2023-01-11T19:10:17+00:00\",\"description\":\"La tentative de Carrefour en vue d\u2019\u00e9chapper \u00e0 ses responsabilit\u00e9s ne sera certainement pas le dernier mot de toute cette affaire\",\"breadcrumb\":{\"@id\":\"https:\\\/\\\/charleroi-pourlapalestine.be\\\/index.php\\\/2023\\\/01\\\/11\\\/comment-carrefour-tire-profit-des-crimes-de-guerre-israeliens\\\/#breadcrumb\"},\"inLanguage\":\"fr-FR\",\"potentialAction\":[{\"@type\":\"ReadAction\",\"target\":[\"https:\\\/\\\/charleroi-pourlapalestine.be\\\/index.php\\\/2023\\\/01\\\/11\\\/comment-carrefour-tire-profit-des-crimes-de-guerre-israeliens\\\/\"]}]},{\"@type\":\"ImageObject\",\"inLanguage\":\"fr-FR\",\"@id\":\"https:\\\/\\\/charleroi-pourlapalestine.be\\\/index.php\\\/2023\\\/01\\\/11\\\/comment-carrefour-tire-profit-des-crimes-de-guerre-israeliens\\\/#primaryimage\",\"url\":\"https:\\\/\\\/charleroi-pourlapalestine.be\\\/wp-content\\\/uploads\\\/2023\\\/01\\\/Carrefour-e1673445729267.jpg\",\"contentUrl\":\"https:\\\/\\\/charleroi-pourlapalestine.be\\\/wp-content\\\/uploads\\\/2023\\\/01\\\/Carrefour-e1673445729267.jpg\",\"width\":650,\"height\":433},{\"@type\":\"BreadcrumbList\",\"@id\":\"https:\\\/\\\/charleroi-pourlapalestine.be\\\/index.php\\\/2023\\\/01\\\/11\\\/comment-carrefour-tire-profit-des-crimes-de-guerre-israeliens\\\/#breadcrumb\",\"itemListElement\":[{\"@type\":\"ListItem\",\"position\":1,\"name\":\"Accueil\",\"item\":\"https:\\\/\\\/charleroi-pourlapalestine.be\\\/\"},{\"@type\":\"ListItem\",\"position\":2,\"name\":\"Comment Carrefour tire profit des crimes de guerre isra\u00e9liens\"}]},{\"@type\":\"WebSite\",\"@id\":\"https:\\\/\\\/charleroi-pourlapalestine.be\\\/#website\",\"url\":\"https:\\\/\\\/charleroi-pourlapalestine.be\\\/\",\"name\":\"Charleroi Pour la Palestine\",\"description\":\"\",\"publisher\":{\"@id\":\"https:\\\/\\\/charleroi-pourlapalestine.be\\\/#organization\"},\"potentialAction\":[{\"@type\":\"SearchAction\",\"target\":{\"@type\":\"EntryPoint\",\"urlTemplate\":\"https:\\\/\\\/charleroi-pourlapalestine.be\\\/?s={search_term_string}\"},\"query-input\":{\"@type\":\"PropertyValueSpecification\",\"valueRequired\":true,\"valueName\":\"search_term_string\"}}],\"inLanguage\":\"fr-FR\"},{\"@type\":\"Organization\",\"@id\":\"https:\\\/\\\/charleroi-pourlapalestine.be\\\/#organization\",\"name\":\"Plate-forme Charleroi-Palestine\",\"url\":\"https:\\\/\\\/charleroi-pourlapalestine.be\\\/\",\"logo\":{\"@type\":\"ImageObject\",\"inLanguage\":\"fr-FR\",\"@id\":\"https:\\\/\\\/charleroi-pourlapalestine.be\\\/#\\\/schema\\\/logo\\\/image\\\/\",\"url\":\"https:\\\/\\\/charleroi-pourlapalestine.be\\\/wp-content\\\/uploads\\\/2020\\\/01\\\/logo-Copy.jpg\",\"contentUrl\":\"https:\\\/\\\/charleroi-pourlapalestine.be\\\/wp-content\\\/uploads\\\/2020\\\/01\\\/logo-Copy.jpg\",\"width\":180,\"height\":180,\"caption\":\"Plate-forme Charleroi-Palestine\"},\"image\":{\"@id\":\"https:\\\/\\\/charleroi-pourlapalestine.be\\\/#\\\/schema\\\/logo\\\/image\\\/\"},\"sameAs\":[\"https:\\\/\\\/www.facebook.com\\\/PlateformeCharleroiPalestine\\\/\",\"https:\\\/\\\/x.com\\\/LaCharleroi\"]},{\"@type\":\"Person\",\"@id\":\"https:\\\/\\\/charleroi-pourlapalestine.be\\\/#\\\/schema\\\/person\\\/c19ff515112f1299d8c12671d8fe3faa\",\"name\":\"admin1873\",\"url\":\"https:\\\/\\\/charleroi-pourlapalestine.be\\\/index.php\\\/author\\\/admin1873\\\/\"}]}<\/script>\n<!-- \/ Yoast SEO plugin. -->","yoast_head_json":{"title":"Comment Carrefour tire profit des crimes de guerre isra\u00e9liens","description":"La tentative de Carrefour en vue d\u2019\u00e9chapper \u00e0 ses responsabilit\u00e9s ne sera certainement pas le dernier mot de toute cette affaire","robots":{"index":"index","follow":"follow","max-snippet":"max-snippet:-1","max-image-preview":"max-image-preview:large","max-video-preview":"max-video-preview:-1"},"canonical":"https:\/\/charleroi-pourlapalestine.be\/index.php\/2023\/01\/11\/comment-carrefour-tire-profit-des-crimes-de-guerre-israeliens\/","schema":{"@context":"https:\/\/schema.org","@graph":[{"@type":"Article","@id":"https:\/\/charleroi-pourlapalestine.be\/index.php\/2023\/01\/11\/comment-carrefour-tire-profit-des-crimes-de-guerre-israeliens\/#article","isPartOf":{"@id":"https:\/\/charleroi-pourlapalestine.be\/index.php\/2023\/01\/11\/comment-carrefour-tire-profit-des-crimes-de-guerre-israeliens\/"},"author":{"name":"admin1873","@id":"https:\/\/charleroi-pourlapalestine.be\/#\/schema\/person\/c19ff515112f1299d8c12671d8fe3faa"},"headline":"Comment Carrefour tire profit des crimes de guerre isra\u00e9liens","datePublished":"2023-01-11T18:41:02+00:00","dateModified":"2023-01-11T19:10:17+00:00","mainEntityOfPage":{"@id":"https:\/\/charleroi-pourlapalestine.be\/index.php\/2023\/01\/11\/comment-carrefour-tire-profit-des-crimes-de-guerre-israeliens\/"},"wordCount":2565,"publisher":{"@id":"https:\/\/charleroi-pourlapalestine.be\/#organization"},"image":{"@id":"https:\/\/charleroi-pourlapalestine.be\/index.php\/2023\/01\/11\/comment-carrefour-tire-profit-des-crimes-de-guerre-israeliens\/#primaryimage"},"thumbnailUrl":"https:\/\/charleroi-pourlapalestine.be\/wp-content\/uploads\/2023\/01\/Carrefour-e1673445729267.jpg","articleSection":["arm\u00e9e isra\u00e9lienne","Boycott des consommateurs","Cisjordanie","Colonies","Entreprises qui collaborent avec l'occupation","L'Etat colonial"],"inLanguage":"fr-FR"},{"@type":"WebPage","@id":"https:\/\/charleroi-pourlapalestine.be\/index.php\/2023\/01\/11\/comment-carrefour-tire-profit-des-crimes-de-guerre-israeliens\/","url":"https:\/\/charleroi-pourlapalestine.be\/index.php\/2023\/01\/11\/comment-carrefour-tire-profit-des-crimes-de-guerre-israeliens\/","name":"Comment Carrefour tire profit des crimes de guerre isra\u00e9liens","isPartOf":{"@id":"https:\/\/charleroi-pourlapalestine.be\/#website"},"primaryImageOfPage":{"@id":"https:\/\/charleroi-pourlapalestine.be\/index.php\/2023\/01\/11\/comment-carrefour-tire-profit-des-crimes-de-guerre-israeliens\/#primaryimage"},"image":{"@id":"https:\/\/charleroi-pourlapalestine.be\/index.php\/2023\/01\/11\/comment-carrefour-tire-profit-des-crimes-de-guerre-israeliens\/#primaryimage"},"thumbnailUrl":"https:\/\/charleroi-pourlapalestine.be\/wp-content\/uploads\/2023\/01\/Carrefour-e1673445729267.jpg","datePublished":"2023-01-11T18:41:02+00:00","dateModified":"2023-01-11T19:10:17+00:00","description":"La tentative de Carrefour en vue d\u2019\u00e9chapper \u00e0 ses responsabilit\u00e9s ne sera certainement pas le dernier mot de toute cette affaire","breadcrumb":{"@id":"https:\/\/charleroi-pourlapalestine.be\/index.php\/2023\/01\/11\/comment-carrefour-tire-profit-des-crimes-de-guerre-israeliens\/#breadcrumb"},"inLanguage":"fr-FR","potentialAction":[{"@type":"ReadAction","target":["https:\/\/charleroi-pourlapalestine.be\/index.php\/2023\/01\/11\/comment-carrefour-tire-profit-des-crimes-de-guerre-israeliens\/"]}]},{"@type":"ImageObject","inLanguage":"fr-FR","@id":"https:\/\/charleroi-pourlapalestine.be\/index.php\/2023\/01\/11\/comment-carrefour-tire-profit-des-crimes-de-guerre-israeliens\/#primaryimage","url":"https:\/\/charleroi-pourlapalestine.be\/wp-content\/uploads\/2023\/01\/Carrefour-e1673445729267.jpg","contentUrl":"https:\/\/charleroi-pourlapalestine.be\/wp-content\/uploads\/2023\/01\/Carrefour-e1673445729267.jpg","width":650,"height":433},{"@type":"BreadcrumbList","@id":"https:\/\/charleroi-pourlapalestine.be\/index.php\/2023\/01\/11\/comment-carrefour-tire-profit-des-crimes-de-guerre-israeliens\/#breadcrumb","itemListElement":[{"@type":"ListItem","position":1,"name":"Accueil","item":"https:\/\/charleroi-pourlapalestine.be\/"},{"@type":"ListItem","position":2,"name":"Comment Carrefour tire profit des crimes de guerre isra\u00e9liens"}]},{"@type":"WebSite","@id":"https:\/\/charleroi-pourlapalestine.be\/#website","url":"https:\/\/charleroi-pourlapalestine.be\/","name":"Charleroi Pour la Palestine","description":"","publisher":{"@id":"https:\/\/charleroi-pourlapalestine.be\/#organization"},"potentialAction":[{"@type":"SearchAction","target":{"@type":"EntryPoint","urlTemplate":"https:\/\/charleroi-pourlapalestine.be\/?s={search_term_string}"},"query-input":{"@type":"PropertyValueSpecification","valueRequired":true,"valueName":"search_term_string"}}],"inLanguage":"fr-FR"},{"@type":"Organization","@id":"https:\/\/charleroi-pourlapalestine.be\/#organization","name":"Plate-forme Charleroi-Palestine","url":"https:\/\/charleroi-pourlapalestine.be\/","logo":{"@type":"ImageObject","inLanguage":"fr-FR","@id":"https:\/\/charleroi-pourlapalestine.be\/#\/schema\/logo\/image\/","url":"https:\/\/charleroi-pourlapalestine.be\/wp-content\/uploads\/2020\/01\/logo-Copy.jpg","contentUrl":"https:\/\/charleroi-pourlapalestine.be\/wp-content\/uploads\/2020\/01\/logo-Copy.jpg","width":180,"height":180,"caption":"Plate-forme Charleroi-Palestine"},"image":{"@id":"https:\/\/charleroi-pourlapalestine.be\/#\/schema\/logo\/image\/"},"sameAs":["https:\/\/www.facebook.com\/PlateformeCharleroiPalestine\/","https:\/\/x.com\/LaCharleroi"]},{"@type":"Person","@id":"https:\/\/charleroi-pourlapalestine.be\/#\/schema\/person\/c19ff515112f1299d8c12671d8fe3faa","name":"admin1873","url":"https:\/\/charleroi-pourlapalestine.be\/index.php\/author\/admin1873\/"}]}},"_links":{"self":[{"href":"https:\/\/charleroi-pourlapalestine.be\/index.php\/wp-json\/wp\/v2\/posts\/50280","targetHints":{"allow":["GET"]}}],"collection":[{"href":"https:\/\/charleroi-pourlapalestine.be\/index.php\/wp-json\/wp\/v2\/posts"}],"about":[{"href":"https:\/\/charleroi-pourlapalestine.be\/index.php\/wp-json\/wp\/v2\/types\/post"}],"author":[{"embeddable":true,"href":"https:\/\/charleroi-pourlapalestine.be\/index.php\/wp-json\/wp\/v2\/users\/1"}],"replies":[{"embeddable":true,"href":"https:\/\/charleroi-pourlapalestine.be\/index.php\/wp-json\/wp\/v2\/comments?post=50280"}],"version-history":[{"count":0,"href":"https:\/\/charleroi-pourlapalestine.be\/index.php\/wp-json\/wp\/v2\/posts\/50280\/revisions"}],"wp:featuredmedia":[{"embeddable":true,"href":"https:\/\/charleroi-pourlapalestine.be\/index.php\/wp-json\/wp\/v2\/media\/50285"}],"wp:attachment":[{"href":"https:\/\/charleroi-pourlapalestine.be\/index.php\/wp-json\/wp\/v2\/media?parent=50280"}],"wp:term":[{"taxonomy":"category","embeddable":true,"href":"https:\/\/charleroi-pourlapalestine.be\/index.php\/wp-json\/wp\/v2\/categories?post=50280"},{"taxonomy":"post_tag","embeddable":true,"href":"https:\/\/charleroi-pourlapalestine.be\/index.php\/wp-json\/wp\/v2\/tags?post=50280"}],"curies":[{"name":"wp","href":"https:\/\/api.w.org\/{rel}","templated":true}]}}