{"id":50933,"date":"2023-01-24T17:33:06","date_gmt":"2023-01-24T16:33:06","guid":{"rendered":"https:\/\/charleroi-pourlapalestine.be\/?p=50933"},"modified":"2023-01-24T17:34:18","modified_gmt":"2023-01-24T16:34:18","slug":"un-message-des-prisonniers-palestiniens-aux-internationalistes","status":"publish","type":"post","link":"https:\/\/charleroi-pourlapalestine.be\/index.php\/2023\/01\/24\/un-message-des-prisonniers-palestiniens-aux-internationalistes\/","title":{"rendered":"Un message des prisonniers palestiniens aux internationalistes"},"content":{"rendered":"<p><strong>A l\u2019occasion de la Semaine d\u2019action pour la lib\u00e9ration d\u2019Ahmad Sa\u2019adat et de tous les prisonniers palestiniens, Samidoun, le r\u00e9seau de solidarit\u00e9 avec les prisonniers palestiniens, a re\u00e7u un message des prisonniers palestiniens.<\/strong><\/p>\n<p>&nbsp;<\/p>\n<div id=\"attachment_50941\" style=\"width: 860px\" class=\"wp-caption aligncenter\"><img loading=\"lazy\" decoding=\"async\" aria-describedby=\"caption-attachment-50941\" class=\"wp-image-50941 size-full\" src=\"https:\/\/charleroi-pourlapalestine.be\/wp-content\/uploads\/2023\/01\/Manifestation-a-Gaza-le-24-janvier-2023-e1674577291651.jpg\" alt=\"Le message des prisonniers a \u00e9t\u00e9 lu \u00e0 haute voix lors de la manifestation de masse \u00e0 Gaza de ce 24 janvier 2023\" width=\"850\" height=\"566\"><p id=\"caption-attachment-50941\" class=\"wp-caption-text\"><strong>Le message des prisonniers a \u00e9t\u00e9 lu \u00e0 haute voix lors de la manifestation de masse \u00e0 Gaza de ce 24 janvier 2023<\/strong><\/p><\/div>\n<p>&nbsp;<\/p>\n<p><a href=\"https:\/\/charleroi-pourlapalestine.be\/index.php\/tag\/samidoun\/\"><strong>Samidoun<\/strong><\/a>, 24 janvier 2023<br \/>\n&nbsp;<br \/>\nLe r\u00e9seau de solidarit\u00e9 avec les prisonniers palestiniens Samidoun a re\u00e7u ce message de la part des prisonniers palestiniens dans les prisons de l\u2019occupation \u00e0 l\u2019attention de tous ceux qui ont particip\u00e9 aux \u00e9v\u00e9nements et actions internationaux durant la Semaine d\u2019actions pour lib\u00e9rer Ahmad Sa\u2019adat et tous les prisonniers palestiniens organis\u00e9e du 14 au 24 janvier 2023.<\/p>\n<p>Le message a \u00e9t\u00e9 lu \u00e0 haute voix lors de la manifestation de masse \u00e0 Gaza de ce 24 janvier 2023 organis\u00e9e par le Centre Handala pour les prisonniers et anciens prisonniers, concluant la semaine d\u2019action.<\/p>\n<p>&nbsp;<\/p>\n<h4>Un message des prisonniers du Front populaire de lib\u00e9ration de la Palestine dans les prisons de l\u2019occupation aux partisans de la campagne internationale pour la lib\u00e9ration d\u2019Ahmad Sa\u2019adat et de tous les prisonniers palestiniens :<\/h4>\n<p>&nbsp;<\/p>\n<blockquote><p>Ces derni\u00e8res ann\u00e9es, on a dit \u00e0 de nombreuses personnes que nous avions atteint la fin de l\u2019\u00e8re r\u00e9volutionnaire, que le temps des r\u00e9volutionnaires \u00e9tait r\u00e9volu et que seuls le lib\u00e9ralisme, l\u2019individualisme et l\u2019\u00e9go\u00efsme dominaient dans ce monde. Cependant, la preuve que ce monde est encore agit\u00e9 par l\u2019esprit r\u00e9volutionnaire se trouve dans la campagne internationale de solidarit\u00e9 avec le leader <strong>Ahmad Sa\u2019adat<\/strong>, <strong>Abu Ghassan.<\/strong> Il est un cri r\u00e9volutionnaire qui rappelle au monde que la r\u00e9volution n\u2019est pas seulement une id\u00e9e et un choix, mais aussi un devoir humain.<\/p>\n<p>La voix d\u2019<strong>Abu Ghassan,<\/strong> le leader emprisonn\u00e9, est un cri r\u00e9volutionnaire qui vient des profondeurs des donjons de l\u2019ennemi, nous rappelant les symboles et les objectifs de la r\u00e9volution, y compris la lev\u00e9e de l\u2019injustice et de l\u2019oppression des peuples o\u00f9 qu\u2019ils soient. La Palestine n\u2019est pas une g\u00e9ographie imagin\u00e9e, elle fait partie de ce monde et repr\u00e9sente toujours la destination des r\u00e9volutionnaires partout dans le monde.<\/p>\n<p>\u00c0 tous les camarades de la campagne internationale r\u00e9pandue dans le monde entier\u2026 Aux peuples libres du monde\u2026 Votre soutien au leader Ahmad Sa\u2019adat est une partie int\u00e9grante et importante de tous les efforts appelant et promettant un sursaut r\u00e9volutionnaire pour affronter les forces de l\u2019occupation et de l\u2019injustice. Poursuivez votre lutte, votre soutien et votre solidarit\u00e9 avec le mouvement des prisonniers palestiniens et avec les combattants de la libert\u00e9 dans le monde entier. Ces efforts restent une source de fiert\u00e9 pour nous tous.<\/p>\n<p>Enfin, ce bref message de notre part ne vient pas seulement soutenir Abu Ghassan, mais plut\u00f4t ce qu\u2019il incarne et repr\u00e9sente : la fermet\u00e9, la dignit\u00e9 et l\u2019humanit\u00e9 face \u00e0 l\u2019injustice. La cause des prisonniers transcende les fronti\u00e8res, les g\u00e9ographies, les murs et les temps parall\u00e8les. C\u2019est une r\u00e9volution qui affronte l\u2019injustice et dans laquelle nos prisonniers s\u2019unissent \u00e0 tous les prisonniers r\u00e9volutionnaires du monde entier dans les cachots de l\u2019oppression et de la pers\u00e9cution, en particulier le camarade<strong> Georges Abdallah<\/strong> et de nombreux autres fils et filles de la r\u00e9volution.<\/p>\n<p>Jusqu\u2019\u00e0 ce que nous nous rencontrions un jour sur la terre de la Palestine lib\u00e9r\u00e9e,<\/p>\n<p><strong>Vos camarades du Front populaire de lib\u00e9ration de la Palestine dans les prisons d\u2019occupation<\/strong><\/p><\/blockquote>\n<p style=\"text-align: center;\">*****<\/p>\n<p>Publi\u00e9 le 24 janvier 2023 sur <a href=\"https:\/\/samidoun.net\/fr\/2023\/01\/un-message-des-prisonniers-palestiniens-aux-internationalistes-a-loccasion-de-la-semaine-daction-pour-la-liberation-dahmad-saadat-et-de-tous-les-prisonniers-palestiniens\/\" target=\"_blank\" rel=\"noopener\"><strong>Samidoun<\/strong><\/a><\/p>\n","protected":false},"excerpt":{"rendered":"<p>Le message des prisonniers du Front populaire de lib\u00e9ration de la Palestine a \u00e9t\u00e9 lu \u00e0 haute voix lors de la manifestation de masse \u00e0 Gaza de ce 24 janvier 2023<\/p>\n","protected":false},"author":1,"featured_media":0,"comment_status":"closed","ping_status":"closed","sticky":false,"template":"","format":"standard","meta":{"ngg_post_thumbnail":0,"footnotes":""},"categories":[13],"tags":[802,216],"class_list":["post-50933","post","type-post","status-publish","format-standard","hentry","category-les-prisionners-palestiniens","tag-ahmad-saadat","tag-georges-abdallah"],"yoast_head":"<!-- This site is optimized with the Yoast SEO plugin v27.3 - https:\/\/yoast.com\/product\/yoast-seo-wordpress\/ -->\n<title>Un message des prisonniers palestiniens aux internationalistes<\/title>\n<meta name=\"description\" content=\"Le message des prisonniers palestiniens a \u00e9t\u00e9 lu \u00e0 haute voix lors de la manifestation de masse \u00e0 Gaza de ce 24 janvier 2023\" \/>\n<meta name=\"robots\" content=\"index, follow, max-snippet:-1, max-image-preview:large, max-video-preview:-1\" \/>\n<link rel=\"canonical\" href=\"https:\/\/charleroi-pourlapalestine.be\/index.php\/2023\/01\/24\/un-message-des-prisonniers-palestiniens-aux-internationalistes\/\" \/>\n<script type=\"application\/ld+json\" class=\"yoast-schema-graph\">{\"@context\":\"https:\\\/\\\/schema.org\",\"@graph\":[{\"@type\":\"Article\",\"@id\":\"https:\\\/\\\/charleroi-pourlapalestine.be\\\/index.php\\\/2023\\\/01\\\/24\\\/un-message-des-prisonniers-palestiniens-aux-internationalistes\\\/#article\",\"isPartOf\":{\"@id\":\"https:\\\/\\\/charleroi-pourlapalestine.be\\\/index.php\\\/2023\\\/01\\\/24\\\/un-message-des-prisonniers-palestiniens-aux-internationalistes\\\/\"},\"author\":{\"name\":\"admin1873\",\"@id\":\"https:\\\/\\\/charleroi-pourlapalestine.be\\\/#\\\/schema\\\/person\\\/c19ff515112f1299d8c12671d8fe3faa\"},\"headline\":\"Un message des prisonniers palestiniens aux internationalistes\",\"datePublished\":\"2023-01-24T16:33:06+00:00\",\"dateModified\":\"2023-01-24T16:34:18+00:00\",\"mainEntityOfPage\":{\"@id\":\"https:\\\/\\\/charleroi-pourlapalestine.be\\\/index.php\\\/2023\\\/01\\\/24\\\/un-message-des-prisonniers-palestiniens-aux-internationalistes\\\/\"},\"wordCount\":632,\"publisher\":{\"@id\":\"https:\\\/\\\/charleroi-pourlapalestine.be\\\/#organization\"},\"image\":{\"@id\":\"https:\\\/\\\/charleroi-pourlapalestine.be\\\/index.php\\\/2023\\\/01\\\/24\\\/un-message-des-prisonniers-palestiniens-aux-internationalistes\\\/#primaryimage\"},\"thumbnailUrl\":\"https:\\\/\\\/charleroi-pourlapalestine.be\\\/wp-content\\\/uploads\\\/2023\\\/01\\\/Manifestation-a-Gaza-le-24-janvier-2023-e1674577291651.jpg\",\"keywords\":[\"Ahmad Sa&#039;adat\",\"Georges Abdallah\"],\"articleSection\":[\"Prisonniers\"],\"inLanguage\":\"fr-FR\"},{\"@type\":\"WebPage\",\"@id\":\"https:\\\/\\\/charleroi-pourlapalestine.be\\\/index.php\\\/2023\\\/01\\\/24\\\/un-message-des-prisonniers-palestiniens-aux-internationalistes\\\/\",\"url\":\"https:\\\/\\\/charleroi-pourlapalestine.be\\\/index.php\\\/2023\\\/01\\\/24\\\/un-message-des-prisonniers-palestiniens-aux-internationalistes\\\/\",\"name\":\"Un message des prisonniers palestiniens aux internationalistes\",\"isPartOf\":{\"@id\":\"https:\\\/\\\/charleroi-pourlapalestine.be\\\/#website\"},\"primaryImageOfPage\":{\"@id\":\"https:\\\/\\\/charleroi-pourlapalestine.be\\\/index.php\\\/2023\\\/01\\\/24\\\/un-message-des-prisonniers-palestiniens-aux-internationalistes\\\/#primaryimage\"},\"image\":{\"@id\":\"https:\\\/\\\/charleroi-pourlapalestine.be\\\/index.php\\\/2023\\\/01\\\/24\\\/un-message-des-prisonniers-palestiniens-aux-internationalistes\\\/#primaryimage\"},\"thumbnailUrl\":\"https:\\\/\\\/charleroi-pourlapalestine.be\\\/wp-content\\\/uploads\\\/2023\\\/01\\\/Manifestation-a-Gaza-le-24-janvier-2023-e1674577291651.jpg\",\"datePublished\":\"2023-01-24T16:33:06+00:00\",\"dateModified\":\"2023-01-24T16:34:18+00:00\",\"description\":\"Le message des prisonniers palestiniens a \u00e9t\u00e9 lu \u00e0 haute voix lors de la manifestation de masse \u00e0 Gaza de ce 24 janvier 2023\",\"breadcrumb\":{\"@id\":\"https:\\\/\\\/charleroi-pourlapalestine.be\\\/index.php\\\/2023\\\/01\\\/24\\\/un-message-des-prisonniers-palestiniens-aux-internationalistes\\\/#breadcrumb\"},\"inLanguage\":\"fr-FR\",\"potentialAction\":[{\"@type\":\"ReadAction\",\"target\":[\"https:\\\/\\\/charleroi-pourlapalestine.be\\\/index.php\\\/2023\\\/01\\\/24\\\/un-message-des-prisonniers-palestiniens-aux-internationalistes\\\/\"]}]},{\"@type\":\"ImageObject\",\"inLanguage\":\"fr-FR\",\"@id\":\"https:\\\/\\\/charleroi-pourlapalestine.be\\\/index.php\\\/2023\\\/01\\\/24\\\/un-message-des-prisonniers-palestiniens-aux-internationalistes\\\/#primaryimage\",\"url\":\"\",\"contentUrl\":\"\"},{\"@type\":\"BreadcrumbList\",\"@id\":\"https:\\\/\\\/charleroi-pourlapalestine.be\\\/index.php\\\/2023\\\/01\\\/24\\\/un-message-des-prisonniers-palestiniens-aux-internationalistes\\\/#breadcrumb\",\"itemListElement\":[{\"@type\":\"ListItem\",\"position\":1,\"name\":\"Accueil\",\"item\":\"https:\\\/\\\/charleroi-pourlapalestine.be\\\/\"},{\"@type\":\"ListItem\",\"position\":2,\"name\":\"Un message des prisonniers palestiniens aux internationalistes\"}]},{\"@type\":\"WebSite\",\"@id\":\"https:\\\/\\\/charleroi-pourlapalestine.be\\\/#website\",\"url\":\"https:\\\/\\\/charleroi-pourlapalestine.be\\\/\",\"name\":\"Charleroi Pour la Palestine\",\"description\":\"\",\"publisher\":{\"@id\":\"https:\\\/\\\/charleroi-pourlapalestine.be\\\/#organization\"},\"potentialAction\":[{\"@type\":\"SearchAction\",\"target\":{\"@type\":\"EntryPoint\",\"urlTemplate\":\"https:\\\/\\\/charleroi-pourlapalestine.be\\\/?s={search_term_string}\"},\"query-input\":{\"@type\":\"PropertyValueSpecification\",\"valueRequired\":true,\"valueName\":\"search_term_string\"}}],\"inLanguage\":\"fr-FR\"},{\"@type\":\"Organization\",\"@id\":\"https:\\\/\\\/charleroi-pourlapalestine.be\\\/#organization\",\"name\":\"Plate-forme Charleroi-Palestine\",\"url\":\"https:\\\/\\\/charleroi-pourlapalestine.be\\\/\",\"logo\":{\"@type\":\"ImageObject\",\"inLanguage\":\"fr-FR\",\"@id\":\"https:\\\/\\\/charleroi-pourlapalestine.be\\\/#\\\/schema\\\/logo\\\/image\\\/\",\"url\":\"https:\\\/\\\/charleroi-pourlapalestine.be\\\/wp-content\\\/uploads\\\/2020\\\/01\\\/logo-Copy.jpg\",\"contentUrl\":\"https:\\\/\\\/charleroi-pourlapalestine.be\\\/wp-content\\\/uploads\\\/2020\\\/01\\\/logo-Copy.jpg\",\"width\":180,\"height\":180,\"caption\":\"Plate-forme Charleroi-Palestine\"},\"image\":{\"@id\":\"https:\\\/\\\/charleroi-pourlapalestine.be\\\/#\\\/schema\\\/logo\\\/image\\\/\"},\"sameAs\":[\"https:\\\/\\\/www.facebook.com\\\/PlateformeCharleroiPalestine\\\/\",\"https:\\\/\\\/x.com\\\/LaCharleroi\"]},{\"@type\":\"Person\",\"@id\":\"https:\\\/\\\/charleroi-pourlapalestine.be\\\/#\\\/schema\\\/person\\\/c19ff515112f1299d8c12671d8fe3faa\",\"name\":\"admin1873\",\"url\":\"https:\\\/\\\/charleroi-pourlapalestine.be\\\/index.php\\\/author\\\/admin1873\\\/\"}]}<\/script>\n<!-- \/ Yoast SEO plugin. -->","yoast_head_json":{"title":"Un message des prisonniers palestiniens aux internationalistes","description":"Le message des prisonniers palestiniens a \u00e9t\u00e9 lu \u00e0 haute voix lors de la manifestation de masse \u00e0 Gaza de ce 24 janvier 2023","robots":{"index":"index","follow":"follow","max-snippet":"max-snippet:-1","max-image-preview":"max-image-preview:large","max-video-preview":"max-video-preview:-1"},"canonical":"https:\/\/charleroi-pourlapalestine.be\/index.php\/2023\/01\/24\/un-message-des-prisonniers-palestiniens-aux-internationalistes\/","schema":{"@context":"https:\/\/schema.org","@graph":[{"@type":"Article","@id":"https:\/\/charleroi-pourlapalestine.be\/index.php\/2023\/01\/24\/un-message-des-prisonniers-palestiniens-aux-internationalistes\/#article","isPartOf":{"@id":"https:\/\/charleroi-pourlapalestine.be\/index.php\/2023\/01\/24\/un-message-des-prisonniers-palestiniens-aux-internationalistes\/"},"author":{"name":"admin1873","@id":"https:\/\/charleroi-pourlapalestine.be\/#\/schema\/person\/c19ff515112f1299d8c12671d8fe3faa"},"headline":"Un message des prisonniers palestiniens aux internationalistes","datePublished":"2023-01-24T16:33:06+00:00","dateModified":"2023-01-24T16:34:18+00:00","mainEntityOfPage":{"@id":"https:\/\/charleroi-pourlapalestine.be\/index.php\/2023\/01\/24\/un-message-des-prisonniers-palestiniens-aux-internationalistes\/"},"wordCount":632,"publisher":{"@id":"https:\/\/charleroi-pourlapalestine.be\/#organization"},"image":{"@id":"https:\/\/charleroi-pourlapalestine.be\/index.php\/2023\/01\/24\/un-message-des-prisonniers-palestiniens-aux-internationalistes\/#primaryimage"},"thumbnailUrl":"https:\/\/charleroi-pourlapalestine.be\/wp-content\/uploads\/2023\/01\/Manifestation-a-Gaza-le-24-janvier-2023-e1674577291651.jpg","keywords":["Ahmad Sa&#039;adat","Georges Abdallah"],"articleSection":["Prisonniers"],"inLanguage":"fr-FR"},{"@type":"WebPage","@id":"https:\/\/charleroi-pourlapalestine.be\/index.php\/2023\/01\/24\/un-message-des-prisonniers-palestiniens-aux-internationalistes\/","url":"https:\/\/charleroi-pourlapalestine.be\/index.php\/2023\/01\/24\/un-message-des-prisonniers-palestiniens-aux-internationalistes\/","name":"Un message des prisonniers palestiniens aux internationalistes","isPartOf":{"@id":"https:\/\/charleroi-pourlapalestine.be\/#website"},"primaryImageOfPage":{"@id":"https:\/\/charleroi-pourlapalestine.be\/index.php\/2023\/01\/24\/un-message-des-prisonniers-palestiniens-aux-internationalistes\/#primaryimage"},"image":{"@id":"https:\/\/charleroi-pourlapalestine.be\/index.php\/2023\/01\/24\/un-message-des-prisonniers-palestiniens-aux-internationalistes\/#primaryimage"},"thumbnailUrl":"https:\/\/charleroi-pourlapalestine.be\/wp-content\/uploads\/2023\/01\/Manifestation-a-Gaza-le-24-janvier-2023-e1674577291651.jpg","datePublished":"2023-01-24T16:33:06+00:00","dateModified":"2023-01-24T16:34:18+00:00","description":"Le message des prisonniers palestiniens a \u00e9t\u00e9 lu \u00e0 haute voix lors de la manifestation de masse \u00e0 Gaza de ce 24 janvier 2023","breadcrumb":{"@id":"https:\/\/charleroi-pourlapalestine.be\/index.php\/2023\/01\/24\/un-message-des-prisonniers-palestiniens-aux-internationalistes\/#breadcrumb"},"inLanguage":"fr-FR","potentialAction":[{"@type":"ReadAction","target":["https:\/\/charleroi-pourlapalestine.be\/index.php\/2023\/01\/24\/un-message-des-prisonniers-palestiniens-aux-internationalistes\/"]}]},{"@type":"ImageObject","inLanguage":"fr-FR","@id":"https:\/\/charleroi-pourlapalestine.be\/index.php\/2023\/01\/24\/un-message-des-prisonniers-palestiniens-aux-internationalistes\/#primaryimage","url":"","contentUrl":""},{"@type":"BreadcrumbList","@id":"https:\/\/charleroi-pourlapalestine.be\/index.php\/2023\/01\/24\/un-message-des-prisonniers-palestiniens-aux-internationalistes\/#breadcrumb","itemListElement":[{"@type":"ListItem","position":1,"name":"Accueil","item":"https:\/\/charleroi-pourlapalestine.be\/"},{"@type":"ListItem","position":2,"name":"Un message des prisonniers palestiniens aux internationalistes"}]},{"@type":"WebSite","@id":"https:\/\/charleroi-pourlapalestine.be\/#website","url":"https:\/\/charleroi-pourlapalestine.be\/","name":"Charleroi Pour la Palestine","description":"","publisher":{"@id":"https:\/\/charleroi-pourlapalestine.be\/#organization"},"potentialAction":[{"@type":"SearchAction","target":{"@type":"EntryPoint","urlTemplate":"https:\/\/charleroi-pourlapalestine.be\/?s={search_term_string}"},"query-input":{"@type":"PropertyValueSpecification","valueRequired":true,"valueName":"search_term_string"}}],"inLanguage":"fr-FR"},{"@type":"Organization","@id":"https:\/\/charleroi-pourlapalestine.be\/#organization","name":"Plate-forme Charleroi-Palestine","url":"https:\/\/charleroi-pourlapalestine.be\/","logo":{"@type":"ImageObject","inLanguage":"fr-FR","@id":"https:\/\/charleroi-pourlapalestine.be\/#\/schema\/logo\/image\/","url":"https:\/\/charleroi-pourlapalestine.be\/wp-content\/uploads\/2020\/01\/logo-Copy.jpg","contentUrl":"https:\/\/charleroi-pourlapalestine.be\/wp-content\/uploads\/2020\/01\/logo-Copy.jpg","width":180,"height":180,"caption":"Plate-forme Charleroi-Palestine"},"image":{"@id":"https:\/\/charleroi-pourlapalestine.be\/#\/schema\/logo\/image\/"},"sameAs":["https:\/\/www.facebook.com\/PlateformeCharleroiPalestine\/","https:\/\/x.com\/LaCharleroi"]},{"@type":"Person","@id":"https:\/\/charleroi-pourlapalestine.be\/#\/schema\/person\/c19ff515112f1299d8c12671d8fe3faa","name":"admin1873","url":"https:\/\/charleroi-pourlapalestine.be\/index.php\/author\/admin1873\/"}]}},"_links":{"self":[{"href":"https:\/\/charleroi-pourlapalestine.be\/index.php\/wp-json\/wp\/v2\/posts\/50933","targetHints":{"allow":["GET"]}}],"collection":[{"href":"https:\/\/charleroi-pourlapalestine.be\/index.php\/wp-json\/wp\/v2\/posts"}],"about":[{"href":"https:\/\/charleroi-pourlapalestine.be\/index.php\/wp-json\/wp\/v2\/types\/post"}],"author":[{"embeddable":true,"href":"https:\/\/charleroi-pourlapalestine.be\/index.php\/wp-json\/wp\/v2\/users\/1"}],"replies":[{"embeddable":true,"href":"https:\/\/charleroi-pourlapalestine.be\/index.php\/wp-json\/wp\/v2\/comments?post=50933"}],"version-history":[{"count":0,"href":"https:\/\/charleroi-pourlapalestine.be\/index.php\/wp-json\/wp\/v2\/posts\/50933\/revisions"}],"wp:attachment":[{"href":"https:\/\/charleroi-pourlapalestine.be\/index.php\/wp-json\/wp\/v2\/media?parent=50933"}],"wp:term":[{"taxonomy":"category","embeddable":true,"href":"https:\/\/charleroi-pourlapalestine.be\/index.php\/wp-json\/wp\/v2\/categories?post=50933"},{"taxonomy":"post_tag","embeddable":true,"href":"https:\/\/charleroi-pourlapalestine.be\/index.php\/wp-json\/wp\/v2\/tags?post=50933"}],"curies":[{"name":"wp","href":"https:\/\/api.w.org\/{rel}","templated":true}]}}