{"id":51010,"date":"2023-01-27T18:05:11","date_gmt":"2023-01-27T17:05:11","guid":{"rendered":"https:\/\/charleroi-pourlapalestine.be\/?p=51010"},"modified":"2023-01-27T18:16:38","modified_gmt":"2023-01-27T17:16:38","slug":"bain-de-sang-israelien-a-jenine-9-palestiniens-tues","status":"publish","type":"post","link":"https:\/\/charleroi-pourlapalestine.be\/index.php\/2023\/01\/27\/bain-de-sang-israelien-a-jenine-9-palestiniens-tues\/","title":{"rendered":"Bain de sang isra\u00e9lien \u00e0 J\u00e9nine : 9 Palestiniens tu\u00e9s"},"content":{"rendered":"<p>C\u2019est un v\u00e9ritable carnage qui a eu lieu, ce jeudi matin, quand les forces d\u2019occupation isra\u00e9liennes ont lanc\u00e9 une attaque contre le camp de r\u00e9fugi\u00e9s de J\u00e9nine et tu\u00e9 neuf Palestiniens, dont deux enfants et une vieille dame de 61 ans, et en ont bless\u00e9 des dizaines d\u2019autres.<\/p>\n<p>Un 10<sup>e<\/sup> Palestinien a \u00e9t\u00e9 tu\u00e9 par les forces isra\u00e9liennes \u00e0 J\u00e9rusalem-Est occup\u00e9e un peu plus tard ce jeudi.<\/p>\n<div id=\"attachment_51011\" style=\"width: 810px\" class=\"wp-caption alignnone\"><img loading=\"lazy\" decoding=\"async\" aria-describedby=\"caption-attachment-51011\" class=\"wp-image-51011 size-full\" src=\"https:\/\/charleroi-pourlapalestine.be\/wp-content\/uploads\/2023\/01\/Bain-de-sang-a-Jenine.jpg\" alt=\"26 janvier 2023, camp de r\u00e9fugi\u00e9s de J\u00e9nine, en Cisjordanie occup\u00e9e. Des centaines de personnes en deuil portent les corps des Palestiniens tu\u00e9s par les forces isra\u00e9liennes au cours d\u2019une attaque contre le camp. (Photo : Ahmed Ibrahim \/ APA images\" width=\"800\" height=\"533\"><p id=\"caption-attachment-51011\" class=\"wp-caption-text\"><strong>26 janvier 2023, camp de r\u00e9fugi\u00e9s de J\u00e9nine, en Cisjordanie occup\u00e9e. Des centaines de personnes en deuil portent les corps des Palestiniens tu\u00e9s par les forces isra\u00e9liennes au cours d\u2019une attaque contre le camp.<\/strong> (Photo : Ahmed Ibrahim \/ APA images<\/p><\/div>\n<p>Tr\u00e8s t\u00f4t, jeudi, <strong>l\u2019arm\u00e9e isra\u00e9lienne, le Shin Bet<\/strong> (l\u2019agence nationale isra\u00e9lienne d\u2019espionnage et de torture) et <strong>les forces sp\u00e9ciales de la police<\/strong> ont envahi le camp du nord de la Cisjordanie, pr\u00e9tendument <em>\u00ab pour d\u00e9jouer des plans d\u2019attaque imminents du Djihad islamique palestinien (DIP)<\/em> \u00bb, a d\u00e9clar\u00e9 l\u2019arme isra\u00e9lienne, d\u2019apr\u00e8s <em>The Times of Israel<\/em>.<\/p>\n<p>Les troupes isra\u00e9liennes ont pr\u00e9tendu que les militants palestiniens avaient tir\u00e9 sur elles et que des \u00e9changes de tirs s\u2019en \u00e9taient suivis.<\/p>\n<p>Le minist\u00e8re palestinien de la Sant\u00e9 a rapport\u00e9 que la plupart des blessures des personnes qui arrivaient aux h\u00f4pitaux depuis le camp de r\u00e9fugi\u00e9s de J\u00e9nine \u00e9taient des blessures \u00e0 la t\u00eate ou \u00e0 la poitrine, ce qui indique que <strong><em>\u00ab les tirs isra\u00e9liens contre les citoyens \u00e9taient bel et bien destin\u00e9s \u00e0 tuer \u00bb.<\/em><\/strong><\/p>\n<p><em>Defense for Children International \u2013 Palestine<\/em> a identifi\u00e9 deux des morts : <strong>Abdullah Marwan Musa, 17 ans, et Wasim Amjad Abu Jaes, 16 ans<\/strong> :<\/p>\n<blockquote class=\"twitter-tweet\" data-width=\"500\" data-dnt=\"true\">\n<p lang=\"en\" dir=\"ltr\">BREAKING: Israeli forces shot and killed two Palestinian children in Jenin refugee camp around 9 a.m. today during an Israeli military incursion into the camp. 17-year-old Abdullah Marwan Juma&#39;a Mousa, left, and 16-year-old Waseem Amjad Aref Abu Jaes, right. <a href=\"https:\/\/t.co\/2YQfZTcgSm\">pic.twitter.com\/2YQfZTcgSm<\/a><\/p>\n<p>&mdash; Defense for Children (@DCIPalestine) <a href=\"https:\/\/twitter.com\/DCIPalestine\/status\/1618617682869510146?ref_src=twsrc%5Etfw\">January 26, 2023<\/a><\/p><\/blockquote>\n<p><script async src=\"https:\/\/platform.twitter.com\/widgets.js\" charset=\"utf-8\"><\/script><\/p>\n<p>&nbsp;<\/p>\n<p><strong>Abdullah<\/strong> se trouvait dans une ruelle du quartier d\u2019al-Hawashin, dans le camp de r\u00e9fugi\u00e9s de J\u00e9nine, puis s\u2019\u00e9tait dirig\u00e9 vers la rue principale.<\/p>\n<p>Son ami lui avait cri\u00e9 de faire demi-tour quand <strong>un sniper isra\u00e9lien<\/strong> planqu\u00e9 \u00e0 l\u2019une des fen\u00eatres d\u2019un immeuble proche lui avait tir\u00e9 une balle (r\u00e9elle) dans la poitrine, a rapport\u00e9 une enqu\u00eate de DCI-P sur les lieux.<\/p>\n<blockquote><p>\u00ab Le sniper isra\u00e9lien a tir\u00e9 trois autres balles sur Abdullah au moment o\u00f9 il s\u2019\u00e9croulait au sol \u00bb,<\/p><\/blockquote>\n<p>a rapport\u00e9 DCI-P.<\/p>\n<blockquote><p>\u00ab Son ami a demand\u00e9 aux habitants palestiniens voisins d\u2019appeler une ambulance, mais il a fallu \u00e0 celle-ci plus de dix minutes pour arriver sur place, du fait que les forces isra\u00e9liennes emp\u00eachaient le personnel m\u00e9dical et les ambulances de porter secours aux Palestiniens bless\u00e9s, dont Abdullah. \u00bb<\/p><\/blockquote>\n<p>Dans le m\u00eame quartier, <strong>Wasim<\/strong> se trouvait dans la rue principale en compagnie de plusieurs autres jeunes Palestiniens.<\/p>\n<p>Wasim s\u2019\u00e9tait approch\u00e9 d\u2019un groupe de v\u00e9hicules militaires quand les forces isra\u00e9liennes ont ouvert le feu, tirant ainsi cinq balles en direction des jeunes. La plupart d\u2019entre eux se sont enfuis.<\/p>\n<blockquote><p>\u00ab Imm\u00e9diatement apr\u00e8s cela, un v\u00e9hicule de l\u2019arm\u00e9e isra\u00e9lienne s\u2019est approch\u00e9 de Wasim et l\u2019a renvers\u00e9 \u00bb,<\/p><\/blockquote>\n<p>a rapport\u00e9 DCI-P.<\/p>\n<p>L\u2019organisation a d\u00e9clar\u00e9 que Wasim, <em>\u00ab vraisemblablement, avait re\u00e7u une blessure par balle d\u2019un sniper isra\u00e9lien \u00bb<\/em> mais, puisqu\u2019il<\/p>\n<blockquote><p>\u00ab s\u2019\u00e9tait fait renverser par un v\u00e9hicule militaire isra\u00e9lien et qu\u2019il souffrait de s\u00e9v\u00e8res lac\u00e9rations \u00e0 la t\u00eate, le personnel m\u00e9dical n\u2019avait pu \u00eatre absolument certain que des balles l\u2019avaient ou pas touch\u00e9 \u00e0 la t\u00eate \u00bb.<\/p><\/blockquote>\n<p>Ces morts portent \u00e0 six le nombre d\u2019enfants palestiniens tu\u00e9s par les forces isra\u00e9liennes depuis le d\u00e9but de cette ann\u00e9e.<\/p>\n<p>La femme qui a \u00e9t\u00e9 tu\u00e9e s\u2019appelait <strong>Majida Obeid.<\/strong><\/p>\n<p>Les autres personnes tu\u00e9es au cours de l\u2019attaque isra\u00e9lienne \u00e9taient <strong>Mutasem Mahmoud Abu al-Hasan, Noor al-Din Sami Ghneim, Muhammad Sami Ghneim, Muhammad Mahmoud Subuh, Saeb Isam Zreiqi et Izz al-Din Yasin Salahat,<\/strong> d\u2019apr\u00e8s les renseignements communiqu\u00e9s par le minist\u00e8re de la sant\u00e9.<\/p>\n<p><strong>La tuerie de jeudi a port\u00e9 \u00e0 30 le nombre de morts palestiniens des mains des militaires et colons isra\u00e9liens depuis le d\u00e9but de l\u2019ann\u00e9e.<\/strong><\/p>\n<p>La<strong> Brigade de J\u00e9nine<\/strong>, une unit\u00e9 de r\u00e9sistance associ\u00e9e au <strong>Djihad islamique<\/strong> et cantonn\u00e9e au camp de r\u00e9fugi\u00e9s, a dit qu\u2019elle s\u2019\u00e9tait engag\u00e9e contre la force d\u2019invasion en tirant des coups de feu et \u00e0 utilisant des explosifs improvis\u00e9s, ce qui avait provoqu\u00e9 des blessures dans le camp adverse.<\/p>\n<p>Par contre, l\u2019arm\u00e9e isra\u00e9lienne a fait savoir que ses effectifs n\u2019avaient subi aucune perte.<\/p>\n<p>Des images graphiques et des prises de vue ont \u00e9t\u00e9 post\u00e9es dans les m\u00e9dias sociaux, suite au massacre.<\/p>\n<p>Apparemment, des militants palestiniens ont \u00e9t\u00e9 en mesure d\u2019abattre un drone isra\u00e9lien :<\/p>\n<blockquote class=\"twitter-tweet\" data-width=\"500\" data-dnt=\"true\">\n<p lang=\"ar\" dir=\"rtl\">\u0645\u0635\u0627\u062f\u0631 \u0645\u062d\u0644\u064a\u0629: \u0645\u0642\u0627\u0648\u0645\u0648\u0646 \u064a\u062a\u0645\u0643\u0646\u0648\u0646 \u0645\u0646 \u0625\u0633\u0642\u0627\u0637 \u0637\u0627\u0626\u0631\u0629 \u0645\u0633\u064a\u0631\u0629 \u0644\u062c\u064a\u0634 \u0627\u0644\u0627\u062d\u062a\u0644\u0627\u0644 \u0641\u064a \u0645\u062e\u064a\u0645 \u062c\u0646\u064a\u0646. <a href=\"https:\/\/t.co\/PrFhcyDbBr\">pic.twitter.com\/PrFhcyDbBr<\/a><\/p>\n<p>&mdash; \u0634\u0628\u0643\u0629 \u0642\u062f\u0633 \u0627\u0644\u0625\u062e\u0628\u0627\u0631\u064a\u0629 (@qudsn) <a href=\"https:\/\/twitter.com\/qudsn\/status\/1618495052057088005?ref_src=twsrc%5Etfw\">January 26, 2023<\/a><\/p><\/blockquote>\n<p><script async src=\"https:\/\/platform.twitter.com\/widgets.js\" charset=\"utf-8\"><\/script><\/p>\n<p>&nbsp;<\/p>\n<p>Plus tard, ce jeudi, les forces isra\u00e9liennes ont abattu et tu\u00e9 <strong>un autre jeune Palestinien \u00e0 J\u00e9rusalem-Est<\/strong> occup\u00e9e. Le minist\u00e8re de la sant\u00e9 l\u2019a identifi\u00e9 : il s\u2019agissait de <strong>Yousef Yahya Muheisen.<\/strong><\/p>\n<p>&nbsp;<\/p>\n<h3><strong>Un h\u00f4pital sous attaque<\/strong><\/h3>\n<p><strong>Durant leur offensive, les forces isra\u00e9liennes ont envahi l\u2019h\u00f4pital gouvernemental de J\u00e9nine<\/strong> et ont <strong>attaqu\u00e9 l\u2019unit\u00e9 de p\u00e9diatrie<\/strong> \u00e0 l\u2019aide de grenades lacrymog\u00e8nes, a pr\u00e9tendu le ministre de la Sant\u00e9 de l\u2019Autorit\u00e9 palestinienne.<\/p>\n<p>Le personnel m\u00e9dical et les enfants \u00e9touffaient sous les gaz lacrymog\u00e8nes, pr\u00e9tend le ministre. La vid\u00e9o qui suit, prise \u00e0 l\u2019h\u00f4pital, montre des femmes qui sortent des enfants des chambres pour les emmener dans les couloirs :<\/p>\n<p>https:\/\/twitter.com\/Alaqsavoice_Brk\/status\/1618504733551104001?ref_src=twsrc%5Etfw%7Ctwcamp%5Etweetembed%7Ctwterm%5E1618504733551104001%7Ctwgr%5E9b075927af5596933cbee80a2ec9404d78066a03%7Ctwcon%5Es1_&#038;ref_url=https%3A%2F%2Felectronicintifada.net%2Fblogs%2Ftamara-nassar%2Fisraeli-bloodbath-jenin-kills-9-palestinians<\/p>\n<p>&nbsp;<\/p>\n<p><strong>L\u2019Organisation mondiale de la sant\u00e9 (OMS)<\/strong> a qualifi\u00e9 le massacre de <em>\u00ab profond\u00e9ment choquant \u00bb,<\/em> mais sans mentionner qui l\u2019avait commis.<\/p>\n<p>L\u2019OMS a \u00e9galement r\u00e9clam\u00e9<\/p>\n<blockquote><p>\u00ab le respect et la protection des soins de sant\u00e9 et l\u2019acc\u00e8s sans entrave \u00e0 tout moment aux services de soins essentiels \u00bb,<\/p><\/blockquote>\n<p>bien que \u00e7\u2019ait \u00e9t\u00e9 Isra\u00ebl, et non les Palestiniens, qui a cibl\u00e9 et entrav\u00e9 les infrastructures et travailleurs m\u00e9dicaux.<\/p>\n<p><strong>Les forces d\u2019occupation isra\u00e9liennes ont emp\u00each\u00e9 les travailleurs m\u00e9dicaux palestiniens de rallier le camp et elles ont emp\u00each\u00e9 les infirmiers d\u2019y entrer<\/strong>, a d\u00e9clar\u00e9 la Soci\u00e9t\u00e9 palestinienne du Croissant-Rouge.<\/p>\n<p>Apr\u00e8s une heure environ, comme le nombre de tu\u00e9s et de bless\u00e9s ne cessait de grimper, les forces isra\u00e9liennes ont finalement permis au personnel du <strong>Croissant-Rouge<\/strong> d\u2019entrer dans le camp.<\/p>\n<p>Le Croissant-Rouge a dit que les \u00e9quipes<\/p>\n<blockquote><p><strong>\u00ab faisaient preuve d\u2019une prudence extr\u00eame, surtout du fait qu\u2019on entendait des coups de semonce \u00e0 proximit\u00e9 des ambulances \u00bb.<\/strong><\/p><\/blockquote>\n<p>L\u2019organisation m\u00e9dicale a d\u00e9clar\u00e9 qu\u2019elle avait \u00e9vacu\u00e9 au moins 26 bless\u00e9s \u00e0 balles r\u00e9elles.<\/p>\n<p>&nbsp;<\/p>\n<h3><strong>Le blanchiment des mains isra\u00e9liennes couvertes de sang<\/strong><\/h3>\n<p>Un responsable de l\u2019ONU rest\u00e9 anonyme a d\u00e9clar\u00e9 sur <em>NPR<\/em> que c\u2019\u00e9tait <em><strong>\u00ab l\u2019op\u00e9ration isra\u00e9lienne en Cisjordanie la plus meurtri\u00e8re depuis au moins 2005 \u00bb,<\/strong><\/em> a rapport\u00e9 l\u2019organisation m\u00e9diatique.<\/p>\n<p><strong>Mais cela n\u2019a pas emp\u00each\u00e9 <em>\u00ab\u00a0l\u2019envoy\u00e9 des Nations unies pour le processus de paix\u00a0\u00bb<\/em> de blanchir le massacre.<\/strong><\/p>\n<p><strong>Tor Wennesland<\/strong> l\u2019a d\u00e9crit comme un exemple du <em>\u00ab cycle incessant de la violence \u00bb<\/em> qui a abouti aujourd\u2019hui \u00e0 <em>\u00ab la mort de neuf Palestiniens \u00bb,<\/em> sans mentionner directement que les forces isra\u00e9liennes \u00e9taient bel et bien responsables de ce massacre.<\/p>\n<p>https:\/\/twitter.com\/EUSR_Koopmans\/status\/1618576616627785728?ref_src=twsrc%5Etfw%7Ctwcamp%5Etweetembed%7Ctwterm%5E1618576616627785728%7Ctwgr%5E9b075927af5596933cbee80a2ec9404d78066a03%7Ctwcon%5Es1_&#038;ref_url=https%3A%2F%2Felectronicintifada.net%2Fblogs%2Ftamara-nassar%2Fisraeli-bloodbath-jenin-kills-9-palestinians<\/p>\n<p><strong>Tor Wennesland<\/strong> a insist\u00e9 pour que<\/p>\n<blockquote><p>\u00ab les autorit\u00e9s isra\u00e9liennes et palestiniennes r\u00e9duisent les tensions, restaurent le calme et \u00e9vitent d\u00e9sormais les conflits \u00bb.<\/p><\/blockquote>\n<p>L\u2019envoy\u00e9 r\u00e9gional de l\u2019Union europ\u00e9enne, <strong>Sven Koopmans,<\/strong> a approuv\u00e9 la d\u00e9claration de Tor Wennesland en disant qu\u2019il partageait ses <em>\u00ab profondes inqui\u00e9tudes \u00bb<\/em> et qu\u2019il soutenait les <em>\u00ab efforts de l\u2019ONU en vue d\u2019une d\u00e9sescalade \u00bb.<\/em><\/p>\n<p><strong>Steffen Seibert, l\u2019ambassadeur d\u2019Allemagne \u00e0 Tel-Aviv<\/strong>, a confirm\u00e9<\/p>\n<blockquote><p>\u00ab le droit d\u2019Isra\u00ebl de prot\u00e9ger ses citoyens du terrorisme \u00bb<\/p><\/blockquote>\n<p>mais<strong> sans faire mention du droit des Palestiniens \u00e0 l\u2019autod\u00e9fense et \u00e0 la r\u00e9sistance contre leur occupant militaire.<\/strong><\/p>\n<blockquote class=\"twitter-tweet\" data-width=\"500\" data-dnt=\"true\">\n<p lang=\"en\" dir=\"ltr\">Worried by news of high number of casualties during <a href=\"https:\/\/twitter.com\/IDF?ref_src=twsrc%5Etfw\">@IDF<\/a> operation in <a href=\"https:\/\/twitter.com\/hashtag\/Jenin?src=hash&amp;ref_src=twsrc%5Etfw\">#Jenin<\/a>. Israel has the right to protect its citizens from terrorism &#8211; in a proportionate way, in accordance with international law. Deescalation &amp; Israeli-Palestinian dialogue now needed more than ever.<\/p>\n<p>&mdash; Steffen Seibert (@GerAmbTLV) <a href=\"https:\/\/twitter.com\/GerAmbTLV\/status\/1618590463300358144?ref_src=twsrc%5Etfw\">January 26, 2023<\/a><\/p><\/blockquote>\n<p><script async src=\"https:\/\/platform.twitter.com\/widgets.js\" charset=\"utf-8\"><\/script><\/p>\n<p>Seibert a d\u00e9clar\u00e9 qu\u2019il \u00e9tait <em>\u00ab embarrass\u00e9 par le chiffre \u00e9lev\u00e9 des pertes \u00bb<\/em> et il a r\u00e9clam\u00e9 la <em>\u00ab d\u00e9sescalade \u00bb<\/em>, tout en passant compl\u00e8tement sous silence le r\u00f4le d\u2019Isra\u00ebl dans le massacre de jeudi matin.<\/p>\n<p><strong>Al-Haq, une organisation palestinienne de d\u00e9fense des droits humains, a bl\u00e2m\u00e9 la complicit\u00e9 de la pr\u00e9tendue communaut\u00e9 internationale dans le bain de sang de J\u00e9nine.<\/strong><\/p>\n<blockquote class=\"twitter-tweet\" data-width=\"500\" data-dnt=\"true\">\n<p lang=\"en\" dir=\"ltr\">As we have witnessed the horrifying brutal Israeli raid on <a href=\"https:\/\/twitter.com\/hashtag\/Jenin?src=hash&amp;ref_src=twsrc%5Etfw\">#Jenin<\/a> refugee camp, we remind the world that the 9 Palestinian lives taken today, could have been spared, if the world took action to end Israel\u2019s settler-colonialism, apartheid &amp; occupation &amp; held Israel accountable 1\/2<\/p>\n<p>&mdash; Al-Haq \u0627\u0644\u062d\u0642 (@alhaq_org) <a href=\"https:\/\/twitter.com\/alhaq_org\/status\/1618682154535514112?ref_src=twsrc%5Etfw\">January 26, 2023<\/a><\/p><\/blockquote>\n<p><script async src=\"https:\/\/platform.twitter.com\/widgets.js\" charset=\"utf-8\"><\/script><\/p>\n<p>&nbsp;<\/p>\n<blockquote><p>\u00ab <strong>Apr\u00e8s avoir \u00e9t\u00e9 t\u00e9moins de l\u2019horrible raid violent des Isra\u00e9liens contre le camp de r\u00e9fugi\u00e9s de J\u00e9nine, nous rappelons au monde que les neuf vies palestiniennes ravies aujourd\u2019hui auraient pu \u00eatre \u00e9pargn\u00e9es si le monde avait entrepris des actions en vue de mettre un terme au colonialisme de peuplement d\u2019Isra\u00ebl, \u00e0 son apartheid et \u00e0 son occupation et de lui demander des comptes<\/strong> \u00bb,<\/p><\/blockquote>\n<p>a d\u00e9clar\u00e9 l\u2019organisation.<\/p>\n<blockquote class=\"twitter-tweet\" data-width=\"500\" data-dnt=\"true\">\n<p lang=\"en\" dir=\"ltr\">As Israeli forces kill a Palestinian every 21 hours, I am not sure I find it more disturbing to hear Israeli politicians praising the killings, or to not hear a strong, choral call by the international community to hold Israel accountable. <a href=\"https:\/\/t.co\/TGdmJxopoO\">https:\/\/t.co\/TGdmJxopoO<\/a><\/p>\n<p>&mdash; Francesca Albanese, UN Special Rapporteur oPt (@FranceskAlbs) <a href=\"https:\/\/twitter.com\/FranceskAlbs\/status\/1618705023072104450?ref_src=twsrc%5Etfw\">January 26, 2023<\/a><\/p><\/blockquote>\n<p><script async src=\"https:\/\/platform.twitter.com\/widgets.js\" charset=\"utf-8\"><\/script><\/p>\n<p>&nbsp;<\/p>\n<h3><strong>Des menaces creuses<\/strong><\/h3>\n<p><strong>L\u2019envoy\u00e9 de l\u2019ONU,<\/strong> <strong>Tor Wennesland<\/strong> s\u2019est adress\u00e9, rapporte-t-on, aux responsables de l\u2019<strong>Autorit\u00e9 palestinienne<\/strong> apr\u00e8s qu\u2019ils avaient annonc\u00e9 qu\u2019en r\u00e9ponse au massacre de J\u00e9nine, ils allaient suspendre la coordination s\u00e9curitaire avec Isra\u00ebl.<\/p>\n<p>Tor Wennesland a insist\u00e9 pour qu\u2019ils ne le fassent pas.<\/p>\n<p>Le but des efforts de Wennesland est de garantir qu\u2019Isra\u00ebl puisse continuer de tuer des Palestiniens tout en s\u2019assurant que ceux-ci ne r\u00e9sistent pas ni ne se d\u00e9fendent.<\/p>\n<p>Wennesland n\u2019a pas \u00e0 se soucier de grand-chose.<\/p>\n<p>L\u2019AP a menac\u00e9 \u00e0 de tr\u00e8s nombreuses reprises de mettre un terme \u00e0 sa soumission \u00e0 Isra\u00ebl mais il s\u2019est av\u00e9r\u00e9 que, <strong>chaque fois, ces annonces \u00e9taient creuses et de courte dur\u00e9e<\/strong> \u2013 il s\u2019agissait vraisemblablement d\u2019un effort en vue d\u2019apaiser la col\u00e8re populaire des Palestiniens contre l\u2019\u00e9vidente collaboration de leurs dirigeants avec les forces de l\u2019occupation.<\/p>\n<blockquote class=\"twitter-tweet\" data-width=\"500\" data-dnt=\"true\">\n<p lang=\"en\" dir=\"ltr\">Every now and then, when his open treason becomes too blatant and embarrassing, <a href=\"https:\/\/twitter.com\/JoeBiden?ref_src=twsrc%5Etfw\">@JoeBiden<\/a>\/<a href=\"https:\/\/twitter.com\/EUinIsrael?ref_src=twsrc%5Etfw\">@EUinIsrael<\/a>-backed Palestinian Quisling Mahmoud Abbas pretends to stop betraying Palestinians to his Israeli bosses. It&#39;s always a lie <a href=\"https:\/\/t.co\/AF60T7x5vr\">https:\/\/t.co\/AF60T7x5vr<\/a> <a href=\"https:\/\/t.co\/PQfI8n4ENE\">pic.twitter.com\/PQfI8n4ENE<\/a><\/p>\n<p>&mdash; Ali Abunimah (@AliAbunimah) <a href=\"https:\/\/twitter.com\/AliAbunimah\/status\/1618652950083301378?ref_src=twsrc%5Etfw\">January 26, 2023<\/a><\/p><\/blockquote>\n<p><script async src=\"https:\/\/platform.twitter.com\/widgets.js\" charset=\"utf-8\"><\/script><\/p>\n<p>Depuis sa cr\u00e9ation au milieu des ann\u00e9es 1990,<strong> l\u2019Autorit\u00e9 palestinienne<\/strong> a poursuivi son \u00e9troite coop\u00e9ration avec les forces d\u2019occupation isra\u00e9liennes, sous la banni\u00e8re d\u2019une <em>\u00ab coordination s\u00e9curitaire \u00bb.<\/em><\/p>\n<p>Le but de tout ceci est de<strong> r\u00e9primer la r\u00e9sistance et les protestations palestiniennes<\/strong> <strong>contre l\u2019occupation militaire isra\u00e9lienne de la Cisjordanie<\/strong>. C\u2019est aussi la raison pour laquelle <strong>les \u00c9tats-Unis et les pays europ\u00e9ens ont voulu financer l\u2019AP.<\/strong><\/p>\n<p>Dans les petites zones de la Cisjordanie occup\u00e9e o\u00f9 l\u2019AP dispose d\u2019un contr\u00f4le nominal, les forces palestiniennes ne sont autoris\u00e9es qu\u2019\u00e0 arr\u00eater d\u2019autres Palestiniens. Elles ne peuvent s\u2019en prendre aux soldats ou aux colons isra\u00e9liens qui agressent des Palestiniens.<\/p>\n<p><strong>Cela signifie en pratique que l\u2019AP est l\u00e0 en fait pour prot\u00e9ger Isra\u00ebl et ses colons.<\/strong><\/p>\n<p>Le Premier ministre isra\u00e9lien Benjamin Netanyahou a r\u00e9p\u00e9t\u00e9 jeudi que le premier r\u00f4le de l\u2019AP consistait \u00e0 <strong>combattre le peuple palestinien et sa r\u00e9sistance pour le compte d\u2019Isra\u00ebl.<\/strong><\/p>\n<blockquote><p>\u00ab Partout o\u00f9 l\u2019Autorit\u00e9 palestinienne n\u2019exerce pas son autorit\u00e9, nous serons forc\u00e9s d\u2019intervenir et de d\u00e9jouer des attentats terroristes \u00bb,<\/p><\/blockquote>\n<p>a d\u00e9clar\u00e9 le cabinet de <strong>Netanyahou.<\/strong><\/p>\n<p>Isra\u00ebl consid\u00e8re toute forme d\u2019action des Palestiniens en vue de d\u00e9fendre leurs droits, y compris la r\u00e9sistance arm\u00e9e contre les forces militaires d\u2019occupation, les campagnes non violentes, la d\u00e9fense des droits humains ou les actions juridiques, comme du <em>\u00ab terrorisme \u00bb.<\/em><\/p>\n<blockquote class=\"twitter-tweet\" data-width=\"500\" data-dnt=\"true\">\n<p lang=\"en\" dir=\"ltr\">Terror comes in many forms, and the Palestinians have mastered another terror tactic. By manipulating and weaponizing int. organizations, like the ICJ, the Palestinians aim to force Israel to give in to all of their demands without negotiations, dialogue, or mutual concessions. <a href=\"https:\/\/t.co\/d4lGZqCxOW\">pic.twitter.com\/d4lGZqCxOW<\/a><\/p>\n<p>&mdash; Ambassador Gilad Erdan \u05d2\u05dc\u05e2\u05d3 \u05d0\u05e8\u05d3\u05df (@giladerdan1) <a href=\"https:\/\/twitter.com\/giladerdan1\/status\/1615817283707838468?ref_src=twsrc%5Etfw\">January 18, 2023<\/a><\/p><\/blockquote>\n<p><script async src=\"https:\/\/platform.twitter.com\/widgets.js\" charset=\"utf-8\"><\/script><\/p>\n<p>Dans l\u2019intervalle, <strong>Ziyad al-Nakhalah<\/strong>, le secr\u00e9taire g\u00e9n\u00e9ral du <strong>Djihad islamique<\/strong>, a d\u00e9clar\u00e9 que<\/p>\n<blockquote><p><strong>\u00ab l\u2019agression isra\u00e9lienne n\u2019arr\u00eaterait pas la r\u00e9sistance et que les courageux combattants du peuple palestinien resteraient sur le champ de bataille en un \u00e9tat de confrontation continue avec l\u2019ennemi \u00bb<\/strong>.<\/p><\/blockquote>\n<p>L\u2019organisation de r\u00e9sistance <strong>Hamas<\/strong> a condamn\u00e9 le massacre isra\u00e9lien, affirmant que<\/p>\n<blockquote><p>\u00ab <strong>la gravit\u00e9 d\u2019un tel crime requiert que le peuple palestinien continue de r\u00e9sister \u00e0 l\u2019occupation isra\u00e9lienne de tous les moyens possibles \u2013 un droit juridique garanti par les lois internationales \u00e0 tous les peuples vivant sous occupation \u00bb<\/strong>.<\/p><\/blockquote>\n<p>Le cabinet de Netanyahou a pr\u00e9tendu qu\u2019Isra\u00ebl ne cherchait pas <em>\u00ab l\u2019escalade \u00bb<\/em>. Toutefois, si le bain de sang continuer de s\u2019aggraver, Isra\u00ebl en sera enti\u00e8rement responsable.<\/p>\n<p style=\"text-align: center;\">*****<\/p>\n<p><a href=\"https:\/\/charleroi-pourlapalestine.be\/index.php\/tag\/ali-abunimah\/\"><strong>Ali Abunimah<\/strong><\/a> a contribu\u00e9 \u00e0 ce reportage.<\/p>\n<p style=\"text-align: center;\">******<\/p>\n<p>Publi\u00e9 le 26 janvier 2023 sur<a href=\"https:\/\/electronicintifada.net\/blogs\/tamara-nassar\/israeli-bloodbath-jenin-kills-9-palestinians\" target=\"_blank\" rel=\"noopener\"> The Electronic Intifada<\/a><br \/>\nTraduction : Jean-Marie Fl\u00e9mal,<a href=\"https:\/\/charleroi-pourlapalestine.be\/\"> Charleroi pour la Palestine<\/a><\/p>\n","protected":false},"excerpt":{"rendered":"<p>Al Haq : \u00abNous rappelons au monde que les neuf vies palestiniennes enlev\u00e9es auraient pu \u00eatre \u00e9pargn\u00e9es si le monde avait entrepris des actions en vue de mettre un terme au colonialisme de peuplement d\u2019Isra\u00ebl, \u00e0 son apartheid et \u00e0 son occupation et de lui demander des comptes \u00bb<\/p>\n","protected":false},"author":1,"featured_media":0,"comment_status":"closed","ping_status":"closed","sticky":false,"template":"","format":"standard","meta":{"ngg_post_thumbnail":0,"footnotes":""},"categories":[24,883,836,177,98,354,356,197,140,778,50,25],"tags":[],"class_list":["post-51010","post","type-post","status-publish","format-standard","hentry","category-lautorite-palestinienne","category-brigade-de-jenine","category-camps-de-refugies","category-collaboration","category-crimes-contre-lhumanite","category-dci-p","category-djihad-islamique","category-hamas","category-letat-colonial","category-massacres","category-les-nations-unies","category-la-resistance-palestinienne"],"yoast_head":"<!-- This site is optimized with the Yoast SEO plugin v27.3 - https:\/\/yoast.com\/product\/yoast-seo-wordpress\/ -->\n<title>Bain de sang isra\u00e9lien \u00e0 J\u00e9nine : 9 Palestiniens tu\u00e9s<\/title>\n<meta name=\"description\" content=\"C\u2019est un v\u00e9ritable bain de sang qui a eu lieu quand les forces d\u2019occupation isra\u00e9liennes ont attaqu\u00e9 le camp de r\u00e9fugi\u00e9s de J\u00e9nine\" \/>\n<meta name=\"robots\" content=\"index, follow, max-snippet:-1, max-image-preview:large, max-video-preview:-1\" \/>\n<link rel=\"canonical\" href=\"https:\/\/charleroi-pourlapalestine.be\/index.php\/2023\/01\/27\/bain-de-sang-israelien-a-jenine-9-palestiniens-tues\/\" \/>\n<script type=\"application\/ld+json\" class=\"yoast-schema-graph\">{\"@context\":\"https:\\\/\\\/schema.org\",\"@graph\":[{\"@type\":\"Article\",\"@id\":\"https:\\\/\\\/charleroi-pourlapalestine.be\\\/index.php\\\/2023\\\/01\\\/27\\\/bain-de-sang-israelien-a-jenine-9-palestiniens-tues\\\/#article\",\"isPartOf\":{\"@id\":\"https:\\\/\\\/charleroi-pourlapalestine.be\\\/index.php\\\/2023\\\/01\\\/27\\\/bain-de-sang-israelien-a-jenine-9-palestiniens-tues\\\/\"},\"author\":{\"name\":\"admin1873\",\"@id\":\"https:\\\/\\\/charleroi-pourlapalestine.be\\\/#\\\/schema\\\/person\\\/c19ff515112f1299d8c12671d8fe3faa\"},\"headline\":\"Bain de sang isra\u00e9lien \u00e0 J\u00e9nine : 9 Palestiniens tu\u00e9s\",\"datePublished\":\"2023-01-27T17:05:11+00:00\",\"dateModified\":\"2023-01-27T17:16:38+00:00\",\"mainEntityOfPage\":{\"@id\":\"https:\\\/\\\/charleroi-pourlapalestine.be\\\/index.php\\\/2023\\\/01\\\/27\\\/bain-de-sang-israelien-a-jenine-9-palestiniens-tues\\\/\"},\"wordCount\":2422,\"publisher\":{\"@id\":\"https:\\\/\\\/charleroi-pourlapalestine.be\\\/#organization\"},\"image\":{\"@id\":\"https:\\\/\\\/charleroi-pourlapalestine.be\\\/index.php\\\/2023\\\/01\\\/27\\\/bain-de-sang-israelien-a-jenine-9-palestiniens-tues\\\/#primaryimage\"},\"thumbnailUrl\":\"https:\\\/\\\/charleroi-pourlapalestine.be\\\/wp-content\\\/uploads\\\/2023\\\/01\\\/Bain-de-sang-a-Jenine.jpg\",\"articleSection\":[\"Autorit\u00e9 palestinienne\",\"Brigade de J\u00e9nine\",\"Camps de r\u00e9fugi\u00e9s\",\"Collaboration\",\"Crimes contre l'humanit\u00e9\",\"DCI-P\",\"Djihad islamique\",\"Hamas\",\"L'Etat colonial\",\"Massacres\",\"Nations Unies\",\"R\u00e9sistance\"],\"inLanguage\":\"fr-FR\"},{\"@type\":\"WebPage\",\"@id\":\"https:\\\/\\\/charleroi-pourlapalestine.be\\\/index.php\\\/2023\\\/01\\\/27\\\/bain-de-sang-israelien-a-jenine-9-palestiniens-tues\\\/\",\"url\":\"https:\\\/\\\/charleroi-pourlapalestine.be\\\/index.php\\\/2023\\\/01\\\/27\\\/bain-de-sang-israelien-a-jenine-9-palestiniens-tues\\\/\",\"name\":\"Bain de sang isra\u00e9lien \u00e0 J\u00e9nine : 9 Palestiniens tu\u00e9s\",\"isPartOf\":{\"@id\":\"https:\\\/\\\/charleroi-pourlapalestine.be\\\/#website\"},\"primaryImageOfPage\":{\"@id\":\"https:\\\/\\\/charleroi-pourlapalestine.be\\\/index.php\\\/2023\\\/01\\\/27\\\/bain-de-sang-israelien-a-jenine-9-palestiniens-tues\\\/#primaryimage\"},\"image\":{\"@id\":\"https:\\\/\\\/charleroi-pourlapalestine.be\\\/index.php\\\/2023\\\/01\\\/27\\\/bain-de-sang-israelien-a-jenine-9-palestiniens-tues\\\/#primaryimage\"},\"thumbnailUrl\":\"https:\\\/\\\/charleroi-pourlapalestine.be\\\/wp-content\\\/uploads\\\/2023\\\/01\\\/Bain-de-sang-a-Jenine.jpg\",\"datePublished\":\"2023-01-27T17:05:11+00:00\",\"dateModified\":\"2023-01-27T17:16:38+00:00\",\"description\":\"C\u2019est un v\u00e9ritable bain de sang qui a eu lieu quand les forces d\u2019occupation isra\u00e9liennes ont attaqu\u00e9 le camp de r\u00e9fugi\u00e9s de J\u00e9nine\",\"breadcrumb\":{\"@id\":\"https:\\\/\\\/charleroi-pourlapalestine.be\\\/index.php\\\/2023\\\/01\\\/27\\\/bain-de-sang-israelien-a-jenine-9-palestiniens-tues\\\/#breadcrumb\"},\"inLanguage\":\"fr-FR\",\"potentialAction\":[{\"@type\":\"ReadAction\",\"target\":[\"https:\\\/\\\/charleroi-pourlapalestine.be\\\/index.php\\\/2023\\\/01\\\/27\\\/bain-de-sang-israelien-a-jenine-9-palestiniens-tues\\\/\"]}]},{\"@type\":\"ImageObject\",\"inLanguage\":\"fr-FR\",\"@id\":\"https:\\\/\\\/charleroi-pourlapalestine.be\\\/index.php\\\/2023\\\/01\\\/27\\\/bain-de-sang-israelien-a-jenine-9-palestiniens-tues\\\/#primaryimage\",\"url\":\"\",\"contentUrl\":\"\"},{\"@type\":\"BreadcrumbList\",\"@id\":\"https:\\\/\\\/charleroi-pourlapalestine.be\\\/index.php\\\/2023\\\/01\\\/27\\\/bain-de-sang-israelien-a-jenine-9-palestiniens-tues\\\/#breadcrumb\",\"itemListElement\":[{\"@type\":\"ListItem\",\"position\":1,\"name\":\"Accueil\",\"item\":\"https:\\\/\\\/charleroi-pourlapalestine.be\\\/\"},{\"@type\":\"ListItem\",\"position\":2,\"name\":\"Bain de sang isra\u00e9lien \u00e0 J\u00e9nine : 9 Palestiniens tu\u00e9s\"}]},{\"@type\":\"WebSite\",\"@id\":\"https:\\\/\\\/charleroi-pourlapalestine.be\\\/#website\",\"url\":\"https:\\\/\\\/charleroi-pourlapalestine.be\\\/\",\"name\":\"Charleroi Pour la Palestine\",\"description\":\"\",\"publisher\":{\"@id\":\"https:\\\/\\\/charleroi-pourlapalestine.be\\\/#organization\"},\"potentialAction\":[{\"@type\":\"SearchAction\",\"target\":{\"@type\":\"EntryPoint\",\"urlTemplate\":\"https:\\\/\\\/charleroi-pourlapalestine.be\\\/?s={search_term_string}\"},\"query-input\":{\"@type\":\"PropertyValueSpecification\",\"valueRequired\":true,\"valueName\":\"search_term_string\"}}],\"inLanguage\":\"fr-FR\"},{\"@type\":\"Organization\",\"@id\":\"https:\\\/\\\/charleroi-pourlapalestine.be\\\/#organization\",\"name\":\"Plate-forme Charleroi-Palestine\",\"url\":\"https:\\\/\\\/charleroi-pourlapalestine.be\\\/\",\"logo\":{\"@type\":\"ImageObject\",\"inLanguage\":\"fr-FR\",\"@id\":\"https:\\\/\\\/charleroi-pourlapalestine.be\\\/#\\\/schema\\\/logo\\\/image\\\/\",\"url\":\"https:\\\/\\\/charleroi-pourlapalestine.be\\\/wp-content\\\/uploads\\\/2020\\\/01\\\/logo-Copy.jpg\",\"contentUrl\":\"https:\\\/\\\/charleroi-pourlapalestine.be\\\/wp-content\\\/uploads\\\/2020\\\/01\\\/logo-Copy.jpg\",\"width\":180,\"height\":180,\"caption\":\"Plate-forme Charleroi-Palestine\"},\"image\":{\"@id\":\"https:\\\/\\\/charleroi-pourlapalestine.be\\\/#\\\/schema\\\/logo\\\/image\\\/\"},\"sameAs\":[\"https:\\\/\\\/www.facebook.com\\\/PlateformeCharleroiPalestine\\\/\",\"https:\\\/\\\/x.com\\\/LaCharleroi\"]},{\"@type\":\"Person\",\"@id\":\"https:\\\/\\\/charleroi-pourlapalestine.be\\\/#\\\/schema\\\/person\\\/c19ff515112f1299d8c12671d8fe3faa\",\"name\":\"admin1873\",\"url\":\"https:\\\/\\\/charleroi-pourlapalestine.be\\\/index.php\\\/author\\\/admin1873\\\/\"}]}<\/script>\n<!-- \/ Yoast SEO plugin. -->","yoast_head_json":{"title":"Bain de sang isra\u00e9lien \u00e0 J\u00e9nine : 9 Palestiniens tu\u00e9s","description":"C\u2019est un v\u00e9ritable bain de sang qui a eu lieu quand les forces d\u2019occupation isra\u00e9liennes ont attaqu\u00e9 le camp de r\u00e9fugi\u00e9s de J\u00e9nine","robots":{"index":"index","follow":"follow","max-snippet":"max-snippet:-1","max-image-preview":"max-image-preview:large","max-video-preview":"max-video-preview:-1"},"canonical":"https:\/\/charleroi-pourlapalestine.be\/index.php\/2023\/01\/27\/bain-de-sang-israelien-a-jenine-9-palestiniens-tues\/","schema":{"@context":"https:\/\/schema.org","@graph":[{"@type":"Article","@id":"https:\/\/charleroi-pourlapalestine.be\/index.php\/2023\/01\/27\/bain-de-sang-israelien-a-jenine-9-palestiniens-tues\/#article","isPartOf":{"@id":"https:\/\/charleroi-pourlapalestine.be\/index.php\/2023\/01\/27\/bain-de-sang-israelien-a-jenine-9-palestiniens-tues\/"},"author":{"name":"admin1873","@id":"https:\/\/charleroi-pourlapalestine.be\/#\/schema\/person\/c19ff515112f1299d8c12671d8fe3faa"},"headline":"Bain de sang isra\u00e9lien \u00e0 J\u00e9nine : 9 Palestiniens tu\u00e9s","datePublished":"2023-01-27T17:05:11+00:00","dateModified":"2023-01-27T17:16:38+00:00","mainEntityOfPage":{"@id":"https:\/\/charleroi-pourlapalestine.be\/index.php\/2023\/01\/27\/bain-de-sang-israelien-a-jenine-9-palestiniens-tues\/"},"wordCount":2422,"publisher":{"@id":"https:\/\/charleroi-pourlapalestine.be\/#organization"},"image":{"@id":"https:\/\/charleroi-pourlapalestine.be\/index.php\/2023\/01\/27\/bain-de-sang-israelien-a-jenine-9-palestiniens-tues\/#primaryimage"},"thumbnailUrl":"https:\/\/charleroi-pourlapalestine.be\/wp-content\/uploads\/2023\/01\/Bain-de-sang-a-Jenine.jpg","articleSection":["Autorit\u00e9 palestinienne","Brigade de J\u00e9nine","Camps de r\u00e9fugi\u00e9s","Collaboration","Crimes contre l'humanit\u00e9","DCI-P","Djihad islamique","Hamas","L'Etat colonial","Massacres","Nations Unies","R\u00e9sistance"],"inLanguage":"fr-FR"},{"@type":"WebPage","@id":"https:\/\/charleroi-pourlapalestine.be\/index.php\/2023\/01\/27\/bain-de-sang-israelien-a-jenine-9-palestiniens-tues\/","url":"https:\/\/charleroi-pourlapalestine.be\/index.php\/2023\/01\/27\/bain-de-sang-israelien-a-jenine-9-palestiniens-tues\/","name":"Bain de sang isra\u00e9lien \u00e0 J\u00e9nine : 9 Palestiniens tu\u00e9s","isPartOf":{"@id":"https:\/\/charleroi-pourlapalestine.be\/#website"},"primaryImageOfPage":{"@id":"https:\/\/charleroi-pourlapalestine.be\/index.php\/2023\/01\/27\/bain-de-sang-israelien-a-jenine-9-palestiniens-tues\/#primaryimage"},"image":{"@id":"https:\/\/charleroi-pourlapalestine.be\/index.php\/2023\/01\/27\/bain-de-sang-israelien-a-jenine-9-palestiniens-tues\/#primaryimage"},"thumbnailUrl":"https:\/\/charleroi-pourlapalestine.be\/wp-content\/uploads\/2023\/01\/Bain-de-sang-a-Jenine.jpg","datePublished":"2023-01-27T17:05:11+00:00","dateModified":"2023-01-27T17:16:38+00:00","description":"C\u2019est un v\u00e9ritable bain de sang qui a eu lieu quand les forces d\u2019occupation isra\u00e9liennes ont attaqu\u00e9 le camp de r\u00e9fugi\u00e9s de J\u00e9nine","breadcrumb":{"@id":"https:\/\/charleroi-pourlapalestine.be\/index.php\/2023\/01\/27\/bain-de-sang-israelien-a-jenine-9-palestiniens-tues\/#breadcrumb"},"inLanguage":"fr-FR","potentialAction":[{"@type":"ReadAction","target":["https:\/\/charleroi-pourlapalestine.be\/index.php\/2023\/01\/27\/bain-de-sang-israelien-a-jenine-9-palestiniens-tues\/"]}]},{"@type":"ImageObject","inLanguage":"fr-FR","@id":"https:\/\/charleroi-pourlapalestine.be\/index.php\/2023\/01\/27\/bain-de-sang-israelien-a-jenine-9-palestiniens-tues\/#primaryimage","url":"","contentUrl":""},{"@type":"BreadcrumbList","@id":"https:\/\/charleroi-pourlapalestine.be\/index.php\/2023\/01\/27\/bain-de-sang-israelien-a-jenine-9-palestiniens-tues\/#breadcrumb","itemListElement":[{"@type":"ListItem","position":1,"name":"Accueil","item":"https:\/\/charleroi-pourlapalestine.be\/"},{"@type":"ListItem","position":2,"name":"Bain de sang isra\u00e9lien \u00e0 J\u00e9nine : 9 Palestiniens tu\u00e9s"}]},{"@type":"WebSite","@id":"https:\/\/charleroi-pourlapalestine.be\/#website","url":"https:\/\/charleroi-pourlapalestine.be\/","name":"Charleroi Pour la Palestine","description":"","publisher":{"@id":"https:\/\/charleroi-pourlapalestine.be\/#organization"},"potentialAction":[{"@type":"SearchAction","target":{"@type":"EntryPoint","urlTemplate":"https:\/\/charleroi-pourlapalestine.be\/?s={search_term_string}"},"query-input":{"@type":"PropertyValueSpecification","valueRequired":true,"valueName":"search_term_string"}}],"inLanguage":"fr-FR"},{"@type":"Organization","@id":"https:\/\/charleroi-pourlapalestine.be\/#organization","name":"Plate-forme Charleroi-Palestine","url":"https:\/\/charleroi-pourlapalestine.be\/","logo":{"@type":"ImageObject","inLanguage":"fr-FR","@id":"https:\/\/charleroi-pourlapalestine.be\/#\/schema\/logo\/image\/","url":"https:\/\/charleroi-pourlapalestine.be\/wp-content\/uploads\/2020\/01\/logo-Copy.jpg","contentUrl":"https:\/\/charleroi-pourlapalestine.be\/wp-content\/uploads\/2020\/01\/logo-Copy.jpg","width":180,"height":180,"caption":"Plate-forme Charleroi-Palestine"},"image":{"@id":"https:\/\/charleroi-pourlapalestine.be\/#\/schema\/logo\/image\/"},"sameAs":["https:\/\/www.facebook.com\/PlateformeCharleroiPalestine\/","https:\/\/x.com\/LaCharleroi"]},{"@type":"Person","@id":"https:\/\/charleroi-pourlapalestine.be\/#\/schema\/person\/c19ff515112f1299d8c12671d8fe3faa","name":"admin1873","url":"https:\/\/charleroi-pourlapalestine.be\/index.php\/author\/admin1873\/"}]}},"_links":{"self":[{"href":"https:\/\/charleroi-pourlapalestine.be\/index.php\/wp-json\/wp\/v2\/posts\/51010","targetHints":{"allow":["GET"]}}],"collection":[{"href":"https:\/\/charleroi-pourlapalestine.be\/index.php\/wp-json\/wp\/v2\/posts"}],"about":[{"href":"https:\/\/charleroi-pourlapalestine.be\/index.php\/wp-json\/wp\/v2\/types\/post"}],"author":[{"embeddable":true,"href":"https:\/\/charleroi-pourlapalestine.be\/index.php\/wp-json\/wp\/v2\/users\/1"}],"replies":[{"embeddable":true,"href":"https:\/\/charleroi-pourlapalestine.be\/index.php\/wp-json\/wp\/v2\/comments?post=51010"}],"version-history":[{"count":0,"href":"https:\/\/charleroi-pourlapalestine.be\/index.php\/wp-json\/wp\/v2\/posts\/51010\/revisions"}],"wp:attachment":[{"href":"https:\/\/charleroi-pourlapalestine.be\/index.php\/wp-json\/wp\/v2\/media?parent=51010"}],"wp:term":[{"taxonomy":"category","embeddable":true,"href":"https:\/\/charleroi-pourlapalestine.be\/index.php\/wp-json\/wp\/v2\/categories?post=51010"},{"taxonomy":"post_tag","embeddable":true,"href":"https:\/\/charleroi-pourlapalestine.be\/index.php\/wp-json\/wp\/v2\/tags?post=51010"}],"curies":[{"name":"wp","href":"https:\/\/api.w.org\/{rel}","templated":true}]}}