{"id":52331,"date":"2023-02-21T18:47:12","date_gmt":"2023-02-21T17:47:12","guid":{"rendered":"https:\/\/charleroi-pourlapalestine.be\/?p=52331"},"modified":"2023-02-21T18:47:16","modified_gmt":"2023-02-21T17:47:16","slug":"syrie-raid-israelien-contre-le-centre-de-damas","status":"publish","type":"post","link":"https:\/\/charleroi-pourlapalestine.be\/index.php\/2023\/02\/21\/syrie-raid-israelien-contre-le-centre-de-damas\/","title":{"rendered":"Syrie : raid isra\u00e9lien contre le centre de Damas"},"content":{"rendered":"<p>&nbsp;<\/p>\n<p>Un missile au moins a frapp\u00e9 le quartier de <strong>Kafar Souseh<\/strong> \u00e0 <strong>Damas<\/strong> en Syrie dans la nuit du 18 au 19 f\u00e9vrier, endommageant s\u00e9rieusement un immeuble r\u00e9sidentiel et tuant et blessant de nombreuses personnes, a rapport\u00e9 l\u2019agence nationale <strong>SANA<\/strong> dimanche matin en accusant l\u2019arm\u00e9e isra\u00e9lienne.<\/p>\n<p>&nbsp;<\/p>\n<div id=\"attachment_52333\" style=\"width: 688px\" class=\"wp-caption aligncenter\"><img loading=\"lazy\" decoding=\"async\" aria-describedby=\"caption-attachment-52333\" class=\"wp-image-52333 size-full\" src=\"https:\/\/charleroi-pourlapalestine.be\/wp-content\/uploads\/2023\/02\/La-Syrie-attaque-par-Israel.jpg\" alt=\"Les r\u00e9sultats de l\u2019attaque isra\u00e9lienne sur un immeuble r\u00e9sidentiel du centre de Damas le 19 f\u00e9vrier 2023. (Photo : SANA via Twitter)\" width=\"678\" height=\"455\"><p id=\"caption-attachment-52333\" class=\"wp-caption-text\"><strong>Les r\u00e9sultats de l\u2019attaque isra\u00e9lienne sur un immeuble r\u00e9sidentiel du centre de Damas le 19 f\u00e9vrier 2023<\/strong>. (Photo : SANA via Twitter)<\/p><\/div>\n<p>&nbsp;<\/p>\n<p><strong>The Palestine Cronicle<\/strong>, 19 f\u00e9vrier 2023<\/p>\n<p>Vers minuit, une s\u00e9rie de missiles lanc\u00e9s<strong> \u00e0 partir des hauteurs du Golan occup\u00e9es<\/strong> a pris pour cible <strong>Damas<\/strong> et ses environs et, bien que la d\u00e9fense a\u00e9rienne syrienne ait \u00e9t\u00e9 activ\u00e9e, au moins un de ces projectiles ennemis a frapp\u00e9 directement un immeuble r\u00e9sidentiel de plusieurs \u00e9tages, a annonc\u00e9 l\u2019agence.<\/p>\n<blockquote class=\"twitter-tweet\" data-width=\"500\" data-dnt=\"true\">\n<p lang=\"ar\" dir=\"rtl\">\u0642\u0635\u0641 \u0625\u0633\u0631\u0627\u0626\u064a\u0644\u064a \u0637\u0627\u0644 \u0623\u0643\u062b\u0631 \u0645\u0646 3 \u0645\u0646\u0627\u0637\u0642 \u0641\u064a  <a href=\"https:\/\/twitter.com\/hashtag\/%D8%AF%D9%85%D8%B4%D9%82?src=hash&amp;ref_src=twsrc%5Etfw\">#\u062f\u0645\u0634\u0642<\/a> \u0648\u0631\u064a\u0641\u0647\u0627 \u0642\u0628\u0644 \u0642\u0644\u064a\u0644 <a href=\"https:\/\/t.co\/XHOA4D91I2\">pic.twitter.com\/XHOA4D91I2<\/a><\/p>\n<p>&mdash; \u0623\u0646\u0633 \u0627\u0644\u0645\u0639\u0631\u0627\u0648\u064a anasmaarawi (@anasanas84) <a href=\"https:\/\/twitter.com\/anasanas84\/status\/1627064650058846210?ref_src=twsrc%5Etfw\">February 18, 2023<\/a><\/p><\/blockquote>\n<p><script async src=\"https:\/\/platform.twitter.com\/widgets.js\" charset=\"utf-8\"><\/script><\/p>\n<p>Au moins quinze personnes, dont un militaire, ont \u00e9t\u00e9 tu\u00e9es et quinze autres civils bless\u00e9s, au cours de l\u2019attaque, a expliqu\u00e9 une source militaire syrienne \u00e0 SANA, ajoutant que l\u2019<em>\u00ab agression isra\u00e9lienne \u00bb<\/em> avait provoqu\u00e9 la <em>\u00ab destruction d\u2019un certain nombre d\u2019habitations civiles \u00bb<\/em> et d\u2019autres <em>\u00ab d\u00e9g\u00e2ts mat\u00e9riels \u00bb.<\/em><\/p>\n<p>L&rsquo;arm\u00e9e isra\u00e9lienne n\u2019a pas reconnu la frappe, ce qui s\u2019inscrit bien dans leur politique de toujours de ne pas s\u2019\u00e9tendre sur leurs op\u00e9rations militaires en dehors de leur pays. Toutefois, citant un droit pr\u00e9emptif \u00e0 l\u2019autod\u00e9fense contre l\u2019Iran, <strong>Isra\u00ebl a effectu\u00e9 des <em>\u00ab centaines \u00bb<\/em> de bombardements et de frappes de missiles contre la Syrie depuis 2011<\/strong>. La Syrie a protest\u00e9 \u00e0 de tr\u00e8s nombreuses reprises, mais en vain, contre <strong>ces frappes qui violent sa souverainet\u00e9 nationale.<\/strong><\/p>\n<p>Les frappes de ce dimanche constituent la premi\u00e8re attaque majeure <strong>depuis qu\u2019une s\u00e9rie de tremblements de terre d\u00e9vastateurs<\/strong> ont tu\u00e9 des milliers de personnes dans le nord de la Syrie voici moins de quinze jours. La <strong>Turquie voisine<\/strong>, qui a subi massivement des pertes humaines et des destructions, a b\u00e9n\u00e9fici\u00e9 de plus d\u2019attention et d\u2019aide internationale et des sauveteurs du monde entier sont accourus pour l\u2019aider.<\/p>\n<blockquote class=\"twitter-tweet\" data-width=\"500\" data-dnt=\"true\">\n<p lang=\"en\" dir=\"ltr\">Israel just bombed a residential building in Damascus, Syria. <\/p>\n<p>Is Israel competing with the earthquake? <a href=\"https:\/\/t.co\/fMuKmcadKj\">pic.twitter.com\/fMuKmcadKj<\/a><\/p>\n<p>&mdash; Kevork Almassian (@KevorkAlmassian) <a href=\"https:\/\/twitter.com\/KevorkAlmassian\/status\/1627074062920069121?ref_src=twsrc%5Etfw\">February 18, 2023<\/a><\/p><\/blockquote>\n<p><script async src=\"https:\/\/platform.twitter.com\/widgets.js\" charset=\"utf-8\"><\/script><\/p>\n<p>&nbsp;<\/p>\n<p><strong>Dans le cas de la Syrie, seules quelques nations lui sont venues en aide<\/strong> et<strong> le gouvernement de Damas a bl\u00e2m\u00e9 les sanctions occidentales et les ann\u00e9es de blocus \u00e9conomique et d\u2019occupation dirig\u00e9s par les EU,<\/strong> cr\u00e9ant ainsi une situation qui n\u2019a fait qu\u2019exacerber encore la crise et <strong>entraver les efforts de secours.<\/strong><\/p>\n<p style=\"text-align: center;\">*****<\/p>\n<p>Mise \u00e0 jour<strong> :&nbsp; L\u2019Observatoire syrien des droits humains<\/strong> a mis \u00e0 jour le nombre de victimes syriennes suite \u00e0 l\u2019attaque isra\u00e9lienne de cette nuit, <strong>le fixant \u00e0 quinze morts, dont deux femmes, outre de nombreux bless\u00e9s.<\/strong> D\u2019autres sources, toutefois, continuent de limiter le nombre de victimes \u00e0 cinq tu\u00e9s et quinze bless\u00e9s.<\/p>\n<p style=\"text-align: center;\">*****<\/p>\n<p>Publi\u00e9 le 19 f\u00e9vrier 2023 sur <strong><a href=\"https:\/\/www.palestinechronicle.com\/syria-israeli-attack-on-central-damascus-kills-five-wounds-15\/\" target=\"_blank\" rel=\"noopener\">The Palestine Chronicle.<\/a><br \/>\n<\/strong>Traduction : Jean-Marie Fl\u00e9mal, <a href=\"https:\/\/charleroi-pourlapalestine.be\/\"><strong>Charleroi pour la Palestine.<\/strong><\/a><\/p>\n","protected":false},"excerpt":{"rendered":"<p>Un missile au moins a frapp\u00e9 le quartier de Kafar Souseh \u00e0 Damas, endommageant s\u00e9rieusement un immeuble r\u00e9sidentiel et tuant et blessant de nombreuses personnes<\/p>\n","protected":false},"author":1,"featured_media":0,"comment_status":"closed","ping_status":"closed","sticky":false,"template":"","format":"standard","meta":{"ngg_post_thumbnail":0,"footnotes":""},"categories":[390,672,194],"tags":[],"class_list":["post-52331","post","type-post","status-publish","format-standard","hentry","category-armee-israelienne","category-hauteurs-du-golan","category-syrie"],"yoast_head":"<!-- This site is optimized with the Yoast SEO plugin v27.3 - https:\/\/yoast.com\/product\/yoast-seo-wordpress\/ -->\n<title>Syrie : raid isra\u00e9lien contre le centre de Damas<\/title>\n<meta name=\"description\" content=\"Un missile au moins a frapp\u00e9 le quartier de Kafar Souseh \u00e0 Damas en Syrie tuant et blessant de nombreuses personnes\" \/>\n<meta name=\"robots\" content=\"index, follow, max-snippet:-1, max-image-preview:large, max-video-preview:-1\" \/>\n<link rel=\"canonical\" href=\"https:\/\/charleroi-pourlapalestine.be\/index.php\/2023\/02\/21\/syrie-raid-israelien-contre-le-centre-de-damas\/\" \/>\n<script type=\"application\/ld+json\" class=\"yoast-schema-graph\">{\"@context\":\"https:\\\/\\\/schema.org\",\"@graph\":[{\"@type\":\"Article\",\"@id\":\"https:\\\/\\\/charleroi-pourlapalestine.be\\\/index.php\\\/2023\\\/02\\\/21\\\/syrie-raid-israelien-contre-le-centre-de-damas\\\/#article\",\"isPartOf\":{\"@id\":\"https:\\\/\\\/charleroi-pourlapalestine.be\\\/index.php\\\/2023\\\/02\\\/21\\\/syrie-raid-israelien-contre-le-centre-de-damas\\\/\"},\"author\":{\"name\":\"admin1873\",\"@id\":\"https:\\\/\\\/charleroi-pourlapalestine.be\\\/#\\\/schema\\\/person\\\/c19ff515112f1299d8c12671d8fe3faa\"},\"headline\":\"Syrie : raid isra\u00e9lien contre le centre de Damas\",\"datePublished\":\"2023-02-21T17:47:12+00:00\",\"dateModified\":\"2023-02-21T17:47:16+00:00\",\"mainEntityOfPage\":{\"@id\":\"https:\\\/\\\/charleroi-pourlapalestine.be\\\/index.php\\\/2023\\\/02\\\/21\\\/syrie-raid-israelien-contre-le-centre-de-damas\\\/\"},\"wordCount\":576,\"publisher\":{\"@id\":\"https:\\\/\\\/charleroi-pourlapalestine.be\\\/#organization\"},\"image\":{\"@id\":\"https:\\\/\\\/charleroi-pourlapalestine.be\\\/index.php\\\/2023\\\/02\\\/21\\\/syrie-raid-israelien-contre-le-centre-de-damas\\\/#primaryimage\"},\"thumbnailUrl\":\"https:\\\/\\\/charleroi-pourlapalestine.be\\\/wp-content\\\/uploads\\\/2023\\\/02\\\/La-Syrie-attaque-par-Israel.jpg\",\"articleSection\":[\"arm\u00e9e isra\u00e9lienne\",\"Hauteurs du Golan\",\"Syrie\"],\"inLanguage\":\"fr-FR\"},{\"@type\":\"WebPage\",\"@id\":\"https:\\\/\\\/charleroi-pourlapalestine.be\\\/index.php\\\/2023\\\/02\\\/21\\\/syrie-raid-israelien-contre-le-centre-de-damas\\\/\",\"url\":\"https:\\\/\\\/charleroi-pourlapalestine.be\\\/index.php\\\/2023\\\/02\\\/21\\\/syrie-raid-israelien-contre-le-centre-de-damas\\\/\",\"name\":\"Syrie : raid isra\u00e9lien contre le centre de Damas\",\"isPartOf\":{\"@id\":\"https:\\\/\\\/charleroi-pourlapalestine.be\\\/#website\"},\"primaryImageOfPage\":{\"@id\":\"https:\\\/\\\/charleroi-pourlapalestine.be\\\/index.php\\\/2023\\\/02\\\/21\\\/syrie-raid-israelien-contre-le-centre-de-damas\\\/#primaryimage\"},\"image\":{\"@id\":\"https:\\\/\\\/charleroi-pourlapalestine.be\\\/index.php\\\/2023\\\/02\\\/21\\\/syrie-raid-israelien-contre-le-centre-de-damas\\\/#primaryimage\"},\"thumbnailUrl\":\"https:\\\/\\\/charleroi-pourlapalestine.be\\\/wp-content\\\/uploads\\\/2023\\\/02\\\/La-Syrie-attaque-par-Israel.jpg\",\"datePublished\":\"2023-02-21T17:47:12+00:00\",\"dateModified\":\"2023-02-21T17:47:16+00:00\",\"description\":\"Un missile au moins a frapp\u00e9 le quartier de Kafar Souseh \u00e0 Damas en Syrie tuant et blessant de nombreuses personnes\",\"breadcrumb\":{\"@id\":\"https:\\\/\\\/charleroi-pourlapalestine.be\\\/index.php\\\/2023\\\/02\\\/21\\\/syrie-raid-israelien-contre-le-centre-de-damas\\\/#breadcrumb\"},\"inLanguage\":\"fr-FR\",\"potentialAction\":[{\"@type\":\"ReadAction\",\"target\":[\"https:\\\/\\\/charleroi-pourlapalestine.be\\\/index.php\\\/2023\\\/02\\\/21\\\/syrie-raid-israelien-contre-le-centre-de-damas\\\/\"]}]},{\"@type\":\"ImageObject\",\"inLanguage\":\"fr-FR\",\"@id\":\"https:\\\/\\\/charleroi-pourlapalestine.be\\\/index.php\\\/2023\\\/02\\\/21\\\/syrie-raid-israelien-contre-le-centre-de-damas\\\/#primaryimage\",\"url\":\"\",\"contentUrl\":\"\"},{\"@type\":\"BreadcrumbList\",\"@id\":\"https:\\\/\\\/charleroi-pourlapalestine.be\\\/index.php\\\/2023\\\/02\\\/21\\\/syrie-raid-israelien-contre-le-centre-de-damas\\\/#breadcrumb\",\"itemListElement\":[{\"@type\":\"ListItem\",\"position\":1,\"name\":\"Accueil\",\"item\":\"https:\\\/\\\/charleroi-pourlapalestine.be\\\/\"},{\"@type\":\"ListItem\",\"position\":2,\"name\":\"Syrie : raid isra\u00e9lien contre le centre de Damas\"}]},{\"@type\":\"WebSite\",\"@id\":\"https:\\\/\\\/charleroi-pourlapalestine.be\\\/#website\",\"url\":\"https:\\\/\\\/charleroi-pourlapalestine.be\\\/\",\"name\":\"Charleroi Pour la Palestine\",\"description\":\"\",\"publisher\":{\"@id\":\"https:\\\/\\\/charleroi-pourlapalestine.be\\\/#organization\"},\"potentialAction\":[{\"@type\":\"SearchAction\",\"target\":{\"@type\":\"EntryPoint\",\"urlTemplate\":\"https:\\\/\\\/charleroi-pourlapalestine.be\\\/?s={search_term_string}\"},\"query-input\":{\"@type\":\"PropertyValueSpecification\",\"valueRequired\":true,\"valueName\":\"search_term_string\"}}],\"inLanguage\":\"fr-FR\"},{\"@type\":\"Organization\",\"@id\":\"https:\\\/\\\/charleroi-pourlapalestine.be\\\/#organization\",\"name\":\"Plate-forme Charleroi-Palestine\",\"url\":\"https:\\\/\\\/charleroi-pourlapalestine.be\\\/\",\"logo\":{\"@type\":\"ImageObject\",\"inLanguage\":\"fr-FR\",\"@id\":\"https:\\\/\\\/charleroi-pourlapalestine.be\\\/#\\\/schema\\\/logo\\\/image\\\/\",\"url\":\"https:\\\/\\\/charleroi-pourlapalestine.be\\\/wp-content\\\/uploads\\\/2020\\\/01\\\/logo-Copy.jpg\",\"contentUrl\":\"https:\\\/\\\/charleroi-pourlapalestine.be\\\/wp-content\\\/uploads\\\/2020\\\/01\\\/logo-Copy.jpg\",\"width\":180,\"height\":180,\"caption\":\"Plate-forme Charleroi-Palestine\"},\"image\":{\"@id\":\"https:\\\/\\\/charleroi-pourlapalestine.be\\\/#\\\/schema\\\/logo\\\/image\\\/\"},\"sameAs\":[\"https:\\\/\\\/www.facebook.com\\\/PlateformeCharleroiPalestine\\\/\",\"https:\\\/\\\/x.com\\\/LaCharleroi\"]},{\"@type\":\"Person\",\"@id\":\"https:\\\/\\\/charleroi-pourlapalestine.be\\\/#\\\/schema\\\/person\\\/c19ff515112f1299d8c12671d8fe3faa\",\"name\":\"admin1873\",\"url\":\"https:\\\/\\\/charleroi-pourlapalestine.be\\\/index.php\\\/author\\\/admin1873\\\/\"}]}<\/script>\n<!-- \/ Yoast SEO plugin. -->","yoast_head_json":{"title":"Syrie : raid isra\u00e9lien contre le centre de Damas","description":"Un missile au moins a frapp\u00e9 le quartier de Kafar Souseh \u00e0 Damas en Syrie tuant et blessant de nombreuses personnes","robots":{"index":"index","follow":"follow","max-snippet":"max-snippet:-1","max-image-preview":"max-image-preview:large","max-video-preview":"max-video-preview:-1"},"canonical":"https:\/\/charleroi-pourlapalestine.be\/index.php\/2023\/02\/21\/syrie-raid-israelien-contre-le-centre-de-damas\/","schema":{"@context":"https:\/\/schema.org","@graph":[{"@type":"Article","@id":"https:\/\/charleroi-pourlapalestine.be\/index.php\/2023\/02\/21\/syrie-raid-israelien-contre-le-centre-de-damas\/#article","isPartOf":{"@id":"https:\/\/charleroi-pourlapalestine.be\/index.php\/2023\/02\/21\/syrie-raid-israelien-contre-le-centre-de-damas\/"},"author":{"name":"admin1873","@id":"https:\/\/charleroi-pourlapalestine.be\/#\/schema\/person\/c19ff515112f1299d8c12671d8fe3faa"},"headline":"Syrie : raid isra\u00e9lien contre le centre de Damas","datePublished":"2023-02-21T17:47:12+00:00","dateModified":"2023-02-21T17:47:16+00:00","mainEntityOfPage":{"@id":"https:\/\/charleroi-pourlapalestine.be\/index.php\/2023\/02\/21\/syrie-raid-israelien-contre-le-centre-de-damas\/"},"wordCount":576,"publisher":{"@id":"https:\/\/charleroi-pourlapalestine.be\/#organization"},"image":{"@id":"https:\/\/charleroi-pourlapalestine.be\/index.php\/2023\/02\/21\/syrie-raid-israelien-contre-le-centre-de-damas\/#primaryimage"},"thumbnailUrl":"https:\/\/charleroi-pourlapalestine.be\/wp-content\/uploads\/2023\/02\/La-Syrie-attaque-par-Israel.jpg","articleSection":["arm\u00e9e isra\u00e9lienne","Hauteurs du Golan","Syrie"],"inLanguage":"fr-FR"},{"@type":"WebPage","@id":"https:\/\/charleroi-pourlapalestine.be\/index.php\/2023\/02\/21\/syrie-raid-israelien-contre-le-centre-de-damas\/","url":"https:\/\/charleroi-pourlapalestine.be\/index.php\/2023\/02\/21\/syrie-raid-israelien-contre-le-centre-de-damas\/","name":"Syrie : raid isra\u00e9lien contre le centre de Damas","isPartOf":{"@id":"https:\/\/charleroi-pourlapalestine.be\/#website"},"primaryImageOfPage":{"@id":"https:\/\/charleroi-pourlapalestine.be\/index.php\/2023\/02\/21\/syrie-raid-israelien-contre-le-centre-de-damas\/#primaryimage"},"image":{"@id":"https:\/\/charleroi-pourlapalestine.be\/index.php\/2023\/02\/21\/syrie-raid-israelien-contre-le-centre-de-damas\/#primaryimage"},"thumbnailUrl":"https:\/\/charleroi-pourlapalestine.be\/wp-content\/uploads\/2023\/02\/La-Syrie-attaque-par-Israel.jpg","datePublished":"2023-02-21T17:47:12+00:00","dateModified":"2023-02-21T17:47:16+00:00","description":"Un missile au moins a frapp\u00e9 le quartier de Kafar Souseh \u00e0 Damas en Syrie tuant et blessant de nombreuses personnes","breadcrumb":{"@id":"https:\/\/charleroi-pourlapalestine.be\/index.php\/2023\/02\/21\/syrie-raid-israelien-contre-le-centre-de-damas\/#breadcrumb"},"inLanguage":"fr-FR","potentialAction":[{"@type":"ReadAction","target":["https:\/\/charleroi-pourlapalestine.be\/index.php\/2023\/02\/21\/syrie-raid-israelien-contre-le-centre-de-damas\/"]}]},{"@type":"ImageObject","inLanguage":"fr-FR","@id":"https:\/\/charleroi-pourlapalestine.be\/index.php\/2023\/02\/21\/syrie-raid-israelien-contre-le-centre-de-damas\/#primaryimage","url":"","contentUrl":""},{"@type":"BreadcrumbList","@id":"https:\/\/charleroi-pourlapalestine.be\/index.php\/2023\/02\/21\/syrie-raid-israelien-contre-le-centre-de-damas\/#breadcrumb","itemListElement":[{"@type":"ListItem","position":1,"name":"Accueil","item":"https:\/\/charleroi-pourlapalestine.be\/"},{"@type":"ListItem","position":2,"name":"Syrie : raid isra\u00e9lien contre le centre de Damas"}]},{"@type":"WebSite","@id":"https:\/\/charleroi-pourlapalestine.be\/#website","url":"https:\/\/charleroi-pourlapalestine.be\/","name":"Charleroi Pour la Palestine","description":"","publisher":{"@id":"https:\/\/charleroi-pourlapalestine.be\/#organization"},"potentialAction":[{"@type":"SearchAction","target":{"@type":"EntryPoint","urlTemplate":"https:\/\/charleroi-pourlapalestine.be\/?s={search_term_string}"},"query-input":{"@type":"PropertyValueSpecification","valueRequired":true,"valueName":"search_term_string"}}],"inLanguage":"fr-FR"},{"@type":"Organization","@id":"https:\/\/charleroi-pourlapalestine.be\/#organization","name":"Plate-forme Charleroi-Palestine","url":"https:\/\/charleroi-pourlapalestine.be\/","logo":{"@type":"ImageObject","inLanguage":"fr-FR","@id":"https:\/\/charleroi-pourlapalestine.be\/#\/schema\/logo\/image\/","url":"https:\/\/charleroi-pourlapalestine.be\/wp-content\/uploads\/2020\/01\/logo-Copy.jpg","contentUrl":"https:\/\/charleroi-pourlapalestine.be\/wp-content\/uploads\/2020\/01\/logo-Copy.jpg","width":180,"height":180,"caption":"Plate-forme Charleroi-Palestine"},"image":{"@id":"https:\/\/charleroi-pourlapalestine.be\/#\/schema\/logo\/image\/"},"sameAs":["https:\/\/www.facebook.com\/PlateformeCharleroiPalestine\/","https:\/\/x.com\/LaCharleroi"]},{"@type":"Person","@id":"https:\/\/charleroi-pourlapalestine.be\/#\/schema\/person\/c19ff515112f1299d8c12671d8fe3faa","name":"admin1873","url":"https:\/\/charleroi-pourlapalestine.be\/index.php\/author\/admin1873\/"}]}},"_links":{"self":[{"href":"https:\/\/charleroi-pourlapalestine.be\/index.php\/wp-json\/wp\/v2\/posts\/52331","targetHints":{"allow":["GET"]}}],"collection":[{"href":"https:\/\/charleroi-pourlapalestine.be\/index.php\/wp-json\/wp\/v2\/posts"}],"about":[{"href":"https:\/\/charleroi-pourlapalestine.be\/index.php\/wp-json\/wp\/v2\/types\/post"}],"author":[{"embeddable":true,"href":"https:\/\/charleroi-pourlapalestine.be\/index.php\/wp-json\/wp\/v2\/users\/1"}],"replies":[{"embeddable":true,"href":"https:\/\/charleroi-pourlapalestine.be\/index.php\/wp-json\/wp\/v2\/comments?post=52331"}],"version-history":[{"count":0,"href":"https:\/\/charleroi-pourlapalestine.be\/index.php\/wp-json\/wp\/v2\/posts\/52331\/revisions"}],"wp:attachment":[{"href":"https:\/\/charleroi-pourlapalestine.be\/index.php\/wp-json\/wp\/v2\/media?parent=52331"}],"wp:term":[{"taxonomy":"category","embeddable":true,"href":"https:\/\/charleroi-pourlapalestine.be\/index.php\/wp-json\/wp\/v2\/categories?post=52331"},{"taxonomy":"post_tag","embeddable":true,"href":"https:\/\/charleroi-pourlapalestine.be\/index.php\/wp-json\/wp\/v2\/tags?post=52331"}],"curies":[{"name":"wp","href":"https:\/\/api.w.org\/{rel}","templated":true}]}}