{"id":52826,"date":"2023-03-01T22:04:46","date_gmt":"2023-03-01T21:04:46","guid":{"rendered":"https:\/\/charleroi-pourlapalestine.be\/?p=52826"},"modified":"2023-03-01T22:04:48","modified_gmt":"2023-03-01T21:04:48","slug":"campagne-internationale-pour-liberer-les-corps-des-martyrs-palestiniens","status":"publish","type":"post","link":"https:\/\/charleroi-pourlapalestine.be\/index.php\/2023\/03\/01\/campagne-internationale-pour-liberer-les-corps-des-martyrs-palestiniens\/","title":{"rendered":"Campagne internationale pour lib\u00e9rer les corps des martyrs palestiniens"},"content":{"rendered":"<p><b>Annonce du lancement de la campagne internationale pour lib\u00e9rer les corps des martyrs alestiniens d\u00e9tenus dans les morgues et les \u201ccimeti\u00e8res des nombres\u201d de l\u2019occupation sioniste<\/b><\/p>\n<h3>Appel \u00e0 l\u2019action du 11 mars au 18 mars 2023<\/h3>\n<p><img loading=\"lazy\" decoding=\"async\" class=\"aligncenter wp-image-52828 size-full\" src=\"https:\/\/charleroi-pourlapalestine.be\/wp-content\/uploads\/2023\/03\/Campagne-internationale-pour-liberer-les-corps-des-martyrs-palestiniens.jpg\" alt=\"Campagne internationale pour lib\u00e9rer les corps des martyrs palestiniens\" width=\"420\" height=\"283\" srcset=\"https:\/\/charleroi-pourlapalestine.be\/wp-content\/uploads\/2023\/03\/Campagne-internationale-pour-liberer-les-corps-des-martyrs-palestiniens.jpg 420w, https:\/\/charleroi-pourlapalestine.be\/wp-content\/uploads\/2023\/03\/Campagne-internationale-pour-liberer-les-corps-des-martyrs-palestiniens-300x202.jpg 300w\" sizes=\"auto, (max-width: 420px) 100vw, 420px\" \/><\/p>\n<p>&nbsp;<\/p>\n<blockquote><p>\u201cNous n\u2019abandonnerons pas le dernier devoir que nous devons \u00e0 nos fils, celui de les enterrer dignement\u201d<\/p><\/blockquote>\n<p><strong>Azhar Abu Srour (*), la m\u00e8re du martyr Abd al-Hamid Abu Srour qui est emprisonn\u00e9 dans les morgues de l\u2019occupation depuis 2016.<\/p>\n<p><\/strong><\/p>\n<p><a href=\"https:\/\/charleroi-pourlapalestine.be\/index.php\/tag\/samidoun\/\" target=\"_blank\" rel=\"noopener\"><strong>Samidoun,<\/strong><\/a> 1er mars 2023<\/p>\n<p>Rejoignez-nous pour agir entre le 11 et le 18 mars afin d\u2019exiger<strong> la lib\u00e9ration des corps des martyrs palestiniens d\u00e9tenus dans les morgues et les <em>\u201ccimeti\u00e8res des nombres\u201d<\/em> de l\u2019occupation sioniste<\/strong>. Cette semaine d\u2019action vise \u00e0 combattre le silence et la n\u00e9gligence des autorit\u00e9s palestiniennes, arabes et internationales sur cette question cruciale et \u00e0 internationaliser la lutte pour <strong>lib\u00e9rer ces martyrs emprisonn\u00e9s<\/strong> et <strong>mettre fin \u00e0 la punition collective des familles et communaut\u00e9s palestiniennes.<\/strong><\/p>\n<p>Il y a <strong>256 martyrs palestiniens<\/strong> dont les corps sont document\u00e9s comme \u00e9tant d\u00e9tenus dans les <em>\u201ccimeti\u00e8res des nombres\u201d,<\/em> o\u00f9 les Palestiniens sont enterr\u00e9s avec des num\u00e9ros plut\u00f4t qu\u2019avec leurs noms, tandis que 130 autres corps de martyrs palestiniens sont d\u00e9tenus dans les morgues de l\u2019occupation.<\/p>\n<p>Ces martyrs ont donn\u00e9 leur vie dans le mouvement de r\u00e9sistance palestinien, et leurs corps restent emprisonn\u00e9s m\u00eame apr\u00e8s leur mort. Un certain nombre de ces martyrs ont \u00e9t\u00e9 emprisonn\u00e9s avant leur mort, et cette bataille reste une partie int\u00e9grante du mouvement des prisonniers palestiniens.<\/p>\n<p><strong>Nous annon\u00e7ons le lancement d\u2019une campagne internationale ouverte et continue pour lib\u00e9rer les corps des martyrs palestiniens qui sont toujours d\u00e9tenus par l\u2019occupation sioniste. <\/strong><\/p>\n<p><strong>Les journ\u00e9es du 11 mars au 18 mars 2023 sont des journ\u00e9es d\u2019action et de lutte pour r\u00e9cup\u00e9rer les corps des martyrs palestiniens. <\/strong><\/p>\n<p><strong>Le 18 mars \u00e9tant \u00e9galement la Journ\u00e9e internationale des prisonniers, nous soulignons que nos martyrs dans les morgues et les \u201ccimeti\u00e8res des nombres\u201d sont \u00e9galement prisonniers du projet sioniste.<\/strong><\/p>\n<p>L\u2019occupation poursuit une politique fasciste dans son traitement des martyrs palestiniens et arabes. En refusant de donner \u00e0 leurs familles la possibilit\u00e9 d\u2019enterrer leurs proches, l\u2019occupation utilise les corps des martyrs comme un m\u00e9canisme de torture psychologique de leurs familles en les d\u00e9tenant pendant des ann\u00e9es et en les utilisant comme une carte de n\u00e9gociation avec la r\u00e9sistance palestinienne.<\/p>\n<p>Le peuple palestinien a clairement fait savoir que cette politique barbare ne \u201cdissuadera\u201d jamais les jeunes Palestiniens de prendre part \u00e0 la r\u00e9sistance. Ces martyrs restent prisonniers de l\u2019occupation m\u00eame apr\u00e8s leur mort, et leurs familles et le peuple palestinien dans son ensemble ont tout \u00e0 fait le droit de les lib\u00e9rer, de les honorer et de les enterrer dans des c\u00e9r\u00e9monies dignes des sacrifices qu\u2019ils ont consentis pour la cause de la Palestine, pour le retour et la lib\u00e9ration.<\/p>\n<p>&nbsp;<\/p>\n<h3><b>Les morgues<\/b><\/h3>\n<p>Apr\u00e8s que les forces d\u2019occupation ont enlev\u00e9 les corps de combattants palestiniens ou tu\u00e9 des Palestiniens dans les rues et dans les champs, ou apr\u00e8s la mort d\u2019un prisonnier due \u00e0 une n\u00e9gligence m\u00e9dicale ou \u00e0 la torture, l\u2019occupation transf\u00e8re le corps du martyr dans une morgue jusqu\u2019\u00e0 ce qu\u2019une d\u00e9cision soit prise sur le sort de sa d\u00e9pouille, ce qui peut prendre des ann\u00e9es.<\/p>\n<p>L\u2019occupation utilise ce type de d\u00e9tention comme un m\u00e9canisme de <strong>punition collective<\/strong> des familles palestiniennes, pour faire pression sur elles et rendre leur vie quotidienne encore plus douloureuse. Cette politique de d\u00e9tention des corps des martyrs est combin\u00e9e avec des d\u00e9molitions de maisons, la r\u00e9pression contre les parents des martyrs \u00e0 travers l\u2019arrestation et la pers\u00e9cution, l\u2019expulsion de ces familles de leurs maisons et r\u00e9sidences, et le renforcement du niveau de contr\u00f4le et de surveillance des familles.<\/p>\n<p>L\u2019occupation utilise \u00e9galement les corps des martyrs comme<strong> otages<\/strong> et comme carte de n\u00e9gociation pour d\u2019\u00e9ventuels accords d\u2019\u00e9change de prisonniers avec les forces de la r\u00e9sistance palestinienne, une politique officielle confirm\u00e9e par la Cour supr\u00eame isra\u00e9lienne le 9 septembre 2019.<\/p>\n<p>Les autorit\u00e9s d\u2019occupation adoptent \u00e9galement une politique consistant \u00e0<strong> s\u2019abstenir de d\u00e9livrer des certificats de d\u00e9c\u00e8s aux martyrs,<\/strong> ce qui entrave la vie de leurs familles et les emp\u00eache d\u2019entreprendre toute action l\u00e9gale concernant le martyr. Dans de nombreux cas, l\u2019occupation <strong>s\u2019abstient de toute annonce<\/strong> apr\u00e8s avoir affront\u00e9 les combattants, les avoir kidnapp\u00e9s ou avoir enlev\u00e9 leurs corps, de sorte que certains parents ont encore de l\u2019espoir pour le retour de leurs enfants ou au moins leur survie, en particulier ceux qui n\u2019ont pas de photos ou de vid\u00e9os prouvant le martyre de leur fils ou de leur fille.<\/p>\n<p>La politique de <strong>r\u00e9tention des corps des martyrs<\/strong> a une longue histoire tout au long de l\u2019occupation, et particuli\u00e8rement <strong>apr\u00e8s 1967.<\/strong> Bien que cette politique ait \u00e9t\u00e9 temporairement suspendue en 2008, de nombreux martyrs d\u2019avant cette \u00e9poque continuent d\u2019\u00eatre d\u00e9tenus dans les <em>\u201ccimeti\u00e8res des nombres.\u201d<\/em> Depuis 2015, l\u2019entit\u00e9 sioniste a recommenc\u00e9 \u00e0 d\u00e9tenir les corps des martyrs palestiniens dans des morgues dans le cadre d\u2019une politique syst\u00e9matique de punition collective. Les familles palestiniennes des martyrs s\u2019interrogent sur la mani\u00e8re dont les corps de leurs proches sont trait\u00e9s, en particulier compte tenu des <strong>preuves document\u00e9es<\/strong> selon lesquelles, tout au long des ann\u00e9es 1990, <strong>les organes des martyrs palestiniens<\/strong> ont \u00e9t\u00e9 pr\u00e9lev\u00e9s ou utilis\u00e9s pour des \u00e9tudes au Centre national isra\u00e9lien de m\u00e9decine l\u00e9gale.<\/p>\n<p>De 2015 \u00e0 aujourd\u2019hui, on d\u00e9nombre environ<strong> 120 d\u00e9pouilles de martyrs d\u00e9tenues<\/strong> <strong>ind\u00fbment par l\u2019occupation dans ses morgues<\/strong>. Parfois, plusieurs corps sont plac\u00e9s dans la m\u00eame chambre mortuaire, et ils sont maintenus \u00e0 une temp\u00e9rature tr\u00e8s basse qui g\u00e8le le corps et peut \u00e9galement le d\u00e9former ou le blesser.<\/p>\n<p>Apr\u00e8s avoir d\u00e9tenu le corps du martyr pendant plusieurs ann\u00e9es, les tribunaux sionistes peuvent d\u00e9cider de transf\u00e9rer les restes dans les <em>\u201ccimeti\u00e8res des nombres\u201d<\/em> <strong>sans en informer les familles ou les avocats.<\/strong> Il s\u2019agit d\u2019un cauchemar particuli\u00e8rement d\u00e9vastateur pour les familles, car cela rendra encore plus difficile la r\u00e9cup\u00e9ration des restes de leurs proches.<\/p>\n<p>&nbsp;<\/p>\n<h3><b>Cimeti\u00e8res des nombres<\/b><\/h3>\n<p>&nbsp;<\/p>\n<p>Le terme <em>\u201ccimeti\u00e8res des nombres\u201d<\/em> s\u2019applique aux <strong>s\u00e9pultures secr\u00e8tes<\/strong> entour\u00e9es de pierres, sans pierres tombales, o\u00f9 une plaque m\u00e9tallique portant un num\u00e9ro sp\u00e9cifique est install\u00e9e au sommet de la tombe. Ces cimeti\u00e8res sont appel\u00e9s \u201ccimeti\u00e8res de nombres\u201d parce qu\u2019<strong>ils utilisent des nombres plut\u00f4t que les noms des martyrs,<\/strong> et chaque num\u00e9ro a un dossier sp\u00e9cial avec des informations et des donn\u00e9es sur le martyr conserv\u00e9es par les institutions isra\u00e9liennes.<\/p>\n<p>Les autorit\u00e9s d\u2019occupation poursuivent une politique de <strong>n\u00e9gligence d\u00e9lib\u00e9r\u00e9e<\/strong> \u00e0 l\u2019\u00e9gard des corps des martyrs. Elles ne conservent pas et ne fournissent<strong> pas d\u2019informations<\/strong> ad\u00e9quates sur les restes et pr\u00e9tendent parfois qu\u2019elles ne disposent pas du tout de ces informations ! \u00c0 d\u2019autres moments, ils n\u2019enregistrent pas l\u2019endroit o\u00f9 le corps du martyr a \u00e9t\u00e9 enterr\u00e9. <strong>Aucun \u00e9chantillon d\u2019ADN n\u2019est conserv\u00e9 pour identifier les martyrs.<\/strong> Ces mesures s\u2019ajoutent \u00e0 d\u2019autres politiques visant \u00e0 nuire intentionnellement \u00e0 la famille du martyr et au peuple palestinien dans son ensemble.<\/p>\n<p>Les cimeti\u00e8res des nombres sont plac\u00e9s sous la responsabilit\u00e9 du <strong>minist\u00e8re isra\u00e9lien de la Guerre<\/strong> \u2013 ce qui signifie qu\u2019il s\u2019agit de <strong><em>\u201czones militaires ferm\u00e9es\u201d<\/em> <\/strong>dont il est interdit de s\u2019approcher ou de prendre des photos. L\u2019occupation les appelle <strong><i>\u201ccimeti\u00e8res de l\u2019ennemi tomb\u00e9\u201d <\/i><\/strong>et <strong>les familles des martyrs, les m\u00e9dias et les repr\u00e9sentants des organisations internationales de d\u00e9fense des droits humains ou des organisations humanitaires n\u2019ont pas le droit de les visiter.<\/strong><\/p>\n<p>Les cimeti\u00e8res des nombres sont r\u00e9partis sur <strong>quatre sites<\/strong>, en plus des corps des martyrs d\u00e9tenus dans les morgues des h\u00f4pitaux, des camps militaires et des prisons de l\u2019arm\u00e9e d\u2019occupation. Les corps d\u00e9tenus par l\u2019occupation comprennent <strong>des centaines de Palestiniens et d\u2019Arabes martyris\u00e9s \u00e0 diff\u00e9rentes \u00e9tapes historiques de la lutte de lib\u00e9ration nationale<\/strong>, ainsi que <strong>des prisonniers tu\u00e9s sous la torture ou d\u00e9c\u00e9d\u00e9s \u00e0 la suite de n\u00e9gligences m\u00e9dicales.&nbsp;<\/strong><\/p>\n<p>&nbsp;Selon les institutions de d\u00e9fense des droits humains, la politique consistant \u00e0 d\u00e9tenir les corps des martyrs palestiniens dans les <em>\u201ccimeti\u00e8res des nombres\u201d<\/em> est appliqu\u00e9e<strong> depuis l\u2019occupation de la Palestine en 1948<\/strong> et s\u2019est consid\u00e9rablement intensifi\u00e9e depuis le d\u00e9veloppement de la r\u00e9volution arm\u00e9e palestinienne <strong>apr\u00e8s le 4 juin 1967<\/strong>. Il n\u2019existe <strong>aucun contr\u00f4le ext\u00e9rieur<\/strong> permettant \u00e0 ces institutions de confirmer le nombre total et l\u2019emplacement des<em> \u201ccimeti\u00e8res des nombres\u201d<\/em> ou de <strong>v\u00e9rifier le nombre et l\u2019identit\u00e9<\/strong> des Palestiniens qui y sont enterr\u00e9s. En fait, il se peut que certaines d\u00e9pouilles aient \u00e9t\u00e9 perdues en raison de l\u2019\u00e9rosion du sol et des intemp\u00e9ries, selon les m\u00e9dias sionistes.&nbsp;<\/p>\n<p>L\u2019occupation met en lumi\u00e8re ses propres <strong>pratiques barbares<\/strong> dans le traitement des corps des martyrs, car ces pratiques sont con\u00e7ues comme des m\u00e9thodes de <em>\u201cdissuasion\u201d,<\/em> de punition collective et de terrorisme d\u2019\u00c9tat contre le peuple palestinien dans son ensemble. Dans plusieurs cas, les corps ont \u00e9t\u00e9 enterr\u00e9s dans du sable ou de la boue dans un sac en plastique sans ciment ou autre isolant. Parfois, plusieurs martyrs ont \u00e9t\u00e9 enterr\u00e9s dans une seule tombe. <strong>Apr\u00e8s une s\u00e9rie de batailles juridiques, l\u2019occupation a lib\u00e9r\u00e9 des dizaines de corps en 2012<\/strong> et a refus\u00e9 de lib\u00e9rer les autres, qui restent \u00e0 ce jour dans les \u201ccimeti\u00e8res des nombres\u201d.<\/p>\n<p>Nous rejetons le r\u00f4le et l\u2019approche de l\u2019<strong>Autorit\u00e9 palestinienne<\/strong> \u00e0 l\u2019\u00e9gard des d\u00e9pouilles des martyrs ; l\u2019Autorit\u00e9 continue de participer \u00e0 la<em> \u201ccoordination s\u00e9curitaire\u201d<\/em> qui a conduit \u00e0 la d\u00e9tention et au martyre de r\u00e9sistants palestiniens, alors qu\u2019elle a largement abandonn\u00e9 la question de la r\u00e9cup\u00e9ration des d\u00e9pouilles des martyrs.<\/p>\n<p><strong>Il est essentiel que nous agissions au niveau international pour populariser cette campagne. Nous appelons les organisations de r\u00e9sistance, les r\u00e9seaux palestiniens et arabes, les groupes de solidarit\u00e9 soutenant la lutte des prisonniers et les campagnes de boycott du monde entier \u00e0 nous rejoindre dans cette campagne internationale pour r\u00e9cup\u00e9rer et lib\u00e9rer les corps des martyrs palestiniens. Cette campagne vise \u00e0 \u00e9tendre le soutien et la solidarit\u00e9 envers les prisonniers et martyrs palestiniens partout dans le monde, pour leur lib\u00e9ration et la lib\u00e9ration de la Palestine de la mer au Jourdain<\/strong><\/p>\n<p><a href=\"https:\/\/samidoun.net\/endorse-martyrs-campaign\/\"><strong>Cliquez ici pour approuver et soutenir la campagne.<\/strong><\/a><\/p>\n<p><strong>Organisez un \u00e9v\u00e9nement : Vous pouvez organiser des stands et des manifestations, pr\u00e9parer des s\u00e9minaires, distribuer des tracts et accrocher des affiches, et envoyer vos activit\u00e9s \u00e0 <a href=\"mailto:samidoun@samidoun.net\">samidoun@samidoun.net<\/a> ou \u00e0 nos pages <a href=\"https:\/\/facebook.com\/SamidounPrisonerSolidarity\">Facebook<\/a>, <a href=\"https:\/\/twitter.com\/SamidounPP\">Twitter<\/a> ou <a href=\"https:\/\/instagram.com\/samidounnetwork\">Instagram<\/a>.<\/strong><\/p>\n<p>Ces crimes doivent \u00eatre d\u00e9nonc\u00e9s. Il est temps de d\u00e9geler et de r\u00e9chauffer le c\u0153ur des m\u00e8res et des p\u00e8res des martyrs. Mettez fin \u00e0 l\u2019emprisonnement et \u00e0 l\u2019apartheid dans la mort !<\/p>\n<p>Avec fid\u00e9lit\u00e9 \u00e0 nos prisonniers et martyrs,<\/p>\n<blockquote><p>La campagne internationale pour lib\u00e9rer les corps des martyrs palestiniens dans les morgues et les \u201ccimeti\u00e8res des nombres\u201d de l\u2019occupation sioniste.<\/p><\/blockquote>\n<p style=\"text-align: center;\">*****<\/p>\n<p>Publi\u00e9 le 1er mars 2023 sur <a href=\"https:\/\/samidoun.net\/fr\/2023\/03\/annonce-du-lancement-de-la-campagne-internationale-pour-liberer-les-corps-des-martyrs-palestiniens\/\" target=\"_blank\" rel=\"noopener\"><strong>Samidoun<\/strong><\/a><\/p>\n<p style=\"text-align: center;\">*****<\/p>\n<p><strong>Image \u00e0 la une<\/strong> : Des Palestiniens, dont<strong> Azhar Abou Srour<\/strong> (*)(centre), m\u00e8re d&rsquo;un jeune homme enterr\u00e9 dans un<em> \u00ab cimeti\u00e8re des nombres \u00bb<\/em>, ont manifest\u00e9 dans le camp de r\u00e9fugi\u00e9s d\u2019A\u00efda contre la d\u00e9cision du gouvernement isra\u00e9lien d\u2019enterrer quatre autre Palestiniens dans ces cimeti\u00e8res anonymes (MEE\/Chlo\u00e9 Benoist).<\/p>\n<p>Photo publi\u00e9e dans l&rsquo;article :<strong> <a href=\"https:\/\/www.middleeasteye.net\/fr\/reportages\/meprises-meme-dans-la-mort-les-palestiniens-sinsurgent-contre-les-cimetieres-des-nombres\" target=\"_blank\" rel=\"noopener\">M\u00e9pris\u00e9s m\u00eame dans la mort : les Palestiniens s\u2019insurgent contre les \u00ab cimeti\u00e8res des nombres \u00bb<\/a><\/strong><\/p>\n","protected":false},"excerpt":{"rendered":"<p>Les journ\u00e9es du 11 mars au 18 mars 2023 sont des journ\u00e9es d\u2019action et de lutte pour r\u00e9cup\u00e9rer les corps des martyrs palestiniens d\u00e9tenus dans les morgues et les \u201ccimeti\u00e8res des nombres\u201d <\/p>\n","protected":false},"author":1,"featured_media":0,"comment_status":"closed","ping_status":"closed","sticky":false,"template":"","format":"standard","meta":{"ngg_post_thumbnail":0,"footnotes":""},"categories":[140,210,777],"tags":[],"class_list":["post-52826","post","type-post","status-publish","format-standard","hentry","category-letat-colonial","category-martyrs","category-punitions-collectives"],"yoast_head":"<!-- This site is optimized with the Yoast SEO plugin v27.3 - https:\/\/yoast.com\/product\/yoast-seo-wordpress\/ -->\n<title>Campagne internationale pour lib\u00e9rer les corps des martyrs palestiniens<\/title>\n<meta name=\"description\" content=\"Exigeons la lib\u00e9ration des corps des martyrs palestiniens d\u00e9tenus dans les morgues et les \u201ccimeti\u00e8res des nombres\u201d\" \/>\n<meta name=\"robots\" content=\"index, follow, max-snippet:-1, max-image-preview:large, max-video-preview:-1\" \/>\n<link rel=\"canonical\" href=\"https:\/\/charleroi-pourlapalestine.be\/index.php\/2023\/03\/01\/campagne-internationale-pour-liberer-les-corps-des-martyrs-palestiniens\/\" \/>\n<script type=\"application\/ld+json\" class=\"yoast-schema-graph\">{\"@context\":\"https:\\\/\\\/schema.org\",\"@graph\":[{\"@type\":\"Article\",\"@id\":\"https:\\\/\\\/charleroi-pourlapalestine.be\\\/index.php\\\/2023\\\/03\\\/01\\\/campagne-internationale-pour-liberer-les-corps-des-martyrs-palestiniens\\\/#article\",\"isPartOf\":{\"@id\":\"https:\\\/\\\/charleroi-pourlapalestine.be\\\/index.php\\\/2023\\\/03\\\/01\\\/campagne-internationale-pour-liberer-les-corps-des-martyrs-palestiniens\\\/\"},\"author\":{\"name\":\"admin1873\",\"@id\":\"https:\\\/\\\/charleroi-pourlapalestine.be\\\/#\\\/schema\\\/person\\\/c19ff515112f1299d8c12671d8fe3faa\"},\"headline\":\"Campagne internationale pour lib\u00e9rer les corps des martyrs palestiniens\",\"datePublished\":\"2023-03-01T21:04:46+00:00\",\"dateModified\":\"2023-03-01T21:04:48+00:00\",\"mainEntityOfPage\":{\"@id\":\"https:\\\/\\\/charleroi-pourlapalestine.be\\\/index.php\\\/2023\\\/03\\\/01\\\/campagne-internationale-pour-liberer-les-corps-des-martyrs-palestiniens\\\/\"},\"wordCount\":2068,\"publisher\":{\"@id\":\"https:\\\/\\\/charleroi-pourlapalestine.be\\\/#organization\"},\"image\":{\"@id\":\"https:\\\/\\\/charleroi-pourlapalestine.be\\\/index.php\\\/2023\\\/03\\\/01\\\/campagne-internationale-pour-liberer-les-corps-des-martyrs-palestiniens\\\/#primaryimage\"},\"thumbnailUrl\":\"https:\\\/\\\/charleroi-pourlapalestine.be\\\/wp-content\\\/uploads\\\/2023\\\/03\\\/Campagne-internationale-pour-liberer-les-corps-des-martyrs-palestiniens.jpg\",\"articleSection\":[\"L'Etat colonial\",\"Martyrs\",\"Punitions collectives\"],\"inLanguage\":\"fr-FR\"},{\"@type\":\"WebPage\",\"@id\":\"https:\\\/\\\/charleroi-pourlapalestine.be\\\/index.php\\\/2023\\\/03\\\/01\\\/campagne-internationale-pour-liberer-les-corps-des-martyrs-palestiniens\\\/\",\"url\":\"https:\\\/\\\/charleroi-pourlapalestine.be\\\/index.php\\\/2023\\\/03\\\/01\\\/campagne-internationale-pour-liberer-les-corps-des-martyrs-palestiniens\\\/\",\"name\":\"Campagne internationale pour lib\u00e9rer les corps des martyrs palestiniens\",\"isPartOf\":{\"@id\":\"https:\\\/\\\/charleroi-pourlapalestine.be\\\/#website\"},\"primaryImageOfPage\":{\"@id\":\"https:\\\/\\\/charleroi-pourlapalestine.be\\\/index.php\\\/2023\\\/03\\\/01\\\/campagne-internationale-pour-liberer-les-corps-des-martyrs-palestiniens\\\/#primaryimage\"},\"image\":{\"@id\":\"https:\\\/\\\/charleroi-pourlapalestine.be\\\/index.php\\\/2023\\\/03\\\/01\\\/campagne-internationale-pour-liberer-les-corps-des-martyrs-palestiniens\\\/#primaryimage\"},\"thumbnailUrl\":\"https:\\\/\\\/charleroi-pourlapalestine.be\\\/wp-content\\\/uploads\\\/2023\\\/03\\\/Campagne-internationale-pour-liberer-les-corps-des-martyrs-palestiniens.jpg\",\"datePublished\":\"2023-03-01T21:04:46+00:00\",\"dateModified\":\"2023-03-01T21:04:48+00:00\",\"description\":\"Exigeons la lib\u00e9ration des corps des martyrs palestiniens d\u00e9tenus dans les morgues et les \u201ccimeti\u00e8res des nombres\u201d\",\"breadcrumb\":{\"@id\":\"https:\\\/\\\/charleroi-pourlapalestine.be\\\/index.php\\\/2023\\\/03\\\/01\\\/campagne-internationale-pour-liberer-les-corps-des-martyrs-palestiniens\\\/#breadcrumb\"},\"inLanguage\":\"fr-FR\",\"potentialAction\":[{\"@type\":\"ReadAction\",\"target\":[\"https:\\\/\\\/charleroi-pourlapalestine.be\\\/index.php\\\/2023\\\/03\\\/01\\\/campagne-internationale-pour-liberer-les-corps-des-martyrs-palestiniens\\\/\"]}]},{\"@type\":\"ImageObject\",\"inLanguage\":\"fr-FR\",\"@id\":\"https:\\\/\\\/charleroi-pourlapalestine.be\\\/index.php\\\/2023\\\/03\\\/01\\\/campagne-internationale-pour-liberer-les-corps-des-martyrs-palestiniens\\\/#primaryimage\",\"url\":\"https:\\\/\\\/charleroi-pourlapalestine.be\\\/wp-content\\\/uploads\\\/2023\\\/03\\\/Campagne-internationale-pour-liberer-les-corps-des-martyrs-palestiniens.jpg\",\"contentUrl\":\"https:\\\/\\\/charleroi-pourlapalestine.be\\\/wp-content\\\/uploads\\\/2023\\\/03\\\/Campagne-internationale-pour-liberer-les-corps-des-martyrs-palestiniens.jpg\",\"width\":420,\"height\":283},{\"@type\":\"BreadcrumbList\",\"@id\":\"https:\\\/\\\/charleroi-pourlapalestine.be\\\/index.php\\\/2023\\\/03\\\/01\\\/campagne-internationale-pour-liberer-les-corps-des-martyrs-palestiniens\\\/#breadcrumb\",\"itemListElement\":[{\"@type\":\"ListItem\",\"position\":1,\"name\":\"Accueil\",\"item\":\"https:\\\/\\\/charleroi-pourlapalestine.be\\\/\"},{\"@type\":\"ListItem\",\"position\":2,\"name\":\"Campagne internationale pour lib\u00e9rer les corps des martyrs palestiniens\"}]},{\"@type\":\"WebSite\",\"@id\":\"https:\\\/\\\/charleroi-pourlapalestine.be\\\/#website\",\"url\":\"https:\\\/\\\/charleroi-pourlapalestine.be\\\/\",\"name\":\"Charleroi Pour la Palestine\",\"description\":\"\",\"publisher\":{\"@id\":\"https:\\\/\\\/charleroi-pourlapalestine.be\\\/#organization\"},\"potentialAction\":[{\"@type\":\"SearchAction\",\"target\":{\"@type\":\"EntryPoint\",\"urlTemplate\":\"https:\\\/\\\/charleroi-pourlapalestine.be\\\/?s={search_term_string}\"},\"query-input\":{\"@type\":\"PropertyValueSpecification\",\"valueRequired\":true,\"valueName\":\"search_term_string\"}}],\"inLanguage\":\"fr-FR\"},{\"@type\":\"Organization\",\"@id\":\"https:\\\/\\\/charleroi-pourlapalestine.be\\\/#organization\",\"name\":\"Plate-forme Charleroi-Palestine\",\"url\":\"https:\\\/\\\/charleroi-pourlapalestine.be\\\/\",\"logo\":{\"@type\":\"ImageObject\",\"inLanguage\":\"fr-FR\",\"@id\":\"https:\\\/\\\/charleroi-pourlapalestine.be\\\/#\\\/schema\\\/logo\\\/image\\\/\",\"url\":\"https:\\\/\\\/charleroi-pourlapalestine.be\\\/wp-content\\\/uploads\\\/2020\\\/01\\\/logo-Copy.jpg\",\"contentUrl\":\"https:\\\/\\\/charleroi-pourlapalestine.be\\\/wp-content\\\/uploads\\\/2020\\\/01\\\/logo-Copy.jpg\",\"width\":180,\"height\":180,\"caption\":\"Plate-forme Charleroi-Palestine\"},\"image\":{\"@id\":\"https:\\\/\\\/charleroi-pourlapalestine.be\\\/#\\\/schema\\\/logo\\\/image\\\/\"},\"sameAs\":[\"https:\\\/\\\/www.facebook.com\\\/PlateformeCharleroiPalestine\\\/\",\"https:\\\/\\\/x.com\\\/LaCharleroi\"]},{\"@type\":\"Person\",\"@id\":\"https:\\\/\\\/charleroi-pourlapalestine.be\\\/#\\\/schema\\\/person\\\/c19ff515112f1299d8c12671d8fe3faa\",\"name\":\"admin1873\",\"url\":\"https:\\\/\\\/charleroi-pourlapalestine.be\\\/index.php\\\/author\\\/admin1873\\\/\"}]}<\/script>\n<!-- \/ Yoast SEO plugin. -->","yoast_head_json":{"title":"Campagne internationale pour lib\u00e9rer les corps des martyrs palestiniens","description":"Exigeons la lib\u00e9ration des corps des martyrs palestiniens d\u00e9tenus dans les morgues et les \u201ccimeti\u00e8res des nombres\u201d","robots":{"index":"index","follow":"follow","max-snippet":"max-snippet:-1","max-image-preview":"max-image-preview:large","max-video-preview":"max-video-preview:-1"},"canonical":"https:\/\/charleroi-pourlapalestine.be\/index.php\/2023\/03\/01\/campagne-internationale-pour-liberer-les-corps-des-martyrs-palestiniens\/","schema":{"@context":"https:\/\/schema.org","@graph":[{"@type":"Article","@id":"https:\/\/charleroi-pourlapalestine.be\/index.php\/2023\/03\/01\/campagne-internationale-pour-liberer-les-corps-des-martyrs-palestiniens\/#article","isPartOf":{"@id":"https:\/\/charleroi-pourlapalestine.be\/index.php\/2023\/03\/01\/campagne-internationale-pour-liberer-les-corps-des-martyrs-palestiniens\/"},"author":{"name":"admin1873","@id":"https:\/\/charleroi-pourlapalestine.be\/#\/schema\/person\/c19ff515112f1299d8c12671d8fe3faa"},"headline":"Campagne internationale pour lib\u00e9rer les corps des martyrs palestiniens","datePublished":"2023-03-01T21:04:46+00:00","dateModified":"2023-03-01T21:04:48+00:00","mainEntityOfPage":{"@id":"https:\/\/charleroi-pourlapalestine.be\/index.php\/2023\/03\/01\/campagne-internationale-pour-liberer-les-corps-des-martyrs-palestiniens\/"},"wordCount":2068,"publisher":{"@id":"https:\/\/charleroi-pourlapalestine.be\/#organization"},"image":{"@id":"https:\/\/charleroi-pourlapalestine.be\/index.php\/2023\/03\/01\/campagne-internationale-pour-liberer-les-corps-des-martyrs-palestiniens\/#primaryimage"},"thumbnailUrl":"https:\/\/charleroi-pourlapalestine.be\/wp-content\/uploads\/2023\/03\/Campagne-internationale-pour-liberer-les-corps-des-martyrs-palestiniens.jpg","articleSection":["L'Etat colonial","Martyrs","Punitions collectives"],"inLanguage":"fr-FR"},{"@type":"WebPage","@id":"https:\/\/charleroi-pourlapalestine.be\/index.php\/2023\/03\/01\/campagne-internationale-pour-liberer-les-corps-des-martyrs-palestiniens\/","url":"https:\/\/charleroi-pourlapalestine.be\/index.php\/2023\/03\/01\/campagne-internationale-pour-liberer-les-corps-des-martyrs-palestiniens\/","name":"Campagne internationale pour lib\u00e9rer les corps des martyrs palestiniens","isPartOf":{"@id":"https:\/\/charleroi-pourlapalestine.be\/#website"},"primaryImageOfPage":{"@id":"https:\/\/charleroi-pourlapalestine.be\/index.php\/2023\/03\/01\/campagne-internationale-pour-liberer-les-corps-des-martyrs-palestiniens\/#primaryimage"},"image":{"@id":"https:\/\/charleroi-pourlapalestine.be\/index.php\/2023\/03\/01\/campagne-internationale-pour-liberer-les-corps-des-martyrs-palestiniens\/#primaryimage"},"thumbnailUrl":"https:\/\/charleroi-pourlapalestine.be\/wp-content\/uploads\/2023\/03\/Campagne-internationale-pour-liberer-les-corps-des-martyrs-palestiniens.jpg","datePublished":"2023-03-01T21:04:46+00:00","dateModified":"2023-03-01T21:04:48+00:00","description":"Exigeons la lib\u00e9ration des corps des martyrs palestiniens d\u00e9tenus dans les morgues et les \u201ccimeti\u00e8res des nombres\u201d","breadcrumb":{"@id":"https:\/\/charleroi-pourlapalestine.be\/index.php\/2023\/03\/01\/campagne-internationale-pour-liberer-les-corps-des-martyrs-palestiniens\/#breadcrumb"},"inLanguage":"fr-FR","potentialAction":[{"@type":"ReadAction","target":["https:\/\/charleroi-pourlapalestine.be\/index.php\/2023\/03\/01\/campagne-internationale-pour-liberer-les-corps-des-martyrs-palestiniens\/"]}]},{"@type":"ImageObject","inLanguage":"fr-FR","@id":"https:\/\/charleroi-pourlapalestine.be\/index.php\/2023\/03\/01\/campagne-internationale-pour-liberer-les-corps-des-martyrs-palestiniens\/#primaryimage","url":"https:\/\/charleroi-pourlapalestine.be\/wp-content\/uploads\/2023\/03\/Campagne-internationale-pour-liberer-les-corps-des-martyrs-palestiniens.jpg","contentUrl":"https:\/\/charleroi-pourlapalestine.be\/wp-content\/uploads\/2023\/03\/Campagne-internationale-pour-liberer-les-corps-des-martyrs-palestiniens.jpg","width":420,"height":283},{"@type":"BreadcrumbList","@id":"https:\/\/charleroi-pourlapalestine.be\/index.php\/2023\/03\/01\/campagne-internationale-pour-liberer-les-corps-des-martyrs-palestiniens\/#breadcrumb","itemListElement":[{"@type":"ListItem","position":1,"name":"Accueil","item":"https:\/\/charleroi-pourlapalestine.be\/"},{"@type":"ListItem","position":2,"name":"Campagne internationale pour lib\u00e9rer les corps des martyrs palestiniens"}]},{"@type":"WebSite","@id":"https:\/\/charleroi-pourlapalestine.be\/#website","url":"https:\/\/charleroi-pourlapalestine.be\/","name":"Charleroi Pour la Palestine","description":"","publisher":{"@id":"https:\/\/charleroi-pourlapalestine.be\/#organization"},"potentialAction":[{"@type":"SearchAction","target":{"@type":"EntryPoint","urlTemplate":"https:\/\/charleroi-pourlapalestine.be\/?s={search_term_string}"},"query-input":{"@type":"PropertyValueSpecification","valueRequired":true,"valueName":"search_term_string"}}],"inLanguage":"fr-FR"},{"@type":"Organization","@id":"https:\/\/charleroi-pourlapalestine.be\/#organization","name":"Plate-forme Charleroi-Palestine","url":"https:\/\/charleroi-pourlapalestine.be\/","logo":{"@type":"ImageObject","inLanguage":"fr-FR","@id":"https:\/\/charleroi-pourlapalestine.be\/#\/schema\/logo\/image\/","url":"https:\/\/charleroi-pourlapalestine.be\/wp-content\/uploads\/2020\/01\/logo-Copy.jpg","contentUrl":"https:\/\/charleroi-pourlapalestine.be\/wp-content\/uploads\/2020\/01\/logo-Copy.jpg","width":180,"height":180,"caption":"Plate-forme Charleroi-Palestine"},"image":{"@id":"https:\/\/charleroi-pourlapalestine.be\/#\/schema\/logo\/image\/"},"sameAs":["https:\/\/www.facebook.com\/PlateformeCharleroiPalestine\/","https:\/\/x.com\/LaCharleroi"]},{"@type":"Person","@id":"https:\/\/charleroi-pourlapalestine.be\/#\/schema\/person\/c19ff515112f1299d8c12671d8fe3faa","name":"admin1873","url":"https:\/\/charleroi-pourlapalestine.be\/index.php\/author\/admin1873\/"}]}},"_links":{"self":[{"href":"https:\/\/charleroi-pourlapalestine.be\/index.php\/wp-json\/wp\/v2\/posts\/52826","targetHints":{"allow":["GET"]}}],"collection":[{"href":"https:\/\/charleroi-pourlapalestine.be\/index.php\/wp-json\/wp\/v2\/posts"}],"about":[{"href":"https:\/\/charleroi-pourlapalestine.be\/index.php\/wp-json\/wp\/v2\/types\/post"}],"author":[{"embeddable":true,"href":"https:\/\/charleroi-pourlapalestine.be\/index.php\/wp-json\/wp\/v2\/users\/1"}],"replies":[{"embeddable":true,"href":"https:\/\/charleroi-pourlapalestine.be\/index.php\/wp-json\/wp\/v2\/comments?post=52826"}],"version-history":[{"count":0,"href":"https:\/\/charleroi-pourlapalestine.be\/index.php\/wp-json\/wp\/v2\/posts\/52826\/revisions"}],"wp:attachment":[{"href":"https:\/\/charleroi-pourlapalestine.be\/index.php\/wp-json\/wp\/v2\/media?parent=52826"}],"wp:term":[{"taxonomy":"category","embeddable":true,"href":"https:\/\/charleroi-pourlapalestine.be\/index.php\/wp-json\/wp\/v2\/categories?post=52826"},{"taxonomy":"post_tag","embeddable":true,"href":"https:\/\/charleroi-pourlapalestine.be\/index.php\/wp-json\/wp\/v2\/tags?post=52826"}],"curies":[{"name":"wp","href":"https:\/\/api.w.org\/{rel}","templated":true}]}}