{"id":53116,"date":"2023-03-09T09:58:10","date_gmt":"2023-03-09T08:58:10","guid":{"rendered":"https:\/\/charleroi-pourlapalestine.be\/?p=53116"},"modified":"2023-03-09T10:01:17","modified_gmt":"2023-03-09T09:01:17","slug":"les-colons-celebrent-la-fete-de-pourim-par-un-surcroit-dattaques-contre-les-palestiniens","status":"publish","type":"post","link":"https:\/\/charleroi-pourlapalestine.be\/index.php\/2023\/03\/09\/les-colons-celebrent-la-fete-de-pourim-par-un-surcroit-dattaques-contre-les-palestiniens\/","title":{"rendered":"Les colons c\u00e9l\u00e8brent la f\u00eate de Pourim par un surcro\u00eet d\u2019attaques contre les Palestiniens"},"content":{"rendered":"<p>Pour l\u2019avant-garde des colons de l\u2019\u00c9tat isra\u00e9lien, c\u2019est depuis longtemps une occasion de faire \u00e9talage de leur racisme et de leur violence.<\/p>\n<p>&nbsp;<\/p>\n<p><img loading=\"lazy\" decoding=\"async\" class=\"alignnone wp-image-53120 size-full\" src=\"https:\/\/charleroi-pourlapalestine.be\/wp-content\/uploads\/2023\/03\/Terreur-israelienne.jpg\" alt=\"Pogrom \u00e0 Huawarra : Pour l\u2019avant-garde des colons de l\u2019\u00c9tat isra\u00e9lien, c\u2019est depuis longtemps une occasion de faire \u00e9talage de leur racisme et de leur violence.\" width=\"705\" height=\"398\"><\/p>\n<p><a href=\"https:\/\/charleroi-pourlapalestine.be\/index.php\/tag\/ali-abunimah\/\"><strong>Ali Abunimah<\/strong><\/a>, 7 mars 2023<\/p>\n<p><strong>&nbsp;<\/strong><\/p>\n<p>Quatre Palestiniens, dont une fille, ont \u00e9t\u00e9 emmen\u00e9s \u00e0 l\u2019h\u00f4pital ce lundi, apr\u00e8s que des colons isra\u00e9liens les avaient attaqu\u00e9s \u00e0 coups de pierres dans le village de <strong>Huwwara,<\/strong> en Cisjordanie occup\u00e9e.<\/p>\n<p>C\u2019est le m\u00eame village que les colons, avec le soutien des soldats isra\u00e9liens, ont <strong>mis \u00e0 sac<\/strong> \u00e0 la fin du mois dernier, incendiant des voitures, des maisons et de petits commerces.<\/p>\n<p>Un Palestinien, <strong>Sameh Aqtash,<\/strong> 37 ans, qui venait de rentrer de Turquie o\u00f9 il s\u2019\u00e9tait port\u00e9 volontaire pour aider les victimes du tremblement de terre, a \u00e9t\u00e9 tu\u00e9 au cours de ce pogrom.<\/p>\n<p>Suite \u00e0 cette attaque, le ministre isra\u00e9lien des Finances Bezalel Smotrich a lanc\u00e9 un appel g\u00e9nocidaire \u00e0 <em>\u00ab rayer Huwwara de la carte \u00bb.<\/em><\/p>\n<p>Jeudi, j\u2019ai rejoint <strong>Rania Khalek<\/strong> et <strong>Eugene Puryear<\/strong> sur <em>BreakThrough News<\/em> afin de parler de l\u2019attaque contre <strong>Huwwara<\/strong> et du contexte plus large de <strong>l\u2019escalade de l\u2019extr\u00e9misme et de la violence d\u2019Isra\u00ebl,<\/strong> en particulier de ses raids meurtriers de plus en plus fr\u00e9quents contre des villes et camps de r\u00e9fugi\u00e9s palestiniens.<\/p>\n<p>Vous pouvez suivre toute l\u2019interview sur la vid\u00e9o en bas du pr\u00e9sent article (en anglais).<\/p>\n<blockquote class=\"twitter-tweet\" data-width=\"500\" data-dnt=\"true\">\n<p lang=\"en\" dir=\"ltr\">&quot;The violence is relentless. Israeli apartheid is 24\/7 365 violence against every Palestinian man woman and child everywhere all the time, they&#39;re never free from the violence.&quot; <\/p>\n<p>&#8211; <a href=\"https:\/\/twitter.com\/AliAbunimah?ref_src=twsrc%5Etfw\">@AliAbunimah<\/a> <\/p>\n<p>WATCH: <a href=\"https:\/\/t.co\/LCzZt6KJMO\">https:\/\/t.co\/LCzZt6KJMO<\/a> <a href=\"https:\/\/t.co\/VprIxLv5wn\">pic.twitter.com\/VprIxLv5wn<\/a><\/p>\n<p>&mdash; BreakThrough News (@BTnewsroom) <a href=\"https:\/\/twitter.com\/BTnewsroom\/status\/1631389808198033411?ref_src=twsrc%5Etfw\">March 2, 2023<\/a><\/p><\/blockquote>\n<p><script async src=\"https:\/\/platform.twitter.com\/widgets.js\" charset=\"utf-8\"><\/script><\/p>\n<p>Malgr\u00e9 la condamnation internationale de la premi\u00e8re attaque contre Huwwara, Isra\u00ebl ne fait rien pour retenir ses colons.<\/p>\n<blockquote class=\"twitter-tweet\" data-width=\"500\" data-dnt=\"true\">\n<p lang=\"en\" dir=\"ltr\">Last night in Huwarah settlers and soldiers celebrated Purim singing, dancing and attacking Palestinians. 4 injured including small girl <a href=\"https:\/\/t.co\/l4gzfmwkOm\">https:\/\/t.co\/l4gzfmwkOm<\/a><\/p>\n<p>&mdash; B&#39;Tselem \u05d1\u05e6\u05dc\u05dd \u0628\u062a\u0633\u064a\u0644\u0645 (@btselem) <a href=\"https:\/\/twitter.com\/btselem\/status\/1632986417499348993?ref_src=twsrc%5Etfw\">March 7, 2023<\/a><\/p><\/blockquote>\n<p><script async src=\"https:\/\/platform.twitter.com\/widgets.js\" charset=\"utf-8\"><\/script><\/p>\n<blockquote class=\"twitter-tweet\" data-width=\"500\" data-dnt=\"true\">\n<p lang=\"en\" dir=\"ltr\">Unfortunately, Israel&#39;s settlers &amp; army are out again terrorising the Palestinian residents of Huwara &#8211; occupied West Bank, on the eve of <a href=\"https:\/\/twitter.com\/hashtag\/Purim?src=hash&amp;ref_src=twsrc%5Etfw\">#Purim<\/a>. <a href=\"https:\/\/t.co\/MFkExDwmcg\">pic.twitter.com\/MFkExDwmcg<\/a><\/p>\n<p>&mdash; Jalal \ud80c\udc86 (@JalalAK_jojo) <a href=\"https:\/\/twitter.com\/JalalAK_jojo\/status\/1632845609676820482?ref_src=twsrc%5Etfw\">March 6, 2023<\/a><\/p><\/blockquote>\n<p><script async src=\"https:\/\/platform.twitter.com\/widgets.js\" charset=\"utf-8\"><\/script><\/p>\n<blockquote class=\"twitter-tweet\" data-width=\"500\" data-dnt=\"true\">\n<p lang=\"en\" dir=\"ltr\">\u201cThey attacked us with hatchets and pepper sprayed us&quot;<\/p>\n<p>Five Palestinians were attacked and injured by colonial Israeli settlers last night, including an elderly and a child, in the town of Huwara, <a href=\"https:\/\/twitter.com\/hashtag\/Nablus?src=hash&amp;ref_src=twsrc%5Etfw\">#Nablus<\/a>. <a href=\"https:\/\/t.co\/y7omn7vhNe\">pic.twitter.com\/y7omn7vhNe<\/a><\/p>\n<p>&mdash; AlQastal News (@QastalNewsEn) <a href=\"https:\/\/twitter.com\/QastalNewsEn\/status\/1633013727577481216?ref_src=twsrc%5Etfw\">March 7, 2023<\/a><\/p><\/blockquote>\n<p><script async src=\"https:\/\/platform.twitter.com\/widgets.js\" charset=\"utf-8\"><\/script><\/p>\n<blockquote class=\"twitter-tweet\" data-width=\"500\" data-dnt=\"true\">\n<p lang=\"en\" dir=\"ltr\">Shortly after dancing side by side with Israeli soldiers celebrating Purim inside the Palestinian town of Huwara, extremist Israeli settlers went on a rampage last night inside the town, savagely attacking a Palestinian shop and a civilian car and terrorizing civilians. <a href=\"https:\/\/t.co\/UCwTToo76R\">pic.twitter.com\/UCwTToo76R<\/a><\/p>\n<p>&mdash; Quds News Network (@QudsNen) <a href=\"https:\/\/twitter.com\/QudsNen\/status\/1633032590620868611?ref_src=twsrc%5Etfw\">March 7, 2023<\/a><\/p><\/blockquote>\n<p><script async src=\"https:\/\/platform.twitter.com\/widgets.js\" charset=\"utf-8\"><\/script><\/p>\n<p>&nbsp;<\/p>\n<p>&nbsp;<\/p>\n<blockquote><p>\u00ab Les pogroms \u00e0 Huwwara se poursuivent \u00e9galement dans le cadre des c\u00e9l\u00e9brations par les colons du Pourim. Ils sont appuy\u00e9s par le gouvernement et par un manque d\u2019application de la part des autorit\u00e9s \u00bb,<\/p><\/blockquote>\n<p>a d\u00e9clar\u00e9 Yesh Din, une organisation isra\u00e9lienne de d\u00e9fense des droits humains.<\/p>\n<p>Lundi, on a vu des colons qui dansaient et chantaient dans les rues du village, dans le cadre de leur c\u00e9l\u00e9bration de la f\u00eate juive du Pourim \u2013 un d\u00e9ploiement qu\u2019un journaliste a qualifi\u00e9 de<\/p>\n<blockquote><p>\u00ab manifestation de la supr\u00e9matie juive \u00bb.<\/p><\/blockquote>\n<p><strong>&nbsp;<\/strong><\/p>\n<blockquote class=\"twitter-tweet\" data-width=\"500\" data-dnt=\"true\">\n<p lang=\"iw\" dir=\"rtl\">\u05ea\u05d9\u05e2\u05d5\u05d3 \u05e9\u05d9\u05d5\u05e6\u05d0 \u05d4\u05e2\u05e8\u05d1 \u05de\u05d7\u05d5\u05d5\u05d0\u05e8\u05d4.<br \/>\u05de\u05ea\u05e0\u05d7\u05dc\u05d9\u05dd \u05d7\u05d5\u05d2\u05d2\u05d9\u05dd \u05d0\u05ea \u05d7\u05d2 \u05d4\u05e4\u05d5\u05e8\u05d9\u05dd, \u05e8\u05d5\u05e7\u05d3\u05d9\u05dd \u05d1\u05d2\u05d9\u05d1\u05d5\u05d9 \u05d4\u05d7\u05d9\u05d9\u05dc\u05d9\u05dd. \u05d6\u05d4 \u05de\u05d5\u05e4\u05e2 \u05e9\u05dc \u05e2\u05dc\u05d9\u05d5\u05e0\u05d5\u05ea \u05d9\u05d4\u05d5\u05d3\u05d9\u05ea- \u05d5\u05e0\u05d9\u05e6\u05d7\u05d5\u05df \u05d4\u05de\u05ea\u05e0\u05d7\u05dc\u05d9\u05dd \u05e2\u05dc \u05d4\u05e4\u05dc\u05e1\u05d8\u05d9\u05e0\u05d9\u05dd \u05e9\u05e2\u05d3\u05d9\u05d9\u05df \u05dc\u05d0 \u05d4\u05ea\u05d0\u05d5\u05e9\u05e9\u05d5 \u05de\u05d0\u05d9\u05e8\u05d5\u05e2\u05d9 \u05d7\u05d5\u05d5\u05d0\u05e8\u05d4.<br \/>\u05d6\u05d4 \u05de\u05d6\u05db\u05d9\u05e8 \u05d0\u05ea \u05d7\u05d2\u05d9\u05d2\u05ea \u05d4\u05d5\u05d5\u05d9\u05e1\u05e7\u05d9 \u05d5\u05d4\u05e1\u05d5\u05e9\u05d9 \u05e9\u05dc \u05e8\u05d5\u05d8\u05de\u05df, \u05d0\u05d7\u05e8\u05d9 \u05e9\u05d4\u05e2\u05d1\u05d9\u05e8 \u05d1\u05e7\u05e8\u05d9\u05d0\u05d4 \u05e8\u05d0\u05e9\u05d5\u05e0\u05d4 \u05d0\u05ea \u05d4\u05d7\u05d5\u05e7 \u05dc\u05d4\u05e4\u05d9\u05db\u05d4 \u05de\u05e9\u05e4\u05d8\u05d9\u05ea.<br \/>\u05d6\u05d4 \u05d0\u05d5\u05ea\u05d5 \u05db\u05d5\u05d7 \u05d4\u05e8\u05e1\u05e0\u05d9. <a href=\"https:\/\/t.co\/XJhfzi0VBD\">pic.twitter.com\/XJhfzi0VBD<\/a><\/p>\n<p>&mdash; Sheren Falah Saab \u0634\u064a\u0631\u064a\u0646 \u0641\u0644\u0627\u062d \u0635\u0639\u0628 (@FalahSaab) <a href=\"https:\/\/twitter.com\/FalahSaab\/status\/1632831342844030976?ref_src=twsrc%5Etfw\">March 6, 2023<\/a><\/p><\/blockquote>\n<p><script async src=\"https:\/\/platform.twitter.com\/widgets.js\" charset=\"utf-8\"><\/script><\/p>\n<p>Le Pourim se c\u00e9l\u00e8bre souvent en s\u2019affublant de costumes mais, pour l\u2019avant-garde des colons de l\u2019\u00c9tat isra\u00e9lien, c\u2019est depuis longtemps une occasion de faire \u00e9talage de leur racisme et de leur violence.<\/p>\n<p>Un participant enthousiaste de cette r\u00e9pugnante tradition n\u2019\u00e9tait autre qu\u2019<strong>Itamar Ben-Gvir,<\/strong> l\u2019actuel ministre isra\u00e9lien de la s\u00e9curit\u00e9 nationale.<\/p>\n<p>Jeune adulte en 1995, Ben-Gvir se d\u00e9guisait en <strong>Baruch Goldstein,<\/strong> le colon juif am\u00e9ricain et docteur en m\u00e9decine qui, un an plus t\u00f4t, avait massacr\u00e9 29 Palestiniens se livrant aux pri\u00e8res du Ramadan \u00e0 la mosqu\u00e9e Ibrahimi \u00e0 H\u00e9bron.<\/p>\n<p><em>\u00ab Le Dr Goldstein est mon h\u00e9ros \u00bb<\/em>, peut-on entendre Ben-Gvir claironner \u00e0 la t\u00e9l\u00e9vision, dans ce clip :<\/p>\n<p>&nbsp;<\/p>\n<blockquote class=\"twitter-tweet\" data-width=\"500\" data-dnt=\"true\">\n<p lang=\"en\" dir=\"ltr\">Here&#39;s a photo of Israeli &quot;national security&quot; minister <a href=\"https:\/\/twitter.com\/itamarbengvir?ref_src=twsrc%5Etfw\">@itamarbengvir<\/a> celebrating Purim in occupied Hebron in 2013. He&#39;s mocking a Palestinian hunger striker. He&#39;s of course accompanied by someone in a t-shirt of the Jewish Nazi group Kach <a href=\"https:\/\/t.co\/C4cmku0FAa\">https:\/\/t.co\/C4cmku0FAa<\/a> <a href=\"https:\/\/t.co\/T9VWigKrTi\">pic.twitter.com\/T9VWigKrTi<\/a><\/p>\n<p>&mdash; Ali Abunimah (@AliAbunimah) <a href=\"https:\/\/twitter.com\/AliAbunimah\/status\/1633144701778788354?ref_src=twsrc%5Etfw\">March 7, 2023<\/a><\/p><\/blockquote>\n<p><script async src=\"https:\/\/platform.twitter.com\/widgets.js\" charset=\"utf-8\"><\/script><\/p>\n<p>&nbsp;<\/p>\n<p>Bien que sa haine virulente des Palestiniens ne se soit toujours pas att\u00e9nu\u00e9e, <strong>Ben-Gvir<\/strong> joue aujourd\u2019hui \u00e0 <strong>l\u2019homme d\u2019\u00c9tat<\/strong>, c\u00e9l\u00e9brant le Pourim en assistant \u00e0 un service religieux solennel en compagnie du Premier ministre Benjamin Netanyahou.<\/p>\n<blockquote class=\"twitter-tweet\" data-width=\"500\" data-dnt=\"true\">\n<p lang=\"iw\" dir=\"rtl\">\u05e4\u05d5\u05e8\u05d9\u05dd \u05e9\u05de\u05d7! <a href=\"https:\/\/t.co\/GZIxrGavqu\">pic.twitter.com\/GZIxrGavqu<\/a><\/p>\n<p>&mdash; \u05d0\u05d9\u05ea\u05de\u05e8 \u05d1\u05df \u05d2\u05d1\u05d9\u05e8 (@itamarbengvir) <a href=\"https:\/\/twitter.com\/itamarbengvir\/status\/1632804025149140995?ref_src=twsrc%5Etfw\">March 6, 2023<\/a><\/p><\/blockquote>\n<p><script async src=\"https:\/\/platform.twitter.com\/widgets.js\" charset=\"utf-8\"><\/script><\/p>\n<blockquote class=\"twitter-tweet\" data-width=\"500\" data-dnt=\"true\">\n<p lang=\"en\" dir=\"ltr\">Prime Minister Benjamin Netanyahu and National Security Minister Itamar Ben-Gvir attended a Scroll of Esther reading for Purim, together with Knesset Speaker Amir Ohana, Israel Police Inspector General Kobi Shabtai, the Border Police Commander and Border Police officers. <a href=\"https:\/\/t.co\/IdcGyGKBFo\">pic.twitter.com\/IdcGyGKBFo<\/a><\/p>\n<p>&mdash; Prime Minister of Israel (@IsraeliPM) <a href=\"https:\/\/twitter.com\/IsraeliPM\/status\/1632822737189187593?ref_src=twsrc%5Etfw\">March 6, 2023<\/a><\/p><\/blockquote>\n<p><script async src=\"https:\/\/platform.twitter.com\/widgets.js\" charset=\"utf-8\"><\/script><\/p>\n<p>&nbsp;<\/p>\n<p><strong>Mais, dans les villes palestiniennes, les colons continuent \u00e0 se d\u00e9cha\u00eener, avec le plein soutien de l\u2019arm\u00e9e isra\u00e9lienne.<\/strong><\/p>\n<blockquote><p>\u00ab Recourir au Pourim comme une excuse \u00e0 la violence est pratiquement une tradition \u00bb, en Cisjordanie occup\u00e9e, a fait remarquer Breaking the Silence (Rompre le silence), une organisation isra\u00e9lienne hostile \u00e0 l\u2019occupation.<\/p>\n<p>\u00ab La nuit derni\u00e8re \u00e0 Huwwara, des colons et des soldats dansaient ensemble sur la musique du Pourim, dans le m\u00eame temps que d\u2019autres colons agressaient des Palestiniens \u00bb,<\/p><\/blockquote>\n<p>a ajout\u00e9 Breaking the Silence.<\/p>\n<p><strong>&nbsp;<\/strong><\/p>\n<blockquote class=\"twitter-tweet\" data-width=\"500\" data-dnt=\"true\">\n<p lang=\"en\" dir=\"ltr\">Using Purim as an excuse for violence is practically tradition in the oPt. Last night in Hawara, settlers and soldiers danced together to Purim music while other settlers attacked Palestinians.<br \/> <a href=\"https:\/\/t.co\/4quR3VcDJw\">pic.twitter.com\/4quR3VcDJw<\/a><\/p>\n<p>&mdash; Breaking the Silence (@BtSIsrael) <a href=\"https:\/\/twitter.com\/BtSIsrael\/status\/1633047594124419072?ref_src=twsrc%5Etfw\">March 7, 2023<\/a><\/p><\/blockquote>\n<p><script async src=\"https:\/\/platform.twitter.com\/widgets.js\" charset=\"utf-8\"><\/script><\/p>\n<p>Malheureusement, le reste de l\u2019ann\u00e9e, l\u2019arm\u00e9e et les colons isra\u00e9liens ne s\u2019embarrassent pas d\u2019excuses pour leur incessante violence envers les Palestiniens.<\/p>\n<blockquote class=\"twitter-tweet\" data-width=\"500\" data-dnt=\"true\">\n<p lang=\"en\" dir=\"ltr\">Circulating footage shows the Israeli occupation army&#39;s commander of the Hebron Brigade dancing on the shoulders of the extremist Israeli settlers who intimidate, attack and harass Palestinians almost on a daily basis. <a href=\"https:\/\/t.co\/GbtO6uvL73\">pic.twitter.com\/GbtO6uvL73<\/a><\/p>\n<p>&mdash; Quds News Network (@QudsNen) <a href=\"https:\/\/twitter.com\/QudsNen\/status\/1633068502641680386?ref_src=twsrc%5Etfw\">March 7, 2023<\/a><\/p><\/blockquote>\n<p><script async src=\"https:\/\/platform.twitter.com\/widgets.js\" charset=\"utf-8\"><\/script><\/p>\n<p>&nbsp;<\/p>\n<p><strong>Trouvez ici la<\/strong> <strong>vid\u00e9o : La terreur isra\u00e9lienne<\/strong> (en anglais)<\/p>\n<div class=\"video-container\"><iframe loading=\"lazy\" title=\"\u2018Constant Escalation of Israeli Terror\u2019: Israel Steps Up Deadly Raids on Palestine  w\/ Ali Abunimah\" width=\"500\" height=\"281\" src=\"https:\/\/www.youtube.com\/embed\/s_VKjhqhBwE?start=18&#038;feature=oembed&#038;wmode=opaque\" frameborder=\"0\" allow=\"accelerometer; autoplay; clipboard-write; encrypted-media; gyroscope; picture-in-picture; web-share\" referrerpolicy=\"strict-origin-when-cross-origin\" allowfullscreen><\/iframe><\/div>\n<p>&nbsp;<\/p>\n<p>&nbsp;<\/p>\n<p style=\"text-align: center;\">*****<\/p>\n<div class=\"wp-block-image\">\n<figure class=\"alignleft\"><img loading=\"lazy\" decoding=\"async\" class=\"wp-image-2800\" src=\"https:\/\/charleroi-pourlapalestine.be\/wp-content\/uploads\/2020\/01\/Ali-Abunimah-Copy-150x150.jpg\" sizes=\"auto, (max-width: 150px) 100vw, 150px\" srcset=\"https:\/\/charleroi-pourlapalestine.be\/wp-content\/uploads\/2020\/01\/Ali-Abunimah-Copy-150x150.jpg 150w, https:\/\/charleroi-pourlapalestine.be\/wp-content\/uploads\/2020\/01\/Ali-Abunimah-Copy-160x160.jpg 160w\" alt=\"\" width=\"150\" height=\"150\"><\/figure>\n<\/div>\n<p><a href=\"https:\/\/charleroi-pourlapalestine.be\/index.php\/tag\/ali-abunimah\/\"><strong>Ali Abunimah,<\/strong> <\/a>cofondateur et directeur ex\u00e9cutif de <a href=\"https:\/\/electronicintifada.net\/blogs\/ali-abunimah\/israel-arrests-bds-coordinator-night-raid\" target=\"_blank\" rel=\"noopener noreferrer\"><em>The Electronic Intifada<\/em><\/a>, est l\u2019auteur de <em>The Battle for Justice in Palestine<\/em>, paru chez Haymarket Books.<\/p>\n<div class=\"pf-content\">\n<p>Il a aussi \u00e9crit : <em>One Country : A Bold Proposal to end the Israeli-Palestinian Impasse<\/em><\/p>\n<p style=\"text-align: center;\">*****<\/p>\n<p>Publi\u00e9 le 7 mars 2023 sur <a href=\"https:\/\/electronicintifada.net\/blogs\/ali-abunimah\/settlers-celebrate-purim-more-attacks-palestinians\" target=\"_blank\" rel=\"noopener\"><strong>The Electronic Intifada<\/strong><\/a><br \/>\nTraduction : Jean-Marie Fl\u00e9mal, <strong><a href=\"http:\/\/www.pourlapalestine.be\/\">Charleroi pour la Palestine<\/a><\/strong><\/p>\n<\/div>\n","protected":false},"excerpt":{"rendered":"<p>Pour l\u2019avant-garde des colons de l\u2019\u00c9tat isra\u00e9lien, c\u2019est depuis longtemps une occasion de faire \u00e9talage de leur racisme et de leur violence.<\/p>\n","protected":false},"author":1,"featured_media":0,"comment_status":"closed","ping_status":"closed","sticky":false,"template":"","format":"standard","meta":{"ngg_post_thumbnail":0,"footnotes":""},"categories":[140,891,91,838],"tags":[],"class_list":["post-53116","post","type-post","status-publish","format-standard","hentry","category-letat-colonial","category-pogroms","category-racisme","category-violence-des-colons"],"yoast_head":"<!-- This site is optimized with the Yoast SEO plugin v27.3 - https:\/\/yoast.com\/product\/yoast-seo-wordpress\/ -->\n<title>Les colons c\u00e9l\u00e8brent la f\u00eate de Pourim par un surcro\u00eet d\u2019attaques contre les Palestiniens<\/title>\n<meta name=\"description\" content=\"Pour mes colons de l\u2019\u00c9tat isra\u00e9lien, le Pourim est depuis longtemps une occasion de faire \u00e9talage de leur racisme et de leur violence.\" \/>\n<meta name=\"robots\" content=\"index, follow, max-snippet:-1, max-image-preview:large, max-video-preview:-1\" \/>\n<link rel=\"canonical\" href=\"https:\/\/charleroi-pourlapalestine.be\/index.php\/2023\/03\/09\/les-colons-celebrent-la-fete-de-pourim-par-un-surcroit-dattaques-contre-les-palestiniens\/\" \/>\n<script type=\"application\/ld+json\" class=\"yoast-schema-graph\">{\"@context\":\"https:\\\/\\\/schema.org\",\"@graph\":[{\"@type\":\"Article\",\"@id\":\"https:\\\/\\\/charleroi-pourlapalestine.be\\\/index.php\\\/2023\\\/03\\\/09\\\/les-colons-celebrent-la-fete-de-pourim-par-un-surcroit-dattaques-contre-les-palestiniens\\\/#article\",\"isPartOf\":{\"@id\":\"https:\\\/\\\/charleroi-pourlapalestine.be\\\/index.php\\\/2023\\\/03\\\/09\\\/les-colons-celebrent-la-fete-de-pourim-par-un-surcroit-dattaques-contre-les-palestiniens\\\/\"},\"author\":{\"name\":\"admin1873\",\"@id\":\"https:\\\/\\\/charleroi-pourlapalestine.be\\\/#\\\/schema\\\/person\\\/c19ff515112f1299d8c12671d8fe3faa\"},\"headline\":\"Les colons c\u00e9l\u00e8brent la f\u00eate de Pourim par un surcro\u00eet d\u2019attaques contre les Palestiniens\",\"datePublished\":\"2023-03-09T08:58:10+00:00\",\"dateModified\":\"2023-03-09T09:01:17+00:00\",\"mainEntityOfPage\":{\"@id\":\"https:\\\/\\\/charleroi-pourlapalestine.be\\\/index.php\\\/2023\\\/03\\\/09\\\/les-colons-celebrent-la-fete-de-pourim-par-un-surcroit-dattaques-contre-les-palestiniens\\\/\"},\"wordCount\":1133,\"publisher\":{\"@id\":\"https:\\\/\\\/charleroi-pourlapalestine.be\\\/#organization\"},\"image\":{\"@id\":\"https:\\\/\\\/charleroi-pourlapalestine.be\\\/index.php\\\/2023\\\/03\\\/09\\\/les-colons-celebrent-la-fete-de-pourim-par-un-surcroit-dattaques-contre-les-palestiniens\\\/#primaryimage\"},\"thumbnailUrl\":\"https:\\\/\\\/charleroi-pourlapalestine.be\\\/wp-content\\\/uploads\\\/2023\\\/03\\\/Terreur-israelienne.jpg\",\"articleSection\":[\"L'Etat colonial\",\"pogroms\",\"Racisme\",\"violence des colons\"],\"inLanguage\":\"fr-FR\"},{\"@type\":\"WebPage\",\"@id\":\"https:\\\/\\\/charleroi-pourlapalestine.be\\\/index.php\\\/2023\\\/03\\\/09\\\/les-colons-celebrent-la-fete-de-pourim-par-un-surcroit-dattaques-contre-les-palestiniens\\\/\",\"url\":\"https:\\\/\\\/charleroi-pourlapalestine.be\\\/index.php\\\/2023\\\/03\\\/09\\\/les-colons-celebrent-la-fete-de-pourim-par-un-surcroit-dattaques-contre-les-palestiniens\\\/\",\"name\":\"Les colons c\u00e9l\u00e8brent la f\u00eate de Pourim par un surcro\u00eet d\u2019attaques contre les Palestiniens\",\"isPartOf\":{\"@id\":\"https:\\\/\\\/charleroi-pourlapalestine.be\\\/#website\"},\"primaryImageOfPage\":{\"@id\":\"https:\\\/\\\/charleroi-pourlapalestine.be\\\/index.php\\\/2023\\\/03\\\/09\\\/les-colons-celebrent-la-fete-de-pourim-par-un-surcroit-dattaques-contre-les-palestiniens\\\/#primaryimage\"},\"image\":{\"@id\":\"https:\\\/\\\/charleroi-pourlapalestine.be\\\/index.php\\\/2023\\\/03\\\/09\\\/les-colons-celebrent-la-fete-de-pourim-par-un-surcroit-dattaques-contre-les-palestiniens\\\/#primaryimage\"},\"thumbnailUrl\":\"https:\\\/\\\/charleroi-pourlapalestine.be\\\/wp-content\\\/uploads\\\/2023\\\/03\\\/Terreur-israelienne.jpg\",\"datePublished\":\"2023-03-09T08:58:10+00:00\",\"dateModified\":\"2023-03-09T09:01:17+00:00\",\"description\":\"Pour mes colons de l\u2019\u00c9tat isra\u00e9lien, le Pourim est depuis longtemps une occasion de faire \u00e9talage de leur racisme et de leur violence.\",\"breadcrumb\":{\"@id\":\"https:\\\/\\\/charleroi-pourlapalestine.be\\\/index.php\\\/2023\\\/03\\\/09\\\/les-colons-celebrent-la-fete-de-pourim-par-un-surcroit-dattaques-contre-les-palestiniens\\\/#breadcrumb\"},\"inLanguage\":\"fr-FR\",\"potentialAction\":[{\"@type\":\"ReadAction\",\"target\":[\"https:\\\/\\\/charleroi-pourlapalestine.be\\\/index.php\\\/2023\\\/03\\\/09\\\/les-colons-celebrent-la-fete-de-pourim-par-un-surcroit-dattaques-contre-les-palestiniens\\\/\"]}]},{\"@type\":\"ImageObject\",\"inLanguage\":\"fr-FR\",\"@id\":\"https:\\\/\\\/charleroi-pourlapalestine.be\\\/index.php\\\/2023\\\/03\\\/09\\\/les-colons-celebrent-la-fete-de-pourim-par-un-surcroit-dattaques-contre-les-palestiniens\\\/#primaryimage\",\"url\":\"\",\"contentUrl\":\"\"},{\"@type\":\"BreadcrumbList\",\"@id\":\"https:\\\/\\\/charleroi-pourlapalestine.be\\\/index.php\\\/2023\\\/03\\\/09\\\/les-colons-celebrent-la-fete-de-pourim-par-un-surcroit-dattaques-contre-les-palestiniens\\\/#breadcrumb\",\"itemListElement\":[{\"@type\":\"ListItem\",\"position\":1,\"name\":\"Accueil\",\"item\":\"https:\\\/\\\/charleroi-pourlapalestine.be\\\/\"},{\"@type\":\"ListItem\",\"position\":2,\"name\":\"Les colons c\u00e9l\u00e8brent la f\u00eate de Pourim par un surcro\u00eet d\u2019attaques contre les Palestiniens\"}]},{\"@type\":\"WebSite\",\"@id\":\"https:\\\/\\\/charleroi-pourlapalestine.be\\\/#website\",\"url\":\"https:\\\/\\\/charleroi-pourlapalestine.be\\\/\",\"name\":\"Charleroi Pour la Palestine\",\"description\":\"\",\"publisher\":{\"@id\":\"https:\\\/\\\/charleroi-pourlapalestine.be\\\/#organization\"},\"potentialAction\":[{\"@type\":\"SearchAction\",\"target\":{\"@type\":\"EntryPoint\",\"urlTemplate\":\"https:\\\/\\\/charleroi-pourlapalestine.be\\\/?s={search_term_string}\"},\"query-input\":{\"@type\":\"PropertyValueSpecification\",\"valueRequired\":true,\"valueName\":\"search_term_string\"}}],\"inLanguage\":\"fr-FR\"},{\"@type\":\"Organization\",\"@id\":\"https:\\\/\\\/charleroi-pourlapalestine.be\\\/#organization\",\"name\":\"Plate-forme Charleroi-Palestine\",\"url\":\"https:\\\/\\\/charleroi-pourlapalestine.be\\\/\",\"logo\":{\"@type\":\"ImageObject\",\"inLanguage\":\"fr-FR\",\"@id\":\"https:\\\/\\\/charleroi-pourlapalestine.be\\\/#\\\/schema\\\/logo\\\/image\\\/\",\"url\":\"https:\\\/\\\/charleroi-pourlapalestine.be\\\/wp-content\\\/uploads\\\/2020\\\/01\\\/logo-Copy.jpg\",\"contentUrl\":\"https:\\\/\\\/charleroi-pourlapalestine.be\\\/wp-content\\\/uploads\\\/2020\\\/01\\\/logo-Copy.jpg\",\"width\":180,\"height\":180,\"caption\":\"Plate-forme Charleroi-Palestine\"},\"image\":{\"@id\":\"https:\\\/\\\/charleroi-pourlapalestine.be\\\/#\\\/schema\\\/logo\\\/image\\\/\"},\"sameAs\":[\"https:\\\/\\\/www.facebook.com\\\/PlateformeCharleroiPalestine\\\/\",\"https:\\\/\\\/x.com\\\/LaCharleroi\"]},{\"@type\":\"Person\",\"@id\":\"https:\\\/\\\/charleroi-pourlapalestine.be\\\/#\\\/schema\\\/person\\\/c19ff515112f1299d8c12671d8fe3faa\",\"name\":\"admin1873\",\"url\":\"https:\\\/\\\/charleroi-pourlapalestine.be\\\/index.php\\\/author\\\/admin1873\\\/\"}]}<\/script>\n<!-- \/ Yoast SEO plugin. -->","yoast_head_json":{"title":"Les colons c\u00e9l\u00e8brent la f\u00eate de Pourim par un surcro\u00eet d\u2019attaques contre les Palestiniens","description":"Pour mes colons de l\u2019\u00c9tat isra\u00e9lien, le Pourim est depuis longtemps une occasion de faire \u00e9talage de leur racisme et de leur violence.","robots":{"index":"index","follow":"follow","max-snippet":"max-snippet:-1","max-image-preview":"max-image-preview:large","max-video-preview":"max-video-preview:-1"},"canonical":"https:\/\/charleroi-pourlapalestine.be\/index.php\/2023\/03\/09\/les-colons-celebrent-la-fete-de-pourim-par-un-surcroit-dattaques-contre-les-palestiniens\/","schema":{"@context":"https:\/\/schema.org","@graph":[{"@type":"Article","@id":"https:\/\/charleroi-pourlapalestine.be\/index.php\/2023\/03\/09\/les-colons-celebrent-la-fete-de-pourim-par-un-surcroit-dattaques-contre-les-palestiniens\/#article","isPartOf":{"@id":"https:\/\/charleroi-pourlapalestine.be\/index.php\/2023\/03\/09\/les-colons-celebrent-la-fete-de-pourim-par-un-surcroit-dattaques-contre-les-palestiniens\/"},"author":{"name":"admin1873","@id":"https:\/\/charleroi-pourlapalestine.be\/#\/schema\/person\/c19ff515112f1299d8c12671d8fe3faa"},"headline":"Les colons c\u00e9l\u00e8brent la f\u00eate de Pourim par un surcro\u00eet d\u2019attaques contre les Palestiniens","datePublished":"2023-03-09T08:58:10+00:00","dateModified":"2023-03-09T09:01:17+00:00","mainEntityOfPage":{"@id":"https:\/\/charleroi-pourlapalestine.be\/index.php\/2023\/03\/09\/les-colons-celebrent-la-fete-de-pourim-par-un-surcroit-dattaques-contre-les-palestiniens\/"},"wordCount":1133,"publisher":{"@id":"https:\/\/charleroi-pourlapalestine.be\/#organization"},"image":{"@id":"https:\/\/charleroi-pourlapalestine.be\/index.php\/2023\/03\/09\/les-colons-celebrent-la-fete-de-pourim-par-un-surcroit-dattaques-contre-les-palestiniens\/#primaryimage"},"thumbnailUrl":"https:\/\/charleroi-pourlapalestine.be\/wp-content\/uploads\/2023\/03\/Terreur-israelienne.jpg","articleSection":["L'Etat colonial","pogroms","Racisme","violence des colons"],"inLanguage":"fr-FR"},{"@type":"WebPage","@id":"https:\/\/charleroi-pourlapalestine.be\/index.php\/2023\/03\/09\/les-colons-celebrent-la-fete-de-pourim-par-un-surcroit-dattaques-contre-les-palestiniens\/","url":"https:\/\/charleroi-pourlapalestine.be\/index.php\/2023\/03\/09\/les-colons-celebrent-la-fete-de-pourim-par-un-surcroit-dattaques-contre-les-palestiniens\/","name":"Les colons c\u00e9l\u00e8brent la f\u00eate de Pourim par un surcro\u00eet d\u2019attaques contre les Palestiniens","isPartOf":{"@id":"https:\/\/charleroi-pourlapalestine.be\/#website"},"primaryImageOfPage":{"@id":"https:\/\/charleroi-pourlapalestine.be\/index.php\/2023\/03\/09\/les-colons-celebrent-la-fete-de-pourim-par-un-surcroit-dattaques-contre-les-palestiniens\/#primaryimage"},"image":{"@id":"https:\/\/charleroi-pourlapalestine.be\/index.php\/2023\/03\/09\/les-colons-celebrent-la-fete-de-pourim-par-un-surcroit-dattaques-contre-les-palestiniens\/#primaryimage"},"thumbnailUrl":"https:\/\/charleroi-pourlapalestine.be\/wp-content\/uploads\/2023\/03\/Terreur-israelienne.jpg","datePublished":"2023-03-09T08:58:10+00:00","dateModified":"2023-03-09T09:01:17+00:00","description":"Pour mes colons de l\u2019\u00c9tat isra\u00e9lien, le Pourim est depuis longtemps une occasion de faire \u00e9talage de leur racisme et de leur violence.","breadcrumb":{"@id":"https:\/\/charleroi-pourlapalestine.be\/index.php\/2023\/03\/09\/les-colons-celebrent-la-fete-de-pourim-par-un-surcroit-dattaques-contre-les-palestiniens\/#breadcrumb"},"inLanguage":"fr-FR","potentialAction":[{"@type":"ReadAction","target":["https:\/\/charleroi-pourlapalestine.be\/index.php\/2023\/03\/09\/les-colons-celebrent-la-fete-de-pourim-par-un-surcroit-dattaques-contre-les-palestiniens\/"]}]},{"@type":"ImageObject","inLanguage":"fr-FR","@id":"https:\/\/charleroi-pourlapalestine.be\/index.php\/2023\/03\/09\/les-colons-celebrent-la-fete-de-pourim-par-un-surcroit-dattaques-contre-les-palestiniens\/#primaryimage","url":"","contentUrl":""},{"@type":"BreadcrumbList","@id":"https:\/\/charleroi-pourlapalestine.be\/index.php\/2023\/03\/09\/les-colons-celebrent-la-fete-de-pourim-par-un-surcroit-dattaques-contre-les-palestiniens\/#breadcrumb","itemListElement":[{"@type":"ListItem","position":1,"name":"Accueil","item":"https:\/\/charleroi-pourlapalestine.be\/"},{"@type":"ListItem","position":2,"name":"Les colons c\u00e9l\u00e8brent la f\u00eate de Pourim par un surcro\u00eet d\u2019attaques contre les Palestiniens"}]},{"@type":"WebSite","@id":"https:\/\/charleroi-pourlapalestine.be\/#website","url":"https:\/\/charleroi-pourlapalestine.be\/","name":"Charleroi Pour la Palestine","description":"","publisher":{"@id":"https:\/\/charleroi-pourlapalestine.be\/#organization"},"potentialAction":[{"@type":"SearchAction","target":{"@type":"EntryPoint","urlTemplate":"https:\/\/charleroi-pourlapalestine.be\/?s={search_term_string}"},"query-input":{"@type":"PropertyValueSpecification","valueRequired":true,"valueName":"search_term_string"}}],"inLanguage":"fr-FR"},{"@type":"Organization","@id":"https:\/\/charleroi-pourlapalestine.be\/#organization","name":"Plate-forme Charleroi-Palestine","url":"https:\/\/charleroi-pourlapalestine.be\/","logo":{"@type":"ImageObject","inLanguage":"fr-FR","@id":"https:\/\/charleroi-pourlapalestine.be\/#\/schema\/logo\/image\/","url":"https:\/\/charleroi-pourlapalestine.be\/wp-content\/uploads\/2020\/01\/logo-Copy.jpg","contentUrl":"https:\/\/charleroi-pourlapalestine.be\/wp-content\/uploads\/2020\/01\/logo-Copy.jpg","width":180,"height":180,"caption":"Plate-forme Charleroi-Palestine"},"image":{"@id":"https:\/\/charleroi-pourlapalestine.be\/#\/schema\/logo\/image\/"},"sameAs":["https:\/\/www.facebook.com\/PlateformeCharleroiPalestine\/","https:\/\/x.com\/LaCharleroi"]},{"@type":"Person","@id":"https:\/\/charleroi-pourlapalestine.be\/#\/schema\/person\/c19ff515112f1299d8c12671d8fe3faa","name":"admin1873","url":"https:\/\/charleroi-pourlapalestine.be\/index.php\/author\/admin1873\/"}]}},"_links":{"self":[{"href":"https:\/\/charleroi-pourlapalestine.be\/index.php\/wp-json\/wp\/v2\/posts\/53116","targetHints":{"allow":["GET"]}}],"collection":[{"href":"https:\/\/charleroi-pourlapalestine.be\/index.php\/wp-json\/wp\/v2\/posts"}],"about":[{"href":"https:\/\/charleroi-pourlapalestine.be\/index.php\/wp-json\/wp\/v2\/types\/post"}],"author":[{"embeddable":true,"href":"https:\/\/charleroi-pourlapalestine.be\/index.php\/wp-json\/wp\/v2\/users\/1"}],"replies":[{"embeddable":true,"href":"https:\/\/charleroi-pourlapalestine.be\/index.php\/wp-json\/wp\/v2\/comments?post=53116"}],"version-history":[{"count":0,"href":"https:\/\/charleroi-pourlapalestine.be\/index.php\/wp-json\/wp\/v2\/posts\/53116\/revisions"}],"wp:attachment":[{"href":"https:\/\/charleroi-pourlapalestine.be\/index.php\/wp-json\/wp\/v2\/media?parent=53116"}],"wp:term":[{"taxonomy":"category","embeddable":true,"href":"https:\/\/charleroi-pourlapalestine.be\/index.php\/wp-json\/wp\/v2\/categories?post=53116"},{"taxonomy":"post_tag","embeddable":true,"href":"https:\/\/charleroi-pourlapalestine.be\/index.php\/wp-json\/wp\/v2\/tags?post=53116"}],"curies":[{"name":"wp","href":"https:\/\/api.w.org\/{rel}","templated":true}]}}