{"id":53355,"date":"2023-03-14T19:06:44","date_gmt":"2023-03-14T18:06:44","guid":{"rendered":"https:\/\/charleroi-pourlapalestine.be\/?p=53355"},"modified":"2023-03-14T19:06:47","modified_gmt":"2023-03-14T18:06:47","slug":"israel-tue-trois-combattants-du-lions-den-suite-a-la-fusillade-de-la-rue-dizengoff","status":"publish","type":"post","link":"https:\/\/charleroi-pourlapalestine.be\/index.php\/2023\/03\/14\/israel-tue-trois-combattants-du-lions-den-suite-a-la-fusillade-de-la-rue-dizengoff\/","title":{"rendered":"Isra\u00ebl tue trois combattants du Lions\u2019 Den"},"content":{"rendered":"<p>Dimanche matin, trois Palestiniens du <a href=\"https:\/\/charleroi-pourlapalestine.be\/index.php\/2022\/10\/24\/la-fosse-aux-lions-la-nouvelle-resistance-cisjordanienne-seme-la-peur-en-israel\/\"><strong>Lions&rsquo; Den<\/strong><\/a> ont \u00e9t\u00e9 tu\u00e9s pr\u00e8s de Naplouse. Le minist\u00e8re palestinien de la Sant\u00e9 a identifi\u00e9 des hommes comme \u00e9tant<strong> Jihad Mohammad Wasfi Shami, 24 ans, Oday Othman Rafiq Shami, 22 ans, et Mohammad Raed Naji Dbeik, 18 ans<\/strong>.<\/p>\n<p>&nbsp;<\/p>\n<div id=\"attachment_53357\" style=\"width: 778px\" class=\"wp-caption aligncenter\"><img loading=\"lazy\" decoding=\"async\" aria-describedby=\"caption-attachment-53357\" class=\"wp-image-53357 size-full\" src=\"https:\/\/charleroi-pourlapalestine.be\/wp-content\/uploads\/2023\/03\/12-mars-2023.-Des-soldats-israeliens-montent-la-garde-dans-le-nord-de-la-Cisjordanie-suite-a-la-mort-de-trois-combattants-de-la-resistance-du-Lions-Den.jpg\" alt=\"12 mars 2023. Des soldats isra\u00e9liens montent la garde pr\u00e8s de la jonction de Jit, \u00e0 l\u2019ouest de Naplouse, dans le nord de la Cisjordanie, suite \u00e0 la mort de trois combattants de la r\u00e9sistance du Lions\u2019 Den\" width=\"768\" height=\"500\"><p id=\"caption-attachment-53357\" class=\"wp-caption-text\"><strong>12 mars 2023. Des soldats isra\u00e9liens montent la garde pr\u00e8s de la jonction de Jit, \u00e0 l\u2019ouest de Naplouse, dans le nord de la Cisjordanie, suite \u00e0 la mort de trois combattants de la r\u00e9sistance du Lions\u2019 Den.<\/strong> (Photo : Shadi Jarar\u2019ah \/ APA Images)<\/p><\/div>\n<p>&nbsp;<\/p>\n<p><a href=\"https:\/\/charleroi-pourlapalestine.be\/index.php\/tag\/mariam-barghouti\/\"><strong>Mariam Barghouti, <\/strong><\/a>14 mars 2023<\/p>\n<p>Jeudi soir 9 mars, un tireur palestinien a ouvert le feu dans le centre de Tel-Aviv, blessant au moins trois Isra\u00e9liens.<\/p>\n<p>Le tireur, identifi\u00e9 par les autorit\u00e9s isra\u00e9liennes comme \u00e9tant <strong>Mutaz Khawaja, 23 ans<\/strong>, a \u00e9t\u00e9 tu\u00e9 sur place. Selon les rapports isra\u00e9liens, l\u2019organisation politique du Hamas a revendiqu\u00e9 la responsabilit\u00e9 de l\u2019attentat.<\/p>\n<p>Trois jours plus tard (dimanche 12 mars), trois autres combattants palestiniens de la r\u00e9sistance ont \u00e9t\u00e9 tu\u00e9s par des soldats isra\u00e9liens \u00e0 <strong>Naplouse,<\/strong> suite \u00e0 une tentative d\u2019embuscade manqu\u00e9e.<\/p>\n<p>&nbsp;<\/p>\n<h3><strong>Des combattants du Lions\u2019 Den perdent la vie<\/strong><\/h3>\n<p>Dimanche matin, trois Palestiniens ont \u00e9t\u00e9 tu\u00e9s pr\u00e8s de Naplouse. Le minist\u00e8re palestinien de la Sant\u00e9 a identifi\u00e9 des hommes comme \u00e9tant<strong> Jihad Mohammad Wasfi Shami, 24 ans, Oday Othman Rafiq Shami, 22 ans, et Mohammad Raed Naji Dbeik, 18 ans<\/strong>.<\/p>\n<p>On rapporte que les combattants palestiniens ont tent\u00e9 de dresser une embuscade \u00e0 un groupe de soldats isra\u00e9liens lors d\u2019une confrontation \u00e0 proximit\u00e9 du check-point de Yizhar-Jit, sur la Route 60. On n\u2019a rapport\u00e9 aucun bless\u00e9 dans les rangs isra\u00e9liens.<\/p>\n<p>Selon les rapports de l\u2019arm\u00e9e isra\u00e9lienne et les d\u00e9clarations de l\u2019organisation de r\u00e9sistance, les trois hommes ont \u00e9t\u00e9 tu\u00e9s par la <strong>Brigade Golani<\/strong> isra\u00e9lienne. Selon l&rsquo;arm\u00e9e isra\u00e9lienne, un quatri\u00e8me homme, <strong>Ibrahim Al-Awartani,<\/strong> a \u00e9t\u00e9 arr\u00eat\u00e9 et emmen\u00e9 \u00e0 des fins d\u2019interrogatoire apr\u00e8s qu\u2019on eut saisi sur lui quelques armes, dont un fusil M-16, des munitions r\u00e9elles et une arme de poing.<\/p>\n<p>Dimanche soir, les familles et la communaut\u00e9 des hommes se sont rassembl\u00e9es dans les rues de Naplouse et ont exig\u00e9<strong> la restitution des corps des hommes abattus afin de pouvoir les enterrer.<\/strong><\/p>\n<p>Les corps des trois hommes sont rest\u00e9s retenus par les autorit\u00e9s isra\u00e9liennes <strong>en m\u00eame temps que 130 autres corps de Palestiniens (*),<\/strong> qui demeurent sous garde isra\u00e9lienne en guise de mesure punitive et de possible monnaie d\u2019\u00e9change avec les factions palestiniennes de la r\u00e9sistance lors de futurs arrangements en ce sens. Cette pratique de<a href=\"https:\/\/charleroi-pourlapalestine.be\/index.php\/2023\/03\/01\/campagne-internationale-pour-liberer-les-corps-des-martyrs-palestiniens\/\"> retenue des corps<\/a> en tant que monnaie d\u2019\u00e9change est consid\u00e9r\u00e9e comme ill\u00e9gale par les lois internationales.<\/p>\n<p>Selon une d\u00e9claration \u00e9manant de l\u2019organisation de r\u00e9sistance arm\u00e9e <strong>Lion\u2019s Den (<em>Areen Al-Usud<\/em>)<\/strong>, les trois hommes en faisaient partie.<\/p>\n<p>Dans des images partag\u00e9es sur les plates-formes des m\u00e9dias sociaux, on peut voir <strong>Jihad et Oday Shami<\/strong> (des cousins au second degr\u00e9) tenir leurs armes au-dessus de la tombe de <strong>Mohammad Al-Azizi<\/strong>, l\u2019un des cofondateurs du Lions\u2019 Den. Al-Azizi a \u00e9t\u00e9 assassin\u00e9 en juillet dernier lors d\u2019une ex\u00e9cution cibl\u00e9e.<\/p>\n<h3><strong><br \/>\nLa fusillade de Tel-Aviv<\/strong><\/h3>\n<p><strong>L\u2019ambassadeur des EU en Isra\u00ebl<\/strong>, Tom Nides, s\u2019est dit<\/p>\n<blockquote><p>\u00ab choqu\u00e9 par l\u2019attentat \u00e9hont\u00e9 de Tel-Aviv, jeudi, qui ciblait des innocents \u00bb<\/p><\/blockquote>\n<p>et il a ajout\u00e9 qu\u2019il <em>\u00ab priait pour les bless\u00e9s \u00bb.<\/em><\/p>\n<p>L\u2019auteur de la fusillade, <a href=\"https:\/\/charleroi-pourlapalestine.be\/index.php\/2023\/03\/13\/masar-badil-les-actions-de-resistance-amplifient-la-crise-de-loccupation-et-revelent-ses-contradictions\/\"><strong>Mutaz Khawaja<\/strong><\/a>, 23 ans, originaire de la ville cisjordanienne de <strong>Ni\u2019lin,<\/strong> a \u00e9t\u00e9 tu\u00e9 sur les lieux m\u00eames au moment o\u00f9 deux policiers isra\u00e9liens, ainsi que deux civils isra\u00e9liens arm\u00e9s, ont ouvert le feu sur lui.<\/p>\n<p>Une fusillade similaire avait eu lieu <strong>rue Dizengoff,<\/strong> dans le centre de Tel-Aviv, en avril dernier, quand un tireur palestinien, plus tard identifi\u00e9 comme <a href=\"https:\/\/charleroi-pourlapalestine.be\/index.php\/2022\/04\/13\/raad-est-retourne-a-jaffa-et-il-est-mort\/\"><strong>Raad Fathi Khazem<\/strong>,<\/a> 28 ans, de <strong>J\u00e9nine,<\/strong> avait ouvert le feu en pleine rue, tuant ainsi trois Isra\u00e9liens. L\u2019attaque s\u2019\u00e9tait produite au beau milieu d\u2019une <strong>vague de r\u00e9sistance aux provocations et incursions des colons isra\u00e9liens sur le site de la mosqu\u00e9e Al-Aqsa.<\/strong><\/p>\n<blockquote><p>\u00ab Il n\u2019y a pas et il n\u2019y aura pas de limites \u00e0 cette guerre \u00bb,<\/p><\/blockquote>\n<p>avait d\u00e9clar\u00e9 le Premier ministre de l\u2019\u00e9poque, <strong>Naftali Bennet.<\/strong><\/p>\n<blockquote><p>\u00ab Nous accordons une enti\u00e8re libert\u00e9 d\u2019action \u00e0 l\u2019arm\u00e9e, au Shin Bet [les renseignements int\u00e9rieurs] et \u00e0 toutes les forces s\u00e9curitaires afin de viennent \u00e0 bout du terrorisme \u00bb.<\/p><\/blockquote>\n<p><strong>\u00c0 l\u2019\u00e9poque, l\u2019appareil s\u00e9curitaire isra\u00e9lien avait d\u00e9j\u00e0 lanc\u00e9 une offensive militaire contre la Cisjordanie afin d\u2019\u00e9craser la vague naissante de r\u00e9sistance arm\u00e9e \u00e0 Naplouse et \u00e0 J\u00e9nine.<\/strong> Cette op\u00e9ration portait le nom de<strong><em> \u00ab Break The Wave \u00bb<\/em><\/strong> (Briser la vague, ou Brise-lame, NdT).<\/p>\n<p>Au cours de l\u2019ann\u00e9e \u00e9coul\u00e9e, plus de 30 Isra\u00e9liens ont \u00e9t\u00e9 tu\u00e9s, dans le m\u00eame temps que les forces isra\u00e9liennes et les colons arm\u00e9s ont tu\u00e9 plus de 310 Palestiniens. La plupart de ces Palestiniens ont \u00e9t\u00e9 tu\u00e9s dans le cadre de la politique syst\u00e9matique des ex\u00e9cutions extrajudiciaires men\u00e9e par Isra\u00ebl dans les camps de r\u00e9fugi\u00e9s et dans les villes palestiniennes.<\/p>\n<p style=\"text-align: center;\">*****<\/p>\n<p>(*) Il y a <strong>256 martyrs palestiniens<\/strong> dont les corps sont document\u00e9s comme \u00e9tant d\u00e9tenus dans les <em>\u201ccimeti\u00e8res des nombres\u201d,<\/em> o\u00f9 les Palestiniens sont enterr\u00e9s avec des num\u00e9ros plut\u00f4t qu\u2019avec leurs noms, tandis que <strong>130 autres corps de martyrs palestiniens sont d\u00e9tenus dans les morgues de l\u2019occupation.<\/strong><\/p>\n<p style=\"text-align: center;\">*****<\/p>\n<div class=\"pf-content\">\n<p><strong><img loading=\"lazy\" decoding=\"async\" class=\"wp-image-1949 size-thumbnail alignleft\" src=\"https:\/\/charleroi-pourlapalestine.be\/wp-content\/uploads\/2019\/12\/Mariam-Barghouti-Copy-150x150.jpg\" sizes=\"auto, (max-width: 150px) 100vw, 150px\" srcset=\"https:\/\/charleroi-pourlapalestine.be\/wp-content\/uploads\/2019\/12\/Mariam-Barghouti-Copy-150x150.jpg 150w, https:\/\/charleroi-pourlapalestine.be\/wp-content\/uploads\/2019\/12\/Mariam-Barghouti-Copy-160x160.jpg 160w\" alt=\"\" width=\"150\" height=\"150\">Mariam Barghouti<\/strong> est la principale correspondante de <a href=\"https:\/\/mondoweiss.net\/2023\/02\/our-weapons-are-legitimate-the-aqbat-jabr-brigade-emerges\/\" target=\"_blank\" rel=\"noopener\">Mondoweiss<\/a> sur la Palestine.&nbsp;<\/p>\n<p style=\"text-align: center;\">*****<\/p>\n<p>Publi\u00e9 le 14 mars 2023 sur <a href=\"https:\/\/mondoweiss.net\/2023\/03\/israel-kills-three-lions-den-fighters-days-after-dizengoff-shooting\/\" target=\"_blank\" rel=\"noopener\">Mondoweiss<\/a><br \/>\nTraduction : Jean-Marie Fl\u00e9mal, <a href=\"https:\/\/charleroi-pourlapalestine.be\/\">Charleroi pour la Palestine<\/a><\/p>\n<\/div>\n<p>&nbsp;<\/p>\n","protected":false},"excerpt":{"rendered":"<p>\u00ab Nous accordons une enti\u00e8re libert\u00e9 d\u2019action \u00e0 l\u2019arm\u00e9e, au Shin Bet et \u00e0 toutes les forces s\u00e9curitaires afin de viennent \u00e0 bout du terrorisme \u00bb, avait d\u00e9clar\u00e9 Naftali Bennett l&rsquo;ann\u00e9e pass\u00e9e.<\/p>\n","protected":false},"author":1,"featured_media":0,"comment_status":"closed","ping_status":"closed","sticky":false,"template":"","format":"standard","meta":{"ngg_post_thumbnail":0,"footnotes":""},"categories":[25,387],"tags":[274],"class_list":["post-53355","post","type-post","status-publish","format-standard","hentry","category-la-resistance-palestinienne","category-terrorisme-detat","tag-mariam-barghouti"],"yoast_head":"<!-- This site is optimized with the Yoast SEO plugin v27.3 - https:\/\/yoast.com\/product\/yoast-seo-wordpress\/ -->\n<title>Isra\u00ebl tue trois combattants du Lions\u2019 Den<\/title>\n<meta name=\"description\" content=\"Dimanche matin, trois Palestiniens du Lion&#039;s Den ont \u00e9t\u00e9 tu\u00e9s pr\u00e8s de Naplouse : Jihad Mohammad Wasfi Shami, 24 ans, Oday Othman Rafiq Shami, 22 ans, et Mohammad Raed Naji Dbeik, 18 ans.\" \/>\n<meta name=\"robots\" content=\"index, follow, max-snippet:-1, max-image-preview:large, max-video-preview:-1\" \/>\n<link rel=\"canonical\" href=\"https:\/\/charleroi-pourlapalestine.be\/index.php\/2023\/03\/14\/israel-tue-trois-combattants-du-lions-den-suite-a-la-fusillade-de-la-rue-dizengoff\/\" \/>\n<script type=\"application\/ld+json\" class=\"yoast-schema-graph\">{\"@context\":\"https:\\\/\\\/schema.org\",\"@graph\":[{\"@type\":\"Article\",\"@id\":\"https:\\\/\\\/charleroi-pourlapalestine.be\\\/index.php\\\/2023\\\/03\\\/14\\\/israel-tue-trois-combattants-du-lions-den-suite-a-la-fusillade-de-la-rue-dizengoff\\\/#article\",\"isPartOf\":{\"@id\":\"https:\\\/\\\/charleroi-pourlapalestine.be\\\/index.php\\\/2023\\\/03\\\/14\\\/israel-tue-trois-combattants-du-lions-den-suite-a-la-fusillade-de-la-rue-dizengoff\\\/\"},\"author\":{\"name\":\"admin1873\",\"@id\":\"https:\\\/\\\/charleroi-pourlapalestine.be\\\/#\\\/schema\\\/person\\\/c19ff515112f1299d8c12671d8fe3faa\"},\"headline\":\"Isra\u00ebl tue trois combattants du Lions\u2019 Den\",\"datePublished\":\"2023-03-14T18:06:44+00:00\",\"dateModified\":\"2023-03-14T18:06:47+00:00\",\"mainEntityOfPage\":{\"@id\":\"https:\\\/\\\/charleroi-pourlapalestine.be\\\/index.php\\\/2023\\\/03\\\/14\\\/israel-tue-trois-combattants-du-lions-den-suite-a-la-fusillade-de-la-rue-dizengoff\\\/\"},\"wordCount\":970,\"publisher\":{\"@id\":\"https:\\\/\\\/charleroi-pourlapalestine.be\\\/#organization\"},\"image\":{\"@id\":\"https:\\\/\\\/charleroi-pourlapalestine.be\\\/index.php\\\/2023\\\/03\\\/14\\\/israel-tue-trois-combattants-du-lions-den-suite-a-la-fusillade-de-la-rue-dizengoff\\\/#primaryimage\"},\"thumbnailUrl\":\"https:\\\/\\\/charleroi-pourlapalestine.be\\\/wp-content\\\/uploads\\\/2023\\\/03\\\/12-mars-2023.-Des-soldats-israeliens-montent-la-garde-dans-le-nord-de-la-Cisjordanie-suite-a-la-mort-de-trois-combattants-de-la-resistance-du-Lions-Den.jpg\",\"keywords\":[\"Mariam Barghouti\"],\"articleSection\":[\"R\u00e9sistance\",\"Terrorisme d'Etat\"],\"inLanguage\":\"fr-FR\"},{\"@type\":\"WebPage\",\"@id\":\"https:\\\/\\\/charleroi-pourlapalestine.be\\\/index.php\\\/2023\\\/03\\\/14\\\/israel-tue-trois-combattants-du-lions-den-suite-a-la-fusillade-de-la-rue-dizengoff\\\/\",\"url\":\"https:\\\/\\\/charleroi-pourlapalestine.be\\\/index.php\\\/2023\\\/03\\\/14\\\/israel-tue-trois-combattants-du-lions-den-suite-a-la-fusillade-de-la-rue-dizengoff\\\/\",\"name\":\"Isra\u00ebl tue trois combattants du Lions\u2019 Den\",\"isPartOf\":{\"@id\":\"https:\\\/\\\/charleroi-pourlapalestine.be\\\/#website\"},\"primaryImageOfPage\":{\"@id\":\"https:\\\/\\\/charleroi-pourlapalestine.be\\\/index.php\\\/2023\\\/03\\\/14\\\/israel-tue-trois-combattants-du-lions-den-suite-a-la-fusillade-de-la-rue-dizengoff\\\/#primaryimage\"},\"image\":{\"@id\":\"https:\\\/\\\/charleroi-pourlapalestine.be\\\/index.php\\\/2023\\\/03\\\/14\\\/israel-tue-trois-combattants-du-lions-den-suite-a-la-fusillade-de-la-rue-dizengoff\\\/#primaryimage\"},\"thumbnailUrl\":\"https:\\\/\\\/charleroi-pourlapalestine.be\\\/wp-content\\\/uploads\\\/2023\\\/03\\\/12-mars-2023.-Des-soldats-israeliens-montent-la-garde-dans-le-nord-de-la-Cisjordanie-suite-a-la-mort-de-trois-combattants-de-la-resistance-du-Lions-Den.jpg\",\"datePublished\":\"2023-03-14T18:06:44+00:00\",\"dateModified\":\"2023-03-14T18:06:47+00:00\",\"description\":\"Dimanche matin, trois Palestiniens du Lion's Den ont \u00e9t\u00e9 tu\u00e9s pr\u00e8s de Naplouse : Jihad Mohammad Wasfi Shami, 24 ans, Oday Othman Rafiq Shami, 22 ans, et Mohammad Raed Naji Dbeik, 18 ans.\",\"breadcrumb\":{\"@id\":\"https:\\\/\\\/charleroi-pourlapalestine.be\\\/index.php\\\/2023\\\/03\\\/14\\\/israel-tue-trois-combattants-du-lions-den-suite-a-la-fusillade-de-la-rue-dizengoff\\\/#breadcrumb\"},\"inLanguage\":\"fr-FR\",\"potentialAction\":[{\"@type\":\"ReadAction\",\"target\":[\"https:\\\/\\\/charleroi-pourlapalestine.be\\\/index.php\\\/2023\\\/03\\\/14\\\/israel-tue-trois-combattants-du-lions-den-suite-a-la-fusillade-de-la-rue-dizengoff\\\/\"]}]},{\"@type\":\"ImageObject\",\"inLanguage\":\"fr-FR\",\"@id\":\"https:\\\/\\\/charleroi-pourlapalestine.be\\\/index.php\\\/2023\\\/03\\\/14\\\/israel-tue-trois-combattants-du-lions-den-suite-a-la-fusillade-de-la-rue-dizengoff\\\/#primaryimage\",\"url\":\"\",\"contentUrl\":\"\"},{\"@type\":\"BreadcrumbList\",\"@id\":\"https:\\\/\\\/charleroi-pourlapalestine.be\\\/index.php\\\/2023\\\/03\\\/14\\\/israel-tue-trois-combattants-du-lions-den-suite-a-la-fusillade-de-la-rue-dizengoff\\\/#breadcrumb\",\"itemListElement\":[{\"@type\":\"ListItem\",\"position\":1,\"name\":\"Accueil\",\"item\":\"https:\\\/\\\/charleroi-pourlapalestine.be\\\/\"},{\"@type\":\"ListItem\",\"position\":2,\"name\":\"Isra\u00ebl tue trois combattants du Lions\u2019 Den\"}]},{\"@type\":\"WebSite\",\"@id\":\"https:\\\/\\\/charleroi-pourlapalestine.be\\\/#website\",\"url\":\"https:\\\/\\\/charleroi-pourlapalestine.be\\\/\",\"name\":\"Charleroi Pour la Palestine\",\"description\":\"\",\"publisher\":{\"@id\":\"https:\\\/\\\/charleroi-pourlapalestine.be\\\/#organization\"},\"potentialAction\":[{\"@type\":\"SearchAction\",\"target\":{\"@type\":\"EntryPoint\",\"urlTemplate\":\"https:\\\/\\\/charleroi-pourlapalestine.be\\\/?s={search_term_string}\"},\"query-input\":{\"@type\":\"PropertyValueSpecification\",\"valueRequired\":true,\"valueName\":\"search_term_string\"}}],\"inLanguage\":\"fr-FR\"},{\"@type\":\"Organization\",\"@id\":\"https:\\\/\\\/charleroi-pourlapalestine.be\\\/#organization\",\"name\":\"Plate-forme Charleroi-Palestine\",\"url\":\"https:\\\/\\\/charleroi-pourlapalestine.be\\\/\",\"logo\":{\"@type\":\"ImageObject\",\"inLanguage\":\"fr-FR\",\"@id\":\"https:\\\/\\\/charleroi-pourlapalestine.be\\\/#\\\/schema\\\/logo\\\/image\\\/\",\"url\":\"https:\\\/\\\/charleroi-pourlapalestine.be\\\/wp-content\\\/uploads\\\/2020\\\/01\\\/logo-Copy.jpg\",\"contentUrl\":\"https:\\\/\\\/charleroi-pourlapalestine.be\\\/wp-content\\\/uploads\\\/2020\\\/01\\\/logo-Copy.jpg\",\"width\":180,\"height\":180,\"caption\":\"Plate-forme Charleroi-Palestine\"},\"image\":{\"@id\":\"https:\\\/\\\/charleroi-pourlapalestine.be\\\/#\\\/schema\\\/logo\\\/image\\\/\"},\"sameAs\":[\"https:\\\/\\\/www.facebook.com\\\/PlateformeCharleroiPalestine\\\/\",\"https:\\\/\\\/x.com\\\/LaCharleroi\"]},{\"@type\":\"Person\",\"@id\":\"https:\\\/\\\/charleroi-pourlapalestine.be\\\/#\\\/schema\\\/person\\\/c19ff515112f1299d8c12671d8fe3faa\",\"name\":\"admin1873\",\"url\":\"https:\\\/\\\/charleroi-pourlapalestine.be\\\/index.php\\\/author\\\/admin1873\\\/\"}]}<\/script>\n<!-- \/ Yoast SEO plugin. -->","yoast_head_json":{"title":"Isra\u00ebl tue trois combattants du Lions\u2019 Den","description":"Dimanche matin, trois Palestiniens du Lion's Den ont \u00e9t\u00e9 tu\u00e9s pr\u00e8s de Naplouse : Jihad Mohammad Wasfi Shami, 24 ans, Oday Othman Rafiq Shami, 22 ans, et Mohammad Raed Naji Dbeik, 18 ans.","robots":{"index":"index","follow":"follow","max-snippet":"max-snippet:-1","max-image-preview":"max-image-preview:large","max-video-preview":"max-video-preview:-1"},"canonical":"https:\/\/charleroi-pourlapalestine.be\/index.php\/2023\/03\/14\/israel-tue-trois-combattants-du-lions-den-suite-a-la-fusillade-de-la-rue-dizengoff\/","schema":{"@context":"https:\/\/schema.org","@graph":[{"@type":"Article","@id":"https:\/\/charleroi-pourlapalestine.be\/index.php\/2023\/03\/14\/israel-tue-trois-combattants-du-lions-den-suite-a-la-fusillade-de-la-rue-dizengoff\/#article","isPartOf":{"@id":"https:\/\/charleroi-pourlapalestine.be\/index.php\/2023\/03\/14\/israel-tue-trois-combattants-du-lions-den-suite-a-la-fusillade-de-la-rue-dizengoff\/"},"author":{"name":"admin1873","@id":"https:\/\/charleroi-pourlapalestine.be\/#\/schema\/person\/c19ff515112f1299d8c12671d8fe3faa"},"headline":"Isra\u00ebl tue trois combattants du Lions\u2019 Den","datePublished":"2023-03-14T18:06:44+00:00","dateModified":"2023-03-14T18:06:47+00:00","mainEntityOfPage":{"@id":"https:\/\/charleroi-pourlapalestine.be\/index.php\/2023\/03\/14\/israel-tue-trois-combattants-du-lions-den-suite-a-la-fusillade-de-la-rue-dizengoff\/"},"wordCount":970,"publisher":{"@id":"https:\/\/charleroi-pourlapalestine.be\/#organization"},"image":{"@id":"https:\/\/charleroi-pourlapalestine.be\/index.php\/2023\/03\/14\/israel-tue-trois-combattants-du-lions-den-suite-a-la-fusillade-de-la-rue-dizengoff\/#primaryimage"},"thumbnailUrl":"https:\/\/charleroi-pourlapalestine.be\/wp-content\/uploads\/2023\/03\/12-mars-2023.-Des-soldats-israeliens-montent-la-garde-dans-le-nord-de-la-Cisjordanie-suite-a-la-mort-de-trois-combattants-de-la-resistance-du-Lions-Den.jpg","keywords":["Mariam Barghouti"],"articleSection":["R\u00e9sistance","Terrorisme d'Etat"],"inLanguage":"fr-FR"},{"@type":"WebPage","@id":"https:\/\/charleroi-pourlapalestine.be\/index.php\/2023\/03\/14\/israel-tue-trois-combattants-du-lions-den-suite-a-la-fusillade-de-la-rue-dizengoff\/","url":"https:\/\/charleroi-pourlapalestine.be\/index.php\/2023\/03\/14\/israel-tue-trois-combattants-du-lions-den-suite-a-la-fusillade-de-la-rue-dizengoff\/","name":"Isra\u00ebl tue trois combattants du Lions\u2019 Den","isPartOf":{"@id":"https:\/\/charleroi-pourlapalestine.be\/#website"},"primaryImageOfPage":{"@id":"https:\/\/charleroi-pourlapalestine.be\/index.php\/2023\/03\/14\/israel-tue-trois-combattants-du-lions-den-suite-a-la-fusillade-de-la-rue-dizengoff\/#primaryimage"},"image":{"@id":"https:\/\/charleroi-pourlapalestine.be\/index.php\/2023\/03\/14\/israel-tue-trois-combattants-du-lions-den-suite-a-la-fusillade-de-la-rue-dizengoff\/#primaryimage"},"thumbnailUrl":"https:\/\/charleroi-pourlapalestine.be\/wp-content\/uploads\/2023\/03\/12-mars-2023.-Des-soldats-israeliens-montent-la-garde-dans-le-nord-de-la-Cisjordanie-suite-a-la-mort-de-trois-combattants-de-la-resistance-du-Lions-Den.jpg","datePublished":"2023-03-14T18:06:44+00:00","dateModified":"2023-03-14T18:06:47+00:00","description":"Dimanche matin, trois Palestiniens du Lion's Den ont \u00e9t\u00e9 tu\u00e9s pr\u00e8s de Naplouse : Jihad Mohammad Wasfi Shami, 24 ans, Oday Othman Rafiq Shami, 22 ans, et Mohammad Raed Naji Dbeik, 18 ans.","breadcrumb":{"@id":"https:\/\/charleroi-pourlapalestine.be\/index.php\/2023\/03\/14\/israel-tue-trois-combattants-du-lions-den-suite-a-la-fusillade-de-la-rue-dizengoff\/#breadcrumb"},"inLanguage":"fr-FR","potentialAction":[{"@type":"ReadAction","target":["https:\/\/charleroi-pourlapalestine.be\/index.php\/2023\/03\/14\/israel-tue-trois-combattants-du-lions-den-suite-a-la-fusillade-de-la-rue-dizengoff\/"]}]},{"@type":"ImageObject","inLanguage":"fr-FR","@id":"https:\/\/charleroi-pourlapalestine.be\/index.php\/2023\/03\/14\/israel-tue-trois-combattants-du-lions-den-suite-a-la-fusillade-de-la-rue-dizengoff\/#primaryimage","url":"","contentUrl":""},{"@type":"BreadcrumbList","@id":"https:\/\/charleroi-pourlapalestine.be\/index.php\/2023\/03\/14\/israel-tue-trois-combattants-du-lions-den-suite-a-la-fusillade-de-la-rue-dizengoff\/#breadcrumb","itemListElement":[{"@type":"ListItem","position":1,"name":"Accueil","item":"https:\/\/charleroi-pourlapalestine.be\/"},{"@type":"ListItem","position":2,"name":"Isra\u00ebl tue trois combattants du Lions\u2019 Den"}]},{"@type":"WebSite","@id":"https:\/\/charleroi-pourlapalestine.be\/#website","url":"https:\/\/charleroi-pourlapalestine.be\/","name":"Charleroi Pour la Palestine","description":"","publisher":{"@id":"https:\/\/charleroi-pourlapalestine.be\/#organization"},"potentialAction":[{"@type":"SearchAction","target":{"@type":"EntryPoint","urlTemplate":"https:\/\/charleroi-pourlapalestine.be\/?s={search_term_string}"},"query-input":{"@type":"PropertyValueSpecification","valueRequired":true,"valueName":"search_term_string"}}],"inLanguage":"fr-FR"},{"@type":"Organization","@id":"https:\/\/charleroi-pourlapalestine.be\/#organization","name":"Plate-forme Charleroi-Palestine","url":"https:\/\/charleroi-pourlapalestine.be\/","logo":{"@type":"ImageObject","inLanguage":"fr-FR","@id":"https:\/\/charleroi-pourlapalestine.be\/#\/schema\/logo\/image\/","url":"https:\/\/charleroi-pourlapalestine.be\/wp-content\/uploads\/2020\/01\/logo-Copy.jpg","contentUrl":"https:\/\/charleroi-pourlapalestine.be\/wp-content\/uploads\/2020\/01\/logo-Copy.jpg","width":180,"height":180,"caption":"Plate-forme Charleroi-Palestine"},"image":{"@id":"https:\/\/charleroi-pourlapalestine.be\/#\/schema\/logo\/image\/"},"sameAs":["https:\/\/www.facebook.com\/PlateformeCharleroiPalestine\/","https:\/\/x.com\/LaCharleroi"]},{"@type":"Person","@id":"https:\/\/charleroi-pourlapalestine.be\/#\/schema\/person\/c19ff515112f1299d8c12671d8fe3faa","name":"admin1873","url":"https:\/\/charleroi-pourlapalestine.be\/index.php\/author\/admin1873\/"}]}},"_links":{"self":[{"href":"https:\/\/charleroi-pourlapalestine.be\/index.php\/wp-json\/wp\/v2\/posts\/53355","targetHints":{"allow":["GET"]}}],"collection":[{"href":"https:\/\/charleroi-pourlapalestine.be\/index.php\/wp-json\/wp\/v2\/posts"}],"about":[{"href":"https:\/\/charleroi-pourlapalestine.be\/index.php\/wp-json\/wp\/v2\/types\/post"}],"author":[{"embeddable":true,"href":"https:\/\/charleroi-pourlapalestine.be\/index.php\/wp-json\/wp\/v2\/users\/1"}],"replies":[{"embeddable":true,"href":"https:\/\/charleroi-pourlapalestine.be\/index.php\/wp-json\/wp\/v2\/comments?post=53355"}],"version-history":[{"count":0,"href":"https:\/\/charleroi-pourlapalestine.be\/index.php\/wp-json\/wp\/v2\/posts\/53355\/revisions"}],"wp:attachment":[{"href":"https:\/\/charleroi-pourlapalestine.be\/index.php\/wp-json\/wp\/v2\/media?parent=53355"}],"wp:term":[{"taxonomy":"category","embeddable":true,"href":"https:\/\/charleroi-pourlapalestine.be\/index.php\/wp-json\/wp\/v2\/categories?post=53355"},{"taxonomy":"post_tag","embeddable":true,"href":"https:\/\/charleroi-pourlapalestine.be\/index.php\/wp-json\/wp\/v2\/tags?post=53355"}],"curies":[{"name":"wp","href":"https:\/\/api.w.org\/{rel}","templated":true}]}}