{"id":53764,"date":"2023-03-27T13:49:32","date_gmt":"2023-03-27T11:49:32","guid":{"rendered":"https:\/\/charleroi-pourlapalestine.be\/?p=53764"},"modified":"2023-03-27T17:45:16","modified_gmt":"2023-03-27T15:45:16","slug":"gand-wevelgem-stop-a-la-normalisation-avec-israel-photos","status":"publish","type":"post","link":"https:\/\/charleroi-pourlapalestine.be\/index.php\/2023\/03\/27\/gand-wevelgem-stop-a-la-normalisation-avec-israel-photos\/","title":{"rendered":"Gand-Wevelgem : stop \u00e0 la normalisation avec Isra\u00ebl ! (Photos)"},"content":{"rendered":"<p>Ce dimanche 26 mars a eu lieu la course cycliste Gand-Wevelgem, une semi-classique de l&rsquo;Union Cycliste Internationale (UCI Worldtour).<\/p>\n<p>Des membres de la Plate-forme Charleroi-Palestine et du Collectif K\u00e4the Kollwitz, ainsi que des amis palestiniens et irlandais, \u00e9taient pr\u00e9sents pour d\u00e9noncer la participation \u00e0 la course de l&rsquo;\u00e9quipe de propagande<strong> Israel Premier Tech<\/strong>. (*)<\/p>\n<p>Nous ne pouvons tol\u00e9rer que la propagande isra\u00e9lienne ait carte blanche dans des \u00e9v\u00e9nements sportifs populaires chez nous.<\/p>\n<p>Nous nous sommes install\u00e9s dans les villages et campagnes entourant Ypres :&nbsp; \u00e0 Mesen et par la suite \u00e0 Voormzele.<\/p>\n<p>&nbsp;<\/p>\n<p><img loading=\"lazy\" decoding=\"async\" class=\"aligncenter wp-image-53822 size-full\" src=\"https:\/\/charleroi-pourlapalestine.be\/wp-content\/uploads\/2023\/03\/Gand-Wevelgem-6-e1679906327244.jpg\" alt=\"\" width=\"715\" height=\"536\" srcset=\"https:\/\/charleroi-pourlapalestine.be\/wp-content\/uploads\/2023\/03\/Gand-Wevelgem-6-e1679906327244.jpg 715w, https:\/\/charleroi-pourlapalestine.be\/wp-content\/uploads\/2023\/03\/Gand-Wevelgem-6-e1679906327244-300x225.jpg 300w\" sizes=\"auto, (max-width: 715px) 100vw, 715px\" \/><\/p>\n<p>&nbsp;<\/p>\n<p><img loading=\"lazy\" decoding=\"async\" class=\"aligncenter wp-image-53824 size-full\" src=\"https:\/\/charleroi-pourlapalestine.be\/wp-content\/uploads\/2023\/03\/Gand-Wevelgem-13-e1679906552848.jpg\" alt=\"\" width=\"733\" height=\"550\" srcset=\"https:\/\/charleroi-pourlapalestine.be\/wp-content\/uploads\/2023\/03\/Gand-Wevelgem-13-e1679906552848.jpg 733w, https:\/\/charleroi-pourlapalestine.be\/wp-content\/uploads\/2023\/03\/Gand-Wevelgem-13-e1679906552848-300x225.jpg 300w\" sizes=\"auto, (max-width: 733px) 100vw, 733px\" \/><\/p>\n<p>&nbsp;<\/p>\n<p>&nbsp;<\/p>\n<p><img loading=\"lazy\" decoding=\"async\" class=\"alignnone wp-image-53825 size-full\" src=\"https:\/\/charleroi-pourlapalestine.be\/wp-content\/uploads\/2023\/03\/Gand-Wevelgem-10-e1679906641716.jpg\" alt=\"\" width=\"733\" height=\"550\" srcset=\"https:\/\/charleroi-pourlapalestine.be\/wp-content\/uploads\/2023\/03\/Gand-Wevelgem-10-e1679906641716.jpg 733w, https:\/\/charleroi-pourlapalestine.be\/wp-content\/uploads\/2023\/03\/Gand-Wevelgem-10-e1679906641716-300x225.jpg 300w\" sizes=\"auto, (max-width: 733px) 100vw, 733px\" \/><\/p>\n<p>&nbsp;<\/p>\n<p><img loading=\"lazy\" decoding=\"async\" class=\"aligncenter wp-image-53834 size-full\" src=\"https:\/\/charleroi-pourlapalestine.be\/wp-content\/uploads\/2023\/03\/Gand-Wevelgem-18-e1679909560805.jpg\" alt=\"\" width=\"733\" height=\"550\" srcset=\"https:\/\/charleroi-pourlapalestine.be\/wp-content\/uploads\/2023\/03\/Gand-Wevelgem-18-e1679909560805.jpg 733w, https:\/\/charleroi-pourlapalestine.be\/wp-content\/uploads\/2023\/03\/Gand-Wevelgem-18-e1679909560805-300x225.jpg 300w\" sizes=\"auto, (max-width: 733px) 100vw, 733px\" \/><\/p>\n<p>&nbsp;<\/p>\n<p><img loading=\"lazy\" decoding=\"async\" class=\"aligncenter wp-image-53835 size-full\" src=\"https:\/\/charleroi-pourlapalestine.be\/wp-content\/uploads\/2023\/03\/Gand-Wevelgem-17-e1679909684899.jpg\" alt=\"\" width=\"733\" height=\"550\" srcset=\"https:\/\/charleroi-pourlapalestine.be\/wp-content\/uploads\/2023\/03\/Gand-Wevelgem-17-e1679909684899.jpg 733w, https:\/\/charleroi-pourlapalestine.be\/wp-content\/uploads\/2023\/03\/Gand-Wevelgem-17-e1679909684899-300x225.jpg 300w\" sizes=\"auto, (max-width: 733px) 100vw, 733px\" \/><\/p>\n<p><img loading=\"lazy\" decoding=\"async\" class=\"alignnone wp-image-53839 size-full\" src=\"https:\/\/charleroi-pourlapalestine.be\/wp-content\/uploads\/2023\/03\/Gand-Wevelgem-16-e1679909926665.jpg\" alt=\"\" width=\"733\" height=\"415\" srcset=\"https:\/\/charleroi-pourlapalestine.be\/wp-content\/uploads\/2023\/03\/Gand-Wevelgem-16-e1679909926665.jpg 733w, https:\/\/charleroi-pourlapalestine.be\/wp-content\/uploads\/2023\/03\/Gand-Wevelgem-16-e1679909926665-300x170.jpg 300w\" sizes=\"auto, (max-width: 733px) 100vw, 733px\" \/><\/p>\n<p><img loading=\"lazy\" decoding=\"async\" class=\"alignnone wp-image-53828 size-full\" src=\"https:\/\/charleroi-pourlapalestine.be\/wp-content\/uploads\/2023\/03\/Gand-Wevelgem-11-e1679907509801.jpg\" alt=\"\" width=\"733\" height=\"550\" srcset=\"https:\/\/charleroi-pourlapalestine.be\/wp-content\/uploads\/2023\/03\/Gand-Wevelgem-11-e1679907509801.jpg 733w, https:\/\/charleroi-pourlapalestine.be\/wp-content\/uploads\/2023\/03\/Gand-Wevelgem-11-e1679907509801-300x225.jpg 300w\" sizes=\"auto, (max-width: 733px) 100vw, 733px\" \/><\/p>\n<p><img loading=\"lazy\" decoding=\"async\" class=\"aligncenter wp-image-53843 size-full\" src=\"https:\/\/charleroi-pourlapalestine.be\/wp-content\/uploads\/2023\/03\/Gand-Wevelgem-19-e1679910502385.jpg\" alt=\"\" width=\"733\" height=\"550\" srcset=\"https:\/\/charleroi-pourlapalestine.be\/wp-content\/uploads\/2023\/03\/Gand-Wevelgem-19-e1679910502385.jpg 733w, https:\/\/charleroi-pourlapalestine.be\/wp-content\/uploads\/2023\/03\/Gand-Wevelgem-19-e1679910502385-300x225.jpg 300w\" sizes=\"auto, (max-width: 733px) 100vw, 733px\" \/><\/p>\n<p>&nbsp;<\/p>\n<p>&nbsp;<\/p>\n<p>En guise de finale, nous avons d\u00e9ploy\u00e9 nos drapeaux et calicots \u00e0 la course f\u00e9minine \u00e0 Voormzele o\u00f9 Isra\u00ebl \u00e9tait \u00e9galement pr\u00e9sent. Une cycliste cubaine, <span class=\"x193iq5w xeuugli x13faqbe x1vvkbs x1xmvt09 x1lliihq x1s928wv xhkezso x1gmr53x x1cpjm7i x1fgarty x1943h6x xudqn12 x3x7a5m x6prxxf xvq8zen xo1l8bm xzsf02u x2b8uid\" dir=\"auto\">Arlenis Sierra Ca\u00f1adilla<\/span>, participait \u00e0 cette course, ce qui explique la pr\u00e9sence du drapeau cubain.<\/p>\n<p><img loading=\"lazy\" decoding=\"async\" class=\"alignnone wp-image-53830 size-full\" src=\"https:\/\/charleroi-pourlapalestine.be\/wp-content\/uploads\/2023\/03\/Gand-Wevelgem-12-e1679908371302.jpg\" alt=\"\" width=\"733\" height=\"550\" srcset=\"https:\/\/charleroi-pourlapalestine.be\/wp-content\/uploads\/2023\/03\/Gand-Wevelgem-12-e1679908371302.jpg 733w, https:\/\/charleroi-pourlapalestine.be\/wp-content\/uploads\/2023\/03\/Gand-Wevelgem-12-e1679908371302-300x225.jpg 300w\" sizes=\"auto, (max-width: 733px) 100vw, 733px\" \/><\/p>\n<p><strong> <img loading=\"lazy\" decoding=\"async\" class=\"aligncenter wp-image-53832 size-full\" src=\"https:\/\/charleroi-pourlapalestine.be\/wp-content\/uploads\/2023\/03\/Gand-Wevelgem-14-e1679908928572.jpg\" alt=\"\" width=\"733\" height=\"550\" srcset=\"https:\/\/charleroi-pourlapalestine.be\/wp-content\/uploads\/2023\/03\/Gand-Wevelgem-14-e1679908928572.jpg 733w, https:\/\/charleroi-pourlapalestine.be\/wp-content\/uploads\/2023\/03\/Gand-Wevelgem-14-e1679908928572-300x225.jpg 300w\" sizes=\"auto, (max-width: 733px) 100vw, 733px\" \/><\/strong><\/p>\n<h3><img loading=\"lazy\" decoding=\"async\" class=\"aligncenter wp-image-53833 size-full\" src=\"https:\/\/charleroi-pourlapalestine.be\/wp-content\/uploads\/2023\/03\/Gand-Wevelgem-15-e1679909028460.jpg\" alt=\"\" width=\"733\" height=\"550\" srcset=\"https:\/\/charleroi-pourlapalestine.be\/wp-content\/uploads\/2023\/03\/Gand-Wevelgem-15-e1679909028460.jpg 733w, https:\/\/charleroi-pourlapalestine.be\/wp-content\/uploads\/2023\/03\/Gand-Wevelgem-15-e1679909028460-300x225.jpg 300w\" sizes=\"auto, (max-width: 733px) 100vw, 733px\" \/><\/h3>\n<h3>&nbsp;<\/h3>\n<p>&nbsp;<\/p>\n<h3><strong>Pour en savoir plus : <\/strong><\/h3>\n<h3><strong>Israel Premier Tech est la repr\u00e9sentante d\u2019Isra\u00ebl dans le cyclisme professionnel et doit \u00eatre trait\u00e9e comme telle.<\/strong><\/h3>\n<p>L\u2019\u00e9quipe Israel-Premier Tech a \u00e9t\u00e9 form\u00e9e en&nbsp;2014, lorsque l\u2019homme d\u2019affaires isra\u00e9lien<strong> Ron Baron<\/strong> et l\u2019ancien cycliste professionnel <strong>Ran Margaliot<\/strong> ont lanc\u00e9 l\u2019<strong>Israel Cycling Academy<\/strong>.<br \/>\n<strong>Sylvan Adams<\/strong>, milliardaire d\u2019origine canadienne et cycliste amateur, est rapidement devenu copropri\u00e9taire de l\u2019\u00e9quipe, que l\u2019entreprise canadienne de fabrication industrielle <strong>Premier Tech<\/strong> a rejointe en tant que sponsor principal d\u00e9but&nbsp;2022.<\/p>\n<p>Les dirigeants de la formation cycliste ambitionnent de <strong>recruter des coureurs de renom<\/strong> et d\u2019<strong>acc\u00e9der aux \u00e9v\u00e9nements cyclistes les plus prestigieux.<\/strong> Les r\u00e9sultats d\u2019Israel Premier Tech au dernier Tour de France en 2022 montrent que ces efforts commencent \u00e0 porter leurs fruits et que l\u2019\u00e9quipe devrait rester visible dans les hautes sph\u00e8res du cyclisme professionnel dans les ann\u00e9es \u00e0 venir.&nbsp;<\/p>\n<p>Malgr\u00e9 son nom, <strong>Israel Premier Tech<\/strong> ne repr\u00e9sente pas l\u2019\u00c9tat isra\u00e9lien \u00e0 titre officiel. <strong>Sylvan Adams<\/strong> mart\u00e8le que cette \u00e9quipe n\u2019est <em>\u00ab pas un projet d\u2019\u00c9tat \u00bb<\/em>, soulignant que sport et politique <em>\u00ab ne doivent jamais se m\u00e9langer \u00bb.<\/em> N\u00e9anmoins, l\u2019homme d\u2019affaires se pr\u00e9sente \u00e9galement comme l\u2019<strong><em>\u00ab ambassadeur autoproclam\u00e9 de l\u2019\u00c9tat d\u2019Isra\u00ebl \u00bb<\/em><\/strong> et adopte une approche agressive pour combattre le mouvement Boycott, d\u00e9sinvestissement et sanctions (BDS) par le biais d\u2019une <strong><em>\u00ab diplomatie douce \u00bb.<\/em><\/strong><\/p>\n<p>En plus d\u2019Israel Premier Tech, Sylvan Adams a \u00e9t\u00e9 le principal moteur de l\u2019organisation du grand d\u00e9part du <strong>Tour d\u2019Italie 2018 en Isra\u00ebl<\/strong>, un \u00e9v\u00e9nement qu\u2019il a d\u00e9crit comme <strong><em>\u00ab&nbsp;l\u2019antidote \u00e0 BDS&nbsp;\u00bb.<\/em><\/strong><\/p>\n<p>Et <strong>son travail de normalisation d\u2019Isra\u00ebl par le sport s\u2019\u00e9tend au-del\u00e0 du monde du cyclisme<\/strong>&nbsp;: apr\u00e8s avoir contribu\u00e9 \u00e0 faire venir Lionel Messi et l\u2019\u00e9quipe d\u2019Argentine de <strong>football<\/strong> en Isra\u00ebl en&nbsp;2019 pour un match contre l\u2019Uruguay, ainsi qu\u2019\u00e0 l\u2019organisation \u00e0 Tel Aviv des deux derni\u00e8res \u00e9ditions du Troph\u00e9e des champions, match opposant le champion en titre de Ligue&nbsp;1 au vainqueur de la Coupe de France, il soutient l\u2019organisation du championnat du Moyen-Orient d\u2019Ironman, pr\u00e9vu en fin d\u2019ann\u00e9e \u00e0 Tib\u00e9riade.&nbsp;<\/p>\n<p>Les membres de l\u2019\u00e9quipe Israel Premier Tech tentent de se distancier des actes du gouvernement isra\u00e9lien, affirmant qu\u2019ils souhaitent simplement<em> \u00ab faire du v\u00e9lo \u00bb.<\/em><\/p>\n<p>Le fait que la plupart des coureurs de l\u2019\u00e9quipe ne soient pas de nationalit\u00e9 isra\u00e9lienne les aide \u00e0 cet \u00e9gard. Sur les 31&nbsp;coureurs engag\u00e9s dans le <strong>World Tour,<\/strong> seuls quatre sont isra\u00e9liens et un seul figurait dans la liste de huit cyclistes inscrite par l\u2019\u00e9quipe au Tour de France&nbsp;2022.<\/p>\n<p>N\u00e9anmoins, le modus operandi de la formation cycliste semble fondamentalement impliquer l<strong>a promotion des objectifs de soft power isra\u00e9liens<\/strong>, m\u00eame par inadvertance.&nbsp;Selon <strong>Sylvan Adams<\/strong>, les coureurs comprennent qu\u2019ils sont des <em><strong>\u00ab&nbsp;ambassadeurs du pays d\u2019origine de leur \u00e9quipe&nbsp;\u00bb<\/strong>.<\/em> Certains se sont rendus en <strong>Isra\u00ebl<\/strong> pour participer \u00e0 des s\u00e9ances photo et toucher des millions de personnes, et ont m\u00eame roul\u00e9 en <strong>Cisjordanie<\/strong> et sur <strong>le plateau du Golan occup\u00e9s.<\/strong><\/p>\n<p>Par ailleurs, en d\u00e9pit de l\u2019image qu\u2019elle entend projeter, <strong>Israel-Premier Tech<\/strong> semble souvent \u00eatre trait\u00e9e comme un organisme isra\u00e9lien officiel.<\/p>\n<p>Au d\u00e9but du dernier Tour de France, la formation a b\u00e9n\u00e9fici\u00e9 du <strong>dispositif de s\u00e9curit\u00e9<\/strong>&nbsp;pr\u00e9vu pour les d\u00e9l\u00e9gations isra\u00e9liennes, tandis que<strong> les m\u00e9dias isra\u00e9liens ont pr\u00e9sent\u00e9 ses victoires comme une <a href=\"https:\/\/www.i24news.tv\/en\/news\/israel\/sport\/1657130112-israeli-cycling-team-rider-wins-stage-of-tour-de-france\" target=\"_blank\" rel=\"noopener\"><em>\u00ab&nbsp;premi\u00e8re pour l\u2019\u00c9tat juif&nbsp;\u00bb<\/em><\/a><\/strong>. Ses exploits lui ont \u00e9galement valu les f\u00e9licitations du <strong>ministre isra\u00e9lien du Tourisme.&nbsp;<\/strong><\/p>\n<p><strong>Israel-Premier Tech<\/strong> <strong>fait ainsi partie du train de la normalisation en tant qu\u2019ambassadeur non officiel du r\u00e9gime isra\u00e9lien. <\/strong>(extrait de l&rsquo;article<strong><a href=\"https:\/\/charleroi-pourlapalestine.be\/index.php\/2022\/09\/12\/le-cyclisme-nouveau-terrain-des-efforts-de-normalisation-disrael\/\"> \u00ab\u00a0Le cyclisme, nouveau terrain des efforts de normalisation d\u2019Isra\u00ebl ?\u00a0\u00bb<\/a><\/strong>, publi\u00e9 sur ce site le 12 septembre 2022.<\/p>\n<p style=\"text-align: center;\">*****<\/p>\n<p>(*) L&rsquo;action \u00e9tait \u00e9galement soutenu par Palestina Solidariteit, Vrede vzw, WSM, Intal , Ilps Belgium, ICS vzw et Peace Village Mesen<\/p>\n","protected":false},"excerpt":{"rendered":"<p>Des membres de la Plate-forme Charleroi-Palestine et du Collectif K\u00e4the Kollwitz, ainsi que des amis palestiniens et irlandais, \u00e9taient pr\u00e9sents pour d\u00e9noncer la participation \u00e0 la course de l&rsquo;\u00e9quipe de propagande Israel Premier Tech<\/p>\n","protected":false},"author":1,"featured_media":53822,"comment_status":"closed","ping_status":"closed","sticky":false,"template":"","format":"standard","meta":{"ngg_post_thumbnail":0,"footnotes":""},"categories":[90,64,70,190,650],"tags":[],"class_list":["post-53764","post","type-post","status-publish","format-standard","has-post-thumbnail","hentry","category-bds","category-la-belgique","category-le-boycott-sportif","category-plate-forme-charleroi-palestine","category-sport"],"yoast_head":"<!-- This site is optimized with the Yoast SEO plugin v27.3 - https:\/\/yoast.com\/product\/yoast-seo-wordpress\/ -->\n<title>Gand-Wevelgem : stop \u00e0 la normalisation avec Isra\u00ebl ! (Photos)<\/title>\n<meta name=\"description\" content=\"Des activistes \u00e9taient pr\u00e9sents \u00e0 la course Gand-Wevelgem pour d\u00e9noncer la participation \u00e0 la course d&#039;Israel Premier Tech\" \/>\n<meta name=\"robots\" content=\"index, follow, max-snippet:-1, max-image-preview:large, max-video-preview:-1\" \/>\n<link rel=\"canonical\" href=\"https:\/\/charleroi-pourlapalestine.be\/index.php\/2023\/03\/27\/gand-wevelgem-stop-a-la-normalisation-avec-israel-photos\/\" \/>\n<script type=\"application\/ld+json\" class=\"yoast-schema-graph\">{\"@context\":\"https:\\\/\\\/schema.org\",\"@graph\":[{\"@type\":\"Article\",\"@id\":\"https:\\\/\\\/charleroi-pourlapalestine.be\\\/index.php\\\/2023\\\/03\\\/27\\\/gand-wevelgem-stop-a-la-normalisation-avec-israel-photos\\\/#article\",\"isPartOf\":{\"@id\":\"https:\\\/\\\/charleroi-pourlapalestine.be\\\/index.php\\\/2023\\\/03\\\/27\\\/gand-wevelgem-stop-a-la-normalisation-avec-israel-photos\\\/\"},\"author\":{\"name\":\"admin1873\",\"@id\":\"https:\\\/\\\/charleroi-pourlapalestine.be\\\/#\\\/schema\\\/person\\\/c19ff515112f1299d8c12671d8fe3faa\"},\"headline\":\"Gand-Wevelgem : stop \u00e0 la normalisation avec Isra\u00ebl ! (Photos)\",\"datePublished\":\"2023-03-27T11:49:32+00:00\",\"dateModified\":\"2023-03-27T15:45:16+00:00\",\"mainEntityOfPage\":{\"@id\":\"https:\\\/\\\/charleroi-pourlapalestine.be\\\/index.php\\\/2023\\\/03\\\/27\\\/gand-wevelgem-stop-a-la-normalisation-avec-israel-photos\\\/\"},\"wordCount\":853,\"publisher\":{\"@id\":\"https:\\\/\\\/charleroi-pourlapalestine.be\\\/#organization\"},\"image\":{\"@id\":\"https:\\\/\\\/charleroi-pourlapalestine.be\\\/index.php\\\/2023\\\/03\\\/27\\\/gand-wevelgem-stop-a-la-normalisation-avec-israel-photos\\\/#primaryimage\"},\"thumbnailUrl\":\"https:\\\/\\\/charleroi-pourlapalestine.be\\\/wp-content\\\/uploads\\\/2023\\\/03\\\/Gand-Wevelgem-6-e1679906327244.jpg\",\"articleSection\":[\"BDS\",\"Belgique\",\"Boycott sportif\",\"La Plate-forme\",\"Sport\"],\"inLanguage\":\"fr-FR\"},{\"@type\":\"WebPage\",\"@id\":\"https:\\\/\\\/charleroi-pourlapalestine.be\\\/index.php\\\/2023\\\/03\\\/27\\\/gand-wevelgem-stop-a-la-normalisation-avec-israel-photos\\\/\",\"url\":\"https:\\\/\\\/charleroi-pourlapalestine.be\\\/index.php\\\/2023\\\/03\\\/27\\\/gand-wevelgem-stop-a-la-normalisation-avec-israel-photos\\\/\",\"name\":\"Gand-Wevelgem : stop \u00e0 la normalisation avec Isra\u00ebl ! (Photos)\",\"isPartOf\":{\"@id\":\"https:\\\/\\\/charleroi-pourlapalestine.be\\\/#website\"},\"primaryImageOfPage\":{\"@id\":\"https:\\\/\\\/charleroi-pourlapalestine.be\\\/index.php\\\/2023\\\/03\\\/27\\\/gand-wevelgem-stop-a-la-normalisation-avec-israel-photos\\\/#primaryimage\"},\"image\":{\"@id\":\"https:\\\/\\\/charleroi-pourlapalestine.be\\\/index.php\\\/2023\\\/03\\\/27\\\/gand-wevelgem-stop-a-la-normalisation-avec-israel-photos\\\/#primaryimage\"},\"thumbnailUrl\":\"https:\\\/\\\/charleroi-pourlapalestine.be\\\/wp-content\\\/uploads\\\/2023\\\/03\\\/Gand-Wevelgem-6-e1679906327244.jpg\",\"datePublished\":\"2023-03-27T11:49:32+00:00\",\"dateModified\":\"2023-03-27T15:45:16+00:00\",\"description\":\"Des activistes \u00e9taient pr\u00e9sents \u00e0 la course Gand-Wevelgem pour d\u00e9noncer la participation \u00e0 la course d'Israel Premier Tech\",\"breadcrumb\":{\"@id\":\"https:\\\/\\\/charleroi-pourlapalestine.be\\\/index.php\\\/2023\\\/03\\\/27\\\/gand-wevelgem-stop-a-la-normalisation-avec-israel-photos\\\/#breadcrumb\"},\"inLanguage\":\"fr-FR\",\"potentialAction\":[{\"@type\":\"ReadAction\",\"target\":[\"https:\\\/\\\/charleroi-pourlapalestine.be\\\/index.php\\\/2023\\\/03\\\/27\\\/gand-wevelgem-stop-a-la-normalisation-avec-israel-photos\\\/\"]}]},{\"@type\":\"ImageObject\",\"inLanguage\":\"fr-FR\",\"@id\":\"https:\\\/\\\/charleroi-pourlapalestine.be\\\/index.php\\\/2023\\\/03\\\/27\\\/gand-wevelgem-stop-a-la-normalisation-avec-israel-photos\\\/#primaryimage\",\"url\":\"https:\\\/\\\/charleroi-pourlapalestine.be\\\/wp-content\\\/uploads\\\/2023\\\/03\\\/Gand-Wevelgem-6-e1679906327244.jpg\",\"contentUrl\":\"https:\\\/\\\/charleroi-pourlapalestine.be\\\/wp-content\\\/uploads\\\/2023\\\/03\\\/Gand-Wevelgem-6-e1679906327244.jpg\",\"width\":715,\"height\":536},{\"@type\":\"BreadcrumbList\",\"@id\":\"https:\\\/\\\/charleroi-pourlapalestine.be\\\/index.php\\\/2023\\\/03\\\/27\\\/gand-wevelgem-stop-a-la-normalisation-avec-israel-photos\\\/#breadcrumb\",\"itemListElement\":[{\"@type\":\"ListItem\",\"position\":1,\"name\":\"Accueil\",\"item\":\"https:\\\/\\\/charleroi-pourlapalestine.be\\\/\"},{\"@type\":\"ListItem\",\"position\":2,\"name\":\"Gand-Wevelgem : stop \u00e0 la normalisation avec Isra\u00ebl ! (Photos)\"}]},{\"@type\":\"WebSite\",\"@id\":\"https:\\\/\\\/charleroi-pourlapalestine.be\\\/#website\",\"url\":\"https:\\\/\\\/charleroi-pourlapalestine.be\\\/\",\"name\":\"Charleroi Pour la Palestine\",\"description\":\"\",\"publisher\":{\"@id\":\"https:\\\/\\\/charleroi-pourlapalestine.be\\\/#organization\"},\"potentialAction\":[{\"@type\":\"SearchAction\",\"target\":{\"@type\":\"EntryPoint\",\"urlTemplate\":\"https:\\\/\\\/charleroi-pourlapalestine.be\\\/?s={search_term_string}\"},\"query-input\":{\"@type\":\"PropertyValueSpecification\",\"valueRequired\":true,\"valueName\":\"search_term_string\"}}],\"inLanguage\":\"fr-FR\"},{\"@type\":\"Organization\",\"@id\":\"https:\\\/\\\/charleroi-pourlapalestine.be\\\/#organization\",\"name\":\"Plate-forme Charleroi-Palestine\",\"url\":\"https:\\\/\\\/charleroi-pourlapalestine.be\\\/\",\"logo\":{\"@type\":\"ImageObject\",\"inLanguage\":\"fr-FR\",\"@id\":\"https:\\\/\\\/charleroi-pourlapalestine.be\\\/#\\\/schema\\\/logo\\\/image\\\/\",\"url\":\"https:\\\/\\\/charleroi-pourlapalestine.be\\\/wp-content\\\/uploads\\\/2020\\\/01\\\/logo-Copy.jpg\",\"contentUrl\":\"https:\\\/\\\/charleroi-pourlapalestine.be\\\/wp-content\\\/uploads\\\/2020\\\/01\\\/logo-Copy.jpg\",\"width\":180,\"height\":180,\"caption\":\"Plate-forme Charleroi-Palestine\"},\"image\":{\"@id\":\"https:\\\/\\\/charleroi-pourlapalestine.be\\\/#\\\/schema\\\/logo\\\/image\\\/\"},\"sameAs\":[\"https:\\\/\\\/www.facebook.com\\\/PlateformeCharleroiPalestine\\\/\",\"https:\\\/\\\/x.com\\\/LaCharleroi\"]},{\"@type\":\"Person\",\"@id\":\"https:\\\/\\\/charleroi-pourlapalestine.be\\\/#\\\/schema\\\/person\\\/c19ff515112f1299d8c12671d8fe3faa\",\"name\":\"admin1873\",\"url\":\"https:\\\/\\\/charleroi-pourlapalestine.be\\\/index.php\\\/author\\\/admin1873\\\/\"}]}<\/script>\n<!-- \/ Yoast SEO plugin. -->","yoast_head_json":{"title":"Gand-Wevelgem : stop \u00e0 la normalisation avec Isra\u00ebl ! (Photos)","description":"Des activistes \u00e9taient pr\u00e9sents \u00e0 la course Gand-Wevelgem pour d\u00e9noncer la participation \u00e0 la course d'Israel Premier Tech","robots":{"index":"index","follow":"follow","max-snippet":"max-snippet:-1","max-image-preview":"max-image-preview:large","max-video-preview":"max-video-preview:-1"},"canonical":"https:\/\/charleroi-pourlapalestine.be\/index.php\/2023\/03\/27\/gand-wevelgem-stop-a-la-normalisation-avec-israel-photos\/","schema":{"@context":"https:\/\/schema.org","@graph":[{"@type":"Article","@id":"https:\/\/charleroi-pourlapalestine.be\/index.php\/2023\/03\/27\/gand-wevelgem-stop-a-la-normalisation-avec-israel-photos\/#article","isPartOf":{"@id":"https:\/\/charleroi-pourlapalestine.be\/index.php\/2023\/03\/27\/gand-wevelgem-stop-a-la-normalisation-avec-israel-photos\/"},"author":{"name":"admin1873","@id":"https:\/\/charleroi-pourlapalestine.be\/#\/schema\/person\/c19ff515112f1299d8c12671d8fe3faa"},"headline":"Gand-Wevelgem : stop \u00e0 la normalisation avec Isra\u00ebl ! (Photos)","datePublished":"2023-03-27T11:49:32+00:00","dateModified":"2023-03-27T15:45:16+00:00","mainEntityOfPage":{"@id":"https:\/\/charleroi-pourlapalestine.be\/index.php\/2023\/03\/27\/gand-wevelgem-stop-a-la-normalisation-avec-israel-photos\/"},"wordCount":853,"publisher":{"@id":"https:\/\/charleroi-pourlapalestine.be\/#organization"},"image":{"@id":"https:\/\/charleroi-pourlapalestine.be\/index.php\/2023\/03\/27\/gand-wevelgem-stop-a-la-normalisation-avec-israel-photos\/#primaryimage"},"thumbnailUrl":"https:\/\/charleroi-pourlapalestine.be\/wp-content\/uploads\/2023\/03\/Gand-Wevelgem-6-e1679906327244.jpg","articleSection":["BDS","Belgique","Boycott sportif","La Plate-forme","Sport"],"inLanguage":"fr-FR"},{"@type":"WebPage","@id":"https:\/\/charleroi-pourlapalestine.be\/index.php\/2023\/03\/27\/gand-wevelgem-stop-a-la-normalisation-avec-israel-photos\/","url":"https:\/\/charleroi-pourlapalestine.be\/index.php\/2023\/03\/27\/gand-wevelgem-stop-a-la-normalisation-avec-israel-photos\/","name":"Gand-Wevelgem : stop \u00e0 la normalisation avec Isra\u00ebl ! (Photos)","isPartOf":{"@id":"https:\/\/charleroi-pourlapalestine.be\/#website"},"primaryImageOfPage":{"@id":"https:\/\/charleroi-pourlapalestine.be\/index.php\/2023\/03\/27\/gand-wevelgem-stop-a-la-normalisation-avec-israel-photos\/#primaryimage"},"image":{"@id":"https:\/\/charleroi-pourlapalestine.be\/index.php\/2023\/03\/27\/gand-wevelgem-stop-a-la-normalisation-avec-israel-photos\/#primaryimage"},"thumbnailUrl":"https:\/\/charleroi-pourlapalestine.be\/wp-content\/uploads\/2023\/03\/Gand-Wevelgem-6-e1679906327244.jpg","datePublished":"2023-03-27T11:49:32+00:00","dateModified":"2023-03-27T15:45:16+00:00","description":"Des activistes \u00e9taient pr\u00e9sents \u00e0 la course Gand-Wevelgem pour d\u00e9noncer la participation \u00e0 la course d'Israel Premier Tech","breadcrumb":{"@id":"https:\/\/charleroi-pourlapalestine.be\/index.php\/2023\/03\/27\/gand-wevelgem-stop-a-la-normalisation-avec-israel-photos\/#breadcrumb"},"inLanguage":"fr-FR","potentialAction":[{"@type":"ReadAction","target":["https:\/\/charleroi-pourlapalestine.be\/index.php\/2023\/03\/27\/gand-wevelgem-stop-a-la-normalisation-avec-israel-photos\/"]}]},{"@type":"ImageObject","inLanguage":"fr-FR","@id":"https:\/\/charleroi-pourlapalestine.be\/index.php\/2023\/03\/27\/gand-wevelgem-stop-a-la-normalisation-avec-israel-photos\/#primaryimage","url":"https:\/\/charleroi-pourlapalestine.be\/wp-content\/uploads\/2023\/03\/Gand-Wevelgem-6-e1679906327244.jpg","contentUrl":"https:\/\/charleroi-pourlapalestine.be\/wp-content\/uploads\/2023\/03\/Gand-Wevelgem-6-e1679906327244.jpg","width":715,"height":536},{"@type":"BreadcrumbList","@id":"https:\/\/charleroi-pourlapalestine.be\/index.php\/2023\/03\/27\/gand-wevelgem-stop-a-la-normalisation-avec-israel-photos\/#breadcrumb","itemListElement":[{"@type":"ListItem","position":1,"name":"Accueil","item":"https:\/\/charleroi-pourlapalestine.be\/"},{"@type":"ListItem","position":2,"name":"Gand-Wevelgem : stop \u00e0 la normalisation avec Isra\u00ebl ! (Photos)"}]},{"@type":"WebSite","@id":"https:\/\/charleroi-pourlapalestine.be\/#website","url":"https:\/\/charleroi-pourlapalestine.be\/","name":"Charleroi Pour la Palestine","description":"","publisher":{"@id":"https:\/\/charleroi-pourlapalestine.be\/#organization"},"potentialAction":[{"@type":"SearchAction","target":{"@type":"EntryPoint","urlTemplate":"https:\/\/charleroi-pourlapalestine.be\/?s={search_term_string}"},"query-input":{"@type":"PropertyValueSpecification","valueRequired":true,"valueName":"search_term_string"}}],"inLanguage":"fr-FR"},{"@type":"Organization","@id":"https:\/\/charleroi-pourlapalestine.be\/#organization","name":"Plate-forme Charleroi-Palestine","url":"https:\/\/charleroi-pourlapalestine.be\/","logo":{"@type":"ImageObject","inLanguage":"fr-FR","@id":"https:\/\/charleroi-pourlapalestine.be\/#\/schema\/logo\/image\/","url":"https:\/\/charleroi-pourlapalestine.be\/wp-content\/uploads\/2020\/01\/logo-Copy.jpg","contentUrl":"https:\/\/charleroi-pourlapalestine.be\/wp-content\/uploads\/2020\/01\/logo-Copy.jpg","width":180,"height":180,"caption":"Plate-forme Charleroi-Palestine"},"image":{"@id":"https:\/\/charleroi-pourlapalestine.be\/#\/schema\/logo\/image\/"},"sameAs":["https:\/\/www.facebook.com\/PlateformeCharleroiPalestine\/","https:\/\/x.com\/LaCharleroi"]},{"@type":"Person","@id":"https:\/\/charleroi-pourlapalestine.be\/#\/schema\/person\/c19ff515112f1299d8c12671d8fe3faa","name":"admin1873","url":"https:\/\/charleroi-pourlapalestine.be\/index.php\/author\/admin1873\/"}]}},"_links":{"self":[{"href":"https:\/\/charleroi-pourlapalestine.be\/index.php\/wp-json\/wp\/v2\/posts\/53764","targetHints":{"allow":["GET"]}}],"collection":[{"href":"https:\/\/charleroi-pourlapalestine.be\/index.php\/wp-json\/wp\/v2\/posts"}],"about":[{"href":"https:\/\/charleroi-pourlapalestine.be\/index.php\/wp-json\/wp\/v2\/types\/post"}],"author":[{"embeddable":true,"href":"https:\/\/charleroi-pourlapalestine.be\/index.php\/wp-json\/wp\/v2\/users\/1"}],"replies":[{"embeddable":true,"href":"https:\/\/charleroi-pourlapalestine.be\/index.php\/wp-json\/wp\/v2\/comments?post=53764"}],"version-history":[{"count":0,"href":"https:\/\/charleroi-pourlapalestine.be\/index.php\/wp-json\/wp\/v2\/posts\/53764\/revisions"}],"wp:featuredmedia":[{"embeddable":true,"href":"https:\/\/charleroi-pourlapalestine.be\/index.php\/wp-json\/wp\/v2\/media\/53822"}],"wp:attachment":[{"href":"https:\/\/charleroi-pourlapalestine.be\/index.php\/wp-json\/wp\/v2\/media?parent=53764"}],"wp:term":[{"taxonomy":"category","embeddable":true,"href":"https:\/\/charleroi-pourlapalestine.be\/index.php\/wp-json\/wp\/v2\/categories?post=53764"},{"taxonomy":"post_tag","embeddable":true,"href":"https:\/\/charleroi-pourlapalestine.be\/index.php\/wp-json\/wp\/v2\/tags?post=53764"}],"curies":[{"name":"wp","href":"https:\/\/api.w.org\/{rel}","templated":true}]}}