{"id":53783,"date":"2023-03-25T14:23:19","date_gmt":"2023-03-25T13:23:19","guid":{"rendered":"https:\/\/charleroi-pourlapalestine.be\/?p=53783"},"modified":"2023-03-25T15:33:31","modified_gmt":"2023-03-25T14:33:31","slug":"les-palestiniens-font-le-ramadan-en-pleine-repression-israelienne","status":"publish","type":"post","link":"https:\/\/charleroi-pourlapalestine.be\/index.php\/2023\/03\/25\/les-palestiniens-font-le-ramadan-en-pleine-repression-israelienne\/","title":{"rendered":"Les Palestiniens font le Ramadan en pleine r\u00e9pression isra\u00e9lienne"},"content":{"rendered":"<p>Cette semaine, les Palestiniens ont accueilli le d\u00e9but du Ramadan en diplomates soucieux d\u2019\u00e9viter une escalade comme celle qui avait secou\u00e9 toute la Palestine du fleuve \u00e0 la mer, en mai 2021.<\/p>\n<div id=\"attachment_53791\" style=\"width: 810px\" class=\"wp-caption aligncenter\"><img loading=\"lazy\" decoding=\"async\" aria-describedby=\"caption-attachment-53791\" class=\"wp-image-53791 size-full\" src=\"https:\/\/charleroi-pourlapalestine.be\/wp-content\/uploads\/2023\/03\/Des-Palestiniens-franchissent-le-check-point-militaire-israelien-de-Qalandiya-pour-assister-aux-prieres-du-vendredi-a-Jerusalem.jpg\" alt=\"Ramadan 2023. Des Palestiniennes franchissent le check-point militaire isra\u00e9lien de Qalandiya pour assister aux pri\u00e8res du vendredi \u00e0 J\u00e9rusalem\" width=\"800\" height=\"533\"><p id=\"caption-attachment-53791\" class=\"wp-caption-text\"><strong>Vendredi 24 mars 2023. Des Palestiniennes franchissent le check-point militaire isra\u00e9lien de Qalandiya pour assister aux pri\u00e8res du vendredi \u00e0 J\u00e9rusalem.<\/strong> (Photo : APA images)<\/p><\/div>\n<p>&nbsp;<\/p>\n<p><a href=\"https:\/\/charleroi-pourlapalestine.be\/index.php\/tag\/maureen-clare-murphy\/\"><strong>Maureen Clare Murphy<\/strong><\/a>, 24 mars 2023<\/p>\n<p>Pour le premier jour du mois de je\u00fbne, <strong>Isra\u00ebl a abattu et tu\u00e9 l\u2019un des fondateurs d\u2019une nouvelle organisation de r\u00e9sistance arm\u00e9e dans la ville de Tulkarem<\/strong>, en Cisjordanie occup\u00e9e.<\/p>\n<p><em><strong>Amir Abu Khadijeh, 25 ans<\/strong><\/em>, a \u00e9t\u00e9 abattu au cours d\u2019un raid. La <strong>Brigade de Tulkarem<\/strong> a d\u00e9clar\u00e9 qu\u2019il s\u2019agissait d\u2019un <em>\u00ab assassinat \u00bb.<\/em><\/p>\n<p>De son c\u00f4t\u00e9, la police isra\u00e9lienne des fronti\u00e8res a pr\u00e9tendu que ses hommes avaient ouvert le feu apr\u00e8s qu\u2019Abu Khadijeh eut point\u00e9 une arme sur eux, rapporte <em>Al Jazzera<\/em>.<\/p>\n<p>Quatre-vingt-cinq Palestiniens ont \u00e9t\u00e9 tu\u00e9s en Cisjordanie par la police, les soldats et les colons isra\u00e9liens depuis le d\u00e9but de l\u2019ann\u00e9e, d\u2019apr\u00e8s les calculs de <em>The Electronic Intifada<\/em>.<\/p>\n<p>Environ 60 ont \u00e9t\u00e9 tu\u00e9s, dont un grand nombre lors de raids, dans le nord de la Cisjordanie, qui a support\u00e9 le poids des efforts isra\u00e9liens en vue de briser la r\u00e9surgence de la r\u00e9sistance arm\u00e9e durant toute l\u2019ann\u00e9e \u00e9coul\u00e9e.<\/p>\n<p>Une semaine avant le d\u00e9but du Ramadan, les forces secr\u00e8tes isra\u00e9liennes ont infiltr\u00e9 la ville de <strong>J\u00e9nine<\/strong> (dans le nord de la Cisjordanie) et tu\u00e9 quatre Palestiniens, dont un enfant, lors d\u2019un raid diurne dans le centre-ville tr\u00e8s anim\u00e9.<\/p>\n<p>S\u2019exprimant dans les colonnes du quotidien de Tel-Aviv, <em>Haaretz<\/em>, un responsable de la chambre de commerce de J\u00e9nine a d\u00e9clar\u00e9 que des Palestiniens de l\u2019int\u00e9rieur d\u2019Isra\u00ebl se rendent toujours en visite dans la ville et ce, malgr\u00e9 les raids,&nbsp; \u00ab<em> qui ne servent qu\u2019\u00e0 exacerber les tensions<\/em> \u00bb.<\/p>\n<p>Ghassan Daghlas, un responsable de l\u2019Autorit\u00e9 palestinienne qui vit \u00e0<strong> Burqa<\/strong>, un village du nord de la Cisjordanie, a d\u00e9crit pour <em>Haaretz<\/em> la lenteur des trajets en raison des restrictions de mouvement encore accrues par Isra\u00ebl autour de <strong>Huwwara,<\/strong> o\u00f9 deux colons avaient \u00e9t\u00e9 abattus avant que le village ne soit attaqu\u00e9 \u00e0 son tour en guise de repr\u00e9sailles.<\/p>\n<blockquote><p>\u00ab Que nous aimions \u00e7a ou pas, c\u2019est d\u2019Isra\u00ebl que d\u00e9pend que nous ayons une atmosph\u00e8re de Ramadan \u00bb,<\/p><\/blockquote>\n<p>a d\u00e9clar\u00e9 Daghlas.<\/p>\n<blockquote><p>\u00ab Un autre raid et un autre mort ne servent en aucun cas l\u2019int\u00e9r\u00eat de faire na\u00eetre le calme \u2013 c\u2019est tout le contraire. \u00bb<\/p><\/blockquote>\n<p>Mercredi, Tor Wennesland, l\u2019envoy\u00e9 au Moyen-Orient du secr\u00e9taire g\u00e9n\u00e9ral de l\u2019ONU, a invit\u00e9 ardemment<\/p>\n<blockquote><p>\u00ab tous les camps \u00e0 s\u2019abstenir de d\u00e9marches unilat\u00e9rales susceptibles d\u2019exacerber les tensions \u00bb<\/p><\/blockquote>\n<p>au cours de la p\u00e9riode de f\u00eates qui couvre le Ramadan, la P\u00e2que des juifs et les P\u00e2ques chr\u00e9tiennes.<\/p>\n<p>Lors de son briefing devant le Conseil de s\u00e9curit\u00e9, Wennesland a ajout\u00e9 que<\/p>\n<blockquote><p>\u00ab le statu quo sur les lieux saints \u00e0 J\u00e9rusalem doit \u00eatre respect\u00e9 \u00bb.<\/p><\/blockquote>\n<p>Les responsables des biens religieux islamiques ont d\u00e9clar\u00e9 que, ce jeudi, <strong>pr\u00e8s de 300 extr\u00e9mistes plac\u00e9s sous la garde de la police isra\u00e9lienne avaient p\u00e9n\u00e9tr\u00e9 sur le site de la mosqu\u00e9e al-Aqsa \u00e0 J\u00e9rusalem.<\/strong><\/p>\n<p>Les extr\u00e9mistes <em>\u00ab ont accompli des rites juifs en violation de l\u2019accord de statu quo qui r\u00e8gne sur le site \u00bb<\/em>, a rapport\u00e9 <a href=\"https:\/\/www.newarab.com\/news\/hundreds-israelis-storm-al-aqsa-first-day-ramadan\" target=\"_blank\" rel=\"noopener\"><em>The New Arab<\/em>.<\/a><\/p>\n<p>Des dizaines de milliers de fid\u00e8les musulmans ont pri\u00e9 \u00e0 al-Aqsa en ce premier vendredi du Ramadan.<\/p>\n<p>Selon l\u2019agence Reuters, Isra\u00ebl a annonc\u00e9 en d\u00e9but de semaine qu\u2019<\/p>\n<blockquote><p>\u00ab il permettrait aux hommes palestiniens de plus de 55 ans, aux femmes de tous \u00e2ges et aux enfants de moins de 12 ans de voyager depuis la Cisjordanie occup\u00e9e pour se rendre \u00e0 J\u00e9rusalem sans les permis d\u00e9livr\u00e9s par l\u2019arm\u00e9e \u00bb.<\/p><\/blockquote>\n<p>Les organes de presse palestiniens ont publi\u00e9 des photos de foules enti\u00e8res qui tentaient de franchir les check-points militaires isra\u00e9liens afin de se rendre \u00e0 J\u00e9rusalem pour les pri\u00e8res du vendredi :<\/p>\n<blockquote class=\"twitter-tweet\" data-width=\"500\" data-dnt=\"true\">\n<p lang=\"ar\" dir=\"rtl\">\u062a\u063a\u0637\u064a\u0629 \u0635\u062d\u0641\u064a\u0629: &quot;\u062f\u062e\u0648\u0644 \u0627\u0644\u0641\u0644\u0633\u0637\u064a\u0646\u064a\u064a\u0646 \u0639\u0628\u0631 \u062d\u0627\u062c\u0632 \u0642\u0646\u062f\u064a\u0627 \u0644\u0644\u0648\u0635\u0648\u0644 \u0644\u0644\u0645\u0633\u062c\u062f \u0627\u0644\u0623\u0642\u0635\u0649 \u0644\u0623\u062f\u0627\u0621 \u0635\u0644\u0627\u0629 \u0627\u0644\u062c\u0645\u0639\u0629 \u0627\u0644\u0623\u0648\u0644\u0649 \u0641\u064a \u0634\u0647\u0631 \u0631\u0645\u0636\u0627\u0646&quot;. <a href=\"https:\/\/t.co\/AiQMrh25UZ\">pic.twitter.com\/AiQMrh25UZ<\/a><\/p>\n<p>&mdash; \u0634\u0628\u0643\u0629 \u0642\u062f\u0633 \u0627\u0644\u0625\u062e\u0628\u0627\u0631\u064a\u0629 (@qudsn) <a href=\"https:\/\/twitter.com\/qudsn\/status\/1639180554275811328?ref_src=twsrc%5Etfw\">March 24, 2023<\/a><\/p><\/blockquote>\n<p><script async src=\"https:\/\/platform.twitter.com\/widgets.js\" charset=\"utf-8\"><\/script><\/p>\n<p><strong>&nbsp;<\/strong><\/p>\n<p>Malgr\u00e9 l\u2019all\u00e8gement des restrictions, certains Palestiniens ont \u00e9t\u00e9 refoul\u00e9s au moment o\u00f9 ils tentaient d\u2019entrer \u00e0 <strong>J\u00e9rusalem<\/strong> :<\/p>\n<blockquote class=\"twitter-tweet\" data-width=\"500\" data-dnt=\"true\">\n<p lang=\"ar\" dir=\"rtl\">\u0642\u0648\u0627\u062a \u0627\u0644\u0627\u062d\u062a\u0644\u0627\u0644 \u062a\u0641\u0631\u0636 \u062a\u0634\u062f\u064a\u062f\u0627\u062a \u0639\u0644\u0649 \u0645\u0631\u0648\u0631 \u0627\u0644\u0645\u0635\u0644\u064a\u0646 \u0639\u0628\u0631 \u062d\u0627\u062c\u0632 \u0642\u0644\u0646\u062f\u064a\u0627 \u0634\u0645\u0627\u0644 \u0627\u0644\u0642\u062f\u0633 \u0641\u064a \u0627\u0644\u062c\u0645\u0639\u0629 \u0627\u0644\u0623\u0648\u0644\u0649 \u0645\u0646 \u0634\u0647\u0631 \u0631\u0645\u0636\u0627\u0646 <a href=\"https:\/\/t.co\/WXAYRnlTQ1\">pic.twitter.com\/WXAYRnlTQ1<\/a><\/p>\n<p>&mdash; \u0627\u0644\u0642\u0633\u0637\u0644 \u0627\u0644\u0625\u062e\u0628\u0627\u0631\u064a (@AlQastalps) <a href=\"https:\/\/twitter.com\/AlQastalps\/status\/1639256997802434560?ref_src=twsrc%5Etfw\">March 24, 2023<\/a><\/p><\/blockquote>\n<p><script async src=\"https:\/\/platform.twitter.com\/widgets.js\" charset=\"utf-8\"><\/script><\/p>\n<p>&nbsp;<\/p>\n<p>Les Palestiniens de <strong>Gaza<\/strong> \u00e2g\u00e9s de plus de 50 ans et plus <em>\u00ab seront en mesure de demander des autorisations de se rendre \u00e0 J\u00e9rusalem \u00bb<\/em> du dimanche au jeudi pour autant que la situation reste stable, et ils seront soumis \u00e0 des quotas, ont annonc\u00e9 les autorit\u00e9s d\u2019occupation.<\/p>\n<p>Le minist\u00e8re isra\u00e9lien des Affaires \u00e9trang\u00e8res a publi\u00e9 dans les m\u00e9dias sociaux une photo montrant des fid\u00e8les, avec le D\u00f4me du Rocher \u00e0 l\u2019arri\u00e8re-plan et scandant \u00ab<em> libert\u00e9 de culte<\/em> \u00bb face au site sacr\u00e9.<\/p>\n<p>Mais comme le fait remarquer <strong>Ir Amim,<\/strong> une organisation isra\u00e9lienne des droits humains,<\/p>\n<blockquote><p>\u00ab la p\u00e9riode sainte \u00e0 J\u00e9rusalem est souvent charg\u00e9e d\u2019une tension \u00e0 la hausse et de menaces de violence en cons\u00e9quence directe de la politique isra\u00e9lienne \u00e0 l\u2019\u00e9gard des fid\u00e8les \u00bb.<\/p><\/blockquote>\n<p>Et l\u2019organisation d\u2019ajouter que, lorsque la police<\/p>\n<blockquote><p>\u00ab ne per\u00e7oit pas l\u2019expression de la vie communautaire palestinienne comme un rassemblement dangereux devant \u00eatre dispers\u00e9 avec hostilit\u00e9, le Ramadan se d\u00e9roule avec un minimum d\u2019incidents \u00bb.<\/p><\/blockquote>\n<p>D\u00e9j\u00e0, lors du pr\u00e9sent Ramadan, des policiers sous le manteau ont recouru \u00e0 la violence contre des Palestiniens rassembl\u00e9s \u00e0 la porte de Damas menant \u00e0 la Vieille Ville de J\u00e9rusalem pour y c\u00e9l\u00e9brer la rupture du je\u00fbne :<\/p>\n<blockquote class=\"twitter-tweet\" data-width=\"500\" data-dnt=\"true\">\n<p lang=\"ar\" dir=\"rtl\">\u0641\u064a\u062f\u064a\u0648| \u0645\u0633\u062a\u0639\u0631\u0628\u0648\u0646 \u064a\u0639\u062a\u062f\u0648\u0646 \u0639\u0644\u0649 \u0627\u0644\u0634\u0628\u0627\u0646 \u0641\u064a \u0645\u0646\u0637\u0642\u0629 \u0628\u0627\u0628 \u0627\u0644\u0639\u0627\u0645\u0648\u062f \u0628\u0627\u0644\u0642\u062f\u0633. <a href=\"https:\/\/t.co\/mZXNrjnpe7\">pic.twitter.com\/mZXNrjnpe7<\/a><\/p>\n<p>&mdash; \u0634\u0628\u0643\u0629 \u0642\u062f\u0633 \u0627\u0644\u0625\u062e\u0628\u0627\u0631\u064a\u0629 (@qudsn) <a href=\"https:\/\/twitter.com\/qudsn\/status\/1639018812233359362?ref_src=twsrc%5Etfw\">March 23, 2023<\/a><\/p><\/blockquote>\n<p><script async src=\"https:\/\/platform.twitter.com\/widgets.js\" charset=\"utf-8\"><\/script><\/p>\n<blockquote class=\"twitter-tweet\" data-width=\"500\" data-dnt=\"true\">\n<p lang=\"ar\" dir=\"rtl\">\u0641\u064a\u062f\u064a\u0648| \u0642\u0648\u0627\u062a \u0627\u0644\u0627\u062d\u062a\u0644\u0627\u0644 \u062a\u0639\u062a\u062f\u064a \u0639\u0644\u0649 \u0628\u0633\u0637\u0627\u062a \u0627\u0644\u0628\u0627\u0639\u0629 \u0628\u0645\u0646\u0637\u0642\u0629 \u0628\u0627\u0628 \u0627\u0644\u0639\u0627\u0645\u0648\u062f \u0628\u0627\u0644\u0642\u062f\u0633 \u0627\u0644\u0645\u062d\u062a\u0644\u0629. <a href=\"https:\/\/t.co\/sdWCNP9s6P\">pic.twitter.com\/sdWCNP9s6P<\/a><\/p>\n<p>&mdash; \u0634\u0628\u0643\u0629 \u0642\u062f\u0633 \u0627\u0644\u0625\u062e\u0628\u0627\u0631\u064a\u0629 (@qudsn) <a href=\"https:\/\/twitter.com\/qudsn\/status\/1639017112835604480?ref_src=twsrc%5Etfw\">March 23, 2023<\/a><\/p><\/blockquote>\n<p><script async src=\"https:\/\/platform.twitter.com\/widgets.js\" charset=\"utf-8\"><\/script><\/p>\n<blockquote class=\"twitter-tweet\" data-width=\"500\" data-dnt=\"true\">\n<p lang=\"ar\" dir=\"rtl\">\u0634\u0627\u0647\u062f| \u0642\u0648\u0627\u062a \u0627\u0644\u0627\u062d\u062a\u0644\u0627\u0644 \u062a\u0639\u062a\u062f\u064a \u0639\u0644\u0649 \u0627\u0644\u0634\u0628\u0627\u0646 \u0627\u0644\u0645\u062a\u0648\u0627\u062c\u062f\u064a\u0646 \u0641\u064a \u0645\u0646\u0637\u0642\u0629 \u0628\u0627\u0628 \u0627\u0644\u0639\u0627\u0645\u0648\u062f \u0628\u0627\u0644\u0642\u062f\u0633 \u0627\u0644\u0645\u062d\u062a\u0644\u0629. <a href=\"https:\/\/t.co\/R8JrbAeefG\">pic.twitter.com\/R8JrbAeefG<\/a><\/p>\n<p>&mdash; \u0634\u0628\u0643\u0629 \u0642\u062f\u0633 \u0627\u0644\u0625\u062e\u0628\u0627\u0631\u064a\u0629 (@qudsn) <a href=\"https:\/\/twitter.com\/qudsn\/status\/1639014499557728257?ref_src=twsrc%5Etfw\">March 23, 2023<\/a><\/p><\/blockquote>\n<p><script async src=\"https:\/\/platform.twitter.com\/widgets.js\" charset=\"utf-8\"><\/script><\/p>\n<p>&nbsp;<\/p>\n<p>La d\u00e9cision prise par la police isra\u00e9lienne<strong> d\u2019emp\u00eacher les Palestiniens de se rassembler \u00e0 la porte de Damas lors du Ramadan<\/strong> faisait partie d\u2019une s\u00e9rie de mesures de provocation impos\u00e9es \u00e0 J\u00e9rusalem et qui avaient abouti \u00e0 une <strong>offensive militaire de 11 jours contre Gaza et provoqu\u00e9 le soul\u00e8vement de l\u2019Unit\u00e9<\/strong> contre la domination isra\u00e9lienne dans toute la Palestine.<\/p>\n<p>Vendredi, <em>Haaretz<\/em> a rapport\u00e9 que<\/p>\n<blockquote><p>\u00ab plus de 2 300 policiers veilleront sur la Vieille Ville et sur ses environs lors des pri\u00e8res de midi \u00bb.<\/p><\/blockquote>\n<p>Le journal ajoutait que la municipalit\u00e9 de J\u00e9rusalem \u2013 dirig\u00e9e par les Isra\u00e9liens \u2013<\/p>\n<blockquote><p>\u00ab avait \u00e9galement investi des fonds dans la production d\u2019\u00e9v\u00e9nements culturels et sportifs au profit des fid\u00e8les palestiniens \u00bb afin d\u2019\u00ab emp\u00eacher d\u2019importants rassemblements de jeunes \u00e0 la porte de Damas \u00bb.<\/p><\/blockquote>\n<p>Toujours selon <em>Haaretz<\/em>,<\/p>\n<blockquote><p>\u00ab des documents internes de la Ville sugg\u00e8rent que celle-ci tente de dissimuler le fait que les stands et activit\u00e9s sont financ\u00e9s par la municipalit\u00e9 et ce, afin d\u2019\u00e9viter le risque d\u2019\u00eatre snob\u00e9s par le public palestinien \u00bb.<\/p><\/blockquote>\n<p>Pendant ce temps, les autorit\u00e9s carc\u00e9rales isra\u00e9liennes ont, para\u00eet-il, atteint un arrangement afin d\u2019<strong>\u00e9viter une gr\u00e8ve de la faim massive<\/strong> <strong>parmi les prisonniers palestiniens durant le Ramadan<\/strong>.<\/p>\n<p>Le directeur du Club des prisonniers palestiniens a d\u00e9clar\u00e9 aux m\u00e9dias que les prisonniers demandaient que<\/p>\n<blockquote><p>\u00ab toute modification dans les conditions de leur emprisonnement soit discut\u00e9e au cabinet et non d\u00e9cid\u00e9e par les lubies personnelles \u00bb<\/p><\/blockquote>\n<p>d\u2019Itamar Ben-Gvir, le ministre isra\u00e9lien de la s\u00e9curit\u00e9 nationale.<\/p>\n<p>En f\u00e9vrier, Ben-Gvir avait enjoint au Service carc\u00e9ral isra\u00e9lien de limiter <em>\u00ab les douches \u00e0 quatre minutes par individu ou \u00e0 une heure d\u2019eau courante par aile de prison, \u00bb,<\/em> avaient d\u00e9clar\u00e9 des organisations des droits humains au d\u00e9but de ce mois.<\/p>\n<blockquote><p>\u00ab Cette restriction succ\u00e8de \u00e0 l\u2019interdiction des fours dans les prisons de Nafha et de Ketziot, ce qui s\u2019est traduit par une diminution sensible de la quantit\u00e9 de pain fournie\u00a0\u00bb,<\/p><\/blockquote>\n<p>ont ajout\u00e9 les organisations.<\/p>\n<p>Les organisations des droits ont remarqu\u00e9 un <em>\u00ab accroissement de la brutalit\u00e9 et de la violence \u00bb<\/em> contre les prisonniers palestiniens.<\/p>\n<p>L\u2019accord en vue de <a href=\"https:\/\/charleroi-pourlapalestine.be\/index.php\/2023\/03\/23\/nouvelle-victoire-des-prisonnier-e-s-palestinien-ne-s-contre-loccupation-israelienne\/\"><strong>suspendre une gr\u00e8ve de la faim massive<\/strong><\/a> est venu apr\u00e8s que la direction \u00e0 Ramallah et \u00e0 Gaza<\/p>\n<blockquote><p>\u00ab a exerc\u00e9 des pressions via les m\u00e9diateurs \u00e9gyptiens qui s\u2019\u00e9taient rencontr\u00e9s \u00e0 Sharm el-Sheikh (\u2026) afin d\u2019\u00e9viter une escalade des tensions lors du Ramadan \u00bb,<\/p><\/blockquote>\n<p>a rapport\u00e9 <em>Haaretz<\/em>.<\/p>\n<p><strong>Les responsables isra\u00e9liens et ceux de l\u2019Autorit\u00e9 palestinienne<\/strong> <strong>se sont rencontr\u00e9s dimanche dans la ville \u00e9gyptienne dans le cadre d\u2019un effort initi\u00e9 par les EU<\/strong> en vue de passer la p\u00e9riode des f\u00eates sans escalade de la violence.<\/p>\n<p>Isra\u00ebl a d\u00e9j\u00e0 trahi ses engagements de Sharm el-Sheikh en publiant des<strong> appels d\u2019offres pour plus de 1 000 nouvelles unit\u00e9s de peuplement en Cisjordanie<\/strong>, <strong>y compris \u00e0 J\u00e9rusalem-Est.<\/strong><\/p>\n<p>Mais Isra\u00ebl a restitu\u00e9 les corps des Palestiniens abattus par ses troupes (*), et ce, dans le cadre de <em>\u00ab mesures cens\u00e9es installer la confiance \u00bb<\/em> et encourag\u00e9es par Washington.<\/p>\n<p>Isra\u00ebl retient les corps des Palestiniens tu\u00e9s au cours d\u2019agressions et d\u2019agressions suppos\u00e9es ou r\u00e9elles, de fa\u00e7on \u00e0 pouvoir les utiliser comme monnaie d\u2019\u00e9change au cours de futures n\u00e9gociations.<\/p>\n<p>Vendredi, Isra\u00ebl a transf\u00e9r\u00e9 les corps de <strong>Tariq Maali<\/strong> et de <strong>Karam Salman.<\/strong><\/p>\n<p>Selon l\u2019organisation de contr\u00f4le des Nations unies, l\u2019OCHA, <strong>Maali<\/strong> avait \u00e9t\u00e9<\/p>\n<blockquote><p>\u00ab abattu et tu\u00e9 par un colon isra\u00e9lien dans un avant-poste nouvellement install\u00e9 pr\u00e8s de Ramallah, \u00ab lors d\u2019une tentative d\u2019agression au couteau, comme le montre une capture de vid\u00e9o publi\u00e9e dans les m\u00e9dias isra\u00e9liens \u00bb.<\/p><\/blockquote>\n<p><strong>Salman<\/strong>, qu\u2019on a pr\u00e9tendu arm\u00e9 d\u2019une arme de poing, a \u00e9t\u00e9<\/p>\n<blockquote><p>\u00ab mortellement abattu par un garde de la s\u00e9curit\u00e9 \u00e0 proximit\u00e9 de la colonie de Kedumim, dans le nord de la Cisjordanie \u00bb,<\/p><\/blockquote>\n<p>avait rapport\u00e9 <em>The Times of Israel<\/em> le 29 janvier.<\/p>\n<p style=\"text-align: center;\">*****&nbsp; &nbsp; &nbsp; &nbsp; &nbsp; &nbsp; &nbsp; &nbsp; &nbsp; &nbsp; &nbsp; &nbsp;<\/p>\n<p><a href=\"https:\/\/charleroi-pourlapalestine.be\/index.php\/tag\/maureen-clare-murphy\/\"><strong><img loading=\"lazy\" decoding=\"async\" class=\"alignleft wp-image-45540 size-full\" src=\"https:\/\/charleroi-pourlapalestine.be\/wp-content\/uploads\/2022\/10\/Maureen-Clare-Murphy-e1665914569514.jpg\" sizes=\"auto, (max-width: 150px) 100vw, 150px\" srcset=\"https:\/\/charleroi-pourlapalestine.be\/wp-content\/uploads\/2022\/10\/Maureen-Clare-Murphy-e1665914569514.jpg 150w, https:\/\/charleroi-pourlapalestine.be\/wp-content\/uploads\/2022\/10\/Maureen-Clare-Murphy-e1665914569514-80x80.jpg 80w\" alt=\"\" width=\"150\" height=\"150\">Maureen Clare Murphy<\/strong><\/a> est r\u00e9dactrice en chef de <em>The Electronic Intifada.<\/em><\/p>\n<div class=\"pf-content\">\n<p>&nbsp;&nbsp;&nbsp;&nbsp;&nbsp;&nbsp;&nbsp;&nbsp;&nbsp;&nbsp;&nbsp;&nbsp;&nbsp;&nbsp;&nbsp;&nbsp;&nbsp;&nbsp;&nbsp;&nbsp;&nbsp;&nbsp;&nbsp;&nbsp;&nbsp;&nbsp;&nbsp;&nbsp;&nbsp;&nbsp;&nbsp;&nbsp;&nbsp;&nbsp;&nbsp;&nbsp;&nbsp;&nbsp;&nbsp;&nbsp; *****<\/p>\n<p>Publi\u00e9 le 24 mars 2023 sur <a href=\"https:\/\/electronicintifada.net\/blogs\/maureen-clare-murphy\/palestinians-mark-ramadan-amid-israeli-repression\" target=\"_blank\" rel=\"noopener\">The Electronic Intifada<\/a><strong><br \/>\n<\/strong>Traduction : Jean-Marie Fl\u00e9mal,<a href=\"https:\/\/charleroi-pourlapalestine.be\/\"> Charleroi<\/a><a href=\"https:\/\/charleroi-pourlapalestine.be\/\"> p<\/a><a href=\"https:\/\/charleroi-pourlapalestine.be\/\">our<\/a><a href=\"https:\/\/charleroi-pourlapalestine.be\/\"> la Palestine<\/a><\/p>\n<p style=\"text-align: center;\">*****<\/p>\n<p>(*) Il s&rsquo;agit du transfert de<strong> deux<\/strong> corps de Palestiniens abattus par les forces isra\u00e9liennes.<\/p>\n<p>En d\u00e9cembre 2022, les corps d\u2019<strong>au moins 118 martyrs palestiniens se trouvaient dans des morgues<\/strong> isra\u00e9liennes, alors que <strong>253 autres \u00e9taient enterr\u00e9s dans <em>\u00ab les cimeti\u00e8res des nombres \u00bb<\/em><\/strong>.<\/p>\n<p>Lisez aussi : <a href=\"https:\/\/charleroi-pourlapalestine.be\/index.php\/2023\/03\/24\/a-loccasion-de-la-fete-des-meres-les-palestiniennes-se-mobilisent-pour-leurs-enfants-martyrs-et-leur-liberte\/\"><strong>A l\u2019occasion de la f\u00eate des m\u00e8res, les Palestiniennes se mobilisent pour leurs enfants martyrs et leur libert\u00e9.<\/strong><\/a><\/p>\n<\/div>\n<p>&nbsp;<\/p>\n","protected":false},"excerpt":{"rendered":"<p>Pour le premier jour du mois de je\u00fbne, Isra\u00ebl a d\u00e9j\u00e0 abattu et tu\u00e9 l\u2019un des fondateurs d\u2019une nouvelle organisation de r\u00e9sistance arm\u00e9e dans la ville de Tulkarem<\/p>\n","protected":false},"author":1,"featured_media":0,"comment_status":"closed","ping_status":"closed","sticky":false,"template":"","format":"standard","meta":{"ngg_post_thumbnail":0,"footnotes":""},"categories":[704,8,140,728,483,362],"tags":[],"class_list":["post-53783","post","type-post","status-publish","format-standard","hentry","category-assassinats-cibles","category-jerusalem","category-letat-colonial","category-liberte-de-mouvement","category-lieux-saints","category-repression-lautorite-palestinienne"],"yoast_head":"<!-- This site is optimized with the Yoast SEO plugin v27.3 - https:\/\/yoast.com\/product\/yoast-seo-wordpress\/ -->\n<title>Les Palestiniens font le Ramadan en pleine r\u00e9pression isra\u00e9lienne<\/title>\n<meta name=\"description\" content=\"Pour le premier jour du Ramadan, Isra\u00ebl a abattu et tu\u00e9 l\u2019un des fondateurs d\u2019une nouvelle organisation de r\u00e9sistance arm\u00e9e dans la ville de Tulkarem\" \/>\n<meta name=\"robots\" content=\"index, follow, max-snippet:-1, max-image-preview:large, max-video-preview:-1\" \/>\n<link rel=\"canonical\" href=\"https:\/\/charleroi-pourlapalestine.be\/index.php\/2023\/03\/25\/les-palestiniens-font-le-ramadan-en-pleine-repression-israelienne\/\" \/>\n<script type=\"application\/ld+json\" class=\"yoast-schema-graph\">{\"@context\":\"https:\\\/\\\/schema.org\",\"@graph\":[{\"@type\":\"Article\",\"@id\":\"https:\\\/\\\/charleroi-pourlapalestine.be\\\/index.php\\\/2023\\\/03\\\/25\\\/les-palestiniens-font-le-ramadan-en-pleine-repression-israelienne\\\/#article\",\"isPartOf\":{\"@id\":\"https:\\\/\\\/charleroi-pourlapalestine.be\\\/index.php\\\/2023\\\/03\\\/25\\\/les-palestiniens-font-le-ramadan-en-pleine-repression-israelienne\\\/\"},\"author\":{\"name\":\"admin1873\",\"@id\":\"https:\\\/\\\/charleroi-pourlapalestine.be\\\/#\\\/schema\\\/person\\\/c19ff515112f1299d8c12671d8fe3faa\"},\"headline\":\"Les Palestiniens font le Ramadan en pleine r\u00e9pression isra\u00e9lienne\",\"datePublished\":\"2023-03-25T13:23:19+00:00\",\"dateModified\":\"2023-03-25T14:33:31+00:00\",\"mainEntityOfPage\":{\"@id\":\"https:\\\/\\\/charleroi-pourlapalestine.be\\\/index.php\\\/2023\\\/03\\\/25\\\/les-palestiniens-font-le-ramadan-en-pleine-repression-israelienne\\\/\"},\"wordCount\":1984,\"publisher\":{\"@id\":\"https:\\\/\\\/charleroi-pourlapalestine.be\\\/#organization\"},\"image\":{\"@id\":\"https:\\\/\\\/charleroi-pourlapalestine.be\\\/index.php\\\/2023\\\/03\\\/25\\\/les-palestiniens-font-le-ramadan-en-pleine-repression-israelienne\\\/#primaryimage\"},\"thumbnailUrl\":\"https:\\\/\\\/charleroi-pourlapalestine.be\\\/wp-content\\\/uploads\\\/2023\\\/03\\\/Des-Palestiniens-franchissent-le-check-point-militaire-israelien-de-Qalandiya-pour-assister-aux-prieres-du-vendredi-a-Jerusalem.jpg\",\"articleSection\":[\"Assassinats cibl\u00e9s\",\"J\u00e9rusalem\",\"L'Etat colonial\",\"Libert\u00e9 de mouvement\",\"Lieux saints\",\"R\u00e9pression\"],\"inLanguage\":\"fr-FR\"},{\"@type\":\"WebPage\",\"@id\":\"https:\\\/\\\/charleroi-pourlapalestine.be\\\/index.php\\\/2023\\\/03\\\/25\\\/les-palestiniens-font-le-ramadan-en-pleine-repression-israelienne\\\/\",\"url\":\"https:\\\/\\\/charleroi-pourlapalestine.be\\\/index.php\\\/2023\\\/03\\\/25\\\/les-palestiniens-font-le-ramadan-en-pleine-repression-israelienne\\\/\",\"name\":\"Les Palestiniens font le Ramadan en pleine r\u00e9pression isra\u00e9lienne\",\"isPartOf\":{\"@id\":\"https:\\\/\\\/charleroi-pourlapalestine.be\\\/#website\"},\"primaryImageOfPage\":{\"@id\":\"https:\\\/\\\/charleroi-pourlapalestine.be\\\/index.php\\\/2023\\\/03\\\/25\\\/les-palestiniens-font-le-ramadan-en-pleine-repression-israelienne\\\/#primaryimage\"},\"image\":{\"@id\":\"https:\\\/\\\/charleroi-pourlapalestine.be\\\/index.php\\\/2023\\\/03\\\/25\\\/les-palestiniens-font-le-ramadan-en-pleine-repression-israelienne\\\/#primaryimage\"},\"thumbnailUrl\":\"https:\\\/\\\/charleroi-pourlapalestine.be\\\/wp-content\\\/uploads\\\/2023\\\/03\\\/Des-Palestiniens-franchissent-le-check-point-militaire-israelien-de-Qalandiya-pour-assister-aux-prieres-du-vendredi-a-Jerusalem.jpg\",\"datePublished\":\"2023-03-25T13:23:19+00:00\",\"dateModified\":\"2023-03-25T14:33:31+00:00\",\"description\":\"Pour le premier jour du Ramadan, Isra\u00ebl a abattu et tu\u00e9 l\u2019un des fondateurs d\u2019une nouvelle organisation de r\u00e9sistance arm\u00e9e dans la ville de Tulkarem\",\"breadcrumb\":{\"@id\":\"https:\\\/\\\/charleroi-pourlapalestine.be\\\/index.php\\\/2023\\\/03\\\/25\\\/les-palestiniens-font-le-ramadan-en-pleine-repression-israelienne\\\/#breadcrumb\"},\"inLanguage\":\"fr-FR\",\"potentialAction\":[{\"@type\":\"ReadAction\",\"target\":[\"https:\\\/\\\/charleroi-pourlapalestine.be\\\/index.php\\\/2023\\\/03\\\/25\\\/les-palestiniens-font-le-ramadan-en-pleine-repression-israelienne\\\/\"]}]},{\"@type\":\"ImageObject\",\"inLanguage\":\"fr-FR\",\"@id\":\"https:\\\/\\\/charleroi-pourlapalestine.be\\\/index.php\\\/2023\\\/03\\\/25\\\/les-palestiniens-font-le-ramadan-en-pleine-repression-israelienne\\\/#primaryimage\",\"url\":\"\",\"contentUrl\":\"\"},{\"@type\":\"BreadcrumbList\",\"@id\":\"https:\\\/\\\/charleroi-pourlapalestine.be\\\/index.php\\\/2023\\\/03\\\/25\\\/les-palestiniens-font-le-ramadan-en-pleine-repression-israelienne\\\/#breadcrumb\",\"itemListElement\":[{\"@type\":\"ListItem\",\"position\":1,\"name\":\"Accueil\",\"item\":\"https:\\\/\\\/charleroi-pourlapalestine.be\\\/\"},{\"@type\":\"ListItem\",\"position\":2,\"name\":\"Les Palestiniens font le Ramadan en pleine r\u00e9pression isra\u00e9lienne\"}]},{\"@type\":\"WebSite\",\"@id\":\"https:\\\/\\\/charleroi-pourlapalestine.be\\\/#website\",\"url\":\"https:\\\/\\\/charleroi-pourlapalestine.be\\\/\",\"name\":\"Charleroi Pour la Palestine\",\"description\":\"\",\"publisher\":{\"@id\":\"https:\\\/\\\/charleroi-pourlapalestine.be\\\/#organization\"},\"potentialAction\":[{\"@type\":\"SearchAction\",\"target\":{\"@type\":\"EntryPoint\",\"urlTemplate\":\"https:\\\/\\\/charleroi-pourlapalestine.be\\\/?s={search_term_string}\"},\"query-input\":{\"@type\":\"PropertyValueSpecification\",\"valueRequired\":true,\"valueName\":\"search_term_string\"}}],\"inLanguage\":\"fr-FR\"},{\"@type\":\"Organization\",\"@id\":\"https:\\\/\\\/charleroi-pourlapalestine.be\\\/#organization\",\"name\":\"Plate-forme Charleroi-Palestine\",\"url\":\"https:\\\/\\\/charleroi-pourlapalestine.be\\\/\",\"logo\":{\"@type\":\"ImageObject\",\"inLanguage\":\"fr-FR\",\"@id\":\"https:\\\/\\\/charleroi-pourlapalestine.be\\\/#\\\/schema\\\/logo\\\/image\\\/\",\"url\":\"https:\\\/\\\/charleroi-pourlapalestine.be\\\/wp-content\\\/uploads\\\/2020\\\/01\\\/logo-Copy.jpg\",\"contentUrl\":\"https:\\\/\\\/charleroi-pourlapalestine.be\\\/wp-content\\\/uploads\\\/2020\\\/01\\\/logo-Copy.jpg\",\"width\":180,\"height\":180,\"caption\":\"Plate-forme Charleroi-Palestine\"},\"image\":{\"@id\":\"https:\\\/\\\/charleroi-pourlapalestine.be\\\/#\\\/schema\\\/logo\\\/image\\\/\"},\"sameAs\":[\"https:\\\/\\\/www.facebook.com\\\/PlateformeCharleroiPalestine\\\/\",\"https:\\\/\\\/x.com\\\/LaCharleroi\"]},{\"@type\":\"Person\",\"@id\":\"https:\\\/\\\/charleroi-pourlapalestine.be\\\/#\\\/schema\\\/person\\\/c19ff515112f1299d8c12671d8fe3faa\",\"name\":\"admin1873\",\"url\":\"https:\\\/\\\/charleroi-pourlapalestine.be\\\/index.php\\\/author\\\/admin1873\\\/\"}]}<\/script>\n<!-- \/ Yoast SEO plugin. -->","yoast_head_json":{"title":"Les Palestiniens font le Ramadan en pleine r\u00e9pression isra\u00e9lienne","description":"Pour le premier jour du Ramadan, Isra\u00ebl a abattu et tu\u00e9 l\u2019un des fondateurs d\u2019une nouvelle organisation de r\u00e9sistance arm\u00e9e dans la ville de Tulkarem","robots":{"index":"index","follow":"follow","max-snippet":"max-snippet:-1","max-image-preview":"max-image-preview:large","max-video-preview":"max-video-preview:-1"},"canonical":"https:\/\/charleroi-pourlapalestine.be\/index.php\/2023\/03\/25\/les-palestiniens-font-le-ramadan-en-pleine-repression-israelienne\/","schema":{"@context":"https:\/\/schema.org","@graph":[{"@type":"Article","@id":"https:\/\/charleroi-pourlapalestine.be\/index.php\/2023\/03\/25\/les-palestiniens-font-le-ramadan-en-pleine-repression-israelienne\/#article","isPartOf":{"@id":"https:\/\/charleroi-pourlapalestine.be\/index.php\/2023\/03\/25\/les-palestiniens-font-le-ramadan-en-pleine-repression-israelienne\/"},"author":{"name":"admin1873","@id":"https:\/\/charleroi-pourlapalestine.be\/#\/schema\/person\/c19ff515112f1299d8c12671d8fe3faa"},"headline":"Les Palestiniens font le Ramadan en pleine r\u00e9pression isra\u00e9lienne","datePublished":"2023-03-25T13:23:19+00:00","dateModified":"2023-03-25T14:33:31+00:00","mainEntityOfPage":{"@id":"https:\/\/charleroi-pourlapalestine.be\/index.php\/2023\/03\/25\/les-palestiniens-font-le-ramadan-en-pleine-repression-israelienne\/"},"wordCount":1984,"publisher":{"@id":"https:\/\/charleroi-pourlapalestine.be\/#organization"},"image":{"@id":"https:\/\/charleroi-pourlapalestine.be\/index.php\/2023\/03\/25\/les-palestiniens-font-le-ramadan-en-pleine-repression-israelienne\/#primaryimage"},"thumbnailUrl":"https:\/\/charleroi-pourlapalestine.be\/wp-content\/uploads\/2023\/03\/Des-Palestiniens-franchissent-le-check-point-militaire-israelien-de-Qalandiya-pour-assister-aux-prieres-du-vendredi-a-Jerusalem.jpg","articleSection":["Assassinats cibl\u00e9s","J\u00e9rusalem","L'Etat colonial","Libert\u00e9 de mouvement","Lieux saints","R\u00e9pression"],"inLanguage":"fr-FR"},{"@type":"WebPage","@id":"https:\/\/charleroi-pourlapalestine.be\/index.php\/2023\/03\/25\/les-palestiniens-font-le-ramadan-en-pleine-repression-israelienne\/","url":"https:\/\/charleroi-pourlapalestine.be\/index.php\/2023\/03\/25\/les-palestiniens-font-le-ramadan-en-pleine-repression-israelienne\/","name":"Les Palestiniens font le Ramadan en pleine r\u00e9pression isra\u00e9lienne","isPartOf":{"@id":"https:\/\/charleroi-pourlapalestine.be\/#website"},"primaryImageOfPage":{"@id":"https:\/\/charleroi-pourlapalestine.be\/index.php\/2023\/03\/25\/les-palestiniens-font-le-ramadan-en-pleine-repression-israelienne\/#primaryimage"},"image":{"@id":"https:\/\/charleroi-pourlapalestine.be\/index.php\/2023\/03\/25\/les-palestiniens-font-le-ramadan-en-pleine-repression-israelienne\/#primaryimage"},"thumbnailUrl":"https:\/\/charleroi-pourlapalestine.be\/wp-content\/uploads\/2023\/03\/Des-Palestiniens-franchissent-le-check-point-militaire-israelien-de-Qalandiya-pour-assister-aux-prieres-du-vendredi-a-Jerusalem.jpg","datePublished":"2023-03-25T13:23:19+00:00","dateModified":"2023-03-25T14:33:31+00:00","description":"Pour le premier jour du Ramadan, Isra\u00ebl a abattu et tu\u00e9 l\u2019un des fondateurs d\u2019une nouvelle organisation de r\u00e9sistance arm\u00e9e dans la ville de Tulkarem","breadcrumb":{"@id":"https:\/\/charleroi-pourlapalestine.be\/index.php\/2023\/03\/25\/les-palestiniens-font-le-ramadan-en-pleine-repression-israelienne\/#breadcrumb"},"inLanguage":"fr-FR","potentialAction":[{"@type":"ReadAction","target":["https:\/\/charleroi-pourlapalestine.be\/index.php\/2023\/03\/25\/les-palestiniens-font-le-ramadan-en-pleine-repression-israelienne\/"]}]},{"@type":"ImageObject","inLanguage":"fr-FR","@id":"https:\/\/charleroi-pourlapalestine.be\/index.php\/2023\/03\/25\/les-palestiniens-font-le-ramadan-en-pleine-repression-israelienne\/#primaryimage","url":"","contentUrl":""},{"@type":"BreadcrumbList","@id":"https:\/\/charleroi-pourlapalestine.be\/index.php\/2023\/03\/25\/les-palestiniens-font-le-ramadan-en-pleine-repression-israelienne\/#breadcrumb","itemListElement":[{"@type":"ListItem","position":1,"name":"Accueil","item":"https:\/\/charleroi-pourlapalestine.be\/"},{"@type":"ListItem","position":2,"name":"Les Palestiniens font le Ramadan en pleine r\u00e9pression isra\u00e9lienne"}]},{"@type":"WebSite","@id":"https:\/\/charleroi-pourlapalestine.be\/#website","url":"https:\/\/charleroi-pourlapalestine.be\/","name":"Charleroi Pour la Palestine","description":"","publisher":{"@id":"https:\/\/charleroi-pourlapalestine.be\/#organization"},"potentialAction":[{"@type":"SearchAction","target":{"@type":"EntryPoint","urlTemplate":"https:\/\/charleroi-pourlapalestine.be\/?s={search_term_string}"},"query-input":{"@type":"PropertyValueSpecification","valueRequired":true,"valueName":"search_term_string"}}],"inLanguage":"fr-FR"},{"@type":"Organization","@id":"https:\/\/charleroi-pourlapalestine.be\/#organization","name":"Plate-forme Charleroi-Palestine","url":"https:\/\/charleroi-pourlapalestine.be\/","logo":{"@type":"ImageObject","inLanguage":"fr-FR","@id":"https:\/\/charleroi-pourlapalestine.be\/#\/schema\/logo\/image\/","url":"https:\/\/charleroi-pourlapalestine.be\/wp-content\/uploads\/2020\/01\/logo-Copy.jpg","contentUrl":"https:\/\/charleroi-pourlapalestine.be\/wp-content\/uploads\/2020\/01\/logo-Copy.jpg","width":180,"height":180,"caption":"Plate-forme Charleroi-Palestine"},"image":{"@id":"https:\/\/charleroi-pourlapalestine.be\/#\/schema\/logo\/image\/"},"sameAs":["https:\/\/www.facebook.com\/PlateformeCharleroiPalestine\/","https:\/\/x.com\/LaCharleroi"]},{"@type":"Person","@id":"https:\/\/charleroi-pourlapalestine.be\/#\/schema\/person\/c19ff515112f1299d8c12671d8fe3faa","name":"admin1873","url":"https:\/\/charleroi-pourlapalestine.be\/index.php\/author\/admin1873\/"}]}},"_links":{"self":[{"href":"https:\/\/charleroi-pourlapalestine.be\/index.php\/wp-json\/wp\/v2\/posts\/53783","targetHints":{"allow":["GET"]}}],"collection":[{"href":"https:\/\/charleroi-pourlapalestine.be\/index.php\/wp-json\/wp\/v2\/posts"}],"about":[{"href":"https:\/\/charleroi-pourlapalestine.be\/index.php\/wp-json\/wp\/v2\/types\/post"}],"author":[{"embeddable":true,"href":"https:\/\/charleroi-pourlapalestine.be\/index.php\/wp-json\/wp\/v2\/users\/1"}],"replies":[{"embeddable":true,"href":"https:\/\/charleroi-pourlapalestine.be\/index.php\/wp-json\/wp\/v2\/comments?post=53783"}],"version-history":[{"count":0,"href":"https:\/\/charleroi-pourlapalestine.be\/index.php\/wp-json\/wp\/v2\/posts\/53783\/revisions"}],"wp:attachment":[{"href":"https:\/\/charleroi-pourlapalestine.be\/index.php\/wp-json\/wp\/v2\/media?parent=53783"}],"wp:term":[{"taxonomy":"category","embeddable":true,"href":"https:\/\/charleroi-pourlapalestine.be\/index.php\/wp-json\/wp\/v2\/categories?post=53783"},{"taxonomy":"post_tag","embeddable":true,"href":"https:\/\/charleroi-pourlapalestine.be\/index.php\/wp-json\/wp\/v2\/tags?post=53783"}],"curies":[{"name":"wp","href":"https:\/\/api.w.org\/{rel}","templated":true}]}}