{"id":54033,"date":"2023-04-02T10:09:35","date_gmt":"2023-04-02T08:09:35","guid":{"rendered":"https:\/\/charleroi-pourlapalestine.be\/?p=54033"},"modified":"2023-04-02T10:10:50","modified_gmt":"2023-04-02T08:10:50","slug":"action-a-charleroi-pour-la-liberation-de-georges-abdallah-et-de-walid-daqqah","status":"publish","type":"post","link":"https:\/\/charleroi-pourlapalestine.be\/index.php\/2023\/04\/02\/action-a-charleroi-pour-la-liberation-de-georges-abdallah-et-de-walid-daqqah\/","title":{"rendered":"Action \u00e0 Charleroi pour la lib\u00e9ration de Georges Abdallah et de Walid Daqqah"},"content":{"rendered":"\n<p><\/p>\n\n\n\n<p><\/p>\n\n\n\n<p><\/p>\n\n\n\n<p><\/p>\n\n\n<p>Le 17 f\u00e9vrier 1942 naissait Huey P. Newton, co-fondateur du Black Panther Party (BPP), figure historique des Black Panthers. Pour la pr\u00e9face de son autobiographie,<em><strong> Le Suicide r\u00e9volutionnaire<\/strong><\/em>, publi\u00e9e aux \u00e9ditions Premiers Matins de Novembre, <strong>Ahmad Sa\u2019adat, <\/strong>secr\u00e9taire g\u00e9n\u00e9ral du Front Populaire de Lib\u00e9ration de la Palestine (FPLP), <a href=\"https:\/\/charleroi-pourlapalestine.be\/index.php\/2020\/02\/23\/hommage-de-la-revolution-palestinienne-aux-black-panthers\/\">\u00e9voquait <\/a>trois des plus vieux prisonniers politiques du monde.<\/p>\n<blockquote>\n<p><strong><em>\u00ab Qu\u2019ils s\u2019appellent Mumia Abu-Jamal , Walid Daqqah ou Georges Ibrahim Abdallah, les prisonniers politiques derri\u00e8re les barreaux peuvent et doivent \u00eatre une priorit\u00e9 pour nos mouvements<\/em><\/strong><\/p>\n<\/blockquote>\n<p><a href=\"https:\/\/charleroi-pourlapalestine.be\/index.php\/2012\/06\/16\/georges-ibrahim-abdallah-un-des-plus-vieux-prisonniers-politiques-au-monde\/\"><strong><br>Mumia Abu-Jamal <\/strong><\/a>est emprisonn\u00e9 depuis le 9 d\u00e9cembre 1981 aux Etats-Unis<br><a href=\"https:\/\/charleroi-pourlapalestine.be\/index.php\/tag\/walid-daqqa\/\"><strong>Walid Daqqah<\/strong><\/a> est emprisonn\u00e9 depuis le 25 mars 1986 en Isra\u00ebl<br><a href=\"https:\/\/charleroi-pourlapalestine.be\/index.php\/tag\/georges-abdallah\/\"><strong>Georges Ibrahim Abdallah<\/strong>,<\/a> est emprisonn\u00e9 depuis le 24 octobre 1984 en France<\/p>\n<p>&nbsp;<\/p>\n<h3>Ce samedi 1er avril, la Plate-forme Charleroi-Palestine s&rsquo;est mobilis\u00e9e pour la lib\u00e9ration de Georges Abdallah et Walid Daqqah et avait install\u00e9 une tonnelle Place Verte.<\/h3>\n<p>Un flyer a \u00e9t\u00e9 distribu\u00e9 et de nombreuses personnes, surtout des jeunes, ont accept\u00e9 de montrer leur soutien en photos.<\/p>\n<p>&nbsp;<\/p>\n<p><img loading=\"lazy\" decoding=\"async\" class=\"aligncenter wp-image-54097 size-full\" src=\"https:\/\/charleroi-pourlapalestine.be\/wp-content\/uploads\/2023\/04\/IMG_20230401_1528231-scaled-e1680418005386.jpg\" alt=\"Soutien \u00e0 Georges Abdallah et Walid Daqqah le 1er avril \u00e0 Charleroi\" width=\"693\" height=\"520\" srcset=\"https:\/\/charleroi-pourlapalestine.be\/wp-content\/uploads\/2023\/04\/IMG_20230401_1528231-scaled-e1680418005386.jpg 693w, https:\/\/charleroi-pourlapalestine.be\/wp-content\/uploads\/2023\/04\/IMG_20230401_1528231-scaled-e1680418005386-300x225.jpg 300w\" sizes=\"auto, (max-width: 693px) 100vw, 693px\" \/><\/p>\n<p>&nbsp;<\/p>\n<p>&nbsp;<\/p>\n<p><img loading=\"lazy\" decoding=\"async\" class=\"aligncenter wp-image-54068 size-full\" src=\"https:\/\/charleroi-pourlapalestine.be\/wp-content\/uploads\/2023\/04\/Stand-Georges-Abdallah-et-Walid-Duqqah-2.jpg\" alt=\"Soutien \u00e0 Georges Abdallah et Walid Daqqah le 1er avril \u00e0 Charleroi\" width=\"2048\" height=\"1536\" srcset=\"https:\/\/charleroi-pourlapalestine.be\/wp-content\/uploads\/2023\/04\/Stand-Georges-Abdallah-et-Walid-Duqqah-2.jpg 2048w, https:\/\/charleroi-pourlapalestine.be\/wp-content\/uploads\/2023\/04\/Stand-Georges-Abdallah-et-Walid-Duqqah-2-300x225.jpg 300w, https:\/\/charleroi-pourlapalestine.be\/wp-content\/uploads\/2023\/04\/Stand-Georges-Abdallah-et-Walid-Duqqah-2-1024x768.jpg 1024w, https:\/\/charleroi-pourlapalestine.be\/wp-content\/uploads\/2023\/04\/Stand-Georges-Abdallah-et-Walid-Duqqah-2-768x576.jpg 768w, https:\/\/charleroi-pourlapalestine.be\/wp-content\/uploads\/2023\/04\/Stand-Georges-Abdallah-et-Walid-Duqqah-2-1536x1152.jpg 1536w\" sizes=\"auto, (max-width: 2048px) 100vw, 2048px\" \/><\/p>\n<p><img loading=\"lazy\" decoding=\"async\" class=\"aligncenter wp-image-54072 size-full\" src=\"https:\/\/charleroi-pourlapalestine.be\/wp-content\/uploads\/2023\/04\/Stand-Georges-Abdallah-et-Walid-Duqqah-11-e1680374083225.jpg\" alt=\"\" width=\"715\" height=\"536\" srcset=\"https:\/\/charleroi-pourlapalestine.be\/wp-content\/uploads\/2023\/04\/Stand-Georges-Abdallah-et-Walid-Duqqah-11-e1680374083225.jpg 715w, https:\/\/charleroi-pourlapalestine.be\/wp-content\/uploads\/2023\/04\/Stand-Georges-Abdallah-et-Walid-Duqqah-11-e1680374083225-300x225.jpg 300w\" sizes=\"auto, (max-width: 715px) 100vw, 715px\" \/><\/p>\n<p>&nbsp;<\/p>\n<p><img loading=\"lazy\" decoding=\"async\" class=\"alignnone wp-image-54069 size-full\" src=\"https:\/\/charleroi-pourlapalestine.be\/wp-content\/uploads\/2023\/04\/Stand-Georges-Abdallah-et-Walid-Duqqah-8-e1680373865551.jpg\" alt=\"Soutien \u00e0 Georges Abdallah et Walid Daqqah le 1er avril \u00e0 Charleroi\" width=\"715\" height=\"536\" srcset=\"https:\/\/charleroi-pourlapalestine.be\/wp-content\/uploads\/2023\/04\/Stand-Georges-Abdallah-et-Walid-Duqqah-8-e1680373865551.jpg 715w, https:\/\/charleroi-pourlapalestine.be\/wp-content\/uploads\/2023\/04\/Stand-Georges-Abdallah-et-Walid-Duqqah-8-e1680373865551-300x225.jpg 300w\" sizes=\"auto, (max-width: 715px) 100vw, 715px\" \/><\/p>\n<h3><img loading=\"lazy\" decoding=\"async\" class=\"alignnone wp-image-54082 size-full\" src=\"https:\/\/charleroi-pourlapalestine.be\/wp-content\/uploads\/2023\/04\/Stand-Georges-Abdallah-et-Walid-Duqqah-15-e1680375636648.jpg\" alt=\"Soutien \u00e0 Georges Abdallah et Walid Daqqah le 1er avril \u00e0 Charleroi\" width=\"715\" height=\"536\" srcset=\"https:\/\/charleroi-pourlapalestine.be\/wp-content\/uploads\/2023\/04\/Stand-Georges-Abdallah-et-Walid-Duqqah-15-e1680375636648.jpg 715w, https:\/\/charleroi-pourlapalestine.be\/wp-content\/uploads\/2023\/04\/Stand-Georges-Abdallah-et-Walid-Duqqah-15-e1680375636648-300x225.jpg 300w\" sizes=\"auto, (max-width: 715px) 100vw, 715px\" \/><\/h3>\n<h3><img loading=\"lazy\" decoding=\"async\" class=\"alignnone wp-image-54104 size-full\" src=\"https:\/\/charleroi-pourlapalestine.be\/wp-content\/uploads\/2023\/04\/IMG_20230401_162716-scaled-e1680418707631.jpg\" alt=\"\" width=\"693\" height=\"520\" srcset=\"https:\/\/charleroi-pourlapalestine.be\/wp-content\/uploads\/2023\/04\/IMG_20230401_162716-scaled-e1680418707631.jpg 693w, https:\/\/charleroi-pourlapalestine.be\/wp-content\/uploads\/2023\/04\/IMG_20230401_162716-scaled-e1680418707631-300x225.jpg 300w\" sizes=\"auto, (max-width: 693px) 100vw, 693px\" \/><\/h3>\n<p>&nbsp;<\/p>\n<h3>Georges Ibrahim Abdallah<\/h3>\n<p>Le 2 avril prochain marquera le 72e anniversaire de Georges Abdallah, communiste arabe et combattant de la r\u00e9sistance palestinienne emprisonn\u00e9 en France depuis 1984. A cette occasion, la<strong> Campagne unitaire pour la lib\u00e9ration de Georges Abdallah<\/strong> initie une <strong>semaine internationale d\u2019actions du 25 mars au 2 avril.<\/strong><\/p>\n<p>De nombreux passants ont r\u00e9pondu \u00e0 notre invitation d&rsquo;\u00e9crire \u00e0 Georges et d&rsquo;envoyer des cartes \u00e0 Macron, pour qu&rsquo;il signe l&rsquo;arr\u00eat d&rsquo;expulsion de Georges vers le Liban. Lib\u00e9rable depuis 1999, c&rsquo;est en fait le seul obstacle pour que Georges puisse enfin retrouver les siens au Liban.<\/p>\n<p>&nbsp;<\/p>\n<p><img loading=\"lazy\" decoding=\"async\" class=\"alignnone wp-image-54074 size-full\" src=\"https:\/\/charleroi-pourlapalestine.be\/wp-content\/uploads\/2023\/04\/Stand-Georges-Abdallah-et-Walid-Duqqah-3-e1680374224420.jpg\" alt=\"Soutien \u00e0 Georges Abdallah et Walid Daqqah le 1er avril \u00e0 Charleroi\" width=\"715\" height=\"536\" srcset=\"https:\/\/charleroi-pourlapalestine.be\/wp-content\/uploads\/2023\/04\/Stand-Georges-Abdallah-et-Walid-Duqqah-3-e1680374224420.jpg 715w, https:\/\/charleroi-pourlapalestine.be\/wp-content\/uploads\/2023\/04\/Stand-Georges-Abdallah-et-Walid-Duqqah-3-e1680374224420-300x225.jpg 300w\" sizes=\"auto, (max-width: 715px) 100vw, 715px\" \/><\/p>\n<p><img loading=\"lazy\" decoding=\"async\" class=\"alignnone wp-image-54093 size-full\" src=\"https:\/\/charleroi-pourlapalestine.be\/wp-content\/uploads\/2023\/04\/Samidoun-Georges-Abdallah-e1680376737967.jpg\" alt=\"Soutien \u00e0 Georges Abdallah et Walid Daqqah le 1er avril \u00e0 Charleroi\" width=\"715\" height=\"536\" srcset=\"https:\/\/charleroi-pourlapalestine.be\/wp-content\/uploads\/2023\/04\/Samidoun-Georges-Abdallah-e1680376737967.jpg 715w, https:\/\/charleroi-pourlapalestine.be\/wp-content\/uploads\/2023\/04\/Samidoun-Georges-Abdallah-e1680376737967-300x225.jpg 300w\" sizes=\"auto, (max-width: 715px) 100vw, 715px\" \/><\/p>\n<p><img loading=\"lazy\" decoding=\"async\" class=\"aligncenter wp-image-54100 size-full\" src=\"https:\/\/charleroi-pourlapalestine.be\/wp-content\/uploads\/2023\/04\/IMG_20230401_1610021-scaled-e1680418425142.jpg\" alt=\"\" width=\"693\" height=\"520\" srcset=\"https:\/\/charleroi-pourlapalestine.be\/wp-content\/uploads\/2023\/04\/IMG_20230401_1610021-scaled-e1680418425142.jpg 693w, https:\/\/charleroi-pourlapalestine.be\/wp-content\/uploads\/2023\/04\/IMG_20230401_1610021-scaled-e1680418425142-300x225.jpg 300w\" sizes=\"auto, (max-width: 693px) 100vw, 693px\" \/><\/p>\n<p><img loading=\"lazy\" decoding=\"async\" class=\"aligncenter wp-image-54083 size-full\" src=\"https:\/\/charleroi-pourlapalestine.be\/wp-content\/uploads\/2023\/04\/Stand-Georges-Abdallah-et-Walid-Duqqah-18-e1680375828224.jpg\" alt=\"\" width=\"715\" height=\"536\" srcset=\"https:\/\/charleroi-pourlapalestine.be\/wp-content\/uploads\/2023\/04\/Stand-Georges-Abdallah-et-Walid-Duqqah-18-e1680375828224.jpg 715w, https:\/\/charleroi-pourlapalestine.be\/wp-content\/uploads\/2023\/04\/Stand-Georges-Abdallah-et-Walid-Duqqah-18-e1680375828224-300x225.jpg 300w\" sizes=\"auto, (max-width: 715px) 100vw, 715px\" \/><\/p>\n<p><img loading=\"lazy\" decoding=\"async\" class=\"wp-image-54106 size-full aligncenter\" src=\"https:\/\/charleroi-pourlapalestine.be\/wp-content\/uploads\/2023\/04\/IMG_20230401_165345-scaled-e1680418926771.jpg\" alt=\"\" width=\"693\" height=\"520\" srcset=\"https:\/\/charleroi-pourlapalestine.be\/wp-content\/uploads\/2023\/04\/IMG_20230401_165345-scaled-e1680418926771.jpg 693w, https:\/\/charleroi-pourlapalestine.be\/wp-content\/uploads\/2023\/04\/IMG_20230401_165345-scaled-e1680418926771-300x225.jpg 300w\" sizes=\"auto, (max-width: 693px) 100vw, 693px\" \/><\/p>\n<p><img loading=\"lazy\" decoding=\"async\" class=\"aligncenter wp-image-54114 size-full\" src=\"https:\/\/charleroi-pourlapalestine.be\/wp-content\/uploads\/2023\/04\/received_1212206366326803-e1680421854417.jpeg\" alt=\"\" width=\"521\" height=\"1159\" srcset=\"https:\/\/charleroi-pourlapalestine.be\/wp-content\/uploads\/2023\/04\/received_1212206366326803-e1680421854417.jpeg 521w, https:\/\/charleroi-pourlapalestine.be\/wp-content\/uploads\/2023\/04\/received_1212206366326803-e1680421854417-135x300.jpeg 135w, https:\/\/charleroi-pourlapalestine.be\/wp-content\/uploads\/2023\/04\/received_1212206366326803-e1680421854417-460x1024.jpeg 460w\" sizes=\"auto, (max-width: 521px) 100vw, 521px\" \/><\/p>\n<h3>&nbsp;<\/h3>\n<h3>Walid Daqqah<\/h3>\n<p>Sachant que <a href=\"https:\/\/charleroi-pourlapalestine.be\/index.php\/2023\/03\/31\/liberte-pour-walid-daqqah-intellectuel-et-prisonnier-palestinien-gravement-malade\/\">la vie du prisonnier politique Walid Daqqah est en danger<\/a>, nous avons aussi interpell\u00e9 les personnes qui ont rejoint notre stand \u00e0 son sujet. Beaucoup d&rsquo;entre elles, ont soulign\u00e9 la cruaut\u00e9 de l&rsquo;occupation et de la colonisation palestinienne et ont d\u00e9sir\u00e9 rejoindre nos futures actions.<\/p>\n<p><img loading=\"lazy\" decoding=\"async\" class=\"aligncenter wp-image-54076 size-full\" src=\"https:\/\/charleroi-pourlapalestine.be\/wp-content\/uploads\/2023\/04\/Stand-Georges-Abdallah-et-Walid-Duqqah-6-e1680374485670.jpg\" alt=\"\" width=\"715\" height=\"536\" srcset=\"https:\/\/charleroi-pourlapalestine.be\/wp-content\/uploads\/2023\/04\/Stand-Georges-Abdallah-et-Walid-Duqqah-6-e1680374485670.jpg 715w, https:\/\/charleroi-pourlapalestine.be\/wp-content\/uploads\/2023\/04\/Stand-Georges-Abdallah-et-Walid-Duqqah-6-e1680374485670-300x225.jpg 300w\" sizes=\"auto, (max-width: 715px) 100vw, 715px\" \/><\/p>\n<p><img loading=\"lazy\" decoding=\"async\" class=\"aligncenter wp-image-54110 size-full\" src=\"https:\/\/charleroi-pourlapalestine.be\/wp-content\/uploads\/2023\/04\/Stand-Georges-Abdallah-et-Walid-Duqqah-21-e1680419287401.jpg\" alt=\"\" width=\"715\" height=\"536\" srcset=\"https:\/\/charleroi-pourlapalestine.be\/wp-content\/uploads\/2023\/04\/Stand-Georges-Abdallah-et-Walid-Duqqah-21-e1680419287401.jpg 715w, https:\/\/charleroi-pourlapalestine.be\/wp-content\/uploads\/2023\/04\/Stand-Georges-Abdallah-et-Walid-Duqqah-21-e1680419287401-300x225.jpg 300w\" sizes=\"auto, (max-width: 715px) 100vw, 715px\" \/><\/p>\n<p><img loading=\"lazy\" decoding=\"async\" class=\"aligncenter wp-image-54118 size-full\" src=\"https:\/\/charleroi-pourlapalestine.be\/wp-content\/uploads\/2023\/04\/IMG_20230401_160347-scaled-e1680422073842.jpg\" alt=\"\" width=\"520\" height=\"693\" srcset=\"https:\/\/charleroi-pourlapalestine.be\/wp-content\/uploads\/2023\/04\/IMG_20230401_160347-scaled-e1680422073842.jpg 520w, https:\/\/charleroi-pourlapalestine.be\/wp-content\/uploads\/2023\/04\/IMG_20230401_160347-scaled-e1680422073842-225x300.jpg 225w\" sizes=\"auto, (max-width: 520px) 100vw, 520px\" \/><\/p>\n<p>&nbsp;<\/p>\n<h3>Trouvez ci-dessous deux textes de<strong> Walid Daqqah<\/strong>, post\u00e9s sur la<a href=\"https:\/\/www.facebook.com\/profile.php?id=100091256805982\" target=\"_blank\" rel=\"noopener\"> page FB<\/a>, lanc\u00e9e par sa famille<\/h3>\n<h4><strong><br>Le temps parall\u00e8le <\/strong><\/h4>\n<blockquote>\n<p>\u00ab Nous faisons partie d\u2019une histoire et, manifestement, l\u2019histoire est un \u00e9tat d\u2019\u00e9v\u00e9nements pass\u00e9s qui ont pris fin, sauf pour nous. Pour nous, il s\u2019agit d\u2019un pass\u00e9 dont la fin est sans cesse report\u00e9e. \u00c0 partir de ce pass\u00e9, nous communiquons avec vous comme s\u2019il s\u2019agissait d\u2019un pr\u00e9sent qui n\u2019est pas cens\u00e9 \u00eatre votre futur. Notre temps est diff\u00e9rent du v\u00f4tre, car le temps ici ne se d\u00e9place pas sur l\u2019axe du pass\u00e9, du pr\u00e9sent et du futur. Notre temps, qui s\u2019\u00e9coule dans un endroit immuable, a abandonn\u00e9 les concepts conventionnels du temps et de l\u2019espace selon notre langage, ou il les a confondus, si vous voulez. Ici, nous ne demandons pas o\u00f9 et quand nous allons nous rencontrer, car nous nous sommes rencontr\u00e9s et continuons de le faire au m\u00eame endroit. Ici, nous nous d\u00e9pla\u00e7ons \u00e0 l\u2019aise, vers l\u2019arri\u00e8re et vers l\u2019avant, sur l\u2019axe du pass\u00e9 et du pr\u00e9sent, et chaque moment situ\u00e9 au-del\u00e0 du pr\u00e9sent est un futur inconnu que nous sommes incapables de g\u00e9rer. Nous n\u2019avons pas le moindre contr\u00f4le sur notre futur, et notre cas est absolument semblable \u00e0 celui de tous les peuples arabes. N\u2019emp\u00eache qu\u2019il y a une diff\u00e9rence substantielle : notre occupation est \u00e9trang\u00e8re et la leur est arabe. Ici, nous sommes en captivit\u00e9 parce que nous cherchons un futur, alors que leur futur, lui, a \u00e9t\u00e9 enterr\u00e9 vif. \u00bb<\/p>\n<p><strong>Walid Daqqah<\/strong><\/p>\n<\/blockquote>\n<p>&nbsp;<\/p>\n<p>&nbsp;<\/p>\n<h4><strong>Lettre d&rsquo;un camarade (extrait)<br><\/strong><\/h4>\n<blockquote>\n<p>\u00ab Pour d\u00e9peindre la vie en prison, je me sers toujours de l\u2019image d\u2019un wagon de chemin de fer, ferm\u00e9 et sans la moindre fen\u00eatre. Pour savoir o\u00f9 ce wagon vous emm\u00e8ne et quelle distance il a parcourue, ou peut-\u00eatre pour conna\u00eetre sa vitesse, il vous faut forer un trou dans la paroi. \u00c9crire ou peindre, c\u2019est forer un trou. Les r\u00e9ponses que je re\u00e7ois en feedback \u00e0 ce que je produis [\u2026] sont les sc\u00e8nes de la nature per\u00e7ues par cette ouverture, les montagnes et les arbres \u2013 lesquels me r\u00e9v\u00e8lent mon temps, l\u2019espace que je parcours et ma vitesse. Il y a toujours eu, \u00e0 l\u2019int\u00e9rieur du wagon, des \u2018voyageurs\u2019 bien au fait qui lisent votre texte et vous disent o\u00f9 nous en sommes et quelle est la vitesse du train. Toutefois, ces v\u00e9t\u00e9rans restent des voyageurs comme moi-m\u00eame et pendant tout ce temps, ce n\u2019est pas d\u2019une appr\u00e9ciation, dont j\u2019ai besoin, mais plut\u00f4t d\u2019une certaine perception du temps parall\u00e8le venue de l\u2019ext\u00e9rieur. \u00bb<\/p>\n<\/blockquote>\n<p><strong>Walid Daqqah<\/strong><\/p>\n<h4 style=\"text-align: center;\"><strong>Libert\u00e9 pour Georges Abdallah et Walid Daqqah !<\/strong><\/h4>\n<p style=\"text-align: center;\">*****<\/p>\n<p>Traduction des textes de <strong>Walid Daqqah<\/strong> : Jean-Marie Fl\u00e9mal, <a href=\"https:\/\/charleroi-pourlapalestine.be\/\">Charleroi pour la Palestine<\/a><\/p>\n<p>&nbsp;<\/p>","protected":false},"excerpt":{"rendered":"<p>Ce samedi 1er avril, la Plate-forme Charleroi-Palestine s&rsquo;est mobilis\u00e9e pour la lib\u00e9ration de Georges Abdallah et Walid Daqqah et avait install\u00e9 une tonnelle Place Verte<\/p>\n","protected":false},"author":1,"featured_media":54119,"comment_status":"closed","ping_status":"closed","sticky":false,"template":"","format":"standard","meta":{"ngg_post_thumbnail":0,"footnotes":""},"categories":[123,136,388,192,13],"tags":[802,216,865],"class_list":["post-54033","post","type-post","status-publish","format-standard","has-post-thumbnail","hentry","category-familles-de-prisonniers","category-france","category-negligences-medicales","category-palestine","category-les-prisionners-palestiniens","tag-ahmad-saadat","tag-georges-abdallah","tag-walid-daqqa"],"yoast_head":"<!-- This site is optimized with the Yoast SEO plugin v27.3 - https:\/\/yoast.com\/product\/yoast-seo-wordpress\/ -->\n<title>Action \u00e0 Charleroi pour la lib\u00e9ration de Georges Abdallah et de Walid Daqqah<\/title>\n<meta name=\"description\" content=\"Ce samedi 1er avril, la Plate-forme Charleroi-Palestine s&#039;est mobilis\u00e9 pour la lib\u00e9ration de Georges Abdallah et Walid Daqqah\" \/>\n<meta name=\"robots\" content=\"index, follow, max-snippet:-1, max-image-preview:large, max-video-preview:-1\" \/>\n<link rel=\"canonical\" href=\"https:\/\/charleroi-pourlapalestine.be\/index.php\/2023\/04\/02\/action-a-charleroi-pour-la-liberation-de-georges-abdallah-et-de-walid-daqqah\/\" \/>\n<script type=\"application\/ld+json\" class=\"yoast-schema-graph\">{\"@context\":\"https:\\\/\\\/schema.org\",\"@graph\":[{\"@type\":\"Article\",\"@id\":\"https:\\\/\\\/charleroi-pourlapalestine.be\\\/index.php\\\/2023\\\/04\\\/02\\\/action-a-charleroi-pour-la-liberation-de-georges-abdallah-et-de-walid-daqqah\\\/#article\",\"isPartOf\":{\"@id\":\"https:\\\/\\\/charleroi-pourlapalestine.be\\\/index.php\\\/2023\\\/04\\\/02\\\/action-a-charleroi-pour-la-liberation-de-georges-abdallah-et-de-walid-daqqah\\\/\"},\"author\":{\"name\":\"admin1873\",\"@id\":\"https:\\\/\\\/charleroi-pourlapalestine.be\\\/#\\\/schema\\\/person\\\/c19ff515112f1299d8c12671d8fe3faa\"},\"headline\":\"Action \u00e0 Charleroi pour la lib\u00e9ration de Georges Abdallah et de Walid Daqqah\",\"datePublished\":\"2023-04-02T08:09:35+00:00\",\"dateModified\":\"2023-04-02T08:10:50+00:00\",\"mainEntityOfPage\":{\"@id\":\"https:\\\/\\\/charleroi-pourlapalestine.be\\\/index.php\\\/2023\\\/04\\\/02\\\/action-a-charleroi-pour-la-liberation-de-georges-abdallah-et-de-walid-daqqah\\\/\"},\"wordCount\":846,\"publisher\":{\"@id\":\"https:\\\/\\\/charleroi-pourlapalestine.be\\\/#organization\"},\"image\":{\"@id\":\"https:\\\/\\\/charleroi-pourlapalestine.be\\\/index.php\\\/2023\\\/04\\\/02\\\/action-a-charleroi-pour-la-liberation-de-georges-abdallah-et-de-walid-daqqah\\\/#primaryimage\"},\"thumbnailUrl\":\"https:\\\/\\\/charleroi-pourlapalestine.be\\\/wp-content\\\/uploads\\\/2023\\\/04\\\/IMG_20230401_153918-scaled-e1680422192238.jpg\",\"keywords\":[\"Ahmad Sa&#039;adat\",\"Georges Abdallah\",\"Walid Daqqa\"],\"articleSection\":[\"Familles de prisonniers\",\"France\",\"N\u00e9gligences m\u00e9dicales\",\"Palestine\",\"Prisonniers\"],\"inLanguage\":\"fr-FR\"},{\"@type\":\"WebPage\",\"@id\":\"https:\\\/\\\/charleroi-pourlapalestine.be\\\/index.php\\\/2023\\\/04\\\/02\\\/action-a-charleroi-pour-la-liberation-de-georges-abdallah-et-de-walid-daqqah\\\/\",\"url\":\"https:\\\/\\\/charleroi-pourlapalestine.be\\\/index.php\\\/2023\\\/04\\\/02\\\/action-a-charleroi-pour-la-liberation-de-georges-abdallah-et-de-walid-daqqah\\\/\",\"name\":\"Action \u00e0 Charleroi pour la lib\u00e9ration de Georges Abdallah et de Walid Daqqah\",\"isPartOf\":{\"@id\":\"https:\\\/\\\/charleroi-pourlapalestine.be\\\/#website\"},\"primaryImageOfPage\":{\"@id\":\"https:\\\/\\\/charleroi-pourlapalestine.be\\\/index.php\\\/2023\\\/04\\\/02\\\/action-a-charleroi-pour-la-liberation-de-georges-abdallah-et-de-walid-daqqah\\\/#primaryimage\"},\"image\":{\"@id\":\"https:\\\/\\\/charleroi-pourlapalestine.be\\\/index.php\\\/2023\\\/04\\\/02\\\/action-a-charleroi-pour-la-liberation-de-georges-abdallah-et-de-walid-daqqah\\\/#primaryimage\"},\"thumbnailUrl\":\"https:\\\/\\\/charleroi-pourlapalestine.be\\\/wp-content\\\/uploads\\\/2023\\\/04\\\/IMG_20230401_153918-scaled-e1680422192238.jpg\",\"datePublished\":\"2023-04-02T08:09:35+00:00\",\"dateModified\":\"2023-04-02T08:10:50+00:00\",\"description\":\"Ce samedi 1er avril, la Plate-forme Charleroi-Palestine s'est mobilis\u00e9 pour la lib\u00e9ration de Georges Abdallah et Walid Daqqah\",\"breadcrumb\":{\"@id\":\"https:\\\/\\\/charleroi-pourlapalestine.be\\\/index.php\\\/2023\\\/04\\\/02\\\/action-a-charleroi-pour-la-liberation-de-georges-abdallah-et-de-walid-daqqah\\\/#breadcrumb\"},\"inLanguage\":\"fr-FR\",\"potentialAction\":[{\"@type\":\"ReadAction\",\"target\":[\"https:\\\/\\\/charleroi-pourlapalestine.be\\\/index.php\\\/2023\\\/04\\\/02\\\/action-a-charleroi-pour-la-liberation-de-georges-abdallah-et-de-walid-daqqah\\\/\"]}]},{\"@type\":\"ImageObject\",\"inLanguage\":\"fr-FR\",\"@id\":\"https:\\\/\\\/charleroi-pourlapalestine.be\\\/index.php\\\/2023\\\/04\\\/02\\\/action-a-charleroi-pour-la-liberation-de-georges-abdallah-et-de-walid-daqqah\\\/#primaryimage\",\"url\":\"https:\\\/\\\/charleroi-pourlapalestine.be\\\/wp-content\\\/uploads\\\/2023\\\/04\\\/IMG_20230401_153918-scaled-e1680422192238.jpg\",\"contentUrl\":\"https:\\\/\\\/charleroi-pourlapalestine.be\\\/wp-content\\\/uploads\\\/2023\\\/04\\\/IMG_20230401_153918-scaled-e1680422192238.jpg\",\"width\":693,\"height\":520},{\"@type\":\"BreadcrumbList\",\"@id\":\"https:\\\/\\\/charleroi-pourlapalestine.be\\\/index.php\\\/2023\\\/04\\\/02\\\/action-a-charleroi-pour-la-liberation-de-georges-abdallah-et-de-walid-daqqah\\\/#breadcrumb\",\"itemListElement\":[{\"@type\":\"ListItem\",\"position\":1,\"name\":\"Accueil\",\"item\":\"https:\\\/\\\/charleroi-pourlapalestine.be\\\/\"},{\"@type\":\"ListItem\",\"position\":2,\"name\":\"Action \u00e0 Charleroi pour la lib\u00e9ration de Georges Abdallah et de Walid Daqqah\"}]},{\"@type\":\"WebSite\",\"@id\":\"https:\\\/\\\/charleroi-pourlapalestine.be\\\/#website\",\"url\":\"https:\\\/\\\/charleroi-pourlapalestine.be\\\/\",\"name\":\"Charleroi Pour la Palestine\",\"description\":\"\",\"publisher\":{\"@id\":\"https:\\\/\\\/charleroi-pourlapalestine.be\\\/#organization\"},\"potentialAction\":[{\"@type\":\"SearchAction\",\"target\":{\"@type\":\"EntryPoint\",\"urlTemplate\":\"https:\\\/\\\/charleroi-pourlapalestine.be\\\/?s={search_term_string}\"},\"query-input\":{\"@type\":\"PropertyValueSpecification\",\"valueRequired\":true,\"valueName\":\"search_term_string\"}}],\"inLanguage\":\"fr-FR\"},{\"@type\":\"Organization\",\"@id\":\"https:\\\/\\\/charleroi-pourlapalestine.be\\\/#organization\",\"name\":\"Plate-forme Charleroi-Palestine\",\"url\":\"https:\\\/\\\/charleroi-pourlapalestine.be\\\/\",\"logo\":{\"@type\":\"ImageObject\",\"inLanguage\":\"fr-FR\",\"@id\":\"https:\\\/\\\/charleroi-pourlapalestine.be\\\/#\\\/schema\\\/logo\\\/image\\\/\",\"url\":\"https:\\\/\\\/charleroi-pourlapalestine.be\\\/wp-content\\\/uploads\\\/2020\\\/01\\\/logo-Copy.jpg\",\"contentUrl\":\"https:\\\/\\\/charleroi-pourlapalestine.be\\\/wp-content\\\/uploads\\\/2020\\\/01\\\/logo-Copy.jpg\",\"width\":180,\"height\":180,\"caption\":\"Plate-forme Charleroi-Palestine\"},\"image\":{\"@id\":\"https:\\\/\\\/charleroi-pourlapalestine.be\\\/#\\\/schema\\\/logo\\\/image\\\/\"},\"sameAs\":[\"https:\\\/\\\/www.facebook.com\\\/PlateformeCharleroiPalestine\\\/\",\"https:\\\/\\\/x.com\\\/LaCharleroi\"]},{\"@type\":\"Person\",\"@id\":\"https:\\\/\\\/charleroi-pourlapalestine.be\\\/#\\\/schema\\\/person\\\/c19ff515112f1299d8c12671d8fe3faa\",\"name\":\"admin1873\",\"url\":\"https:\\\/\\\/charleroi-pourlapalestine.be\\\/index.php\\\/author\\\/admin1873\\\/\"}]}<\/script>\n<!-- \/ Yoast SEO plugin. -->","yoast_head_json":{"title":"Action \u00e0 Charleroi pour la lib\u00e9ration de Georges Abdallah et de Walid Daqqah","description":"Ce samedi 1er avril, la Plate-forme Charleroi-Palestine s'est mobilis\u00e9 pour la lib\u00e9ration de Georges Abdallah et Walid Daqqah","robots":{"index":"index","follow":"follow","max-snippet":"max-snippet:-1","max-image-preview":"max-image-preview:large","max-video-preview":"max-video-preview:-1"},"canonical":"https:\/\/charleroi-pourlapalestine.be\/index.php\/2023\/04\/02\/action-a-charleroi-pour-la-liberation-de-georges-abdallah-et-de-walid-daqqah\/","schema":{"@context":"https:\/\/schema.org","@graph":[{"@type":"Article","@id":"https:\/\/charleroi-pourlapalestine.be\/index.php\/2023\/04\/02\/action-a-charleroi-pour-la-liberation-de-georges-abdallah-et-de-walid-daqqah\/#article","isPartOf":{"@id":"https:\/\/charleroi-pourlapalestine.be\/index.php\/2023\/04\/02\/action-a-charleroi-pour-la-liberation-de-georges-abdallah-et-de-walid-daqqah\/"},"author":{"name":"admin1873","@id":"https:\/\/charleroi-pourlapalestine.be\/#\/schema\/person\/c19ff515112f1299d8c12671d8fe3faa"},"headline":"Action \u00e0 Charleroi pour la lib\u00e9ration de Georges Abdallah et de Walid Daqqah","datePublished":"2023-04-02T08:09:35+00:00","dateModified":"2023-04-02T08:10:50+00:00","mainEntityOfPage":{"@id":"https:\/\/charleroi-pourlapalestine.be\/index.php\/2023\/04\/02\/action-a-charleroi-pour-la-liberation-de-georges-abdallah-et-de-walid-daqqah\/"},"wordCount":846,"publisher":{"@id":"https:\/\/charleroi-pourlapalestine.be\/#organization"},"image":{"@id":"https:\/\/charleroi-pourlapalestine.be\/index.php\/2023\/04\/02\/action-a-charleroi-pour-la-liberation-de-georges-abdallah-et-de-walid-daqqah\/#primaryimage"},"thumbnailUrl":"https:\/\/charleroi-pourlapalestine.be\/wp-content\/uploads\/2023\/04\/IMG_20230401_153918-scaled-e1680422192238.jpg","keywords":["Ahmad Sa&#039;adat","Georges Abdallah","Walid Daqqa"],"articleSection":["Familles de prisonniers","France","N\u00e9gligences m\u00e9dicales","Palestine","Prisonniers"],"inLanguage":"fr-FR"},{"@type":"WebPage","@id":"https:\/\/charleroi-pourlapalestine.be\/index.php\/2023\/04\/02\/action-a-charleroi-pour-la-liberation-de-georges-abdallah-et-de-walid-daqqah\/","url":"https:\/\/charleroi-pourlapalestine.be\/index.php\/2023\/04\/02\/action-a-charleroi-pour-la-liberation-de-georges-abdallah-et-de-walid-daqqah\/","name":"Action \u00e0 Charleroi pour la lib\u00e9ration de Georges Abdallah et de Walid Daqqah","isPartOf":{"@id":"https:\/\/charleroi-pourlapalestine.be\/#website"},"primaryImageOfPage":{"@id":"https:\/\/charleroi-pourlapalestine.be\/index.php\/2023\/04\/02\/action-a-charleroi-pour-la-liberation-de-georges-abdallah-et-de-walid-daqqah\/#primaryimage"},"image":{"@id":"https:\/\/charleroi-pourlapalestine.be\/index.php\/2023\/04\/02\/action-a-charleroi-pour-la-liberation-de-georges-abdallah-et-de-walid-daqqah\/#primaryimage"},"thumbnailUrl":"https:\/\/charleroi-pourlapalestine.be\/wp-content\/uploads\/2023\/04\/IMG_20230401_153918-scaled-e1680422192238.jpg","datePublished":"2023-04-02T08:09:35+00:00","dateModified":"2023-04-02T08:10:50+00:00","description":"Ce samedi 1er avril, la Plate-forme Charleroi-Palestine s'est mobilis\u00e9 pour la lib\u00e9ration de Georges Abdallah et Walid Daqqah","breadcrumb":{"@id":"https:\/\/charleroi-pourlapalestine.be\/index.php\/2023\/04\/02\/action-a-charleroi-pour-la-liberation-de-georges-abdallah-et-de-walid-daqqah\/#breadcrumb"},"inLanguage":"fr-FR","potentialAction":[{"@type":"ReadAction","target":["https:\/\/charleroi-pourlapalestine.be\/index.php\/2023\/04\/02\/action-a-charleroi-pour-la-liberation-de-georges-abdallah-et-de-walid-daqqah\/"]}]},{"@type":"ImageObject","inLanguage":"fr-FR","@id":"https:\/\/charleroi-pourlapalestine.be\/index.php\/2023\/04\/02\/action-a-charleroi-pour-la-liberation-de-georges-abdallah-et-de-walid-daqqah\/#primaryimage","url":"https:\/\/charleroi-pourlapalestine.be\/wp-content\/uploads\/2023\/04\/IMG_20230401_153918-scaled-e1680422192238.jpg","contentUrl":"https:\/\/charleroi-pourlapalestine.be\/wp-content\/uploads\/2023\/04\/IMG_20230401_153918-scaled-e1680422192238.jpg","width":693,"height":520},{"@type":"BreadcrumbList","@id":"https:\/\/charleroi-pourlapalestine.be\/index.php\/2023\/04\/02\/action-a-charleroi-pour-la-liberation-de-georges-abdallah-et-de-walid-daqqah\/#breadcrumb","itemListElement":[{"@type":"ListItem","position":1,"name":"Accueil","item":"https:\/\/charleroi-pourlapalestine.be\/"},{"@type":"ListItem","position":2,"name":"Action \u00e0 Charleroi pour la lib\u00e9ration de Georges Abdallah et de Walid Daqqah"}]},{"@type":"WebSite","@id":"https:\/\/charleroi-pourlapalestine.be\/#website","url":"https:\/\/charleroi-pourlapalestine.be\/","name":"Charleroi Pour la Palestine","description":"","publisher":{"@id":"https:\/\/charleroi-pourlapalestine.be\/#organization"},"potentialAction":[{"@type":"SearchAction","target":{"@type":"EntryPoint","urlTemplate":"https:\/\/charleroi-pourlapalestine.be\/?s={search_term_string}"},"query-input":{"@type":"PropertyValueSpecification","valueRequired":true,"valueName":"search_term_string"}}],"inLanguage":"fr-FR"},{"@type":"Organization","@id":"https:\/\/charleroi-pourlapalestine.be\/#organization","name":"Plate-forme Charleroi-Palestine","url":"https:\/\/charleroi-pourlapalestine.be\/","logo":{"@type":"ImageObject","inLanguage":"fr-FR","@id":"https:\/\/charleroi-pourlapalestine.be\/#\/schema\/logo\/image\/","url":"https:\/\/charleroi-pourlapalestine.be\/wp-content\/uploads\/2020\/01\/logo-Copy.jpg","contentUrl":"https:\/\/charleroi-pourlapalestine.be\/wp-content\/uploads\/2020\/01\/logo-Copy.jpg","width":180,"height":180,"caption":"Plate-forme Charleroi-Palestine"},"image":{"@id":"https:\/\/charleroi-pourlapalestine.be\/#\/schema\/logo\/image\/"},"sameAs":["https:\/\/www.facebook.com\/PlateformeCharleroiPalestine\/","https:\/\/x.com\/LaCharleroi"]},{"@type":"Person","@id":"https:\/\/charleroi-pourlapalestine.be\/#\/schema\/person\/c19ff515112f1299d8c12671d8fe3faa","name":"admin1873","url":"https:\/\/charleroi-pourlapalestine.be\/index.php\/author\/admin1873\/"}]}},"_links":{"self":[{"href":"https:\/\/charleroi-pourlapalestine.be\/index.php\/wp-json\/wp\/v2\/posts\/54033","targetHints":{"allow":["GET"]}}],"collection":[{"href":"https:\/\/charleroi-pourlapalestine.be\/index.php\/wp-json\/wp\/v2\/posts"}],"about":[{"href":"https:\/\/charleroi-pourlapalestine.be\/index.php\/wp-json\/wp\/v2\/types\/post"}],"author":[{"embeddable":true,"href":"https:\/\/charleroi-pourlapalestine.be\/index.php\/wp-json\/wp\/v2\/users\/1"}],"replies":[{"embeddable":true,"href":"https:\/\/charleroi-pourlapalestine.be\/index.php\/wp-json\/wp\/v2\/comments?post=54033"}],"version-history":[{"count":0,"href":"https:\/\/charleroi-pourlapalestine.be\/index.php\/wp-json\/wp\/v2\/posts\/54033\/revisions"}],"wp:featuredmedia":[{"embeddable":true,"href":"https:\/\/charleroi-pourlapalestine.be\/index.php\/wp-json\/wp\/v2\/media\/54119"}],"wp:attachment":[{"href":"https:\/\/charleroi-pourlapalestine.be\/index.php\/wp-json\/wp\/v2\/media?parent=54033"}],"wp:term":[{"taxonomy":"category","embeddable":true,"href":"https:\/\/charleroi-pourlapalestine.be\/index.php\/wp-json\/wp\/v2\/categories?post=54033"},{"taxonomy":"post_tag","embeddable":true,"href":"https:\/\/charleroi-pourlapalestine.be\/index.php\/wp-json\/wp\/v2\/tags?post=54033"}],"curies":[{"name":"wp","href":"https:\/\/api.w.org\/{rel}","templated":true}]}}