{"id":55042,"date":"2023-04-27T10:49:16","date_gmt":"2023-04-27T08:49:16","guid":{"rendered":"https:\/\/charleroi-pourlapalestine.be\/?p=55042"},"modified":"2023-04-27T10:49:19","modified_gmt":"2023-04-27T08:49:19","slug":"un-tribunal-de-francfort-annule-linterdiction-du-concert-de-roger-waters","status":"publish","type":"post","link":"https:\/\/charleroi-pourlapalestine.be\/index.php\/2023\/04\/27\/un-tribunal-de-francfort-annule-linterdiction-du-concert-de-roger-waters\/","title":{"rendered":"Un tribunal de Francfort annule l\u2019interdiction du concert de Roger Waters"},"content":{"rendered":"<p>Un tribunal allemand a annul\u00e9 l\u2019interdiction du prochain concert de la grande figure du rock Roger Waters \u00e0 Francfort. Des dizaines de personnalit\u00e9s culturelles et plus de 35 000 supporters ont sign\u00e9 une p\u00e9tition exigeant que l\u2019interdiction soit annul\u00e9e.<\/p>\n<div id=\"attachment_55044\" style=\"width: 810px\" class=\"wp-caption aligncenter\"><img loading=\"lazy\" decoding=\"async\" aria-describedby=\"caption-attachment-55044\" class=\"wp-image-55044 size-full\" src=\"https:\/\/charleroi-pourlapalestine.be\/wp-content\/uploads\/2023\/04\/Roger-Waters-1.jpg\" alt=\"Plus de 35 000 supporters, dont des dizaines de personnalit\u00e9s culturelles, ont exig\u00e9 que Roger Waters soit en mesure de pr\u00e9senter son concert \u00e0 Francfort.\" width=\"800\" height=\"534\"><p id=\"caption-attachment-55044\" class=\"wp-caption-text\"><strong>Plus de 35 000 supporters, dont des dizaines de personnalit\u00e9s culturelles, ont exig\u00e9 que Roger Waters soit en mesure de pr\u00e9senter son concert \u00e0 Francfort. <\/strong>(Photo : Mirko Fava \/ TSCK\/ZUMAPRESS)<\/p><\/div>\n<p>&nbsp;<\/p>\n<p><strong>Nora Barrows-Friedman<\/strong>, 24 avril 2023<\/p>\n<p>L\u2019annulation a eu lieu exactement trois semaines apr\u00e8s que le cofondateur de Pink Floyd avait introduit une injonction contre la d\u00e9cision des autorit\u00e9s de la Ville de Francfort et du Land de Hesse<a href=\"https:\/\/charleroi-pourlapalestine.be\/index.php\/2023\/04\/14\/roger-waters-intente-une-action-en-justice-a-propos-de-son-concert-annule-en-allemagne\/\"> d\u2019interdire son concert pr\u00e9vu le 28 mai.<\/a><\/p>\n<p>Les d\u00e9cideurs politiques avaient faussement accus\u00e9 Waters de sectarisme antijuif \u00e0 propos de sa critique de l\u2019apartheid isra\u00e9lien et de son soutien \u00e0 la campagne de boycott, d\u00e9sinvestissement et sanctions (BDS) en faveur des droits palestiniens.<\/p>\n<p>Des dizaines de personnalit\u00e9s culturelles et plus de 35 000 supporters ont sign\u00e9 une p\u00e9tition exigeant que l\u2019interdiction soit annul\u00e9e.<\/p>\n<blockquote class=\"twitter-tweet\" data-width=\"500\" data-dnt=\"true\">\n<p lang=\"en\" dir=\"ltr\">Citing artistic freedom, the Frankfurt Administrative Court effectively reversed the decision of the city of Frankfurt and the state of Hesse to cancel Roger Waters\u2019 May concert.<\/p>\n<p>&mdash; PACBI &#8211; BDS movement (@PACBI) <a href=\"https:\/\/twitter.com\/PACBI\/status\/1650529788124184578?ref_src=twsrc%5Etfw\">April 24, 2023<\/a><\/p><\/blockquote>\n<p><script async src=\"https:\/\/platform.twitter.com\/widgets.js\" charset=\"utf-8\"><\/script><\/p>\n<blockquote class=\"twitter-tweet\" data-width=\"500\" data-dnt=\"true\">\n<p lang=\"en\" dir=\"ltr\">Excellent news. Congrats <a href=\"https:\/\/twitter.com\/rogerwaters?ref_src=twsrc%5Etfw\">@rogerwaters<\/a>! The Zionists took you on to try to silence your support for Palestinian liberation, and once again they failed. <a href=\"https:\/\/t.co\/wvUZRCeoAY\">https:\/\/t.co\/wvUZRCeoAY<\/a><\/p>\n<p>&mdash; Ali Abunimah (@AliAbunimah) <a href=\"https:\/\/twitter.com\/AliAbunimah\/status\/1650532563725742083?ref_src=twsrc%5Etfw\">April 24, 2023<\/a><\/p><\/blockquote>\n<p><script async src=\"https:\/\/platform.twitter.com\/widgets.js\" charset=\"utf-8\"><\/script><\/p>\n<p>&nbsp;<\/p>\n<p><em>\u00ab Un autre tribunal allemand a tranch\u00e9 en faveur des supporters du mouvement BDS \u00bb,<\/em> a tweet\u00e9 lundi la Campagne palestinienne pour le boycott acad\u00e9mique et culturel d\u2019Isra\u00ebl (PACBI).<\/p>\n<p>Des officiels locaux ont fait \u00e9tat du <em>\u00ab comportement anti-isra\u00e9lien persistant<\/em> \u00bb de Waters et se sont plaints de ce qu\u2019il avait exerc\u00e9 des pressions sur d\u2019autres artistes afin qu\u2019ils annulent des \u00e9v\u00e9nements et spectacles pr\u00e9vus en Isra\u00ebl.<\/p>\n<p>La Ville a ajout\u00e9 que Waters <em>\u00ab r\u00e9clamait it\u00e9rativement un boycott culturel d\u2019Isra\u00ebl \u00bb<\/em> et qu\u2019il \u00e9tablissait des comparaisons entre Isra\u00ebl et l\u2019Afrique du Sud de l\u2019apartheid.<\/p>\n<p>Il s\u2019av\u00e8re que bien des officiels allemands nient compl\u00e8tement la r\u00e9alit\u00e9 de l\u2019apartheid dont souffrent les Palestiniens, alors que cette r\u00e9alit\u00e9 est largement reconnue aujourd\u2019hui, entre autres par Amnesty International, Human Rights Watch et l\u2019organisation isra\u00e9lienne en faveur des droits humains, B\u2019Tselem.<\/p>\n<p>Les accusations selon lesquelles de tels principes antiracistes sont offensants pour les juifs sont devenues monnaie courante en Allemagne, o\u00f9 le soutien inconditionnel \u00e0 Isra\u00ebl est per\u00e7u par les dirigeants gouvernementaux comme une expiation de l\u2019Holocauste orchestr\u00e9 par les nazis.<\/p>\n<p>Franchissant un pas de plus, les d\u00e9cideurs politiques ont en outre accus\u00e9 Waters de sectarisme antijuif \u00e0 propos de l\u2019emplacement m\u00eame du concert, la Festhalle.<\/p>\n<p>Selon les m\u00e9dias allemands, les hommes politiques ont pr\u00e9tendu que Waters allait violer la m\u00e9moire des plus de 3 000 hommes juifs qui avaient \u00e9t\u00e9 rassembl\u00e9s et d\u00e9tenus en cet endroit, lors des pogroms de la Nuit de Cristal, en 1938, avant d\u2019\u00eatre d\u00e9port\u00e9s par les nazis allemands vers les camps de concentration.<\/p>\n<p>Mais, depuis les ann\u00e9es 1980, la Festhalle a \u00e9t\u00e9 utilis\u00e9e comme important lieu de concert et de spectacle par de nombreux artistes de grand format.<\/p>\n<p>Lundi, le tribunal de Francfort a affirm\u00e9 que le spectacle<\/p>\n<blockquote><p>\u00ab dans sa vue d\u2019ensemble ne permet pas de conclure que Waters glorifie ou relativise les atrocit\u00e9s des nationaux-socialistes ou qu\u2019il s\u2019identifie \u00e0 l\u2019id\u00e9ologie raciale nationale-socialiste \u00bb.<\/p><\/blockquote>\n<p>L\u2019annulation par le tribunal est la toute derni\u00e8re d\u2019une s\u00e9rie d\u2019\u00e9checs des autorit\u00e9s allemandes \u2013 encourag\u00e9es par les organisations de lobbying pro-isra\u00e9lien \u2013 dans leurs tentatives en vue de freiner ou de criminaliser l\u2019activisme de soutien aux droits palestiniens. (*)<\/p>\n<p style=\"text-align: center;\">*****<\/p>\n<p>Publi\u00e9 le 24 avril 2023 sur <a href=\"https:\/\/electronicintifada.net\/blogs\/nora-barrows-friedman\/frankfurt-court-reverses-ban-roger-waters-concert\">The Electronic Intifada<\/a><br \/>\nTraduction : Jean-Marie Fl\u00e9mal, <a href=\"https:\/\/charleroi-pourlapalestine.be\/\">Charleroi pour la Palestine<\/a><\/p>\n<p><strong>(*) NDLR&nbsp; : La communaut\u00e9 palestinienne elle-m\u00eame reste toujours une cible de la r\u00e9pression allemande.<\/strong><\/p>\n<p>Lisez ici :<\/p>\n<p><strong><a href=\"https:\/\/charleroi-pourlapalestine.be\/index.php\/2023\/04\/15\/les-manifestations-de-la-journee-des-prisonniers-palestiniens-sont-interdites-par-la-police-a-berlin\/\">Les manifestations de la Journ\u00e9e des prisonniers palestiniens sont interdites par la police \u00e0 Berlin<\/a><\/strong><\/p>\n<p><a href=\"https:\/\/charleroi-pourlapalestine.be\/index.php\/2023\/04\/11\/declaration-de-samidoun-sur-la-campagne-de-diffamation-en-allemagne\/\"><strong>D\u00e9claration de Samidoun sur la campagne de diffamation en Allemagne<\/strong><\/a><\/p>\n<p>&nbsp;<\/p>\n","protected":false},"excerpt":{"rendered":"<p>Le concert de Roger Waters aura lieu, mais la communaut\u00e9 palestinienne elle-m\u00eame reste toujours une cible de la r\u00e9pression allemande.<\/p>\n","protected":false},"author":1,"featured_media":0,"comment_status":"closed","ping_status":"closed","sticky":false,"template":"","format":"standard","meta":{"ngg_post_thumbnail":0,"footnotes":""},"categories":[329,69,178,33],"tags":[],"class_list":["post-55042","post","type-post","status-publish","format-standard","hentry","category-allemagne","category-le-boycott-culturel","category-culture-2","category-la-musique"],"yoast_head":"<!-- This site is optimized with the Yoast SEO plugin v27.3 - https:\/\/yoast.com\/product\/yoast-seo-wordpress\/ -->\n<title>Un tribunal de Francfort annule l\u2019interdiction du concert de Roger Waters<\/title>\n<meta name=\"description\" content=\"Des dizaines de personnalit\u00e9s culturelles et plus de 35 000 supporters avaient sign\u00e9 une p\u00e9tition exigeant que l\u2019interdiction soit annul\u00e9e\" \/>\n<meta name=\"robots\" content=\"index, follow, max-snippet:-1, max-image-preview:large, max-video-preview:-1\" \/>\n<link rel=\"canonical\" href=\"https:\/\/charleroi-pourlapalestine.be\/index.php\/2023\/04\/27\/un-tribunal-de-francfort-annule-linterdiction-du-concert-de-roger-waters\/\" \/>\n<script type=\"application\/ld+json\" class=\"yoast-schema-graph\">{\"@context\":\"https:\\\/\\\/schema.org\",\"@graph\":[{\"@type\":\"Article\",\"@id\":\"https:\\\/\\\/charleroi-pourlapalestine.be\\\/index.php\\\/2023\\\/04\\\/27\\\/un-tribunal-de-francfort-annule-linterdiction-du-concert-de-roger-waters\\\/#article\",\"isPartOf\":{\"@id\":\"https:\\\/\\\/charleroi-pourlapalestine.be\\\/index.php\\\/2023\\\/04\\\/27\\\/un-tribunal-de-francfort-annule-linterdiction-du-concert-de-roger-waters\\\/\"},\"author\":{\"name\":\"admin1873\",\"@id\":\"https:\\\/\\\/charleroi-pourlapalestine.be\\\/#\\\/schema\\\/person\\\/c19ff515112f1299d8c12671d8fe3faa\"},\"headline\":\"Un tribunal de Francfort annule l\u2019interdiction du concert de Roger Waters\",\"datePublished\":\"2023-04-27T08:49:16+00:00\",\"dateModified\":\"2023-04-27T08:49:19+00:00\",\"mainEntityOfPage\":{\"@id\":\"https:\\\/\\\/charleroi-pourlapalestine.be\\\/index.php\\\/2023\\\/04\\\/27\\\/un-tribunal-de-francfort-annule-linterdiction-du-concert-de-roger-waters\\\/\"},\"wordCount\":728,\"publisher\":{\"@id\":\"https:\\\/\\\/charleroi-pourlapalestine.be\\\/#organization\"},\"image\":{\"@id\":\"https:\\\/\\\/charleroi-pourlapalestine.be\\\/index.php\\\/2023\\\/04\\\/27\\\/un-tribunal-de-francfort-annule-linterdiction-du-concert-de-roger-waters\\\/#primaryimage\"},\"thumbnailUrl\":\"https:\\\/\\\/charleroi-pourlapalestine.be\\\/wp-content\\\/uploads\\\/2023\\\/04\\\/Roger-Waters-1.jpg\",\"articleSection\":[\"Allemagne\",\"Boycott culturel\",\"Culture\",\"Musique\"],\"inLanguage\":\"fr-FR\"},{\"@type\":\"WebPage\",\"@id\":\"https:\\\/\\\/charleroi-pourlapalestine.be\\\/index.php\\\/2023\\\/04\\\/27\\\/un-tribunal-de-francfort-annule-linterdiction-du-concert-de-roger-waters\\\/\",\"url\":\"https:\\\/\\\/charleroi-pourlapalestine.be\\\/index.php\\\/2023\\\/04\\\/27\\\/un-tribunal-de-francfort-annule-linterdiction-du-concert-de-roger-waters\\\/\",\"name\":\"Un tribunal de Francfort annule l\u2019interdiction du concert de Roger Waters\",\"isPartOf\":{\"@id\":\"https:\\\/\\\/charleroi-pourlapalestine.be\\\/#website\"},\"primaryImageOfPage\":{\"@id\":\"https:\\\/\\\/charleroi-pourlapalestine.be\\\/index.php\\\/2023\\\/04\\\/27\\\/un-tribunal-de-francfort-annule-linterdiction-du-concert-de-roger-waters\\\/#primaryimage\"},\"image\":{\"@id\":\"https:\\\/\\\/charleroi-pourlapalestine.be\\\/index.php\\\/2023\\\/04\\\/27\\\/un-tribunal-de-francfort-annule-linterdiction-du-concert-de-roger-waters\\\/#primaryimage\"},\"thumbnailUrl\":\"https:\\\/\\\/charleroi-pourlapalestine.be\\\/wp-content\\\/uploads\\\/2023\\\/04\\\/Roger-Waters-1.jpg\",\"datePublished\":\"2023-04-27T08:49:16+00:00\",\"dateModified\":\"2023-04-27T08:49:19+00:00\",\"description\":\"Des dizaines de personnalit\u00e9s culturelles et plus de 35 000 supporters avaient sign\u00e9 une p\u00e9tition exigeant que l\u2019interdiction soit annul\u00e9e\",\"breadcrumb\":{\"@id\":\"https:\\\/\\\/charleroi-pourlapalestine.be\\\/index.php\\\/2023\\\/04\\\/27\\\/un-tribunal-de-francfort-annule-linterdiction-du-concert-de-roger-waters\\\/#breadcrumb\"},\"inLanguage\":\"fr-FR\",\"potentialAction\":[{\"@type\":\"ReadAction\",\"target\":[\"https:\\\/\\\/charleroi-pourlapalestine.be\\\/index.php\\\/2023\\\/04\\\/27\\\/un-tribunal-de-francfort-annule-linterdiction-du-concert-de-roger-waters\\\/\"]}]},{\"@type\":\"ImageObject\",\"inLanguage\":\"fr-FR\",\"@id\":\"https:\\\/\\\/charleroi-pourlapalestine.be\\\/index.php\\\/2023\\\/04\\\/27\\\/un-tribunal-de-francfort-annule-linterdiction-du-concert-de-roger-waters\\\/#primaryimage\",\"url\":\"\",\"contentUrl\":\"\"},{\"@type\":\"BreadcrumbList\",\"@id\":\"https:\\\/\\\/charleroi-pourlapalestine.be\\\/index.php\\\/2023\\\/04\\\/27\\\/un-tribunal-de-francfort-annule-linterdiction-du-concert-de-roger-waters\\\/#breadcrumb\",\"itemListElement\":[{\"@type\":\"ListItem\",\"position\":1,\"name\":\"Accueil\",\"item\":\"https:\\\/\\\/charleroi-pourlapalestine.be\\\/\"},{\"@type\":\"ListItem\",\"position\":2,\"name\":\"Un tribunal de Francfort annule l\u2019interdiction du concert de Roger Waters\"}]},{\"@type\":\"WebSite\",\"@id\":\"https:\\\/\\\/charleroi-pourlapalestine.be\\\/#website\",\"url\":\"https:\\\/\\\/charleroi-pourlapalestine.be\\\/\",\"name\":\"Charleroi Pour la Palestine\",\"description\":\"\",\"publisher\":{\"@id\":\"https:\\\/\\\/charleroi-pourlapalestine.be\\\/#organization\"},\"potentialAction\":[{\"@type\":\"SearchAction\",\"target\":{\"@type\":\"EntryPoint\",\"urlTemplate\":\"https:\\\/\\\/charleroi-pourlapalestine.be\\\/?s={search_term_string}\"},\"query-input\":{\"@type\":\"PropertyValueSpecification\",\"valueRequired\":true,\"valueName\":\"search_term_string\"}}],\"inLanguage\":\"fr-FR\"},{\"@type\":\"Organization\",\"@id\":\"https:\\\/\\\/charleroi-pourlapalestine.be\\\/#organization\",\"name\":\"Plate-forme Charleroi-Palestine\",\"url\":\"https:\\\/\\\/charleroi-pourlapalestine.be\\\/\",\"logo\":{\"@type\":\"ImageObject\",\"inLanguage\":\"fr-FR\",\"@id\":\"https:\\\/\\\/charleroi-pourlapalestine.be\\\/#\\\/schema\\\/logo\\\/image\\\/\",\"url\":\"https:\\\/\\\/charleroi-pourlapalestine.be\\\/wp-content\\\/uploads\\\/2020\\\/01\\\/logo-Copy.jpg\",\"contentUrl\":\"https:\\\/\\\/charleroi-pourlapalestine.be\\\/wp-content\\\/uploads\\\/2020\\\/01\\\/logo-Copy.jpg\",\"width\":180,\"height\":180,\"caption\":\"Plate-forme Charleroi-Palestine\"},\"image\":{\"@id\":\"https:\\\/\\\/charleroi-pourlapalestine.be\\\/#\\\/schema\\\/logo\\\/image\\\/\"},\"sameAs\":[\"https:\\\/\\\/www.facebook.com\\\/PlateformeCharleroiPalestine\\\/\",\"https:\\\/\\\/x.com\\\/LaCharleroi\"]},{\"@type\":\"Person\",\"@id\":\"https:\\\/\\\/charleroi-pourlapalestine.be\\\/#\\\/schema\\\/person\\\/c19ff515112f1299d8c12671d8fe3faa\",\"name\":\"admin1873\",\"url\":\"https:\\\/\\\/charleroi-pourlapalestine.be\\\/index.php\\\/author\\\/admin1873\\\/\"}]}<\/script>\n<!-- \/ Yoast SEO plugin. -->","yoast_head_json":{"title":"Un tribunal de Francfort annule l\u2019interdiction du concert de Roger Waters","description":"Des dizaines de personnalit\u00e9s culturelles et plus de 35 000 supporters avaient sign\u00e9 une p\u00e9tition exigeant que l\u2019interdiction soit annul\u00e9e","robots":{"index":"index","follow":"follow","max-snippet":"max-snippet:-1","max-image-preview":"max-image-preview:large","max-video-preview":"max-video-preview:-1"},"canonical":"https:\/\/charleroi-pourlapalestine.be\/index.php\/2023\/04\/27\/un-tribunal-de-francfort-annule-linterdiction-du-concert-de-roger-waters\/","schema":{"@context":"https:\/\/schema.org","@graph":[{"@type":"Article","@id":"https:\/\/charleroi-pourlapalestine.be\/index.php\/2023\/04\/27\/un-tribunal-de-francfort-annule-linterdiction-du-concert-de-roger-waters\/#article","isPartOf":{"@id":"https:\/\/charleroi-pourlapalestine.be\/index.php\/2023\/04\/27\/un-tribunal-de-francfort-annule-linterdiction-du-concert-de-roger-waters\/"},"author":{"name":"admin1873","@id":"https:\/\/charleroi-pourlapalestine.be\/#\/schema\/person\/c19ff515112f1299d8c12671d8fe3faa"},"headline":"Un tribunal de Francfort annule l\u2019interdiction du concert de Roger Waters","datePublished":"2023-04-27T08:49:16+00:00","dateModified":"2023-04-27T08:49:19+00:00","mainEntityOfPage":{"@id":"https:\/\/charleroi-pourlapalestine.be\/index.php\/2023\/04\/27\/un-tribunal-de-francfort-annule-linterdiction-du-concert-de-roger-waters\/"},"wordCount":728,"publisher":{"@id":"https:\/\/charleroi-pourlapalestine.be\/#organization"},"image":{"@id":"https:\/\/charleroi-pourlapalestine.be\/index.php\/2023\/04\/27\/un-tribunal-de-francfort-annule-linterdiction-du-concert-de-roger-waters\/#primaryimage"},"thumbnailUrl":"https:\/\/charleroi-pourlapalestine.be\/wp-content\/uploads\/2023\/04\/Roger-Waters-1.jpg","articleSection":["Allemagne","Boycott culturel","Culture","Musique"],"inLanguage":"fr-FR"},{"@type":"WebPage","@id":"https:\/\/charleroi-pourlapalestine.be\/index.php\/2023\/04\/27\/un-tribunal-de-francfort-annule-linterdiction-du-concert-de-roger-waters\/","url":"https:\/\/charleroi-pourlapalestine.be\/index.php\/2023\/04\/27\/un-tribunal-de-francfort-annule-linterdiction-du-concert-de-roger-waters\/","name":"Un tribunal de Francfort annule l\u2019interdiction du concert de Roger Waters","isPartOf":{"@id":"https:\/\/charleroi-pourlapalestine.be\/#website"},"primaryImageOfPage":{"@id":"https:\/\/charleroi-pourlapalestine.be\/index.php\/2023\/04\/27\/un-tribunal-de-francfort-annule-linterdiction-du-concert-de-roger-waters\/#primaryimage"},"image":{"@id":"https:\/\/charleroi-pourlapalestine.be\/index.php\/2023\/04\/27\/un-tribunal-de-francfort-annule-linterdiction-du-concert-de-roger-waters\/#primaryimage"},"thumbnailUrl":"https:\/\/charleroi-pourlapalestine.be\/wp-content\/uploads\/2023\/04\/Roger-Waters-1.jpg","datePublished":"2023-04-27T08:49:16+00:00","dateModified":"2023-04-27T08:49:19+00:00","description":"Des dizaines de personnalit\u00e9s culturelles et plus de 35 000 supporters avaient sign\u00e9 une p\u00e9tition exigeant que l\u2019interdiction soit annul\u00e9e","breadcrumb":{"@id":"https:\/\/charleroi-pourlapalestine.be\/index.php\/2023\/04\/27\/un-tribunal-de-francfort-annule-linterdiction-du-concert-de-roger-waters\/#breadcrumb"},"inLanguage":"fr-FR","potentialAction":[{"@type":"ReadAction","target":["https:\/\/charleroi-pourlapalestine.be\/index.php\/2023\/04\/27\/un-tribunal-de-francfort-annule-linterdiction-du-concert-de-roger-waters\/"]}]},{"@type":"ImageObject","inLanguage":"fr-FR","@id":"https:\/\/charleroi-pourlapalestine.be\/index.php\/2023\/04\/27\/un-tribunal-de-francfort-annule-linterdiction-du-concert-de-roger-waters\/#primaryimage","url":"","contentUrl":""},{"@type":"BreadcrumbList","@id":"https:\/\/charleroi-pourlapalestine.be\/index.php\/2023\/04\/27\/un-tribunal-de-francfort-annule-linterdiction-du-concert-de-roger-waters\/#breadcrumb","itemListElement":[{"@type":"ListItem","position":1,"name":"Accueil","item":"https:\/\/charleroi-pourlapalestine.be\/"},{"@type":"ListItem","position":2,"name":"Un tribunal de Francfort annule l\u2019interdiction du concert de Roger Waters"}]},{"@type":"WebSite","@id":"https:\/\/charleroi-pourlapalestine.be\/#website","url":"https:\/\/charleroi-pourlapalestine.be\/","name":"Charleroi Pour la Palestine","description":"","publisher":{"@id":"https:\/\/charleroi-pourlapalestine.be\/#organization"},"potentialAction":[{"@type":"SearchAction","target":{"@type":"EntryPoint","urlTemplate":"https:\/\/charleroi-pourlapalestine.be\/?s={search_term_string}"},"query-input":{"@type":"PropertyValueSpecification","valueRequired":true,"valueName":"search_term_string"}}],"inLanguage":"fr-FR"},{"@type":"Organization","@id":"https:\/\/charleroi-pourlapalestine.be\/#organization","name":"Plate-forme Charleroi-Palestine","url":"https:\/\/charleroi-pourlapalestine.be\/","logo":{"@type":"ImageObject","inLanguage":"fr-FR","@id":"https:\/\/charleroi-pourlapalestine.be\/#\/schema\/logo\/image\/","url":"https:\/\/charleroi-pourlapalestine.be\/wp-content\/uploads\/2020\/01\/logo-Copy.jpg","contentUrl":"https:\/\/charleroi-pourlapalestine.be\/wp-content\/uploads\/2020\/01\/logo-Copy.jpg","width":180,"height":180,"caption":"Plate-forme Charleroi-Palestine"},"image":{"@id":"https:\/\/charleroi-pourlapalestine.be\/#\/schema\/logo\/image\/"},"sameAs":["https:\/\/www.facebook.com\/PlateformeCharleroiPalestine\/","https:\/\/x.com\/LaCharleroi"]},{"@type":"Person","@id":"https:\/\/charleroi-pourlapalestine.be\/#\/schema\/person\/c19ff515112f1299d8c12671d8fe3faa","name":"admin1873","url":"https:\/\/charleroi-pourlapalestine.be\/index.php\/author\/admin1873\/"}]}},"_links":{"self":[{"href":"https:\/\/charleroi-pourlapalestine.be\/index.php\/wp-json\/wp\/v2\/posts\/55042","targetHints":{"allow":["GET"]}}],"collection":[{"href":"https:\/\/charleroi-pourlapalestine.be\/index.php\/wp-json\/wp\/v2\/posts"}],"about":[{"href":"https:\/\/charleroi-pourlapalestine.be\/index.php\/wp-json\/wp\/v2\/types\/post"}],"author":[{"embeddable":true,"href":"https:\/\/charleroi-pourlapalestine.be\/index.php\/wp-json\/wp\/v2\/users\/1"}],"replies":[{"embeddable":true,"href":"https:\/\/charleroi-pourlapalestine.be\/index.php\/wp-json\/wp\/v2\/comments?post=55042"}],"version-history":[{"count":0,"href":"https:\/\/charleroi-pourlapalestine.be\/index.php\/wp-json\/wp\/v2\/posts\/55042\/revisions"}],"wp:attachment":[{"href":"https:\/\/charleroi-pourlapalestine.be\/index.php\/wp-json\/wp\/v2\/media?parent=55042"}],"wp:term":[{"taxonomy":"category","embeddable":true,"href":"https:\/\/charleroi-pourlapalestine.be\/index.php\/wp-json\/wp\/v2\/categories?post=55042"},{"taxonomy":"post_tag","embeddable":true,"href":"https:\/\/charleroi-pourlapalestine.be\/index.php\/wp-json\/wp\/v2\/tags?post=55042"}],"curies":[{"name":"wp","href":"https:\/\/api.w.org\/{rel}","templated":true}]}}