{"id":55065,"date":"2023-05-05T10:54:33","date_gmt":"2023-05-05T08:54:33","guid":{"rendered":"https:\/\/charleroi-pourlapalestine.be\/?p=55065"},"modified":"2023-05-05T10:57:05","modified_gmt":"2023-05-05T08:57:05","slug":"un-nazi-ukrainien-dazov-recoit-un-traitement-medical-disrael","status":"publish","type":"post","link":"https:\/\/charleroi-pourlapalestine.be\/index.php\/2023\/05\/05\/un-nazi-ukrainien-dazov-recoit-un-traitement-medical-disrael\/","title":{"rendered":"Un nazi ukrainien d&rsquo;Azov re\u00e7oit un traitement m\u00e9dical d\u2019Isra\u00ebl"},"content":{"rendered":"<p>Un combattant d\u2019une tristement c\u00e9l\u00e8bre organisation nazie ukrainienne a b\u00e9n\u00e9fici\u00e9 d\u2019un traitement m\u00e9dical en Isra\u00ebl. Des comptes rendus de m\u00e9dias sociaux proches du <strong>bataillon Azov<\/strong> ont publi\u00e9 des photos d\u2019<strong>Arseniy Fedosiuk<\/strong> et de sa femme Yulia en train de rendre visite \u00e0 des diplomates \u00e9trangers ainsi qu\u2019\u00e0 l\u2019ambassade d\u2019Ukraine en Isra\u00ebl, en mars dernier.<\/p>\n<div id=\"attachment_55331\" style=\"width: 810px\" class=\"wp-caption alignnone\"><img loading=\"lazy\" decoding=\"async\" aria-describedby=\"caption-attachment-55331\" class=\"wp-image-55331 size-full\" src=\"https:\/\/charleroi-pourlapalestine.be\/wp-content\/uploads\/2023\/05\/Le-sergent-du-bataillon-Azov-Arseniy-Fedosiuk-et-sa-femme-Yulia.jpg\" alt=\"Le sergent du bataillon Azov, Arseniy Fedosiuk, et sa femme Yulia\" width=\"800\" height=\"430\"><p id=\"caption-attachment-55331\" class=\"wp-caption-text\"><strong><em>Le sergent du bataillon Azov, Arseniy Fedosiuk, et sa femme Yulia<\/em> <em>(extr\u00eame droite) \u00e0 l\u2019ambassade d\u2019Ukraine en Isra\u00ebl. Arseniy Fedosiuk avait \u00e9t\u00e9 captur\u00e9 en mai par les forces russes, mais lib\u00e9r\u00e9 apr\u00e8s qu\u2019Azov avait introduit une requ\u00eate aupr\u00e8s des d\u00e9put\u00e9s isra\u00e9liens.<\/em><\/strong> (Photo : Twitter \/ Instagram)<\/p><\/div>\n<p><strong><br \/>\nAsa Winstanley,<\/strong> 15 avril 2023<\/p>\n<p>Dans de plus amples d\u00e9tails publi\u00e9s par l\u2019<em>\u00ab Association des familles des d\u00e9fenseurs d\u2019Azovstal<\/em> \u00bb sur un compte Telegram, l\u2019organisation pro-Azov a r\u00e9v\u00e9l\u00e9 que Fedosiuk <em>\u00ab subissait un traitement et une revalidation en Isra\u00ebl afin de regagner son unit\u00e9 et d\u00e9fendre l\u2019Ukraine le plus rapidement possible \u00bb<\/em>.<\/p>\n<p>Les comptes rendus n\u2019ont pas pr\u00e9cis\u00e9 quand Fedosiuk \u00e9tait arriv\u00e9 en Isra\u00ebl, ni quand il avait \u00e9t\u00e9 rel\u00e2ch\u00e9 de sa prison russe ni non plus quelle \u00e9tait la nature de ses blessures.<\/p>\n<blockquote class=\"twitter-tweet\" data-width=\"500\" data-dnt=\"true\">\n<p lang=\"uk\" dir=\"ltr\">\ud83c\uddfa\ud83c\udde6\ud83c\uddee\ud83c\uddf1 \u0411\u043e\u0454\u0446\u044c \u00ab\u0410\u0437\u043e\u0432\u0443\u00bb \u0410\u0440\u0441\u0435\u043d\u0456\u0439 \u0424\u0435\u0434\u043e\u0441\u044e\u043a \u0437 \u0434\u0440\u0443\u0436\u0438\u043d\u043e\u044e \u042e\u043b\u0456\u0454\u044e \u0437\u0430 \u043f\u0456\u0434\u0442\u0440\u0438\u043c\u043a\u0438 \u043f\u043e\u0441\u043e\u043b\u044c\u0441\u0442\u0432\u0430 \u0423\u043a\u0440\u0430\u0457\u043d\u0438 \u0432 \u0406\u0437\u0440\u0430\u0457\u043b\u0456 \u043f\u0440\u043e\u0432\u0435\u043b\u0438 \u0437\u0443\u0441\u0442\u0440\u0456\u0447 \u0437 \u0444\u043e\u043d\u0434\u043e\u043c  \u00ab\u0424\u043e\u043d\u0434 \u041c\u0430\u0448\u0430\u00bb<\/p>\n<p>\u0414\u0435\u0442\u0430\u043b\u0456: <a href=\"https:\/\/t.co\/ah5TT4BFPf\">https:\/\/t.co\/ah5TT4BFPf<\/a> <a href=\"https:\/\/t.co\/jrmNF9KNx4\">pic.twitter.com\/jrmNF9KNx4<\/a><\/p>\n<p>&mdash; \u0410\u0441\u043e\u0446\u0456\u0430\u0446\u0456\u044f \u0440\u043e\u0434\u0438\u043d \u0437\u0430\u0445\u0438\u0441\u043d\u0438\u043a\u0456\u0432 \u00ab\u0410\u0437\u043e\u0432\u0441\u0442\u0430\u043b\u0456\u00bb (@AzovstalFam) <a href=\"https:\/\/twitter.com\/AzovstalFam\/status\/1634585610227687430?ref_src=twsrc%5Etfw\">March 11, 2023<\/a><\/p><\/blockquote>\n<p><script async src=\"https:\/\/platform.twitter.com\/widgets.js\" charset=\"utf-8\"><\/script><\/p>\n<blockquote class=\"twitter-tweet\" data-width=\"500\" data-dnt=\"true\">\n<p lang=\"uk\" dir=\"ltr\">\ud83c\uddfa\ud83c\udde6\ud83c\uddee\ud83c\uddf1 \u0411\u043e\u0454\u0446\u044c \u00ab\u0410\u0437\u043e\u0432\u0443\u00bb \u0410\u0440\u0441\u0435\u043d\u0456\u0439 \u0424\u0435\u0434\u043e\u0441\u044e\u043a \u0437 \u0434\u0440\u0443\u0436\u0438\u043d\u043e\u044e \u042e\u043b\u0456\u0454\u044e \u0437\u0430 \u043f\u0456\u0434\u0442\u0440\u0438\u043c\u043a\u0438 \u043f\u043e\u0441\u043e\u043b\u044c\u0441\u0442\u0432\u0430 \u0423\u043a\u0440\u0430\u0457\u043d\u0438 \u0432 \u0406\u0437\u0440\u0430\u0457\u043b\u0456 \u043f\u0440\u043e\u0432\u0435\u043b\u0438 \u0437\u0443\u0441\u0442\u0440\u0456\u0447 \u0437 \u0444\u043e\u043d\u0434\u043e\u043c  \u00ab\u0424\u043e\u043d\u0434 \u041c\u0430\u0448\u0430\u00bb<\/p>\n<p>\u0414\u0435\u0442\u0430\u043b\u0456: <a href=\"https:\/\/t.co\/ah5TT4BFPf\">https:\/\/t.co\/ah5TT4BFPf<\/a> <a href=\"https:\/\/t.co\/jrmNF9KNx4\">pic.twitter.com\/jrmNF9KNx4<\/a><\/p>\n<p>&mdash; \u0410\u0441\u043e\u0446\u0456\u0430\u0446\u0456\u044f \u0440\u043e\u0434\u0438\u043d \u0437\u0430\u0445\u0438\u0441\u043d\u0438\u043a\u0456\u0432 \u00ab\u0410\u0437\u043e\u0432\u0441\u0442\u0430\u043b\u0456\u00bb (@AzovstalFam) <a href=\"https:\/\/twitter.com\/AzovstalFam\/status\/1634585610227687430?ref_src=twsrc%5Etfw\">March 11, 2023<\/a><\/p><\/blockquote>\n<p><script async src=\"https:\/\/platform.twitter.com\/widgets.js\" charset=\"utf-8\"><\/script><\/p>\n<p>Fedosiuk \u00e9tait l\u2019un des quelque mille combattants d\u2019Azov captur\u00e9s par l\u2019arm\u00e9e russe au cours de la bataille finale de l\u2019aci\u00e9rie Azovstal, \u00e0 Marioupol, dans l\u2019est de l\u2019Ukraine, en mai dernier.<\/p>\n<p><a href=\"https:\/\/charleroi-pourlapalestine.be\/index.php\/2022\/12\/24\/israel-aide-lukraine-a-blanchir-ses-nazis\/\">Comme l\u2019a rapport\u00e9 <em>The Electronic Intifada<\/em><\/a>, sa femme<strong> Yulia Fedosiuk<\/strong> \u00e9tait en Isra\u00ebl en d\u00e9cembre, en compagnie de l\u2019agent de renseignement d\u2019Azov, Illia Samoilenko, <strong>afin de faire pression sur des hommes politiques isra\u00e9liens pour qu\u2019ils contribuent \u00e0 assurer la lib\u00e9ration des nazis ukrainiens captur\u00e9s par la Russie.<\/strong><\/p>\n<p>\u00c0 l\u2019\u00e9poque, Arseniy Fedosiuk \u00e9tait toujours aux mains des Russes.<\/p>\n<p>Un message post\u00e9 sur le compte Instagram de Yuliaa Fedosiuk indique que son mari a \u00e9t\u00e9 lib\u00e9r\u00e9 en janvier. Dans le message, elle attribuait cette lib\u00e9ration \u00e0 sa campagne aupr\u00e8s <em>\u00ab du pape, du Congr\u00e8s am\u00e9ricain et de la Knesset isra\u00e9lienne \u00bb.<\/em><\/p>\n<div id=\"attachment_55270\" style=\"width: 679px\" class=\"wp-caption aligncenter\"><img loading=\"lazy\" decoding=\"async\" aria-describedby=\"caption-attachment-55270\" class=\"wp-image-55270 size-full\" src=\"https:\/\/charleroi-pourlapalestine.be\/wp-content\/uploads\/2023\/05\/Le-sergent-Arseniy-Fedosiuk-du-bataillon-Azov-et-sa-femme-Yulia-e1683099993503.png\" alt=\"Le sergent Arseniy Fedosiuk, du bataillon Azov, et sa femme Yulia.\" width=\"669\" height=\"512\"><p id=\"caption-attachment-55270\" class=\"wp-caption-text\"><strong>Le sergent Arseniy Fedosiuk, du bataillon Azov, et sa femme Yulia.<\/strong> Photo : Instagram<\/p><\/div>\n<p>&nbsp;<\/p>\n<p>Au cours de sa visite en compagnie d\u2019autres nazis d\u2019Azov en Isra\u00ebl, l\u2019an dernier, Yulia a rencontr\u00e9 <strong>Naama Lazimi,<\/strong> une \u00e9minente d\u00e9put\u00e9e du Parti travailliste d\u2019Isra\u00ebl.<\/p>\n<p>Lazimi a \u00e9t\u00e9 tellement embarrass\u00e9e d\u2019avoir \u00e9t\u00e9 d\u00e9nonc\u00e9e par <em>The Electronic Intifada <\/em>que son porte-parole nous avait demand\u00e9 peu apr\u00e8s de supprimer son nom de l\u2019article. Nous avions refus\u00e9, naturellement.<\/p>\n<p>La Russie et l\u2019Ukraine se sont engag\u00e9es dans une s\u00e9rie d\u2019\u00e9changes de prisonniers depuis que l\u2019op\u00e9ration militaire russe a d\u00e9but\u00e9 en Ukraine en f\u00e9vrier 2022.<\/p>\n<p>La cha\u00eene de TV russe RT a rapport\u00e9 le mois dernier qu\u2019un \u00e9change de 90 soldats russes contre 130 combattants ukrainiens avait concern\u00e9 entre autres 87 soldats de Marioupol, dont 71 de l\u2019aci\u00e9rie Azovstal.<\/p>\n<p>Selon le gouvernement ukrainien, la plupart des hommes lib\u00e9r\u00e9s des prisons russes lors de l\u2019\u00e9change de mars avaient de <em>\u00ab graves blessures \u00bb<\/em>. Fedosiuk avait \u00e9t\u00e9 bless\u00e9 par un shrapnel, avait dit sa femme lors d\u2019une interview r\u00e9alis\u00e9e par le site internet lituanien <em>Meduza<\/em> l\u2019an dernier.<\/p>\n<h3><strong><br \/>\nUne activiste antif\u00e9ministe d\u2019extr\u00eame droite <\/strong><\/h3>\n<p><strong>Yulia Fedosiuk<\/strong> est une personnalit\u00e9 importante de l\u2019extr\u00eame droite ukrainienne.<\/p>\n<p>Elle avait expliqu\u00e9 \u00e0 <em>Meduza<\/em> qu\u2019elle travaillait comme assistante parlementaire de Sviatoslav Yurash, un d\u00e9put\u00e9 du parti politique du pr\u00e9sident<strong> Volodymyr Zelensky,<\/strong> Serviteur du Peuple (qui tire son nom du sitcom ukrainien qui a fait conna\u00eetre Zelensky).<\/p>\n<p>Selon<strong> Oleksiy Kuzmenko (<\/strong>un chercheur de l\u2019organisation pro-OTAN Bellingcat, financ\u00e9e par l\u2019UE), Yulia Fedosiuk \u00e9tait la dirigeante d\u2019une organisation antif\u00e9ministe, la <strong><em>Rose d\u2019Argent,<\/em><\/strong> <strong>\u00e9troitement associ\u00e9e \u00e0 Azov.<\/strong><\/p>\n<blockquote class=\"twitter-tweet\" data-width=\"500\" data-dnt=\"true\">\n<p lang=\"en\" dir=\"ltr\">.<a href=\"https:\/\/twitter.com\/5050oD?ref_src=twsrc%5Etfw\">@5050oD<\/a> video on <a href=\"https:\/\/twitter.com\/hashtag\/DomesticViolence?src=hash&amp;ref_src=twsrc%5Etfw\">#DomesticViolence<\/a> features anti-feminist \ud83c\uddfa\ud83c\udde6 groupuscule \u201cSilver of the Rose\u201dwhich describes itself as rooted in &quot;European Identity&quot;, &quot;traditional view on women&quot;, opposed to \u201cneo-liberal feminism\u201d. The shot used is SOR carrying a coffin with \u201cFeminism\u201d on it <a href=\"https:\/\/t.co\/ZHVUrWKBj5\">https:\/\/t.co\/ZHVUrWKBj5<\/a> <a href=\"https:\/\/t.co\/Z2ZXoRrtFc\">pic.twitter.com\/Z2ZXoRrtFc<\/a><\/p>\n<p>&mdash; Oleksiy Kuzmenko (@kooleksiy) <a href=\"https:\/\/twitter.com\/kooleksiy\/status\/1257370830104920066?ref_src=twsrc%5Etfw\">May 4, 2020<\/a><\/p><\/blockquote>\n<p><script async src=\"https:\/\/platform.twitter.com\/widgets.js\" charset=\"utf-8\"><\/script><\/p>\n<blockquote class=\"twitter-tweet\" data-width=\"500\" data-dnt=\"true\">\n<p lang=\"en\" dir=\"ltr\">\u201cSilver of the Rose\u201d anti-feminist groupuscule that appears in <a href=\"https:\/\/twitter.com\/5050oD?ref_src=twsrc%5Etfw\">@5050oD<\/a> video is linked to far-right Azov movement. SOR\u2019s leader Fedosyuk has a role in Azov\u2019s book club\/publisher \u201cPlomin\u201d. In this photo she\u2019s next to leaders of Azov\u2019s violent National Corps, National Militia wings <a href=\"https:\/\/t.co\/1YSWHly08n\">pic.twitter.com\/1YSWHly08n<\/a><\/p>\n<p>&mdash; Oleksiy Kuzmenko (@kooleksiy) <a href=\"https:\/\/twitter.com\/kooleksiy\/status\/1257370842423492609?ref_src=twsrc%5Etfw\">May 4, 2020<\/a><\/p><\/blockquote>\n<p><script async src=\"https:\/\/platform.twitter.com\/widgets.js\" charset=\"utf-8\"><\/script><\/p>\n<p>Elle a \u00e9galement \u00e9t\u00e9 impliqu\u00e9e dans <strong>la maison d\u2019\u00e9dition Plomin d\u2019Azov<\/strong>, laquelle a publi\u00e9 des traductions en ukrainien de plusieurs c\u00e9l\u00e8bres fascistes europ\u00e9ens.<\/p>\n<p>Sur son compte Instagram, l\u2019an dernier, Yulia Fedosiuk a publi\u00e9 une photo d\u2019elle-m\u00eame vendant des libres de Plomin avec son <em>\u00ab proche ami \u00bb<\/em>, <strong>Sergei Zaikovsky, un combattant d\u2019Azov<\/strong> qui a \u00e9t\u00e9 tu\u00e9 \u00e0 la guerre par la suite.<\/p>\n<p><em>The Times<\/em> de Londres avait fait l\u2019\u00e9loge de Zaikovsky apr\u00e8s qu\u2019il avait \u00e9t\u00e9 tu\u00e9.<\/p>\n<p>Le journal avait fait remarquer comment, lors de ses fun\u00e9railles, on l\u2019avait d\u00e9crit comme <em>\u00ab un intellectuel exceptionnel, un \u00e9rudit et un linguiste \u00bb<\/em> . Il condamnait Vladimir Poutine, le pr\u00e9sident russe, pour son<em> \u00ab am\u00e8re rh\u00e9torique \u00e0 propos de la d\u00e9nazification \u00bb<\/em> en Ukraine.<\/p>\n<p>En fait, le message post\u00e9 par Yulia Fedosiuk montre que Zaikovsky \u00e9tait un fasciste non repenti et un supr\u00e9maciste blanc.<\/p>\n<p>Zaikovsky, se vantait Yulia Fedosiuk tout en travaillant avec lui pour Plomin, avait traduit une<em> \u00ab galaxie d\u2019auteurs importants pour notre cause commune \u00bb,<\/em> y compris le fasciste italien notoire et espion nazi Julius Evola, la source d\u2019inspiration fran\u00e7aise de la vieille droite Alain de Benoist et l\u2019historien fasciste roumain Mircea Eliade.<\/p>\n<div id=\"attachment_55288\" style=\"width: 810px\" class=\"wp-caption alignnone\"><img loading=\"lazy\" decoding=\"async\" aria-describedby=\"caption-attachment-55288\" class=\"wp-image-55288 size-full\" src=\"https:\/\/charleroi-pourlapalestine.be\/wp-content\/uploads\/2023\/05\/Le-combattant-dAzov-Sergei-Zaikovsky-et-lactiviste-dAzov-Yulia-Fedosiuk.png\" alt=\"Le combattant d\u2019Azov Sergei Zaikovsky et l\u2019activiste d\u2019Azov Yulia Fedosiuk\" width=\"800\" height=\"556\"><p id=\"caption-attachment-55288\" class=\"wp-caption-text\"><strong>Le combattant d\u2019Azov Sergei Zaikovsky et l\u2019activiste d\u2019Azov Yulia Fedosiuk vendant de la litt\u00e9rature d\u2019extr\u00eame droite.<\/strong> (Photo : Instagram)<\/p><\/div>\n<p>&nbsp;<\/p>\n<p>La <em>Rose d\u2019Argent<\/em> se pr\u00e9sente comme \u00e9tant enracin\u00e9e dans la <em>\u00ab vision traditionnelle des femmes \u00bb<\/em> et l\u2019\u00ab<em> identit\u00e9 europ\u00e9enne \u00bb.<\/em> Dans l\u2019un de ses plus remarquables gags publicitaires, elle pr\u00e9sentait un simulacre d\u2019enterrement, avec Yulia Fedosiuk figurant elle-m\u00eame parmi les personnes<em> \u00ab endeuill\u00e9es \u00bb<\/em> accompagnant un cercueil sur lequel \u00e9tait \u00e9crit le mot <em>\u00ab f\u00e9minisme \u00bb.<\/em><\/p>\n<p>Dans son interview par <em>Meduza<\/em>, Yulia Fedosiuk pr\u00e9tendait avoir \u00e9tudi\u00e9 le grec ancien et l\u2019avoir ensuite enseign\u00e9 \u00e0 son mari.<\/p>\n<p><em>\u00ab Mon mari et moi avons toujours pr\u00e9vu d\u2019entreprendre un long voyage \u00e0 travers l\u2019Europe \u00bb,<\/em> avait-elle expliqu\u00e9 au site internet. <em>\u00ab Nous aimons vraiment l\u2019Antiquit\u00e9, l\u2019histoire de la Rome ancienne et de la Gr\u00e8ce ancienne, et nous voulions passer quelque temps dans ce cadre. \u00bb<\/em><\/p>\n<p>Depuis l\u2019\u00e9poque de Mussolini et d\u2019Hitler, l\u2019extr\u00eame droite est obs\u00e9d\u00e9e par la Gr\u00e8ce ancienne et la Rome ancienne, qu\u2019elle con\u00e7oit souvent comme le lieu de naissance de la civilisation <em>\u00ab occidentale \u00bb<\/em> ou <em>\u00ab blanche \u00bb<\/em>. Les historiens, naturellement, ont adopt\u00e9 des positions plus nuanc\u00e9es, et certains d\u2019entre eux ont m\u00eame con\u00e7u la Gr\u00e8ce antique comme une civilisation tr\u00e8s largement afro-asiatique.<\/p>\n<div id=\"attachment_55326\" style=\"width: 686px\" class=\"wp-caption aligncenter\"><img loading=\"lazy\" decoding=\"async\" aria-describedby=\"caption-attachment-55326\" class=\"wp-image-55326 size-full\" src=\"https:\/\/charleroi-pourlapalestine.be\/wp-content\/uploads\/2023\/05\/Lactiviste-dAzov-Yulia-Fedosiuk-e1683275180938.png\" alt=\"L\u2019activiste d\u2019Azov Yulia Fedosiuk tirant au fusil dans une vid\u00e9o dat\u00e9e de septembre 2021. \" width=\"676\" height=\"545\"><p id=\"caption-attachment-55326\" class=\"wp-caption-text\"><em><strong>L\u2019activiste d\u2019Azov Yulia Fedosiuk<\/strong> <strong>tirant au fusil dans une vid\u00e9o dat\u00e9e de septembre 2021<\/strong>.<\/em> (Photo : Instagram)<\/p><\/div>\n<p>&nbsp;<\/p>\n<p>Moss Robeson, un journaliste et sp\u00e9cialiste de l\u2019extr\u00eame droite ukrainienne, a \u00e9crit sur la fa\u00e7on dont, tr\u00e8s r\u00e9cemment, <strong>Yulia Fedosiuk<\/strong> a fait partie de d\u00e9l\u00e9gations aux EU dans le cadre<\/p>\n<blockquote><p>\u00ab des tentatives r\u00e9centes d\u2019Azov de sensibilisation de ce pays, y compris les efforts en vue de faire annuler l\u2019interdiction du Congr\u00e8s des fournitures d\u2019armes et de formations am\u00e9ricaines au r\u00e9giment Azov \u00bb.<\/p><\/blockquote>\n<p>Selon le journaliste argentin pro-Azov Gustavo Sierra, Yulia Fedosiuk en personne <em>\u00ab a re\u00e7u une formation militaire \u00bb.<\/em> De m\u00eame que son mari Arseniy.<\/p>\n<p>En 2021, sur son profil Instagram, elle a publi\u00e9 deux vid\u00e9os d\u2019elle-m\u00eame o\u00f9 on la voit tirer au fusil.<\/p>\n<p>&nbsp;<\/p>\n<h3><strong>L\u2019aide isra\u00e9lienne aux nazis<\/strong><\/h3>\n<p>Isra\u00ebl entretient des liens \u00e9troits<strong> \u00e0 la fois avec la Russie et l\u2019Ukraine.<\/strong><\/p>\n<p>Bien que Volodymyr Zelensky se plaigne qu\u2019Isra\u00ebl a refus\u00e9 d\u2019\u00e9quiper l\u2019Ukraine du syst\u00e8me antimissile D\u00f4me de Fer, des armes, <strong>des formations et des combattants venus d\u2019Isra\u00ebl ont en fait gagn\u00e9 l\u2019Ukraine<\/strong>. Le bataillon Azov a directement re\u00e7u l\u2019assistance isra\u00e9lienne.<\/p>\n<p>Plus t\u00f4t en avril, le quotidien de Tel-Avi<a href=\"https:\/\/www.haaretz.com\/israel-news\/2023-04-05\/ty-article\/.premium\/the-israeli-police-officer-now-fighting-in-the-ukrainian-army\/00000187-4bbe-dde0-afb7-7fbfd4f20000\" target=\"_blank\" rel=\"noopener\">v <em>Haaretz<\/em> a pr\u00e9sent\u00e9 le profil de David Young<\/a>, un policier isra\u00e9lien qui avait d\u00e9missionn\u00e9 de la police apr\u00e8s 22 ans de service afin de se rendre en Ukraine et d\u2019y combattre la Russie.<\/p>\n<p>Young, expliquait le journal, <em>\u00ab n\u2019a pas de liens ancestraux avec l\u2019Ukraine \u00bb<\/em> et il est n\u00e9 au Royaume-Uni. Il s\u2019est converti au juda\u00efsme, a modifi\u00e9 son nom en Ariah Ben Yehudah et, en 1991, a \u00e9migr\u00e9 vers la Palestine occup\u00e9e pour devenir un colon isra\u00e9lien.<\/p>\n<p>Il a coll\u00e9 un drapeau isra\u00e9lien sur son uniforme de l\u2019arm\u00e9e ukrainienne,<\/p>\n<blockquote><p>\u00ab parce que je suis isra\u00e9lien et que je veux faire savoir qu\u2019Isra\u00ebl combat en Ukraine. Et c\u2019est symbolique. \u00bb<\/p><\/blockquote>\n<p>En avril 2022, une<a href=\"https:\/\/electronicintifada.net\/blogs\/asa-winstanley\/mercenaries-ukraine-thank-israeli-government\" target=\"_blank\" rel=\"noopener\"> vid\u00e9o a \u00e9t\u00e9 publi\u00e9e par des mercenaires isra\u00e9liens<\/a> combattant en Ukraine, et on les voit remercier le gouvernement isra\u00e9lien de<em> \u00ab les aider \u00bb<\/em> dans leur guerre contre la Russie.<\/p>\n<p>Ce m\u00eame mois, <a href=\"https:\/\/electronicintifada.net\/blogs\/asa-winstanley\/israel-still-arming-ukrainian-nazis\" target=\"_blank\" rel=\"noopener\">une vid\u00e9o publi\u00e9e en ligne par Azov<\/a> montrait que des armes antichars isra\u00e9liennes \u00e9taient utilis\u00e9es par l\u2019unit\u00e9.<\/p>\n<p>&nbsp;<\/p>\n<h3><strong>Des origines d\u2019extr\u00eame droite<\/strong><\/h3>\n<p><strong>Le bataillon Azov<\/strong> a d\u00e9but\u00e9 comme un gang de voyous des rues d\u2019extr\u00eame droite. Ses activistes constituaient l\u2019avant-garde du coup d\u2019\u00c9tat de<em> \u00ab Ma\u00efdan \u00bb<\/em> soutenu par les EU qui a renvers\u00e9 le gouvernement \u00e9lu de l\u2019Ukraine. Peu apr\u00e8s, <strong>le bataillon a \u00e9t\u00e9 int\u00e9gr\u00e9 aux forces arm\u00e9es de l\u2019Ukraine<\/strong>, dont il fait toujours partie actuellement sous le nom de r\u00e9giment Azov.<\/p>\n<p>En 2018, l\u2019avocat isra\u00e9lien des droits humains<strong> Eitay Mack<\/strong> a \u00e9crit au gouvernement isra\u00e9lien en disant qu\u2019il s\u2019opposait \u00e0 ce que l\u2019aide fournie par Isra\u00ebl \u00e0 l\u2019Ukraine f\u00fbt utilis\u00e9e par des n\u00e9onazis.<\/p>\n<p>Dans sa r\u00e9ponse, le gouvernement avait confirm\u00e9 que ses licences d\u2019armes \u00e0 l\u2019Ukraine \u00e9taient accord\u00e9es <em>\u00ab en coordination totale avec le minist\u00e8re des Affaires \u00e9trang\u00e8res et d\u2019autres entit\u00e9s gouvernementales \u00bb<\/em>, mais il n\u2019avait pas ni\u00e9 qu\u2019il armait les nazis ukrainiens.<\/p>\n<p>La d\u00e9nonciation par <em>The Electronic Intifada<\/em> en 2018 du fait qu\u2019Isra\u00ebl armait l\u2019Ukraine avait provoqu\u00e9 un incident diplomatique mineur quand l\u2019ambassadeur d\u2019Ukraine en Isra\u00ebl avait adress\u00e9 ses dol\u00e9ances officielles \u00e0 <em>Haaretz<\/em> apr\u00e8s que le journal s\u2019\u00e9tait fait l\u2019\u00e9cho de notre reportage.<\/p>\n<p><strong>Mack avait adress\u00e9 une requ\u00eate \u00e0 la haute cour isra\u00e9lienne pour que l\u2019\u00c9tat cesse d\u2019armer les nazis ukrainiens<\/strong>. Le gouvernement avait r\u00e9pondu en demandant que les audiences se d\u00e9roulent \u00e0 huis clos et en imposant un b\u00e2illon (interdiction de parole) \u00e0 la presse.<\/p>\n<p style=\"text-align: center;\">*****<\/p>\n<p><strong><img loading=\"lazy\" decoding=\"async\" class=\"size-full wp-image-28564 alignright\" src=\"https:\/\/charleroi-pourlapalestine.be\/wp-content\/uploads\/2021\/08\/Asa-Winstanley.jpg\" alt=\"\" width=\"112\" height=\"112\">Asa Winstanley<\/strong> est un journaliste freelance install\u00e9 \u00e0 <strong>Londres <\/strong>et qui a v\u00e9cu en <strong>Palestine occup\u00e9e<\/strong>, o\u00f9 il a r\u00e9alis\u00e9 des reportages. Son premier ouvrage : <strong>Corporate Complicity in Israel\u2019s Occupation<\/strong> (La complicit\u00e9 des soci\u00e9t\u00e9s dans l\u2019occupation isra\u00e9lienn e) a \u00e9t\u00e9 publi\u00e9 chez <strong>Pluto Press<\/strong>. Sa rubrique <em><strong>Palestine is Still the Issue<\/strong> (La Palestine constitue toujours la question)<\/em> est publi\u00e9e chaque mois. Son site <strong>Internet<\/strong> est le suivant :<strong> <a href=\"http:\/\/www.winstanleys.org\/\">www.winstanleys.org<\/a><\/strong><\/p>\n<p style=\"text-align: center;\">*****<\/p>\n<p>Publi\u00e9 le 15 avril 2023 sur<a href=\"https:\/\/electronicintifada.net\/content\/ukrainian-nazi-gets-medical-treatment-israel\/37536\" target=\"_blank\" rel=\"noopener\"> The Electronic Intifada<\/a><br \/>\nTraduction : Jean-Marie Fl\u00e9mal, <a href=\"https:\/\/charleroi-pourlapalestine.be\/\">Charleroi pour la Palestine<\/a><\/p>\n<p style=\"text-align: center;\">*****<\/p>\n<p>Lisez ici :<a href=\"https:\/\/charleroi-pourlapalestine.be\/index.php\/2022\/12\/24\/israel-aide-lukraine-a-blanchir-ses-nazis\/\"> <strong>Isra\u00ebl aide l\u2019Ukraine \u00e0 blanchir ses nazis<\/strong><\/a><\/p>\n","protected":false},"excerpt":{"rendered":"<p>Le bataillon Azov a d\u00e9but\u00e9 comme un gang d\u2019extr\u00eame droite. Ses activistes constituaient l\u2019avant-garde du coup d\u2019\u00c9tat de \u00ab Ma\u00efdan \u00bb Peu apr\u00e8s, le bataillon a \u00e9t\u00e9 int\u00e9gr\u00e9 aux forces arm\u00e9es de l\u2019Ukraine.<\/p>\n","protected":false},"author":1,"featured_media":0,"comment_status":"closed","ping_status":"closed","sticky":false,"template":"","format":"standard","meta":{"ngg_post_thumbnail":0,"footnotes":""},"categories":[126,459],"tags":[],"class_list":["post-55065","post","type-post","status-publish","format-standard","hentry","category-israel","category-ukraine"],"yoast_head":"<!-- This site is optimized with the Yoast SEO plugin v27.3 - https:\/\/yoast.com\/product\/yoast-seo-wordpress\/ -->\n<title>Un nazi ukrainien d&#039;Azov re\u00e7oit un traitement m\u00e9dical d\u2019Isra\u00ebl<\/title>\n<meta name=\"description\" content=\"Le bataillon Azov a d\u00e9but\u00e9 comme un gang de voyous des rues d\u2019extr\u00eame droite. Ses activistes constituaient l\u2019avant-garde du coup d\u2019\u00c9tat de \u00ab Ma\u00efdan \u00bb soutenu par les EU qui a renvers\u00e9 le gouvernement \u00e9lu de l\u2019Ukraine. Peu apr\u00e8s, le bataillon a \u00e9t\u00e9 int\u00e9gr\u00e9 aux forces arm\u00e9es de l\u2019Ukraine, dont il fait toujours partie actuellement sous le nom de r\u00e9giment Azov.\" \/>\n<meta name=\"robots\" content=\"index, follow, max-snippet:-1, max-image-preview:large, max-video-preview:-1\" \/>\n<link rel=\"canonical\" href=\"https:\/\/charleroi-pourlapalestine.be\/index.php\/2023\/05\/05\/un-nazi-ukrainien-dazov-recoit-un-traitement-medical-disrael\/\" \/>\n<script type=\"application\/ld+json\" class=\"yoast-schema-graph\">{\"@context\":\"https:\\\/\\\/schema.org\",\"@graph\":[{\"@type\":\"Article\",\"@id\":\"https:\\\/\\\/charleroi-pourlapalestine.be\\\/index.php\\\/2023\\\/05\\\/05\\\/un-nazi-ukrainien-dazov-recoit-un-traitement-medical-disrael\\\/#article\",\"isPartOf\":{\"@id\":\"https:\\\/\\\/charleroi-pourlapalestine.be\\\/index.php\\\/2023\\\/05\\\/05\\\/un-nazi-ukrainien-dazov-recoit-un-traitement-medical-disrael\\\/\"},\"author\":{\"name\":\"admin1873\",\"@id\":\"https:\\\/\\\/charleroi-pourlapalestine.be\\\/#\\\/schema\\\/person\\\/c19ff515112f1299d8c12671d8fe3faa\"},\"headline\":\"Un nazi ukrainien d&rsquo;Azov re\u00e7oit un traitement m\u00e9dical d\u2019Isra\u00ebl\",\"datePublished\":\"2023-05-05T08:54:33+00:00\",\"dateModified\":\"2023-05-05T08:57:05+00:00\",\"mainEntityOfPage\":{\"@id\":\"https:\\\/\\\/charleroi-pourlapalestine.be\\\/index.php\\\/2023\\\/05\\\/05\\\/un-nazi-ukrainien-dazov-recoit-un-traitement-medical-disrael\\\/\"},\"wordCount\":2049,\"publisher\":{\"@id\":\"https:\\\/\\\/charleroi-pourlapalestine.be\\\/#organization\"},\"image\":{\"@id\":\"https:\\\/\\\/charleroi-pourlapalestine.be\\\/index.php\\\/2023\\\/05\\\/05\\\/un-nazi-ukrainien-dazov-recoit-un-traitement-medical-disrael\\\/#primaryimage\"},\"thumbnailUrl\":\"https:\\\/\\\/charleroi-pourlapalestine.be\\\/wp-content\\\/uploads\\\/2023\\\/05\\\/Le-sergent-du-bataillon-Azov-Arseniy-Fedosiuk-et-sa-femme-Yulia.jpg\",\"articleSection\":[\"Isra\u00ebl\",\"Ukraine\"],\"inLanguage\":\"fr-FR\"},{\"@type\":\"WebPage\",\"@id\":\"https:\\\/\\\/charleroi-pourlapalestine.be\\\/index.php\\\/2023\\\/05\\\/05\\\/un-nazi-ukrainien-dazov-recoit-un-traitement-medical-disrael\\\/\",\"url\":\"https:\\\/\\\/charleroi-pourlapalestine.be\\\/index.php\\\/2023\\\/05\\\/05\\\/un-nazi-ukrainien-dazov-recoit-un-traitement-medical-disrael\\\/\",\"name\":\"Un nazi ukrainien d'Azov re\u00e7oit un traitement m\u00e9dical d\u2019Isra\u00ebl\",\"isPartOf\":{\"@id\":\"https:\\\/\\\/charleroi-pourlapalestine.be\\\/#website\"},\"primaryImageOfPage\":{\"@id\":\"https:\\\/\\\/charleroi-pourlapalestine.be\\\/index.php\\\/2023\\\/05\\\/05\\\/un-nazi-ukrainien-dazov-recoit-un-traitement-medical-disrael\\\/#primaryimage\"},\"image\":{\"@id\":\"https:\\\/\\\/charleroi-pourlapalestine.be\\\/index.php\\\/2023\\\/05\\\/05\\\/un-nazi-ukrainien-dazov-recoit-un-traitement-medical-disrael\\\/#primaryimage\"},\"thumbnailUrl\":\"https:\\\/\\\/charleroi-pourlapalestine.be\\\/wp-content\\\/uploads\\\/2023\\\/05\\\/Le-sergent-du-bataillon-Azov-Arseniy-Fedosiuk-et-sa-femme-Yulia.jpg\",\"datePublished\":\"2023-05-05T08:54:33+00:00\",\"dateModified\":\"2023-05-05T08:57:05+00:00\",\"description\":\"Le bataillon Azov a d\u00e9but\u00e9 comme un gang de voyous des rues d\u2019extr\u00eame droite. Ses activistes constituaient l\u2019avant-garde du coup d\u2019\u00c9tat de \u00ab Ma\u00efdan \u00bb soutenu par les EU qui a renvers\u00e9 le gouvernement \u00e9lu de l\u2019Ukraine. Peu apr\u00e8s, le bataillon a \u00e9t\u00e9 int\u00e9gr\u00e9 aux forces arm\u00e9es de l\u2019Ukraine, dont il fait toujours partie actuellement sous le nom de r\u00e9giment Azov.\",\"breadcrumb\":{\"@id\":\"https:\\\/\\\/charleroi-pourlapalestine.be\\\/index.php\\\/2023\\\/05\\\/05\\\/un-nazi-ukrainien-dazov-recoit-un-traitement-medical-disrael\\\/#breadcrumb\"},\"inLanguage\":\"fr-FR\",\"potentialAction\":[{\"@type\":\"ReadAction\",\"target\":[\"https:\\\/\\\/charleroi-pourlapalestine.be\\\/index.php\\\/2023\\\/05\\\/05\\\/un-nazi-ukrainien-dazov-recoit-un-traitement-medical-disrael\\\/\"]}]},{\"@type\":\"ImageObject\",\"inLanguage\":\"fr-FR\",\"@id\":\"https:\\\/\\\/charleroi-pourlapalestine.be\\\/index.php\\\/2023\\\/05\\\/05\\\/un-nazi-ukrainien-dazov-recoit-un-traitement-medical-disrael\\\/#primaryimage\",\"url\":\"\",\"contentUrl\":\"\"},{\"@type\":\"BreadcrumbList\",\"@id\":\"https:\\\/\\\/charleroi-pourlapalestine.be\\\/index.php\\\/2023\\\/05\\\/05\\\/un-nazi-ukrainien-dazov-recoit-un-traitement-medical-disrael\\\/#breadcrumb\",\"itemListElement\":[{\"@type\":\"ListItem\",\"position\":1,\"name\":\"Accueil\",\"item\":\"https:\\\/\\\/charleroi-pourlapalestine.be\\\/\"},{\"@type\":\"ListItem\",\"position\":2,\"name\":\"Un nazi ukrainien d&#8217;Azov re\u00e7oit un traitement m\u00e9dical d\u2019Isra\u00ebl\"}]},{\"@type\":\"WebSite\",\"@id\":\"https:\\\/\\\/charleroi-pourlapalestine.be\\\/#website\",\"url\":\"https:\\\/\\\/charleroi-pourlapalestine.be\\\/\",\"name\":\"Charleroi Pour la Palestine\",\"description\":\"\",\"publisher\":{\"@id\":\"https:\\\/\\\/charleroi-pourlapalestine.be\\\/#organization\"},\"potentialAction\":[{\"@type\":\"SearchAction\",\"target\":{\"@type\":\"EntryPoint\",\"urlTemplate\":\"https:\\\/\\\/charleroi-pourlapalestine.be\\\/?s={search_term_string}\"},\"query-input\":{\"@type\":\"PropertyValueSpecification\",\"valueRequired\":true,\"valueName\":\"search_term_string\"}}],\"inLanguage\":\"fr-FR\"},{\"@type\":\"Organization\",\"@id\":\"https:\\\/\\\/charleroi-pourlapalestine.be\\\/#organization\",\"name\":\"Plate-forme Charleroi-Palestine\",\"url\":\"https:\\\/\\\/charleroi-pourlapalestine.be\\\/\",\"logo\":{\"@type\":\"ImageObject\",\"inLanguage\":\"fr-FR\",\"@id\":\"https:\\\/\\\/charleroi-pourlapalestine.be\\\/#\\\/schema\\\/logo\\\/image\\\/\",\"url\":\"https:\\\/\\\/charleroi-pourlapalestine.be\\\/wp-content\\\/uploads\\\/2020\\\/01\\\/logo-Copy.jpg\",\"contentUrl\":\"https:\\\/\\\/charleroi-pourlapalestine.be\\\/wp-content\\\/uploads\\\/2020\\\/01\\\/logo-Copy.jpg\",\"width\":180,\"height\":180,\"caption\":\"Plate-forme Charleroi-Palestine\"},\"image\":{\"@id\":\"https:\\\/\\\/charleroi-pourlapalestine.be\\\/#\\\/schema\\\/logo\\\/image\\\/\"},\"sameAs\":[\"https:\\\/\\\/www.facebook.com\\\/PlateformeCharleroiPalestine\\\/\",\"https:\\\/\\\/x.com\\\/LaCharleroi\"]},{\"@type\":\"Person\",\"@id\":\"https:\\\/\\\/charleroi-pourlapalestine.be\\\/#\\\/schema\\\/person\\\/c19ff515112f1299d8c12671d8fe3faa\",\"name\":\"admin1873\",\"url\":\"https:\\\/\\\/charleroi-pourlapalestine.be\\\/index.php\\\/author\\\/admin1873\\\/\"}]}<\/script>\n<!-- \/ Yoast SEO plugin. -->","yoast_head_json":{"title":"Un nazi ukrainien d'Azov re\u00e7oit un traitement m\u00e9dical d\u2019Isra\u00ebl","description":"Le bataillon Azov a d\u00e9but\u00e9 comme un gang de voyous des rues d\u2019extr\u00eame droite. Ses activistes constituaient l\u2019avant-garde du coup d\u2019\u00c9tat de \u00ab Ma\u00efdan \u00bb soutenu par les EU qui a renvers\u00e9 le gouvernement \u00e9lu de l\u2019Ukraine. Peu apr\u00e8s, le bataillon a \u00e9t\u00e9 int\u00e9gr\u00e9 aux forces arm\u00e9es de l\u2019Ukraine, dont il fait toujours partie actuellement sous le nom de r\u00e9giment Azov.","robots":{"index":"index","follow":"follow","max-snippet":"max-snippet:-1","max-image-preview":"max-image-preview:large","max-video-preview":"max-video-preview:-1"},"canonical":"https:\/\/charleroi-pourlapalestine.be\/index.php\/2023\/05\/05\/un-nazi-ukrainien-dazov-recoit-un-traitement-medical-disrael\/","schema":{"@context":"https:\/\/schema.org","@graph":[{"@type":"Article","@id":"https:\/\/charleroi-pourlapalestine.be\/index.php\/2023\/05\/05\/un-nazi-ukrainien-dazov-recoit-un-traitement-medical-disrael\/#article","isPartOf":{"@id":"https:\/\/charleroi-pourlapalestine.be\/index.php\/2023\/05\/05\/un-nazi-ukrainien-dazov-recoit-un-traitement-medical-disrael\/"},"author":{"name":"admin1873","@id":"https:\/\/charleroi-pourlapalestine.be\/#\/schema\/person\/c19ff515112f1299d8c12671d8fe3faa"},"headline":"Un nazi ukrainien d&rsquo;Azov re\u00e7oit un traitement m\u00e9dical d\u2019Isra\u00ebl","datePublished":"2023-05-05T08:54:33+00:00","dateModified":"2023-05-05T08:57:05+00:00","mainEntityOfPage":{"@id":"https:\/\/charleroi-pourlapalestine.be\/index.php\/2023\/05\/05\/un-nazi-ukrainien-dazov-recoit-un-traitement-medical-disrael\/"},"wordCount":2049,"publisher":{"@id":"https:\/\/charleroi-pourlapalestine.be\/#organization"},"image":{"@id":"https:\/\/charleroi-pourlapalestine.be\/index.php\/2023\/05\/05\/un-nazi-ukrainien-dazov-recoit-un-traitement-medical-disrael\/#primaryimage"},"thumbnailUrl":"https:\/\/charleroi-pourlapalestine.be\/wp-content\/uploads\/2023\/05\/Le-sergent-du-bataillon-Azov-Arseniy-Fedosiuk-et-sa-femme-Yulia.jpg","articleSection":["Isra\u00ebl","Ukraine"],"inLanguage":"fr-FR"},{"@type":"WebPage","@id":"https:\/\/charleroi-pourlapalestine.be\/index.php\/2023\/05\/05\/un-nazi-ukrainien-dazov-recoit-un-traitement-medical-disrael\/","url":"https:\/\/charleroi-pourlapalestine.be\/index.php\/2023\/05\/05\/un-nazi-ukrainien-dazov-recoit-un-traitement-medical-disrael\/","name":"Un nazi ukrainien d'Azov re\u00e7oit un traitement m\u00e9dical d\u2019Isra\u00ebl","isPartOf":{"@id":"https:\/\/charleroi-pourlapalestine.be\/#website"},"primaryImageOfPage":{"@id":"https:\/\/charleroi-pourlapalestine.be\/index.php\/2023\/05\/05\/un-nazi-ukrainien-dazov-recoit-un-traitement-medical-disrael\/#primaryimage"},"image":{"@id":"https:\/\/charleroi-pourlapalestine.be\/index.php\/2023\/05\/05\/un-nazi-ukrainien-dazov-recoit-un-traitement-medical-disrael\/#primaryimage"},"thumbnailUrl":"https:\/\/charleroi-pourlapalestine.be\/wp-content\/uploads\/2023\/05\/Le-sergent-du-bataillon-Azov-Arseniy-Fedosiuk-et-sa-femme-Yulia.jpg","datePublished":"2023-05-05T08:54:33+00:00","dateModified":"2023-05-05T08:57:05+00:00","description":"Le bataillon Azov a d\u00e9but\u00e9 comme un gang de voyous des rues d\u2019extr\u00eame droite. Ses activistes constituaient l\u2019avant-garde du coup d\u2019\u00c9tat de \u00ab Ma\u00efdan \u00bb soutenu par les EU qui a renvers\u00e9 le gouvernement \u00e9lu de l\u2019Ukraine. Peu apr\u00e8s, le bataillon a \u00e9t\u00e9 int\u00e9gr\u00e9 aux forces arm\u00e9es de l\u2019Ukraine, dont il fait toujours partie actuellement sous le nom de r\u00e9giment Azov.","breadcrumb":{"@id":"https:\/\/charleroi-pourlapalestine.be\/index.php\/2023\/05\/05\/un-nazi-ukrainien-dazov-recoit-un-traitement-medical-disrael\/#breadcrumb"},"inLanguage":"fr-FR","potentialAction":[{"@type":"ReadAction","target":["https:\/\/charleroi-pourlapalestine.be\/index.php\/2023\/05\/05\/un-nazi-ukrainien-dazov-recoit-un-traitement-medical-disrael\/"]}]},{"@type":"ImageObject","inLanguage":"fr-FR","@id":"https:\/\/charleroi-pourlapalestine.be\/index.php\/2023\/05\/05\/un-nazi-ukrainien-dazov-recoit-un-traitement-medical-disrael\/#primaryimage","url":"","contentUrl":""},{"@type":"BreadcrumbList","@id":"https:\/\/charleroi-pourlapalestine.be\/index.php\/2023\/05\/05\/un-nazi-ukrainien-dazov-recoit-un-traitement-medical-disrael\/#breadcrumb","itemListElement":[{"@type":"ListItem","position":1,"name":"Accueil","item":"https:\/\/charleroi-pourlapalestine.be\/"},{"@type":"ListItem","position":2,"name":"Un nazi ukrainien d&#8217;Azov re\u00e7oit un traitement m\u00e9dical d\u2019Isra\u00ebl"}]},{"@type":"WebSite","@id":"https:\/\/charleroi-pourlapalestine.be\/#website","url":"https:\/\/charleroi-pourlapalestine.be\/","name":"Charleroi Pour la Palestine","description":"","publisher":{"@id":"https:\/\/charleroi-pourlapalestine.be\/#organization"},"potentialAction":[{"@type":"SearchAction","target":{"@type":"EntryPoint","urlTemplate":"https:\/\/charleroi-pourlapalestine.be\/?s={search_term_string}"},"query-input":{"@type":"PropertyValueSpecification","valueRequired":true,"valueName":"search_term_string"}}],"inLanguage":"fr-FR"},{"@type":"Organization","@id":"https:\/\/charleroi-pourlapalestine.be\/#organization","name":"Plate-forme Charleroi-Palestine","url":"https:\/\/charleroi-pourlapalestine.be\/","logo":{"@type":"ImageObject","inLanguage":"fr-FR","@id":"https:\/\/charleroi-pourlapalestine.be\/#\/schema\/logo\/image\/","url":"https:\/\/charleroi-pourlapalestine.be\/wp-content\/uploads\/2020\/01\/logo-Copy.jpg","contentUrl":"https:\/\/charleroi-pourlapalestine.be\/wp-content\/uploads\/2020\/01\/logo-Copy.jpg","width":180,"height":180,"caption":"Plate-forme Charleroi-Palestine"},"image":{"@id":"https:\/\/charleroi-pourlapalestine.be\/#\/schema\/logo\/image\/"},"sameAs":["https:\/\/www.facebook.com\/PlateformeCharleroiPalestine\/","https:\/\/x.com\/LaCharleroi"]},{"@type":"Person","@id":"https:\/\/charleroi-pourlapalestine.be\/#\/schema\/person\/c19ff515112f1299d8c12671d8fe3faa","name":"admin1873","url":"https:\/\/charleroi-pourlapalestine.be\/index.php\/author\/admin1873\/"}]}},"_links":{"self":[{"href":"https:\/\/charleroi-pourlapalestine.be\/index.php\/wp-json\/wp\/v2\/posts\/55065","targetHints":{"allow":["GET"]}}],"collection":[{"href":"https:\/\/charleroi-pourlapalestine.be\/index.php\/wp-json\/wp\/v2\/posts"}],"about":[{"href":"https:\/\/charleroi-pourlapalestine.be\/index.php\/wp-json\/wp\/v2\/types\/post"}],"author":[{"embeddable":true,"href":"https:\/\/charleroi-pourlapalestine.be\/index.php\/wp-json\/wp\/v2\/users\/1"}],"replies":[{"embeddable":true,"href":"https:\/\/charleroi-pourlapalestine.be\/index.php\/wp-json\/wp\/v2\/comments?post=55065"}],"version-history":[{"count":0,"href":"https:\/\/charleroi-pourlapalestine.be\/index.php\/wp-json\/wp\/v2\/posts\/55065\/revisions"}],"wp:attachment":[{"href":"https:\/\/charleroi-pourlapalestine.be\/index.php\/wp-json\/wp\/v2\/media?parent=55065"}],"wp:term":[{"taxonomy":"category","embeddable":true,"href":"https:\/\/charleroi-pourlapalestine.be\/index.php\/wp-json\/wp\/v2\/categories?post=55065"},{"taxonomy":"post_tag","embeddable":true,"href":"https:\/\/charleroi-pourlapalestine.be\/index.php\/wp-json\/wp\/v2\/tags?post=55065"}],"curies":[{"name":"wp","href":"https:\/\/api.w.org\/{rel}","templated":true}]}}