{"id":5534,"date":"2020-02-20T11:40:04","date_gmt":"2020-02-20T10:40:04","guid":{"rendered":"https:\/\/charleroi-pourlapalestine.be\/?p=5534"},"modified":"2020-05-30T04:17:35","modified_gmt":"2020-05-30T02:17:35","slug":"le-deal-du-siecle-tango-entre-le-document-et-la-realite","status":"publish","type":"post","link":"https:\/\/charleroi-pourlapalestine.be\/index.php\/2020\/02\/20\/le-deal-du-siecle-tango-entre-le-document-et-la-realite\/","title":{"rendered":"Le <em>\u00abDeal du si\u00e8cle\u00bb<\/em>\u00a0: Tango entre le document et la r\u00e9alit\u00e9."},"content":{"rendered":"<h4>Le <em>\u00abDeal du si\u00e8cle \u00bb<\/em> am\u00e9ricain cherche \u00e0 transformer les mutations accumul\u00e9es sur le terrain en un nouveau tournant temporel dont il serait difficile de revenir.<\/h4>\n<p>Il tente, en fait, d&rsquo;imposer une nouvelle plate-forme \u00e0 toute la question palestinienne \u2013 ce que Trump appelle la <em>\u00ab base pour des n\u00e9gociations directes \u00bb<\/em> \u2013 afin de remplacer celle, fragile et d\u00e9sormais inop\u00e9rante, de la solution \u00e0 deux \u00c9tats.<\/p>\n<h4><strong>Majd Kayyal<\/strong><\/h4>\n<p><img loading=\"lazy\" decoding=\"async\" class=\"aligncenter wp-image-5541 size-full\" src=\"https:\/\/charleroi-pourlapalestine.be\/wp-content\/uploads\/2020\/02\/nabil-annani-1-Copy.jpg\" alt=\"Le \u00abDeal du si\u00e8cle \u00bb am\u00e9ricain cherche \u00e0 transformer les mutations accumul\u00e9es sur le terrain en un nouveau tournant temporel dont il serait difficile de revenir.\" width=\"360\" height=\"325\"><\/p>\n<p>Il est vrai que le <em>\u00abPlan de Paix \u00bb<\/em> n\u2019ajoute rien \u00e0 la r\u00e9alit\u00e9 \u00e9tablie aujourd&rsquo;hui par l\u2019occupation sioniste en Palestine, 27 ans apr\u00e8s la signature des accords d&rsquo;Oslo.<\/p>\n<p>Ce nouvel accord donne une l\u00e9gitimit\u00e9 internationale et un ancrage juridique \u00e0 des faits qu\u2019Isra\u00ebl avait impos\u00e9s par l\u2019agression et les abus.<\/p>\n<p>Il cherche \u00e0 transformer les mutations accumul\u00e9es sur le terrain, en un nouveau tournant temporel irr\u00e9versible.<\/p>\n<p>Il tente, en fait, d&rsquo;imposer une nouvelle plate-forme \u00e0 toute la question palestinienne \u2013 ce que Trump appelle la <em>\u00ab base pour des n\u00e9gociations directes \u00bb<\/em> \u2013 afin de remplacer celle, fragile et d\u00e9sormais inop\u00e9rante, de la solution \u00e0 deux \u00c9tats.<\/p>\n<p>La s\u00e9rie de crimes de l\u2019occupation n\u2019\u00e9tait donc pas l\u2019aboutissement d\u2019une nouvelle r\u00e9alit\u00e9 ayant permis un tel accord, ni une accumulation sur du vide.<\/p>\n<p>Bien au contraire, c\u2019est elle qui a produit cette r\u00e9alit\u00e9 de mani\u00e8re m\u00e9thodique sur les bases objectives que l&rsquo;Organisation de lib\u00e9ration de la Palestine avait convenues avec Isra\u00ebl et accept\u00e9es sous l&rsquo;\u00e9gide de l\u2019accord d\u2019Oslo et de ses annexes.<\/p>\n<p>C\u2019est-\u00e0-dire que les concepts g\u00e9ographiques (tels que la division de la Cisjordanie en zones) et les principaux m\u00e9canismes administratifs (tels que le syst\u00e8me de coordination s\u00e9curitaire), qui ont pr\u00e9par\u00e9 l\u2019av\u00e8nement de l&rsquo;<em>\u00ab&nbsp;Accord du si\u00e8cle&nbsp;\u00bb<\/em> et constituent le fondement de son existence, sont des concepts et des m\u00e9canismes qui avaient tous d\u00e9j\u00e0 \u00e9t\u00e9 adopt\u00e9s en tant que principes fondamentaux pour le lancement d\u2019<em>\u00ab&nbsp;Oslo&nbsp;\u00bb<\/em>.<\/p>\n<p><strong>Toutes les tentatives d\u2019agir \u00e0 l\u2019int\u00e9rieur du <em>\u00ab&nbsp;paradigme&nbsp;\u00bb<\/em> de la politique palestinienne se trouvent dans une impasse absolue. Admettre un tel blocage rel\u00e8ve du courage, car cet aveu pourrait \u00eatre l\u2019amorce d&rsquo;une recherche pour faire germer des id\u00e9es et des instruments in\u00e9dits que nous ne connaissons pas encore.<\/strong><\/p>\n<p>Il ne s\u2019agit pas l\u00e0 de provoquer une pol\u00e9mique ni de d\u00e9noncer l&rsquo;hypocrisie de ceux qui pr\u00e9tendent s&rsquo;opposer aujourd&rsquo;hui \u00e0 cet <em>\u00ab&nbsp;accord&nbsp;\u00bb<\/em>, alors qu\u2019ils avaient particip\u00e9 effectivement \u00e0 sa mise en \u0153uvre.<\/p>\n<p>Il s\u2019agit plut\u00f4t d\u2019une remarque dont le but est de faire la lumi\u00e8re sur une logique d&rsquo;action politique et diplomatique \u00e0 laquelle se cramponne le sionisme, alors que l\u2019Autorit\u00e9 palestinienne est \u00e0 mille lieues de la comprendre.<\/p>\n<h3>Comment les documents acqui\u00e8rent-ils de la valeur&nbsp;?<\/h3>\n<p>\u00c0 l\u2019instar de la plupart des r\u00e9gimes occidentaux qui ont commis des crimes contre leur propre peuple ou d&rsquo;autres peuples, Isra\u00ebl est r\u00e9gi par la logique du droi<em>t \u00ab&nbsp;propre&nbsp;\u00bb<\/em> qui g\u00e9n\u00e8re des situations officielles (lois, d\u00e9cisions gouvernementales ou s\u00e9curitaires, accords et conventions, etc.), tandis que le texte \u00e9crit ou oral donne la libert\u00e9 au pouvoir ex\u00e9cutif de traduire la position officielle selon l&rsquo;id\u00e9ologie dominante, ou ce qui est appel\u00e9 l\u2019<em>\u00ab&nbsp;esprit du moment&nbsp;\u00bb. <\/em><\/p>\n<p>Ainsi la loi ne d\u00e9signe pas un groupe humain pr\u00e9cis comme objet de son hostilit\u00e9&nbsp;; en revanche, tout le monde sait qu\u2019elle a \u00e9t\u00e9 sp\u00e9cifiquement con\u00e7ue pour cibler tel groupe et non tel groupe. C&rsquo;est une logique d\u00e9terminante de la loi isra\u00e9lienne, comme de tous les r\u00e8glements et d\u00e9cisions officiels appliqu\u00e9s, en particulier contre les Palestiniens de l\u2019int\u00e9rieur.<\/p>\n<p>L&rsquo;histoire abonde de ces exemples qui ont eu des cons\u00e9quences criminelles horribles.<\/p>\n<p>C\u2019est \u00e0 se demander si les pires d\u00e9bats des historiens, et les plus odieux, ne sont pas ceux qui ram\u00e8nent la trag\u00e9die humaine \u00e0 un aspect superficiel et la r\u00e9duisent \u00e0 une dimension juridique aride.<\/p>\n<p>Le plus connu de ces d\u00e9bats sur le plan international est celui, horripilant, \u00e0 propos de l&rsquo;existence, ou pas, d&rsquo;ordres de la part d\u2019Adolf Hitler dans la mise en \u0153uvre de l&rsquo;Holocauste&nbsp;!<\/p>\n<p>L&rsquo;histoire de la Palestine est bourr\u00e9e de questions aussi laides, qui cherchent principalement \u00e0 nier le crime : Y avait-il pendant la Nakba un plan supr\u00eame pr\u00e9voyant explicitement le d\u00e9placement des Palestiniens ? Les dirigeants isra\u00e9liens avaient-ils donn\u00e9 un ordre, pour le massacre de Kafr Qasim ? Sharon avait-il explicitement ordonn\u00e9 le massacre de Sabra et Chatila&nbsp;? Etc.<\/p>\n<p>Il s\u2019agit l\u00e0 d\u2019une perspective essentielle pour lire \u00e9galement les pactes de l\u00e9gitimit\u00e9 internationale \u2013 qu\u2019il s\u2019agisse d\u2019accords, de lois nationales ou de d\u00e9clarations historiques \u2013car elle nous montre la mani\u00e8re dont Isra\u00ebl les exploite.<\/p>\n<p>L\u2019essentiel de ces pactes ne r\u00e9side pas dans la promesse future qu\u2019ils ont formul\u00e9e, mais dans la fa\u00e7on dont ils d\u00e9finissent la r\u00e9alit\u00e9 \u00e0 partir de laquelle ils ont \u00e9merg\u00e9, le terrain objectif qui les d\u00e9termine.<\/p>\n<p>Leur importance r\u00e9side aussi dans les possibilit\u00e9s qui les ouvrent \u00e0 telle force capable de les mettre en \u0153uvre, afin que cette force interpr\u00e8te le document \u00e0 sa mani\u00e8re et s\u2019active afin de gagner de nouvelles positions.<\/p>\n<p>Le v\u00e9ritable enjeu des documents n&rsquo;est pas de parvenir \u00e0 l&rsquo;application d&rsquo;une vision commune entre les parties, mais de redistribuer les possibilit\u00e9s et \u00e9ventualit\u00e9s d\u2019action \u00e0 chaque partie.<\/p>\n<p>Cependant la force mat\u00e9rielle sur le terrain d\u00e9termine toujours l\u2019interpr\u00e9tation effective qu\u2019on fait d\u2019un document.<\/p>\n<p>Ce qui donne du sens au document, ce sont les \u00e9ventualit\u00e9s de l\u2019expliquer, de l\u2019utiliser et d\u2019agir pratiquement selon les d\u00e9finitions qu\u2019il a pos\u00e9es, en particulier lors de l\u2019apparition de circonstances impr\u00e9vues (ou \u00e0 la r\u00e9alisation de sc\u00e9narios) pouvant \u00eatre saisies afin de remodeler la situation existante.<\/p>\n<p>Observons, par exemple, la mise en place des services de s\u00e9curit\u00e9 de l&rsquo;Autorit\u00e9 palestinienne tels que nous les connaissons aujourd&rsquo;hui&nbsp;: Le processus avait commenc\u00e9 par les assassinats et les arrestations lors de la deuxi\u00e8me Intifada.<\/p>\n<p>Il y a eu ensuite la destruction de l&rsquo;infrastructure des syst\u00e8mes de s\u00e9curit\u00e9 relevant de l&rsquo;Autorit\u00e9, puis la forte pression exerc\u00e9e sur celle-ci afin qu\u2019elle restructure les services de s\u00e9curit\u00e9 palestiniens de mani\u00e8re \u00e0 approfondir la coordination s\u00e9curitaire avec Isra\u00ebl.<\/p>\n<p>Cette coordination a atteint alors des niveaux sans pr\u00e9c\u00e9dent, surtout apr\u00e8s un processus de<em> \u00ab&nbsp;r\u00e9forme&nbsp;\u00bb<\/em> pr\u00e9sent\u00e9 \u00e0 l&rsquo;\u00e9poque par Sharon et adopt\u00e9 par la <em>\u00ab&nbsp;Feuille de route&nbsp;\u00bb<\/em> am\u00e9ricaine en 2003, puis mis en \u0153uvre en plusieurs \u00e9tapes, jusqu\u2019\u00e0 l\u2019arriv\u00e9e du g\u00e9n\u00e9ral Dayton pour prendre en main toute la mission.<\/p>\n<p>Cette logique a command\u00e9 la mani\u00e8re dont le sionisme a trait\u00e9 chaque document international qu&rsquo;il a obtenu tout au long de son histoire.<\/p>\n<p>Partant de la<em> \u00ab&nbsp;D\u00e9claration Balfour&nbsp;\u00bb<\/em> qui a fait d\u2019un message bref et vague un fil \u00e0 plomb n\u00e9cessaire \u00e0 tout le discours colonial sioniste, jusqu\u2019au plan de partition de la Palestine en 1947, puis l&rsquo;armistice de Rhodes en 1949, qui avait \u00e9tabli ce que nous connaissons aujourd&rsquo;hui sous l\u2019appellation de \u00ab&nbsp;lignes de 1967&nbsp;\u00bb&#8230; Et les exemples sont nombreux jusqu\u2019\u00e0 Oslo.<\/p>\n<p>Le discours de Netanyahou \u00e0 la Maison-Blanche, prononc\u00e9 apr\u00e8s celui de Trump, est probablement un exemple frappant de cette logique.<\/p>\n<p>Si nous examinons attentivement le discours du Premier ministre isra\u00e9lien, nous constatons qu\u2019il est agenc\u00e9 du d\u00e9but \u00e0 la fin autour du remerciement \u00e0 Trump, pour cette \u00e9tape historique qu\u2019est le <em>\u00ab&nbsp;Deal du si\u00e8cle&nbsp;\u00bb<\/em>.<\/p>\n<p>Dans cette construction, Netanyahou a commenc\u00e9 par vanter et louer un \u00e9chantillonnage de d\u00e9tails du<em> \u00ab&nbsp;deal&nbsp;\u00bb<\/em> et, reprenant certains de ces d\u00e9tails, il a reformul\u00e9 ce que Trump avait dit, en supprimant l\u00e0 ce qu&rsquo;il voulait (<em>\u00ab&nbsp;une solution \u00e0 deux \u00c9tats&nbsp;\u00bb<\/em> ou <em>\u00ab&nbsp;un \u00c9tat palestinien&nbsp;\u00bb<\/em>, par exemple) et en y ajoutant ce que Trump n&rsquo;avait pas mentionn\u00e9 (<em>\u00ab&nbsp;l\u2019\u00c9tat juif&nbsp;\u00bb<\/em>, par exemple).<\/p>\n<p>Bien que le document lui-m\u00eame se situe entre les deux discours, la capacit\u00e9 de Netanyahou \u00e0 attribuer \u00e0 Trump ce que celui-ci n&rsquo;a pas dit explicitement, devant les cam\u00e9ras du monde entier et seulement quelques minutes apr\u00e8s, est \u00e0 m\u00eame de montrer comment les Isra\u00e9liens utilisent l&rsquo;arme de l&rsquo;interpr\u00e9tation.<\/p>\n<h3>Comment l\u2019accord d\u2019Oslo a-t-il pr\u00e9figur\u00e9 le <em>\u00ab Deal du si\u00e8cle \u00bb<\/em> ?<\/h3>\n<p>Sous cet angle, le<em> \u00ab Deal du si\u00e8cle<\/em> \u00bb vient r\u00e9capituler \u2013 et <em>\u00abcouronner \u00bb<\/em> \u2013 la r\u00e9alit\u00e9 qu&rsquo;Isra\u00ebl a pu cr\u00e9er dans le cadre des principes, des d\u00e9finitions g\u00e9ographiques et juridiques et des syst\u00e8mes administratifs d\u00e9finis par l&rsquo;accord d&rsquo;Oslo.<\/p>\n<p>Quelle est donc la forme de cette r\u00e9alit\u00e9 ?<\/p>\n<p><strong>Les concepts g\u00e9ographiques (telle la division de la Cisjordanie en zones) et les principaux m\u00e9canismes administratifs (tel le syst\u00e8me de coordination s\u00e9curitaire), qui constituent les fondements du \u00ab <em>Deal du si\u00e8cle<\/em> \u00bb avaient d\u00e9j\u00e0 \u00e9t\u00e9 tous adopt\u00e9s en tant que principes fondamentaux pour le lancement d\u2019 <em>\u00ab Oslo \u00bb.<\/em><\/strong><\/p>\n<p>Avec ses quartiers Est et Ouest, J\u00e9rusalem est soumise \u00e0 un contr\u00f4le isra\u00e9lien absolu.<\/p>\n<p>L&rsquo;occupation a approfondi son emprise sur la vie des gens gr\u00e2ce \u00e0 ses nombreux plans visant \u00e0 lier les habitants de J\u00e9rusalem \u00e0 l&rsquo;\u00e9conomie isra\u00e9lienne afin qu\u2019avec le temps, leur vie se rapproche au plus pr\u00e8s de celle des Palestiniens des territoires occup\u00e9s en 1948, avec tout ce que cela signifie comme soumission de la soci\u00e9t\u00e9 \u00e0 la domination directe des institutions isra\u00e9liennes.<\/p>\n<p>Il en va ainsi pour le domaine du travail, la vie quotidienne, l&rsquo;enseignement scolaire et universitaire, la sant\u00e9 et d&rsquo;autres domaines encore.<\/p>\n<p>Cela comprend en outre, la participation d&rsquo;une cat\u00e9gorie d\u2019habitants de la ville \u00e0 la gestion et \u00e0 la mise en \u0153uvre de ce processus d&rsquo;<em>\u00ab&nbsp;assimilation&nbsp;\u00bb<\/em>.<\/p>\n<p>Malgr\u00e9 <em>\u00ab&nbsp;l&rsquo;annexion&nbsp;\u00bb<\/em> op\u00e9r\u00e9e par Isra\u00ebl en 1967, et la promulgation par le Parlement isra\u00e9lien en 1980, d\u2019une loi \u00ab<em>&nbsp;constitutionnelle&nbsp;\u00bb<\/em> \u00e9tablissant son contr\u00f4le sur l&rsquo;Est de la ville, aucun des accords d&rsquo;Oslo ni aucune de leurs annexes ne mentionnent le terme <em>\u00ab&nbsp;J\u00e9rusalem-Est&nbsp;\u00bb<\/em>.<\/p>\n<p>Bien plus, ces accords ont \u00e9t\u00e9 conclus sans qu&rsquo;Isra\u00ebl ait eu \u00e0 effectuer un quelconque changement sur le statut de la ville.<\/p>\n<p>En d&rsquo;autres termes, Isra\u00ebl a pr\u00e9serv\u00e9, dans le texte de l&rsquo;accord, la possibilit\u00e9 d&rsquo;une <em>\u00ab&nbsp;J\u00e9rusalem unifi\u00e9e&nbsp;\u00bb<\/em>, en d\u00e9pit d\u2019une position internationale forte \u00e0 cet \u00e9gard, exprim\u00e9e dans la r\u00e9solution 478.<\/p>\n<p>Isra\u00ebl a interpr\u00e9t\u00e9 la clause <em>\u00ab&nbsp;Oslo 2&nbsp;\u00bb<\/em>, reportant l&rsquo;examen de la question de J\u00e9rusalem aux <em>\u00ab&nbsp;n\u00e9gociations sur le statut permanent&nbsp;\u00bb<\/em>, comme une clause qui emp\u00eache tout changement dans le statu quo et qui, par cons\u00e9quent, interdit toute activit\u00e9 de l&rsquo;Autorit\u00e9 palestinienne \u00e0 J\u00e9rusalem.<\/p>\n<p>S\u2019appuyant sur une telle lecture, Isra\u00ebl a proc\u00e9d\u00e9 au verrouillage de toutes les institutions et la cessation des activit\u00e9s sociales, culturelles et politiques.<\/p>\n<p>L\u2019escalade a abouti \u00e0 la fermeture compl\u00e8te de toutes les institutions li\u00e9es \u00e0 l&rsquo;Autorit\u00e9, ou \u00e0 toute autre organisation palestinienne.<\/p>\n<p>La plus connue alors \u00e9tait la fermeture de<em> \u00ab&nbsp;la Maison d&rsquo;Orient&nbsp;\u00bb<\/em>.<\/p>\n<p>Cette interdiction, qui continue encore et asphyxie l&rsquo;organisation sociale et militante, a laiss\u00e9 un vide \u00e9norme, lequel a facilit\u00e9 les tentatives de l\u2019occupant d&rsquo;imposer l\u2019isra\u00e9lisation de la ville.<\/p>\n<p>Quant aux zones d\u00e9sign\u00e9es par Oslo comme <em>\u00ab&nbsp;zone C&nbsp;\u00bb<\/em> et qui constituent 60&nbsp;% de la Cisjordanie, elles sont, elles aussi, soumises \u00e0 la mainmise absolue d\u2019Isra\u00ebl en vertu de l&rsquo;accord.<\/p>\n<p>Dans ces zones, l\u2019occupation a pratiqu\u00e9 des politiques violentes de d\u00e9placement en proc\u00e9dant \u00e0 un contr\u00f4le complet des infrastructures et des politiques de planification et de l\u2019\u00e9conomie.<\/p>\n<p>Elle a en outre exhort\u00e9 les Isra\u00e9liens \u00e0 se d\u00e9placer vers les colonies. Selon le recensement de l&rsquo;ONU de 2017, seuls 300&nbsp;000 Palestiniens demeurent encore dans la zone C, contre 400 000 colons.<\/p>\n<p>Mais, pour Isra\u00ebl, plus important que de s\u2019assurer aujourd\u2019hui une majorit\u00e9 d\u00e9mographique dans cette r\u00e9gion, il y a la g\u00e9ographie m\u00eame de cette zone, telle que d\u00e9finie par les accords.<\/p>\n<p>Car la zone C est la seule des trois zones de Cisjordanie \u00e0 avoir une unit\u00e9 g\u00e9ographique, alors que les zones A et B sont morcel\u00e9es et soumises, pour des pr\u00e9rogatives partielles, \u00e0 l&rsquo;<em>\u00ab&nbsp;Autorit\u00e9 palestinienne&nbsp;\u00bb<\/em>.<\/p>\n<p>En d&rsquo;autres termes, le d\u00e9membrement de la Cisjordanie, tel que propos\u00e9 par le <em>\u00ab&nbsp;Deal du si\u00e8cle&nbsp;\u00bb<\/em>, est bas\u00e9 sur les cartes ayant \u00e9t\u00e9 accept\u00e9es par l&rsquo;OLP lors de l&rsquo;accord d&rsquo;Oslo.<\/p>\n<p>Quant aux zones A et B, bien que le contr\u00f4le isra\u00e9lien n&rsquo;y soit pas direct et que les Palestiniens n\u2019y soient pas soumis individuellement aux institutions isra\u00e9liennes, Isra\u00ebl reste en mesure d\u2019y contr\u00f4ler efficacement tous les domaines de la vie par plusieurs moyens.<\/p>\n<p>Le premier de ces moyens est le contr\u00f4le des check-points et des postes- fronti\u00e8res, avec ce que cela signifie en termes de mobilit\u00e9 des personnes (dont 97&nbsp;000 travailleurs qui se d\u00e9placent de la Cisjordanie vers l&rsquo;int\u00e9rieur d&rsquo;Isra\u00ebl \u2013 chiffre de 2018) et des exportations et importations.<\/p>\n<p>Isra\u00ebl contr\u00f4le en outre environ 70&nbsp;% des revenus de l&rsquo;<em>\u00ab&nbsp;\u00c9tat de Palestine&nbsp;\u00bb<\/em> en disposant des imp\u00f4ts qu&rsquo;il per\u00e7oit au nom de l&rsquo;Autorit\u00e9 palestinienne.<\/p>\n<p>C\u2019est \u00e9galement une des cons\u00e9quences de l\u2019annexe \u00e9conomique de l&rsquo;accord d&rsquo;Oslo.<\/p>\n<p>\u00c0 cela s&rsquo;ajoutent d\u2019abord la profonde p\u00e9n\u00e9tration des services de renseignement et de l&rsquo;arm\u00e9e d\u2019Isra\u00ebl dans la soci\u00e9t\u00e9 palestinienne, soit directement, soit par le biais du syst\u00e8me de <em>\u00ab&nbsp;coordination s\u00e9curitaire&nbsp;\u00bb<\/em>, un syst\u00e8me pr\u00e9vu par l&rsquo;article 3 de l&rsquo;annexe I de l&rsquo;accord d&rsquo;Oslo 2 ; ensuite les tentatives isra\u00e9liennes de contourner le mandat de l&rsquo;Autorit\u00e9 dans ces zones et d&rsquo;\u00e9largir le champ de la coop\u00e9ration directe entre son arm\u00e9e et les capitaux palestiniens.<\/p>\n<h3>La strat\u00e9gie de r\u00e9pression, la condition pour r\u00e9aliser l&rsquo;ambition isra\u00e9lienne<\/h3>\n<p>Il ne suffit pas de dire que \u00ab<em>&nbsp;l&rsquo;Accord du si\u00e8cle<\/em>&nbsp;\u00bb vient sceller le fait accompli d&rsquo;Oslo.<\/p>\n<p>Mais il faudrait en conclure que l\u2019ensemble des principes, d\u00e9finitions et syst\u00e8mes con\u00e7us par le <em>\u00ab&nbsp;Plan am\u00e9ricain&nbsp;\u00bb<\/em> formera le canevas de l\u2019action isra\u00e9lienne dans les ann\u00e9es ou les d\u00e9cennies \u00e0 venir.<\/p>\n<p>Isra\u00ebl \u00e9puisera tous les avantages de l&rsquo;accord en sa faveur, ind\u00e9pendamment du consentement de l&rsquo;Autorit\u00e9 palestinienne ou de son rejet.<\/p>\n<p>Le nouveau document offre de nouveaux syst\u00e8mes et canaux de gestion plus complexes qu\u2019auparavant, ce qui permettra \u00e0 Isra\u00ebl d\u2019avoir une plus grande exclusivit\u00e9 sur les diff\u00e9rents secteurs et de les contr\u00f4ler directement.<\/p>\n<p>Isra\u00ebl travaillera au sein de ces syst\u00e8mes, car il op\u00e9rera unilat\u00e9ralement, sans attendre une quelconque l\u00e9gitimit\u00e9 internationale pour intensifier et approfondir son incursion afin de saper toute volont\u00e9 politique palestinienne.<\/p>\n<p>Cette expansion isra\u00e9lienne s\u2019appuie sur ce qui est d\u00e9sormais implicitement bien admis, \u00e0 savoir que toutes les positions politiques rejetant le<em> \u00ab&nbsp;Deal&nbsp;\u00bb<\/em>, aussi s\u00e9v\u00e8res ou radicales soient-elles, ne p\u00e8sent pas bien lourd tant qu&rsquo;elles ne sont pas sous-tendues par de fortes pressions politiques.<\/p>\n<p>Tant qu\u2019il ne se traduit pas en une action susceptible de mettre \u00e0 mal la stabilit\u00e9 d\u2019Isra\u00ebl, l&rsquo;attachement du Palestinien \u00e0 des principes ou \u00e0 des valeurs ne change en rien le poids de la r\u00e9alit\u00e9.<\/p>\n<p>Il est tout aussi \u00e9vident que la roue de la r\u00e9alit\u00e9 qui avance ne peut pas faire marche arri\u00e8re juste \u00e0 cause des positions officielles consenties par les Europ\u00e9ens et les Arabes, tant que ces positions ne deviennent pas de v\u00e9ritables instruments de pression internationale contre Isra\u00ebl.<\/p>\n<p>Bien s\u00fbr, \u00e0 moins que les Palestiniens ne leur imposent cela par la puissance de leur lutte, ces parties officielles ne se sentiraient jamais concern\u00e9es par la responsabilit\u00e9 d\u2019exercer une pression sur Isra\u00ebl juste <em>\u00ab&nbsp;pour l&rsquo;amour de Dieu&nbsp;\u00bb.<\/em><\/p>\n<p><strong>La logique de la r\u00e9pression isra\u00e9lienne repose sur la mise en \u00e9chec des motivations de lutte chez de larges cat\u00e9gories sociales palestiniennes.<\/strong><\/p>\n<p>Assurer d\u2019abord la stabilit\u00e9 financi\u00e8re, cr\u00e9er ensuite des <em>\u00ab&nbsp;autorit\u00e9s&nbsp;\u00bb<\/em> locales ayant une l\u00e9gitimit\u00e9 historique et culturelle pour ordonnancer des relations durables avec Isra\u00ebl, d\u00e9tenteur du pouvoir absolu sur l&rsquo;\u00e9conomie et la mobilit\u00e9.<\/p>\n<p>Isra\u00ebl se trouve aujourd&rsquo;hui dans une position confortable, car il y a une conviction, au niveau politique du moins, que le gouvernement isra\u00e9lien est capable d\u2019appliquer ses plans sans encourir la moindre perte.<\/p>\n<p>Il ressort des d\u00e9clarations de ses dirigeants que les menaces r\u00e9p\u00e9t\u00e9es d\u2019une <em>\u00ab&nbsp;explosion de la situation&nbsp;\u00bb<\/em> en Palestine, et en particulier en Cisjordanie et dans les territoires occup\u00e9s de l&rsquo;int\u00e9rieur, ne sont plus prises au s\u00e9rieux par les d\u00e9cideurs politiques.<\/p>\n<p>Cette conviction repose sur plusieurs raisons logiques et en premier lieu sur l&rsquo;exp\u00e9rience&nbsp;: Isra\u00ebl avait attendu <em>\u00ab&nbsp;l\u2019explosion de la situation&nbsp;\u00bb<\/em> apr\u00e8s l&rsquo;interdiction du mouvement islamiste \u00e0 l\u2019int\u00e9rieur et apr\u00e8s le transfert de l&rsquo;ambassade am\u00e9ricaine \u00e0 J\u00e9rusalem, puis, apr\u00e8s la promulgation de la<em> \u00ab&nbsp;loi sur la nationalit\u00e9&nbsp;\u00bb<\/em>, les assassinats horribles de manifestants sur les bordures de Gaza assi\u00e9g\u00e9e, ou encore apr\u00e8s la prise d&rsquo;assaut de la mosqu\u00e9e Al-Aqsa par les colons le jour de l\u2019Aid al-Adha, ou \u00e9galement \u00e0 cause du martyre des prisonniers dans les prisons de l&rsquo;occupation, jusqu&rsquo;\u00e0 <em>\u00ab&nbsp;l&rsquo;atelier de Bahre\u00efn&nbsp;\u00bb<\/em> et l&rsquo;annonce du <em>\u00ab&nbsp;Deal du si\u00e8cle&nbsp;\u00bb.<\/em><\/p>\n<p>Mais, \u00e0 la suite de tous ces \u00e9v\u00e9nements, la sc\u00e8ne palestinienne n&rsquo;a pas connu de mouvement de r\u00e9sistance digne de la situation politique !<\/p>\n<p>Ce douloureux silence palestinien est le r\u00e9sultat d&rsquo;une m\u00e9thodologie de r\u00e9pression profonde appliqu\u00e9e par Isra\u00ebl dans le but d&rsquo;\u00e9radiquer la r\u00e9sistance.<\/p>\n<p>Elle proc\u00e8de d\u2019une m\u00eame logique, dans toutes les parties o\u00f9 il y a pr\u00e9sence palestinienne, \u00e0 l&rsquo;int\u00e9rieur comme \u00e0 l&rsquo;ext\u00e9rieur du pays occup\u00e9, m\u00eame s\u2019il existe des diff\u00e9rences quant aux instruments et aux cadres juridiques de cette r\u00e9pression.<\/p>\n<p>Quelle est la logique de la r\u00e9pression isra\u00e9lienne&nbsp;?<\/p>\n<p>C\u2019est certes faire \u00e9chec aux motivations de la lutte chez de larges cat\u00e9gories sociales \u00e0 travers le maintien de leur stabilit\u00e9 financi\u00e8re et la cr\u00e9ation d\u2019<em>\u00ab&nbsp;autorit\u00e9s&nbsp;\u00bb<\/em> locales palestiniennes ayant une l\u00e9gitimit\u00e9 historique et culturelle pour ordonnancer des relations durables entre la soci\u00e9t\u00e9 palestinienne et Isra\u00ebl en tant que d\u00e9tenteur du pouvoir absolu sur l&rsquo;\u00e9conomie et la mobilit\u00e9.<\/p>\n<p>Ensuite, et sous couvert de la l\u00e9gitimit\u00e9 nationale de ces autorit\u00e9s locales, se d\u00e9roule le processus de la mainmise isra\u00e9lienne gr\u00e2ce \u00e0 un usage d\u00e9mesur\u00e9 de la violence, afin d\u2019isoler les mouvements (ou m\u00eame des individus) ayant une position radicale \u00e0 l\u2019\u00e9gard d&rsquo;Isra\u00ebl, et \u00e0 les \u00e9carter de la soci\u00e9t\u00e9 jusqu&rsquo;\u00e0 ce qu&rsquo;ils deviennent des poches de parias.<\/p>\n<p>Nous pouvons constater cela \u00e0 des niveaux tr\u00e8s diff\u00e9rents, mais qui proc\u00e8dent toujours de la m\u00eame logique, si nous examinons comment Isra\u00ebl a isol\u00e9 le mouvement islamiste dans les territoires occup\u00e9s de l&rsquo;Int\u00e9rieur, ou comment il a parad\u00e9 r\u00e9cemment lors de l\u2019horrible r\u00e9pression des jeunes du Front populaire (FPLP) en Cisjordanie, ou m\u00eame comment il a men\u00e9 le dernier set contre le jihad islamique \u00e0 Gaza, apr\u00e8s l&rsquo;assassinat de Baha Abu Al-Atta.<\/p>\n<h3>\u00c0 propos de ce qui est possible<\/h3>\n<p>Sur fonds de l&rsquo;<em>\u00ab&nbsp;Accord du si\u00e8cle&nbsp;\u00bb<\/em>, Isra\u00ebl s&rsquo;efforcera d&rsquo;\u00e9tendre au maximum sa r\u00e9pression, principale condition pour parvenir \u00e0 r\u00e9aliser de nouveaux progr\u00e8s sur le terrain.<\/p>\n<p>Il proc\u00e8dera ainsi \u00e0 plus de confiscations, essayera de serrer davantage l\u2019\u00e9tau des contr\u00f4les, acc\u00e9l\u00e9rera les op\u00e9rations d&rsquo;expulsion et \u00f4tera tout tapis politique rassembleur de sous les pieds des Palestiniens.<\/p>\n<p>Cela commencera d&rsquo;abord et avant tout, par l\u2019approfondissement de la s\u00e9paration entre les diff\u00e9rentes identit\u00e9s palestiniennes \u2013 c&rsquo;est-\u00e0-dire entre l&rsquo;int\u00e9rieur, la Cisjordanie, Gaza et les r\u00e9fugi\u00e9s.<\/p>\n<p>Avec ces dispositifs, l\u2019occupation cherchera ainsi \u00e0 tirer le meilleur parti du nouveau document.<\/p>\n<p>Le lien que nous pouvons \u00e9tablir aujourd&rsquo;hui entre, d&rsquo;une part, les fondements objectifs et initiaux \u2013 juridiques, g\u00e9ographiques et administratifs \u2013 impos\u00e9s par Isra\u00ebl par le biais de l&rsquo;accord d&rsquo;Oslo et, d\u2019autre part, la sombre r\u00e9alit\u00e9 \u00e0 laquelle la cause palestinienne est parvenue, nous montre que la l\u00e9gitimation par Isra\u00ebl de ses pr\u00e9c\u00e9dentes actions coloniales n&rsquo;est en fait que la pr\u00e9paration et la construction d\u2019une plate-forme \u00e0 partir de laquelle Isra\u00ebl vise une nouvelle escalade, la fragmentation de plus de r\u00e9solutions et positions internationales des gouvernements \u00e9trangers et arabes, et l&rsquo;extorsion de plus de<em> \u00ab&nbsp;concessions&nbsp;\u00bb<\/em> palestiniennes.<\/p>\n<p>Il est clair que la Direction palestinienne n&rsquo;ose pas et n\u2019est pas capable de mener une lutte \u00e0 la mesure de cette \u00e9tape impos\u00e9e par Isra\u00ebl.<\/p>\n<p>Rien \u00e0 l\u2019horizon des organisations politiques traditionnelles de toute la Palestine n\u2019indique qu\u2019elles cherchent \u00e0 op\u00e9rer un changement s\u00e9rieux dans leur action politique.<\/p>\n<p>Il est clair \u00e9galement que la soci\u00e9t\u00e9 palestinienne, qui est tout aussi d\u00e9chir\u00e9e que la g\u00e9ographie, ne porte pas une r\u00e9ponse imm\u00e9diate au <em>\u00ab&nbsp;Plan am\u00e9ricain&nbsp;\u00bb<\/em>, qui pourrait le d\u00e9faire ou d\u00e9faire les plans isra\u00e9liens qui en d\u00e9coulent.<\/p>\n<p>Le peuple palestinien, comme tous les peuples, a sans doute la capacit\u00e9 de provoquer des surprises que l\u2019analyse politique ne peut pr\u00e9voir.<\/p>\n<p>Mais quand bien m\u00eame un tel espoir demeure au plus profond de nous, il n&rsquo;est pas possible de compter sur cette <em>\u00ab&nbsp;d\u00e9livrance&nbsp;\u00bb<\/em> et de se contenter de l&rsquo;attendre alors que le droit du peuple est tous les jours bafou\u00e9.<\/p>\n<p>Il est d\u00e9sormais certain que toutes les tentatives d\u2019agir \u00e0 l\u2019int\u00e9rieur du <em>\u00ab&nbsp;paradigme&nbsp;\u00bb<\/em> que nous connaissons de la politique palestinienne, avec ce qu\u2019elle suppose comme convictions politiques et usages organisationnels, se trouvent dans une impasse absolue.<\/p>\n<p>Admettre un tel blocage rel\u00e8ve du courage, car cet aveu pourrait \u00eatre l\u2019amorce d&rsquo;une recherche pour faire germer des id\u00e9es et des instruments in\u00e9dits que nous ne connaissons pas encore.<\/p>\n<p>Cela n\u00e9cessite de plonger dans l&rsquo;inconnu politique, ce qui est bien mieux que de baigner dans le m\u00eame mar\u00e9cage. Nous apprendrons et d\u00e9couvrirons peut-\u00eatre ce qui nous permettrait de faire face \u00e0 l&rsquo;injustice de mani\u00e8re honorable et r\u00e9ussie.<\/p>\n<hr>\n<p>Publi\u00e9 le 16 f\u00e9vrier 2020 sur <a href=\"http:\/\/assafirarabi.com\/fr\/29141\/2020\/02\/16\/le-deal-du-siecle-un-tango-entre-la-realite-et-le-document\/\" target=\"_blank\" rel=\"noopener noreferrer\">As Safir<\/a><\/p>\n<p><strong>Majd Kayyal <\/strong>est un chercheur et romancier palestinien de Ha\u00effa<\/p>\n<p><a href=\"https:\/\/charleroi-pourlapalestine.be\/index.php\/2019\/11\/26\/le-jour-ou-on-nous-a-mange-comme-des-chevres-noires-majd-kayyal\/\" target=\"_blank\" rel=\"noopener noreferrer\">Trouvez ici d&rsquo;autres textes de Majd Kayyal, publi\u00e9s sur ce site<\/a><\/p>\n","protected":false},"excerpt":{"rendered":"<p>Le \u00ab\u00a0Deal du si\u00e8cle\u00a0\u00bb cherche \u00e0 transformer les mutations accumul\u00e9es sur le terrain en un nouveau tournant temporel dont il serait difficile de revenir.<\/p>\n","protected":false},"author":1,"featured_media":0,"comment_status":"closed","ping_status":"closed","sticky":false,"template":"","format":"standard","meta":{"ngg_post_thumbnail":0,"footnotes":""},"categories":[52,140,497,47,23],"tags":[255],"class_list":["post-5534","post","type-post","status-publish","format-standard","hentry","category-la-cour-penale-internationale","category-letat-colonial","category-normalisation","category-loccupation-militaire","category-oslo","tag-majd-kayyal"],"yoast_head":"<!-- This site is optimized with the Yoast SEO plugin v27.3 - https:\/\/yoast.com\/product\/yoast-seo-wordpress\/ -->\n<title>Le \u00abDeal du si\u00e8cle\u00bb\u00a0: Tango entre le document et la r\u00e9alit\u00e9.<\/title>\n<meta name=\"description\" content=\"Le \u00abDeal du si\u00e8cle \u00bb cherche \u00e0 transformer les mutations accumul\u00e9es sur le terrain en un nouveau tournant temporel dont il serait difficile de revenir.\" \/>\n<meta name=\"robots\" content=\"index, follow, max-snippet:-1, max-image-preview:large, max-video-preview:-1\" \/>\n<link rel=\"canonical\" href=\"https:\/\/charleroi-pourlapalestine.be\/index.php\/2020\/02\/20\/le-deal-du-siecle-tango-entre-le-document-et-la-realite\/\" \/>\n<script type=\"application\/ld+json\" class=\"yoast-schema-graph\">{\"@context\":\"https:\\\/\\\/schema.org\",\"@graph\":[{\"@type\":\"Article\",\"@id\":\"https:\\\/\\\/charleroi-pourlapalestine.be\\\/index.php\\\/2020\\\/02\\\/20\\\/le-deal-du-siecle-tango-entre-le-document-et-la-realite\\\/#article\",\"isPartOf\":{\"@id\":\"https:\\\/\\\/charleroi-pourlapalestine.be\\\/index.php\\\/2020\\\/02\\\/20\\\/le-deal-du-siecle-tango-entre-le-document-et-la-realite\\\/\"},\"author\":{\"name\":\"admin1873\",\"@id\":\"https:\\\/\\\/charleroi-pourlapalestine.be\\\/#\\\/schema\\\/person\\\/c19ff515112f1299d8c12671d8fe3faa\"},\"headline\":\"Le \u00abDeal du si\u00e8cle\u00bb\u00a0: Tango entre le document et la r\u00e9alit\u00e9.\",\"datePublished\":\"2020-02-20T10:40:04+00:00\",\"dateModified\":\"2020-05-30T02:17:35+00:00\",\"mainEntityOfPage\":{\"@id\":\"https:\\\/\\\/charleroi-pourlapalestine.be\\\/index.php\\\/2020\\\/02\\\/20\\\/le-deal-du-siecle-tango-entre-le-document-et-la-realite\\\/\"},\"wordCount\":4005,\"publisher\":{\"@id\":\"https:\\\/\\\/charleroi-pourlapalestine.be\\\/#organization\"},\"image\":{\"@id\":\"https:\\\/\\\/charleroi-pourlapalestine.be\\\/index.php\\\/2020\\\/02\\\/20\\\/le-deal-du-siecle-tango-entre-le-document-et-la-realite\\\/#primaryimage\"},\"thumbnailUrl\":\"https:\\\/\\\/charleroi-pourlapalestine.be\\\/wp-content\\\/uploads\\\/2020\\\/02\\\/nabil-annani-1-Copy.jpg\",\"keywords\":[\"Majd Kayyal\"],\"articleSection\":[\"Etats-Unis\",\"L'Etat colonial\",\"Normalisation\",\"Occupation\",\"Oslo\"],\"inLanguage\":\"fr-FR\"},{\"@type\":\"WebPage\",\"@id\":\"https:\\\/\\\/charleroi-pourlapalestine.be\\\/index.php\\\/2020\\\/02\\\/20\\\/le-deal-du-siecle-tango-entre-le-document-et-la-realite\\\/\",\"url\":\"https:\\\/\\\/charleroi-pourlapalestine.be\\\/index.php\\\/2020\\\/02\\\/20\\\/le-deal-du-siecle-tango-entre-le-document-et-la-realite\\\/\",\"name\":\"Le \u00abDeal du si\u00e8cle\u00bb\u00a0: Tango entre le document et la r\u00e9alit\u00e9.\",\"isPartOf\":{\"@id\":\"https:\\\/\\\/charleroi-pourlapalestine.be\\\/#website\"},\"primaryImageOfPage\":{\"@id\":\"https:\\\/\\\/charleroi-pourlapalestine.be\\\/index.php\\\/2020\\\/02\\\/20\\\/le-deal-du-siecle-tango-entre-le-document-et-la-realite\\\/#primaryimage\"},\"image\":{\"@id\":\"https:\\\/\\\/charleroi-pourlapalestine.be\\\/index.php\\\/2020\\\/02\\\/20\\\/le-deal-du-siecle-tango-entre-le-document-et-la-realite\\\/#primaryimage\"},\"thumbnailUrl\":\"https:\\\/\\\/charleroi-pourlapalestine.be\\\/wp-content\\\/uploads\\\/2020\\\/02\\\/nabil-annani-1-Copy.jpg\",\"datePublished\":\"2020-02-20T10:40:04+00:00\",\"dateModified\":\"2020-05-30T02:17:35+00:00\",\"description\":\"Le \u00abDeal du si\u00e8cle \u00bb cherche \u00e0 transformer les mutations accumul\u00e9es sur le terrain en un nouveau tournant temporel dont il serait difficile de revenir.\",\"breadcrumb\":{\"@id\":\"https:\\\/\\\/charleroi-pourlapalestine.be\\\/index.php\\\/2020\\\/02\\\/20\\\/le-deal-du-siecle-tango-entre-le-document-et-la-realite\\\/#breadcrumb\"},\"inLanguage\":\"fr-FR\",\"potentialAction\":[{\"@type\":\"ReadAction\",\"target\":[\"https:\\\/\\\/charleroi-pourlapalestine.be\\\/index.php\\\/2020\\\/02\\\/20\\\/le-deal-du-siecle-tango-entre-le-document-et-la-realite\\\/\"]}]},{\"@type\":\"ImageObject\",\"inLanguage\":\"fr-FR\",\"@id\":\"https:\\\/\\\/charleroi-pourlapalestine.be\\\/index.php\\\/2020\\\/02\\\/20\\\/le-deal-du-siecle-tango-entre-le-document-et-la-realite\\\/#primaryimage\",\"url\":\"https:\\\/\\\/charleroi-pourlapalestine.be\\\/wp-content\\\/uploads\\\/2020\\\/02\\\/nabil-annani-1-Copy.jpg\",\"contentUrl\":\"https:\\\/\\\/charleroi-pourlapalestine.be\\\/wp-content\\\/uploads\\\/2020\\\/02\\\/nabil-annani-1-Copy.jpg\"},{\"@type\":\"BreadcrumbList\",\"@id\":\"https:\\\/\\\/charleroi-pourlapalestine.be\\\/index.php\\\/2020\\\/02\\\/20\\\/le-deal-du-siecle-tango-entre-le-document-et-la-realite\\\/#breadcrumb\",\"itemListElement\":[{\"@type\":\"ListItem\",\"position\":1,\"name\":\"Accueil\",\"item\":\"https:\\\/\\\/charleroi-pourlapalestine.be\\\/\"},{\"@type\":\"ListItem\",\"position\":2,\"name\":\"Le \u00abDeal du si\u00e8cle\u00bb\u00a0: Tango entre le document et la r\u00e9alit\u00e9.\"}]},{\"@type\":\"WebSite\",\"@id\":\"https:\\\/\\\/charleroi-pourlapalestine.be\\\/#website\",\"url\":\"https:\\\/\\\/charleroi-pourlapalestine.be\\\/\",\"name\":\"Charleroi Pour la Palestine\",\"description\":\"\",\"publisher\":{\"@id\":\"https:\\\/\\\/charleroi-pourlapalestine.be\\\/#organization\"},\"potentialAction\":[{\"@type\":\"SearchAction\",\"target\":{\"@type\":\"EntryPoint\",\"urlTemplate\":\"https:\\\/\\\/charleroi-pourlapalestine.be\\\/?s={search_term_string}\"},\"query-input\":{\"@type\":\"PropertyValueSpecification\",\"valueRequired\":true,\"valueName\":\"search_term_string\"}}],\"inLanguage\":\"fr-FR\"},{\"@type\":\"Organization\",\"@id\":\"https:\\\/\\\/charleroi-pourlapalestine.be\\\/#organization\",\"name\":\"Plate-forme Charleroi-Palestine\",\"url\":\"https:\\\/\\\/charleroi-pourlapalestine.be\\\/\",\"logo\":{\"@type\":\"ImageObject\",\"inLanguage\":\"fr-FR\",\"@id\":\"https:\\\/\\\/charleroi-pourlapalestine.be\\\/#\\\/schema\\\/logo\\\/image\\\/\",\"url\":\"https:\\\/\\\/charleroi-pourlapalestine.be\\\/wp-content\\\/uploads\\\/2020\\\/01\\\/logo-Copy.jpg\",\"contentUrl\":\"https:\\\/\\\/charleroi-pourlapalestine.be\\\/wp-content\\\/uploads\\\/2020\\\/01\\\/logo-Copy.jpg\",\"width\":180,\"height\":180,\"caption\":\"Plate-forme Charleroi-Palestine\"},\"image\":{\"@id\":\"https:\\\/\\\/charleroi-pourlapalestine.be\\\/#\\\/schema\\\/logo\\\/image\\\/\"},\"sameAs\":[\"https:\\\/\\\/www.facebook.com\\\/PlateformeCharleroiPalestine\\\/\",\"https:\\\/\\\/x.com\\\/LaCharleroi\"]},{\"@type\":\"Person\",\"@id\":\"https:\\\/\\\/charleroi-pourlapalestine.be\\\/#\\\/schema\\\/person\\\/c19ff515112f1299d8c12671d8fe3faa\",\"name\":\"admin1873\",\"url\":\"https:\\\/\\\/charleroi-pourlapalestine.be\\\/index.php\\\/author\\\/admin1873\\\/\"}]}<\/script>\n<!-- \/ Yoast SEO plugin. -->","yoast_head_json":{"title":"Le \u00abDeal du si\u00e8cle\u00bb\u00a0: Tango entre le document et la r\u00e9alit\u00e9.","description":"Le \u00abDeal du si\u00e8cle \u00bb cherche \u00e0 transformer les mutations accumul\u00e9es sur le terrain en un nouveau tournant temporel dont il serait difficile de revenir.","robots":{"index":"index","follow":"follow","max-snippet":"max-snippet:-1","max-image-preview":"max-image-preview:large","max-video-preview":"max-video-preview:-1"},"canonical":"https:\/\/charleroi-pourlapalestine.be\/index.php\/2020\/02\/20\/le-deal-du-siecle-tango-entre-le-document-et-la-realite\/","schema":{"@context":"https:\/\/schema.org","@graph":[{"@type":"Article","@id":"https:\/\/charleroi-pourlapalestine.be\/index.php\/2020\/02\/20\/le-deal-du-siecle-tango-entre-le-document-et-la-realite\/#article","isPartOf":{"@id":"https:\/\/charleroi-pourlapalestine.be\/index.php\/2020\/02\/20\/le-deal-du-siecle-tango-entre-le-document-et-la-realite\/"},"author":{"name":"admin1873","@id":"https:\/\/charleroi-pourlapalestine.be\/#\/schema\/person\/c19ff515112f1299d8c12671d8fe3faa"},"headline":"Le \u00abDeal du si\u00e8cle\u00bb\u00a0: Tango entre le document et la r\u00e9alit\u00e9.","datePublished":"2020-02-20T10:40:04+00:00","dateModified":"2020-05-30T02:17:35+00:00","mainEntityOfPage":{"@id":"https:\/\/charleroi-pourlapalestine.be\/index.php\/2020\/02\/20\/le-deal-du-siecle-tango-entre-le-document-et-la-realite\/"},"wordCount":4005,"publisher":{"@id":"https:\/\/charleroi-pourlapalestine.be\/#organization"},"image":{"@id":"https:\/\/charleroi-pourlapalestine.be\/index.php\/2020\/02\/20\/le-deal-du-siecle-tango-entre-le-document-et-la-realite\/#primaryimage"},"thumbnailUrl":"https:\/\/charleroi-pourlapalestine.be\/wp-content\/uploads\/2020\/02\/nabil-annani-1-Copy.jpg","keywords":["Majd Kayyal"],"articleSection":["Etats-Unis","L'Etat colonial","Normalisation","Occupation","Oslo"],"inLanguage":"fr-FR"},{"@type":"WebPage","@id":"https:\/\/charleroi-pourlapalestine.be\/index.php\/2020\/02\/20\/le-deal-du-siecle-tango-entre-le-document-et-la-realite\/","url":"https:\/\/charleroi-pourlapalestine.be\/index.php\/2020\/02\/20\/le-deal-du-siecle-tango-entre-le-document-et-la-realite\/","name":"Le \u00abDeal du si\u00e8cle\u00bb\u00a0: Tango entre le document et la r\u00e9alit\u00e9.","isPartOf":{"@id":"https:\/\/charleroi-pourlapalestine.be\/#website"},"primaryImageOfPage":{"@id":"https:\/\/charleroi-pourlapalestine.be\/index.php\/2020\/02\/20\/le-deal-du-siecle-tango-entre-le-document-et-la-realite\/#primaryimage"},"image":{"@id":"https:\/\/charleroi-pourlapalestine.be\/index.php\/2020\/02\/20\/le-deal-du-siecle-tango-entre-le-document-et-la-realite\/#primaryimage"},"thumbnailUrl":"https:\/\/charleroi-pourlapalestine.be\/wp-content\/uploads\/2020\/02\/nabil-annani-1-Copy.jpg","datePublished":"2020-02-20T10:40:04+00:00","dateModified":"2020-05-30T02:17:35+00:00","description":"Le \u00abDeal du si\u00e8cle \u00bb cherche \u00e0 transformer les mutations accumul\u00e9es sur le terrain en un nouveau tournant temporel dont il serait difficile de revenir.","breadcrumb":{"@id":"https:\/\/charleroi-pourlapalestine.be\/index.php\/2020\/02\/20\/le-deal-du-siecle-tango-entre-le-document-et-la-realite\/#breadcrumb"},"inLanguage":"fr-FR","potentialAction":[{"@type":"ReadAction","target":["https:\/\/charleroi-pourlapalestine.be\/index.php\/2020\/02\/20\/le-deal-du-siecle-tango-entre-le-document-et-la-realite\/"]}]},{"@type":"ImageObject","inLanguage":"fr-FR","@id":"https:\/\/charleroi-pourlapalestine.be\/index.php\/2020\/02\/20\/le-deal-du-siecle-tango-entre-le-document-et-la-realite\/#primaryimage","url":"https:\/\/charleroi-pourlapalestine.be\/wp-content\/uploads\/2020\/02\/nabil-annani-1-Copy.jpg","contentUrl":"https:\/\/charleroi-pourlapalestine.be\/wp-content\/uploads\/2020\/02\/nabil-annani-1-Copy.jpg"},{"@type":"BreadcrumbList","@id":"https:\/\/charleroi-pourlapalestine.be\/index.php\/2020\/02\/20\/le-deal-du-siecle-tango-entre-le-document-et-la-realite\/#breadcrumb","itemListElement":[{"@type":"ListItem","position":1,"name":"Accueil","item":"https:\/\/charleroi-pourlapalestine.be\/"},{"@type":"ListItem","position":2,"name":"Le \u00abDeal du si\u00e8cle\u00bb\u00a0: Tango entre le document et la r\u00e9alit\u00e9."}]},{"@type":"WebSite","@id":"https:\/\/charleroi-pourlapalestine.be\/#website","url":"https:\/\/charleroi-pourlapalestine.be\/","name":"Charleroi Pour la Palestine","description":"","publisher":{"@id":"https:\/\/charleroi-pourlapalestine.be\/#organization"},"potentialAction":[{"@type":"SearchAction","target":{"@type":"EntryPoint","urlTemplate":"https:\/\/charleroi-pourlapalestine.be\/?s={search_term_string}"},"query-input":{"@type":"PropertyValueSpecification","valueRequired":true,"valueName":"search_term_string"}}],"inLanguage":"fr-FR"},{"@type":"Organization","@id":"https:\/\/charleroi-pourlapalestine.be\/#organization","name":"Plate-forme Charleroi-Palestine","url":"https:\/\/charleroi-pourlapalestine.be\/","logo":{"@type":"ImageObject","inLanguage":"fr-FR","@id":"https:\/\/charleroi-pourlapalestine.be\/#\/schema\/logo\/image\/","url":"https:\/\/charleroi-pourlapalestine.be\/wp-content\/uploads\/2020\/01\/logo-Copy.jpg","contentUrl":"https:\/\/charleroi-pourlapalestine.be\/wp-content\/uploads\/2020\/01\/logo-Copy.jpg","width":180,"height":180,"caption":"Plate-forme Charleroi-Palestine"},"image":{"@id":"https:\/\/charleroi-pourlapalestine.be\/#\/schema\/logo\/image\/"},"sameAs":["https:\/\/www.facebook.com\/PlateformeCharleroiPalestine\/","https:\/\/x.com\/LaCharleroi"]},{"@type":"Person","@id":"https:\/\/charleroi-pourlapalestine.be\/#\/schema\/person\/c19ff515112f1299d8c12671d8fe3faa","name":"admin1873","url":"https:\/\/charleroi-pourlapalestine.be\/index.php\/author\/admin1873\/"}]}},"_links":{"self":[{"href":"https:\/\/charleroi-pourlapalestine.be\/index.php\/wp-json\/wp\/v2\/posts\/5534","targetHints":{"allow":["GET"]}}],"collection":[{"href":"https:\/\/charleroi-pourlapalestine.be\/index.php\/wp-json\/wp\/v2\/posts"}],"about":[{"href":"https:\/\/charleroi-pourlapalestine.be\/index.php\/wp-json\/wp\/v2\/types\/post"}],"author":[{"embeddable":true,"href":"https:\/\/charleroi-pourlapalestine.be\/index.php\/wp-json\/wp\/v2\/users\/1"}],"replies":[{"embeddable":true,"href":"https:\/\/charleroi-pourlapalestine.be\/index.php\/wp-json\/wp\/v2\/comments?post=5534"}],"version-history":[{"count":0,"href":"https:\/\/charleroi-pourlapalestine.be\/index.php\/wp-json\/wp\/v2\/posts\/5534\/revisions"}],"wp:attachment":[{"href":"https:\/\/charleroi-pourlapalestine.be\/index.php\/wp-json\/wp\/v2\/media?parent=5534"}],"wp:term":[{"taxonomy":"category","embeddable":true,"href":"https:\/\/charleroi-pourlapalestine.be\/index.php\/wp-json\/wp\/v2\/categories?post=5534"},{"taxonomy":"post_tag","embeddable":true,"href":"https:\/\/charleroi-pourlapalestine.be\/index.php\/wp-json\/wp\/v2\/tags?post=5534"}],"curies":[{"name":"wp","href":"https:\/\/api.w.org\/{rel}","templated":true}]}}