{"id":56157,"date":"2023-05-25T10:48:02","date_gmt":"2023-05-25T08:48:02","guid":{"rendered":"https:\/\/charleroi-pourlapalestine.be\/?p=56157"},"modified":"2023-05-25T10:48:04","modified_gmt":"2023-05-25T08:48:04","slug":"un-document-interne-montre-que-lue-est-tres-desireuse-de-bien-accueillir-les-flics-tueurs-disrael","status":"publish","type":"post","link":"https:\/\/charleroi-pourlapalestine.be\/index.php\/2023\/05\/25\/un-document-interne-montre-que-lue-est-tres-desireuse-de-bien-accueillir-les-flics-tueurs-disrael\/","title":{"rendered":"Un document interne montre que l&rsquo;UE est tr\u00e8s d\u00e9sireuse de bien accueillir les flics tueurs d&rsquo;Isra\u00ebl"},"content":{"rendered":"<p>Alors que l\u2019UE peut \u00e9viter d\u2019avoir \u00e0 traiter avec Ben-Gvir, <strong>elle d\u00e9sire depuis tr\u00e8s longtemps coop\u00e9rer avec la police isra\u00e9lienne.<\/strong> Un document obtenu via une requ\u00eate au nom de la libert\u00e9 d\u2019information sugg\u00e8re que l\u2019UE \u00e9tait tr\u00e8s d\u00e9sireuse d\u2019y arriver.<\/p>\n<p>&nbsp;<\/p>\n<div id=\"attachment_56165\" style=\"width: 677px\" class=\"wp-caption aligncenter\"><img loading=\"lazy\" decoding=\"async\" aria-describedby=\"caption-attachment-56165\" class=\"wp-image-56165 size-full\" src=\"https:\/\/charleroi-pourlapalestine.be\/wp-content\/uploads\/2023\/05\/Itamar-Ben-Gvir-accompagne-dofficiers-de-la-police-israelienne-e1685002992595.jpg\" alt=\"Itamar Ben-Gvir \u00e9tait accompagn\u00e9 d\u2019officiers de la police isra\u00e9lienne lors de sa toute derni\u00e8re intrusion sur le site de la mosqu\u00e9e al-Aqsa \u00e0 J\u00e9rusalem.\" width=\"667\" height=\"500\"><p id=\"caption-attachment-56165\" class=\"wp-caption-text\"><strong>Itamar Ben-Gvir \u00e9tait accompagn\u00e9 d\u2019officiers de la police isra\u00e9lienne<em>, <\/em>lors de sa toute derni\u00e8re intrusion sur le site de la mosqu\u00e9e al-Aqsa \u00e0 J\u00e9rusalem<\/strong>. (Photo : via Twitter)<\/p><\/div>\n<p>&nbsp;<\/p>\n<p><a href=\"https:\/\/charleroi-pourlapalestine.be\/index.php\/tag\/david-cronin\/\"><strong>David Cronin,<\/strong><\/a> 24 mai 2023<\/p>\n<p>Itamar Ben-Gvir n\u2019\u00e9tait pas seul, lors de sa toute derni\u00e8re intrusion sur le complexe de la mosqu\u00e9e <strong>al-Aqsa,<\/strong> \u00e0 J\u00e9rusalem. Le ministre de la s\u00e9curit\u00e9 nationale \u00e9tait flanqu\u00e9 d\u2019officiers de la police isra\u00e9lienne, dont leur chef \u00e0 tous, Kobi Shabtai.<\/p>\n<p>Peut-\u00eatre est-ce incorrect de tirer du plaisir des bouffonneries de l\u2019extr\u00eame droite, mais j\u2019avoue qu\u2019un sourire ironique n\u2019est apparu sur le visage quand j\u2019ai vu comment un diplomate hollandais d\u00e9plorait le fait que des <em>\u00ab visites aussi provocatrices \u00bb<\/em> constituaient un obstacle aux efforts en vue de d\u00e9gager une solution \u00e0 deux \u00c9tats.<\/p>\n<p>L\u2019engagement de diplomates europ\u00e9ens envers un r\u00eave aussi illusoire est tout bonnement risible.<\/p>\n<p>https:\/\/twitter.com\/hansdocter\/status\/1660632314303356931?ref_src=twsrc%5Etfw%7Ctwcamp%5Etweetembed%7Ctwterm%5E1660632314303356931%7Ctwgr%5E3fe3aaaff0a47a0c9e222d72954b1744b15e011a%7Ctwcon%5Es1_&#038;ref_url=https%3A%2F%2Felectronicintifada.net%2Fblogs%2Fdavid-cronin%2Finternal-paper-shows-eu-eager-embrace-israels-killer-cops<\/p>\n<p>&nbsp;<\/p>\n<p>Depuis des mois, ces diplomates essaient de pr\u00e9tendre que Ben-Gvir est une sorte d\u2019anomalie. Tout d\u00e9put\u00e9 isra\u00e9lien, ou presque, \u00e0 part lui, est le bienvenu aux r\u00e9ceptions organis\u00e9es par l\u2019ambassade de l\u2019UE \u00e0 Tel-Aviv, ont fait savoir les diplomates.<\/p>\n<p>En convainquant le chef de la police de se joindre \u00e0 son invasion, Ben-Gvir prouve qu\u2019il est d\u00e9sormais solidement int\u00e9gr\u00e9 \u00e0 l\u2019establishment.<\/p>\n<p>Les envoy\u00e9s de l\u2019EU pr\u00e9f\u00e8rent que le sionisme soit pr\u00e9sent\u00e9 sous un papier d\u2019emballage lib\u00e9ral. Ben-Gvir a retir\u00e9 le papier d\u2019emballage, r\u00e9v\u00e9lant une haine meurtri\u00e8re \u00e0 l\u2019\u00e9gard des Palestiniens et un d\u00e9sir de les traiter avec la pire des arrogances.<\/p>\n<p>Bien avant que Ben-Gvir ne devienne son ma\u00eetre politique, la police isra\u00e9lienne d\u00e9ployait la m\u00eame haine et le m\u00eame d\u00e9sir. Sa brutalit\u00e9, quelques jours plus t\u00f4t \u2013 quand elle a agress\u00e9 des Palestiniens lors d\u2019un rassemblement \u00ab Morts aux Arabes \u00bb des supr\u00e9macistes juifs \u2013 suivait un mod\u00e8le p\u00e9niblement familier.<\/p>\n<p>Alors que l\u2019UE peut \u00e9viter d\u2019avoir \u00e0 traiter avec Ben-Gvir, elle d\u00e9sire depuis tr\u00e8s longtemps coop\u00e9rer avec la police isra\u00e9lienne. Un document obtenu via une requ\u00eate au nom de la libert\u00e9 d\u2019information sugg\u00e8re que l\u2019UE \u00e9tait tr\u00e8s d\u00e9sireuse d\u2019y arriver.<\/p>\n<p>&nbsp;<\/p>\n<h3><strong>\u00ab Un potentiel inexploit\u00e9 \u00bb<\/strong><\/h3>\n<p>Dat\u00e9 de juin 2016, le document a \u00e9t\u00e9 pr\u00e9par\u00e9 pour l\u2019<strong>Agence de l\u2019Union europ\u00e9enne pour la formation des services r\u00e9pressifs<\/strong> (connue sous l\u2019acronyme <strong>CEPOL<\/strong>).<\/p>\n<p>Il recommande que, lors d\u2019une visite \u00e0 l\u2019Acad\u00e9mie nationale de police d\u2019Isra\u00ebl, ce mois-l\u00e0, les repr\u00e9sentants de la CEPOL insistent sur<strong> le <em>\u00ab potentiel inexploit\u00e9 \u00bb<\/em> dans la coop\u00e9ration UE-Isra\u00ebl.<\/strong><\/p>\n<blockquote><p><em>\u00ab<\/em> Il convient de noter qu\u2019Isra\u00ebl se consid\u00e8re comme un pays europ\u00e9en \u00bb,<\/p><\/blockquote>\n<p>d\u00e9clare le document.<\/p>\n<p><strong>Si on lit le document entre les lignes, il ne fait pas de doute que la CEPOL souhaiterait faire \u00e9quipe avec l\u2019occupation isra\u00e9lienne.<\/strong><\/p>\n<p>Ce document de la CEPOL \u2013 cf infra \u2013 dit que l\u2019itin\u00e9raire du voyage de 2016 pr\u00e9voyait des discussions avec la <strong>police isra\u00e9lienne des fronti\u00e8res.<\/strong> Cette police des fronti\u00e8res est une partenaire de premier plan \u2013 et en pratique, elle ne peut en \u00eatre dissoci\u00e9e \u2013 de l\u2019arm\u00e9e isra\u00e9lienne qui occupe la Cisjordanie, y compris J\u00e9rusalem-Est.<\/p>\n<p>Le timing de la visite \u00e9tait significatif, bien que cette importance n\u2019ait pas \u00e9t\u00e9 d\u00e9duite du document de la CEPOL ou, du moins, pas dans la version censur\u00e9e qui en a \u00e9t\u00e9 fournie.<\/p>\n<p>Moins d\u2019un an plus t\u00f4t \u2013 en septembre 2015 \u2013 Isra\u00ebl avait assoupli sa r\u00e9glementation de l\u2019engagement [<em>qui d\u00e9finit + ou \u2013 le moment et les circonstances o\u00f9 l\u2019on peut ouvrir le feu<\/em>, NdT].<\/p>\n<p>Les militaires et les policiers se voyaient accorder une plus grande marge de man\u0153uvre dans le recours \u00e0 des munitions r\u00e9elles contre les Palestiniens qui lan\u00e7aient des pierres ou des cocktails Molotov \u2013 en d\u2019autres termes, contre les enfants et les jeunes gens n\u00e9s dans une situation d\u2019extr\u00eame oppression.<\/p>\n<p>Ainsi donc, quand la CEPOL sugg\u00e9ra qu\u2019elle souhaitait tirer parti du \u00ab<em> potentiel inexploit\u00e9<\/em> \u00bb dans la coop\u00e9ration entre Isra\u00ebl et l\u2019UE, elle pr\u00f4nait vraiment des relations plus \u00e9troites avec une force de police qui tue des enfants en toute impunit\u00e9.<\/p>\n<p>&nbsp;<\/p>\n<h3><strong>Une politique du \u00ab tirer-pour-tuer \u00bb ? <\/strong><\/h3>\n<p>La conduite de la police isra\u00e9lienne indique fortement qu\u2019elle suit une politique du<em> \u00ab tirer-pour-tuer \u00bb.<\/em><\/p>\n<p><strong>Zuhdi Muhannad al-Tawil, 17 ans<\/strong>, fait partie des nombreuses victimes d\u2019ex\u00e9cutions extrajudiciaires manifestes \u00e0 J\u00e9rusalem. Apr\u00e8s d\u00e9j\u00e0 l\u2019avoir bless\u00e9 \u2013 pour avoir pr\u00e9tendument poignard\u00e9 un colon isra\u00e9lien \u2013 la police a tir\u00e9 sur lui \u00e0 plusieurs reprises alors qu\u2019il \u00e9tait d\u00e9j\u00e0 incapable de bouger, couch\u00e9 sur le sol, en mai 2021.<\/p>\n<p><strong>La CEPOL coop\u00e8re avec Isra\u00ebl et les forces de police de l\u2019Autorit\u00e9 palestinienne depuis 2007.<\/strong><\/p>\n<p>Les gros bonnets de l\u2019UE laissent volontiers entendre que travailler avec <em>\u00ab les deux camps \u00bb<\/em> est la preuve d\u2019une approche \u00e9quilibr\u00e9e. L\u2019am\u00e8re v\u00e9rit\u00e9, c\u2019est que l\u2019<em>\u00ab \u00e9quilibre \u00bb<\/em> est impossible dans le contexte d\u2019une occupation militaire brutale.<\/p>\n<p>Tout discours concernant les <em>\u00ab deux camps \u00bb<\/em> est en outre trompeur. L\u2019UE et les EU ont insist\u00e9 pour dire qu\u2019en fait, <strong>Isra\u00ebl et l\u2019Autorit\u00e9 palestinienne \u00e9taient bel et bien dans le m\u00eame camp.<\/strong><\/p>\n<p>Selon des arrangements datant de l\u2019\u00e9poque des accords d\u2019Oslo, dans les ann\u00e9es 1990, l\u2019Autorit\u00e9 palestinienne est inf\u00e9od\u00e9e \u00e0 Isra\u00ebl. Il est requis de ses policiers qu\u2019ils soient en coordination permanente avec Isra\u00ebl \u2013 une exigence que Mahmoud Abbas, le pr\u00e9sident de l\u2019AP, a qualifi\u00e9 de<em> \u00ab sacr\u00e9e \u00bb<\/em>, mais que de tr\u00e8s grands nombres de ses compatriotes consid\u00e8rent comme obsc\u00e8ne.<\/p>\n<p>Comme la plupart des institutions de l\u2019Union europ\u00e9enne, sinon toutes, la CEPOL laisse planer le secret sur ses activit\u00e9s. Pourtant, elle laisse passer \u00e0 l\u2019occasion des indices en disant qu\u2019elle s\u2019engage avec Isra\u00ebl et l\u2019AP contre le <em>\u00ab terrorisme \u00bb.<\/em><\/p>\n<p>La r\u00e9glementation honteusement laxiste d\u2019Isra\u00ebl sur les modalit\u00e9s d\u2019engagement s\u2019applique apparemment aux accusations de terrorisme. Ces quelques derni\u00e8res ann\u00e9es, les choses sont all\u00e9es si loin qu\u2019on a coll\u00e9 des d\u00e9signations terroristes \u00e0 des travailleurs des droits humains.<\/p>\n<p>Honteusement, la bureaucratie bruxelloise s\u2019est sentie oblig\u00e9e de prendre de telles accusations au s\u00e9rieux \u2013 m\u00eame quand il n\u2019y a pas un iota de preuve pour les \u00e9tayer.<\/p>\n<p>Pourquoi ? Parce que l\u2019UE consid\u00e8re qu\u2019Isra\u00ebl est un alli\u00e9 strat\u00e9gique.<\/p>\n<p>Le <em>\u00ab terrorisme \u00bb<\/em> est l\u2019excuse d\u2019Isra\u00ebl pour terroriser les Palestiniens.<\/p>\n<p>Bien qu\u2019il lui arrive d\u2019exprimer timidement son <em>\u00ab inqui\u00e9tude \u00bb<\/em> \u00e0 propos de certaines actions isra\u00e9liennes, l\u2019UE avale chaque fois les excuses isra\u00e9liennes. L\u2019UE a fait du <em>\u00ab terrorisme \u00bb<\/em> une question centrale dans ses relations avec Isra\u00ebl \u2013 en sachant parfaitement bien comment Isra\u00ebl peut se tirer de n\u2019importe quel crime en jouant tout simplement la carte du <em>\u00ab terrorisme \u00bb.<\/em><\/p>\n<p>Les efforts de l\u2019UE pour battre froid Ben-Gvir devraient \u00eatre trait\u00e9s avec scepticisme. Annuler des r\u00e9ceptions par crainte qu\u2019il n\u2019y apparaisse restera un geste vide de sens tant que l\u2019UE s\u2019ent\u00eatera \u00e0 faire \u00e9quipe avec une force de police qui pratique depuis longtemps la violence raciste que lui-m\u00eame pr\u00e9conise.<\/p>\n<div class=\"field field-attachment\">\n<div id=\"file-132856\" class=\"file file-document file-application-pdf\">\n<div><iframe loading=\"lazy\" class=\"pdf\" src=\"https:\/\/electronicintifada.net\/profiles\/electronicintifada\/bower_components\/pdf.js\/\/web\/viewer.html?file=https%3A%2F%2Felectronicintifada.net%2Fsites%2Fdefault%2Ffiles%2F2023-05%2F21062016_draft_briefing_israel_police_academy_27-29_june_2016_blanked.pdf\" allowfullscreen=\"allowfullscreen\" data-src=\"https:\/\/electronicintifada.net\/sites\/default\/files\/2023-05\/21062016_draft_briefing_israel_police_academy_27-29_june_2016_blanked.pdf\" data-mce-fragment=\"1\" width=\"100%\" height=\"800px\" frameborder=\"no\">https:\/\/electronicintifada.net\/sites\/default\/files\/2023-05\/21062016_draft_briefing_israel_police_academy_27-29_june_2016_blanked.pdf<\/iframe><\/div>\n<\/div>\n<\/div>\n<p style=\"text-align: center;\">\n*****<\/p>\n<p><strong><a href=\"https:\/\/charleroi-pourlapalestine.be\/index.php\/tag\/david-cronin\/\">David Cronin<\/a><a href=\"https:\/\/charleroi-pourlapalestine.be\/index.php\/tag\/david-cronin\/\"><img loading=\"lazy\" decoding=\"async\" class=\"alignright wp-image-20420 size-full\" src=\"https:\/\/charleroi-pourlapalestine.be\/wp-content\/uploads\/2020\/12\/david-cronin.jpg\" alt=\"\" width=\"112\" height=\"112\"><\/a><\/strong>&nbsp;est l\u2019auteur de plusieurs ouvrages, dont&nbsp;<a href=\"https:\/\/assolaguillotine.wordpress.com\/catalogue\/europe-israel-de-david-cronin\/\" target=\"_blank\" rel=\"noopener noreferrer\"><em><strong><span id=\"productTitle\" class=\"a-size-large\">Europe Isra\u00ebl : Une alliance contre-nature <\/span><\/strong><\/em><\/a><span id=\"productTitle\" class=\"a-size-large\">(Ed. La Guillotine \u2013 2013) et&nbsp;<\/span>&nbsp;<strong><em>Europe\u2019s Alliance With Israel: Aiding the Occupation<\/em>&nbsp;<\/strong>(Pluto Press, 2011 \u2013&nbsp;<strong><em>L\u2019Alliance de l\u2019Europe avec Isra\u00ebl contribue \u00e0 l\u2019occupation<\/em>)<\/strong>. Il a particip\u00e9 \u00e0 la r\u00e9daction du rapport \u201c<strong><a href=\"http:\/\/powerbase.info\/images\/0\/06\/PII_IsraelLobbyEUreport2016_Cronin_Mursak_Miller.pdf\" target=\"_blank\" rel=\"noopener noreferrer\">The israeli lobby and the European Union<\/a><\/strong>\u201d.&nbsp;<br \/>\nSon dernier livre est :&nbsp;<strong><span id=\"productTitle\" class=\"a-size-large\"><em>Balfour\u2019s Shadow: A Century of British Support for Zionism and Israel<\/em>&nbsp;<\/span><\/strong><span id=\"productTitle\" class=\"a-size-large\">(Pluto Press \u2013 Londres 2017).<\/span><\/p>\n<p>Il a \u00e9crit de nombreux articles pour de nombreuses publications, dont&nbsp;<strong>The Guardian, The Wall Street Journal Europe, European Voice, the Inter Press Service, The Irish Times and The Sunday Tribune.<\/strong> En tant qu\u2019activiste politique, il a tent\u00e9 d\u2019appliquer un \u00e9tat d\u2019<em> \u201carrestation citoyenne\u201d<\/em> \u00e0 <strong>Tony Blair<\/strong>&nbsp;et Avigdor&nbsp;<strong>Lieberman&nbsp;<\/strong>pour crimes contre l\u2019humanit\u00e9.&nbsp;<\/p>\n<p style=\"text-align: center;\">*****<\/p>\n<p>Publi\u00e9 le 24 mai sur 2023 sur<a href=\"https:\/\/electronicintifada.net\/blogs\/david-cronin\/internal-paper-shows-eu-eager-embrace-israels-killer-cops\"> The Electronic Intifada<\/a><br \/>\nTraduction : Jean-Marie Fl\u00e9mal, <a href=\"https:\/\/charleroi-pourlapalestine.be\/\">Charleroi pour la Palestine<\/a><\/p>\n","protected":false},"excerpt":{"rendered":"<p>Alors que l\u2019UE peut \u00e9viter d\u2019avoir \u00e0 traiter avec Ben-Gvir, elle d\u00e9sire depuis tr\u00e8s longtemps coop\u00e9rer avec la police isra\u00e9lienne.<\/p>\n","protected":false},"author":1,"featured_media":0,"comment_status":"closed","ping_status":"closed","sticky":false,"template":"","format":"standard","meta":{"ngg_post_thumbnail":0,"footnotes":""},"categories":[185],"tags":[],"class_list":["post-56157","post","type-post","status-publish","format-standard","hentry","category-union-europeenne"],"yoast_head":"<!-- This site is optimized with the Yoast SEO plugin v27.3 - https:\/\/yoast.com\/product\/yoast-seo-wordpress\/ -->\n<title>Un document interne montre que l&#039;UE est tr\u00e8s d\u00e9sireuse de bien accueillir les flics tueurs d&#039;Isra\u00ebl<\/title>\n<meta name=\"description\" content=\"Si on lit le document entre les lignes, il ne fait pas de doute que la CEPOL souhaiterait faire \u00e9quipe avec l\u2019occupation isra\u00e9lienne.\" \/>\n<meta name=\"robots\" content=\"index, follow, max-snippet:-1, max-image-preview:large, max-video-preview:-1\" \/>\n<link rel=\"canonical\" href=\"https:\/\/charleroi-pourlapalestine.be\/index.php\/2023\/05\/25\/un-document-interne-montre-que-lue-est-tres-desireuse-de-bien-accueillir-les-flics-tueurs-disrael\/\" \/>\n<script type=\"application\/ld+json\" class=\"yoast-schema-graph\">{\"@context\":\"https:\\\/\\\/schema.org\",\"@graph\":[{\"@type\":\"Article\",\"@id\":\"https:\\\/\\\/charleroi-pourlapalestine.be\\\/index.php\\\/2023\\\/05\\\/25\\\/un-document-interne-montre-que-lue-est-tres-desireuse-de-bien-accueillir-les-flics-tueurs-disrael\\\/#article\",\"isPartOf\":{\"@id\":\"https:\\\/\\\/charleroi-pourlapalestine.be\\\/index.php\\\/2023\\\/05\\\/25\\\/un-document-interne-montre-que-lue-est-tres-desireuse-de-bien-accueillir-les-flics-tueurs-disrael\\\/\"},\"author\":{\"name\":\"admin1873\",\"@id\":\"https:\\\/\\\/charleroi-pourlapalestine.be\\\/#\\\/schema\\\/person\\\/c19ff515112f1299d8c12671d8fe3faa\"},\"headline\":\"Un document interne montre que l&rsquo;UE est tr\u00e8s d\u00e9sireuse de bien accueillir les flics tueurs d&rsquo;Isra\u00ebl\",\"datePublished\":\"2023-05-25T08:48:02+00:00\",\"dateModified\":\"2023-05-25T08:48:04+00:00\",\"mainEntityOfPage\":{\"@id\":\"https:\\\/\\\/charleroi-pourlapalestine.be\\\/index.php\\\/2023\\\/05\\\/25\\\/un-document-interne-montre-que-lue-est-tres-desireuse-de-bien-accueillir-les-flics-tueurs-disrael\\\/\"},\"wordCount\":1543,\"publisher\":{\"@id\":\"https:\\\/\\\/charleroi-pourlapalestine.be\\\/#organization\"},\"image\":{\"@id\":\"https:\\\/\\\/charleroi-pourlapalestine.be\\\/index.php\\\/2023\\\/05\\\/25\\\/un-document-interne-montre-que-lue-est-tres-desireuse-de-bien-accueillir-les-flics-tueurs-disrael\\\/#primaryimage\"},\"thumbnailUrl\":\"https:\\\/\\\/charleroi-pourlapalestine.be\\\/wp-content\\\/uploads\\\/2023\\\/05\\\/Itamar-Ben-Gvir-accompagne-dofficiers-de-la-police-israelienne-e1685002992595.jpg\",\"articleSection\":[\"Union europ\u00e9enne\"],\"inLanguage\":\"fr-FR\"},{\"@type\":\"WebPage\",\"@id\":\"https:\\\/\\\/charleroi-pourlapalestine.be\\\/index.php\\\/2023\\\/05\\\/25\\\/un-document-interne-montre-que-lue-est-tres-desireuse-de-bien-accueillir-les-flics-tueurs-disrael\\\/\",\"url\":\"https:\\\/\\\/charleroi-pourlapalestine.be\\\/index.php\\\/2023\\\/05\\\/25\\\/un-document-interne-montre-que-lue-est-tres-desireuse-de-bien-accueillir-les-flics-tueurs-disrael\\\/\",\"name\":\"Un document interne montre que l'UE est tr\u00e8s d\u00e9sireuse de bien accueillir les flics tueurs d'Isra\u00ebl\",\"isPartOf\":{\"@id\":\"https:\\\/\\\/charleroi-pourlapalestine.be\\\/#website\"},\"primaryImageOfPage\":{\"@id\":\"https:\\\/\\\/charleroi-pourlapalestine.be\\\/index.php\\\/2023\\\/05\\\/25\\\/un-document-interne-montre-que-lue-est-tres-desireuse-de-bien-accueillir-les-flics-tueurs-disrael\\\/#primaryimage\"},\"image\":{\"@id\":\"https:\\\/\\\/charleroi-pourlapalestine.be\\\/index.php\\\/2023\\\/05\\\/25\\\/un-document-interne-montre-que-lue-est-tres-desireuse-de-bien-accueillir-les-flics-tueurs-disrael\\\/#primaryimage\"},\"thumbnailUrl\":\"https:\\\/\\\/charleroi-pourlapalestine.be\\\/wp-content\\\/uploads\\\/2023\\\/05\\\/Itamar-Ben-Gvir-accompagne-dofficiers-de-la-police-israelienne-e1685002992595.jpg\",\"datePublished\":\"2023-05-25T08:48:02+00:00\",\"dateModified\":\"2023-05-25T08:48:04+00:00\",\"description\":\"Si on lit le document entre les lignes, il ne fait pas de doute que la CEPOL souhaiterait faire \u00e9quipe avec l\u2019occupation isra\u00e9lienne.\",\"breadcrumb\":{\"@id\":\"https:\\\/\\\/charleroi-pourlapalestine.be\\\/index.php\\\/2023\\\/05\\\/25\\\/un-document-interne-montre-que-lue-est-tres-desireuse-de-bien-accueillir-les-flics-tueurs-disrael\\\/#breadcrumb\"},\"inLanguage\":\"fr-FR\",\"potentialAction\":[{\"@type\":\"ReadAction\",\"target\":[\"https:\\\/\\\/charleroi-pourlapalestine.be\\\/index.php\\\/2023\\\/05\\\/25\\\/un-document-interne-montre-que-lue-est-tres-desireuse-de-bien-accueillir-les-flics-tueurs-disrael\\\/\"]}]},{\"@type\":\"ImageObject\",\"inLanguage\":\"fr-FR\",\"@id\":\"https:\\\/\\\/charleroi-pourlapalestine.be\\\/index.php\\\/2023\\\/05\\\/25\\\/un-document-interne-montre-que-lue-est-tres-desireuse-de-bien-accueillir-les-flics-tueurs-disrael\\\/#primaryimage\",\"url\":\"\",\"contentUrl\":\"\"},{\"@type\":\"BreadcrumbList\",\"@id\":\"https:\\\/\\\/charleroi-pourlapalestine.be\\\/index.php\\\/2023\\\/05\\\/25\\\/un-document-interne-montre-que-lue-est-tres-desireuse-de-bien-accueillir-les-flics-tueurs-disrael\\\/#breadcrumb\",\"itemListElement\":[{\"@type\":\"ListItem\",\"position\":1,\"name\":\"Accueil\",\"item\":\"https:\\\/\\\/charleroi-pourlapalestine.be\\\/\"},{\"@type\":\"ListItem\",\"position\":2,\"name\":\"Un document interne montre que l&#8217;UE est tr\u00e8s d\u00e9sireuse de bien accueillir les flics tueurs d&#8217;Isra\u00ebl\"}]},{\"@type\":\"WebSite\",\"@id\":\"https:\\\/\\\/charleroi-pourlapalestine.be\\\/#website\",\"url\":\"https:\\\/\\\/charleroi-pourlapalestine.be\\\/\",\"name\":\"Charleroi Pour la Palestine\",\"description\":\"\",\"publisher\":{\"@id\":\"https:\\\/\\\/charleroi-pourlapalestine.be\\\/#organization\"},\"potentialAction\":[{\"@type\":\"SearchAction\",\"target\":{\"@type\":\"EntryPoint\",\"urlTemplate\":\"https:\\\/\\\/charleroi-pourlapalestine.be\\\/?s={search_term_string}\"},\"query-input\":{\"@type\":\"PropertyValueSpecification\",\"valueRequired\":true,\"valueName\":\"search_term_string\"}}],\"inLanguage\":\"fr-FR\"},{\"@type\":\"Organization\",\"@id\":\"https:\\\/\\\/charleroi-pourlapalestine.be\\\/#organization\",\"name\":\"Plate-forme Charleroi-Palestine\",\"url\":\"https:\\\/\\\/charleroi-pourlapalestine.be\\\/\",\"logo\":{\"@type\":\"ImageObject\",\"inLanguage\":\"fr-FR\",\"@id\":\"https:\\\/\\\/charleroi-pourlapalestine.be\\\/#\\\/schema\\\/logo\\\/image\\\/\",\"url\":\"https:\\\/\\\/charleroi-pourlapalestine.be\\\/wp-content\\\/uploads\\\/2020\\\/01\\\/logo-Copy.jpg\",\"contentUrl\":\"https:\\\/\\\/charleroi-pourlapalestine.be\\\/wp-content\\\/uploads\\\/2020\\\/01\\\/logo-Copy.jpg\",\"width\":180,\"height\":180,\"caption\":\"Plate-forme Charleroi-Palestine\"},\"image\":{\"@id\":\"https:\\\/\\\/charleroi-pourlapalestine.be\\\/#\\\/schema\\\/logo\\\/image\\\/\"},\"sameAs\":[\"https:\\\/\\\/www.facebook.com\\\/PlateformeCharleroiPalestine\\\/\",\"https:\\\/\\\/x.com\\\/LaCharleroi\"]},{\"@type\":\"Person\",\"@id\":\"https:\\\/\\\/charleroi-pourlapalestine.be\\\/#\\\/schema\\\/person\\\/c19ff515112f1299d8c12671d8fe3faa\",\"name\":\"admin1873\",\"url\":\"https:\\\/\\\/charleroi-pourlapalestine.be\\\/index.php\\\/author\\\/admin1873\\\/\"}]}<\/script>\n<!-- \/ Yoast SEO plugin. -->","yoast_head_json":{"title":"Un document interne montre que l'UE est tr\u00e8s d\u00e9sireuse de bien accueillir les flics tueurs d'Isra\u00ebl","description":"Si on lit le document entre les lignes, il ne fait pas de doute que la CEPOL souhaiterait faire \u00e9quipe avec l\u2019occupation isra\u00e9lienne.","robots":{"index":"index","follow":"follow","max-snippet":"max-snippet:-1","max-image-preview":"max-image-preview:large","max-video-preview":"max-video-preview:-1"},"canonical":"https:\/\/charleroi-pourlapalestine.be\/index.php\/2023\/05\/25\/un-document-interne-montre-que-lue-est-tres-desireuse-de-bien-accueillir-les-flics-tueurs-disrael\/","schema":{"@context":"https:\/\/schema.org","@graph":[{"@type":"Article","@id":"https:\/\/charleroi-pourlapalestine.be\/index.php\/2023\/05\/25\/un-document-interne-montre-que-lue-est-tres-desireuse-de-bien-accueillir-les-flics-tueurs-disrael\/#article","isPartOf":{"@id":"https:\/\/charleroi-pourlapalestine.be\/index.php\/2023\/05\/25\/un-document-interne-montre-que-lue-est-tres-desireuse-de-bien-accueillir-les-flics-tueurs-disrael\/"},"author":{"name":"admin1873","@id":"https:\/\/charleroi-pourlapalestine.be\/#\/schema\/person\/c19ff515112f1299d8c12671d8fe3faa"},"headline":"Un document interne montre que l&rsquo;UE est tr\u00e8s d\u00e9sireuse de bien accueillir les flics tueurs d&rsquo;Isra\u00ebl","datePublished":"2023-05-25T08:48:02+00:00","dateModified":"2023-05-25T08:48:04+00:00","mainEntityOfPage":{"@id":"https:\/\/charleroi-pourlapalestine.be\/index.php\/2023\/05\/25\/un-document-interne-montre-que-lue-est-tres-desireuse-de-bien-accueillir-les-flics-tueurs-disrael\/"},"wordCount":1543,"publisher":{"@id":"https:\/\/charleroi-pourlapalestine.be\/#organization"},"image":{"@id":"https:\/\/charleroi-pourlapalestine.be\/index.php\/2023\/05\/25\/un-document-interne-montre-que-lue-est-tres-desireuse-de-bien-accueillir-les-flics-tueurs-disrael\/#primaryimage"},"thumbnailUrl":"https:\/\/charleroi-pourlapalestine.be\/wp-content\/uploads\/2023\/05\/Itamar-Ben-Gvir-accompagne-dofficiers-de-la-police-israelienne-e1685002992595.jpg","articleSection":["Union europ\u00e9enne"],"inLanguage":"fr-FR"},{"@type":"WebPage","@id":"https:\/\/charleroi-pourlapalestine.be\/index.php\/2023\/05\/25\/un-document-interne-montre-que-lue-est-tres-desireuse-de-bien-accueillir-les-flics-tueurs-disrael\/","url":"https:\/\/charleroi-pourlapalestine.be\/index.php\/2023\/05\/25\/un-document-interne-montre-que-lue-est-tres-desireuse-de-bien-accueillir-les-flics-tueurs-disrael\/","name":"Un document interne montre que l'UE est tr\u00e8s d\u00e9sireuse de bien accueillir les flics tueurs d'Isra\u00ebl","isPartOf":{"@id":"https:\/\/charleroi-pourlapalestine.be\/#website"},"primaryImageOfPage":{"@id":"https:\/\/charleroi-pourlapalestine.be\/index.php\/2023\/05\/25\/un-document-interne-montre-que-lue-est-tres-desireuse-de-bien-accueillir-les-flics-tueurs-disrael\/#primaryimage"},"image":{"@id":"https:\/\/charleroi-pourlapalestine.be\/index.php\/2023\/05\/25\/un-document-interne-montre-que-lue-est-tres-desireuse-de-bien-accueillir-les-flics-tueurs-disrael\/#primaryimage"},"thumbnailUrl":"https:\/\/charleroi-pourlapalestine.be\/wp-content\/uploads\/2023\/05\/Itamar-Ben-Gvir-accompagne-dofficiers-de-la-police-israelienne-e1685002992595.jpg","datePublished":"2023-05-25T08:48:02+00:00","dateModified":"2023-05-25T08:48:04+00:00","description":"Si on lit le document entre les lignes, il ne fait pas de doute que la CEPOL souhaiterait faire \u00e9quipe avec l\u2019occupation isra\u00e9lienne.","breadcrumb":{"@id":"https:\/\/charleroi-pourlapalestine.be\/index.php\/2023\/05\/25\/un-document-interne-montre-que-lue-est-tres-desireuse-de-bien-accueillir-les-flics-tueurs-disrael\/#breadcrumb"},"inLanguage":"fr-FR","potentialAction":[{"@type":"ReadAction","target":["https:\/\/charleroi-pourlapalestine.be\/index.php\/2023\/05\/25\/un-document-interne-montre-que-lue-est-tres-desireuse-de-bien-accueillir-les-flics-tueurs-disrael\/"]}]},{"@type":"ImageObject","inLanguage":"fr-FR","@id":"https:\/\/charleroi-pourlapalestine.be\/index.php\/2023\/05\/25\/un-document-interne-montre-que-lue-est-tres-desireuse-de-bien-accueillir-les-flics-tueurs-disrael\/#primaryimage","url":"","contentUrl":""},{"@type":"BreadcrumbList","@id":"https:\/\/charleroi-pourlapalestine.be\/index.php\/2023\/05\/25\/un-document-interne-montre-que-lue-est-tres-desireuse-de-bien-accueillir-les-flics-tueurs-disrael\/#breadcrumb","itemListElement":[{"@type":"ListItem","position":1,"name":"Accueil","item":"https:\/\/charleroi-pourlapalestine.be\/"},{"@type":"ListItem","position":2,"name":"Un document interne montre que l&#8217;UE est tr\u00e8s d\u00e9sireuse de bien accueillir les flics tueurs d&#8217;Isra\u00ebl"}]},{"@type":"WebSite","@id":"https:\/\/charleroi-pourlapalestine.be\/#website","url":"https:\/\/charleroi-pourlapalestine.be\/","name":"Charleroi Pour la Palestine","description":"","publisher":{"@id":"https:\/\/charleroi-pourlapalestine.be\/#organization"},"potentialAction":[{"@type":"SearchAction","target":{"@type":"EntryPoint","urlTemplate":"https:\/\/charleroi-pourlapalestine.be\/?s={search_term_string}"},"query-input":{"@type":"PropertyValueSpecification","valueRequired":true,"valueName":"search_term_string"}}],"inLanguage":"fr-FR"},{"@type":"Organization","@id":"https:\/\/charleroi-pourlapalestine.be\/#organization","name":"Plate-forme Charleroi-Palestine","url":"https:\/\/charleroi-pourlapalestine.be\/","logo":{"@type":"ImageObject","inLanguage":"fr-FR","@id":"https:\/\/charleroi-pourlapalestine.be\/#\/schema\/logo\/image\/","url":"https:\/\/charleroi-pourlapalestine.be\/wp-content\/uploads\/2020\/01\/logo-Copy.jpg","contentUrl":"https:\/\/charleroi-pourlapalestine.be\/wp-content\/uploads\/2020\/01\/logo-Copy.jpg","width":180,"height":180,"caption":"Plate-forme Charleroi-Palestine"},"image":{"@id":"https:\/\/charleroi-pourlapalestine.be\/#\/schema\/logo\/image\/"},"sameAs":["https:\/\/www.facebook.com\/PlateformeCharleroiPalestine\/","https:\/\/x.com\/LaCharleroi"]},{"@type":"Person","@id":"https:\/\/charleroi-pourlapalestine.be\/#\/schema\/person\/c19ff515112f1299d8c12671d8fe3faa","name":"admin1873","url":"https:\/\/charleroi-pourlapalestine.be\/index.php\/author\/admin1873\/"}]}},"_links":{"self":[{"href":"https:\/\/charleroi-pourlapalestine.be\/index.php\/wp-json\/wp\/v2\/posts\/56157","targetHints":{"allow":["GET"]}}],"collection":[{"href":"https:\/\/charleroi-pourlapalestine.be\/index.php\/wp-json\/wp\/v2\/posts"}],"about":[{"href":"https:\/\/charleroi-pourlapalestine.be\/index.php\/wp-json\/wp\/v2\/types\/post"}],"author":[{"embeddable":true,"href":"https:\/\/charleroi-pourlapalestine.be\/index.php\/wp-json\/wp\/v2\/users\/1"}],"replies":[{"embeddable":true,"href":"https:\/\/charleroi-pourlapalestine.be\/index.php\/wp-json\/wp\/v2\/comments?post=56157"}],"version-history":[{"count":0,"href":"https:\/\/charleroi-pourlapalestine.be\/index.php\/wp-json\/wp\/v2\/posts\/56157\/revisions"}],"wp:attachment":[{"href":"https:\/\/charleroi-pourlapalestine.be\/index.php\/wp-json\/wp\/v2\/media?parent=56157"}],"wp:term":[{"taxonomy":"category","embeddable":true,"href":"https:\/\/charleroi-pourlapalestine.be\/index.php\/wp-json\/wp\/v2\/categories?post=56157"},{"taxonomy":"post_tag","embeddable":true,"href":"https:\/\/charleroi-pourlapalestine.be\/index.php\/wp-json\/wp\/v2\/tags?post=56157"}],"curies":[{"name":"wp","href":"https:\/\/api.w.org\/{rel}","templated":true}]}}