{"id":56612,"date":"2023-05-31T13:18:08","date_gmt":"2023-05-31T11:18:08","guid":{"rendered":"https:\/\/charleroi-pourlapalestine.be\/?p=56612"},"modified":"2023-05-31T13:18:10","modified_gmt":"2023-05-31T11:18:10","slug":"palestine-le-revolutionnaire-meurt-la-revolution-continue","status":"publish","type":"post","link":"https:\/\/charleroi-pourlapalestine.be\/index.php\/2023\/05\/31\/palestine-le-revolutionnaire-meurt-la-revolution-continue\/","title":{"rendered":"Palestine : le r\u00e9volutionnaire meurt, la r\u00e9volution continue"},"content":{"rendered":"<p>Le 2 mai 2023, apr\u00e8s 87 jours d\u2019une \u00e9puisante gr\u00e8ve de la faim et \u00e0 l\u2019issue de toute une vie de lutte pour la cause palestinienne, l\u2019\u00e9minent prisonnier politique<a href=\"https:\/\/charleroi-pourlapalestine.be\/index.php\/tag\/khader-adnan\/\"><strong> Khader Adnan<\/strong><\/a> est d\u00e9c\u00e9d\u00e9 aux mains du r\u00e9gime sioniste, \u00e0 la prison de Ramle. Il a \u00e9t\u00e9 pleur\u00e9 dans les cellules comme dans les rues, dans le m\u00eame temps que les masses promettaient de poursuivre son combat.&nbsp;<\/p>\n<p>&nbsp;<\/p>\n<div id=\"attachment_56616\" style=\"width: 560px\" class=\"wp-caption aligncenter\"><img loading=\"lazy\" decoding=\"async\" aria-describedby=\"caption-attachment-56616\" class=\"wp-image-56616 size-full\" src=\"https:\/\/charleroi-pourlapalestine.be\/wp-content\/uploads\/2023\/05\/Khader-Adnan-6.jpg\" alt=\"Khader Adnan : le r\u00e9volutionnaire meurt, la r\u00e9volution continue\" width=\"550\" height=\"333\" srcset=\"https:\/\/charleroi-pourlapalestine.be\/wp-content\/uploads\/2023\/05\/Khader-Adnan-6.jpg 550w, https:\/\/charleroi-pourlapalestine.be\/wp-content\/uploads\/2023\/05\/Khader-Adnan-6-300x182.jpg 300w\" sizes=\"auto, (max-width: 550px) 100vw, 550px\" \/><p id=\"caption-attachment-56616\" class=\"wp-caption-text\">Khader Adnan<\/p><\/div>\n<p>&nbsp;<\/p>\n<p><a href=\"https:\/\/charleroi-pourlapalestine.be\/index.php\/tag\/louis-brehony\/\"><strong>Louis Brehony<\/strong><\/a>, 28 mai 2023<\/p>\n<p>Ces derni\u00e8res ann\u00e9es, bien des gr\u00e9vistes de la faim palestiniens ont \u00e9t\u00e9 victorieux dans leurs combats contre l\u2019\u00c9tat en arrachant des sursis et des moments de libert\u00e9. Le fait que ces combattants sont fr\u00e9quemment r\u00e9arr\u00eat\u00e9s prouve \u00e0 la fois leur r\u00f4le pr\u00e9pond\u00e9rant dans le mouvement de lib\u00e9ration et la nature impitoyable de l\u2019occupation. Cette fois, l\u2019\u00c9tat sioniste n&rsquo;\u00e9tait pas dispos\u00e9 \u00e0 c\u00e9der et, au lieu de cela, il a tu\u00e9 <strong>Khader Adnan<\/strong>, faisant de lui le premier prisonnier palestinien \u00e0 mourir en gr\u00e8ve de la faim depuis 1992.<\/p>\n<p>Le dirigeant assassin\u00e9 du<strong> FPLP, Abu Ali Mustafa<\/strong>, n\u00e9 lui aussi \u00e0 Arraba, la ville natale d\u2019Adnan, a dit un jour que <strong><em>\u00ab la riposte est une constante, alors que les moyens et les tactiques sont ses variables \u00bb.<\/em><\/strong> Bien qu\u2019il ait pr\u00e9f\u00e9r\u00e9 rallier le<strong> Djihad islamique<\/strong> et non le<strong> FPLP<\/strong> au cours de sa p\u00e9riode d\u2019activisme estudiantin, Adnan n\u2019avait pas tard\u00e9 \u00e0 incarner cet axiome. Arr\u00eat\u00e9 une douzaine de fois \u00e0 partir de 1999 et emprisonn\u00e9 durant huit ann\u00e9es en tout, il s\u2019\u00e9tait lanc\u00e9 dans six gr\u00e8ves de la faim. Durant la toute derni\u00e8re ainsi que lors d\u2019autres p\u00e9riodes d\u2019internement, on lui avait refus\u00e9 tout traitement m\u00e9dical, alors que sa famille \u00e9tait soumise \u00e0 des raids domiciliaires et \u00e0 de violents harc\u00e8lements et autres intimidations de la part des sionistes.<\/p>\n<p>En mai 2023, quelque 1.006 Palestiniens \u00e9taient emprisonn\u00e9s dans le cadre de la <strong><em>\u00ab d\u00e9tention administrative \u00bb<\/em><\/strong>, un emprisonnement sans accusation ni proc\u00e8s. C\u2019est le chiffre le plus \u00e9lev\u00e9 depuis trois d\u00e9cennies. Du fait qu\u2019Adnan avait d\u00e9j\u00e0 \u00e9t\u00e9 d\u00e9tenu sous ce syst\u00e8me pr\u00e9c\u00e9demment, son arrestation le 5 f\u00e9vrier \u00e9tait accompagn\u00e9e d\u2019une accusation plus grave : incitation \u00e0 la violence et affiliation \u00e0 une organisation ill\u00e9gale. Il a \u00e9t\u00e9 faussement pr\u00e9tendu qu\u2019Adnan avait des liens avec des unit\u00e9s de commandos, alors que son r\u00f4le au sein de la direction du Djihad islamique \u00e9tait politique plut\u00f4t que militaire. Le <strong>Djihad islamique<\/strong> a fait remarquer que les arrestations d\u2019Adnan et de son camarade Khaled Gawadreh refl\u00e9taient <strong><em>\u00ab le degr\u00e9 de confusion et de pression qui harc\u00e8le le gouvernement fasciste d\u2019occupation, suite \u00e0 l\u2019escalade du soul\u00e8vement \u00e0 J\u00e9rusalem et en Cisjordanie occup\u00e9e \u00bb.<\/em><\/strong><\/p>\n<p>Le gouvernement de<strong> Netanyahou<\/strong> a r\u00e9pondu \u00e0 cette pouss\u00e9e d\u2019activisme par un appel \u00e0 la guerre totale contre les factions de la r\u00e9sistance palestinienne. Du fait qu\u2019Adnan \u00e9tait laiss\u00e9 sans possibilit\u00e9 juridique suite \u00e0 une menace de longue sentence, sa gr\u00e8ve de la faim allait signifier la libert\u00e9 ou la mort. En compagnie d\u2019autres cod\u00e9tenus protestant eux aussi dans les prisons de l\u2019occupation, Adnan a affront\u00e9 la guerre depuis sa propre cellule, portant le poids des repr\u00e9sailles malveillantes du r\u00e9gime. Son \u00e9pouse, <strong>Randa Mousa<\/strong>, a rapport\u00e9 qu\u2019apr\u00e8s 80 jours de gr\u00e8ve de la faim, Adnan avait perdu conscience et que les matons sionistes l\u2019avaient laiss\u00e9 dans cet \u00e9tat pendant une demi-heure avant de tenter de le r\u00e9animer.<\/p>\n<p>Bien que le d\u00e9c\u00e8s d\u2019Adnan ait \u00e9t\u00e9 officiellement d\u00e9plor\u00e9 par le Premier ministre de l\u2019Autorit\u00e9 palestinienne (AP), Mohammad Shtayyeh, qui l\u2019a qualifi\u00e9 d\u2019<em>\u00ab assassinat d\u00e9lib\u00e9r\u00e9 \u00bb<\/em>,<strong> Adnan avait lui aussi \u00e9t\u00e9 victime de la r\u00e9pression de l\u2019AP.<\/strong> En 1999, les forces de l\u2019AP l\u2019avaient arr\u00eat\u00e9 pour son r\u00f4le dans la direction des protestations estudiantines contre la visite \u00e0 Ramallah du Premier ministre fran\u00e7ais Lionel Jospin, favorable \u00e0 Isra\u00ebl. Par la suite, Adnan allait \u00e9t\u00e9 emprisonn\u00e9 en deux autres occasions au moins par l\u2019AP. Plus tard, les agissements de la bourgeoisie compradore de l\u2019AP ont \u00e9t\u00e9 d\u00e9nonc\u00e9s en m\u00eame temps que les tentatives criminelles d\u2019Isra\u00ebl en vue d\u2019an\u00e9antir la <strong>nouvelle vague de r\u00e9sistance arm\u00e9e<\/strong>. \u00c9mergeant en 2022, l\u2019organisation <strong><em>The Lions\u2019 Den<\/em><\/strong> (Fosse aux lions) a construit une \u00e9norme base de soutien en tant qu\u2019alliance d\u2019organisations d\u00e9fendant <strong>Naplouse, J\u00e9nine et d\u2019autres zones<\/strong> contre les attaques sionistes. En octobre 2022, il est apparu que l\u2019AP avait tent\u00e9 de persuader l\u2019organisation de vendre ses armes et d\u2019int\u00e9grer ses membres aux forces s\u00e9curitaires de l\u2019AP. La Lions\u2019 Den avait refus\u00e9.<\/p>\n<p><strong>En mai 2023, les bombardements isra\u00e9liens tuaient 33 personnes \u00e0 Gaza,<\/strong> dont six enfants, et d\u00e9truisaient des sites m\u00e9dicaux et des habitations au cours de ce qui a \u00e9t\u00e9 pr\u00e9sent\u00e9 par Isra\u00ebl comme des <strong><em>\u00ab attaques cibl\u00e9es \u00bb<\/em> contre les dirigeants du Djihad islamique.<\/strong> \u00c0 la date du 22 mai, 160 Palestiniens en tout avaient \u00e9t\u00e9 tu\u00e9s dans des attaques sionistes depuis le d\u00e9but de l\u2019ann\u00e9e. L\u2019unit\u00e9 d\u2019action croissante face \u00e0 la r\u00e9pression du gouvernement raciste a donn\u00e9 naissance \u00e0 la <strong>Salle commune des op\u00e9rations<\/strong>, qui rassemble les factions nationalistes, islamiques et socialistes en des actions coordonn\u00e9es afin de riposter aux offensives sionistes. Le soutien massif au mouvement de lib\u00e9ration est un facteur pr\u00e9pond\u00e9rant dans le ciblage par l\u2019\u00c9tat isra\u00e9lien du Djihad islamique et dans la tentative en vue de d\u00e9capiter la r\u00e9sistance. Dans le sillage du cessez-le-feu de mai, d\u2019\u00e9normes mobilisations ont eu lieu dans les rues sous forme de soutien ouvert \u00e0 la lutte arm\u00e9e, y compris des rassemblements massifs parmi les Palestiniens d\u00e9plac\u00e9s qui vivent en Syrie et au Liban.<\/p>\n<p>Bien que l\u2019accord de paix d\u2019Oslo entre Isra\u00ebl et l\u2019OLP ait donn\u00e9 lieu \u00e0 des coups publicitaires vantant la lib\u00e9ration de nombreux prisonniers politiques palestiniens, <strong>plus de 142.000 personnes ont \u00e9t\u00e9 emprisonn\u00e9es depuis lors.<\/strong> D\u2019autres sont rest\u00e9es derri\u00e8re les barreaux tout au long des ann\u00e9es o\u00f9 l\u2019AP a fait mine de se chamailler avec les sionistes et les imp\u00e9rialistes.<strong> L\u2019activiste et intellectuel Walid Daqqa est emprisonn\u00e9 depuis 1986 et il est actuellement en phase terminale d\u2019un cancer<\/strong>. Ces derniers mois, sa sant\u00e9 s\u2019est gravement d\u00e9t\u00e9rior\u00e9e en raison d\u2019une n\u00e9gligence m\u00e9dicale de tous les instants, dans le m\u00eame temps que le r\u00e9gime lui refuse la libert\u00e9 sur parole.<\/p>\n<p>La fa\u00e7on de traiter <strong>Walid Daqqah<\/strong> et l\u2019assassinat par n\u00e9gligence de <strong>Khader Adnan<\/strong> refl\u00e8tent bien la crainte des sionistes \u00e0 l\u2019\u00e9gard de la r\u00e9sistance palestinienne ainsi que les contradictions non r\u00e9solues au sein m\u00eame du mouvement de lib\u00e9ration. Concernant la mort de Khader, son \u00e9pouse Randa Mousa a d\u00e9clar\u00e9 : <em>\u00ab Tous ceux qui ont une arme devraient l\u2019avoir utilis\u00e9e avant la mort du cheikh \u00bb<\/em>, plut\u00f4t qu\u2019en guise de repr\u00e9sailles. Le mouvement de lib\u00e9ration reste \u00e0 port\u00e9e de main de tous ceux qui s\u2019organisent sur le terrain. C\u2019est via leurs mains, aid\u00e9es par la solidarit\u00e9 internationaliste, que la Palestine et ses h\u00e9ros emprisonn\u00e9s conquerront leur libert\u00e9.<\/p>\n<p style=\"text-align: center;\">*****<\/p>\n<p><img loading=\"lazy\" decoding=\"async\" class=\"size-full wp-image-43315 alignleft\" src=\"https:\/\/charleroi-pourlapalestine.be\/wp-content\/uploads\/2022\/08\/Louis-Brehony-bio-150x150-1.png\" sizes=\"auto, (max-width: 150px) 100vw, 150px\" srcset=\"https:\/\/charleroi-pourlapalestine.be\/wp-content\/uploads\/2022\/08\/Louis-Brehony-bio-150x150-1.png 150w, https:\/\/charleroi-pourlapalestine.be\/wp-content\/uploads\/2022\/08\/Louis-Brehony-bio-150x150-1-80x80.png 80w\" alt=\"\" width=\"150\" height=\"150\">Louis Brehony est un activiste, musicien, chercheur et \u00e9ducateur de Manchester, au Royaume-Uni. Il est l\u2019auteur d\u2019une monographie \u00e0 para\u00eetre sur les musiciens palestiniens en exil et il est le r\u00e9alisateur du documentaire prim\u00e9, <strong><em>Kofia : A Revolution Through Music<\/em><\/strong> (Une r\u00e9volution par la musique) (2021).<\/p>\n<h4 class=\"fittexted_for_content_h4\">&nbsp;<\/h4>\n<h4 class=\"fittexted_for_content_h4\" style=\"text-align: center;\">*****<\/h4>\n<p>Publi\u00e9 le 28 mai 2023 sur <a href=\"https:\/\/www.revolutionarycommunist.org\/middle-east\/palestine\/6786-palestine-the-revolutionary-dies-but-the-revolution-lives-on\" target=\"_blank\" rel=\"noopener\">Revolutionary Communist<\/a><br \/>\nTraduction, Jean-Marie Fl\u00e9mal, <a href=\"https:\/\/charleroi-pourlapalestine.be\/\">Charleroi pour la Palestine<\/a><\/p>\n","protected":false},"excerpt":{"rendered":"<p>Khader Adnan a \u00e9t\u00e9 pleur\u00e9 dans les cellules comme dans les rues, dans le m\u00eame temps que les masses promettaient de poursuivre son combat.<\/p>\n","protected":false},"author":1,"featured_media":56616,"comment_status":"closed","ping_status":"closed","sticky":false,"template":"","format":"standard","meta":{"ngg_post_thumbnail":0,"footnotes":""},"categories":[24,828,356,106,386,391,23,192,13,25],"tags":[869,825,865],"class_list":["post-56612","post","type-post","status-publish","format-standard","has-post-thumbnail","hentry","category-lautorite-palestinienne","category-detention-administrative","category-djihad-islamique","category-fplp","category-greves-de-la-faim","category-lutte-armee","category-oslo","category-palestine","category-les-prisionners-palestiniens","category-la-resistance-palestinienne","tag-khader-adnan","tag-louis-brehony","tag-walid-daqqa"],"yoast_head":"<!-- This site is optimized with the Yoast SEO plugin v27.3 - https:\/\/yoast.com\/product\/yoast-seo-wordpress\/ -->\n<title>Palestine : le r\u00e9volutionnaire meurt, la r\u00e9volution continue<\/title>\n<meta name=\"description\" content=\"L&#039;\u00c9tat sioniste a tu\u00e9 Khader Adnan, faisant de lui le premier prisonnier palestinien \u00e0 mourir en gr\u00e8ve de la faim depuis 1992.L\" \/>\n<meta name=\"robots\" content=\"index, follow, max-snippet:-1, max-image-preview:large, max-video-preview:-1\" \/>\n<link rel=\"canonical\" href=\"https:\/\/charleroi-pourlapalestine.be\/index.php\/2023\/05\/31\/palestine-le-revolutionnaire-meurt-la-revolution-continue\/\" \/>\n<script type=\"application\/ld+json\" class=\"yoast-schema-graph\">{\"@context\":\"https:\\\/\\\/schema.org\",\"@graph\":[{\"@type\":\"Article\",\"@id\":\"https:\\\/\\\/charleroi-pourlapalestine.be\\\/index.php\\\/2023\\\/05\\\/31\\\/palestine-le-revolutionnaire-meurt-la-revolution-continue\\\/#article\",\"isPartOf\":{\"@id\":\"https:\\\/\\\/charleroi-pourlapalestine.be\\\/index.php\\\/2023\\\/05\\\/31\\\/palestine-le-revolutionnaire-meurt-la-revolution-continue\\\/\"},\"author\":{\"name\":\"admin1873\",\"@id\":\"https:\\\/\\\/charleroi-pourlapalestine.be\\\/#\\\/schema\\\/person\\\/c19ff515112f1299d8c12671d8fe3faa\"},\"headline\":\"Palestine : le r\u00e9volutionnaire meurt, la r\u00e9volution continue\",\"datePublished\":\"2023-05-31T11:18:08+00:00\",\"dateModified\":\"2023-05-31T11:18:10+00:00\",\"mainEntityOfPage\":{\"@id\":\"https:\\\/\\\/charleroi-pourlapalestine.be\\\/index.php\\\/2023\\\/05\\\/31\\\/palestine-le-revolutionnaire-meurt-la-revolution-continue\\\/\"},\"wordCount\":1329,\"publisher\":{\"@id\":\"https:\\\/\\\/charleroi-pourlapalestine.be\\\/#organization\"},\"image\":{\"@id\":\"https:\\\/\\\/charleroi-pourlapalestine.be\\\/index.php\\\/2023\\\/05\\\/31\\\/palestine-le-revolutionnaire-meurt-la-revolution-continue\\\/#primaryimage\"},\"thumbnailUrl\":\"https:\\\/\\\/charleroi-pourlapalestine.be\\\/wp-content\\\/uploads\\\/2023\\\/05\\\/Khader-Adnan-6.jpg\",\"keywords\":[\"Khader Adnan\",\"Louis Brehony\",\"Walid Daqqa\"],\"articleSection\":[\"Autorit\u00e9 palestinienne\",\"D\u00e9tention administrative\",\"Djihad islamique\",\"FPLP\",\"Gr\u00e8ves de la faim\",\"Lutte arm\u00e9e\",\"Oslo\",\"Palestine\",\"Prisonniers\",\"R\u00e9sistance\"],\"inLanguage\":\"fr-FR\"},{\"@type\":\"WebPage\",\"@id\":\"https:\\\/\\\/charleroi-pourlapalestine.be\\\/index.php\\\/2023\\\/05\\\/31\\\/palestine-le-revolutionnaire-meurt-la-revolution-continue\\\/\",\"url\":\"https:\\\/\\\/charleroi-pourlapalestine.be\\\/index.php\\\/2023\\\/05\\\/31\\\/palestine-le-revolutionnaire-meurt-la-revolution-continue\\\/\",\"name\":\"Palestine : le r\u00e9volutionnaire meurt, la r\u00e9volution continue\",\"isPartOf\":{\"@id\":\"https:\\\/\\\/charleroi-pourlapalestine.be\\\/#website\"},\"primaryImageOfPage\":{\"@id\":\"https:\\\/\\\/charleroi-pourlapalestine.be\\\/index.php\\\/2023\\\/05\\\/31\\\/palestine-le-revolutionnaire-meurt-la-revolution-continue\\\/#primaryimage\"},\"image\":{\"@id\":\"https:\\\/\\\/charleroi-pourlapalestine.be\\\/index.php\\\/2023\\\/05\\\/31\\\/palestine-le-revolutionnaire-meurt-la-revolution-continue\\\/#primaryimage\"},\"thumbnailUrl\":\"https:\\\/\\\/charleroi-pourlapalestine.be\\\/wp-content\\\/uploads\\\/2023\\\/05\\\/Khader-Adnan-6.jpg\",\"datePublished\":\"2023-05-31T11:18:08+00:00\",\"dateModified\":\"2023-05-31T11:18:10+00:00\",\"description\":\"L'\u00c9tat sioniste a tu\u00e9 Khader Adnan, faisant de lui le premier prisonnier palestinien \u00e0 mourir en gr\u00e8ve de la faim depuis 1992.L\",\"breadcrumb\":{\"@id\":\"https:\\\/\\\/charleroi-pourlapalestine.be\\\/index.php\\\/2023\\\/05\\\/31\\\/palestine-le-revolutionnaire-meurt-la-revolution-continue\\\/#breadcrumb\"},\"inLanguage\":\"fr-FR\",\"potentialAction\":[{\"@type\":\"ReadAction\",\"target\":[\"https:\\\/\\\/charleroi-pourlapalestine.be\\\/index.php\\\/2023\\\/05\\\/31\\\/palestine-le-revolutionnaire-meurt-la-revolution-continue\\\/\"]}]},{\"@type\":\"ImageObject\",\"inLanguage\":\"fr-FR\",\"@id\":\"https:\\\/\\\/charleroi-pourlapalestine.be\\\/index.php\\\/2023\\\/05\\\/31\\\/palestine-le-revolutionnaire-meurt-la-revolution-continue\\\/#primaryimage\",\"url\":\"https:\\\/\\\/charleroi-pourlapalestine.be\\\/wp-content\\\/uploads\\\/2023\\\/05\\\/Khader-Adnan-6.jpg\",\"contentUrl\":\"https:\\\/\\\/charleroi-pourlapalestine.be\\\/wp-content\\\/uploads\\\/2023\\\/05\\\/Khader-Adnan-6.jpg\",\"width\":550,\"height\":333},{\"@type\":\"BreadcrumbList\",\"@id\":\"https:\\\/\\\/charleroi-pourlapalestine.be\\\/index.php\\\/2023\\\/05\\\/31\\\/palestine-le-revolutionnaire-meurt-la-revolution-continue\\\/#breadcrumb\",\"itemListElement\":[{\"@type\":\"ListItem\",\"position\":1,\"name\":\"Accueil\",\"item\":\"https:\\\/\\\/charleroi-pourlapalestine.be\\\/\"},{\"@type\":\"ListItem\",\"position\":2,\"name\":\"Palestine : le r\u00e9volutionnaire meurt, la r\u00e9volution continue\"}]},{\"@type\":\"WebSite\",\"@id\":\"https:\\\/\\\/charleroi-pourlapalestine.be\\\/#website\",\"url\":\"https:\\\/\\\/charleroi-pourlapalestine.be\\\/\",\"name\":\"Charleroi Pour la Palestine\",\"description\":\"\",\"publisher\":{\"@id\":\"https:\\\/\\\/charleroi-pourlapalestine.be\\\/#organization\"},\"potentialAction\":[{\"@type\":\"SearchAction\",\"target\":{\"@type\":\"EntryPoint\",\"urlTemplate\":\"https:\\\/\\\/charleroi-pourlapalestine.be\\\/?s={search_term_string}\"},\"query-input\":{\"@type\":\"PropertyValueSpecification\",\"valueRequired\":true,\"valueName\":\"search_term_string\"}}],\"inLanguage\":\"fr-FR\"},{\"@type\":\"Organization\",\"@id\":\"https:\\\/\\\/charleroi-pourlapalestine.be\\\/#organization\",\"name\":\"Plate-forme Charleroi-Palestine\",\"url\":\"https:\\\/\\\/charleroi-pourlapalestine.be\\\/\",\"logo\":{\"@type\":\"ImageObject\",\"inLanguage\":\"fr-FR\",\"@id\":\"https:\\\/\\\/charleroi-pourlapalestine.be\\\/#\\\/schema\\\/logo\\\/image\\\/\",\"url\":\"https:\\\/\\\/charleroi-pourlapalestine.be\\\/wp-content\\\/uploads\\\/2020\\\/01\\\/logo-Copy.jpg\",\"contentUrl\":\"https:\\\/\\\/charleroi-pourlapalestine.be\\\/wp-content\\\/uploads\\\/2020\\\/01\\\/logo-Copy.jpg\",\"width\":180,\"height\":180,\"caption\":\"Plate-forme Charleroi-Palestine\"},\"image\":{\"@id\":\"https:\\\/\\\/charleroi-pourlapalestine.be\\\/#\\\/schema\\\/logo\\\/image\\\/\"},\"sameAs\":[\"https:\\\/\\\/www.facebook.com\\\/PlateformeCharleroiPalestine\\\/\",\"https:\\\/\\\/x.com\\\/LaCharleroi\"]},{\"@type\":\"Person\",\"@id\":\"https:\\\/\\\/charleroi-pourlapalestine.be\\\/#\\\/schema\\\/person\\\/c19ff515112f1299d8c12671d8fe3faa\",\"name\":\"admin1873\",\"url\":\"https:\\\/\\\/charleroi-pourlapalestine.be\\\/index.php\\\/author\\\/admin1873\\\/\"}]}<\/script>\n<!-- \/ Yoast SEO plugin. -->","yoast_head_json":{"title":"Palestine : le r\u00e9volutionnaire meurt, la r\u00e9volution continue","description":"L'\u00c9tat sioniste a tu\u00e9 Khader Adnan, faisant de lui le premier prisonnier palestinien \u00e0 mourir en gr\u00e8ve de la faim depuis 1992.L","robots":{"index":"index","follow":"follow","max-snippet":"max-snippet:-1","max-image-preview":"max-image-preview:large","max-video-preview":"max-video-preview:-1"},"canonical":"https:\/\/charleroi-pourlapalestine.be\/index.php\/2023\/05\/31\/palestine-le-revolutionnaire-meurt-la-revolution-continue\/","schema":{"@context":"https:\/\/schema.org","@graph":[{"@type":"Article","@id":"https:\/\/charleroi-pourlapalestine.be\/index.php\/2023\/05\/31\/palestine-le-revolutionnaire-meurt-la-revolution-continue\/#article","isPartOf":{"@id":"https:\/\/charleroi-pourlapalestine.be\/index.php\/2023\/05\/31\/palestine-le-revolutionnaire-meurt-la-revolution-continue\/"},"author":{"name":"admin1873","@id":"https:\/\/charleroi-pourlapalestine.be\/#\/schema\/person\/c19ff515112f1299d8c12671d8fe3faa"},"headline":"Palestine : le r\u00e9volutionnaire meurt, la r\u00e9volution continue","datePublished":"2023-05-31T11:18:08+00:00","dateModified":"2023-05-31T11:18:10+00:00","mainEntityOfPage":{"@id":"https:\/\/charleroi-pourlapalestine.be\/index.php\/2023\/05\/31\/palestine-le-revolutionnaire-meurt-la-revolution-continue\/"},"wordCount":1329,"publisher":{"@id":"https:\/\/charleroi-pourlapalestine.be\/#organization"},"image":{"@id":"https:\/\/charleroi-pourlapalestine.be\/index.php\/2023\/05\/31\/palestine-le-revolutionnaire-meurt-la-revolution-continue\/#primaryimage"},"thumbnailUrl":"https:\/\/charleroi-pourlapalestine.be\/wp-content\/uploads\/2023\/05\/Khader-Adnan-6.jpg","keywords":["Khader Adnan","Louis Brehony","Walid Daqqa"],"articleSection":["Autorit\u00e9 palestinienne","D\u00e9tention administrative","Djihad islamique","FPLP","Gr\u00e8ves de la faim","Lutte arm\u00e9e","Oslo","Palestine","Prisonniers","R\u00e9sistance"],"inLanguage":"fr-FR"},{"@type":"WebPage","@id":"https:\/\/charleroi-pourlapalestine.be\/index.php\/2023\/05\/31\/palestine-le-revolutionnaire-meurt-la-revolution-continue\/","url":"https:\/\/charleroi-pourlapalestine.be\/index.php\/2023\/05\/31\/palestine-le-revolutionnaire-meurt-la-revolution-continue\/","name":"Palestine : le r\u00e9volutionnaire meurt, la r\u00e9volution continue","isPartOf":{"@id":"https:\/\/charleroi-pourlapalestine.be\/#website"},"primaryImageOfPage":{"@id":"https:\/\/charleroi-pourlapalestine.be\/index.php\/2023\/05\/31\/palestine-le-revolutionnaire-meurt-la-revolution-continue\/#primaryimage"},"image":{"@id":"https:\/\/charleroi-pourlapalestine.be\/index.php\/2023\/05\/31\/palestine-le-revolutionnaire-meurt-la-revolution-continue\/#primaryimage"},"thumbnailUrl":"https:\/\/charleroi-pourlapalestine.be\/wp-content\/uploads\/2023\/05\/Khader-Adnan-6.jpg","datePublished":"2023-05-31T11:18:08+00:00","dateModified":"2023-05-31T11:18:10+00:00","description":"L'\u00c9tat sioniste a tu\u00e9 Khader Adnan, faisant de lui le premier prisonnier palestinien \u00e0 mourir en gr\u00e8ve de la faim depuis 1992.L","breadcrumb":{"@id":"https:\/\/charleroi-pourlapalestine.be\/index.php\/2023\/05\/31\/palestine-le-revolutionnaire-meurt-la-revolution-continue\/#breadcrumb"},"inLanguage":"fr-FR","potentialAction":[{"@type":"ReadAction","target":["https:\/\/charleroi-pourlapalestine.be\/index.php\/2023\/05\/31\/palestine-le-revolutionnaire-meurt-la-revolution-continue\/"]}]},{"@type":"ImageObject","inLanguage":"fr-FR","@id":"https:\/\/charleroi-pourlapalestine.be\/index.php\/2023\/05\/31\/palestine-le-revolutionnaire-meurt-la-revolution-continue\/#primaryimage","url":"https:\/\/charleroi-pourlapalestine.be\/wp-content\/uploads\/2023\/05\/Khader-Adnan-6.jpg","contentUrl":"https:\/\/charleroi-pourlapalestine.be\/wp-content\/uploads\/2023\/05\/Khader-Adnan-6.jpg","width":550,"height":333},{"@type":"BreadcrumbList","@id":"https:\/\/charleroi-pourlapalestine.be\/index.php\/2023\/05\/31\/palestine-le-revolutionnaire-meurt-la-revolution-continue\/#breadcrumb","itemListElement":[{"@type":"ListItem","position":1,"name":"Accueil","item":"https:\/\/charleroi-pourlapalestine.be\/"},{"@type":"ListItem","position":2,"name":"Palestine : le r\u00e9volutionnaire meurt, la r\u00e9volution continue"}]},{"@type":"WebSite","@id":"https:\/\/charleroi-pourlapalestine.be\/#website","url":"https:\/\/charleroi-pourlapalestine.be\/","name":"Charleroi Pour la Palestine","description":"","publisher":{"@id":"https:\/\/charleroi-pourlapalestine.be\/#organization"},"potentialAction":[{"@type":"SearchAction","target":{"@type":"EntryPoint","urlTemplate":"https:\/\/charleroi-pourlapalestine.be\/?s={search_term_string}"},"query-input":{"@type":"PropertyValueSpecification","valueRequired":true,"valueName":"search_term_string"}}],"inLanguage":"fr-FR"},{"@type":"Organization","@id":"https:\/\/charleroi-pourlapalestine.be\/#organization","name":"Plate-forme Charleroi-Palestine","url":"https:\/\/charleroi-pourlapalestine.be\/","logo":{"@type":"ImageObject","inLanguage":"fr-FR","@id":"https:\/\/charleroi-pourlapalestine.be\/#\/schema\/logo\/image\/","url":"https:\/\/charleroi-pourlapalestine.be\/wp-content\/uploads\/2020\/01\/logo-Copy.jpg","contentUrl":"https:\/\/charleroi-pourlapalestine.be\/wp-content\/uploads\/2020\/01\/logo-Copy.jpg","width":180,"height":180,"caption":"Plate-forme Charleroi-Palestine"},"image":{"@id":"https:\/\/charleroi-pourlapalestine.be\/#\/schema\/logo\/image\/"},"sameAs":["https:\/\/www.facebook.com\/PlateformeCharleroiPalestine\/","https:\/\/x.com\/LaCharleroi"]},{"@type":"Person","@id":"https:\/\/charleroi-pourlapalestine.be\/#\/schema\/person\/c19ff515112f1299d8c12671d8fe3faa","name":"admin1873","url":"https:\/\/charleroi-pourlapalestine.be\/index.php\/author\/admin1873\/"}]}},"_links":{"self":[{"href":"https:\/\/charleroi-pourlapalestine.be\/index.php\/wp-json\/wp\/v2\/posts\/56612","targetHints":{"allow":["GET"]}}],"collection":[{"href":"https:\/\/charleroi-pourlapalestine.be\/index.php\/wp-json\/wp\/v2\/posts"}],"about":[{"href":"https:\/\/charleroi-pourlapalestine.be\/index.php\/wp-json\/wp\/v2\/types\/post"}],"author":[{"embeddable":true,"href":"https:\/\/charleroi-pourlapalestine.be\/index.php\/wp-json\/wp\/v2\/users\/1"}],"replies":[{"embeddable":true,"href":"https:\/\/charleroi-pourlapalestine.be\/index.php\/wp-json\/wp\/v2\/comments?post=56612"}],"version-history":[{"count":0,"href":"https:\/\/charleroi-pourlapalestine.be\/index.php\/wp-json\/wp\/v2\/posts\/56612\/revisions"}],"wp:featuredmedia":[{"embeddable":true,"href":"https:\/\/charleroi-pourlapalestine.be\/index.php\/wp-json\/wp\/v2\/media\/56616"}],"wp:attachment":[{"href":"https:\/\/charleroi-pourlapalestine.be\/index.php\/wp-json\/wp\/v2\/media?parent=56612"}],"wp:term":[{"taxonomy":"category","embeddable":true,"href":"https:\/\/charleroi-pourlapalestine.be\/index.php\/wp-json\/wp\/v2\/categories?post=56612"},{"taxonomy":"post_tag","embeddable":true,"href":"https:\/\/charleroi-pourlapalestine.be\/index.php\/wp-json\/wp\/v2\/tags?post=56612"}],"curies":[{"name":"wp","href":"https:\/\/api.w.org\/{rel}","templated":true}]}}