{"id":56758,"date":"2023-06-04T21:31:32","date_gmt":"2023-06-04T19:31:32","guid":{"rendered":"https:\/\/charleroi-pourlapalestine.be\/?p=56758"},"modified":"2023-06-04T21:31:33","modified_gmt":"2023-06-04T19:31:33","slug":"le-mouvement-des-prisonniers-palestiniens-demande-la-liberation-de-walid-daqqah-et-intensifie-la-lutte-contre-la-detention-administrative","status":"publish","type":"post","link":"https:\/\/charleroi-pourlapalestine.be\/index.php\/2023\/06\/04\/le-mouvement-des-prisonniers-palestiniens-demande-la-liberation-de-walid-daqqah-et-intensifie-la-lutte-contre-la-detention-administrative\/","title":{"rendered":"Le mouvement des prisonniers palestiniens demande la lib\u00e9ration de Walid Daqqah et intensifie la lutte contre la d\u00e9tention administrative"},"content":{"rendered":"<p><strong>Agissez pour sauver la vie de <a href=\"https:\/\/charleroi-pourlapalestine.be\/index.php\/tag\/walid-daqqa\/\">Walid Daqqah<\/a> et mettre en \u00e9chec la politique sioniste d\u2019assassinat des prisonniers palestiniens par n\u00e9gligence m\u00e9dicale. <\/strong><\/p>\n<p>&nbsp;<\/p>\n<p><img loading=\"lazy\" decoding=\"async\" class=\"alignnone wp-image-56760 size-full\" src=\"https:\/\/charleroi-pourlapalestine.be\/wp-content\/uploads\/2023\/06\/Liberez-Walid-Daqqah.jpg\" alt=\"Lib\u00e9rez Walid Daqqah et tous les prisonniers palestiniens !\" width=\"901\" height=\"617\" srcset=\"https:\/\/charleroi-pourlapalestine.be\/wp-content\/uploads\/2023\/06\/Liberez-Walid-Daqqah.jpg 901w, https:\/\/charleroi-pourlapalestine.be\/wp-content\/uploads\/2023\/06\/Liberez-Walid-Daqqah-300x205.jpg 300w, https:\/\/charleroi-pourlapalestine.be\/wp-content\/uploads\/2023\/06\/Liberez-Walid-Daqqah-768x526.jpg 768w\" sizes=\"auto, (max-width: 901px) 100vw, 901px\" \/><\/p>\n<p>&nbsp;<\/p>\n<p>Dans une nouvelle d\u00e9claration publi\u00e9e par le<strong> <em>Comit\u00e9 sup\u00e9rieur d\u2019urgence du mouvement des prisonniers palestiniens<\/em><\/strong> (l\u2019organe de direction unifi\u00e9 repr\u00e9sentant les prisonniers palestiniens dans les prisons de l\u2019occupation), le mouvement des prisonniers a annonc\u00e9 une intensification de la lutte contre la politique de <a href=\"https:\/\/samidoun.net\/2022\/08\/growing-battle-in-ofer-prison-confronts-administrative-detention-demands-freedom-for-nidal-abu-aker\/\">d\u00e9tention administrative<\/a>, l\u2019emprisonnement sans inculpation ni proc\u00e8s. Les ordres de d\u00e9tention administrative \u00e9tant ind\u00e9finiment renouvelables, les Palestiniens passent r\u00e9guli\u00e8rement des ann\u00e9es en prison sans m\u00eame le pr\u00e9texte d\u2019un proc\u00e8s devant un tribunal militaire sioniste.<\/p>\n<p>En outre, le mouvement des prisonniers a mis en lumi\u00e8re le cas de <strong>Walid Daqqah,<\/strong> combattant de la libert\u00e9 et intellectuel emprisonn\u00e9. Aujourd\u2019hui, il est atteint d\u2019un cancer rare et il est victime de la politique de n\u00e9gligence m\u00e9dicale des autorit\u00e9s isra\u00e9liennes.<\/p>\n<p>Le 31 mai dernier, la demande de lib\u00e9ration de Daqqah a \u00e9t\u00e9 rejet\u00e9e et renvoy\u00e9e \u00e0 un autre comit\u00e9, bien que le rapport m\u00e9dical de l\u2019administration p\u00e9nitentiaire indique qu\u2019il est gravement malade et qu\u2019il ne devrait pas survivre, en particulier s\u2019il n\u2019est pas lib\u00e9r\u00e9 pour recevoir un traitement n\u00e9cessaire.<\/p>\n<p>La prochaine audience pour sa lib\u00e9ration aura lieu le jeudi 18 juin, soit un retard de pr\u00e8s de trois semaines. Daqqah est emprisonn\u00e9 depuis 1986 et sa peine a expir\u00e9 en mars de cette ann\u00e9e ; il est actuellement d\u00e9tenu pour une peine suppl\u00e9mentaire de deux ans pour avoir pr\u00e9tendument cherch\u00e9 \u00e0 introduire clandestinement un t\u00e9l\u00e9phone portable en prison.<\/p>\n<p>Ci-dessous la d\u00e9claration des prisonniers :<\/p>\n<blockquote><p>Au nom de Dieu, le plus gracieux, le plus mis\u00e9ricordieux ;<\/p><\/blockquote>\n<p>&nbsp;<\/p>\n<p><strong>D\u00e9claration publi\u00e9e par le <em>Haut Comit\u00e9 national d\u2019urgence du mouvement des prisonniers palestiniens<\/em> pour annoncer la formation du <em>Comit\u00e9 des prisonniers administratifs.<\/p>\n<p><\/em><\/strong><\/p>\n<blockquote><p>\u00d4 masses de notre grand peuple, \u00d4 peuples libres du monde, salutations palestiniennes.<\/p>\n<p>Par fid\u00e9lit\u00e9 au martyr <a href=\"https:\/\/charleroi-pourlapalestine.be\/index.php\/tag\/khader-adnan\/\"><strong>Khader Adnan,<\/strong><\/a> et en rejet de la politique injuste de d\u00e9tention administrative qui vole la vie des enfants d\u00e9tenus de Palestine, et avec l\u2019augmentation de la fr\u00e9quence de cette d\u00e9tention \u00e0 des niveaux qui sont devenus intol\u00e9rables, portant le nombre de prisonniers administratifs aujourd\u2019hui \u00e0 1 083 d\u00e9tenus dans les prisons de l\u2019occupation ; et pour organiser les rangs des d\u00e9tenus administratifs pour faire face \u00e0 cette politique, il a \u00e9t\u00e9 d\u00e9cid\u00e9 de former un comit\u00e9 sp\u00e9cial pour les prisonniers administratifs \u00e9manant du Haut Comit\u00e9 National d\u2019Urgence. Le Haut Comit\u00e9 a travaill\u00e9, et travaille encore, \u00e0 l\u2019organisation d\u2019un mouvement de lutte contre la d\u00e9tention administrative, dont le point culminant est une gr\u00e8ve de la faim collective ouverte, dont la date et le nombre de participants seront annonc\u00e9s dans les prochains jours.<\/p>\n<p>\u00c0 notre peuple h\u00e9ro\u00efque, avec l\u2019annonce imminente de la gr\u00e8ve du mouvement des prisonniers pour faire face \u00e0 la d\u00e9tention administrative, nous soulignons ce qui suit :<\/p>\n<p>Premi\u00e8rement, votre soutien \u00e0 cette gr\u00e8ve est une victoire pour le martyr Khader Adnan, et il tire la sonnette d\u2019alarme afin de ne pas r\u00e9p\u00e9ter le crime d\u2019ex\u00e9cution contre tout prisonnier en gr\u00e8ve de la faim.<\/p>\n<p>Deuxi\u00e8mement, toutes les institutions juridiques, des droits de l\u2019homme et des m\u00e9dias \u00e0 l\u2019int\u00e9rieur et \u00e0 l\u2019ext\u00e9rieur de la Palestine doivent assumer leur responsabilit\u00e9 en s\u2019opposant \u00e0 cette d\u00e9tention injuste et en soutenant les d\u00e9tenus administratifs dans leur lutte contre cette politique criminelle.<\/p>\n<p>Troisi\u00e8mement, \u00e0 la lumi\u00e8re de la d\u00e9t\u00e9rioration brutale de la sant\u00e9 de l\u2019intellectuel emprisonn\u00e9 <strong>Walid Daqqah<\/strong> et du refus de l\u2019administration p\u00e9nitentiaire de l\u2019occupation de le lib\u00e9rer, nous appelons notre peuple et tous les peuples libres du monde \u00e0 lancer la plus grande campagne de solidarit\u00e9 avec notre prisonnier h\u00e9ro\u00efque Walid Daqqah, et \u00e0 faire pression sur l\u2019occupation pour qu\u2019elle le lib\u00e8re avant qu\u2019il ne soit trop tard.<\/p>\n<p><strong>Gloire aux martyrs, libert\u00e9 aux prisonniers et gu\u00e9rison aux bless\u00e9s.<\/strong><\/p>\n<p><strong><br \/>\nVictoire pour notre peuple et notre nation<\/strong><\/p>\n<p><em>Le Haut Comit\u00e9 national d\u2019urgence pour le mouvement des prisonniers palestiniens<\/em><\/p>\n<p><em>Dimanche 15 Dhul Qi\u2019dah 1444 de l\u2019H\u00e9gire<\/em><br \/>\n<em>Correspondant au 4 juin 2023 AD<\/em><\/p><\/blockquote>\n<p>Cette d\u00e9claration a \u00e9t\u00e9 faite alors que le<strong> <em>Comit\u00e9 des prisonniers des Forces nationales et islamiques palestiniennes<\/em> <\/strong>a ouvert une tente de solidarit\u00e9 dans la ville de <strong>Gaza, d<\/strong>evant le si\u00e8ge du <em>Comit\u00e9 international de la Croix-Rouge<\/em>, <strong>en soutien \u00e0 Walid Daqqah<\/strong> et pour exiger sa lib\u00e9ration imm\u00e9diate. Il s\u2019agit de la derni\u00e8re d\u2019une s\u00e9rie d\u2019actions men\u00e9es dans toute la Palestine occup\u00e9e, de Gaza \u00e0 Ramallah, en passant par al-Khalil et Baqa\u2019a al-Gharbiyeh, la ville natale de Daqqah en Palestine de 48.<\/p>\n<p>&nbsp;<\/p>\n<p><a href=\"https:\/\/i0.wp.com\/samidoun.net\/site\/wp-content\/uploads\/2023\/06\/16Bv3.jpg?ssl=1\"><img loading=\"lazy\" decoding=\"async\" class=\"aligncenter size-full wp-image-57635\" src=\"https:\/\/i0.wp.com\/samidoun.net\/site\/wp-content\/uploads\/2023\/06\/16Bv3.jpg?resize=1200%2C900&amp;ssl=1\" sizes=\"auto, (max-width: 1200px) 100vw, 1200px\" srcset=\"https:\/\/i0.wp.com\/samidoun.net\/site\/wp-content\/uploads\/2023\/06\/16Bv3.jpg?w=1600&amp;ssl=1 1600w, https:\/\/i0.wp.com\/samidoun.net\/site\/wp-content\/uploads\/2023\/06\/16Bv3.jpg?resize=250%2C188&amp;ssl=1 250w, https:\/\/i0.wp.com\/samidoun.net\/site\/wp-content\/uploads\/2023\/06\/16Bv3.jpg?resize=300%2C225&amp;ssl=1 300w, https:\/\/i0.wp.com\/samidoun.net\/site\/wp-content\/uploads\/2023\/06\/16Bv3.jpg?resize=1024%2C768&amp;ssl=1 1024w\" alt=\"\" data-recalc-dims=\"1\" width=\"1200\" height=\"900\"><\/a><br \/>\nLa femme de Daqqah,<strong> Sana Salameh<\/strong>, et leur fille <strong>Milad<\/strong> \u2013 con\u00e7ue gr\u00e2ce \u00e0 du sperme sorti clandestinement de prison \u2013 ont particip\u00e9 \u00e0 des \u00e9v\u00e9nements et \u00e0 des actions dans toute la Palestine, faisant campagne sans rel\u00e2che pour la lib\u00e9ration de leur mari et de leur p\u00e8re. Par ailleurs, Sana Salameh a \u00e9galement particip\u00e9 \u00e0 un <strong>webinaire<\/strong> organis\u00e9 par <em>Samidoun<\/em>,<em> Masar Badil<\/em> et <em>Alkarama<\/em>.<\/p>\n<p>Vendredi 2 juin \u00e0 Toulouse, le <em>Collectif Palestine Vaincra <\/em>(membre du r\u00e9seau <em>Samidoun<\/em>) a tenu <a href=\"https:\/\/samidoun.net\/fr\/2023\/06\/la-mobilisation-se-developpe-pour-la-liberation-de-walid-daqqah-a-toulouse\/\">un stand Palestine en soutien \u00e0 Daqqah<\/a>. De son c\u00f4t\u00e9, <em>Samidoun Vancouver<\/em> a organis\u00e9 <a href=\"https:\/\/samidoun.net\/2023\/06\/vancouver-action-calls-for-freedom-for-walid-daqqah-demands-scotiabank-shutelbitdown\/\">une action de solidarit\u00e9<\/a> avec plusieurs organisations communautaires le samedi 3 juin.<\/p>\n<figure id=\"attachment_57625\" class=\"wp-caption aligncenter\" aria-describedby=\"caption-attachment-57625\"><a href=\"https:\/\/i0.wp.com\/samidoun.net\/site\/wp-content\/uploads\/2023\/06\/DSCF3532-Large.jpg?ssl=1\"><img loading=\"lazy\" decoding=\"async\" class=\"size-full wp-image-57625\" src=\"https:\/\/i0.wp.com\/samidoun.net\/site\/wp-content\/uploads\/2023\/06\/DSCF3532-Large.jpg?resize=1200%2C800&amp;ssl=1\" sizes=\"auto, (max-width: 1200px) 100vw, 1200px\" srcset=\"https:\/\/i0.wp.com\/samidoun.net\/site\/wp-content\/uploads\/2023\/06\/DSCF3532-Large.jpg?w=1620&amp;ssl=1 1620w, https:\/\/i0.wp.com\/samidoun.net\/site\/wp-content\/uploads\/2023\/06\/DSCF3532-Large.jpg?resize=250%2C167&amp;ssl=1 250w, https:\/\/i0.wp.com\/samidoun.net\/site\/wp-content\/uploads\/2023\/06\/DSCF3532-Large.jpg?resize=300%2C200&amp;ssl=1 300w, https:\/\/i0.wp.com\/samidoun.net\/site\/wp-content\/uploads\/2023\/06\/DSCF3532-Large.jpg?resize=1024%2C683&amp;ssl=1 1024w\" alt=\"\" data-recalc-dims=\"1\" width=\"1200\" height=\"800\"><\/a><figcaption id=\"caption-attachment-57625\" class=\"wp-caption-text\">Photos: Michael Y.C. Tseng<\/figcaption><\/figure>\n<p><strong>Agissez pour sauver la vie de Walid Daqqah et mettre en \u00e9chec la politique sioniste d\u2019assassinat par n\u00e9gligence m\u00e9dicale. Nous appelons les communaut\u00e9s palestiniennes du monde entier et les sympathisants de la Palestine \u00e0 inclure la campagne pour la lib\u00e9ration de Walid Daqqah dans vos \u00e9v\u00e9nements et activit\u00e9s pour la Palestine et \u00e0 organiser des actions et des \u00e9v\u00e9nements pour exiger sa lib\u00e9ration imm\u00e9diate et celle de tous les prisonniers palestiniens. <a href=\"https:\/\/samidoun.net\/site\/wp-content\/uploads\/2023\/03\/Walid-Daqqah-A3-3.pdf\">Utilisez cette affiche<\/a> pour vos actions et campagnes, et envoyez-nous vos photos sur <a href=\"https:\/\/facebook.com\/SamidounPrisonerSolidarity\">Facebook<\/a>, <a href=\"https:\/\/instagram.com\/samidounnetwork\">Instagram<\/a> et <a href=\"https:\/\/twitter.com\/SamidounPP\">Twitter<\/a> ou par courriel \u00e0 <a href=\"mailto:samidoun@samidoun.net\">samidoun@samidoun.net<\/a>.<\/strong><\/p>\n<div class=\"wp-block-wptelegram-widget-join-channel aligncenter\" style=\"text-align: center;\">******<\/div>\n<div>Publi\u00e9 le 4 juin 2023 sur <a href=\"https:\/\/samidoun.net\/fr\/2023\/06\/le-mouvement-des-prisonniers-palestiniens-demande-la-liberation-de-walid-daqqah-et-intensifie-la-lutte-contre-la-detention-administrative\/\" target=\"_blank\" rel=\"noopener\"><strong>Samidoun<\/strong><\/a><\/div>\n<p>&nbsp;<\/p>\n","protected":false},"excerpt":{"rendered":"<p>Agissez pour sauver la vie de Walid Daqqah et mettre en \u00e9chec la politique d\u2019assassinat par n\u00e9gligence m\u00e9dicale des prisonniers palestiniens<\/p>\n","protected":false},"author":1,"featured_media":56760,"comment_status":"closed","ping_status":"closed","sticky":false,"template":"","format":"standard","meta":{"ngg_post_thumbnail":0,"footnotes":""},"categories":[388,192,13,25],"tags":[869,865],"class_list":["post-56758","post","type-post","status-publish","format-standard","has-post-thumbnail","hentry","category-negligences-medicales","category-palestine","category-les-prisionners-palestiniens","category-la-resistance-palestinienne","tag-khader-adnan","tag-walid-daqqa"],"yoast_head":"<!-- This site is optimized with the Yoast SEO plugin v27.3 - https:\/\/yoast.com\/product\/yoast-seo-wordpress\/ -->\n<title>Le mouvement des prisonniers palestiniens demande la lib\u00e9ration de Walid Daqqah et intensifie la lutte contre la d\u00e9tention administrative<\/title>\n<meta name=\"description\" content=\"Agissez pour sauver la vie de Walid Daqqah et mettre en \u00e9chec la politique d\u2019assassinat par n\u00e9gligence m\u00e9dicale des prisonniers palestiniens\" \/>\n<meta name=\"robots\" content=\"index, follow, max-snippet:-1, max-image-preview:large, max-video-preview:-1\" \/>\n<link rel=\"canonical\" href=\"https:\/\/charleroi-pourlapalestine.be\/index.php\/2023\/06\/04\/le-mouvement-des-prisonniers-palestiniens-demande-la-liberation-de-walid-daqqah-et-intensifie-la-lutte-contre-la-detention-administrative\/\" \/>\n<script type=\"application\/ld+json\" class=\"yoast-schema-graph\">{\"@context\":\"https:\\\/\\\/schema.org\",\"@graph\":[{\"@type\":\"Article\",\"@id\":\"https:\\\/\\\/charleroi-pourlapalestine.be\\\/index.php\\\/2023\\\/06\\\/04\\\/le-mouvement-des-prisonniers-palestiniens-demande-la-liberation-de-walid-daqqah-et-intensifie-la-lutte-contre-la-detention-administrative\\\/#article\",\"isPartOf\":{\"@id\":\"https:\\\/\\\/charleroi-pourlapalestine.be\\\/index.php\\\/2023\\\/06\\\/04\\\/le-mouvement-des-prisonniers-palestiniens-demande-la-liberation-de-walid-daqqah-et-intensifie-la-lutte-contre-la-detention-administrative\\\/\"},\"author\":{\"name\":\"admin1873\",\"@id\":\"https:\\\/\\\/charleroi-pourlapalestine.be\\\/#\\\/schema\\\/person\\\/c19ff515112f1299d8c12671d8fe3faa\"},\"headline\":\"Le mouvement des prisonniers palestiniens demande la lib\u00e9ration de Walid Daqqah et intensifie la lutte contre la d\u00e9tention administrative\",\"datePublished\":\"2023-06-04T19:31:32+00:00\",\"dateModified\":\"2023-06-04T19:31:33+00:00\",\"mainEntityOfPage\":{\"@id\":\"https:\\\/\\\/charleroi-pourlapalestine.be\\\/index.php\\\/2023\\\/06\\\/04\\\/le-mouvement-des-prisonniers-palestiniens-demande-la-liberation-de-walid-daqqah-et-intensifie-la-lutte-contre-la-detention-administrative\\\/\"},\"wordCount\":1070,\"publisher\":{\"@id\":\"https:\\\/\\\/charleroi-pourlapalestine.be\\\/#organization\"},\"image\":{\"@id\":\"https:\\\/\\\/charleroi-pourlapalestine.be\\\/index.php\\\/2023\\\/06\\\/04\\\/le-mouvement-des-prisonniers-palestiniens-demande-la-liberation-de-walid-daqqah-et-intensifie-la-lutte-contre-la-detention-administrative\\\/#primaryimage\"},\"thumbnailUrl\":\"https:\\\/\\\/charleroi-pourlapalestine.be\\\/wp-content\\\/uploads\\\/2023\\\/06\\\/Liberez-Walid-Daqqah.jpg\",\"keywords\":[\"Khader Adnan\",\"Walid Daqqa\"],\"articleSection\":[\"N\u00e9gligences m\u00e9dicales\",\"Palestine\",\"Prisonniers\",\"R\u00e9sistance\"],\"inLanguage\":\"fr-FR\"},{\"@type\":\"WebPage\",\"@id\":\"https:\\\/\\\/charleroi-pourlapalestine.be\\\/index.php\\\/2023\\\/06\\\/04\\\/le-mouvement-des-prisonniers-palestiniens-demande-la-liberation-de-walid-daqqah-et-intensifie-la-lutte-contre-la-detention-administrative\\\/\",\"url\":\"https:\\\/\\\/charleroi-pourlapalestine.be\\\/index.php\\\/2023\\\/06\\\/04\\\/le-mouvement-des-prisonniers-palestiniens-demande-la-liberation-de-walid-daqqah-et-intensifie-la-lutte-contre-la-detention-administrative\\\/\",\"name\":\"Le mouvement des prisonniers palestiniens demande la lib\u00e9ration de Walid Daqqah et intensifie la lutte contre la d\u00e9tention administrative\",\"isPartOf\":{\"@id\":\"https:\\\/\\\/charleroi-pourlapalestine.be\\\/#website\"},\"primaryImageOfPage\":{\"@id\":\"https:\\\/\\\/charleroi-pourlapalestine.be\\\/index.php\\\/2023\\\/06\\\/04\\\/le-mouvement-des-prisonniers-palestiniens-demande-la-liberation-de-walid-daqqah-et-intensifie-la-lutte-contre-la-detention-administrative\\\/#primaryimage\"},\"image\":{\"@id\":\"https:\\\/\\\/charleroi-pourlapalestine.be\\\/index.php\\\/2023\\\/06\\\/04\\\/le-mouvement-des-prisonniers-palestiniens-demande-la-liberation-de-walid-daqqah-et-intensifie-la-lutte-contre-la-detention-administrative\\\/#primaryimage\"},\"thumbnailUrl\":\"https:\\\/\\\/charleroi-pourlapalestine.be\\\/wp-content\\\/uploads\\\/2023\\\/06\\\/Liberez-Walid-Daqqah.jpg\",\"datePublished\":\"2023-06-04T19:31:32+00:00\",\"dateModified\":\"2023-06-04T19:31:33+00:00\",\"description\":\"Agissez pour sauver la vie de Walid Daqqah et mettre en \u00e9chec la politique d\u2019assassinat par n\u00e9gligence m\u00e9dicale des prisonniers palestiniens\",\"breadcrumb\":{\"@id\":\"https:\\\/\\\/charleroi-pourlapalestine.be\\\/index.php\\\/2023\\\/06\\\/04\\\/le-mouvement-des-prisonniers-palestiniens-demande-la-liberation-de-walid-daqqah-et-intensifie-la-lutte-contre-la-detention-administrative\\\/#breadcrumb\"},\"inLanguage\":\"fr-FR\",\"potentialAction\":[{\"@type\":\"ReadAction\",\"target\":[\"https:\\\/\\\/charleroi-pourlapalestine.be\\\/index.php\\\/2023\\\/06\\\/04\\\/le-mouvement-des-prisonniers-palestiniens-demande-la-liberation-de-walid-daqqah-et-intensifie-la-lutte-contre-la-detention-administrative\\\/\"]}]},{\"@type\":\"ImageObject\",\"inLanguage\":\"fr-FR\",\"@id\":\"https:\\\/\\\/charleroi-pourlapalestine.be\\\/index.php\\\/2023\\\/06\\\/04\\\/le-mouvement-des-prisonniers-palestiniens-demande-la-liberation-de-walid-daqqah-et-intensifie-la-lutte-contre-la-detention-administrative\\\/#primaryimage\",\"url\":\"https:\\\/\\\/charleroi-pourlapalestine.be\\\/wp-content\\\/uploads\\\/2023\\\/06\\\/Liberez-Walid-Daqqah.jpg\",\"contentUrl\":\"https:\\\/\\\/charleroi-pourlapalestine.be\\\/wp-content\\\/uploads\\\/2023\\\/06\\\/Liberez-Walid-Daqqah.jpg\",\"width\":901,\"height\":617},{\"@type\":\"BreadcrumbList\",\"@id\":\"https:\\\/\\\/charleroi-pourlapalestine.be\\\/index.php\\\/2023\\\/06\\\/04\\\/le-mouvement-des-prisonniers-palestiniens-demande-la-liberation-de-walid-daqqah-et-intensifie-la-lutte-contre-la-detention-administrative\\\/#breadcrumb\",\"itemListElement\":[{\"@type\":\"ListItem\",\"position\":1,\"name\":\"Accueil\",\"item\":\"https:\\\/\\\/charleroi-pourlapalestine.be\\\/\"},{\"@type\":\"ListItem\",\"position\":2,\"name\":\"Le mouvement des prisonniers palestiniens demande la lib\u00e9ration de Walid Daqqah et intensifie la lutte contre la d\u00e9tention administrative\"}]},{\"@type\":\"WebSite\",\"@id\":\"https:\\\/\\\/charleroi-pourlapalestine.be\\\/#website\",\"url\":\"https:\\\/\\\/charleroi-pourlapalestine.be\\\/\",\"name\":\"Charleroi Pour la Palestine\",\"description\":\"\",\"publisher\":{\"@id\":\"https:\\\/\\\/charleroi-pourlapalestine.be\\\/#organization\"},\"potentialAction\":[{\"@type\":\"SearchAction\",\"target\":{\"@type\":\"EntryPoint\",\"urlTemplate\":\"https:\\\/\\\/charleroi-pourlapalestine.be\\\/?s={search_term_string}\"},\"query-input\":{\"@type\":\"PropertyValueSpecification\",\"valueRequired\":true,\"valueName\":\"search_term_string\"}}],\"inLanguage\":\"fr-FR\"},{\"@type\":\"Organization\",\"@id\":\"https:\\\/\\\/charleroi-pourlapalestine.be\\\/#organization\",\"name\":\"Plate-forme Charleroi-Palestine\",\"url\":\"https:\\\/\\\/charleroi-pourlapalestine.be\\\/\",\"logo\":{\"@type\":\"ImageObject\",\"inLanguage\":\"fr-FR\",\"@id\":\"https:\\\/\\\/charleroi-pourlapalestine.be\\\/#\\\/schema\\\/logo\\\/image\\\/\",\"url\":\"https:\\\/\\\/charleroi-pourlapalestine.be\\\/wp-content\\\/uploads\\\/2020\\\/01\\\/logo-Copy.jpg\",\"contentUrl\":\"https:\\\/\\\/charleroi-pourlapalestine.be\\\/wp-content\\\/uploads\\\/2020\\\/01\\\/logo-Copy.jpg\",\"width\":180,\"height\":180,\"caption\":\"Plate-forme Charleroi-Palestine\"},\"image\":{\"@id\":\"https:\\\/\\\/charleroi-pourlapalestine.be\\\/#\\\/schema\\\/logo\\\/image\\\/\"},\"sameAs\":[\"https:\\\/\\\/www.facebook.com\\\/PlateformeCharleroiPalestine\\\/\",\"https:\\\/\\\/x.com\\\/LaCharleroi\"]},{\"@type\":\"Person\",\"@id\":\"https:\\\/\\\/charleroi-pourlapalestine.be\\\/#\\\/schema\\\/person\\\/c19ff515112f1299d8c12671d8fe3faa\",\"name\":\"admin1873\",\"url\":\"https:\\\/\\\/charleroi-pourlapalestine.be\\\/index.php\\\/author\\\/admin1873\\\/\"}]}<\/script>\n<!-- \/ Yoast SEO plugin. -->","yoast_head_json":{"title":"Le mouvement des prisonniers palestiniens demande la lib\u00e9ration de Walid Daqqah et intensifie la lutte contre la d\u00e9tention administrative","description":"Agissez pour sauver la vie de Walid Daqqah et mettre en \u00e9chec la politique d\u2019assassinat par n\u00e9gligence m\u00e9dicale des prisonniers palestiniens","robots":{"index":"index","follow":"follow","max-snippet":"max-snippet:-1","max-image-preview":"max-image-preview:large","max-video-preview":"max-video-preview:-1"},"canonical":"https:\/\/charleroi-pourlapalestine.be\/index.php\/2023\/06\/04\/le-mouvement-des-prisonniers-palestiniens-demande-la-liberation-de-walid-daqqah-et-intensifie-la-lutte-contre-la-detention-administrative\/","schema":{"@context":"https:\/\/schema.org","@graph":[{"@type":"Article","@id":"https:\/\/charleroi-pourlapalestine.be\/index.php\/2023\/06\/04\/le-mouvement-des-prisonniers-palestiniens-demande-la-liberation-de-walid-daqqah-et-intensifie-la-lutte-contre-la-detention-administrative\/#article","isPartOf":{"@id":"https:\/\/charleroi-pourlapalestine.be\/index.php\/2023\/06\/04\/le-mouvement-des-prisonniers-palestiniens-demande-la-liberation-de-walid-daqqah-et-intensifie-la-lutte-contre-la-detention-administrative\/"},"author":{"name":"admin1873","@id":"https:\/\/charleroi-pourlapalestine.be\/#\/schema\/person\/c19ff515112f1299d8c12671d8fe3faa"},"headline":"Le mouvement des prisonniers palestiniens demande la lib\u00e9ration de Walid Daqqah et intensifie la lutte contre la d\u00e9tention administrative","datePublished":"2023-06-04T19:31:32+00:00","dateModified":"2023-06-04T19:31:33+00:00","mainEntityOfPage":{"@id":"https:\/\/charleroi-pourlapalestine.be\/index.php\/2023\/06\/04\/le-mouvement-des-prisonniers-palestiniens-demande-la-liberation-de-walid-daqqah-et-intensifie-la-lutte-contre-la-detention-administrative\/"},"wordCount":1070,"publisher":{"@id":"https:\/\/charleroi-pourlapalestine.be\/#organization"},"image":{"@id":"https:\/\/charleroi-pourlapalestine.be\/index.php\/2023\/06\/04\/le-mouvement-des-prisonniers-palestiniens-demande-la-liberation-de-walid-daqqah-et-intensifie-la-lutte-contre-la-detention-administrative\/#primaryimage"},"thumbnailUrl":"https:\/\/charleroi-pourlapalestine.be\/wp-content\/uploads\/2023\/06\/Liberez-Walid-Daqqah.jpg","keywords":["Khader Adnan","Walid Daqqa"],"articleSection":["N\u00e9gligences m\u00e9dicales","Palestine","Prisonniers","R\u00e9sistance"],"inLanguage":"fr-FR"},{"@type":"WebPage","@id":"https:\/\/charleroi-pourlapalestine.be\/index.php\/2023\/06\/04\/le-mouvement-des-prisonniers-palestiniens-demande-la-liberation-de-walid-daqqah-et-intensifie-la-lutte-contre-la-detention-administrative\/","url":"https:\/\/charleroi-pourlapalestine.be\/index.php\/2023\/06\/04\/le-mouvement-des-prisonniers-palestiniens-demande-la-liberation-de-walid-daqqah-et-intensifie-la-lutte-contre-la-detention-administrative\/","name":"Le mouvement des prisonniers palestiniens demande la lib\u00e9ration de Walid Daqqah et intensifie la lutte contre la d\u00e9tention administrative","isPartOf":{"@id":"https:\/\/charleroi-pourlapalestine.be\/#website"},"primaryImageOfPage":{"@id":"https:\/\/charleroi-pourlapalestine.be\/index.php\/2023\/06\/04\/le-mouvement-des-prisonniers-palestiniens-demande-la-liberation-de-walid-daqqah-et-intensifie-la-lutte-contre-la-detention-administrative\/#primaryimage"},"image":{"@id":"https:\/\/charleroi-pourlapalestine.be\/index.php\/2023\/06\/04\/le-mouvement-des-prisonniers-palestiniens-demande-la-liberation-de-walid-daqqah-et-intensifie-la-lutte-contre-la-detention-administrative\/#primaryimage"},"thumbnailUrl":"https:\/\/charleroi-pourlapalestine.be\/wp-content\/uploads\/2023\/06\/Liberez-Walid-Daqqah.jpg","datePublished":"2023-06-04T19:31:32+00:00","dateModified":"2023-06-04T19:31:33+00:00","description":"Agissez pour sauver la vie de Walid Daqqah et mettre en \u00e9chec la politique d\u2019assassinat par n\u00e9gligence m\u00e9dicale des prisonniers palestiniens","breadcrumb":{"@id":"https:\/\/charleroi-pourlapalestine.be\/index.php\/2023\/06\/04\/le-mouvement-des-prisonniers-palestiniens-demande-la-liberation-de-walid-daqqah-et-intensifie-la-lutte-contre-la-detention-administrative\/#breadcrumb"},"inLanguage":"fr-FR","potentialAction":[{"@type":"ReadAction","target":["https:\/\/charleroi-pourlapalestine.be\/index.php\/2023\/06\/04\/le-mouvement-des-prisonniers-palestiniens-demande-la-liberation-de-walid-daqqah-et-intensifie-la-lutte-contre-la-detention-administrative\/"]}]},{"@type":"ImageObject","inLanguage":"fr-FR","@id":"https:\/\/charleroi-pourlapalestine.be\/index.php\/2023\/06\/04\/le-mouvement-des-prisonniers-palestiniens-demande-la-liberation-de-walid-daqqah-et-intensifie-la-lutte-contre-la-detention-administrative\/#primaryimage","url":"https:\/\/charleroi-pourlapalestine.be\/wp-content\/uploads\/2023\/06\/Liberez-Walid-Daqqah.jpg","contentUrl":"https:\/\/charleroi-pourlapalestine.be\/wp-content\/uploads\/2023\/06\/Liberez-Walid-Daqqah.jpg","width":901,"height":617},{"@type":"BreadcrumbList","@id":"https:\/\/charleroi-pourlapalestine.be\/index.php\/2023\/06\/04\/le-mouvement-des-prisonniers-palestiniens-demande-la-liberation-de-walid-daqqah-et-intensifie-la-lutte-contre-la-detention-administrative\/#breadcrumb","itemListElement":[{"@type":"ListItem","position":1,"name":"Accueil","item":"https:\/\/charleroi-pourlapalestine.be\/"},{"@type":"ListItem","position":2,"name":"Le mouvement des prisonniers palestiniens demande la lib\u00e9ration de Walid Daqqah et intensifie la lutte contre la d\u00e9tention administrative"}]},{"@type":"WebSite","@id":"https:\/\/charleroi-pourlapalestine.be\/#website","url":"https:\/\/charleroi-pourlapalestine.be\/","name":"Charleroi Pour la Palestine","description":"","publisher":{"@id":"https:\/\/charleroi-pourlapalestine.be\/#organization"},"potentialAction":[{"@type":"SearchAction","target":{"@type":"EntryPoint","urlTemplate":"https:\/\/charleroi-pourlapalestine.be\/?s={search_term_string}"},"query-input":{"@type":"PropertyValueSpecification","valueRequired":true,"valueName":"search_term_string"}}],"inLanguage":"fr-FR"},{"@type":"Organization","@id":"https:\/\/charleroi-pourlapalestine.be\/#organization","name":"Plate-forme Charleroi-Palestine","url":"https:\/\/charleroi-pourlapalestine.be\/","logo":{"@type":"ImageObject","inLanguage":"fr-FR","@id":"https:\/\/charleroi-pourlapalestine.be\/#\/schema\/logo\/image\/","url":"https:\/\/charleroi-pourlapalestine.be\/wp-content\/uploads\/2020\/01\/logo-Copy.jpg","contentUrl":"https:\/\/charleroi-pourlapalestine.be\/wp-content\/uploads\/2020\/01\/logo-Copy.jpg","width":180,"height":180,"caption":"Plate-forme Charleroi-Palestine"},"image":{"@id":"https:\/\/charleroi-pourlapalestine.be\/#\/schema\/logo\/image\/"},"sameAs":["https:\/\/www.facebook.com\/PlateformeCharleroiPalestine\/","https:\/\/x.com\/LaCharleroi"]},{"@type":"Person","@id":"https:\/\/charleroi-pourlapalestine.be\/#\/schema\/person\/c19ff515112f1299d8c12671d8fe3faa","name":"admin1873","url":"https:\/\/charleroi-pourlapalestine.be\/index.php\/author\/admin1873\/"}]}},"_links":{"self":[{"href":"https:\/\/charleroi-pourlapalestine.be\/index.php\/wp-json\/wp\/v2\/posts\/56758","targetHints":{"allow":["GET"]}}],"collection":[{"href":"https:\/\/charleroi-pourlapalestine.be\/index.php\/wp-json\/wp\/v2\/posts"}],"about":[{"href":"https:\/\/charleroi-pourlapalestine.be\/index.php\/wp-json\/wp\/v2\/types\/post"}],"author":[{"embeddable":true,"href":"https:\/\/charleroi-pourlapalestine.be\/index.php\/wp-json\/wp\/v2\/users\/1"}],"replies":[{"embeddable":true,"href":"https:\/\/charleroi-pourlapalestine.be\/index.php\/wp-json\/wp\/v2\/comments?post=56758"}],"version-history":[{"count":0,"href":"https:\/\/charleroi-pourlapalestine.be\/index.php\/wp-json\/wp\/v2\/posts\/56758\/revisions"}],"wp:featuredmedia":[{"embeddable":true,"href":"https:\/\/charleroi-pourlapalestine.be\/index.php\/wp-json\/wp\/v2\/media\/56760"}],"wp:attachment":[{"href":"https:\/\/charleroi-pourlapalestine.be\/index.php\/wp-json\/wp\/v2\/media?parent=56758"}],"wp:term":[{"taxonomy":"category","embeddable":true,"href":"https:\/\/charleroi-pourlapalestine.be\/index.php\/wp-json\/wp\/v2\/categories?post=56758"},{"taxonomy":"post_tag","embeddable":true,"href":"https:\/\/charleroi-pourlapalestine.be\/index.php\/wp-json\/wp\/v2\/tags?post=56758"}],"curies":[{"name":"wp","href":"https:\/\/api.w.org\/{rel}","templated":true}]}}