{"id":57568,"date":"2023-06-28T03:03:02","date_gmt":"2023-06-28T01:03:02","guid":{"rendered":"https:\/\/charleroi-pourlapalestine.be\/?p=57568"},"modified":"2023-06-29T12:17:18","modified_gmt":"2023-06-29T10:17:18","slug":"palestine-action-quatre-activistes-condamnes-a-des-peines-de-prison","status":"publish","type":"post","link":"https:\/\/charleroi-pourlapalestine.be\/index.php\/2023\/06\/28\/palestine-action-quatre-activistes-condamnes-a-des-peines-de-prison\/","title":{"rendered":"Palestine Action : Quatre activistes condamn\u00e9s \u00e0 des peines de prison"},"content":{"rendered":"<p>Au tribunal de Mold Crown, le juge Rowlands a inflig\u00e9 23 mois de prison \u00e0 trois activistes et 27 mois \u00e0 une autre apr\u00e8s avoir accus\u00e9 les quatre de<strong><em> \u00ab conspiration en vue de commettre des d\u00e9g\u00e2ts criminels \u00bb<\/em><\/strong> dans une usine d\u2019armes am\u00e9ricaine install\u00e9e au pays de Galles, <strong>Teledyne Labtech<\/strong>.<\/p>\n<p>&nbsp;<\/p>\n<div id=\"attachment_57572\" style=\"width: 892px\" class=\"wp-caption aligncenter\"><img loading=\"lazy\" decoding=\"async\" aria-describedby=\"caption-attachment-57572\" class=\"wp-image-57572 size-full\" src=\"https:\/\/charleroi-pourlapalestine.be\/wp-content\/uploads\/2023\/06\/Palestine-Action-2.jpg\" alt=\"Des activistes occupent le toit de Teledyne Labtech\" width=\"882\" height=\"590\"><p id=\"caption-attachment-57572\" class=\"wp-caption-text\">Photo : Palestine Action<\/p><\/div>\n<p>&nbsp;<\/p>\n<p><a href=\"https:\/\/charleroi-pourlapalestine.be\/index.php\/2023\/04\/13\/palestine-action-pourquoi-nous-assiegeons-une-usine-darmement-israelienne\/\"><strong>Palestine Action<\/strong><\/a>, 26 juin 2023<\/p>\n<p>L\u2019action, qui avait eu lieu le 9 d\u00e9cembre 2022, avait vu deux des quatre inculp\u00e9s d\u00e9truire des \u00e9quipements militaires \u00e0 l\u2019int\u00e9rieur de l\u2019usine pendant que les autres occupaient le toit.(1)<\/p>\n<p>En tout, on suppose que les quatre activistes ont endommag\u00e9 pour plus de 1,2 million de \u00a3 d\u2019\u00e9quipements appartenant \u00e0 la firme, ce qui a grandement perturb\u00e9 sa production d\u2019armes.<\/p>\n<p>La moiti\u00e9 des sentences sont cens\u00e9es \u00eatre purg\u00e9es en prison, o\u00f9 ils ont pass\u00e9 sept mois, \u00e0 ce jour, puisqu\u2019ils sont emprisonn\u00e9s depuis le jour m\u00eame de l\u2019action.<\/p>\n<p>Trois des activistes, qui ont \u00e9cop\u00e9 de sentences de 23 mois, ont plaid\u00e9 coupable lors du proc\u00e8s, sous les pressions d\u2019une sentence \u00e9ventuellement plus s\u00e9v\u00e8re s\u2019ils voulaient aller plus loin.<\/p>\n<p>La quatri\u00e8me, Ruth Hogg, une doctorante, qui a re\u00e7u une sentence de 27 mois, a \u00e9t\u00e9 condamn\u00e9e directement lors du proc\u00e8s m\u00eame.<\/p>\n<p>Ce verdict est tomb\u00e9 apr\u00e8s que la majeure partie de leurs arguments ont \u00e9t\u00e9 rejet\u00e9s par le juge, y compris l\u2019argument disant que<strong> leur action avait emp\u00each\u00e9 un crime plus grand et qu\u2019elle avait \u00e9t\u00e9 motiv\u00e9e par la n\u00e9cessit\u00e9 de sauver des vies humaines<\/strong>.<\/p>\n<p>Bien que le juge n\u2019ait pas permis d\u2019entendre au tribunal m\u00eame les preuves des crimes de guerre d\u2019Isra\u00ebl, Ruth a pr\u00e9tendu que <strong>tous les d\u00e9g\u00e2ts occasionn\u00e9s allaient perturber le flux des armes manufactur\u00e9es en Grande-Bretagne et achemin\u00e9es vers Isra\u00ebl,<\/strong> o\u00f9 elles seraient utilis\u00e9es contre le peuple palestinien.<\/p>\n<p>Au cours du proc\u00e8s, les employ\u00e9s<em> \u00ab abus\u00e9s \u00bb<\/em> de Teledyne ont d\u00e9clar\u00e9 ne pas \u00eatre conscients que les composantes qu\u2019ils fabriquaient \u00e9taient utilis\u00e9es dans l\u2019armement.<\/p>\n<p>Leurs all\u00e9gations ont \u00e9t\u00e9 infirm\u00e9es par leur directrice, Adele MacLachlan, qui a d\u00fb admettre lors de l\u2019audience que<strong> leurs produits \u00e9taient utilis\u00e9s pour \u00e9quiper des missiles<\/strong> et elle a cit\u00e9 toute une liste de firmes d\u2019armes avec lesquelles ils travaillaient, dont Raytheon, BAE Systems et Leonardo. Le jour de l\u2019action, <strong>Teledyne Labtech a supprim\u00e9 une page de son site Internet qui reprenait les armements dans lesquels ses produits \u00e9taient utilis\u00e9s<\/strong>. (2)<\/p>\n<p>Teledyne Labtech est une filiale galloise d\u2019une firme d\u2019armes am\u00e9ricaine, <strong>Teledyne<\/strong>. (3)<\/p>\n<p>L\u2019usine galloise est sp\u00e9cialis\u00e9e dans la fabrication de composantes pour toute une s\u00e9rie d\u2019armements, dont des syst\u00e8mes de radars militaires, des missiles, des avions de combat et des drones militaires. (4) (5) (6)<\/p>\n<p><strong>Teledyne fournit des <\/strong><strong>armes <\/strong><strong>\u00e0 Isra\u00ebl<\/strong> depuis 1973 au moins (7) et est connu comme <strong>le plus important exportateur d\u2019armes de la Grande-Bretagne vers l\u2019\u00c9tat d\u2019apartheid d\u2019Isra\u00ebl<\/strong>. (8)<\/p>\n<p>Voici une d\u00e9claration de Palestine Action \u00e0 propos de la sentence :<\/p>\n<blockquote><p>\u00ab Les quatre activistes sont les prisonniers qui ont re\u00e7u les peines les plus lourdes pour avoir entrepris avec Palestine Action des actions visant \u00e0 perturber la machine de guerre.<\/p>\n<p>Leur incarc\u00e9ration prouve que la Grande-Bretagne m\u00e9prise la libert\u00e9 de ses propres citoyens pour donner la priorit\u00e9 aux int\u00e9r\u00eats de l\u2019industrie des armes, laquelle facilite le g\u00e9nocide du peuple palestinien.<\/p>\n<p>La n\u00e9cessit\u00e9 de passer \u00e0 l\u2019action directe d\u00e9rive des actions criminelles de notre gouvernement, qui est rest\u00e9 complice de la colonisation de la Palestine depuis plus d\u2019un si\u00e8cle.<\/p>\n<p>Les quatre activistes qui ont mis leur libert\u00e9 en jeu pour rompre cette cha\u00eene de complicit\u00e9 devraient \u00eatre honor\u00e9s pour les h\u00e9ros qu\u2019ils sont r\u00e9ellement, et non emprisonn\u00e9s. \u00bb<\/p><\/blockquote>\n<p>&nbsp;<\/p>\n<p style=\"text-align: center;\">*****<\/p>\n<p>Notes :<\/p>\n<p>Si vous d\u00e9sirez des renseignements compl\u00e9mentaires sur Palestine Action, voici une adresse de contact :<\/p>\n<p><a href=\"mailto:info@palestineaction.org\">info@palestineaction.org<\/a><\/p>\n<p><strong>Palestine Action<\/strong> <strong>est un r\u00e9seau d\u2019action directe d\u2019organisations et d\u2019individus form\u00e9s avec le mandat d\u2019entreprendre des actions contre les sites d\u2019Elbit Systems et d\u2019autres firmes complices de l\u2019apartheid isra\u00e9lien, afin de pousser \u00e0 la fermeture de tous les sites de ce genre.<\/strong><\/p>\n<p>(1) <a href=\"https:\/\/www.palestineaction.org\/teledyne-break\/\" target=\"_blank\" rel=\"noreferrer nofollow noopener\">https:\/\/www.palestineaction.org\/teledyne-break\/<\/a><\/p>\n<p>(2) <a href=\"https:\/\/web.archive.org\/web\/20221209104638\/https:\/www.teledynedefenseelectronics.com\/labtech\/applications\/Pages\/Defence.aspx\" target=\"_blank\" rel=\"noreferrer nofollow noopener\">https:\/\/web.archive.org\/web\/20221209104638\/https:\/\/www.teledynedefenseelectronics.com\/labtech\/applications\/Pages\/Defence.aspx<\/a><\/p>\n<p>(3) <a href=\"https:\/\/www.teledynedefenseelectronics.com\/labtech\/aboutus\/Pages\/About%20Us.aspx\" target=\"_blank\" rel=\"noreferrer nofollow noopener\">https:\/\/www.teledynedefenseelectronics.com\/labtech\/aboutus\/Pages\/About%20Us.aspx<\/a><\/p>\n<p>(4) <a href=\"https:\/\/www.teledynedefenseelectronics.com\/markets\/airborne\/Pages\/default.aspx\" target=\"_blank\" rel=\"noreferrer nofollow noopener\">https:\/\/www.teledynedefenseelectronics.com\/markets\/airborne\/Pages\/default.aspx<\/a><\/p>\n<p>(5) <a href=\"https:\/\/www.teledynedefenseelectronics.com\/markets\/air-unmaned%20systems\/Pages\/default.aspx\" target=\"_blank\" rel=\"noreferrer nofollow noopener\">https:\/\/www.teledynedefenseelectronics.com\/markets\/air-unmaned%20systems\/Pages\/default.aspx<\/a><\/p>\n<p>(6) <a href=\"https:\/\/www.teledynedefenseelectronics.com\/markets\/missiles\/Pages\/default.aspx\" target=\"_blank\" rel=\"noreferrer nofollow noopener\">https:\/\/www.teledynedefenseelectronics.com\/markets\/missiles\/Pages\/default.aspx<\/a><\/p>\n<p>(7) <a href=\"https:\/\/www.jstor.org\/stable\/26271146\" target=\"_blank\" rel=\"noreferrer nofollow noopener\">https:\/\/www.jstor.org\/stable\/26271146<\/a><\/p>\n<p>(8) <a href=\"https:\/\/caat.org.uk\/data\/exports-uk\/overview?region=Israel\" target=\"_blank\" rel=\"noreferrer nofollow noopener\">https:\/\/caat.org.uk\/data\/exports-uk\/overview?region=Israel<\/a><\/p>\n<p style=\"text-align: center;\">*****<\/p>\n<p>Publi\u00e9 le 26 juin 2023 sur <strong><a href=\"https:\/\/www.palestineaction.org\/teledyne-sentence\/\" target=\"_blank\" rel=\"noopener\">Palestine Action<\/a><\/strong><\/p>\n<p>Traduction : Jean-Marie Fl\u00e9mal,<strong> <a href=\"https:\/\/charleroi-pourlapalestine.be\/\">Charleroi pour la Palestine<\/a><\/strong><\/p>\n","protected":false},"excerpt":{"rendered":"<p>Les quatre activistes sont les prisonniers qui ont re\u00e7u les peines les plus lourdes pour avoir entrepris avec Palestine Action des actions visant \u00e0 perturber la machine de guerre.<\/p>\n","protected":false},"author":1,"featured_media":0,"comment_status":"closed","ping_status":"closed","sticky":false,"template":"","format":"standard","meta":{"ngg_post_thumbnail":0,"footnotes":""},"categories":[793,460,382,126],"tags":[],"class_list":["post-57568","post","type-post","status-publish","format-standard","hentry","category-action-directe","category-armements","category-grande-bretagne","category-israel"],"yoast_head":"<!-- This site is optimized with the Yoast SEO plugin v27.3 - https:\/\/yoast.com\/product\/yoast-seo-wordpress\/ -->\n<title>Palestine Action : Quatre activistes condamn\u00e9s \u00e0 des peines de prison<\/title>\n<meta name=\"description\" content=\"Les quatre activistes sont les prisonniers qui ont re\u00e7u les peines les plus lourdes pour avoir entrepris avec Palestine Action des actions visant \u00e0 perturber la machine de guerre.\" \/>\n<meta name=\"robots\" content=\"index, follow, max-snippet:-1, max-image-preview:large, max-video-preview:-1\" \/>\n<link rel=\"canonical\" href=\"https:\/\/charleroi-pourlapalestine.be\/index.php\/2023\/06\/28\/palestine-action-quatre-activistes-condamnes-a-des-peines-de-prison\/\" \/>\n<script type=\"application\/ld+json\" class=\"yoast-schema-graph\">{\"@context\":\"https:\\\/\\\/schema.org\",\"@graph\":[{\"@type\":\"Article\",\"@id\":\"https:\\\/\\\/charleroi-pourlapalestine.be\\\/index.php\\\/2023\\\/06\\\/28\\\/palestine-action-quatre-activistes-condamnes-a-des-peines-de-prison\\\/#article\",\"isPartOf\":{\"@id\":\"https:\\\/\\\/charleroi-pourlapalestine.be\\\/index.php\\\/2023\\\/06\\\/28\\\/palestine-action-quatre-activistes-condamnes-a-des-peines-de-prison\\\/\"},\"author\":{\"name\":\"admin1873\",\"@id\":\"https:\\\/\\\/charleroi-pourlapalestine.be\\\/#\\\/schema\\\/person\\\/c19ff515112f1299d8c12671d8fe3faa\"},\"headline\":\"Palestine Action : Quatre activistes condamn\u00e9s \u00e0 des peines de prison\",\"datePublished\":\"2023-06-28T01:03:02+00:00\",\"dateModified\":\"2023-06-29T10:17:18+00:00\",\"mainEntityOfPage\":{\"@id\":\"https:\\\/\\\/charleroi-pourlapalestine.be\\\/index.php\\\/2023\\\/06\\\/28\\\/palestine-action-quatre-activistes-condamnes-a-des-peines-de-prison\\\/\"},\"wordCount\":830,\"publisher\":{\"@id\":\"https:\\\/\\\/charleroi-pourlapalestine.be\\\/#organization\"},\"image\":{\"@id\":\"https:\\\/\\\/charleroi-pourlapalestine.be\\\/index.php\\\/2023\\\/06\\\/28\\\/palestine-action-quatre-activistes-condamnes-a-des-peines-de-prison\\\/#primaryimage\"},\"thumbnailUrl\":\"https:\\\/\\\/charleroi-pourlapalestine.be\\\/wp-content\\\/uploads\\\/2023\\\/06\\\/Palestine-Action-2.jpg\",\"articleSection\":[\"Action directe\",\"armements\",\"Grande Bretagne\",\"Isra\u00ebl\"],\"inLanguage\":\"fr-FR\"},{\"@type\":\"WebPage\",\"@id\":\"https:\\\/\\\/charleroi-pourlapalestine.be\\\/index.php\\\/2023\\\/06\\\/28\\\/palestine-action-quatre-activistes-condamnes-a-des-peines-de-prison\\\/\",\"url\":\"https:\\\/\\\/charleroi-pourlapalestine.be\\\/index.php\\\/2023\\\/06\\\/28\\\/palestine-action-quatre-activistes-condamnes-a-des-peines-de-prison\\\/\",\"name\":\"Palestine Action : Quatre activistes condamn\u00e9s \u00e0 des peines de prison\",\"isPartOf\":{\"@id\":\"https:\\\/\\\/charleroi-pourlapalestine.be\\\/#website\"},\"primaryImageOfPage\":{\"@id\":\"https:\\\/\\\/charleroi-pourlapalestine.be\\\/index.php\\\/2023\\\/06\\\/28\\\/palestine-action-quatre-activistes-condamnes-a-des-peines-de-prison\\\/#primaryimage\"},\"image\":{\"@id\":\"https:\\\/\\\/charleroi-pourlapalestine.be\\\/index.php\\\/2023\\\/06\\\/28\\\/palestine-action-quatre-activistes-condamnes-a-des-peines-de-prison\\\/#primaryimage\"},\"thumbnailUrl\":\"https:\\\/\\\/charleroi-pourlapalestine.be\\\/wp-content\\\/uploads\\\/2023\\\/06\\\/Palestine-Action-2.jpg\",\"datePublished\":\"2023-06-28T01:03:02+00:00\",\"dateModified\":\"2023-06-29T10:17:18+00:00\",\"description\":\"Les quatre activistes sont les prisonniers qui ont re\u00e7u les peines les plus lourdes pour avoir entrepris avec Palestine Action des actions visant \u00e0 perturber la machine de guerre.\",\"breadcrumb\":{\"@id\":\"https:\\\/\\\/charleroi-pourlapalestine.be\\\/index.php\\\/2023\\\/06\\\/28\\\/palestine-action-quatre-activistes-condamnes-a-des-peines-de-prison\\\/#breadcrumb\"},\"inLanguage\":\"fr-FR\",\"potentialAction\":[{\"@type\":\"ReadAction\",\"target\":[\"https:\\\/\\\/charleroi-pourlapalestine.be\\\/index.php\\\/2023\\\/06\\\/28\\\/palestine-action-quatre-activistes-condamnes-a-des-peines-de-prison\\\/\"]}]},{\"@type\":\"ImageObject\",\"inLanguage\":\"fr-FR\",\"@id\":\"https:\\\/\\\/charleroi-pourlapalestine.be\\\/index.php\\\/2023\\\/06\\\/28\\\/palestine-action-quatre-activistes-condamnes-a-des-peines-de-prison\\\/#primaryimage\",\"url\":\"\",\"contentUrl\":\"\"},{\"@type\":\"BreadcrumbList\",\"@id\":\"https:\\\/\\\/charleroi-pourlapalestine.be\\\/index.php\\\/2023\\\/06\\\/28\\\/palestine-action-quatre-activistes-condamnes-a-des-peines-de-prison\\\/#breadcrumb\",\"itemListElement\":[{\"@type\":\"ListItem\",\"position\":1,\"name\":\"Accueil\",\"item\":\"https:\\\/\\\/charleroi-pourlapalestine.be\\\/\"},{\"@type\":\"ListItem\",\"position\":2,\"name\":\"Palestine Action : Quatre activistes condamn\u00e9s \u00e0 des peines de prison\"}]},{\"@type\":\"WebSite\",\"@id\":\"https:\\\/\\\/charleroi-pourlapalestine.be\\\/#website\",\"url\":\"https:\\\/\\\/charleroi-pourlapalestine.be\\\/\",\"name\":\"Charleroi Pour la Palestine\",\"description\":\"\",\"publisher\":{\"@id\":\"https:\\\/\\\/charleroi-pourlapalestine.be\\\/#organization\"},\"potentialAction\":[{\"@type\":\"SearchAction\",\"target\":{\"@type\":\"EntryPoint\",\"urlTemplate\":\"https:\\\/\\\/charleroi-pourlapalestine.be\\\/?s={search_term_string}\"},\"query-input\":{\"@type\":\"PropertyValueSpecification\",\"valueRequired\":true,\"valueName\":\"search_term_string\"}}],\"inLanguage\":\"fr-FR\"},{\"@type\":\"Organization\",\"@id\":\"https:\\\/\\\/charleroi-pourlapalestine.be\\\/#organization\",\"name\":\"Plate-forme Charleroi-Palestine\",\"url\":\"https:\\\/\\\/charleroi-pourlapalestine.be\\\/\",\"logo\":{\"@type\":\"ImageObject\",\"inLanguage\":\"fr-FR\",\"@id\":\"https:\\\/\\\/charleroi-pourlapalestine.be\\\/#\\\/schema\\\/logo\\\/image\\\/\",\"url\":\"https:\\\/\\\/charleroi-pourlapalestine.be\\\/wp-content\\\/uploads\\\/2020\\\/01\\\/logo-Copy.jpg\",\"contentUrl\":\"https:\\\/\\\/charleroi-pourlapalestine.be\\\/wp-content\\\/uploads\\\/2020\\\/01\\\/logo-Copy.jpg\",\"width\":180,\"height\":180,\"caption\":\"Plate-forme Charleroi-Palestine\"},\"image\":{\"@id\":\"https:\\\/\\\/charleroi-pourlapalestine.be\\\/#\\\/schema\\\/logo\\\/image\\\/\"},\"sameAs\":[\"https:\\\/\\\/www.facebook.com\\\/PlateformeCharleroiPalestine\\\/\",\"https:\\\/\\\/x.com\\\/LaCharleroi\"]},{\"@type\":\"Person\",\"@id\":\"https:\\\/\\\/charleroi-pourlapalestine.be\\\/#\\\/schema\\\/person\\\/c19ff515112f1299d8c12671d8fe3faa\",\"name\":\"admin1873\",\"url\":\"https:\\\/\\\/charleroi-pourlapalestine.be\\\/index.php\\\/author\\\/admin1873\\\/\"}]}<\/script>\n<!-- \/ Yoast SEO plugin. -->","yoast_head_json":{"title":"Palestine Action : Quatre activistes condamn\u00e9s \u00e0 des peines de prison","description":"Les quatre activistes sont les prisonniers qui ont re\u00e7u les peines les plus lourdes pour avoir entrepris avec Palestine Action des actions visant \u00e0 perturber la machine de guerre.","robots":{"index":"index","follow":"follow","max-snippet":"max-snippet:-1","max-image-preview":"max-image-preview:large","max-video-preview":"max-video-preview:-1"},"canonical":"https:\/\/charleroi-pourlapalestine.be\/index.php\/2023\/06\/28\/palestine-action-quatre-activistes-condamnes-a-des-peines-de-prison\/","schema":{"@context":"https:\/\/schema.org","@graph":[{"@type":"Article","@id":"https:\/\/charleroi-pourlapalestine.be\/index.php\/2023\/06\/28\/palestine-action-quatre-activistes-condamnes-a-des-peines-de-prison\/#article","isPartOf":{"@id":"https:\/\/charleroi-pourlapalestine.be\/index.php\/2023\/06\/28\/palestine-action-quatre-activistes-condamnes-a-des-peines-de-prison\/"},"author":{"name":"admin1873","@id":"https:\/\/charleroi-pourlapalestine.be\/#\/schema\/person\/c19ff515112f1299d8c12671d8fe3faa"},"headline":"Palestine Action : Quatre activistes condamn\u00e9s \u00e0 des peines de prison","datePublished":"2023-06-28T01:03:02+00:00","dateModified":"2023-06-29T10:17:18+00:00","mainEntityOfPage":{"@id":"https:\/\/charleroi-pourlapalestine.be\/index.php\/2023\/06\/28\/palestine-action-quatre-activistes-condamnes-a-des-peines-de-prison\/"},"wordCount":830,"publisher":{"@id":"https:\/\/charleroi-pourlapalestine.be\/#organization"},"image":{"@id":"https:\/\/charleroi-pourlapalestine.be\/index.php\/2023\/06\/28\/palestine-action-quatre-activistes-condamnes-a-des-peines-de-prison\/#primaryimage"},"thumbnailUrl":"https:\/\/charleroi-pourlapalestine.be\/wp-content\/uploads\/2023\/06\/Palestine-Action-2.jpg","articleSection":["Action directe","armements","Grande Bretagne","Isra\u00ebl"],"inLanguage":"fr-FR"},{"@type":"WebPage","@id":"https:\/\/charleroi-pourlapalestine.be\/index.php\/2023\/06\/28\/palestine-action-quatre-activistes-condamnes-a-des-peines-de-prison\/","url":"https:\/\/charleroi-pourlapalestine.be\/index.php\/2023\/06\/28\/palestine-action-quatre-activistes-condamnes-a-des-peines-de-prison\/","name":"Palestine Action : Quatre activistes condamn\u00e9s \u00e0 des peines de prison","isPartOf":{"@id":"https:\/\/charleroi-pourlapalestine.be\/#website"},"primaryImageOfPage":{"@id":"https:\/\/charleroi-pourlapalestine.be\/index.php\/2023\/06\/28\/palestine-action-quatre-activistes-condamnes-a-des-peines-de-prison\/#primaryimage"},"image":{"@id":"https:\/\/charleroi-pourlapalestine.be\/index.php\/2023\/06\/28\/palestine-action-quatre-activistes-condamnes-a-des-peines-de-prison\/#primaryimage"},"thumbnailUrl":"https:\/\/charleroi-pourlapalestine.be\/wp-content\/uploads\/2023\/06\/Palestine-Action-2.jpg","datePublished":"2023-06-28T01:03:02+00:00","dateModified":"2023-06-29T10:17:18+00:00","description":"Les quatre activistes sont les prisonniers qui ont re\u00e7u les peines les plus lourdes pour avoir entrepris avec Palestine Action des actions visant \u00e0 perturber la machine de guerre.","breadcrumb":{"@id":"https:\/\/charleroi-pourlapalestine.be\/index.php\/2023\/06\/28\/palestine-action-quatre-activistes-condamnes-a-des-peines-de-prison\/#breadcrumb"},"inLanguage":"fr-FR","potentialAction":[{"@type":"ReadAction","target":["https:\/\/charleroi-pourlapalestine.be\/index.php\/2023\/06\/28\/palestine-action-quatre-activistes-condamnes-a-des-peines-de-prison\/"]}]},{"@type":"ImageObject","inLanguage":"fr-FR","@id":"https:\/\/charleroi-pourlapalestine.be\/index.php\/2023\/06\/28\/palestine-action-quatre-activistes-condamnes-a-des-peines-de-prison\/#primaryimage","url":"","contentUrl":""},{"@type":"BreadcrumbList","@id":"https:\/\/charleroi-pourlapalestine.be\/index.php\/2023\/06\/28\/palestine-action-quatre-activistes-condamnes-a-des-peines-de-prison\/#breadcrumb","itemListElement":[{"@type":"ListItem","position":1,"name":"Accueil","item":"https:\/\/charleroi-pourlapalestine.be\/"},{"@type":"ListItem","position":2,"name":"Palestine Action : Quatre activistes condamn\u00e9s \u00e0 des peines de prison"}]},{"@type":"WebSite","@id":"https:\/\/charleroi-pourlapalestine.be\/#website","url":"https:\/\/charleroi-pourlapalestine.be\/","name":"Charleroi Pour la Palestine","description":"","publisher":{"@id":"https:\/\/charleroi-pourlapalestine.be\/#organization"},"potentialAction":[{"@type":"SearchAction","target":{"@type":"EntryPoint","urlTemplate":"https:\/\/charleroi-pourlapalestine.be\/?s={search_term_string}"},"query-input":{"@type":"PropertyValueSpecification","valueRequired":true,"valueName":"search_term_string"}}],"inLanguage":"fr-FR"},{"@type":"Organization","@id":"https:\/\/charleroi-pourlapalestine.be\/#organization","name":"Plate-forme Charleroi-Palestine","url":"https:\/\/charleroi-pourlapalestine.be\/","logo":{"@type":"ImageObject","inLanguage":"fr-FR","@id":"https:\/\/charleroi-pourlapalestine.be\/#\/schema\/logo\/image\/","url":"https:\/\/charleroi-pourlapalestine.be\/wp-content\/uploads\/2020\/01\/logo-Copy.jpg","contentUrl":"https:\/\/charleroi-pourlapalestine.be\/wp-content\/uploads\/2020\/01\/logo-Copy.jpg","width":180,"height":180,"caption":"Plate-forme Charleroi-Palestine"},"image":{"@id":"https:\/\/charleroi-pourlapalestine.be\/#\/schema\/logo\/image\/"},"sameAs":["https:\/\/www.facebook.com\/PlateformeCharleroiPalestine\/","https:\/\/x.com\/LaCharleroi"]},{"@type":"Person","@id":"https:\/\/charleroi-pourlapalestine.be\/#\/schema\/person\/c19ff515112f1299d8c12671d8fe3faa","name":"admin1873","url":"https:\/\/charleroi-pourlapalestine.be\/index.php\/author\/admin1873\/"}]}},"_links":{"self":[{"href":"https:\/\/charleroi-pourlapalestine.be\/index.php\/wp-json\/wp\/v2\/posts\/57568","targetHints":{"allow":["GET"]}}],"collection":[{"href":"https:\/\/charleroi-pourlapalestine.be\/index.php\/wp-json\/wp\/v2\/posts"}],"about":[{"href":"https:\/\/charleroi-pourlapalestine.be\/index.php\/wp-json\/wp\/v2\/types\/post"}],"author":[{"embeddable":true,"href":"https:\/\/charleroi-pourlapalestine.be\/index.php\/wp-json\/wp\/v2\/users\/1"}],"replies":[{"embeddable":true,"href":"https:\/\/charleroi-pourlapalestine.be\/index.php\/wp-json\/wp\/v2\/comments?post=57568"}],"version-history":[{"count":0,"href":"https:\/\/charleroi-pourlapalestine.be\/index.php\/wp-json\/wp\/v2\/posts\/57568\/revisions"}],"wp:attachment":[{"href":"https:\/\/charleroi-pourlapalestine.be\/index.php\/wp-json\/wp\/v2\/media?parent=57568"}],"wp:term":[{"taxonomy":"category","embeddable":true,"href":"https:\/\/charleroi-pourlapalestine.be\/index.php\/wp-json\/wp\/v2\/categories?post=57568"},{"taxonomy":"post_tag","embeddable":true,"href":"https:\/\/charleroi-pourlapalestine.be\/index.php\/wp-json\/wp\/v2\/tags?post=57568"}],"curies":[{"name":"wp","href":"https:\/\/api.w.org\/{rel}","templated":true}]}}