{"id":57698,"date":"2023-07-02T11:03:10","date_gmt":"2023-07-02T09:03:10","guid":{"rendered":"https:\/\/charleroi-pourlapalestine.be\/?p=57698"},"modified":"2023-07-02T11:17:22","modified_gmt":"2023-07-02T09:17:22","slug":"justice-pour-nahel-qui-seme-la-haggra-recolte-lintifada","status":"publish","type":"post","link":"https:\/\/charleroi-pourlapalestine.be\/index.php\/2023\/07\/02\/justice-pour-nahel-qui-seme-la-haggra-recolte-lintifada\/","title":{"rendered":"Justice pour Nahel : Qui s\u00e8me la Haggra r\u00e9colte l\u2019Intifada !"},"content":{"rendered":"<p>Mardi 27 juin \u00e0 Nanterre, un policier a assassin\u00e9 un adolescent de 17 ans d\u2019une balle dans le thorax encourag\u00e9 par son coll\u00e8gue qui hurlait <strong><em>\u00ab Shoote-le \u00bb<\/em><\/strong>. Cette sc\u00e8ne a \u00e9t\u00e9 film\u00e9e par des t\u00e9moins et a suscit\u00e9 un \u00e9lan d\u2019\u00e9motion, de col\u00e8re et de solidarit\u00e9 suite \u00e0 cet \u00e9ni\u00e8me crime raciste de la police. Le pr\u00e9nom de la victime, <strong>Nahel,<\/strong> est devenu un <strong>nouveau symbole des in\u00e9galit\u00e9s structurelles en France et de la violence d\u2019\u00c9tat.<\/p>\n<p><\/strong><\/p>\n<p>&nbsp;<\/p>\n<p><img loading=\"lazy\" decoding=\"async\" class=\"aligncenter wp-image-57704 size-full\" src=\"https:\/\/charleroi-pourlapalestine.be\/wp-content\/uploads\/2023\/07\/Justice-pour-Nahel-2-e1688286670311.jpg\" alt=\"Affiche : Justice pour Nahel \" width=\"583\" height=\"542\" srcset=\"https:\/\/charleroi-pourlapalestine.be\/wp-content\/uploads\/2023\/07\/Justice-pour-Nahel-2-e1688286670311.jpg 583w, https:\/\/charleroi-pourlapalestine.be\/wp-content\/uploads\/2023\/07\/Justice-pour-Nahel-2-e1688286670311-300x279.jpg 300w\" sizes=\"auto, (max-width: 583px) 100vw, 583px\" \/><\/p>\n<p><strong><br \/>\n<a href=\"https:\/\/charleroi-pourlapalestine.be\/index.php\/tag\/samidoun\/\">Samidoun<\/a><\/strong>, 1 juillet 2023<\/p>\n<p>Afin de tenter de contenir la vague d\u2019indignations l\u00e9gitime, la machine politico-m\u00e9diatique s\u2019est mise en branle pour salir la m\u00e9moire du jeune homme en inversant les responsabilit\u00e9s \u00e9videntes : il aurait un casier judiciaire et le policier aurait \u00e9t\u00e9 en \u00e9tat de l\u00e9gitime d\u00e9fense. C\u2019est un mensonge qui a \u00e9t\u00e9 largement d\u00e9montr\u00e9. Pour autant, rien ne saurait justifier le meurtre par balle d\u2019un adolescent.<\/p>\n<p>Depuis plusieurs jours, de nombreuses villes sont le th\u00e9\u00e2tre d\u2019\u00e9meutes et r\u00e9voltes affirmant leur rejet des crimes policiers et faisant r\u00e9sonner le slogan<strong><em> \u00ab Pas de justice, pas de paix \u00bb<\/em><\/strong>. La seule r\u00e9ponse du gouvernement a \u00e9t\u00e9 la mobilisation de dizaines de milliers de policiers, pr\u00e8s de 1000 arrestations, des couvre-feux et entraves \u00e0 la libert\u00e9 de circulation dans diff\u00e9rents quartiers.<\/p>\n<p>Ce nouveau crime raciste policier n\u2019est pas un cas isol\u00e9. Depuis 1977,<a href=\"https:\/\/bastamag.net\/webdocs\/police\/\" target=\"_blank\" rel=\"noopener\"><strong> pr\u00e8s de 900 personnes sont mortes suite \u00e0 l\u2019action des forces de l\u2019ordre<\/strong><\/a> dont l\u2019\u00e9crasante majorit\u00e9 sont des hommes noirs et arabes issus des quartiers populaires et de l\u2019immigration. Ces violences d\u2019\u00c9tat trouvent notamment racines dans <a href=\"https:\/\/orientxxi.info\/magazine\/des-violences-policieres-inscrites-dans-l-histoire\" target=\"_blank\" rel=\"noopener\"><strong>l\u2019histoire du colonialisme fran\u00e7ais.<\/strong><\/a> Le savoir-faire issu de la contre-insurrection durant la guerre de lib\u00e9ration en <strong>Alg\u00e9rie<\/strong> et de la r\u00e9pression coloniale de mai 1967 en <strong>Gwadloup<\/strong> a \u00e9t\u00e9 utilis\u00e9 et r\u00e9investi en France, en particulier dans <strong>le contr\u00f4le n\u00e9ocolonial<\/strong> des populations arabes et noires s\u00e9gr\u00e9g\u00e9es dans les quartiers de l\u2019immigration des grandes m\u00e9tropoles.<\/p>\n<p style=\"text-align: left;\"><strong>Le Collectif Palestine Vaincra, Samidoun Paris Banlieue <\/strong>et <strong>Masar Badil<\/strong> adressent leurs condol\u00e9ances \u00e0 la m\u00e8re de Nahel, Mounia M., \u00e0 ses amis et aux habitants de son quartier. En tant que mouvement palestinien et organisations anticolonialistes et antiracistes engag\u00e9s dans le soutien \u00e0 la r\u00e9sistance palestinienne, nous savons que le racisme d\u2019\u00c9tat et la r\u00e9pression polici\u00e8re sont le bras de l\u2019imp\u00e9rialisme fran\u00e7ais qui est un alli\u00e9 strat\u00e9gique de l\u2019\u00c9tat sioniste qui opprime le peuple palestinien. Plus que jamais, les mobilisations ici comme l\u00e0-bas sont un seul et m\u00eame combat pour la justice, l\u2019\u00e9galit\u00e9 et la dignit\u00e9 !<\/p>\n<p style=\"text-align: center;\">*****<\/p>\n<p>Publi\u00e9 le 1er juillet sur <a href=\"https:\/\/samidoun.net\/fr\/2023\/07\/justice-pour-nahel-qui-seme-la-haggra-recolte-l-intifada\/\" target=\"_blank\" rel=\"noopener\">Samidoun<\/a><\/p>\n<div id=\"_ByOhZMtsqf7v9Q-WuJTYDw_39\" class=\"bCOlv\" data-ved=\"2ahUKEwiLjOeFvO__AhUp_7sIHRYcBfsQ7NUEegQIFxAE\">\n<div class=\"IZE3Td\">\n<div class=\"t0bRye r2fjmd\" data-hveid=\"CBcQBQ\" data-ved=\"2ahUKEwiLjOeFvO__AhUp_7sIHRYcBfsQu04oAHoECBcQBQ\">\n<div id=\"ByOhZMtsqf7v9Q-WuJTYDw__14\">\n<div class=\"wDYxhc\" data-md=\"61\">\n<div class=\"LGOjhe\" role=\"heading\" data-attrid=\"wa:\/description\" aria-level=\"3\" data-hveid=\"CBQQAA\"><span class=\"ILfuVd\" lang=\"fr\"><span class=\"hgKElc\"><em>\u00ab\u00a0Haggra\u00a0\u00bb<\/em>, repris de l&rsquo;arabe, signifie<em> \u00ab\u00a0faire des mis\u00e8res\u00a0\u00bb<\/em> (NDLR)<br \/>\n<\/span><\/span><\/div>\n<\/div>\n<\/div>\n<\/div>\n<\/div>\n<\/div>\n<div role=\"heading\" data-attrid=\"wa:\/description\" aria-level=\"3\" data-hveid=\"CBQQAA\">&nbsp;<\/div>\n<div role=\"heading\" data-attrid=\"wa:\/description\" aria-level=\"3\" data-hveid=\"CBQQAA\">&nbsp;<\/div>\n<h4 align=\"JUSTIFY\">En Belgique, comme en France, l\u2019oppression polici\u00e8re raciste est une r\u00e9alit\u00e9 syst\u00e9mique ancienne<\/h4>\n<p>&nbsp;<\/p>\n<p><img loading=\"lazy\" decoding=\"async\" class=\"aligncenter wp-image-57713 size-full\" src=\"https:\/\/charleroi-pourlapalestine.be\/wp-content\/uploads\/2023\/07\/Nos-martyrs.-de-2017-a-2023-e1688287964770.jpg\" alt=\"\" width=\"887\" height=\"510\" srcset=\"https:\/\/charleroi-pourlapalestine.be\/wp-content\/uploads\/2023\/07\/Nos-martyrs.-de-2017-a-2023-e1688287964770.jpg 887w, https:\/\/charleroi-pourlapalestine.be\/wp-content\/uploads\/2023\/07\/Nos-martyrs.-de-2017-a-2023-e1688287964770-300x172.jpg 300w, https:\/\/charleroi-pourlapalestine.be\/wp-content\/uploads\/2023\/07\/Nos-martyrs.-de-2017-a-2023-e1688287964770-768x442.jpg 768w\" sizes=\"auto, (max-width: 887px) 100vw, 887px\" \/><\/p>\n<div role=\"heading\" data-attrid=\"wa:\/description\" aria-level=\"3\" data-hveid=\"CBQQAA\">&nbsp;<\/div>\n<div role=\"heading\" data-attrid=\"wa:\/description\" aria-level=\"3\" data-hveid=\"CBQQAA\">Lisez ici :<a href=\"https:\/\/www.investigaction.net\/fr\/nahel-limpunite-ou-le-bouclier-des-crimes-policiers\/\" target=\"_blank\" rel=\"noopener\"><strong> Nahel : l\u2019impunit\u00e9, le bouclier des crimes policiers<\/strong><\/a><\/div>\n<div role=\"heading\" data-attrid=\"wa:\/description\" aria-level=\"3\" data-hveid=\"CBQQAA\">&nbsp;<\/div>\n<div role=\"heading\" data-attrid=\"wa:\/description\" aria-level=\"3\" data-hveid=\"CBQQAA\">Et \u00e9galement : <a href=\"https:\/\/charleroi-pourlapalestine.be\/index.php\/2023\/03\/27\/bruxelles-contre-les-meurtres-racistes-et-la-violence-detat-solidarite-internationaliste\/\" target=\"_blank\" rel=\"noopener\"><strong>Bruxelles : solidarit\u00e9 internationaliste contre les meurtres racistes et la violence d\u2019\u00c9tat !<\/strong><\/a><\/div>\n<div role=\"heading\" data-attrid=\"wa:\/description\" aria-level=\"3\" data-hveid=\"CBQQAA\">&nbsp;<\/div>\n","protected":false},"excerpt":{"rendered":"<p>Le combat contre la violence polici\u00e8re, le racisme, la criminalisation et la r\u00e9pression fait partie int\u00e9grante de notre lutte pour la lib\u00e9ration de la Palestine.<\/p>\n","protected":false},"author":1,"featured_media":57703,"comment_status":"closed","ping_status":"closed","sticky":false,"template":"","format":"standard","meta":{"ngg_post_thumbnail":0,"footnotes":""},"categories":[39,136,91,387,896],"tags":[],"class_list":["post-57698","post","type-post","status-publish","format-standard","has-post-thumbnail","hentry","category-le-colonialisme","category-france","category-racisme","category-terrorisme-detat","category-violences-policieres"],"yoast_head":"<!-- This site is optimized with the Yoast SEO plugin v27.3 - https:\/\/yoast.com\/product\/yoast-seo-wordpress\/ -->\n<title>Justice pour Nahel : Qui s\u00e8me la Haggra r\u00e9colte l\u2019Intifada !<\/title>\n<meta name=\"description\" content=\"Le pr\u00e9nom de la victime du crime raciste, Nahel, est devenu un nouveau symbole des in\u00e9galit\u00e9s structurelles en France et de la violence d\u2019\u00c9tat.\" \/>\n<meta name=\"robots\" content=\"index, follow, max-snippet:-1, max-image-preview:large, max-video-preview:-1\" \/>\n<link rel=\"canonical\" href=\"https:\/\/charleroi-pourlapalestine.be\/index.php\/2023\/07\/02\/justice-pour-nahel-qui-seme-la-haggra-recolte-lintifada\/\" \/>\n<script type=\"application\/ld+json\" class=\"yoast-schema-graph\">{\"@context\":\"https:\\\/\\\/schema.org\",\"@graph\":[{\"@type\":\"Article\",\"@id\":\"https:\\\/\\\/charleroi-pourlapalestine.be\\\/index.php\\\/2023\\\/07\\\/02\\\/justice-pour-nahel-qui-seme-la-haggra-recolte-lintifada\\\/#article\",\"isPartOf\":{\"@id\":\"https:\\\/\\\/charleroi-pourlapalestine.be\\\/index.php\\\/2023\\\/07\\\/02\\\/justice-pour-nahel-qui-seme-la-haggra-recolte-lintifada\\\/\"},\"author\":{\"name\":\"admin1873\",\"@id\":\"https:\\\/\\\/charleroi-pourlapalestine.be\\\/#\\\/schema\\\/person\\\/c19ff515112f1299d8c12671d8fe3faa\"},\"headline\":\"Justice pour Nahel : Qui s\u00e8me la Haggra r\u00e9colte l\u2019Intifada !\",\"datePublished\":\"2023-07-02T09:03:10+00:00\",\"dateModified\":\"2023-07-02T09:17:22+00:00\",\"mainEntityOfPage\":{\"@id\":\"https:\\\/\\\/charleroi-pourlapalestine.be\\\/index.php\\\/2023\\\/07\\\/02\\\/justice-pour-nahel-qui-seme-la-haggra-recolte-lintifada\\\/\"},\"wordCount\":528,\"publisher\":{\"@id\":\"https:\\\/\\\/charleroi-pourlapalestine.be\\\/#organization\"},\"image\":{\"@id\":\"https:\\\/\\\/charleroi-pourlapalestine.be\\\/index.php\\\/2023\\\/07\\\/02\\\/justice-pour-nahel-qui-seme-la-haggra-recolte-lintifada\\\/#primaryimage\"},\"thumbnailUrl\":\"https:\\\/\\\/charleroi-pourlapalestine.be\\\/wp-content\\\/uploads\\\/2023\\\/07\\\/Justice-pour-Nahel-e1688289115623.jpg\",\"articleSection\":[\"Colonialisme\",\"France\",\"Racisme\",\"Terrorisme d'Etat\",\"violences polici\u00e8res\"],\"inLanguage\":\"fr-FR\"},{\"@type\":\"WebPage\",\"@id\":\"https:\\\/\\\/charleroi-pourlapalestine.be\\\/index.php\\\/2023\\\/07\\\/02\\\/justice-pour-nahel-qui-seme-la-haggra-recolte-lintifada\\\/\",\"url\":\"https:\\\/\\\/charleroi-pourlapalestine.be\\\/index.php\\\/2023\\\/07\\\/02\\\/justice-pour-nahel-qui-seme-la-haggra-recolte-lintifada\\\/\",\"name\":\"Justice pour Nahel : Qui s\u00e8me la Haggra r\u00e9colte l\u2019Intifada !\",\"isPartOf\":{\"@id\":\"https:\\\/\\\/charleroi-pourlapalestine.be\\\/#website\"},\"primaryImageOfPage\":{\"@id\":\"https:\\\/\\\/charleroi-pourlapalestine.be\\\/index.php\\\/2023\\\/07\\\/02\\\/justice-pour-nahel-qui-seme-la-haggra-recolte-lintifada\\\/#primaryimage\"},\"image\":{\"@id\":\"https:\\\/\\\/charleroi-pourlapalestine.be\\\/index.php\\\/2023\\\/07\\\/02\\\/justice-pour-nahel-qui-seme-la-haggra-recolte-lintifada\\\/#primaryimage\"},\"thumbnailUrl\":\"https:\\\/\\\/charleroi-pourlapalestine.be\\\/wp-content\\\/uploads\\\/2023\\\/07\\\/Justice-pour-Nahel-e1688289115623.jpg\",\"datePublished\":\"2023-07-02T09:03:10+00:00\",\"dateModified\":\"2023-07-02T09:17:22+00:00\",\"description\":\"Le pr\u00e9nom de la victime du crime raciste, Nahel, est devenu un nouveau symbole des in\u00e9galit\u00e9s structurelles en France et de la violence d\u2019\u00c9tat.\",\"breadcrumb\":{\"@id\":\"https:\\\/\\\/charleroi-pourlapalestine.be\\\/index.php\\\/2023\\\/07\\\/02\\\/justice-pour-nahel-qui-seme-la-haggra-recolte-lintifada\\\/#breadcrumb\"},\"inLanguage\":\"fr-FR\",\"potentialAction\":[{\"@type\":\"ReadAction\",\"target\":[\"https:\\\/\\\/charleroi-pourlapalestine.be\\\/index.php\\\/2023\\\/07\\\/02\\\/justice-pour-nahel-qui-seme-la-haggra-recolte-lintifada\\\/\"]}]},{\"@type\":\"ImageObject\",\"inLanguage\":\"fr-FR\",\"@id\":\"https:\\\/\\\/charleroi-pourlapalestine.be\\\/index.php\\\/2023\\\/07\\\/02\\\/justice-pour-nahel-qui-seme-la-haggra-recolte-lintifada\\\/#primaryimage\",\"url\":\"https:\\\/\\\/charleroi-pourlapalestine.be\\\/wp-content\\\/uploads\\\/2023\\\/07\\\/Justice-pour-Nahel-e1688289115623.jpg\",\"contentUrl\":\"https:\\\/\\\/charleroi-pourlapalestine.be\\\/wp-content\\\/uploads\\\/2023\\\/07\\\/Justice-pour-Nahel-e1688289115623.jpg\",\"width\":908,\"height\":463},{\"@type\":\"BreadcrumbList\",\"@id\":\"https:\\\/\\\/charleroi-pourlapalestine.be\\\/index.php\\\/2023\\\/07\\\/02\\\/justice-pour-nahel-qui-seme-la-haggra-recolte-lintifada\\\/#breadcrumb\",\"itemListElement\":[{\"@type\":\"ListItem\",\"position\":1,\"name\":\"Accueil\",\"item\":\"https:\\\/\\\/charleroi-pourlapalestine.be\\\/\"},{\"@type\":\"ListItem\",\"position\":2,\"name\":\"Justice pour Nahel : Qui s\u00e8me la Haggra r\u00e9colte l\u2019Intifada !\"}]},{\"@type\":\"WebSite\",\"@id\":\"https:\\\/\\\/charleroi-pourlapalestine.be\\\/#website\",\"url\":\"https:\\\/\\\/charleroi-pourlapalestine.be\\\/\",\"name\":\"Charleroi Pour la Palestine\",\"description\":\"\",\"publisher\":{\"@id\":\"https:\\\/\\\/charleroi-pourlapalestine.be\\\/#organization\"},\"potentialAction\":[{\"@type\":\"SearchAction\",\"target\":{\"@type\":\"EntryPoint\",\"urlTemplate\":\"https:\\\/\\\/charleroi-pourlapalestine.be\\\/?s={search_term_string}\"},\"query-input\":{\"@type\":\"PropertyValueSpecification\",\"valueRequired\":true,\"valueName\":\"search_term_string\"}}],\"inLanguage\":\"fr-FR\"},{\"@type\":\"Organization\",\"@id\":\"https:\\\/\\\/charleroi-pourlapalestine.be\\\/#organization\",\"name\":\"Plate-forme Charleroi-Palestine\",\"url\":\"https:\\\/\\\/charleroi-pourlapalestine.be\\\/\",\"logo\":{\"@type\":\"ImageObject\",\"inLanguage\":\"fr-FR\",\"@id\":\"https:\\\/\\\/charleroi-pourlapalestine.be\\\/#\\\/schema\\\/logo\\\/image\\\/\",\"url\":\"https:\\\/\\\/charleroi-pourlapalestine.be\\\/wp-content\\\/uploads\\\/2020\\\/01\\\/logo-Copy.jpg\",\"contentUrl\":\"https:\\\/\\\/charleroi-pourlapalestine.be\\\/wp-content\\\/uploads\\\/2020\\\/01\\\/logo-Copy.jpg\",\"width\":180,\"height\":180,\"caption\":\"Plate-forme Charleroi-Palestine\"},\"image\":{\"@id\":\"https:\\\/\\\/charleroi-pourlapalestine.be\\\/#\\\/schema\\\/logo\\\/image\\\/\"},\"sameAs\":[\"https:\\\/\\\/www.facebook.com\\\/PlateformeCharleroiPalestine\\\/\",\"https:\\\/\\\/x.com\\\/LaCharleroi\"]},{\"@type\":\"Person\",\"@id\":\"https:\\\/\\\/charleroi-pourlapalestine.be\\\/#\\\/schema\\\/person\\\/c19ff515112f1299d8c12671d8fe3faa\",\"name\":\"admin1873\",\"url\":\"https:\\\/\\\/charleroi-pourlapalestine.be\\\/index.php\\\/author\\\/admin1873\\\/\"}]}<\/script>\n<!-- \/ Yoast SEO plugin. -->","yoast_head_json":{"title":"Justice pour Nahel : Qui s\u00e8me la Haggra r\u00e9colte l\u2019Intifada !","description":"Le pr\u00e9nom de la victime du crime raciste, Nahel, est devenu un nouveau symbole des in\u00e9galit\u00e9s structurelles en France et de la violence d\u2019\u00c9tat.","robots":{"index":"index","follow":"follow","max-snippet":"max-snippet:-1","max-image-preview":"max-image-preview:large","max-video-preview":"max-video-preview:-1"},"canonical":"https:\/\/charleroi-pourlapalestine.be\/index.php\/2023\/07\/02\/justice-pour-nahel-qui-seme-la-haggra-recolte-lintifada\/","schema":{"@context":"https:\/\/schema.org","@graph":[{"@type":"Article","@id":"https:\/\/charleroi-pourlapalestine.be\/index.php\/2023\/07\/02\/justice-pour-nahel-qui-seme-la-haggra-recolte-lintifada\/#article","isPartOf":{"@id":"https:\/\/charleroi-pourlapalestine.be\/index.php\/2023\/07\/02\/justice-pour-nahel-qui-seme-la-haggra-recolte-lintifada\/"},"author":{"name":"admin1873","@id":"https:\/\/charleroi-pourlapalestine.be\/#\/schema\/person\/c19ff515112f1299d8c12671d8fe3faa"},"headline":"Justice pour Nahel : Qui s\u00e8me la Haggra r\u00e9colte l\u2019Intifada !","datePublished":"2023-07-02T09:03:10+00:00","dateModified":"2023-07-02T09:17:22+00:00","mainEntityOfPage":{"@id":"https:\/\/charleroi-pourlapalestine.be\/index.php\/2023\/07\/02\/justice-pour-nahel-qui-seme-la-haggra-recolte-lintifada\/"},"wordCount":528,"publisher":{"@id":"https:\/\/charleroi-pourlapalestine.be\/#organization"},"image":{"@id":"https:\/\/charleroi-pourlapalestine.be\/index.php\/2023\/07\/02\/justice-pour-nahel-qui-seme-la-haggra-recolte-lintifada\/#primaryimage"},"thumbnailUrl":"https:\/\/charleroi-pourlapalestine.be\/wp-content\/uploads\/2023\/07\/Justice-pour-Nahel-e1688289115623.jpg","articleSection":["Colonialisme","France","Racisme","Terrorisme d'Etat","violences polici\u00e8res"],"inLanguage":"fr-FR"},{"@type":"WebPage","@id":"https:\/\/charleroi-pourlapalestine.be\/index.php\/2023\/07\/02\/justice-pour-nahel-qui-seme-la-haggra-recolte-lintifada\/","url":"https:\/\/charleroi-pourlapalestine.be\/index.php\/2023\/07\/02\/justice-pour-nahel-qui-seme-la-haggra-recolte-lintifada\/","name":"Justice pour Nahel : Qui s\u00e8me la Haggra r\u00e9colte l\u2019Intifada !","isPartOf":{"@id":"https:\/\/charleroi-pourlapalestine.be\/#website"},"primaryImageOfPage":{"@id":"https:\/\/charleroi-pourlapalestine.be\/index.php\/2023\/07\/02\/justice-pour-nahel-qui-seme-la-haggra-recolte-lintifada\/#primaryimage"},"image":{"@id":"https:\/\/charleroi-pourlapalestine.be\/index.php\/2023\/07\/02\/justice-pour-nahel-qui-seme-la-haggra-recolte-lintifada\/#primaryimage"},"thumbnailUrl":"https:\/\/charleroi-pourlapalestine.be\/wp-content\/uploads\/2023\/07\/Justice-pour-Nahel-e1688289115623.jpg","datePublished":"2023-07-02T09:03:10+00:00","dateModified":"2023-07-02T09:17:22+00:00","description":"Le pr\u00e9nom de la victime du crime raciste, Nahel, est devenu un nouveau symbole des in\u00e9galit\u00e9s structurelles en France et de la violence d\u2019\u00c9tat.","breadcrumb":{"@id":"https:\/\/charleroi-pourlapalestine.be\/index.php\/2023\/07\/02\/justice-pour-nahel-qui-seme-la-haggra-recolte-lintifada\/#breadcrumb"},"inLanguage":"fr-FR","potentialAction":[{"@type":"ReadAction","target":["https:\/\/charleroi-pourlapalestine.be\/index.php\/2023\/07\/02\/justice-pour-nahel-qui-seme-la-haggra-recolte-lintifada\/"]}]},{"@type":"ImageObject","inLanguage":"fr-FR","@id":"https:\/\/charleroi-pourlapalestine.be\/index.php\/2023\/07\/02\/justice-pour-nahel-qui-seme-la-haggra-recolte-lintifada\/#primaryimage","url":"https:\/\/charleroi-pourlapalestine.be\/wp-content\/uploads\/2023\/07\/Justice-pour-Nahel-e1688289115623.jpg","contentUrl":"https:\/\/charleroi-pourlapalestine.be\/wp-content\/uploads\/2023\/07\/Justice-pour-Nahel-e1688289115623.jpg","width":908,"height":463},{"@type":"BreadcrumbList","@id":"https:\/\/charleroi-pourlapalestine.be\/index.php\/2023\/07\/02\/justice-pour-nahel-qui-seme-la-haggra-recolte-lintifada\/#breadcrumb","itemListElement":[{"@type":"ListItem","position":1,"name":"Accueil","item":"https:\/\/charleroi-pourlapalestine.be\/"},{"@type":"ListItem","position":2,"name":"Justice pour Nahel : Qui s\u00e8me la Haggra r\u00e9colte l\u2019Intifada !"}]},{"@type":"WebSite","@id":"https:\/\/charleroi-pourlapalestine.be\/#website","url":"https:\/\/charleroi-pourlapalestine.be\/","name":"Charleroi Pour la Palestine","description":"","publisher":{"@id":"https:\/\/charleroi-pourlapalestine.be\/#organization"},"potentialAction":[{"@type":"SearchAction","target":{"@type":"EntryPoint","urlTemplate":"https:\/\/charleroi-pourlapalestine.be\/?s={search_term_string}"},"query-input":{"@type":"PropertyValueSpecification","valueRequired":true,"valueName":"search_term_string"}}],"inLanguage":"fr-FR"},{"@type":"Organization","@id":"https:\/\/charleroi-pourlapalestine.be\/#organization","name":"Plate-forme Charleroi-Palestine","url":"https:\/\/charleroi-pourlapalestine.be\/","logo":{"@type":"ImageObject","inLanguage":"fr-FR","@id":"https:\/\/charleroi-pourlapalestine.be\/#\/schema\/logo\/image\/","url":"https:\/\/charleroi-pourlapalestine.be\/wp-content\/uploads\/2020\/01\/logo-Copy.jpg","contentUrl":"https:\/\/charleroi-pourlapalestine.be\/wp-content\/uploads\/2020\/01\/logo-Copy.jpg","width":180,"height":180,"caption":"Plate-forme Charleroi-Palestine"},"image":{"@id":"https:\/\/charleroi-pourlapalestine.be\/#\/schema\/logo\/image\/"},"sameAs":["https:\/\/www.facebook.com\/PlateformeCharleroiPalestine\/","https:\/\/x.com\/LaCharleroi"]},{"@type":"Person","@id":"https:\/\/charleroi-pourlapalestine.be\/#\/schema\/person\/c19ff515112f1299d8c12671d8fe3faa","name":"admin1873","url":"https:\/\/charleroi-pourlapalestine.be\/index.php\/author\/admin1873\/"}]}},"_links":{"self":[{"href":"https:\/\/charleroi-pourlapalestine.be\/index.php\/wp-json\/wp\/v2\/posts\/57698","targetHints":{"allow":["GET"]}}],"collection":[{"href":"https:\/\/charleroi-pourlapalestine.be\/index.php\/wp-json\/wp\/v2\/posts"}],"about":[{"href":"https:\/\/charleroi-pourlapalestine.be\/index.php\/wp-json\/wp\/v2\/types\/post"}],"author":[{"embeddable":true,"href":"https:\/\/charleroi-pourlapalestine.be\/index.php\/wp-json\/wp\/v2\/users\/1"}],"replies":[{"embeddable":true,"href":"https:\/\/charleroi-pourlapalestine.be\/index.php\/wp-json\/wp\/v2\/comments?post=57698"}],"version-history":[{"count":0,"href":"https:\/\/charleroi-pourlapalestine.be\/index.php\/wp-json\/wp\/v2\/posts\/57698\/revisions"}],"wp:featuredmedia":[{"embeddable":true,"href":"https:\/\/charleroi-pourlapalestine.be\/index.php\/wp-json\/wp\/v2\/media\/57703"}],"wp:attachment":[{"href":"https:\/\/charleroi-pourlapalestine.be\/index.php\/wp-json\/wp\/v2\/media?parent=57698"}],"wp:term":[{"taxonomy":"category","embeddable":true,"href":"https:\/\/charleroi-pourlapalestine.be\/index.php\/wp-json\/wp\/v2\/categories?post=57698"},{"taxonomy":"post_tag","embeddable":true,"href":"https:\/\/charleroi-pourlapalestine.be\/index.php\/wp-json\/wp\/v2\/tags?post=57698"}],"curies":[{"name":"wp","href":"https:\/\/api.w.org\/{rel}","templated":true}]}}