{"id":58684,"date":"2023-08-01T11:04:48","date_gmt":"2023-08-01T09:04:48","guid":{"rendered":"https:\/\/charleroi-pourlapalestine.be\/?p=58684"},"modified":"2024-02-11T11:16:13","modified_gmt":"2024-02-11T10:16:13","slug":"masar-badil-a-propos-de-la-crise-dans-le-camp-de-refugies-dain-el-helweh-au-liban","status":"publish","type":"post","link":"https:\/\/charleroi-pourlapalestine.be\/index.php\/2023\/08\/01\/masar-badil-a-propos-de-la-crise-dans-le-camp-de-refugies-dain-el-helweh-au-liban\/","title":{"rendered":"Masar Badil : A propos de la crise dans le camp de r\u00e9fugi\u00e9s d\u2019Ain el-Helweh au Liban"},"content":{"rendered":"<p>Depuis le 29 juillet dernier, des affrontements arm\u00e9s ont lieu dans le camp de r\u00e9fugi\u00e9s palestiniens d\u2019<strong>Ain el-Helweh<\/strong> au <strong>Liban<\/strong> entre des groupes islamistes arm\u00e9s et des membres du Fatah. Cette violence a provoqu\u00e9 la mort d\u2019au moins 11 Palestiniens et provoqu\u00e9 le d\u00e9placement de deux mille personnes. Membre de ce mouvement, le <strong>Collectif Palestine Vaincra<\/strong> relaie ci-dessous le communiqu\u00e9 de <strong>Masar Badil<\/strong> sur cet \u00e9v\u00e9nement.<\/p>\n<div id=\"attachment_58688\" style=\"width: 952px\" class=\"wp-caption aligncenter\"><img loading=\"lazy\" decoding=\"async\" aria-describedby=\"caption-attachment-58688\" class=\"wp-image-58688 size-full\" src=\"https:\/\/charleroi-pourlapalestine.be\/wp-content\/uploads\/2023\/08\/Mohamed-Khatib-Masar-Badil-2.jpg\" alt=\"Membre du comit\u00e9 ex\u00e9cutif de Masar Badil (Mouvement de la Voie Alternative R\u00e9volutionnaire Palestinienne), Mohammed Khatib\" width=\"942\" height=\"588\" srcset=\"https:\/\/charleroi-pourlapalestine.be\/wp-content\/uploads\/2023\/08\/Mohamed-Khatib-Masar-Badil-2.jpg 942w, https:\/\/charleroi-pourlapalestine.be\/wp-content\/uploads\/2023\/08\/Mohamed-Khatib-Masar-Badil-2-300x187.jpg 300w, https:\/\/charleroi-pourlapalestine.be\/wp-content\/uploads\/2023\/08\/Mohamed-Khatib-Masar-Badil-2-768x479.jpg 768w\" sizes=\"auto, (max-width: 942px) 100vw, 942px\" \/><p id=\"caption-attachment-58688\" class=\"wp-caption-text\"><strong>Mohammed Khatib<\/strong><\/p><\/div>\n<p>Membre du comit\u00e9 ex\u00e9cutif de <strong>Masar Badil (Mouvement de la Voie Alternative R\u00e9volutionnaire Palestinienne),<\/strong> <strong>Mohammed Khatib<\/strong> a d\u00e9clar\u00e9 que les combats dans le camp de r\u00e9fugi\u00e9s palestiniens d\u2019Ain el-Helweh \u00e0 Sa\u00efda, au sud du Liban, font partie du processus continu de destruction et de liquidation des droits palestiniens qui a commenc\u00e9 avec l\u2019abandon palestinien officiel des masses en exil et en diaspora et de leurs droits nationaux et humains, dans le cadre des accords d\u2019Oslo. En fait, a-t-il dit, ce qui se passe dans le camp est l\u2019expression d\u2019une crise plus grave qu\u2019un <em>\u00ab conflit passager entre hommes arm\u00e9s \u00bb<\/em>. Il ne sert que l\u2019entit\u00e9 sioniste, les forces d\u2019Oslo et toutes les forces ennemies dress\u00e9es contre le peuple palestinien au Liban et dans toute la r\u00e9gion.<\/p>\n<p><strong>N\u00e9 dans le camp d\u2019Ain el-Helweh,<\/strong> Khatib a d\u00e9clar\u00e9 que les camps de r\u00e9fugi\u00e9s palestiniens au Liban sont isol\u00e9s, exploit\u00e9s et appauvris depuis des d\u00e9cennies. Les r\u00e9fugi\u00e9s vivent dans un \u00e9tat d\u2019oppression et de si\u00e8ge g\u00e9n\u00e9ralis\u00e9, tant \u00e0 l\u2019int\u00e9rieur que dans leur environnement r\u00e9gional plus large, et ils ont \u00e9t\u00e9 t\u00e9moins de transformations \u00e9conomiques, sociales et politiques massives apr\u00e8s l\u2019invasion sioniste de 1982, les massacres qu\u2019elle a perp\u00e9tr\u00e9s et le si\u00e8ge que le camp a subi en 1985.<\/p>\n<p><strong>Khatib<\/strong> a not\u00e9 que les camps ont \u00e9t\u00e9 progressivement transform\u00e9s de bases avanc\u00e9es de la r\u00e9volution, de la r\u00e9sistance et de la culture nationale en ceintures de mis\u00e8re et de pauvret\u00e9, et sont devenus un terrain fertile pour le d\u00e9veloppement de courants arm\u00e9s qui ne veulent pas tant combattre l\u2019ennemi sioniste qu\u2019imposer leur autorit\u00e9 dans le camp, bien qu\u2019il y ait des exceptions.<\/p>\n<p>Il a soulign\u00e9 qu\u2019il n\u2019y a pas de solution rapide \u00e0 la situation de crise dans les camps. Ce qu\u2019il faut, a-t-il dit, c\u2019est <strong>soutenir la jeunesse dans sa prise de conscience nationale et r\u00e9volutionnaire, affronter le projet de liquidation \u00e9tabli par les accords d\u2019Oslo et \u0153uvrer \u00e0 la reconstruction du projet r\u00e9volutionnaire du mouvement de lib\u00e9ration palestinien en restituant la voix confisqu\u00e9e des masses de la diaspora et en reprenant leur r\u00f4le dans la lutte contre l\u2019ennemi sioniste en faveur du retour et de la lib\u00e9ration<\/strong>. La situation \u00e0 l\u2019int\u00e9rieur de la Palestine occup\u00e9e de 48, marqu\u00e9e par des crimes violents quotidiens et la propagation du ph\u00e9nom\u00e8ne des gangs criminels, qui a co\u00fbt\u00e9 la vie \u00e0 des centaines de Palestiniens, sert \u00e9galement le m\u00eame objectif, \u00e0 savoir la destruction de la cause palestinienne et le d\u00e9mant\u00e8lement et l\u2019isolement du peuple palestinien.<\/p>\n<p><strong>Khatib<\/strong> a not\u00e9 que les autorit\u00e9s libanaises pratiquent depuis des d\u00e9cennies des politiques racistes et d\u2019exclusion syst\u00e9matiques et bien connues, les Palestiniens du Liban \u00e9tant priv\u00e9s de leurs droits les plus fondamentaux, notamment de leur droit de travailler et de construire leur maison, et de la confiscation de leurs droits civils. Il a aussi soulign\u00e9 qu\u2019il \u00e9tait urgent de d\u00e9finir la fonction et l\u2019orientation des armes palestiniennes dans les camps et de mettre en place des institutions nationales qui fournissent des soins de sant\u00e9, de l\u2019\u00e9ducation et d\u2019autres services.<\/p>\n<p><strong>Khatib<\/strong> a soulign\u00e9 que la poursuite de la crise actuelle et son exacerbation dans les camps palestiniens ne servira pas la stabilit\u00e9 et la s\u00e9curit\u00e9 du Liban, comme certains le pensent, et affectera n\u00e9gativement l\u2019ensemble de la situation libanaise et arabe.<\/p>\n<p style=\"text-align: center;\">*****<\/p>\n<p>Publi\u00e9 le 1er ao\u00fbt 2023 sur <a href=\"https:\/\/masarbadil.org\/en\/2023\/08\/4135\/\" target=\"_blank\" rel=\"noopener\">Masar Badil<\/a><\/p>\n<p>Traduction : <a href=\"https:\/\/palestinevaincra.com\/2023\/08\/masar-badil-a-propos-de-la-crise-dans-le-camp-de-refugies-dain-el-helweh-au-liban\/\" target=\"_blank\" rel=\"noopener\">Collectif Palestine Vaincra<\/a><\/p>\n","protected":false},"excerpt":{"rendered":"<p>Mohamed Khatib : il faut \u0153uvrer \u00e0 la reconstruction du projet r\u00e9volutionnaire du mouvement de lib\u00e9ration palestinien et restituer la voix confisqu\u00e9e des masses de la diaspora<\/p>\n","protected":false},"author":1,"featured_media":58688,"comment_status":"closed","ping_status":"closed","sticky":false,"template":"","format":"standard","meta":{"ngg_post_thumbnail":0,"footnotes":""},"categories":[836,191,846],"tags":[843,851],"class_list":["post-58684","post","type-post","status-publish","format-standard","has-post-thumbnail","hentry","category-camps-de-refugies","category-liban","category-masar-badil","tag-masar-badil","tag-mohammed-khatib"],"yoast_head":"<!-- This site is optimized with the Yoast SEO plugin v27.3 - https:\/\/yoast.com\/product\/yoast-seo-wordpress\/ -->\n<title>Masar Badil : A propos de la crise dans le camp de r\u00e9fugi\u00e9s d\u2019Ain el-Helweh au Liban<\/title>\n<meta name=\"description\" content=\"Le communiqu\u00e9 de Masar Badil \u00e0 propos des des affrontements arm\u00e9s dans le camp de r\u00e9fugi\u00e9s palestiniens d\u2019Ain el-Helweh au Liban\" \/>\n<meta name=\"robots\" content=\"index, follow, max-snippet:-1, max-image-preview:large, max-video-preview:-1\" \/>\n<link rel=\"canonical\" href=\"https:\/\/charleroi-pourlapalestine.be\/index.php\/2023\/08\/01\/masar-badil-a-propos-de-la-crise-dans-le-camp-de-refugies-dain-el-helweh-au-liban\/\" \/>\n<script type=\"application\/ld+json\" class=\"yoast-schema-graph\">{\"@context\":\"https:\\\/\\\/schema.org\",\"@graph\":[{\"@type\":\"Article\",\"@id\":\"https:\\\/\\\/charleroi-pourlapalestine.be\\\/index.php\\\/2023\\\/08\\\/01\\\/masar-badil-a-propos-de-la-crise-dans-le-camp-de-refugies-dain-el-helweh-au-liban\\\/#article\",\"isPartOf\":{\"@id\":\"https:\\\/\\\/charleroi-pourlapalestine.be\\\/index.php\\\/2023\\\/08\\\/01\\\/masar-badil-a-propos-de-la-crise-dans-le-camp-de-refugies-dain-el-helweh-au-liban\\\/\"},\"author\":{\"name\":\"admin1873\",\"@id\":\"https:\\\/\\\/charleroi-pourlapalestine.be\\\/#\\\/schema\\\/person\\\/c19ff515112f1299d8c12671d8fe3faa\"},\"headline\":\"Masar Badil : A propos de la crise dans le camp de r\u00e9fugi\u00e9s d\u2019Ain el-Helweh au Liban\",\"datePublished\":\"2023-08-01T09:04:48+00:00\",\"dateModified\":\"2024-02-11T10:16:13+00:00\",\"mainEntityOfPage\":{\"@id\":\"https:\\\/\\\/charleroi-pourlapalestine.be\\\/index.php\\\/2023\\\/08\\\/01\\\/masar-badil-a-propos-de-la-crise-dans-le-camp-de-refugies-dain-el-helweh-au-liban\\\/\"},\"wordCount\":725,\"publisher\":{\"@id\":\"https:\\\/\\\/charleroi-pourlapalestine.be\\\/#organization\"},\"image\":{\"@id\":\"https:\\\/\\\/charleroi-pourlapalestine.be\\\/index.php\\\/2023\\\/08\\\/01\\\/masar-badil-a-propos-de-la-crise-dans-le-camp-de-refugies-dain-el-helweh-au-liban\\\/#primaryimage\"},\"thumbnailUrl\":\"https:\\\/\\\/charleroi-pourlapalestine.be\\\/wp-content\\\/uploads\\\/2023\\\/08\\\/Mohamed-Khatib-Masar-Badil-2.jpg\",\"keywords\":[\"Masar Badil\",\"Mohammed Khatib\"],\"articleSection\":[\"Camps de r\u00e9fugi\u00e9s\",\"Liban\",\"Masar Badil\"],\"inLanguage\":\"fr-FR\"},{\"@type\":\"WebPage\",\"@id\":\"https:\\\/\\\/charleroi-pourlapalestine.be\\\/index.php\\\/2023\\\/08\\\/01\\\/masar-badil-a-propos-de-la-crise-dans-le-camp-de-refugies-dain-el-helweh-au-liban\\\/\",\"url\":\"https:\\\/\\\/charleroi-pourlapalestine.be\\\/index.php\\\/2023\\\/08\\\/01\\\/masar-badil-a-propos-de-la-crise-dans-le-camp-de-refugies-dain-el-helweh-au-liban\\\/\",\"name\":\"Masar Badil : A propos de la crise dans le camp de r\u00e9fugi\u00e9s d\u2019Ain el-Helweh au Liban\",\"isPartOf\":{\"@id\":\"https:\\\/\\\/charleroi-pourlapalestine.be\\\/#website\"},\"primaryImageOfPage\":{\"@id\":\"https:\\\/\\\/charleroi-pourlapalestine.be\\\/index.php\\\/2023\\\/08\\\/01\\\/masar-badil-a-propos-de-la-crise-dans-le-camp-de-refugies-dain-el-helweh-au-liban\\\/#primaryimage\"},\"image\":{\"@id\":\"https:\\\/\\\/charleroi-pourlapalestine.be\\\/index.php\\\/2023\\\/08\\\/01\\\/masar-badil-a-propos-de-la-crise-dans-le-camp-de-refugies-dain-el-helweh-au-liban\\\/#primaryimage\"},\"thumbnailUrl\":\"https:\\\/\\\/charleroi-pourlapalestine.be\\\/wp-content\\\/uploads\\\/2023\\\/08\\\/Mohamed-Khatib-Masar-Badil-2.jpg\",\"datePublished\":\"2023-08-01T09:04:48+00:00\",\"dateModified\":\"2024-02-11T10:16:13+00:00\",\"description\":\"Le communiqu\u00e9 de Masar Badil \u00e0 propos des des affrontements arm\u00e9s dans le camp de r\u00e9fugi\u00e9s palestiniens d\u2019Ain el-Helweh au Liban\",\"breadcrumb\":{\"@id\":\"https:\\\/\\\/charleroi-pourlapalestine.be\\\/index.php\\\/2023\\\/08\\\/01\\\/masar-badil-a-propos-de-la-crise-dans-le-camp-de-refugies-dain-el-helweh-au-liban\\\/#breadcrumb\"},\"inLanguage\":\"fr-FR\",\"potentialAction\":[{\"@type\":\"ReadAction\",\"target\":[\"https:\\\/\\\/charleroi-pourlapalestine.be\\\/index.php\\\/2023\\\/08\\\/01\\\/masar-badil-a-propos-de-la-crise-dans-le-camp-de-refugies-dain-el-helweh-au-liban\\\/\"]}]},{\"@type\":\"ImageObject\",\"inLanguage\":\"fr-FR\",\"@id\":\"https:\\\/\\\/charleroi-pourlapalestine.be\\\/index.php\\\/2023\\\/08\\\/01\\\/masar-badil-a-propos-de-la-crise-dans-le-camp-de-refugies-dain-el-helweh-au-liban\\\/#primaryimage\",\"url\":\"https:\\\/\\\/charleroi-pourlapalestine.be\\\/wp-content\\\/uploads\\\/2023\\\/08\\\/Mohamed-Khatib-Masar-Badil-2.jpg\",\"contentUrl\":\"https:\\\/\\\/charleroi-pourlapalestine.be\\\/wp-content\\\/uploads\\\/2023\\\/08\\\/Mohamed-Khatib-Masar-Badil-2.jpg\",\"width\":942,\"height\":588},{\"@type\":\"BreadcrumbList\",\"@id\":\"https:\\\/\\\/charleroi-pourlapalestine.be\\\/index.php\\\/2023\\\/08\\\/01\\\/masar-badil-a-propos-de-la-crise-dans-le-camp-de-refugies-dain-el-helweh-au-liban\\\/#breadcrumb\",\"itemListElement\":[{\"@type\":\"ListItem\",\"position\":1,\"name\":\"Accueil\",\"item\":\"https:\\\/\\\/charleroi-pourlapalestine.be\\\/\"},{\"@type\":\"ListItem\",\"position\":2,\"name\":\"Masar Badil : A propos de la crise dans le camp de r\u00e9fugi\u00e9s d\u2019Ain el-Helweh au Liban\"}]},{\"@type\":\"WebSite\",\"@id\":\"https:\\\/\\\/charleroi-pourlapalestine.be\\\/#website\",\"url\":\"https:\\\/\\\/charleroi-pourlapalestine.be\\\/\",\"name\":\"Charleroi Pour la Palestine\",\"description\":\"\",\"publisher\":{\"@id\":\"https:\\\/\\\/charleroi-pourlapalestine.be\\\/#organization\"},\"potentialAction\":[{\"@type\":\"SearchAction\",\"target\":{\"@type\":\"EntryPoint\",\"urlTemplate\":\"https:\\\/\\\/charleroi-pourlapalestine.be\\\/?s={search_term_string}\"},\"query-input\":{\"@type\":\"PropertyValueSpecification\",\"valueRequired\":true,\"valueName\":\"search_term_string\"}}],\"inLanguage\":\"fr-FR\"},{\"@type\":\"Organization\",\"@id\":\"https:\\\/\\\/charleroi-pourlapalestine.be\\\/#organization\",\"name\":\"Plate-forme Charleroi-Palestine\",\"url\":\"https:\\\/\\\/charleroi-pourlapalestine.be\\\/\",\"logo\":{\"@type\":\"ImageObject\",\"inLanguage\":\"fr-FR\",\"@id\":\"https:\\\/\\\/charleroi-pourlapalestine.be\\\/#\\\/schema\\\/logo\\\/image\\\/\",\"url\":\"https:\\\/\\\/charleroi-pourlapalestine.be\\\/wp-content\\\/uploads\\\/2020\\\/01\\\/logo-Copy.jpg\",\"contentUrl\":\"https:\\\/\\\/charleroi-pourlapalestine.be\\\/wp-content\\\/uploads\\\/2020\\\/01\\\/logo-Copy.jpg\",\"width\":180,\"height\":180,\"caption\":\"Plate-forme Charleroi-Palestine\"},\"image\":{\"@id\":\"https:\\\/\\\/charleroi-pourlapalestine.be\\\/#\\\/schema\\\/logo\\\/image\\\/\"},\"sameAs\":[\"https:\\\/\\\/www.facebook.com\\\/PlateformeCharleroiPalestine\\\/\",\"https:\\\/\\\/x.com\\\/LaCharleroi\"]},{\"@type\":\"Person\",\"@id\":\"https:\\\/\\\/charleroi-pourlapalestine.be\\\/#\\\/schema\\\/person\\\/c19ff515112f1299d8c12671d8fe3faa\",\"name\":\"admin1873\",\"url\":\"https:\\\/\\\/charleroi-pourlapalestine.be\\\/index.php\\\/author\\\/admin1873\\\/\"}]}<\/script>\n<!-- \/ Yoast SEO plugin. -->","yoast_head_json":{"title":"Masar Badil : A propos de la crise dans le camp de r\u00e9fugi\u00e9s d\u2019Ain el-Helweh au Liban","description":"Le communiqu\u00e9 de Masar Badil \u00e0 propos des des affrontements arm\u00e9s dans le camp de r\u00e9fugi\u00e9s palestiniens d\u2019Ain el-Helweh au Liban","robots":{"index":"index","follow":"follow","max-snippet":"max-snippet:-1","max-image-preview":"max-image-preview:large","max-video-preview":"max-video-preview:-1"},"canonical":"https:\/\/charleroi-pourlapalestine.be\/index.php\/2023\/08\/01\/masar-badil-a-propos-de-la-crise-dans-le-camp-de-refugies-dain-el-helweh-au-liban\/","schema":{"@context":"https:\/\/schema.org","@graph":[{"@type":"Article","@id":"https:\/\/charleroi-pourlapalestine.be\/index.php\/2023\/08\/01\/masar-badil-a-propos-de-la-crise-dans-le-camp-de-refugies-dain-el-helweh-au-liban\/#article","isPartOf":{"@id":"https:\/\/charleroi-pourlapalestine.be\/index.php\/2023\/08\/01\/masar-badil-a-propos-de-la-crise-dans-le-camp-de-refugies-dain-el-helweh-au-liban\/"},"author":{"name":"admin1873","@id":"https:\/\/charleroi-pourlapalestine.be\/#\/schema\/person\/c19ff515112f1299d8c12671d8fe3faa"},"headline":"Masar Badil : A propos de la crise dans le camp de r\u00e9fugi\u00e9s d\u2019Ain el-Helweh au Liban","datePublished":"2023-08-01T09:04:48+00:00","dateModified":"2024-02-11T10:16:13+00:00","mainEntityOfPage":{"@id":"https:\/\/charleroi-pourlapalestine.be\/index.php\/2023\/08\/01\/masar-badil-a-propos-de-la-crise-dans-le-camp-de-refugies-dain-el-helweh-au-liban\/"},"wordCount":725,"publisher":{"@id":"https:\/\/charleroi-pourlapalestine.be\/#organization"},"image":{"@id":"https:\/\/charleroi-pourlapalestine.be\/index.php\/2023\/08\/01\/masar-badil-a-propos-de-la-crise-dans-le-camp-de-refugies-dain-el-helweh-au-liban\/#primaryimage"},"thumbnailUrl":"https:\/\/charleroi-pourlapalestine.be\/wp-content\/uploads\/2023\/08\/Mohamed-Khatib-Masar-Badil-2.jpg","keywords":["Masar Badil","Mohammed Khatib"],"articleSection":["Camps de r\u00e9fugi\u00e9s","Liban","Masar Badil"],"inLanguage":"fr-FR"},{"@type":"WebPage","@id":"https:\/\/charleroi-pourlapalestine.be\/index.php\/2023\/08\/01\/masar-badil-a-propos-de-la-crise-dans-le-camp-de-refugies-dain-el-helweh-au-liban\/","url":"https:\/\/charleroi-pourlapalestine.be\/index.php\/2023\/08\/01\/masar-badil-a-propos-de-la-crise-dans-le-camp-de-refugies-dain-el-helweh-au-liban\/","name":"Masar Badil : A propos de la crise dans le camp de r\u00e9fugi\u00e9s d\u2019Ain el-Helweh au Liban","isPartOf":{"@id":"https:\/\/charleroi-pourlapalestine.be\/#website"},"primaryImageOfPage":{"@id":"https:\/\/charleroi-pourlapalestine.be\/index.php\/2023\/08\/01\/masar-badil-a-propos-de-la-crise-dans-le-camp-de-refugies-dain-el-helweh-au-liban\/#primaryimage"},"image":{"@id":"https:\/\/charleroi-pourlapalestine.be\/index.php\/2023\/08\/01\/masar-badil-a-propos-de-la-crise-dans-le-camp-de-refugies-dain-el-helweh-au-liban\/#primaryimage"},"thumbnailUrl":"https:\/\/charleroi-pourlapalestine.be\/wp-content\/uploads\/2023\/08\/Mohamed-Khatib-Masar-Badil-2.jpg","datePublished":"2023-08-01T09:04:48+00:00","dateModified":"2024-02-11T10:16:13+00:00","description":"Le communiqu\u00e9 de Masar Badil \u00e0 propos des des affrontements arm\u00e9s dans le camp de r\u00e9fugi\u00e9s palestiniens d\u2019Ain el-Helweh au Liban","breadcrumb":{"@id":"https:\/\/charleroi-pourlapalestine.be\/index.php\/2023\/08\/01\/masar-badil-a-propos-de-la-crise-dans-le-camp-de-refugies-dain-el-helweh-au-liban\/#breadcrumb"},"inLanguage":"fr-FR","potentialAction":[{"@type":"ReadAction","target":["https:\/\/charleroi-pourlapalestine.be\/index.php\/2023\/08\/01\/masar-badil-a-propos-de-la-crise-dans-le-camp-de-refugies-dain-el-helweh-au-liban\/"]}]},{"@type":"ImageObject","inLanguage":"fr-FR","@id":"https:\/\/charleroi-pourlapalestine.be\/index.php\/2023\/08\/01\/masar-badil-a-propos-de-la-crise-dans-le-camp-de-refugies-dain-el-helweh-au-liban\/#primaryimage","url":"https:\/\/charleroi-pourlapalestine.be\/wp-content\/uploads\/2023\/08\/Mohamed-Khatib-Masar-Badil-2.jpg","contentUrl":"https:\/\/charleroi-pourlapalestine.be\/wp-content\/uploads\/2023\/08\/Mohamed-Khatib-Masar-Badil-2.jpg","width":942,"height":588},{"@type":"BreadcrumbList","@id":"https:\/\/charleroi-pourlapalestine.be\/index.php\/2023\/08\/01\/masar-badil-a-propos-de-la-crise-dans-le-camp-de-refugies-dain-el-helweh-au-liban\/#breadcrumb","itemListElement":[{"@type":"ListItem","position":1,"name":"Accueil","item":"https:\/\/charleroi-pourlapalestine.be\/"},{"@type":"ListItem","position":2,"name":"Masar Badil : A propos de la crise dans le camp de r\u00e9fugi\u00e9s d\u2019Ain el-Helweh au Liban"}]},{"@type":"WebSite","@id":"https:\/\/charleroi-pourlapalestine.be\/#website","url":"https:\/\/charleroi-pourlapalestine.be\/","name":"Charleroi Pour la Palestine","description":"","publisher":{"@id":"https:\/\/charleroi-pourlapalestine.be\/#organization"},"potentialAction":[{"@type":"SearchAction","target":{"@type":"EntryPoint","urlTemplate":"https:\/\/charleroi-pourlapalestine.be\/?s={search_term_string}"},"query-input":{"@type":"PropertyValueSpecification","valueRequired":true,"valueName":"search_term_string"}}],"inLanguage":"fr-FR"},{"@type":"Organization","@id":"https:\/\/charleroi-pourlapalestine.be\/#organization","name":"Plate-forme Charleroi-Palestine","url":"https:\/\/charleroi-pourlapalestine.be\/","logo":{"@type":"ImageObject","inLanguage":"fr-FR","@id":"https:\/\/charleroi-pourlapalestine.be\/#\/schema\/logo\/image\/","url":"https:\/\/charleroi-pourlapalestine.be\/wp-content\/uploads\/2020\/01\/logo-Copy.jpg","contentUrl":"https:\/\/charleroi-pourlapalestine.be\/wp-content\/uploads\/2020\/01\/logo-Copy.jpg","width":180,"height":180,"caption":"Plate-forme Charleroi-Palestine"},"image":{"@id":"https:\/\/charleroi-pourlapalestine.be\/#\/schema\/logo\/image\/"},"sameAs":["https:\/\/www.facebook.com\/PlateformeCharleroiPalestine\/","https:\/\/x.com\/LaCharleroi"]},{"@type":"Person","@id":"https:\/\/charleroi-pourlapalestine.be\/#\/schema\/person\/c19ff515112f1299d8c12671d8fe3faa","name":"admin1873","url":"https:\/\/charleroi-pourlapalestine.be\/index.php\/author\/admin1873\/"}]}},"_links":{"self":[{"href":"https:\/\/charleroi-pourlapalestine.be\/index.php\/wp-json\/wp\/v2\/posts\/58684","targetHints":{"allow":["GET"]}}],"collection":[{"href":"https:\/\/charleroi-pourlapalestine.be\/index.php\/wp-json\/wp\/v2\/posts"}],"about":[{"href":"https:\/\/charleroi-pourlapalestine.be\/index.php\/wp-json\/wp\/v2\/types\/post"}],"author":[{"embeddable":true,"href":"https:\/\/charleroi-pourlapalestine.be\/index.php\/wp-json\/wp\/v2\/users\/1"}],"replies":[{"embeddable":true,"href":"https:\/\/charleroi-pourlapalestine.be\/index.php\/wp-json\/wp\/v2\/comments?post=58684"}],"version-history":[{"count":0,"href":"https:\/\/charleroi-pourlapalestine.be\/index.php\/wp-json\/wp\/v2\/posts\/58684\/revisions"}],"wp:featuredmedia":[{"embeddable":true,"href":"https:\/\/charleroi-pourlapalestine.be\/index.php\/wp-json\/wp\/v2\/media\/58688"}],"wp:attachment":[{"href":"https:\/\/charleroi-pourlapalestine.be\/index.php\/wp-json\/wp\/v2\/media?parent=58684"}],"wp:term":[{"taxonomy":"category","embeddable":true,"href":"https:\/\/charleroi-pourlapalestine.be\/index.php\/wp-json\/wp\/v2\/categories?post=58684"},{"taxonomy":"post_tag","embeddable":true,"href":"https:\/\/charleroi-pourlapalestine.be\/index.php\/wp-json\/wp\/v2\/tags?post=58684"}],"curies":[{"name":"wp","href":"https:\/\/api.w.org\/{rel}","templated":true}]}}