{"id":59498,"date":"2023-08-29T11:17:14","date_gmt":"2023-08-29T09:17:14","guid":{"rendered":"https:\/\/charleroi-pourlapalestine.be\/?p=59498"},"modified":"2023-08-29T11:17:16","modified_gmt":"2023-08-29T09:17:16","slug":"liberte-pour-amin-abu-rashed-prisonnier-politique-palestinien-aux-pays-bas","status":"publish","type":"post","link":"https:\/\/charleroi-pourlapalestine.be\/index.php\/2023\/08\/29\/liberte-pour-amin-abu-rashed-prisonnier-politique-palestinien-aux-pays-bas\/","title":{"rendered":"Libert\u00e9 pour Amin Abu Rashed, prisonnier politique palestinien aux Pays-Bas"},"content":{"rendered":"<p>Le 24 ao\u00fbt, <em>Samidoun<\/em> \u00e9tait pr\u00e9sent \u00e0 la conf\u00e9rence de presse de lancement de la campagne <em>Free Amin Abu Rashed<\/em> aux Pays-Bas. <strong>Amin Abu Rashed<\/strong> est un leader communautaire et un activiste palestinien qui est d\u00e9tenu par les autorit\u00e9s n\u00e9erlandaises depuis le 22 juin pour son travail humanitaire en faveur de la lutte du peuple palestinien pour sa lib\u00e9ration et son retour. Dans cet article, nous pr\u00e9sentons Amin et donnons un aper\u00e7u de son cas.<\/p>\n<p>&nbsp;<\/p>\n<div id=\"attachment_59500\" style=\"width: 911px\" class=\"wp-caption alignnone\"><img loading=\"lazy\" decoding=\"async\" aria-describedby=\"caption-attachment-59500\" class=\"wp-image-59500 size-full\" src=\"https:\/\/charleroi-pourlapalestine.be\/wp-content\/uploads\/2023\/08\/Amin-Abu-Rashed.jpg\" alt=\"Amin Abu Rashed\" width=\"901\" height=\"480\"><p id=\"caption-attachment-59500\" class=\"wp-caption-text\">Amin Abu Rashed<\/p><\/div>\n<p><strong>Le r\u00e9seau de solidarit\u00e9 avec les prisonniers palestiniens <em>Samidoun, <\/em>dont est membre la Plate-forme Charleroi-Palestine, est enti\u00e8rement solidaire d\u2019Amin Abu Rashed et demande sa lib\u00e9ration imm\u00e9diate de la prison n\u00e9erlandaise et l\u2019abandon de toutes les charges retenues contre lui. Nous exhortons toutes les organisations palestiniennes et progressistes \u00e0 soutenir Amin et \u00e0 se joindre \u00e0 la campagne pour sa lib\u00e9ration. Vous pouvez contacter la campagne Free Amin Abu Rashed \u00e0 l\u2019adresse <a href=\"https:\/\/www.facebook.com\/Palestijnsegemeenschap.nl\">https:\/\/www.facebook.com\/Palestijnsegemeenschap.nl<\/a> ou le porte-parole via WhatsApp +31638496427.<\/strong><\/p>\n<p>&nbsp;<\/p>\n<div id=\"attachment_58591\" style=\"width: 1210px\" class=\"wp-caption aligncenter\"><a href=\"https:\/\/i0.wp.com\/samidoun.net\/site\/wp-content\/uploads\/2023\/08\/signal-2023-08-26-100913_007-scaled.jpeg?ssl=1\"><img loading=\"lazy\" decoding=\"async\" aria-describedby=\"caption-attachment-58591\" class=\"td-animation-stack-type0-2 wp-image-58591 size-full\" src=\"https:\/\/i0.wp.com\/samidoun.net\/site\/wp-content\/uploads\/2023\/08\/signal-2023-08-26-100913_007-scaled.jpeg?resize=1200%2C900&amp;ssl=1\" sizes=\"auto, (max-width: 1200px) 100vw, 1200px\" srcset=\"https:\/\/i0.wp.com\/samidoun.net\/site\/wp-content\/uploads\/2023\/08\/signal-2023-08-26-100913_007-scaled.jpeg?w=2560&amp;ssl=1 2560w, https:\/\/i0.wp.com\/samidoun.net\/site\/wp-content\/uploads\/2023\/08\/signal-2023-08-26-100913_007-scaled.jpeg?resize=250%2C188&amp;ssl=1 250w, https:\/\/i0.wp.com\/samidoun.net\/site\/wp-content\/uploads\/2023\/08\/signal-2023-08-26-100913_007-scaled.jpeg?resize=300%2C225&amp;ssl=1 300w, https:\/\/i0.wp.com\/samidoun.net\/site\/wp-content\/uploads\/2023\/08\/signal-2023-08-26-100913_007-scaled.jpeg?resize=1024%2C768&amp;ssl=1 1024w, https:\/\/i0.wp.com\/samidoun.net\/site\/wp-content\/uploads\/2023\/08\/signal-2023-08-26-100913_007-scaled.jpeg?w=2400&amp;ssl=1 2400w\" alt=\"Conf\u00e9rence de presse de lancement de la campagne Free Amin Abu Rashed aux Pays-Bas.\" width=\"1200\" height=\"900\" data-recalc-dims=\"1\"><\/a><p id=\"caption-attachment-58591\" class=\"wp-caption-text\">Conf\u00e9rence de presse de lancement de la campagne Free Amin Abu Rashed aux Pays-Bas.<\/p><\/div>\n<p><strong>Qui est Amin ?<\/strong><\/p>\n<p>N\u00e9 \u00e0 Beyrouth en 1967, Amin Abu Rashed est un dirigeant communautaire et un organisateur palestinien \u00e9minent et respect\u00e9. Actif pour la cause palestinienne, il a perdu son bras droit pendant la guerre civile libanaise. En 1992, il s\u2019est install\u00e9 aux Pays-Bas et a obtenu l\u2019asile. Depuis, Amin vit aux Pays-Bas. Il est mari\u00e9 \u00e0 Umm Ibrahim, avec qui il a deux filles.<\/p>\n<p>Au cours des trente derni\u00e8res ann\u00e9es, Amin est devenu l\u2019une des personnes les plus actives au sein du mouvement palestinien aux Pays-Bas, par le biais de diverses organisations communautaires et fondations, telles que la<em> Palestijnse Gemeenschap in Nederland<\/em> (\u201cCommunaut\u00e9 palestinienne aux Pays-Bas\u201d) et<em> het Palestijnse Huis<\/em> (\u201cla Maison palestinienne\u201d). Ces organisations organisent et responsabilisent les Palestiniens aux Pays-Bas, organisent des actions politiques et des manifestations pour la lib\u00e9ration de la Palestine, et soutiennent leur peuple dans les camps de r\u00e9fugi\u00e9s en Palestine et dans la r\u00e9gion par le biais de l\u2019aide humanitaire. Il travaille \u00e9galement depuis longtemps au soutien de la solidarit\u00e9 internationale avec la Palestine, notamment dans le cadre du projet de la flottille de la libert\u00e9, qui consiste \u00e0 envoyer des bateaux \u00e0 Gaza pour briser le si\u00e8ge.<\/p>\n<p>Il est \u00e9galement pr\u00e9sident de la<em> Conf\u00e9rence des Palestiniens en Europe<\/em>, qui a r\u00e9cemment attir\u00e9 des milliers de personnes pour assister \u00e0 sa conf\u00e9rence de mai 2023 \u00e0 Malm\u00f6, en Su\u00e8de. La conf\u00e9rence a \u00e9t\u00e9 \u00e2prement attaqu\u00e9e par les forces sionistes, qui ont tent\u00e9 de contraindre les hommes politiques, y compris ceux qui ont une position d\u00e9clar\u00e9e en faveur de la Palestine, \u00e0 boycotter la conf\u00e9rence ou \u00e0 l\u2019emp\u00eacher d\u2019avoir lieu. Ces tentatives sont venues s\u2019ajouter aux attaques de l\u2019<em>Autorit\u00e9 palestinienne<\/em> contre la conf\u00e9rence et le travail d\u2019organisation des Palestiniens en Europe. En r\u00e9ponse \u00e0 tous ces efforts de propagande, la conf\u00e9rence a \u00e9t\u00e9 un succ\u00e8s majeur dans la mobilisation de la communaut\u00e9 palestinienne autour d\u2019un message d\u2019engagement clair en faveur du droit au retour sur la voie de la lib\u00e9ration de la Palestine.<\/p>\n<p><a href=\"https:\/\/i0.wp.com\/samidoun.net\/site\/wp-content\/uploads\/2023\/08\/signal-2023-08-26-100913_003-scaled.jpeg?ssl=1\"><img loading=\"lazy\" decoding=\"async\" class=\"aligncenter size-full wp-image-58593 td-animation-stack-type0-2\" src=\"https:\/\/i0.wp.com\/samidoun.net\/site\/wp-content\/uploads\/2023\/08\/signal-2023-08-26-100913_003-scaled.jpeg?resize=1200%2C900&amp;ssl=1\" sizes=\"auto, (max-width: 1200px) 100vw, 1200px\" srcset=\"https:\/\/i0.wp.com\/samidoun.net\/site\/wp-content\/uploads\/2023\/08\/signal-2023-08-26-100913_003-scaled.jpeg?w=2560&amp;ssl=1 2560w, https:\/\/i0.wp.com\/samidoun.net\/site\/wp-content\/uploads\/2023\/08\/signal-2023-08-26-100913_003-scaled.jpeg?resize=250%2C188&amp;ssl=1 250w, https:\/\/i0.wp.com\/samidoun.net\/site\/wp-content\/uploads\/2023\/08\/signal-2023-08-26-100913_003-scaled.jpeg?resize=300%2C225&amp;ssl=1 300w, https:\/\/i0.wp.com\/samidoun.net\/site\/wp-content\/uploads\/2023\/08\/signal-2023-08-26-100913_003-scaled.jpeg?resize=1024%2C768&amp;ssl=1 1024w, https:\/\/i0.wp.com\/samidoun.net\/site\/wp-content\/uploads\/2023\/08\/signal-2023-08-26-100913_003-scaled.jpeg?w=2400&amp;ssl=1 2400w\" alt=\"Foto: Pancarta Stop Represi\u00f3n pol\u00edtica\" width=\"1200\" height=\"900\" data-recalc-dims=\"1\"><\/a><\/p>\n<p>&nbsp;<\/p>\n<p>En tant que <em>Samidoun<\/em>, nous avons ch\u00e9ri et ch\u00e9rirons toujours notre relation avec Amin Abu Rashed et les organisations dont il est membre du conseil d\u2019administration. Ces organisations jouent un r\u00f4le important dans le mouvement palestinien, tant aux Pays-Bas qu\u2019en Palestine et dans d\u2019autres pays. C\u2019est pr\u00e9cis\u00e9ment ce travail, l\u2019organisation communautaire, les actions politiques et l\u2019aide humanitaire, que l\u2019\u00c9tat n\u00e9erlandais tente de compromettre en arr\u00eatant Amin.<\/p>\n<p>Le procureur g\u00e9n\u00e9ral a qualifi\u00e9 Amin de <em>\u201csoutien du terrorisme\u201d<\/em>, alors qu\u2019il organise le retour et la lib\u00e9ration de son peuple et de sa patrie. C\u2019est pourquoi il ne s\u2019agit pas seulement d\u2019une attaque contre Amin, mais d\u2019une attaque contre le mouvement palestinien aux Pays-Bas et dans le monde. En outre, il s\u2019agit d\u2019une attaque contre tous les mouvements progressistes et r\u00e9volutionnaires, en particulier ceux des communaut\u00e9s de la diaspora, qui sont menac\u00e9s dans leur droit de soutenir des mouvements qui vont \u00e0 l\u2019encontre des int\u00e9r\u00eats de l\u2019\u00c9tat n\u00e9erlandais.<\/p>\n<p>Il convient de noter que le procureur g\u00e9n\u00e9ral a utilis\u00e9 des<em> \u201carticles de presse concernant un collecteur de fonds du Hamas en Europe\u201d<\/em> comme motif d\u2019ouverture d\u2019une enqu\u00eate. En cons\u00e9quence, les m\u00e9dias sionistes revendiquent leur r\u00f4le dans l\u2019arrestation du journaliste. Les m\u00e9dias sionistes aux Pays-Bas, en Isra\u00ebl et dans le monde entier m\u00e8nent depuis des d\u00e9cennies une campagne calomnieuse et raciste \u00e0 l\u2019encontre d\u2019Amin. Ils tentent depuis plus de 20 ans de le criminaliser ainsi que son travail en faveur de la justice, de la libert\u00e9 et du soutien humanitaire \u00e0 la Palestine. Il est particuli\u00e8rement inqui\u00e9tant que le procureur cite les rapports des <em>\u201cm\u00e9dias\u201d<\/em> comme raison d\u2019arr\u00eater, de d\u00e9tenir et d\u2019emprisonner Amin Abu Rashed, d\u2019autant plus que ces campagnes de diffamation sont r\u00e9guli\u00e8rement utilis\u00e9es par les organisations sionistes pour cibler toutes les organisations et tous les militants qui soutiennent la Palestine et qu\u2019ils per\u00e7oivent comme pr\u00e9sentant un d\u00e9fi important.<\/p>\n<p>Aux Pays-Bas, les politiciens des partis de droite et des partis chr\u00e9tiens fondamentalistes ont introduit cette propagande sioniste au parlement depuis des ann\u00e9es. Ces attaques contre Amin se sont intensifi\u00e9es de fa\u00e7on spectaculaire en mai de cette ann\u00e9e, autour de la <em>Conf\u00e9rence europ\u00e9enne des Palestiniens<\/em> qui s\u2019est tenue \u00e0 Malm\u00f6 en Su\u00e8de, et dont il est le pr\u00e9sident, qui a attir\u00e9 des milliers de participants au m\u00e9pris de la campagne de diffamation dont elle a fait l\u2019objet.<\/p>\n<p>Amin Abu Rashed est actuellement en d\u00e9tention provisoire \u00e0 la prison de Sittard, \u00e0 trois heures de route de son domicile familial pr\u00e8s de Rotterdam. Il est important de noter sa situation m\u00e9dicale. Il s\u2019agit d\u2019un homme \u00e2g\u00e9, souffrant d\u2019hypertension art\u00e9rielle et dont la mobilit\u00e9 est limit\u00e9e puisqu\u2019il n\u2019a que le bras gauche. Il y a deux semaines, Amin a eu une grave blessure au pied, qui n\u2019a re\u00e7u les soins n\u00e9cessaires que la veille de la conf\u00e9rence de presse.<\/p>\n<p>Ses avocats ont demand\u00e9 qu\u2019Amin soit transf\u00e9r\u00e9 plus pr\u00e8s de son domicile familial et qu\u2019il soit lib\u00e9r\u00e9 de la d\u00e9tention provisoire. On ignore sous quel pr\u00e9texte l\u2019\u00c9tat n\u00e9erlandais a pu le maintenir en d\u00e9tention provisoire, ce qui l\u2019emp\u00eache de participer activement \u00e0 sa propre d\u00e9fense ou de s\u2019exprimer sur son cas. Il devrait pouvoir pr\u00e9parer sa d\u00e9fense juridique en toute libert\u00e9, en ayant librement acc\u00e8s \u00e0 toutes les informations, \u00e0 ses avocats, \u00e0 sa famille, \u00e0 ses coll\u00e8gues et \u00e0 ses amis.<\/p>\n<p><strong>En tant que r\u00e9seau de solidarit\u00e9 avec les prisonniers politiques palestiniens Samidoun, nous demandons la lib\u00e9ration imm\u00e9diate d\u2019Amin Abu Rashed et l\u2019abandon de toutes les charges retenues contre lui. Amin est un leader communautaire et un organisateur respect\u00e9, qui soutient activement son peuple sur le plan social, politique et humanitaire. Nous appelons toutes les organisations palestiniennes et de solidarit\u00e9 \u00e0 s\u2019unir pour d\u00e9fendre Amin et le droit de s\u2019organiser pour la lib\u00e9ration de la Palestine.<\/strong><\/p>\n<p><strong>La premi\u00e8re audience publique d\u2019Amin Abu Rashed aura lieu le 4 octobre 2023 au tribunal de Rotterdam. Nous appelons tous les Palestiniens et les sympathisants \u00e0 se joindre \u00e0 cette audience et \u00e0 montrer leur soutien \u00e0 Amin et \u00e0 sa famille.<\/strong><\/p>\n<p>Pour les mises \u00e0 jour, veuillez \u00e9galement suivre :<\/p>\n<ul>\n<li><strong>Palestijnse Gemeenschap \u2013 <a href=\"https:\/\/www.facebook.com\/Palestijnsegemeenschap.nl\">https:\/\/www.facebook.com\/Palestijnsegemeenschap.nl<\/a><\/strong><\/li>\n<li><strong>Centre europ\u00e9en d\u2019information sur la Palestine EPAL \u2013 <\/strong><a href=\"https:\/\/www.facebook.com\/TheEuropeanPalestinianMediaCenter\"><strong>https:\/\/www.facebook.com\/TheEuropeanPalestinianMediaCenter<\/strong><\/a><\/li>\n<\/ul>\n<p>&nbsp;<\/p>\n","protected":false},"excerpt":{"rendered":"<p>Samidoun demande la lib\u00e9ration imm\u00e9diate d\u2019Amin Abu Rashed et l\u2019abandon de toutes les charges retenues contre lui.<\/p>\n","protected":false},"author":1,"featured_media":0,"comment_status":"closed","ping_status":"closed","sticky":false,"template":"","format":"standard","meta":{"ngg_post_thumbnail":0,"footnotes":""},"categories":[1,149,13,362],"tags":[],"class_list":["post-59498","post","type-post","status-publish","format-standard","hentry","category-non-classe","category-pays-bas","category-les-prisionners-palestiniens","category-repression-lautorite-palestinienne"],"yoast_head":"<!-- This site is optimized with the Yoast SEO plugin v27.3 - https:\/\/yoast.com\/product\/yoast-seo-wordpress\/ -->\n<title>Libert\u00e9 pour Amin Abu Rashed, prisonnier politique palestinien aux Pays-Bas<\/title>\n<meta name=\"description\" content=\"Samidoun, demande la lib\u00e9ration imm\u00e9diate d\u2019Amin Abu Rashed et l\u2019abandon de toutes les charges retenues contre lui.\" \/>\n<meta name=\"robots\" content=\"index, follow, max-snippet:-1, max-image-preview:large, max-video-preview:-1\" \/>\n<link rel=\"canonical\" href=\"https:\/\/charleroi-pourlapalestine.be\/index.php\/2023\/08\/29\/liberte-pour-amin-abu-rashed-prisonnier-politique-palestinien-aux-pays-bas\/\" \/>\n<script type=\"application\/ld+json\" class=\"yoast-schema-graph\">{\"@context\":\"https:\\\/\\\/schema.org\",\"@graph\":[{\"@type\":\"Article\",\"@id\":\"https:\\\/\\\/charleroi-pourlapalestine.be\\\/index.php\\\/2023\\\/08\\\/29\\\/liberte-pour-amin-abu-rashed-prisonnier-politique-palestinien-aux-pays-bas\\\/#article\",\"isPartOf\":{\"@id\":\"https:\\\/\\\/charleroi-pourlapalestine.be\\\/index.php\\\/2023\\\/08\\\/29\\\/liberte-pour-amin-abu-rashed-prisonnier-politique-palestinien-aux-pays-bas\\\/\"},\"author\":{\"name\":\"admin1873\",\"@id\":\"https:\\\/\\\/charleroi-pourlapalestine.be\\\/#\\\/schema\\\/person\\\/c19ff515112f1299d8c12671d8fe3faa\"},\"headline\":\"Libert\u00e9 pour Amin Abu Rashed, prisonnier politique palestinien aux Pays-Bas\",\"datePublished\":\"2023-08-29T09:17:14+00:00\",\"dateModified\":\"2023-08-29T09:17:16+00:00\",\"mainEntityOfPage\":{\"@id\":\"https:\\\/\\\/charleroi-pourlapalestine.be\\\/index.php\\\/2023\\\/08\\\/29\\\/liberte-pour-amin-abu-rashed-prisonnier-politique-palestinien-aux-pays-bas\\\/\"},\"wordCount\":1352,\"publisher\":{\"@id\":\"https:\\\/\\\/charleroi-pourlapalestine.be\\\/#organization\"},\"image\":{\"@id\":\"https:\\\/\\\/charleroi-pourlapalestine.be\\\/index.php\\\/2023\\\/08\\\/29\\\/liberte-pour-amin-abu-rashed-prisonnier-politique-palestinien-aux-pays-bas\\\/#primaryimage\"},\"thumbnailUrl\":\"https:\\\/\\\/charleroi-pourlapalestine.be\\\/wp-content\\\/uploads\\\/2023\\\/08\\\/Amin-Abu-Rashed.jpg\",\"articleSection\":{\"1\":\"Pays-Bas\",\"2\":\"Prisonniers\",\"3\":\"R\u00e9pression\"},\"inLanguage\":\"fr-FR\"},{\"@type\":\"WebPage\",\"@id\":\"https:\\\/\\\/charleroi-pourlapalestine.be\\\/index.php\\\/2023\\\/08\\\/29\\\/liberte-pour-amin-abu-rashed-prisonnier-politique-palestinien-aux-pays-bas\\\/\",\"url\":\"https:\\\/\\\/charleroi-pourlapalestine.be\\\/index.php\\\/2023\\\/08\\\/29\\\/liberte-pour-amin-abu-rashed-prisonnier-politique-palestinien-aux-pays-bas\\\/\",\"name\":\"Libert\u00e9 pour Amin Abu Rashed, prisonnier politique palestinien aux Pays-Bas\",\"isPartOf\":{\"@id\":\"https:\\\/\\\/charleroi-pourlapalestine.be\\\/#website\"},\"primaryImageOfPage\":{\"@id\":\"https:\\\/\\\/charleroi-pourlapalestine.be\\\/index.php\\\/2023\\\/08\\\/29\\\/liberte-pour-amin-abu-rashed-prisonnier-politique-palestinien-aux-pays-bas\\\/#primaryimage\"},\"image\":{\"@id\":\"https:\\\/\\\/charleroi-pourlapalestine.be\\\/index.php\\\/2023\\\/08\\\/29\\\/liberte-pour-amin-abu-rashed-prisonnier-politique-palestinien-aux-pays-bas\\\/#primaryimage\"},\"thumbnailUrl\":\"https:\\\/\\\/charleroi-pourlapalestine.be\\\/wp-content\\\/uploads\\\/2023\\\/08\\\/Amin-Abu-Rashed.jpg\",\"datePublished\":\"2023-08-29T09:17:14+00:00\",\"dateModified\":\"2023-08-29T09:17:16+00:00\",\"description\":\"Samidoun, demande la lib\u00e9ration imm\u00e9diate d\u2019Amin Abu Rashed et l\u2019abandon de toutes les charges retenues contre lui.\",\"breadcrumb\":{\"@id\":\"https:\\\/\\\/charleroi-pourlapalestine.be\\\/index.php\\\/2023\\\/08\\\/29\\\/liberte-pour-amin-abu-rashed-prisonnier-politique-palestinien-aux-pays-bas\\\/#breadcrumb\"},\"inLanguage\":\"fr-FR\",\"potentialAction\":[{\"@type\":\"ReadAction\",\"target\":[\"https:\\\/\\\/charleroi-pourlapalestine.be\\\/index.php\\\/2023\\\/08\\\/29\\\/liberte-pour-amin-abu-rashed-prisonnier-politique-palestinien-aux-pays-bas\\\/\"]}]},{\"@type\":\"ImageObject\",\"inLanguage\":\"fr-FR\",\"@id\":\"https:\\\/\\\/charleroi-pourlapalestine.be\\\/index.php\\\/2023\\\/08\\\/29\\\/liberte-pour-amin-abu-rashed-prisonnier-politique-palestinien-aux-pays-bas\\\/#primaryimage\",\"url\":\"\",\"contentUrl\":\"\"},{\"@type\":\"BreadcrumbList\",\"@id\":\"https:\\\/\\\/charleroi-pourlapalestine.be\\\/index.php\\\/2023\\\/08\\\/29\\\/liberte-pour-amin-abu-rashed-prisonnier-politique-palestinien-aux-pays-bas\\\/#breadcrumb\",\"itemListElement\":[{\"@type\":\"ListItem\",\"position\":1,\"name\":\"Accueil\",\"item\":\"https:\\\/\\\/charleroi-pourlapalestine.be\\\/\"},{\"@type\":\"ListItem\",\"position\":2,\"name\":\"Libert\u00e9 pour Amin Abu Rashed, prisonnier politique palestinien aux Pays-Bas\"}]},{\"@type\":\"WebSite\",\"@id\":\"https:\\\/\\\/charleroi-pourlapalestine.be\\\/#website\",\"url\":\"https:\\\/\\\/charleroi-pourlapalestine.be\\\/\",\"name\":\"Charleroi Pour la Palestine\",\"description\":\"\",\"publisher\":{\"@id\":\"https:\\\/\\\/charleroi-pourlapalestine.be\\\/#organization\"},\"potentialAction\":[{\"@type\":\"SearchAction\",\"target\":{\"@type\":\"EntryPoint\",\"urlTemplate\":\"https:\\\/\\\/charleroi-pourlapalestine.be\\\/?s={search_term_string}\"},\"query-input\":{\"@type\":\"PropertyValueSpecification\",\"valueRequired\":true,\"valueName\":\"search_term_string\"}}],\"inLanguage\":\"fr-FR\"},{\"@type\":\"Organization\",\"@id\":\"https:\\\/\\\/charleroi-pourlapalestine.be\\\/#organization\",\"name\":\"Plate-forme Charleroi-Palestine\",\"url\":\"https:\\\/\\\/charleroi-pourlapalestine.be\\\/\",\"logo\":{\"@type\":\"ImageObject\",\"inLanguage\":\"fr-FR\",\"@id\":\"https:\\\/\\\/charleroi-pourlapalestine.be\\\/#\\\/schema\\\/logo\\\/image\\\/\",\"url\":\"https:\\\/\\\/charleroi-pourlapalestine.be\\\/wp-content\\\/uploads\\\/2020\\\/01\\\/logo-Copy.jpg\",\"contentUrl\":\"https:\\\/\\\/charleroi-pourlapalestine.be\\\/wp-content\\\/uploads\\\/2020\\\/01\\\/logo-Copy.jpg\",\"width\":180,\"height\":180,\"caption\":\"Plate-forme Charleroi-Palestine\"},\"image\":{\"@id\":\"https:\\\/\\\/charleroi-pourlapalestine.be\\\/#\\\/schema\\\/logo\\\/image\\\/\"},\"sameAs\":[\"https:\\\/\\\/www.facebook.com\\\/PlateformeCharleroiPalestine\\\/\",\"https:\\\/\\\/x.com\\\/LaCharleroi\"]},{\"@type\":\"Person\",\"@id\":\"https:\\\/\\\/charleroi-pourlapalestine.be\\\/#\\\/schema\\\/person\\\/c19ff515112f1299d8c12671d8fe3faa\",\"name\":\"admin1873\",\"url\":\"https:\\\/\\\/charleroi-pourlapalestine.be\\\/index.php\\\/author\\\/admin1873\\\/\"}]}<\/script>\n<!-- \/ Yoast SEO plugin. -->","yoast_head_json":{"title":"Libert\u00e9 pour Amin Abu Rashed, prisonnier politique palestinien aux Pays-Bas","description":"Samidoun, demande la lib\u00e9ration imm\u00e9diate d\u2019Amin Abu Rashed et l\u2019abandon de toutes les charges retenues contre lui.","robots":{"index":"index","follow":"follow","max-snippet":"max-snippet:-1","max-image-preview":"max-image-preview:large","max-video-preview":"max-video-preview:-1"},"canonical":"https:\/\/charleroi-pourlapalestine.be\/index.php\/2023\/08\/29\/liberte-pour-amin-abu-rashed-prisonnier-politique-palestinien-aux-pays-bas\/","schema":{"@context":"https:\/\/schema.org","@graph":[{"@type":"Article","@id":"https:\/\/charleroi-pourlapalestine.be\/index.php\/2023\/08\/29\/liberte-pour-amin-abu-rashed-prisonnier-politique-palestinien-aux-pays-bas\/#article","isPartOf":{"@id":"https:\/\/charleroi-pourlapalestine.be\/index.php\/2023\/08\/29\/liberte-pour-amin-abu-rashed-prisonnier-politique-palestinien-aux-pays-bas\/"},"author":{"name":"admin1873","@id":"https:\/\/charleroi-pourlapalestine.be\/#\/schema\/person\/c19ff515112f1299d8c12671d8fe3faa"},"headline":"Libert\u00e9 pour Amin Abu Rashed, prisonnier politique palestinien aux Pays-Bas","datePublished":"2023-08-29T09:17:14+00:00","dateModified":"2023-08-29T09:17:16+00:00","mainEntityOfPage":{"@id":"https:\/\/charleroi-pourlapalestine.be\/index.php\/2023\/08\/29\/liberte-pour-amin-abu-rashed-prisonnier-politique-palestinien-aux-pays-bas\/"},"wordCount":1352,"publisher":{"@id":"https:\/\/charleroi-pourlapalestine.be\/#organization"},"image":{"@id":"https:\/\/charleroi-pourlapalestine.be\/index.php\/2023\/08\/29\/liberte-pour-amin-abu-rashed-prisonnier-politique-palestinien-aux-pays-bas\/#primaryimage"},"thumbnailUrl":"https:\/\/charleroi-pourlapalestine.be\/wp-content\/uploads\/2023\/08\/Amin-Abu-Rashed.jpg","articleSection":{"1":"Pays-Bas","2":"Prisonniers","3":"R\u00e9pression"},"inLanguage":"fr-FR"},{"@type":"WebPage","@id":"https:\/\/charleroi-pourlapalestine.be\/index.php\/2023\/08\/29\/liberte-pour-amin-abu-rashed-prisonnier-politique-palestinien-aux-pays-bas\/","url":"https:\/\/charleroi-pourlapalestine.be\/index.php\/2023\/08\/29\/liberte-pour-amin-abu-rashed-prisonnier-politique-palestinien-aux-pays-bas\/","name":"Libert\u00e9 pour Amin Abu Rashed, prisonnier politique palestinien aux Pays-Bas","isPartOf":{"@id":"https:\/\/charleroi-pourlapalestine.be\/#website"},"primaryImageOfPage":{"@id":"https:\/\/charleroi-pourlapalestine.be\/index.php\/2023\/08\/29\/liberte-pour-amin-abu-rashed-prisonnier-politique-palestinien-aux-pays-bas\/#primaryimage"},"image":{"@id":"https:\/\/charleroi-pourlapalestine.be\/index.php\/2023\/08\/29\/liberte-pour-amin-abu-rashed-prisonnier-politique-palestinien-aux-pays-bas\/#primaryimage"},"thumbnailUrl":"https:\/\/charleroi-pourlapalestine.be\/wp-content\/uploads\/2023\/08\/Amin-Abu-Rashed.jpg","datePublished":"2023-08-29T09:17:14+00:00","dateModified":"2023-08-29T09:17:16+00:00","description":"Samidoun, demande la lib\u00e9ration imm\u00e9diate d\u2019Amin Abu Rashed et l\u2019abandon de toutes les charges retenues contre lui.","breadcrumb":{"@id":"https:\/\/charleroi-pourlapalestine.be\/index.php\/2023\/08\/29\/liberte-pour-amin-abu-rashed-prisonnier-politique-palestinien-aux-pays-bas\/#breadcrumb"},"inLanguage":"fr-FR","potentialAction":[{"@type":"ReadAction","target":["https:\/\/charleroi-pourlapalestine.be\/index.php\/2023\/08\/29\/liberte-pour-amin-abu-rashed-prisonnier-politique-palestinien-aux-pays-bas\/"]}]},{"@type":"ImageObject","inLanguage":"fr-FR","@id":"https:\/\/charleroi-pourlapalestine.be\/index.php\/2023\/08\/29\/liberte-pour-amin-abu-rashed-prisonnier-politique-palestinien-aux-pays-bas\/#primaryimage","url":"","contentUrl":""},{"@type":"BreadcrumbList","@id":"https:\/\/charleroi-pourlapalestine.be\/index.php\/2023\/08\/29\/liberte-pour-amin-abu-rashed-prisonnier-politique-palestinien-aux-pays-bas\/#breadcrumb","itemListElement":[{"@type":"ListItem","position":1,"name":"Accueil","item":"https:\/\/charleroi-pourlapalestine.be\/"},{"@type":"ListItem","position":2,"name":"Libert\u00e9 pour Amin Abu Rashed, prisonnier politique palestinien aux Pays-Bas"}]},{"@type":"WebSite","@id":"https:\/\/charleroi-pourlapalestine.be\/#website","url":"https:\/\/charleroi-pourlapalestine.be\/","name":"Charleroi Pour la Palestine","description":"","publisher":{"@id":"https:\/\/charleroi-pourlapalestine.be\/#organization"},"potentialAction":[{"@type":"SearchAction","target":{"@type":"EntryPoint","urlTemplate":"https:\/\/charleroi-pourlapalestine.be\/?s={search_term_string}"},"query-input":{"@type":"PropertyValueSpecification","valueRequired":true,"valueName":"search_term_string"}}],"inLanguage":"fr-FR"},{"@type":"Organization","@id":"https:\/\/charleroi-pourlapalestine.be\/#organization","name":"Plate-forme Charleroi-Palestine","url":"https:\/\/charleroi-pourlapalestine.be\/","logo":{"@type":"ImageObject","inLanguage":"fr-FR","@id":"https:\/\/charleroi-pourlapalestine.be\/#\/schema\/logo\/image\/","url":"https:\/\/charleroi-pourlapalestine.be\/wp-content\/uploads\/2020\/01\/logo-Copy.jpg","contentUrl":"https:\/\/charleroi-pourlapalestine.be\/wp-content\/uploads\/2020\/01\/logo-Copy.jpg","width":180,"height":180,"caption":"Plate-forme Charleroi-Palestine"},"image":{"@id":"https:\/\/charleroi-pourlapalestine.be\/#\/schema\/logo\/image\/"},"sameAs":["https:\/\/www.facebook.com\/PlateformeCharleroiPalestine\/","https:\/\/x.com\/LaCharleroi"]},{"@type":"Person","@id":"https:\/\/charleroi-pourlapalestine.be\/#\/schema\/person\/c19ff515112f1299d8c12671d8fe3faa","name":"admin1873","url":"https:\/\/charleroi-pourlapalestine.be\/index.php\/author\/admin1873\/"}]}},"_links":{"self":[{"href":"https:\/\/charleroi-pourlapalestine.be\/index.php\/wp-json\/wp\/v2\/posts\/59498","targetHints":{"allow":["GET"]}}],"collection":[{"href":"https:\/\/charleroi-pourlapalestine.be\/index.php\/wp-json\/wp\/v2\/posts"}],"about":[{"href":"https:\/\/charleroi-pourlapalestine.be\/index.php\/wp-json\/wp\/v2\/types\/post"}],"author":[{"embeddable":true,"href":"https:\/\/charleroi-pourlapalestine.be\/index.php\/wp-json\/wp\/v2\/users\/1"}],"replies":[{"embeddable":true,"href":"https:\/\/charleroi-pourlapalestine.be\/index.php\/wp-json\/wp\/v2\/comments?post=59498"}],"version-history":[{"count":0,"href":"https:\/\/charleroi-pourlapalestine.be\/index.php\/wp-json\/wp\/v2\/posts\/59498\/revisions"}],"wp:attachment":[{"href":"https:\/\/charleroi-pourlapalestine.be\/index.php\/wp-json\/wp\/v2\/media?parent=59498"}],"wp:term":[{"taxonomy":"category","embeddable":true,"href":"https:\/\/charleroi-pourlapalestine.be\/index.php\/wp-json\/wp\/v2\/categories?post=59498"},{"taxonomy":"post_tag","embeddable":true,"href":"https:\/\/charleroi-pourlapalestine.be\/index.php\/wp-json\/wp\/v2\/tags?post=59498"}],"curies":[{"name":"wp","href":"https:\/\/api.w.org\/{rel}","templated":true}]}}