{"id":59510,"date":"2023-08-30T14:43:19","date_gmt":"2023-08-30T12:43:19","guid":{"rendered":"https:\/\/charleroi-pourlapalestine.be\/?p=59510"},"modified":"2023-08-30T14:48:32","modified_gmt":"2023-08-30T12:48:32","slug":"les-balles-disrael-laissent-des-blessures-inguerissables","status":"publish","type":"post","link":"https:\/\/charleroi-pourlapalestine.be\/index.php\/2023\/08\/30\/les-balles-disrael-laissent-des-blessures-inguerissables\/","title":{"rendered":"Les balles d\u2019Isra\u00ebl laissent des blessures ingu\u00e9rissables"},"content":{"rendered":"<p>35 000 Palestiniens ont \u00e9t\u00e9 bless\u00e9es au cours de la Grande Marche du Retour \u00e0 Gaza. Parmi les bless\u00e9s, pr\u00e8s de 8 000 l\u2019avaient \u00e9t\u00e9 avec des munitions r\u00e9elles.<\/p>\n<p>&nbsp;<\/p>\n<div id=\"attachment_59513\" style=\"width: 810px\" class=\"wp-caption aligncenter\"><img loading=\"lazy\" decoding=\"async\" aria-describedby=\"caption-attachment-59513\" class=\"wp-image-59513 size-full\" src=\"https:\/\/charleroi-pourlapalestine.be\/wp-content\/uploads\/2023\/08\/Les-balles-dIsrael-laissent-des-blessures-inguerissables.jpg\" alt=\"Les balles d\u2019Isra\u00ebl laissent des blessures ingu\u00e9rissables : \u00c0 cause d\u2019une infection bact\u00e9rienne tenace dans ce qui reste de la jambe de Muhammad Hussein, il est impossible de lui adapter la moindre proth\u00e8se. \" width=\"800\" height=\"533\"><p id=\"caption-attachment-59513\" class=\"wp-caption-text\"><strong>\u00c0 cause d\u2019une infection bact\u00e9rienne tenace dans ce qui reste de la jambe de Muhammad Hussein, il est impossible de lui adapter la moindre proth\u00e8se.<\/strong> (Photo : Abdallah al-Naami \/ The Electronic Intifada)<\/p><\/div>\n<p>&nbsp;<\/p>\n<p><strong>Abdallah al-Naami,<\/strong> 24 ao\u00fbt 2023<\/p>\n<p>Plus de cinq ans ont pass\u00e9 depuis qu\u2019un sniper isra\u00e9lien a touch\u00e9 Muhammad Hussein au genou.<\/p>\n<p>Le 11 mai 2018, <strong>Muhammad Hussein<\/strong> participait \u00e0 la <strong>Grande Marche du Retour<\/strong> \u00e0 <strong>Rafah<\/strong>, dans le sud de la bande de Gaza.<\/p>\n<p>Chaque vendredi, depuis mars 2018, des milliers de Palestiniens se rassemblaient \u00e0 la fronti\u00e8re avec Isra\u00ebl. Les protestataires cherchaient \u00e0 revendiquer leur droit au retour sur leur terre, qui leur avait \u00e9t\u00e9 ravie de force par l\u2019occupation isra\u00e9lienne lors de la Nakba de 1948.<\/p>\n<p>Muhammad Hussein filmait la marche dans le cadre d\u2019un projet universitaire.<\/p>\n<p>C\u2019est \u00e0 ce moment qu\u2019un sniper isra\u00e9lien avait abattu un homme juste sous les yeux de Muhammad.<\/p>\n<p>Il s\u2019\u00e9tait retrouv\u00e9 en \u00e9tat de choc, quelques secondes \u00e0 peine avant d\u2019\u00eatre abattu \u00e0 son tour.<\/p>\n<p>Il s\u2019\u00e9tait \u00e9croul\u00e9 sous la douleur. La blessure s\u2019\u00e9tait mise \u00e0 saigner abondamment, et Muhammad avait perdu connaissance au moment m\u00eame o\u00f9 les param\u00e9dicaux s\u2019occupaient de lui. Il avait \u00e9t\u00e9 emmen\u00e9 directement \u00e0 la salle des urgences de l\u2019H\u00f4pital europ\u00e9en de Gaza, \u00e0 Khan Younis, o\u00f9 il devait subir une op\u00e9ration qui allait durer huit heures.<\/p>\n<p>Apr\u00e8s l\u2019op\u00e9ration, Muhammad avait gard\u00e9 son optimisme et ce, malgr\u00e9 la douleur persistante.<\/p>\n<blockquote><p>\u00ab Je pensais que j\u2019\u00e9tais gu\u00e9ri de la blessure et que je serais bient\u00f4t capable de marcher \u00e0 nouveau \u00bb<\/p><\/blockquote>\n<p>dit-il.<\/p>\n<p>Apr\u00e8s quinze jours \u00e0 l\u2019h\u00f4pital, les docteurs avaient d\u00e9couvert de l\u2019inflammation et de la gangr\u00e8ne autour de la plaie et ils avaient donc d\u00e9cid\u00e9 d\u2019amputer la jambe de Muhammad au-dessus du genou.<\/p>\n<p>Dans les premiers instants, Muhammad et sa famille avaient \u00e9t\u00e9 si choqu\u00e9s qu\u2019ils avaient refus\u00e9 l\u2019op\u00e9ration.<\/p>\n<p>Mais c\u2019\u00e9tait la seule option.<\/p>\n<p>Le lendemain de l\u2019amputation, Muhammad <em>\u00ab f\u00eatait \u00bb<\/em> son 20<sup>e<\/sup> anniversaire.<\/p>\n<blockquote><p>\u00ab Je ne parviens pas \u00e0 oublier ce que j\u2019ai ressenti ce jour-l\u00e0. J\u2019\u00e9tais cens\u00e9 passer une journ\u00e9e festive avec mes amis et ma famille \u00bb,<\/p><\/blockquote>\n<p>dit-il.<\/p>\n<blockquote><p>\u00ab Au lieu de cela, l\u2019occupation isra\u00e9lienne l\u2019avait transform\u00e9e en une journ\u00e9e de douleur et de chagrin. \u00bb<\/p><\/blockquote>\n<p>&nbsp;<\/p>\n<h3><strong>Des infections incessantes<\/strong><\/h3>\n<p>L\u2019OCHA, l\u2019organisation de contr\u00f4le de l\u2019ONU, estime que plus de 35 000 personnes avaient \u00e9t\u00e9 bless\u00e9es au cours de ces manifestations, qui s\u2019\u00e9taient d\u00e9roul\u00e9es de mars 2018 \u00e0 novembre 2019. Parmi les bless\u00e9s, pr\u00e8s de 8 000 l\u2019avaient \u00e9t\u00e9 avec des munitions r\u00e9elles.<\/p>\n<p>M\u00e9decins Sans Fronti\u00e8res (MSF) a qualifi\u00e9 ces blessures par balle de <em>\u00ab d\u00e9vastatrices \u00bb<\/em> et <em>\u00ab d\u2019une s\u00e9v\u00e9rit\u00e9 inhabituelle \u00bb<\/em>, tout en faisant remarquer que les m\u00e9decins avaient not\u00e9<\/p>\n<blockquote><p>\u00ab un niveau extr\u00eame de destruction des os et des tissus mous ainsi que des sorties de projectile tr\u00e8s larges pouvant atteindre la taille d\u2019un poing \u00bb.<\/p><\/blockquote>\n<p>Deux semaines environ apr\u00e8s l\u2019amputation, Muhammad s\u2019\u00e9tait mis \u00e0 ressentir une intense douleur dans les parages de sa blessure. \u00c0 l\u2019h\u00f4pital, les m\u00e9decins d\u00e9couvraient une infection bact\u00e9rienne et effectuaient une op\u00e9ration d\u2019urgence en vue de la contr\u00f4ler.<\/p>\n<p>Le Dr Fadel Naim, un orthop\u00e9diste consultant de Gaza, avait d\u00e9clar\u00e9 qu\u2019en raison du blocus isra\u00e9lien, Gaza ne disposait pas de l\u2019\u00e9quipement n\u00e9cessaire pour diagnostiquer les infections bact\u00e9riennes.<\/p>\n<p>Cet \u00e9quipement de laboratoire permet de d\u00e9tecter et de d\u00e9terminer les types de bact\u00e9ries, si bien que les m\u00e9decins peuvent prescrire les antibiotiques n\u00e9cessaires. Sans cet \u00e9quipement, les infections ne peuvent qu\u2019empirer.<\/p>\n<p>Plus d\u2019un millier de Palestiniens de Gaza ont souffert d\u2019infections bact\u00e9riennes suite \u00e0 leurs blessures par balle, estime MSF, et nombre de ces infections r\u00e9sistent aux antibiotiques ordinaires.<\/p>\n<p>Selon le Dr Naim, de nombreuses infections ne r\u00e9agissent \u00e0 aucun des antibiotiques disponibles dans la bande de Gaza et, en dernier recours, il avait fallu recourir \u00e0 l\u2019amputation pour faire cesser la propagation des infections.<\/p>\n<p>Mais, dans bien des cas, m\u00eame l\u2019amputation n\u2019avait pas suffi.<\/p>\n<h3><strong><br \/>\nDes blessures qui ne gu\u00e9riront pas<\/strong><\/h3>\n<p>En cinq ans, Muhammad a subi trois amputations, mais aucune n\u2019est parvenue \u00e0 faire cesser l\u2019infection. Aujourd\u2019hui, il ne reste que quelques centim\u00e8tres de sa jambe et l\u2019infection continue toujours de s\u2019\u00e9tendre.<\/p>\n<blockquote><p>\u00ab Les m\u00e9decins m\u2019ont dit que si l\u2019infection atteignait l\u2019articulation pelvienne, elle pourrait constituer une menace vitale \u00bb,<\/p><\/blockquote>\n<p>a ajout\u00e9 Muhammad.<\/p>\n<p>En 2019, il avait demand\u00e9 un permis de d\u00e9placement afin de pouvoir aller se faire soigner dans des h\u00f4pitaux, tant \u00e0 J\u00e9rusalem qu\u2019en Cisjordanie, mais les autorit\u00e9s isra\u00e9liennes avaient rejet\u00e9 sa requ\u00eate.<\/p>\n<blockquote><p>\u00ab Apr\u00e8s chaque op\u00e9ration que j\u2019ai subie, j\u2019avais l\u2019espoir que ma plaie gu\u00e9rirait et que les souffrances de mes blessures seraient enfin termin\u00e9es \u00bb,<\/p><\/blockquote>\n<p>dit-il.<\/p>\n<blockquote><p>\u00ab Chaque fois, j\u2019ai \u00e9t\u00e9 d\u00e9\u00e7u et an\u00e9anti. \u00bb<\/p><\/blockquote>\n<p>&nbsp;<\/p>\n<div id=\"attachment_59519\" style=\"width: 810px\" class=\"wp-caption aligncenter\"><img loading=\"lazy\" decoding=\"async\" aria-describedby=\"caption-attachment-59519\" class=\"wp-image-59519 size-full\" src=\"https:\/\/charleroi-pourlapalestine.be\/wp-content\/uploads\/2023\/08\/Les-balles-dIsrael-laissent-des-blessures-inguerissables-2.jpg\" alt=\"Les balles d\u2019Isra\u00ebl laissent des blessures ingu\u00e9rissables : Khamis Fojo a subi 18 op\u00e9rations et huit amputations apr\u00e8s qu\u2019un sniper isra\u00e9lien l\u2019a touch\u00e9 au-dessus du genou en juillet 2018. \" width=\"800\" height=\"533\"><p id=\"caption-attachment-59519\" class=\"wp-caption-text\"><strong>Khamis Fojo a subi 18 op\u00e9rations et huit amputations apr\u00e8s qu\u2019un sniper isra\u00e9lien l\u2019a touch\u00e9 au-dessus du genou en juillet 2018<\/strong>. (Photo : Abdallah al-Naami \/ The Electronic Intifada)<\/p><\/div>\n<p>&nbsp;<\/p>\n<p><strong>Khamis Fojo, 33 ans,<\/strong> a \u00e9prouv\u00e9 un m\u00eame sentiment d\u2019an\u00e9antissement depuis qu\u2019un sniper isra\u00e9lien lui a tir\u00e9 dessus le 27 juillet 2018, lors de la <strong>Grande Marche du Retour.<\/strong><\/p>\n<p>Il se trouvait \u00e0 plus d\u2019un kilom\u00e8tre de la cl\u00f4ture frontali\u00e8re quand il avait \u00e9t\u00e9 touch\u00e9 au-dessus du genou. La balle avait provoqu\u00e9 une s\u00e9v\u00e8re h\u00e9morragie interne et Khamis Fojo s\u2019\u00e9tait retrouv\u00e9 dans le coma pendant deux semaines \u00e0 l\u2019H\u00f4pital europ\u00e9en de Gaza.<\/p>\n<blockquote><p>\u00ab La derni\u00e8re chose dont je me souvienne avant d\u2019avoir perdu conscience est le son d\u2019une balle \u00bb,<\/p><\/blockquote>\n<p>dit-il.<\/p>\n<blockquote><p>\u00ab On aurait dit une explosion. \u00bb<\/p>\n<p>\u00ab J\u2019ai cru que j\u2019allais mourir. \u00bb<\/p><\/blockquote>\n<p>En raison de la gravit\u00e9 de sa blessure, les m\u00e9decins avaient amput\u00e9 la jambe de Khamis.<\/p>\n<p>Six mois apr\u00e8s l\u2019amputation, il avait d\u00e9velopp\u00e9 une fi\u00e8vre et ressenti une douleur intense dans la jambe. Une infection bact\u00e9rienne s\u2019\u00e9tait d\u00e9velopp\u00e9e.<\/p>\n<p>Des antibiotiques n\u2019avaient pas suffi pour faire cesser l\u2019infection et la chirurgie \u00e9tait donc la seule option. Au cours des cinq derni\u00e8res ann\u00e9es, Khamis Fojo a subi 18 interventions chirurgicales, dont huit amputations.<\/p>\n<blockquote><p>\u00ab Malgr\u00e9 toutes ces op\u00e9rations, ma blessure n\u2019a cess\u00e9 d\u2019empirer et d\u2019\u00eatre plus douloureuse \u00bb,<\/p><\/blockquote>\n<p>dit Khamis, qui vit \u00e0 Rafah avec sa femme et leurs quatre enfants.<\/p>\n<blockquote><p>\u00ab Je vis toujours dans la douleur chaque jour qui passe, particuli\u00e8rement la nuit \u00bb,<\/p><\/blockquote>\n<p>poursuit-il.<\/p>\n<p>R\u00e9cemment, Khamis a cess\u00e9 de prendre des antidouleurs : ils ne sont plus efficaces du tout.<\/p>\n<p>Les autorit\u00e9s isra\u00e9liennes ont refus\u00e9 de lui accorder un permis de d\u00e9placement pour aller subir un traitement en Cisjordanie ou \u00e0 J\u00e9rusalem. Une demande d\u2019entr\u00e9e en \u00c9gypte lui a \u00e9t\u00e9 refus\u00e9e plus de dix fois \u00e9galement jusqu\u2019au moment o\u00f9, en 2022 et 2023, il a enfin re\u00e7u l\u2019autorisation de s\u2019y rendre.<\/p>\n<blockquote><p>\u00ab Les m\u00e9decins \u00e9gyptiens ont \u00e9t\u00e9 choqu\u00e9s de voir l\u2019\u00e9tat d\u00e9plorable de ma blessure \u00bb,<\/p><\/blockquote>\n<p>dit-il.<\/p>\n<blockquote><p>\u00ab Ils m\u2019ont dit qu\u2019ils n\u2019avaient jamais vu un cas comme le mien auparavant et que les armes qui avaient provoqu\u00e9 ma blessure devraient \u00eatre interdites sur le plan international. \u00bb<\/p><\/blockquote>\n<p>&nbsp;<\/p>\n<h3><strong>Le tribut mental<\/strong><\/h3>\n<p>Avant sa blessure, Khamis Fojo \u00e9tait un homme actif mais, aujourd\u2019hui, il est soumis \u00e0 des crises d\u2019anxi\u00e9t\u00e9 et il se met rapidement en col\u00e8re. Il est rare qu\u2019il quitte sa maison.<\/p>\n<p>Muhammad Hussein a connu des acc\u00e8s d\u00e9pressifs similaires.<\/p>\n<blockquote><p>\u00ab Il m\u2019\u00e9tait difficile d\u2019accepter mon handicap et ma blessure qui ne cessait d\u2019empirer. Je n\u2019arrivais pas \u00e0 faire face \u00e0 cette situation \u00bb,<\/p><\/blockquote>\n<p>dit-il.<\/p>\n<p>Cela ne l\u2019a pas emp\u00each\u00e9 de d\u00e9crocher un dipl\u00f4me en multim\u00e9dias \u00e0 l\u2019Universit\u00e9 technique palestinienne de Deir al-Balah, en 2021. Et, finalement, il a repris l\u2019halt\u00e9rophilie et l\u2019entra\u00eenement physique, mais ce sont des activit\u00e9s auxquelles il ne peut se livrer tr\u00e8s r\u00e9guli\u00e8rement.<\/p>\n<p>Du fait que son infection se r\u00e9pand partout dans ce qui reste de sa jambe, il doit pr\u00e9voir des interruptions pour des interventions chirurgicales et des p\u00e9riodes de repos.<\/p>\n<p>En 2021, Muhammad a entrepris les d\u00e9marches n\u00e9cessaires pour se faire adapter une jambe artificielle \u00e0 l\u2019h\u00f4pital Hamad de r\u00e9habilitation et de proth\u00e9tique de Gaza. Mais les nerfs de la jambe bless\u00e9e provoquent toujours des contractures involontaires, surtout pendant la nuit, un moment chaque fois effrayant, pour Muhammad.<\/p>\n<p>En raison des bact\u00e9ries s\u2019\u00e9tendant aux os et de la douleur constante, il n\u2019a pas \u00e9t\u00e9 possible de lui adapter une proth\u00e8se.<\/p>\n<p style=\"text-align: center;\">*****<\/p>\n<p><strong><em>Abdallah al-Naami<\/em><\/strong><em> est journaliste et photographe. Il vit \u00e0 Gaza. <\/em><\/p>\n<p style=\"text-align: center;\">*****<\/p>\n<p>Publi\u00e9 le 24 ao\u00fbt 2023 sur <a href=\"https:\/\/electronicintifada.net\/content\/israels-bullets-leave-wounds-wont-heal\/38361\" target=\"_blank\" rel=\"noopener\">The Electronic Intifada<\/a><br \/>\nTraduction : Jean-Marie Fl\u00e9mal, <a href=\"https:\/\/charleroi-pourlapalestine.be\/\">Charleroi pour la Palestine<\/a><\/p>\n","protected":false},"excerpt":{"rendered":"<p>35 000 Palestiniens ont \u00e9t\u00e9 bless\u00e9es au cours de la Grande Marche du Retour \u00e0 Gaza. Parmi les bless\u00e9s, pr\u00e8s de 8 000 l\u2019avaient \u00e9t\u00e9 avec des munitions r\u00e9elles.<\/p>\n","protected":false},"author":1,"featured_media":0,"comment_status":"closed","ping_status":"closed","sticky":false,"template":"","format":"standard","meta":{"ngg_post_thumbnail":0,"footnotes":""},"categories":[46,383,40,6,195],"tags":[],"class_list":["post-59510","post","type-post","status-publish","format-standard","hentry","category-les-agressions-militaires","category-blocus","category-les-crimes-de-guerre","category-gaza","category-grande-marche-du-retour"],"yoast_head":"<!-- This site is optimized with the Yoast SEO plugin v27.3 - https:\/\/yoast.com\/product\/yoast-seo-wordpress\/ -->\n<title>Les balles d\u2019Isra\u00ebl laissent des blessures ingu\u00e9rissables - Charleroi Pour la Palestine<\/title>\n<meta name=\"description\" content=\"M\u00e9decins Sans Fronti\u00e8res (MSF) a qualifi\u00e9 ces blessures par balle de \u00ab d\u00e9vastatrices \u00bb et \u00ab d\u2019une s\u00e9v\u00e9rit\u00e9 inhabituelle \u00bb\" \/>\n<meta name=\"robots\" content=\"index, follow, max-snippet:-1, max-image-preview:large, max-video-preview:-1\" \/>\n<link rel=\"canonical\" href=\"https:\/\/charleroi-pourlapalestine.be\/index.php\/2023\/08\/30\/les-balles-disrael-laissent-des-blessures-inguerissables\/\" \/>\n<script type=\"application\/ld+json\" class=\"yoast-schema-graph\">{\"@context\":\"https:\\\/\\\/schema.org\",\"@graph\":[{\"@type\":\"Article\",\"@id\":\"https:\\\/\\\/charleroi-pourlapalestine.be\\\/index.php\\\/2023\\\/08\\\/30\\\/les-balles-disrael-laissent-des-blessures-inguerissables\\\/#article\",\"isPartOf\":{\"@id\":\"https:\\\/\\\/charleroi-pourlapalestine.be\\\/index.php\\\/2023\\\/08\\\/30\\\/les-balles-disrael-laissent-des-blessures-inguerissables\\\/\"},\"author\":{\"name\":\"admin1873\",\"@id\":\"https:\\\/\\\/charleroi-pourlapalestine.be\\\/#\\\/schema\\\/person\\\/c19ff515112f1299d8c12671d8fe3faa\"},\"headline\":\"Les balles d\u2019Isra\u00ebl laissent des blessures ingu\u00e9rissables\",\"datePublished\":\"2023-08-30T12:43:19+00:00\",\"dateModified\":\"2023-08-30T12:48:32+00:00\",\"mainEntityOfPage\":{\"@id\":\"https:\\\/\\\/charleroi-pourlapalestine.be\\\/index.php\\\/2023\\\/08\\\/30\\\/les-balles-disrael-laissent-des-blessures-inguerissables\\\/\"},\"wordCount\":1563,\"publisher\":{\"@id\":\"https:\\\/\\\/charleroi-pourlapalestine.be\\\/#organization\"},\"image\":{\"@id\":\"https:\\\/\\\/charleroi-pourlapalestine.be\\\/index.php\\\/2023\\\/08\\\/30\\\/les-balles-disrael-laissent-des-blessures-inguerissables\\\/#primaryimage\"},\"thumbnailUrl\":\"https:\\\/\\\/charleroi-pourlapalestine.be\\\/wp-content\\\/uploads\\\/2023\\\/08\\\/Les-balles-dIsrael-laissent-des-blessures-inguerissables.jpg\",\"articleSection\":[\"Agressions militaires\",\"blocus\",\"Crimes de guerre\",\"Gaza\",\"Grande Marche du Retour\"],\"inLanguage\":\"fr-FR\"},{\"@type\":\"WebPage\",\"@id\":\"https:\\\/\\\/charleroi-pourlapalestine.be\\\/index.php\\\/2023\\\/08\\\/30\\\/les-balles-disrael-laissent-des-blessures-inguerissables\\\/\",\"url\":\"https:\\\/\\\/charleroi-pourlapalestine.be\\\/index.php\\\/2023\\\/08\\\/30\\\/les-balles-disrael-laissent-des-blessures-inguerissables\\\/\",\"name\":\"Les balles d\u2019Isra\u00ebl laissent des blessures ingu\u00e9rissables - Charleroi Pour la Palestine\",\"isPartOf\":{\"@id\":\"https:\\\/\\\/charleroi-pourlapalestine.be\\\/#website\"},\"primaryImageOfPage\":{\"@id\":\"https:\\\/\\\/charleroi-pourlapalestine.be\\\/index.php\\\/2023\\\/08\\\/30\\\/les-balles-disrael-laissent-des-blessures-inguerissables\\\/#primaryimage\"},\"image\":{\"@id\":\"https:\\\/\\\/charleroi-pourlapalestine.be\\\/index.php\\\/2023\\\/08\\\/30\\\/les-balles-disrael-laissent-des-blessures-inguerissables\\\/#primaryimage\"},\"thumbnailUrl\":\"https:\\\/\\\/charleroi-pourlapalestine.be\\\/wp-content\\\/uploads\\\/2023\\\/08\\\/Les-balles-dIsrael-laissent-des-blessures-inguerissables.jpg\",\"datePublished\":\"2023-08-30T12:43:19+00:00\",\"dateModified\":\"2023-08-30T12:48:32+00:00\",\"description\":\"M\u00e9decins Sans Fronti\u00e8res (MSF) a qualifi\u00e9 ces blessures par balle de \u00ab d\u00e9vastatrices \u00bb et \u00ab d\u2019une s\u00e9v\u00e9rit\u00e9 inhabituelle \u00bb\",\"breadcrumb\":{\"@id\":\"https:\\\/\\\/charleroi-pourlapalestine.be\\\/index.php\\\/2023\\\/08\\\/30\\\/les-balles-disrael-laissent-des-blessures-inguerissables\\\/#breadcrumb\"},\"inLanguage\":\"fr-FR\",\"potentialAction\":[{\"@type\":\"ReadAction\",\"target\":[\"https:\\\/\\\/charleroi-pourlapalestine.be\\\/index.php\\\/2023\\\/08\\\/30\\\/les-balles-disrael-laissent-des-blessures-inguerissables\\\/\"]}]},{\"@type\":\"ImageObject\",\"inLanguage\":\"fr-FR\",\"@id\":\"https:\\\/\\\/charleroi-pourlapalestine.be\\\/index.php\\\/2023\\\/08\\\/30\\\/les-balles-disrael-laissent-des-blessures-inguerissables\\\/#primaryimage\",\"url\":\"\",\"contentUrl\":\"\"},{\"@type\":\"BreadcrumbList\",\"@id\":\"https:\\\/\\\/charleroi-pourlapalestine.be\\\/index.php\\\/2023\\\/08\\\/30\\\/les-balles-disrael-laissent-des-blessures-inguerissables\\\/#breadcrumb\",\"itemListElement\":[{\"@type\":\"ListItem\",\"position\":1,\"name\":\"Accueil\",\"item\":\"https:\\\/\\\/charleroi-pourlapalestine.be\\\/\"},{\"@type\":\"ListItem\",\"position\":2,\"name\":\"Les balles d\u2019Isra\u00ebl laissent des blessures ingu\u00e9rissables\"}]},{\"@type\":\"WebSite\",\"@id\":\"https:\\\/\\\/charleroi-pourlapalestine.be\\\/#website\",\"url\":\"https:\\\/\\\/charleroi-pourlapalestine.be\\\/\",\"name\":\"Charleroi Pour la Palestine\",\"description\":\"\",\"publisher\":{\"@id\":\"https:\\\/\\\/charleroi-pourlapalestine.be\\\/#organization\"},\"potentialAction\":[{\"@type\":\"SearchAction\",\"target\":{\"@type\":\"EntryPoint\",\"urlTemplate\":\"https:\\\/\\\/charleroi-pourlapalestine.be\\\/?s={search_term_string}\"},\"query-input\":{\"@type\":\"PropertyValueSpecification\",\"valueRequired\":true,\"valueName\":\"search_term_string\"}}],\"inLanguage\":\"fr-FR\"},{\"@type\":\"Organization\",\"@id\":\"https:\\\/\\\/charleroi-pourlapalestine.be\\\/#organization\",\"name\":\"Plate-forme Charleroi-Palestine\",\"url\":\"https:\\\/\\\/charleroi-pourlapalestine.be\\\/\",\"logo\":{\"@type\":\"ImageObject\",\"inLanguage\":\"fr-FR\",\"@id\":\"https:\\\/\\\/charleroi-pourlapalestine.be\\\/#\\\/schema\\\/logo\\\/image\\\/\",\"url\":\"https:\\\/\\\/charleroi-pourlapalestine.be\\\/wp-content\\\/uploads\\\/2020\\\/01\\\/logo-Copy.jpg\",\"contentUrl\":\"https:\\\/\\\/charleroi-pourlapalestine.be\\\/wp-content\\\/uploads\\\/2020\\\/01\\\/logo-Copy.jpg\",\"width\":180,\"height\":180,\"caption\":\"Plate-forme Charleroi-Palestine\"},\"image\":{\"@id\":\"https:\\\/\\\/charleroi-pourlapalestine.be\\\/#\\\/schema\\\/logo\\\/image\\\/\"},\"sameAs\":[\"https:\\\/\\\/www.facebook.com\\\/PlateformeCharleroiPalestine\\\/\",\"https:\\\/\\\/x.com\\\/LaCharleroi\"]},{\"@type\":\"Person\",\"@id\":\"https:\\\/\\\/charleroi-pourlapalestine.be\\\/#\\\/schema\\\/person\\\/c19ff515112f1299d8c12671d8fe3faa\",\"name\":\"admin1873\",\"url\":\"https:\\\/\\\/charleroi-pourlapalestine.be\\\/index.php\\\/author\\\/admin1873\\\/\"}]}<\/script>\n<!-- \/ Yoast SEO plugin. -->","yoast_head_json":{"title":"Les balles d\u2019Isra\u00ebl laissent des blessures ingu\u00e9rissables - Charleroi Pour la Palestine","description":"M\u00e9decins Sans Fronti\u00e8res (MSF) a qualifi\u00e9 ces blessures par balle de \u00ab d\u00e9vastatrices \u00bb et \u00ab d\u2019une s\u00e9v\u00e9rit\u00e9 inhabituelle \u00bb","robots":{"index":"index","follow":"follow","max-snippet":"max-snippet:-1","max-image-preview":"max-image-preview:large","max-video-preview":"max-video-preview:-1"},"canonical":"https:\/\/charleroi-pourlapalestine.be\/index.php\/2023\/08\/30\/les-balles-disrael-laissent-des-blessures-inguerissables\/","schema":{"@context":"https:\/\/schema.org","@graph":[{"@type":"Article","@id":"https:\/\/charleroi-pourlapalestine.be\/index.php\/2023\/08\/30\/les-balles-disrael-laissent-des-blessures-inguerissables\/#article","isPartOf":{"@id":"https:\/\/charleroi-pourlapalestine.be\/index.php\/2023\/08\/30\/les-balles-disrael-laissent-des-blessures-inguerissables\/"},"author":{"name":"admin1873","@id":"https:\/\/charleroi-pourlapalestine.be\/#\/schema\/person\/c19ff515112f1299d8c12671d8fe3faa"},"headline":"Les balles d\u2019Isra\u00ebl laissent des blessures ingu\u00e9rissables","datePublished":"2023-08-30T12:43:19+00:00","dateModified":"2023-08-30T12:48:32+00:00","mainEntityOfPage":{"@id":"https:\/\/charleroi-pourlapalestine.be\/index.php\/2023\/08\/30\/les-balles-disrael-laissent-des-blessures-inguerissables\/"},"wordCount":1563,"publisher":{"@id":"https:\/\/charleroi-pourlapalestine.be\/#organization"},"image":{"@id":"https:\/\/charleroi-pourlapalestine.be\/index.php\/2023\/08\/30\/les-balles-disrael-laissent-des-blessures-inguerissables\/#primaryimage"},"thumbnailUrl":"https:\/\/charleroi-pourlapalestine.be\/wp-content\/uploads\/2023\/08\/Les-balles-dIsrael-laissent-des-blessures-inguerissables.jpg","articleSection":["Agressions militaires","blocus","Crimes de guerre","Gaza","Grande Marche du Retour"],"inLanguage":"fr-FR"},{"@type":"WebPage","@id":"https:\/\/charleroi-pourlapalestine.be\/index.php\/2023\/08\/30\/les-balles-disrael-laissent-des-blessures-inguerissables\/","url":"https:\/\/charleroi-pourlapalestine.be\/index.php\/2023\/08\/30\/les-balles-disrael-laissent-des-blessures-inguerissables\/","name":"Les balles d\u2019Isra\u00ebl laissent des blessures ingu\u00e9rissables - Charleroi Pour la Palestine","isPartOf":{"@id":"https:\/\/charleroi-pourlapalestine.be\/#website"},"primaryImageOfPage":{"@id":"https:\/\/charleroi-pourlapalestine.be\/index.php\/2023\/08\/30\/les-balles-disrael-laissent-des-blessures-inguerissables\/#primaryimage"},"image":{"@id":"https:\/\/charleroi-pourlapalestine.be\/index.php\/2023\/08\/30\/les-balles-disrael-laissent-des-blessures-inguerissables\/#primaryimage"},"thumbnailUrl":"https:\/\/charleroi-pourlapalestine.be\/wp-content\/uploads\/2023\/08\/Les-balles-dIsrael-laissent-des-blessures-inguerissables.jpg","datePublished":"2023-08-30T12:43:19+00:00","dateModified":"2023-08-30T12:48:32+00:00","description":"M\u00e9decins Sans Fronti\u00e8res (MSF) a qualifi\u00e9 ces blessures par balle de \u00ab d\u00e9vastatrices \u00bb et \u00ab d\u2019une s\u00e9v\u00e9rit\u00e9 inhabituelle \u00bb","breadcrumb":{"@id":"https:\/\/charleroi-pourlapalestine.be\/index.php\/2023\/08\/30\/les-balles-disrael-laissent-des-blessures-inguerissables\/#breadcrumb"},"inLanguage":"fr-FR","potentialAction":[{"@type":"ReadAction","target":["https:\/\/charleroi-pourlapalestine.be\/index.php\/2023\/08\/30\/les-balles-disrael-laissent-des-blessures-inguerissables\/"]}]},{"@type":"ImageObject","inLanguage":"fr-FR","@id":"https:\/\/charleroi-pourlapalestine.be\/index.php\/2023\/08\/30\/les-balles-disrael-laissent-des-blessures-inguerissables\/#primaryimage","url":"","contentUrl":""},{"@type":"BreadcrumbList","@id":"https:\/\/charleroi-pourlapalestine.be\/index.php\/2023\/08\/30\/les-balles-disrael-laissent-des-blessures-inguerissables\/#breadcrumb","itemListElement":[{"@type":"ListItem","position":1,"name":"Accueil","item":"https:\/\/charleroi-pourlapalestine.be\/"},{"@type":"ListItem","position":2,"name":"Les balles d\u2019Isra\u00ebl laissent des blessures ingu\u00e9rissables"}]},{"@type":"WebSite","@id":"https:\/\/charleroi-pourlapalestine.be\/#website","url":"https:\/\/charleroi-pourlapalestine.be\/","name":"Charleroi Pour la Palestine","description":"","publisher":{"@id":"https:\/\/charleroi-pourlapalestine.be\/#organization"},"potentialAction":[{"@type":"SearchAction","target":{"@type":"EntryPoint","urlTemplate":"https:\/\/charleroi-pourlapalestine.be\/?s={search_term_string}"},"query-input":{"@type":"PropertyValueSpecification","valueRequired":true,"valueName":"search_term_string"}}],"inLanguage":"fr-FR"},{"@type":"Organization","@id":"https:\/\/charleroi-pourlapalestine.be\/#organization","name":"Plate-forme Charleroi-Palestine","url":"https:\/\/charleroi-pourlapalestine.be\/","logo":{"@type":"ImageObject","inLanguage":"fr-FR","@id":"https:\/\/charleroi-pourlapalestine.be\/#\/schema\/logo\/image\/","url":"https:\/\/charleroi-pourlapalestine.be\/wp-content\/uploads\/2020\/01\/logo-Copy.jpg","contentUrl":"https:\/\/charleroi-pourlapalestine.be\/wp-content\/uploads\/2020\/01\/logo-Copy.jpg","width":180,"height":180,"caption":"Plate-forme Charleroi-Palestine"},"image":{"@id":"https:\/\/charleroi-pourlapalestine.be\/#\/schema\/logo\/image\/"},"sameAs":["https:\/\/www.facebook.com\/PlateformeCharleroiPalestine\/","https:\/\/x.com\/LaCharleroi"]},{"@type":"Person","@id":"https:\/\/charleroi-pourlapalestine.be\/#\/schema\/person\/c19ff515112f1299d8c12671d8fe3faa","name":"admin1873","url":"https:\/\/charleroi-pourlapalestine.be\/index.php\/author\/admin1873\/"}]}},"_links":{"self":[{"href":"https:\/\/charleroi-pourlapalestine.be\/index.php\/wp-json\/wp\/v2\/posts\/59510","targetHints":{"allow":["GET"]}}],"collection":[{"href":"https:\/\/charleroi-pourlapalestine.be\/index.php\/wp-json\/wp\/v2\/posts"}],"about":[{"href":"https:\/\/charleroi-pourlapalestine.be\/index.php\/wp-json\/wp\/v2\/types\/post"}],"author":[{"embeddable":true,"href":"https:\/\/charleroi-pourlapalestine.be\/index.php\/wp-json\/wp\/v2\/users\/1"}],"replies":[{"embeddable":true,"href":"https:\/\/charleroi-pourlapalestine.be\/index.php\/wp-json\/wp\/v2\/comments?post=59510"}],"version-history":[{"count":0,"href":"https:\/\/charleroi-pourlapalestine.be\/index.php\/wp-json\/wp\/v2\/posts\/59510\/revisions"}],"wp:attachment":[{"href":"https:\/\/charleroi-pourlapalestine.be\/index.php\/wp-json\/wp\/v2\/media?parent=59510"}],"wp:term":[{"taxonomy":"category","embeddable":true,"href":"https:\/\/charleroi-pourlapalestine.be\/index.php\/wp-json\/wp\/v2\/categories?post=59510"},{"taxonomy":"post_tag","embeddable":true,"href":"https:\/\/charleroi-pourlapalestine.be\/index.php\/wp-json\/wp\/v2\/tags?post=59510"}],"curies":[{"name":"wp","href":"https:\/\/api.w.org\/{rel}","templated":true}]}}