{"id":59917,"date":"2023-09-13T11:34:44","date_gmt":"2023-09-13T09:34:44","guid":{"rendered":"https:\/\/charleroi-pourlapalestine.be\/?p=59917"},"modified":"2023-09-13T11:41:40","modified_gmt":"2023-09-13T09:41:40","slug":"pourquoi-les-eu-et-israel-vendent-ils-plus-darmes-encore-au-negationniste-abbas","status":"publish","type":"post","link":"https:\/\/charleroi-pourlapalestine.be\/index.php\/2023\/09\/13\/pourquoi-les-eu-et-israel-vendent-ils-plus-darmes-encore-au-negationniste-abbas\/","title":{"rendered":"Pourquoi les EU et Isra\u00ebl vendent-ils plus d\u2019armes encore au n\u00e9gationniste Abbas ?"},"content":{"rendered":"<p>&nbsp;<\/p>\n<div id=\"attachment_59918\" style=\"width: 810px\" class=\"wp-caption aligncenter\"><img loading=\"lazy\" decoding=\"async\" aria-describedby=\"caption-attachment-59918\" class=\"wp-image-59918 size-full\" src=\"https:\/\/charleroi-pourlapalestine.be\/wp-content\/uploads\/2023\/09\/Mahmoud-Abbas-Ramallah.jpg\" alt=\"Ramallah, Cisjordanie occup\u00e9e, 28 ao\u00fbt 2023. Mahmoud Abbas pr\u00e9side une rencontre des chefs des forces s\u00e9curitaires de l\u2019Autorit\u00e9 palestinienne, alli\u00e9es \u00e0 Isra\u00ebl et entra\u00een\u00e9es et arm\u00e9es par l\u2019Occident. (Photo : Thaer Ganaim \/ APA images)\" width=\"800\" height=\"511\"><p id=\"caption-attachment-59918\" class=\"wp-caption-text\"><strong>Ramallah, Cisjordanie occup\u00e9e, 28 ao\u00fbt 2023. Mahmoud Abbas pr\u00e9side une rencontre des chefs des forces s\u00e9curitaires de l\u2019Autorit\u00e9 palestinienne, alli\u00e9es \u00e0 Isra\u00ebl et entra\u00een\u00e9es et arm\u00e9es par l\u2019Occident<\/strong>. (Photo : Thaer Ganaim \/ APA images)<\/p><\/div>\n<p>&nbsp;<\/p>\n<p><a href=\"https:\/\/charleroi-pourlapalestine.be\/index.php\/tag\/ali-abunimah\/\">Ali Abunimah<\/a>, 12 septembre 2023<\/p>\n<p><strong>&nbsp;<\/strong><\/p>\n<p>Cette derni\u00e8re semaine, il y a eu toute une temp\u00eate de critiques instigu\u00e9es par Isra\u00ebl et son lobby contre <strong>Mahmoud Abbas, le chef de l\u2019Autorit\u00e9 palestinienne<\/strong>, \u00e0 propos de remarques qu\u2019il avait faites pour innocenter fallacieusement l\u2019antis\u00e9mitisme des r\u00e9gimes chr\u00e9tiens europ\u00e9ens qui avaient assassin\u00e9 des millions de Juifs europ\u00e9ens au cours de l\u2019Holocauste.<\/p>\n<blockquote><p>\u00ab Ils disent qu\u2019Hitler a tu\u00e9 les juifs parce qu\u2019ils \u00e9taient juifs et que l\u2019Europe ha\u00efssait les juifs parce qu\u2019ils \u00e9taient juifs \u00bb,<\/p><\/blockquote>\n<p>avait d\u00e9clar\u00e9 Abbas dans un discours dont la vid\u00e9o avait \u00e9t\u00e9 diffus\u00e9e par l\u2019organisation de propagande isra\u00e9lienne MEMRI.<\/p>\n<p><em>\u00ab Non \u00bb<\/em>, avait affirm\u00e9 Abbas, ajoutant que les juifs avaient \u00e9t\u00e9 pers\u00e9cut\u00e9s en raison de <em>\u00ab leur r\u00f4le social qui avait trait \u00e0 l\u2019usure, \u00e0 l\u2019argent, etc. \u00bb.<\/em><\/p>\n<p>C\u2019\u00e9tait l\u2019ambassadeur isra\u00e9lien aux Nations unies, <strong>Gilad Erdan<\/strong>, qui avait men\u00e9 la charge contre Abbas.<\/p>\n<blockquote class=\"twitter-tweet\" data-width=\"500\" data-dnt=\"true\">\n<p lang=\"en\" dir=\"ltr\">This is the true face of Palestinian \u201cleadership\u201d.<br \/>It is no wonder that mere hours ago a Palestinian teenage terrorist hacked innocent Israelis with a meat cleaver in Jerusalem. <br \/>Just as Abbas blames the Jews for the Holocaust, he also blames the Jews for all the Middle East\u2019s\u2026 <a href=\"https:\/\/t.co\/l4hLRDkMet\">https:\/\/t.co\/l4hLRDkMet<\/a><\/p>\n<p>&mdash; Ambassador Gilad Erdan \u05d2\u05dc\u05e2\u05d3 \u05d0\u05e8\u05d3\u05df (@giladerdan1) <a href=\"https:\/\/twitter.com\/giladerdan1\/status\/1699418709884834022?ref_src=twsrc%5Etfw\">September 6, 2023<\/a><\/p><\/blockquote>\n<p><script async src=\"https:\/\/platform.twitter.com\/widgets.js\" charset=\"utf-8\"><\/script><\/p>\n<p><em>\u00ab Voil\u00e0 le vrai visage de la direction de l\u2019Autorit\u00e9 palestinienne \u00bb,<\/em> avait fulmin\u00e9 Erdan.<\/p>\n<blockquote><p>\u00ab Le monde doit s\u2019\u00e9veiller et demander des comptes \u00e0 Abbas et son Autorit\u00e9 palestinienne pour la haine qu\u2019ils crachent et pour le bain de sang que cette haine d\u00e9clenche ensuite \u00bb,<\/p><\/blockquote>\n<p>avait exig\u00e9 le diplomate isra\u00e9lien.<\/p>\n<blockquote><p>\u00ab Il faut qu\u2019il y ait une tol\u00e9rance z\u00e9ro contre les incitations et le terrorisme des Palestiniens. \u00bb<\/p><\/blockquote>\n<p>Un d\u00e9luge de condamnations allait suivre \u2013 trop volumineux pour en citer davantage qu\u2019un \u00e9chantillon \u2013 de la part de gens comme <strong>Ritchie Torres<\/strong>, un membre d\u00e9mocrate du Congr\u00e8s am\u00e9ricain, ou comme<strong> Jonathan Greenblatt,<\/strong> le chef du lobby pro-isra\u00e9lien qu\u2019est la Ligue Anti-Diffamation.<\/p>\n<blockquote class=\"twitter-tweet\" data-width=\"500\" data-dnt=\"true\">\n<p lang=\"en\" dir=\"ltr\">The so-called \u201cmoderate\u201d Mahmoud Abbas denies the antisemitism of Adolf Hitler, falsely claiming that Hitler \u201cfought the Jews because they were dealing with usury and money.\u201d<\/p>\n<p>With \u201cmoderates\u201d like these, who needs extremists?  <\/p>\n<p>There is and has long been a deep rot of\u2026 <a href=\"https:\/\/t.co\/6rFUXCzWZZ\">pic.twitter.com\/6rFUXCzWZZ<\/a><\/p>\n<p>&mdash; Ritchie Torres (@RitchieTorres) <a href=\"https:\/\/twitter.com\/RitchieTorres\/status\/1699821492584824874?ref_src=twsrc%5Etfw\">September 7, 2023<\/a><\/p><\/blockquote>\n<p><script async src=\"https:\/\/platform.twitter.com\/widgets.js\" charset=\"utf-8\"><\/script><\/p>\n<blockquote class=\"twitter-tweet\" data-width=\"500\" data-dnt=\"true\">\n<p lang=\"en\" dir=\"ltr\">It\u2019s truly outrageous how many antisemitic tropes President Abbas managed to jam into a single statement. Not only is it unacceptable for him personally, but as a leader, it sends a message to the Palestinian people that this hate is legitimate.\u00a0Abbas should immediately apologize\u2026 <a href=\"https:\/\/t.co\/jg5yc0CTeH\">https:\/\/t.co\/jg5yc0CTeH<\/a><\/p>\n<p>&mdash; Jonathan Greenblatt (@JGreenblattADL) <a href=\"https:\/\/twitter.com\/JGreenblattADL\/status\/1699815304937828636?ref_src=twsrc%5Etfw\">September 7, 2023<\/a><\/p><\/blockquote>\n<p><script async src=\"https:\/\/platform.twitter.com\/widgets.js\" charset=\"utf-8\"><\/script><\/p>\n<p><strong>Deborah Lipstadt<\/strong>, l\u2019envoy\u00e9e sp\u00e9ciale du gouvernement am\u00e9ricain contre l\u2019antis\u00e9mitisme, a fustig\u00e9 Abbas pour ses \u00ab remarques antis\u00e9mites haineuses \u00bb et pour avoir tenu un discours qui <em>\u00ab calomniait le peuple juif \u00bb<\/em> et <em>\u00ab d\u00e9formait l\u2019Holocauste \u00bb.<\/em><\/p>\n<p>https:\/\/twitter.com\/StateSEAS\/status\/1699771336631968048?ref_src=twsrc%5Etfw%7Ctwcamp%5Etweetembed%7Ctwterm%5E1699771336631968048%7Ctwgr%5E7b767bf388be089f50f23f9467b07dcae6773890%7Ctwcon%5Es1_&#038;ref_url=https%3A%2F%2Felectronicintifada.net%2Fblogs%2Fali-abunimah%2Fwhy-are-us-and-israel-sending-more-guns-holocaust-denier-abbas<\/p>\n<p>&nbsp;<\/p>\n<p>Un grand nombre de responsables du gouvernement am\u00e9ricain se sont fait l\u2019\u00e9cho de Lipstadt, y compris son ambassadrice aux Nations unies,<strong> Linda Thomas-Greenfield<\/strong> et son <em>\u00ab envoy\u00e9 sur les questions de l\u2019Holocauste \u00bb,<\/em> Ellen Germain.<\/p>\n<p>Pour ne pas \u00eatre en reste, l\u2019Union europ\u00e9enne et sa coordinatrice contre l\u2019antis\u00e9mitisme, Katharina von Schnurbein, ont rejoint le ch\u0153ur :<\/p>\n<blockquote class=\"twitter-tweet\" data-width=\"500\" data-dnt=\"true\">\n<p lang=\"en\" dir=\"ltr\">\u201ePresident Abbas\u2019 speech contained false &amp; grossly misleading remarks about <a href=\"https:\/\/twitter.com\/hashtag\/Jews?src=hash&amp;ref_src=twsrc%5Etfw\">#Jews<\/a> and <a href=\"https:\/\/twitter.com\/hashtag\/antisemitism?src=hash&amp;ref_src=twsrc%5Etfw\">#antisemitism<\/a>. Such historical distortions are inflammatory, deeply offensive and can only serve to exacerbate tensions in the region (\u2026.)<\/p>\n<p>\ud83d\udc49 Full statement <a href=\"https:\/\/twitter.com\/ExtSpoxEU?ref_src=twsrc%5Etfw\">@ExtSpoxEU<\/a> <a href=\"https:\/\/t.co\/AAG1h2G8ak\">https:\/\/t.co\/AAG1h2G8ak<\/a><\/p>\n<p>&mdash; \ud83c\udf97\ufe0f(((Katharina von Schnurbein))) (@kschnurbein) <a href=\"https:\/\/twitter.com\/kschnurbein\/status\/1699782321803784197?ref_src=twsrc%5Etfw\">September 7, 2023<\/a><\/p><\/blockquote>\n<p><script async src=\"https:\/\/platform.twitter.com\/widgets.js\" charset=\"utf-8\"><\/script><\/p>\n<p>&nbsp;<\/p>\n<p>Et la maire de Paris, <strong>Anne Hidalgo<\/strong>, furieuse, a d\u00e9coch\u00e9 une lettre \u00e0 Abbas dans laquelle elle accusait le chef de l\u2019AP<\/p>\n<blockquote><p>\u00ab de justifier l\u2019extermination des juifs d\u2019Europe au cours de la 2<sup>e<\/sup> GM par un d\u00e9sir manifeste de nier le g\u00e9nocide \u00bb.<\/p><\/blockquote>\n<p>En guise de punition, elle retirait \u00e0 Abbas la m\u00e9daille que la capitale fran\u00e7aise lui avait d\u00e9cern\u00e9e en 2015.<\/p>\n<h3><strong><br \/>\nUn remake<\/strong><\/h3>\n<p>Les gens qui ne sont gu\u00e8re attentifs pourraient n\u2019avoir pas remarqu\u00e9 que cette derni\u00e8re temp\u00eate d\u2019indignation n\u2019est qu\u2019un nouveau et \u00e9ni\u00e8me remake d\u2019un show de tr\u00e8s longue haleine.<\/p>\n<p><strong>C\u2019est une mascarade qui sert \u00e0 promouvoir la fiction pr\u00e9tendant qu\u2019Isra\u00ebl et Mahmoud Abbas sont des ennemis, alors qu\u2019en r\u00e9alit\u00e9, ils sont les plus proches des alli\u00e9s \u00e0 tous \u00e9gards.<\/strong><\/p>\n<p>En 2018, par exemple, Abbas avait fait des commentaires presque identiques \u00e0 ceux qui ont d\u00e9clench\u00e9 la temp\u00eate de feu de cette semaine.<\/p>\n<p>\u00c0 l\u2019\u00e9poque, le Premier ministre isra\u00e9lien<strong> Benjamin Netanyahou<\/strong> avait d\u00e9nonc\u00e9 le <em>\u00ab fiel \u00e9hont\u00e9 \u00bb<\/em> du \u00ab discours antis\u00e9mite \u00bb d\u2019Abbas.<\/p>\n<p><em>\u00ab Apparemment, le n\u00e9gationniste de l\u2019Holocauste est toujours rest\u00e9 n\u00e9gationnist<\/em>e \u00bb, a dit Netanyahou d\u2019Abbas.<\/p>\n<blockquote class=\"twitter-tweet\" data-width=\"500\" data-dnt=\"true\">\n<p lang=\"en\" dir=\"ltr\">Mahmoud Abbas, the president of the Palestinian Authority, gave another anti-Semitic speech. With utmost ignorance and brazen gall, he claimed that European Jews were persecuted and murdered not because they were Jews but because they gave loans with interest.<\/p>\n<p>&mdash; Benjamin Netanyahu &#8211; \u05d1\u05e0\u05d9\u05de\u05d9\u05df \u05e0\u05ea\u05e0\u05d9\u05d4\u05d5 (@netanyahu) <a href=\"https:\/\/twitter.com\/netanyahu\/status\/991634781271154688?ref_src=twsrc%5Etfw\">May 2, 2018<\/a><\/p><\/blockquote>\n<p><script async src=\"https:\/\/platform.twitter.com\/widgets.js\" charset=\"utf-8\"><\/script><\/p>\n<p>&nbsp;<\/p>\n<p>On pourrait penser, par cons\u00e9quent, que si la moindre de ces critiques indign\u00e9es \u00e9tait de bonne foi, les \u00c9tats-Unis, l\u2019UE et en particulier le seul <em>\u00ab \u00c9tat juif \u00bb<\/em> autoproclam\u00e9 du monde allaient refuser toutes transactions avec une personnalit\u00e9 aussi odieuse d\u00e9bitant des points de vue aussi d\u00e9go\u00fbtants.<\/p>\n<p>Mais c\u2019est loin d\u2019\u00eatre le cas.<\/p>\n<p><strong>Depuis des d\u00e9cennies et jusqu\u2019\u00e0 ce jour, Abbas ne cesse de b\u00e9n\u00e9ficier du soutien total des \u00c9tats-Unis, d\u2019Isra\u00ebl et des gouvernements europ\u00e9ens, bien qu\u2019il soit massivement rejet\u00e9 par les Palestiniens eux-m\u00eames.<\/strong><\/p>\n<p>&nbsp;<\/p>\n<h3><strong>Armer Abbas<\/strong><\/h3>\n<p><strong>Mardi, les m\u00e9dias isra\u00e9liens et palestiniens rapportaient que les \u00c9tats-Unis, avec l\u2019approbation d\u2019Isra\u00ebl, avait une fois de plus transf\u00e9r\u00e9 des armes vers l\u2019Autorit\u00e9 palestinienne afin de lutter contre la r\u00e9sistance palestinienne<\/strong> \u2013 qu\u2019Isra\u00ebl et ses sponsors qualifient de <em>\u00ab terroriste \u00bb.<\/em><\/p>\n<blockquote><p>\u00ab L\u2019Autorit\u00e9 palestinienne, dit-on, a re\u00e7u tout un envoi de v\u00e9hicules blind\u00e9s et d\u2019armes des \u00c9tats-Unis, du fait que l\u2019administration Biden et Isra\u00ebl cherchent \u00e0 aider Ramallah \u00e0 recouvrer le contr\u00f4le sur les zones de la Cisjordanie qui sont devenues des foyers de l\u2019activit\u00e9 terroriste \u00bb,<\/p><\/blockquote>\n<p>a rapport\u00e9 <em>The Times of Israel<\/em>.<\/p>\n<blockquote><p>\u00ab Citant des sources palestiniennes bien inform\u00e9es, le quotidien palestinien <em>Al Quds<\/em>, install\u00e9 \u00e0 J\u00e9rusalem, a d\u00e9clar\u00e9 lundi que l\u2019envoi avait \u00e9t\u00e9 facilit\u00e9 par la Jordanie et qu\u2019il allait \u00eatre utilis\u00e9 par plusieurs branches des forces s\u00e9curitaires de l\u2019AP \u00bb,<\/p><\/blockquote>\n<p>a ajout\u00e9 <em>The Times of Israel<\/em>.<\/p>\n<blockquote><p>\u00ab Il convient de remarquer que l\u2019envoi a \u00e9t\u00e9 approuv\u00e9 par le gouvernement intransigeant du Premier ministre Benjamin Netanyahou, qui comprend des repr\u00e9sentants ayant longtemps critiqu\u00e9 le transfert d\u2019armes vers l\u2019AP. \u00bb<\/p><\/blockquote>\n<p>Cette semaine \u00e9galement, le gouvernement hollandais, un autre alli\u00e9 fid\u00e8le d\u2019Isra\u00ebl, a envoy\u00e9 son ministre de la D\u00e9fense \u00e0 Ramallah dans un show de soutien aux <em>\u00ab forces de s\u00e9curit\u00e9 \u00bb<\/em> entra\u00een\u00e9es par les EU et contr\u00f4l\u00e9es par Abbas.<\/p>\n<p>https:\/\/twitter.com\/DefensieMin\/status\/1699813146502844558?ref_src=twsrc%5Etfw%7Ctwcamp%5Etweetembed%7Ctwterm%5E1699813146502844558%7Ctwgr%5E7b767bf388be089f50f23f9467b07dcae6773890%7Ctwcon%5Es1_&#038;ref_url=https%3A%2F%2Felectronicintifada.net%2Fblogs%2Fali-abunimah%2Fwhy-are-us-and-israel-sending-more-guns-holocaust-denier-abbas<\/p>\n<p>&nbsp;<\/p>\n<p>Ce ne sont que les toutes derni\u00e8res d\u00e9marches entreprises par l\u2019Occident et Isra\u00ebl pour remettre Abbas bien en selle, <strong>Abbas sur qui ils s\u2019appuient compl\u00e8tement en tant qu\u2019ex\u00e9cuteur autochtone \u00e0 leur botte <em>contre <\/em>la lutte de lib\u00e9ration du peuple palestinien.<\/strong><\/p>\n<p>&nbsp;<\/p>\n<h3><em><strong>\u00ab Elle se charge du boulot \u00e0 notre place \u00bb <\/strong><\/em><\/h3>\n<p>Pas plus tard qu\u2019en juillet,<strong> Netanyahou<\/strong> affirmait :<\/p>\n<blockquote><p>\u00ab Nous avons besoin de l\u2019Autorit\u00e9 palestinienne. Nous ne pouvons tol\u00e9rer qu\u2019elle s\u2019effondre. \u00bb<\/p>\n<p>\u00ab L\u00e0 o\u00f9 elle rencontre le succ\u00e8s dans ses op\u00e9rations, elle se charge du boulot \u00e0 notre place \u00bb,<\/p><\/blockquote>\n<p>a ajout\u00e9 le dirigeant isra\u00e9lien, promettant m\u00eame une aide financi\u00e8re isra\u00e9lienne si c\u2019\u00e9tait ce qu\u2019il fallait pour maintenir \u00e0 flot le r\u00e9gime collaborationniste d\u2019Abbas.<\/p>\n<p>En effet, Isra\u00ebl s\u2019est tellement de maintenir Abbas et sa clique au pouvoir qu\u2019en 2021, il a envoy\u00e9 le chef de sa police secr\u00e8te, le <strong>Shin Bet,<\/strong> \u00e0 Ramallah pour ordonner \u00e0 Abbas d\u2019annuler les \u00e9lections l\u00e9gislatives pr\u00e9vues par l\u2019Autorit\u00e9 palestinienne et dont Isra\u00ebl craignait que la faction du Fatah d\u2019Abbas n\u2019aille les perdre en faveur du Hamas.<\/p>\n<p>Abbas, naturellement, avait obtemp\u00e9r\u00e9.<\/p>\n<p><strong>Voici la v\u00e9rit\u00e9<\/strong> : <strong>Netanyahou et les autres dirigeants isra\u00e9liens et sionistes depuis l\u2019aube du mouvement sioniste, n\u2019ont jamais eu <a href=\"https:\/\/charleroi-pourlapalestine.be\/index.php\/2022\/12\/08\/tony-greenstein-comment-les-sionistes-ont-collabore-avec-les-nazis-partie-ii\/\">le moindre scrupule<\/a> \u00e0 travailler en collaboration \u00e9troite avec des gens qu\u2019ils consid\u00e9raient comme antis\u00e9mites, voire avec des nazis, pour autant que cela s\u2019inscrivait dans leur but de conqu\u00eate de la Palestine et de vol de ses terres \u00e0 son peuple autochtone.<\/strong><\/p>\n<p>En m\u00eame temps qu\u2019ils tol\u00e8rent les nazis et les antis\u00e9mites, Isra\u00ebl et ses alli\u00e9s transforment cyniquement en armes les accusations d\u2019antis\u00e9mitisme afin de r\u00e9duire au silence et de calomnier les partisans des droits palestiniens dont la solidarit\u00e9 est pourtant profond\u00e9ment enracin\u00e9e dans un antiracisme bien r\u00e9el.<\/p>\n<p>&nbsp;<\/p>\n<div id=\"file-111646\" class=\"file file-video file-video-oembed oembed-video oembed-default oembed-youtube\">\n<div class=\"oembed-content oembed-fluid\"><iframe loading=\"lazy\" src=\"https:\/\/www.youtube.com\/embed\/SPSLI4c-Je4?feature=oembed&amp;\" width=\"560\" height=\"315\" frameborder=\"0\" allowfullscreen=\"allowfullscreen\" data-mce-fragment=\"1\"><\/iframe><\/div>\n<\/div>\n<p>&nbsp;<\/p>\n<p>D\u00e8s sa cr\u00e9ation \u2013 sous l\u2019\u00e9gide des <strong>accords d\u2019Oslo<\/strong> qui ont \u00e9t\u00e9 sign\u00e9s il y a trente ans cette semaine \u2013 l\u2019<strong>Autorit\u00e9 palestinienne<\/strong> a \u00e9t\u00e9 pens\u00e9e, arm\u00e9e et financ\u00e9e en vue d\u2019op\u00e9rer, non pas au nom du peuple palestinien, mais bien dans le but de prot\u00e9ger et de d\u00e9fendre l\u2019occupant et ses hordes de colons.<\/p>\n<p>Ce r\u00f4le collaborationniste, Abbas en personne l\u2019a publiquement d\u00e9crit comme <em>\u00ab sacr\u00e9 \u00bb<\/em> et il continue \u00e0 l\u2019assumer avec une \u00e9nergie intacte.<\/p>\n<h3><strong><br \/>\nLa<em> \u00ab lettre ouverte \u00bb<\/em> palestinienne<\/strong><\/h3>\n<p>C\u2019est dans ce contexte qu\u2019a \u00e9t\u00e9 mise en circulation une <em>\u00ab lettre ouverte \u00bb<\/em>, sign\u00e9e par pr\u00e8s des 200 Palestiniens, dont certains sont des activistes et des universitaires bien connus qui se joignent au ch\u0153ur du lobby pro-isra\u00e9lien pour condamner les commentaires offensants d\u2019Abbas.<\/p>\n<blockquote class=\"twitter-tweet\" data-width=\"500\" data-dnt=\"true\">\n<p lang=\"en\" dir=\"ltr\">It\u2019s a shame we have to put out this statement at all. <\/p>\n<p>A Palestinian open letter in response to Mahmoud Abbas\u2019s reprehensible &amp; inaccurate comments regarding antisemitism &amp; the Holocaust. <a href=\"https:\/\/t.co\/ypeMa4Bj6x\">https:\/\/t.co\/ypeMa4Bj6x<\/a><a href=\"https:\/\/twitter.com\/hashtag\/Antisemitism?src=hash&amp;ref_src=twsrc%5Etfw\">#Antisemitism<\/a> <a href=\"https:\/\/twitter.com\/hashtag\/Holocaust?src=hash&amp;ref_src=twsrc%5Etfw\">#Holocaust<\/a> <a href=\"https:\/\/twitter.com\/hashtag\/Racism?src=hash&amp;ref_src=twsrc%5Etfw\">#Racism<\/a> <a href=\"https:\/\/twitter.com\/hashtag\/Palestinian?src=hash&amp;ref_src=twsrc%5Etfw\">#Palestinian<\/a> <a href=\"https:\/\/twitter.com\/hashtag\/Freedom?src=hash&amp;ref_src=twsrc%5Etfw\">#Freedom<\/a><\/p>\n<p>&mdash; Noura Erakat (@4noura) <a href=\"https:\/\/twitter.com\/4noura\/status\/1700907268781260854?ref_src=twsrc%5Etfw\">September 10, 2023<\/a><\/p><\/blockquote>\n<p><script async src=\"https:\/\/platform.twitter.com\/widgets.js\" charset=\"utf-8\"><\/script><\/p>\n<p>&nbsp;<\/p>\n<p>Dans cette lettre, les signataires<\/p>\n<blockquote><p>\u00ab condamnent sans \u00e9quivoque les commentaires moralement et politiquement r\u00e9pr\u00e9hensibles du pr\u00e9sident de l\u2019Autorit\u00e9 palestinienne Mahmoud Abbas \u00e0 propos de l\u2019Holocauste \u00bb.<\/p><\/blockquote>\n<p>Ils accusent l\u2019AP de<\/p>\n<blockquote><p>\u00ab gouvernance de plus en plus autoritaire et draconienne qui impacte hors de toutes proportions les gens vivant sous l\u2019occupation \u00bb<\/p><\/blockquote>\n<p>\u2013 comme si l\u2019AP n\u2019avait pas \u00e9t\u00e9 cr\u00e9\u00e9e pr\u00e9cis\u00e9ment pour cette t\u00e2che, dans laquelle elle excelle depuis que le pr\u00e9d\u00e9cesseur d\u2019Abbas, le chef de l\u2019OLP <strong>Yasser Arafat<\/strong>, est entr\u00e9 \u00e0 Gaza en 1994.<\/p>\n<p>Cette ann\u00e9e-l\u00e0, ses forces de s\u00e9curit\u00e9 s\u2019\u00e9taient mises \u00e0 recourir \u00e0 la torture l\u00e9thale, \u00e0 arr\u00eater des membres de la r\u00e9sistance et, d\u00e8s le d\u00e9but, au cours d\u2019un incident horrible, elles avaient massacr\u00e9 13 Palestiniens qui protestaient contre le pouvoir d\u2019Arafat.<\/p>\n<p><strong>Pourtant, les signataires de la lettre ouverte d\u00e9crivent avant tout les actes inacceptables de l\u2019AP comme un \u00e9chec assez r\u00e9cent de l\u2019autogouvernance palestinienne.<\/strong><\/p>\n<p>C\u2019est peut-\u00eatre en raison de ce discours implicitement auto-accusateur que <strong>de nombreux partisans fid\u00e8les d\u2019Isra\u00ebl, dont le gouvernement allemand \u2013 l\u2019un des ennemis les plus implacables de la libert\u00e9 et de l\u2019autod\u00e9termination des Palestiniens \u2013 se sont sentis absolument \u00e0 l\u2019aise pour promouvoir la lettre ouverte palestinienne.<\/strong><\/p>\n<blockquote class=\"twitter-tweet\" data-width=\"500\" data-dnt=\"true\">\n<p lang=\"en\" dir=\"ltr\">Our Foreign Office\u2019s Middle East Director on the open letter by Palestinian personalities squarely rejecting President Abbas\u2019 recent remarks. Important to hear these voices. <a href=\"https:\/\/t.co\/26rGQlPuHP\">https:\/\/t.co\/26rGQlPuHP<\/a><\/p>\n<p>&mdash; Steffen Seibert (@GerAmbTLV) <a href=\"https:\/\/twitter.com\/GerAmbTLV\/status\/1701319589403955437?ref_src=twsrc%5Etfw\">September 11, 2023<\/a><\/p><\/blockquote>\n<p><script async src=\"https:\/\/platform.twitter.com\/widgets.js\" charset=\"utf-8\"><\/script><\/p>\n<p>&nbsp;<\/p>\n<p>La lettre ouverte conc\u00e8de qu\u2019Abbas est <em>\u00ab soutenu par les forces occidentales et pro-isra\u00e9liennes qui cherchent \u00e0 perp\u00e9tuer l\u2019apartheid isra\u00e9lien \u00bb<\/em>&nbsp; et elle d\u00e9clare que lui et son entourage <em>\u00ab ont galvaud\u00e9 leur droit \u00e0 repr\u00e9senter le peuple palestinien \u00bb.<\/em><\/p>\n<p>Le probl\u00e8me, toutefois, c\u2019est qu\u2019Abbas, m\u00eame quand il a \u00e9t\u00e9 \u00e9lu pour un mandat de cinq ans qui, officiellement, a expir\u00e9 en 2009, <strong>ne repr\u00e9sentait pas le peuple palestinien,<\/strong> mais un petit nombre de personnes qui ont vot\u00e9 pour lui en Cisjordanie et \u00e0 Gaza, avec une population combin\u00e9e de compromission d\u2019environ un tiers du peuple palestinien \u2013 sauf qu\u2019il s\u2019agit du seul tiers auquel Isra\u00ebl et ses sponsors occidentaux font allusion en tant que <em>\u00ab peuple palestinien \u00bb<\/em> tout entier.<\/p>\n<p>Le fait que bon nombre de signataires sont <strong>des Palestiniens de la diaspora<\/strong> qu\u2019Abbas ne pr\u00e9tend m\u00eame pas repr\u00e9senter, rend d\u2019autant plus \u00e9trange le fait que ces m\u00eames signataires consid\u00e8rent que tout le monde s\u2019imagine qu\u2019Abbas les repr\u00e9sente tous.<\/p>\n<p><strong>Le plus frappant, c\u2019est que la lettre ouverte ne dit absolument pas que la premi\u00e8re fonction de l\u2019AP est et a toujours \u00e9t\u00e9 de combattre par les armes, la prison, la torture et l\u2019assassinat la r\u00e9sistance l\u00e9gitime du peuple palestinien.<\/strong><\/p>\n<p>Certains de ceux qui ont sign\u00e9 la lettre \u2013 et pour qui j\u2019\u00e9prouve le plus grand respect \u2013 ont \u00e9t\u00e9 constants au fil des ann\u00e9es en condamnant la collaboration de l\u2019AP avec l\u2019occupant et en d\u00e9fendant le droit \u00e0 la r\u00e9sistance du peuple palestinien.<\/p>\n<p>Mais d\u2019autres, il convient de le dire, sont rest\u00e9s extr\u00eamement muets, sinon tout \u00e0 fait silencieux, \u00e0 propos des crimes et de la trahison d\u2019Abbas et de l\u2019AP envers le peuple palestinien et sa r\u00e9sistance.<\/p>\n<p>D\u2019autres ont par moments attaqu\u00e9 la r\u00e9sistance au beau milieu de combats existentiels profond\u00e9ment et largement soutenus par le peuple palestinien.<\/p>\n<p><strong>Ceci soul\u00e8ve la question de savoir pourquoi le moindre Palestinien devrait lancer ou soutenir une lettre contre Abbas parce que ce dernier vexe les sensibilit\u00e9s des lib\u00e9raux occidentaux et des sionistes, mais pas en raison de ses crimes en cours contre le peuple palestinien et sa r\u00e9sistance, crimes qu\u2019on ne peut d\u00e9crire correctement que comme une trahison.<\/strong><\/p>\n<blockquote class=\"twitter-tweet\" data-width=\"500\" data-dnt=\"true\">\n<p lang=\"en\" dir=\"ltr\">I\u2019m astonished that the one time we write a joint statement condemning Mahmoud Abbas, it\u2019s to condemn his senile ramblings about the Jews. Not his collaboration w\/the Zionist regime, not the brutalization of protesters &amp; political prisoners, &amp; not even the murder of Nizar Banat.<\/p>\n<p>&mdash; Mohammed El-Kurd (@m7mdkurd) <a href=\"https:\/\/twitter.com\/m7mdkurd\/status\/1701060314882531833?ref_src=twsrc%5Etfw\">September 11, 2023<\/a><\/p><\/blockquote>\n<p><script async src=\"https:\/\/platform.twitter.com\/widgets.js\" charset=\"utf-8\"><\/script><\/p>\n<p>&nbsp;<\/p>\n<h3><strong>Qui devrait pr\u00e9senter ses excuses ? <\/strong><\/h3>\n<p>De plus, si les Palestiniens pr\u00e9sentent effectivement leurs excuses pour Abbas \u2013 m\u00eame si la chose revient \u00e0 une condamnation \u2013 cela implique qu\u2019ils assument ses responsabilit\u00e9s \u00e0 sa place.<\/p>\n<p><strong>L\u2019\u00e9crivain palestinien Ramzy Baroud d\u00e9crit Abbas comme un \u00ab collaborateur<\/strong> \u00bb <strong>et \u00ab une marionnette aux mains d\u2019Isra\u00ebl \u00bb et des \u00c9tats-Unis.<\/strong><\/p>\n<blockquote class=\"twitter-tweet\" data-width=\"500\" data-dnt=\"true\">\n<p lang=\"en\" dir=\"ltr\">My full comment can be found at TikTok: Mahmoud Abbas\u2019 comments on the Holocaust were ridiculous,  insensitive, ahistorical, and indeed racist. But are we, as Palestinians, responsible for the pathetic politics of this collaborator?<a href=\"https:\/\/twitter.com\/hashtag\/Palestine?src=hash&amp;ref_src=twsrc%5Etfw\">#Palestine<\/a> <a href=\"https:\/\/twitter.com\/hashtag\/Israel?src=hash&amp;ref_src=twsrc%5Etfw\">#Israel<\/a> <a href=\"https:\/\/twitter.com\/hashtag\/racism?src=hash&amp;ref_src=twsrc%5Etfw\">#racism<\/a> <a href=\"https:\/\/twitter.com\/hashtag\/mahmoudabbas?src=hash&amp;ref_src=twsrc%5Etfw\">#mahmoudabbas<\/a> <a href=\"https:\/\/t.co\/iulIUwcsjq\">pic.twitter.com\/iulIUwcsjq<\/a><\/p>\n<p>&mdash; Ramzy Baroud (@RamzyBaroud) <a href=\"https:\/\/twitter.com\/RamzyBaroud\/status\/1701318949508677661?ref_src=twsrc%5Etfw\">September 11, 2023<\/a><\/p><\/blockquote>\n<p><script async src=\"https:\/\/platform.twitter.com\/widgets.js\" charset=\"utf-8\"><\/script><\/p>\n<p>&nbsp;<\/p>\n<blockquote><p>\u00ab En condamnant Mahmoud Abbas sans proposer un contexte politique correct de la personne de Mahmoud Abbas, et sans dire qui sont les ma\u00eetres de la marionnette Abbas, vous agissez r\u00e9ellement en d\u00e9faveur du peuple palestinien \u00bb,<\/p><\/blockquote>\n<p>dit Baroud dans une r\u00e9ponse \u00e0 la lettre.<\/p>\n<blockquote><p>\u00ab Vous nous placez une fois de plus en position d\u00e9fensive, comme si, une fois encore, vous devions nous d\u00e9fendre contre des accusations d\u2019antis\u00e9mitisme. Mahmoud Abbas ne repr\u00e9sente pas les Palestiniens. \u00bb<\/p><\/blockquote>\n<p>Baroud d\u2019ajouter :<\/p>\n<blockquote><p>\u00ab Ce serait plut\u00f4t aux ma\u00eetres de la marionnette Abbas de devoir s\u2019excuser, et non aux Palestiniens. \u00bb<\/p><\/blockquote>\n<blockquote class=\"twitter-tweet\" data-width=\"500\" data-dnt=\"true\">\n<p lang=\"en\" dir=\"ltr\">Condemning Abbas for his idiotic rant serves no purpose aside from validating undemocratic leader. I saw no condemnation of his visit to Jenin when he threatened to &#39;break the arm&#39; of the Resistance. If anyone should apologize, it is the puppet masters of Abbas, not Palestinians. <a href=\"https:\/\/t.co\/OP5ghFW6U3\">https:\/\/t.co\/OP5ghFW6U3<\/a><\/p>\n<p>&mdash; Ramzy Baroud (@RamzyBaroud) <a href=\"https:\/\/twitter.com\/RamzyBaroud\/status\/1701262721780756885?ref_src=twsrc%5Etfw\">September 11, 2023<\/a><\/p><\/blockquote>\n<p><script async src=\"https:\/\/platform.twitter.com\/widgets.js\" charset=\"utf-8\"><\/script><\/p>\n<p>&nbsp;<\/p>\n<p>En effet, parmi les nombreux sionistes fervents qui ont critiqu\u00e9 Abbas cette semaine, figurait<strong> l\u2019ambassadeur d\u2019Allemagne \u00e0 Tel-Aviv, Steffen Seibert.<\/strong><\/p>\n<p>Seibert a \u00e9reint\u00e9 les commentaires d\u2019Abbas comme une <em>\u00ab insulte \u00e0 la m\u00e9moire \u00bb<\/em> des millions de juifs assassin\u00e9s par le gouvernement allemand et il a affirm\u00e9 que<\/p>\n<blockquote><p>\u00ab les Palestiniens m\u00e9rit[ai]ent d\u2019entendre la v\u00e9rit\u00e9 historique de la bouche m\u00eame de <em>leur chef<\/em> \u00bb.<\/p><\/blockquote>\n<blockquote class=\"twitter-tweet\" data-width=\"500\" data-dnt=\"true\">\n<p lang=\"en\" dir=\"ltr\">The recent statement of President Abbas on Jews and the Holocaust is an insult to the memory of millions of murdered men, women and children. The Palestinians deserve to hear the historical truth from their leader, not such distortions.<\/p>\n<p>&mdash; Steffen Seibert (@GerAmbTLV) <a href=\"https:\/\/twitter.com\/GerAmbTLV\/status\/1699431139503411645?ref_src=twsrc%5Etfw\">September 6, 2023<\/a><\/p><\/blockquote>\n<p><script async src=\"https:\/\/platform.twitter.com\/widgets.js\" charset=\"utf-8\"><\/script><\/p>\n<p>&nbsp;<\/p>\n<p>Mais l\u2019insistance de Seibert quand il dit qu\u2019Abbas est le chef des Palestiniens est aussi mensong\u00e8re que tout ce qu\u2019Abbas a pu dire.<\/p>\n<p><strong>Abbas n\u2019est pas plus le <em>\u00ab chef \u00bb<\/em> des Palestiniens que les dirigeants fantoches install\u00e9s par les nazis en Norv\u00e8ge, aux Pays-Bas, en France et dans d\u2019autres pays occup\u00e9s par l\u2019Allemagne au cours de la Seconde Guerre mondiale n\u2019\u00e9taient les <em>\u00ab chefs \u00bb<\/em> l\u00e9gitimes de ces nations.<\/strong><\/p>\n<p>Abbas est largement per\u00e7u parmi les Palestiniens comme le quisling de l\u2019Occident et d\u2019Isra\u00ebl, et non comme le dirigeant des Palestiniens.<\/p>\n<p>Et, en tant que tels, les Palestiniens n\u2019ont absolument aucune responsabilit\u00e9 dans ses propos ou ses actes.<\/p>\n<p>&nbsp;<\/p>\n<p style=\"text-align: center;\">*****<\/p>\n<div class=\"wp-block-image\">\n<figure class=\"alignleft\"><img loading=\"lazy\" decoding=\"async\" class=\"wp-image-2800\" src=\"https:\/\/charleroi-pourlapalestine.be\/wp-content\/uploads\/2020\/01\/Ali-Abunimah-Copy-150x150.jpg\" sizes=\"auto, (max-width: 150px) 100vw, 150px\" srcset=\"https:\/\/charleroi-pourlapalestine.be\/wp-content\/uploads\/2020\/01\/Ali-Abunimah-Copy-150x150.jpg 150w, https:\/\/charleroi-pourlapalestine.be\/wp-content\/uploads\/2020\/01\/Ali-Abunimah-Copy-160x160.jpg 160w\" alt=\"\" width=\"150\" height=\"150\"><\/figure>\n<\/div>\n<p><strong>Ali Abunimah,<\/strong> cofondateur et directeur ex\u00e9cutif de <a href=\"https:\/\/electronicintifada.net\/blogs\/ali-abunimah\/israel-arrests-bds-coordinator-night-raid\" target=\"_blank\" rel=\"noopener noreferrer\"><em>The Electronic Intifada<\/em><\/a>, est l\u2019auteur de <em>The Battle for Justice in Palestine<\/em>, paru chez Haymarket Books.<\/p>\n<div class=\"pf-content\">\n<p>Il a aussi \u00e9crit : <em>One Country : A Bold Proposal to end the Israeli-Palestinian Impasse<\/em><\/p>\n<p style=\"text-align: center;\">&nbsp;&nbsp;&nbsp;&nbsp;&nbsp;&nbsp;&nbsp;&nbsp;&nbsp;&nbsp;&nbsp;&nbsp;&nbsp; *****<\/p>\n<p>Publi\u00e9 le 12 septembre 2023 sur <a href=\"https:\/\/electronicintifada.net\/blogs\/ali-abunimah\/why-are-us-and-israel-sending-more-guns-holocaust-denier-abbas\" target=\"_blank\" rel=\"noopener\"><strong>The Electronic<\/strong> <strong>Intifada<\/strong><\/a><br \/>\nTraduction : Jean-Marie Fl\u00e9mal, <strong><a href=\"http:\/\/www.pourlapalestine.be\/\">Charleroi pour la Palestine<\/a><\/strong><\/p>\n<\/div>\n","protected":false},"excerpt":{"rendered":"<p>Pourquoi soutenir une lettre ouverte contre Abbas parce qu&rsquo;elle heurte les sensibilit\u00e9s lib\u00e9rales et sionistes occidentales, mais pas pour ses crimes continus contre le peuple palestinien et sa r\u00e9sistance, qui ne peuvent \u00eatre d\u00e9crits que comme une trahison ? se demande Ali Abunimah.<\/p>\n","protected":false},"author":1,"featured_media":0,"comment_status":"closed","ping_status":"closed","sticky":false,"template":"","format":"standard","meta":{"ngg_post_thumbnail":0,"footnotes":""},"categories":[24,177,52,23,185],"tags":[],"class_list":["post-59917","post","type-post","status-publish","format-standard","hentry","category-lautorite-palestinienne","category-collaboration","category-la-cour-penale-internationale","category-oslo","category-union-europeenne"],"yoast_head":"<!-- This site is optimized with the Yoast SEO plugin v27.3 - https:\/\/yoast.com\/product\/yoast-seo-wordpress\/ -->\n<title>Pourquoi les EU et Isra\u00ebl vendent-ils plus d\u2019armes encore au n\u00e9gationniste Abbas ?<\/title>\n<meta name=\"description\" content=\"Abbas n\u2019est pas plus le \u00ab chef \u00bb des Palestiniens que les dirigeants fantoches install\u00e9s par les nazis en Norv\u00e8ge, aux Pays-Bas, en France et dans d\u2019autres pays occup\u00e9s par l\u2019Allemagne au cours de la Seconde Guerre mondiale n\u2019\u00e9taient les \u00ab chefs \u00bb l\u00e9gitimes de ces nations.\" \/>\n<meta name=\"robots\" content=\"index, follow, max-snippet:-1, max-image-preview:large, max-video-preview:-1\" \/>\n<link rel=\"canonical\" href=\"https:\/\/charleroi-pourlapalestine.be\/index.php\/2023\/09\/13\/pourquoi-les-eu-et-israel-vendent-ils-plus-darmes-encore-au-negationniste-abbas\/\" \/>\n<script type=\"application\/ld+json\" class=\"yoast-schema-graph\">{\"@context\":\"https:\\\/\\\/schema.org\",\"@graph\":[{\"@type\":\"Article\",\"@id\":\"https:\\\/\\\/charleroi-pourlapalestine.be\\\/index.php\\\/2023\\\/09\\\/13\\\/pourquoi-les-eu-et-israel-vendent-ils-plus-darmes-encore-au-negationniste-abbas\\\/#article\",\"isPartOf\":{\"@id\":\"https:\\\/\\\/charleroi-pourlapalestine.be\\\/index.php\\\/2023\\\/09\\\/13\\\/pourquoi-les-eu-et-israel-vendent-ils-plus-darmes-encore-au-negationniste-abbas\\\/\"},\"author\":{\"name\":\"admin1873\",\"@id\":\"https:\\\/\\\/charleroi-pourlapalestine.be\\\/#\\\/schema\\\/person\\\/c19ff515112f1299d8c12671d8fe3faa\"},\"headline\":\"Pourquoi les EU et Isra\u00ebl vendent-ils plus d\u2019armes encore au n\u00e9gationniste Abbas ?\",\"datePublished\":\"2023-09-13T09:34:44+00:00\",\"dateModified\":\"2023-09-13T09:41:40+00:00\",\"mainEntityOfPage\":{\"@id\":\"https:\\\/\\\/charleroi-pourlapalestine.be\\\/index.php\\\/2023\\\/09\\\/13\\\/pourquoi-les-eu-et-israel-vendent-ils-plus-darmes-encore-au-negationniste-abbas\\\/\"},\"wordCount\":2975,\"publisher\":{\"@id\":\"https:\\\/\\\/charleroi-pourlapalestine.be\\\/#organization\"},\"image\":{\"@id\":\"https:\\\/\\\/charleroi-pourlapalestine.be\\\/index.php\\\/2023\\\/09\\\/13\\\/pourquoi-les-eu-et-israel-vendent-ils-plus-darmes-encore-au-negationniste-abbas\\\/#primaryimage\"},\"thumbnailUrl\":\"https:\\\/\\\/charleroi-pourlapalestine.be\\\/wp-content\\\/uploads\\\/2023\\\/09\\\/Mahmoud-Abbas-Ramallah.jpg\",\"articleSection\":[\"Autorit\u00e9 palestinienne\",\"Collaboration\",\"Etats-Unis\",\"Oslo\",\"Union europ\u00e9enne\"],\"inLanguage\":\"fr-FR\"},{\"@type\":\"WebPage\",\"@id\":\"https:\\\/\\\/charleroi-pourlapalestine.be\\\/index.php\\\/2023\\\/09\\\/13\\\/pourquoi-les-eu-et-israel-vendent-ils-plus-darmes-encore-au-negationniste-abbas\\\/\",\"url\":\"https:\\\/\\\/charleroi-pourlapalestine.be\\\/index.php\\\/2023\\\/09\\\/13\\\/pourquoi-les-eu-et-israel-vendent-ils-plus-darmes-encore-au-negationniste-abbas\\\/\",\"name\":\"Pourquoi les EU et Isra\u00ebl vendent-ils plus d\u2019armes encore au n\u00e9gationniste Abbas ?\",\"isPartOf\":{\"@id\":\"https:\\\/\\\/charleroi-pourlapalestine.be\\\/#website\"},\"primaryImageOfPage\":{\"@id\":\"https:\\\/\\\/charleroi-pourlapalestine.be\\\/index.php\\\/2023\\\/09\\\/13\\\/pourquoi-les-eu-et-israel-vendent-ils-plus-darmes-encore-au-negationniste-abbas\\\/#primaryimage\"},\"image\":{\"@id\":\"https:\\\/\\\/charleroi-pourlapalestine.be\\\/index.php\\\/2023\\\/09\\\/13\\\/pourquoi-les-eu-et-israel-vendent-ils-plus-darmes-encore-au-negationniste-abbas\\\/#primaryimage\"},\"thumbnailUrl\":\"https:\\\/\\\/charleroi-pourlapalestine.be\\\/wp-content\\\/uploads\\\/2023\\\/09\\\/Mahmoud-Abbas-Ramallah.jpg\",\"datePublished\":\"2023-09-13T09:34:44+00:00\",\"dateModified\":\"2023-09-13T09:41:40+00:00\",\"description\":\"Abbas n\u2019est pas plus le \u00ab chef \u00bb des Palestiniens que les dirigeants fantoches install\u00e9s par les nazis en Norv\u00e8ge, aux Pays-Bas, en France et dans d\u2019autres pays occup\u00e9s par l\u2019Allemagne au cours de la Seconde Guerre mondiale n\u2019\u00e9taient les \u00ab chefs \u00bb l\u00e9gitimes de ces nations.\",\"breadcrumb\":{\"@id\":\"https:\\\/\\\/charleroi-pourlapalestine.be\\\/index.php\\\/2023\\\/09\\\/13\\\/pourquoi-les-eu-et-israel-vendent-ils-plus-darmes-encore-au-negationniste-abbas\\\/#breadcrumb\"},\"inLanguage\":\"fr-FR\",\"potentialAction\":[{\"@type\":\"ReadAction\",\"target\":[\"https:\\\/\\\/charleroi-pourlapalestine.be\\\/index.php\\\/2023\\\/09\\\/13\\\/pourquoi-les-eu-et-israel-vendent-ils-plus-darmes-encore-au-negationniste-abbas\\\/\"]}]},{\"@type\":\"ImageObject\",\"inLanguage\":\"fr-FR\",\"@id\":\"https:\\\/\\\/charleroi-pourlapalestine.be\\\/index.php\\\/2023\\\/09\\\/13\\\/pourquoi-les-eu-et-israel-vendent-ils-plus-darmes-encore-au-negationniste-abbas\\\/#primaryimage\",\"url\":\"\",\"contentUrl\":\"\"},{\"@type\":\"BreadcrumbList\",\"@id\":\"https:\\\/\\\/charleroi-pourlapalestine.be\\\/index.php\\\/2023\\\/09\\\/13\\\/pourquoi-les-eu-et-israel-vendent-ils-plus-darmes-encore-au-negationniste-abbas\\\/#breadcrumb\",\"itemListElement\":[{\"@type\":\"ListItem\",\"position\":1,\"name\":\"Accueil\",\"item\":\"https:\\\/\\\/charleroi-pourlapalestine.be\\\/\"},{\"@type\":\"ListItem\",\"position\":2,\"name\":\"Pourquoi les EU et Isra\u00ebl vendent-ils plus d\u2019armes encore au n\u00e9gationniste Abbas ?\"}]},{\"@type\":\"WebSite\",\"@id\":\"https:\\\/\\\/charleroi-pourlapalestine.be\\\/#website\",\"url\":\"https:\\\/\\\/charleroi-pourlapalestine.be\\\/\",\"name\":\"Charleroi Pour la Palestine\",\"description\":\"\",\"publisher\":{\"@id\":\"https:\\\/\\\/charleroi-pourlapalestine.be\\\/#organization\"},\"potentialAction\":[{\"@type\":\"SearchAction\",\"target\":{\"@type\":\"EntryPoint\",\"urlTemplate\":\"https:\\\/\\\/charleroi-pourlapalestine.be\\\/?s={search_term_string}\"},\"query-input\":{\"@type\":\"PropertyValueSpecification\",\"valueRequired\":true,\"valueName\":\"search_term_string\"}}],\"inLanguage\":\"fr-FR\"},{\"@type\":\"Organization\",\"@id\":\"https:\\\/\\\/charleroi-pourlapalestine.be\\\/#organization\",\"name\":\"Plate-forme Charleroi-Palestine\",\"url\":\"https:\\\/\\\/charleroi-pourlapalestine.be\\\/\",\"logo\":{\"@type\":\"ImageObject\",\"inLanguage\":\"fr-FR\",\"@id\":\"https:\\\/\\\/charleroi-pourlapalestine.be\\\/#\\\/schema\\\/logo\\\/image\\\/\",\"url\":\"https:\\\/\\\/charleroi-pourlapalestine.be\\\/wp-content\\\/uploads\\\/2020\\\/01\\\/logo-Copy.jpg\",\"contentUrl\":\"https:\\\/\\\/charleroi-pourlapalestine.be\\\/wp-content\\\/uploads\\\/2020\\\/01\\\/logo-Copy.jpg\",\"width\":180,\"height\":180,\"caption\":\"Plate-forme Charleroi-Palestine\"},\"image\":{\"@id\":\"https:\\\/\\\/charleroi-pourlapalestine.be\\\/#\\\/schema\\\/logo\\\/image\\\/\"},\"sameAs\":[\"https:\\\/\\\/www.facebook.com\\\/PlateformeCharleroiPalestine\\\/\",\"https:\\\/\\\/x.com\\\/LaCharleroi\"]},{\"@type\":\"Person\",\"@id\":\"https:\\\/\\\/charleroi-pourlapalestine.be\\\/#\\\/schema\\\/person\\\/c19ff515112f1299d8c12671d8fe3faa\",\"name\":\"admin1873\",\"url\":\"https:\\\/\\\/charleroi-pourlapalestine.be\\\/index.php\\\/author\\\/admin1873\\\/\"}]}<\/script>\n<!-- \/ Yoast SEO plugin. -->","yoast_head_json":{"title":"Pourquoi les EU et Isra\u00ebl vendent-ils plus d\u2019armes encore au n\u00e9gationniste Abbas ?","description":"Abbas n\u2019est pas plus le \u00ab chef \u00bb des Palestiniens que les dirigeants fantoches install\u00e9s par les nazis en Norv\u00e8ge, aux Pays-Bas, en France et dans d\u2019autres pays occup\u00e9s par l\u2019Allemagne au cours de la Seconde Guerre mondiale n\u2019\u00e9taient les \u00ab chefs \u00bb l\u00e9gitimes de ces nations.","robots":{"index":"index","follow":"follow","max-snippet":"max-snippet:-1","max-image-preview":"max-image-preview:large","max-video-preview":"max-video-preview:-1"},"canonical":"https:\/\/charleroi-pourlapalestine.be\/index.php\/2023\/09\/13\/pourquoi-les-eu-et-israel-vendent-ils-plus-darmes-encore-au-negationniste-abbas\/","schema":{"@context":"https:\/\/schema.org","@graph":[{"@type":"Article","@id":"https:\/\/charleroi-pourlapalestine.be\/index.php\/2023\/09\/13\/pourquoi-les-eu-et-israel-vendent-ils-plus-darmes-encore-au-negationniste-abbas\/#article","isPartOf":{"@id":"https:\/\/charleroi-pourlapalestine.be\/index.php\/2023\/09\/13\/pourquoi-les-eu-et-israel-vendent-ils-plus-darmes-encore-au-negationniste-abbas\/"},"author":{"name":"admin1873","@id":"https:\/\/charleroi-pourlapalestine.be\/#\/schema\/person\/c19ff515112f1299d8c12671d8fe3faa"},"headline":"Pourquoi les EU et Isra\u00ebl vendent-ils plus d\u2019armes encore au n\u00e9gationniste Abbas ?","datePublished":"2023-09-13T09:34:44+00:00","dateModified":"2023-09-13T09:41:40+00:00","mainEntityOfPage":{"@id":"https:\/\/charleroi-pourlapalestine.be\/index.php\/2023\/09\/13\/pourquoi-les-eu-et-israel-vendent-ils-plus-darmes-encore-au-negationniste-abbas\/"},"wordCount":2975,"publisher":{"@id":"https:\/\/charleroi-pourlapalestine.be\/#organization"},"image":{"@id":"https:\/\/charleroi-pourlapalestine.be\/index.php\/2023\/09\/13\/pourquoi-les-eu-et-israel-vendent-ils-plus-darmes-encore-au-negationniste-abbas\/#primaryimage"},"thumbnailUrl":"https:\/\/charleroi-pourlapalestine.be\/wp-content\/uploads\/2023\/09\/Mahmoud-Abbas-Ramallah.jpg","articleSection":["Autorit\u00e9 palestinienne","Collaboration","Etats-Unis","Oslo","Union europ\u00e9enne"],"inLanguage":"fr-FR"},{"@type":"WebPage","@id":"https:\/\/charleroi-pourlapalestine.be\/index.php\/2023\/09\/13\/pourquoi-les-eu-et-israel-vendent-ils-plus-darmes-encore-au-negationniste-abbas\/","url":"https:\/\/charleroi-pourlapalestine.be\/index.php\/2023\/09\/13\/pourquoi-les-eu-et-israel-vendent-ils-plus-darmes-encore-au-negationniste-abbas\/","name":"Pourquoi les EU et Isra\u00ebl vendent-ils plus d\u2019armes encore au n\u00e9gationniste Abbas ?","isPartOf":{"@id":"https:\/\/charleroi-pourlapalestine.be\/#website"},"primaryImageOfPage":{"@id":"https:\/\/charleroi-pourlapalestine.be\/index.php\/2023\/09\/13\/pourquoi-les-eu-et-israel-vendent-ils-plus-darmes-encore-au-negationniste-abbas\/#primaryimage"},"image":{"@id":"https:\/\/charleroi-pourlapalestine.be\/index.php\/2023\/09\/13\/pourquoi-les-eu-et-israel-vendent-ils-plus-darmes-encore-au-negationniste-abbas\/#primaryimage"},"thumbnailUrl":"https:\/\/charleroi-pourlapalestine.be\/wp-content\/uploads\/2023\/09\/Mahmoud-Abbas-Ramallah.jpg","datePublished":"2023-09-13T09:34:44+00:00","dateModified":"2023-09-13T09:41:40+00:00","description":"Abbas n\u2019est pas plus le \u00ab chef \u00bb des Palestiniens que les dirigeants fantoches install\u00e9s par les nazis en Norv\u00e8ge, aux Pays-Bas, en France et dans d\u2019autres pays occup\u00e9s par l\u2019Allemagne au cours de la Seconde Guerre mondiale n\u2019\u00e9taient les \u00ab chefs \u00bb l\u00e9gitimes de ces nations.","breadcrumb":{"@id":"https:\/\/charleroi-pourlapalestine.be\/index.php\/2023\/09\/13\/pourquoi-les-eu-et-israel-vendent-ils-plus-darmes-encore-au-negationniste-abbas\/#breadcrumb"},"inLanguage":"fr-FR","potentialAction":[{"@type":"ReadAction","target":["https:\/\/charleroi-pourlapalestine.be\/index.php\/2023\/09\/13\/pourquoi-les-eu-et-israel-vendent-ils-plus-darmes-encore-au-negationniste-abbas\/"]}]},{"@type":"ImageObject","inLanguage":"fr-FR","@id":"https:\/\/charleroi-pourlapalestine.be\/index.php\/2023\/09\/13\/pourquoi-les-eu-et-israel-vendent-ils-plus-darmes-encore-au-negationniste-abbas\/#primaryimage","url":"","contentUrl":""},{"@type":"BreadcrumbList","@id":"https:\/\/charleroi-pourlapalestine.be\/index.php\/2023\/09\/13\/pourquoi-les-eu-et-israel-vendent-ils-plus-darmes-encore-au-negationniste-abbas\/#breadcrumb","itemListElement":[{"@type":"ListItem","position":1,"name":"Accueil","item":"https:\/\/charleroi-pourlapalestine.be\/"},{"@type":"ListItem","position":2,"name":"Pourquoi les EU et Isra\u00ebl vendent-ils plus d\u2019armes encore au n\u00e9gationniste Abbas ?"}]},{"@type":"WebSite","@id":"https:\/\/charleroi-pourlapalestine.be\/#website","url":"https:\/\/charleroi-pourlapalestine.be\/","name":"Charleroi Pour la Palestine","description":"","publisher":{"@id":"https:\/\/charleroi-pourlapalestine.be\/#organization"},"potentialAction":[{"@type":"SearchAction","target":{"@type":"EntryPoint","urlTemplate":"https:\/\/charleroi-pourlapalestine.be\/?s={search_term_string}"},"query-input":{"@type":"PropertyValueSpecification","valueRequired":true,"valueName":"search_term_string"}}],"inLanguage":"fr-FR"},{"@type":"Organization","@id":"https:\/\/charleroi-pourlapalestine.be\/#organization","name":"Plate-forme Charleroi-Palestine","url":"https:\/\/charleroi-pourlapalestine.be\/","logo":{"@type":"ImageObject","inLanguage":"fr-FR","@id":"https:\/\/charleroi-pourlapalestine.be\/#\/schema\/logo\/image\/","url":"https:\/\/charleroi-pourlapalestine.be\/wp-content\/uploads\/2020\/01\/logo-Copy.jpg","contentUrl":"https:\/\/charleroi-pourlapalestine.be\/wp-content\/uploads\/2020\/01\/logo-Copy.jpg","width":180,"height":180,"caption":"Plate-forme Charleroi-Palestine"},"image":{"@id":"https:\/\/charleroi-pourlapalestine.be\/#\/schema\/logo\/image\/"},"sameAs":["https:\/\/www.facebook.com\/PlateformeCharleroiPalestine\/","https:\/\/x.com\/LaCharleroi"]},{"@type":"Person","@id":"https:\/\/charleroi-pourlapalestine.be\/#\/schema\/person\/c19ff515112f1299d8c12671d8fe3faa","name":"admin1873","url":"https:\/\/charleroi-pourlapalestine.be\/index.php\/author\/admin1873\/"}]}},"_links":{"self":[{"href":"https:\/\/charleroi-pourlapalestine.be\/index.php\/wp-json\/wp\/v2\/posts\/59917","targetHints":{"allow":["GET"]}}],"collection":[{"href":"https:\/\/charleroi-pourlapalestine.be\/index.php\/wp-json\/wp\/v2\/posts"}],"about":[{"href":"https:\/\/charleroi-pourlapalestine.be\/index.php\/wp-json\/wp\/v2\/types\/post"}],"author":[{"embeddable":true,"href":"https:\/\/charleroi-pourlapalestine.be\/index.php\/wp-json\/wp\/v2\/users\/1"}],"replies":[{"embeddable":true,"href":"https:\/\/charleroi-pourlapalestine.be\/index.php\/wp-json\/wp\/v2\/comments?post=59917"}],"version-history":[{"count":0,"href":"https:\/\/charleroi-pourlapalestine.be\/index.php\/wp-json\/wp\/v2\/posts\/59917\/revisions"}],"wp:attachment":[{"href":"https:\/\/charleroi-pourlapalestine.be\/index.php\/wp-json\/wp\/v2\/media?parent=59917"}],"wp:term":[{"taxonomy":"category","embeddable":true,"href":"https:\/\/charleroi-pourlapalestine.be\/index.php\/wp-json\/wp\/v2\/categories?post=59917"},{"taxonomy":"post_tag","embeddable":true,"href":"https:\/\/charleroi-pourlapalestine.be\/index.php\/wp-json\/wp\/v2\/tags?post=59917"}],"curies":[{"name":"wp","href":"https:\/\/api.w.org\/{rel}","templated":true}]}}