{"id":60083,"date":"2023-09-22T11:30:52","date_gmt":"2023-09-22T09:30:52","guid":{"rendered":"https:\/\/charleroi-pourlapalestine.be\/?p=60083"},"modified":"2024-05-05T15:11:30","modified_gmt":"2024-05-05T13:11:30","slug":"un-rassemblement-a-beyrouth-lance-le-mois-international-dactions-pour-la-liberation-de-georges-abdallah","status":"publish","type":"post","link":"https:\/\/charleroi-pourlapalestine.be\/index.php\/2023\/09\/22\/un-rassemblement-a-beyrouth-lance-le-mois-international-dactions-pour-la-liberation-de-georges-abdallah\/","title":{"rendered":"Un rassemblement \u00e0 Beyrouth lance le mois international d\u2019actions pour la lib\u00e9ration de Georges Abdallah"},"content":{"rendered":"<p>Jeudi 21 septembre, la <strong>Campagne libanaise pour la lib\u00e9ration de Georges Abdallah<\/strong> a organis\u00e9 un rassemblement de solidarit\u00e9 devant le th\u00e9\u00e2tre Al-Madina situ\u00e9 rue Hamra dans le centre-ville de Beyrouth au Liban, afin de r\u00e9clamer la lib\u00e9ration du communiste libanais et combattant de la r\u00e9sistance palestinienne emprisonn\u00e9 en France depuis 39 ans.<\/p>\n<p><img loading=\"lazy\" decoding=\"async\" class=\"aligncenter wp-image-60095 size-full\" src=\"https:\/\/charleroi-pourlapalestine.be\/wp-content\/uploads\/2023\/09\/Rassemblement-Beyrouth-pour-Georges-Abdallah-6.jpeg\" alt=\"Rassemblement pour Georges Abdallah \u00e0 Beyrouth\" width=\"1296\" height=\"864\" srcset=\"https:\/\/charleroi-pourlapalestine.be\/wp-content\/uploads\/2023\/09\/Rassemblement-Beyrouth-pour-Georges-Abdallah-6.jpeg 1296w, https:\/\/charleroi-pourlapalestine.be\/wp-content\/uploads\/2023\/09\/Rassemblement-Beyrouth-pour-Georges-Abdallah-6-300x200.jpeg 300w, https:\/\/charleroi-pourlapalestine.be\/wp-content\/uploads\/2023\/09\/Rassemblement-Beyrouth-pour-Georges-Abdallah-6-1024x683.jpeg 1024w, https:\/\/charleroi-pourlapalestine.be\/wp-content\/uploads\/2023\/09\/Rassemblement-Beyrouth-pour-Georges-Abdallah-6-768x512.jpeg 768w\" sizes=\"auto, (max-width: 1296px) 100vw, 1296px\" \/><\/p>\n<p>L\u2019\u00e9v\u00e9nement avait pour but d\u2019inaugurer un panneau d\u2019information attirant l\u2019attention du public sur le cas du combattant emprisonn\u00e9 avec un flashcode renvoyant vers une vid\u00e9o sur l\u2019histoire du militant internationaliste. Cette action lan\u00e7ait <a href=\"https:\/\/palestinevaincra.com\/2023\/09\/du-21-septembre-au-21-octobre-rejoignez-le-mois-international-dactions-pour-la-liberation-de-georges-abdallah\/\" target=\"_blank\" rel=\"noopener\"><strong>le mois international d\u2019actions pour la lib\u00e9ration de Georges Abdallah<\/strong><\/a>, avec des \u00e9v\u00e9nements qui se d\u00e9rouleront dans le monde entier jusqu\u2019au 21 octobre.<\/p>\n<p><strong>Le mois culminera le 21 octobre avec une grande marche vers la prison de Lannemezan, o\u00f9 Georges Abdallah est d\u00e9tenu<\/strong>. Avant la marche, le <strong>Mouvement de la Voie Alternative R\u00e9volutionnaire Palestinienne (Masar Badil) tiendra deux jours de r\u00e9unions \u00e0 Toulouse<\/strong> en France, en collaboration avec le Collectif Palestine Vaincra et le r\u00e9seau de solidarit\u00e9 avec les prisonniers palestiniens Samidoun.<br \/>\nLe 21 octobre, une manifestation centrale aura \u00e9galement lieu <strong>devant l\u2019ambassade de France \u00e0 Beyrouth.<\/strong><\/p>\n<p>&nbsp;<\/p>\n<div id=\"attachment_60088\" style=\"width: 1306px\" class=\"wp-caption aligncenter\"><img loading=\"lazy\" decoding=\"async\" aria-describedby=\"caption-attachment-60088\" class=\"wp-image-60088 size-full\" src=\"https:\/\/charleroi-pourlapalestine.be\/wp-content\/uploads\/2023\/09\/Rassemblement-Beyrouth-pour-Georges-Abdallah-2.jpeg\" alt=\"Mohammed Khatib, membre de Samidoun et de Masar Badil, au rassemblement pour Georges Abdallah \u00e0 Beyrouth\" width=\"1296\" height=\"864\" srcset=\"https:\/\/charleroi-pourlapalestine.be\/wp-content\/uploads\/2023\/09\/Rassemblement-Beyrouth-pour-Georges-Abdallah-2.jpeg 1296w, https:\/\/charleroi-pourlapalestine.be\/wp-content\/uploads\/2023\/09\/Rassemblement-Beyrouth-pour-Georges-Abdallah-2-300x200.jpeg 300w, https:\/\/charleroi-pourlapalestine.be\/wp-content\/uploads\/2023\/09\/Rassemblement-Beyrouth-pour-Georges-Abdallah-2-1024x683.jpeg 1024w, https:\/\/charleroi-pourlapalestine.be\/wp-content\/uploads\/2023\/09\/Rassemblement-Beyrouth-pour-Georges-Abdallah-2-768x512.jpeg 768w\" sizes=\"auto, (max-width: 1296px) 100vw, 1296px\" \/><p id=\"caption-attachment-60088\" class=\"wp-caption-text\"><strong>Mohammed Khatib, membre de Samidoun et de Masar Badil<\/strong><\/p><\/div>\n<p><strong><br \/>\nSamidoun et le Masar Badil<\/strong> ont particip\u00e9 \u00e0 l\u2019\u00e9v\u00e9nement de Beyrouth ainsi qu\u2019une d\u00e9l\u00e9gation du <strong>Secours Rouge Gen\u00e8ve.<\/strong><\/p>\n<p>Coordinateur europ\u00e9en de Samidoun et membre du comit\u00e9 ex\u00e9cutif de Masar Badil, <a href=\"https:\/\/charleroi-pourlapalestine.be\/index.php\/2022\/11\/05\/mohammed-khatib-a-la-marche-pour-le-retour-et-la-liberation-de-la-palestine-video\/\"><strong>Mohammed Khatib<\/strong> <\/a>a prononc\u00e9 un discours de solidarit\u00e9 lors de cette inauguration.<\/p>\n<p>https:\/\/www.youtube.com\/watch?v=2F1xMvYMRN8&#038;t=19s<\/p>\n<p>&nbsp;<\/p>\n<p>Il a soulign\u00e9 que <strong>Georges Abdallah est l\u2019un des leaders du mouvement des prisonnier\u00b7es palestinien\u00b7nes dans les prisons sionistes, comme ses camarades Ahmad Sa\u2019adat et Marwan Barghouthi<\/strong>, et qu\u2019il doit \u00eatre lib\u00e9r\u00e9 pour reprendre sa lutte et son r\u00f4le de leader dans le mouvement.<\/p>\n<p>Il a not\u00e9 que l\u2019\u00c9tat colonial et raciste fran\u00e7ais qui continue \u00e0 d\u00e9tenir Georges Abdallah a montr\u00e9 son m\u00e9pris total pour les appels au respect des droits humains. Par ailleurs, il a rappel\u00e9 que<\/p>\n<blockquote><p>\u00ab Georges Abdallah nous demande toujours des nouvelles de notre peuple et de ses conditions de vie \u00e0 Ein el-Hilweh, Beddawi et Shatila. Il pose des questions sur Gaza. Il est pr\u00e9occup\u00e9 par les probl\u00e8mes de notre peuple en Palestine et au Liban. La r\u00e9sistance palestinienne \u00e0 J\u00e9nine, \u00e0 Gaza et dans toute la Palestine, ainsi que toutes les factions du mouvement des prisonniers dans les prisons de l\u2019occupation, le consid\u00e8rent comme un combattant de la libert\u00e9 palestinien, libanais et international \u00bb.<\/p><\/blockquote>\n<p>Il a conclu son intervention en appelant chacun \u00e0 assumer ses responsabilit\u00e9s dans la lib\u00e9ration de Georges Abdallah, affirmant que sa lib\u00e9ration est li\u00e9e \u00e0 la lib\u00e9ration de la Palestine.<\/p>\n<p>&nbsp;<\/p>\n<div id=\"attachment_60087\" style=\"width: 1090px\" class=\"wp-caption aligncenter\"><img loading=\"lazy\" decoding=\"async\" aria-describedby=\"caption-attachment-60087\" class=\"wp-image-60087 size-full\" src=\"https:\/\/charleroi-pourlapalestine.be\/wp-content\/uploads\/2023\/09\/Rassemblement-Beyrouth-pour-Georges-Abdallah-1.jpeg\" alt=\"Joseph Adallah, le fr\u00e8re de Georges Abdallah\" width=\"1080\" height=\"675\" srcset=\"https:\/\/charleroi-pourlapalestine.be\/wp-content\/uploads\/2023\/09\/Rassemblement-Beyrouth-pour-Georges-Abdallah-1.jpeg 1080w, https:\/\/charleroi-pourlapalestine.be\/wp-content\/uploads\/2023\/09\/Rassemblement-Beyrouth-pour-Georges-Abdallah-1-300x188.jpeg 300w, https:\/\/charleroi-pourlapalestine.be\/wp-content\/uploads\/2023\/09\/Rassemblement-Beyrouth-pour-Georges-Abdallah-1-1024x640.jpeg 1024w, https:\/\/charleroi-pourlapalestine.be\/wp-content\/uploads\/2023\/09\/Rassemblement-Beyrouth-pour-Georges-Abdallah-1-768x480.jpeg 768w\" sizes=\"auto, (max-width: 1080px) 100vw, 1080px\" \/><p id=\"caption-attachment-60087\" class=\"wp-caption-text\"><strong>Joseph Abdallah, le fr\u00e8re de Georges Abdallah<\/strong><\/p><\/div>\n<p>Fr\u00e8re de Georges,<strong> Joseph Abdallah<\/strong> s\u2019est exprim\u00e9 au nom de la famille et a salu\u00e9 ceux qui soutiennent les prisonnier\u00b7es palestinien\u00b7nes et mettent en lumi\u00e8re le cas de Georges Abdallah. Il a appel\u00e9 \u00e0 une intensification de l\u2019action pour lib\u00e9rer les prisonnier\u00b7es, y compris Georges Abdallah.<\/p>\n<p>&nbsp;<\/p>\n<div id=\"attachment_60089\" style=\"width: 978px\" class=\"wp-caption aligncenter\"><img loading=\"lazy\" decoding=\"async\" aria-describedby=\"caption-attachment-60089\" class=\"wp-image-60089 size-full\" src=\"https:\/\/charleroi-pourlapalestine.be\/wp-content\/uploads\/2023\/09\/Rassemblement-Beyrouth-pour-Georges-Abdallah-3.jpeg\" alt=\"Maysaloun Tufaili, membre de la Campagne libanaise pour la lib\u00e9ration de Georges Abdallah\" width=\"968\" height=\"568\" srcset=\"https:\/\/charleroi-pourlapalestine.be\/wp-content\/uploads\/2023\/09\/Rassemblement-Beyrouth-pour-Georges-Abdallah-3.jpeg 968w, https:\/\/charleroi-pourlapalestine.be\/wp-content\/uploads\/2023\/09\/Rassemblement-Beyrouth-pour-Georges-Abdallah-3-300x176.jpeg 300w, https:\/\/charleroi-pourlapalestine.be\/wp-content\/uploads\/2023\/09\/Rassemblement-Beyrouth-pour-Georges-Abdallah-3-768x451.jpeg 768w\" sizes=\"auto, (max-width: 968px) 100vw, 968px\" \/><p id=\"caption-attachment-60089\" class=\"wp-caption-text\"><strong>Maysaloun Tufaili, membre de la Campagne libanaise pour la lib\u00e9ration de Georges Abdallah<\/strong><\/p><\/div>\n<p>&nbsp;<\/p>\n<p><strong>Maysaloun Tufaili<\/strong> a prononc\u00e9 un discours au nom de la Campagne nationale libanaise pour la lib\u00e9ration de Georges Abdallah :<\/p>\n<blockquote><p>\u00ab Nous nous adressons au gouvernement libanais en posant une question \u00e0 celles et ceux qui, au sein du gouvernement libanais, croient encore que la question de sa lib\u00e9ration est confin\u00e9e aux mains de la justice fran\u00e7aise : pourquoi le combattant Georges Abdallah n\u2019est-il pas rentr\u00e9 \u00e0 Beyrouth malgr\u00e9 la d\u00e9cision du juge de le lib\u00e9rer en 2012 ? \u00c0 noter que la d\u00e9cision de lib\u00e9ration judiciaire a \u00e9t\u00e9 confirm\u00e9e par la Cour d\u2019appel en 2013, qui est la plus haute autorit\u00e9 judiciaire fran\u00e7aise.<\/p>\n<p>Il est donc kidnapp\u00e9. Il est donc un prisonnier politique.<\/p>\n<p>En cons\u00e9quence, la Campagne nationale pour la lib\u00e9ration du prisonnier Georges Abdallah r\u00e9it\u00e8re son appel \u00e0 toutes les factions de la r\u00e9sistance au Liban et en Palestine afin d\u2019inclure le nom du combattant internationaliste et r\u00e9sistant Georges Ibrahim Abdallah sur la liste du prochain \u00e9change de prisonniers.<\/p>\n<p>Quant \u00e0 la nouvelle demande de lib\u00e9ration soumise par le prisonnier Georges Abdallah, il s\u2019agit d\u2019une mesure n\u00e9cessaire qui peut sauver la face du gouvernement libanais, pour faire pression comme il se doit cette fois-ci, afin de consid\u00e9rer le combattant de la libert\u00e9 Abdallah comme un prisonnier politique, avec toutes les cons\u00e9quences que cela implique pour les relations diplomatiques entre les deux pays. \u00bb<\/p><\/blockquote>\n<p>Lors de son intervention, la militante a d\u00e9nonc\u00e9 l\u2019imp\u00e9rialisme fran\u00e7ais en demandant :<\/p>\n<blockquote><p>\u00ab N\u2019est-il pas temps que la civilisation, la d\u00e9mocratie et le d\u00e9veloppement technologique fran\u00e7ais fassent cesser le sang vers\u00e9 dans le camp de J\u00e9nine, \u00e0 Gaza, \u00e0 J\u00e9rusalem et en Afrique ? \u00bb<\/p><\/blockquote>\n<p>En conclusion, elle a appel\u00e9 \u00e0 la lib\u00e9ration de tou\u00b7tes les prisonnier\u00b7es palestinien\u00b7nes et affirm\u00e9<\/p>\n<blockquote><p>\u00ab qu\u2019avec les combattant\u00b7es en France et dans le monde entier, c\u00f4te \u00e0 c\u00f4te, nous activerons toutes les voies pour d\u00e9noncer le r\u00e9gime fran\u00e7ais pour son enl\u00e8vement du prisonnier Georges Abdallah. \u00bb<\/p><\/blockquote>\n<p>&nbsp;<\/p>\n<p><img loading=\"lazy\" decoding=\"async\" class=\"wp-image-60090 size-full\" src=\"https:\/\/charleroi-pourlapalestine.be\/wp-content\/uploads\/2023\/09\/Rassemblement-Beyrouth-pour-Georges-Abdallah-4.jpeg\" alt=\"Le r\u00e9sistant et ancien prisonnier politique Anwar Yassin (\u00e0 gauche) et des membres de la Campagne libanaise pour la lib\u00e9ration de Georges Abdallah se sont pris en photo en d\u00e9ployant un drapeau du Collectif Palestine Vaincra.\" width=\"1024\" height=\"682\" srcset=\"https:\/\/charleroi-pourlapalestine.be\/wp-content\/uploads\/2023\/09\/Rassemblement-Beyrouth-pour-Georges-Abdallah-4.jpeg 1024w, https:\/\/charleroi-pourlapalestine.be\/wp-content\/uploads\/2023\/09\/Rassemblement-Beyrouth-pour-Georges-Abdallah-4-300x200.jpeg 300w, https:\/\/charleroi-pourlapalestine.be\/wp-content\/uploads\/2023\/09\/Rassemblement-Beyrouth-pour-Georges-Abdallah-4-768x512.jpeg 768w\" sizes=\"auto, (max-width: 1024px) 100vw, 1024px\" \/><\/p>\n<p>Soulignant que la cause de Georges Abdallah est <strong>une cause fondamentalement internationaliste, de Beyrouth \u00e0 Toulouse,<\/strong> le r\u00e9sistant et ancien prisonnier politique <strong>Anwar Yassin<\/strong> (\u00e0 gauche) et des membres de la <strong>Campagne libanaise pour la lib\u00e9ration de Georges Abdallah<\/strong> se sont pris en photo en d\u00e9ployant un drapeau du Collectif Palestine Vaincra.<\/p>\n<p style=\"text-align: center;\">*****<\/p>\n<p>Publi\u00e9 le 22 septembre 2023 sur <strong><a href=\"https:\/\/palestinevaincra.com\/2023\/09\/un-rassemblement-a-beyrouth-lance-le-mois-international-dactions-pour-la-liberation-de-georges-abdallah\/\" target=\"_blank\" rel=\"noopener\">Collectif Palestine Vaincra<\/a><\/strong><\/p>\n","protected":false},"excerpt":{"rendered":"<p>Le mois international culminera le 21 octobre avec une grande marche vers la prison de Lannemezan, o\u00f9 Georges Abdallah est d\u00e9tenu.<\/p>\n","protected":false},"author":1,"featured_media":60095,"comment_status":"closed","ping_status":"closed","sticky":false,"template":"","format":"standard","meta":{"ngg_post_thumbnail":0,"footnotes":""},"categories":[14,191],"tags":[216,851],"class_list":["post-60083","post","type-post","status-publish","format-standard","has-post-thumbnail","hentry","category-georges-ibrahim-abdallah","category-liban","tag-georges-abdallah","tag-mohammed-khatib"],"yoast_head":"<!-- This site is optimized with the Yoast SEO plugin v27.3 - https:\/\/yoast.com\/product\/yoast-seo-wordpress\/ -->\n<title>Un rassemblement \u00e0 Beyrouth lance le mois international d\u2019actions pour la lib\u00e9ration de Georges Abdallah<\/title>\n<meta name=\"description\" content=\"Le rassemblement \u00e0 Beyrouth \u00e9tait organis\u00e9 par la Campagne libanaise pour la lib\u00e9ration de Georges Abdallah\" \/>\n<meta name=\"robots\" content=\"index, follow, max-snippet:-1, max-image-preview:large, max-video-preview:-1\" \/>\n<link rel=\"canonical\" href=\"https:\/\/charleroi-pourlapalestine.be\/index.php\/2023\/09\/22\/un-rassemblement-a-beyrouth-lance-le-mois-international-dactions-pour-la-liberation-de-georges-abdallah\/\" \/>\n<script type=\"application\/ld+json\" class=\"yoast-schema-graph\">{\"@context\":\"https:\\\/\\\/schema.org\",\"@graph\":[{\"@type\":\"Article\",\"@id\":\"https:\\\/\\\/charleroi-pourlapalestine.be\\\/index.php\\\/2023\\\/09\\\/22\\\/un-rassemblement-a-beyrouth-lance-le-mois-international-dactions-pour-la-liberation-de-georges-abdallah\\\/#article\",\"isPartOf\":{\"@id\":\"https:\\\/\\\/charleroi-pourlapalestine.be\\\/index.php\\\/2023\\\/09\\\/22\\\/un-rassemblement-a-beyrouth-lance-le-mois-international-dactions-pour-la-liberation-de-georges-abdallah\\\/\"},\"author\":{\"name\":\"admin1873\",\"@id\":\"https:\\\/\\\/charleroi-pourlapalestine.be\\\/#\\\/schema\\\/person\\\/c19ff515112f1299d8c12671d8fe3faa\"},\"headline\":\"Un rassemblement \u00e0 Beyrouth lance le mois international d\u2019actions pour la lib\u00e9ration de Georges Abdallah\",\"datePublished\":\"2023-09-22T09:30:52+00:00\",\"dateModified\":\"2024-05-05T13:11:30+00:00\",\"mainEntityOfPage\":{\"@id\":\"https:\\\/\\\/charleroi-pourlapalestine.be\\\/index.php\\\/2023\\\/09\\\/22\\\/un-rassemblement-a-beyrouth-lance-le-mois-international-dactions-pour-la-liberation-de-georges-abdallah\\\/\"},\"wordCount\":992,\"publisher\":{\"@id\":\"https:\\\/\\\/charleroi-pourlapalestine.be\\\/#organization\"},\"image\":{\"@id\":\"https:\\\/\\\/charleroi-pourlapalestine.be\\\/index.php\\\/2023\\\/09\\\/22\\\/un-rassemblement-a-beyrouth-lance-le-mois-international-dactions-pour-la-liberation-de-georges-abdallah\\\/#primaryimage\"},\"thumbnailUrl\":\"https:\\\/\\\/charleroi-pourlapalestine.be\\\/wp-content\\\/uploads\\\/2023\\\/09\\\/Rassemblement-Beyrouth-pour-Georges-Abdallah-6.jpeg\",\"keywords\":[\"Georges Abdallah\",\"Mohammed Khatib\"],\"articleSection\":[\"Georges Abdallah\",\"Liban\"],\"inLanguage\":\"fr-FR\"},{\"@type\":\"WebPage\",\"@id\":\"https:\\\/\\\/charleroi-pourlapalestine.be\\\/index.php\\\/2023\\\/09\\\/22\\\/un-rassemblement-a-beyrouth-lance-le-mois-international-dactions-pour-la-liberation-de-georges-abdallah\\\/\",\"url\":\"https:\\\/\\\/charleroi-pourlapalestine.be\\\/index.php\\\/2023\\\/09\\\/22\\\/un-rassemblement-a-beyrouth-lance-le-mois-international-dactions-pour-la-liberation-de-georges-abdallah\\\/\",\"name\":\"Un rassemblement \u00e0 Beyrouth lance le mois international d\u2019actions pour la lib\u00e9ration de Georges Abdallah\",\"isPartOf\":{\"@id\":\"https:\\\/\\\/charleroi-pourlapalestine.be\\\/#website\"},\"primaryImageOfPage\":{\"@id\":\"https:\\\/\\\/charleroi-pourlapalestine.be\\\/index.php\\\/2023\\\/09\\\/22\\\/un-rassemblement-a-beyrouth-lance-le-mois-international-dactions-pour-la-liberation-de-georges-abdallah\\\/#primaryimage\"},\"image\":{\"@id\":\"https:\\\/\\\/charleroi-pourlapalestine.be\\\/index.php\\\/2023\\\/09\\\/22\\\/un-rassemblement-a-beyrouth-lance-le-mois-international-dactions-pour-la-liberation-de-georges-abdallah\\\/#primaryimage\"},\"thumbnailUrl\":\"https:\\\/\\\/charleroi-pourlapalestine.be\\\/wp-content\\\/uploads\\\/2023\\\/09\\\/Rassemblement-Beyrouth-pour-Georges-Abdallah-6.jpeg\",\"datePublished\":\"2023-09-22T09:30:52+00:00\",\"dateModified\":\"2024-05-05T13:11:30+00:00\",\"description\":\"Le rassemblement \u00e0 Beyrouth \u00e9tait organis\u00e9 par la Campagne libanaise pour la lib\u00e9ration de Georges Abdallah\",\"breadcrumb\":{\"@id\":\"https:\\\/\\\/charleroi-pourlapalestine.be\\\/index.php\\\/2023\\\/09\\\/22\\\/un-rassemblement-a-beyrouth-lance-le-mois-international-dactions-pour-la-liberation-de-georges-abdallah\\\/#breadcrumb\"},\"inLanguage\":\"fr-FR\",\"potentialAction\":[{\"@type\":\"ReadAction\",\"target\":[\"https:\\\/\\\/charleroi-pourlapalestine.be\\\/index.php\\\/2023\\\/09\\\/22\\\/un-rassemblement-a-beyrouth-lance-le-mois-international-dactions-pour-la-liberation-de-georges-abdallah\\\/\"]}]},{\"@type\":\"ImageObject\",\"inLanguage\":\"fr-FR\",\"@id\":\"https:\\\/\\\/charleroi-pourlapalestine.be\\\/index.php\\\/2023\\\/09\\\/22\\\/un-rassemblement-a-beyrouth-lance-le-mois-international-dactions-pour-la-liberation-de-georges-abdallah\\\/#primaryimage\",\"url\":\"https:\\\/\\\/charleroi-pourlapalestine.be\\\/wp-content\\\/uploads\\\/2023\\\/09\\\/Rassemblement-Beyrouth-pour-Georges-Abdallah-6.jpeg\",\"contentUrl\":\"https:\\\/\\\/charleroi-pourlapalestine.be\\\/wp-content\\\/uploads\\\/2023\\\/09\\\/Rassemblement-Beyrouth-pour-Georges-Abdallah-6.jpeg\",\"width\":1296,\"height\":864},{\"@type\":\"BreadcrumbList\",\"@id\":\"https:\\\/\\\/charleroi-pourlapalestine.be\\\/index.php\\\/2023\\\/09\\\/22\\\/un-rassemblement-a-beyrouth-lance-le-mois-international-dactions-pour-la-liberation-de-georges-abdallah\\\/#breadcrumb\",\"itemListElement\":[{\"@type\":\"ListItem\",\"position\":1,\"name\":\"Accueil\",\"item\":\"https:\\\/\\\/charleroi-pourlapalestine.be\\\/\"},{\"@type\":\"ListItem\",\"position\":2,\"name\":\"Un rassemblement \u00e0 Beyrouth lance le mois international d\u2019actions pour la lib\u00e9ration de Georges Abdallah\"}]},{\"@type\":\"WebSite\",\"@id\":\"https:\\\/\\\/charleroi-pourlapalestine.be\\\/#website\",\"url\":\"https:\\\/\\\/charleroi-pourlapalestine.be\\\/\",\"name\":\"Charleroi Pour la Palestine\",\"description\":\"\",\"publisher\":{\"@id\":\"https:\\\/\\\/charleroi-pourlapalestine.be\\\/#organization\"},\"potentialAction\":[{\"@type\":\"SearchAction\",\"target\":{\"@type\":\"EntryPoint\",\"urlTemplate\":\"https:\\\/\\\/charleroi-pourlapalestine.be\\\/?s={search_term_string}\"},\"query-input\":{\"@type\":\"PropertyValueSpecification\",\"valueRequired\":true,\"valueName\":\"search_term_string\"}}],\"inLanguage\":\"fr-FR\"},{\"@type\":\"Organization\",\"@id\":\"https:\\\/\\\/charleroi-pourlapalestine.be\\\/#organization\",\"name\":\"Plate-forme Charleroi-Palestine\",\"url\":\"https:\\\/\\\/charleroi-pourlapalestine.be\\\/\",\"logo\":{\"@type\":\"ImageObject\",\"inLanguage\":\"fr-FR\",\"@id\":\"https:\\\/\\\/charleroi-pourlapalestine.be\\\/#\\\/schema\\\/logo\\\/image\\\/\",\"url\":\"https:\\\/\\\/charleroi-pourlapalestine.be\\\/wp-content\\\/uploads\\\/2020\\\/01\\\/logo-Copy.jpg\",\"contentUrl\":\"https:\\\/\\\/charleroi-pourlapalestine.be\\\/wp-content\\\/uploads\\\/2020\\\/01\\\/logo-Copy.jpg\",\"width\":180,\"height\":180,\"caption\":\"Plate-forme Charleroi-Palestine\"},\"image\":{\"@id\":\"https:\\\/\\\/charleroi-pourlapalestine.be\\\/#\\\/schema\\\/logo\\\/image\\\/\"},\"sameAs\":[\"https:\\\/\\\/www.facebook.com\\\/PlateformeCharleroiPalestine\\\/\",\"https:\\\/\\\/x.com\\\/LaCharleroi\"]},{\"@type\":\"Person\",\"@id\":\"https:\\\/\\\/charleroi-pourlapalestine.be\\\/#\\\/schema\\\/person\\\/c19ff515112f1299d8c12671d8fe3faa\",\"name\":\"admin1873\",\"url\":\"https:\\\/\\\/charleroi-pourlapalestine.be\\\/index.php\\\/author\\\/admin1873\\\/\"}]}<\/script>\n<!-- \/ Yoast SEO plugin. -->","yoast_head_json":{"title":"Un rassemblement \u00e0 Beyrouth lance le mois international d\u2019actions pour la lib\u00e9ration de Georges Abdallah","description":"Le rassemblement \u00e0 Beyrouth \u00e9tait organis\u00e9 par la Campagne libanaise pour la lib\u00e9ration de Georges Abdallah","robots":{"index":"index","follow":"follow","max-snippet":"max-snippet:-1","max-image-preview":"max-image-preview:large","max-video-preview":"max-video-preview:-1"},"canonical":"https:\/\/charleroi-pourlapalestine.be\/index.php\/2023\/09\/22\/un-rassemblement-a-beyrouth-lance-le-mois-international-dactions-pour-la-liberation-de-georges-abdallah\/","schema":{"@context":"https:\/\/schema.org","@graph":[{"@type":"Article","@id":"https:\/\/charleroi-pourlapalestine.be\/index.php\/2023\/09\/22\/un-rassemblement-a-beyrouth-lance-le-mois-international-dactions-pour-la-liberation-de-georges-abdallah\/#article","isPartOf":{"@id":"https:\/\/charleroi-pourlapalestine.be\/index.php\/2023\/09\/22\/un-rassemblement-a-beyrouth-lance-le-mois-international-dactions-pour-la-liberation-de-georges-abdallah\/"},"author":{"name":"admin1873","@id":"https:\/\/charleroi-pourlapalestine.be\/#\/schema\/person\/c19ff515112f1299d8c12671d8fe3faa"},"headline":"Un rassemblement \u00e0 Beyrouth lance le mois international d\u2019actions pour la lib\u00e9ration de Georges Abdallah","datePublished":"2023-09-22T09:30:52+00:00","dateModified":"2024-05-05T13:11:30+00:00","mainEntityOfPage":{"@id":"https:\/\/charleroi-pourlapalestine.be\/index.php\/2023\/09\/22\/un-rassemblement-a-beyrouth-lance-le-mois-international-dactions-pour-la-liberation-de-georges-abdallah\/"},"wordCount":992,"publisher":{"@id":"https:\/\/charleroi-pourlapalestine.be\/#organization"},"image":{"@id":"https:\/\/charleroi-pourlapalestine.be\/index.php\/2023\/09\/22\/un-rassemblement-a-beyrouth-lance-le-mois-international-dactions-pour-la-liberation-de-georges-abdallah\/#primaryimage"},"thumbnailUrl":"https:\/\/charleroi-pourlapalestine.be\/wp-content\/uploads\/2023\/09\/Rassemblement-Beyrouth-pour-Georges-Abdallah-6.jpeg","keywords":["Georges Abdallah","Mohammed Khatib"],"articleSection":["Georges Abdallah","Liban"],"inLanguage":"fr-FR"},{"@type":"WebPage","@id":"https:\/\/charleroi-pourlapalestine.be\/index.php\/2023\/09\/22\/un-rassemblement-a-beyrouth-lance-le-mois-international-dactions-pour-la-liberation-de-georges-abdallah\/","url":"https:\/\/charleroi-pourlapalestine.be\/index.php\/2023\/09\/22\/un-rassemblement-a-beyrouth-lance-le-mois-international-dactions-pour-la-liberation-de-georges-abdallah\/","name":"Un rassemblement \u00e0 Beyrouth lance le mois international d\u2019actions pour la lib\u00e9ration de Georges Abdallah","isPartOf":{"@id":"https:\/\/charleroi-pourlapalestine.be\/#website"},"primaryImageOfPage":{"@id":"https:\/\/charleroi-pourlapalestine.be\/index.php\/2023\/09\/22\/un-rassemblement-a-beyrouth-lance-le-mois-international-dactions-pour-la-liberation-de-georges-abdallah\/#primaryimage"},"image":{"@id":"https:\/\/charleroi-pourlapalestine.be\/index.php\/2023\/09\/22\/un-rassemblement-a-beyrouth-lance-le-mois-international-dactions-pour-la-liberation-de-georges-abdallah\/#primaryimage"},"thumbnailUrl":"https:\/\/charleroi-pourlapalestine.be\/wp-content\/uploads\/2023\/09\/Rassemblement-Beyrouth-pour-Georges-Abdallah-6.jpeg","datePublished":"2023-09-22T09:30:52+00:00","dateModified":"2024-05-05T13:11:30+00:00","description":"Le rassemblement \u00e0 Beyrouth \u00e9tait organis\u00e9 par la Campagne libanaise pour la lib\u00e9ration de Georges Abdallah","breadcrumb":{"@id":"https:\/\/charleroi-pourlapalestine.be\/index.php\/2023\/09\/22\/un-rassemblement-a-beyrouth-lance-le-mois-international-dactions-pour-la-liberation-de-georges-abdallah\/#breadcrumb"},"inLanguage":"fr-FR","potentialAction":[{"@type":"ReadAction","target":["https:\/\/charleroi-pourlapalestine.be\/index.php\/2023\/09\/22\/un-rassemblement-a-beyrouth-lance-le-mois-international-dactions-pour-la-liberation-de-georges-abdallah\/"]}]},{"@type":"ImageObject","inLanguage":"fr-FR","@id":"https:\/\/charleroi-pourlapalestine.be\/index.php\/2023\/09\/22\/un-rassemblement-a-beyrouth-lance-le-mois-international-dactions-pour-la-liberation-de-georges-abdallah\/#primaryimage","url":"https:\/\/charleroi-pourlapalestine.be\/wp-content\/uploads\/2023\/09\/Rassemblement-Beyrouth-pour-Georges-Abdallah-6.jpeg","contentUrl":"https:\/\/charleroi-pourlapalestine.be\/wp-content\/uploads\/2023\/09\/Rassemblement-Beyrouth-pour-Georges-Abdallah-6.jpeg","width":1296,"height":864},{"@type":"BreadcrumbList","@id":"https:\/\/charleroi-pourlapalestine.be\/index.php\/2023\/09\/22\/un-rassemblement-a-beyrouth-lance-le-mois-international-dactions-pour-la-liberation-de-georges-abdallah\/#breadcrumb","itemListElement":[{"@type":"ListItem","position":1,"name":"Accueil","item":"https:\/\/charleroi-pourlapalestine.be\/"},{"@type":"ListItem","position":2,"name":"Un rassemblement \u00e0 Beyrouth lance le mois international d\u2019actions pour la lib\u00e9ration de Georges Abdallah"}]},{"@type":"WebSite","@id":"https:\/\/charleroi-pourlapalestine.be\/#website","url":"https:\/\/charleroi-pourlapalestine.be\/","name":"Charleroi Pour la Palestine","description":"","publisher":{"@id":"https:\/\/charleroi-pourlapalestine.be\/#organization"},"potentialAction":[{"@type":"SearchAction","target":{"@type":"EntryPoint","urlTemplate":"https:\/\/charleroi-pourlapalestine.be\/?s={search_term_string}"},"query-input":{"@type":"PropertyValueSpecification","valueRequired":true,"valueName":"search_term_string"}}],"inLanguage":"fr-FR"},{"@type":"Organization","@id":"https:\/\/charleroi-pourlapalestine.be\/#organization","name":"Plate-forme Charleroi-Palestine","url":"https:\/\/charleroi-pourlapalestine.be\/","logo":{"@type":"ImageObject","inLanguage":"fr-FR","@id":"https:\/\/charleroi-pourlapalestine.be\/#\/schema\/logo\/image\/","url":"https:\/\/charleroi-pourlapalestine.be\/wp-content\/uploads\/2020\/01\/logo-Copy.jpg","contentUrl":"https:\/\/charleroi-pourlapalestine.be\/wp-content\/uploads\/2020\/01\/logo-Copy.jpg","width":180,"height":180,"caption":"Plate-forme Charleroi-Palestine"},"image":{"@id":"https:\/\/charleroi-pourlapalestine.be\/#\/schema\/logo\/image\/"},"sameAs":["https:\/\/www.facebook.com\/PlateformeCharleroiPalestine\/","https:\/\/x.com\/LaCharleroi"]},{"@type":"Person","@id":"https:\/\/charleroi-pourlapalestine.be\/#\/schema\/person\/c19ff515112f1299d8c12671d8fe3faa","name":"admin1873","url":"https:\/\/charleroi-pourlapalestine.be\/index.php\/author\/admin1873\/"}]}},"_links":{"self":[{"href":"https:\/\/charleroi-pourlapalestine.be\/index.php\/wp-json\/wp\/v2\/posts\/60083","targetHints":{"allow":["GET"]}}],"collection":[{"href":"https:\/\/charleroi-pourlapalestine.be\/index.php\/wp-json\/wp\/v2\/posts"}],"about":[{"href":"https:\/\/charleroi-pourlapalestine.be\/index.php\/wp-json\/wp\/v2\/types\/post"}],"author":[{"embeddable":true,"href":"https:\/\/charleroi-pourlapalestine.be\/index.php\/wp-json\/wp\/v2\/users\/1"}],"replies":[{"embeddable":true,"href":"https:\/\/charleroi-pourlapalestine.be\/index.php\/wp-json\/wp\/v2\/comments?post=60083"}],"version-history":[{"count":0,"href":"https:\/\/charleroi-pourlapalestine.be\/index.php\/wp-json\/wp\/v2\/posts\/60083\/revisions"}],"wp:featuredmedia":[{"embeddable":true,"href":"https:\/\/charleroi-pourlapalestine.be\/index.php\/wp-json\/wp\/v2\/media\/60095"}],"wp:attachment":[{"href":"https:\/\/charleroi-pourlapalestine.be\/index.php\/wp-json\/wp\/v2\/media?parent=60083"}],"wp:term":[{"taxonomy":"category","embeddable":true,"href":"https:\/\/charleroi-pourlapalestine.be\/index.php\/wp-json\/wp\/v2\/categories?post=60083"},{"taxonomy":"post_tag","embeddable":true,"href":"https:\/\/charleroi-pourlapalestine.be\/index.php\/wp-json\/wp\/v2\/tags?post=60083"}],"curies":[{"name":"wp","href":"https:\/\/api.w.org\/{rel}","templated":true}]}}