{"id":60191,"date":"2023-09-25T19:23:02","date_gmt":"2023-09-25T17:23:02","guid":{"rendered":"https:\/\/charleroi-pourlapalestine.be\/?p=60191"},"modified":"2023-09-25T19:23:12","modified_gmt":"2023-09-25T17:23:12","slug":"le-canada-salue-en-heros-un-veteran-nazi-de-la-ss","status":"publish","type":"post","link":"https:\/\/charleroi-pourlapalestine.be\/index.php\/2023\/09\/25\/le-canada-salue-en-heros-un-veteran-nazi-de-la-ss\/","title":{"rendered":"Le Canada salue en <em>\u00ab h\u00e9ros \u00bb<\/em> un v\u00e9t\u00e9ran nazi de la SS"},"content":{"rendered":"<p><strong>Volodymyr Zelensky,<\/strong> \u00e9tait re\u00e7u comme un h\u00e9ros \u00e0 Ottawa au Canada, o\u00f9 il a adress\u00e9 un discours au parlement. Le pr\u00e9sident de la Chambre canadienne des Communes, a rendu hommage \u00e0 un autre homme originaire d\u2019Ukraine : Yaroslav <strong>Hunka, un v\u00e9t\u00e9ran de la 14<sup>e<\/sup> Division de Grenadiers de la Waffen-SS.<\/strong><\/p>\n<p>&nbsp;<\/p>\n<div id=\"attachment_60196\" style=\"width: 810px\" class=\"wp-caption aligncenter\"><img loading=\"lazy\" decoding=\"async\" aria-describedby=\"caption-attachment-60196\" class=\"wp-image-60196 size-full\" src=\"https:\/\/charleroi-pourlapalestine.be\/wp-content\/uploads\/2023\/09\/Le-president-ukrainien-Volodomyr-Zelensky-le-Premier-ministre-canadien-Justin-Trudeau-et-dautres-representants-au-parlement-canadien-le-22-septembre.png\" alt=\"Canada : Le pr\u00e9sident ukrainien Volodomyr Zelensky, le Premier ministre canadien Justin Trudeau et d\u2019autres repr\u00e9sentants au parlement canadien, le 22 septembre. Lors de la s\u00e9ance, au cours de laquelle Zelensky a pris la parole, Yaroslav Hunka, un v\u00e9t\u00e9ran de la Waffen-SS nazie, a re\u00e7u une standing ovation.\" width=\"800\" height=\"459\"><p id=\"caption-attachment-60196\" class=\"wp-caption-text\"><strong>Le pr\u00e9sident ukrainien Volodomyr Zelensky, le Premier ministre canadien Justin Trudeau et d\u2019autres repr\u00e9sentants au parlement canadien, le 22 septembre. Lors de la s\u00e9ance, au cours de laquelle Zelensky a pris la parole, Yaroslav Hunka, un v\u00e9t\u00e9ran de la Waffen-SS nazie, a re\u00e7u une standing ovation. <\/strong>(Photo : via CBC News sur YouTube)<\/p><\/div>\n<p>&nbsp;<\/p>\n<p><a href=\"https:\/\/charleroi-pourlapalestine.be\/index.php\/tag\/ali-abunimah\/\"><strong>Ali Abunimah,<\/strong><\/a> 24 septembre 2023<\/p>\n<p>Un peu plus t\u00f4t, ce mois-ci, Isra\u00ebl a connu une <a href=\"https:\/\/charleroi-pourlapalestine.be\/index.php\/2023\/09\/13\/pourquoi-les-eu-et-israel-vendent-ils-plus-darmes-encore-au-negationniste-abbas\/\"><strong>temp\u00eate d\u2019indignation du c\u00f4t\u00e9 de son lobby et de ses sponsors en Occident, \u00e0 propos de commentaires du chef de l\u2019Autorit\u00e9 palestinienne, Mahmoud Abbas,<\/strong><\/a> dans lesquels ce dernier bl\u00e2mait les juifs de leurs assassinats m\u00eames par le gouvernement allemand dirig\u00e9 par Adolf Hitler dans les ann\u00e9es 1940.<\/p>\n<p>L\u2019une des d\u00e9nonciations les plus virulentes est venue du <strong>Canada<\/strong>, dont les repr\u00e9sentants \u00e0 Ramallah ont affirm\u00e9 que<\/p>\n<blockquote><p>\u00ab les remarques d\u2019Abbas d\u00e9formaient la v\u00e9rit\u00e9 historique de l\u2019Holocauste et promouvaient les tropes classiques et contemporains de la haine \u00e0 l\u2019\u00e9gard des juifs \u00bb.<\/p><\/blockquote>\n<p><strong>&nbsp;<\/strong><\/p>\n<blockquote class=\"twitter-tweet\" data-width=\"500\" data-dnt=\"true\">\n<p lang=\"en\" dir=\"ltr\">We strongly condemn the inflammatory and antisemitic comments made by President Abbas. These remarks distort the historical truth of the Holocaust and promote classic and contemporary tropes of Jew-hatred.<\/p>\n<p>&mdash; Canada in Palestine (@CanadaRepPA) <a href=\"https:\/\/twitter.com\/CanadaRepPA\/status\/1699871051839156605?ref_src=twsrc%5Etfw\">September 7, 2023<\/a><\/p><\/blockquote>\n<p><script async src=\"https:\/\/platform.twitter.com\/widgets.js\" charset=\"utf-8\"><\/script><\/p>\n<p>&nbsp;<\/p>\n<p>On pourrait penser que les membres de ce ch\u0153ur se soucient r\u00e9ellement de pr\u00e9server la m\u00e9moire des victimes des nazis et qu\u2019ils prennent m\u00eame au s\u00e9rieux leur invocation r\u00e9guli\u00e8re de slogan du genre<em> \u00ab Jamais plus \u00bb.<\/em><\/p>\n<p>Ce serait une erreur.<\/p>\n<p>&nbsp;<\/p>\n<h3><strong>Bienvenue au h\u00e9ros<\/strong><\/h3>\n<p>Vendredi, le pr\u00e9sident de l\u2019Ukraine,<strong> Volodymyr Zelensky,<\/strong> \u00e9tait re\u00e7u comme un h\u00e9ros \u00e0 Ottawa, o\u00f9 il a adress\u00e9 un discours au parlement canadien.<\/p>\n<p>Suite \u00e0 la prise de parole de Zelensky, Anthony Rota, le pr\u00e9sident de la Chambre canadienne des Communes, a rendu hommage \u00e0 un autre homme originaire d\u2019Ukraine.<\/p>\n<blockquote><p>\u00ab Nous avons ici, aujourd\u2019hui, \u00e0 la Chambre (\u2026) un v\u00e9t\u00e9ran de guerre ukraino-canadien de la Seconde Guerre mondiale qui a combattu pour l\u2019ind\u00e9pendance ukrainienne vis-\u00e0-vis des Russes et qui continue aujourd\u2019hui de soutenir les troupes, m\u00eame \u00e0 l\u2019\u00e2ge de 98 ans \u00bb,<\/p><\/blockquote>\n<p>a expliqu\u00e9 Rota face \u00e0 un enthousiasme d\u00e9lirant et \u00e0 une standing ovation.<\/p>\n<p>Rota d\u2019ajouter qu\u2019il \u00e9tait <em>\u00ab tr\u00e8s fier \u00bb<\/em> que l\u2019homme, <strong>Yaroslav Hunka<\/strong>, vivait dans son propre district \u00e9lectoral de l\u2019Ontario.<\/p>\n<blockquote><p>\u00ab C\u2019est un h\u00e9ros ukrainien, un h\u00e9ros canadien et nous le remercions de tous ses services \u00bb,<\/p><\/blockquote>\n<p>a ajout\u00e9 l\u2019orateur au milieu d\u2019applaudissements encore plus fr\u00e9n\u00e9tiques.<\/p>\n<blockquote class=\"twitter-tweet\" data-width=\"500\" data-dnt=\"true\">\n<p lang=\"en\" dir=\"ltr\">I feel like there might be another way to say someone fought \u201cagainst the Russians in the Second World War.\u201d <a href=\"https:\/\/t.co\/5bVlSAF4Uo\">https:\/\/t.co\/5bVlSAF4Uo<\/a><\/p>\n<p>&mdash; Jeremy Appel (@JeremyAppel1025) <a href=\"https:\/\/twitter.com\/JeremyAppel1025\/status\/1705707523670708438?ref_src=twsrc%5Etfw\">September 23, 2023<\/a><\/p><\/blockquote>\n<p><script async src=\"https:\/\/platform.twitter.com\/widgets.js\" charset=\"utf-8\"><\/script><\/p>\n<blockquote class=\"twitter-tweet\" data-width=\"500\" data-dnt=\"true\">\n<p lang=\"en\" dir=\"ltr\">AP News confirming that the 98-year old veteran given standing ovation by Canadian parliament, is Yaroslav Hunka, who fought for the 14th division of the Waffen SS.<\/p>\n<p>Canadian parliament gave a standing ovation to an outright Nazi collaborator. <\/p>\n<p>First noticed by <a href=\"https:\/\/twitter.com\/lingerence?ref_src=twsrc%5Etfw\">@lingerence<\/a>. <a href=\"https:\/\/t.co\/Vm8VAHq7yy\">pic.twitter.com\/Vm8VAHq7yy<\/a><\/p>\n<p>&mdash; The Canada Files (@TheCanadaFiles) <a href=\"https:\/\/twitter.com\/TheCanadaFiles\/status\/1705656600839811498?ref_src=twsrc%5Etfw\">September 23, 2023<\/a><\/p><\/blockquote>\n<p><script async src=\"https:\/\/platform.twitter.com\/widgets.js\" charset=\"utf-8\"><\/script><\/p>\n<p>&nbsp;<\/p>\n<p>En fait, <strong>Hunka est un v\u00e9t\u00e9ran de la 14<sup>e<\/sup> Division de Grenadiers de la Waffen-SS<\/strong> \u2013 qui faisait partie de la tristement c\u00e9l\u00e8bre <strong>Schutzstaffel d\u2019Hilter<\/strong>, les troupes d\u2019\u00e9lite qui ont perp\u00e9tr\u00e9 nombre des pires crimes g\u00e9nocidaires de la Seconde Guerre mondiale.<\/p>\n<p>Comme le fait remarquer un article publi\u00e9 dans <em>The Forward<\/em>,<\/p>\n<blockquote><p>\u00ab c\u2019est la m\u00eame unit\u00e9 que celle qui a \u00e9t\u00e9 honor\u00e9e par des monuments controvers\u00e9s au Canada, en Australie et, comme le r\u00e9v\u00e9lait r\u00e9cemment <em>The Forward<\/em> aussi, dans des faubourgs de Philadelphie et de Detroit. Des organisations juives ont demand\u00e9 qu\u2019on les fasse dispara\u00eetre \u00bb.<\/p><\/blockquote>\n<p>Constitu\u00e9e en 1943 de recrues de l\u2019Ukraine occidentale, l\u2019unit\u00e9 Galicie de la Waffen-SS, explique <em>The Forward<\/em>,<\/p>\n<blockquote><p>\u00ab \u00e9tait arm\u00e9e et entra\u00een\u00e9e par les nazis et command\u00e9e par des officiers allemands. En 1944, la division avait re\u00e7u la visite du chef de la SS, Heinrich Himmler, qui avait parl\u00e9 de la volont\u00e9 de ses soldats de massacrer les Polonais \u00bb.<\/p><\/blockquote>\n<p>Le Mus\u00e9e des \u00c9tats-Unis \u00e0 la m\u00e9moire de l\u2019Holocauste d\u00e9tient un certain nombre d\u2019art\u00e9facts sur la division, dont un film d\u2019actualit\u00e9s montrant une somptueuse c\u00e9r\u00e9monie nazie adressant un adieu attendri \u00e0 la division Galicie de la Waffen-SS au moment o\u00f9 ses soldats allaient quitter la ville de Lviv afin de recevoir un entra\u00eenement et une formation avant de se joindre \u00e0 l\u2019effort de guerre d\u2019Hitler.<\/p>\n<p>Apr\u00e8s la guerre, des milliers de v\u00e9t\u00e9rans de l\u2019unit\u00e9 Galicie de la Waffen-SS furent autoris\u00e9s \u00e0 se r\u00e9installer en Occident, et ils furent plusieurs milliers \u00e0 gagner le Canada, fait remarquer <em>The Forward<\/em>.<\/p>\n<blockquote class=\"twitter-tweet\" data-width=\"500\" data-dnt=\"true\">\n<p lang=\"en\" dir=\"ltr\">These are photos of SS Galicia Division veteran who was given standing ovation by Canadian parliament, prime-minister of Canada and president of Ukraine. He published these photos of himself in this division during training in Germany. He is standing in the middle in 1st photo,\u2026 <a href=\"https:\/\/t.co\/YkfKZbJ1i7\">pic.twitter.com\/YkfKZbJ1i7<\/a><\/p>\n<p>&mdash; Ivan Katchanovski (@I_Katchanovski) <a href=\"https:\/\/twitter.com\/I_Katchanovski\/status\/1705739708683128836?ref_src=twsrc%5Etfw\">September 24, 2023<\/a><\/p><\/blockquote>\n<p><script async src=\"https:\/\/platform.twitter.com\/widgets.js\" charset=\"utf-8\"><\/script><\/p>\n<p>&nbsp;<\/p>\n<h3><strong><br \/>\nLe blanchiment des nazis<\/strong><\/h3>\n<p>D\u2019une certaine fa\u00e7on, <strong>l\u2019horrible spectacle de vendredi au Parlement canadien constitue le point culminant de d\u00e9cennies de blanchiment de l\u2019unit\u00e9 ukrainienne de la Waffen-SS par les membres de la diaspora ukraino-canadienne et d\u2019autres apologistes du nazisme<\/strong>.<\/p>\n<p><strong>Ivan Katchanovski<\/strong> \u2013 un sp\u00e9cialiste politique ukraino-canadien de l\u2019Universit\u00e9 d\u2019Ottawa qui refuse cat\u00e9goriquement de blanchir l\u2019ultranationalisme ukrainien et son r\u00f4le dans l\u2019exposition de sa patrie au d\u00e9sastre actuel \u2013 s\u2019est pos\u00e9 la question :<\/p>\n<blockquote><p>\u00ab Y a-t-il une seule personne au Parlement, ou Zelensky lui-m\u00eame, qui se rend compte qu\u2019il [Hunka] a servi dans la division de la Waffen-SS ? \u00bb<\/p><\/blockquote>\n<p>&nbsp;<\/p>\n<blockquote class=\"twitter-tweet\" data-width=\"500\" data-dnt=\"true\">\n<p lang=\"en\" dir=\"ltr\">Actual Nazi collaborator gets standing ovation in Canada&#39;s parliament. Chrystia Freeland&#39;s grandfather smiling in his grave.<a href=\"https:\/\/t.co\/qRmFz9gR3F\">https:\/\/t.co\/qRmFz9gR3F<\/a><\/p>\n<p>&mdash; Mark Ames (@MarkAmesExiled) <a href=\"https:\/\/twitter.com\/MarkAmesExiled\/status\/1705715821127901232?ref_src=twsrc%5Etfw\">September 23, 2023<\/a><\/p><\/blockquote>\n<p><script async src=\"https:\/\/platform.twitter.com\/widgets.js\" charset=\"utf-8\"><\/script><\/p>\n<p>&nbsp;<\/p>\n<p>Il est vraisemblable que de nombreuses personnes qui ont applaudi n\u2019en avaient pas la moindre id\u00e9e ou ne s\u2019en souciaient absolument pas, mais il y a peu de raison de croire que les dirigeants canadiens, dont le Premier ministre <strong>Justin Trudeau<\/strong>, n\u2019en savaient rien. Et il n\u2019y a pas de raison de croire qu\u2019ils s\u2019en seraient d\u2019ailleurs souci\u00e9.<\/p>\n<p>Il est bien connu qu\u2019une des principales alli\u00e9es de Trudeau, la vice-Premi\u00e8re ministre <strong>Chrystia Freeland,<\/strong> est la fi\u00e8re petite-fille de l\u2019un des principaux propagandistes ukrainiens d\u2019Hitler, Michael Chomiak.<\/p>\n<p>&nbsp;<\/p>\n<div id=\"attachment_60201\" style=\"width: 810px\" class=\"wp-caption aligncenter\"><img loading=\"lazy\" decoding=\"async\" aria-describedby=\"caption-attachment-60201\" class=\"wp-image-60201 size-full\" src=\"https:\/\/charleroi-pourlapalestine.be\/wp-content\/uploads\/2023\/09\/Le-chef-de-la-SS-Heinrich-Himmler-sadresse-a-un-groupe-de-soldats-de-la-Waffen-SS-dans-les-territoires-de-lEst-en-1942.jpg\" alt=\"Le chef de la SS, Heinrich Himmler, s\u2019adresse \u00e0 un groupe de soldats de la Waffen-SS dans les \u00ab territoires de l\u2019Est \u00bb, en 1942\" width=\"800\" height=\"562\"><p id=\"caption-attachment-60201\" class=\"wp-caption-text\"><strong>Le chef de la SS, Heinrich Himmler, s\u2019adresse \u00e0 un groupe de soldats de la Waffen-SS dans les \u00ab territoires de l\u2019Est \u00bb, en 1942.<\/strong> (Photo : Mus\u00e9e am\u00e9ricain \u00e0 la m\u00e9moire de l\u2019Holocauste)<\/p><\/div>\n<p>&nbsp;<\/p>\n<p>Au lieu de se conformer \u00e0 la v\u00e9rit\u00e9 historique sur le r\u00f4le de son grand-p\u00e8re dans le recrutement des SS et la diffusion de la propagande antis\u00e9mite au nom du r\u00e9gime hitl\u00e9rien, Freeland a tent\u00e9 de blanchir ce r\u00f4le.<\/p>\n<p>En 2018, quand il y avait eu un toll\u00e9 public \u00e0 propos de<strong> monuments au Canada honorant les nazis ukrainiens,<\/strong> le cabinet de Trudeau s\u2019\u00e9tait attel\u00e9 \u00e0 d\u00e9tourner l\u2019attention de la question.<\/p>\n<p>Recourant \u00e0 des requ\u00eates qui s\u2019appuyaient sur la libert\u00e9 d\u2019information, un journaliste canadien allait d\u00e9couvrir que <em>\u00ab des responsables du gouvernement subissaient de lourdes pressions \u00bb<\/em> du cabinet du Premier ministre <em>\u00ab en vue de contrer les informations en l\u2019honneur de collaborateurs nazis \u00bb<\/em>, avait rapport\u00e9 <em>The Ottawa Citizen<\/em>.<\/p>\n<p>A<strong>lo<\/strong>rs que de nombreux nationalistes ukrainiens avaient toujours gard\u00e9 vivace une flamme en l\u2019honneur de l\u2019unit\u00e9 Galicie de la Waffen-SS, sa r\u00e9habilitation avait r\u00e9ellement d\u00e9coll\u00e9 suite au coup d\u2019\u00c9tat de 2014 soutenu par les EU, qui avait amen\u00e9 au pouvoir l\u2019actuelle clique d\u2019ultranationalistes.<\/p>\n<p>R\u00e9cemment, en 2021, les Ukrainiens ont organis\u00e9 la premi\u00e8re parade <strong>honorant la division Galicie de la Waffen-SS<\/strong> dans la capitale Kiev, ce qui d\u00e9clencha des protestations de la part d\u2019Isra\u00ebl et m\u00eame du pr\u00e9sident Zelensky.<\/p>\n<p>Mais les choses changent rapidement.<\/p>\n<p>Aujourd\u2019hui, une grande partie des m\u00e9dias et de l\u2019establishment occidentaux, dont <strong>Isra\u00ebl et ses organisations de lobbying<\/strong> telle la <strong>Ligue anti-diffamation,<\/strong> ont la ferme intention de blanchir les nationalistes ukrainiens qui ont aid\u00e9 Hitler \u00e0 exterminer les juifs et les Polonais, puisque cela s\u2019adapte bien \u00e0 la politique de la guerre par procuration de l\u2019Occident \u2013 qui se sert des Ukrainiens comme de chair \u00e0 canon \u2013 contre la Russie.<\/p>\n<blockquote class=\"twitter-tweet\" data-width=\"500\" data-dnt=\"true\">\n<p lang=\"en\" dir=\"ltr\">My peer-reviewed journal article concerning involvement of SS Galicia division members in mass murder of Poles, Jews and Ukrainians in Ukraine and Poland, including mass executions of about 100 Jews, Poles &amp; Ukrainians in my high school in Pidhaitsi near Lutsk.\u2026 <a href=\"https:\/\/t.co\/QlUwH8g0QG\">pic.twitter.com\/QlUwH8g0QG<\/a><\/p>\n<p>&mdash; Ivan Katchanovski (@I_Katchanovski) <a href=\"https:\/\/twitter.com\/I_Katchanovski\/status\/1705769548429865122?ref_src=twsrc%5Etfw\">September 24, 2023<\/a><\/p><\/blockquote>\n<p><script async src=\"https:\/\/platform.twitter.com\/widgets.js\" charset=\"utf-8\"><\/script><\/p>\n<p>Il est courant d\u2019entendre les apologistes des volontaires ukrainiens d\u2019Hitler pr\u00e9tendre que l\u2019on se souvient de fa\u00e7on positive, aujourd\u2019hui, des hommes de la division Galicie de la Waffen-SS, malgr\u00e9 leur association avec les nazis, parce que leur motivation v\u00e9ritable consistait \u00e0 combattre pour l\u2019ind\u00e9pendance ukrainienne contre l\u2019Union sovi\u00e9tique.<\/p>\n<p>L\u2019an dernier, toutefois, <strong>Ellen Germain<\/strong>, l\u2019envoy\u00e9e sp\u00e9ciale am\u00e9ricaine sur les questions concernant l\u2019Holocauste, a dit de ce genre de <em>\u00ab r\u00e9habilitation \u00bb<\/em> des collaborateurs nazis \u00e9tait une forme de <em>\u00ab distorsion de l\u2019Holocauste \u00bb.<\/em> Elle avait raison.<\/p>\n<blockquote class=\"twitter-tweet\" data-width=\"500\" data-dnt=\"true\">\n<p lang=\"en\" dir=\"ltr\">Way back in 2016, it was still cool to call Ukrainian Hitlerite Nazis Nazis. Now they are the \u201cWest\u2019s\u201d war heroes. <a href=\"https:\/\/t.co\/Tv3dwBbQY2\">https:\/\/t.co\/Tv3dwBbQY2<\/a> <a href=\"https:\/\/t.co\/hMzsIjJQIz\">https:\/\/t.co\/hMzsIjJQIz<\/a> <a href=\"https:\/\/t.co\/4dbs9ebJ3t\">pic.twitter.com\/4dbs9ebJ3t<\/a><\/p>\n<p>&mdash; Ali Abunimah (@AliAbunimah) <a href=\"https:\/\/twitter.com\/AliAbunimah\/status\/1705789607344824350?ref_src=twsrc%5Etfw\">September 24, 2023<\/a><\/p><\/blockquote>\n<p><script async src=\"https:\/\/platform.twitter.com\/widgets.js\" charset=\"utf-8\"><\/script><\/p>\n<p>https:\/\/twitter.com\/TamaraLorincz\/status\/1705767342355980692?ref_src=twsrc%5Etfw%7Ctwcamp%5Etweetembed%7Ctwterm%5E1705767342355980692%7Ctwgr%5E9baa8270409fbbf097076f35ed56bd159937e077%7Ctwcon%5Es1_&#038;ref_url=https%3A%2F%2Felectronicintifada.net%2Fblogs%2Fali-abunimah%2Fcanada-hails-nazi-ss-veteran-ukraine-hero<\/p>\n<p>&nbsp;<\/p>\n<h3><strong>Cynisme et hypocrisie<\/strong><\/h3>\n<p><strong>Tout cela montre \u00e0 quel point ont \u00e9t\u00e9 cyniques toutes les condamnations pieuses prononc\u00e9es contre Mahmoud Abbas.<\/strong><\/p>\n<p>Au moment o\u00f9 nous \u00e9crivons ces lignes, l\u2019ambassadeur d\u2019Allemagne \u00e0 Tel-Aviv, l\u2019envoy\u00e9e des EU sur l\u2019antis\u00e9mitisme, <strong>Deborah Lipstadt,<\/strong> et son homologue \u00e0 l\u2019UE, <strong>Katarina von Schnurbein,<\/strong> ainsi que J<strong>onathan Greenblatt,<\/strong> le responsable de la Ligue anti-diffamation \u2013 parmi les innombrables personnes qui ont condamn\u00e9 Abbas \u2013 <strong>n\u2019ont rien dit de la c\u00e9l\u00e9bration des nazis par la totalit\u00e9 des membres de l\u2019establishment politique du Canada.<\/strong><\/p>\n<p>Honn\u00eatement, il serait surprenant que l\u2019un ou l\u2019autre d\u2019entre eux le fasse.<\/p>\n<p>Parmi les gouvernements et \u00e9lites de l\u2019Occident, l\u2019Holocauste n\u2019est plus trait\u00e9 \u2013 en admettant qu\u2019il l\u2019ait jamais \u00e9t\u00e9 \u2013 comme un crime historique avec des victimes r\u00e9elles dont le souvenir m\u00e9rit\u00e9 d\u2019\u00eatre vraiment honor\u00e9.<\/p>\n<p>C\u2019est tout simplement un club politique qui doit \u00eatre hypocritement utilis\u00e9 au nom d\u2019Isra\u00ebl et contre les ennemis officiels chaque fois que la chose est utile et pratique.<\/p>\n<p><strong>Dans le contexte d\u2019une mauvaise fois aussi outranci\u00e8re, les universitaires et activistes palestiniens qui ont consciencieusement sign\u00e9 une lettre ouverte condamnant les commentaires d\u2019Abbas devraient r\u00e9fl\u00e9chir sur la futilit\u00e9 \u2013 au mieux \u2013 de leur geste.<\/strong><\/p>\n<p><strong>&nbsp;<\/strong><\/p>\n<blockquote class=\"twitter-tweet\" data-width=\"500\" data-dnt=\"true\">\n<p lang=\"en\" dir=\"ltr\">United States government has taken approving note of the \u201copen letter\u201d by some Palestinians criticizing Abbas\u2019 recent statements about the Holocaust. Background: <a href=\"https:\/\/t.co\/pM093xhO3k\">https:\/\/t.co\/pM093xhO3k<\/a> <a href=\"https:\/\/t.co\/rifR2AfFZP\">https:\/\/t.co\/rifR2AfFZP<\/a><\/p>\n<p>&mdash; Ali Abunimah (@AliAbunimah) <a href=\"https:\/\/twitter.com\/AliAbunimah\/status\/1704937496746889252?ref_src=twsrc%5Etfw\">September 21, 2023<\/a><\/p><\/blockquote>\n<p><script async src=\"https:\/\/platform.twitter.com\/widgets.js\" charset=\"utf-8\"><\/script><\/p>\n<p><strong>Pendant ce temps, les \u00e9tudiants et les enseignants, les \u00e9crivains et les artistes \u2013 tous ceux qui d\u00e9fendent la Palestine \u2013 sont r\u00e9guli\u00e8rement accus\u00e9s \u00e0 tort d\u2019antis\u00e9mitisme alors que des nazis bien en vie re\u00e7oivent des standing ovations des amis les plus proches d\u2019Isra\u00ebl.<\/strong><\/p>\n<p>C\u2019est tout bonnement d\u00e9go\u00fbtant.<\/p>\n<p>&nbsp;<\/p>\n<h3>Mise \u00e0 jour du 25 septembre<\/h3>\n<p>Dimanche soir, <strong>Anthony Rota, le pr\u00e9sident de la Chambre canadienne des Communes<\/strong>, a sorti une d\u00e9claration dans laquelle il s\u2019excusait de ses chaleureuses louanges \u00e0 l\u2019\u00e9gard du v\u00e9t\u00e9ran nazi de la SS, Yaroslav Hunka, qu\u2019il avait invit\u00e9 \u00e0 assister \u00e0 la s\u00e9ance de vendredi durant laquelle le pr\u00e9sident ukrainien Volodymyr Zelensky devait prendre la parole.<\/p>\n<blockquote class=\"twitter-tweet\" data-width=\"500\" data-dnt=\"true\">\n<p lang=\"en\" dir=\"ltr\">On September 22, in the House of Commons, I recognized an individual in the gallery. I regret my decision to do so, and accept full responsibility for my actions. Read my statement here: <a href=\"https:\/\/t.co\/Hd9chtHFNJ\">https:\/\/t.co\/Hd9chtHFNJ<\/a><\/p>\n<p>&mdash; Speaker of the HoC (@HoCSpeaker) <a href=\"https:\/\/twitter.com\/HoCSpeaker\/status\/1706051247726272930?ref_src=twsrc%5Etfw\">September 24, 2023<\/a><\/p><\/blockquote>\n<p><script async src=\"https:\/\/platform.twitter.com\/widgets.js\" charset=\"utf-8\"><\/script><\/p>\n<blockquote><p>\u00ab Par apr\u00e8s, j\u2019ai \u00e9t\u00e9 mis au courant d\u2019informations compl\u00e9mentaires qui m\u2019ont pouss\u00e9 \u00e0 regretter ma d\u00e9cision \u00bb, a<\/p><\/blockquote>\n<p>\u00e9crit Rota.<\/p>\n<p>Le pr\u00e9sident de la Chambre a assum\u00e9 l\u2019enti\u00e8re responsabilit\u00e9 de la chose, affirmant que<\/p>\n<blockquote><p>\u00ab personne, pas m\u00eame ses coll\u00e8gues parlementaires et la d\u00e9l\u00e9gation ukrainienne, n\u2019\u00e9tait conscient de mon intention ou de mes remarques avant que je ne les d\u00e9livre \u00bb.<\/p><\/blockquote>\n<p><strong>Voil\u00e0 qui, d\u00e9cid\u00e9ment, arrange bien les choses pour la classe politique du Canada<\/strong> qui, d\u00e9sormais, peut pr\u00e9tendre dans son int\u00e9gralit\u00e9 qu\u2019elle ne se rendait aucunement compte \u00e0 quel point \u00e9tait profond\u00e9ment enracin\u00e9e <strong>la v\u00e9n\u00e9ration envers la division Galicie de la Waffen-SS<\/strong> parmi la diaspora ukrainienne du Canada, tr\u00e8s influente sur le plan politique.<\/p>\n<p>La d\u00e9claration du pr\u00e9sident de la Chambre est venue apr\u00e8s que <strong>les Amis du Centre Simon Wiesenthal pour les \u00e9tudes sur l\u2019Holocauste,<\/strong> une institution farouchement pro-isra\u00e9lienne, avaient exig\u00e9 une explication et des excuses pour la standing ovation accord\u00e9e au v\u00e9t\u00e9ran nazi.<\/p>\n<p><strong>Michael Mostyn<\/strong>, le chef de <strong>B\u2019nai Brith Canada<\/strong>, une autre organisation pro-isra\u00e9lienne tr\u00e8s influente, a lui aussi condamn\u00e9 l\u2019accueil, avec statut de h\u00e9ros, r\u00e9serv\u00e9 \u00e0 l\u2019ancien soldat nazi de 98 ans.<\/p>\n<blockquote class=\"twitter-tweet\" data-width=\"500\" data-dnt=\"true\">\n<p lang=\"en\" dir=\"ltr\">FSWC is appalled that Canada\u2019s Parliament gave a standing ovation to a Ukrainian veteran who served in a Nazi military unit during the Second World War implicated in the mass murder of Jews and others.<\/p>\n<p>An apology and explanation is owed.<a href=\"https:\/\/t.co\/ZkzIkOCvBe\">https:\/\/t.co\/ZkzIkOCvBe<\/a><\/p>\n<p>&mdash; Friends of Simon Wiesenthal Center (@CanadianFSWC) <a href=\"https:\/\/twitter.com\/CanadianFSWC\/status\/1705998697463423241?ref_src=twsrc%5Etfw\">September 24, 2023<\/a><\/p><\/blockquote>\n<p><script async src=\"https:\/\/platform.twitter.com\/widgets.js\" charset=\"utf-8\"><\/script><\/p>\n<blockquote class=\"twitter-tweet\" data-width=\"500\" data-dnt=\"true\">\n<p lang=\"en\" dir=\"ltr\">It is beyond outrageous that Parliament has honored a veteran of a criminal Nazi unit in this way. Canadian soldiers fought and died to free the world from the evils of Nazi brutality.<\/p>\n<p>&mdash; Michael Mostyn (@MichaelMostyn) <a href=\"https:\/\/twitter.com\/MichaelMostyn\/status\/1706026022930374939?ref_src=twsrc%5Etfw\">September 24, 2023<\/a><\/p><\/blockquote>\n<p><script async src=\"https:\/\/platform.twitter.com\/widgets.js\" charset=\"utf-8\"><\/script><\/p>\n<p>&nbsp;<\/p>\n<p>De l\u00e0, l\u2019affaire s\u2019est mu\u00e9e en un furieux scandale politique et elle a fait les gros titres au Canada et dans le monde entier.<\/p>\n<p>Le <strong>Premier ministre Justin Trudeau<\/strong> qui, comme on l\u2019a fait remarquer plus haut, <strong>doit bien \u00eatre conscient des profondes connexions nazies au sein de certaines parties de la diaspora ukrainienne au Canada,<\/strong> essaie astucieusement lui aussi de se distancier de cette d\u00e9b\u00e2che plus qu\u2019embarrassante.<\/p>\n<blockquote><p>\u00ab Le pr\u00e9sident ind\u00e9pendant de la Chambre des Communes a pr\u00e9sent\u00e9 ses excuses et accept\u00e9 l\u2019enti\u00e8re responsabilit\u00e9 de l\u2019invitation et de se reconnaissance au Parlement. C\u2019\u00e9tait exactement la chose qu\u2019il fallait faire \u00bb,<\/p><\/blockquote>\n<p>a d\u00e9clar\u00e9 le cabinet du Premier ministre.<\/p>\n<p>Une repr\u00e9sentante du gouvernement,<strong> Karin Gould,<\/strong> a \u00e9galement ni\u00e9 que Trudeau ait rencontr\u00e9 personnellement <strong>Hunka,<\/strong> bien que des images post\u00e9es dans les m\u00e9dias sociaux, apparemment par l\u2019un des proches de Hunka, permettent de sugg\u00e9rer \u2013 que cette rencontre avec Hunka ait eu lieu ou pas \u2013 qu\u2019on aurait tr\u00e8s bien pu la planifier et s\u2019y attendre.<\/p>\n<blockquote class=\"twitter-tweet\" data-width=\"500\" data-dnt=\"true\">\n<p lang=\"en\" dir=\"ltr\">Only the post of Theresa Hunka assume a close relative as stated in her Tweet , regardless of the absence of a photo of Trudeau, the damage was done, but not before Karina Gould deleted her photo attached also with Hunka and Rota ! <a href=\"https:\/\/t.co\/6jMTQzmSG5\">pic.twitter.com\/6jMTQzmSG5<\/a><\/p>\n<p>&mdash; Friedrich (@0o0hcirdeirF) <a href=\"https:\/\/twitter.com\/0o0hcirdeirF\/status\/1706133995468022270?ref_src=twsrc%5Etfw\">September 25, 2023<\/a><\/p><\/blockquote>\n<p><script async src=\"https:\/\/platform.twitter.com\/widgets.js\" charset=\"utf-8\"><\/script><\/p>\n<p>https:\/\/twitter.com\/DanPizzaGuy\/status\/1706196560785064361?ref_src=twsrc%5Etfw%7Ctwcamp%5Etweetembed%7Ctwterm%5E1706196560785064361%7Ctwgr%5E9ce3e0b01c5cc7163a233396ea522419982c7b0c%7Ctwcon%5Es1_&#038;ref_url=https%3A%2F%2Felectronicintifada.net%2Fblogs%2Fali-abunimah%2Fcanada-hails-nazi-ss-veteran-ukraine-hero<\/p>\n<p>&nbsp;<\/p>\n<p><a href=\"https:\/\/www.kossyderrickent.com\/2023\/09\/photo-karina-gould-and-anthony-rota.html\" target=\"_blank\" rel=\"noopener\">Une autre photo<\/a>, apparemment post\u00e9e et ensuite d\u00e9truite par Gould sur Instagram, la montre en train de poser avec Hunka et le pr\u00e9sident de la Chambre, Rota.<\/p>\n<p>Ces images ont circul\u00e9 largement dans les m\u00e9dias sociaux, bien que <em>The Electronic Intifada<\/em> n\u2019ait pas \u00e9t\u00e9 en mesure de localiser leurs sources d\u2019origine \u2013 vraisemblablement, elles ont \u00e9t\u00e9 supprim\u00e9es.<\/p>\n<blockquote class=\"twitter-tweet\" data-width=\"500\" data-dnt=\"true\">\n<p lang=\"en\" dir=\"ltr\">Liberal House Leader Karina Gould and Canada\u2019s Speaker of the House Anthony Rota holdings hands with Waffen-SS Nazi soldier, Yaroslav Hunka. <a href=\"https:\/\/t.co\/ZMzeqZu6gN\">pic.twitter.com\/ZMzeqZu6gN<\/a><\/p>\n<p>&mdash; Harrison Faulkner (@Harry__Faulkner) <a href=\"https:\/\/twitter.com\/Harry__Faulkner\/status\/1706069554600820746?ref_src=twsrc%5Etfw\">September 24, 2023<\/a><\/p><\/blockquote>\n<p><script async src=\"https:\/\/platform.twitter.com\/widgets.js\" charset=\"utf-8\"><\/script><\/p>\n<p>&nbsp;<\/p>\n<p>Aucune photo de Trudeau avec Hunka n\u2019est apparue jusqu\u2019\u00e0 pr\u00e9sent.<\/p>\n<p><strong>Jagmeet Singh,<\/strong> chef du Nouveau Parti d\u00e9mocratique du Canada, de centre gauche, a lui aussi pr\u00e9sent\u00e9 ses excuses pour sa participation \u00e0 ces scandaleux applaudissements en faveur d\u2019un nazi.<\/p>\n<blockquote class=\"twitter-tweet\" data-width=\"500\" data-dnt=\"true\">\n<p lang=\"en\" dir=\"ltr\">I share the concerns raised about Friday\u2019s event in the House of Commons. <\/p>\n<p>We must all stand against anti-Semitism. This must never happen again. <\/p>\n<p>Please read my full statement. <a href=\"https:\/\/t.co\/kuQ5irLR3l\">pic.twitter.com\/kuQ5irLR3l<\/a><\/p>\n<p>&mdash; Jagmeet Singh (@theJagmeetSingh) <a href=\"https:\/\/twitter.com\/theJagmeetSingh\/status\/1706060599677882425?ref_src=twsrc%5Etfw\">September 24, 2023<\/a><\/p><\/blockquote>\n<p><script async src=\"https:\/\/platform.twitter.com\/widgets.js\" charset=\"utf-8\"><\/script><\/p>\n<p>&nbsp;<\/p>\n<p><strong>Toutes ces excuses ne serviront pas \u00e0 grand-chose pour all\u00e9ger les inqui\u00e9tudes \u00e0 propos du tr\u00e8s long soutien accord\u00e9 par le Canada aux nazis en Ukraine,<\/strong> un soutien qui ne s\u2019est pas exprim\u00e9 uniquement par des louanges et des applaudissements, mais aussi \u00e0 l\u2019aide de formations, d\u2019entra\u00eenements et d\u2019armes, et ce, depuis de longues ann\u00e9es d\u00e9j\u00e0.<\/p>\n<p>L\u2019historien <strong>Tarik Cyril Amar,<\/strong> un sp\u00e9cialiste des ultranationalistes ukrainiens, a expliqu\u00e9 que le pr\u00e9sident de la Chambre canadienne des Communes s\u2019\u00e9tait engag\u00e9 dans un <em>\u00ab kamikaze visant \u00e0 contr\u00f4ler les d\u00e9g\u00e2ts \u00bb<\/em> et <strong>qu\u2019il avait essay\u00e9 de prot\u00e9ger la classe politique du Canada en assumant seul l\u2019enti\u00e8re responsabilit\u00e9 de l\u2019affaire.<\/strong><\/p>\n<blockquote class=\"twitter-tweet\" data-width=\"500\" data-dnt=\"true\">\n<p lang=\"en\" dir=\"ltr\">How noble! A damage control kamikaze from Waffen-SS-celebrating Oh-Canada.<br \/>But the thing is that this too is deeply dishonest. What Canada has is a deep, pervasive problem with it&#39;s pols sucking up to the organized far-right of the Ukrainian &quot;diaspora&quot; and masking this despicable\u2026 <a href=\"https:\/\/t.co\/s6O6hRijw0\">https:\/\/t.co\/s6O6hRijw0<\/a><\/p>\n<p>&mdash; Tarik Cyril Amar (@TarikCyrilAmar) <a href=\"https:\/\/twitter.com\/TarikCyrilAmar\/status\/1706160487132524624?ref_src=twsrc%5Etfw\">September 25, 2023<\/a><\/p><\/blockquote>\n<p><script async src=\"https:\/\/platform.twitter.com\/widgets.js\" charset=\"utf-8\"><\/script><\/p>\n<p>&nbsp;<\/p>\n<blockquote><p>\u00ab Mais le fait est que cela aussi est profond\u00e9ment d\u00e9shonn\u00eate. Ce dont le Canada souffre, c\u2019est d\u2019un profond probl\u00e8me omnipr\u00e9sent, avec ses hommes politiques qui l\u00e8chent les bottes de l\u2019extr\u00eame droite organis\u00e9e de la \u2018diaspora\u2019 ukrainienne et qui font passer cette normalisation m\u00e9prisable pour du \u2018multiculturalisme\u2019 et de la \u2018tol\u00e9rance\u2019 \u00bb,<\/p><\/blockquote>\n<p>a ajout\u00e9 Amar.<\/p>\n<blockquote><p>\u00ab Le pays a besoin d\u2019un d\u00e9bat national douloureux et d\u2019une s\u00e9rieuse correction de cap. Et non pas d\u2019un bouc \u00e9missaire, pas m\u00eame d\u2019un bouc \u00e9missaire volontaire. \u00bb<\/p><\/blockquote>\n<p><strong>&nbsp;<\/strong><\/p>\n<blockquote class=\"twitter-tweet\" data-width=\"500\" data-dnt=\"true\">\n<p lang=\"en\" dir=\"ltr\">From applauding a Nazi SS veteran right into offering greetings for Yom Kippur \u2014yet no hint of reflection or repentance from <a href=\"https:\/\/twitter.com\/JustinTrudeau?ref_src=twsrc%5Etfw\">@JustinTrudeau<\/a>. We live in a sinister comedy <a href=\"https:\/\/t.co\/4Kcy1gUzLc\">https:\/\/t.co\/4Kcy1gUzLc<\/a> <a href=\"https:\/\/t.co\/WqJGBYAWlF\">https:\/\/t.co\/WqJGBYAWlF<\/a><\/p>\n<p>&mdash; Ali Abunimah (@AliAbunimah) <a href=\"https:\/\/twitter.com\/AliAbunimah\/status\/1706128925556977777?ref_src=twsrc%5Etfw\">September 25, 2023<\/a><\/p><\/blockquote>\n<p><script async src=\"https:\/\/platform.twitter.com\/widgets.js\" charset=\"utf-8\"><\/script><\/p>\n<p>&nbsp;<\/p>\n<p style=\"text-align: center;\">*****<\/p>\n<div class=\"wp-block-image\">\n<figure class=\"alignleft\"><img loading=\"lazy\" decoding=\"async\" class=\"wp-image-2800\" src=\"https:\/\/charleroi-pourlapalestine.be\/wp-content\/uploads\/2020\/01\/Ali-Abunimah-Copy-150x150.jpg\" sizes=\"auto, (max-width: 150px) 100vw, 150px\" srcset=\"https:\/\/charleroi-pourlapalestine.be\/wp-content\/uploads\/2020\/01\/Ali-Abunimah-Copy-150x150.jpg 150w, https:\/\/charleroi-pourlapalestine.be\/wp-content\/uploads\/2020\/01\/Ali-Abunimah-Copy-160x160.jpg 160w\" alt=\"\" width=\"150\" height=\"150\"><\/figure>\n<\/div>\n<p><strong>Ali Abunimah,<\/strong> cofondateur et directeur ex\u00e9cutif de <a href=\"https:\/\/electronicintifada.net\/blogs\/ali-abunimah\/israel-arrests-bds-coordinator-night-raid\" target=\"_blank\" rel=\"noopener noreferrer\"><em>The Electronic Intifada<\/em><\/a>, est l\u2019auteur de <em>The Battle for Justice in Palestine<\/em>, paru chez Haymarket Books.<\/p>\n<div class=\"pf-content\">\n<p>Il a aussi \u00e9crit : <em>One Country : A Bold Proposal to end the Israeli-Palestinian Impasse<\/em><\/p>\n<p>&nbsp;&nbsp;&nbsp;&nbsp;&nbsp;&nbsp;&nbsp;&nbsp;&nbsp;&nbsp;&nbsp;&nbsp;&nbsp; *****<\/p>\n<p>Publi\u00e9 le 24 septembre 2023 sur <a href=\"https:\/\/electronicintifada.net\/blogs\/ali-abunimah\/canada-hails-nazi-ss-veteran-ukraine-hero\" target=\"_blank\" rel=\"noopener\"><strong>The Electronic<\/strong> <strong>Intifada<\/strong><\/a><br \/>\nTraduction : Jean-Marie Fl\u00e9mal, <strong><a href=\"http:\/\/www.pourlapalestine.be\/\">Charleroi pour la Palestine<\/a><\/strong><\/p>\n<p style=\"text-align: center;\">*****<\/p>\n<p>NDLR : Afin de pouvoir lire les \u201ctweets\u201d et vid\u00e9os repris dans l\u2019article, ouvrez un compte Twitter (X).<\/p>\n<\/div>\n<p>&nbsp;<\/p>\n<p>&nbsp;<\/p>\n","protected":false},"excerpt":{"rendered":"<p>Dans le contexte d\u2019une mauvaise fois aussi outranci\u00e8re, les universitaires et activistes palestiniens qui ont consciencieusement sign\u00e9 une lettre ouverte condamnant les commentaires d\u2019Abbas devraient r\u00e9fl\u00e9chir sur la futilit\u00e9 \u2013 au mieux \u2013 de leur geste.<\/p>\n","protected":false},"author":1,"featured_media":0,"comment_status":"closed","ping_status":"closed","sticky":false,"template":"","format":"standard","meta":{"ngg_post_thumbnail":0,"footnotes":""},"categories":[328,160,24,104,459],"tags":[],"class_list":["post-60191","post","type-post","status-publish","format-standard","hentry","category-antisemitisme-2","category-antisemitisme","category-lautorite-palestinienne","category-canada","category-ukraine"],"yoast_head":"<!-- This site is optimized with the Yoast SEO plugin v27.3 - https:\/\/yoast.com\/product\/yoast-seo-wordpress\/ -->\n<title>Le Canada salue en \u00ab h\u00e9ros \u00bb un v\u00e9t\u00e9ran nazi de la SS - Charleroi Pour la Palestine<\/title>\n<meta name=\"description\" content=\"Volodymyr Zelensky, \u00e9tait re\u00e7u comme un h\u00e9ros \u00e0 Ottawa au Canada, o\u00f9 il a adress\u00e9 un discours au parlement. Le pr\u00e9sident de la Chambre canadienne des Communes, a rendu hommage \u00e0 un autre homme originaire d\u2019Ukraine : Yaroslav Hunka, un v\u00e9t\u00e9ran de la 14e Division de Grenadiers de la Waffen-SS.\" \/>\n<meta name=\"robots\" content=\"index, follow, max-snippet:-1, max-image-preview:large, max-video-preview:-1\" \/>\n<link rel=\"canonical\" href=\"https:\/\/charleroi-pourlapalestine.be\/index.php\/2023\/09\/25\/le-canada-salue-en-heros-un-veteran-nazi-de-la-ss\/\" \/>\n<script type=\"application\/ld+json\" class=\"yoast-schema-graph\">{\"@context\":\"https:\\\/\\\/schema.org\",\"@graph\":[{\"@type\":\"Article\",\"@id\":\"https:\\\/\\\/charleroi-pourlapalestine.be\\\/index.php\\\/2023\\\/09\\\/25\\\/le-canada-salue-en-heros-un-veteran-nazi-de-la-ss\\\/#article\",\"isPartOf\":{\"@id\":\"https:\\\/\\\/charleroi-pourlapalestine.be\\\/index.php\\\/2023\\\/09\\\/25\\\/le-canada-salue-en-heros-un-veteran-nazi-de-la-ss\\\/\"},\"author\":{\"name\":\"admin1873\",\"@id\":\"https:\\\/\\\/charleroi-pourlapalestine.be\\\/#\\\/schema\\\/person\\\/c19ff515112f1299d8c12671d8fe3faa\"},\"headline\":\"Le Canada salue en \u00ab h\u00e9ros \u00bb un v\u00e9t\u00e9ran nazi de la SS\",\"datePublished\":\"2023-09-25T17:23:02+00:00\",\"dateModified\":\"2023-09-25T17:23:12+00:00\",\"mainEntityOfPage\":{\"@id\":\"https:\\\/\\\/charleroi-pourlapalestine.be\\\/index.php\\\/2023\\\/09\\\/25\\\/le-canada-salue-en-heros-un-veteran-nazi-de-la-ss\\\/\"},\"wordCount\":3223,\"publisher\":{\"@id\":\"https:\\\/\\\/charleroi-pourlapalestine.be\\\/#organization\"},\"image\":{\"@id\":\"https:\\\/\\\/charleroi-pourlapalestine.be\\\/index.php\\\/2023\\\/09\\\/25\\\/le-canada-salue-en-heros-un-veteran-nazi-de-la-ss\\\/#primaryimage\"},\"thumbnailUrl\":\"https:\\\/\\\/charleroi-pourlapalestine.be\\\/wp-content\\\/uploads\\\/2023\\\/09\\\/Le-president-ukrainien-Volodomyr-Zelensky-le-Premier-ministre-canadien-Justin-Trudeau-et-dautres-representants-au-parlement-canadien-le-22-septembre.png\",\"articleSection\":[\"Antis\u00e9mitisme\",\"Antis\u00e9mitisme comme chantage\",\"Autorit\u00e9 palestinienne\",\"Canada\",\"Ukraine\"],\"inLanguage\":\"fr-FR\"},{\"@type\":\"WebPage\",\"@id\":\"https:\\\/\\\/charleroi-pourlapalestine.be\\\/index.php\\\/2023\\\/09\\\/25\\\/le-canada-salue-en-heros-un-veteran-nazi-de-la-ss\\\/\",\"url\":\"https:\\\/\\\/charleroi-pourlapalestine.be\\\/index.php\\\/2023\\\/09\\\/25\\\/le-canada-salue-en-heros-un-veteran-nazi-de-la-ss\\\/\",\"name\":\"Le Canada salue en \u00ab h\u00e9ros \u00bb un v\u00e9t\u00e9ran nazi de la SS - Charleroi Pour la Palestine\",\"isPartOf\":{\"@id\":\"https:\\\/\\\/charleroi-pourlapalestine.be\\\/#website\"},\"primaryImageOfPage\":{\"@id\":\"https:\\\/\\\/charleroi-pourlapalestine.be\\\/index.php\\\/2023\\\/09\\\/25\\\/le-canada-salue-en-heros-un-veteran-nazi-de-la-ss\\\/#primaryimage\"},\"image\":{\"@id\":\"https:\\\/\\\/charleroi-pourlapalestine.be\\\/index.php\\\/2023\\\/09\\\/25\\\/le-canada-salue-en-heros-un-veteran-nazi-de-la-ss\\\/#primaryimage\"},\"thumbnailUrl\":\"https:\\\/\\\/charleroi-pourlapalestine.be\\\/wp-content\\\/uploads\\\/2023\\\/09\\\/Le-president-ukrainien-Volodomyr-Zelensky-le-Premier-ministre-canadien-Justin-Trudeau-et-dautres-representants-au-parlement-canadien-le-22-septembre.png\",\"datePublished\":\"2023-09-25T17:23:02+00:00\",\"dateModified\":\"2023-09-25T17:23:12+00:00\",\"description\":\"Volodymyr Zelensky, \u00e9tait re\u00e7u comme un h\u00e9ros \u00e0 Ottawa au Canada, o\u00f9 il a adress\u00e9 un discours au parlement. Le pr\u00e9sident de la Chambre canadienne des Communes, a rendu hommage \u00e0 un autre homme originaire d\u2019Ukraine : Yaroslav Hunka, un v\u00e9t\u00e9ran de la 14e Division de Grenadiers de la Waffen-SS.\",\"breadcrumb\":{\"@id\":\"https:\\\/\\\/charleroi-pourlapalestine.be\\\/index.php\\\/2023\\\/09\\\/25\\\/le-canada-salue-en-heros-un-veteran-nazi-de-la-ss\\\/#breadcrumb\"},\"inLanguage\":\"fr-FR\",\"potentialAction\":[{\"@type\":\"ReadAction\",\"target\":[\"https:\\\/\\\/charleroi-pourlapalestine.be\\\/index.php\\\/2023\\\/09\\\/25\\\/le-canada-salue-en-heros-un-veteran-nazi-de-la-ss\\\/\"]}]},{\"@type\":\"ImageObject\",\"inLanguage\":\"fr-FR\",\"@id\":\"https:\\\/\\\/charleroi-pourlapalestine.be\\\/index.php\\\/2023\\\/09\\\/25\\\/le-canada-salue-en-heros-un-veteran-nazi-de-la-ss\\\/#primaryimage\",\"url\":\"\",\"contentUrl\":\"\"},{\"@type\":\"BreadcrumbList\",\"@id\":\"https:\\\/\\\/charleroi-pourlapalestine.be\\\/index.php\\\/2023\\\/09\\\/25\\\/le-canada-salue-en-heros-un-veteran-nazi-de-la-ss\\\/#breadcrumb\",\"itemListElement\":[{\"@type\":\"ListItem\",\"position\":1,\"name\":\"Accueil\",\"item\":\"https:\\\/\\\/charleroi-pourlapalestine.be\\\/\"},{\"@type\":\"ListItem\",\"position\":2,\"name\":\"Le Canada salue en \u00ab h\u00e9ros \u00bb un v\u00e9t\u00e9ran nazi de la SS\"}]},{\"@type\":\"WebSite\",\"@id\":\"https:\\\/\\\/charleroi-pourlapalestine.be\\\/#website\",\"url\":\"https:\\\/\\\/charleroi-pourlapalestine.be\\\/\",\"name\":\"Charleroi Pour la Palestine\",\"description\":\"\",\"publisher\":{\"@id\":\"https:\\\/\\\/charleroi-pourlapalestine.be\\\/#organization\"},\"potentialAction\":[{\"@type\":\"SearchAction\",\"target\":{\"@type\":\"EntryPoint\",\"urlTemplate\":\"https:\\\/\\\/charleroi-pourlapalestine.be\\\/?s={search_term_string}\"},\"query-input\":{\"@type\":\"PropertyValueSpecification\",\"valueRequired\":true,\"valueName\":\"search_term_string\"}}],\"inLanguage\":\"fr-FR\"},{\"@type\":\"Organization\",\"@id\":\"https:\\\/\\\/charleroi-pourlapalestine.be\\\/#organization\",\"name\":\"Plate-forme Charleroi-Palestine\",\"url\":\"https:\\\/\\\/charleroi-pourlapalestine.be\\\/\",\"logo\":{\"@type\":\"ImageObject\",\"inLanguage\":\"fr-FR\",\"@id\":\"https:\\\/\\\/charleroi-pourlapalestine.be\\\/#\\\/schema\\\/logo\\\/image\\\/\",\"url\":\"https:\\\/\\\/charleroi-pourlapalestine.be\\\/wp-content\\\/uploads\\\/2020\\\/01\\\/logo-Copy.jpg\",\"contentUrl\":\"https:\\\/\\\/charleroi-pourlapalestine.be\\\/wp-content\\\/uploads\\\/2020\\\/01\\\/logo-Copy.jpg\",\"width\":180,\"height\":180,\"caption\":\"Plate-forme Charleroi-Palestine\"},\"image\":{\"@id\":\"https:\\\/\\\/charleroi-pourlapalestine.be\\\/#\\\/schema\\\/logo\\\/image\\\/\"},\"sameAs\":[\"https:\\\/\\\/www.facebook.com\\\/PlateformeCharleroiPalestine\\\/\",\"https:\\\/\\\/x.com\\\/LaCharleroi\"]},{\"@type\":\"Person\",\"@id\":\"https:\\\/\\\/charleroi-pourlapalestine.be\\\/#\\\/schema\\\/person\\\/c19ff515112f1299d8c12671d8fe3faa\",\"name\":\"admin1873\",\"url\":\"https:\\\/\\\/charleroi-pourlapalestine.be\\\/index.php\\\/author\\\/admin1873\\\/\"}]}<\/script>\n<!-- \/ Yoast SEO plugin. -->","yoast_head_json":{"title":"Le Canada salue en \u00ab h\u00e9ros \u00bb un v\u00e9t\u00e9ran nazi de la SS - Charleroi Pour la Palestine","description":"Volodymyr Zelensky, \u00e9tait re\u00e7u comme un h\u00e9ros \u00e0 Ottawa au Canada, o\u00f9 il a adress\u00e9 un discours au parlement. Le pr\u00e9sident de la Chambre canadienne des Communes, a rendu hommage \u00e0 un autre homme originaire d\u2019Ukraine : Yaroslav Hunka, un v\u00e9t\u00e9ran de la 14e Division de Grenadiers de la Waffen-SS.","robots":{"index":"index","follow":"follow","max-snippet":"max-snippet:-1","max-image-preview":"max-image-preview:large","max-video-preview":"max-video-preview:-1"},"canonical":"https:\/\/charleroi-pourlapalestine.be\/index.php\/2023\/09\/25\/le-canada-salue-en-heros-un-veteran-nazi-de-la-ss\/","schema":{"@context":"https:\/\/schema.org","@graph":[{"@type":"Article","@id":"https:\/\/charleroi-pourlapalestine.be\/index.php\/2023\/09\/25\/le-canada-salue-en-heros-un-veteran-nazi-de-la-ss\/#article","isPartOf":{"@id":"https:\/\/charleroi-pourlapalestine.be\/index.php\/2023\/09\/25\/le-canada-salue-en-heros-un-veteran-nazi-de-la-ss\/"},"author":{"name":"admin1873","@id":"https:\/\/charleroi-pourlapalestine.be\/#\/schema\/person\/c19ff515112f1299d8c12671d8fe3faa"},"headline":"Le Canada salue en \u00ab h\u00e9ros \u00bb un v\u00e9t\u00e9ran nazi de la SS","datePublished":"2023-09-25T17:23:02+00:00","dateModified":"2023-09-25T17:23:12+00:00","mainEntityOfPage":{"@id":"https:\/\/charleroi-pourlapalestine.be\/index.php\/2023\/09\/25\/le-canada-salue-en-heros-un-veteran-nazi-de-la-ss\/"},"wordCount":3223,"publisher":{"@id":"https:\/\/charleroi-pourlapalestine.be\/#organization"},"image":{"@id":"https:\/\/charleroi-pourlapalestine.be\/index.php\/2023\/09\/25\/le-canada-salue-en-heros-un-veteran-nazi-de-la-ss\/#primaryimage"},"thumbnailUrl":"https:\/\/charleroi-pourlapalestine.be\/wp-content\/uploads\/2023\/09\/Le-president-ukrainien-Volodomyr-Zelensky-le-Premier-ministre-canadien-Justin-Trudeau-et-dautres-representants-au-parlement-canadien-le-22-septembre.png","articleSection":["Antis\u00e9mitisme","Antis\u00e9mitisme comme chantage","Autorit\u00e9 palestinienne","Canada","Ukraine"],"inLanguage":"fr-FR"},{"@type":"WebPage","@id":"https:\/\/charleroi-pourlapalestine.be\/index.php\/2023\/09\/25\/le-canada-salue-en-heros-un-veteran-nazi-de-la-ss\/","url":"https:\/\/charleroi-pourlapalestine.be\/index.php\/2023\/09\/25\/le-canada-salue-en-heros-un-veteran-nazi-de-la-ss\/","name":"Le Canada salue en \u00ab h\u00e9ros \u00bb un v\u00e9t\u00e9ran nazi de la SS - Charleroi Pour la Palestine","isPartOf":{"@id":"https:\/\/charleroi-pourlapalestine.be\/#website"},"primaryImageOfPage":{"@id":"https:\/\/charleroi-pourlapalestine.be\/index.php\/2023\/09\/25\/le-canada-salue-en-heros-un-veteran-nazi-de-la-ss\/#primaryimage"},"image":{"@id":"https:\/\/charleroi-pourlapalestine.be\/index.php\/2023\/09\/25\/le-canada-salue-en-heros-un-veteran-nazi-de-la-ss\/#primaryimage"},"thumbnailUrl":"https:\/\/charleroi-pourlapalestine.be\/wp-content\/uploads\/2023\/09\/Le-president-ukrainien-Volodomyr-Zelensky-le-Premier-ministre-canadien-Justin-Trudeau-et-dautres-representants-au-parlement-canadien-le-22-septembre.png","datePublished":"2023-09-25T17:23:02+00:00","dateModified":"2023-09-25T17:23:12+00:00","description":"Volodymyr Zelensky, \u00e9tait re\u00e7u comme un h\u00e9ros \u00e0 Ottawa au Canada, o\u00f9 il a adress\u00e9 un discours au parlement. Le pr\u00e9sident de la Chambre canadienne des Communes, a rendu hommage \u00e0 un autre homme originaire d\u2019Ukraine : Yaroslav Hunka, un v\u00e9t\u00e9ran de la 14e Division de Grenadiers de la Waffen-SS.","breadcrumb":{"@id":"https:\/\/charleroi-pourlapalestine.be\/index.php\/2023\/09\/25\/le-canada-salue-en-heros-un-veteran-nazi-de-la-ss\/#breadcrumb"},"inLanguage":"fr-FR","potentialAction":[{"@type":"ReadAction","target":["https:\/\/charleroi-pourlapalestine.be\/index.php\/2023\/09\/25\/le-canada-salue-en-heros-un-veteran-nazi-de-la-ss\/"]}]},{"@type":"ImageObject","inLanguage":"fr-FR","@id":"https:\/\/charleroi-pourlapalestine.be\/index.php\/2023\/09\/25\/le-canada-salue-en-heros-un-veteran-nazi-de-la-ss\/#primaryimage","url":"","contentUrl":""},{"@type":"BreadcrumbList","@id":"https:\/\/charleroi-pourlapalestine.be\/index.php\/2023\/09\/25\/le-canada-salue-en-heros-un-veteran-nazi-de-la-ss\/#breadcrumb","itemListElement":[{"@type":"ListItem","position":1,"name":"Accueil","item":"https:\/\/charleroi-pourlapalestine.be\/"},{"@type":"ListItem","position":2,"name":"Le Canada salue en \u00ab h\u00e9ros \u00bb un v\u00e9t\u00e9ran nazi de la SS"}]},{"@type":"WebSite","@id":"https:\/\/charleroi-pourlapalestine.be\/#website","url":"https:\/\/charleroi-pourlapalestine.be\/","name":"Charleroi Pour la Palestine","description":"","publisher":{"@id":"https:\/\/charleroi-pourlapalestine.be\/#organization"},"potentialAction":[{"@type":"SearchAction","target":{"@type":"EntryPoint","urlTemplate":"https:\/\/charleroi-pourlapalestine.be\/?s={search_term_string}"},"query-input":{"@type":"PropertyValueSpecification","valueRequired":true,"valueName":"search_term_string"}}],"inLanguage":"fr-FR"},{"@type":"Organization","@id":"https:\/\/charleroi-pourlapalestine.be\/#organization","name":"Plate-forme Charleroi-Palestine","url":"https:\/\/charleroi-pourlapalestine.be\/","logo":{"@type":"ImageObject","inLanguage":"fr-FR","@id":"https:\/\/charleroi-pourlapalestine.be\/#\/schema\/logo\/image\/","url":"https:\/\/charleroi-pourlapalestine.be\/wp-content\/uploads\/2020\/01\/logo-Copy.jpg","contentUrl":"https:\/\/charleroi-pourlapalestine.be\/wp-content\/uploads\/2020\/01\/logo-Copy.jpg","width":180,"height":180,"caption":"Plate-forme Charleroi-Palestine"},"image":{"@id":"https:\/\/charleroi-pourlapalestine.be\/#\/schema\/logo\/image\/"},"sameAs":["https:\/\/www.facebook.com\/PlateformeCharleroiPalestine\/","https:\/\/x.com\/LaCharleroi"]},{"@type":"Person","@id":"https:\/\/charleroi-pourlapalestine.be\/#\/schema\/person\/c19ff515112f1299d8c12671d8fe3faa","name":"admin1873","url":"https:\/\/charleroi-pourlapalestine.be\/index.php\/author\/admin1873\/"}]}},"_links":{"self":[{"href":"https:\/\/charleroi-pourlapalestine.be\/index.php\/wp-json\/wp\/v2\/posts\/60191","targetHints":{"allow":["GET"]}}],"collection":[{"href":"https:\/\/charleroi-pourlapalestine.be\/index.php\/wp-json\/wp\/v2\/posts"}],"about":[{"href":"https:\/\/charleroi-pourlapalestine.be\/index.php\/wp-json\/wp\/v2\/types\/post"}],"author":[{"embeddable":true,"href":"https:\/\/charleroi-pourlapalestine.be\/index.php\/wp-json\/wp\/v2\/users\/1"}],"replies":[{"embeddable":true,"href":"https:\/\/charleroi-pourlapalestine.be\/index.php\/wp-json\/wp\/v2\/comments?post=60191"}],"version-history":[{"count":0,"href":"https:\/\/charleroi-pourlapalestine.be\/index.php\/wp-json\/wp\/v2\/posts\/60191\/revisions"}],"wp:attachment":[{"href":"https:\/\/charleroi-pourlapalestine.be\/index.php\/wp-json\/wp\/v2\/media?parent=60191"}],"wp:term":[{"taxonomy":"category","embeddable":true,"href":"https:\/\/charleroi-pourlapalestine.be\/index.php\/wp-json\/wp\/v2\/categories?post=60191"},{"taxonomy":"post_tag","embeddable":true,"href":"https:\/\/charleroi-pourlapalestine.be\/index.php\/wp-json\/wp\/v2\/tags?post=60191"}],"curies":[{"name":"wp","href":"https:\/\/api.w.org\/{rel}","templated":true}]}}